{"id":1122996,"date":"2022-11-01T09:54:00","date_gmt":"2022-11-01T12:54:00","guid":{"rendered":"https:\/\/www.estrategiaconcursos.com.br\/blog\/?p=1122996"},"modified":"2022-11-10T09:59:26","modified_gmt":"2022-11-10T12:59:26","slug":"concurso-mp-ap-veja-detalhes-do-ultimo-edital","status":"publish","type":"post","link":"https:\/\/www.estrategiaconcursos.com.br\/blog\/concurso-mp-ap-veja-detalhes-do-ultimo-edital\/","title":{"rendered":"Concurso MP AP: veja detalhes do \u00faltimo edital"},"content":{"rendered":"\n<p>O \u00faltimo concurso MP AP aconteceu no ano de 2012. O certame foi organizado pela Funda\u00e7\u00e3o Carlos Chagas &#8211; FCC, e ofertou 30 vagas para Analista e 10 vagas para T\u00e9cnico Ministerial. <\/p>\n\n\n\n<p>As vagas foram divididas entre as carreiras de t\u00e9cnico e analista. Veja maiores detalhes nos t\u00f3picos abaixo:<\/p>\n\n\n\n<h2 class=\"wp-block-heading\" id=\"cargo-mp-ap\">Concurso MP AP: Cargos, Vagas e Sal\u00e1rios da \u00faltima edi\u00e7\u00e3o<\/h2>\n\n\n\n<h3 class=\"wp-block-heading\" id=\"cargo-mp-ap\">MP AP &#8211; T\u00e9cnico Ministerial<\/h3>\n\n\n\n<figure class=\"wp-block-table is-style-stripes\"><table class=\"has-background\" style=\"background-color:#fcf0ef\"><tbody><tr><td class=\"has-text-align-center\" data-align=\"center\"><strong>CARGOS<\/strong><\/td><td class=\"has-text-align-center\" data-align=\"center\"><strong> VAGAS<\/strong><\/td><td class=\"has-text-align-center\" data-align=\"center\"><strong>ESCOLARIDADE<\/strong><\/td><td class=\"has-text-align-center\" data-align=\"center\"><strong>REMUNERA\u00c7\u00c3O<\/strong><\/td><\/tr><tr><td class=\"has-text-align-center\" data-align=\"center\"> Inform\u00e1tica <\/td><td class=\"has-text-align-center\" data-align=\"center\">2 + CR<\/td><td class=\"has-text-align-center\" data-align=\"center\">N\u00edvel M\u00e9dio <\/td><td class=\"has-text-align-center\" data-align=\"center\"> R$ 3.404,09 <\/td><\/tr><tr><td class=\"has-text-align-center\" data-align=\"center\"> Motorista <\/td><td class=\"has-text-align-center\" data-align=\"center\">05 + CR<\/td><td class=\"has-text-align-center\" data-align=\"center\"> N\u00edvel M\u00e9dio  <\/td><td class=\"has-text-align-center\" data-align=\"center\"> R$ 3.404,09 <\/td><\/tr><tr><td class=\"has-text-align-center\" data-align=\"center\"> Auxiliar Administrativo <\/td><td class=\"has-text-align-center\" data-align=\"center\">03 + CR<\/td><td class=\"has-text-align-center\" data-align=\"center\"> N\u00edvel M\u00e9dio  <\/td><td class=\"has-text-align-center\" data-align=\"center\"> R$ 3.404,09 <\/td><\/tr><\/tbody><\/table><figcaption><strong>CARGOS, VAGAS E SAL\u00c1RIOS DO \u00daLTIMO CONCURSO<\/strong> <strong>MP AP<\/strong><\/figcaption><\/figure>\n\n\n\n<h3 class=\"wp-block-heading\" id=\"concurso-mp-ap-analista-ministerial\">Concurso MP AP &#8211; Analista Ministerial <\/h3>\n\n\n\n<figure class=\"wp-block-table is-style-stripes\"><table class=\"has-background\" style=\"background-color:#e9fbe5\"><tbody><tr><td class=\"has-text-align-center\" data-align=\"center\">CARGOS<\/td><td class=\"has-text-align-center\" data-align=\"center\">VAGAS<\/td><td class=\"has-text-align-center\" data-align=\"center\">ESCOLARIDADE<\/td><td class=\"has-text-align-center\" data-align=\"center\">REMUNERA\u00c7\u00c3O<\/td><\/tr><tr><td class=\"has-text-align-center\" data-align=\"center\"> Administra\u00e7\u00e3o <\/td><td class=\"has-text-align-center\" data-align=\"center\">02 + CR<\/td><td class=\"has-text-align-center\" data-align=\"center\">N\u00edvel Superior<\/td><td class=\"has-text-align-center\" data-align=\"center\"> R$ 4.633,38 <\/td><\/tr><tr><td class=\"has-text-align-center\" data-align=\"center\"> Arquitetura <\/td><td class=\"has-text-align-center\" data-align=\"center\">03 + CR<\/td><td class=\"has-text-align-center\" data-align=\"center\"> N\u00edvel Superior <\/td><td class=\"has-text-align-center\" data-align=\"center\"> R$ 4.633,38 <\/td><\/tr><tr><td class=\"has-text-align-center\" data-align=\"center\"> Biblioteconomia <\/td><td class=\"has-text-align-center\" data-align=\"center\">01 + CR<\/td><td class=\"has-text-align-center\" data-align=\"center\"> N\u00edvel Superior <\/td><td class=\"has-text-align-center\" data-align=\"center\"> R$ 4.633,38 <\/td><\/tr><tr><td class=\"has-text-align-center\" data-align=\"center\"> Ci\u00eancias Cont\u00e1beis <\/td><td class=\"has-text-align-center\" data-align=\"center\">05 + CR<\/td><td class=\"has-text-align-center\" data-align=\"center\"> N\u00edvel Superior <\/td><td class=\"has-text-align-center\" data-align=\"center\"> R$ 4.633,38 <\/td><\/tr><tr><td class=\"has-text-align-center\" data-align=\"center\"> Direito <\/td><td class=\"has-text-align-center\" data-align=\"center\">02 + CR<\/td><td class=\"has-text-align-center\" data-align=\"center\"> N\u00edvel Superior <\/td><td class=\"has-text-align-center\" data-align=\"center\"> R$ 4.633,38 <\/td><\/tr><tr><td class=\"has-text-align-center\" data-align=\"center\"> Economia <\/td><td class=\"has-text-align-center\" data-align=\"center\">02 + CR<\/td><td class=\"has-text-align-center\" data-align=\"center\"> N\u00edvel Superior <\/td><td class=\"has-text-align-center\" data-align=\"center\"> R$ 4.633,38 <\/td><\/tr><tr><td class=\"has-text-align-center\" data-align=\"center\"> Engenharia Civil  <\/td><td class=\"has-text-align-center\" data-align=\"center\">03 + CR<\/td><td class=\"has-text-align-center\" data-align=\"center\"> N\u00edvel Superior <\/td><td class=\"has-text-align-center\" data-align=\"center\"> R$ 4.633,38 <\/td><\/tr><tr><td class=\"has-text-align-center\" data-align=\"center\"> Psicologia <\/td><td class=\"has-text-align-center\" data-align=\"center\">05 + CR<\/td><td class=\"has-text-align-center\" data-align=\"center\"> N\u00edvel Superior <\/td><td class=\"has-text-align-center\" data-align=\"center\"> R$ 4.633,38 <\/td><\/tr><tr><td class=\"has-text-align-center\" data-align=\"center\"> Servi\u00e7o Social  <\/td><td class=\"has-text-align-center\" data-align=\"center\">05 + CR<\/td><td class=\"has-text-align-center\" data-align=\"center\"> N\u00edvel Superior <\/td><td class=\"has-text-align-center\" data-align=\"center\"> R$ 4.633,38 <\/td><\/tr><tr><td class=\"has-text-align-center\" data-align=\"center\"> Tecnologia da Informa\u00e7\u00e3o <\/td><td class=\"has-text-align-center\" data-align=\"center\">02 + CR<\/td><td class=\"has-text-align-center\" data-align=\"center\"> N\u00edvel Superior <\/td><td class=\"has-text-align-center\" data-align=\"center\"> R$ 4.633,38 <\/td><\/tr><\/tbody><\/table><figcaption><strong>CARGOS, VAGAS E SAL\u00c1RIOS DO \u00daLTIMO CONCURSO<\/strong> <strong>MP AP<\/strong><\/figcaption><\/figure>\n\n\n\n<h3 class=\"wp-block-heading\" id=\"prova-mp-ap\">Etapas de provas do \u00faltimo concurso MP AP<\/h3>\n\n\n\n<h4 class=\"has-text-align-left wp-block-heading\" id=\"analista\">Analista Ministerial <\/h4>\n\n\n\n<p><strong>Concurso MP AP: Prova objetiva &#8211; Eliminat\u00f3ria e classificat\u00f3ria<\/strong><\/p>\n\n\n\n<ul class=\"wp-block-list\"><li>Conhecimentos Gerais: 20 quest\u00f5es (Peso 1,0)  &#8211; L\u00edngua Portuguesa e Legisla\u00e7\u00e3o Aplicada ao MP AP<\/li><li>Conhecimentos Espec\u00edficos: 40 quest\u00f5es (Peso 3,0) <\/li><\/ul>\n\n\n\n<h4 class=\"wp-block-heading\" id=\"t\u00e9cnico\">T\u00e9cnico Ministerial<\/h4>\n\n\n\n<p><strong>Concurso MP AP: Prova Objetiva &#8211;<\/strong> <strong>Eliminat\u00f3ria e classificat\u00f3ria<\/strong> <\/p>\n\n\n\n<ul class=\"wp-block-list\"><li>Conhecimentos Gerais: 20 quest\u00f5es (Peso 1,0) L\u00edngua Portuguesa, Matem\u00e1tica e Racioc\u00ednio l\u00f3gico<\/li><li>Conhecimentos Espec\u00edficos: 30 quest\u00f5es (Peso 2,0) <\/li><\/ul>\n\n\n\n<h4 class=\"wp-block-heading\" id=\"dire\u00e7\u00e3o\">Prova Pr\u00e1tica de Dire\u00e7\u00e3o Veicular <\/h4>\n\n\n\n<ul class=\"wp-block-list\"><li>Est\u00e1 etapa foi destinada ao cargo de motorista <\/li><\/ul>\n\n\n\n<h3 class=\"wp-block-heading\" id=\"convocados\">Candidatos convocados <\/h3>\n\n\n\n<figure class=\"wp-block-table is-style-stripes\"><table class=\"has-background has-fixed-layout\" style=\"background-color:#e7f5fe\"><tbody><tr><td class=\"has-text-align-center\" data-align=\"center\"><strong>Cargos<\/strong><\/td><td class=\"has-text-align-center\" data-align=\"center\"><strong>Vagas <\/strong><\/td><td class=\"has-text-align-center\" data-align=\"center\"><strong>Convoca\u00e7\u00f5es <\/strong><\/td><td class=\"has-text-align-center\" data-align=\"center\"><strong>Desist\u00eancias<\/strong>\/ <strong>Exonera\u00e7\u00f5es<\/strong><\/td><\/tr><tr><td class=\"has-text-align-center\" data-align=\"center\">Analista Ministerial \u2013 \u00c1rea Administra\u00e7\u00e3o<\/td><td class=\"has-text-align-center\" data-align=\"center\">02 + CR<\/td><td class=\"has-text-align-center\" data-align=\"center\">3 AC<\/td><td class=\"has-text-align-center\" data-align=\"center\">1 exonera\u00e7\u00e3o<\/td><\/tr><tr><td class=\"has-text-align-center\" data-align=\"center\">Analista Ministerial \u2013 \u00c1rea Arquitetura<\/td><td class=\"has-text-align-center\" data-align=\"center\">03 + CR<\/td><td class=\"has-text-align-center\" data-align=\"center\">02 AC + 01 PcD<\/td><td class=\"has-text-align-center\" data-align=\"center\">0<\/td><\/tr><tr><td class=\"has-text-align-center\" data-align=\"center\">Analista Ministerial \u2013 \u00c1rea Biblioteconomia<\/td><td class=\"has-text-align-center\" data-align=\"center\">01 + CR<\/td><td class=\"has-text-align-center\" data-align=\"center\">03 AC<\/td><td class=\"has-text-align-center\" data-align=\"center\">02 desist\u00eancias<\/td><\/tr><tr><td class=\"has-text-align-center\" data-align=\"center\">Analista Ministerial \u2013 \u00c1rea Ci\u00eancias Cont\u00e1beis<\/td><td class=\"has-text-align-center\" data-align=\"center\">05 + CR<\/td><td class=\"has-text-align-center\" data-align=\"center\">07 AC + 01 PcD<\/td><td class=\"has-text-align-center\" data-align=\"center\">03 desist\u00eancias<\/td><\/tr><tr><td class=\"has-text-align-center\" data-align=\"center\">Analista Ministerial \u2013 \u00c1rea Direito<\/td><td class=\"has-text-align-center\" data-align=\"center\">02 + CR<\/td><td class=\"has-text-align-center\" data-align=\"center\">34 AC + 01 PcD<\/td><td class=\"has-text-align-center\" data-align=\"center\">16 desist\u00eancias<br \/>03 exonera\u00e7\u00f5es<\/td><\/tr><tr><td class=\"has-text-align-center\" data-align=\"center\">Analista Ministerial \u2013 \u00c1rea Economia<\/td><td class=\"has-text-align-center\" data-align=\"center\">02 + CR<\/td><td class=\"has-text-align-center\" data-align=\"center\">03 AC<\/td><td class=\"has-text-align-center\" data-align=\"center\">01 exonera\u00e7\u00e3o<\/td><\/tr><tr><td class=\"has-text-align-center\" data-align=\"center\">Analista Ministerial \u2013 \u00c1rea Engenharia Civil<\/td><td class=\"has-text-align-center\" data-align=\"center\">03 +CR<\/td><td class=\"has-text-align-center\" data-align=\"center\">04 AC<\/td><td class=\"has-text-align-center\" data-align=\"center\">01 desist\u00eancia<\/td><\/tr><tr><td class=\"has-text-align-center\" data-align=\"center\">Analista Ministerial \u2013 \u00c1rea Psicologia<\/td><td class=\"has-text-align-center\" data-align=\"center\">05 + CR<\/td><td class=\"has-text-align-center\" data-align=\"center\">05 AC<\/td><td class=\"has-text-align-center\" data-align=\"center\">0<\/td><\/tr><tr><td class=\"has-text-align-center\" data-align=\"center\">Analista Ministerial \u2013 \u00c1rea Servi\u00e7o Social<\/td><td class=\"has-text-align-center\" data-align=\"center\">05 + CR<\/td><td class=\"has-text-align-center\" data-align=\"center\">08 AC + 01 PcD<\/td><td class=\"has-text-align-center\" data-align=\"center\">02 exonera\u00e7\u00f5es<\/td><\/tr><tr><td class=\"has-text-align-center\" data-align=\"center\">Analista Ministerial \u2013 \u00c1rea Tecnologia da Informa\u00e7\u00e3o<\/td><td class=\"has-text-align-center\" data-align=\"center\">02 + CR<\/td><td class=\"has-text-align-center\" data-align=\"center\">07 AC<\/td><td class=\"has-text-align-center\" data-align=\"center\">01 desist\u00eancia <br \/>01 exonera\u00e7\u00e3o<\/td><\/tr><tr><td class=\"has-text-align-center\" data-align=\"center\">T\u00e9cnico Ministerial \u2013 \u00c1rea Inform\u00e1tica<\/td><td class=\"has-text-align-center\" data-align=\"center\">02 + CR<\/td><td class=\"has-text-align-center\" data-align=\"center\">07 AC<\/td><td class=\"has-text-align-center\" data-align=\"center\">01 desist\u00eancia<br \/>01 exonera\u00e7\u00e3o<\/td><\/tr><tr><td class=\"has-text-align-center\" data-align=\"center\">T\u00e9cnico Ministerial \u2013 \u00c1rea Administrativa<\/td><td class=\"has-text-align-center\" data-align=\"center\">03 + CR<\/td><td class=\"has-text-align-center\" data-align=\"center\">35 AC + 04 PcD<\/td><td class=\"has-text-align-center\" data-align=\"center\">10 desist\u00eancias<br \/>07 exonera\u00e7\u00f5es<\/td><\/tr><tr><td class=\"has-text-align-center\" data-align=\"center\">T\u00e9cnico Ministerial \u2013 \u00c1rea Motorista<\/td><td class=\"has-text-align-center\" data-align=\"center\">05 + CR<\/td><td class=\"has-text-align-center\" data-align=\"center\">08 AC + 01 PcD<\/td><td class=\"has-text-align-center\" data-align=\"center\">01 desist\u00eancia<br \/>01 exonera\u00e7\u00e3o<\/td><\/tr><\/tbody><\/table><figcaption><strong>CONVOCA\u00c7\u00c3O DO \u00daLTIMO CONCURSO<\/strong><\/figcaption><\/figure>\n\n\n\n<h2 class=\"wp-block-heading\" id=\"cursos\">Quer saber tudo sobre concursos previstos?<br \/>Confira nossos artigos!<\/h2>\n\n\n\n<ul class=\"wp-block-list\"><li><a href=\"https:\/\/www.estrategiaconcursos.com.br\/blog\/concursos-abertos\/\">Concursos abertos<\/a><\/li><li><a href=\"https:\/\/www.estrategiaconcursos.com.br\/blog\/concursos-2022\/\">Concursos 2022<\/a><\/li><li><a href=\"https:\/\/www.estrategiaconcursos.com.br\/blog\/concursos-2023\/\" target=\"_blank\" rel=\"noreferrer noopener\">Concursos 2023<\/a><\/li><\/ul>\n\n\n\n<h2 class=\"has-text-align-center wp-block-heading\" id=\"curso\">Cursos para concurso <\/h2>\n\n\n\n<div class=\"container\" id=\"boxes\">\n  <div class=\"row\">\n\n    <div class=\"col-sm\">\n      <div class=\"banner-tribunal\" id=\"box-assinatura\">\n        <h3 class=\"titulo-assinatura\">Cursos para MP-AP<\/h3>\n        <p class=\"subtitulo-assinatura\">Conhe\u00e7a os cursos<\/p>\n        <div class=\"box-botao\">\n          <a class=\"btn-assinatura\" target=\"_blank\" href=\"https:\/\/www.estrategiaconcursos.com.br\/cursosPorConcurso\/ministerio-publico-do-amapa-mp-ap\/\" role=\"button\" rel=\"noopener noreferrer\">Conhe\u00e7a mais<\/a>\n        <\/div>\n      <\/div>\n      <p class=\"texto-auxiliar\">Prepare-se com o melhor material e com quem mais aprova em Concursos P\u00fablicos em todo o pa\u00eds.<\/p>\n    <\/div>\n\n  <\/div>\n<\/div>\n\n\n\n<div class=\"container\" id=\"boxes\">\n  <div class=\"row\">\n\n    <div class=\"col-sm\">\n      <div class=\"estrategia\" id=\"box-assinatura\">\n        <h3 class=\"titulo-assinatura\">Assinatura Concursos<\/h3>\n        <p class=\"subtitulo-assinatura\">Assinatura de 1 ano ou 2 anos<\/p>\n        <div class=\"box-botao\">\n          <a class=\"btn-assinatura\" target=\"_blank\" href=\"https:\/\/www.estrategiaconcursos.com.br\/assinaturas\/\" role=\"button\" rel=\"noopener noreferrer\">ASSINE AGORA<\/a>\n        <\/div>\n      <\/div>\n     \n    <\/div><\/div><\/div>\n","protected":false},"excerpt":{"rendered":"<p>O \u00faltimo concurso MP AP aconteceu no ano de 2012. O certame foi organizado pela Funda\u00e7\u00e3o Carlos Chagas &#8211; FCC, e ofertou 30 vagas para Analista e 10 vagas para T\u00e9cnico Ministerial. As vagas foram divididas entre as carreiras de t\u00e9cnico e analista. Veja maiores detalhes nos t\u00f3picos abaixo: Concurso MP AP: Cargos, Vagas e [&hellip;]<\/p>\n","protected":false},"author":2319,"featured_media":666956,"comment_status":"open","ping_status":"closed","sticky":false,"template":"","format":"standard","meta":{"post_tipo":"article","footnotes":""},"categories":[1984,220737],"tags":[],"tax_estado":[219967],"class_list":["post-1122996","post","type-post","status-publish","format-standard","has-post-thumbnail","hentry","category-tribunais","category-tribunais-tribunais","tax_estado-ap"],"acf":[],"yoast_head":"<!-- This site is optimized with the Yoast SEO Premium plugin v27.2 (Yoast SEO v27.2) - https:\/\/yoast.com\/product\/yoast-seo-premium-wordpress\/ -->\n<title>Concurso MP AP: veja detalhes do \u00faltimo edital<\/title>\n<meta name=\"robots\" content=\"index, follow, max-snippet:-1, max-image-preview:large, max-video-preview:-1\" \/>\n<link rel=\"canonical\" href=\"https:\/\/www.estrategiaconcursos.com.br\/blog\/concurso-mp-ap-veja-detalhes-do-ultimo-edital\/\" \/>\n<meta property=\"og:locale\" content=\"pt_BR\" \/>\n<meta property=\"og:type\" content=\"article\" \/>\n<meta property=\"og:title\" content=\"Concurso MP AP: veja detalhes do \u00faltimo edital\" \/>\n<meta property=\"og:description\" content=\"O \u00faltimo concurso MP AP aconteceu no ano de 2012. O certame foi organizado pela Funda\u00e7\u00e3o Carlos Chagas &#8211; FCC, e ofertou 30 vagas para Analista e 10 vagas para T\u00e9cnico Ministerial. As vagas foram divididas entre as carreiras de t\u00e9cnico e analista. Veja maiores detalhes nos t\u00f3picos abaixo: Concurso MP AP: Cargos, Vagas e [&hellip;]\" \/>\n<meta property=\"og:url\" content=\"https:\/\/www.estrategiaconcursos.com.br\/blog\/concurso-mp-ap-veja-detalhes-do-ultimo-edital\/\" \/>\n<meta property=\"og:site_name\" content=\"Estrat\u00e9gia Concursos\" \/>\n<meta property=\"article:published_time\" content=\"2022-11-01T12:54:00+00:00\" \/>\n<meta property=\"article:modified_time\" content=\"2022-11-10T12:59:26+00:00\" \/>\n<meta property=\"og:image\" content=\"https:\/\/dhg1h5j42swfq.cloudfront.net\/2021\/02\/06105712\/whatsapp-image-2020-03-13-at-11-14-03-1.jpeg\" \/>\n\t<meta property=\"og:image:width\" content=\"400\" \/>\n\t<meta property=\"og:image:height\" content=\"208\" \/>\n\t<meta property=\"og:image:type\" content=\"image\/jpeg\" \/>\n<meta name=\"author\" content=\"Let\u00edcia Teixeira\" \/>\n<meta name=\"twitter:card\" content=\"summary_large_image\" \/>\n<meta name=\"twitter:creator\" content=\"@EstratConcursos\" \/>\n<meta name=\"twitter:site\" content=\"@EstratConcursos\" \/>\n<meta name=\"twitter:label1\" content=\"Escrito por\" \/>\n\t<meta name=\"twitter:data1\" content=\"Let\u00edcia Teixeira\" \/>\n\t<meta name=\"twitter:label2\" content=\"Est. tempo de leitura\" \/>\n\t<meta name=\"twitter:data2\" content=\"2 minutos\" \/>\n<script type=\"application\/ld+json\" class=\"yoast-schema-graph\">{\"@context\":\"https:\/\/schema.org\",\"@graph\":[{\"@type\":\"NewsArticle\",\"@id\":\"https:\/\/www.estrategiaconcursos.com.br\/blog\/concurso-mp-ap-veja-detalhes-do-ultimo-edital\/#article\",\"isPartOf\":{\"@id\":\"https:\/\/www.estrategiaconcursos.com.br\/blog\/concurso-mp-ap-veja-detalhes-do-ultimo-edital\/\"},\"author\":{\"name\":\"Let\u00edcia Teixeira\",\"@id\":\"https:\/\/www.estrategiaconcursos.com.br\/blog\/#\/schema\/person\/9b94727dcf4410f4a7931c83966c843b\"},\"headline\":\"Concurso MP AP: veja detalhes do \u00faltimo edital\",\"datePublished\":\"2022-11-01T12:54:00+00:00\",\"dateModified\":\"2022-11-10T12:59:26+00:00\",\"mainEntityOfPage\":{\"@id\":\"https:\/\/www.estrategiaconcursos.com.br\/blog\/concurso-mp-ap-veja-detalhes-do-ultimo-edital\/\"},\"wordCount\":497,\"commentCount\":0,\"publisher\":{\"@id\":\"https:\/\/www.estrategiaconcursos.com.br\/blog\/#organization\"},\"image\":{\"@id\":\"https:\/\/www.estrategiaconcursos.com.br\/blog\/concurso-mp-ap-veja-detalhes-do-ultimo-edital\/#primaryimage\"},\"thumbnailUrl\":\"https:\/\/dhg1h5j42swfq.cloudfront.net\/2021\/02\/06105712\/whatsapp-image-2020-03-13-at-11-14-03-1.jpeg\",\"articleSection\":[\"Tribunais\",\"Tribunais\"],\"inLanguage\":\"pt-BR\",\"potentialAction\":[{\"@type\":\"CommentAction\",\"name\":\"Comment\",\"target\":[\"https:\/\/www.estrategiaconcursos.com.br\/blog\/concurso-mp-ap-veja-detalhes-do-ultimo-edital\/#respond\"]}],\"copyrightYear\":\"2022\",\"copyrightHolder\":{\"@id\":\"https:\/\/www.estrategiaconcursos.com.br\/blog\/#organization\"}},{\"@type\":\"WebPage\",\"@id\":\"https:\/\/www.estrategiaconcursos.com.br\/blog\/concurso-mp-ap-veja-detalhes-do-ultimo-edital\/\",\"url\":\"https:\/\/www.estrategiaconcursos.com.br\/blog\/concurso-mp-ap-veja-detalhes-do-ultimo-edital\/\",\"name\":\"Concurso MP AP: veja detalhes do \u00faltimo edital\",\"isPartOf\":{\"@id\":\"https:\/\/www.estrategiaconcursos.com.br\/blog\/#website\"},\"primaryImageOfPage\":{\"@id\":\"https:\/\/www.estrategiaconcursos.com.br\/blog\/concurso-mp-ap-veja-detalhes-do-ultimo-edital\/#primaryimage\"},\"image\":{\"@id\":\"https:\/\/www.estrategiaconcursos.com.br\/blog\/concurso-mp-ap-veja-detalhes-do-ultimo-edital\/#primaryimage\"},\"thumbnailUrl\":\"https:\/\/dhg1h5j42swfq.cloudfront.net\/2021\/02\/06105712\/whatsapp-image-2020-03-13-at-11-14-03-1.jpeg\",\"datePublished\":\"2022-11-01T12:54:00+00:00\",\"dateModified\":\"2022-11-10T12:59:26+00:00\",\"breadcrumb\":{\"@id\":\"https:\/\/www.estrategiaconcursos.com.br\/blog\/concurso-mp-ap-veja-detalhes-do-ultimo-edital\/#breadcrumb\"},\"inLanguage\":\"pt-BR\",\"potentialAction\":[{\"@type\":\"ReadAction\",\"target\":[\"https:\/\/www.estrategiaconcursos.com.br\/blog\/concurso-mp-ap-veja-detalhes-do-ultimo-edital\/\"]}]},{\"@type\":\"ImageObject\",\"inLanguage\":\"pt-BR\",\"@id\":\"https:\/\/www.estrategiaconcursos.com.br\/blog\/concurso-mp-ap-veja-detalhes-do-ultimo-edital\/#primaryimage\",\"url\":\"https:\/\/dhg1h5j42swfq.cloudfront.net\/2021\/02\/06105712\/whatsapp-image-2020-03-13-at-11-14-03-1.jpeg\",\"contentUrl\":\"https:\/\/dhg1h5j42swfq.cloudfront.net\/2021\/02\/06105712\/whatsapp-image-2020-03-13-at-11-14-03-1.jpeg\",\"width\":400,\"height\":208,\"caption\":\"MP AP\"},{\"@type\":\"BreadcrumbList\",\"@id\":\"https:\/\/www.estrategiaconcursos.com.br\/blog\/concurso-mp-ap-veja-detalhes-do-ultimo-edital\/#breadcrumb\",\"itemListElement\":[{\"@type\":\"ListItem\",\"position\":1,\"name\":\"In\u00edcio\",\"item\":\"https:\/\/www.estrategiaconcursos.com.br\/blog\/\"},{\"@type\":\"ListItem\",\"position\":2,\"name\":\"Concurso MP AP: veja detalhes do \u00faltimo edital\"}]},{\"@type\":\"WebSite\",\"@id\":\"https:\/\/www.estrategiaconcursos.com.br\/blog\/#website\",\"url\":\"https:\/\/www.estrategiaconcursos.com.br\/blog\/\",\"name\":\"Estrat\u00e9gia Concursos\",\"description\":\"O blog da Estrat\u00e9gia Concursos traz not\u00edcias sobre concursos e artigos de professores oferecendo cursos para concursos (pdf + videaulas) no site.\",\"publisher\":{\"@id\":\"https:\/\/www.estrategiaconcursos.com.br\/blog\/#organization\"},\"potentialAction\":[{\"@type\":\"SearchAction\",\"target\":{\"@type\":\"EntryPoint\",\"urlTemplate\":\"https:\/\/www.estrategiaconcursos.com.br\/blog\/?s={search_term_string}\"},\"query-input\":{\"@type\":\"PropertyValueSpecification\",\"valueRequired\":true,\"valueName\":\"search_term_string\"}}],\"inLanguage\":\"pt-BR\"},{\"@type\":\"Organization\",\"@id\":\"https:\/\/www.estrategiaconcursos.com.br\/blog\/#organization\",\"name\":\"Estrat\u00e9gia Concursos\",\"url\":\"https:\/\/www.estrategiaconcursos.com.br\/blog\/\",\"logo\":{\"@type\":\"ImageObject\",\"inLanguage\":\"pt-BR\",\"@id\":\"https:\/\/www.estrategiaconcursos.com.br\/blog\/#\/schema\/logo\/image\/\",\"url\":\"https:\/\/dhg1h5j42swfq.cloudfront.net\/2025\/06\/03203428\/logo_concursos-1.jpg\",\"contentUrl\":\"https:\/\/dhg1h5j42swfq.cloudfront.net\/2025\/06\/03203428\/logo_concursos-1.jpg\",\"width\":230,\"height\":60,\"caption\":\"Estrat\u00e9gia Concursos\"},\"image\":{\"@id\":\"https:\/\/www.estrategiaconcursos.com.br\/blog\/#\/schema\/logo\/image\/\"},\"sameAs\":[\"https:\/\/x.com\/EstratConcursos\"]},{\"@type\":\"Person\",\"@id\":\"https:\/\/www.estrategiaconcursos.com.br\/blog\/#\/schema\/person\/9b94727dcf4410f4a7931c83966c843b\",\"name\":\"Let\u00edcia Teixeira\",\"image\":{\"@type\":\"ImageObject\",\"inLanguage\":\"pt-BR\",\"@id\":\"https:\/\/secure.gravatar.com\/avatar\/fb589b06b881e20b676d08f9d03226d1e3291ba2f90e751ddc9ccb21abf0244d?s=96&d=mm&r=g\",\"url\":\"https:\/\/secure.gravatar.com\/avatar\/fb589b06b881e20b676d08f9d03226d1e3291ba2f90e751ddc9ccb21abf0244d?s=96&d=mm&r=g\",\"contentUrl\":\"https:\/\/secure.gravatar.com\/avatar\/fb589b06b881e20b676d08f9d03226d1e3291ba2f90e751ddc9ccb21abf0244d?s=96&d=mm&r=g\",\"caption\":\"Let\u00edcia Teixeira\"},\"description\":\"Jornalista com experi\u00eancia de mais de quatro anos no segmento de concursos p\u00fablicos. Especializada em Narrativa Transm\u00eddia e Storytelling pela Universidade Cat\u00f3lica de Bras\u00edlia, com atua\u00e7\u00e3o nas \u00e1reas de SEO, conte\u00fado, Webwriting e Copywriting.\",\"url\":\"https:\/\/www.estrategiaconcursos.com.br\/blog\/author\/leticia-teixeiraestrategia-com\/\"}]}<\/script>\n<!-- \/ Yoast SEO Premium plugin. -->","yoast_head_json":{"title":"Concurso MP AP: veja detalhes do \u00faltimo edital","robots":{"index":"index","follow":"follow","max-snippet":"max-snippet:-1","max-image-preview":"max-image-preview:large","max-video-preview":"max-video-preview:-1"},"canonical":"https:\/\/www.estrategiaconcursos.com.br\/blog\/concurso-mp-ap-veja-detalhes-do-ultimo-edital\/","og_locale":"pt_BR","og_type":"article","og_title":"Concurso MP AP: veja detalhes do \u00faltimo edital","og_description":"O \u00faltimo concurso MP AP aconteceu no ano de 2012. O certame foi organizado pela Funda\u00e7\u00e3o Carlos Chagas &#8211; FCC, e ofertou 30 vagas para Analista e 10 vagas para T\u00e9cnico Ministerial. As vagas foram divididas entre as carreiras de t\u00e9cnico e analista. Veja maiores detalhes nos t\u00f3picos abaixo: Concurso MP AP: Cargos, Vagas e [&hellip;]","og_url":"https:\/\/www.estrategiaconcursos.com.br\/blog\/concurso-mp-ap-veja-detalhes-do-ultimo-edital\/","og_site_name":"Estrat\u00e9gia Concursos","article_published_time":"2022-11-01T12:54:00+00:00","article_modified_time":"2022-11-10T12:59:26+00:00","og_image":[{"width":400,"height":208,"url":"https:\/\/dhg1h5j42swfq.cloudfront.net\/2021\/02\/06105712\/whatsapp-image-2020-03-13-at-11-14-03-1.jpeg","type":"image\/jpeg"}],"author":"Let\u00edcia Teixeira","twitter_card":"summary_large_image","twitter_creator":"@EstratConcursos","twitter_site":"@EstratConcursos","twitter_misc":{"Escrito por":"Let\u00edcia Teixeira","Est. tempo de leitura":"2 minutos"},"schema":{"@context":"https:\/\/schema.org","@graph":[{"@type":"NewsArticle","@id":"https:\/\/www.estrategiaconcursos.com.br\/blog\/concurso-mp-ap-veja-detalhes-do-ultimo-edital\/#article","isPartOf":{"@id":"https:\/\/www.estrategiaconcursos.com.br\/blog\/concurso-mp-ap-veja-detalhes-do-ultimo-edital\/"},"author":{"name":"Let\u00edcia Teixeira","@id":"https:\/\/www.estrategiaconcursos.com.br\/blog\/#\/schema\/person\/9b94727dcf4410f4a7931c83966c843b"},"headline":"Concurso MP AP: veja detalhes do \u00faltimo edital","datePublished":"2022-11-01T12:54:00+00:00","dateModified":"2022-11-10T12:59:26+00:00","mainEntityOfPage":{"@id":"https:\/\/www.estrategiaconcursos.com.br\/blog\/concurso-mp-ap-veja-detalhes-do-ultimo-edital\/"},"wordCount":497,"commentCount":0,"publisher":{"@id":"https:\/\/www.estrategiaconcursos.com.br\/blog\/#organization"},"image":{"@id":"https:\/\/www.estrategiaconcursos.com.br\/blog\/concurso-mp-ap-veja-detalhes-do-ultimo-edital\/#primaryimage"},"thumbnailUrl":"https:\/\/dhg1h5j42swfq.cloudfront.net\/2021\/02\/06105712\/whatsapp-image-2020-03-13-at-11-14-03-1.jpeg","articleSection":["Tribunais","Tribunais"],"inLanguage":"pt-BR","potentialAction":[{"@type":"CommentAction","name":"Comment","target":["https:\/\/www.estrategiaconcursos.com.br\/blog\/concurso-mp-ap-veja-detalhes-do-ultimo-edital\/#respond"]}],"copyrightYear":"2022","copyrightHolder":{"@id":"https:\/\/www.estrategiaconcursos.com.br\/blog\/#organization"}},{"@type":"WebPage","@id":"https:\/\/www.estrategiaconcursos.com.br\/blog\/concurso-mp-ap-veja-detalhes-do-ultimo-edital\/","url":"https:\/\/www.estrategiaconcursos.com.br\/blog\/concurso-mp-ap-veja-detalhes-do-ultimo-edital\/","name":"Concurso MP AP: veja detalhes do \u00faltimo edital","isPartOf":{"@id":"https:\/\/www.estrategiaconcursos.com.br\/blog\/#website"},"primaryImageOfPage":{"@id":"https:\/\/www.estrategiaconcursos.com.br\/blog\/concurso-mp-ap-veja-detalhes-do-ultimo-edital\/#primaryimage"},"image":{"@id":"https:\/\/www.estrategiaconcursos.com.br\/blog\/concurso-mp-ap-veja-detalhes-do-ultimo-edital\/#primaryimage"},"thumbnailUrl":"https:\/\/dhg1h5j42swfq.cloudfront.net\/2021\/02\/06105712\/whatsapp-image-2020-03-13-at-11-14-03-1.jpeg","datePublished":"2022-11-01T12:54:00+00:00","dateModified":"2022-11-10T12:59:26+00:00","breadcrumb":{"@id":"https:\/\/www.estrategiaconcursos.com.br\/blog\/concurso-mp-ap-veja-detalhes-do-ultimo-edital\/#breadcrumb"},"inLanguage":"pt-BR","potentialAction":[{"@type":"ReadAction","target":["https:\/\/www.estrategiaconcursos.com.br\/blog\/concurso-mp-ap-veja-detalhes-do-ultimo-edital\/"]}]},{"@type":"ImageObject","inLanguage":"pt-BR","@id":"https:\/\/www.estrategiaconcursos.com.br\/blog\/concurso-mp-ap-veja-detalhes-do-ultimo-edital\/#primaryimage","url":"https:\/\/dhg1h5j42swfq.cloudfront.net\/2021\/02\/06105712\/whatsapp-image-2020-03-13-at-11-14-03-1.jpeg","contentUrl":"https:\/\/dhg1h5j42swfq.cloudfront.net\/2021\/02\/06105712\/whatsapp-image-2020-03-13-at-11-14-03-1.jpeg","width":400,"height":208,"caption":"MP AP"},{"@type":"BreadcrumbList","@id":"https:\/\/www.estrategiaconcursos.com.br\/blog\/concurso-mp-ap-veja-detalhes-do-ultimo-edital\/#breadcrumb","itemListElement":[{"@type":"ListItem","position":1,"name":"In\u00edcio","item":"https:\/\/www.estrategiaconcursos.com.br\/blog\/"},{"@type":"ListItem","position":2,"name":"Concurso MP AP: veja detalhes do \u00faltimo edital"}]},{"@type":"WebSite","@id":"https:\/\/www.estrategiaconcursos.com.br\/blog\/#website","url":"https:\/\/www.estrategiaconcursos.com.br\/blog\/","name":"Estrat\u00e9gia Concursos","description":"O blog da Estrat\u00e9gia Concursos traz not\u00edcias sobre concursos e artigos de professores oferecendo cursos para concursos (pdf + videaulas) no site.","publisher":{"@id":"https:\/\/www.estrategiaconcursos.com.br\/blog\/#organization"},"potentialAction":[{"@type":"SearchAction","target":{"@type":"EntryPoint","urlTemplate":"https:\/\/www.estrategiaconcursos.com.br\/blog\/?s={search_term_string}"},"query-input":{"@type":"PropertyValueSpecification","valueRequired":true,"valueName":"search_term_string"}}],"inLanguage":"pt-BR"},{"@type":"Organization","@id":"https:\/\/www.estrategiaconcursos.com.br\/blog\/#organization","name":"Estrat\u00e9gia Concursos","url":"https:\/\/www.estrategiaconcursos.com.br\/blog\/","logo":{"@type":"ImageObject","inLanguage":"pt-BR","@id":"https:\/\/www.estrategiaconcursos.com.br\/blog\/#\/schema\/logo\/image\/","url":"https:\/\/dhg1h5j42swfq.cloudfront.net\/2025\/06\/03203428\/logo_concursos-1.jpg","contentUrl":"https:\/\/dhg1h5j42swfq.cloudfront.net\/2025\/06\/03203428\/logo_concursos-1.jpg","width":230,"height":60,"caption":"Estrat\u00e9gia Concursos"},"image":{"@id":"https:\/\/www.estrategiaconcursos.com.br\/blog\/#\/schema\/logo\/image\/"},"sameAs":["https:\/\/x.com\/EstratConcursos"]},{"@type":"Person","@id":"https:\/\/www.estrategiaconcursos.com.br\/blog\/#\/schema\/person\/9b94727dcf4410f4a7931c83966c843b","name":"Let\u00edcia Teixeira","image":{"@type":"ImageObject","inLanguage":"pt-BR","@id":"https:\/\/secure.gravatar.com\/avatar\/fb589b06b881e20b676d08f9d03226d1e3291ba2f90e751ddc9ccb21abf0244d?s=96&d=mm&r=g","url":"https:\/\/secure.gravatar.com\/avatar\/fb589b06b881e20b676d08f9d03226d1e3291ba2f90e751ddc9ccb21abf0244d?s=96&d=mm&r=g","contentUrl":"https:\/\/secure.gravatar.com\/avatar\/fb589b06b881e20b676d08f9d03226d1e3291ba2f90e751ddc9ccb21abf0244d?s=96&d=mm&r=g","caption":"Let\u00edcia Teixeira"},"description":"Jornalista com experi\u00eancia de mais de quatro anos no segmento de concursos p\u00fablicos. Especializada em Narrativa Transm\u00eddia e Storytelling pela Universidade Cat\u00f3lica de Bras\u00edlia, com atua\u00e7\u00e3o nas \u00e1reas de SEO, conte\u00fado, Webwriting e Copywriting.","url":"https:\/\/www.estrategiaconcursos.com.br\/blog\/author\/leticia-teixeiraestrategia-com\/"}]}},"_links":{"self":[{"href":"https:\/\/www.estrategiaconcursos.com.br\/blog\/wp-json\/wp\/v2\/posts\/1122996","targetHints":{"allow":["GET"]}}],"collection":[{"href":"https:\/\/www.estrategiaconcursos.com.br\/blog\/wp-json\/wp\/v2\/posts"}],"about":[{"href":"https:\/\/www.estrategiaconcursos.com.br\/blog\/wp-json\/wp\/v2\/types\/post"}],"author":[{"embeddable":true,"href":"https:\/\/www.estrategiaconcursos.com.br\/blog\/wp-json\/wp\/v2\/users\/2319"}],"replies":[{"embeddable":true,"href":"https:\/\/www.estrategiaconcursos.com.br\/blog\/wp-json\/wp\/v2\/comments?post=1122996"}],"version-history":[{"count":1,"href":"https:\/\/www.estrategiaconcursos.com.br\/blog\/wp-json\/wp\/v2\/posts\/1122996\/revisions"}],"predecessor-version":[{"id":1122998,"href":"https:\/\/www.estrategiaconcursos.com.br\/blog\/wp-json\/wp\/v2\/posts\/1122996\/revisions\/1122998"}],"wp:featuredmedia":[{"embeddable":true,"href":"https:\/\/www.estrategiaconcursos.com.br\/blog\/wp-json\/wp\/v2\/media\/666956"}],"wp:attachment":[{"href":"https:\/\/www.estrategiaconcursos.com.br\/blog\/wp-json\/wp\/v2\/media?parent=1122996"}],"wp:term":[{"taxonomy":"category","embeddable":true,"href":"https:\/\/www.estrategiaconcursos.com.br\/blog\/wp-json\/wp\/v2\/categories?post=1122996"},{"taxonomy":"post_tag","embeddable":true,"href":"https:\/\/www.estrategiaconcursos.com.br\/blog\/wp-json\/wp\/v2\/tags?post=1122996"},{"taxonomy":"tax_estado","embeddable":true,"href":"https:\/\/www.estrategiaconcursos.com.br\/blog\/wp-json\/wp\/v2\/tax_estado?post=1122996"}],"curies":[{"name":"wp","href":"https:\/\/api.w.org\/{rel}","templated":true}]}}