{"id":1122003,"date":"2022-11-10T00:01:02","date_gmt":"2022-11-10T03:01:02","guid":{"rendered":"https:\/\/www.estrategiaconcursos.com.br\/blog\/?p=1122003"},"modified":"2022-11-10T00:06:57","modified_gmt":"2022-11-10T03:06:57","slug":"recurso-trt-ma-16a-regiao-analista-judiciario-atualidades","status":"publish","type":"post","link":"https:\/\/www.estrategiaconcursos.com.br\/blog\/recurso-trt-ma-16a-regiao-analista-judiciario-atualidades\/","title":{"rendered":"Recursos \u2013 TRT-MA \u2013 16\u00aa Regi\u00e3o \u2013 Analista Judici\u00e1rio \u2013 Atualidades"},"content":{"rendered":"\n<p>Ol\u00e1 Pessoal,<br \/>Cabem recursos nas seguintes quest\u00f5es de Atualidades da prova do TRT-MA \u2013 16\u00aa Regi\u00e3o \u2013 Analista Judici\u00e1rio:<br \/><\/p>\n\n\n\n<p><strong><u>Quest\u00e3o:<\/u><\/strong><\/p>\n\n\n\n<p>A Academia Real das Ci\u00eancias da Su\u00e9cia anunciou que Alain Aspect (Universidade de Paris-Saclay e Escola Polit\u00e9cnica, Fran\u00e7a), John F. Clauser (J.F. Clauser &amp; Associados, EUA) e Anton Zeilinger (Universidade de Viena, \u00c1ustria) foram os laureados do Pr\u00eamio Nobel de F\u00edsica de 2022. O trio recebeu o reconhecimento por experimentos envolvendo emaranhamento qu\u00e2ntico, cujos resultados abriram caminho para o desenvolvimento de novas tecnologias na era da informa\u00e7\u00e3o qu\u00e2ntica.<\/p>\n\n\n\n<p>\u201cTornou-se cada vez mais claro que um novo tipo de tecnologia est\u00e1 surgindo. Podemos ver que o trabalho dos laureados com estados emaranhados \u00e9 de grande import\u00e2ncia, mesmo para al\u00e9m das quest\u00f5es fundamentais sobre a interpreta\u00e7\u00e3o da mec\u00e2nica qu\u00e2ntica\u201d anunciou o comit\u00ea do Nobel.<\/p>\n\n\n\n<p>(Adaptado de https:\/\/jornal.unesp.br\/2022\/10\/04)<\/p>\n\n\n\n<p>A mec\u00e2nica qu\u00e2ntica \u00e9 um ramo da f\u00edsica que surgiu por volta de _____ e se dedica a pesquisar o comportamento de part\u00edculas em escalas at\u00f4micas e subat\u00f4micas, como \u00e1tomos, el\u00e9trons e pr\u00f3tons. A lacuna fica corretamente preenchida por<\/p>\n\n\n\n<p>(A) 1800.<\/p>\n\n\n\n<p>(B) 1850.<\/p>\n\n\n\n<p>(C) 1900.<\/p>\n\n\n\n<p>(D) 1950.<\/p>\n\n\n\n<p>(E) 2000.<\/p>\n\n\n\n<p><strong>Gabarito preliminar: D<\/strong><\/p>\n\n\n\n<p><strong><u>Argumentos para o recurso:<\/u><\/strong><\/p>\n\n\n\n<p>Conforme o gabarito preliminar da banca, a mec\u00e2nica qu\u00e2ntica teria surgido por volta de 1950. Contudo, o site que serviu de fonte para essa quest\u00e3o, que foi citado no enunciado (<a href=\"https:\/\/jornal.unesp.br\/2022\/10\/04\">https:\/\/jornal.unesp.br\/2022\/10\/04<\/a>), afirma que a mec\u00e2nica qu\u00e2ntica \u00e9 um ramo da f\u00edsica que surgiu por volta de 1900. Transcrevo a seguir o trecho que traz essa informa\u00e7\u00e3o:<\/p>\n\n\n\n<p><strong>\u201cA mec\u00e2nica qu\u00e2ntica \u00e9 um ramo da f\u00edsica que surgiu por volta de 1900<\/strong> e se dedica a pesquisar o comportamento de part\u00edculas em escalas at\u00f4micas e subat\u00f4micas, como \u00e1tomos, el\u00e9trons e pr\u00f3tons.<\/p>\n\n\n\n<p>Link: <a href=\"https:\/\/jornal.unesp.br\/2022\/10\/04\/experimentos-em-mecanica-quantica-levam-o-nobel-de-fisica-de-2022\/\">https:\/\/jornal.unesp.br\/2022\/10\/04\/experimentos-em-mecanica-quantica-levam-o-nobel-de-fisica-de-2022\/<\/a><\/p>\n\n\n\n<p>Diversas outras fontes de f\u00e1cil acesso na internet tamb\u00e9m trazem a informa\u00e7\u00e3o de que foi na primeira d\u00e9cada de 1900 que surgiu a mec\u00e2nica qu\u00e2ntica, atrav\u00e9s dos estudos de Max Planck, considerado o \u201cpai da mec\u00e2nica qu\u00e2ntica\u201d.<\/p>\n\n\n\n<p>Desta forma, solicita-se a altera\u00e7\u00e3o do gabarito de \u201cD\u201d para \u201cC\u201d.<\/p>\n\n\n\n<p><strong><u>Quest\u00e3o:<\/u><\/strong><\/p>\n\n\n\n<p>As mudan\u00e7as clim\u00e1ticas representam um desafio sem precedente para a pol\u00edtica ambiental global, colocando em xeque a capacidade de articula\u00e7\u00e3o dos Estados, ao mesmo tempo em que evidencia desigualdades globais. O enfrentamento eficaz do problema deve ter em mente um acordo que combine responsabilidades e vulnerabilidades diferenciadas. Sobre a l\u00f3gica inaugurada no Acordo de Paris, analise as afirmativas a seguir.<\/p>\n\n\n\n<p>I. Centra-se nas contribui\u00e7\u00f5es nacionais, em que cada Estado determina, internamente, sua contribui\u00e7\u00e3o para a redu\u00e7\u00e3o da emiss\u00e3o de gases de efeito estufa.<\/p>\n\n\n\n<p>II. Serve de base para uma a\u00e7\u00e3o global mais forte em rela\u00e7\u00e3o \u00e0s mudan\u00e7as clim\u00e1ticas, impondo as mesmas obriga\u00e7\u00f5es a todos os pa\u00edses participantes.<\/p>\n\n\n\n<p>III. Permite que circunst\u00e2ncias nacionais sejam levadas em considera\u00e7\u00e3o e estabelece uma estrutura duradoura para uma coopera\u00e7\u00e3o de longo prazo.<\/p>\n\n\n\n<p>Est\u00e1 correto o que se afirma em<\/p>\n\n\n\n<p>(A) I, apenas.<\/p>\n\n\n\n<p>(B) I e II, apenas.<\/p>\n\n\n\n<p>(C) I e III, apenas.<\/p>\n\n\n\n<p>(D) II e III, apenas.<\/p>\n\n\n\n<p>(E) I, II e III.<\/p>\n\n\n\n<p><strong>Gabarito preliminar: E<\/strong><\/p>\n\n\n\n<p><strong><u>Argumentos para o recurso:<\/u><\/strong><\/p>\n\n\n\n<p>O Acordo de Paris n\u00e3o imp\u00f5es as mesmas obriga\u00e7\u00f5es a todos os pa\u00edses participantes conforme afirma o item II.<\/p>\n\n\n\n<p>Como exemplo, citamos o artigo 4\u00ba, t\u00f3pico 2, do Acordo de Paris, que estabelece:<\/p>\n\n\n\n<p>Artigo 4\u00ba<\/p>\n\n\n\n<p>4. As Partes pa\u00edses desenvolvidos de\u00adver\u00e3o continuar a assumir a dianteira, ado\u00adtando metas de redu\u00e7\u00e3o de emiss\u00f5es abso\u00adlutas para o conjunto da economia. As Partes pa\u00edses em desenvolvimento dever\u00e3o conti\u00adnuar a fortalecer seus esfor\u00e7os de mitiga\u00e7\u00e3o, e s\u00e3o encorajadas a progressivamente tran\u00adsitar para metas de redu\u00e7\u00e3o ou de limita\u00e7\u00e3o de emiss\u00f5es para o conjunto da economia, \u00e0 luz das diferentes circunst\u00e2ncias nacionais.<\/p>\n\n\n\n<p>Outra diferencia\u00e7\u00e3o se refere \u00e0 provis\u00e3o de recursos financeiros que deve ser provido pelos pa\u00edses desenvolvidos para auxiliar os pa\u00edses em desenvolvimento. Ou seja, s\u00e3o obriga\u00e7\u00f5es diferenciadas entre pa\u00edses desenvolvidos e pa\u00edses em desenvolvimento. O Acordo n\u00e3o imp\u00f5e a mesma obriga\u00e7\u00e3o para esses grupos de pa\u00edses. Vejamos o Artigo 9\u00ba:<\/p>\n\n\n\n<p>Artigo 9\u00ba<\/p>\n\n\n\n<p>1. As Partes pa\u00edses desenvolvidos devem prover recursos financeiros para auxiliar as Partes pa\u00edses em desenvol\u00advimento tanto em mitiga\u00e7\u00e3o como em adapta\u00e7\u00e3o, dando continuidade \u00e0s suas obriga\u00e7\u00f5es existentes sob a Conven\u00e7\u00e3o.<\/p>\n\n\n\n<p>Fonte: https:\/\/www.gov.br\/mcti\/pt-br\/acompanhe-o-mcti\/sirene\/publicacoes\/acordo-de-paris-e-ndc\/arquivos\/pdf\/acordo_paris.pdf<\/p>\n\n\n\n<p>Desta forma, est\u00e3o corretos somente os itens I e III. Solicita-se a altera\u00e7\u00e3o do gabarito de \u201cE\u201d para \u201cC\u201d.<\/p>\n\n\n\n<p>Sigam-me nas redes sociais. Telegram: <a href=\"https:\/\/t.me\/profleandrosignori\">https:\/\/t.me\/profleandrosignori<\/a>, Instagram: <a href=\"https:\/\/www.instagram.com\/profleandrosignori\/%20\">https:\/\/www.instagram.com\/profleandrosignori\/<\/a> e YouTube: <a href=\"https:\/\/www.youtube.com\/watch?v=2wZDdHXF18s%0aUm%20grande%20abra\u00e7o!\">https:\/\/www.youtube.com\/watch?v=2wZDdHXF18s<\/a><\/p>\n\n\n\n<p>Um grande abra\u00e7o!<\/p>\n\n\n\n<p>Leandro Signori<\/p>\n","protected":false},"excerpt":{"rendered":"<p>Ol\u00e1 Pessoal,Cabem recursos nas seguintes quest\u00f5es de Atualidades da prova do TRT-MA \u2013 16\u00aa Regi\u00e3o \u2013 Analista Judici\u00e1rio: Quest\u00e3o: A Academia Real das Ci\u00eancias da Su\u00e9cia anunciou que Alain Aspect (Universidade de Paris-Saclay e Escola Polit\u00e9cnica, Fran\u00e7a), John F. Clauser (J.F. Clauser &amp; Associados, EUA) e Anton Zeilinger (Universidade de Viena, \u00c1ustria) foram os laureados [&hellip;]<\/p>\n","protected":false},"author":306,"featured_media":0,"comment_status":"open","ping_status":"closed","sticky":false,"template":"","format":"standard","meta":{"post_tipo":"article","footnotes":""},"categories":[1],"tags":[],"tax_estado":[],"class_list":["post-1122003","post","type-post","status-publish","format-standard","hentry","category-cursos-e-concursos"],"acf":[],"yoast_head":"<!-- This site is optimized with the Yoast SEO Premium plugin v27.2 (Yoast SEO v27.2) - https:\/\/yoast.com\/product\/yoast-seo-premium-wordpress\/ -->\n<title>Recursos \u2013 TRT-MA \u2013 16\u00aa Regi\u00e3o \u2013 Analista Judici\u00e1rio \u2013 Atualidades<\/title>\n<meta name=\"robots\" content=\"index, follow, max-snippet:-1, max-image-preview:large, max-video-preview:-1\" \/>\n<link rel=\"canonical\" href=\"https:\/\/www.estrategiaconcursos.com.br\/blog\/recurso-trt-ma-16a-regiao-analista-judiciario-atualidades\/\" \/>\n<meta property=\"og:locale\" content=\"pt_BR\" \/>\n<meta property=\"og:type\" content=\"article\" \/>\n<meta property=\"og:title\" content=\"Recursos \u2013 TRT-MA \u2013 16\u00aa Regi\u00e3o \u2013 Analista Judici\u00e1rio \u2013 Atualidades\" \/>\n<meta property=\"og:description\" content=\"Ol\u00e1 Pessoal,Cabem recursos nas seguintes quest\u00f5es de Atualidades da prova do TRT-MA \u2013 16\u00aa Regi\u00e3o \u2013 Analista Judici\u00e1rio: Quest\u00e3o: A Academia Real das Ci\u00eancias da Su\u00e9cia anunciou que Alain Aspect (Universidade de Paris-Saclay e Escola Polit\u00e9cnica, Fran\u00e7a), John F. Clauser (J.F. Clauser &amp; Associados, EUA) e Anton Zeilinger (Universidade de Viena, \u00c1ustria) foram os laureados [&hellip;]\" \/>\n<meta property=\"og:url\" content=\"https:\/\/www.estrategiaconcursos.com.br\/blog\/recurso-trt-ma-16a-regiao-analista-judiciario-atualidades\/\" \/>\n<meta property=\"og:site_name\" content=\"Estrat\u00e9gia Concursos\" \/>\n<meta property=\"article:author\" content=\"https:\/\/www.facebook.com\/leandrosignoriatualidades\/\" \/>\n<meta property=\"article:published_time\" content=\"2022-11-10T03:01:02+00:00\" \/>\n<meta property=\"article:modified_time\" content=\"2022-11-10T03:06:57+00:00\" \/>\n<meta name=\"author\" content=\"Leandro Signori\" \/>\n<meta name=\"twitter:card\" content=\"summary_large_image\" \/>\n<meta name=\"twitter:creator\" content=\"@EstratConcursos\" \/>\n<meta name=\"twitter:site\" content=\"@EstratConcursos\" \/>\n<meta name=\"twitter:label1\" content=\"Escrito por\" \/>\n\t<meta name=\"twitter:data1\" content=\"Leandro Signori\" \/>\n\t<meta name=\"twitter:label2\" content=\"Est. tempo de leitura\" \/>\n\t<meta name=\"twitter:data2\" content=\"4 minutos\" \/>\n<script type=\"application\/ld+json\" class=\"yoast-schema-graph\">{\"@context\":\"https:\/\/schema.org\",\"@graph\":[{\"@type\":\"NewsArticle\",\"@id\":\"https:\/\/www.estrategiaconcursos.com.br\/blog\/recurso-trt-ma-16a-regiao-analista-judiciario-atualidades\/#article\",\"isPartOf\":{\"@id\":\"https:\/\/www.estrategiaconcursos.com.br\/blog\/recurso-trt-ma-16a-regiao-analista-judiciario-atualidades\/\"},\"author\":{\"name\":\"Leandro Signori\",\"@id\":\"https:\/\/www.estrategiaconcursos.com.br\/blog\/#\/schema\/person\/d2e7d78de4b9d6ba51cc24fd558a7f42\"},\"headline\":\"Recursos \u2013 TRT-MA \u2013 16\u00aa Regi\u00e3o \u2013 Analista Judici\u00e1rio \u2013 Atualidades\",\"datePublished\":\"2022-11-10T03:01:02+00:00\",\"dateModified\":\"2022-11-10T03:06:57+00:00\",\"mainEntityOfPage\":{\"@id\":\"https:\/\/www.estrategiaconcursos.com.br\/blog\/recurso-trt-ma-16a-regiao-analista-judiciario-atualidades\/\"},\"wordCount\":848,\"commentCount\":0,\"publisher\":{\"@id\":\"https:\/\/www.estrategiaconcursos.com.br\/blog\/#organization\"},\"articleSection\":[\"Concursos P\u00fablicos\"],\"inLanguage\":\"pt-BR\",\"potentialAction\":[{\"@type\":\"CommentAction\",\"name\":\"Comment\",\"target\":[\"https:\/\/www.estrategiaconcursos.com.br\/blog\/recurso-trt-ma-16a-regiao-analista-judiciario-atualidades\/#respond\"]}],\"copyrightYear\":\"2022\",\"copyrightHolder\":{\"@id\":\"https:\/\/www.estrategiaconcursos.com.br\/blog\/#organization\"}},{\"@type\":\"WebPage\",\"@id\":\"https:\/\/www.estrategiaconcursos.com.br\/blog\/recurso-trt-ma-16a-regiao-analista-judiciario-atualidades\/\",\"url\":\"https:\/\/www.estrategiaconcursos.com.br\/blog\/recurso-trt-ma-16a-regiao-analista-judiciario-atualidades\/\",\"name\":\"Recursos \u2013 TRT-MA \u2013 16\u00aa Regi\u00e3o \u2013 Analista Judici\u00e1rio \u2013 Atualidades\",\"isPartOf\":{\"@id\":\"https:\/\/www.estrategiaconcursos.com.br\/blog\/#website\"},\"datePublished\":\"2022-11-10T03:01:02+00:00\",\"dateModified\":\"2022-11-10T03:06:57+00:00\",\"breadcrumb\":{\"@id\":\"https:\/\/www.estrategiaconcursos.com.br\/blog\/recurso-trt-ma-16a-regiao-analista-judiciario-atualidades\/#breadcrumb\"},\"inLanguage\":\"pt-BR\",\"potentialAction\":[{\"@type\":\"ReadAction\",\"target\":[\"https:\/\/www.estrategiaconcursos.com.br\/blog\/recurso-trt-ma-16a-regiao-analista-judiciario-atualidades\/\"]}]},{\"@type\":\"BreadcrumbList\",\"@id\":\"https:\/\/www.estrategiaconcursos.com.br\/blog\/recurso-trt-ma-16a-regiao-analista-judiciario-atualidades\/#breadcrumb\",\"itemListElement\":[{\"@type\":\"ListItem\",\"position\":1,\"name\":\"In\u00edcio\",\"item\":\"https:\/\/www.estrategiaconcursos.com.br\/blog\/\"},{\"@type\":\"ListItem\",\"position\":2,\"name\":\"Recursos \u2013 TRT-MA \u2013 16\u00aa Regi\u00e3o \u2013 Analista Judici\u00e1rio \u2013 Atualidades\"}]},{\"@type\":\"WebSite\",\"@id\":\"https:\/\/www.estrategiaconcursos.com.br\/blog\/#website\",\"url\":\"https:\/\/www.estrategiaconcursos.com.br\/blog\/\",\"name\":\"Estrat\u00e9gia Concursos\",\"description\":\"O blog da Estrat\u00e9gia Concursos traz not\u00edcias sobre concursos e artigos de professores oferecendo cursos para concursos (pdf + videaulas) no site.\",\"publisher\":{\"@id\":\"https:\/\/www.estrategiaconcursos.com.br\/blog\/#organization\"},\"potentialAction\":[{\"@type\":\"SearchAction\",\"target\":{\"@type\":\"EntryPoint\",\"urlTemplate\":\"https:\/\/www.estrategiaconcursos.com.br\/blog\/?s={search_term_string}\"},\"query-input\":{\"@type\":\"PropertyValueSpecification\",\"valueRequired\":true,\"valueName\":\"search_term_string\"}}],\"inLanguage\":\"pt-BR\"},{\"@type\":\"Organization\",\"@id\":\"https:\/\/www.estrategiaconcursos.com.br\/blog\/#organization\",\"name\":\"Estrat\u00e9gia Concursos\",\"url\":\"https:\/\/www.estrategiaconcursos.com.br\/blog\/\",\"logo\":{\"@type\":\"ImageObject\",\"inLanguage\":\"pt-BR\",\"@id\":\"https:\/\/www.estrategiaconcursos.com.br\/blog\/#\/schema\/logo\/image\/\",\"url\":\"https:\/\/dhg1h5j42swfq.cloudfront.net\/2025\/06\/03203428\/logo_concursos-1.jpg\",\"contentUrl\":\"https:\/\/dhg1h5j42swfq.cloudfront.net\/2025\/06\/03203428\/logo_concursos-1.jpg\",\"width\":230,\"height\":60,\"caption\":\"Estrat\u00e9gia Concursos\"},\"image\":{\"@id\":\"https:\/\/www.estrategiaconcursos.com.br\/blog\/#\/schema\/logo\/image\/\"},\"sameAs\":[\"https:\/\/x.com\/EstratConcursos\"]},{\"@type\":\"Person\",\"@id\":\"https:\/\/www.estrategiaconcursos.com.br\/blog\/#\/schema\/person\/d2e7d78de4b9d6ba51cc24fd558a7f42\",\"name\":\"Leandro Signori\",\"image\":{\"@type\":\"ImageObject\",\"inLanguage\":\"pt-BR\",\"@id\":\"https:\/\/secure.gravatar.com\/avatar\/aa2ef98e93764dcf1758f52d2792d4b3e4089ee25bc520608dde62ad802ae541?s=96&d=mm&r=g\",\"url\":\"https:\/\/secure.gravatar.com\/avatar\/aa2ef98e93764dcf1758f52d2792d4b3e4089ee25bc520608dde62ad802ae541?s=96&d=mm&r=g\",\"contentUrl\":\"https:\/\/secure.gravatar.com\/avatar\/aa2ef98e93764dcf1758f52d2792d4b3e4089ee25bc520608dde62ad802ae541?s=96&d=mm&r=g\",\"caption\":\"Leandro Signori\"},\"description\":\"Licenciado em Geografia pela Universidade Federal do Rio Grande do Sul (UFRGS) e Bacharel em Geografia pela Uniceub (Bras\u00edlia). Como servidor p\u00fablico, foi funcion\u00e1rio da Prefeitura de S\u00e3o Leopoldo (RS), Prefeitura de Porto Alegre (RS), Companhia Riograndense de Saneamento (Corsan) e Minist\u00e9rio da Integra\u00e7\u00e3o Nacional. \u00c9 professor de Geografia para o ensino m\u00e9dio na rede particular de ensino. Leciona as disciplinas de Atualidades, Conhecimentos Gerais, Geografia, Realidade Brasileira e Hist\u00f3ria, em cursos on line e presenciais preparat\u00f3rios para concursos p\u00fablicos.\",\"sameAs\":[\"https:\/\/www.facebook.com\/leandrosignoriatualidades\/\"],\"url\":\"https:\/\/www.estrategiaconcursos.com.br\/blog\/author\/leandroestrategiaconcursos-com-br\/\"}]}<\/script>\n<!-- \/ Yoast SEO Premium plugin. -->","yoast_head_json":{"title":"Recursos \u2013 TRT-MA \u2013 16\u00aa Regi\u00e3o \u2013 Analista Judici\u00e1rio \u2013 Atualidades","robots":{"index":"index","follow":"follow","max-snippet":"max-snippet:-1","max-image-preview":"max-image-preview:large","max-video-preview":"max-video-preview:-1"},"canonical":"https:\/\/www.estrategiaconcursos.com.br\/blog\/recurso-trt-ma-16a-regiao-analista-judiciario-atualidades\/","og_locale":"pt_BR","og_type":"article","og_title":"Recursos \u2013 TRT-MA \u2013 16\u00aa Regi\u00e3o \u2013 Analista Judici\u00e1rio \u2013 Atualidades","og_description":"Ol\u00e1 Pessoal,Cabem recursos nas seguintes quest\u00f5es de Atualidades da prova do TRT-MA \u2013 16\u00aa Regi\u00e3o \u2013 Analista Judici\u00e1rio: Quest\u00e3o: A Academia Real das Ci\u00eancias da Su\u00e9cia anunciou que Alain Aspect (Universidade de Paris-Saclay e Escola Polit\u00e9cnica, Fran\u00e7a), John F. Clauser (J.F. Clauser &amp; Associados, EUA) e Anton Zeilinger (Universidade de Viena, \u00c1ustria) foram os laureados [&hellip;]","og_url":"https:\/\/www.estrategiaconcursos.com.br\/blog\/recurso-trt-ma-16a-regiao-analista-judiciario-atualidades\/","og_site_name":"Estrat\u00e9gia Concursos","article_author":"https:\/\/www.facebook.com\/leandrosignoriatualidades\/","article_published_time":"2022-11-10T03:01:02+00:00","article_modified_time":"2022-11-10T03:06:57+00:00","author":"Leandro Signori","twitter_card":"summary_large_image","twitter_creator":"@EstratConcursos","twitter_site":"@EstratConcursos","twitter_misc":{"Escrito por":"Leandro Signori","Est. tempo de leitura":"4 minutos"},"schema":{"@context":"https:\/\/schema.org","@graph":[{"@type":"NewsArticle","@id":"https:\/\/www.estrategiaconcursos.com.br\/blog\/recurso-trt-ma-16a-regiao-analista-judiciario-atualidades\/#article","isPartOf":{"@id":"https:\/\/www.estrategiaconcursos.com.br\/blog\/recurso-trt-ma-16a-regiao-analista-judiciario-atualidades\/"},"author":{"name":"Leandro Signori","@id":"https:\/\/www.estrategiaconcursos.com.br\/blog\/#\/schema\/person\/d2e7d78de4b9d6ba51cc24fd558a7f42"},"headline":"Recursos \u2013 TRT-MA \u2013 16\u00aa Regi\u00e3o \u2013 Analista Judici\u00e1rio \u2013 Atualidades","datePublished":"2022-11-10T03:01:02+00:00","dateModified":"2022-11-10T03:06:57+00:00","mainEntityOfPage":{"@id":"https:\/\/www.estrategiaconcursos.com.br\/blog\/recurso-trt-ma-16a-regiao-analista-judiciario-atualidades\/"},"wordCount":848,"commentCount":0,"publisher":{"@id":"https:\/\/www.estrategiaconcursos.com.br\/blog\/#organization"},"articleSection":["Concursos P\u00fablicos"],"inLanguage":"pt-BR","potentialAction":[{"@type":"CommentAction","name":"Comment","target":["https:\/\/www.estrategiaconcursos.com.br\/blog\/recurso-trt-ma-16a-regiao-analista-judiciario-atualidades\/#respond"]}],"copyrightYear":"2022","copyrightHolder":{"@id":"https:\/\/www.estrategiaconcursos.com.br\/blog\/#organization"}},{"@type":"WebPage","@id":"https:\/\/www.estrategiaconcursos.com.br\/blog\/recurso-trt-ma-16a-regiao-analista-judiciario-atualidades\/","url":"https:\/\/www.estrategiaconcursos.com.br\/blog\/recurso-trt-ma-16a-regiao-analista-judiciario-atualidades\/","name":"Recursos \u2013 TRT-MA \u2013 16\u00aa Regi\u00e3o \u2013 Analista Judici\u00e1rio \u2013 Atualidades","isPartOf":{"@id":"https:\/\/www.estrategiaconcursos.com.br\/blog\/#website"},"datePublished":"2022-11-10T03:01:02+00:00","dateModified":"2022-11-10T03:06:57+00:00","breadcrumb":{"@id":"https:\/\/www.estrategiaconcursos.com.br\/blog\/recurso-trt-ma-16a-regiao-analista-judiciario-atualidades\/#breadcrumb"},"inLanguage":"pt-BR","potentialAction":[{"@type":"ReadAction","target":["https:\/\/www.estrategiaconcursos.com.br\/blog\/recurso-trt-ma-16a-regiao-analista-judiciario-atualidades\/"]}]},{"@type":"BreadcrumbList","@id":"https:\/\/www.estrategiaconcursos.com.br\/blog\/recurso-trt-ma-16a-regiao-analista-judiciario-atualidades\/#breadcrumb","itemListElement":[{"@type":"ListItem","position":1,"name":"In\u00edcio","item":"https:\/\/www.estrategiaconcursos.com.br\/blog\/"},{"@type":"ListItem","position":2,"name":"Recursos \u2013 TRT-MA \u2013 16\u00aa Regi\u00e3o \u2013 Analista Judici\u00e1rio \u2013 Atualidades"}]},{"@type":"WebSite","@id":"https:\/\/www.estrategiaconcursos.com.br\/blog\/#website","url":"https:\/\/www.estrategiaconcursos.com.br\/blog\/","name":"Estrat\u00e9gia Concursos","description":"O blog da Estrat\u00e9gia Concursos traz not\u00edcias sobre concursos e artigos de professores oferecendo cursos para concursos (pdf + videaulas) no site.","publisher":{"@id":"https:\/\/www.estrategiaconcursos.com.br\/blog\/#organization"},"potentialAction":[{"@type":"SearchAction","target":{"@type":"EntryPoint","urlTemplate":"https:\/\/www.estrategiaconcursos.com.br\/blog\/?s={search_term_string}"},"query-input":{"@type":"PropertyValueSpecification","valueRequired":true,"valueName":"search_term_string"}}],"inLanguage":"pt-BR"},{"@type":"Organization","@id":"https:\/\/www.estrategiaconcursos.com.br\/blog\/#organization","name":"Estrat\u00e9gia Concursos","url":"https:\/\/www.estrategiaconcursos.com.br\/blog\/","logo":{"@type":"ImageObject","inLanguage":"pt-BR","@id":"https:\/\/www.estrategiaconcursos.com.br\/blog\/#\/schema\/logo\/image\/","url":"https:\/\/dhg1h5j42swfq.cloudfront.net\/2025\/06\/03203428\/logo_concursos-1.jpg","contentUrl":"https:\/\/dhg1h5j42swfq.cloudfront.net\/2025\/06\/03203428\/logo_concursos-1.jpg","width":230,"height":60,"caption":"Estrat\u00e9gia Concursos"},"image":{"@id":"https:\/\/www.estrategiaconcursos.com.br\/blog\/#\/schema\/logo\/image\/"},"sameAs":["https:\/\/x.com\/EstratConcursos"]},{"@type":"Person","@id":"https:\/\/www.estrategiaconcursos.com.br\/blog\/#\/schema\/person\/d2e7d78de4b9d6ba51cc24fd558a7f42","name":"Leandro Signori","image":{"@type":"ImageObject","inLanguage":"pt-BR","@id":"https:\/\/secure.gravatar.com\/avatar\/aa2ef98e93764dcf1758f52d2792d4b3e4089ee25bc520608dde62ad802ae541?s=96&d=mm&r=g","url":"https:\/\/secure.gravatar.com\/avatar\/aa2ef98e93764dcf1758f52d2792d4b3e4089ee25bc520608dde62ad802ae541?s=96&d=mm&r=g","contentUrl":"https:\/\/secure.gravatar.com\/avatar\/aa2ef98e93764dcf1758f52d2792d4b3e4089ee25bc520608dde62ad802ae541?s=96&d=mm&r=g","caption":"Leandro Signori"},"description":"Licenciado em Geografia pela Universidade Federal do Rio Grande do Sul (UFRGS) e Bacharel em Geografia pela Uniceub (Bras\u00edlia). Como servidor p\u00fablico, foi funcion\u00e1rio da Prefeitura de S\u00e3o Leopoldo (RS), Prefeitura de Porto Alegre (RS), Companhia Riograndense de Saneamento (Corsan) e Minist\u00e9rio da Integra\u00e7\u00e3o Nacional. \u00c9 professor de Geografia para o ensino m\u00e9dio na rede particular de ensino. Leciona as disciplinas de Atualidades, Conhecimentos Gerais, Geografia, Realidade Brasileira e Hist\u00f3ria, em cursos on line e presenciais preparat\u00f3rios para concursos p\u00fablicos.","sameAs":["https:\/\/www.facebook.com\/leandrosignoriatualidades\/"],"url":"https:\/\/www.estrategiaconcursos.com.br\/blog\/author\/leandroestrategiaconcursos-com-br\/"}]}},"_links":{"self":[{"href":"https:\/\/www.estrategiaconcursos.com.br\/blog\/wp-json\/wp\/v2\/posts\/1122003","targetHints":{"allow":["GET"]}}],"collection":[{"href":"https:\/\/www.estrategiaconcursos.com.br\/blog\/wp-json\/wp\/v2\/posts"}],"about":[{"href":"https:\/\/www.estrategiaconcursos.com.br\/blog\/wp-json\/wp\/v2\/types\/post"}],"author":[{"embeddable":true,"href":"https:\/\/www.estrategiaconcursos.com.br\/blog\/wp-json\/wp\/v2\/users\/306"}],"replies":[{"embeddable":true,"href":"https:\/\/www.estrategiaconcursos.com.br\/blog\/wp-json\/wp\/v2\/comments?post=1122003"}],"version-history":[{"count":4,"href":"https:\/\/www.estrategiaconcursos.com.br\/blog\/wp-json\/wp\/v2\/posts\/1122003\/revisions"}],"predecessor-version":[{"id":1122886,"href":"https:\/\/www.estrategiaconcursos.com.br\/blog\/wp-json\/wp\/v2\/posts\/1122003\/revisions\/1122886"}],"wp:attachment":[{"href":"https:\/\/www.estrategiaconcursos.com.br\/blog\/wp-json\/wp\/v2\/media?parent=1122003"}],"wp:term":[{"taxonomy":"category","embeddable":true,"href":"https:\/\/www.estrategiaconcursos.com.br\/blog\/wp-json\/wp\/v2\/categories?post=1122003"},{"taxonomy":"post_tag","embeddable":true,"href":"https:\/\/www.estrategiaconcursos.com.br\/blog\/wp-json\/wp\/v2\/tags?post=1122003"},{"taxonomy":"tax_estado","embeddable":true,"href":"https:\/\/www.estrategiaconcursos.com.br\/blog\/wp-json\/wp\/v2\/tax_estado?post=1122003"}],"curies":[{"name":"wp","href":"https:\/\/api.w.org\/{rel}","templated":true}]}}