{"id":1121482,"date":"2022-11-08T09:27:14","date_gmt":"2022-11-08T12:27:14","guid":{"rendered":"https:\/\/www.estrategiaconcursos.com.br\/blog\/?p=1121482"},"modified":"2022-11-25T11:55:08","modified_gmt":"2022-11-25T14:55:08","slug":"informativo-stf-1071-comentado","status":"publish","type":"post","link":"https:\/\/www.estrategiaconcursos.com.br\/blog\/informativo-stf-1071-comentado\/","title":{"rendered":"Informativo STF 1071 Comentado"},"content":{"rendered":"\n<p>Informativo n\u00ba 1071 do STF&nbsp;<strong>COMENTADO.&nbsp;<\/strong>Fique ligado aqui&nbsp;no Estrat\u00e9gia Carreiras Jur\u00eddicas!<\/p>\n\n\n\n<p class=\"has-text-align-center\"><strong><a href=\"https:\/\/dhg1h5j42swfq.cloudfront.net\/2022\/11\/08092654\/stf-1071.pdf\">DOWNLOAD do PDF<\/a><\/strong><\/p>\n\n\n<figure class=\"wp-block-embed-youtube wp-block-embed is-type-video is-provider-youtube wp-embed-aspect-16-9 wp-has-aspect-ratio\"><div class=\"lyte-wrapper\" style=\"width:853px;max-width:100%;margin:5px;\"><div class=\"lyMe\" id=\"WYL_9VOXSO6Wgjk\"><div id=\"lyte_9VOXSO6Wgjk\" data-src=\"\/\/i.ytimg.com\/vi\/9VOXSO6Wgjk\/hqdefault.jpg\" class=\"pL\"><div class=\"tC\"><div class=\"tT\"><\/div><\/div><div class=\"play\"><\/div><div class=\"ctrl\"><div class=\"Lctrl\"><\/div><div class=\"Rctrl\"><\/div><\/div><\/div><noscript><a href=\"https:\/\/youtu.be\/9VOXSO6Wgjk\" rel=\"nofollow\"><img loading=\"lazy\" decoding=\"async\" src=\"https:\/\/i.ytimg.com\/vi\/9VOXSO6Wgjk\/0.jpg\" alt=\"YouTube video thumbnail\" width=\"853\" height=\"460\" \/><br \/>Assista a este v\u00eddeo no YouTube<\/a><\/noscript><\/div><\/div><div class=\"lL\" style=\"max-width:100%;width:853px;margin:5px;\"><\/div><figcaption><\/figcaption><\/figure>\n\n\n<h1 class=\"wp-block-heading\" id=\"h-direito-administrativo\"><a>DIREITO ADMINISTRATIVO<\/a><\/h1>\n\n\n\n<h2 class=\"wp-block-heading\" id=\"h-1-pensao-mensal-vitalicia-a-viuvas-de-ex-prefeitos\"><a>1.&nbsp;&nbsp;&nbsp;&nbsp;&nbsp; Pens\u00e3o mensal vital\u00edcia a vi\u00favas de ex-prefeitos<\/a><\/h2>\n\n\n\n<p><strong>ARGUI\u00c7\u00c3O DE DESCUMPRIMENTO DE PRECEITO FUNDAMENTAL<\/strong><\/p>\n\n\n\n<p>\u00c9 inconstitucional, por viola\u00e7\u00e3o aos princ\u00edpios republicano, democr\u00e1tico, da moralidade, da impessoalidade e da igualdade, lei municipal que concede pens\u00e3o especial mensal e vital\u00edcia a vi\u00favas de ex-prefeitos.<\/p>\n\n\n\n<p>ADPF 975\/CE, relatora Min. C\u00e1rmen L\u00facia, julgamento virtual finalizado em 7.10.2022 (Info 1071)<\/p>\n\n\n\n<h3 class=\"wp-block-heading\" id=\"h-1-1-situacao-fatica\"><a>1.1.&nbsp; Situa\u00e7\u00e3o F\u00c1TICA.<\/a><\/h3>\n\n\n\n<p>O PGR, Augusto Aras, ajuizou a ADPF 975 em face de leis do Munic\u00edpio de Caucaia (CE) que concediam pens\u00e3o mensal vital\u00edcia a vi\u00favas de ex-prefeitos.<\/p>\n\n\n\n<h3 class=\"wp-block-heading\" id=\"h-1-2-analise-estrategica\"><a>1.2.&nbsp; An\u00e1lise ESTRAT\u00c9GICA.<\/a><\/h3>\n\n\n\n<h4 class=\"wp-block-heading\" id=\"h-1-2-1-festa-para-as-viuvas\"><a>1.2.1.&nbsp;&nbsp;&nbsp;&nbsp; Festa para as vi\u00favas?<\/a><\/h4>\n\n\n\n<p><strong><em><u>R:<\/u><\/em><\/strong> <strong>Nooooops!!!!<\/strong><\/p>\n\n\n\n<p>Os cargos pol\u00edticos de chefia do Poder Executivo s\u00e3o exercidos por mandatos TEMPOR\u00c1RIOS e os seus ocupantes s\u00e3o transit\u00f3rios, motivo pelo qual a jurisprud\u00eancia do STF \u00e9 no sentido da inexist\u00eancia de qualquer direito ao recebimento de pens\u00e3o vital\u00edcia por seus ex-ocupantes, nas esferas estadual e municipal, e por seus respectivos dependentes.<\/p>\n\n\n\n<p>A concess\u00e3o do referido benef\u00edcio pelo mero exerc\u00edcio de cargo eletivo implica <strong>quebra do tratamento igual que deve ser conferido para pessoas em id\u00eanticas condi\u00e7\u00f5es jur\u00eddico-funcionais<\/strong>. Assim, assegurar a percep\u00e7\u00e3o de verba mensal a vi\u00favas de ex-prefeitos configura condi\u00e7\u00e3o PRIVILEGIADA e INJUSTIFICADA em rela\u00e7\u00e3o aos demais benefici\u00e1rios do Regime Geral de Previd\u00eancia Social (CF\/1988, art. 40, \u00a7 13, com a reda\u00e7\u00e3o dada pela EC 103\/2019), que atenderam aos requisitos constitucionais e legais para a concess\u00e3o de seus benef\u00edcios.<\/p>\n\n\n\n<h4 class=\"wp-block-heading\" id=\"h-1-2-2-resultado-final\"><a>1.2.2.&nbsp;&nbsp;&nbsp;&nbsp; Resultado final.<\/a><\/h4>\n\n\n\n<p>Com base nesse entendimento, o Plen\u00e1rio, por unanimidade, julgou procedente a ADPF para declarar n\u00e3o recepcionadas a Lei 405\/1984 e a Lei 486\/1989, ambas do Munic\u00edpio de Caucaia\/CE, bem como modulou os efeitos da decis\u00e3o, atribuindo-lhe efic\u00e1cia a partir da data da publica\u00e7\u00e3o da ata do presente julgamento.<\/p>\n\n\n\n<h2 class=\"wp-block-heading\" id=\"h-2-alteracao-da-forma-de-calculo-do-auxilio-invalidez-para-servidores-militares\"><a>2.&nbsp;&nbsp;&nbsp;&nbsp;&nbsp; Altera\u00e7\u00e3o da forma de c\u00e1lculo do aux\u00edlio-invalidez para servidores militares<\/a><\/h2>\n\n\n\n<p><strong>RECURSO EXTRAORDIN\u00c1RIO<\/strong><\/p>\n\n\n\n<p>A Portaria n. 931\/2005 do Minist\u00e9rio da Defesa, que alterou a f\u00f3rmula de c\u00e1lculo do aux\u00edlio-invalidez para os servidores militares, est\u00e1 em harmonia com os princ\u00edpios da legalidade e da irredutibilidade de vencimentos.<\/p>\n\n\n\n<p>RE 642890\/DF, relator Min. Nunes Marques, julgamento virtual finalizado em 7.10.2022 (Info 1071)<\/p>\n\n\n\n<h3 class=\"wp-block-heading\" id=\"h-2-1-situacao-fatica\"><a>2.1.&nbsp; Situa\u00e7\u00e3o F\u00c1TICA.<\/a><\/h3>\n\n\n\n<p>Craudiao, militar reformado do Ex\u00e9rcito \u2013 na gradua\u00e7\u00e3o de segundo-tenente \u2013 ap\u00f3s ser considerado inv\u00e1lido para o trabalho, passou a ter direito a &#8220;aux\u00edlio-invalidez&#8221;, prevista da legisla\u00e7\u00e3o de remunera\u00e7\u00e3o dos militares. Em julho de 2005, o militar recebia aux\u00edlio-invalidez no valor de R$ 876,00 e, no m\u00eas de agosto de 2005, sofreu redu\u00e7\u00e3o no seu valor, passando para a quantia de R$ 618,75. Inconformado, Craudiao impetrou mandado de seguran\u00e7a no qual alega a inconstitucionalidade da Portaria, 931\/MD-2005, que alterou a f\u00f3rmula de c\u00e1lculo do aux\u00edlio-invalidez devido aos militares reformados e que, para o STJ, importou em diminui\u00e7\u00e3o no valor global dos proventos, em afronta ao princ\u00edpio constitucional da irredutibilidade de vencimentos.<\/p>\n\n\n\n<p>Por sua vez, a Uni\u00e3o aduz que a suposta ilegalidade n\u00e3o poderia ser atacada via mandado de seguran\u00e7a, uma vez que o ato contra o qual se insurge o impetrante apenas restaurou a legalidade no pagamento do benef\u00edcio. Segundo ela, houve o recebimento indevido pelo autor de valores referentes ao aux\u00edlio-invalidez, ilegalidade esta que teria sido devidamente corrigida pela Administra\u00e7\u00e3o, em homenagem ao princ\u00edpio da autotutela.<\/p>\n\n\n\n<h3 class=\"wp-block-heading\" id=\"h-2-2-analise-estrategica\"><a>2.2.&nbsp; An\u00e1lise ESTRAT\u00c9GICA.<\/a><\/h3>\n\n\n\n<h4 class=\"wp-block-heading\" id=\"h-2-2-1-tudo-certo-arnaldo\"><a>2.2.1.&nbsp;&nbsp;&nbsp;&nbsp; Tudo certo, Arnaldo?<\/a><\/h4>\n\n\n\n<p><strong><em><u>R:<\/u><\/em><\/strong> <strong>Yeaph!!!! Segue o jogo!!!!<\/strong><\/p>\n\n\n\n<p>A altera\u00e7\u00e3o da forma de c\u00e1lculo do aux\u00edlio-invalidez devido aos servidores militares n\u00e3o viola os princ\u00edpios da legalidade e da irredutibilidade de vencimentos, desde que o valor global da remunera\u00e7\u00e3o n\u00e3o sofra redu\u00e7\u00e3o.<\/p>\n\n\n\n<p>Isso porque o que <strong>a Constitui\u00e7\u00e3o Federal assegura \u00e9 a irredutibilidade nominal da remunera\u00e7\u00e3o global<\/strong>, isto \u00e9, o montante constitu\u00eddo pela soma de todas as parcelas, gratifica\u00e7\u00f5es e outras vantagens percebidas pelo servidor.<\/p>\n\n\n\n<p>Al\u00e9m disso, a jurisprud\u00eancia do STF \u00e9 firme no sentido da inexist\u00eancia de direito adquirido a regime jur\u00eddico e de direito \u00e0 forma como s\u00e3o calculados os vencimentos, de modo que \u00e9 POSS\u00cdVEL<strong> suprimir ou alterar aux\u00edlios, adicionais, gratifica\u00e7\u00f5es ou outras parcelas, sob a condi\u00e7\u00e3o de que seja preservada a irredutibilidade nominal da remunera\u00e7\u00e3o global<\/strong>.<\/p>\n\n\n\n<h4 class=\"wp-block-heading\" id=\"h-2-2-2-resultado-final\"><a>2.2.2.&nbsp;&nbsp;&nbsp;&nbsp; Resultado final.<\/a><\/h4>\n\n\n\n<p>Com base nesse entendimento, o Plen\u00e1rio, por maioria, ao apreciar o&nbsp;Tema 465 da repercuss\u00e3o geral, deu provimento ao recurso extraordin\u00e1rio para reformar o ac\u00f3rd\u00e3o recorrido e julgar improcedente o pedido inicial.<\/p>\n\n\n\n<h1 class=\"wp-block-heading\" id=\"h-direito-civil\"><a>DIREITO CIVIL<\/a><\/h1>\n\n\n\n<h2 class=\"wp-block-heading\" id=\"h-3-isencao-do-pagamento-de-direitos-autorais-em-eventos-sem-fins-lucrativos\"><a>3.&nbsp;&nbsp;&nbsp;&nbsp;&nbsp; Isen\u00e7\u00e3o do pagamento de direitos autorais em eventos sem fins lucrativos<\/a><\/h2>\n\n\n\n<p><strong>A\u00c7\u00c3O DIRETA DE INCONSTITUCIONALIDADE<\/strong><\/p>\n\n\n\n<p>\u00c9 inconstitucional lei estadual que isenta o pagamento de direitos autorais pela execu\u00e7\u00e3o de obras musicais em eventos sem fins lucrativos promovidos no \u00e2mbito de seu territ\u00f3rio.<\/p>\n\n\n\n<p>ADI 6151\/SC, relator Min. Edson Fachin, julgamento virtual finalizado em 7.10.2022 (Info 1071)<\/p>\n\n\n\n<h3 class=\"wp-block-heading\" id=\"h-3-1-situacao-fatica\"><a>3.1.&nbsp; Situa\u00e7\u00e3o F\u00c1TICA.<\/a><\/h3>\n\n\n\n<p>O Escrit\u00f3rio Central de Arrecada\u00e7\u00e3o e Distribui\u00e7\u00e3o (Ecad) ajuizou no STF a ADI 6151 contra lei do Estado de Santa Catarina que trata da isen\u00e7\u00e3o do pagamento de direitos autorais nas execu\u00e7\u00f5es de obras musicais realizadas em eventos sem fins lucrativos. Segundo a entidade, a lei invadiria a compet\u00eancia da Uni\u00e3o para legislar sobre direito civil.<\/p>\n\n\n\n<p>Na a\u00e7\u00e3o, o Ecad pede a declara\u00e7\u00e3o de inconstitucionalidade da Lei Estadual 17.724\/2019, que dispensa as entidades oficialmente declaradas de utilidade p\u00fablica estadual ou municipal, funda\u00e7\u00f5es ou institui\u00e7\u00f5es filantr\u00f3picas e associa\u00e7\u00f5es de cunho recreativo, filantr\u00f3pico, beneficente, assistencial, promocional ou educacional, legalmente constitu\u00eddas, do pagamento de taxas, ou de outro tipo de cobran\u00e7a, referentes \u00e0 retribui\u00e7\u00e3o ou direitos autorais por execu\u00e7\u00f5es de obras musicais na realiza\u00e7\u00e3o de eventos sem fins lucrativos, promovidos no Estado de Santa Catarina.<\/p>\n\n\n\n<h3 class=\"wp-block-heading\" id=\"h-3-2-analise-estrategica\"><a>3.2.&nbsp; An\u00e1lise ESTRAT\u00c9GICA.<\/a><\/h3>\n\n\n\n<h4 class=\"wp-block-heading\" id=\"h-3-2-1-a-isencao-encontra-amparo-na-cf\"><a>3.2.1.&nbsp;&nbsp;&nbsp;&nbsp; A isen\u00e7\u00e3o encontra amparo na CF?<\/a><\/h4>\n\n\n\n<p><strong><em><u>R:<\/u><\/em><\/strong> <strong>Nooops!!!!<\/strong><\/p>\n\n\n\n<p>Os direitos autorais se inserem no ramo do Direito Civil, raz\u00e3o pela qual a norma estadual impugnada \u00e9 formalmente inconstitucional, pois afronta compet\u00eancia privativa da Uni\u00e3o para dispor sobre o tema (CF\/1988, art. 22, I). Verifica-se, ainda, ter havido o estabelecimento de NOVAS HIP\u00d3TESES de limita\u00e7\u00e3o patrimonial n\u00e3o previstas na Lei 9.610\/1998 (Lei do Direito Autoral), <strong>que \u00e9 a legisla\u00e7\u00e3o federal espec\u00edfica sobre o tema e que n\u00e3o \u00e9 pass\u00edvel de altera\u00e7\u00e3o por norma estadual ou municipal<\/strong>.<\/p>\n\n\n\n<p>Ademais, a lei estadual impugnada tamb\u00e9m padece de inconstitucionalidade MATERIAL, porque (i) interfere no devido funcionamento do Escrit\u00f3rio Central de Arrecada\u00e7\u00e3o e Distribui\u00e7\u00f5es (Ecad), o qual se caracteriza como associa\u00e7\u00e3o civil que exerce, com exclusividade, a arrecada\u00e7\u00e3o e distribui\u00e7\u00e3o de direitos autorais, em raz\u00e3o da execu\u00e7\u00e3o p\u00fablica de obras musicais em todo o territ\u00f3rio nacional (CF\/1988, art. 5\u00ba, XVIII); bem como (ii) priva o aproveitamento econ\u00f4mico dos autores em evidente viola\u00e7\u00e3o ao direito fundamental de dispor, de modo exclusivo, sobre suas produ\u00e7\u00f5es e de, com elas, obter proveito financeiro (CF\/1988, art. 5\u00ba, XXVII e XXVIII).<\/p>\n\n\n\n<h4 class=\"wp-block-heading\" id=\"h-3-2-2-resultado-final\"><a>3.2.2.&nbsp;&nbsp;&nbsp;&nbsp; Resultado final.<\/a><\/h4>\n\n\n\n<p>Com base nesses entendimentos, o Plen\u00e1rio, por unanimidade, julgou procedente a a\u00e7\u00e3o para declarar a inconstitucionalidade da Lei 17.724\/2019 do Estado de Santa Catarina.<\/p>\n\n\n\n<h1 class=\"wp-block-heading\" id=\"h-direito-tributario\"><a>DIREITO TRIBUT\u00c1RIO<\/a><\/h1>\n\n\n\n<h2 class=\"wp-block-heading\" id=\"h-4-ipva-isencao-para-veiculos-adquiridos-mediante-arrendamento-mercantil-e-utilizados-por-taxistas\"><a>4.&nbsp;&nbsp;&nbsp;&nbsp;&nbsp; IPVA: isen\u00e7\u00e3o para ve\u00edculos adquiridos mediante arrendamento mercantil e utilizados por taxistas<\/a><\/h2>\n\n\n\n<p><strong>A\u00c7\u00c3O DIRETA DE INCONSTITUCIONALIDADE<\/strong><\/p>\n\n\n\n<p>N\u00e3o afronta o fato gerador do IPVA (propriedade do ve\u00edculo pela institui\u00e7\u00e3o arrendante) e nem altera o sujeito passivo da obriga\u00e7\u00e3o tribut\u00e1ria a isen\u00e7\u00e3o relativa aos ve\u00edculos adquiridos por meio de arrendamento mercantil (\u201cleasing\u201d) e usados no transporte individual de passageiros, na categoria aluguel, prestado por permission\u00e1rios (taxistas).<\/p>\n\n\n\n<p>ADI 2298\/RS, relator Min. Nunes Marques, julgamento virtual finalizado em 23.9.2022 (Info 1071)<\/p>\n\n\n\n<h3 class=\"wp-block-heading\" id=\"h-4-1-situacao-fatica\"><a>4.1.&nbsp; Situa\u00e7\u00e3o F\u00c1TICA.<\/a><\/h3>\n\n\n\n<p>A a\u00e7\u00e3o foi ajuizada pelo governo ga\u00facho contra a Lei 11.461\/2000, que prev\u00ea a isen\u00e7\u00e3o do Imposto sobre a Propriedade de Ve\u00edculos Automotores (IPVA) sobre autom\u00f3veis adquiridos por arrendamento mercantil (leasing) para uso como t\u00e1xi.<\/p>\n\n\n\n<p>A referida lei prev\u00ea a isen\u00e7\u00e3o nessa modalidade contratual, em que o arrendat\u00e1rio usufrui do bem (m\u00f3vel ou im\u00f3vel), mediante o pagamento de um valor peri\u00f3dico, mas com a op\u00e7\u00e3o de compra no final do prazo pactuado.<\/p>\n\n\n\n<h3 class=\"wp-block-heading\" id=\"h-4-2-analise-estrategica\"><a>4.2.&nbsp; An\u00e1lise ESTRAT\u00c9GICA.<\/a><\/h3>\n\n\n\n<h4 class=\"wp-block-heading\" id=\"h-4-2-1-questao-juridica\"><a>4.2.1.&nbsp;&nbsp;&nbsp;&nbsp; Quest\u00e3o JUR\u00cdDICA.<\/a><\/h4>\n\n\n\n<p>CF\/1988:<\/p>\n\n\n\n<p>Art. 155 Compete aos Estados e ao Distrito Federal instituir impostos sobre: (&#8230;) III &#8211; propriedade de ve\u00edculos automotores. (&#8230;) \u00a7 6\u00ba O imposto previsto no inciso III: (&#8230;) II &#8211; poder\u00e1 ter al\u00edquotas diferenciadas em fun\u00e7\u00e3o do tipo e utiliza\u00e7\u00e3o.<\/p>\n\n\n\n<h4 class=\"wp-block-heading\" id=\"h-4-2-2-houve-afronta-a-cf\"><a>4.2.2.&nbsp;&nbsp;&nbsp;&nbsp; Houve afronta \u00e0 CF?<\/a><\/h4>\n\n\n\n<p><strong><em><u>R:<\/u><\/em><\/strong> <strong>Nooops!!!!<\/strong><\/p>\n\n\n\n<p>A Constitui\u00e7\u00e3o Federal <strong>admite a ado\u00e7\u00e3o de al\u00edquotas diferenciadas em fun\u00e7\u00e3o do tipo e do uso do ve\u00edculo, com fins de promover a igualdade fiscal<\/strong>.<\/p>\n\n\n\n<p>Nesse contexto, a concess\u00e3o de isen\u00e7\u00e3o, em virtude de o autom\u00f3vel ser objeto de contrato de arrendamento mercantil convencionado em benef\u00edcio de taxista, consiste em diferencia\u00e7\u00e3o com base na utilidade dada ao ve\u00edculo.<\/p>\n\n\n\n<p>Assim, esses profissionais s\u00e3o beneficiados, de forma indireta, pela isen\u00e7\u00e3o aplicada em favor da entidade arrendante, pois passam a usufruir da diminui\u00e7\u00e3o dos custos da opera\u00e7\u00e3o financeira.<\/p>\n\n\n\n<h4 class=\"wp-block-heading\" id=\"h-4-2-3-resultado-final\"><a>4.2.3.&nbsp;&nbsp;&nbsp;&nbsp; Resultado final.<\/a><\/h4>\n\n\n\n<p>Com base nesse entendimento, o Plen\u00e1rio, por unanimidade, julgou improcedente a a\u00e7\u00e3o para assentar a constitucionalidade da Lei 11.461\/2000 do Estado do Rio Grande do Sul.<\/p>\n\n\n\n<div data-wp-interactive=\"core\/file\" class=\"wp-block-file\"><object aria-label=\"Incorporar PDF\" data-wp-bind--hidden=\"!state.hasPdfPreview\" hidden><\/object><a id=\"wp-block-file--media-db8f1e55-88e5-4ee8-b860-3c1f72ee480d\" href=\"https:\/\/dhg1h5j42swfq.cloudfront.net\/2022\/11\/08092654\/stf-1071.pdf\">stf-1071<\/a><a href=\"https:\/\/dhg1h5j42swfq.cloudfront.net\/2022\/11\/08092654\/stf-1071.pdf\" class=\"wp-block-file__button\" download aria-describedby=\"wp-block-file--media-db8f1e55-88e5-4ee8-b860-3c1f72ee480d\">Baixar<\/a><\/div>\n","protected":false},"excerpt":{"rendered":"<p>Informativo n\u00ba 1071 do STF&nbsp;COMENTADO.&nbsp;Fique ligado aqui&nbsp;no Estrat\u00e9gia Carreiras Jur\u00eddicas! DOWNLOAD do PDF DIREITO ADMINISTRATIVO 1.&nbsp;&nbsp;&nbsp;&nbsp;&nbsp; Pens\u00e3o mensal vital\u00edcia a vi\u00favas de ex-prefeitos ARGUI\u00c7\u00c3O DE DESCUMPRIMENTO DE PRECEITO FUNDAMENTAL \u00c9 inconstitucional, por viola\u00e7\u00e3o aos princ\u00edpios republicano, democr\u00e1tico, da moralidade, da impessoalidade e da igualdade, lei municipal que concede pens\u00e3o especial mensal e vital\u00edcia a vi\u00favas [&hellip;]<\/p>\n","protected":false},"author":833,"featured_media":0,"comment_status":"open","ping_status":"closed","sticky":false,"template":"","format":"standard","meta":{"post_tipo":"article","footnotes":""},"categories":[1],"tags":[],"tax_estado":[219989],"class_list":["post-1121482","post","type-post","status-publish","format-standard","hentry","category-cursos-e-concursos","tax_estado-sp"],"acf":[],"yoast_head":"<!-- This site is optimized with the Yoast SEO Premium plugin v27.2 (Yoast SEO v27.2) - https:\/\/yoast.com\/product\/yoast-seo-premium-wordpress\/ -->\n<title>Informativo STF 1071 Comentado<\/title>\n<meta name=\"description\" content=\"Conhe\u00e7a as principais novidades sobre o Informativo n\u00ba 1071 do STF. Clique no artigo e tire suas d\u00favidas sobre o tema!\" \/>\n<meta name=\"robots\" content=\"index, follow, max-snippet:-1, max-image-preview:large, max-video-preview:-1\" \/>\n<link rel=\"canonical\" href=\"https:\/\/www.estrategiaconcursos.com.br\/blog\/informativo-stf-1071-comentado\/\" \/>\n<meta property=\"og:locale\" content=\"pt_BR\" \/>\n<meta property=\"og:type\" content=\"article\" \/>\n<meta property=\"og:title\" content=\"Informativo STF 1071 Comentado\" \/>\n<meta property=\"og:description\" content=\"Conhe\u00e7a as principais novidades sobre o Informativo n\u00ba 1071 do STF. Clique no artigo e tire suas d\u00favidas sobre o tema!\" \/>\n<meta property=\"og:url\" content=\"https:\/\/www.estrategiaconcursos.com.br\/blog\/informativo-stf-1071-comentado\/\" \/>\n<meta property=\"og:site_name\" content=\"Estrat\u00e9gia Concursos\" \/>\n<meta property=\"article:published_time\" content=\"2022-11-08T12:27:14+00:00\" \/>\n<meta property=\"article:modified_time\" content=\"2022-11-25T14:55:08+00:00\" \/>\n<meta name=\"author\" content=\"Jean Vilbert\" \/>\n<meta name=\"twitter:card\" content=\"summary_large_image\" \/>\n<meta name=\"twitter:creator\" content=\"@EstratConcursos\" \/>\n<meta name=\"twitter:site\" content=\"@EstratConcursos\" \/>\n<meta name=\"twitter:label1\" content=\"Escrito por\" \/>\n\t<meta name=\"twitter:data1\" content=\"Jean Vilbert\" \/>\n\t<meta name=\"twitter:label2\" content=\"Est. tempo de leitura\" \/>\n\t<meta name=\"twitter:data2\" content=\"8 minutos\" \/>\n<script type=\"application\/ld+json\" class=\"yoast-schema-graph\">{\"@context\":\"https:\/\/schema.org\",\"@graph\":[{\"@type\":\"NewsArticle\",\"@id\":\"https:\/\/www.estrategiaconcursos.com.br\/blog\/informativo-stf-1071-comentado\/#article\",\"isPartOf\":{\"@id\":\"https:\/\/www.estrategiaconcursos.com.br\/blog\/informativo-stf-1071-comentado\/\"},\"author\":{\"name\":\"Jean Vilbert\",\"@id\":\"https:\/\/www.estrategiaconcursos.com.br\/blog\/#\/schema\/person\/475a0922f10cff0d1bc8bfecde05f999\"},\"headline\":\"Informativo STF 1071 Comentado\",\"datePublished\":\"2022-11-08T12:27:14+00:00\",\"dateModified\":\"2022-11-25T14:55:08+00:00\",\"mainEntityOfPage\":{\"@id\":\"https:\/\/www.estrategiaconcursos.com.br\/blog\/informativo-stf-1071-comentado\/\"},\"wordCount\":1657,\"commentCount\":0,\"publisher\":{\"@id\":\"https:\/\/www.estrategiaconcursos.com.br\/blog\/#organization\"},\"articleSection\":[\"Concursos P\u00fablicos\"],\"inLanguage\":\"pt-BR\",\"potentialAction\":[{\"@type\":\"CommentAction\",\"name\":\"Comment\",\"target\":[\"https:\/\/www.estrategiaconcursos.com.br\/blog\/informativo-stf-1071-comentado\/#respond\"]}],\"copyrightYear\":\"2022\",\"copyrightHolder\":{\"@id\":\"https:\/\/www.estrategiaconcursos.com.br\/blog\/#organization\"}},{\"@type\":\"WebPage\",\"@id\":\"https:\/\/www.estrategiaconcursos.com.br\/blog\/informativo-stf-1071-comentado\/\",\"url\":\"https:\/\/www.estrategiaconcursos.com.br\/blog\/informativo-stf-1071-comentado\/\",\"name\":\"Informativo STF 1071 Comentado\",\"isPartOf\":{\"@id\":\"https:\/\/www.estrategiaconcursos.com.br\/blog\/#website\"},\"datePublished\":\"2022-11-08T12:27:14+00:00\",\"dateModified\":\"2022-11-25T14:55:08+00:00\",\"description\":\"Conhe\u00e7a as principais novidades sobre o Informativo n\u00ba 1071 do STF. Clique no artigo e tire suas d\u00favidas sobre o tema!\",\"breadcrumb\":{\"@id\":\"https:\/\/www.estrategiaconcursos.com.br\/blog\/informativo-stf-1071-comentado\/#breadcrumb\"},\"inLanguage\":\"pt-BR\",\"potentialAction\":[{\"@type\":\"ReadAction\",\"target\":[\"https:\/\/www.estrategiaconcursos.com.br\/blog\/informativo-stf-1071-comentado\/\"]}]},{\"@type\":\"BreadcrumbList\",\"@id\":\"https:\/\/www.estrategiaconcursos.com.br\/blog\/informativo-stf-1071-comentado\/#breadcrumb\",\"itemListElement\":[{\"@type\":\"ListItem\",\"position\":1,\"name\":\"In\u00edcio\",\"item\":\"https:\/\/www.estrategiaconcursos.com.br\/blog\/\"},{\"@type\":\"ListItem\",\"position\":2,\"name\":\"Informativo STF 1071 Comentado\"}]},{\"@type\":\"WebSite\",\"@id\":\"https:\/\/www.estrategiaconcursos.com.br\/blog\/#website\",\"url\":\"https:\/\/www.estrategiaconcursos.com.br\/blog\/\",\"name\":\"Estrat\u00e9gia Concursos\",\"description\":\"O blog da Estrat\u00e9gia Concursos traz not\u00edcias sobre concursos e artigos de professores oferecendo cursos para concursos (pdf + videaulas) no site.\",\"publisher\":{\"@id\":\"https:\/\/www.estrategiaconcursos.com.br\/blog\/#organization\"},\"potentialAction\":[{\"@type\":\"SearchAction\",\"target\":{\"@type\":\"EntryPoint\",\"urlTemplate\":\"https:\/\/www.estrategiaconcursos.com.br\/blog\/?s={search_term_string}\"},\"query-input\":{\"@type\":\"PropertyValueSpecification\",\"valueRequired\":true,\"valueName\":\"search_term_string\"}}],\"inLanguage\":\"pt-BR\"},{\"@type\":\"Organization\",\"@id\":\"https:\/\/www.estrategiaconcursos.com.br\/blog\/#organization\",\"name\":\"Estrat\u00e9gia Concursos\",\"url\":\"https:\/\/www.estrategiaconcursos.com.br\/blog\/\",\"logo\":{\"@type\":\"ImageObject\",\"inLanguage\":\"pt-BR\",\"@id\":\"https:\/\/www.estrategiaconcursos.com.br\/blog\/#\/schema\/logo\/image\/\",\"url\":\"https:\/\/dhg1h5j42swfq.cloudfront.net\/2025\/06\/03203428\/logo_concursos-1.jpg\",\"contentUrl\":\"https:\/\/dhg1h5j42swfq.cloudfront.net\/2025\/06\/03203428\/logo_concursos-1.jpg\",\"width\":230,\"height\":60,\"caption\":\"Estrat\u00e9gia Concursos\"},\"image\":{\"@id\":\"https:\/\/www.estrategiaconcursos.com.br\/blog\/#\/schema\/logo\/image\/\"},\"sameAs\":[\"https:\/\/x.com\/EstratConcursos\"]},{\"@type\":\"Person\",\"@id\":\"https:\/\/www.estrategiaconcursos.com.br\/blog\/#\/schema\/person\/475a0922f10cff0d1bc8bfecde05f999\",\"name\":\"Jean Vilbert\",\"image\":{\"@type\":\"ImageObject\",\"inLanguage\":\"pt-BR\",\"@id\":\"https:\/\/secure.gravatar.com\/avatar\/1667694e4ebdd32feeac9ea2794de3f0470b5c55c6198181ab0b0c333b121921?s=96&d=mm&r=g\",\"url\":\"https:\/\/secure.gravatar.com\/avatar\/1667694e4ebdd32feeac9ea2794de3f0470b5c55c6198181ab0b0c333b121921?s=96&d=mm&r=g\",\"contentUrl\":\"https:\/\/secure.gravatar.com\/avatar\/1667694e4ebdd32feeac9ea2794de3f0470b5c55c6198181ab0b0c333b121921?s=96&d=mm&r=g\",\"caption\":\"Jean Vilbert\"},\"url\":\"https:\/\/www.estrategiaconcursos.com.br\/blog\/author\/jeanvilbertgmail-com\/\"}]}<\/script>\n<!-- \/ Yoast SEO Premium plugin. -->","yoast_head_json":{"title":"Informativo STF 1071 Comentado","description":"Conhe\u00e7a as principais novidades sobre o Informativo n\u00ba 1071 do STF. Clique no artigo e tire suas d\u00favidas sobre o tema!","robots":{"index":"index","follow":"follow","max-snippet":"max-snippet:-1","max-image-preview":"max-image-preview:large","max-video-preview":"max-video-preview:-1"},"canonical":"https:\/\/www.estrategiaconcursos.com.br\/blog\/informativo-stf-1071-comentado\/","og_locale":"pt_BR","og_type":"article","og_title":"Informativo STF 1071 Comentado","og_description":"Conhe\u00e7a as principais novidades sobre o Informativo n\u00ba 1071 do STF. Clique no artigo e tire suas d\u00favidas sobre o tema!","og_url":"https:\/\/www.estrategiaconcursos.com.br\/blog\/informativo-stf-1071-comentado\/","og_site_name":"Estrat\u00e9gia Concursos","article_published_time":"2022-11-08T12:27:14+00:00","article_modified_time":"2022-11-25T14:55:08+00:00","author":"Jean Vilbert","twitter_card":"summary_large_image","twitter_creator":"@EstratConcursos","twitter_site":"@EstratConcursos","twitter_misc":{"Escrito por":"Jean Vilbert","Est. tempo de leitura":"8 minutos"},"schema":{"@context":"https:\/\/schema.org","@graph":[{"@type":"NewsArticle","@id":"https:\/\/www.estrategiaconcursos.com.br\/blog\/informativo-stf-1071-comentado\/#article","isPartOf":{"@id":"https:\/\/www.estrategiaconcursos.com.br\/blog\/informativo-stf-1071-comentado\/"},"author":{"name":"Jean Vilbert","@id":"https:\/\/www.estrategiaconcursos.com.br\/blog\/#\/schema\/person\/475a0922f10cff0d1bc8bfecde05f999"},"headline":"Informativo STF 1071 Comentado","datePublished":"2022-11-08T12:27:14+00:00","dateModified":"2022-11-25T14:55:08+00:00","mainEntityOfPage":{"@id":"https:\/\/www.estrategiaconcursos.com.br\/blog\/informativo-stf-1071-comentado\/"},"wordCount":1657,"commentCount":0,"publisher":{"@id":"https:\/\/www.estrategiaconcursos.com.br\/blog\/#organization"},"articleSection":["Concursos P\u00fablicos"],"inLanguage":"pt-BR","potentialAction":[{"@type":"CommentAction","name":"Comment","target":["https:\/\/www.estrategiaconcursos.com.br\/blog\/informativo-stf-1071-comentado\/#respond"]}],"copyrightYear":"2022","copyrightHolder":{"@id":"https:\/\/www.estrategiaconcursos.com.br\/blog\/#organization"}},{"@type":"WebPage","@id":"https:\/\/www.estrategiaconcursos.com.br\/blog\/informativo-stf-1071-comentado\/","url":"https:\/\/www.estrategiaconcursos.com.br\/blog\/informativo-stf-1071-comentado\/","name":"Informativo STF 1071 Comentado","isPartOf":{"@id":"https:\/\/www.estrategiaconcursos.com.br\/blog\/#website"},"datePublished":"2022-11-08T12:27:14+00:00","dateModified":"2022-11-25T14:55:08+00:00","description":"Conhe\u00e7a as principais novidades sobre o Informativo n\u00ba 1071 do STF. Clique no artigo e tire suas d\u00favidas sobre o tema!","breadcrumb":{"@id":"https:\/\/www.estrategiaconcursos.com.br\/blog\/informativo-stf-1071-comentado\/#breadcrumb"},"inLanguage":"pt-BR","potentialAction":[{"@type":"ReadAction","target":["https:\/\/www.estrategiaconcursos.com.br\/blog\/informativo-stf-1071-comentado\/"]}]},{"@type":"BreadcrumbList","@id":"https:\/\/www.estrategiaconcursos.com.br\/blog\/informativo-stf-1071-comentado\/#breadcrumb","itemListElement":[{"@type":"ListItem","position":1,"name":"In\u00edcio","item":"https:\/\/www.estrategiaconcursos.com.br\/blog\/"},{"@type":"ListItem","position":2,"name":"Informativo STF 1071 Comentado"}]},{"@type":"WebSite","@id":"https:\/\/www.estrategiaconcursos.com.br\/blog\/#website","url":"https:\/\/www.estrategiaconcursos.com.br\/blog\/","name":"Estrat\u00e9gia Concursos","description":"O blog da Estrat\u00e9gia Concursos traz not\u00edcias sobre concursos e artigos de professores oferecendo cursos para concursos (pdf + videaulas) no site.","publisher":{"@id":"https:\/\/www.estrategiaconcursos.com.br\/blog\/#organization"},"potentialAction":[{"@type":"SearchAction","target":{"@type":"EntryPoint","urlTemplate":"https:\/\/www.estrategiaconcursos.com.br\/blog\/?s={search_term_string}"},"query-input":{"@type":"PropertyValueSpecification","valueRequired":true,"valueName":"search_term_string"}}],"inLanguage":"pt-BR"},{"@type":"Organization","@id":"https:\/\/www.estrategiaconcursos.com.br\/blog\/#organization","name":"Estrat\u00e9gia Concursos","url":"https:\/\/www.estrategiaconcursos.com.br\/blog\/","logo":{"@type":"ImageObject","inLanguage":"pt-BR","@id":"https:\/\/www.estrategiaconcursos.com.br\/blog\/#\/schema\/logo\/image\/","url":"https:\/\/dhg1h5j42swfq.cloudfront.net\/2025\/06\/03203428\/logo_concursos-1.jpg","contentUrl":"https:\/\/dhg1h5j42swfq.cloudfront.net\/2025\/06\/03203428\/logo_concursos-1.jpg","width":230,"height":60,"caption":"Estrat\u00e9gia Concursos"},"image":{"@id":"https:\/\/www.estrategiaconcursos.com.br\/blog\/#\/schema\/logo\/image\/"},"sameAs":["https:\/\/x.com\/EstratConcursos"]},{"@type":"Person","@id":"https:\/\/www.estrategiaconcursos.com.br\/blog\/#\/schema\/person\/475a0922f10cff0d1bc8bfecde05f999","name":"Jean Vilbert","image":{"@type":"ImageObject","inLanguage":"pt-BR","@id":"https:\/\/secure.gravatar.com\/avatar\/1667694e4ebdd32feeac9ea2794de3f0470b5c55c6198181ab0b0c333b121921?s=96&d=mm&r=g","url":"https:\/\/secure.gravatar.com\/avatar\/1667694e4ebdd32feeac9ea2794de3f0470b5c55c6198181ab0b0c333b121921?s=96&d=mm&r=g","contentUrl":"https:\/\/secure.gravatar.com\/avatar\/1667694e4ebdd32feeac9ea2794de3f0470b5c55c6198181ab0b0c333b121921?s=96&d=mm&r=g","caption":"Jean Vilbert"},"url":"https:\/\/www.estrategiaconcursos.com.br\/blog\/author\/jeanvilbertgmail-com\/"}]}},"_links":{"self":[{"href":"https:\/\/www.estrategiaconcursos.com.br\/blog\/wp-json\/wp\/v2\/posts\/1121482","targetHints":{"allow":["GET"]}}],"collection":[{"href":"https:\/\/www.estrategiaconcursos.com.br\/blog\/wp-json\/wp\/v2\/posts"}],"about":[{"href":"https:\/\/www.estrategiaconcursos.com.br\/blog\/wp-json\/wp\/v2\/types\/post"}],"author":[{"embeddable":true,"href":"https:\/\/www.estrategiaconcursos.com.br\/blog\/wp-json\/wp\/v2\/users\/833"}],"replies":[{"embeddable":true,"href":"https:\/\/www.estrategiaconcursos.com.br\/blog\/wp-json\/wp\/v2\/comments?post=1121482"}],"version-history":[{"count":2,"href":"https:\/\/www.estrategiaconcursos.com.br\/blog\/wp-json\/wp\/v2\/posts\/1121482\/revisions"}],"predecessor-version":[{"id":1129495,"href":"https:\/\/www.estrategiaconcursos.com.br\/blog\/wp-json\/wp\/v2\/posts\/1121482\/revisions\/1129495"}],"wp:attachment":[{"href":"https:\/\/www.estrategiaconcursos.com.br\/blog\/wp-json\/wp\/v2\/media?parent=1121482"}],"wp:term":[{"taxonomy":"category","embeddable":true,"href":"https:\/\/www.estrategiaconcursos.com.br\/blog\/wp-json\/wp\/v2\/categories?post=1121482"},{"taxonomy":"post_tag","embeddable":true,"href":"https:\/\/www.estrategiaconcursos.com.br\/blog\/wp-json\/wp\/v2\/tags?post=1121482"},{"taxonomy":"tax_estado","embeddable":true,"href":"https:\/\/www.estrategiaconcursos.com.br\/blog\/wp-json\/wp\/v2\/tax_estado?post=1121482"}],"curies":[{"name":"wp","href":"https:\/\/api.w.org\/{rel}","templated":true}]}}