{"id":112071,"date":"2018-03-18T22:42:21","date_gmt":"2018-03-19T01:42:21","guid":{"rendered":"https:\/\/www.estrategiaconcursos.com.br\/blog\/?p=112071"},"modified":"2018-03-18T22:43:27","modified_gmt":"2018-03-19T01:43:27","slug":"gabarito-direito-administrativo-cmbh-questoes-comentadas-com-recurso","status":"publish","type":"post","link":"https:\/\/www.estrategiaconcursos.com.br\/blog\/gabarito-direito-administrativo-cmbh-questoes-comentadas-com-recurso\/","title":{"rendered":"Gabarito Direito Administrativo CMBH &#8211; Quest\u00f5es comentadas (com recurso)"},"content":{"rendered":"<p style=\"text-align: justify\">[Gabarito Direito Administrativo CMBH] Ol\u00e1 pessoal, tudo bem? Como de costume, estamos passando para comentar mais uma prova. Hoje, vamos comentar a prova do concurso da C\u00e2mara Municipal de Belo Horizonte &#8211; CMBH, par ao cargo de T\u00e9cnico Legislativo II.<\/p>\n<p style=\"text-align: justify\">A prova estava bem tranquila. Todos os itens foram abordados com seguran\u00e7a em nosso curso. Na verdade, no Aul\u00e3o Presencial de V\u00e9spera, j\u00e1 abordamos basicamente tudo que foi cobrado nas quest\u00f5es de Direito Administrativo! :)<\/p>\n<p style=\"text-align: justify\">No entanto, desde j\u00e1, adianto que teremos uma quest\u00e3o pass\u00edvel de recurso, pois, no meu ponto de vista, existem dois gabaritos corretos. Vamos explicar j\u00e1 adiante (j\u00e1 com a base para a interposi\u00e7\u00e3o dos recursos).<\/p>\n<p style=\"text-align: justify\">Observa\u00e7\u00e3o: provavelmente, a Consulplan elaborou cadernos distintos. Portanto, confira o seu caderno para ver qual a numera\u00e7\u00e3o real das quest\u00f5es na sua prova.<\/p>\n<p style=\"text-align: justify\">Vamos aos coment\u00e1rios:<\/p>\n<p style=\"text-align: justify\"><img loading=\"lazy\" decoding=\"async\" class=\"aligncenter size-full wp-image-112073\" src=\"https:\/\/dhg1h5j42swfq.cloudfront.net\/2018\/03\/18223418\/42.jpeg\" alt=\"\" width=\"627\" height=\"258\" srcset=\"https:\/\/dhg1h5j42swfq.cloudfront.net\/2018\/03\/18223418\/42.jpeg 627w, https:\/\/dhg1h5j42swfq.cloudfront.net\/2018\/03\/18223418\/42.jpeg 300w, https:\/\/dhg1h5j42swfq.cloudfront.net\/2018\/03\/18223418\/42.jpeg 610w\" sizes=\"auto, (max-width: 627px) 100vw, 627px\" \/><\/p>\n<p style=\"text-align: justify\"><strong><u>Coment\u00e1rio<\/u><\/strong>: a base do princ\u00edpio da autotutela encontra-se na s\u00famula 473 do STF, que disp\u00f5e que: \u201ca administra\u00e7\u00e3o pode anular seus pr\u00f3prios atos, quando eivados de v\u00edcios que os tornam ilegais, porque deles n\u00e3o se originam direitos; ou revog\u00e1-los, por motivo de conveni\u00eancia ou oportunidade, respeitados os direitos adquiridos, e ressalvada, em todos os casos, a aprecia\u00e7\u00e3o judicial\u201d.<\/p>\n<p style=\"text-align: justify\">As alternativas A e C reproduzem os trechos da s\u00famula referentes \u00e0 possibilidade de anular e revogar os atos administrativos, motivo pelo qual est\u00e3o corretas. A letra D, por sua vez, trata basicamente do conceito do princ\u00edpio da autotutela, que permite que a Administra\u00e7\u00e3o anule\/revogue seus atos sem precisar recorrer ao Poder Judici\u00e1rio.<\/p>\n<p style=\"text-align: justify\">Dessa forma, apenas a letra B est\u00e1 incorreta, uma vez que o direito de anular os atos administrativos dos quais decorram efeitos favor\u00e1veis aos destinat\u00e1rios n\u00e3o pode ser exercido a qualquer tempo. Vale dizer que a Lei 9.784\/1999 fixa o prazo decadencial para fins de anula\u00e7\u00e3o desses atos.<\/p>\n<p style=\"text-align: justify\"><strong>Gabarito extraoficial: alternativa B.<\/strong><\/p>\n<p style=\"text-align: justify\"><img loading=\"lazy\" decoding=\"async\" class=\"aligncenter size-full wp-image-112074\" src=\"https:\/\/dhg1h5j42swfq.cloudfront.net\/2018\/03\/18223419\/43.jpeg\" alt=\"\" width=\"635\" height=\"207\" srcset=\"https:\/\/dhg1h5j42swfq.cloudfront.net\/2018\/03\/18223419\/43.jpeg 635w, https:\/\/dhg1h5j42swfq.cloudfront.net\/2018\/03\/18223419\/43.jpeg 300w, https:\/\/dhg1h5j42swfq.cloudfront.net\/2018\/03\/18223419\/43.jpeg 610w\" sizes=\"auto, (max-width: 635px) 100vw, 635px\" \/><\/p>\n<p style=\"text-align: justify\"><strong><u>Coment\u00e1rio<\/u><\/strong>: esse \u00e9 o tipo de quest\u00e3o que, no meu ponto de vista, \u00e9 desnecess\u00e1rio, pois causa muita pol\u00eamica. O nepotismo \u00e9 uma pr\u00e1tica que ofende v\u00e1rios princ\u00edpios constitucionais, principalmente os princ\u00edpios da moralidade e da impessoalidade. Assim, n\u00e3o temos como saber qual \u00e9 o gabarito que a banca vai dar, pois tanto a letra B como a letra C est\u00e3o corretas.<\/p>\n<p style=\"text-align: justify\">Podemos extrair essa conclus\u00e3o pela leitura dos precedentes representativos utilizados pelo STF quando foi elaborada a S\u00famula Vinculante 13, vejamos:<\/p>\n<p style=\"text-align: justify\">\u201cIsto porque a interpreta\u00e7\u00e3o dos mencionados incisos n\u00e3o pode se desapegar dos princ\u00edpios que se veiculam pelo caput do mesmo art. 37. Donde o ju\u00edzo de que as restri\u00e7\u00f5es constantes do ato normativo do CNJ s\u00e3o, no rigor dos termos, as mesmas restri\u00e7\u00f5es j\u00e1 impostas pela Constitui\u00e7\u00e3o de 1988, dedut\u00edveis dos republicanos <strong>princ\u00edpios da <u>impessoalidade<\/u>, da efici\u00eancia, da igualdade e da <u>moralidade<\/u><\/strong>.\u201d (ADC 12 MC, Relator Ministro Ayres Britto, Tribunal Pleno, julgamento em 16.2.2006, DJ de 1.9.2006)<\/p>\n<p style=\"text-align: justify\">\u201cII &#8211; A veda\u00e7\u00e3o do nepotismo n\u00e3o exige a edi\u00e7\u00e3o de lei formal para coibir a pr\u00e1tica. III &#8211; Proibi\u00e7\u00e3o que decorre diretamente <strong>dos princ\u00edpios contidos no art. 37, caput<\/strong>, da Constitui\u00e7\u00e3o Federal.&#8221; (RE 579951, Relator Ministro Ricardo Lewandowski, Tribunal Pleno, julgamento em 20.8.2008, DJe de 24.10.2008)<\/p>\n<p style=\"text-align: justify\">&#8212;<\/p>\n<p style=\"text-align: justify\">Na mesma linha, no voto do Ministro Gilmar Mendes, quando do julgamento da ADC 12 MC (principal precedente utilizado na elabora\u00e7\u00e3o da SV-13), consta o seguinte trecho:<\/p>\n<p style=\"text-align: justify\">&#8221; A indetermina\u00e7\u00e3o sem\u00e2ntica dos princ\u00edpios da moralidade e da impessoalidade n\u00e3o podem ser um obst\u00e1culo \u00e0 determina\u00e7\u00e3o da regra da proibi\u00e7\u00e3o ao nepotismo. Como bem anota GARCIA DE ENTERRIA, na estrutura de todo conceito indeterminado \u00e9 identific\u00e1vel um &#8216;n\u00facleo fixo&#8217; (Begriffkern) ou \u2019zona de certeza&#8217;, que \u00e9 configurada por dados pr\u00e9vios e seguros, dos quais pode ser extra\u00edda uma regra aplic\u00e1vel ao caso. <strong>A veda\u00e7\u00e3o ao nepotismo \u00e9 regra constitucional que est\u00e1 na zona de certeza dos princ\u00edpios da moralidade e da impessoalidade<\/strong>&#8220;.<\/p>\n<p style=\"text-align: justify\">Portanto, n\u00e3o h\u00e1 como identificar um \u00fanico gabarito correto para a quest\u00e3o. As alternativas B e C est\u00e3o corretos. Logo, desde j\u00e1, sugiro que voc\u00eas se preparem para interpor os recursos, utilizando como fundamento os precedentes acima transcritos.<\/p>\n<p style=\"text-align: justify\"><span style=\"color: #ff0000\"><strong>Gabarito extraoficial: alternativas B ou C.<\/strong><\/span><\/p>\n<p style=\"text-align: justify\"><img loading=\"lazy\" decoding=\"async\" class=\"aligncenter size-full wp-image-112075\" src=\"https:\/\/dhg1h5j42swfq.cloudfront.net\/2018\/03\/18223420\/44.jpeg\" alt=\"\" width=\"592\" height=\"294\" srcset=\"https:\/\/dhg1h5j42swfq.cloudfront.net\/2018\/03\/18223420\/44.jpeg 592w, https:\/\/dhg1h5j42swfq.cloudfront.net\/2018\/03\/18223420\/44.jpeg 300w\" sizes=\"auto, (max-width: 592px) 100vw, 592px\" \/><\/p>\n<p style=\"text-align: justify\"><strong><u>Coment\u00e1rio<\/u><\/strong>: a quest\u00e3o \u00e9 tranquila, em que pese a banca tenha \u201ccomplicado\u201d mencionando um julgado do STJ sobre o n\u00e3o cumprimento de um contrato administrativo por parte da Administra\u00e7\u00e3o P\u00fablica.<\/p>\n<p style=\"text-align: justify\">Sobre o tema, nos contratos em geral, vigora o princ\u00edpio da <em>excepctio non adimpleti contractus<\/em>, ou simplesmente exce\u00e7\u00e3o do contrato n\u00e3o cumprido. Esse princ\u00edpio significa que uma parte poder\u00e1 deixar de cumprir as regras contratuais se a outra parte n\u00e3o cumprir com as suas obriga\u00e7\u00f5es. Um exemplo t\u00edpico, no \u00e2mbito privado, seria um pintor parar a pintura do pr\u00e9dio se a pessoa que o contratou atrasar o seu pagamento.<\/p>\n<p style=\"text-align: justify\">S\u00f3 que nos contratos administrativos esse princ\u00edpio encontra uma limita\u00e7\u00e3o, conforme consta no art. 78, XV, que obriga que o contratado suporte atrasos no pagamento at\u00e9 o prazo de 90 dias. Assim, se a Administra\u00e7\u00e3o atrasar um pagamento, o contratado n\u00e3o poder\u00e1 parar de executar o contrato imediatamente. Ser\u00e1 ele obrigado a continuar com as suas obriga\u00e7\u00f5es enquanto o atraso n\u00e3o superar o prazo de 90 dias. O fundamento dessa limita\u00e7\u00e3o \u00e9 o princ\u00edpio da <strong>continuidade<\/strong>, uma vez que os servi\u00e7os p\u00fablicos (analisando a express\u00e3o em um sentido amplo) n\u00e3o podem ser interrompidos.<\/p>\n<p style=\"text-align: justify\"><strong>Gabarito extraoficial: alternativa D.<\/strong><\/p>\n<p style=\"text-align: justify\"><img loading=\"lazy\" decoding=\"async\" class=\"aligncenter size-full wp-image-112076\" src=\"https:\/\/dhg1h5j42swfq.cloudfront.net\/2018\/03\/18223421\/45.jpeg\" alt=\"\" width=\"612\" height=\"354\" srcset=\"https:\/\/dhg1h5j42swfq.cloudfront.net\/2018\/03\/18223421\/45.jpeg 612w, https:\/\/dhg1h5j42swfq.cloudfront.net\/2018\/03\/18223421\/45.jpeg 300w, https:\/\/dhg1h5j42swfq.cloudfront.net\/2018\/03\/18223421\/45.jpeg 610w\" sizes=\"auto, (max-width: 612px) 100vw, 612px\" \/><\/p>\n<p style=\"text-align: justify\"><strong><u>Coment\u00e1rio<\/u><\/strong>: a quest\u00e3o envolve um tema de Direito Constitucional e de Direito Administrativo. Os Poderes do Estado exercem fun\u00e7\u00f5es t\u00edpicas e at\u00edpicas. A fun\u00e7\u00e3o t\u00edpica do Executivo \u00e9 administrar; a do Legislativa \u00e9 legislar e fiscalizar; j\u00e1 ao Judici\u00e1rio compete tipicamente julgar.<\/p>\n<p style=\"text-align: justify\">O gabarito \u00e9 a letra A, uma vez que n\u00e3o existe hierarquia entre as compet\u00eancias do Poder Legislativo.<\/p>\n<p style=\"text-align: justify\">A fun\u00e7\u00e3o fiscalizat\u00f3ria envolve essencialmente o controle externo previsto no art. 70 da Constitui\u00e7\u00e3o Federal, representado principalmente pelo julgamento das contas do Chefe do Poder Executivo (CF, art. 49, IX). Por esse motivo, a letra B est\u00e1 certa.<\/p>\n<p style=\"text-align: justify\">A letra C tamb\u00e9m est\u00e1 certa, uma vez que o objetivo a possibilidade de um Poder exercer o controle sobre a atividade de outro se justifica para evitar excessos e irregularidades.<\/p>\n<p style=\"text-align: justify\">Por fim, a letra D tamb\u00e9m est\u00e1 certa, pois o legislativo pode exercer atipicamente a fun\u00e7\u00e3o administrativa (por exemplo: quando contrata servidores, gerencia seus recursos humanos, firma contratos administrativos, etc.) e a fun\u00e7\u00e3o jurisdicional (exemplo: quando o Senado julga o Presidente da Rep\u00fablica por crimes de responsabilidade).<\/p>\n<p style=\"text-align: justify\"><strong>Gabarito extraoficial: alternativa A.<\/strong><\/p>\n<p style=\"text-align: justify\"><img loading=\"lazy\" decoding=\"async\" class=\"aligncenter size-full wp-image-112072\" src=\"https:\/\/dhg1h5j42swfq.cloudfront.net\/2018\/03\/18223417\/46.jpeg\" alt=\"\" width=\"653\" height=\"238\" srcset=\"https:\/\/dhg1h5j42swfq.cloudfront.net\/2018\/03\/18223417\/46.jpeg 653w, https:\/\/dhg1h5j42swfq.cloudfront.net\/2018\/03\/18223417\/46.jpeg 300w, https:\/\/dhg1h5j42swfq.cloudfront.net\/2018\/03\/18223417\/46.jpeg 610w\" sizes=\"auto, (max-width: 653px) 100vw, 653px\" \/><\/p>\n<p style=\"text-align: justify\"><strong><u>Coment\u00e1rio<\/u>: <\/strong>essa quest\u00e3o tinha \u201cpotencial\u201d para ser dif\u00edcil, mas a banca facilitou a vida de todos, pois o item III est\u00e1 claramente incorreto e ele aparece em tr\u00eas das quatro alternativas. Era s\u00f3 eliminar o item III para saber o gabarito. Vamos analisar os itens:<\/p>\n<p style=\"text-align: justify\">I \u2013 os bens de uso comum do povo n\u00e3o perdem essa caracter\u00edstica se for regulamentado o seu uso oneroso. Um exemplo t\u00edpico \u00e9 a institui\u00e7\u00e3o de ped\u00e1gio para trafegar em rodovias; nesse caso, o bem continua a ser de uso comum \u2013 CORRETO;<\/p>\n<p style=\"text-align: justify\">II \u2013 segundo o C\u00f3digo Civil (art. 98): \u201cs\u00e3o p\u00fablicos os bens do dom\u00ednio nacional pertencentes \u00e0s pessoas jur\u00eddicas de direito p\u00fablico interno; todos os outros s\u00e3o particulares, seja qual for a pessoa a que pertencerem\u201d \u2013 CORRETO;<\/p>\n<p style=\"text-align: justify\">III \u2013 os bens dominicais s\u00e3o aqueles que \u201cque constituem o patrim\u00f4nio das pessoas jur\u00eddicas de direito p\u00fablico, como objeto de direito pessoal, ou real, de cada uma dessas entidades\u201d (CC, art. 99, III). De forma mais simples, os bens dominicais s\u00e3o aqueles que n\u00e3o possuem uma finalidade p\u00fablica espec\u00edfica e, como consequ\u00eancia, s\u00e3o pass\u00edveis de aliena\u00e7\u00e3o \u2013 ERRADA;<\/p>\n<p style=\"text-align: justify\">IV \u2013 os bens de uso comum e de uso especial s\u00e3o inalien\u00e1veis. Por\u00e9m, por meio de um processo de desafeta\u00e7\u00e3o, eles deixar\u00e3o de ter um uso p\u00fablico e, consequentemente, passar\u00e3o \u00e0 categoria de bem dominical. A partir da\u00ed, poder\u00e3o ser alienados \u2013 CORRETO.<\/p>\n<p style=\"text-align: justify\">Logo, os itens I, II e IV est\u00e3o certos.<\/p>\n<p style=\"text-align: justify\"><strong>Gabarito extraoficial: alternativa C.<\/strong><\/p>\n<hr \/>\n<p style=\"text-align: justify\">\u00c9 isso a\u00ed, pessoal! Um grande abra\u00e7o a todos! N\u00e3o deixe de nos seguir nas redes sociais:<\/p>\n<ul style=\"text-align: justify\">\n<li><strong>Instagram<\/strong>: <a href=\"https:\/\/www.instagram.com\/profherbertalmeida\/\" target=\"_blank\" rel=\"noopener\">@profherbertalmeida<\/a><\/li>\n<li><strong>Youtube<\/strong>: \/profherbertalmeida<\/li>\n<li><strong>Facebook<\/strong>:\u00a0<a href=\"https:\/\/www.facebook.com\/profherbertalmeida\/\" target=\"_blank\" rel=\"noopener\">profherbertalmeida<\/a><\/li>\n<\/ul>\n<p style=\"text-align: justify\">Grande abra\u00e7o,<\/p>\n<p style=\"text-align: justify\">Herbert Almeida<\/p>\n<p style=\"text-align: justify\">\n","protected":false},"excerpt":{"rendered":"<p>[Gabarito Direito Administrativo CMBH] Ol\u00e1 pessoal, tudo bem? Como de costume, estamos passando para comentar mais uma prova. Hoje, vamos comentar a prova do concurso da C\u00e2mara Municipal de Belo Horizonte &#8211; CMBH, par ao cargo de T\u00e9cnico Legislativo II. A prova estava bem tranquila. Todos os itens foram abordados com seguran\u00e7a em nosso curso. [&hellip;]<\/p>\n","protected":false},"author":129,"featured_media":0,"comment_status":"open","ping_status":"closed","sticky":false,"template":"","format":"standard","meta":{"post_tipo":"article","footnotes":""},"categories":[1],"tags":[2448,67],"tax_estado":[],"class_list":["post-112071","post","type-post","status-publish","format-standard","hentry","category-cursos-e-concursos","tag-camara-bh","tag-direito-administrativo"],"acf":[],"yoast_head":"<!-- This site is optimized with the Yoast SEO Premium plugin v27.2 (Yoast SEO v27.2) - https:\/\/yoast.com\/product\/yoast-seo-premium-wordpress\/ -->\n<title>Gabarito Direito Administrativo CMBH - Quest\u00f5es comentadas (com recurso)<\/title>\n<meta name=\"description\" content=\"Gabarito Direito Administrativo CMBH - Coment\u00e1rio e gabarito das quest\u00f5es do concurso da C\u00e2mara de Belo Horizonte com proposta de recurso.\" \/>\n<meta name=\"robots\" content=\"index, follow, max-snippet:-1, max-image-preview:large, max-video-preview:-1\" \/>\n<link rel=\"canonical\" href=\"https:\/\/www.estrategiaconcursos.com.br\/blog\/gabarito-direito-administrativo-cmbh-questoes-comentadas-com-recurso\/\" \/>\n<meta property=\"og:locale\" content=\"pt_BR\" \/>\n<meta property=\"og:type\" content=\"article\" \/>\n<meta property=\"og:title\" content=\"Gabarito Direito Administrativo CMBH - Quest\u00f5es comentadas (com recurso)\" \/>\n<meta property=\"og:description\" content=\"Gabarito Direito Administrativo CMBH - Coment\u00e1rio e gabarito das quest\u00f5es do concurso da C\u00e2mara de Belo Horizonte com proposta de recurso.\" \/>\n<meta property=\"og:url\" content=\"https:\/\/www.estrategiaconcursos.com.br\/blog\/gabarito-direito-administrativo-cmbh-questoes-comentadas-com-recurso\/\" \/>\n<meta property=\"og:site_name\" content=\"Estrat\u00e9gia Concursos\" \/>\n<meta property=\"article:published_time\" content=\"2018-03-19T01:42:21+00:00\" \/>\n<meta property=\"article:modified_time\" content=\"2018-03-19T01:43:27+00:00\" \/>\n<meta property=\"og:image\" content=\"https:\/\/www.estrategiaconcursos.com.br\/blog\/wp-content\/uploads\/2018\/03\/42.jpeg\" \/>\n<meta name=\"author\" content=\"Herbert Almeida\" \/>\n<meta name=\"twitter:card\" content=\"summary_large_image\" \/>\n<meta name=\"twitter:creator\" content=\"@EstratConcursos\" \/>\n<meta name=\"twitter:site\" content=\"@EstratConcursos\" \/>\n<meta name=\"twitter:label1\" content=\"Escrito por\" \/>\n\t<meta name=\"twitter:data1\" content=\"Herbert Almeida\" \/>\n\t<meta name=\"twitter:label2\" content=\"Est. tempo de leitura\" \/>\n\t<meta name=\"twitter:data2\" content=\"7 minutos\" \/>\n<script type=\"application\/ld+json\" class=\"yoast-schema-graph\">{\"@context\":\"https:\/\/schema.org\",\"@graph\":[{\"@type\":\"NewsArticle\",\"@id\":\"https:\/\/www.estrategiaconcursos.com.br\/blog\/gabarito-direito-administrativo-cmbh-questoes-comentadas-com-recurso\/#article\",\"isPartOf\":{\"@id\":\"https:\/\/www.estrategiaconcursos.com.br\/blog\/gabarito-direito-administrativo-cmbh-questoes-comentadas-com-recurso\/\"},\"author\":{\"name\":\"Herbert Almeida\",\"@id\":\"https:\/\/www.estrategiaconcursos.com.br\/blog\/#\/schema\/person\/59717c75350fa01aa0fd68a52a8d02e0\"},\"headline\":\"Gabarito Direito Administrativo CMBH &#8211; Quest\u00f5es comentadas (com recurso)\",\"datePublished\":\"2018-03-19T01:42:21+00:00\",\"dateModified\":\"2018-03-19T01:43:27+00:00\",\"mainEntityOfPage\":{\"@id\":\"https:\/\/www.estrategiaconcursos.com.br\/blog\/gabarito-direito-administrativo-cmbh-questoes-comentadas-com-recurso\/\"},\"wordCount\":1436,\"commentCount\":16,\"publisher\":{\"@id\":\"https:\/\/www.estrategiaconcursos.com.br\/blog\/#organization\"},\"image\":{\"@id\":\"https:\/\/www.estrategiaconcursos.com.br\/blog\/gabarito-direito-administrativo-cmbh-questoes-comentadas-com-recurso\/#primaryimage\"},\"thumbnailUrl\":\"https:\/\/www.estrategiaconcursos.com.br\/blog\/wp-content\/uploads\/2018\/03\/42.jpeg\",\"keywords\":[\"C\u00e2mara BH\",\"Direito Administrativo\"],\"articleSection\":[\"Concursos P\u00fablicos\"],\"inLanguage\":\"pt-BR\",\"potentialAction\":[{\"@type\":\"CommentAction\",\"name\":\"Comment\",\"target\":[\"https:\/\/www.estrategiaconcursos.com.br\/blog\/gabarito-direito-administrativo-cmbh-questoes-comentadas-com-recurso\/#respond\"]}],\"copyrightYear\":\"2018\",\"copyrightHolder\":{\"@id\":\"https:\/\/www.estrategiaconcursos.com.br\/blog\/#organization\"}},{\"@type\":\"WebPage\",\"@id\":\"https:\/\/www.estrategiaconcursos.com.br\/blog\/gabarito-direito-administrativo-cmbh-questoes-comentadas-com-recurso\/\",\"url\":\"https:\/\/www.estrategiaconcursos.com.br\/blog\/gabarito-direito-administrativo-cmbh-questoes-comentadas-com-recurso\/\",\"name\":\"Gabarito Direito Administrativo CMBH - Quest\u00f5es comentadas (com recurso)\",\"isPartOf\":{\"@id\":\"https:\/\/www.estrategiaconcursos.com.br\/blog\/#website\"},\"primaryImageOfPage\":{\"@id\":\"https:\/\/www.estrategiaconcursos.com.br\/blog\/gabarito-direito-administrativo-cmbh-questoes-comentadas-com-recurso\/#primaryimage\"},\"image\":{\"@id\":\"https:\/\/www.estrategiaconcursos.com.br\/blog\/gabarito-direito-administrativo-cmbh-questoes-comentadas-com-recurso\/#primaryimage\"},\"thumbnailUrl\":\"https:\/\/www.estrategiaconcursos.com.br\/blog\/wp-content\/uploads\/2018\/03\/42.jpeg\",\"datePublished\":\"2018-03-19T01:42:21+00:00\",\"dateModified\":\"2018-03-19T01:43:27+00:00\",\"description\":\"Gabarito Direito Administrativo CMBH - Coment\u00e1rio e gabarito das quest\u00f5es do concurso da C\u00e2mara de Belo Horizonte com proposta de recurso.\",\"breadcrumb\":{\"@id\":\"https:\/\/www.estrategiaconcursos.com.br\/blog\/gabarito-direito-administrativo-cmbh-questoes-comentadas-com-recurso\/#breadcrumb\"},\"inLanguage\":\"pt-BR\",\"potentialAction\":[{\"@type\":\"ReadAction\",\"target\":[\"https:\/\/www.estrategiaconcursos.com.br\/blog\/gabarito-direito-administrativo-cmbh-questoes-comentadas-com-recurso\/\"]}]},{\"@type\":\"ImageObject\",\"inLanguage\":\"pt-BR\",\"@id\":\"https:\/\/www.estrategiaconcursos.com.br\/blog\/gabarito-direito-administrativo-cmbh-questoes-comentadas-com-recurso\/#primaryimage\",\"url\":\"https:\/\/dhg1h5j42swfq.cloudfront.net\/2018\/03\/18223418\/42.jpeg\",\"contentUrl\":\"https:\/\/dhg1h5j42swfq.cloudfront.net\/2018\/03\/18223418\/42.jpeg\",\"width\":627,\"height\":258},{\"@type\":\"BreadcrumbList\",\"@id\":\"https:\/\/www.estrategiaconcursos.com.br\/blog\/gabarito-direito-administrativo-cmbh-questoes-comentadas-com-recurso\/#breadcrumb\",\"itemListElement\":[{\"@type\":\"ListItem\",\"position\":1,\"name\":\"In\u00edcio\",\"item\":\"https:\/\/www.estrategiaconcursos.com.br\/blog\/\"},{\"@type\":\"ListItem\",\"position\":2,\"name\":\"Gabarito Direito Administrativo CMBH &#8211; Quest\u00f5es comentadas (com recurso)\"}]},{\"@type\":\"WebSite\",\"@id\":\"https:\/\/www.estrategiaconcursos.com.br\/blog\/#website\",\"url\":\"https:\/\/www.estrategiaconcursos.com.br\/blog\/\",\"name\":\"Estrat\u00e9gia Concursos\",\"description\":\"O blog da Estrat\u00e9gia Concursos traz not\u00edcias sobre concursos e artigos de professores oferecendo cursos para concursos (pdf + videaulas) no site.\",\"publisher\":{\"@id\":\"https:\/\/www.estrategiaconcursos.com.br\/blog\/#organization\"},\"potentialAction\":[{\"@type\":\"SearchAction\",\"target\":{\"@type\":\"EntryPoint\",\"urlTemplate\":\"https:\/\/www.estrategiaconcursos.com.br\/blog\/?s={search_term_string}\"},\"query-input\":{\"@type\":\"PropertyValueSpecification\",\"valueRequired\":true,\"valueName\":\"search_term_string\"}}],\"inLanguage\":\"pt-BR\"},{\"@type\":\"Organization\",\"@id\":\"https:\/\/www.estrategiaconcursos.com.br\/blog\/#organization\",\"name\":\"Estrat\u00e9gia Concursos\",\"url\":\"https:\/\/www.estrategiaconcursos.com.br\/blog\/\",\"logo\":{\"@type\":\"ImageObject\",\"inLanguage\":\"pt-BR\",\"@id\":\"https:\/\/www.estrategiaconcursos.com.br\/blog\/#\/schema\/logo\/image\/\",\"url\":\"https:\/\/dhg1h5j42swfq.cloudfront.net\/2025\/06\/03203428\/logo_concursos-1.jpg\",\"contentUrl\":\"https:\/\/dhg1h5j42swfq.cloudfront.net\/2025\/06\/03203428\/logo_concursos-1.jpg\",\"width\":230,\"height\":60,\"caption\":\"Estrat\u00e9gia Concursos\"},\"image\":{\"@id\":\"https:\/\/www.estrategiaconcursos.com.br\/blog\/#\/schema\/logo\/image\/\"},\"sameAs\":[\"https:\/\/x.com\/EstratConcursos\"]},{\"@type\":\"Person\",\"@id\":\"https:\/\/www.estrategiaconcursos.com.br\/blog\/#\/schema\/person\/59717c75350fa01aa0fd68a52a8d02e0\",\"name\":\"Herbert Almeida\",\"image\":{\"@type\":\"ImageObject\",\"inLanguage\":\"pt-BR\",\"@id\":\"https:\/\/secure.gravatar.com\/avatar\/b6461a43893c24d5fc91efc433971ffec025c84c0341129f4578034d77f9a536?s=96&d=mm&r=g\",\"url\":\"https:\/\/secure.gravatar.com\/avatar\/b6461a43893c24d5fc91efc433971ffec025c84c0341129f4578034d77f9a536?s=96&d=mm&r=g\",\"contentUrl\":\"https:\/\/secure.gravatar.com\/avatar\/b6461a43893c24d5fc91efc433971ffec025c84c0341129f4578034d77f9a536?s=96&d=mm&r=g\",\"caption\":\"Herbert Almeida\"},\"url\":\"https:\/\/www.estrategiaconcursos.com.br\/blog\/author\/herbertestrategiaconcursos-com-br\/\"}]}<\/script>\n<!-- \/ Yoast SEO Premium plugin. -->","yoast_head_json":{"title":"Gabarito Direito Administrativo CMBH - Quest\u00f5es comentadas (com recurso)","description":"Gabarito Direito Administrativo CMBH - Coment\u00e1rio e gabarito das quest\u00f5es do concurso da C\u00e2mara de Belo Horizonte com proposta de recurso.","robots":{"index":"index","follow":"follow","max-snippet":"max-snippet:-1","max-image-preview":"max-image-preview:large","max-video-preview":"max-video-preview:-1"},"canonical":"https:\/\/www.estrategiaconcursos.com.br\/blog\/gabarito-direito-administrativo-cmbh-questoes-comentadas-com-recurso\/","og_locale":"pt_BR","og_type":"article","og_title":"Gabarito Direito Administrativo CMBH - Quest\u00f5es comentadas (com recurso)","og_description":"Gabarito Direito Administrativo CMBH - Coment\u00e1rio e gabarito das quest\u00f5es do concurso da C\u00e2mara de Belo Horizonte com proposta de recurso.","og_url":"https:\/\/www.estrategiaconcursos.com.br\/blog\/gabarito-direito-administrativo-cmbh-questoes-comentadas-com-recurso\/","og_site_name":"Estrat\u00e9gia Concursos","article_published_time":"2018-03-19T01:42:21+00:00","article_modified_time":"2018-03-19T01:43:27+00:00","og_image":[{"url":"https:\/\/www.estrategiaconcursos.com.br\/blog\/wp-content\/uploads\/2018\/03\/42.jpeg","type":"","width":"","height":""}],"author":"Herbert Almeida","twitter_card":"summary_large_image","twitter_creator":"@EstratConcursos","twitter_site":"@EstratConcursos","twitter_misc":{"Escrito por":"Herbert Almeida","Est. tempo de leitura":"7 minutos"},"schema":{"@context":"https:\/\/schema.org","@graph":[{"@type":"NewsArticle","@id":"https:\/\/www.estrategiaconcursos.com.br\/blog\/gabarito-direito-administrativo-cmbh-questoes-comentadas-com-recurso\/#article","isPartOf":{"@id":"https:\/\/www.estrategiaconcursos.com.br\/blog\/gabarito-direito-administrativo-cmbh-questoes-comentadas-com-recurso\/"},"author":{"name":"Herbert Almeida","@id":"https:\/\/www.estrategiaconcursos.com.br\/blog\/#\/schema\/person\/59717c75350fa01aa0fd68a52a8d02e0"},"headline":"Gabarito Direito Administrativo CMBH &#8211; Quest\u00f5es comentadas (com recurso)","datePublished":"2018-03-19T01:42:21+00:00","dateModified":"2018-03-19T01:43:27+00:00","mainEntityOfPage":{"@id":"https:\/\/www.estrategiaconcursos.com.br\/blog\/gabarito-direito-administrativo-cmbh-questoes-comentadas-com-recurso\/"},"wordCount":1436,"commentCount":16,"publisher":{"@id":"https:\/\/www.estrategiaconcursos.com.br\/blog\/#organization"},"image":{"@id":"https:\/\/www.estrategiaconcursos.com.br\/blog\/gabarito-direito-administrativo-cmbh-questoes-comentadas-com-recurso\/#primaryimage"},"thumbnailUrl":"https:\/\/www.estrategiaconcursos.com.br\/blog\/wp-content\/uploads\/2018\/03\/42.jpeg","keywords":["C\u00e2mara BH","Direito Administrativo"],"articleSection":["Concursos P\u00fablicos"],"inLanguage":"pt-BR","potentialAction":[{"@type":"CommentAction","name":"Comment","target":["https:\/\/www.estrategiaconcursos.com.br\/blog\/gabarito-direito-administrativo-cmbh-questoes-comentadas-com-recurso\/#respond"]}],"copyrightYear":"2018","copyrightHolder":{"@id":"https:\/\/www.estrategiaconcursos.com.br\/blog\/#organization"}},{"@type":"WebPage","@id":"https:\/\/www.estrategiaconcursos.com.br\/blog\/gabarito-direito-administrativo-cmbh-questoes-comentadas-com-recurso\/","url":"https:\/\/www.estrategiaconcursos.com.br\/blog\/gabarito-direito-administrativo-cmbh-questoes-comentadas-com-recurso\/","name":"Gabarito Direito Administrativo CMBH - Quest\u00f5es comentadas (com recurso)","isPartOf":{"@id":"https:\/\/www.estrategiaconcursos.com.br\/blog\/#website"},"primaryImageOfPage":{"@id":"https:\/\/www.estrategiaconcursos.com.br\/blog\/gabarito-direito-administrativo-cmbh-questoes-comentadas-com-recurso\/#primaryimage"},"image":{"@id":"https:\/\/www.estrategiaconcursos.com.br\/blog\/gabarito-direito-administrativo-cmbh-questoes-comentadas-com-recurso\/#primaryimage"},"thumbnailUrl":"https:\/\/www.estrategiaconcursos.com.br\/blog\/wp-content\/uploads\/2018\/03\/42.jpeg","datePublished":"2018-03-19T01:42:21+00:00","dateModified":"2018-03-19T01:43:27+00:00","description":"Gabarito Direito Administrativo CMBH - Coment\u00e1rio e gabarito das quest\u00f5es do concurso da C\u00e2mara de Belo Horizonte com proposta de recurso.","breadcrumb":{"@id":"https:\/\/www.estrategiaconcursos.com.br\/blog\/gabarito-direito-administrativo-cmbh-questoes-comentadas-com-recurso\/#breadcrumb"},"inLanguage":"pt-BR","potentialAction":[{"@type":"ReadAction","target":["https:\/\/www.estrategiaconcursos.com.br\/blog\/gabarito-direito-administrativo-cmbh-questoes-comentadas-com-recurso\/"]}]},{"@type":"ImageObject","inLanguage":"pt-BR","@id":"https:\/\/www.estrategiaconcursos.com.br\/blog\/gabarito-direito-administrativo-cmbh-questoes-comentadas-com-recurso\/#primaryimage","url":"https:\/\/dhg1h5j42swfq.cloudfront.net\/2018\/03\/18223418\/42.jpeg","contentUrl":"https:\/\/dhg1h5j42swfq.cloudfront.net\/2018\/03\/18223418\/42.jpeg","width":627,"height":258},{"@type":"BreadcrumbList","@id":"https:\/\/www.estrategiaconcursos.com.br\/blog\/gabarito-direito-administrativo-cmbh-questoes-comentadas-com-recurso\/#breadcrumb","itemListElement":[{"@type":"ListItem","position":1,"name":"In\u00edcio","item":"https:\/\/www.estrategiaconcursos.com.br\/blog\/"},{"@type":"ListItem","position":2,"name":"Gabarito Direito Administrativo CMBH &#8211; Quest\u00f5es comentadas (com recurso)"}]},{"@type":"WebSite","@id":"https:\/\/www.estrategiaconcursos.com.br\/blog\/#website","url":"https:\/\/www.estrategiaconcursos.com.br\/blog\/","name":"Estrat\u00e9gia Concursos","description":"O blog da Estrat\u00e9gia Concursos traz not\u00edcias sobre concursos e artigos de professores oferecendo cursos para concursos (pdf + videaulas) no site.","publisher":{"@id":"https:\/\/www.estrategiaconcursos.com.br\/blog\/#organization"},"potentialAction":[{"@type":"SearchAction","target":{"@type":"EntryPoint","urlTemplate":"https:\/\/www.estrategiaconcursos.com.br\/blog\/?s={search_term_string}"},"query-input":{"@type":"PropertyValueSpecification","valueRequired":true,"valueName":"search_term_string"}}],"inLanguage":"pt-BR"},{"@type":"Organization","@id":"https:\/\/www.estrategiaconcursos.com.br\/blog\/#organization","name":"Estrat\u00e9gia Concursos","url":"https:\/\/www.estrategiaconcursos.com.br\/blog\/","logo":{"@type":"ImageObject","inLanguage":"pt-BR","@id":"https:\/\/www.estrategiaconcursos.com.br\/blog\/#\/schema\/logo\/image\/","url":"https:\/\/dhg1h5j42swfq.cloudfront.net\/2025\/06\/03203428\/logo_concursos-1.jpg","contentUrl":"https:\/\/dhg1h5j42swfq.cloudfront.net\/2025\/06\/03203428\/logo_concursos-1.jpg","width":230,"height":60,"caption":"Estrat\u00e9gia Concursos"},"image":{"@id":"https:\/\/www.estrategiaconcursos.com.br\/blog\/#\/schema\/logo\/image\/"},"sameAs":["https:\/\/x.com\/EstratConcursos"]},{"@type":"Person","@id":"https:\/\/www.estrategiaconcursos.com.br\/blog\/#\/schema\/person\/59717c75350fa01aa0fd68a52a8d02e0","name":"Herbert Almeida","image":{"@type":"ImageObject","inLanguage":"pt-BR","@id":"https:\/\/secure.gravatar.com\/avatar\/b6461a43893c24d5fc91efc433971ffec025c84c0341129f4578034d77f9a536?s=96&d=mm&r=g","url":"https:\/\/secure.gravatar.com\/avatar\/b6461a43893c24d5fc91efc433971ffec025c84c0341129f4578034d77f9a536?s=96&d=mm&r=g","contentUrl":"https:\/\/secure.gravatar.com\/avatar\/b6461a43893c24d5fc91efc433971ffec025c84c0341129f4578034d77f9a536?s=96&d=mm&r=g","caption":"Herbert Almeida"},"url":"https:\/\/www.estrategiaconcursos.com.br\/blog\/author\/herbertestrategiaconcursos-com-br\/"}]}},"_links":{"self":[{"href":"https:\/\/www.estrategiaconcursos.com.br\/blog\/wp-json\/wp\/v2\/posts\/112071","targetHints":{"allow":["GET"]}}],"collection":[{"href":"https:\/\/www.estrategiaconcursos.com.br\/blog\/wp-json\/wp\/v2\/posts"}],"about":[{"href":"https:\/\/www.estrategiaconcursos.com.br\/blog\/wp-json\/wp\/v2\/types\/post"}],"author":[{"embeddable":true,"href":"https:\/\/www.estrategiaconcursos.com.br\/blog\/wp-json\/wp\/v2\/users\/129"}],"replies":[{"embeddable":true,"href":"https:\/\/www.estrategiaconcursos.com.br\/blog\/wp-json\/wp\/v2\/comments?post=112071"}],"version-history":[{"count":4,"href":"https:\/\/www.estrategiaconcursos.com.br\/blog\/wp-json\/wp\/v2\/posts\/112071\/revisions"}],"predecessor-version":[{"id":112080,"href":"https:\/\/www.estrategiaconcursos.com.br\/blog\/wp-json\/wp\/v2\/posts\/112071\/revisions\/112080"}],"wp:attachment":[{"href":"https:\/\/www.estrategiaconcursos.com.br\/blog\/wp-json\/wp\/v2\/media?parent=112071"}],"wp:term":[{"taxonomy":"category","embeddable":true,"href":"https:\/\/www.estrategiaconcursos.com.br\/blog\/wp-json\/wp\/v2\/categories?post=112071"},{"taxonomy":"post_tag","embeddable":true,"href":"https:\/\/www.estrategiaconcursos.com.br\/blog\/wp-json\/wp\/v2\/tags?post=112071"},{"taxonomy":"tax_estado","embeddable":true,"href":"https:\/\/www.estrategiaconcursos.com.br\/blog\/wp-json\/wp\/v2\/tax_estado?post=112071"}],"curies":[{"name":"wp","href":"https:\/\/api.w.org\/{rel}","templated":true}]}}