{"id":111814,"date":"2018-03-20T09:03:47","date_gmt":"2018-03-20T12:03:47","guid":{"rendered":"https:\/\/www.estrategiaconcursos.com.br\/blog\/?p=111814"},"modified":"2018-03-20T13:41:48","modified_gmt":"2018-03-20T16:41:48","slug":"portugues-camara-de-bh-tec-leg-ii-gabarito-extraoficial-com-recurso","status":"publish","type":"post","link":"https:\/\/www.estrategiaconcursos.com.br\/blog\/portugues-camara-de-bh-tec-leg-ii-gabarito-extraoficial-com-recurso\/","title":{"rendered":"Portugu\u00eas &#8211; C\u00e2mara de BH TEC LEG II &#8211; Prova comentada COM RECURSOS!"},"content":{"rendered":"<p>Ol\u00e1, pessoal. Tranquilo? Dever cumprido?<\/p>\n<p align=\"justify\">Foi liberado o gabarito preliminar da prova de T\u00e9cnico Legislativo II, segue um breve coment\u00e1rio sobre as quest\u00f5es. Minha refer\u00eancia \u00e9 a prova VERDE.<\/p>\n<p align=\"justify\">H\u00e1 v\u00e1rias possibilidades de recurso, marquei em CAIXA ALTA no coment\u00e1rio das quest\u00f5es 2, 5, 12, 13 e 19.<\/p>\n<p>1- Considerando suas caracter\u00edsticas formais e sem\u00e2nticas&#8230;<\/p>\n<p>Temos um cr\u00f4nica, um texto eminentemente narrativo. Gabarito letra B.<\/p>\n<p align=\"justify\">2- Analise o t\u00edtulo do texto&#8230;<\/p>\n<p align=\"justify\">O t\u00edtulo \u201cTrapezista\u201d se refere \u00e0 compara\u00e7\u00e3o feita pelo protagonista: \u201co casamento \u00e9 como um n\u00famero de trap\u00e9zio, um precisa confiar no outro at\u00e9 de olhos fechados\u201d.<\/p>\n<p align=\"justify\">RECURSO:<\/p>\n<p align=\"justify\">Misteriosamente, a banca deu como gabarito a letra C, &#8220;analogia entre um afazer e a atitude do protagonista&#8221;. Entendo que essa op\u00e7\u00e3o seja errada, primeiro porque a B \u00e9 evidente, h\u00e1 clara refer\u00eancia a uma compara\u00e7\u00e3o que o narrador fez. Segundo porque rigorosamente n\u00e3o estamos falando da atitude do &#8220;protagonista&#8221; em si, na verdade, a confian\u00e7a seria dos dois, do protagonista e da esposa, ou, mais especificamente s\u00f3 dela, j\u00e1 que o narrador pede que ela acredite nele, confie nele, mesmo contra todas as evid\u00eancias.\u00a0 Terceiro, n\u00e3o \u00e9 um vocabul\u00e1rio preciso chamar o casamento de &#8220;atitude&#8221; e chamar um n\u00famero de trap\u00e9zio de AFAZER.<\/p>\n<p align=\"justify\">ESCREVAM COM SUAS PR\u00d3PRIAS PALAVRAS O RACIOC\u00cdNIO ACIMA E TENTEM ANULAR ESSE GABARITO EQUIVOCADO.<\/p>\n<p align=\"justify\">Gabarito letra B.<\/p>\n<p align=\"justify\">3- No que diz respeito \u00e0 perspectiva sob a qual \u00e9 apresentado&#8230;<\/p>\n<p align=\"justify\">A narrativa \u00e9 toda feita da perspectiva do narrador-protagonista, o homem que tenta justificar uma suposta foto sua no carnaval. Ent\u00e3o, naturalmente a reposta deveria ser \u201cunilateral\u201d, pois a narra\u00e7\u00e3o \u00e9 feita sob sua perpectiva. Contudo, h\u00e1 trechos que \u201csimulam\u201d ou \u201csugerem\u201d as poss\u00edveis respostas da mulher, o que daria margem para pensar em \u201cdois lados\u201d, \u201cduas perspectivas\u201d, ambilateralidade. De qualquer forma, como o enunciado fala de \u201crecorte\u201d, a resposta deve ser \u201cunilateral\u201d, um recorte feito pelo autor, segundo seu pr\u00f3prio ponto de vista.<\/p>\n<p align=\"justify\">4- Sobre a constru\u00e7\u00e3o do texto&#8230;<\/p>\n<p align=\"justify\">I- O discurso do personagem n\u00e3o \u00e9 todo coerente e coeso. Ele cai em contradi\u00e7\u00e3o em alguns momentos e se compromete com suas afirma\u00e7\u00f5es.<\/p>\n<p align=\"justify\">II- Sim, em alguns momentos, o autor n\u00e3o observa rigorosamente a norma culta, deixa de usar pontua\u00e7\u00e3o padr\u00e3o em alguns casos, usa contra\u00e7\u00e3o coloquial \u201cpra\u201d, varia\u00e7\u00e3o de grau superlativo em um substantivo (cois\u00edssima), entre outras sutilezas. Essa linguagem mais \u201csolta\u201d tem como finalidade a adequa\u00e7\u00e3o ao estilo din\u00e2mico da narrativa, que reproduz uma conversa telef\u00f4nica, informal, entrecortada.<\/p>\n<p align=\"justify\">III- Esse item \u00e9 bastante perigoso. Pelo mesmo motivo da quest\u00e3o anterior. Existe um suposto di\u00e1logo, pois s\u00f3 temos acesso ao segundo interlocutor porque o narrador reproduz as respostas da esposa. Ent\u00e3o, podemos sim dizer que h\u00e1 um di\u00e1logo e que uma das partes do di\u00e1logo n\u00e3o pode ser vista com exatid\u00e3o.<\/p>\n<p align=\"justify\">5- A partir do final do primeiro par\u00e1grafo&#8230;<\/p>\n<p align=\"justify\">No final do texto, a narrativa nos permite inferir que a esposa come\u00e7ou a aceitar sua argumenta\u00e7\u00e3o, como no trecho:<\/p>\n<p align=\"justify\">\u201cVoc\u00ea quer que eu jure?\u201d. Ent\u00e3o, h\u00e1 sinais de que ele jurou e ela acreditou. Para confirmar essa ideia, temos o trecho: \u201cHa, ha, voc\u00ea \u00e9 demais. Olha, querida: Al\u00f4? S\u00e1bado eu estou a\u00ed, beijo nas crian\u00e7as. Socorro. Eu disse, um beijo.<\/p>\n<p align=\"justify\">Ent\u00e3o, parece que ele teve sucesso na sua estrat\u00e9gia, teve \u201c\u00eaxito\u201d, ent\u00e3o sua estrat\u00e9gia foi \u201cexitosa\u201d.<\/p>\n<p align=\"justify\">Gabarito letra B.<\/p>\n<p align=\"justify\">RECURSO:<\/p>\n<p align=\"justify\">A banca forneceu como gabarito preliminar a op\u00e7\u00e3o<strong> A<\/strong>, &#8220;caidi\u00e7a&#8221;. Creio que seja um erro de digita\u00e7\u00e3o, porque essa palavra n\u00e3o tem qualquer rela\u00e7\u00e3o com o texto. Segundo o Houaiss, &#8220;caidi\u00e7a&#8221; \u00e9 sin\u00f4nimo de &#8220;caduco&#8221;, &#8220;caideiro&#8221;, &#8220;que amea\u00e7a ru\u00edna&#8221;.\u00a0 O enunciado diz claramente &#8220;Considerando o desenrolar da hist\u00f3ria a partir dessa mudan\u00e7a&#8230; Ent\u00e3o, a banca se refere \u00e0 segunda parte da narrativa, a parte final, quando o narrador consegue de certa forma convencer a mulher, tanto que o texto indica que eles v\u00e3o se encontrar&#8230; Ent\u00e3o, podemos inferir que o narrador estava se complicando a princ\u00edpio, mas depois consegue acertar sua estrat\u00e9gia de convencimento da esposa. N\u00e3o vejo qual foi \u00f3tica da banca para entender &#8220;caidi\u00e7a&#8221; como resposta.<\/p>\n<p align=\"justify\">Ainda que voc\u00ea considere o fato de que a mulher n\u00e3o ouviu grande parte da argumenta\u00e7\u00e3o do narrador, &#8220;caidi\u00e7a&#8221; tamb\u00e9m n\u00e3o seria uma boa palavra para indicar sua estrat\u00e9gia. Se ela nem sequer foi ouvida, como podemos dizer que fez efeito ou n\u00e3o? Al\u00e9m do mais, &#8216;caidi\u00e7a&#8217; n\u00e3o \u00e9 sin\u00f4nimo de &#8220;fracassada&#8221;. Algo caidi\u00e7o \u00e9 algo que est\u00e1 por acabar ou j\u00e1 acabou, n\u00e3o tem rela\u00e7\u00e3o a estrat\u00e9gia ser convincente ou n\u00e3o. Ent\u00e3o, entendo que o fim do texto corrobora que o narrador teve sucesso em convencer a mulher, mas n\u00e3o corrobora qualquer valora\u00e7\u00e3o da efic\u00e1cia do argumento que nem sequer foi ouvido. A verdade \u00e9 que nenhuma resposta atende bem o enunciado.<\/p>\n<p align=\"justify\">ESCREVAM COM SUAS PR\u00d3PRIAS PALAVRAS O RACIOC\u00cdNIO ACIMA E TENTEM ANULAR ESSE GABARITO EQUIVOCADO.<\/p>\n<p align=\"justify\">6- O t\u00edtulo da colet\u00e2nea de onde o texto&#8230;<\/p>\n<p align=\"justify\">O argumento falacioso \u00e9 o argumento inconsistente, mentiroso, contradit\u00f3rio em rela\u00e7\u00e3o \u00e0s evid\u00eancias. O narrador, quanto mais fala, mais fala, mais se compromete. H\u00e1 diversos ind\u00edcios de que sua argumenta\u00e7\u00e3o \u00e9 inconsistente, falaciosa, mentirosa. O texto sugere que ele n\u00e3o tinha como saber sobre a foto, sobre detalhes como a cor da saia (Letra C). Al\u00e9m disso, ele diz que estava no escrit\u00f3rio e n\u00e3o sabe explicar porque ent\u00e3o a mulher ligou para l\u00e1 e ningu\u00e9m atendeu (B). Por fim, h\u00e1 claro conflito entre duas partes da fala do autor (letra a): &#8220;N\u00e3o vou nem gritar por socorro&#8221; (segundo par\u00e1grafo) e &#8220;Socorro&#8221; (\u00faltimo par\u00e1grafo).<\/p>\n<p align=\"justify\">Ent\u00e3o, apenas o &#8220;pedido insistente para que a antagonista n\u00e3o desligasse o telefone&#8221; n\u00e3o \u00e9 um ind\u00edcio de sua defesa mentirosa. Ele pede que ela fique no telefone justamente para poder ter chance de argumentar, o que n\u00e3o \u00e9 em si um comportamento contradit\u00f3rio, mas coerente.<\/p>\n<p align=\"justify\">Gabarito letra D.<\/p>\n<p align=\"justify\">7- Analise a frase a seguir: \u201c<b>Querida,<\/b> eu juro que n\u00e3o era eu\u201d&#8230;<\/p>\n<p align=\"justify\">Essa quest\u00e3o foi id\u00eantica \u00e0 que usamos para falar do vocativo em nossa revis\u00e3o de v\u00e9spera. Como aprendemos na aula de pontua\u00e7\u00e3o, o vocativo \u00e9 um chamamento, uma invoca\u00e7\u00e3o do interlocutor. Esse termo \u00e9 marcado por v\u00edrgula. \u201cQuerida\u201d chama a esposa do personagem, do outro lado da linha, temos um vocativo. Gabarito letra C.<\/p>\n<p align=\"justify\">8- Assinale a alternativa que classifica corretamente a fun\u00e7\u00e3o da palavra&#8230;<\/p>\n<p align=\"justify\">Isso \u2013 Pronome demonstrativo.<\/p>\n<p align=\"justify\">Como \u2013 Adv\u00e9rbio interrogativo.<\/p>\n<p align=\"justify\">Voc\u00ea \u2013 Pronome de tratamento.<\/p>\n<p align=\"justify\">Se \u2013 Conjun\u00e7\u00e3o Condicional.<\/p>\n<p align=\"justify\">Gabarito letra A.<\/p>\n<p align=\"justify\">9- Analise a frase a seguir: \u201c[&#8230;] Olha, se voc\u00ea estivesse aqui&#8230;\u201d<\/p>\n<p align=\"justify\">A banca pede a afirmativa que N\u00c3O podemos fazer. N\u00e3o podemos dizer que \u201colha\u201d \u00e9 um pedido literal para que a esposa realize a a\u00e7\u00e3o suscitada pelo verbo olhar, n\u00e3o \u00e9 para olhar, at\u00e9 porque n\u00e3o \u00e9 poss\u00edvel olhar para o telefone. Este \u00e9 um marcador discursivo que pede \u201caten\u00e7\u00e3o\u201d ao ouvinte, que solicita que analise o que vai ser dito.<\/p>\n<p align=\"justify\">Gabarito letra C.<\/p>\n<p align=\"justify\">10- No decorrer do texto, tendo em vista prop\u00f3sitos discursivos, o autor utiliza palavras&#8230;<\/p>\n<p align=\"justify\">A varia\u00e7\u00e3o lingu\u00edstica situacional se refere ao contexto, \u00e0 situa\u00e7\u00e3o concreta, \u00e0 adequa\u00e7\u00e3o da linguagem ao momento, n\u00edvel de formalidade, familiaridade entre os locutores e outros aspectos da situa\u00e7\u00e3o comunicativa espec\u00edfica. No caso, temos uma liga\u00e7\u00e3o telef\u00f4nica, informal, din\u00e2mica, registrada numa cr\u00f4nica.<\/p>\n<p align=\"justify\">Gabarito letra D.<\/p>\n<p align=\"justify\">11. Considerando suas caracter\u00edsticas formais e sem\u00e2nticas, o texto se apresenta como um texto;<\/p>\n<p align=\"justify\">O texto \u00e9 predominantemente expositivo, pois tem como finalidade principal mostrar por que Marte perdeu sua \u00e1gua e ficou diferente da terra. Os textos que partem diretamente de uma pergunta, como \u00e9 o caso dessa quest\u00e3o, s\u00e3o tipicamente classificados como expositivos-explicativos.<\/p>\n<p align=\"justify\">Gabarito letra C (expositivo).<\/p>\n<p align=\"justify\">12- Considerando as informa\u00e7\u00f5es levadas ao texto, \u00e9 correto afirmar&#8230;<\/p>\n<p align=\"justify\">Quest\u00e3o bastante capciosa. Logo no come\u00e7o, o texto usa express\u00f5es como \u201cin\u00f3spita\u201d e \u201crecurso crucial para o desenvolvimento da vida\u201d. Ent\u00e3o, existe uma rela\u00e7\u00e3o direta entre haver \u00e1gua no planeta e este planeta ser habit\u00e1vel. As diferen\u00e7as entre a Terra e Marte n\u00e3o devem ser consideradas o tema central do texto, apenas fazem parte da explica\u00e7\u00e3o de n\u00e3o haver \u00e1gua l\u00e1 e haver \u00e1gua aqui e, portanto, a Terra ser habit\u00e1vel e Marte n\u00e3o ser habit\u00e1vel. H\u00e1 uma rela\u00e7\u00e3o sem\u00e2ntica direta entre \u00e1gua e &#8220;hospitalidade&#8221; do planeta, possibilidade de receber vida. Ent\u00e3o, o gabarito deve ser a letra B.<\/p>\n<p align=\"justify\">Como eu antecipei no gabarito extraoficial, sabia que a banca poderia considerar como correta a letra D, mas h\u00e1 um problema s\u00e9rio nesta alternativa. Vejamos:<\/p>\n<p align=\"justify\"><strong>RECURSO:<\/strong><\/p>\n<p align=\"justify\">A letra D \u00e9 perigosa e foi considerada correta pela banca.\u00a0 (As causas de n\u00e3o haver recursos h\u00eddricos relevantes em Marte). Parece verdadeira, mas o texto n\u00e3o diz que n\u00e3o h\u00e1 \u201crecursos h\u00eddricos <strong>relevantes<\/strong>\u201d, diz que Marte \u00e9 seco e \u00e1rido, n\u00e3o h\u00e1 \u00e1gua NENHUMA. Veja no texto:<\/p>\n<p align=\"justify\">\u201c<i><b>Uma das teorias vigentes \u00e9 de que a \u00e1gua sumiu do planeta vermelho\u201d. Ent\u00e3o, o texto sugere que n\u00e3o h\u00e1 \u00e1gua alguma, n\u00e3o \u00e9 apenas \u201c\u00e1gua em quantidade relevante\u201d.<\/b><\/i><\/p>\n<p align=\"justify\"><i><b>&#8230;n\u00e3o permite explicar o desaparecimento de TODA A \u00c1GUA DO PLANETA&#8230;<\/b><\/i><\/p>\n<p align=\"justify\">Veja que \u00e9 clara a diferen\u00e7a:<\/p>\n<p align=\"justify\"><em>N\u00e3o tenho uma quantidade relevante de dinheiro.\u00a0<\/em><\/p>\n<p align=\"justify\"><em>N\u00e3o tenho dinheiro nenhum, todo o dinheiro desapareceu.\u00a0<\/em><\/p>\n<p align=\"justify\">Essa \u00e9 a mesma diferen\u00e7a que temos no texto, ent\u00e3o n\u00e3o h\u00e1 como sustentar esse gabarito preliminar da banca.<\/p>\n<p align=\"justify\">ESCREVAM COM SUAS PR\u00d3PRIAS PALAVRAS O RACIOC\u00cdNIO ACIMA E PE\u00c7AM MUDAN\u00c7A DE GABARITO PARA A LETRA B, OU ANULA\u00c7\u00c3O.<\/p>\n<p align=\"justify\">13- De acordo com o texto, s\u00f3 N\u00c3O constitui um fator que provocou o desaparecimento da \u00e1gua em Marte&#8230;<\/p>\n<p align=\"justify\">Veja:<\/p>\n<p align=\"justify\">\u201cNo entanto, um estudo recente feito por cientistas da Universidade de Oxford, no Reino Unido, mostrou que a <b>perda do campo Magn\u00e9tico<\/b> n\u00e3o permite explicar o desaparecimento de toda a \u00e1gua que existia no planeta.\u201d<\/p>\n<p align=\"justify\">\u201cO c\u00e1lculo incluiu fatores como a <b>temperatura das pedras<\/b> e a <b>press\u00e3o atmosf\u00e9rica<\/b>. Os resultados mostram que <b>as rochas levaram grande parte da \u00e1gua da superf\u00edcie para o interior do planeta.<\/b><\/p>\n<p align=\"justify\">Veja que n\u00e3o h\u00e1 \u201cmanuten\u00e7\u00e3o das rochas na superf\u00edcie\u201d, as rochas n\u00e3o ficam na superf\u00edcie, elas afundam:<\/p>\n<p align=\"justify\">\u201cEssas rochas ent\u00e3o se afundaram no manto&#8230;\u201d<\/p>\n<p align=\"justify\">Gabarito letra D.<\/p>\n<p align=\"justify\">Obs: essa quest\u00e3o tamb\u00e9m \u00e9 bastante problem\u00e1tica, pois n\u00e3o se falou no texto de \u201cpress\u00e3o atmosf\u00e9rica DAS PEDRAS\u201d, isso macula a alternativa. A press\u00e3o atmosf\u00e9rica e as pedras s\u00e3o fatores diferentes! Recorram tamb\u00e9m (C e D n\u00e3o s\u00e3o fundamentadas no texto)!<\/p>\n<p align=\"justify\">14- De acordo com o texto, a Terra n\u00e3o passou por um processo&#8230;<\/p>\n<p align=\"justify\">Veja:<\/p>\n<p align=\"justify\">Diferen\u00e7as sutis, mas importantes:<\/p>\n<p align=\"justify\"><i>Por que a terra n\u00e3o passou por um processo parecido?<\/i><\/p>\n<p align=\"justify\"><i>Segundo os pesquisadores [\u2026] \u201cMarte \u00e9 um planeta muito menor do que a terra <b>(dimens\u00e3o da terra)<\/b>, com um perfil de temperatura diferente <b>(temperatura da terra)<\/b> e uma quantidade muito maior de ferro em seu manto <b>(as propriedades qu\u00edmicas do manto da terra)<\/b>. <\/i><\/p>\n<p align=\"justify\">Observem que n\u00e3o h\u00e1 \u201cincapacidade reativa em Marte\u201d:<\/p>\n<p align=\"justify\">Esses fatores permitiram que a superf\u00edcie de Marte fosse MAIS REATIVA \u00c1 \u00c1GUA que a nossa&#8230;<\/p>\n<p align=\"justify\">Gabarito letra D.<\/p>\n<p align=\"justify\">15-Analise o trecho a seguir: \u201c<i><u><b>Embora<\/b><\/u><\/i> a superf\u00edcie&#8230;<\/p>\n<p align=\"justify\">Quest\u00e3o direta. \u201cEmbora\u201d \u00e9 conjun\u00e7\u00e3o adverbial concessiva, indica uma concess\u00e3o.<\/p>\n<p align=\"justify\">Gabarito letra A.<\/p>\n<p align=\"justify\">16- Das alternativas apresentadas, em apenas uma o uso do acento gr\u00e1fico \u00e9 aplicado&#8230;<\/p>\n<p align=\"justify\">Quest\u00e3o id\u00eantica \u00e0 mostrada na nossa revis\u00e3o de v\u00e9spera, at\u00e9 com as mesmas palavras. Vejamos:<\/p>\n<p align=\"justify\">H\u00e1 e \u00c9 (monoss\u00edlabo t\u00f4nicos)<\/p>\n<p align=\"justify\">\u00c1-gua (regra da parox\u00edtona terminada em ditongo) e Poss\u00edvel (parox\u00edtona terminada em L, regra geral)<\/p>\n<p align=\"justify\">A-p\u00f3s e Tam-b\u00e9m (Regra geral das ox\u00edtonas \u2013 terminadas em A(s), E(s), <b>O(s)<\/b>, <b>Em<\/b>, Ens (s))<\/p>\n<p align=\"justify\">\u00c1-ri-da e i-n\u00f3s-pi-ta (Todas as proparox\u00edtonas s\u00e3o acentuadas)<\/p>\n<p align=\"justify\">Gabarito letra B.<\/p>\n<p align=\"justify\">17- \u201c[&#8230;] Um estudo recente feito por cientistas&#8230;<\/p>\n<p align=\"justify\">I- Certo.<\/p>\n<p align=\"justify\">Um estudo mostrou [algo]<\/p>\n<p align=\"justify\">Um estudo mostrou [que a perda&#8230;no planeta]<\/p>\n<p align=\"justify\">Um estudo mostrou [ISTO]<\/p>\n<p align=\"justify\">II e III- Certos. Aqui, a l\u00f3gica \u00e9 parecida, mas a ora\u00e7\u00e3o subordinada substantiva objetiva direta est\u00e1 em forma reduzida de infinitivo, sem a conjun\u00e7\u00e3o QUE:<\/p>\n<p align=\"justify\"><b>A perda do campo magn\u00e9tico n\u00e3o permite<\/b> [Algo]<\/p>\n<p align=\"justify\"><b>A perda do campo magn\u00e9tico n\u00e3o permite<\/b> [explicar o desaparecimento de toda \u00e1gua que existia no planeta]<\/p>\n<p align=\"justify\"><b>A perda do campo magn\u00e9tico n\u00e3o permite<\/b> [ISTO]<\/p>\n<p align=\"justify\">A primeira ora\u00e7\u00e3o \u00e9 a principal e a segunda \u00e9 o complemento do verbo \u201cpermitir\u201d, uma ora\u00e7\u00e3o subordinada substantiva objetiva direta.<\/p>\n<p align=\"justify\">Gabarito letra A.<\/p>\n<p align=\"justify\">18- \u201c O resto, segundo a pesquisa, <u><b>foi absorvido<\/b><\/u> pelas rochas de basalto\u201d&#8230;<\/p>\n<p align=\"justify\">Outra quest\u00e3o ID\u00caNTICA \u00e0 que trabalhamos na revis\u00e3o de v\u00e9spera.<\/p>\n<p align=\"justify\">I \u2013 Certo. A ora\u00e7\u00e3o est\u00e1 sim na voz passiva anal\u00edtica, pois \u00e9 formada de SER+partic\u00edpio. O sujeito paciente \u00e9 \u201cO resto\u201d e o agente da passiva \u00e9 \u201cpelas rochas de basalto\u201d.<\/p>\n<p align=\"justify\">II- Certo. O sujeito \u201co resto\u201d sofreu a a\u00e7\u00e3o de ser absorvido. Temos sujeito passivo\/paciente.<\/p>\n<p align=\"justify\">III- Errado. \u201cpelas rochas de basalto\u201d \u00e9 agente da passiva.<\/p>\n<p align=\"justify\">Gabarito letra C.<\/p>\n<p align=\"justify\">19- Em \u201cEste processo foi t\u00e3o inteso que \u00e9 estimado que a crosta terrestre <u><b>tenha consumido<\/b><\/u> um oceano de mais de 3 Km de profundidade&#8230;<\/p>\n<p align=\"justify\">A banca deu como resposta a letra D, &#8220;presente do subjuntivo&#8221;. No entanto,\u00a0<u><b>Tenha consumido<\/b><\/u> \u00e9 locu\u00e7\u00e3o do <b>Pret\u00e9rito perfeito composto do subjuntivo<\/b>, tempo formado pelo verbo auxiliar TER\/HAVER no presente do subjuntivo + PARTIC\u00cdPIO<\/p>\n<p align=\"justify\">Vejam o trecho na gram\u00e1tica do Bechara (Moderna Gram\u00e1tica Portuguesa, 37\u00aa edi\u00e7\u00e3o, editora Fronteira, 2009, p\u00e1gina 231):<\/p>\n<p align=\"justify\">&#8220;V\u00e1rias s\u00e3o as aplica\u00e7\u00f5es dos verbos auxiliares da l\u00edngua portuguesa:<br \/>\n1 \u2013 ter, haver (raramente) e ser (mais raramente) se combinam com o partic\u00edpio do verbo<br \/>\nprincipal para constitu\u00edrem novos tempos, chamados compostos, que, unidos aos simples,<br \/>\nformam o quadro completo da conjuga\u00e7\u00e3o da voz ativa. Estas combina\u00e7\u00f5es exprimem que a<br \/>\na\u00e7\u00e3o verbal est\u00e1 conclu\u00edda.<br \/>\nTemos nove formas compostas:<br \/>\nIndicativo<br \/>\na) pret\u00e9rito perfeito composto: tenho ou hei cantado, vendido, partido;<br \/>\nb) pret\u00e9rito mais-que-perfeito: tinha ou havia cantado, vendido, partido;<br \/>\nc) futuro do presente composto: terei ou haverei cantado, vendido, partido;<br \/>\nd) futuro do pret\u00e9rito composto: teria ou haveria cantado, vendido, partido;<br \/>\nObserva\u00e7\u00e3o: A l\u00edngua moderna p\u00f4s de lado a forma tive cantado, corrente no Portugu\u00eas antigo.<\/p>\n<p align=\"justify\"><span style=\"text-decoration: underline;font-size: 14pt\"><strong>Subjuntivo<\/strong><\/span><br \/>\n<span style=\"text-decoration: underline;font-size: 14pt\"><strong>a) pret\u00e9rito perfeito: tenha ou haja cantado, vendido, partido;<\/strong><\/span><br \/>\nb) pret\u00e9rito mais-que-perfeito: tivesse ou houvesse cantado, vendido, partido;<br \/>\nc) futuro composto: tiver ou houver cantado, vendido, partido;&#8221;<\/p>\n<p align=\"justify\">Observe que n\u00e3o h\u00e1 essa classifica\u00e7\u00e3o entre as alternativas. A banca se equivocou e quis se referir apenas ao \u201ctenha\u201d, verbo no presente do subjuntivo. No entanto, disse claramente no enunciado \u201ca locu\u00e7\u00e3o destacada\u201d, ent\u00e3o <b>n\u00e3o h\u00e1 resposta correta para esta quest\u00e3o. <\/b><\/p>\n<p align=\"justify\">O gabarito (letra D na prova verde) \u00e9 patentemente equivocado. PE\u00c7AM ANULA\u00c7\u00c3O<\/p>\n<p align=\"justify\"><b>20-<\/b> Assinale a alternativa cujo conte\u00fado apresente a correla\u00e7\u00e3o correta entre a palavra e o processo que lhe tenha formado.<\/p>\n<p align=\"justify\">Essa quest\u00e3o foi \u201cdada\u201d na nossa revis\u00e3o de v\u00e9spera, \u201cdada\u201d literalmente, pois foi cobrada exatamente a mesma palavra que usamos como exemplo de composi\u00e7\u00e3o por aglutina\u00e7\u00e3o:<\/p>\n<p align=\"justify\">Embora (em+boa+hora). As palavras se aglutinam com perda de elementos estruturais, trata-se de exemplo cl\u00e1ssico de composi\u00e7\u00e3o por aglutina\u00e7\u00e3o.<\/p>\n<p align=\"justify\">Gabarito letra B.<\/p>\n<p align=\"justify\">\u201cIntenso\u201d n\u00e3o pode ser formada por deriva\u00e7\u00e3o regressiva, porque esse processo forma substantivos abstratos derivados de a\u00e7\u00e3o, n\u00e3o forma adjetivo.<\/p>\n<p align=\"justify\">Atmosf\u00e9r<b>ica<\/b> &#8211; deriva de \u201catmosfera\u201d e apenas recebeu sufixo formador de adjetivo.<\/p>\n<p align=\"justify\">Desapareci<b>mento<\/b>&#8211; temos deriva\u00e7\u00e3o sufixal, formando substantivo a partir do verbo \u2018desaparecer\u2019.<\/p>\n<p align=\"justify\">Ent\u00e3o \u00e9 isso, pessoal. Recebi fotos pouco n\u00edtidas, tive at\u00e9 dificuldade de ler algumas partes. Vou alimentar esse artigo quando puder colar os textos, esse \u00e9 um coment\u00e1rio breve mesmo s\u00f3 para aliviar que est\u00e1 j\u00e1 querendo saber com foi na prova.<\/p>\n<p align=\"justify\">Espero que tenham ido muito bem e aproveitado nossa revis\u00e3o de v\u00e9spera, que previu muitas quest\u00f5es desta prova!<\/p>\n<p align=\"justify\">Grande abra\u00e7o!<\/p>\n<p align=\"justify\"><img loading=\"lazy\" decoding=\"async\" class=\"aligncenter size-large wp-image-112085\" src=\"https:\/\/dhg1h5j42swfq.cloudfront.net\/2018\/03\/18230842\/Prova-CMBH-foto-1.jpg\" alt=\"\" width=\"576\" height=\"1024\" srcset=\"https:\/\/dhg1h5j42swfq.cloudfront.net\/2018\/03\/18230842\/Prova-CMBH-foto-1.jpg 720w, https:\/\/dhg1h5j42swfq.cloudfront.net\/2018\/03\/18230842\/Prova-CMBH-foto-1.jpg 169w, https:\/\/dhg1h5j42swfq.cloudfront.net\/2018\/03\/18230842\/Prova-CMBH-foto-1.jpg 576w, https:\/\/dhg1h5j42swfq.cloudfront.net\/2018\/03\/18230842\/Prova-CMBH-foto-1.jpg 610w\" sizes=\"auto, (max-width: 576px) 100vw, 576px\" \/><img loading=\"lazy\" decoding=\"async\" class=\"aligncenter size-large wp-image-112084\" src=\"https:\/\/dhg1h5j42swfq.cloudfront.net\/2018\/03\/18230840\/Prova-CMBH-foto-2.jpg\" alt=\"\" width=\"576\" height=\"1024\" srcset=\"https:\/\/dhg1h5j42swfq.cloudfront.net\/2018\/03\/18230840\/Prova-CMBH-foto-2.jpg 720w, https:\/\/dhg1h5j42swfq.cloudfront.net\/2018\/03\/18230840\/Prova-CMBH-foto-2.jpg 169w, https:\/\/dhg1h5j42swfq.cloudfront.net\/2018\/03\/18230840\/Prova-CMBH-foto-2.jpg 576w, https:\/\/dhg1h5j42swfq.cloudfront.net\/2018\/03\/18230840\/Prova-CMBH-foto-2.jpg 610w\" sizes=\"auto, (max-width: 576px) 100vw, 576px\" \/><\/p>\n<p align=\"justify\"><img loading=\"lazy\" decoding=\"async\" class=\"aligncenter size-full wp-image-112086\" src=\"https:\/\/dhg1h5j42swfq.cloudfront.net\/2018\/03\/18230952\/Prova-CMBH-foto-4.png\" alt=\"\" width=\"442\" height=\"609\" srcset=\"https:\/\/dhg1h5j42swfq.cloudfront.net\/2018\/03\/18230952\/Prova-CMBH-foto-4.png 442w, https:\/\/dhg1h5j42swfq.cloudfront.net\/2018\/03\/18230952\/Prova-CMBH-foto-4.png 218w\" sizes=\"auto, (max-width: 442px) 100vw, 442px\" \/><img loading=\"lazy\" decoding=\"async\" class=\"aligncenter size-large wp-image-112083\" src=\"https:\/\/dhg1h5j42swfq.cloudfront.net\/2018\/03\/18230838\/Prova-CMBH-foto-3.jpg\" alt=\"\" width=\"576\" height=\"1024\" srcset=\"https:\/\/dhg1h5j42swfq.cloudfront.net\/2018\/03\/18230838\/Prova-CMBH-foto-3.jpg 720w, https:\/\/dhg1h5j42swfq.cloudfront.net\/2018\/03\/18230838\/Prova-CMBH-foto-3.jpg 169w, https:\/\/dhg1h5j42swfq.cloudfront.net\/2018\/03\/18230838\/Prova-CMBH-foto-3.jpg 576w, https:\/\/dhg1h5j42swfq.cloudfront.net\/2018\/03\/18230838\/Prova-CMBH-foto-3.jpg 610w\" sizes=\"auto, (max-width: 576px) 100vw, 576px\" \/><\/p>\n","protected":false},"excerpt":{"rendered":"<p>Ol\u00e1, pessoal. Tranquilo? Dever cumprido? Foi liberado o gabarito preliminar da prova de T\u00e9cnico Legislativo II, segue um breve coment\u00e1rio sobre as quest\u00f5es. Minha refer\u00eancia \u00e9 a prova VERDE. H\u00e1 v\u00e1rias possibilidades de recurso, marquei em CAIXA ALTA no coment\u00e1rio das quest\u00f5es 2, 5, 12, 13 e 19. 1- Considerando suas caracter\u00edsticas formais e sem\u00e2nticas&#8230; [&hellip;]<\/p>\n","protected":false},"author":1,"featured_media":0,"comment_status":"open","ping_status":"closed","sticky":false,"template":"","format":"standard","meta":{"post_tipo":"article","footnotes":""},"categories":[1],"tags":[],"tax_estado":[],"class_list":["post-111814","post","type-post","status-publish","format-standard","hentry","category-cursos-e-concursos"],"acf":[],"yoast_head":"<!-- This site is optimized with the Yoast SEO Premium plugin v27.2 (Yoast SEO v27.2) - https:\/\/yoast.com\/product\/yoast-seo-premium-wordpress\/ -->\n<title>Portugu\u00eas - C\u00e2mara de BH TEC LEG II - Prova comentada COM RECURSOS!<\/title>\n<meta name=\"robots\" content=\"index, follow, max-snippet:-1, max-image-preview:large, max-video-preview:-1\" \/>\n<link rel=\"canonical\" href=\"https:\/\/www.estrategiaconcursos.com.br\/blog\/portugues-camara-de-bh-tec-leg-ii-gabarito-extraoficial-com-recurso\/\" \/>\n<meta property=\"og:locale\" content=\"pt_BR\" \/>\n<meta property=\"og:type\" content=\"article\" \/>\n<meta property=\"og:title\" content=\"Portugu\u00eas - C\u00e2mara de BH TEC LEG II - Prova comentada COM RECURSOS!\" \/>\n<meta property=\"og:description\" content=\"Ol\u00e1, pessoal. Tranquilo? Dever cumprido? Foi liberado o gabarito preliminar da prova de T\u00e9cnico Legislativo II, segue um breve coment\u00e1rio sobre as quest\u00f5es. Minha refer\u00eancia \u00e9 a prova VERDE. H\u00e1 v\u00e1rias possibilidades de recurso, marquei em CAIXA ALTA no coment\u00e1rio das quest\u00f5es 2, 5, 12, 13 e 19. 1- Considerando suas caracter\u00edsticas formais e sem\u00e2nticas&#8230; [&hellip;]\" \/>\n<meta property=\"og:url\" content=\"https:\/\/www.estrategiaconcursos.com.br\/blog\/portugues-camara-de-bh-tec-leg-ii-gabarito-extraoficial-com-recurso\/\" \/>\n<meta property=\"og:site_name\" content=\"Estrat\u00e9gia Concursos\" \/>\n<meta property=\"article:author\" content=\"https:\/\/www.facebook.com\/EstrategiaConcursos\" \/>\n<meta property=\"article:published_time\" content=\"2018-03-20T12:03:47+00:00\" \/>\n<meta property=\"article:modified_time\" content=\"2018-03-20T16:41:48+00:00\" \/>\n<meta property=\"og:image\" content=\"https:\/\/www.estrategiaconcursos.com.br\/blog\/wp-content\/uploads\/2018\/03\/Prova-CMBH-foto-1-576x1024.jpg\" \/>\n<meta name=\"author\" content=\"Coordena\u00e7\u00e3o\" \/>\n<meta name=\"twitter:card\" content=\"summary_large_image\" \/>\n<meta name=\"twitter:creator\" content=\"@EstratConcursos\" \/>\n<meta name=\"twitter:site\" content=\"@EstratConcursos\" \/>\n<meta name=\"twitter:label1\" content=\"Escrito por\" \/>\n\t<meta name=\"twitter:data1\" content=\"Coordena\u00e7\u00e3o\" \/>\n\t<meta name=\"twitter:label2\" content=\"Est. tempo de leitura\" \/>\n\t<meta name=\"twitter:data2\" content=\"14 minutos\" \/>\n<script type=\"application\/ld+json\" class=\"yoast-schema-graph\">{\"@context\":\"https:\/\/schema.org\",\"@graph\":[{\"@type\":\"NewsArticle\",\"@id\":\"https:\/\/www.estrategiaconcursos.com.br\/blog\/portugues-camara-de-bh-tec-leg-ii-gabarito-extraoficial-com-recurso\/#article\",\"isPartOf\":{\"@id\":\"https:\/\/www.estrategiaconcursos.com.br\/blog\/portugues-camara-de-bh-tec-leg-ii-gabarito-extraoficial-com-recurso\/\"},\"author\":{\"name\":\"Coordena\u00e7\u00e3o\",\"@id\":\"https:\/\/www.estrategiaconcursos.com.br\/blog\/#\/schema\/person\/b4a388c97673c5f483d72185668afa1f\"},\"headline\":\"Portugu\u00eas &#8211; C\u00e2mara de BH TEC LEG II &#8211; Prova comentada COM RECURSOS!\",\"datePublished\":\"2018-03-20T12:03:47+00:00\",\"dateModified\":\"2018-03-20T16:41:48+00:00\",\"mainEntityOfPage\":{\"@id\":\"https:\/\/www.estrategiaconcursos.com.br\/blog\/portugues-camara-de-bh-tec-leg-ii-gabarito-extraoficial-com-recurso\/\"},\"wordCount\":2782,\"commentCount\":25,\"publisher\":{\"@id\":\"https:\/\/www.estrategiaconcursos.com.br\/blog\/#organization\"},\"image\":{\"@id\":\"https:\/\/www.estrategiaconcursos.com.br\/blog\/portugues-camara-de-bh-tec-leg-ii-gabarito-extraoficial-com-recurso\/#primaryimage\"},\"thumbnailUrl\":\"https:\/\/www.estrategiaconcursos.com.br\/blog\/wp-content\/uploads\/2018\/03\/Prova-CMBH-foto-1-576x1024.jpg\",\"articleSection\":[\"Concursos P\u00fablicos\"],\"inLanguage\":\"pt-BR\",\"potentialAction\":[{\"@type\":\"CommentAction\",\"name\":\"Comment\",\"target\":[\"https:\/\/www.estrategiaconcursos.com.br\/blog\/portugues-camara-de-bh-tec-leg-ii-gabarito-extraoficial-com-recurso\/#respond\"]}],\"copyrightYear\":\"2018\",\"copyrightHolder\":{\"@id\":\"https:\/\/www.estrategiaconcursos.com.br\/blog\/#organization\"}},{\"@type\":\"WebPage\",\"@id\":\"https:\/\/www.estrategiaconcursos.com.br\/blog\/portugues-camara-de-bh-tec-leg-ii-gabarito-extraoficial-com-recurso\/\",\"url\":\"https:\/\/www.estrategiaconcursos.com.br\/blog\/portugues-camara-de-bh-tec-leg-ii-gabarito-extraoficial-com-recurso\/\",\"name\":\"Portugu\u00eas - C\u00e2mara de BH TEC LEG II - Prova comentada COM RECURSOS!\",\"isPartOf\":{\"@id\":\"https:\/\/www.estrategiaconcursos.com.br\/blog\/#website\"},\"primaryImageOfPage\":{\"@id\":\"https:\/\/www.estrategiaconcursos.com.br\/blog\/portugues-camara-de-bh-tec-leg-ii-gabarito-extraoficial-com-recurso\/#primaryimage\"},\"image\":{\"@id\":\"https:\/\/www.estrategiaconcursos.com.br\/blog\/portugues-camara-de-bh-tec-leg-ii-gabarito-extraoficial-com-recurso\/#primaryimage\"},\"thumbnailUrl\":\"https:\/\/www.estrategiaconcursos.com.br\/blog\/wp-content\/uploads\/2018\/03\/Prova-CMBH-foto-1-576x1024.jpg\",\"datePublished\":\"2018-03-20T12:03:47+00:00\",\"dateModified\":\"2018-03-20T16:41:48+00:00\",\"breadcrumb\":{\"@id\":\"https:\/\/www.estrategiaconcursos.com.br\/blog\/portugues-camara-de-bh-tec-leg-ii-gabarito-extraoficial-com-recurso\/#breadcrumb\"},\"inLanguage\":\"pt-BR\",\"potentialAction\":[{\"@type\":\"ReadAction\",\"target\":[\"https:\/\/www.estrategiaconcursos.com.br\/blog\/portugues-camara-de-bh-tec-leg-ii-gabarito-extraoficial-com-recurso\/\"]}]},{\"@type\":\"ImageObject\",\"inLanguage\":\"pt-BR\",\"@id\":\"https:\/\/www.estrategiaconcursos.com.br\/blog\/portugues-camara-de-bh-tec-leg-ii-gabarito-extraoficial-com-recurso\/#primaryimage\",\"url\":\"https:\/\/dhg1h5j42swfq.cloudfront.net\/2018\/03\/18230842\/Prova-CMBH-foto-1.jpg\",\"contentUrl\":\"https:\/\/dhg1h5j42swfq.cloudfront.net\/2018\/03\/18230842\/Prova-CMBH-foto-1.jpg\",\"width\":720,\"height\":1280},{\"@type\":\"BreadcrumbList\",\"@id\":\"https:\/\/www.estrategiaconcursos.com.br\/blog\/portugues-camara-de-bh-tec-leg-ii-gabarito-extraoficial-com-recurso\/#breadcrumb\",\"itemListElement\":[{\"@type\":\"ListItem\",\"position\":1,\"name\":\"In\u00edcio\",\"item\":\"https:\/\/www.estrategiaconcursos.com.br\/blog\/\"},{\"@type\":\"ListItem\",\"position\":2,\"name\":\"Portugu\u00eas &#8211; C\u00e2mara de BH TEC LEG II &#8211; Prova comentada COM RECURSOS!\"}]},{\"@type\":\"WebSite\",\"@id\":\"https:\/\/www.estrategiaconcursos.com.br\/blog\/#website\",\"url\":\"https:\/\/www.estrategiaconcursos.com.br\/blog\/\",\"name\":\"Estrat\u00e9gia Concursos\",\"description\":\"O blog da Estrat\u00e9gia Concursos traz not\u00edcias sobre concursos e artigos de professores oferecendo cursos para concursos (pdf + videaulas) no site.\",\"publisher\":{\"@id\":\"https:\/\/www.estrategiaconcursos.com.br\/blog\/#organization\"},\"potentialAction\":[{\"@type\":\"SearchAction\",\"target\":{\"@type\":\"EntryPoint\",\"urlTemplate\":\"https:\/\/www.estrategiaconcursos.com.br\/blog\/?s={search_term_string}\"},\"query-input\":{\"@type\":\"PropertyValueSpecification\",\"valueRequired\":true,\"valueName\":\"search_term_string\"}}],\"inLanguage\":\"pt-BR\"},{\"@type\":\"Organization\",\"@id\":\"https:\/\/www.estrategiaconcursos.com.br\/blog\/#organization\",\"name\":\"Estrat\u00e9gia Concursos\",\"url\":\"https:\/\/www.estrategiaconcursos.com.br\/blog\/\",\"logo\":{\"@type\":\"ImageObject\",\"inLanguage\":\"pt-BR\",\"@id\":\"https:\/\/www.estrategiaconcursos.com.br\/blog\/#\/schema\/logo\/image\/\",\"url\":\"https:\/\/dhg1h5j42swfq.cloudfront.net\/2025\/06\/03203428\/logo_concursos-1.jpg\",\"contentUrl\":\"https:\/\/dhg1h5j42swfq.cloudfront.net\/2025\/06\/03203428\/logo_concursos-1.jpg\",\"width\":230,\"height\":60,\"caption\":\"Estrat\u00e9gia Concursos\"},\"image\":{\"@id\":\"https:\/\/www.estrategiaconcursos.com.br\/blog\/#\/schema\/logo\/image\/\"},\"sameAs\":[\"https:\/\/x.com\/EstratConcursos\"]},{\"@type\":\"Person\",\"@id\":\"https:\/\/www.estrategiaconcursos.com.br\/blog\/#\/schema\/person\/b4a388c97673c5f483d72185668afa1f\",\"name\":\"Coordena\u00e7\u00e3o\",\"image\":{\"@type\":\"ImageObject\",\"inLanguage\":\"pt-BR\",\"@id\":\"https:\/\/secure.gravatar.com\/avatar\/b720319e4c9a967eb58678d110f4fe35452fc5d5f97b202bac7b8acceb18c6ad?s=96&d=mm&r=g\",\"url\":\"https:\/\/secure.gravatar.com\/avatar\/b720319e4c9a967eb58678d110f4fe35452fc5d5f97b202bac7b8acceb18c6ad?s=96&d=mm&r=g\",\"contentUrl\":\"https:\/\/secure.gravatar.com\/avatar\/b720319e4c9a967eb58678d110f4fe35452fc5d5f97b202bac7b8acceb18c6ad?s=96&d=mm&r=g\",\"caption\":\"Coordena\u00e7\u00e3o\"},\"sameAs\":[\"https:\/\/www.facebook.com\/EstrategiaConcursos\",\"https:\/\/x.com\/EstratConcursos\"],\"url\":\"https:\/\/www.estrategiaconcursos.com.br\/blog\/author\/estrategia2013\/\"}]}<\/script>\n<!-- \/ Yoast SEO Premium plugin. -->","yoast_head_json":{"title":"Portugu\u00eas - C\u00e2mara de BH TEC LEG II - Prova comentada COM RECURSOS!","robots":{"index":"index","follow":"follow","max-snippet":"max-snippet:-1","max-image-preview":"max-image-preview:large","max-video-preview":"max-video-preview:-1"},"canonical":"https:\/\/www.estrategiaconcursos.com.br\/blog\/portugues-camara-de-bh-tec-leg-ii-gabarito-extraoficial-com-recurso\/","og_locale":"pt_BR","og_type":"article","og_title":"Portugu\u00eas - C\u00e2mara de BH TEC LEG II - Prova comentada COM RECURSOS!","og_description":"Ol\u00e1, pessoal. Tranquilo? Dever cumprido? Foi liberado o gabarito preliminar da prova de T\u00e9cnico Legislativo II, segue um breve coment\u00e1rio sobre as quest\u00f5es. Minha refer\u00eancia \u00e9 a prova VERDE. H\u00e1 v\u00e1rias possibilidades de recurso, marquei em CAIXA ALTA no coment\u00e1rio das quest\u00f5es 2, 5, 12, 13 e 19. 1- Considerando suas caracter\u00edsticas formais e sem\u00e2nticas&#8230; [&hellip;]","og_url":"https:\/\/www.estrategiaconcursos.com.br\/blog\/portugues-camara-de-bh-tec-leg-ii-gabarito-extraoficial-com-recurso\/","og_site_name":"Estrat\u00e9gia Concursos","article_author":"https:\/\/www.facebook.com\/EstrategiaConcursos","article_published_time":"2018-03-20T12:03:47+00:00","article_modified_time":"2018-03-20T16:41:48+00:00","og_image":[{"url":"https:\/\/www.estrategiaconcursos.com.br\/blog\/wp-content\/uploads\/2018\/03\/Prova-CMBH-foto-1-576x1024.jpg","type":"","width":"","height":""}],"author":"Coordena\u00e7\u00e3o","twitter_card":"summary_large_image","twitter_creator":"@EstratConcursos","twitter_site":"@EstratConcursos","twitter_misc":{"Escrito por":"Coordena\u00e7\u00e3o","Est. tempo de leitura":"14 minutos"},"schema":{"@context":"https:\/\/schema.org","@graph":[{"@type":"NewsArticle","@id":"https:\/\/www.estrategiaconcursos.com.br\/blog\/portugues-camara-de-bh-tec-leg-ii-gabarito-extraoficial-com-recurso\/#article","isPartOf":{"@id":"https:\/\/www.estrategiaconcursos.com.br\/blog\/portugues-camara-de-bh-tec-leg-ii-gabarito-extraoficial-com-recurso\/"},"author":{"name":"Coordena\u00e7\u00e3o","@id":"https:\/\/www.estrategiaconcursos.com.br\/blog\/#\/schema\/person\/b4a388c97673c5f483d72185668afa1f"},"headline":"Portugu\u00eas &#8211; C\u00e2mara de BH TEC LEG II &#8211; Prova comentada COM RECURSOS!","datePublished":"2018-03-20T12:03:47+00:00","dateModified":"2018-03-20T16:41:48+00:00","mainEntityOfPage":{"@id":"https:\/\/www.estrategiaconcursos.com.br\/blog\/portugues-camara-de-bh-tec-leg-ii-gabarito-extraoficial-com-recurso\/"},"wordCount":2782,"commentCount":25,"publisher":{"@id":"https:\/\/www.estrategiaconcursos.com.br\/blog\/#organization"},"image":{"@id":"https:\/\/www.estrategiaconcursos.com.br\/blog\/portugues-camara-de-bh-tec-leg-ii-gabarito-extraoficial-com-recurso\/#primaryimage"},"thumbnailUrl":"https:\/\/www.estrategiaconcursos.com.br\/blog\/wp-content\/uploads\/2018\/03\/Prova-CMBH-foto-1-576x1024.jpg","articleSection":["Concursos P\u00fablicos"],"inLanguage":"pt-BR","potentialAction":[{"@type":"CommentAction","name":"Comment","target":["https:\/\/www.estrategiaconcursos.com.br\/blog\/portugues-camara-de-bh-tec-leg-ii-gabarito-extraoficial-com-recurso\/#respond"]}],"copyrightYear":"2018","copyrightHolder":{"@id":"https:\/\/www.estrategiaconcursos.com.br\/blog\/#organization"}},{"@type":"WebPage","@id":"https:\/\/www.estrategiaconcursos.com.br\/blog\/portugues-camara-de-bh-tec-leg-ii-gabarito-extraoficial-com-recurso\/","url":"https:\/\/www.estrategiaconcursos.com.br\/blog\/portugues-camara-de-bh-tec-leg-ii-gabarito-extraoficial-com-recurso\/","name":"Portugu\u00eas - C\u00e2mara de BH TEC LEG II - Prova comentada COM RECURSOS!","isPartOf":{"@id":"https:\/\/www.estrategiaconcursos.com.br\/blog\/#website"},"primaryImageOfPage":{"@id":"https:\/\/www.estrategiaconcursos.com.br\/blog\/portugues-camara-de-bh-tec-leg-ii-gabarito-extraoficial-com-recurso\/#primaryimage"},"image":{"@id":"https:\/\/www.estrategiaconcursos.com.br\/blog\/portugues-camara-de-bh-tec-leg-ii-gabarito-extraoficial-com-recurso\/#primaryimage"},"thumbnailUrl":"https:\/\/www.estrategiaconcursos.com.br\/blog\/wp-content\/uploads\/2018\/03\/Prova-CMBH-foto-1-576x1024.jpg","datePublished":"2018-03-20T12:03:47+00:00","dateModified":"2018-03-20T16:41:48+00:00","breadcrumb":{"@id":"https:\/\/www.estrategiaconcursos.com.br\/blog\/portugues-camara-de-bh-tec-leg-ii-gabarito-extraoficial-com-recurso\/#breadcrumb"},"inLanguage":"pt-BR","potentialAction":[{"@type":"ReadAction","target":["https:\/\/www.estrategiaconcursos.com.br\/blog\/portugues-camara-de-bh-tec-leg-ii-gabarito-extraoficial-com-recurso\/"]}]},{"@type":"ImageObject","inLanguage":"pt-BR","@id":"https:\/\/www.estrategiaconcursos.com.br\/blog\/portugues-camara-de-bh-tec-leg-ii-gabarito-extraoficial-com-recurso\/#primaryimage","url":"https:\/\/dhg1h5j42swfq.cloudfront.net\/2018\/03\/18230842\/Prova-CMBH-foto-1.jpg","contentUrl":"https:\/\/dhg1h5j42swfq.cloudfront.net\/2018\/03\/18230842\/Prova-CMBH-foto-1.jpg","width":720,"height":1280},{"@type":"BreadcrumbList","@id":"https:\/\/www.estrategiaconcursos.com.br\/blog\/portugues-camara-de-bh-tec-leg-ii-gabarito-extraoficial-com-recurso\/#breadcrumb","itemListElement":[{"@type":"ListItem","position":1,"name":"In\u00edcio","item":"https:\/\/www.estrategiaconcursos.com.br\/blog\/"},{"@type":"ListItem","position":2,"name":"Portugu\u00eas &#8211; C\u00e2mara de BH TEC LEG II &#8211; Prova comentada COM RECURSOS!"}]},{"@type":"WebSite","@id":"https:\/\/www.estrategiaconcursos.com.br\/blog\/#website","url":"https:\/\/www.estrategiaconcursos.com.br\/blog\/","name":"Estrat\u00e9gia Concursos","description":"O blog da Estrat\u00e9gia Concursos traz not\u00edcias sobre concursos e artigos de professores oferecendo cursos para concursos (pdf + videaulas) no site.","publisher":{"@id":"https:\/\/www.estrategiaconcursos.com.br\/blog\/#organization"},"potentialAction":[{"@type":"SearchAction","target":{"@type":"EntryPoint","urlTemplate":"https:\/\/www.estrategiaconcursos.com.br\/blog\/?s={search_term_string}"},"query-input":{"@type":"PropertyValueSpecification","valueRequired":true,"valueName":"search_term_string"}}],"inLanguage":"pt-BR"},{"@type":"Organization","@id":"https:\/\/www.estrategiaconcursos.com.br\/blog\/#organization","name":"Estrat\u00e9gia Concursos","url":"https:\/\/www.estrategiaconcursos.com.br\/blog\/","logo":{"@type":"ImageObject","inLanguage":"pt-BR","@id":"https:\/\/www.estrategiaconcursos.com.br\/blog\/#\/schema\/logo\/image\/","url":"https:\/\/dhg1h5j42swfq.cloudfront.net\/2025\/06\/03203428\/logo_concursos-1.jpg","contentUrl":"https:\/\/dhg1h5j42swfq.cloudfront.net\/2025\/06\/03203428\/logo_concursos-1.jpg","width":230,"height":60,"caption":"Estrat\u00e9gia Concursos"},"image":{"@id":"https:\/\/www.estrategiaconcursos.com.br\/blog\/#\/schema\/logo\/image\/"},"sameAs":["https:\/\/x.com\/EstratConcursos"]},{"@type":"Person","@id":"https:\/\/www.estrategiaconcursos.com.br\/blog\/#\/schema\/person\/b4a388c97673c5f483d72185668afa1f","name":"Coordena\u00e7\u00e3o","image":{"@type":"ImageObject","inLanguage":"pt-BR","@id":"https:\/\/secure.gravatar.com\/avatar\/b720319e4c9a967eb58678d110f4fe35452fc5d5f97b202bac7b8acceb18c6ad?s=96&d=mm&r=g","url":"https:\/\/secure.gravatar.com\/avatar\/b720319e4c9a967eb58678d110f4fe35452fc5d5f97b202bac7b8acceb18c6ad?s=96&d=mm&r=g","contentUrl":"https:\/\/secure.gravatar.com\/avatar\/b720319e4c9a967eb58678d110f4fe35452fc5d5f97b202bac7b8acceb18c6ad?s=96&d=mm&r=g","caption":"Coordena\u00e7\u00e3o"},"sameAs":["https:\/\/www.facebook.com\/EstrategiaConcursos","https:\/\/x.com\/EstratConcursos"],"url":"https:\/\/www.estrategiaconcursos.com.br\/blog\/author\/estrategia2013\/"}]}},"_links":{"self":[{"href":"https:\/\/www.estrategiaconcursos.com.br\/blog\/wp-json\/wp\/v2\/posts\/111814","targetHints":{"allow":["GET"]}}],"collection":[{"href":"https:\/\/www.estrategiaconcursos.com.br\/blog\/wp-json\/wp\/v2\/posts"}],"about":[{"href":"https:\/\/www.estrategiaconcursos.com.br\/blog\/wp-json\/wp\/v2\/types\/post"}],"author":[{"embeddable":true,"href":"https:\/\/www.estrategiaconcursos.com.br\/blog\/wp-json\/wp\/v2\/users\/1"}],"replies":[{"embeddable":true,"href":"https:\/\/www.estrategiaconcursos.com.br\/blog\/wp-json\/wp\/v2\/comments?post=111814"}],"version-history":[{"count":6,"href":"https:\/\/www.estrategiaconcursos.com.br\/blog\/wp-json\/wp\/v2\/posts\/111814\/revisions"}],"predecessor-version":[{"id":112475,"href":"https:\/\/www.estrategiaconcursos.com.br\/blog\/wp-json\/wp\/v2\/posts\/111814\/revisions\/112475"}],"wp:attachment":[{"href":"https:\/\/www.estrategiaconcursos.com.br\/blog\/wp-json\/wp\/v2\/media?parent=111814"}],"wp:term":[{"taxonomy":"category","embeddable":true,"href":"https:\/\/www.estrategiaconcursos.com.br\/blog\/wp-json\/wp\/v2\/categories?post=111814"},{"taxonomy":"post_tag","embeddable":true,"href":"https:\/\/www.estrategiaconcursos.com.br\/blog\/wp-json\/wp\/v2\/tags?post=111814"},{"taxonomy":"tax_estado","embeddable":true,"href":"https:\/\/www.estrategiaconcursos.com.br\/blog\/wp-json\/wp\/v2\/tax_estado?post=111814"}],"curies":[{"name":"wp","href":"https:\/\/api.w.org\/{rel}","templated":true}]}}