{"id":1117373,"date":"2026-02-19T07:22:00","date_gmt":"2026-02-19T10:22:00","guid":{"rendered":"https:\/\/www.estrategiaconcursos.com.br\/blog\/?p=1117373"},"modified":"2026-02-19T07:53:44","modified_gmt":"2026-02-19T10:53:44","slug":"concurso-der-df","status":"publish","type":"post","link":"https:\/\/www.estrategiaconcursos.com.br\/blog\/concurso-der-df\/","title":{"rendered":"Concurso DER DF: edital somente em 2027!"},"content":{"rendered":"<a id=\"cta-icon\" href=\"https:\/\/www.redirectmais.com\/wpp\/der-df-grupo\" target=\"blank\" style=\"background:rgb(41,166,26)\">\n            <img decoding=\"async\" src=\"https:\/\/dhg1h5j42swfq.cloudfront.net\/2024\/01\/03154041\/whatsapp_13851.png\" alt=\"\" alt=\"whatsapp_13851\"><span > Acesse agora o Grupo de Estudos para o Concurso DER DF<\/span><\/a>\n\n\n\n<div style=\"height:43px\" aria-hidden=\"true\" class=\"wp-block-spacer\"><\/div>\n\n\n\n<p>O concurso do <strong>Departamento de Estradas de Rodagem do Distrito Federal (DER DF)<\/strong> deve ter o seu edital publicado somente em 2027. <\/p>\n\n\n\n<p>Isso porque, em contato com fontes internas, fomos informados de que o decreto de conten\u00e7\u00e3o de gastos do governador suspendeu as atividades do certame neste ano.<\/p>\n\n\n\n<p>Apesar disso, n\u00e3o \u00e9 necess\u00e1rio desanimar, uma vez que o concurso consta em <strong>Lei de Diretrizes Or\u00e7ament\u00e1rias<\/strong>, assim como \u00e9 uma meta do pr\u00f3prio TCDF.<\/p>\n\n\n\n<p>Vale lembrar que o DER n\u00e3o realiza concurso desde 2008. Por isso, h\u00e1 um d\u00e9ficit muito elevado de servidores, o que acentua a necessidade urgente de novos profissionais no quadro.<\/p>\n\n\n\n<p>Confira logo abaixo as especialidades, <a href=\"#requisitos\">requisitos<\/a> e <a href=\"#atribuicoes\">atribui\u00e7\u00f5es<\/a> dos cargos da Carreira de Gest\u00e3o e Fiscaliza\u00e7\u00e3o Rodovi\u00e1ria, cargo previsto no pr\u00f3ximo certame:<\/p>\n\n\n\n<ul class=\"wp-block-list\">\n<li>Administrador,<\/li>\n\n\n\n<li>Analista de Tecnologia da Informa\u00e7\u00e3o,<\/li>\n\n\n\n<li>Arquivista,<\/li>\n\n\n\n<li>Assistente Social,<\/li>\n\n\n\n<li>Bi\u00f3logo,<\/li>\n\n\n\n<li>Contador,<\/li>\n\n\n\n<li>Economista,<\/li>\n\n\n\n<li>Estat\u00edstico,<\/li>\n\n\n\n<li>Jornalista,<\/li>\n\n\n\n<li>Legisla\u00e7\u00e3o e Direito,<\/li>\n\n\n\n<li>Muse\u00f3logo,<\/li>\n\n\n\n<li>Psic\u00f3logo.<\/li>\n<\/ul>\n\n\n\n<p>Ademais, \u00e9 importante salientar que existe uma comiss\u00e3o formada desde 2023\/2024, que segue realizando estudos para a possibilidade de abrir o concurso.<\/p>\n\n\n\n<ul class=\"wp-block-list has-very-light-gray-to-cyan-bluish-gray-gradient-background has-background\">\n<li><strong>Departamento de Estradas e Rodagem do Distrito Federal<\/strong> <\/li>\n\n\n\n<li><strong>Status<\/strong>: comiss\u00e3o formada<\/li>\n\n\n\n<li><strong>Banca<\/strong>: a definir<\/li>\n\n\n\n<li><strong>Vagas<\/strong>: 300 previstas<\/li>\n\n\n\n<li><strong style=\"color: initial;\">Sal\u00e1rio inicial<\/strong><span style=\"color: initial;\">: <\/span>R$ 5.352,38 a R$ 9.757,78<\/li>\n\n\n\n<li><strong>\u00daltimo edital:<\/strong>&nbsp;<a href=\"https:\/\/dhg1h5j42swfq.cloudfront.net\/2019\/06\/03162638\/concurso-DER-DF.pdf\" target=\"_blank\" rel=\"noreferrer noopener nofollow\">DER DF-2008<\/a><\/li>\n<\/ul>\n\n\n\n<p>Ademais, o \u00faltimo concurso do DER DF ocorreu h\u00e1 17 anos, em 2008, e contou com 872 servidores nomeados para diversos cargos.<\/p>\n\n\n\n<p id=\"indice\">Confira todas as informa\u00e7\u00f5es e novidades acerca do concurso DER DF. Acompanhe os t\u00f3picos abaixo e n\u00e3o perca nenhum detalhe:<\/p>\n\n\n\n<ul id=\"indice\" class=\"wp-block-list\">\n<li><a href=\"#atual\"><strong>Situa\u00e7\u00e3o atual<\/strong><\/a>\n<ul class=\"wp-block-list\">\n<li><a href=\"#posicionamento\">TCDF cobra posicionamento<\/a><\/li>\n\n\n\n<li><a href=\"#pldo\">Presidente previa edital em 2024<\/a><\/li>\n\n\n\n<li><a href=\"#comissao\">Comiss\u00e3o<\/a><\/li>\n<\/ul>\n<\/li>\n\n\n\n<li><a href=\"#carreira\"><strong>Carreira<\/strong><\/a>\n<ul class=\"wp-block-list\">\n<li><a href=\"#remuneracao\">Remunera\u00e7\u00e3o<\/a><\/li>\n\n\n\n<li><a href=\"#vagos\">Cargos vagos<\/a><\/li>\n<\/ul>\n<\/li>\n\n\n\n<li><a href=\"#edital\"><strong>\u00daltimo edital<\/strong><\/a>\n<ul class=\"wp-block-list\">\n<li><a href=\"#nomeacoes\">Nomea\u00e7\u00f5es<\/a><\/li>\n\n\n\n<li><a href=\"#etapas\">Etapas<\/a>\n<ul class=\"wp-block-list\">\n<li><a href=\"#objetiva\">Prova objetiva<\/a><\/li>\n\n\n\n<li><a href=\"#discursiva\">Prova discursiva<\/a><\/li>\n<\/ul>\n<\/li>\n<\/ul>\n<\/li>\n\n\n\n<li><a href=\"#cursos\"><strong>Cursos e assinaturas<\/strong><\/a><\/li>\n\n\n\n<li><a href=\"#ficha\"><strong>Ficha t\u00e9cnica<\/strong><\/a><\/li>\n<\/ul>\n\n\n\n<div class=\"container\" id=\"boxes\">\n  <div class=\"row\">\n\n    <div class=\"col-sm\">\n      <div class=\"banner-estrat-corj\" id=\"box-assinatura\">\n        <h2 class=\"titulo-assinatura\" style=\"text-align: left;\">Cursos para DER DF<\/h2>\n        <p class=\"subtitulo-assinatura\" style=\"text-align: left;\">Conhe\u00e7a os cursos<\/p>\n        <div class=\"box-botao\" style=\"text-align: left;\">\n          <a class=\"btn-assinatura\" target=\"_blank\" href=\"https:\/\/www.estrategiaconcursos.com.br\/cursosPorConcurso\/departamento-de-estradas-e-rodagem-do-distrito-federal-der-df\/\" role=\"button\" rel=\"noopener noreferrer\">CLIQUE AQUI<\/a>\n        <\/div>\n      <\/div><\/div><\/div><\/div>\n\n\n\n<h2 class=\"wp-block-heading\" id=\"atual\">Situa\u00e7\u00e3o atual do concurso DER DF<\/h2>\n\n\n\n<h3 class=\"wp-block-heading\" id=\"posicionamento\">TCDF cobra posicionamento sobre o edital<\/h3>\n\n\n\n<p>A cobran\u00e7a de resposta se deu atrav\u00e9s de um <a href=\"https:\/\/dhg1h5j42swfq.cloudfront.net\/2025\/06\/11191806\/rpi_der_2025.pdf\" target=\"_blank\" rel=\"noreferrer noopener nofollow\">relat\u00f3rio pr\u00e9vio de inspe\u00e7\u00e3o<\/a>, divulgado no dia 15 de maio de 2025. No documento, o Tribunal cobra resposta sobre o andamento do certame.<\/p>\n\n\n\n<p>Em justificativa, a TCDF informa que, como houve a defini\u00e7\u00e3o de uma comiss\u00e3o respons\u00e1vel por estudos preliminares, h\u00e1 a necessidade de esclarecimentos de modo a garantir a transpar\u00eancia do processo.<\/p>\n\n\n\n<p><em>&#8220;Assim, conclui-se que o processo relativo \u00e0 realiza\u00e7\u00e3o de concurso p\u00fablico est\u00e1 em curso e seu andamento atual deve ser informado \u00e0 Corte&#8221;<\/em>, declara.<\/p>\n\n\n\n<h3 class=\"wp-block-heading\" id=\"pldo\">Presidente previa edital no in\u00edcio de 2024<\/h3>\n\n\n\n<p>Em entrevista \u00e0 <a href=\"https:\/\/www.correiobraziliense.com.br\/cidades-df\/2023\/11\/6655243-der-preve-realizacao-de-concurso-publico-no-inicio-de-2024.html\" target=\"_blank\" rel=\"noreferrer noopener\">CB.Poder<\/a>, o presidente do DER DF previa a publica\u00e7\u00e3o do edital para o concurso p\u00fablico do \u00f3rg\u00e3o em 2024, o que n\u00e3o ocorreu.<\/p>\n\n\n\n<p><em>&#8220;O DER tem capacidade para 1.200 servidores na estrutura atual. Temos hoje 900. S\u00e3o praticamente 300 vagas em aberto que podem ser ocupadas com esse concurso&#8221;<\/em>, disse o presidente.<\/p>\n\n\n\n<p>Al\u00e9m disso, Fauzi Nacfur afirmou que ser\u00e3o <strong>300 oportunidades<\/strong> para os seguintes cargos:<\/p>\n\n\n\n<ul class=\"wp-block-list\">\n<li>Especialista de Gest\u00e3o e Fiscaliza\u00e7\u00e3o Rodovi\u00e1ria;<\/li>\n\n\n\n<li>Analista de Gest\u00e3o e Fiscaliza\u00e7\u00e3o Rodovi\u00e1ria;<\/li>\n\n\n\n<li>Agente Rodovi\u00e1rio de Gest\u00e3o e Fiscaliza\u00e7\u00e3o.<\/li>\n\n\n\n<li>Agente de Tr\u00e2nsito Rodovi\u00e1rio;<\/li>\n<\/ul>\n\n\n\n<h3 class=\"wp-block-heading\" id=\"comissao\">Comiss\u00e3o formada (alterada)<\/h3>\n\n\n\n<p>Devidamente autorizado, o concurso DER DF possui um grupo de servidores que tratar\u00e1 de todos os aspectos e detalhes da sele\u00e7\u00e3o. <\/p>\n\n\n\n<p>A comiss\u00e3o acompanhar\u00e1 a realiza\u00e7\u00e3o do certame desde a etapa de produ\u00e7\u00e3o do projeto b\u00e1sico, defini\u00e7\u00e3o da banca, publica\u00e7\u00e3o do edital. E ainda as etapas do p\u00f3s-edital: inscri\u00e7\u00f5es, provas, e outros.<\/p>\n\n\n\n<div class=\"wp-block-columns is-layout-flex wp-container-core-columns-is-layout-28f84493 wp-block-columns-is-layout-flex\">\n<div class=\"wp-block-column is-layout-flow wp-block-column-is-layout-flow\">\n<figure class=\"wp-block-image size-large is-resized\"><img loading=\"lazy\" decoding=\"async\" width=\"1024\" height=\"626\" src=\"https:\/\/dhg1h5j42swfq.cloudfront.net\/2023\/02\/10065101\/captura-de-tela-2023-02-10-as-05-51-56-1024x626.png\" alt=\"Comiss\u00e3o do novo edital \u00e9 formada\" class=\"wp-image-1168943\" style=\"width:428px;height:260px\" srcset=\"https:\/\/dhg1h5j42swfq.cloudfront.net\/2023\/02\/10065101\/captura-de-tela-2023-02-10-as-05-51-56-1024x626.png 1024w, https:\/\/dhg1h5j42swfq.cloudfront.net\/2023\/02\/10065101\/captura-de-tela-2023-02-10-as-05-51-56-300x183.png 300w, https:\/\/dhg1h5j42swfq.cloudfront.net\/2023\/02\/10065101\/captura-de-tela-2023-02-10-as-05-51-56-768x469.png 768w, https:\/\/dhg1h5j42swfq.cloudfront.net\/2023\/02\/10065101\/captura-de-tela-2023-02-10-as-05-51-56-610x373.png 610w, https:\/\/dhg1h5j42swfq.cloudfront.net\/2023\/02\/10065101\/captura-de-tela-2023-02-10-as-05-51-56-150x92.png 150w, https:\/\/dhg1h5j42swfq.cloudfront.net\/2023\/02\/10065101\/captura-de-tela-2023-02-10-as-05-51-56.png 1240w\" sizes=\"auto, (max-width: 1024px) 100vw, 1024px\" \/><figcaption class=\"wp-element-caption\">Comiss\u00e3o &#8211; 10\/02\/2023<\/figcaption><\/figure>\n<\/div>\n\n\n\n<div class=\"wp-block-column is-layout-flow wp-block-column-is-layout-flow\">\n<figure class=\"wp-block-image aligncenter size-full is-resized\"><img loading=\"lazy\" decoding=\"async\" width=\"603\" height=\"340\" src=\"https:\/\/dhg1h5j42swfq.cloudfront.net\/2023\/02\/22142525\/image-268.png\" alt=\"Comiss\u00e3o do novo edital \u00e9 alterada - 22\/02\" class=\"wp-image-1175946\" style=\"width:427px;height:240px\" srcset=\"https:\/\/dhg1h5j42swfq.cloudfront.net\/2023\/02\/22142525\/image-268.png 603w, https:\/\/dhg1h5j42swfq.cloudfront.net\/2023\/02\/22142525\/image-268-300x169.png 300w, https:\/\/dhg1h5j42swfq.cloudfront.net\/2023\/02\/22142525\/image-268-150x85.png 150w\" sizes=\"auto, (max-width: 603px) 100vw, 603px\" \/><figcaption class=\"wp-element-caption\">Comiss\u00e3o alterada &#8211; 22\/02\/2023<\/figcaption><\/figure>\n<\/div>\n<\/div>\n\n\n\n<figure class=\"wp-block-image aligncenter size-full\"><img loading=\"lazy\" decoding=\"async\" width=\"541\" height=\"446\" src=\"https:\/\/dhg1h5j42swfq.cloudfront.net\/2024\/09\/04083423\/unnamed-1.png\" alt=\"Nova altera\u00e7\u00e3o na comiss\u00e3o organizadora\" class=\"wp-image-1456150\" srcset=\"https:\/\/dhg1h5j42swfq.cloudfront.net\/2024\/09\/04083423\/unnamed-1.png 541w, https:\/\/dhg1h5j42swfq.cloudfront.net\/2024\/09\/04083423\/unnamed-1-300x247.png 300w, https:\/\/dhg1h5j42swfq.cloudfront.net\/2024\/09\/04083423\/unnamed-1-150x124.png 150w\" sizes=\"auto, (max-width: 541px) 100vw, 541px\" \/><figcaption class=\"wp-element-caption\">Comiss\u00e3o alterada &#8211; 04\/09\/2024<\/figcaption><\/figure>\n\n\n\n<h2 class=\"wp-block-heading\" id=\"carreira\">Carreira no DER DF<\/h2>\n\n\n\n<p>Conforme mencionado no in\u00edcio do artigo, foi publicada a Portaria que define as especialidades e atribui\u00e7\u00f5es dos cargos da Carreira Gest\u00e3o e Fiscaliza\u00e7\u00e3o Rodovi\u00e1ria, passo crucial para o prosseguimento do certame. <\/p>\n\n\n\n<p><strong>Especialidades: <\/strong><\/p>\n\n\n\n<ul class=\"wp-block-list\">\n<li>1-Administrador, <\/li>\n\n\n\n<li>2-Analista de Tecnologia da Informa\u00e7\u00e3o, <\/li>\n\n\n\n<li>3-Arquivista,<\/li>\n\n\n\n<li>4-Assistente Social, <\/li>\n\n\n\n<li>5-Bi\u00f3logo, <\/li>\n\n\n\n<li>6- Contador, <\/li>\n\n\n\n<li>7-Economista, <\/li>\n\n\n\n<li>8-Estat\u00edstico, <\/li>\n\n\n\n<li>9-Jornalista, <\/li>\n\n\n\n<li>10-Legisla\u00e7\u00e3o e Direito, <\/li>\n\n\n\n<li>11-Muse\u00f3logo,<\/li>\n\n\n\n<li>12-Psic\u00f3logo.<\/li>\n<\/ul>\n\n\n\n<p>Abaixo, confira os requisitos e atribui\u00e7\u00f5es das principais especialidades. Para as demais, acesse a <a href=\"https:\/\/dhg1h5j42swfq.cloudfront.net\/2025\/04\/30084902\/der-df.pdf\" target=\"_blank\" rel=\"noreferrer noopener nofollow\">Portaria N\u00ba 28\/2025<\/a> com todas as informa\u00e7\u00f5es na \u00edntegra.<\/p>\n\n\n\n<h3 class=\"wp-block-heading\" id=\"atribuicoes\">Requisitos<\/h3>\n\n\n\n<p><strong>ESPECIALIDADE &#8211; ADMINISTRADOR: <\/strong>Diploma devidamente registrado, de conclus\u00e3o de curso de gradua\u00e7\u00e3o em Administra\u00e7\u00e3o P\u00fablica ou de Empresas e cursos superiores conexos \u00e0 Administra\u00e7\u00e3o P\u00fablica, em n\u00edvel de bacharelado, nos termos da Resolu\u00e7\u00e3o Normativa CFA n\u00ba 649 de 28 de maio de 2024 e suas posteriores atualiza\u00e7\u00f5es, expedidos por institui\u00e7\u00e3o de ensino superior reconhecida pelo Minist\u00e9rio da Educa\u00e7\u00e3o, e registro no Conselho de Classe.<\/p>\n\n\n\n<p><strong>ESPECIALIDADE &#8211; ANALISTA DE TECNOLOGIA DA INFORMA\u00c7\u00c3O: <\/strong>Diploma, devidamente registrado, de conclus\u00e3o de curso de gradua\u00e7\u00e3o na \u00e1rea de Tecnologia da Informa\u00e7\u00e3o, fornecido por institui\u00e7\u00e3o de ensino superior reconhecida pelo Minist\u00e9rio da Educa\u00e7\u00e3o ou qualquer curso de gradua\u00e7\u00e3o com especializa\u00e7\u00e3o nas \u00e1reas de tecnologia da informa\u00e7\u00e3o.<\/p>\n\n\n\n<p><strong>ESPECIALIDADE &#8211; ASSISTENTE SOCIAL: <\/strong>Diploma, devidamente registrado, de conclus\u00e3o de curso de gradua\u00e7\u00e3o em Servi\u00e7o Social, fornecido por institui\u00e7\u00e3o de ensino superior reconhecida pelo Minist\u00e9rio da Educa\u00e7\u00e3o, e registro no Conselho de Classe.<\/p>\n\n\n\n<p><strong>ESPECIALIDADE &#8211; CONTADOR<\/strong>: Diploma, devidamente registrado, de conclus\u00e3o de curso de gradua\u00e7\u00e3o em Ci\u00eancias Cont\u00e1beis, fornecido por institui\u00e7\u00e3o de ensino superior reconhecida pelo Minist\u00e9rio da Educa\u00e7\u00e3o e registro no Conselho de Classe.<\/p>\n\n\n\n<p><strong>ESPECIALIDADE &#8211; LEGISLA\u00c7\u00c3O E DIREITO<\/strong>: Diploma, devidamente registrado, de conclus\u00e3o de curso de gradua\u00e7\u00e3o em Direito, fornecido por institui\u00e7\u00e3o de ensino superior reconhecida pelo Minist\u00e9rio da Educa\u00e7\u00e3o.<\/p>\n\n\n\n<h3 class=\"wp-block-heading\" id=\"atribuicoes\">Atribui\u00e7\u00f5es<\/h3>\n\n\n\n<p><strong>ESPECIALIDADE &#8211; ADMINISTRADOR: <\/strong>Planejar, coordenar, supervisionar, controlar, avaliar e executar atividades estrat\u00e9gicas e administrativas, referentes a recursos humanos, finan\u00e7as, or\u00e7amento, patrim\u00f4nio, material, transporte, cargos e sal\u00e1rios; realizar estudos e pesquisas que visem ao estabelecimento de pol\u00edticas e diretrizes administrativas; participar na elabora\u00e7\u00e3o de projetos de estruturas organizacionais e de manuais de procedimentos; elaborar e acompanhar a execu\u00e7\u00e3o dos procedimentos de sele\u00e7\u00e3o, desenvolvimento de pessoal e benef\u00edcios; coordenar atividades relacionadas ao controle de planos, programas, projetos e contratos; promover estudos de racionaliza\u00e7\u00e3o e controlar o desempenho organizacional; participar de programas de desenvolvimento que envolvam conte\u00fados relativos \u00e0 \u00e1rea de atua\u00e7\u00e3o ou neles atuar; assessorar em atividades espec\u00edficas de Administra\u00e7\u00e3o Geral; fiscalizar e gerir contratos e conv\u00eanios e executar outras atividades de interesse da \u00e1rea.<\/p>\n\n\n\n<p><strong>ESPECIALIDADE &#8211; ANALISTA DE TECNOLOGIA DA INFORMA\u00c7\u00c3O: <\/strong>Planejar, coordenar, supervisionar, controlar, avaliar e executar atividades estrat\u00e9gicas relacionadas ao desenvolvimento de programas e sistemas de processamento de dados e suas aplica\u00e7\u00f5es, bem como toda a infraestrutura necess\u00e1ria e sua estrat\u00e9gia de sustenta\u00e7\u00e3o; estudar as necessidades de informatiza\u00e7\u00e3o e moderniza\u00e7\u00e3o tecnol\u00f3gica; Coordenar e orientar servi\u00e7os de processamento de dados por meio da implementa\u00e7\u00e3o de boas pr\u00e1ticas de governan\u00e7a; zelar pelo bom desempenho do ambiente tecnol\u00f3gico do DER-DF e atuar na prospec\u00e7\u00e3o e implementa\u00e7\u00e3o de metodologias e pol\u00edticas que garantam moderniza\u00e7\u00e3o, seguran\u00e7a, disponibilidade e acessibilidade dos servi\u00e7os de TIC.<\/p>\n\n\n\n<p><strong>ESPECIALIDADE &#8211; ASSISTENTE SOCIAL: <\/strong>Planejar, coordenar, executar e acompanhar programas educativos, s\u00f3cio-culturais e de lazer, realizar atendimento psicossocial, elaborar projetos, fazer relat\u00f3rios e fornecer parecer social; assegurar o desenvolvimento de a\u00e7\u00f5es voltadas para a promo\u00e7\u00e3o humana e profissional; assessorar em atividades espec\u00edficas de Servi\u00e7o Social; executar outras atividades de interesse da \u00e1rea.<\/p>\n\n\n\n<p><strong>ESPECIALIDADE &#8211; CONTADOR<\/strong>: Planejar, coordenar, supervisionar, controlar, avaliar e executar atividades de contabilidade em geral, finan\u00e7as, or\u00e7amento e estrat\u00e9gicas de n\u00edvel superior, relativas ao acompanhamento e an\u00e1lise da prepara\u00e7\u00e3o, processamento e controle da documenta\u00e7\u00e3o cont\u00e1bil; concilia\u00e7\u00e3o de contas; an\u00e1lise dos resultados cont\u00e1beis; atendimento \u00e0s auditorias e estudo de dota\u00e7\u00f5es e aplica\u00e7\u00f5es de recursos; fiscalizar e gerir contratos e conv\u00eanios e executar outras atividades de interesse da especialidade e executar outras atividades de interesse da \u00e1rea.<\/p>\n\n\n\n<p><strong>ESPECIALIDADE &#8211; LEGISLA\u00c7\u00c3O E DIREITO: <\/strong>Planejar, coordenar, controlar, avaliar e executar atividades estrat\u00e9gicas referentes a pesquisas jur\u00eddicas, estudos e an\u00e1lises de dados relativos \u00e0 \u00e1rea; elaborar projetos sobre assuntos relativos ao direito e legisla\u00e7\u00e3o; pesquisar e analisar leis, decretos, regulamentos e demais atos normativos para fins de atualiza\u00e7\u00e3o e implementa\u00e7\u00e3o; emitir laudos, relat\u00f3rios, pareceres e despachos; acompanhar o andamento de processos; contribuir na elabora\u00e7\u00e3o de projetos de lei; interpretar a norma jur\u00eddica; cumprir e fazer cumprir prazos legais.<\/p>\n\n\n\n<h3 class=\"wp-block-heading\" id=\"remuneracao\">Remunera\u00e7\u00e3o<\/h3>\n\n\n\n<p>A carreira do Departamento de Estradas e Rodagem do Distrito Federal conta com quatro cargos, cuja remunera\u00e7\u00e3o inicial varia de <strong>R$ 5.352,38 a R$ 9.757,78<\/strong>, de acordo com a fun\u00e7\u00e3o.<\/p>\n\n\n\n<p><strong>Especialista e Analista de Gest\u00e3o e Fiscaliza\u00e7\u00e3o Rodovi\u00e1ria &#8211; n\u00edvel superior<\/strong><\/p>\n\n\n\n<figure class=\"wp-block-image aligncenter size-full\"><img loading=\"lazy\" decoding=\"async\" width=\"725\" height=\"836\" src=\"https:\/\/dhg1h5j42swfq.cloudfront.net\/2026\/02\/19074838\/image-94.png\" alt=\"Concurso DER DF: sal\u00e1rios\" class=\"wp-image-1717359\" srcset=\"https:\/\/dhg1h5j42swfq.cloudfront.net\/2026\/02\/19074838\/image-94.png 725w, https:\/\/dhg1h5j42swfq.cloudfront.net\/2026\/02\/19074838\/image-94-260x300.png 260w, https:\/\/dhg1h5j42swfq.cloudfront.net\/2026\/02\/19074838\/image-94-150x173.png 150w\" sizes=\"auto, (max-width: 725px) 100vw, 725px\" \/><\/figure>\n\n\n\n<p><strong>Agente &#8211; n\u00edvel m\u00e9dio:<\/strong><\/p>\n\n\n\n<figure class=\"wp-block-image aligncenter size-full\"><img loading=\"lazy\" decoding=\"async\" width=\"630\" height=\"361\" src=\"https:\/\/dhg1h5j42swfq.cloudfront.net\/2026\/02\/19074909\/image-95.png\" alt=\"Concurso DER DF: sal\u00e1rios\" class=\"wp-image-1717361\" srcset=\"https:\/\/dhg1h5j42swfq.cloudfront.net\/2026\/02\/19074909\/image-95.png 630w, https:\/\/dhg1h5j42swfq.cloudfront.net\/2026\/02\/19074909\/image-95-300x172.png 300w, https:\/\/dhg1h5j42swfq.cloudfront.net\/2026\/02\/19074909\/image-95-150x86.png 150w\" sizes=\"auto, (max-width: 630px) 100vw, 630px\" \/><\/figure>\n\n\n\n<h2 class=\"wp-block-heading\" id=\"cargos-vagos\">Concurso DER DF: cargos vagos<\/h2>\n\n\n\n<p>Confira abaixo a rela\u00e7\u00e3o de cargos vagos na carreira de Gest\u00e3o e Fiscaliza\u00e7\u00e3o Rodovi\u00e1ria da DER DF:<\/p>\n\n\n\n<p><strong>Agente Rodovi\u00e1rio:<\/strong><\/p>\n\n\n\n<figure class=\"wp-block-table is-style-stripes\"><table class=\"has-fixed-layout\"><thead><tr><th class=\"has-text-align-center\" data-align=\"center\">Carreira<\/th><th class=\"has-text-align-center\" data-align=\"center\">Cargo<\/th><th class=\"has-text-align-center\" data-align=\"center\">Refer\u00eancia<\/th><th class=\"has-text-align-center\" data-align=\"center\">Cargos Vagos<\/th><th class=\"has-text-align-center\" data-align=\"center\">Cargos Ocupados<\/th><th class=\"has-text-align-center\" data-align=\"center\">Total de Cargos<\/th><\/tr><\/thead><tbody><tr><td class=\"has-text-align-center\" data-align=\"center\">Gest\u00e3o e Fiscaliza\u00e7\u00e3o Rodovi\u00e1ria<\/td><td class=\"has-text-align-center\" data-align=\"center\">Agente Rodovi\u00e1rio de Gest\u00e3o e Fiscaliza\u00e7\u00e3o Rodovi\u00e1ria<\/td><td class=\"has-text-align-center\" data-align=\"center\">01\/2026<\/td><td class=\"has-text-align-center\" data-align=\"center\"><strong>115<\/strong><\/td><td class=\"has-text-align-center\" data-align=\"center\">155<\/td><td class=\"has-text-align-center\" data-align=\"center\">270<\/td><\/tr><\/tbody><\/table><\/figure>\n\n\n\n<p><strong>Analista de Gest\u00e3o:<\/strong><\/p>\n\n\n\n<figure class=\"wp-block-table is-style-stripes\"><table class=\"has-fixed-layout\"><thead><tr><th class=\"has-text-align-center\" data-align=\"center\">Carreira<\/th><th class=\"has-text-align-center\" data-align=\"center\">Cargo<\/th><th class=\"has-text-align-center\" data-align=\"center\">Refer\u00eancia<\/th><th class=\"has-text-align-center\" data-align=\"center\">Cargos Vagos<\/th><th class=\"has-text-align-center\" data-align=\"center\">Cargos Ocupados<\/th><th class=\"has-text-align-center\" data-align=\"center\">Total de Cargos<\/th><\/tr><\/thead><tbody><tr><td class=\"has-text-align-center\" data-align=\"center\">Gest\u00e3o e Fiscaliza\u00e7\u00e3o Rodovi\u00e1ria<\/td><td class=\"has-text-align-center\" data-align=\"center\">Analista de Gest\u00e3o e Fiscaliza\u00e7\u00e3o Rodovi\u00e1ria<\/td><td class=\"has-text-align-center\" data-align=\"center\">01\/2026<\/td><td class=\"has-text-align-center\" data-align=\"center\"><strong>292<\/strong><\/td><td class=\"has-text-align-center\" data-align=\"center\">308<\/td><td class=\"has-text-align-center\" data-align=\"center\">600<\/td><\/tr><\/tbody><\/table><\/figure>\n\n\n\n<p><strong>Especialista de Gest\u00e3o:<\/strong><\/p>\n\n\n\n<figure class=\"wp-block-table is-style-stripes\"><table class=\"has-fixed-layout\"><thead><tr><th class=\"has-text-align-center\" data-align=\"center\">Carreira<\/th><th class=\"has-text-align-center\" data-align=\"center\">Cargo<\/th><th class=\"has-text-align-center\" data-align=\"center\">Refer\u00eancia<\/th><th class=\"has-text-align-center\" data-align=\"center\">Cargos Vagos<\/th><th class=\"has-text-align-center\" data-align=\"center\">Cargos Ocupados<\/th><th class=\"has-text-align-center\" data-align=\"center\">Total de Cargos<\/th><\/tr><\/thead><tbody><tr><td class=\"has-text-align-center\" data-align=\"center\">Gest\u00e3o e Fiscaliza\u00e7\u00e3o Rodovi\u00e1ria<\/td><td class=\"has-text-align-center\" data-align=\"center\">Especialista de Gest\u00e3o e Fiscaliza\u00e7\u00e3o Rodovi\u00e1ria<\/td><td class=\"has-text-align-center\" data-align=\"center\">01\/2026<\/td><td class=\"has-text-align-center\" data-align=\"center\"><strong>115<\/strong><\/td><td class=\"has-text-align-center\" data-align=\"center\">15<\/td><td class=\"has-text-align-center\" data-align=\"center\">130<\/td><\/tr><\/tbody><\/table><\/figure>\n\n\n\n<h2 class=\"wp-block-heading\" id=\"edital\">Concurso DER DF: \u00faltimo edital<\/h2>\n\n\n\n<p>O \u00faltimo concurso DER DF foi realizado em <strong>2008\/2009<\/strong>, pela empresa Cetro. Foram oferecidas o total de <strong>221 vagas<\/strong>, distribu\u00eddas da seguinte maneira: <\/p>\n\n\n\n<ul class=\"wp-block-list\">\n<li>Analista de Atividades Rodovi\u00e1rias &#8211; 18 vagas;<\/li>\n\n\n\n<li>T\u00e9cnico de Atividades Rodovi\u00e1rias &#8211; 203 vagas. <\/li>\n<\/ul>\n\n\n\n<p>O cargo de <strong>Analista de Atividades Rodovi\u00e1rias<\/strong> foi distribu\u00eddo para as seguintes especialidades: <\/p>\n\n\n\n<ul class=\"wp-block-list\">\n<li><strong>ADMINISTRADOR<\/strong> &#8211; 1 vaga;<\/li>\n\n\n\n<li><strong>ANALISTA DE SISTEMAS<\/strong> &#8211; 1 vaga;<\/li>\n\n\n\n<li><strong>ARQUITETO<\/strong> &#8211; 1 vaga;<\/li>\n\n\n\n<li><strong>BI\u00d3LOGO<\/strong> &#8211; 1 vaga;<\/li>\n\n\n\n<li><strong>DIREITO E LEGISLA\u00c7\u00c3O<\/strong> &#8211; 1 vaga;<\/li>\n\n\n\n<li><strong>ENGENHEIRO CIVIL<\/strong> &#8211; 9 vagas;<\/li>\n\n\n\n<li><strong>ENGENHEIRO FLORESTA<\/strong> &#8211; 1 vaga;<\/li>\n\n\n\n<li><strong>ESTAT\u00cdSTICO<\/strong> &#8211; 1 vaga;<\/li>\n\n\n\n<li><strong>GE\u00d3GRAFO<\/strong> &#8211; 1 vaga;<\/li>\n\n\n\n<li><strong>GE\u00d3LOGO <\/strong>&#8211; 1 vaga.<\/li>\n<\/ul>\n\n\n\n<p>Entre as especialidades das vagas para o cargo de <strong>T\u00e9cnico de Atividades Rodovi\u00e1rias<\/strong>, estavam:<\/p>\n\n\n\n<ul class=\"wp-block-list\">\n<li><strong>AGENTE ADMINISTRATIVO<\/strong> -25 vagas;<\/li>\n\n\n\n<li><strong>DESENHISTA<\/strong> &#8211; 6 vagas;<\/li>\n\n\n\n<li><strong>MOTORISTA<\/strong> &#8211; 35 vagas;<\/li>\n\n\n\n<li><strong>OPERADOR DE M\u00c1QUINAS<\/strong> &#8211; 40 vagas;<\/li>\n\n\n\n<li><strong>T\u00c9CNICO DE CONTABILIDADE <\/strong>&#8211; 3 vagas;<\/li>\n\n\n\n<li><strong>T\u00c9CNICO DE ESTRADAS<\/strong> &#8211; 5 vagas;<\/li>\n\n\n\n<li><strong>T\u00c9CNICO DE TR\u00c2NSITO RODOVI\u00c1RIO<\/strong> &#8211; 60 vagas;<\/li>\n\n\n\n<li><strong>T\u00c9CNICO EM EDIFICA\u00c7\u00d5ES<\/strong> &#8211; 16 vagas;<\/li>\n\n\n\n<li><strong>T\u00c9CNICO OPERACIONAL EM FAIXAS DE DOM\u00cdNIO<\/strong> &#8211; 5 vagas;<\/li>\n\n\n\n<li><strong>TOP\u00d3GRAFO<\/strong> &#8211; 8 vagas.<\/li>\n<\/ul>\n\n\n\n<h3 class=\"wp-block-heading\" id=\"nomeacoes\">Convoca\u00e7\u00f5es<\/h3>\n\n\n\n<p>No \u00faltimo concurso DER DF, foram chamados <strong>872 servidores<\/strong> para compor o \u00f3rg\u00e3o. Assim, al\u00e9m das 221 vagas iniciais, foram chamados mais 651 candidatos excedentes.<\/p>\n\n\n\n<h3 class=\"wp-block-heading\" id=\"etapas\">Etapas e provas<\/h3>\n\n\n\n<ul class=\"wp-block-list\">\n<li><strong>Prova Objetiva<\/strong> para todos os cargos (eliminat\u00f3ria e classificat\u00f3ria);<\/li>\n\n\n\n<li><strong>Prova Escrita (Discursiva)<\/strong> para o cargo\/especialidade de Analista de Atividades Rodovi\u00e1rias \u2013 Especialidade Direito e Legisla\u00e7\u00e3o (eliminat\u00f3ria e classificat\u00f3ria);<\/li>\n\n\n\n<li><strong>Prova Pr\u00e1tica <\/strong>para o cargo de T\u00e9cnico em Atividades Rodovi\u00e1rias nas especialidades de Motorista,<\/li>\n\n\n\n<li>Operador de M\u00e1quinas e T\u00e9cnico de Tr\u00e2nsito Rodovi\u00e1rio (eliminat\u00f3ria);<\/li>\n\n\n\n<li><strong>Avalia\u00e7\u00e3o Psicol\u00f3gica<\/strong> para o cargo de T\u00e9cnico em Atividades Rodovi\u00e1rias na especialidade de T\u00e9cnico de Tr\u00e2nsito Rodovi\u00e1rio (eliminat\u00f3ria).<\/li>\n<\/ul>\n\n\n\n<h3 class=\"wp-block-heading\" id=\"objetiva\">Prova objetiva<\/h3>\n\n\n\n<p>A Prova Objetiva de m\u00faltipla escolha foi avaliada na escala de 0 a 100 pontos, sendo necess\u00e1rio obter, no m\u00ednimo, 50 pontos (50%).<\/p>\n\n\n\n<ul class=\"wp-block-list\">\n<li><strong>Analista de Atividades Rodovi\u00e1rias &#8211; Direito e Legisla\u00e7\u00e3o<\/strong>\n<ul class=\"wp-block-list\">\n<li>L\u00edngua Portuguesa \u2013 15 itens;<\/li>\n\n\n\n<li>Atualidades \u2013 10 itens;<\/li>\n\n\n\n<li>Lei Org\u00e2nica Distrital \u2013 05 itens;<\/li>\n\n\n\n<li>Conhecimentos Espec\u00edficos \u2013 30 itens.<\/li>\n<\/ul>\n<\/li>\n<\/ul>\n\n\n\n<ul class=\"wp-block-list\">\n<li><strong>Analista de Atividades Rodovi\u00e1rias &#8211; Demais \u00e1reas<\/strong>\n<ul class=\"wp-block-list\">\n<li>L\u00edngua Portuguesa \u2013 10 itens;<\/li>\n\n\n\n<li>Atualidades \u2013 05 itens;<\/li>\n\n\n\n<li>No\u00e7\u00f5es de Direito Administrativo \u2013 05 itens;<\/li>\n\n\n\n<li>No\u00e7\u00f5es de Direito Constitucional \u2013 05 itens;<\/li>\n\n\n\n<li>Lei Org\u00e2nica Distrital \u2013 05 itens;<\/li>\n\n\n\n<li>Conhecimentos Espec\u00edficos \u2013 30 itens.<\/li>\n<\/ul>\n<\/li>\n<\/ul>\n\n\n\n<ul class=\"wp-block-list\">\n<li><strong><\/strong><strong>T\u00e9cnico de Atividades Rodovi\u00e1rias<\/strong> &#8211; todas as \u00e1reas \n<ul class=\"wp-block-list\">\n<li>L\u00edngua Portuguesa \u2013 10 itens;<\/li>\n\n\n\n<li>Matem\u00e1tica \u2013 05 itens;<\/li>\n\n\n\n<li>Racioc\u00ednio L\u00f3gico \u2013 05 itens;<\/li>\n\n\n\n<li>Atualidades \u2013 05 itens;<\/li>\n\n\n\n<li>No\u00e7\u00f5es de Inform\u00e1tica \u2013 05 itens;<\/li>\n\n\n\n<li>No\u00e7\u00f5es de Direito Administrativo \u2013 05 itens;<\/li>\n\n\n\n<li>Lei Org\u00e2nica Distrital &#8211; 05 itens;<\/li>\n\n\n\n<li>Conhecimentos Espec\u00edficos \u2013 20 itens.<\/li>\n<\/ul>\n<\/li>\n<\/ul>\n\n\n\n<h3 class=\"wp-block-heading\" id=\"discursiva\">Prova discursiva<\/h3>\n\n\n\n<p>O candidato precisou produzir, com base em uma situa\u00e7\u00e3o formulada pela banca examinadora, um texto dissertativo a respeito de um problema apresentado e dever\u00e1 tamb\u00e9m responder a duas quest\u00f5es te\u00f3rico-pr\u00e1ticas sobre o tema-quest\u00e3o.<\/p>\n\n\n\n<p>A quest\u00e3o da solu\u00e7\u00e3o da situa\u00e7\u00e3o-problema valeu 60  pontos e as duas quest\u00f5es pr\u00e1ticas e\/ou te\u00f3rico-pr\u00e1ticas valeram no total 40 pontos, ou seja, 20 pontos cada quest\u00e3o. Foram considerados habilitados os candidatos que obtivessem nota igual ou superior a 50 pontos.<\/p>\n\n\n\n<hr class=\"wp-block-separator has-alpha-channel-opacity\"\/>\n\n\n\n<h2 class=\"wp-block-heading has-text-align-center\" id=\"cursos-assinatura\">Quer estudar para concurso DER DF?<\/h2>\n\n\n\n<div class=\"container\" id=\"boxes\">\n  <div class=\"row\">\n\n    <div class=\"col-sm\">\n      <div class=\"banner-estrat-corj\" id=\"box-assinatura\">\n        <h2 class=\"titulo-assinatura\" style=\"text-align: left;\">Cursos para DER DF<\/h2>\n        <p class=\"subtitulo-assinatura\" style=\"text-align: left;\">Conhe\u00e7a os cursos<\/p>\n        <div class=\"box-botao\" style=\"text-align: left;\">\n          <a class=\"btn-assinatura\" target=\"_blank\" href=\"https:\/\/www.estrategiaconcursos.com.br\/cursosPorConcurso\/departamento-de-estradas-e-rodagem-do-distrito-federal-der-df\/\" role=\"button\" rel=\"noopener noreferrer\">CLIQUE AQUI<\/a>\n        <\/div>\n      <\/div><\/div><\/div><\/div>\n\n\n\n<div class=\"container\" id=\"boxes\">\n  <div class=\"row\">\n\n    <div class=\"col-sm\">\n      <div class=\"estrategia\" id=\"box-assinatura\">\n        <h3 class=\"titulo-assinatura\">Assinatura Concursos<\/h3>\n        <p class=\"subtitulo-assinatura\">Assinatura de 1 ano ou 2 anos<\/p>\n        <div class=\"box-botao\">\n          <a class=\"btn-assinatura\" target=\"_blank\" href=\"https:\/\/www.estrategiaconcursos.com.br\/assinaturas\/\" role=\"button\" rel=\"noopener noreferrer\">ASSINE AGORA<\/a>\n        <\/div>\n      <\/div>\n     \n    <\/div><\/div><\/div>\n\n\n\n<h2 class=\"wp-block-heading has-text-align-center\" id=\"h-quer-saber-tudo-sobre-concursos-previstos-confira-nossos-artigos\">Quer saber tudo sobre concursos previstos?<br \/>Confira nossos artigos!<\/h2>\n\n\n\n<ul class=\"wp-block-list\">\n<li><a href=\"https:\/\/www.estrategiaconcursos.com.br\/blog\/concursos-abertos\/\" target=\"_blank\" rel=\"noreferrer noopener\">Concursos Abertos<\/a><\/li>\n\n\n\n<li><a href=\"https:\/\/www.estrategiaconcursos.com.br\/blog\/concurso-administrativos\/\">Concursos Administrativos<\/a><\/li>\n\n\n\n<li><a href=\"https:\/\/www.estrategiaconcursos.com.br\/blog\/concursos-2026\/\" target=\"_blank\" rel=\"noreferrer noopener\">Concursos 2026<\/a><\/li>\n<\/ul>\n\n\n\n<figure class=\"wp-block-image size-large is-resized\"><img loading=\"lazy\" decoding=\"async\" width=\"1024\" height=\"632\" src=\"https:\/\/dhg1h5j42swfq.cloudfront.net\/2021\/10\/08115111\/ficha-tecnica-1024x632.png\" alt=\"Ficha t\u00e9cnica concurso DER DF\" class=\"wp-image-880890\" style=\"width:302px;height:186px\" srcset=\"https:\/\/dhg1h5j42swfq.cloudfront.net\/2021\/10\/08115111\/ficha-tecnica-1024x632.png 1024w, https:\/\/dhg1h5j42swfq.cloudfront.net\/2021\/10\/08115111\/ficha-tecnica-300x185.png 300w, https:\/\/dhg1h5j42swfq.cloudfront.net\/2021\/10\/08115111\/ficha-tecnica-768x474.png 768w, https:\/\/dhg1h5j42swfq.cloudfront.net\/2021\/10\/08115111\/ficha-tecnica-1536x948.png 1536w, https:\/\/dhg1h5j42swfq.cloudfront.net\/2021\/10\/08115111\/ficha-tecnica-610x377.png 610w, https:\/\/dhg1h5j42swfq.cloudfront.net\/2021\/10\/08115111\/ficha-tecnica.png 1571w\" sizes=\"auto, (max-width: 1024px) 100vw, 1024px\" \/><\/figure>\n\n\n\n<h3 class=\"wp-block-heading\" id=\"ficha\">Informa\u00e7\u00f5es do pr\u00f3ximo concurso DER DF<\/h3>\n\n\n\n<ul class=\"wp-block-list\">\n<li><strong>Data prevista:<\/strong> 2027<\/li>\n\n\n\n<li><strong>Banca:<\/strong> a definir<\/li>\n\n\n\n<li><strong>Cargos:<\/strong> v\u00e1rios<\/li>\n\n\n\n<li><strong>Vagas:<\/strong> 300 previstas<\/li>\n\n\n\n<li><strong>Escolaridade:<\/strong> n\u00edveis m\u00e9dio e superior<\/li>\n\n\n\n<li><strong>\u00daltimo edital:<\/strong> <a href=\"https:\/\/dhg1h5j42swfq.cloudfront.net\/2019\/06\/03162638\/concurso-DER-DF.pdf\" target=\"_blank\" rel=\"noreferrer noopener nofollow\">DER DF-2008<\/a><\/li>\n<\/ul>\n","protected":false},"excerpt":{"rendered":"<p>O concurso do Departamento de Estradas de Rodagem do Distrito Federal (DER DF) deve ter o seu edital publicado somente em 2027. Isso porque, em contato com fontes internas, fomos informados de que o decreto de conten\u00e7\u00e3o de gastos do governador suspendeu as atividades do certame neste ano. Apesar disso, n\u00e3o \u00e9 necess\u00e1rio desanimar, uma [&hellip;]<\/p>\n","protected":false},"author":643,"featured_media":1176101,"comment_status":"open","ping_status":"closed","sticky":false,"template":"","format":"standard","meta":{"post_tipo":"news_page","footnotes":""},"categories":[214992],"tags":[],"tax_estado":[219970],"class_list":["post-1117373","post","type-post","status-publish","format-standard","has-post-thumbnail","hentry","category-concursos-administrativos","tax_estado-df"],"acf":[],"yoast_head":"<!-- This site is optimized with the Yoast SEO Premium plugin v27.2 (Yoast SEO v27.2) - https:\/\/yoast.com\/product\/yoast-seo-premium-wordpress\/ -->\n<title>Concurso DER DF: edital somente em 2027!<\/title>\n<meta name=\"description\" content=\"Concurso DER DF: fontes garantem que o edital deve sair s\u00f3 em 2027. Veja as atribui\u00e7\u00f5es, requisitos e especialidades da carreira.\" \/>\n<meta name=\"robots\" content=\"index, follow, max-snippet:-1, max-image-preview:large, max-video-preview:-1\" \/>\n<link rel=\"canonical\" href=\"https:\/\/www.estrategiaconcursos.com.br\/blog\/concurso-der-df\/\" \/>\n<meta property=\"og:locale\" content=\"pt_BR\" \/>\n<meta property=\"og:type\" content=\"article\" \/>\n<meta property=\"og:title\" content=\"Concurso DER DF: edital somente em 2027!\" \/>\n<meta property=\"og:description\" content=\"Concurso DER DF: fontes garantem que o edital deve sair s\u00f3 em 2027. Veja as atribui\u00e7\u00f5es, requisitos e especialidades da carreira.\" \/>\n<meta property=\"og:url\" content=\"https:\/\/www.estrategiaconcursos.com.br\/blog\/concurso-der-df\/\" \/>\n<meta property=\"og:site_name\" content=\"Estrat\u00e9gia Concursos\" \/>\n<meta property=\"article:published_time\" content=\"2026-02-19T10:22:00+00:00\" \/>\n<meta property=\"article:modified_time\" content=\"2026-02-19T10:53:44+00:00\" \/>\n<meta property=\"og:image\" content=\"https:\/\/dhg1h5j42swfq.cloudfront.net\/2023\/02\/23083206\/768-432-max-5.jpg\" \/>\n\t<meta property=\"og:image:width\" content=\"768\" \/>\n\t<meta property=\"og:image:height\" content=\"432\" \/>\n\t<meta property=\"og:image:type\" content=\"image\/jpeg\" \/>\n<meta name=\"author\" content=\"F\u00e1bio Scaldelai\" \/>\n<meta name=\"twitter:card\" content=\"summary_large_image\" \/>\n<meta name=\"twitter:creator\" content=\"@EstratConcursos\" \/>\n<meta name=\"twitter:site\" content=\"@EstratConcursos\" \/>\n<meta name=\"twitter:label1\" content=\"Escrito por\" \/>\n\t<meta name=\"twitter:data1\" content=\"F\u00e1bio Scaldelai\" \/>\n\t<meta name=\"twitter:label2\" content=\"Est. tempo de leitura\" \/>\n\t<meta name=\"twitter:data2\" content=\"11 minutos\" \/>\n<script type=\"application\/ld+json\" class=\"yoast-schema-graph\">{\"@context\":\"https:\/\/schema.org\",\"@graph\":[{\"@type\":\"NewsArticle\",\"@id\":\"https:\/\/www.estrategiaconcursos.com.br\/blog\/concurso-der-df\/#article\",\"isPartOf\":{\"@id\":\"https:\/\/www.estrategiaconcursos.com.br\/blog\/concurso-der-df\/\"},\"author\":{\"name\":\"F\u00e1bio Scaldelai\",\"@id\":\"https:\/\/www.estrategiaconcursos.com.br\/blog\/#\/schema\/person\/b27f725b445a1519b2f20bf79001496d\"},\"headline\":\"Concurso DER DF: edital somente em 2027!\",\"datePublished\":\"2026-02-19T10:22:00+00:00\",\"dateModified\":\"2026-02-19T10:53:44+00:00\",\"mainEntityOfPage\":{\"@id\":\"https:\/\/www.estrategiaconcursos.com.br\/blog\/concurso-der-df\/\"},\"wordCount\":2164,\"commentCount\":0,\"publisher\":{\"@id\":\"https:\/\/www.estrategiaconcursos.com.br\/blog\/#organization\"},\"image\":{\"@id\":\"https:\/\/www.estrategiaconcursos.com.br\/blog\/concurso-der-df\/#primaryimage\"},\"thumbnailUrl\":\"https:\/\/dhg1h5j42swfq.cloudfront.net\/2023\/02\/23083206\/768-432-max-5.jpg\",\"articleSection\":[\"Executivo (Administrativa)\"],\"inLanguage\":\"pt-BR\",\"potentialAction\":[{\"@type\":\"CommentAction\",\"name\":\"Comment\",\"target\":[\"https:\/\/www.estrategiaconcursos.com.br\/blog\/concurso-der-df\/#respond\"]}],\"copyrightYear\":\"2026\",\"copyrightHolder\":{\"@id\":\"https:\/\/www.estrategiaconcursos.com.br\/blog\/#organization\"}},{\"@type\":\"WebPage\",\"@id\":\"https:\/\/www.estrategiaconcursos.com.br\/blog\/concurso-der-df\/\",\"url\":\"https:\/\/www.estrategiaconcursos.com.br\/blog\/concurso-der-df\/\",\"name\":\"Concurso DER DF: edital somente em 2027!\",\"isPartOf\":{\"@id\":\"https:\/\/www.estrategiaconcursos.com.br\/blog\/#website\"},\"primaryImageOfPage\":{\"@id\":\"https:\/\/www.estrategiaconcursos.com.br\/blog\/concurso-der-df\/#primaryimage\"},\"image\":{\"@id\":\"https:\/\/www.estrategiaconcursos.com.br\/blog\/concurso-der-df\/#primaryimage\"},\"thumbnailUrl\":\"https:\/\/dhg1h5j42swfq.cloudfront.net\/2023\/02\/23083206\/768-432-max-5.jpg\",\"datePublished\":\"2026-02-19T10:22:00+00:00\",\"dateModified\":\"2026-02-19T10:53:44+00:00\",\"description\":\"Concurso DER DF: fontes garantem que o edital deve sair s\u00f3 em 2027. Veja as atribui\u00e7\u00f5es, requisitos e especialidades da carreira.\",\"breadcrumb\":{\"@id\":\"https:\/\/www.estrategiaconcursos.com.br\/blog\/concurso-der-df\/#breadcrumb\"},\"inLanguage\":\"pt-BR\",\"potentialAction\":[{\"@type\":\"ReadAction\",\"target\":[\"https:\/\/www.estrategiaconcursos.com.br\/blog\/concurso-der-df\/\"]}]},{\"@type\":\"ImageObject\",\"inLanguage\":\"pt-BR\",\"@id\":\"https:\/\/www.estrategiaconcursos.com.br\/blog\/concurso-der-df\/#primaryimage\",\"url\":\"https:\/\/dhg1h5j42swfq.cloudfront.net\/2023\/02\/23083206\/768-432-max-5.jpg\",\"contentUrl\":\"https:\/\/dhg1h5j42swfq.cloudfront.net\/2023\/02\/23083206\/768-432-max-5.jpg\",\"width\":768,\"height\":432,\"caption\":\"Concurso DER DF edital\"},{\"@type\":\"BreadcrumbList\",\"@id\":\"https:\/\/www.estrategiaconcursos.com.br\/blog\/concurso-der-df\/#breadcrumb\",\"itemListElement\":[{\"@type\":\"ListItem\",\"position\":1,\"name\":\"In\u00edcio\",\"item\":\"https:\/\/www.estrategiaconcursos.com.br\/blog\/\"},{\"@type\":\"ListItem\",\"position\":2,\"name\":\"Concurso DER DF: edital somente em 2027!\"}]},{\"@type\":\"WebSite\",\"@id\":\"https:\/\/www.estrategiaconcursos.com.br\/blog\/#website\",\"url\":\"https:\/\/www.estrategiaconcursos.com.br\/blog\/\",\"name\":\"Estrat\u00e9gia Concursos\",\"description\":\"O blog da Estrat\u00e9gia Concursos traz not\u00edcias sobre concursos e artigos de professores oferecendo cursos para concursos (pdf + videaulas) no site.\",\"publisher\":{\"@id\":\"https:\/\/www.estrategiaconcursos.com.br\/blog\/#organization\"},\"potentialAction\":[{\"@type\":\"SearchAction\",\"target\":{\"@type\":\"EntryPoint\",\"urlTemplate\":\"https:\/\/www.estrategiaconcursos.com.br\/blog\/?s={search_term_string}\"},\"query-input\":{\"@type\":\"PropertyValueSpecification\",\"valueRequired\":true,\"valueName\":\"search_term_string\"}}],\"inLanguage\":\"pt-BR\"},{\"@type\":\"Organization\",\"@id\":\"https:\/\/www.estrategiaconcursos.com.br\/blog\/#organization\",\"name\":\"Estrat\u00e9gia Concursos\",\"url\":\"https:\/\/www.estrategiaconcursos.com.br\/blog\/\",\"logo\":{\"@type\":\"ImageObject\",\"inLanguage\":\"pt-BR\",\"@id\":\"https:\/\/www.estrategiaconcursos.com.br\/blog\/#\/schema\/logo\/image\/\",\"url\":\"https:\/\/dhg1h5j42swfq.cloudfront.net\/2025\/06\/03203428\/logo_concursos-1.jpg\",\"contentUrl\":\"https:\/\/dhg1h5j42swfq.cloudfront.net\/2025\/06\/03203428\/logo_concursos-1.jpg\",\"width\":230,\"height\":60,\"caption\":\"Estrat\u00e9gia Concursos\"},\"image\":{\"@id\":\"https:\/\/www.estrategiaconcursos.com.br\/blog\/#\/schema\/logo\/image\/\"},\"sameAs\":[\"https:\/\/x.com\/EstratConcursos\"]},{\"@type\":\"Person\",\"@id\":\"https:\/\/www.estrategiaconcursos.com.br\/blog\/#\/schema\/person\/b27f725b445a1519b2f20bf79001496d\",\"name\":\"F\u00e1bio Scaldelai\",\"image\":{\"@type\":\"ImageObject\",\"inLanguage\":\"pt-BR\",\"@id\":\"https:\/\/secure.gravatar.com\/avatar\/d87536a395daa9c44d428de53feb744c60ed200e5635eefecfcfa4cdd3fbd7dc?s=96&d=mm&r=g\",\"url\":\"https:\/\/secure.gravatar.com\/avatar\/d87536a395daa9c44d428de53feb744c60ed200e5635eefecfcfa4cdd3fbd7dc?s=96&d=mm&r=g\",\"contentUrl\":\"https:\/\/secure.gravatar.com\/avatar\/d87536a395daa9c44d428de53feb744c60ed200e5635eefecfcfa4cdd3fbd7dc?s=96&d=mm&r=g\",\"caption\":\"F\u00e1bio Scaldelai\"},\"url\":\"https:\/\/www.estrategiaconcursos.com.br\/blog\/author\/fabio-scaldelai\/\"}]}<\/script>\n<!-- \/ Yoast SEO Premium plugin. -->","yoast_head_json":{"title":"Concurso DER DF: edital somente em 2027!","description":"Concurso DER DF: fontes garantem que o edital deve sair s\u00f3 em 2027. Veja as atribui\u00e7\u00f5es, requisitos e especialidades da carreira.","robots":{"index":"index","follow":"follow","max-snippet":"max-snippet:-1","max-image-preview":"max-image-preview:large","max-video-preview":"max-video-preview:-1"},"canonical":"https:\/\/www.estrategiaconcursos.com.br\/blog\/concurso-der-df\/","og_locale":"pt_BR","og_type":"article","og_title":"Concurso DER DF: edital somente em 2027!","og_description":"Concurso DER DF: fontes garantem que o edital deve sair s\u00f3 em 2027. Veja as atribui\u00e7\u00f5es, requisitos e especialidades da carreira.","og_url":"https:\/\/www.estrategiaconcursos.com.br\/blog\/concurso-der-df\/","og_site_name":"Estrat\u00e9gia Concursos","article_published_time":"2026-02-19T10:22:00+00:00","article_modified_time":"2026-02-19T10:53:44+00:00","og_image":[{"width":768,"height":432,"url":"https:\/\/dhg1h5j42swfq.cloudfront.net\/2023\/02\/23083206\/768-432-max-5.jpg","type":"image\/jpeg"}],"author":"F\u00e1bio Scaldelai","twitter_card":"summary_large_image","twitter_creator":"@EstratConcursos","twitter_site":"@EstratConcursos","twitter_misc":{"Escrito por":"F\u00e1bio Scaldelai","Est. tempo de leitura":"11 minutos"},"schema":{"@context":"https:\/\/schema.org","@graph":[{"@type":"NewsArticle","@id":"https:\/\/www.estrategiaconcursos.com.br\/blog\/concurso-der-df\/#article","isPartOf":{"@id":"https:\/\/www.estrategiaconcursos.com.br\/blog\/concurso-der-df\/"},"author":{"name":"F\u00e1bio Scaldelai","@id":"https:\/\/www.estrategiaconcursos.com.br\/blog\/#\/schema\/person\/b27f725b445a1519b2f20bf79001496d"},"headline":"Concurso DER DF: edital somente em 2027!","datePublished":"2026-02-19T10:22:00+00:00","dateModified":"2026-02-19T10:53:44+00:00","mainEntityOfPage":{"@id":"https:\/\/www.estrategiaconcursos.com.br\/blog\/concurso-der-df\/"},"wordCount":2164,"commentCount":0,"publisher":{"@id":"https:\/\/www.estrategiaconcursos.com.br\/blog\/#organization"},"image":{"@id":"https:\/\/www.estrategiaconcursos.com.br\/blog\/concurso-der-df\/#primaryimage"},"thumbnailUrl":"https:\/\/dhg1h5j42swfq.cloudfront.net\/2023\/02\/23083206\/768-432-max-5.jpg","articleSection":["Executivo (Administrativa)"],"inLanguage":"pt-BR","potentialAction":[{"@type":"CommentAction","name":"Comment","target":["https:\/\/www.estrategiaconcursos.com.br\/blog\/concurso-der-df\/#respond"]}],"copyrightYear":"2026","copyrightHolder":{"@id":"https:\/\/www.estrategiaconcursos.com.br\/blog\/#organization"}},{"@type":"WebPage","@id":"https:\/\/www.estrategiaconcursos.com.br\/blog\/concurso-der-df\/","url":"https:\/\/www.estrategiaconcursos.com.br\/blog\/concurso-der-df\/","name":"Concurso DER DF: edital somente em 2027!","isPartOf":{"@id":"https:\/\/www.estrategiaconcursos.com.br\/blog\/#website"},"primaryImageOfPage":{"@id":"https:\/\/www.estrategiaconcursos.com.br\/blog\/concurso-der-df\/#primaryimage"},"image":{"@id":"https:\/\/www.estrategiaconcursos.com.br\/blog\/concurso-der-df\/#primaryimage"},"thumbnailUrl":"https:\/\/dhg1h5j42swfq.cloudfront.net\/2023\/02\/23083206\/768-432-max-5.jpg","datePublished":"2026-02-19T10:22:00+00:00","dateModified":"2026-02-19T10:53:44+00:00","description":"Concurso DER DF: fontes garantem que o edital deve sair s\u00f3 em 2027. Veja as atribui\u00e7\u00f5es, requisitos e especialidades da carreira.","breadcrumb":{"@id":"https:\/\/www.estrategiaconcursos.com.br\/blog\/concurso-der-df\/#breadcrumb"},"inLanguage":"pt-BR","potentialAction":[{"@type":"ReadAction","target":["https:\/\/www.estrategiaconcursos.com.br\/blog\/concurso-der-df\/"]}]},{"@type":"ImageObject","inLanguage":"pt-BR","@id":"https:\/\/www.estrategiaconcursos.com.br\/blog\/concurso-der-df\/#primaryimage","url":"https:\/\/dhg1h5j42swfq.cloudfront.net\/2023\/02\/23083206\/768-432-max-5.jpg","contentUrl":"https:\/\/dhg1h5j42swfq.cloudfront.net\/2023\/02\/23083206\/768-432-max-5.jpg","width":768,"height":432,"caption":"Concurso DER DF edital"},{"@type":"BreadcrumbList","@id":"https:\/\/www.estrategiaconcursos.com.br\/blog\/concurso-der-df\/#breadcrumb","itemListElement":[{"@type":"ListItem","position":1,"name":"In\u00edcio","item":"https:\/\/www.estrategiaconcursos.com.br\/blog\/"},{"@type":"ListItem","position":2,"name":"Concurso DER DF: edital somente em 2027!"}]},{"@type":"WebSite","@id":"https:\/\/www.estrategiaconcursos.com.br\/blog\/#website","url":"https:\/\/www.estrategiaconcursos.com.br\/blog\/","name":"Estrat\u00e9gia Concursos","description":"O blog da Estrat\u00e9gia Concursos traz not\u00edcias sobre concursos e artigos de professores oferecendo cursos para concursos (pdf + videaulas) no site.","publisher":{"@id":"https:\/\/www.estrategiaconcursos.com.br\/blog\/#organization"},"potentialAction":[{"@type":"SearchAction","target":{"@type":"EntryPoint","urlTemplate":"https:\/\/www.estrategiaconcursos.com.br\/blog\/?s={search_term_string}"},"query-input":{"@type":"PropertyValueSpecification","valueRequired":true,"valueName":"search_term_string"}}],"inLanguage":"pt-BR"},{"@type":"Organization","@id":"https:\/\/www.estrategiaconcursos.com.br\/blog\/#organization","name":"Estrat\u00e9gia Concursos","url":"https:\/\/www.estrategiaconcursos.com.br\/blog\/","logo":{"@type":"ImageObject","inLanguage":"pt-BR","@id":"https:\/\/www.estrategiaconcursos.com.br\/blog\/#\/schema\/logo\/image\/","url":"https:\/\/dhg1h5j42swfq.cloudfront.net\/2025\/06\/03203428\/logo_concursos-1.jpg","contentUrl":"https:\/\/dhg1h5j42swfq.cloudfront.net\/2025\/06\/03203428\/logo_concursos-1.jpg","width":230,"height":60,"caption":"Estrat\u00e9gia Concursos"},"image":{"@id":"https:\/\/www.estrategiaconcursos.com.br\/blog\/#\/schema\/logo\/image\/"},"sameAs":["https:\/\/x.com\/EstratConcursos"]},{"@type":"Person","@id":"https:\/\/www.estrategiaconcursos.com.br\/blog\/#\/schema\/person\/b27f725b445a1519b2f20bf79001496d","name":"F\u00e1bio Scaldelai","image":{"@type":"ImageObject","inLanguage":"pt-BR","@id":"https:\/\/secure.gravatar.com\/avatar\/d87536a395daa9c44d428de53feb744c60ed200e5635eefecfcfa4cdd3fbd7dc?s=96&d=mm&r=g","url":"https:\/\/secure.gravatar.com\/avatar\/d87536a395daa9c44d428de53feb744c60ed200e5635eefecfcfa4cdd3fbd7dc?s=96&d=mm&r=g","contentUrl":"https:\/\/secure.gravatar.com\/avatar\/d87536a395daa9c44d428de53feb744c60ed200e5635eefecfcfa4cdd3fbd7dc?s=96&d=mm&r=g","caption":"F\u00e1bio Scaldelai"},"url":"https:\/\/www.estrategiaconcursos.com.br\/blog\/author\/fabio-scaldelai\/"}]}},"_links":{"self":[{"href":"https:\/\/www.estrategiaconcursos.com.br\/blog\/wp-json\/wp\/v2\/posts\/1117373","targetHints":{"allow":["GET"]}}],"collection":[{"href":"https:\/\/www.estrategiaconcursos.com.br\/blog\/wp-json\/wp\/v2\/posts"}],"about":[{"href":"https:\/\/www.estrategiaconcursos.com.br\/blog\/wp-json\/wp\/v2\/types\/post"}],"author":[{"embeddable":true,"href":"https:\/\/www.estrategiaconcursos.com.br\/blog\/wp-json\/wp\/v2\/users\/643"}],"replies":[{"embeddable":true,"href":"https:\/\/www.estrategiaconcursos.com.br\/blog\/wp-json\/wp\/v2\/comments?post=1117373"}],"version-history":[{"count":78,"href":"https:\/\/www.estrategiaconcursos.com.br\/blog\/wp-json\/wp\/v2\/posts\/1117373\/revisions"}],"predecessor-version":[{"id":1717371,"href":"https:\/\/www.estrategiaconcursos.com.br\/blog\/wp-json\/wp\/v2\/posts\/1117373\/revisions\/1717371"}],"wp:featuredmedia":[{"embeddable":true,"href":"https:\/\/www.estrategiaconcursos.com.br\/blog\/wp-json\/wp\/v2\/media\/1176101"}],"wp:attachment":[{"href":"https:\/\/www.estrategiaconcursos.com.br\/blog\/wp-json\/wp\/v2\/media?parent=1117373"}],"wp:term":[{"taxonomy":"category","embeddable":true,"href":"https:\/\/www.estrategiaconcursos.com.br\/blog\/wp-json\/wp\/v2\/categories?post=1117373"},{"taxonomy":"post_tag","embeddable":true,"href":"https:\/\/www.estrategiaconcursos.com.br\/blog\/wp-json\/wp\/v2\/tags?post=1117373"},{"taxonomy":"tax_estado","embeddable":true,"href":"https:\/\/www.estrategiaconcursos.com.br\/blog\/wp-json\/wp\/v2\/tax_estado?post=1117373"}],"curies":[{"name":"wp","href":"https:\/\/api.w.org\/{rel}","templated":true}]}}