{"id":1116913,"date":"2025-09-09T10:09:00","date_gmt":"2025-09-09T13:09:00","guid":{"rendered":"https:\/\/www.estrategiaconcursos.com.br\/blog\/?p=1116913"},"modified":"2025-12-12T13:40:25","modified_gmt":"2025-12-12T16:40:25","slug":"concurso-usp","status":"publish","type":"post","link":"https:\/\/www.estrategiaconcursos.com.br\/blog\/concurso-usp\/","title":{"rendered":"Concurso USP: prova pr\u00e1tica em setembro! Ganhe at\u00e9 R$ 10,7 mil!"},"content":{"rendered":"<p><center><a id=\"cta-icon\" href=\"https:\/\/sndflw.com\/i\/usp-grupo\" target=\"_blank\" style=\"background:#29a61a; display:inline-flex; align-items:center; padding:10px 15px; border-radius:6px; color:#fff; text-decoration:none; font-weight:500; font-size:15px;\"><img decoding=\"async\" src=\"https:\/\/dhg1h5j42swfq.cloudfront.net\/2023\/12\/07154107\/whatsapp_13851.png\" alt=\"\" style=\"width:20px; height:20px; margin-right:8px;\"><span>Acesse agora o Grupo de Estudos para o Concurso USP<\/span><\/a><\/center><\/p>\n\n\n\n<h3 class=\"wp-block-heading\" id=\"h-sao-26-vagas\"><em>S\u00e3o 26 vagas!<\/em><\/h3>\n\n\n\n<p>A <a href=\"https:\/\/www.estrategiaconcursos.com.br\/assinaturas\" target=\"_blank\" rel=\"noreferrer noopener\">Universidade de S\u00e3o Paulo<\/a> divulgou 19 novos editais com a oferta total de <strong>26 vagas imediatas,<\/strong> com sal\u00e1rio inicial entre <strong>R$ 3.144,77 e R$ 10.742,56<\/strong>!<\/p>\n\n\n\n<p>Os candidatos poderiam se inscrever entre 10 de junho de 2025 a 8 de julho de 2025, no&nbsp;site da USP. Foi cobrada taxa no valor de R$ 160,00 a R$ 230,00.<\/p>\n\n\n\n<p>Os candidatos foram avaliados por meio de <strong>prova objetiva<\/strong> no dia<strong> 03 de agosto<\/strong>. Confira mais detalhes ao longo do artigo!<\/p>\n\n\n\n<ul class=\"wp-block-list has-electric-grass-gradient-background has-background\">\n<li><strong>Concurso USP 2025<\/strong><\/li>\n\n\n\n<li><strong>Status<\/strong>: prova pr\u00e1tica em setembro<\/li>\n\n\n\n<li><strong style=\"background-color: initial; color: initial;\">Banca:<\/strong> <a href=\"https:\/\/uspdigital.usp.br\/gr\/admissao\">USP<\/a><\/li>\n\n\n\n<li><strong>Vagas:<\/strong> 26<\/li>\n\n\n\n<li><strong>Sal\u00e1rio inicial:<\/strong> entre R$ 3.144,77 e  R$ 10.742,56<\/li>\n\n\n\n<li><strong>Editais USP 2025: <\/strong><a href=\"https:\/\/www.fuvest.br\/agente-vigilancia\/\">34<\/a> | <a href=\"https:\/\/www.fuvest.br\/auxiliar-manutencao-obras-2025-2\">35<\/a> | <a href=\"https:\/\/www.fuvest.br\/educador-2025-2\/\">36<\/a> | <a href=\"https:\/\/www.fuvest.br\/enfermeiro\/\">37<\/a> | <a href=\"https:\/\/www.fuvest.br\/enfermeiro\/\">38<\/a> | <a href=\"https:\/\/www.fuvest.br\/engenheiro-2025-2\/\">39<\/a> | <a href=\"https:\/\/www.fuvest.br\/especialista-laboratorio-2025-2\/\">40<\/a> | <a href=\"https:\/\/www.fuvest.br\/especialista-laboratorio-2025-2\/\">41<\/a> | <a href=\"https:\/\/www.fuvest.br\/especialista-laboratorio-2025-2\/\">42<\/a> | <a href=\"https:\/\/www.fuvest.br\/veterinario\/\">43<\/a> | <a href=\"https:\/\/www.fuvest.br\/veterinario\/\">44<\/a> | <a href=\"https:\/\/www.fuvest.br\/orientador-arte-dramatica\/\">45<\/a> | <a href=\"https:\/\/www.fuvest.br\/tecnico-enfermagem\/\">46<\/a> | <a href=\"https:\/\/www.fuvest.br\/tecnico-laboratorio-2025-2\">47<\/a> | <a href=\"https:\/\/www.fuvest.br\/tecnico-laboratorio-2025-2\">48 <\/a>| <a href=\"https:\/\/www.fuvest.br\/tecnico-laboratorio-2025-2\">49<\/a> | <a href=\"https:\/\/www.fuvest.br\/tecnico-laboratorio-2025-2\">50<\/a> | <a href=\"https:\/\/www.fuvest.br\/tecnico-manutencao-obras\/\">52<\/a> | <a href=\"https:\/\/www.fuvest.br\/terapeuta-ocupacional\/\">53<\/a><\/li>\n\n\n\n<li><strong>Editais USP 2024<\/strong>: <a href=\"https:\/\/dhg1h5j42swfq.cloudfront.net\/2024\/02\/27182514\/edital-01.pdf\" target=\"_blank\" rel=\"noreferrer noopener nofollow\">01<\/a> | <a href=\"https:\/\/dhg1h5j42swfq.cloudfront.net\/2024\/02\/27182519\/edital-02.pdf\" target=\"_blank\" rel=\"noreferrer noopener nofollow\">02<\/a> | <a href=\"https:\/\/dhg1h5j42swfq.cloudfront.net\/2024\/02\/27182523\/edital-03.pdf\" target=\"_blank\" rel=\"noreferrer noopener nofollow\">03<\/a> | <a href=\"https:\/\/dhg1h5j42swfq.cloudfront.net\/2024\/02\/27182527\/edital-04-1.pdf\" target=\"_blank\" rel=\"noreferrer noopener nofollow\">04<\/a> | <a href=\"https:\/\/dhg1h5j42swfq.cloudfront.net\/2024\/02\/27182532\/edital-05.pdf\" target=\"_blank\" rel=\"noreferrer noopener nofollow\">05<\/a> | <a href=\"https:\/\/dhg1h5j42swfq.cloudfront.net\/2024\/02\/27182537\/edital-06.pdf\" target=\"_blank\" rel=\"noreferrer noopener nofollow\">06<\/a> | <a href=\"https:\/\/dhg1h5j42swfq.cloudfront.net\/2024\/02\/27182542\/edital-07.pdf\" target=\"_blank\" rel=\"noreferrer noopener nofollow\">07<\/a> | <a href=\"https:\/\/dhg1h5j42swfq.cloudfront.net\/2024\/02\/27182548\/edital-08.pdf\" target=\"_blank\" rel=\"noreferrer noopener nofollow\">08<\/a> | <a href=\"https:\/\/dhg1h5j42swfq.cloudfront.net\/2024\/02\/27182554\/edital-09.pdf\" target=\"_blank\" rel=\"noreferrer noopener nofollow\">09<\/a> | <a href=\"https:\/\/dhg1h5j42swfq.cloudfront.net\/2024\/02\/27182559\/edital-10.pdf\" target=\"_blank\" rel=\"noreferrer noopener nofollow\">10<\/a> | <a href=\"https:\/\/dhg1h5j42swfq.cloudfront.net\/2024\/02\/27182605\/edital-11.pdf\" target=\"_blank\" rel=\"noreferrer noopener nofollow\">11<\/a> | <a href=\"https:\/\/dhg1h5j42swfq.cloudfront.net\/2024\/02\/27182611\/edital-12.pdf\" target=\"_blank\" rel=\"noreferrer noopener nofollow\">12<\/a> | <a href=\"https:\/\/dhg1h5j42swfq.cloudfront.net\/2024\/02\/27182616\/edital-13.pdf\" target=\"_blank\" rel=\"noreferrer noopener nofollow\">13<\/a> | <a href=\"https:\/\/dhg1h5j42swfq.cloudfront.net\/2024\/02\/27182620\/edital-14.pdf\" target=\"_blank\" rel=\"noreferrer noopener nofollow\">14<\/a> | <a href=\"https:\/\/dhg1h5j42swfq.cloudfront.net\/2024\/02\/27182626\/edital-15.pdf\" target=\"_blank\" rel=\"noreferrer noopener nofollow\">15<\/a> | <a href=\"https:\/\/dhg1h5j42swfq.cloudfront.net\/2024\/02\/27182631\/edital-16.pdf\" target=\"_blank\" rel=\"noreferrer noopener nofollow\">16<\/a> | <a href=\"https:\/\/dhg1h5j42swfq.cloudfront.net\/2024\/02\/27182636\/edital-17.pdf\" target=\"_blank\" rel=\"noreferrer noopener nofollow\">17<\/a> | <a href=\"https:\/\/dhg1h5j42swfq.cloudfront.net\/2024\/02\/27182641\/edital-18.pdf\" target=\"_blank\" rel=\"noreferrer noopener nofollow\">18<\/a> | <a href=\"https:\/\/dhg1h5j42swfq.cloudfront.net\/2024\/02\/27182645\/edital-19.pdf\" target=\"_blank\" rel=\"noreferrer noopener nofollow\">19<\/a> | <a href=\"https:\/\/dhg1h5j42swfq.cloudfront.net\/2024\/02\/27182651\/edital-20.pdf\" target=\"_blank\" rel=\"noreferrer noopener nofollow\">20<\/a> | <a href=\"https:\/\/dhg1h5j42swfq.cloudfront.net\/2024\/02\/27183331\/edital-21.pdf\" target=\"_blank\" rel=\"noreferrer noopener nofollow\">21<\/a> | <a href=\"https:\/\/dhg1h5j42swfq.cloudfront.net\/2024\/02\/27183336\/edital-22.pdf\" target=\"_blank\" rel=\"noreferrer noopener nofollow\">22<\/a> | <a href=\"https:\/\/dhg1h5j42swfq.cloudfront.net\/2024\/02\/27183341\/edital-23.pdf\" target=\"_blank\" rel=\"noreferrer noopener nofollow\">23<\/a> | <a href=\"https:\/\/dhg1h5j42swfq.cloudfront.net\/2024\/02\/27183348\/edital-24.pdf\" target=\"_blank\" rel=\"noreferrer noopener nofollow\">24<\/a><\/li>\n<\/ul>\n\n\n\n<div class=\"container\" id=\"boxes\">\n  <div class=\"row\">\n\n    <div class=\"col-sm\">\n      <div class=\"banner-estrategia\" id=\"box-assinatura\">\n        <h3 class=\"titulo-assinatura\">Cursos para o concurso USP<\/h3>\n        <p class=\"subtitulo-assinatura\">Estude conosco<\/p>\n        <div class=\"box-botao\">\n          <a class=\"btn-assinatura\" target=\"_blank\" href=\"https:\/\/www.estrategiaconcursos.com.br\/cursosPorConcurso\/universidade-de-sao-paulo-usp\/\" role=\"button\" rel=\"noopener noreferrer\">Conhe\u00e7a os cursos<\/a>\n        <\/div>\n      <\/div>\n     \n    <\/div>\n\n  <\/div>\n<\/div>\n\n\n\n<ul class=\"wp-block-list\">\n<li><a href=\"#datas\">Principais datas<\/a><\/li>\n\n\n\n<li><a href=\"#cargos\">Cargos, vagas e sal\u00e1rios<\/a><\/li>\n\n\n\n<li><a href=\"#etapas\">Etapas e provas<\/a><\/li>\n\n\n\n<li><a href=\"#\u00faltimo-concurso\">\u00daltimo concurso<\/a><\/li>\n\n\n\n<li><a href=\"#ficha\">Ficha t\u00e9cnica<\/a><\/li>\n\n\n\n<li><a href=\"#cursos\">Cursos<\/a><\/li>\n<\/ul>\n\n\n\n<h2 class=\"wp-block-heading\" id=\"datas\">Concurso USP: principais datas<\/h2>\n\n\n\n<ul class=\"wp-block-list has-electric-grass-gradient-background has-background\">\n<li><strong>Inscri\u00e7\u00f5es<\/strong>: 10\/06 a 08\/07\/2025<\/li>\n\n\n\n<li><strong>Prova objetiva:<\/strong> 03\/08\/2025<\/li>\n\n\n\n<li><strong>Prova pr\u00e1tica:<\/strong> 08\/09\/2025 a 26\/09\/2025; 29\/09\/2025 a 10\/10\/2025 e 20\/10\/2025 a 14\/11\/2025 (a depender do cargo)<\/li>\n\n\n\n<li><strong>Prova de disserta\u00e7\u00e3o: <\/strong>03\/08\/2025 (a depender do cargo)<\/li>\n\n\n\n<li><strong>Prova de argui\u00e7\u00e3o:<\/strong> 03\/11\/2025 a 14\/11\/2025 (Orientador)<\/li>\n<\/ul>\n\n\n\n<h2 class=\"wp-block-heading\" id=\"h-etapas-e-provas-do-concurso-usp\">Etapas e provas do concurso USP<\/h2>\n\n\n\n<p>O concurso p\u00fablico USP constar\u00e1 com aplica\u00e7\u00e3o das seguintes fases abaixo:<\/p>\n\n\n\n<ul class=\"wp-block-list\">\n<li>1\u00aa fase &#8211; Prova objetiva (eliminat\u00f3ria e classificat\u00f3ria);<\/li>\n\n\n\n<li>2\u00aa fase &#8211; Prova dissertativa (eliminat\u00f3ria e classificat\u00f3ria);<\/li>\n\n\n\n<li>3\u00aa fase &#8211; Prova Pr\u00e1tica (a depender do cargo)e<\/li>\n\n\n\n<li>4\u00aa fase &#8211; Prova de Argui\u00e7\u00e3o (a depender do cargo).<\/li>\n<\/ul>\n\n\n\n<h3 class=\"wp-block-heading\" id=\"h-prova-objetiva\">Prova Objetiva<\/h3>\n\n\n\n<p>A prova objetiva teve 70 quest\u00f5es de m\u00faltipla escolha, nas seguintes \u00e1reas espec\u00edficas ou multidisciplinares:<\/p>\n\n\n\n<ul class=\"wp-block-list\">\n<li>\u00c1reas que corresponderam ao m\u00ednimo de 9 e ao m\u00e1ximo de 13% da prova:\n<ul class=\"wp-block-list\">\n<li>Conhecimentos em inform\u00e1tica;<\/li>\n\n\n\n<li>Conhecimentos em normativas da USP;<\/li>\n\n\n\n<li>Conhecimentos Gerais e Atualidades.<\/li>\n<\/ul>\n<\/li>\n\n\n\n<li>\u00c1reas que corresponderam ao m\u00ednimo de 20 e ao m\u00e1ximo de 25% da prova:\n<ul class=\"wp-block-list\">\n<li>Conhecimentos em Linguagens;<\/li>\n<\/ul>\n<\/li>\n\n\n\n<li>\u00c1reas que corresponderam ao m\u00ednimo de 40 e ao m\u00e1ximo de 45% da prova:\n<ul class=\"wp-block-list\">\n<li>Conhecimentos espec\u00edficos na \u00e1rea escolhida.<\/li>\n<\/ul>\n<\/li>\n<\/ul>\n\n\n\n<h3 class=\"wp-block-heading\" id=\"h-prova-dissertativa\">Prova Dissertativa<\/h3>\n\n\n\n<p>Os candidatos devem elaborar 01 texto que procure dar resposta a uma situa\u00e7\u00e3o-problema proposta pela Banca Examinadora;<\/p>\n\n\n\n<p>Na prova objetiva ser\u00e3o eliminados aqueles que obtiverem nota inferior a 05 pontos, independentemente da posi\u00e7\u00e3o em que estiverem classificados, em uma escala de 0 a 10.<\/p>\n\n\n\n<h3 class=\"wp-block-heading\" id=\"h-prova-pratica\">Prova Pr\u00e1tica<\/h3>\n\n\n\n<p>O Objetivo \u00e9 de compreender a  apresenta\u00e7\u00e3o e o debate de um plano de ensino perante a Banca Examinadora.<\/p>\n\n\n\n<p>Na avalia\u00e7\u00e3o ser\u00e3o considerados o acerto das solu\u00e7\u00f5es apresentadas, o grau de conhecimento do tema e a coer\u00eancia da solu\u00e7\u00e3o apresentada.<\/p>\n\n\n\n<h3 class=\"wp-block-heading\" id=\"cargos\">Cargos, vagas e sal\u00e1rios<\/h3>\n\n\n\n<figure class=\"wp-block-table is-style-stripes\"><table class=\"has-electric-grass-gradient-background has-background has-fixed-layout\"><thead><tr><th class=\"has-text-align-center\" data-align=\"center\">Cargo<\/th><th class=\"has-text-align-center\" data-align=\"center\">Vagas <\/th><th class=\"has-text-align-center\" data-align=\"center\">Sal\u00e1rios<\/th><\/tr><\/thead><tbody><tr><td class=\"has-text-align-center\" data-align=\"center\"><strong>Auxiliar de Manuten\u00e7\u00e3o\/Obras<\/strong><\/td><td class=\"has-text-align-center\" data-align=\"center\">01<\/td><td class=\"has-text-align-center\" data-align=\"center\"><strong>R$ 3.144,77<\/strong><\/td><\/tr><tr><td class=\"has-text-align-center\" data-align=\"center\"><strong>Agente de Vigil\u00e2ncia<\/strong><\/td><td class=\"has-text-align-center\" data-align=\"center\">02<\/td><td class=\"has-text-align-center\" data-align=\"center\"><strong>R$ 5.712,95<\/strong><\/td><\/tr><tr><td class=\"has-text-align-center\" data-align=\"center\"><strong>T\u00e9cnico de Enfermagem<\/strong><\/td><td class=\"has-text-align-center\" data-align=\"center\">03<\/td><td class=\"has-text-align-center\" data-align=\"center\"><strong>R$ 5.712,95<\/strong><\/td><\/tr><tr><td class=\"has-text-align-center\" data-align=\"center\"><strong>T\u00e9cnico de Laborat\u00f3rio (v\u00e1rias especialidades)<\/strong><\/td><td class=\"has-text-align-center\" data-align=\"center\">04<\/td><td class=\"has-text-align-center\" data-align=\"center\"><strong>R$ 5.712,95<\/strong><\/td><\/tr><tr><td class=\"has-text-align-center\" data-align=\"center\"><strong>T\u00e9cnico de Manuten\u00e7\u00e3o e Obras<\/strong><\/td><td class=\"has-text-align-center\" data-align=\"center\">01<\/td><td class=\"has-text-align-center\" data-align=\"center\"><strong>R$ 5.712,95<\/strong><\/td><\/tr><tr><td class=\"has-text-align-center\" data-align=\"center\"><strong>Educador (especialidade: Educador museal com \u00eanfase em Artes)<\/strong><\/td><td class=\"has-text-align-center\" data-align=\"center\">01<\/td><td class=\"has-text-align-center\" data-align=\"center\"><strong>R$ 10.742.56<\/strong><\/td><\/tr><tr><td class=\"has-text-align-center\" data-align=\"center\"><strong>Enfermeiro (v\u00e1rias especialidades)<\/strong><\/td><td class=\"has-text-align-center\" data-align=\"center\">05<\/td><td class=\"has-text-align-center\" data-align=\"center\"><strong>R$ 10.742.56<\/strong><\/td><\/tr><tr><td class=\"has-text-align-center\" data-align=\"center\"><strong>Engenheiro (\u00c1rea: Qu\u00edmico; especialidade: Gest\u00e3o de res\u00edduos e controle ambiental)<\/strong><\/td><td class=\"has-text-align-center\" data-align=\"center\">01<\/td><td class=\"has-text-align-center\" data-align=\"center\"><strong>R$ 10.742,56<\/strong><\/td><\/tr><tr><td class=\"has-text-align-center\" data-align=\"center\"><strong>Especialista em Laborat\u00f3rio (v\u00e1rias especialidades)<\/strong><\/td><td class=\"has-text-align-center\" data-align=\"center\">03<\/td><td class=\"has-text-align-center\" data-align=\"center\"><strong>R$ 10.742,56<\/strong><\/td><\/tr><tr><td class=\"has-text-align-center\" data-align=\"center\"><strong>Orientador(a) de Arte Dram\u00e1tica (\u00c1rea &#8211; Procedimentos t\u00e9cnicos para o estudo do movimento: fisicalidade e estrutura\u00e7\u00e3o da presen\u00e7a)<\/strong><\/td><td class=\"has-text-align-center\" data-align=\"center\">01<\/td><td class=\"has-text-align-center\" data-align=\"center\"><strong>R$ 10.742,56<\/strong><\/td><\/tr><tr><td class=\"has-text-align-center\" data-align=\"center\"><strong>Terapeuta Ocupacional<\/strong><\/td><td class=\"has-text-align-center\" data-align=\"center\">01<\/td><td class=\"has-text-align-center\" data-align=\"center\"><strong>R$ 10.742,56<\/strong><\/td><\/tr><tr><td class=\"has-text-align-center\" data-align=\"center\"><strong>M\u00e9dico Veterin\u00e1rio (v\u00e1rias especialidades)<\/strong><\/td><td class=\"has-text-align-center\" data-align=\"center\">03<\/td><td class=\"has-text-align-center\" data-align=\"center\"><strong>R$ 10.742,56<\/strong><\/td><\/tr><\/tbody><\/table><\/figure>\n\n\n\n<h2 class=\"wp-block-heading\" id=\"h-ultimo-concurso-usp-2024\">\u00daltimo concurso USP &#8211; 2024<\/h2>\n\n\n\n<h3 class=\"wp-block-heading\" id=\"cargos\">Cargos, vagas e sal\u00e1rios<\/h3>\n\n\n\n<figure class=\"wp-block-table is-style-stripes\"><table class=\"has-electric-grass-gradient-background has-background has-fixed-layout\"><thead><tr><th class=\"has-text-align-center\" data-align=\"center\">Cargo<\/th><th class=\"has-text-align-center\" data-align=\"center\">Vagas <\/th><th class=\"has-text-align-center\" data-align=\"center\">Sal\u00e1rios<\/th><\/tr><\/thead><tbody><tr><td class=\"has-text-align-center\" data-align=\"center\">Bibliotec\u00e1rio &#8211; Edital 01<\/td><td class=\"has-text-align-center\" data-align=\"center\">04<\/td><td class=\"has-text-align-center\" data-align=\"center\">R$ 10.231,05<\/td><\/tr><tr><td class=\"has-text-align-center\" data-align=\"center\">Educador (especialidade: ci\u00eancias biol\u00f3gicas e da sa\u00fade) &#8211; Edital 02<\/td><td class=\"has-text-align-center\" data-align=\"center\">03<\/td><td class=\"has-text-align-center\" data-align=\"center\">R$ 10.231,05<\/td><\/tr><tr><td class=\"has-text-align-center\" data-align=\"center\">Educador (especialidade: educa\u00e7\u00e3o f\u00edsica) &#8211; Edital 03<\/td><td class=\"has-text-align-center\" data-align=\"center\">01<\/td><td class=\"has-text-align-center\" data-align=\"center\">R$ 10.231,05<\/td><\/tr><tr><td class=\"has-text-align-center\" data-align=\"center\">Educador (especialidade: LIBRAS) &#8211; Edital 04<\/td><td class=\"has-text-align-center\" data-align=\"center\">01<\/td><td class=\"has-text-align-center\" data-align=\"center\">R$ 10.231,05<\/td><\/tr><tr><td class=\"has-text-align-center\" data-align=\"center\">Educador (especialidade: matem\u00e1tica) &#8211; Edital 05<\/td><td class=\"has-text-align-center\" data-align=\"center\">01<\/td><td class=\"has-text-align-center\" data-align=\"center\">R$ 10.231,05<\/td><\/tr><tr><td class=\"has-text-align-center\" data-align=\"center\">Educador (especialidade: educa\u00e7\u00e3o museal) &#8211; Edital 06<\/td><td class=\"has-text-align-center\" data-align=\"center\">01<\/td><td class=\"has-text-align-center\" data-align=\"center\">R$ 10.231,05<\/td><\/tr><tr><td class=\"has-text-align-center\" data-align=\"center\">Educador (especialidade: pedagogia) &#8211; Edital 07<\/td><td class=\"has-text-align-center\" data-align=\"center\">05<\/td><td class=\"has-text-align-center\" data-align=\"center\">R$ 10.231,05<\/td><\/tr><tr><td class=\"has-text-align-center\" data-align=\"center\">Educador (especialidade: qu\u00edmica\/bioqu\u00edmica) &#8211; Edital 08<\/td><td class=\"has-text-align-center\" data-align=\"center\">01<\/td><td class=\"has-text-align-center\" data-align=\"center\">R$ 10.231,05<\/td><\/tr><tr><td class=\"has-text-align-center\" data-align=\"center\">Educador (especialidade: f\u00edsica) &#8211; Edital 09<\/td><td class=\"has-text-align-center\" data-align=\"center\">01<\/td><td class=\"has-text-align-center\" data-align=\"center\">R$ 10.231,05<\/td><\/tr><tr><td class=\"has-text-align-center\" data-align=\"center\">Engenheiro (\u00c1rea: Eletricista; especialidade: Sistemas El\u00e9tricos) &#8211; Edital 10<\/td><td class=\"has-text-align-center\" data-align=\"center\">04<\/td><td class=\"has-text-align-center\" data-align=\"center\">R$ 10.231,05<\/td><\/tr><tr><td class=\"has-text-align-center\" data-align=\"center\">Especialista em Coopera\u00e7\u00e3o e Extens\u00e3o Universit\u00e1ria (especialidade: gest\u00e3o<br \/>cultural) &#8211; Edital 11<\/td><td class=\"has-text-align-center\" data-align=\"center\">03<\/td><td class=\"has-text-align-center\" data-align=\"center\">R$ 10.231,05<\/td><\/tr><tr><td class=\"has-text-align-center\" data-align=\"center\">Especialista em Coopera\u00e7\u00e3o e Extens\u00e3o Universit\u00e1ria (especialidade: coopera\u00e7\u00e3o<br \/>internacional \u2013 ingl\u00eas) &#8211; Edital 12<\/td><td class=\"has-text-align-center\" data-align=\"center\">02<\/td><td class=\"has-text-align-center\" data-align=\"center\">R$ 10.231,05<\/td><\/tr><tr><td class=\"has-text-align-center\" data-align=\"center\">Especialista em Pesquisa \/ Apoio de Museu (especialidade: Conserva\u00e7\u00e3o e Restauro) &#8211; Edital 13<\/td><td class=\"has-text-align-center\" data-align=\"center\">01<\/td><td class=\"has-text-align-center\" data-align=\"center\">R$ 10.231,05<\/td><\/tr><tr><td class=\"has-text-align-center\" data-align=\"center\">Especialista em Pesquisa \/ Apoio de Museu (especialidade: Documenta\u00e7\u00e3o<br \/>Museol\u00f3gica \/ Documentalista de Acervo) &#8211; Edital 14<\/td><td class=\"has-text-align-center\" data-align=\"center\">03<\/td><td class=\"has-text-align-center\" data-align=\"center\">R$ 10.231,05<\/td><\/tr><tr><td class=\"has-text-align-center\" data-align=\"center\"> Especialista em Pesquisa \/ Apoio de Museu (especialidade: Entomologia) &#8211; Edital 15<\/td><td class=\"has-text-align-center\" data-align=\"center\">02<\/td><td class=\"has-text-align-center\" data-align=\"center\">R$ 10.231,05<\/td><\/tr><tr><td class=\"has-text-align-center\" data-align=\"center\">Especialista em Pesquisa \/ Apoio de Museu (especialidade: Herpetologia) &#8211; Edital 16<\/td><td class=\"has-text-align-center\" data-align=\"center\">01<\/td><td class=\"has-text-align-center\" data-align=\"center\">R$ 10.231,05<\/td><\/tr><tr><td class=\"has-text-align-center\" data-align=\"center\">M\u00e9dico Veterin\u00e1rio (especialidade: diagn\u00f3stico por imagem) &#8211; Edital 17<\/td><td class=\"has-text-align-center\" data-align=\"center\">01<\/td><td class=\"has-text-align-center\" data-align=\"center\">R$ 10.231,05<\/td><\/tr><tr><td class=\"has-text-align-center\" data-align=\"center\">Nutricionista &#8211; Edital 18<\/td><td class=\"has-text-align-center\" data-align=\"center\">02<\/td><td class=\"has-text-align-center\" data-align=\"center\">R$ 10.231,05<\/td><\/tr><tr><td class=\"has-text-align-center\" data-align=\"center\">Secret\u00e1rio &#8211; Edital 19<\/td><td class=\"has-text-align-center\" data-align=\"center\">01<\/td><td class=\"has-text-align-center\" data-align=\"center\">R$ 10.231,05<\/td><\/tr><tr><td class=\"has-text-align-center\" data-align=\"center\">Segundo Solista (Especialidade: trompa) &#8211; Edital 20<\/td><td class=\"has-text-align-center\" data-align=\"center\">02<\/td><td class=\"has-text-align-center\" data-align=\"center\">R$ 10.231,05<\/td><\/tr><tr><td class=\"has-text-align-center\" data-align=\"center\">Especialista em Pesquisa \/ Apoio de Museu (especialidade: Curadoria de Cole\u00e7\u00f5es<br \/>Arqueol\u00f3gicas e Etnogr\u00e1ficas) &#8211; Edital 21<\/td><td class=\"has-text-align-center\" data-align=\"center\">01<\/td><td class=\"has-text-align-center\" data-align=\"center\">R$ 10.231,05<\/td><\/tr><tr><td class=\"has-text-align-center\" data-align=\"center\">Educador (especialidade: enfermagem) &#8211; Edital 22<\/td><td class=\"has-text-align-center\" data-align=\"center\">01<\/td><td class=\"has-text-align-center\" data-align=\"center\">R$ 10.231,05<\/td><\/tr><tr><td class=\"has-text-align-center\" data-align=\"center\">Analista de Comunica\u00e7\u00e3o (generalista) &#8211; Edital 23<\/td><td class=\"has-text-align-center\" data-align=\"center\">01<\/td><td class=\"has-text-align-center\" data-align=\"center\">R$ 10.231,05<\/td><\/tr><tr><td class=\"has-text-align-center\" data-align=\"center\">Analista de Comunica\u00e7\u00e3o (especialidade: Produ\u00e7\u00e3o Editorial) &#8211; Edital 24<\/td><td class=\"has-text-align-center\" data-align=\"center\">01<\/td><td class=\"has-text-align-center\" data-align=\"center\">R$ 10.231,05<\/td><\/tr><\/tbody><\/table><\/figure>\n\n\n\n<h3 class=\"wp-block-heading\" id=\"cargos-vagas\">Requisitos<\/h3>\n\n\n\n<p>Foram requisitos b\u00e1sicos para concorrer a uma das <strong>vagas<\/strong> do <strong>edital USP<\/strong>:<\/p>\n\n\n\n<ul class=\"wp-block-list\">\n<li>Possuir 18 anos completos;<\/li>\n\n\n\n<li>Conhecer e estar de acordo com as exig\u00eancias contidas no presente Edital, conforme declara\u00e7\u00e3o prestada no Formul\u00e1rio Eletr\u00f4nico de Inscri\u00e7\u00e3o, especialmente, em caso de convoca\u00e7\u00e3o para contrata\u00e7\u00e3o, com a apresenta\u00e7\u00e3o da documenta\u00e7\u00e3o pessoal completa exigida no item 17.2, no prazo de 05 (cinco) dias \u00fateis contados a partir do primeiro dia \u00fatil seguinte ao da publica\u00e7\u00e3o do Edital de Convoca\u00e7\u00e3o para Contrata\u00e7\u00e3o na Imprensa Oficial, sob pena de ser considerado(a) desistente e, consequentemente, exclu\u00eddo(a) do concurso p\u00fablico;<\/li>\n\n\n\n<li>Possuir gradua\u00e7\u00e3o completa em <strong>curso de n\u00edvel superior<\/strong>, para o cargo de Analista para assuntos administrativos, com carga hor\u00e1ria m\u00ednima fixada pelo MEC;<\/li>\n\n\n\n<li>N\u00edvel m\u00e9dio completo em institui\u00e7\u00e3o reconhecido pelo MEC, para o cargo de <strong>T\u00e9cnico para assuntos administrativos<\/strong>;<\/li>\n\n\n\n<li>Possuir <strong>conhecimento em Inform\u00e1tica<\/strong>;<\/li>\n\n\n\n<li>Possuir conhecimento intermedi\u00e1rio em l\u00edngua estrangeira;<\/li>\n\n\n\n<li>N\u00e3o possuir defici\u00eancia incompat\u00edvel com o exerc\u00edcio da atividade a ser desempenhada;<\/li>\n\n\n\n<li>Estar em gozo de boa sa\u00fade f\u00edsica e mental;<\/li>\n\n\n\n<li>Possuir imuniza\u00e7\u00e3o completa contra COVID-19, incluindo ao menos uma dose de refor\u00e7o, ou atestado m\u00e9dico que com- prove a contraindica\u00e7\u00e3o \u00e0 referida imuniza\u00e7\u00e3o, o qual ser\u00e1 sub- metido \u00e0 an\u00e1lise da Superintend\u00eancia de Sa\u00fade (SAU), ou ainda conforme diretrizes e protocolos da Reitoria da Universidade de S\u00e3o Paulo vigentes na ocasi\u00e3o da contrata\u00e7\u00e3o;<\/li>\n\n\n\n<li>N\u00e3o ter sido demitido ou exonerado do servi\u00e7o p\u00fablico em consequ\u00eancia de processo administrativo (por justa causa ou a bem do servi\u00e7o p\u00fablico);<\/li>\n\n\n\n<li>N\u00e3o exercer cargo, emprego ou fun\u00e7\u00e3o p\u00fablica na Admi- nistra\u00e7\u00e3o direta e indireta da Uni\u00e3o, dos Estados, do Distrito Federal e dos Munic\u00edpios, exceto nos casos previstos no inciso XVI do artigo 37 da Constitui\u00e7\u00e3o Federal e no inciso XVIII do artigo 115 da Constitui\u00e7\u00e3o do Estado de S\u00e3o Paulo;<\/li>\n\n\n\n<li>Estar em dia com as obriga\u00e7\u00f5es resultantes da legisla\u00e7\u00e3o eleitoral e, se do sexo masculino, do Servi\u00e7o Militar.<\/li>\n<\/ul>\n\n\n\n<h2 class=\"wp-block-heading has-text-align-center\" id=\"h-quer-saber-tudo-sobre-concursos-previstos-confira-nossos-artigos\">Quer saber tudo sobre concursos previstos?<br \/>Confira nossos artigos!<\/h2>\n\n\n\n<ul class=\"wp-block-list\">\n<li><a href=\"https:\/\/www.estrategiaconcursos.com.br\/blog\/concursos-abertos\/\" target=\"_blank\" rel=\"noreferrer noopener\">Concursos abertos<\/a><\/li>\n\n\n\n<li><a href=\"https:\/\/www.estrategiaconcursos.com.br\/blog\/concursos-educacao-2022\/\" target=\"_blank\" rel=\"noreferrer noopener\">Concursos educa\u00e7\u00e3o<\/a><\/li>\n\n\n\n<li><a href=\"https:\/\/www.estrategiaconcursos.com.br\/blog\/concursos-2025\/\">Concursos 2025<\/a><\/li>\n\n\n\n<li><a href=\"https:\/\/www.estrategiaconcursos.com.br\/blog\/concursos-2026\/\">Concursos 2026<\/a><\/li>\n<\/ul>\n\n\n\n<h2 class=\"wp-block-heading has-text-align-center\">Cursos para concurso USP: <\/h2>\n\n\n\n<div class=\"container\" id=\"boxes\">\n  <div class=\"row\">\n\n    <div class=\"col-sm\">\n      <div class=\"banner-estrategia\" id=\"box-assinatura\">\n        <h3 class=\"titulo-assinatura\">Cursos para o concurso USP<\/h3>\n        <p class=\"subtitulo-assinatura\">Estude conosco<\/p>\n        <div class=\"box-botao\">\n          <a class=\"btn-assinatura\" target=\"_blank\" href=\"https:\/\/www.estrategiaconcursos.com.br\/cursosPorConcurso\/universidade-de-sao-paulo-usp\/\" role=\"button\" rel=\"noopener noreferrer\">Conhe\u00e7a os cursos<\/a>\n        <\/div>\n      <\/div>\n     \n    <\/div>\n\n  <\/div>\n<\/div>\n\n\n\n<div class=\"container\" id=\"boxes\">\n  <div class=\"row\">\n\n    <div class=\"col-sm\">\n      <div class=\"estrategia\" id=\"box-assinatura\">\n        <h3 class=\"titulo-assinatura\">Assinatura de Concursos<\/h3>\n        <p class=\"subtitulo-assinatura\">Assinatura de 1 ano ou 2 anos<\/p>\n        <div class=\"box-botao\">\n          <a class=\"btn-assinatura\" target=\"_blank\" href=\"https:\/\/www.estrategiaconcursos.com.br\/assinaturas\/\" role=\"button\" rel=\"noopener noreferrer\">ASSINE AGORA<\/a>\n        <\/div>\n      <\/div>\n     \n    <\/div><\/div><\/div>\n\n\n\n<figure class=\"wp-block-image size-large is-resized\"><img loading=\"lazy\" decoding=\"async\" width=\"1024\" height=\"632\" src=\"https:\/\/dhg1h5j42swfq.cloudfront.net\/2025\/06\/27101122\/ficha-tecnica-1-1024x632.png\" alt=\"Informa\u00e7\u00f5es do edital USP\" class=\"wp-image-702728\" style=\"width:269px;height:166px\" srcset=\"https:\/\/dhg1h5j42swfq.cloudfront.net\/2025\/06\/27101122\/ficha-tecnica-1-1024x632.png 1024w, https:\/\/dhg1h5j42swfq.cloudfront.net\/2025\/06\/27101122\/ficha-tecnica-1-300x185.png 300w, https:\/\/dhg1h5j42swfq.cloudfront.net\/2025\/06\/27101122\/ficha-tecnica-1-768x474.png 768w, https:\/\/dhg1h5j42swfq.cloudfront.net\/2025\/06\/27101122\/ficha-tecnica-1-1536x948.png 1536w, https:\/\/dhg1h5j42swfq.cloudfront.net\/2025\/06\/27101122\/ficha-tecnica-1-610x377.png 610w, https:\/\/dhg1h5j42swfq.cloudfront.net\/2025\/06\/27101122\/ficha-tecnica-1.png 1571w\" sizes=\"auto, (max-width: 1024px) 100vw, 1024px\" \/><\/figure>\n\n\n\n<h3 class=\"wp-block-heading\" id=\"block-ba1614b5-988b-41ef-892d-f4c9f7e9dd42\">Informa\u00e7\u00f5es do edital USP<\/h3>\n\n\n\n<ul class=\"wp-block-list\">\n<li><strong>Provas<\/strong>: 03\/08\/2025<\/li>\n\n\n\n<li><strong>Vagas<\/strong>: 26 vagas<\/li>\n\n\n\n<li><strong>Cargos<\/strong>: diversos<\/li>\n\n\n\n<li><strong>Banca<\/strong>: USP<\/li>\n\n\n\n<li><strong>Editais 2025:<\/strong> <a href=\"https:\/\/www.fuvest.br\/agente-vigilancia\/\">34<\/a> | <a href=\"https:\/\/www.fuvest.br\/auxiliar-manutencao-obras-2025-2\">35<\/a> | <a href=\"https:\/\/www.fuvest.br\/educador-2025-2\/\">36<\/a> | <a href=\"https:\/\/www.fuvest.br\/enfermeiro\/\">37<\/a> | <a href=\"https:\/\/www.fuvest.br\/enfermeiro\/\">38<\/a> | <a href=\"https:\/\/www.fuvest.br\/engenheiro-2025-2\/\">39<\/a> | <a href=\"https:\/\/www.fuvest.br\/especialista-laboratorio-2025-2\/\">40<\/a> | <a href=\"https:\/\/www.fuvest.br\/especialista-laboratorio-2025-2\/\">41<\/a> | <a href=\"https:\/\/www.fuvest.br\/especialista-laboratorio-2025-2\/\">42<\/a> | <a href=\"https:\/\/www.fuvest.br\/veterinario\/\">43<\/a> | <a href=\"https:\/\/www.fuvest.br\/veterinario\/\">44<\/a> | <a href=\"https:\/\/www.fuvest.br\/orientador-arte-dramatica\/\">45<\/a> | <a href=\"https:\/\/www.fuvest.br\/tecnico-enfermagem\/\">46<\/a> | <a href=\"https:\/\/www.fuvest.br\/tecnico-laboratorio-2025-2\">47<\/a> | <a href=\"https:\/\/www.fuvest.br\/tecnico-laboratorio-2025-2\">48 <\/a>| <a href=\"https:\/\/www.fuvest.br\/tecnico-laboratorio-2025-2\">49<\/a> | <a href=\"https:\/\/www.fuvest.br\/tecnico-laboratorio-2025-2\">50<\/a> | <a href=\"https:\/\/www.fuvest.br\/tecnico-manutencao-obras\/\">52<\/a> | <a href=\"https:\/\/www.fuvest.br\/terapeuta-ocupacional\/\">53<\/a><\/li>\n\n\n\n<li><strong>Editais USP 2024<\/strong>: <a href=\"https:\/\/dhg1h5j42swfq.cloudfront.net\/2024\/02\/27182514\/edital-01.pdf\" target=\"_blank\" rel=\"noreferrer noopener nofollow\">01<\/a> | <a href=\"https:\/\/dhg1h5j42swfq.cloudfront.net\/2024\/02\/27182519\/edital-02.pdf\" target=\"_blank\" rel=\"noreferrer noopener nofollow\">02<\/a> | <a href=\"https:\/\/dhg1h5j42swfq.cloudfront.net\/2024\/02\/27182523\/edital-03.pdf\" target=\"_blank\" rel=\"noreferrer noopener nofollow\">03<\/a> | <a href=\"https:\/\/dhg1h5j42swfq.cloudfront.net\/2024\/02\/27182527\/edital-04-1.pdf\" target=\"_blank\" rel=\"noreferrer noopener nofollow\">04<\/a> | <a href=\"https:\/\/dhg1h5j42swfq.cloudfront.net\/2024\/02\/27182532\/edital-05.pdf\" target=\"_blank\" rel=\"noreferrer noopener nofollow\">05<\/a> | <a href=\"https:\/\/dhg1h5j42swfq.cloudfront.net\/2024\/02\/27182537\/edital-06.pdf\" target=\"_blank\" rel=\"noreferrer noopener nofollow\">06<\/a> | <a href=\"https:\/\/dhg1h5j42swfq.cloudfront.net\/2024\/02\/27182542\/edital-07.pdf\" target=\"_blank\" rel=\"noreferrer noopener nofollow\">07<\/a> | <a href=\"https:\/\/dhg1h5j42swfq.cloudfront.net\/2024\/02\/27182548\/edital-08.pdf\" target=\"_blank\" rel=\"noreferrer noopener nofollow\">08<\/a> | <a href=\"https:\/\/dhg1h5j42swfq.cloudfront.net\/2024\/02\/27182554\/edital-09.pdf\" target=\"_blank\" rel=\"noreferrer noopener nofollow\">09<\/a> | <a href=\"https:\/\/dhg1h5j42swfq.cloudfront.net\/2024\/02\/27182559\/edital-10.pdf\" target=\"_blank\" rel=\"noreferrer noopener nofollow\">10<\/a> | <a href=\"https:\/\/dhg1h5j42swfq.cloudfront.net\/2024\/02\/27182605\/edital-11.pdf\" target=\"_blank\" rel=\"noreferrer noopener nofollow\">11<\/a> | <a href=\"https:\/\/dhg1h5j42swfq.cloudfront.net\/2024\/02\/27182611\/edital-12.pdf\" target=\"_blank\" rel=\"noreferrer noopener nofollow\">12<\/a> | <a href=\"https:\/\/dhg1h5j42swfq.cloudfront.net\/2024\/02\/27182616\/edital-13.pdf\" target=\"_blank\" rel=\"noreferrer noopener nofollow\">13<\/a> | <a href=\"https:\/\/dhg1h5j42swfq.cloudfront.net\/2024\/02\/27182620\/edital-14.pdf\" target=\"_blank\" rel=\"noreferrer noopener nofollow\">14<\/a> | <a href=\"https:\/\/dhg1h5j42swfq.cloudfront.net\/2024\/02\/27182626\/edital-15.pdf\" target=\"_blank\" rel=\"noreferrer noopener nofollow\">15<\/a> | <a href=\"https:\/\/dhg1h5j42swfq.cloudfront.net\/2024\/02\/27182631\/edital-16.pdf\" target=\"_blank\" rel=\"noreferrer noopener nofollow\">16<\/a> | <a href=\"https:\/\/dhg1h5j42swfq.cloudfront.net\/2024\/02\/27182636\/edital-17.pdf\" target=\"_blank\" rel=\"noreferrer noopener nofollow\">17<\/a> | <a href=\"https:\/\/dhg1h5j42swfq.cloudfront.net\/2024\/02\/27182641\/edital-18.pdf\" target=\"_blank\" rel=\"noreferrer noopener nofollow\">18<\/a> | <a href=\"https:\/\/dhg1h5j42swfq.cloudfront.net\/2024\/02\/27182645\/edital-19.pdf\" target=\"_blank\" rel=\"noreferrer noopener nofollow\">19<\/a> | <a href=\"https:\/\/dhg1h5j42swfq.cloudfront.net\/2024\/02\/27182651\/edital-20.pdf\" target=\"_blank\" rel=\"noreferrer noopener nofollow\">20<\/a> | <a href=\"https:\/\/dhg1h5j42swfq.cloudfront.net\/2024\/02\/27183331\/edital-21.pdf\" target=\"_blank\" rel=\"noreferrer noopener nofollow\">21<\/a> | <a href=\"https:\/\/dhg1h5j42swfq.cloudfront.net\/2024\/02\/27183336\/edital-22.pdf\" target=\"_blank\" rel=\"noreferrer noopener nofollow\">22<\/a> | <a href=\"https:\/\/dhg1h5j42swfq.cloudfront.net\/2024\/02\/27183341\/edital-23.pdf\" target=\"_blank\" rel=\"noreferrer noopener nofollow\">23<\/a> | <a href=\"https:\/\/dhg1h5j42swfq.cloudfront.net\/2024\/02\/27183348\/edital-24.pdf\" target=\"_blank\" rel=\"noreferrer noopener nofollow\">24<\/a><\/li>\n<\/ul>\n","protected":false},"excerpt":{"rendered":"<p>S\u00e3o 26 vagas! A Universidade de S\u00e3o Paulo divulgou 19 novos editais com a oferta total de 26 vagas imediatas, com sal\u00e1rio inicial entre R$ 3.144,77 e R$ 10.742,56! Os candidatos poderiam se inscrever entre 10 de junho de 2025 a 8 de julho de 2025, no&nbsp;site da USP. Foi cobrada taxa no valor de [&hellip;]<\/p>\n","protected":false},"author":1,"featured_media":698696,"comment_status":"open","ping_status":"closed","sticky":false,"template":"","format":"standard","meta":{"post_tipo":"news_page","footnotes":""},"categories":[3766,220219],"tags":[],"tax_estado":[219989],"class_list":["post-1116913","post","type-post","status-publish","format-standard","has-post-thumbnail","hentry","category-educacional","category-noticias","tax_estado-sp"],"acf":[],"yoast_head":"<!-- This site is optimized with the Yoast SEO Premium plugin v27.2 (Yoast SEO v27.2) - https:\/\/yoast.com\/product\/yoast-seo-premium-wordpress\/ -->\n<title>Concurso USP: prova pr\u00e1tica em setembro! Ganhe at\u00e9 R$ 10,7 mil!<\/title>\n<meta name=\"description\" content=\"Concurso USP: editais ofertam 26 vagas com remunera\u00e7\u00f5es iniciais de at\u00e9 R$10,7 mil. Veja todo os detalhes com o Estrat\u00e9gia!\" \/>\n<meta name=\"robots\" content=\"index, follow, max-snippet:-1, max-image-preview:large, max-video-preview:-1\" \/>\n<link rel=\"canonical\" href=\"https:\/\/www.estrategiaconcursos.com.br\/blog\/concurso-usp\/\" \/>\n<meta property=\"og:locale\" content=\"pt_BR\" \/>\n<meta property=\"og:type\" content=\"article\" \/>\n<meta property=\"og:title\" content=\"Concurso USP: prova pr\u00e1tica em setembro! Ganhe at\u00e9 R$ 10,7 mil!\" \/>\n<meta property=\"og:description\" content=\"Concurso USP: editais ofertam 26 vagas com remunera\u00e7\u00f5es iniciais de at\u00e9 R$10,7 mil. Veja todo os detalhes com o Estrat\u00e9gia!\" \/>\n<meta property=\"og:url\" content=\"https:\/\/www.estrategiaconcursos.com.br\/blog\/concurso-usp\/\" \/>\n<meta property=\"og:site_name\" content=\"Estrat\u00e9gia Concursos\" \/>\n<meta property=\"article:author\" content=\"https:\/\/www.facebook.com\/EstrategiaConcursos\" \/>\n<meta property=\"article:published_time\" content=\"2025-09-09T13:09:00+00:00\" \/>\n<meta property=\"article:modified_time\" content=\"2025-12-12T16:40:25+00:00\" \/>\n<meta property=\"og:image\" content=\"https:\/\/dhg1h5j42swfq.cloudfront.net\/2021\/02\/22172036\/concursos-educacao.jpg\" \/>\n\t<meta property=\"og:image:width\" content=\"1200\" \/>\n\t<meta property=\"og:image:height\" content=\"628\" \/>\n\t<meta property=\"og:image:type\" content=\"image\/jpeg\" \/>\n<meta name=\"author\" content=\"Coordena\u00e7\u00e3o\" \/>\n<meta name=\"twitter:card\" content=\"summary_large_image\" \/>\n<meta name=\"twitter:creator\" content=\"@EstratConcursos\" \/>\n<meta name=\"twitter:site\" content=\"@EstratConcursos\" \/>\n<meta name=\"twitter:label1\" content=\"Escrito por\" \/>\n\t<meta name=\"twitter:data1\" content=\"Coordena\u00e7\u00e3o\" \/>\n\t<meta name=\"twitter:label2\" content=\"Est. tempo de leitura\" \/>\n\t<meta name=\"twitter:data2\" content=\"6 minutos\" \/>\n<script type=\"application\/ld+json\" class=\"yoast-schema-graph\">{\"@context\":\"https:\/\/schema.org\",\"@graph\":[{\"@type\":\"NewsArticle\",\"@id\":\"https:\/\/www.estrategiaconcursos.com.br\/blog\/concurso-usp\/#article\",\"isPartOf\":{\"@id\":\"https:\/\/www.estrategiaconcursos.com.br\/blog\/concurso-usp\/\"},\"author\":{\"name\":\"Coordena\u00e7\u00e3o\",\"@id\":\"https:\/\/www.estrategiaconcursos.com.br\/blog\/#\/schema\/person\/b4a388c97673c5f483d72185668afa1f\"},\"headline\":\"Concurso USP: prova pr\u00e1tica em setembro! Ganhe at\u00e9 R$ 10,7 mil!\",\"datePublished\":\"2025-09-09T13:09:00+00:00\",\"dateModified\":\"2025-12-12T16:40:25+00:00\",\"mainEntityOfPage\":{\"@id\":\"https:\/\/www.estrategiaconcursos.com.br\/blog\/concurso-usp\/\"},\"wordCount\":1214,\"commentCount\":0,\"publisher\":{\"@id\":\"https:\/\/www.estrategiaconcursos.com.br\/blog\/#organization\"},\"image\":{\"@id\":\"https:\/\/www.estrategiaconcursos.com.br\/blog\/concurso-usp\/#primaryimage\"},\"thumbnailUrl\":\"https:\/\/dhg1h5j42swfq.cloudfront.net\/2021\/02\/22172036\/concursos-educacao.jpg\",\"articleSection\":[\"Educa\u00e7\u00e3o\",\"\u00daltimas not\u00edcias\"],\"inLanguage\":\"pt-BR\",\"potentialAction\":[{\"@type\":\"CommentAction\",\"name\":\"Comment\",\"target\":[\"https:\/\/www.estrategiaconcursos.com.br\/blog\/concurso-usp\/#respond\"]}],\"copyrightYear\":\"2025\",\"copyrightHolder\":{\"@id\":\"https:\/\/www.estrategiaconcursos.com.br\/blog\/#organization\"}},{\"@type\":\"WebPage\",\"@id\":\"https:\/\/www.estrategiaconcursos.com.br\/blog\/concurso-usp\/\",\"url\":\"https:\/\/www.estrategiaconcursos.com.br\/blog\/concurso-usp\/\",\"name\":\"Concurso USP: prova pr\u00e1tica em setembro! Ganhe at\u00e9 R$ 10,7 mil!\",\"isPartOf\":{\"@id\":\"https:\/\/www.estrategiaconcursos.com.br\/blog\/#website\"},\"primaryImageOfPage\":{\"@id\":\"https:\/\/www.estrategiaconcursos.com.br\/blog\/concurso-usp\/#primaryimage\"},\"image\":{\"@id\":\"https:\/\/www.estrategiaconcursos.com.br\/blog\/concurso-usp\/#primaryimage\"},\"thumbnailUrl\":\"https:\/\/dhg1h5j42swfq.cloudfront.net\/2021\/02\/22172036\/concursos-educacao.jpg\",\"datePublished\":\"2025-09-09T13:09:00+00:00\",\"dateModified\":\"2025-12-12T16:40:25+00:00\",\"description\":\"Concurso USP: editais ofertam 26 vagas com remunera\u00e7\u00f5es iniciais de at\u00e9 R$10,7 mil. Veja todo os detalhes com o Estrat\u00e9gia!\",\"breadcrumb\":{\"@id\":\"https:\/\/www.estrategiaconcursos.com.br\/blog\/concurso-usp\/#breadcrumb\"},\"inLanguage\":\"pt-BR\",\"potentialAction\":[{\"@type\":\"ReadAction\",\"target\":[\"https:\/\/www.estrategiaconcursos.com.br\/blog\/concurso-usp\/\"]}]},{\"@type\":\"ImageObject\",\"inLanguage\":\"pt-BR\",\"@id\":\"https:\/\/www.estrategiaconcursos.com.br\/blog\/concurso-usp\/#primaryimage\",\"url\":\"https:\/\/dhg1h5j42swfq.cloudfront.net\/2021\/02\/22172036\/concursos-educacao.jpg\",\"contentUrl\":\"https:\/\/dhg1h5j42swfq.cloudfront.net\/2021\/02\/22172036\/concursos-educacao.jpg\",\"width\":1200,\"height\":628,\"caption\":\"educa\u00e7\u00e3o\"},{\"@type\":\"BreadcrumbList\",\"@id\":\"https:\/\/www.estrategiaconcursos.com.br\/blog\/concurso-usp\/#breadcrumb\",\"itemListElement\":[{\"@type\":\"ListItem\",\"position\":1,\"name\":\"In\u00edcio\",\"item\":\"https:\/\/www.estrategiaconcursos.com.br\/blog\/\"},{\"@type\":\"ListItem\",\"position\":2,\"name\":\"Concurso USP: prova pr\u00e1tica em setembro! Ganhe at\u00e9 R$ 10,7 mil!\"}]},{\"@type\":\"WebSite\",\"@id\":\"https:\/\/www.estrategiaconcursos.com.br\/blog\/#website\",\"url\":\"https:\/\/www.estrategiaconcursos.com.br\/blog\/\",\"name\":\"Estrat\u00e9gia Concursos\",\"description\":\"O blog da Estrat\u00e9gia Concursos traz not\u00edcias sobre concursos e artigos de professores oferecendo cursos para concursos (pdf + videaulas) no site.\",\"publisher\":{\"@id\":\"https:\/\/www.estrategiaconcursos.com.br\/blog\/#organization\"},\"potentialAction\":[{\"@type\":\"SearchAction\",\"target\":{\"@type\":\"EntryPoint\",\"urlTemplate\":\"https:\/\/www.estrategiaconcursos.com.br\/blog\/?s={search_term_string}\"},\"query-input\":{\"@type\":\"PropertyValueSpecification\",\"valueRequired\":true,\"valueName\":\"search_term_string\"}}],\"inLanguage\":\"pt-BR\"},{\"@type\":\"Organization\",\"@id\":\"https:\/\/www.estrategiaconcursos.com.br\/blog\/#organization\",\"name\":\"Estrat\u00e9gia Concursos\",\"url\":\"https:\/\/www.estrategiaconcursos.com.br\/blog\/\",\"logo\":{\"@type\":\"ImageObject\",\"inLanguage\":\"pt-BR\",\"@id\":\"https:\/\/www.estrategiaconcursos.com.br\/blog\/#\/schema\/logo\/image\/\",\"url\":\"https:\/\/dhg1h5j42swfq.cloudfront.net\/2025\/06\/03203428\/logo_concursos-1.jpg\",\"contentUrl\":\"https:\/\/dhg1h5j42swfq.cloudfront.net\/2025\/06\/03203428\/logo_concursos-1.jpg\",\"width\":230,\"height\":60,\"caption\":\"Estrat\u00e9gia Concursos\"},\"image\":{\"@id\":\"https:\/\/www.estrategiaconcursos.com.br\/blog\/#\/schema\/logo\/image\/\"},\"sameAs\":[\"https:\/\/x.com\/EstratConcursos\"]},{\"@type\":\"Person\",\"@id\":\"https:\/\/www.estrategiaconcursos.com.br\/blog\/#\/schema\/person\/b4a388c97673c5f483d72185668afa1f\",\"name\":\"Coordena\u00e7\u00e3o\",\"image\":{\"@type\":\"ImageObject\",\"inLanguage\":\"pt-BR\",\"@id\":\"https:\/\/secure.gravatar.com\/avatar\/b720319e4c9a967eb58678d110f4fe35452fc5d5f97b202bac7b8acceb18c6ad?s=96&d=mm&r=g\",\"url\":\"https:\/\/secure.gravatar.com\/avatar\/b720319e4c9a967eb58678d110f4fe35452fc5d5f97b202bac7b8acceb18c6ad?s=96&d=mm&r=g\",\"contentUrl\":\"https:\/\/secure.gravatar.com\/avatar\/b720319e4c9a967eb58678d110f4fe35452fc5d5f97b202bac7b8acceb18c6ad?s=96&d=mm&r=g\",\"caption\":\"Coordena\u00e7\u00e3o\"},\"sameAs\":[\"https:\/\/www.facebook.com\/EstrategiaConcursos\",\"https:\/\/x.com\/EstratConcursos\"],\"url\":\"https:\/\/www.estrategiaconcursos.com.br\/blog\/author\/estrategia2013\/\"}]}<\/script>\n<!-- \/ Yoast SEO Premium plugin. -->","yoast_head_json":{"title":"Concurso USP: prova pr\u00e1tica em setembro! Ganhe at\u00e9 R$ 10,7 mil!","description":"Concurso USP: editais ofertam 26 vagas com remunera\u00e7\u00f5es iniciais de at\u00e9 R$10,7 mil. Veja todo os detalhes com o Estrat\u00e9gia!","robots":{"index":"index","follow":"follow","max-snippet":"max-snippet:-1","max-image-preview":"max-image-preview:large","max-video-preview":"max-video-preview:-1"},"canonical":"https:\/\/www.estrategiaconcursos.com.br\/blog\/concurso-usp\/","og_locale":"pt_BR","og_type":"article","og_title":"Concurso USP: prova pr\u00e1tica em setembro! Ganhe at\u00e9 R$ 10,7 mil!","og_description":"Concurso USP: editais ofertam 26 vagas com remunera\u00e7\u00f5es iniciais de at\u00e9 R$10,7 mil. Veja todo os detalhes com o Estrat\u00e9gia!","og_url":"https:\/\/www.estrategiaconcursos.com.br\/blog\/concurso-usp\/","og_site_name":"Estrat\u00e9gia Concursos","article_author":"https:\/\/www.facebook.com\/EstrategiaConcursos","article_published_time":"2025-09-09T13:09:00+00:00","article_modified_time":"2025-12-12T16:40:25+00:00","og_image":[{"width":1200,"height":628,"url":"https:\/\/dhg1h5j42swfq.cloudfront.net\/2021\/02\/22172036\/concursos-educacao.jpg","type":"image\/jpeg"}],"author":"Coordena\u00e7\u00e3o","twitter_card":"summary_large_image","twitter_creator":"@EstratConcursos","twitter_site":"@EstratConcursos","twitter_misc":{"Escrito por":"Coordena\u00e7\u00e3o","Est. tempo de leitura":"6 minutos"},"schema":{"@context":"https:\/\/schema.org","@graph":[{"@type":"NewsArticle","@id":"https:\/\/www.estrategiaconcursos.com.br\/blog\/concurso-usp\/#article","isPartOf":{"@id":"https:\/\/www.estrategiaconcursos.com.br\/blog\/concurso-usp\/"},"author":{"name":"Coordena\u00e7\u00e3o","@id":"https:\/\/www.estrategiaconcursos.com.br\/blog\/#\/schema\/person\/b4a388c97673c5f483d72185668afa1f"},"headline":"Concurso USP: prova pr\u00e1tica em setembro! Ganhe at\u00e9 R$ 10,7 mil!","datePublished":"2025-09-09T13:09:00+00:00","dateModified":"2025-12-12T16:40:25+00:00","mainEntityOfPage":{"@id":"https:\/\/www.estrategiaconcursos.com.br\/blog\/concurso-usp\/"},"wordCount":1214,"commentCount":0,"publisher":{"@id":"https:\/\/www.estrategiaconcursos.com.br\/blog\/#organization"},"image":{"@id":"https:\/\/www.estrategiaconcursos.com.br\/blog\/concurso-usp\/#primaryimage"},"thumbnailUrl":"https:\/\/dhg1h5j42swfq.cloudfront.net\/2021\/02\/22172036\/concursos-educacao.jpg","articleSection":["Educa\u00e7\u00e3o","\u00daltimas not\u00edcias"],"inLanguage":"pt-BR","potentialAction":[{"@type":"CommentAction","name":"Comment","target":["https:\/\/www.estrategiaconcursos.com.br\/blog\/concurso-usp\/#respond"]}],"copyrightYear":"2025","copyrightHolder":{"@id":"https:\/\/www.estrategiaconcursos.com.br\/blog\/#organization"}},{"@type":"WebPage","@id":"https:\/\/www.estrategiaconcursos.com.br\/blog\/concurso-usp\/","url":"https:\/\/www.estrategiaconcursos.com.br\/blog\/concurso-usp\/","name":"Concurso USP: prova pr\u00e1tica em setembro! Ganhe at\u00e9 R$ 10,7 mil!","isPartOf":{"@id":"https:\/\/www.estrategiaconcursos.com.br\/blog\/#website"},"primaryImageOfPage":{"@id":"https:\/\/www.estrategiaconcursos.com.br\/blog\/concurso-usp\/#primaryimage"},"image":{"@id":"https:\/\/www.estrategiaconcursos.com.br\/blog\/concurso-usp\/#primaryimage"},"thumbnailUrl":"https:\/\/dhg1h5j42swfq.cloudfront.net\/2021\/02\/22172036\/concursos-educacao.jpg","datePublished":"2025-09-09T13:09:00+00:00","dateModified":"2025-12-12T16:40:25+00:00","description":"Concurso USP: editais ofertam 26 vagas com remunera\u00e7\u00f5es iniciais de at\u00e9 R$10,7 mil. Veja todo os detalhes com o Estrat\u00e9gia!","breadcrumb":{"@id":"https:\/\/www.estrategiaconcursos.com.br\/blog\/concurso-usp\/#breadcrumb"},"inLanguage":"pt-BR","potentialAction":[{"@type":"ReadAction","target":["https:\/\/www.estrategiaconcursos.com.br\/blog\/concurso-usp\/"]}]},{"@type":"ImageObject","inLanguage":"pt-BR","@id":"https:\/\/www.estrategiaconcursos.com.br\/blog\/concurso-usp\/#primaryimage","url":"https:\/\/dhg1h5j42swfq.cloudfront.net\/2021\/02\/22172036\/concursos-educacao.jpg","contentUrl":"https:\/\/dhg1h5j42swfq.cloudfront.net\/2021\/02\/22172036\/concursos-educacao.jpg","width":1200,"height":628,"caption":"educa\u00e7\u00e3o"},{"@type":"BreadcrumbList","@id":"https:\/\/www.estrategiaconcursos.com.br\/blog\/concurso-usp\/#breadcrumb","itemListElement":[{"@type":"ListItem","position":1,"name":"In\u00edcio","item":"https:\/\/www.estrategiaconcursos.com.br\/blog\/"},{"@type":"ListItem","position":2,"name":"Concurso USP: prova pr\u00e1tica em setembro! Ganhe at\u00e9 R$ 10,7 mil!"}]},{"@type":"WebSite","@id":"https:\/\/www.estrategiaconcursos.com.br\/blog\/#website","url":"https:\/\/www.estrategiaconcursos.com.br\/blog\/","name":"Estrat\u00e9gia Concursos","description":"O blog da Estrat\u00e9gia Concursos traz not\u00edcias sobre concursos e artigos de professores oferecendo cursos para concursos (pdf + videaulas) no site.","publisher":{"@id":"https:\/\/www.estrategiaconcursos.com.br\/blog\/#organization"},"potentialAction":[{"@type":"SearchAction","target":{"@type":"EntryPoint","urlTemplate":"https:\/\/www.estrategiaconcursos.com.br\/blog\/?s={search_term_string}"},"query-input":{"@type":"PropertyValueSpecification","valueRequired":true,"valueName":"search_term_string"}}],"inLanguage":"pt-BR"},{"@type":"Organization","@id":"https:\/\/www.estrategiaconcursos.com.br\/blog\/#organization","name":"Estrat\u00e9gia Concursos","url":"https:\/\/www.estrategiaconcursos.com.br\/blog\/","logo":{"@type":"ImageObject","inLanguage":"pt-BR","@id":"https:\/\/www.estrategiaconcursos.com.br\/blog\/#\/schema\/logo\/image\/","url":"https:\/\/dhg1h5j42swfq.cloudfront.net\/2025\/06\/03203428\/logo_concursos-1.jpg","contentUrl":"https:\/\/dhg1h5j42swfq.cloudfront.net\/2025\/06\/03203428\/logo_concursos-1.jpg","width":230,"height":60,"caption":"Estrat\u00e9gia Concursos"},"image":{"@id":"https:\/\/www.estrategiaconcursos.com.br\/blog\/#\/schema\/logo\/image\/"},"sameAs":["https:\/\/x.com\/EstratConcursos"]},{"@type":"Person","@id":"https:\/\/www.estrategiaconcursos.com.br\/blog\/#\/schema\/person\/b4a388c97673c5f483d72185668afa1f","name":"Coordena\u00e7\u00e3o","image":{"@type":"ImageObject","inLanguage":"pt-BR","@id":"https:\/\/secure.gravatar.com\/avatar\/b720319e4c9a967eb58678d110f4fe35452fc5d5f97b202bac7b8acceb18c6ad?s=96&d=mm&r=g","url":"https:\/\/secure.gravatar.com\/avatar\/b720319e4c9a967eb58678d110f4fe35452fc5d5f97b202bac7b8acceb18c6ad?s=96&d=mm&r=g","contentUrl":"https:\/\/secure.gravatar.com\/avatar\/b720319e4c9a967eb58678d110f4fe35452fc5d5f97b202bac7b8acceb18c6ad?s=96&d=mm&r=g","caption":"Coordena\u00e7\u00e3o"},"sameAs":["https:\/\/www.facebook.com\/EstrategiaConcursos","https:\/\/x.com\/EstratConcursos"],"url":"https:\/\/www.estrategiaconcursos.com.br\/blog\/author\/estrategia2013\/"}]}},"_links":{"self":[{"href":"https:\/\/www.estrategiaconcursos.com.br\/blog\/wp-json\/wp\/v2\/posts\/1116913","targetHints":{"allow":["GET"]}}],"collection":[{"href":"https:\/\/www.estrategiaconcursos.com.br\/blog\/wp-json\/wp\/v2\/posts"}],"about":[{"href":"https:\/\/www.estrategiaconcursos.com.br\/blog\/wp-json\/wp\/v2\/types\/post"}],"author":[{"embeddable":true,"href":"https:\/\/www.estrategiaconcursos.com.br\/blog\/wp-json\/wp\/v2\/users\/1"}],"replies":[{"embeddable":true,"href":"https:\/\/www.estrategiaconcursos.com.br\/blog\/wp-json\/wp\/v2\/comments?post=1116913"}],"version-history":[{"count":89,"href":"https:\/\/www.estrategiaconcursos.com.br\/blog\/wp-json\/wp\/v2\/posts\/1116913\/revisions"}],"predecessor-version":[{"id":1684579,"href":"https:\/\/www.estrategiaconcursos.com.br\/blog\/wp-json\/wp\/v2\/posts\/1116913\/revisions\/1684579"}],"wp:featuredmedia":[{"embeddable":true,"href":"https:\/\/www.estrategiaconcursos.com.br\/blog\/wp-json\/wp\/v2\/media\/698696"}],"wp:attachment":[{"href":"https:\/\/www.estrategiaconcursos.com.br\/blog\/wp-json\/wp\/v2\/media?parent=1116913"}],"wp:term":[{"taxonomy":"category","embeddable":true,"href":"https:\/\/www.estrategiaconcursos.com.br\/blog\/wp-json\/wp\/v2\/categories?post=1116913"},{"taxonomy":"post_tag","embeddable":true,"href":"https:\/\/www.estrategiaconcursos.com.br\/blog\/wp-json\/wp\/v2\/tags?post=1116913"},{"taxonomy":"tax_estado","embeddable":true,"href":"https:\/\/www.estrategiaconcursos.com.br\/blog\/wp-json\/wp\/v2\/tax_estado?post=1116913"}],"curies":[{"name":"wp","href":"https:\/\/api.w.org\/{rel}","templated":true}]}}