{"id":1115247,"date":"2022-12-02T07:21:00","date_gmt":"2022-12-02T10:21:00","guid":{"rendered":"https:\/\/www.estrategiaconcursos.com.br\/blog\/?p=1115247"},"modified":"2022-12-02T12:21:11","modified_gmt":"2022-12-02T15:21:11","slug":"residencia-hac","status":"publish","type":"post","link":"https:\/\/www.estrategiaconcursos.com.br\/blog\/residencia-hac\/","title":{"rendered":"Resid\u00eancia HAC: inscri\u00e7\u00f5es encerradas; 10 vagas!"},"content":{"rendered":"\n<p>Foram encerradas as inscri\u00e7\u00f5es para o edital de <strong>Resid\u00eancia HAC<\/strong> (Processo Seletivo para Resid\u00eancia Multiprofissional em Aten\u00e7\u00e3o em Oncologia do Hospital Amaral Carvalho), com oferta de 10 vagas.<\/p>\n\n\n\n<p>As oportunidades se distribuem entre as \u00e1reas de Biologia, Enfermagem e Farm\u00e1cia, com bolsa no valor inicial de R$ 4.106,09.<\/p>\n\n\n\n<p>Os interessados em participar da sele\u00e7\u00e3o puderam se candidatar at\u00e9 <strong>1\u00ba de dezembro de 2022<\/strong>, ao custo de R$ 250,00. <\/p>\n\n\n\n<ul class=\"has-pale-ocean-gradient-background has-background wp-block-list\"><li><strong>Resid\u00eancia HAC<\/strong><\/li><li><strong>Status:<\/strong> inscri\u00e7\u00f5es encerradas<\/li><li><strong>Banca:<\/strong> Hospital Amaral Carvalho<\/li><li><strong>Vagas:<\/strong> 10<\/li><li><strong>Sal\u00e1rio inicial:<\/strong> R$ 4.106,09<\/li><li><strong>Edital:<\/strong> <a href=\"https:\/\/dhg1h5j42swfq.cloudfront.net\/2022\/10\/25115117\/edital-res-multi-2022.pdf\" target=\"_blank\" rel=\"noreferrer noopener nofollow\">PSS HAC &#8211; Resid\u00eancia<\/a><\/li><\/ul>\n\n\n\n<p>A fim de te deixar sempre bem informado, elaboramos este artigo com as principais informa\u00e7\u00f5es e novidades sobre o concurso. Acompanhe os t\u00f3picos abaixo e n\u00e3o perca nenhum detalhe:<\/p>\n\n\n\n<ul class=\"wp-block-list\" id=\"indice\"><li><a href=\"#datas\">Principais datas<\/a><\/li><li><a href=\"#cargos-vagas\">Cargos e vagas<\/a><\/li><li><a href=\"#etapas\">Etapas e provas<\/a><ul><li><a href=\"#objetiva\">Prova objetiva<\/a><\/li><li><a href=\"#entrevista\">Entrevista<\/a><\/li><\/ul><\/li><li><a href=\"#cursos\">Cursos e assinaturas<\/a><\/li><li><a href=\"#ficha\">Ficha t\u00e9cnica<\/a><\/li><\/ul>\n\n\n\n<div class=\"container\" id=\"boxes\">\n  <div class=\"row\">\n\n    <div class=\"col-sm\">\n      <div class=\"banner-medicina\" id=\"box-assinatura\">\n        <h3 class=\"titulo-assinatura\">Resid\u00eancia HAC<\/h3>\n        <p class=\"subtitulo-assinatura\">Conhe\u00e7a os cursos<\/p>\n        <div class=\"box-botao\">\n          <a class=\"btn-assinatura\" target=\"_blank\" href=\"https:\/\/www.estrategiaconcursos.com.br\/cursos\/\" role=\"button\" rel=\"noopener noreferrer\">Conhe\u00e7a mais<\/a>\n        <\/div>\n      <\/div>\n     \n    <\/div>\n\n  <\/div>\n<\/div>\n\n\n\n<h2 class=\"wp-block-heading\" id=\"datas\">Principais datas do processo seletivo<\/h2>\n\n\n\n<ul class=\"wp-block-list\"><li><strong>Inscri\u00e7\u00f5es<\/strong>: <s>24 de outubro a 1\u00ba de dezembro de 2022<\/s><\/li><li><strong>Isen\u00e7\u00e3o da taxa<\/strong>: <s>27 de outubro a 1\u00ba de novembro<\/s><\/li><li><strong style=\"color: initial;\">\u00daltimo dia para pagamento<\/strong><span style=\"color: initial;\">: <s>23 de novembro<\/s><\/span><\/li><li><strong>Prova<\/strong>: 17 de dezembro<\/li><\/ul>\n\n\n\n<h2 class=\"wp-block-heading\" id=\"cargos-vagas\">Cargos e vagas do edital Resid\u00eancia HAC<\/h2>\n\n\n\n<h3 class=\"wp-block-heading\">Resid\u00eancia Multiprofissional em Aten\u00e7\u00e3o em Oncologia<\/h3>\n\n\n\n<figure class=\"wp-block-table is-style-stripes\"><table class=\"has-pale-ocean-gradient-background has-background has-fixed-layout\"><thead><tr><th class=\"has-text-align-center\" data-align=\"center\">\u00c1rea de atua\u00e7\u00e3o<\/th><th class=\"has-text-align-center\" data-align=\"center\">Vagas<\/th><th class=\"has-text-align-center\" data-align=\"center\">Bolsa<\/th><\/tr><\/thead><tbody><tr><td class=\"has-text-align-center\" data-align=\"center\">Biologia<\/td><td class=\"has-text-align-center\" data-align=\"center\">03<\/td><td class=\"has-text-align-center\" data-align=\"center\">R$ 4.106,09<\/td><\/tr><tr><td class=\"has-text-align-center\" data-align=\"center\">Enfermagem<\/td><td class=\"has-text-align-center\" data-align=\"center\">05<\/td><td class=\"has-text-align-center\" data-align=\"center\">R$ 4.106,09<\/td><\/tr><tr><td class=\"has-text-align-center\" data-align=\"center\">Farm\u00e1cia<\/td><td class=\"has-text-align-center\" data-align=\"center\">02<\/td><td class=\"has-text-align-center\" data-align=\"center\">R$ 4.106,09<\/td><\/tr><\/tbody><\/table><\/figure>\n\n\n\n<h2 class=\"wp-block-heading\" id=\"etapas\">Etapas e provas do edital Resid\u00eancia HAC<\/h2>\n\n\n\n<p>Os candidatos inscritos no processo seletivo da Resid\u00eancia HAC ser\u00e3o avaliados mediante aplica\u00e7\u00e3o de duas etapas, sendo elas:<\/p>\n\n\n\n<ol class=\"wp-block-list\"><li><strong>Prova Objetiva<\/strong>, de car\u00e1ter eliminat\u00f3rio e classificat\u00f3rio;<\/li><li><strong>Entrevista Multiprofissional Presencial<\/strong>, de car\u00e1ter classificat\u00f3rio.<\/li><\/ol>\n\n\n\n<h3 class=\"wp-block-heading\" id=\"objetiva\">Provas Objetivas<\/h3>\n\n\n\n<p>A 1\u00aa fase do processo seletivo contar\u00e1 de uma prova objetiva, com 50 quest\u00f5es de m\u00faltipla escolha, com peso 2 para cada quest\u00e3o, totalizando 100 pontos. Ser\u00e3o aprovados os candidatos que alcan\u00e7arem o m\u00ednimo de 50 pontos. <\/p>\n\n\n\n<p>O tempo de dura\u00e7\u00e3o da prova ser\u00e1 de 3h30. A Prova Escrita versar\u00e1 respectivamente sobre a \u00e1rea de gradua\u00e7\u00e3o de escolha do candidato:<\/p>\n\n\n\n<ul class=\"wp-block-list\"><li><strong>Programa de Resid\u00eancia Multiprofissional em Biologia<\/strong>: Epidemiologia do C\u00e2ncer; Pol\u00edticas P\u00fablicas de Sa\u00fade do Sistema \u00danico de Sa\u00fade; Pol\u00edtica Nacional de Humaniza\u00e7\u00e3o; Programa Nacional de Seguran\u00e7a do Paciente; Biosseguran\u00e7a; Biologia Celular e Molecular; Fundamentos da Imunologia e Microbiologia; Hematologia; Bioqu\u00edmica; Farmacologia; Epidemiologia; Parasitologia; Bio\u00e9tica; Gen\u00e9tica; Processos Patol\u00f3gicos Gerais; Estat\u00edstica b\u00e1sica; C\u00f3digo de \u00c9tica do Bi\u00f3logo.<\/li><\/ul>\n\n\n\n<ul class=\"wp-block-list\"><li><strong>Programa de Resid\u00eancia Multiprofissional em Enfermagem<\/strong>: Disposi\u00e7\u00f5es gerais sobre o SUS, Pol\u00edticas de Aten\u00e7\u00e3o do C\u00e2ncer, O que \u00e9 o C\u00e2ncer?, Epidemiologia do c\u00e2ncer, Processo de Enfermagem, Assist\u00eancia de enfermagem, procedimentos e interven\u00e7\u00f5es de enfermagem, Tratamento oncol\u00f3gico (neoadjuvante, adjuvante, paliativo, quimioterapia e radioterapia, Toxicidades induzidas por terapia antineopl\u00e1sica, Rea\u00e7\u00f5es adversas dos agentes antineopl\u00e1sicos, Terapia-alvo molecular, Extravasamento de terapia antineopl\u00e1sica, Assist\u00eancia de Enfermagem em Onco-hematologia, Derramamento de Terapia antineopl\u00e1sica, Dor, Preven\u00e7\u00e3o primaria, secundaria, terci\u00e1ria e quatern\u00e1ria, Suporte avan\u00e7ado de vida (PCR, Ritmos choc\u00e1veis e n\u00e3o choc\u00e1veis, medica\u00e7\u00f5es utilizadas e cuidados), Cuidados Paliativos, Assist\u00eancia de enfermagem em radioterapia, Assist\u00eancia de enfermagem em oncologia cir\u00fargica, Assist\u00eancia de enfermagem em oncologia pedi\u00e1trica, Emerg\u00eancias Oncol\u00f3gicas, Cuidados de enfermagem com feridas, ostomias e realiza\u00e7\u00e3o de curativos, C\u00e1lculo de medica\u00e7\u00e3o (gotejamento, macrogota, microgota e regra de 3), Experi\u00eancia do Paciente, Navega\u00e7\u00e3o de Paciente Oncol\u00f3gico, Seguran\u00e7a do Paciente, Controle e preven\u00e7\u00e3o de infec\u00e7\u00f5es, C\u00f3digo de \u00c9tica do Profissional Enfermeiro <\/li><\/ul>\n\n\n\n<ul class=\"wp-block-list\"><li><strong>Programa de Resid\u00eancia Multiprofissional em Farm\u00e1cia<\/strong>: Farm\u00e1cia Cl\u00ednica e Aten\u00e7\u00e3o Farmac\u00eautica: seguimento farmacoterap\u00eautico do paciente internado, farmacovigil\u00e2ncia, seguran\u00e7a no processo de utiliza\u00e7\u00e3o de medicamentos; Assist\u00eancia farmac\u00eautica, log\u00edstica hospitalar (programa\u00e7\u00e3o, aquisi\u00e7\u00e3o e armazenamento), distribui\u00e7\u00e3o e dispensa\u00e7\u00e3o de medicamentos; Legisla\u00e7\u00e3o e \u00c9tica Profissional Farmac\u00eautica; Farmacoeconomia; Farmacologia: Farmacocin\u00e9tica, Farmacodin\u00e2mica; Regulamento T\u00e9cnico sobre subst\u00e2ncias e medicamentos sujeitos a controle especial (Portaria SVS\/MS n\u00ba 344\/98); C\u00e1lculos em farm\u00e1cia hospitalar; Estudos de Utiliza\u00e7\u00e3o de Medicamentos (Pesquisa Cl\u00ednica); NR 32 &#8211; Seguran\u00e7a e sa\u00fade no trabalho em servi\u00e7os de sa\u00fade; Comiss\u00e3o de Controle de Infec\u00e7\u00e3o Hospitalar \u2013 CCIH (Portaria n\u00ba 2616, de 12 de maio de 1998); Pol\u00edtica Nacional de Medicamentos nos Sistema \u00danico de Sa\u00fade \u2013 SUS (Lei 8.080 de 19\/09\/1990); Pol\u00edtica Nacional de Assist\u00eancia Farmac\u00eautica (Resolu\u00e7\u00e3o n\u00ba 338, de 06 de maio de 2004); No\u00e7\u00f5es sobre o Programa Nacional de Seguran\u00e7a do Paciente (RDC n\u00ba 36, de julho de 2013, Portaria n\u00ba 529, de abril de 2013, Portaria GM\/MS n\u00ba 1.377, de 9 de julho de 2013 e a Portaria n\u00ba 2095, de setembro de 2013); Diretrizes e estrat\u00e9gias para organiza\u00e7\u00e3o, fortalecimento e aprimoramento das a\u00e7\u00f5es e servi\u00e7os de farm\u00e1cia no \u00e2mbito dos hospitais e de terapia antineopl\u00e1sica (RDC n\u00ba 220, de 21 de setembro de 2004, RDC n\u00ba 67, de outubro de 2007, RDC n\u00ba 50, de fevereiro de 2002, RDC N\u00ba 222, de 28 de mar\u00e7o de 2018, Resolu\u00e7\u00e3o n\u00ba 288, de mar\u00e7o de 1996, Resolu\u00e7\u00e3o n\u00ba 565, de dezembro de 2012, Resolu\u00e7\u00e3o n\u00ba 585, de agosto de 2013, Resolu\u00e7\u00e3o n\u00ba 586, de agosto de 2013, Portaria n\u00ba 140 de 27 de fevereiro de 2014, Portaria n\u00ba 4.283, de 30 de dezembro de 2010).<\/li><\/ul>\n\n\n\n<h3 class=\"wp-block-heading\" id=\"entrevista\">Entrevista Presencial<\/h3>\n\n\n\n<p>As Entrevistas somente ser\u00e3o agendadas para os candidatos classificados na Prova Escrita, conforme convoca\u00e7\u00e3o abaixo:<\/p>\n\n\n\n<ul class=\"wp-block-list\"><li>Enfermagem: 15 primeiros colocados da classifica\u00e7\u00e3o;<\/li><li>Biologia: 9 primeiros colocados da classifica\u00e7\u00e3o;<\/li><li>Farm\u00e1cia: 6 primeiros colocados da classifica\u00e7\u00e3o.<\/li><\/ul>\n\n\n\n<p>As notas para a Entrevista ser\u00e3o de 0,0 a 10,0 pontos, levando em considera\u00e7\u00e3o o desempenho do candidato frente \u00e0s quest\u00f5es apresentadas pela banca. A entrevista contar\u00e1 com tempo m\u00e1ximo de 20 minutos para cada candidato.<\/p>\n\n\n\n<hr class=\"wp-block-separator has-css-opacity\"\/>\n\n\n\n<h2 class=\"has-text-align-center wp-block-heading\" id=\"h-quer-saber-tudo-sobre-concursos-previstos-confira-nossos-artigos\">Quer saber tudo sobre concursos previstos?<br \/>Confira  nossos artigos!<\/h2>\n\n\n\n<ul class=\"wp-block-list\"><li><a href=\"https:\/\/www.estrategiaconcursos.com.br\/blog\/concursos-abertos\/\" target=\"_blank\" rel=\"noreferrer noopener\">Concursos abertos<\/a><\/li><li><a href=\"https:\/\/www.estrategiaconcursos.com.br\/blog\/concursos-2022\/\" target=\"_blank\" rel=\"noreferrer noopener\">Concursos 2022<\/a><\/li><li><a href=\"https:\/\/www.estrategiaconcursos.com.br\/blog\/concursos-2023\/\" target=\"_blank\" rel=\"noreferrer noopener\">Concursos 2023<\/a><\/li><\/ul>\n\n\n\n<h2 class=\"has-text-align-center wp-block-heading\" id=\"cursos-assinatura\">Quer estudar para o concurso Resid\u00eancia HAC?<\/h2>\n\n\n\n<div class=\"container\" id=\"boxes\">\n  <div class=\"row\">\n\n    <div class=\"col-sm\">\n      <div class=\"banner-medicina\" id=\"box-assinatura\">\n        <h3 class=\"titulo-assinatura\">Resid\u00eancia HAC<\/h3>\n        <p class=\"subtitulo-assinatura\">Conhe\u00e7a os cursos<\/p>\n        <div class=\"box-botao\">\n          <a class=\"btn-assinatura\" target=\"_blank\" href=\"https:\/\/www.estrategiaconcursos.com.br\/cursos\/\" role=\"button\" rel=\"noopener noreferrer\">Conhe\u00e7a mais<\/a>\n        <\/div>\n      <\/div>\n     \n    <\/div>\n\n  <\/div>\n<\/div>\n\n\n\n<div class=\"container\" id=\"boxes\">\n  <div class=\"row\">\n\n    <div class=\"col-sm\">\n      <div class=\"estrategia\" id=\"box-assinatura\">\n        <h3 class=\"titulo-assinatura\">Assinatura Concursos<\/h3>\n        <p class=\"subtitulo-assinatura\">Assinatura de 1 ano ou 2 anos<\/p>\n        <div class=\"box-botao\">\n          <a class=\"btn-assinatura\" target=\"_blank\" href=\"https:\/\/www.estrategiaconcursos.com.br\/assinaturas\/\" role=\"button\" rel=\"noopener noreferrer\">ASSINE AGORA<\/a>\n        <\/div>\n      <\/div><\/div><\/div><\/div>\n\n\n\n<figure class=\"wp-block-image size-large is-resized\"><img loading=\"lazy\" decoding=\"async\" src=\"https:\/\/dhg1h5j42swfq.cloudfront.net\/2025\/06\/27101122\/ficha-tecnica-1-1024x632.png\" alt=\"Ficha T\u00e9cnica Resid\u00eancia HAC\" class=\"wp-image-702728\" width=\"269\" height=\"166\" srcset=\"https:\/\/dhg1h5j42swfq.cloudfront.net\/2025\/06\/27101122\/ficha-tecnica-1-1024x632.png 1024w, https:\/\/dhg1h5j42swfq.cloudfront.net\/2025\/06\/27101122\/ficha-tecnica-1-300x185.png 300w, https:\/\/dhg1h5j42swfq.cloudfront.net\/2025\/06\/27101122\/ficha-tecnica-1-768x474.png 768w, https:\/\/dhg1h5j42swfq.cloudfront.net\/2025\/06\/27101122\/ficha-tecnica-1-1536x948.png 1536w, https:\/\/dhg1h5j42swfq.cloudfront.net\/2025\/06\/27101122\/ficha-tecnica-1-610x377.png 610w, https:\/\/dhg1h5j42swfq.cloudfront.net\/2025\/06\/27101122\/ficha-tecnica-1.png 1571w\" sizes=\"auto, (max-width: 269px) 100vw, 269px\" \/><\/figure>\n\n\n\n<h3 class=\"wp-block-heading\" id=\"ficha\">Informa\u00e7\u00f5es do edital Resid\u00eancia HAC<\/h3>\n\n\n\n<ul class=\"wp-block-list\"><li><strong style=\"color: initial;\">Provas<\/strong><span style=\"color: initial;\">: 17\/12\/2022<\/span><\/li><li><strong>Vagas<\/strong>: 10<\/li><li><strong>Cargos<\/strong>: v\u00e1rios<\/li><li><strong>Banca<\/strong>: HAC<\/li><li><strong>Escolaridade<\/strong>: N\u00edvel superior<\/li><li><strong>Edital:<\/strong> <a href=\"https:\/\/dhg1h5j42swfq.cloudfront.net\/2022\/10\/25115117\/edital-res-multi-2022.pdf\" target=\"_blank\" rel=\"noreferrer noopener nofollow\">PSS HAC &#8211; Resid\u00eancia<\/a><\/li><\/ul>\n\n\n\n<p><\/p>\n","protected":false},"excerpt":{"rendered":"<p>Foram encerradas as inscri\u00e7\u00f5es para o edital de Resid\u00eancia HAC (Processo Seletivo para Resid\u00eancia Multiprofissional em Aten\u00e7\u00e3o em Oncologia do Hospital Amaral Carvalho), com oferta de 10 vagas. As oportunidades se distribuem entre as \u00e1reas de Biologia, Enfermagem e Farm\u00e1cia, com bolsa no valor inicial de R$ 4.106,09. Os interessados em participar da sele\u00e7\u00e3o puderam [&hellip;]<\/p>\n","protected":false},"author":1206,"featured_media":1115406,"comment_status":"open","ping_status":"closed","sticky":false,"template":"","format":"standard","meta":{"post_tipo":"news_page","footnotes":""},"categories":[1981],"tags":[],"tax_estado":[219989],"class_list":["post-1115247","post","type-post","status-publish","format-standard","has-post-thumbnail","hentry","category-saude","tax_estado-sp"],"acf":[],"yoast_head":"<!-- This site is optimized with the Yoast SEO Premium plugin v27.2 (Yoast SEO v27.2) - https:\/\/yoast.com\/product\/yoast-seo-premium-wordpress\/ -->\n<title>Resid\u00eancia HAC: inscri\u00e7\u00f5es encerradas; 10 vagas!<\/title>\n<meta name=\"description\" content=\"Resid\u00eancia HAC: edital \u00e9 publicado com 10 vagas para programa de Aten\u00e7\u00e3o em Oncologia. Inscri\u00e7\u00f5es encerradas!\" \/>\n<meta name=\"robots\" content=\"index, follow, max-snippet:-1, max-image-preview:large, max-video-preview:-1\" \/>\n<link rel=\"canonical\" href=\"https:\/\/www.estrategiaconcursos.com.br\/blog\/residencia-hac\/\" \/>\n<meta property=\"og:locale\" content=\"pt_BR\" \/>\n<meta property=\"og:type\" content=\"article\" \/>\n<meta property=\"og:title\" content=\"Resid\u00eancia HAC: inscri\u00e7\u00f5es encerradas; 10 vagas!\" \/>\n<meta property=\"og:description\" content=\"Resid\u00eancia HAC: edital \u00e9 publicado com 10 vagas para programa de Aten\u00e7\u00e3o em Oncologia. Inscri\u00e7\u00f5es encerradas!\" \/>\n<meta property=\"og:url\" content=\"https:\/\/www.estrategiaconcursos.com.br\/blog\/residencia-hac\/\" \/>\n<meta property=\"og:site_name\" content=\"Estrat\u00e9gia Concursos\" \/>\n<meta property=\"article:published_time\" content=\"2022-12-02T10:21:00+00:00\" \/>\n<meta property=\"article:modified_time\" content=\"2022-12-02T15:21:11+00:00\" \/>\n<meta property=\"og:image\" content=\"https:\/\/dhg1h5j42swfq.cloudfront.net\/2022\/10\/25145957\/residencia-hac.jpg\" \/>\n\t<meta property=\"og:image:width\" content=\"768\" \/>\n\t<meta property=\"og:image:height\" content=\"432\" \/>\n\t<meta property=\"og:image:type\" content=\"image\/jpeg\" \/>\n<meta name=\"author\" content=\"Bruna de Andrade Fran\u00e7a\" \/>\n<meta name=\"twitter:card\" content=\"summary_large_image\" \/>\n<meta name=\"twitter:creator\" content=\"@EstratConcursos\" \/>\n<meta name=\"twitter:site\" content=\"@EstratConcursos\" \/>\n<meta name=\"twitter:label1\" content=\"Escrito por\" \/>\n\t<meta name=\"twitter:data1\" content=\"Bruna de Andrade Fran\u00e7a\" \/>\n\t<meta name=\"twitter:label2\" content=\"Est. tempo de leitura\" \/>\n\t<meta name=\"twitter:data2\" content=\"5 minutos\" \/>\n<script type=\"application\/ld+json\" class=\"yoast-schema-graph\">{\"@context\":\"https:\/\/schema.org\",\"@graph\":[{\"@type\":\"NewsArticle\",\"@id\":\"https:\/\/www.estrategiaconcursos.com.br\/blog\/residencia-hac\/#article\",\"isPartOf\":{\"@id\":\"https:\/\/www.estrategiaconcursos.com.br\/blog\/residencia-hac\/\"},\"author\":{\"name\":\"Bruna de Andrade Fran\u00e7a\",\"@id\":\"https:\/\/www.estrategiaconcursos.com.br\/blog\/#\/schema\/person\/6630f91134abc08115cca62ce6372855\"},\"headline\":\"Resid\u00eancia HAC: inscri\u00e7\u00f5es encerradas; 10 vagas!\",\"datePublished\":\"2022-12-02T10:21:00+00:00\",\"dateModified\":\"2022-12-02T15:21:11+00:00\",\"mainEntityOfPage\":{\"@id\":\"https:\/\/www.estrategiaconcursos.com.br\/blog\/residencia-hac\/\"},\"wordCount\":1012,\"commentCount\":0,\"publisher\":{\"@id\":\"https:\/\/www.estrategiaconcursos.com.br\/blog\/#organization\"},\"image\":{\"@id\":\"https:\/\/www.estrategiaconcursos.com.br\/blog\/residencia-hac\/#primaryimage\"},\"thumbnailUrl\":\"https:\/\/dhg1h5j42swfq.cloudfront.net\/2022\/10\/25145957\/residencia-hac.jpg\",\"articleSection\":[\"Sa\u00fade\"],\"inLanguage\":\"pt-BR\",\"potentialAction\":[{\"@type\":\"CommentAction\",\"name\":\"Comment\",\"target\":[\"https:\/\/www.estrategiaconcursos.com.br\/blog\/residencia-hac\/#respond\"]}],\"copyrightYear\":\"2022\",\"copyrightHolder\":{\"@id\":\"https:\/\/www.estrategiaconcursos.com.br\/blog\/#organization\"}},{\"@type\":\"WebPage\",\"@id\":\"https:\/\/www.estrategiaconcursos.com.br\/blog\/residencia-hac\/\",\"url\":\"https:\/\/www.estrategiaconcursos.com.br\/blog\/residencia-hac\/\",\"name\":\"Resid\u00eancia HAC: inscri\u00e7\u00f5es encerradas; 10 vagas!\",\"isPartOf\":{\"@id\":\"https:\/\/www.estrategiaconcursos.com.br\/blog\/#website\"},\"primaryImageOfPage\":{\"@id\":\"https:\/\/www.estrategiaconcursos.com.br\/blog\/residencia-hac\/#primaryimage\"},\"image\":{\"@id\":\"https:\/\/www.estrategiaconcursos.com.br\/blog\/residencia-hac\/#primaryimage\"},\"thumbnailUrl\":\"https:\/\/dhg1h5j42swfq.cloudfront.net\/2022\/10\/25145957\/residencia-hac.jpg\",\"datePublished\":\"2022-12-02T10:21:00+00:00\",\"dateModified\":\"2022-12-02T15:21:11+00:00\",\"description\":\"Resid\u00eancia HAC: edital \u00e9 publicado com 10 vagas para programa de Aten\u00e7\u00e3o em Oncologia. Inscri\u00e7\u00f5es encerradas!\",\"breadcrumb\":{\"@id\":\"https:\/\/www.estrategiaconcursos.com.br\/blog\/residencia-hac\/#breadcrumb\"},\"inLanguage\":\"pt-BR\",\"potentialAction\":[{\"@type\":\"ReadAction\",\"target\":[\"https:\/\/www.estrategiaconcursos.com.br\/blog\/residencia-hac\/\"]}]},{\"@type\":\"ImageObject\",\"inLanguage\":\"pt-BR\",\"@id\":\"https:\/\/www.estrategiaconcursos.com.br\/blog\/residencia-hac\/#primaryimage\",\"url\":\"https:\/\/dhg1h5j42swfq.cloudfront.net\/2022\/10\/25145957\/residencia-hac.jpg\",\"contentUrl\":\"https:\/\/dhg1h5j42swfq.cloudfront.net\/2022\/10\/25145957\/residencia-hac.jpg\",\"width\":768,\"height\":432,\"caption\":\"resid\u00eancia hac\"},{\"@type\":\"BreadcrumbList\",\"@id\":\"https:\/\/www.estrategiaconcursos.com.br\/blog\/residencia-hac\/#breadcrumb\",\"itemListElement\":[{\"@type\":\"ListItem\",\"position\":1,\"name\":\"In\u00edcio\",\"item\":\"https:\/\/www.estrategiaconcursos.com.br\/blog\/\"},{\"@type\":\"ListItem\",\"position\":2,\"name\":\"Resid\u00eancia HAC: inscri\u00e7\u00f5es encerradas; 10 vagas!\"}]},{\"@type\":\"WebSite\",\"@id\":\"https:\/\/www.estrategiaconcursos.com.br\/blog\/#website\",\"url\":\"https:\/\/www.estrategiaconcursos.com.br\/blog\/\",\"name\":\"Estrat\u00e9gia Concursos\",\"description\":\"O blog da Estrat\u00e9gia Concursos traz not\u00edcias sobre concursos e artigos de professores oferecendo cursos para concursos (pdf + videaulas) no site.\",\"publisher\":{\"@id\":\"https:\/\/www.estrategiaconcursos.com.br\/blog\/#organization\"},\"potentialAction\":[{\"@type\":\"SearchAction\",\"target\":{\"@type\":\"EntryPoint\",\"urlTemplate\":\"https:\/\/www.estrategiaconcursos.com.br\/blog\/?s={search_term_string}\"},\"query-input\":{\"@type\":\"PropertyValueSpecification\",\"valueRequired\":true,\"valueName\":\"search_term_string\"}}],\"inLanguage\":\"pt-BR\"},{\"@type\":\"Organization\",\"@id\":\"https:\/\/www.estrategiaconcursos.com.br\/blog\/#organization\",\"name\":\"Estrat\u00e9gia Concursos\",\"url\":\"https:\/\/www.estrategiaconcursos.com.br\/blog\/\",\"logo\":{\"@type\":\"ImageObject\",\"inLanguage\":\"pt-BR\",\"@id\":\"https:\/\/www.estrategiaconcursos.com.br\/blog\/#\/schema\/logo\/image\/\",\"url\":\"https:\/\/dhg1h5j42swfq.cloudfront.net\/2025\/06\/03203428\/logo_concursos-1.jpg\",\"contentUrl\":\"https:\/\/dhg1h5j42swfq.cloudfront.net\/2025\/06\/03203428\/logo_concursos-1.jpg\",\"width\":230,\"height\":60,\"caption\":\"Estrat\u00e9gia Concursos\"},\"image\":{\"@id\":\"https:\/\/www.estrategiaconcursos.com.br\/blog\/#\/schema\/logo\/image\/\"},\"sameAs\":[\"https:\/\/x.com\/EstratConcursos\"]},{\"@type\":\"Person\",\"@id\":\"https:\/\/www.estrategiaconcursos.com.br\/blog\/#\/schema\/person\/6630f91134abc08115cca62ce6372855\",\"name\":\"Bruna de Andrade Fran\u00e7a\",\"image\":{\"@type\":\"ImageObject\",\"inLanguage\":\"pt-BR\",\"@id\":\"https:\/\/secure.gravatar.com\/avatar\/d6316d36d50cea0fadae28ed3015b8870cc90a2d3d8a95c37b44006af36a00e3?s=96&d=mm&r=g\",\"url\":\"https:\/\/secure.gravatar.com\/avatar\/d6316d36d50cea0fadae28ed3015b8870cc90a2d3d8a95c37b44006af36a00e3?s=96&d=mm&r=g\",\"contentUrl\":\"https:\/\/secure.gravatar.com\/avatar\/d6316d36d50cea0fadae28ed3015b8870cc90a2d3d8a95c37b44006af36a00e3?s=96&d=mm&r=g\",\"caption\":\"Bruna de Andrade Fran\u00e7a\"},\"description\":\"Bruna de Andrade Fran\u00e7a \u00e9 publicit\u00e1ria com p\u00f3s-gradua\u00e7\u00e3o em Marketing &amp; Growth, atuando h\u00e1 mais de 6 anos no universo dos concursos p\u00fablicos. Desde 2021, lidera no Blog do Estrat\u00e9gia Concursos a cobertura editorial especializada em Concursos Policiais (PF, PRF, PM, PC, etc.), al\u00e9m das frentes de concursos banc\u00e1rios, de sa\u00fade e da \u00e1rea legislativa. Especialista em reda\u00e7\u00e3o, com pr\u00e1ticas de SEO e Copywriting, possui tamb\u00e9m atua\u00e7\u00e3o pr\u00e1tica de contato direto com \u00f3rg\u00e3os p\u00fablicos respons\u00e1veis por editais, permitindo acesso antecipado a informa\u00e7\u00f5es, desdobramentos importantes e atualiza\u00e7\u00e3o eficiente dos concursos p\u00fablicos.\",\"url\":\"https:\/\/www.estrategiaconcursos.com.br\/blog\/author\/bruna-andrade\/\"}]}<\/script>\n<!-- \/ Yoast SEO Premium plugin. -->","yoast_head_json":{"title":"Resid\u00eancia HAC: inscri\u00e7\u00f5es encerradas; 10 vagas!","description":"Resid\u00eancia HAC: edital \u00e9 publicado com 10 vagas para programa de Aten\u00e7\u00e3o em Oncologia. Inscri\u00e7\u00f5es encerradas!","robots":{"index":"index","follow":"follow","max-snippet":"max-snippet:-1","max-image-preview":"max-image-preview:large","max-video-preview":"max-video-preview:-1"},"canonical":"https:\/\/www.estrategiaconcursos.com.br\/blog\/residencia-hac\/","og_locale":"pt_BR","og_type":"article","og_title":"Resid\u00eancia HAC: inscri\u00e7\u00f5es encerradas; 10 vagas!","og_description":"Resid\u00eancia HAC: edital \u00e9 publicado com 10 vagas para programa de Aten\u00e7\u00e3o em Oncologia. Inscri\u00e7\u00f5es encerradas!","og_url":"https:\/\/www.estrategiaconcursos.com.br\/blog\/residencia-hac\/","og_site_name":"Estrat\u00e9gia Concursos","article_published_time":"2022-12-02T10:21:00+00:00","article_modified_time":"2022-12-02T15:21:11+00:00","og_image":[{"width":768,"height":432,"url":"https:\/\/dhg1h5j42swfq.cloudfront.net\/2022\/10\/25145957\/residencia-hac.jpg","type":"image\/jpeg"}],"author":"Bruna de Andrade Fran\u00e7a","twitter_card":"summary_large_image","twitter_creator":"@EstratConcursos","twitter_site":"@EstratConcursos","twitter_misc":{"Escrito por":"Bruna de Andrade Fran\u00e7a","Est. tempo de leitura":"5 minutos"},"schema":{"@context":"https:\/\/schema.org","@graph":[{"@type":"NewsArticle","@id":"https:\/\/www.estrategiaconcursos.com.br\/blog\/residencia-hac\/#article","isPartOf":{"@id":"https:\/\/www.estrategiaconcursos.com.br\/blog\/residencia-hac\/"},"author":{"name":"Bruna de Andrade Fran\u00e7a","@id":"https:\/\/www.estrategiaconcursos.com.br\/blog\/#\/schema\/person\/6630f91134abc08115cca62ce6372855"},"headline":"Resid\u00eancia HAC: inscri\u00e7\u00f5es encerradas; 10 vagas!","datePublished":"2022-12-02T10:21:00+00:00","dateModified":"2022-12-02T15:21:11+00:00","mainEntityOfPage":{"@id":"https:\/\/www.estrategiaconcursos.com.br\/blog\/residencia-hac\/"},"wordCount":1012,"commentCount":0,"publisher":{"@id":"https:\/\/www.estrategiaconcursos.com.br\/blog\/#organization"},"image":{"@id":"https:\/\/www.estrategiaconcursos.com.br\/blog\/residencia-hac\/#primaryimage"},"thumbnailUrl":"https:\/\/dhg1h5j42swfq.cloudfront.net\/2022\/10\/25145957\/residencia-hac.jpg","articleSection":["Sa\u00fade"],"inLanguage":"pt-BR","potentialAction":[{"@type":"CommentAction","name":"Comment","target":["https:\/\/www.estrategiaconcursos.com.br\/blog\/residencia-hac\/#respond"]}],"copyrightYear":"2022","copyrightHolder":{"@id":"https:\/\/www.estrategiaconcursos.com.br\/blog\/#organization"}},{"@type":"WebPage","@id":"https:\/\/www.estrategiaconcursos.com.br\/blog\/residencia-hac\/","url":"https:\/\/www.estrategiaconcursos.com.br\/blog\/residencia-hac\/","name":"Resid\u00eancia HAC: inscri\u00e7\u00f5es encerradas; 10 vagas!","isPartOf":{"@id":"https:\/\/www.estrategiaconcursos.com.br\/blog\/#website"},"primaryImageOfPage":{"@id":"https:\/\/www.estrategiaconcursos.com.br\/blog\/residencia-hac\/#primaryimage"},"image":{"@id":"https:\/\/www.estrategiaconcursos.com.br\/blog\/residencia-hac\/#primaryimage"},"thumbnailUrl":"https:\/\/dhg1h5j42swfq.cloudfront.net\/2022\/10\/25145957\/residencia-hac.jpg","datePublished":"2022-12-02T10:21:00+00:00","dateModified":"2022-12-02T15:21:11+00:00","description":"Resid\u00eancia HAC: edital \u00e9 publicado com 10 vagas para programa de Aten\u00e7\u00e3o em Oncologia. Inscri\u00e7\u00f5es encerradas!","breadcrumb":{"@id":"https:\/\/www.estrategiaconcursos.com.br\/blog\/residencia-hac\/#breadcrumb"},"inLanguage":"pt-BR","potentialAction":[{"@type":"ReadAction","target":["https:\/\/www.estrategiaconcursos.com.br\/blog\/residencia-hac\/"]}]},{"@type":"ImageObject","inLanguage":"pt-BR","@id":"https:\/\/www.estrategiaconcursos.com.br\/blog\/residencia-hac\/#primaryimage","url":"https:\/\/dhg1h5j42swfq.cloudfront.net\/2022\/10\/25145957\/residencia-hac.jpg","contentUrl":"https:\/\/dhg1h5j42swfq.cloudfront.net\/2022\/10\/25145957\/residencia-hac.jpg","width":768,"height":432,"caption":"resid\u00eancia hac"},{"@type":"BreadcrumbList","@id":"https:\/\/www.estrategiaconcursos.com.br\/blog\/residencia-hac\/#breadcrumb","itemListElement":[{"@type":"ListItem","position":1,"name":"In\u00edcio","item":"https:\/\/www.estrategiaconcursos.com.br\/blog\/"},{"@type":"ListItem","position":2,"name":"Resid\u00eancia HAC: inscri\u00e7\u00f5es encerradas; 10 vagas!"}]},{"@type":"WebSite","@id":"https:\/\/www.estrategiaconcursos.com.br\/blog\/#website","url":"https:\/\/www.estrategiaconcursos.com.br\/blog\/","name":"Estrat\u00e9gia Concursos","description":"O blog da Estrat\u00e9gia Concursos traz not\u00edcias sobre concursos e artigos de professores oferecendo cursos para concursos (pdf + videaulas) no site.","publisher":{"@id":"https:\/\/www.estrategiaconcursos.com.br\/blog\/#organization"},"potentialAction":[{"@type":"SearchAction","target":{"@type":"EntryPoint","urlTemplate":"https:\/\/www.estrategiaconcursos.com.br\/blog\/?s={search_term_string}"},"query-input":{"@type":"PropertyValueSpecification","valueRequired":true,"valueName":"search_term_string"}}],"inLanguage":"pt-BR"},{"@type":"Organization","@id":"https:\/\/www.estrategiaconcursos.com.br\/blog\/#organization","name":"Estrat\u00e9gia Concursos","url":"https:\/\/www.estrategiaconcursos.com.br\/blog\/","logo":{"@type":"ImageObject","inLanguage":"pt-BR","@id":"https:\/\/www.estrategiaconcursos.com.br\/blog\/#\/schema\/logo\/image\/","url":"https:\/\/dhg1h5j42swfq.cloudfront.net\/2025\/06\/03203428\/logo_concursos-1.jpg","contentUrl":"https:\/\/dhg1h5j42swfq.cloudfront.net\/2025\/06\/03203428\/logo_concursos-1.jpg","width":230,"height":60,"caption":"Estrat\u00e9gia Concursos"},"image":{"@id":"https:\/\/www.estrategiaconcursos.com.br\/blog\/#\/schema\/logo\/image\/"},"sameAs":["https:\/\/x.com\/EstratConcursos"]},{"@type":"Person","@id":"https:\/\/www.estrategiaconcursos.com.br\/blog\/#\/schema\/person\/6630f91134abc08115cca62ce6372855","name":"Bruna de Andrade Fran\u00e7a","image":{"@type":"ImageObject","inLanguage":"pt-BR","@id":"https:\/\/secure.gravatar.com\/avatar\/d6316d36d50cea0fadae28ed3015b8870cc90a2d3d8a95c37b44006af36a00e3?s=96&d=mm&r=g","url":"https:\/\/secure.gravatar.com\/avatar\/d6316d36d50cea0fadae28ed3015b8870cc90a2d3d8a95c37b44006af36a00e3?s=96&d=mm&r=g","contentUrl":"https:\/\/secure.gravatar.com\/avatar\/d6316d36d50cea0fadae28ed3015b8870cc90a2d3d8a95c37b44006af36a00e3?s=96&d=mm&r=g","caption":"Bruna de Andrade Fran\u00e7a"},"description":"Bruna de Andrade Fran\u00e7a \u00e9 publicit\u00e1ria com p\u00f3s-gradua\u00e7\u00e3o em Marketing &amp; Growth, atuando h\u00e1 mais de 6 anos no universo dos concursos p\u00fablicos. Desde 2021, lidera no Blog do Estrat\u00e9gia Concursos a cobertura editorial especializada em Concursos Policiais (PF, PRF, PM, PC, etc.), al\u00e9m das frentes de concursos banc\u00e1rios, de sa\u00fade e da \u00e1rea legislativa. Especialista em reda\u00e7\u00e3o, com pr\u00e1ticas de SEO e Copywriting, possui tamb\u00e9m atua\u00e7\u00e3o pr\u00e1tica de contato direto com \u00f3rg\u00e3os p\u00fablicos respons\u00e1veis por editais, permitindo acesso antecipado a informa\u00e7\u00f5es, desdobramentos importantes e atualiza\u00e7\u00e3o eficiente dos concursos p\u00fablicos.","url":"https:\/\/www.estrategiaconcursos.com.br\/blog\/author\/bruna-andrade\/"}]}},"_links":{"self":[{"href":"https:\/\/www.estrategiaconcursos.com.br\/blog\/wp-json\/wp\/v2\/posts\/1115247","targetHints":{"allow":["GET"]}}],"collection":[{"href":"https:\/\/www.estrategiaconcursos.com.br\/blog\/wp-json\/wp\/v2\/posts"}],"about":[{"href":"https:\/\/www.estrategiaconcursos.com.br\/blog\/wp-json\/wp\/v2\/types\/post"}],"author":[{"embeddable":true,"href":"https:\/\/www.estrategiaconcursos.com.br\/blog\/wp-json\/wp\/v2\/users\/1206"}],"replies":[{"embeddable":true,"href":"https:\/\/www.estrategiaconcursos.com.br\/blog\/wp-json\/wp\/v2\/comments?post=1115247"}],"version-history":[{"count":11,"href":"https:\/\/www.estrategiaconcursos.com.br\/blog\/wp-json\/wp\/v2\/posts\/1115247\/revisions"}],"predecessor-version":[{"id":1133460,"href":"https:\/\/www.estrategiaconcursos.com.br\/blog\/wp-json\/wp\/v2\/posts\/1115247\/revisions\/1133460"}],"wp:featuredmedia":[{"embeddable":true,"href":"https:\/\/www.estrategiaconcursos.com.br\/blog\/wp-json\/wp\/v2\/media\/1115406"}],"wp:attachment":[{"href":"https:\/\/www.estrategiaconcursos.com.br\/blog\/wp-json\/wp\/v2\/media?parent=1115247"}],"wp:term":[{"taxonomy":"category","embeddable":true,"href":"https:\/\/www.estrategiaconcursos.com.br\/blog\/wp-json\/wp\/v2\/categories?post=1115247"},{"taxonomy":"post_tag","embeddable":true,"href":"https:\/\/www.estrategiaconcursos.com.br\/blog\/wp-json\/wp\/v2\/tags?post=1115247"},{"taxonomy":"tax_estado","embeddable":true,"href":"https:\/\/www.estrategiaconcursos.com.br\/blog\/wp-json\/wp\/v2\/tax_estado?post=1115247"}],"curies":[{"name":"wp","href":"https:\/\/api.w.org\/{rel}","templated":true}]}}