{"id":1115043,"date":"2022-10-24T23:57:02","date_gmt":"2022-10-25T02:57:02","guid":{"rendered":"https:\/\/www.estrategiaconcursos.com.br\/blog\/?p=1115043"},"modified":"2022-10-24T23:57:03","modified_gmt":"2022-10-25T02:57:03","slug":"trilha-estrategica-para-o-mp-mg","status":"publish","type":"post","link":"https:\/\/www.estrategiaconcursos.com.br\/blog\/trilha-estrategica-para-o-mp-mg\/","title":{"rendered":"Trilha Estrat\u00e9gica para o MP-MG"},"content":{"rendered":"\n<figure class=\"wp-block-image aligncenter size-full is-resized\"><img loading=\"lazy\" decoding=\"async\" src=\"https:\/\/dhg1h5j42swfq.cloudfront.net\/2022\/10\/24233528\/foto-mp-mg-2.jpg\" alt=\"\" class=\"wp-image-1115044\" width=\"552\" height=\"368\" srcset=\"https:\/\/dhg1h5j42swfq.cloudfront.net\/2022\/10\/24233528\/foto-mp-mg-2.jpg 275w, https:\/\/dhg1h5j42swfq.cloudfront.net\/2022\/10\/24233528\/foto-mp-mg-2-150x100.jpg 150w\" sizes=\"auto, (max-width: 552px) 100vw, 552px\" \/><figcaption>Minist\u00e9rio P\u00fablico de Minas Gerais<\/figcaption><\/figure>\n\n\n\n<p>Para voc\u00ea que deseja se tornar servidor do Minist\u00e9rio P\u00fablico de Minas Gerais (MP-MG ), temos uma excelente not\u00edcia!<\/p>\n\n\n\n<p>No dia 26\/10\/2022 (quarta-feira), lan\u00e7aremos uma Trilha Estrat\u00e9gica aguardada por muitos dos nossos alunos: a\u00a0<strong>Trilha Estrat\u00e9gica P\u00f3s-Edital para o MP-MG<\/strong>, cargo de <strong>Oficial do Minist\u00e9rio P\u00fablico<\/strong>.<\/p>\n\n\n\n<p>Conduziremos os alunos com o objetivo de percorrer todo o conte\u00fado do edital com muitas tarefas de teoria, quest\u00f5es e revis\u00f5es.<\/p>\n\n\n\n<p>Para ter acesso \u00e0s Trilhas, basta se tornar assinante Premium e seguir com elas pela sua \u00e1rea do aluno.<\/p>\n\n\n\n<p><a href=\"https:\/\/www.estrategiaconcursos.com.br\/assinaturas\" target=\"_blank\" rel=\"noreferrer noopener\"><strong>Assinatura Ilimitada<\/strong><\/a><\/p>\n\n\n\n<p>Vale lembrar que o concurso do MP-MG teve o edital publicado em 19\/10\/2022. O per\u00edodo \u201cp\u00f3s-edital\u201d \u00e9 razo\u00e1vel, o que lhe permitir\u00e1 uma prepara\u00e7\u00e3o completa. Por isso, comece j\u00e1!<\/p>\n\n\n<figure class=\"wp-block-embed-youtube wp-block-embed is-type-video is-provider-youtube wp-embed-aspect-16-9 wp-has-aspect-ratio\"><div class=\"lyte-wrapper\" style=\"width:853px;max-width:100%;margin:5px;\"><div class=\"lyMe\" id=\"WYL_5DJvyODnZ18\"><div id=\"lyte_5DJvyODnZ18\" data-src=\"\/\/i.ytimg.com\/vi\/5DJvyODnZ18\/hqdefault.jpg\" class=\"pL\"><div class=\"tC\"><div class=\"tT\"><\/div><\/div><div class=\"play\"><\/div><div class=\"ctrl\"><div class=\"Lctrl\"><\/div><div class=\"Rctrl\"><\/div><\/div><\/div><noscript><a href=\"https:\/\/youtu.be\/5DJvyODnZ18\" rel=\"nofollow\"><img loading=\"lazy\" decoding=\"async\" src=\"https:\/\/i.ytimg.com\/vi\/5DJvyODnZ18\/0.jpg\" alt=\"YouTube video thumbnail\" width=\"853\" height=\"460\" \/><br \/>Assista a este v\u00eddeo no YouTube<\/a><\/noscript><\/div><\/div><div class=\"lL\" style=\"max-width:100%;width:853px;margin:5px;\"><\/div><figcaption><\/figcaption><\/figure>\n\n\n<p><strong>Sobre as Trilhas Estrat\u00e9gicas<\/strong><\/p>\n\n\n\n<p>O objetivo principal das Trilhas Estrat\u00e9gicas, na qual se inclui a nossa do <strong>MP-MG<\/strong>, \u00e9 tornar o estudo o mais eficiente poss\u00edvel, almejando otimizar ao m\u00e1ximo a prepara\u00e7\u00e3o nesse per\u00edodo p\u00f3s-edital.<\/p>\n\n\n\n<p>Elas s\u00e3o carinhosamente consideradas o \u201cGPS\u201d do Concurseiro!<\/p>\n\n\n\n<p>As Trilhas t\u00eam o objetivo de utilizar da melhor maneira o tempo dispon\u00edvel do aluno para que esteja ainda mais preparado para as provas.<\/p>\n\n\n\n<p>Para isso, elas s\u00e3o compostas de tarefas di\u00e1rias elaboradas por profissionais (nossos&nbsp;<em>Coaches<\/em>) que j\u00e1 obtiveram \u00eaxito nos mais variados concursos do pa\u00eds.<\/p>\n\n\n\n<p>Al\u00e9m disso, haver\u00e1 um Canal do\u00a0<strong><em>Telegram<\/em><\/strong>\u00a0espec\u00edfico para a Trilha do MP-MG\u00a0em que haver\u00e1 tanto o contato dos Organizadores com os alunos assinantes, como o envio de informa\u00e7\u00f5es importantes, dicas e conte\u00fados motivacionais. E os alunos poder\u00e3o enviar suas d\u00favidas tamb\u00e9m.<\/p>\n\n\n\n<figure class=\"wp-block-image size-full\"><img loading=\"lazy\" decoding=\"async\" width=\"886\" height=\"348\" src=\"https:\/\/dhg1h5j42swfq.cloudfront.net\/2022\/07\/16175717\/trilhas-estrategicas-como-funcionam.jpg\" alt=\"\" class=\"wp-image-1062395\" srcset=\"https:\/\/dhg1h5j42swfq.cloudfront.net\/2022\/07\/16175717\/trilhas-estrategicas-como-funcionam.jpg 886w, https:\/\/dhg1h5j42swfq.cloudfront.net\/2022\/07\/16175717\/trilhas-estrategicas-como-funcionam-300x118.jpg 300w, https:\/\/dhg1h5j42swfq.cloudfront.net\/2022\/07\/16175717\/trilhas-estrategicas-como-funcionam-768x302.jpg 768w, https:\/\/dhg1h5j42swfq.cloudfront.net\/2022\/07\/16175717\/trilhas-estrategicas-como-funcionam-610x240.jpg 610w, https:\/\/dhg1h5j42swfq.cloudfront.net\/2022\/07\/16175717\/trilhas-estrategicas-como-funcionam-150x59.jpg 150w\" sizes=\"auto, (max-width: 886px) 100vw, 886px\" \/><\/figure>\n\n\n\n<p><strong>Como funcionam as Trilhas?<\/strong><\/p>\n\n\n\n<p>As&nbsp;<em>Trilhas<\/em>&nbsp;funcionar\u00e3o da seguinte forma:<\/p>\n\n\n\n<ul class=\"wp-block-list\"><li>Indica\u00e7\u00e3o de estudo por&nbsp;<em>Ciclos de Estudo;<\/em><\/li><li><em>Sugest\u00e3o das disciplinas<\/em>&nbsp;a serem estudadas em cada ciclo e momento da prepara\u00e7\u00e3o;<\/li><li>Apontamento da&nbsp;<em>sequ\u00eancia de estudo<\/em>&nbsp;em cada disciplina;<\/li><li>F<em>oco no custo x benef\u00edcio<\/em>&nbsp;considerando o conte\u00fado e o tempo de prepara\u00e7\u00e3o;<\/li><li>Apontamento de estudo de teoria, exerc\u00edcios, revis\u00e3o, legisla\u00e7\u00e3o e simulados.<\/li><\/ul>\n\n\n\n<p>Quer mais informa\u00e7\u00f5es sobre as Trilhas Estrat\u00e9gicas? Clique no link abaixo:<\/p>\n\n\n\n<p><a href=\"https:\/\/www.estrategiaconcursos.com.br\/blog\/trilhas-estrategicas-informacoes-e-trilhas-liberadas-hoje\/#\">Trilhas Estrat\u00e9gicas<\/a><\/p>\n\n\n\n<p>Vamos juntos encarar esse desafio rumo \u00e0 aprova\u00e7\u00e3o?<\/p>\n\n\n\n<p><strong><em>Ana Caroline Lima <\/em><\/strong>\u2013\u00a0<em> Coach do Estrat\u00e9gia Concursos<\/em><br \/>Organizadora da Trilha do MP-MG<\/p>\n","protected":false},"excerpt":{"rendered":"<p>Para voc\u00ea que deseja se tornar servidor do Minist\u00e9rio P\u00fablico de Minas Gerais (MP-MG ), temos uma excelente not\u00edcia! No dia 26\/10\/2022 (quarta-feira), lan\u00e7aremos uma Trilha Estrat\u00e9gica aguardada por muitos dos nossos alunos: a\u00a0Trilha Estrat\u00e9gica P\u00f3s-Edital para o MP-MG, cargo de Oficial do Minist\u00e9rio P\u00fablico. Conduziremos os alunos com o objetivo de percorrer todo o [&hellip;]<\/p>\n","protected":false},"author":1384,"featured_media":0,"comment_status":"open","ping_status":"closed","sticky":false,"template":"","format":"standard","meta":{"post_tipo":"article","footnotes":""},"categories":[1],"tags":[],"tax_estado":[219974],"class_list":["post-1115043","post","type-post","status-publish","format-standard","hentry","category-cursos-e-concursos","tax_estado-mg"],"acf":[],"yoast_head":"<!-- This site is optimized with the Yoast SEO Premium plugin v27.2 (Yoast SEO v27.2) - https:\/\/yoast.com\/product\/yoast-seo-premium-wordpress\/ -->\n<title>Trilha Estrat\u00e9gica para o MP-MG<\/title>\n<meta name=\"description\" content=\"Lan\u00e7amento da Trilha Estrat\u00e9gica para o concurso do Minist\u00e9rio P\u00fablico de Minas Gerais (MP-MG), cargo de Oficial do Minist\u00e9rio P\u00fablico.\" \/>\n<meta name=\"robots\" content=\"index, follow, max-snippet:-1, max-image-preview:large, max-video-preview:-1\" \/>\n<link rel=\"canonical\" href=\"https:\/\/www.estrategiaconcursos.com.br\/blog\/trilha-estrategica-para-o-mp-mg\/\" \/>\n<meta property=\"og:locale\" content=\"pt_BR\" \/>\n<meta property=\"og:type\" content=\"article\" \/>\n<meta property=\"og:title\" content=\"Trilha Estrat\u00e9gica para o MP-MG\" \/>\n<meta property=\"og:description\" content=\"Lan\u00e7amento da Trilha Estrat\u00e9gica para o concurso do Minist\u00e9rio P\u00fablico de Minas Gerais (MP-MG), cargo de Oficial do Minist\u00e9rio P\u00fablico.\" \/>\n<meta property=\"og:url\" content=\"https:\/\/www.estrategiaconcursos.com.br\/blog\/trilha-estrategica-para-o-mp-mg\/\" \/>\n<meta property=\"og:site_name\" content=\"Estrat\u00e9gia Concursos\" \/>\n<meta property=\"article:published_time\" content=\"2022-10-25T02:57:02+00:00\" \/>\n<meta property=\"article:modified_time\" content=\"2022-10-25T02:57:03+00:00\" \/>\n<meta property=\"og:image\" content=\"https:\/\/www.estrategiaconcursos.com.br\/blog\/wp-content\/uploads\/2022\/10\/foto-mp-mg-2.jpg\" \/>\n<meta name=\"author\" content=\"Ana Caroline Fonseca de Lima\" \/>\n<meta name=\"twitter:card\" content=\"summary_large_image\" \/>\n<meta name=\"twitter:creator\" content=\"@EstratConcursos\" \/>\n<meta name=\"twitter:site\" content=\"@EstratConcursos\" \/>\n<meta name=\"twitter:label1\" content=\"Escrito por\" \/>\n\t<meta name=\"twitter:data1\" content=\"Ana Caroline Fonseca de Lima\" \/>\n\t<meta name=\"twitter:label2\" content=\"Est. tempo de leitura\" \/>\n\t<meta name=\"twitter:data2\" content=\"2 minutos\" \/>\n<script type=\"application\/ld+json\" class=\"yoast-schema-graph\">{\"@context\":\"https:\/\/schema.org\",\"@graph\":[{\"@type\":\"NewsArticle\",\"@id\":\"https:\/\/www.estrategiaconcursos.com.br\/blog\/trilha-estrategica-para-o-mp-mg\/#article\",\"isPartOf\":{\"@id\":\"https:\/\/www.estrategiaconcursos.com.br\/blog\/trilha-estrategica-para-o-mp-mg\/\"},\"author\":{\"name\":\"Ana Caroline Fonseca de Lima\",\"@id\":\"https:\/\/www.estrategiaconcursos.com.br\/blog\/#\/schema\/person\/383e5cab9cfdc3da0df6011df1298527\"},\"headline\":\"Trilha Estrat\u00e9gica para o MP-MG\",\"datePublished\":\"2022-10-25T02:57:02+00:00\",\"dateModified\":\"2022-10-25T02:57:03+00:00\",\"mainEntityOfPage\":{\"@id\":\"https:\/\/www.estrategiaconcursos.com.br\/blog\/trilha-estrategica-para-o-mp-mg\/\"},\"wordCount\":418,\"commentCount\":0,\"publisher\":{\"@id\":\"https:\/\/www.estrategiaconcursos.com.br\/blog\/#organization\"},\"image\":{\"@id\":\"https:\/\/www.estrategiaconcursos.com.br\/blog\/trilha-estrategica-para-o-mp-mg\/#primaryimage\"},\"thumbnailUrl\":\"https:\/\/www.estrategiaconcursos.com.br\/blog\/wp-content\/uploads\/2022\/10\/foto-mp-mg-2.jpg\",\"articleSection\":[\"Concursos P\u00fablicos\"],\"inLanguage\":\"pt-BR\",\"potentialAction\":[{\"@type\":\"CommentAction\",\"name\":\"Comment\",\"target\":[\"https:\/\/www.estrategiaconcursos.com.br\/blog\/trilha-estrategica-para-o-mp-mg\/#respond\"]}],\"copyrightYear\":\"2022\",\"copyrightHolder\":{\"@id\":\"https:\/\/www.estrategiaconcursos.com.br\/blog\/#organization\"}},{\"@type\":\"WebPage\",\"@id\":\"https:\/\/www.estrategiaconcursos.com.br\/blog\/trilha-estrategica-para-o-mp-mg\/\",\"url\":\"https:\/\/www.estrategiaconcursos.com.br\/blog\/trilha-estrategica-para-o-mp-mg\/\",\"name\":\"Trilha Estrat\u00e9gica para o MP-MG\",\"isPartOf\":{\"@id\":\"https:\/\/www.estrategiaconcursos.com.br\/blog\/#website\"},\"primaryImageOfPage\":{\"@id\":\"https:\/\/www.estrategiaconcursos.com.br\/blog\/trilha-estrategica-para-o-mp-mg\/#primaryimage\"},\"image\":{\"@id\":\"https:\/\/www.estrategiaconcursos.com.br\/blog\/trilha-estrategica-para-o-mp-mg\/#primaryimage\"},\"thumbnailUrl\":\"https:\/\/www.estrategiaconcursos.com.br\/blog\/wp-content\/uploads\/2022\/10\/foto-mp-mg-2.jpg\",\"datePublished\":\"2022-10-25T02:57:02+00:00\",\"dateModified\":\"2022-10-25T02:57:03+00:00\",\"description\":\"Lan\u00e7amento da Trilha Estrat\u00e9gica para o concurso do Minist\u00e9rio P\u00fablico de Minas Gerais (MP-MG), cargo de Oficial do Minist\u00e9rio P\u00fablico.\",\"breadcrumb\":{\"@id\":\"https:\/\/www.estrategiaconcursos.com.br\/blog\/trilha-estrategica-para-o-mp-mg\/#breadcrumb\"},\"inLanguage\":\"pt-BR\",\"potentialAction\":[{\"@type\":\"ReadAction\",\"target\":[\"https:\/\/www.estrategiaconcursos.com.br\/blog\/trilha-estrategica-para-o-mp-mg\/\"]}]},{\"@type\":\"ImageObject\",\"inLanguage\":\"pt-BR\",\"@id\":\"https:\/\/www.estrategiaconcursos.com.br\/blog\/trilha-estrategica-para-o-mp-mg\/#primaryimage\",\"url\":\"https:\/\/dhg1h5j42swfq.cloudfront.net\/2022\/10\/24233528\/foto-mp-mg-2.jpg\",\"contentUrl\":\"https:\/\/dhg1h5j42swfq.cloudfront.net\/2022\/10\/24233528\/foto-mp-mg-2.jpg\",\"width\":275,\"height\":183},{\"@type\":\"BreadcrumbList\",\"@id\":\"https:\/\/www.estrategiaconcursos.com.br\/blog\/trilha-estrategica-para-o-mp-mg\/#breadcrumb\",\"itemListElement\":[{\"@type\":\"ListItem\",\"position\":1,\"name\":\"In\u00edcio\",\"item\":\"https:\/\/www.estrategiaconcursos.com.br\/blog\/\"},{\"@type\":\"ListItem\",\"position\":2,\"name\":\"Trilha Estrat\u00e9gica para o MP-MG\"}]},{\"@type\":\"WebSite\",\"@id\":\"https:\/\/www.estrategiaconcursos.com.br\/blog\/#website\",\"url\":\"https:\/\/www.estrategiaconcursos.com.br\/blog\/\",\"name\":\"Estrat\u00e9gia Concursos\",\"description\":\"O blog da Estrat\u00e9gia Concursos traz not\u00edcias sobre concursos e artigos de professores oferecendo cursos para concursos (pdf + videaulas) no site.\",\"publisher\":{\"@id\":\"https:\/\/www.estrategiaconcursos.com.br\/blog\/#organization\"},\"potentialAction\":[{\"@type\":\"SearchAction\",\"target\":{\"@type\":\"EntryPoint\",\"urlTemplate\":\"https:\/\/www.estrategiaconcursos.com.br\/blog\/?s={search_term_string}\"},\"query-input\":{\"@type\":\"PropertyValueSpecification\",\"valueRequired\":true,\"valueName\":\"search_term_string\"}}],\"inLanguage\":\"pt-BR\"},{\"@type\":\"Organization\",\"@id\":\"https:\/\/www.estrategiaconcursos.com.br\/blog\/#organization\",\"name\":\"Estrat\u00e9gia Concursos\",\"url\":\"https:\/\/www.estrategiaconcursos.com.br\/blog\/\",\"logo\":{\"@type\":\"ImageObject\",\"inLanguage\":\"pt-BR\",\"@id\":\"https:\/\/www.estrategiaconcursos.com.br\/blog\/#\/schema\/logo\/image\/\",\"url\":\"https:\/\/dhg1h5j42swfq.cloudfront.net\/2025\/06\/03203428\/logo_concursos-1.jpg\",\"contentUrl\":\"https:\/\/dhg1h5j42swfq.cloudfront.net\/2025\/06\/03203428\/logo_concursos-1.jpg\",\"width\":230,\"height\":60,\"caption\":\"Estrat\u00e9gia Concursos\"},\"image\":{\"@id\":\"https:\/\/www.estrategiaconcursos.com.br\/blog\/#\/schema\/logo\/image\/\"},\"sameAs\":[\"https:\/\/x.com\/EstratConcursos\"]},{\"@type\":\"Person\",\"@id\":\"https:\/\/www.estrategiaconcursos.com.br\/blog\/#\/schema\/person\/383e5cab9cfdc3da0df6011df1298527\",\"name\":\"Ana Caroline Fonseca de Lima\",\"image\":{\"@type\":\"ImageObject\",\"inLanguage\":\"pt-BR\",\"@id\":\"https:\/\/secure.gravatar.com\/avatar\/692f024bcfac8d55be7ef1c552ddcfb3330c1cfe48f430e7e8d7de62c3191f66?s=96&d=mm&r=g\",\"url\":\"https:\/\/secure.gravatar.com\/avatar\/692f024bcfac8d55be7ef1c552ddcfb3330c1cfe48f430e7e8d7de62c3191f66?s=96&d=mm&r=g\",\"contentUrl\":\"https:\/\/secure.gravatar.com\/avatar\/692f024bcfac8d55be7ef1c552ddcfb3330c1cfe48f430e7e8d7de62c3191f66?s=96&d=mm&r=g\",\"caption\":\"Ana Caroline Fonseca de Lima\"},\"description\":\"Auditora Fiscal do Trabalho (AFT). Oficial da Reserva da For\u00e7a A\u00e9rea Brasileira, formada na Academia da For\u00e7a A\u00e9rea (Capit\u00e3o Intendente da Reserva N\u00e3o Remunerada), permanecendo na ativa por 12 anos - Bacharel em Administra\u00e7\u00e3o (2005) - Bacharel em Direito (2011) - Especializada em Gest\u00e3o da Administra\u00e7\u00e3o P\u00fablica pela Universidade Castelo Branco (2009) - P\u00f3s-graduada em Direito e Processo do Trabalho pela Universidade Anhanguera -UNIDERP (2013) Aprova\u00e7\u00f5es em concursos p\u00fablicos: - Col\u00e9gio Militar do Rio de Janeiro - CMRJ (1999) - Academia da For\u00e7a A\u00e9rea - AFA (2002) - Auditor Fiscal do Trabalho - AFT (2013) https:\/\/www.instagram.com\/anacaroline.flima\/\",\"sameAs\":[\"https:\/\/www.instagram.com\/anacaroline.flima\/\"],\"url\":\"https:\/\/www.estrategiaconcursos.com.br\/blog\/author\/anacaroline-fonsecayahoo-com-br\/\"}]}<\/script>\n<!-- \/ Yoast SEO Premium plugin. -->","yoast_head_json":{"title":"Trilha Estrat\u00e9gica para o MP-MG","description":"Lan\u00e7amento da Trilha Estrat\u00e9gica para o concurso do Minist\u00e9rio P\u00fablico de Minas Gerais (MP-MG), cargo de Oficial do Minist\u00e9rio P\u00fablico.","robots":{"index":"index","follow":"follow","max-snippet":"max-snippet:-1","max-image-preview":"max-image-preview:large","max-video-preview":"max-video-preview:-1"},"canonical":"https:\/\/www.estrategiaconcursos.com.br\/blog\/trilha-estrategica-para-o-mp-mg\/","og_locale":"pt_BR","og_type":"article","og_title":"Trilha Estrat\u00e9gica para o MP-MG","og_description":"Lan\u00e7amento da Trilha Estrat\u00e9gica para o concurso do Minist\u00e9rio P\u00fablico de Minas Gerais (MP-MG), cargo de Oficial do Minist\u00e9rio P\u00fablico.","og_url":"https:\/\/www.estrategiaconcursos.com.br\/blog\/trilha-estrategica-para-o-mp-mg\/","og_site_name":"Estrat\u00e9gia Concursos","article_published_time":"2022-10-25T02:57:02+00:00","article_modified_time":"2022-10-25T02:57:03+00:00","og_image":[{"url":"https:\/\/www.estrategiaconcursos.com.br\/blog\/wp-content\/uploads\/2022\/10\/foto-mp-mg-2.jpg","type":"","width":"","height":""}],"author":"Ana Caroline Fonseca de Lima","twitter_card":"summary_large_image","twitter_creator":"@EstratConcursos","twitter_site":"@EstratConcursos","twitter_misc":{"Escrito por":"Ana Caroline Fonseca de Lima","Est. tempo de leitura":"2 minutos"},"schema":{"@context":"https:\/\/schema.org","@graph":[{"@type":"NewsArticle","@id":"https:\/\/www.estrategiaconcursos.com.br\/blog\/trilha-estrategica-para-o-mp-mg\/#article","isPartOf":{"@id":"https:\/\/www.estrategiaconcursos.com.br\/blog\/trilha-estrategica-para-o-mp-mg\/"},"author":{"name":"Ana Caroline Fonseca de Lima","@id":"https:\/\/www.estrategiaconcursos.com.br\/blog\/#\/schema\/person\/383e5cab9cfdc3da0df6011df1298527"},"headline":"Trilha Estrat\u00e9gica para o MP-MG","datePublished":"2022-10-25T02:57:02+00:00","dateModified":"2022-10-25T02:57:03+00:00","mainEntityOfPage":{"@id":"https:\/\/www.estrategiaconcursos.com.br\/blog\/trilha-estrategica-para-o-mp-mg\/"},"wordCount":418,"commentCount":0,"publisher":{"@id":"https:\/\/www.estrategiaconcursos.com.br\/blog\/#organization"},"image":{"@id":"https:\/\/www.estrategiaconcursos.com.br\/blog\/trilha-estrategica-para-o-mp-mg\/#primaryimage"},"thumbnailUrl":"https:\/\/www.estrategiaconcursos.com.br\/blog\/wp-content\/uploads\/2022\/10\/foto-mp-mg-2.jpg","articleSection":["Concursos P\u00fablicos"],"inLanguage":"pt-BR","potentialAction":[{"@type":"CommentAction","name":"Comment","target":["https:\/\/www.estrategiaconcursos.com.br\/blog\/trilha-estrategica-para-o-mp-mg\/#respond"]}],"copyrightYear":"2022","copyrightHolder":{"@id":"https:\/\/www.estrategiaconcursos.com.br\/blog\/#organization"}},{"@type":"WebPage","@id":"https:\/\/www.estrategiaconcursos.com.br\/blog\/trilha-estrategica-para-o-mp-mg\/","url":"https:\/\/www.estrategiaconcursos.com.br\/blog\/trilha-estrategica-para-o-mp-mg\/","name":"Trilha Estrat\u00e9gica para o MP-MG","isPartOf":{"@id":"https:\/\/www.estrategiaconcursos.com.br\/blog\/#website"},"primaryImageOfPage":{"@id":"https:\/\/www.estrategiaconcursos.com.br\/blog\/trilha-estrategica-para-o-mp-mg\/#primaryimage"},"image":{"@id":"https:\/\/www.estrategiaconcursos.com.br\/blog\/trilha-estrategica-para-o-mp-mg\/#primaryimage"},"thumbnailUrl":"https:\/\/www.estrategiaconcursos.com.br\/blog\/wp-content\/uploads\/2022\/10\/foto-mp-mg-2.jpg","datePublished":"2022-10-25T02:57:02+00:00","dateModified":"2022-10-25T02:57:03+00:00","description":"Lan\u00e7amento da Trilha Estrat\u00e9gica para o concurso do Minist\u00e9rio P\u00fablico de Minas Gerais (MP-MG), cargo de Oficial do Minist\u00e9rio P\u00fablico.","breadcrumb":{"@id":"https:\/\/www.estrategiaconcursos.com.br\/blog\/trilha-estrategica-para-o-mp-mg\/#breadcrumb"},"inLanguage":"pt-BR","potentialAction":[{"@type":"ReadAction","target":["https:\/\/www.estrategiaconcursos.com.br\/blog\/trilha-estrategica-para-o-mp-mg\/"]}]},{"@type":"ImageObject","inLanguage":"pt-BR","@id":"https:\/\/www.estrategiaconcursos.com.br\/blog\/trilha-estrategica-para-o-mp-mg\/#primaryimage","url":"https:\/\/dhg1h5j42swfq.cloudfront.net\/2022\/10\/24233528\/foto-mp-mg-2.jpg","contentUrl":"https:\/\/dhg1h5j42swfq.cloudfront.net\/2022\/10\/24233528\/foto-mp-mg-2.jpg","width":275,"height":183},{"@type":"BreadcrumbList","@id":"https:\/\/www.estrategiaconcursos.com.br\/blog\/trilha-estrategica-para-o-mp-mg\/#breadcrumb","itemListElement":[{"@type":"ListItem","position":1,"name":"In\u00edcio","item":"https:\/\/www.estrategiaconcursos.com.br\/blog\/"},{"@type":"ListItem","position":2,"name":"Trilha Estrat\u00e9gica para o MP-MG"}]},{"@type":"WebSite","@id":"https:\/\/www.estrategiaconcursos.com.br\/blog\/#website","url":"https:\/\/www.estrategiaconcursos.com.br\/blog\/","name":"Estrat\u00e9gia Concursos","description":"O blog da Estrat\u00e9gia Concursos traz not\u00edcias sobre concursos e artigos de professores oferecendo cursos para concursos (pdf + videaulas) no site.","publisher":{"@id":"https:\/\/www.estrategiaconcursos.com.br\/blog\/#organization"},"potentialAction":[{"@type":"SearchAction","target":{"@type":"EntryPoint","urlTemplate":"https:\/\/www.estrategiaconcursos.com.br\/blog\/?s={search_term_string}"},"query-input":{"@type":"PropertyValueSpecification","valueRequired":true,"valueName":"search_term_string"}}],"inLanguage":"pt-BR"},{"@type":"Organization","@id":"https:\/\/www.estrategiaconcursos.com.br\/blog\/#organization","name":"Estrat\u00e9gia Concursos","url":"https:\/\/www.estrategiaconcursos.com.br\/blog\/","logo":{"@type":"ImageObject","inLanguage":"pt-BR","@id":"https:\/\/www.estrategiaconcursos.com.br\/blog\/#\/schema\/logo\/image\/","url":"https:\/\/dhg1h5j42swfq.cloudfront.net\/2025\/06\/03203428\/logo_concursos-1.jpg","contentUrl":"https:\/\/dhg1h5j42swfq.cloudfront.net\/2025\/06\/03203428\/logo_concursos-1.jpg","width":230,"height":60,"caption":"Estrat\u00e9gia Concursos"},"image":{"@id":"https:\/\/www.estrategiaconcursos.com.br\/blog\/#\/schema\/logo\/image\/"},"sameAs":["https:\/\/x.com\/EstratConcursos"]},{"@type":"Person","@id":"https:\/\/www.estrategiaconcursos.com.br\/blog\/#\/schema\/person\/383e5cab9cfdc3da0df6011df1298527","name":"Ana Caroline Fonseca de Lima","image":{"@type":"ImageObject","inLanguage":"pt-BR","@id":"https:\/\/secure.gravatar.com\/avatar\/692f024bcfac8d55be7ef1c552ddcfb3330c1cfe48f430e7e8d7de62c3191f66?s=96&d=mm&r=g","url":"https:\/\/secure.gravatar.com\/avatar\/692f024bcfac8d55be7ef1c552ddcfb3330c1cfe48f430e7e8d7de62c3191f66?s=96&d=mm&r=g","contentUrl":"https:\/\/secure.gravatar.com\/avatar\/692f024bcfac8d55be7ef1c552ddcfb3330c1cfe48f430e7e8d7de62c3191f66?s=96&d=mm&r=g","caption":"Ana Caroline Fonseca de Lima"},"description":"Auditora Fiscal do Trabalho (AFT). Oficial da Reserva da For\u00e7a A\u00e9rea Brasileira, formada na Academia da For\u00e7a A\u00e9rea (Capit\u00e3o Intendente da Reserva N\u00e3o Remunerada), permanecendo na ativa por 12 anos - Bacharel em Administra\u00e7\u00e3o (2005) - Bacharel em Direito (2011) - Especializada em Gest\u00e3o da Administra\u00e7\u00e3o P\u00fablica pela Universidade Castelo Branco (2009) - P\u00f3s-graduada em Direito e Processo do Trabalho pela Universidade Anhanguera -UNIDERP (2013) Aprova\u00e7\u00f5es em concursos p\u00fablicos: - Col\u00e9gio Militar do Rio de Janeiro - CMRJ (1999) - Academia da For\u00e7a A\u00e9rea - AFA (2002) - Auditor Fiscal do Trabalho - AFT (2013) https:\/\/www.instagram.com\/anacaroline.flima\/","sameAs":["https:\/\/www.instagram.com\/anacaroline.flima\/"],"url":"https:\/\/www.estrategiaconcursos.com.br\/blog\/author\/anacaroline-fonsecayahoo-com-br\/"}]}},"_links":{"self":[{"href":"https:\/\/www.estrategiaconcursos.com.br\/blog\/wp-json\/wp\/v2\/posts\/1115043","targetHints":{"allow":["GET"]}}],"collection":[{"href":"https:\/\/www.estrategiaconcursos.com.br\/blog\/wp-json\/wp\/v2\/posts"}],"about":[{"href":"https:\/\/www.estrategiaconcursos.com.br\/blog\/wp-json\/wp\/v2\/types\/post"}],"author":[{"embeddable":true,"href":"https:\/\/www.estrategiaconcursos.com.br\/blog\/wp-json\/wp\/v2\/users\/1384"}],"replies":[{"embeddable":true,"href":"https:\/\/www.estrategiaconcursos.com.br\/blog\/wp-json\/wp\/v2\/comments?post=1115043"}],"version-history":[{"count":4,"href":"https:\/\/www.estrategiaconcursos.com.br\/blog\/wp-json\/wp\/v2\/posts\/1115043\/revisions"}],"predecessor-version":[{"id":1115048,"href":"https:\/\/www.estrategiaconcursos.com.br\/blog\/wp-json\/wp\/v2\/posts\/1115043\/revisions\/1115048"}],"wp:attachment":[{"href":"https:\/\/www.estrategiaconcursos.com.br\/blog\/wp-json\/wp\/v2\/media?parent=1115043"}],"wp:term":[{"taxonomy":"category","embeddable":true,"href":"https:\/\/www.estrategiaconcursos.com.br\/blog\/wp-json\/wp\/v2\/categories?post=1115043"},{"taxonomy":"post_tag","embeddable":true,"href":"https:\/\/www.estrategiaconcursos.com.br\/blog\/wp-json\/wp\/v2\/tags?post=1115043"},{"taxonomy":"tax_estado","embeddable":true,"href":"https:\/\/www.estrategiaconcursos.com.br\/blog\/wp-json\/wp\/v2\/tax_estado?post=1115043"}],"curies":[{"name":"wp","href":"https:\/\/api.w.org\/{rel}","templated":true}]}}