{"id":111442,"date":"2018-08-28T00:00:30","date_gmt":"2018-08-28T03:00:30","guid":{"rendered":"https:\/\/www.estrategiaconcursos.com.br\/blog\/?p=111442"},"modified":"2022-06-24T12:57:53","modified_gmt":"2022-06-24T15:57:53","slug":"edital-ale-rr-procurador-2018","status":"publish","type":"post","link":"https:\/\/www.estrategiaconcursos.com.br\/blog\/edital-ale-rr-procurador-2018\/","title":{"rendered":"Concurso ALE RR Procurador: cronograma \u00e9 alterado novamente; provas no fim de setembro"},"content":{"rendered":"<p><em><strong><span style=\"font-size: 18pt;\">Saiba todas as novidades sobre o concurso ALE RR Procurador<\/span><\/strong><\/em><\/p>\n<p>Ap\u00f3s a anula\u00e7\u00e3o da primeira fase do concurso ALE RR para o cargo de Procurador Legislativo, o \u00f3rg\u00e3o divulgou um novo cronograma. A prova objetiva, antes transferida para o dia 2 de setembro, ficou para o dia&nbsp;<strong>23 do mesmo m\u00eas<\/strong>.<\/p>\n<p>Em uma nova retifica\u00e7\u00e3o, a prova discursiva foi transferida para o dia&nbsp;<strong>11 de novembro de 2018<\/strong>. Todas as etapas do certame ocorrem na cidade de Boa Vista, capital do estado.<\/p>\n<p>A informa\u00e7\u00e3o foi publicada no site da banca organizadora, a Funrio, e no Di\u00e1rio Oficial da Assembleia Legislativa de Roraima.<\/p>\n<p>O edital do certame foi publicado em 14 de mar\u00e7o com a oferta de&nbsp;<strong><em>2 vagas<\/em><\/strong> imediatas para o cargo de Procurador, com remunera\u00e7\u00e3o inicial de&nbsp;<strong><em>R$&nbsp;7.903,10<\/em><\/strong><em>.<\/em><\/p>\n<h2>Entenda o caso<\/h2>\n<p>A Assembleia Legislativa de Roraima decidiu anular a prova para o cargo de Procurador em virtude de irregularidades na aplica\u00e7\u00e3o das provas: foi verificada a viola\u00e7\u00e3o do inv\u00f3lucro de v\u00e1rios cadernos de quest\u00f5es.<\/p>\n<p>Para garantir a lisura do processo, as provas foram canceladas. O an\u00fancio foi feito por meio de nota oficial no pr\u00f3prio dia de aplica\u00e7\u00e3o das provas, 24 de junho de 2018.<\/p>\n<h2>Confira a seguir as informa\u00e7\u00f5es sobre o edital ALE RR<\/h2>\n<p><span style=\"font-size: 14pt;\"><strong>Requisitos para o cargo<\/strong><\/span><\/p>\n<p>\u00c9 necess\u00e1rio que os candidatos possuem diploma superior em Direito, obtido em institui\u00e7\u00e3o reconhecida pelo Minist\u00e9rio da Educa\u00e7\u00e3o (MEC) e inscri\u00e7\u00e3o na Ordem dos Advogados do Brasil (OAB).<\/p>\n<h2>Etapas do certame<\/h2>\n<p>O concurso da Assembleia Legislativa de Roraima para o cargo de Procurador se dividir\u00e1 em&nbsp;<strong><em>tr\u00eas etapas<\/em><\/strong>, as duas primeiras&nbsp;<strong><em>eliminat\u00f3rias&nbsp;<\/em><\/strong>e&nbsp;<strong><em>classificat\u00f3rias<\/em><\/strong> e a \u00faltima apenas&nbsp;<strong><em>classificat\u00f3ria<\/em><\/strong>:<\/p>\n<p><img loading=\"lazy\" decoding=\"async\" class=\"aligncenter size-large wp-image-111444\" src=\"https:\/\/dhg1h5j42swfq.cloudfront.net\/2018\/03\/15084020\/Concurso-ALE-RR1.jpg\" alt=\"concurso ale rr procurador\" width=\"1024\" height=\"158\" srcset=\"https:\/\/dhg1h5j42swfq.cloudfront.net\/2018\/03\/15084020\/Concurso-ALE-RR1.jpg 1171w, https:\/\/dhg1h5j42swfq.cloudfront.net\/2018\/03\/15084020\/Concurso-ALE-RR1.jpg 300w, https:\/\/dhg1h5j42swfq.cloudfront.net\/2018\/03\/15084020\/Concurso-ALE-RR1.jpg 768w, https:\/\/dhg1h5j42swfq.cloudfront.net\/2018\/03\/15084020\/Concurso-ALE-RR1.jpg 1024w, https:\/\/dhg1h5j42swfq.cloudfront.net\/2018\/03\/15084020\/Concurso-ALE-RR1.jpg 610w\" sizes=\"auto, (max-width: 1024px) 100vw, 1024px\" \/><\/p>\n<p>A&nbsp;<em><strong>Prova Objetiva<\/strong><\/em>, com dura\u00e7\u00e3o de&nbsp;<strong><em>5 horas<\/em><\/strong>,&nbsp;<strong>&nbsp;<\/strong>est\u00e1 prevista para ocorrer no dia&nbsp;<strong><em>24 de junho de 2018<\/em><\/strong>, no per\u00edodo da&nbsp;<span style=\"text-decoration: underline;\">manh\u00e3<\/span>.<\/p>\n<p>J\u00e1 a&nbsp;<strong><em>Prova Discursiva<\/em><\/strong>, que ter\u00e1 dura\u00e7\u00e3o m\u00e1xima de&nbsp;<strong><em>4 horas<\/em><\/strong>,<strong>&nbsp;<\/strong>deve ser aplicada em&nbsp;<em><strong>5 de agosto de 2018<\/strong><\/em><strong>,&nbsp;<\/strong>no mesmo hor\u00e1rio.<\/p>\n<h2>Prova Objetiva<\/h2>\n<p>Esta prova ser\u00e1 composta por&nbsp;<strong><em>100 quest\u00f5es objetivas&nbsp;<\/em><\/strong>de m\u00faltipla escolha, com o valor de <strong><em>240 pontos<\/em><\/strong>, respeitando a seguinte divis\u00e3o:<\/p>\n<p><img loading=\"lazy\" decoding=\"async\" class=\"aligncenter size-large wp-image-111446\" src=\"https:\/\/dhg1h5j42swfq.cloudfront.net\/2018\/03\/15085035\/Concurso-ALE-RR-4.jpg\" alt=\"concurso ale rr procurador 2018\" width=\"1024\" height=\"264\" srcset=\"https:\/\/dhg1h5j42swfq.cloudfront.net\/2018\/03\/15085035\/Concurso-ALE-RR-4.jpg 1097w, https:\/\/dhg1h5j42swfq.cloudfront.net\/2018\/03\/15085035\/Concurso-ALE-RR-4.jpg 300w, https:\/\/dhg1h5j42swfq.cloudfront.net\/2018\/03\/15085035\/Concurso-ALE-RR-4.jpg 768w, https:\/\/dhg1h5j42swfq.cloudfront.net\/2018\/03\/15085035\/Concurso-ALE-RR-4.jpg 1024w, https:\/\/dhg1h5j42swfq.cloudfront.net\/2018\/03\/15085035\/Concurso-ALE-RR-4.jpg 610w\" sizes=\"auto, (max-width: 1024px) 100vw, 1024px\" \/><\/p>\n<p>Ser\u00e3o convocados para a segunda etapa do certame os melhores classificados dentro do n\u00famero de&nbsp;<strong><em>10 vezes o n\u00famero de vagas<\/em><\/strong>, respeitados os empates.<\/p>\n<p>As listas de ampla concorr\u00eancia e de candidatos com defici\u00eancia ser\u00e3o separadas. Assim, ser\u00e3o convocados pelo menos 20 candidatos, 10 para cada lista.<\/p>\n<h2>Prova Discursiva<\/h2>\n<p>A prova discursiva consistir\u00e1 na elabora\u00e7\u00e3o de uma&nbsp;<strong><em>pe\u00e7a jur\u00eddica<\/em><\/strong>, com valor total de&nbsp;<strong><em>30 pontos<\/em><\/strong>. Ser\u00e1 considerado aprovado o candidato que obtiver, no m\u00ednimo,&nbsp;<strong><em>6 pontos<\/em><\/strong>.<\/p>\n<p>Esta prova ser\u00e1 corrigida por dois avaliadores, que atribuir\u00e3o as notas separadamente. A pontua\u00e7\u00e3o final do candidato ser\u00e1 obtida pela m\u00e9dia aritm\u00e9tica entre as duas notas.<\/p>\n<p>Os avaliadores dever\u00e3o utilizar como crit\u00e9rio de avalia\u00e7\u00e3o, al\u00e9m da corre\u00e7\u00e3o gramatical, a adequa\u00e7\u00e3o aos seguintes t\u00f3picos:<\/p>\n<p>I \u2013 a jurisprud\u00eancia do Supremo Tribunal Federal;<br \/>\nII \u2013 a jurisprud\u00eancia dos Tribunais Superiores;<br \/>\nIII \u2013 a jurisprud\u00eancia dos Tribunais de Segundo Grau;<br \/>\nIV \u2013 a posi\u00e7\u00e3o dominante na doutrina nacional.<\/p>\n<p>Ser\u00e3o convocados para a Avalia\u00e7\u00e3o de T\u00edtulos os candidatos com melhor classifica\u00e7\u00e3o dentro do n\u00famero de&nbsp;<strong><em>5 vezes o n\u00famero de vagas<\/em><\/strong> em ambas as listas, <span style=\"text-decoration: underline;\">respeitados os empates<\/span>.<\/p>\n<h2>Disciplinas cobradas<\/h2>\n<p><em>L\u00edngua Portuguesa<br \/>\nRegimento Interno da ALE RR<br \/>\nDireito Constitucional<br \/>\nDireito Administrativo<br \/>\nDireito Civil<br \/>\nDireito Processual Civil<br \/>\nDireito do Trabalho<br \/>\nDireito Eleitoral<br \/>\nLegisla\u00e7\u00e3o Estadual de Roraima<\/em><\/p>\n<h2>Prova de T\u00edtulos<\/h2>\n<p>Esta etapa do concurso, de car\u00e1ter&nbsp;<strong><em>classificat\u00f3rio<\/em><\/strong>, atribuir\u00e1 o m\u00e1ximo de&nbsp;<strong><em>10 pontos<\/em><\/strong> para as seguintes atividades de car\u00e1ter acad\u00eamico e profissional:<\/p>\n<p>Os candidatos dever\u00e3o entregas a documenta\u00e7\u00e3o comprobat\u00f3ria pessoalmente ou por meio de procurador legalmente constitu\u00eddo, no posto de atendimento designado da ALE RR entre os dias 08, 09 e 10 de dezembro.<\/p>\n<p>Confira os t\u00edtulos aceitos pelo concurso da ALE RR para Procurador:<\/p>\n<p><img loading=\"lazy\" decoding=\"async\" class=\"aligncenter size-full wp-image-111454\" src=\"https:\/\/dhg1h5j42swfq.cloudfront.net\/2018\/03\/15090435\/Concurso-ALE-RR-5.jpg\" alt=\"concurso ale rr procurador 2018\" width=\"949\" height=\"274\" srcset=\"https:\/\/dhg1h5j42swfq.cloudfront.net\/2018\/03\/15090435\/Concurso-ALE-RR-5.jpg 949w, https:\/\/dhg1h5j42swfq.cloudfront.net\/2018\/03\/15090435\/Concurso-ALE-RR-5.jpg 300w, https:\/\/dhg1h5j42swfq.cloudfront.net\/2018\/03\/15090435\/Concurso-ALE-RR-5.jpg 768w, https:\/\/dhg1h5j42swfq.cloudfront.net\/2018\/03\/15090435\/Concurso-ALE-RR-5.jpg 610w\" sizes=\"auto, (max-width: 949px) 100vw, 949px\" \/><\/p>\n<h2>C\u00e1lculo da Nota Final<\/h2>\n<p>A nota final dos candidatos que se submeteram a todas as etapas do certame ser\u00e1 calculada por meio da&nbsp;<span style=\"text-decoration: underline;\">soma<\/span> da pontua\u00e7\u00e3o obtida nas tr\u00eas provas:<\/p>\n<p><em>NF (Nota Final) =NPO (Nota da Prova 1\u00aa etapa &#8211; Objetiva) + NPD (Nota da Prova da 2\u00aa etapa &#8211; Discursiva) + NPT (Nota da Prova da 3\u00aa etapa &#8211; T\u00edtulos)<\/em><\/p>\n<p>&nbsp;<\/p>\n<p style=\"text-align: center;\"><span style=\"font-size: 14pt;\"><strong><em>Ficou interessado em se preparar para este certame? Confira os cursos preparat\u00f3rios do Estrat\u00e9gia Concursos e garanta sua aprova\u00e7\u00e3o! Clique no link abaixo para saber mais:<\/em><\/strong><\/span><\/p>\n<h3 style=\"text-align: center;\"><a href=\"https:\/\/www.estrategiaconcursos.com.br\/cursos\/concurso\/\" target=\"_blank\" rel=\"noopener\">CURSOS CONCURSO ALE RR PROCURADOR&nbsp;<\/a><\/h3>\n<p><img loading=\"lazy\" decoding=\"async\" title=\"\" src=\"https:\/\/www.estrategiaconcursos.com.br\/blog\/wp-content\/uploads\/2017\/01\/coruja-ficha-tecnica-300x102.png\" alt=\"\" width=\"300\" height=\"102\"\/><\/p>\n<p><img loading=\"lazy\" decoding=\"async\" class=\"aligncenter wp-image-68542 size-full\" src=\"https:\/\/dhg1h5j42swfq.cloudfront.net\/2017\/03\/28152500\/coruja-ficha-tecnica-300x102.png\" alt=\"Ficha t\u00e9cnica concurso ale rr procurador\" width=\"300\" height=\"102\"\/><\/p>\n<p><strong>\u2666Informa\u00e7\u00f5es do Concurso ALE RR Procurador<\/strong><br \/>\n\u25baDatas da Prova: 24\/06<br \/>\n\u25baVagas: 2<br \/>\n\u25baLota\u00e7\u00e3o: Boa Vista (RR)<br \/>\n\u25baRemunera\u00e7\u00e3o inicial:&nbsp;R$&nbsp;7.903,10<br \/>\n\u25baBanca: FUNRIO<br \/>\n\u25baEdital: <a href=\"https:\/\/dhg1h5j42swfq.cloudfront.net\/2018\/03\/15091657\/EDITAL_ALERR_PROCURADOR1.pdf\" target=\"_blank\" rel=\"noopener\">Edital ALE RR Procurador 2018<\/a><a href=\"https:\/\/dhg1h5j42swfq.cloudfront.net\/2018\/03\/15091657\/EDITAL_ALERR_PROCURADOR1.pdf\" target=\"_blank\" rel=\"noopener\"><br \/>\n<\/a>\u25baRetifica\u00e7\u00e3o:&nbsp;<a href=\"https:\/\/dhg1h5j42swfq.cloudfront.net\/2018\/08\/30103926\/Retifica%C3%A7%C3%A3o-2%C2%AA-etapa.pdf\" target=\"_blank\" rel=\"noopener\">Retifica\u00e7\u00e3o cronograma<\/a><br \/>\n\u25baEscolaridade: N\u00edvel Superior em Direito + Registro na OAB<br \/>\n\u25baCursos:&nbsp;<strong><a href=\"https:\/\/www.estrategiaconcursos.com.br\/cursos\/concurso\/\" target=\"_blank\" rel=\"noopener\">CURSO PARA CONCURSO ALE RR PROCURADOR 2018<\/a><\/strong><\/p>\n<hr \/>\n<p style=\"text-align: center;\"><span style=\"font-size: 14pt;\"><em><strong>Receba not\u00edcias de Concursos no seu WhatsApp! <\/strong><\/em><\/span><\/p>\n<p style=\"text-align: center;\"><span style=\"font-size: 14pt;\"><em><strong><a href=\"https:\/\/www.estrategiaconcursos.com.br\/blog\/noticias-de-concursos-whatsapp-estrategia-concursos\/\" target=\"_blank\" rel=\"noopener\">Cadastre-se clicando no \u00edcone abaixo<\/a><\/strong><\/em><\/span><\/p>\n<p style=\"text-align: center;\"><a href=\"https:\/\/www.estrategiaconcursos.com.br\/blog\/noticias-de-concursos-whatsapp-estrategia-concursos\/\" target=\"_blank\" rel=\"noopener\"><img loading=\"lazy\" decoding=\"async\" class=\"aligncenter wp-image-109741\" src=\"https:\/\/dhg1h5j42swfq.cloudfront.net\/2018\/03\/07112226\/kontak-wa-sewa-motor-jogja.png\" alt=\"\" width=\"139\" height=\"139\" srcset=\"https:\/\/dhg1h5j42swfq.cloudfront.net\/2018\/03\/07112226\/kontak-wa-sewa-motor-jogja.png 250w, https:\/\/dhg1h5j42swfq.cloudfront.net\/2018\/03\/07112226\/kontak-wa-sewa-motor-jogja.png 150w\" sizes=\"auto, (max-width: 139px) 100vw, 139px\" \/><\/a><\/p>\n<p>&nbsp;<\/p>\n","protected":false},"excerpt":{"rendered":"<p>Saiba todas as novidades sobre o concurso ALE RR Procurador Ap\u00f3s a anula\u00e7\u00e3o da primeira fase do concurso ALE RR para o cargo de Procurador Legislativo, o \u00f3rg\u00e3o divulgou um novo cronograma. A prova objetiva, antes transferida para o dia 2 de setembro, ficou para o dia&nbsp;23 do mesmo m\u00eas. Em uma nova retifica\u00e7\u00e3o, a [&hellip;]<\/p>\n","protected":false},"author":317,"featured_media":104956,"comment_status":"open","ping_status":"closed","sticky":false,"template":"","format":"standard","meta":{"post_tipo":"article","footnotes":""},"categories":[2185],"tags":[3614],"tax_estado":[219985],"class_list":["post-111442","post","type-post","status-publish","format-standard","has-post-thumbnail","hentry","category-carreiras-juridicas","tag-ale-rr","tax_estado-rr"],"acf":[],"yoast_head":"<!-- This site is optimized with the Yoast SEO Premium plugin v27.2 (Yoast SEO v27.2) - https:\/\/yoast.com\/product\/yoast-seo-premium-wordpress\/ -->\n<title>Concurso ALE RR Procurador: cronograma \u00e9 alterado; provas em 23 de setembro<\/title>\n<meta name=\"description\" content=\"Concurso ALE RR Procurador 2018: provas do certame s\u00e3o remarcadas pela banca para o fim de setembro. Confira todas as informa\u00e7\u00f5es aqui!\" \/>\n<meta name=\"robots\" content=\"index, follow, max-snippet:-1, max-image-preview:large, max-video-preview:-1\" \/>\n<link rel=\"canonical\" href=\"https:\/\/www.estrategiaconcursos.com.br\/blog\/edital-ale-rr-procurador-2018\/\" \/>\n<meta property=\"og:locale\" content=\"pt_BR\" \/>\n<meta property=\"og:type\" content=\"article\" \/>\n<meta property=\"og:title\" content=\"Concurso ALE RR Procurador: cronograma \u00e9 alterado novamente; provas no fim de setembro\" \/>\n<meta property=\"og:description\" content=\"Concurso ALE RR Procurador 2018: provas do certame s\u00e3o remarcadas pela banca para o fim de setembro. Confira todas as informa\u00e7\u00f5es aqui!\" \/>\n<meta property=\"og:url\" content=\"https:\/\/www.estrategiaconcursos.com.br\/blog\/edital-ale-rr-procurador-2018\/\" \/>\n<meta property=\"og:site_name\" content=\"Estrat\u00e9gia Concursos\" \/>\n<meta property=\"article:author\" content=\"https:\/\/www.facebook.com\/igor.maciel.1420\" \/>\n<meta property=\"article:published_time\" content=\"2018-08-28T03:00:30+00:00\" \/>\n<meta property=\"article:modified_time\" content=\"2022-06-24T15:57:53+00:00\" \/>\n<meta property=\"og:image\" content=\"https:\/\/dhg1h5j42swfq.cloudfront.net\/2018\/02\/02092000\/ASSEMB-LEG-RR4-e1532268775982.jpg\" \/>\n\t<meta property=\"og:image:width\" content=\"400\" \/>\n\t<meta property=\"og:image:height\" content=\"209\" \/>\n\t<meta property=\"og:image:type\" content=\"image\/jpeg\" \/>\n<meta name=\"author\" content=\"Igor Maciel\" \/>\n<meta name=\"twitter:card\" content=\"summary_large_image\" \/>\n<meta name=\"twitter:creator\" content=\"@EstratConcursos\" \/>\n<meta name=\"twitter:site\" content=\"@EstratConcursos\" \/>\n<meta name=\"twitter:label1\" content=\"Escrito por\" \/>\n\t<meta name=\"twitter:data1\" content=\"Igor Maciel\" \/>\n\t<meta name=\"twitter:label2\" content=\"Est. tempo de leitura\" \/>\n\t<meta name=\"twitter:data2\" content=\"6 minutos\" \/>\n<script type=\"application\/ld+json\" class=\"yoast-schema-graph\">{\"@context\":\"https:\/\/schema.org\",\"@graph\":[{\"@type\":\"NewsArticle\",\"@id\":\"https:\/\/www.estrategiaconcursos.com.br\/blog\/edital-ale-rr-procurador-2018\/#article\",\"isPartOf\":{\"@id\":\"https:\/\/www.estrategiaconcursos.com.br\/blog\/edital-ale-rr-procurador-2018\/\"},\"author\":{\"name\":\"Igor Maciel\",\"@id\":\"https:\/\/www.estrategiaconcursos.com.br\/blog\/#\/schema\/person\/024d26d5efb06d95dfc04025d7301591\"},\"headline\":\"Concurso ALE RR Procurador: cronograma \u00e9 alterado novamente; provas no fim de setembro\",\"datePublished\":\"2018-08-28T03:00:30+00:00\",\"dateModified\":\"2022-06-24T15:57:53+00:00\",\"mainEntityOfPage\":{\"@id\":\"https:\/\/www.estrategiaconcursos.com.br\/blog\/edital-ale-rr-procurador-2018\/\"},\"wordCount\":867,\"commentCount\":0,\"publisher\":{\"@id\":\"https:\/\/www.estrategiaconcursos.com.br\/blog\/#organization\"},\"image\":{\"@id\":\"https:\/\/www.estrategiaconcursos.com.br\/blog\/edital-ale-rr-procurador-2018\/#primaryimage\"},\"thumbnailUrl\":\"https:\/\/dhg1h5j42swfq.cloudfront.net\/2018\/02\/02092000\/ASSEMB-LEG-RR4-e1532268775982.jpg\",\"keywords\":[\"ALE RR\"],\"articleSection\":[\"Jur\u00eddico\"],\"inLanguage\":\"pt-BR\",\"potentialAction\":[{\"@type\":\"CommentAction\",\"name\":\"Comment\",\"target\":[\"https:\/\/www.estrategiaconcursos.com.br\/blog\/edital-ale-rr-procurador-2018\/#respond\"]}],\"copyrightYear\":\"2018\",\"copyrightHolder\":{\"@id\":\"https:\/\/www.estrategiaconcursos.com.br\/blog\/#organization\"}},{\"@type\":\"WebPage\",\"@id\":\"https:\/\/www.estrategiaconcursos.com.br\/blog\/edital-ale-rr-procurador-2018\/\",\"url\":\"https:\/\/www.estrategiaconcursos.com.br\/blog\/edital-ale-rr-procurador-2018\/\",\"name\":\"Concurso ALE RR Procurador: cronograma \u00e9 alterado; provas em 23 de setembro\",\"isPartOf\":{\"@id\":\"https:\/\/www.estrategiaconcursos.com.br\/blog\/#website\"},\"primaryImageOfPage\":{\"@id\":\"https:\/\/www.estrategiaconcursos.com.br\/blog\/edital-ale-rr-procurador-2018\/#primaryimage\"},\"image\":{\"@id\":\"https:\/\/www.estrategiaconcursos.com.br\/blog\/edital-ale-rr-procurador-2018\/#primaryimage\"},\"thumbnailUrl\":\"https:\/\/dhg1h5j42swfq.cloudfront.net\/2018\/02\/02092000\/ASSEMB-LEG-RR4-e1532268775982.jpg\",\"datePublished\":\"2018-08-28T03:00:30+00:00\",\"dateModified\":\"2022-06-24T15:57:53+00:00\",\"description\":\"Concurso ALE RR Procurador 2018: provas do certame s\u00e3o remarcadas pela banca para o fim de setembro. Confira todas as informa\u00e7\u00f5es aqui!\",\"breadcrumb\":{\"@id\":\"https:\/\/www.estrategiaconcursos.com.br\/blog\/edital-ale-rr-procurador-2018\/#breadcrumb\"},\"inLanguage\":\"pt-BR\",\"potentialAction\":[{\"@type\":\"ReadAction\",\"target\":[\"https:\/\/www.estrategiaconcursos.com.br\/blog\/edital-ale-rr-procurador-2018\/\"]}]},{\"@type\":\"ImageObject\",\"inLanguage\":\"pt-BR\",\"@id\":\"https:\/\/www.estrategiaconcursos.com.br\/blog\/edital-ale-rr-procurador-2018\/#primaryimage\",\"url\":\"https:\/\/dhg1h5j42swfq.cloudfront.net\/2018\/02\/02092000\/ASSEMB-LEG-RR4-e1532268775982.jpg\",\"contentUrl\":\"https:\/\/dhg1h5j42swfq.cloudfront.net\/2018\/02\/02092000\/ASSEMB-LEG-RR4-e1532268775982.jpg\",\"width\":400,\"height\":209,\"caption\":\"concurso ale rr procurador\"},{\"@type\":\"BreadcrumbList\",\"@id\":\"https:\/\/www.estrategiaconcursos.com.br\/blog\/edital-ale-rr-procurador-2018\/#breadcrumb\",\"itemListElement\":[{\"@type\":\"ListItem\",\"position\":1,\"name\":\"In\u00edcio\",\"item\":\"https:\/\/www.estrategiaconcursos.com.br\/blog\/\"},{\"@type\":\"ListItem\",\"position\":2,\"name\":\"Concurso ALE RR Procurador: cronograma \u00e9 alterado novamente; provas no fim de setembro\"}]},{\"@type\":\"WebSite\",\"@id\":\"https:\/\/www.estrategiaconcursos.com.br\/blog\/#website\",\"url\":\"https:\/\/www.estrategiaconcursos.com.br\/blog\/\",\"name\":\"Estrat\u00e9gia Concursos\",\"description\":\"O blog da Estrat\u00e9gia Concursos traz not\u00edcias sobre concursos e artigos de professores oferecendo cursos para concursos (pdf + videaulas) no site.\",\"publisher\":{\"@id\":\"https:\/\/www.estrategiaconcursos.com.br\/blog\/#organization\"},\"potentialAction\":[{\"@type\":\"SearchAction\",\"target\":{\"@type\":\"EntryPoint\",\"urlTemplate\":\"https:\/\/www.estrategiaconcursos.com.br\/blog\/?s={search_term_string}\"},\"query-input\":{\"@type\":\"PropertyValueSpecification\",\"valueRequired\":true,\"valueName\":\"search_term_string\"}}],\"inLanguage\":\"pt-BR\"},{\"@type\":\"Organization\",\"@id\":\"https:\/\/www.estrategiaconcursos.com.br\/blog\/#organization\",\"name\":\"Estrat\u00e9gia Concursos\",\"url\":\"https:\/\/www.estrategiaconcursos.com.br\/blog\/\",\"logo\":{\"@type\":\"ImageObject\",\"inLanguage\":\"pt-BR\",\"@id\":\"https:\/\/www.estrategiaconcursos.com.br\/blog\/#\/schema\/logo\/image\/\",\"url\":\"https:\/\/dhg1h5j42swfq.cloudfront.net\/2025\/06\/03203428\/logo_concursos-1.jpg\",\"contentUrl\":\"https:\/\/dhg1h5j42swfq.cloudfront.net\/2025\/06\/03203428\/logo_concursos-1.jpg\",\"width\":230,\"height\":60,\"caption\":\"Estrat\u00e9gia Concursos\"},\"image\":{\"@id\":\"https:\/\/www.estrategiaconcursos.com.br\/blog\/#\/schema\/logo\/image\/\"},\"sameAs\":[\"https:\/\/x.com\/EstratConcursos\"]},{\"@type\":\"Person\",\"@id\":\"https:\/\/www.estrategiaconcursos.com.br\/blog\/#\/schema\/person\/024d26d5efb06d95dfc04025d7301591\",\"name\":\"Igor Maciel\",\"image\":{\"@type\":\"ImageObject\",\"inLanguage\":\"pt-BR\",\"@id\":\"https:\/\/secure.gravatar.com\/avatar\/e983a676af6facf4aebcb2989d49e3bf61b718712d5e7a4b3f355b7fe651bc2f?s=96&d=mm&r=g\",\"url\":\"https:\/\/secure.gravatar.com\/avatar\/e983a676af6facf4aebcb2989d49e3bf61b718712d5e7a4b3f355b7fe651bc2f?s=96&d=mm&r=g\",\"contentUrl\":\"https:\/\/secure.gravatar.com\/avatar\/e983a676af6facf4aebcb2989d49e3bf61b718712d5e7a4b3f355b7fe651bc2f?s=96&d=mm&r=g\",\"caption\":\"Igor Maciel\"},\"description\":\"Graduado na Universidade Federal de Pernambuco, com extens\u00e3o na Universidade de Coimbra\/Portugal. Especialista LLM em Direito Corporativo pelo IBMEC\/RJ. Mestrando em Direito e Pol\u00edticas P\u00fablicas pelo UNICEUB\/DF. Advogado com atua\u00e7\u00e3o profissional centrada no Direito Tribut\u00e1rio e no Direito Administrativo, especialmente na defesa de servidores p\u00fablicos.\",\"sameAs\":[\"http:\/\/www.imaciel.com.br\",\"https:\/\/www.facebook.com\/igor.maciel.1420\"],\"url\":\"https:\/\/www.estrategiaconcursos.com.br\/blog\/author\/contatoimaciel-com-br\/\"}]}<\/script>\n<!-- \/ Yoast SEO Premium plugin. -->","yoast_head_json":{"title":"Concurso ALE RR Procurador: cronograma \u00e9 alterado; provas em 23 de setembro","description":"Concurso ALE RR Procurador 2018: provas do certame s\u00e3o remarcadas pela banca para o fim de setembro. Confira todas as informa\u00e7\u00f5es aqui!","robots":{"index":"index","follow":"follow","max-snippet":"max-snippet:-1","max-image-preview":"max-image-preview:large","max-video-preview":"max-video-preview:-1"},"canonical":"https:\/\/www.estrategiaconcursos.com.br\/blog\/edital-ale-rr-procurador-2018\/","og_locale":"pt_BR","og_type":"article","og_title":"Concurso ALE RR Procurador: cronograma \u00e9 alterado novamente; provas no fim de setembro","og_description":"Concurso ALE RR Procurador 2018: provas do certame s\u00e3o remarcadas pela banca para o fim de setembro. Confira todas as informa\u00e7\u00f5es aqui!","og_url":"https:\/\/www.estrategiaconcursos.com.br\/blog\/edital-ale-rr-procurador-2018\/","og_site_name":"Estrat\u00e9gia Concursos","article_author":"https:\/\/www.facebook.com\/igor.maciel.1420","article_published_time":"2018-08-28T03:00:30+00:00","article_modified_time":"2022-06-24T15:57:53+00:00","og_image":[{"width":400,"height":209,"url":"https:\/\/dhg1h5j42swfq.cloudfront.net\/2018\/02\/02092000\/ASSEMB-LEG-RR4-e1532268775982.jpg","type":"image\/jpeg"}],"author":"Igor Maciel","twitter_card":"summary_large_image","twitter_creator":"@EstratConcursos","twitter_site":"@EstratConcursos","twitter_misc":{"Escrito por":"Igor Maciel","Est. tempo de leitura":"6 minutos"},"schema":{"@context":"https:\/\/schema.org","@graph":[{"@type":"NewsArticle","@id":"https:\/\/www.estrategiaconcursos.com.br\/blog\/edital-ale-rr-procurador-2018\/#article","isPartOf":{"@id":"https:\/\/www.estrategiaconcursos.com.br\/blog\/edital-ale-rr-procurador-2018\/"},"author":{"name":"Igor Maciel","@id":"https:\/\/www.estrategiaconcursos.com.br\/blog\/#\/schema\/person\/024d26d5efb06d95dfc04025d7301591"},"headline":"Concurso ALE RR Procurador: cronograma \u00e9 alterado novamente; provas no fim de setembro","datePublished":"2018-08-28T03:00:30+00:00","dateModified":"2022-06-24T15:57:53+00:00","mainEntityOfPage":{"@id":"https:\/\/www.estrategiaconcursos.com.br\/blog\/edital-ale-rr-procurador-2018\/"},"wordCount":867,"commentCount":0,"publisher":{"@id":"https:\/\/www.estrategiaconcursos.com.br\/blog\/#organization"},"image":{"@id":"https:\/\/www.estrategiaconcursos.com.br\/blog\/edital-ale-rr-procurador-2018\/#primaryimage"},"thumbnailUrl":"https:\/\/dhg1h5j42swfq.cloudfront.net\/2018\/02\/02092000\/ASSEMB-LEG-RR4-e1532268775982.jpg","keywords":["ALE RR"],"articleSection":["Jur\u00eddico"],"inLanguage":"pt-BR","potentialAction":[{"@type":"CommentAction","name":"Comment","target":["https:\/\/www.estrategiaconcursos.com.br\/blog\/edital-ale-rr-procurador-2018\/#respond"]}],"copyrightYear":"2018","copyrightHolder":{"@id":"https:\/\/www.estrategiaconcursos.com.br\/blog\/#organization"}},{"@type":"WebPage","@id":"https:\/\/www.estrategiaconcursos.com.br\/blog\/edital-ale-rr-procurador-2018\/","url":"https:\/\/www.estrategiaconcursos.com.br\/blog\/edital-ale-rr-procurador-2018\/","name":"Concurso ALE RR Procurador: cronograma \u00e9 alterado; provas em 23 de setembro","isPartOf":{"@id":"https:\/\/www.estrategiaconcursos.com.br\/blog\/#website"},"primaryImageOfPage":{"@id":"https:\/\/www.estrategiaconcursos.com.br\/blog\/edital-ale-rr-procurador-2018\/#primaryimage"},"image":{"@id":"https:\/\/www.estrategiaconcursos.com.br\/blog\/edital-ale-rr-procurador-2018\/#primaryimage"},"thumbnailUrl":"https:\/\/dhg1h5j42swfq.cloudfront.net\/2018\/02\/02092000\/ASSEMB-LEG-RR4-e1532268775982.jpg","datePublished":"2018-08-28T03:00:30+00:00","dateModified":"2022-06-24T15:57:53+00:00","description":"Concurso ALE RR Procurador 2018: provas do certame s\u00e3o remarcadas pela banca para o fim de setembro. Confira todas as informa\u00e7\u00f5es aqui!","breadcrumb":{"@id":"https:\/\/www.estrategiaconcursos.com.br\/blog\/edital-ale-rr-procurador-2018\/#breadcrumb"},"inLanguage":"pt-BR","potentialAction":[{"@type":"ReadAction","target":["https:\/\/www.estrategiaconcursos.com.br\/blog\/edital-ale-rr-procurador-2018\/"]}]},{"@type":"ImageObject","inLanguage":"pt-BR","@id":"https:\/\/www.estrategiaconcursos.com.br\/blog\/edital-ale-rr-procurador-2018\/#primaryimage","url":"https:\/\/dhg1h5j42swfq.cloudfront.net\/2018\/02\/02092000\/ASSEMB-LEG-RR4-e1532268775982.jpg","contentUrl":"https:\/\/dhg1h5j42swfq.cloudfront.net\/2018\/02\/02092000\/ASSEMB-LEG-RR4-e1532268775982.jpg","width":400,"height":209,"caption":"concurso ale rr procurador"},{"@type":"BreadcrumbList","@id":"https:\/\/www.estrategiaconcursos.com.br\/blog\/edital-ale-rr-procurador-2018\/#breadcrumb","itemListElement":[{"@type":"ListItem","position":1,"name":"In\u00edcio","item":"https:\/\/www.estrategiaconcursos.com.br\/blog\/"},{"@type":"ListItem","position":2,"name":"Concurso ALE RR Procurador: cronograma \u00e9 alterado novamente; provas no fim de setembro"}]},{"@type":"WebSite","@id":"https:\/\/www.estrategiaconcursos.com.br\/blog\/#website","url":"https:\/\/www.estrategiaconcursos.com.br\/blog\/","name":"Estrat\u00e9gia Concursos","description":"O blog da Estrat\u00e9gia Concursos traz not\u00edcias sobre concursos e artigos de professores oferecendo cursos para concursos (pdf + videaulas) no site.","publisher":{"@id":"https:\/\/www.estrategiaconcursos.com.br\/blog\/#organization"},"potentialAction":[{"@type":"SearchAction","target":{"@type":"EntryPoint","urlTemplate":"https:\/\/www.estrategiaconcursos.com.br\/blog\/?s={search_term_string}"},"query-input":{"@type":"PropertyValueSpecification","valueRequired":true,"valueName":"search_term_string"}}],"inLanguage":"pt-BR"},{"@type":"Organization","@id":"https:\/\/www.estrategiaconcursos.com.br\/blog\/#organization","name":"Estrat\u00e9gia Concursos","url":"https:\/\/www.estrategiaconcursos.com.br\/blog\/","logo":{"@type":"ImageObject","inLanguage":"pt-BR","@id":"https:\/\/www.estrategiaconcursos.com.br\/blog\/#\/schema\/logo\/image\/","url":"https:\/\/dhg1h5j42swfq.cloudfront.net\/2025\/06\/03203428\/logo_concursos-1.jpg","contentUrl":"https:\/\/dhg1h5j42swfq.cloudfront.net\/2025\/06\/03203428\/logo_concursos-1.jpg","width":230,"height":60,"caption":"Estrat\u00e9gia Concursos"},"image":{"@id":"https:\/\/www.estrategiaconcursos.com.br\/blog\/#\/schema\/logo\/image\/"},"sameAs":["https:\/\/x.com\/EstratConcursos"]},{"@type":"Person","@id":"https:\/\/www.estrategiaconcursos.com.br\/blog\/#\/schema\/person\/024d26d5efb06d95dfc04025d7301591","name":"Igor Maciel","image":{"@type":"ImageObject","inLanguage":"pt-BR","@id":"https:\/\/secure.gravatar.com\/avatar\/e983a676af6facf4aebcb2989d49e3bf61b718712d5e7a4b3f355b7fe651bc2f?s=96&d=mm&r=g","url":"https:\/\/secure.gravatar.com\/avatar\/e983a676af6facf4aebcb2989d49e3bf61b718712d5e7a4b3f355b7fe651bc2f?s=96&d=mm&r=g","contentUrl":"https:\/\/secure.gravatar.com\/avatar\/e983a676af6facf4aebcb2989d49e3bf61b718712d5e7a4b3f355b7fe651bc2f?s=96&d=mm&r=g","caption":"Igor Maciel"},"description":"Graduado na Universidade Federal de Pernambuco, com extens\u00e3o na Universidade de Coimbra\/Portugal. Especialista LLM em Direito Corporativo pelo IBMEC\/RJ. Mestrando em Direito e Pol\u00edticas P\u00fablicas pelo UNICEUB\/DF. Advogado com atua\u00e7\u00e3o profissional centrada no Direito Tribut\u00e1rio e no Direito Administrativo, especialmente na defesa de servidores p\u00fablicos.","sameAs":["http:\/\/www.imaciel.com.br","https:\/\/www.facebook.com\/igor.maciel.1420"],"url":"https:\/\/www.estrategiaconcursos.com.br\/blog\/author\/contatoimaciel-com-br\/"}]}},"_links":{"self":[{"href":"https:\/\/www.estrategiaconcursos.com.br\/blog\/wp-json\/wp\/v2\/posts\/111442","targetHints":{"allow":["GET"]}}],"collection":[{"href":"https:\/\/www.estrategiaconcursos.com.br\/blog\/wp-json\/wp\/v2\/posts"}],"about":[{"href":"https:\/\/www.estrategiaconcursos.com.br\/blog\/wp-json\/wp\/v2\/types\/post"}],"author":[{"embeddable":true,"href":"https:\/\/www.estrategiaconcursos.com.br\/blog\/wp-json\/wp\/v2\/users\/317"}],"replies":[{"embeddable":true,"href":"https:\/\/www.estrategiaconcursos.com.br\/blog\/wp-json\/wp\/v2\/comments?post=111442"}],"version-history":[{"count":23,"href":"https:\/\/www.estrategiaconcursos.com.br\/blog\/wp-json\/wp\/v2\/posts\/111442\/revisions"}],"predecessor-version":[{"id":1049755,"href":"https:\/\/www.estrategiaconcursos.com.br\/blog\/wp-json\/wp\/v2\/posts\/111442\/revisions\/1049755"}],"wp:featuredmedia":[{"embeddable":true,"href":"https:\/\/www.estrategiaconcursos.com.br\/blog\/wp-json\/wp\/v2\/media\/104956"}],"wp:attachment":[{"href":"https:\/\/www.estrategiaconcursos.com.br\/blog\/wp-json\/wp\/v2\/media?parent=111442"}],"wp:term":[{"taxonomy":"category","embeddable":true,"href":"https:\/\/www.estrategiaconcursos.com.br\/blog\/wp-json\/wp\/v2\/categories?post=111442"},{"taxonomy":"post_tag","embeddable":true,"href":"https:\/\/www.estrategiaconcursos.com.br\/blog\/wp-json\/wp\/v2\/tags?post=111442"},{"taxonomy":"tax_estado","embeddable":true,"href":"https:\/\/www.estrategiaconcursos.com.br\/blog\/wp-json\/wp\/v2\/tax_estado?post=111442"}],"curies":[{"name":"wp","href":"https:\/\/api.w.org\/{rel}","templated":true}]}}