{"id":1114384,"date":"2026-03-06T09:14:00","date_gmt":"2026-03-06T12:14:00","guid":{"rendered":"https:\/\/www.estrategiaconcursos.com.br\/blog\/?p=1114384"},"modified":"2026-03-06T09:41:43","modified_gmt":"2026-03-06T12:41:43","slug":"concurso-crefito-5","status":"publish","type":"post","link":"https:\/\/www.estrategiaconcursos.com.br\/blog\/concurso-crefito-5\/","title":{"rendered":"Concurso CREFITO 5: provas em abril"},"content":{"rendered":"<p><center><a id=\"cta-icon\" href=\"https:\/\/sndflw.com\/i\/crefito-5-grupo\" target=\"_blank\" style=\"background:#29a61a; display:inline-flex; align-items:center; padding:10px 15px; border-radius:6px; color:#fff; text-decoration:none; font-weight:500; font-size:15px;\"><img decoding=\"async\" src=\"https:\/\/dhg1h5j42swfq.cloudfront.net\/2023\/12\/07154107\/whatsapp_13851.png\" alt=\"\" style=\"width:20px; height:20px; margin-right:8px;\"><span>Acesse agora o Grupo de Estudos para o Concurso CREFITO 5<\/span><\/a><\/center><\/p>\n\n\n\n<p>O <strong><a href=\"https:\/\/www.estrategiaconcursos.com.br\/assinaturas\" target=\"_blank\" rel=\"noreferrer noopener\">Conselho Regional de Fisioterapia e Terapia Ocupacional da 5\u00aa Regi\u00e3o<\/a><\/strong> <strong>(CREFITO 5) <\/strong>oferece <strong>12 vagas imediatas mais 225 de cadastro reserva <\/strong>para n\u00edvel m\u00e9dio e superior.<\/p>\n\n\n\n<p>As <strong>provas objetivas<\/strong> de m\u00faltipla escolha ser\u00e3o realizadas nos munic\u00edpios de Porto Alegre\/RS, Caxias do Sul\/RS, Santa Maria\/RS e Pelotas\/RS, em <strong>12 de abril de 2026.<\/strong><\/p>\n\n\n\n<ul class=\"wp-block-list has-very-light-gray-to-cyan-bluish-gray-gradient-background has-background\">\n<li><strong style=\"background-color: initial; color: initial;\">Banca:<\/strong> Instituto Consulplan<\/li>\n\n\n\n<li><strong>Vagas:<\/strong> 12 + 225 CR<\/li>\n\n\n\n<li><strong>Cargo<\/strong>s: Agente e Assistente (diversas \u00e1reas)<\/li>\n\n\n\n<li><strong>Sal\u00e1rio inicial:<\/strong> de R$ 3.595,16 a R$ 6.397,38<\/li>\n\n\n\n<li><strong>Edital:<\/strong> <a href=\"https:\/\/dhg1h5j42swfq.cloudfront.net\/2026\/01\/24100436\/edital-crefito.pdf\">CREFITO 5 2026<\/a><\/li>\n\n\n\n<li><strong>\u00daltimo Edital:<\/strong> <a href=\"https:\/\/dhg1h5j42swfq.cloudfront.net\/2022\/10\/24083213\/edital_01_2016_crefito5.pdf\" target=\"_blank\" rel=\"noreferrer noopener nofollow\">CREFITO 5 2016<\/a><\/li>\n<\/ul>\n\n\n\n<div class=\"container\" id=\"boxes\">\n  <div class=\"row\">\n\n    <div class=\"col-sm\">\n      <div class=\"banner-estrategia\" id=\"box-assinatura\">\n        <h3 class=\"titulo-assinatura\">Cursos para concursos<\/h3>\n        <p class=\"subtitulo-assinatura\">Estude conosco<\/p>\n        <div class=\"box-botao\">\n          <a class=\"btn-assinatura\" target=\"_blank\" href=\"https:\/\/www.estrategiaconcursos.com.br\/cursos\/\" role=\"button\" rel=\"noopener noreferrer\">Conhe\u00e7a os cursos<\/a>\n        <\/div>\n      <\/div>\n     \n    <\/div>\n\n  <\/div>\n<\/div>\n\n\n\n<ul class=\"wp-block-list\">\n<li><a href=\"#atual\">Situa\u00e7\u00e3o atual<\/a><\/li>\n\n\n\n<li><a href=\"#cargos-e-vagas\">Cargos e vagas<\/a><\/li>\n\n\n\n<li><a href=\"#etapas-e-provas\">Etapas e provas<\/a><\/li>\n\n\n\n<li><a href=\"#ultimo\">\u00daltimo concurso<\/a><\/li>\n\n\n\n<li><a href=\"#artigos\">Artigos<\/a><\/li>\n\n\n\n<li><a href=\"#ficha\">Ficha t\u00e9cnica<\/a><\/li>\n\n\n\n<li><a href=\"#cursos\">Cursos<\/a><\/li>\n<\/ul>\n\n\n\n<h2 class=\"wp-block-heading\" id=\"datas\">Concurso CREFITO 5: situa\u00e7\u00e3o atual<\/h2>\n\n\n\n<h3 class=\"wp-block-heading\" id=\"h-principais-datas\">Principais datas <\/h3>\n\n\n\n<ul class=\"wp-block-list\">\n<li><s><strong>Inscri\u00e7\u00f5es:<\/strong> 30\/01 at\u00e9 05\/03<\/s><\/li>\n\n\n\n<li><strong>Prova: <\/strong>12\/04<\/li>\n<\/ul>\n\n\n\n<h2 class=\"wp-block-heading\" id=\"h-concurso-crefito-5-cargos-e-vagas\">Concurso CREFITO 5: cargos e vagas <\/h2>\n\n\n\n<p>Ser\u00e3o ofertadas vagas para n\u00edvel m\u00e9dio e superior<\/p>\n\n\n\n<p><strong>N\u00edvel superior<\/strong><\/p>\n\n\n\n<figure class=\"wp-block-table is-style-stripes\"><table class=\"has-fixed-layout\"><thead><tr><th>Emprego<\/th><th>Localidade de Lota\u00e7\u00e3o<\/th><th>Vencimento B\u00e1sico<\/th><th>Vagas Imediatas<\/th><th>CR*<\/th><th>Total (Vagas + CR)<\/th><\/tr><\/thead><tbody><tr><td>Agente Fiscal<\/td><td>Porto Alegre\/RS<\/td><td>R$ 6.397,38 + benef\u00edcios<\/td><td>CR*<\/td><td>15*<\/td><td>15*<\/td><\/tr><tr><td>Agente Fiscal<\/td><td>Caxias do Sul\/RS<\/td><td>R$ 6.397,38 + benef\u00edcios<\/td><td>CR*<\/td><td>15*<\/td><td>15*<\/td><\/tr><tr><td>Agente Fiscal<\/td><td>Santa Maria\/RS<\/td><td>R$ 6.397,38 + benef\u00edcios<\/td><td>CR*<\/td><td>15*<\/td><td>15*<\/td><\/tr><tr><td>Agente Fiscal<\/td><td>Pelotas\/RS<\/td><td>R$ 6.397,38 + benef\u00edcios<\/td><td>1<\/td><td>15*<\/td><td>16*<\/td><\/tr><tr><td>Analista Administrativo<\/td><td>Porto Alegre\/RS<\/td><td>R$ 6.397,38 + benef\u00edcios<\/td><td>1<\/td><td>15<\/td><td>16<\/td><\/tr><tr><td>Analista Cont\u00e1bil<\/td><td>Porto Alegre\/RS<\/td><td>R$ 6.397,38 + benef\u00edcios<\/td><td>1<\/td><td>15<\/td><td>16<\/td><\/tr><tr><td>Analista de Controle Interno<\/td><td>Porto Alegre\/RS<\/td><td>R$ 6.397,38 + benef\u00edcios<\/td><td>1<\/td><td>15<\/td><td>16<\/td><\/tr><tr><td>Analista de Recursos Humanos<\/td><td>Porto Alegre\/RS<\/td><td>R$ 6.397,38 + benef\u00edcios<\/td><td>1<\/td><td>15<\/td><td>16<\/td><\/tr><tr><td>Analista de Seguran\u00e7a e Tecnologia da Informa\u00e7\u00e3o<\/td><td>Porto Alegre\/RS<\/td><td>R$ 6.397,38 + benef\u00edcios<\/td><td>1<\/td><td>15<\/td><td>16<\/td><\/tr><tr><td>Analista Jur\u00eddico<\/td><td>Porto Alegre\/RS<\/td><td>R$ 6.397,38 + benef\u00edcios<\/td><td>1<\/td><td>15<\/td><td>16<\/td><\/tr><\/tbody><\/table><\/figure>\n\n\n\n<p><strong>N\u00edvel m\u00e9dio <\/strong><\/p>\n\n\n\n<figure class=\"wp-block-table is-style-stripes\"><table class=\"has-fixed-layout\"><thead><tr><th>Emprego<\/th><th>Localidade de Lota\u00e7\u00e3o<\/th><th>Vencimento B\u00e1sico<\/th><th>Vagas Imediatas<\/th><th>CR<\/th><th>Total (Vagas + CR)<\/th><\/tr><\/thead><tbody><tr><td>Assistente Administrativo**<\/td><td>Porto Alegre\/RS<\/td><td>R$ 3.595,16 + benef\u00edcios<\/td><td>3<\/td><td>17<\/td><td>20<\/td><\/tr><tr><td>Assistente Administrativo**<\/td><td>Caxias do Sul\/RS<\/td><td>R$ 3.595,16 + benef\u00edcios<\/td><td>1<\/td><td>19<\/td><td>20<\/td><\/tr><tr><td>Assistente Administrativo**<\/td><td>Santa Maria\/RS<\/td><td>R$ 3.595,16 + benef\u00edcios<\/td><td>CR*<\/td><td>20<\/td><td>20<\/td><\/tr><tr><td>Assistente Administrativo**<\/td><td>Pelotas\/RS<\/td><td>R$ 3.595,16 + benef\u00edcios<\/td><td>1<\/td><td>19<\/td><td>20<\/td><\/tr><\/tbody><\/table><\/figure>\n\n\n\n<h2 class=\"wp-block-heading\" id=\"h-concurso-crefito-5-etapas-e-provas\">Concurso CREFITO 5: etapas e provas<\/h2>\n\n\n\n<p>Os candidatos ser\u00e3o avaliados por meio de: <\/p>\n\n\n\n<ul class=\"wp-block-list\">\n<li><strong>Prova Objetiva de M\u00faltipla Escolha<\/strong> para todos os empregos, de car\u00e1ter eliminat\u00f3rio e classificat\u00f3rio;<\/li>\n\n\n\n<li><strong>Avalia\u00e7\u00e3o de T\u00edtulos<\/strong>, apenas para os empregos de n\u00edvel superior, de car\u00e1ter somente classificat\u00f3rio.<\/li>\n<\/ul>\n\n\n\n<p>REALIZA\u00c7\u00c3O DAS PROVAS OBJETIVAS:<\/p>\n\n\n\n<p>A avalia\u00e7\u00e3o ser\u00e1 composta por <strong>50 quest\u00f5es<\/strong>, com <strong>pontua\u00e7\u00e3o m\u00e1xima de 100 pontos<\/strong>, distribu\u00eddas conforme o n\u00edvel de escolaridade e o cargo pretendido. <\/p>\n\n\n\n<p>As quest\u00f5es seguir\u00e3o o modelo de m\u00faltipla escolha, com <strong>quatro alternativas (A a D)<\/strong> e apenas <strong>uma resposta correta<\/strong>.<\/p>\n\n\n\n<p>Para os cargos de <strong>n\u00edvel superior<\/strong>, exceto o de Analista de Seguran\u00e7a e Tecnologia da Informa\u00e7\u00e3o, a prova objetiva ser\u00e1 dividida entre:<\/p>\n\n\n\n<ul class=\"wp-block-list\">\n<li><strong>Conhecimentos Gerais<\/strong> e <\/li>\n\n\n\n<li><strong>Conhecimentos Espec\u00edficos<\/strong>. <\/li>\n<\/ul>\n\n\n\n<p>Em Conhecimentos Gerais, ser\u00e3o cobradas disciplinas como <strong>L\u00edngua Portuguesa, Racioc\u00ednio L\u00f3gico-Matem\u00e1tico e Inform\u00e1tica<\/strong>. J\u00e1 na parte espec\u00edfica, os candidatos enfrentar\u00e3o quest\u00f5es de Conhecimentos de Direito, Legisla\u00e7\u00e3o Espec\u00edfica e Conhecimentos do Emprego, totalizando 50 quest\u00f5es.<\/p>\n\n\n\n<p>No caso espec\u00edfico do cargo de <strong>Analista de Seguran\u00e7a e Tecnologia da Informa\u00e7\u00e3o<\/strong>, a estrutura permanece semelhante, com a diferen\u00e7a da substitui\u00e7\u00e3o da disciplina de Inform\u00e1tica por <strong>L\u00edngua Inglesa<\/strong> no bloco de Conhecimentos Gerais, mantendo-se o mesmo n\u00famero de quest\u00f5es e pontua\u00e7\u00e3o final.<\/p>\n\n\n\n<h3 class=\"wp-block-heading\"><strong>Prova objetiva para cargos de n\u00edvel m\u00e9dio<\/strong><\/h3>\n\n\n\n<p>Para os cargos de <strong>n\u00edvel m\u00e9dio<\/strong>, a prova tamb\u00e9m contar\u00e1 com 50 quest\u00f5es. <\/p>\n\n\n\n<p>O conte\u00fado program\u00e1tico inclui <strong>L\u00edngua Portuguesa, Racioc\u00ednio L\u00f3gico-Matem\u00e1tico e Inform\u00e1tica, al\u00e9m de Conhecimentos de Direito, Legisla\u00e7\u00e3o Espec\u00edfica e Conhecimentos do Emprego. <\/strong>Assim como nos cargos de n\u00edvel superior, cada quest\u00e3o valer\u00e1 <strong>2,0 pontos<\/strong>, totalizando 100 pontos poss\u00edveis.<\/p>\n\n\n\n<h2 class=\"wp-block-heading\" id=\"h-ultimo-concurso-crefito-5\">\u00daltimo concurso CREFITO 5<\/h2>\n\n\n\n<p>O \u00faltimo concurso Crefito 5 foi realizado em 2016. Organizado pela INQC, o edital ofertou 5 vagas imediatas e forma\u00e7\u00e3o de cadastro reserva para cargos de n\u00edveis fundamental, m\u00e9dio e superior de forma\u00e7\u00e3o.<\/p>\n\n\n\n<p>Os aprovados foram lotados nas cidades de Porto Alegre, Caxias do Sul e Santa Maria (RS). Os candidatos foram avaliados por meio de provas objetivas e foram cobradas as seguintes disciplinas:<\/p>\n\n\n\n<ul class=\"wp-block-list\">\n<li>L\u00edngua Portuguesa;<\/li>\n\n\n\n<li>Racioc\u00ednio L\u00f3gico;<\/li>\n\n\n\n<li>Legisla\u00e7\u00e3o<\/li>\n\n\n\n<li>Inform\u00e1tica; e<\/li>\n\n\n\n<li>Conhecimentos Espec\u00edficos (de cada cargo ofertado pelo edital).<\/li>\n<\/ul>\n\n\n\n<h3 class=\"wp-block-heading\" id=\"h-cargos-e-vagas-do-ultimo-edital\">Cargos e vagas do \u00faltimo edital<\/h3>\n\n\n\n<p>De acordo com o edital de 2016 foram ofertadas as seguintes vagas:<\/p>\n\n\n\n<ul class=\"wp-block-list\">\n<li><strong>Fundamental<\/strong><br \/>Auxiliar de Servi\u00e7os Gerais: CR.<\/li>\n\n\n\n<li><strong>N\u00edvel M\u00e9dio<\/strong><br \/>Auxiliar Administrativo: 2 vagas + CR.<br \/>Auxiliar de Servi\u00e7os Complementares: CR;<br \/>Motorista: CR; e<br \/>Recepcionista: CR.<\/li>\n\n\n\n<li><strong>N\u00edvel superior<\/strong><br \/>Analista de Sistemas: 1 vaga + CR;<br \/>Contador: 1 vaga + CR;<br \/>Fiscal: CR; e<br \/>Secret\u00e1rio Executivo: CR.<\/li>\n<\/ul>\n\n\n\n<h3 class=\"wp-block-heading\" id=\"h-remuneracoes\">Remunera\u00e7\u00f5es<\/h3>\n\n\n\n<p>Em 2016, as remunera\u00e7\u00f5es iniciais foram entre&nbsp;<strong>R$ 1.482,00<\/strong>&nbsp;e&nbsp;<strong>R$ 5.073,00<\/strong>.<\/p>\n\n\n\n<h3 class=\"wp-block-heading\" id=\"h-requisitos\">Requisitos<\/h3>\n\n\n\n<p>No edital de 2016 foram exigidos os seguintes requisitos: <\/p>\n\n\n\n<ul class=\"wp-block-list\">\n<li><strong>Motorista<\/strong> &#8211; Ensino M\u00e9dio Completo; CNH categoria \u201cB\u201d com pontua\u00e7\u00e3o que permita o pleno exerc\u00edcio do direito de dirigir e disponibilidade para viagens.<\/li>\n<\/ul>\n\n\n\n<ul class=\"wp-block-list\">\n<li><strong>Recepcionista<\/strong> &#8211; Ensino M\u00e9dio Completo.<\/li>\n<\/ul>\n\n\n\n<ul class=\"wp-block-list\">\n<li><strong>Analista de Sistemas <\/strong>&#8211; Curso Superior em Sistemas de Informa\u00e7\u00e3o ou An\u00e1lise de Sistemas ou Ci\u00eancia da Computa\u00e7\u00e3o ou Engenharia da Computa\u00e7\u00e3o.<\/li>\n<\/ul>\n\n\n\n<ul class=\"wp-block-list\">\n<li><strong>Contador<\/strong> &#8211; Curso Superior Completo em Ci\u00eancias Cont\u00e1beis; e Registro no \u00f3rg\u00e3o de classe.<\/li>\n<\/ul>\n\n\n\n<ul class=\"wp-block-list\">\n<li><strong>Fiscal <\/strong>&#8211; Curso Superior em Fisioterapia e\/ou Terapia Ocupacional; 02 anos de experi\u00eancia na profiss\u00e3o; baixa da inscri\u00e7\u00e3o no CREFITO para assun\u00e7\u00e3o do cargo; CNH categoria \u201cB\u201d com pontua\u00e7\u00e3o que permita o pleno exerc\u00edcio do direito de dirigir. Disponibilidade para viagens.<\/li>\n<\/ul>\n\n\n\n<ul class=\"wp-block-list\">\n<li><strong>Secret\u00e1rio Executivo<\/strong> &#8211; Curso Superior Completo em Secretariado Executivo.<\/li>\n<\/ul>\n\n\n\n<h2 class=\"wp-block-heading has-text-align-center\" id=\"h-quer-saber-tudo-sobre-concursos-previstos-confira-nossos-artigos\">Quer saber tudo sobre concursos previstos?<br \/>Confira  nossos artigos!<\/h2>\n\n\n\n<ul class=\"wp-block-list\">\n<li><a href=\"https:\/\/www.estrategiaconcursos.com.br\/blog\/concursos-abertos\/\" target=\"_blank\" rel=\"noreferrer noopener\">Concursos abertos<\/a><\/li>\n\n\n\n<li><a href=\"https:\/\/www.estrategiaconcursos.com.br\/blog\/concursos-conselhos\/\">Concursos conselhos<\/a><\/li>\n\n\n\n<li><a href=\"https:\/\/www.estrategiaconcursos.com.br\/blog\/concursos-2026\/\">Concursos 2026<\/a><\/li>\n<\/ul>\n\n\n\n<figure class=\"wp-block-image size-large is-resized\"><img loading=\"lazy\" decoding=\"async\" width=\"1024\" height=\"632\" src=\"https:\/\/dhg1h5j42swfq.cloudfront.net\/2025\/06\/27101122\/ficha-tecnica-1-1024x632.png\" alt=\"Informa\u00e7\u00f5es do edital CREFITO 5\" class=\"wp-image-702728\" style=\"width:269px;height:166px\" srcset=\"https:\/\/dhg1h5j42swfq.cloudfront.net\/2025\/06\/27101122\/ficha-tecnica-1-1024x632.png 1024w, https:\/\/dhg1h5j42swfq.cloudfront.net\/2025\/06\/27101122\/ficha-tecnica-1-300x185.png 300w, https:\/\/dhg1h5j42swfq.cloudfront.net\/2025\/06\/27101122\/ficha-tecnica-1-768x474.png 768w, https:\/\/dhg1h5j42swfq.cloudfront.net\/2025\/06\/27101122\/ficha-tecnica-1-1536x948.png 1536w, https:\/\/dhg1h5j42swfq.cloudfront.net\/2025\/06\/27101122\/ficha-tecnica-1-610x377.png 610w, https:\/\/dhg1h5j42swfq.cloudfront.net\/2025\/06\/27101122\/ficha-tecnica-1.png 1571w\" sizes=\"auto, (max-width: 1024px) 100vw, 1024px\" \/><\/figure>\n\n\n\n<h3 class=\"wp-block-heading\" id=\"block-ba1614b5-988b-41ef-892d-f4c9f7e9dd42\">Informa\u00e7\u00f5es do edital CREFITO 5<\/h3>\n\n\n\n<ul id=\"block-46dd482c-33cf-409c-8762-75c111403f14\" class=\"wp-block-list\">\n<li><strong>Provas<\/strong>: 12\/04\/2026<\/li>\n\n\n\n<li><strong>Vagas<\/strong>: 12 + 225 CR<\/li>\n\n\n\n<li><strong>Cargos<\/strong>: Agente e Assistente (diversas \u00e1reas)<\/li>\n\n\n\n<li><strong>Banca<\/strong>: Instituto Consulplan<\/li>\n\n\n\n<li><strong>Escolaridade<\/strong>: n\u00edveis m\u00e9dio e superior <\/li>\n\n\n\n<li><strong>\u00daltimo Edital:&nbsp;<\/strong><a href=\"https:\/\/dhg1h5j42swfq.cloudfront.net\/2022\/10\/24083213\/edital_01_2016_crefito5.pdf\" target=\"_blank\" rel=\"noreferrer noopener nofollow\">CREFITO 5 2016<\/a><\/li>\n<\/ul>\n\n\n\n<h2 class=\"wp-block-heading has-text-align-center\">Cursos para concursos:<\/h2>\n\n\n\n<div class=\"container\" id=\"boxes\">\n  <div class=\"row\">\n\n    <div class=\"col-sm\">\n      <div class=\"estrategia\" id=\"box-assinatura\">\n        <h3 class=\"titulo-assinatura\">Assinatura de Concursos<\/h3>\n        <p class=\"subtitulo-assinatura\">Assinatura de 1 ano ou 2 anos<\/p>\n        <div class=\"box-botao\">\n          <a class=\"btn-assinatura\" target=\"_blank\" href=\"https:\/\/www.estrategiaconcursos.com.br\/assinaturas\/\" role=\"button\" rel=\"noopener noreferrer\">ASSINE AGORA<\/a>\n        <\/div>\n      <\/div>\n     \n    <\/div><\/div><\/div>\n","protected":false},"excerpt":{"rendered":"<p>O Conselho Regional de Fisioterapia e Terapia Ocupacional da 5\u00aa Regi\u00e3o (CREFITO 5) oferece 12 vagas imediatas mais 225 de cadastro reserva para n\u00edvel m\u00e9dio e superior. As provas objetivas de m\u00faltipla escolha ser\u00e3o realizadas nos munic\u00edpios de Porto Alegre\/RS, Caxias do Sul\/RS, Santa Maria\/RS e Pelotas\/RS, em 12 de abril de 2026. Cursos para [&hellip;]<\/p>\n","protected":false},"author":1788,"featured_media":698684,"comment_status":"open","ping_status":"closed","sticky":false,"template":"","format":"standard","meta":{"post_tipo":"news_page","footnotes":""},"categories":[222234,220219],"tags":[],"tax_estado":[219986],"class_list":["post-1114384","post","type-post","status-publish","format-standard","has-post-thumbnail","hentry","category-conselhos-regionais","category-noticias","tax_estado-rs"],"acf":[],"yoast_head":"<!-- This site is optimized with the Yoast SEO Premium plugin v27.2 (Yoast SEO v27.2) - https:\/\/yoast.com\/product\/yoast-seo-premium-wordpress\/ -->\n<title>Concurso CREFITO 5: provas em abril<\/title>\n<meta name=\"description\" content=\"Concurso CREFITO 5: novo edital oferta 12 vagas + 225 CR para cargos de n\u00edveis m\u00e9dio e superior. Inscri\u00e7\u00f5es at\u00e9 05\/03.\" \/>\n<meta name=\"robots\" content=\"index, follow, max-snippet:-1, max-image-preview:large, max-video-preview:-1\" \/>\n<link rel=\"canonical\" href=\"https:\/\/www.estrategiaconcursos.com.br\/blog\/concurso-crefito-5\/\" \/>\n<meta property=\"og:locale\" content=\"pt_BR\" \/>\n<meta property=\"og:type\" content=\"article\" \/>\n<meta property=\"og:title\" content=\"Concurso CREFITO 5: provas em abril\" \/>\n<meta property=\"og:description\" content=\"Concurso CREFITO 5: novo edital oferta 12 vagas + 225 CR para cargos de n\u00edveis m\u00e9dio e superior. Inscri\u00e7\u00f5es at\u00e9 05\/03.\" \/>\n<meta property=\"og:url\" content=\"https:\/\/www.estrategiaconcursos.com.br\/blog\/concurso-crefito-5\/\" \/>\n<meta property=\"og:site_name\" content=\"Estrat\u00e9gia Concursos\" \/>\n<meta property=\"article:published_time\" content=\"2026-03-06T12:14:00+00:00\" \/>\n<meta property=\"article:modified_time\" content=\"2026-03-06T12:41:43+00:00\" \/>\n<meta property=\"og:image\" content=\"https:\/\/dhg1h5j42swfq.cloudfront.net\/2021\/02\/22171500\/concursos-conselhos.jpg\" \/>\n\t<meta property=\"og:image:width\" content=\"1200\" \/>\n\t<meta property=\"og:image:height\" content=\"628\" \/>\n\t<meta property=\"og:image:type\" content=\"image\/jpeg\" \/>\n<meta name=\"author\" content=\"Coordena\u00e7\u00e3o\" \/>\n<meta name=\"twitter:card\" content=\"summary_large_image\" \/>\n<meta name=\"twitter:creator\" content=\"@EstratConcursos\" \/>\n<meta name=\"twitter:site\" content=\"@EstratConcursos\" \/>\n<meta name=\"twitter:label1\" content=\"Escrito por\" \/>\n\t<meta name=\"twitter:data1\" content=\"Coordena\u00e7\u00e3o\" \/>\n\t<meta name=\"twitter:label2\" content=\"Est. tempo de leitura\" \/>\n\t<meta name=\"twitter:data2\" content=\"5 minutos\" \/>\n<script type=\"application\/ld+json\" class=\"yoast-schema-graph\">{\"@context\":\"https:\/\/schema.org\",\"@graph\":[{\"@type\":\"NewsArticle\",\"@id\":\"https:\/\/www.estrategiaconcursos.com.br\/blog\/concurso-crefito-5\/#article\",\"isPartOf\":{\"@id\":\"https:\/\/www.estrategiaconcursos.com.br\/blog\/concurso-crefito-5\/\"},\"author\":{\"name\":\"Coordena\u00e7\u00e3o\",\"@id\":\"https:\/\/www.estrategiaconcursos.com.br\/blog\/#\/schema\/person\/045703eed12dcfcc3fc58d658357c347\"},\"headline\":\"Concurso CREFITO 5: provas em abril\",\"datePublished\":\"2026-03-06T12:14:00+00:00\",\"dateModified\":\"2026-03-06T12:41:43+00:00\",\"mainEntityOfPage\":{\"@id\":\"https:\/\/www.estrategiaconcursos.com.br\/blog\/concurso-crefito-5\/\"},\"wordCount\":1000,\"commentCount\":0,\"publisher\":{\"@id\":\"https:\/\/www.estrategiaconcursos.com.br\/blog\/#organization\"},\"image\":{\"@id\":\"https:\/\/www.estrategiaconcursos.com.br\/blog\/concurso-crefito-5\/#primaryimage\"},\"thumbnailUrl\":\"https:\/\/dhg1h5j42swfq.cloudfront.net\/2021\/02\/22171500\/concursos-conselhos.jpg\",\"articleSection\":[\"Conselhos Regionais\",\"\u00daltimas not\u00edcias\"],\"inLanguage\":\"pt-BR\",\"potentialAction\":[{\"@type\":\"CommentAction\",\"name\":\"Comment\",\"target\":[\"https:\/\/www.estrategiaconcursos.com.br\/blog\/concurso-crefito-5\/#respond\"]}],\"copyrightYear\":\"2026\",\"copyrightHolder\":{\"@id\":\"https:\/\/www.estrategiaconcursos.com.br\/blog\/#organization\"}},{\"@type\":\"WebPage\",\"@id\":\"https:\/\/www.estrategiaconcursos.com.br\/blog\/concurso-crefito-5\/\",\"url\":\"https:\/\/www.estrategiaconcursos.com.br\/blog\/concurso-crefito-5\/\",\"name\":\"Concurso CREFITO 5: provas em abril\",\"isPartOf\":{\"@id\":\"https:\/\/www.estrategiaconcursos.com.br\/blog\/#website\"},\"primaryImageOfPage\":{\"@id\":\"https:\/\/www.estrategiaconcursos.com.br\/blog\/concurso-crefito-5\/#primaryimage\"},\"image\":{\"@id\":\"https:\/\/www.estrategiaconcursos.com.br\/blog\/concurso-crefito-5\/#primaryimage\"},\"thumbnailUrl\":\"https:\/\/dhg1h5j42swfq.cloudfront.net\/2021\/02\/22171500\/concursos-conselhos.jpg\",\"datePublished\":\"2026-03-06T12:14:00+00:00\",\"dateModified\":\"2026-03-06T12:41:43+00:00\",\"description\":\"Concurso CREFITO 5: novo edital oferta 12 vagas + 225 CR para cargos de n\u00edveis m\u00e9dio e superior. Inscri\u00e7\u00f5es at\u00e9 05\/03.\",\"breadcrumb\":{\"@id\":\"https:\/\/www.estrategiaconcursos.com.br\/blog\/concurso-crefito-5\/#breadcrumb\"},\"inLanguage\":\"pt-BR\",\"potentialAction\":[{\"@type\":\"ReadAction\",\"target\":[\"https:\/\/www.estrategiaconcursos.com.br\/blog\/concurso-crefito-5\/\"]}]},{\"@type\":\"ImageObject\",\"inLanguage\":\"pt-BR\",\"@id\":\"https:\/\/www.estrategiaconcursos.com.br\/blog\/concurso-crefito-5\/#primaryimage\",\"url\":\"https:\/\/dhg1h5j42swfq.cloudfront.net\/2021\/02\/22171500\/concursos-conselhos.jpg\",\"contentUrl\":\"https:\/\/dhg1h5j42swfq.cloudfront.net\/2021\/02\/22171500\/concursos-conselhos.jpg\",\"width\":1200,\"height\":628,\"caption\":\"concursos conselhos\"},{\"@type\":\"BreadcrumbList\",\"@id\":\"https:\/\/www.estrategiaconcursos.com.br\/blog\/concurso-crefito-5\/#breadcrumb\",\"itemListElement\":[{\"@type\":\"ListItem\",\"position\":1,\"name\":\"In\u00edcio\",\"item\":\"https:\/\/www.estrategiaconcursos.com.br\/blog\/\"},{\"@type\":\"ListItem\",\"position\":2,\"name\":\"Concurso CREFITO 5: provas em abril\"}]},{\"@type\":\"WebSite\",\"@id\":\"https:\/\/www.estrategiaconcursos.com.br\/blog\/#website\",\"url\":\"https:\/\/www.estrategiaconcursos.com.br\/blog\/\",\"name\":\"Estrat\u00e9gia Concursos\",\"description\":\"O blog da Estrat\u00e9gia Concursos traz not\u00edcias sobre concursos e artigos de professores oferecendo cursos para concursos (pdf + videaulas) no site.\",\"publisher\":{\"@id\":\"https:\/\/www.estrategiaconcursos.com.br\/blog\/#organization\"},\"potentialAction\":[{\"@type\":\"SearchAction\",\"target\":{\"@type\":\"EntryPoint\",\"urlTemplate\":\"https:\/\/www.estrategiaconcursos.com.br\/blog\/?s={search_term_string}\"},\"query-input\":{\"@type\":\"PropertyValueSpecification\",\"valueRequired\":true,\"valueName\":\"search_term_string\"}}],\"inLanguage\":\"pt-BR\"},{\"@type\":\"Organization\",\"@id\":\"https:\/\/www.estrategiaconcursos.com.br\/blog\/#organization\",\"name\":\"Estrat\u00e9gia Concursos\",\"url\":\"https:\/\/www.estrategiaconcursos.com.br\/blog\/\",\"logo\":{\"@type\":\"ImageObject\",\"inLanguage\":\"pt-BR\",\"@id\":\"https:\/\/www.estrategiaconcursos.com.br\/blog\/#\/schema\/logo\/image\/\",\"url\":\"https:\/\/dhg1h5j42swfq.cloudfront.net\/2025\/06\/03203428\/logo_concursos-1.jpg\",\"contentUrl\":\"https:\/\/dhg1h5j42swfq.cloudfront.net\/2025\/06\/03203428\/logo_concursos-1.jpg\",\"width\":230,\"height\":60,\"caption\":\"Estrat\u00e9gia Concursos\"},\"image\":{\"@id\":\"https:\/\/www.estrategiaconcursos.com.br\/blog\/#\/schema\/logo\/image\/\"},\"sameAs\":[\"https:\/\/x.com\/EstratConcursos\"]},{\"@type\":\"Person\",\"@id\":\"https:\/\/www.estrategiaconcursos.com.br\/blog\/#\/schema\/person\/045703eed12dcfcc3fc58d658357c347\",\"name\":\"Coordena\u00e7\u00e3o\",\"image\":{\"@type\":\"ImageObject\",\"inLanguage\":\"pt-BR\",\"@id\":\"https:\/\/secure.gravatar.com\/avatar\/f3095faeb99f4ee382a251aa279c830bd3f320ce3b5f2b4981bcc67f49efef63?s=96&d=mm&r=g\",\"url\":\"https:\/\/secure.gravatar.com\/avatar\/f3095faeb99f4ee382a251aa279c830bd3f320ce3b5f2b4981bcc67f49efef63?s=96&d=mm&r=g\",\"contentUrl\":\"https:\/\/secure.gravatar.com\/avatar\/f3095faeb99f4ee382a251aa279c830bd3f320ce3b5f2b4981bcc67f49efef63?s=96&d=mm&r=g\",\"caption\":\"Coordena\u00e7\u00e3o\"},\"url\":\"https:\/\/www.estrategiaconcursos.com.br\/blog\/author\/contatoestrategiaconcursos-com-br-2\/\"}]}<\/script>\n<!-- \/ Yoast SEO Premium plugin. -->","yoast_head_json":{"title":"Concurso CREFITO 5: provas em abril","description":"Concurso CREFITO 5: novo edital oferta 12 vagas + 225 CR para cargos de n\u00edveis m\u00e9dio e superior. Inscri\u00e7\u00f5es at\u00e9 05\/03.","robots":{"index":"index","follow":"follow","max-snippet":"max-snippet:-1","max-image-preview":"max-image-preview:large","max-video-preview":"max-video-preview:-1"},"canonical":"https:\/\/www.estrategiaconcursos.com.br\/blog\/concurso-crefito-5\/","og_locale":"pt_BR","og_type":"article","og_title":"Concurso CREFITO 5: provas em abril","og_description":"Concurso CREFITO 5: novo edital oferta 12 vagas + 225 CR para cargos de n\u00edveis m\u00e9dio e superior. Inscri\u00e7\u00f5es at\u00e9 05\/03.","og_url":"https:\/\/www.estrategiaconcursos.com.br\/blog\/concurso-crefito-5\/","og_site_name":"Estrat\u00e9gia Concursos","article_published_time":"2026-03-06T12:14:00+00:00","article_modified_time":"2026-03-06T12:41:43+00:00","og_image":[{"width":1200,"height":628,"url":"https:\/\/dhg1h5j42swfq.cloudfront.net\/2021\/02\/22171500\/concursos-conselhos.jpg","type":"image\/jpeg"}],"author":"Coordena\u00e7\u00e3o","twitter_card":"summary_large_image","twitter_creator":"@EstratConcursos","twitter_site":"@EstratConcursos","twitter_misc":{"Escrito por":"Coordena\u00e7\u00e3o","Est. tempo de leitura":"5 minutos"},"schema":{"@context":"https:\/\/schema.org","@graph":[{"@type":"NewsArticle","@id":"https:\/\/www.estrategiaconcursos.com.br\/blog\/concurso-crefito-5\/#article","isPartOf":{"@id":"https:\/\/www.estrategiaconcursos.com.br\/blog\/concurso-crefito-5\/"},"author":{"name":"Coordena\u00e7\u00e3o","@id":"https:\/\/www.estrategiaconcursos.com.br\/blog\/#\/schema\/person\/045703eed12dcfcc3fc58d658357c347"},"headline":"Concurso CREFITO 5: provas em abril","datePublished":"2026-03-06T12:14:00+00:00","dateModified":"2026-03-06T12:41:43+00:00","mainEntityOfPage":{"@id":"https:\/\/www.estrategiaconcursos.com.br\/blog\/concurso-crefito-5\/"},"wordCount":1000,"commentCount":0,"publisher":{"@id":"https:\/\/www.estrategiaconcursos.com.br\/blog\/#organization"},"image":{"@id":"https:\/\/www.estrategiaconcursos.com.br\/blog\/concurso-crefito-5\/#primaryimage"},"thumbnailUrl":"https:\/\/dhg1h5j42swfq.cloudfront.net\/2021\/02\/22171500\/concursos-conselhos.jpg","articleSection":["Conselhos Regionais","\u00daltimas not\u00edcias"],"inLanguage":"pt-BR","potentialAction":[{"@type":"CommentAction","name":"Comment","target":["https:\/\/www.estrategiaconcursos.com.br\/blog\/concurso-crefito-5\/#respond"]}],"copyrightYear":"2026","copyrightHolder":{"@id":"https:\/\/www.estrategiaconcursos.com.br\/blog\/#organization"}},{"@type":"WebPage","@id":"https:\/\/www.estrategiaconcursos.com.br\/blog\/concurso-crefito-5\/","url":"https:\/\/www.estrategiaconcursos.com.br\/blog\/concurso-crefito-5\/","name":"Concurso CREFITO 5: provas em abril","isPartOf":{"@id":"https:\/\/www.estrategiaconcursos.com.br\/blog\/#website"},"primaryImageOfPage":{"@id":"https:\/\/www.estrategiaconcursos.com.br\/blog\/concurso-crefito-5\/#primaryimage"},"image":{"@id":"https:\/\/www.estrategiaconcursos.com.br\/blog\/concurso-crefito-5\/#primaryimage"},"thumbnailUrl":"https:\/\/dhg1h5j42swfq.cloudfront.net\/2021\/02\/22171500\/concursos-conselhos.jpg","datePublished":"2026-03-06T12:14:00+00:00","dateModified":"2026-03-06T12:41:43+00:00","description":"Concurso CREFITO 5: novo edital oferta 12 vagas + 225 CR para cargos de n\u00edveis m\u00e9dio e superior. Inscri\u00e7\u00f5es at\u00e9 05\/03.","breadcrumb":{"@id":"https:\/\/www.estrategiaconcursos.com.br\/blog\/concurso-crefito-5\/#breadcrumb"},"inLanguage":"pt-BR","potentialAction":[{"@type":"ReadAction","target":["https:\/\/www.estrategiaconcursos.com.br\/blog\/concurso-crefito-5\/"]}]},{"@type":"ImageObject","inLanguage":"pt-BR","@id":"https:\/\/www.estrategiaconcursos.com.br\/blog\/concurso-crefito-5\/#primaryimage","url":"https:\/\/dhg1h5j42swfq.cloudfront.net\/2021\/02\/22171500\/concursos-conselhos.jpg","contentUrl":"https:\/\/dhg1h5j42swfq.cloudfront.net\/2021\/02\/22171500\/concursos-conselhos.jpg","width":1200,"height":628,"caption":"concursos conselhos"},{"@type":"BreadcrumbList","@id":"https:\/\/www.estrategiaconcursos.com.br\/blog\/concurso-crefito-5\/#breadcrumb","itemListElement":[{"@type":"ListItem","position":1,"name":"In\u00edcio","item":"https:\/\/www.estrategiaconcursos.com.br\/blog\/"},{"@type":"ListItem","position":2,"name":"Concurso CREFITO 5: provas em abril"}]},{"@type":"WebSite","@id":"https:\/\/www.estrategiaconcursos.com.br\/blog\/#website","url":"https:\/\/www.estrategiaconcursos.com.br\/blog\/","name":"Estrat\u00e9gia Concursos","description":"O blog da Estrat\u00e9gia Concursos traz not\u00edcias sobre concursos e artigos de professores oferecendo cursos para concursos (pdf + videaulas) no site.","publisher":{"@id":"https:\/\/www.estrategiaconcursos.com.br\/blog\/#organization"},"potentialAction":[{"@type":"SearchAction","target":{"@type":"EntryPoint","urlTemplate":"https:\/\/www.estrategiaconcursos.com.br\/blog\/?s={search_term_string}"},"query-input":{"@type":"PropertyValueSpecification","valueRequired":true,"valueName":"search_term_string"}}],"inLanguage":"pt-BR"},{"@type":"Organization","@id":"https:\/\/www.estrategiaconcursos.com.br\/blog\/#organization","name":"Estrat\u00e9gia Concursos","url":"https:\/\/www.estrategiaconcursos.com.br\/blog\/","logo":{"@type":"ImageObject","inLanguage":"pt-BR","@id":"https:\/\/www.estrategiaconcursos.com.br\/blog\/#\/schema\/logo\/image\/","url":"https:\/\/dhg1h5j42swfq.cloudfront.net\/2025\/06\/03203428\/logo_concursos-1.jpg","contentUrl":"https:\/\/dhg1h5j42swfq.cloudfront.net\/2025\/06\/03203428\/logo_concursos-1.jpg","width":230,"height":60,"caption":"Estrat\u00e9gia Concursos"},"image":{"@id":"https:\/\/www.estrategiaconcursos.com.br\/blog\/#\/schema\/logo\/image\/"},"sameAs":["https:\/\/x.com\/EstratConcursos"]},{"@type":"Person","@id":"https:\/\/www.estrategiaconcursos.com.br\/blog\/#\/schema\/person\/045703eed12dcfcc3fc58d658357c347","name":"Coordena\u00e7\u00e3o","image":{"@type":"ImageObject","inLanguage":"pt-BR","@id":"https:\/\/secure.gravatar.com\/avatar\/f3095faeb99f4ee382a251aa279c830bd3f320ce3b5f2b4981bcc67f49efef63?s=96&d=mm&r=g","url":"https:\/\/secure.gravatar.com\/avatar\/f3095faeb99f4ee382a251aa279c830bd3f320ce3b5f2b4981bcc67f49efef63?s=96&d=mm&r=g","contentUrl":"https:\/\/secure.gravatar.com\/avatar\/f3095faeb99f4ee382a251aa279c830bd3f320ce3b5f2b4981bcc67f49efef63?s=96&d=mm&r=g","caption":"Coordena\u00e7\u00e3o"},"url":"https:\/\/www.estrategiaconcursos.com.br\/blog\/author\/contatoestrategiaconcursos-com-br-2\/"}]}},"_links":{"self":[{"href":"https:\/\/www.estrategiaconcursos.com.br\/blog\/wp-json\/wp\/v2\/posts\/1114384","targetHints":{"allow":["GET"]}}],"collection":[{"href":"https:\/\/www.estrategiaconcursos.com.br\/blog\/wp-json\/wp\/v2\/posts"}],"about":[{"href":"https:\/\/www.estrategiaconcursos.com.br\/blog\/wp-json\/wp\/v2\/types\/post"}],"author":[{"embeddable":true,"href":"https:\/\/www.estrategiaconcursos.com.br\/blog\/wp-json\/wp\/v2\/users\/1788"}],"replies":[{"embeddable":true,"href":"https:\/\/www.estrategiaconcursos.com.br\/blog\/wp-json\/wp\/v2\/comments?post=1114384"}],"version-history":[{"count":31,"href":"https:\/\/www.estrategiaconcursos.com.br\/blog\/wp-json\/wp\/v2\/posts\/1114384\/revisions"}],"predecessor-version":[{"id":1726635,"href":"https:\/\/www.estrategiaconcursos.com.br\/blog\/wp-json\/wp\/v2\/posts\/1114384\/revisions\/1726635"}],"wp:featuredmedia":[{"embeddable":true,"href":"https:\/\/www.estrategiaconcursos.com.br\/blog\/wp-json\/wp\/v2\/media\/698684"}],"wp:attachment":[{"href":"https:\/\/www.estrategiaconcursos.com.br\/blog\/wp-json\/wp\/v2\/media?parent=1114384"}],"wp:term":[{"taxonomy":"category","embeddable":true,"href":"https:\/\/www.estrategiaconcursos.com.br\/blog\/wp-json\/wp\/v2\/categories?post=1114384"},{"taxonomy":"post_tag","embeddable":true,"href":"https:\/\/www.estrategiaconcursos.com.br\/blog\/wp-json\/wp\/v2\/tags?post=1114384"},{"taxonomy":"tax_estado","embeddable":true,"href":"https:\/\/www.estrategiaconcursos.com.br\/blog\/wp-json\/wp\/v2\/tax_estado?post=1114384"}],"curies":[{"name":"wp","href":"https:\/\/api.w.org\/{rel}","templated":true}]}}