{"id":111392,"date":"2018-03-13T17:06:24","date_gmt":"2018-03-13T20:06:24","guid":{"rendered":"https:\/\/www.estrategiaconcursos.com.br\/blog\/?p=111392"},"modified":"2020-07-16T11:12:52","modified_gmt":"2020-07-16T14:12:52","slug":"informativo-stj-617-direito-administrativo","status":"publish","type":"post","link":"https:\/\/www.estrategiaconcursos.com.br\/blog\/informativo-stj-617-direito-administrativo\/","title":{"rendered":"Informativo STJ 617 | Direito Administrativo: Nomea\u00e7\u00e3o tardia em concurso p\u00fablico"},"content":{"rendered":"<p class=\"western\" style=\"text-align: justify;\">Ol\u00e1 pessoal, tudo bom?<\/p>\n<p class=\"western\" style=\"text-align: justify;\">Meu nome \u00e9 Igor Maciel e sou professor aqui do Estrat\u00e9gia Concursos das disciplinas de Direito Administrativo e de Direito do Consumidor.<\/p>\n<p style=\"text-align: justify;\">Do&nbsp;<a href=\"https:\/\/www.estrategiaconcursos.com.br\/blog\/informativo-stj-615-estrategico\/\" target=\"_blank\" rel=\"noopener noreferrer\">Informativo Estrat\u00e9gico STJ 617<\/a>, selecionei o <a href=\"http:\/\/www.stj.jus.br\/SCON\/jurisprudencia\/toc.jsp?processo=1238344&amp;&amp;b=ACOR&amp;thesaurus=JURIDICO&amp;p=true\" target=\"_blank\" rel=\"noopener noreferrer\">REsp&nbsp;<span class=\"highlightBrs\">1238344<\/span>-MG.<\/a> Aqui voc\u00ea vai poder conhecer mais detalhes do ac\u00f3rd\u00e3o de novembro de 2017 que abordou quest\u00f5es importantes que podem te ajudar nos seus estudos.<\/p>\n<p style=\"text-align: justify;\">Convido-os a seguir minhas redes sociais onde deixo v\u00e1rias dicas para seus estudos:&nbsp;<a href=\"https:\/\/www.instagram.com\/profigormaciel\/\" target=\"_blank\" rel=\"noopener noreferrer\">@profigormaciel<\/a><\/p>\n<p>Estruturamos a an\u00e1lise do julgado em tr\u00eas partes: come\u00e7amos por um&nbsp;<strong>resumo do caso<\/strong>, seguido de uma an\u00e1lise detida do&nbsp;<strong>conte\u00fado te\u00f3rico pertinente&nbsp;<\/strong>aos dois julgados, para analisar&nbsp;<strong>quest\u00f5es de prova<\/strong>. Assim, voc\u00ea poder\u00e1 ver como essas tem\u00e1ticas podem ser abordadas no seu concurso.<\/p>\n<hr \/>\n<h2>Ementa<\/h2>\n<blockquote><p><span style=\"color: #000000;\"><em>ADMINISTRATIVO. CONCURSO PARA INGRESSO NA CARREIRA DO MINIST\u00c9RIO P\u00daBLICO DE MINAS GERAIS. NOMEA\u00c7\u00c3O TARDIA. ERRO RECONHECIDO PELA PR\u00d3PRIA ADMINISTRA\u00c7\u00c3O. INDENIZA\u00c7\u00c3O. REMUNERA\u00c7\u00c3O RETROATIVA.<\/em><\/span><br \/>\n<span style=\"color: #000000;\"><em>IMPOSSIBILIDADE. 1. O Superior Tribunal de Justi\u00e7a firmou a compreens\u00e3o de que candidatos aprovados em concurso p\u00fablico, que tiveram suas nomea\u00e7\u00f5es tardiamente efetivadas, n\u00e3o t\u00eam direito \u00e0 indeniza\u00e7\u00e3o.<\/em><\/span><br \/>\n<span style=\"color: #000000;\"><em>2. Cumpre destacar que esse entendimento foi pacificado no Supremo Tribunal Federal, em repercuss\u00e3o geral, no julgamento do Recurso Extraordin\u00e1rio 724.347\/DF, Rel. p\/ ac\u00f3rd\u00e3o Ministro Roberto Barroso, julgado em 26\/02\/2015, DJe 13\/05\/2015, restando consolidada a tese de que, &#8220;na hip\u00f3tese de posse em cargo p\u00fablico determinada por decis\u00e3o judicial, o servidor n\u00e3o faz jus a indeniza\u00e7\u00e3o, sob fundamento de que deveria ter sido investido em momento anterior, salvo situa\u00e7\u00e3o de arbitrariedade flagrante.&#8221; 3 &#8211; A circunst\u00e2ncia de que, na hip\u00f3tese dos autos, o erro pela demora na nomea\u00e7\u00e3o do autor foi reconhecido pela pr\u00f3pria Administra\u00e7\u00e3o (MP\/MG), e n\u00e3o por decis\u00e3o judicial, n\u00e3o afasta a aplica\u00e7\u00e3o da mencionada e firme orienta\u00e7\u00e3o jurisprudencial, pois a ratio decidendi constante dos precedentes do Superior Tribunal de Justi\u00e7a e do Supremo Tribunal Federal consagra a compreens\u00e3o de que o pagamento de remunera\u00e7\u00e3o e a percep\u00e7\u00e3o de demais vantagens por servidor p\u00fablico pressup\u00f5e o efetivo exerc\u00edcio no cargo (situa\u00e7\u00e3o inocorrente na esp\u00e9cie), sob pena de enriquecimento sem causa.<\/em><\/span><br \/>\n<span style=\"color: #000000;\"><em>4 &#8211; Por fim, cumpre salientar que a din\u00e2mica historiada na presente lide n\u00e3o evidencia tenha a Administra\u00e7\u00e3o agido de forma arbitr\u00e1ria.<\/em><\/span><br \/>\n<span style=\"color: #000000;\"><em>5 &#8211; Recurso especial a que se nega provimento.<\/em><\/span><br \/>\n<span style=\"color: #000000;\"><em>(REsp 1238344\/MG, Rel. Ministro S\u00c9RGIO KUKINA, PRIMEIRA TURMA, julgado em 30\/11\/2017, DJe 19\/12\/2017)<\/em><\/span><\/p><\/blockquote>\n<h2><span style=\"color: #000000;\"><strong>Apresenta\u00e7\u00e3o resumida do caso<\/strong><\/span><\/h2>\n<p><span style=\"color: #000000;\">Segue o relat\u00f3rio do voto do referido Recurso Especial:<\/span><\/p>\n<blockquote><p><span style=\"color: #000000;\"><em>Trata-se de recurso especial manejado com fundamento no art. 105, III, a e c, da CF, contra ac\u00f3rd\u00e3o proferido pelo Tribunal de Justi\u00e7a do Estado de Minas Gerais, assim ementado (fl. 223):<\/em><\/span><br \/>\n<span style=\"color: #000000;\"><em>ADMINISTRATIVO &#8211; CONCURSO P\u00daBLICO &#8211; APROVA\u00c7\u00c3O &#8211; FATO QUE GERA MERA EXPECTATIVA DE DIREITO &#8211; INDENIZA\u00c7\u00c3O &#8211; DESCABIMENTO.<\/em><\/span><br \/>\n<span style=\"color: #000000;\"><em>Opostos embargos declarat\u00f3rios, foram rejeitados ante a inexist\u00eancia dos v\u00edcios elencados no art. 535 do CPC.<\/em><\/span><br \/>\n<span style=\"color: #000000;\"><em>A parte recorrente aponta, preliminarmente, ofensa ao artigo 535 do CPC, sustentando que o Tribunal de origem, mesmo provocado em sede de embargos declarat\u00f3rios, foi omisso quanto ao exame de quest\u00f5es relevantes para o deslinde da controv\u00e9rsia.<\/em><\/span><br \/>\n<span style=\"color: #000000;\"><em>Em rela\u00e7\u00e3o ao m\u00e9rito, indica, al\u00e9m de diverg\u00eancia jurisprudencial, ofensa aos artigos 43, 186 e 927 do C\u00f3digo Civil, sustentando que &#8220;\u00e9 devida a indeniza\u00e7\u00e3o por dano patrimonial a concorrente de certamente p\u00fablico aprovado mas que, por erro da Administra\u00e7\u00e3o P\u00fablica, deixa de tomar posse na data em que deveria, vindo a faz\u00ea-lo tardiamente&#8221; , bem assim que &#8220;mencionada indeniza\u00e7\u00e3o, por seu turno, deve consistir no somat\u00f3rio de todos os vencimentos e vantagens decorrentes do exerc\u00edcio do cargo, os quais, destarte, o indiv\u00edduo deixou de perceber em raz\u00e3o do equ\u00edvoco perpetrado pela Administra\u00e7\u00e3o P\u00fablica&#8221; (fl. 254)<\/em><\/span><br \/>\n<span style=\"color: #000000;\"><em>Enfatiza que &#8220;o equ\u00edvoco da Administra\u00e7\u00e3o P\u00fablica no c\u00e1lculo da m\u00e9dia final dos candidatos, afetando a ordem classificat\u00f3ria do concurso em quest\u00e3o, trouxe graves danos ao recorrente que merecem ser reparados, sendo certo ainda que a negativa da Administra\u00e7\u00e3o P\u00fablica ao pagamento do valor por ela devido, em raz\u00e3o de erro por ela mesmo cometido e reconhecido, fere princ\u00edpios constitucionalmente consagrados&#8221;.<\/em><\/span><br \/>\n<span style=\"color: #000000;\"><em>Houve contra-raz\u00f5es (fls. 289\u2044297).<\/em><\/span><br \/>\n<span style=\"color: #000000;\"><em>Admitido o recurso na origem (fls. 309\u2044310), os autos subiram a esta Corte.<\/em><\/span><br \/>\n<span style=\"color: #000000;\"><em>Neste Superior Tribunal de Justi\u00e7a, o relator origin\u00e1rio do feito, Ministro Teori Zavascki, proferiu 3 (tr\u00eas) decis\u00f5es: pela primeira (fls. 323\u2044324), deu provimento ao recurso especial para condenar o Estado de Minas Gerais a indenizar o autor em valor a ser calculado em liquida\u00e7\u00e3o de senten\u00e7a; na segunda (fls. 340\u2044341), apreciando agravo regimental manejado pelo ente p\u00fablico, reconsiderou a decis\u00e3o anterior para negar seguimento ao recurso especial, enquanto que na terceira, julgando novo agravo regimental interposto pelo autor, tornou sem efeito a decis\u00e3o de fls. 340\u2044341, &#8220;para que o recurso seja, oportunamente, colocado em pauta de julgamento da Turma&#8221;.<\/em><\/span><\/p><\/blockquote>\n<p><span style=\"color: #000000;\">Em suma, o caso trata de um Promotor de Justi\u00e7a que reconhecidamente (por parte da Administra\u00e7\u00e3o P\u00fablica) foi nomeado tardiamente.<\/span><\/p>\n<p><span style=\"color: #000000;\">Assim, requereu danos, inclusive relativos aos vencimentos de sua carreira caso houvesse sido nomeado regularmente.<\/span><\/p>\n<h2><strong>Conte\u00fado te\u00f3rico pertinente<\/strong><\/h2>\n<p><span style=\"color: #000000;\">A mat\u00e9ria em quest\u00e3o j\u00e1 foi demasiadamente discutida nos Tribunais Superiores (STJ e STF) a ponto de ser firmado entendimento jurisprudencial. <\/span><\/p>\n<p><span style=\"color: #000000;\">Segue, no caso, as ementas dos julgados referidos no REsp ora analisado, <strong>destacando-se o ac\u00f3rd\u00e3o do Relator Min. Roberto Barroso<\/strong>:<br \/>\n<\/span><\/p>\n<blockquote><p><span style=\"color: #000000;\"><em>CONCURSO P\u00daBLICO \u2013 ATO JUDICIAL DETERMINANDO A NOMEA\u00c7\u00c3O \u2013 PROJE\u00c7\u00c3O NO TEMPO \u2013 INDENIZA\u00c7\u00c3O \u2013 RECONHECIMENTO NA ORIGEM \u2013 RECURSO EXTRAORDIN\u00c1RIO \u2013 REPERCUSS\u00c3O GERAL ADMITIDA. Possui repercuss\u00e3o geral a controv\u00e9rsia relativa ao direito de candidatos aprovados em concurso p\u00fablico \u00e0 indeniza\u00e7\u00e3o por danos materiais em decorr\u00eancia da demora na nomea\u00e7\u00e3o determinada judicialmente.<\/em><\/span><br \/>\n<span style=\"color: #000000;\"><em>(&#8230;)<\/em><\/span><br \/>\n<span style=\"color: #000000;\"><em><strong><u>AC\u00d3RD\u00c3O<br \/>\n<\/u><\/strong>Vistos, relatados e discutidos estes autos, acordam os Ministros do Supremo Tribunal Federal, sob a Presid\u00eancia do Ministro Ricardo Lewandowski, na conformidade da ata de julgamento e das notas taquigr\u00e1ficas, por maioria de votos, em dar provimento ao recurso extraordin\u00e1rio, assentando-se a <strong>tese de que, na hip\u00f3tese de posse em cargo p\u00fablico determinada por decis\u00e3o judicial, o servidor n\u00e3o faz jus \u00e0 indeniza\u00e7\u00e3o sob fundamento de que deveria ter sido investido em momento anterior<\/strong>, salvo situa\u00e7\u00e3o de arbitrariedade flagrante. Redigir\u00e1 o ac\u00f3rd\u00e3o o Ministro Lu\u00eds Roberto Barroso. Vencidos os Ministros Marco Aur\u00e9lio (Relator) e Luiz Fux, apreciando a tese 671 da repercuss\u00e3o geral. Ausente, justificadamente, o Ministro Dias Toffoli. Bras\u00edlia, 26 de fevereiro de 2015.<\/em><\/span><\/p>\n<p><span style=\"color: #000000;\"><em>(STF &#8211; RE: 724347 DF, Relator: Min. MARCO AUR\u00c9LIO, Data de Julgamento: 29\/08\/2013, Data de Publica\u00e7\u00e3o: AC\u00d3RD\u00c3O ELETR\u00d4NICO DJe-191 DIVULG 27-09-2013 PUBLIC 30-09-2013)<\/em><\/span><\/p><\/blockquote>\n<p><span style=\"color: #000000;\">Apesar da peculiaridade do caso (a pr\u00f3pria Administra\u00e7\u00e3o reconhecer o erro, n\u00e3o necessitando isso ser sido declarado em senten\u00e7a de a\u00e7\u00e3o judicial), ainda assim o STJ mant\u00e9m o entendimento de que julgamento favor\u00e1vel ao recorrente poderia criar perigosa inseguran\u00e7a jur\u00eddica.<\/span><\/p>\n<p><span style=\"color: #000000;\">Isso porque haveria dois reflexos graves:<\/span><\/p>\n<p><span style=\"color: #000000;\">1) ocorreria enriquecimento sem justa causa por parte do servidor ent\u00e3o nomeado, visto que receberia vencimentos de per\u00edodo n\u00e3o trabalhado, j\u00e1 que ainda n\u00e3o estava em exerc\u00edcio do cargo;<\/span><\/p>\n<p><span style=\"color: #000000;\">2) criaria perigosa coisa julgada material em rela\u00e7\u00e3o ao caso, aumentando consideravelmente o n\u00famero de a\u00e7\u00f5es judiciais sobre o caso, impedindo\/dificultando a possibilidade da Administra\u00e7\u00e3o corrigir seus erros (no caso, prontamente realizar a nomea\u00e7\u00e3o).<\/span><\/p>\n<h2><strong>Quest\u00e3o de prova<\/strong><\/h2>\n<p class=\"Destaque\"><strong><span style=\"font-size: 14pt;\">CESPE &#8211; DP AC\/DPE AC\/2012 (ADAPTADA)<\/span><\/strong><\/p>\n<p><span style=\"color: #000000;\">A prefeitura de determinado munic\u00edpio realizou concurso p\u00fablico para o provimento de alguns cargos. Homologado o resultado do certame, a prefeitura se negou a cumprir o prazo de nomea\u00e7\u00e3o previsto no edital, alegando dificuldade de pessoal para proceder aos tr\u00e2mites necess\u00e1rios. Os candidatos moveram a\u00e7\u00e3o judicial, fundamentando o pedido no direito subjetivo \u00e0 posse e, tamb\u00e9m, requerendo indeniza\u00e7\u00e3o por danos materiais correspondente ao valor dos vencimentos desde a \u00e9poca em que deveriam ter sido nomeados, conforme edital. O Poder Judici\u00e1rio julgou procedente em parte a a\u00e7\u00e3o, ordenando a imediata nomea\u00e7\u00e3o e investidura no cargo por parte dos requerentes.<\/span><\/p>\n<p><span style=\"color: #000000;\">Nessa situa\u00e7\u00e3o hipot\u00e9tica,<\/span><\/p>\n<p><span style=\"color: #000000;\">a) a declara\u00e7\u00e3o de inconstitucionalidade da lei apenas garante o direito subjetivo \u00e0 posse.<\/span><\/p>\n<p><span style=\"color: #000000;\">b) dado que o \u00f3bice imposto pela administra\u00e7\u00e3o p\u00fablica n\u00e3o \u00e9 suficiente para impedir a nomea\u00e7\u00e3o, cabe indeniza\u00e7\u00e3o por danos materiais em raz\u00e3o de demora na nomea\u00e7\u00e3o dos aprovados no concurso p\u00fablico.<\/span><\/p>\n<p><span style=\"color: #000000;\">c) ainda que se trate de decis\u00e3o judicial com tr\u00e2nsito em julgado, o munic\u00edpio n\u00e3o estar\u00e1 obrigado a dar posse aos candidatos se for constatada limita\u00e7\u00e3o imposta pela Lei de Responsabilidade Fiscal.<\/span><\/p>\n<p><span style=\"color: #000000;\">d) a declara\u00e7\u00e3o de inconstitucionalidade da lei garante o direito \u00e0 posse e a indeniza\u00e7\u00e3o por danos morais.<\/span><\/p>\n<p><span style=\"color: #000000;\">e) n\u00e3o cabe indeniza\u00e7\u00e3o por danos materiais aos candidatos, uma vez que os Tribunais Superiores tem firmado o entendimento de que n\u00e3o pode haver indeniza\u00e7\u00e3o com base nos vencimentos a servidor p\u00fablico nomeado tardiamente.<\/span><\/p>\n<p><strong><span style=\"font-size: 14pt;\">Coment\u00e1rios<\/span><\/strong><\/p>\n<p><span style=\"color: #000000;\">Gabarito, letra <strong>E<\/strong>.<\/span><\/p>\n<p><span style=\"color: #000000;\">Trata-se do entendimento exposto no coment\u00e1rio do REsp em quest\u00e3o. Ressalta-se que os danos materiais referidos na quest\u00e3o est\u00e3o diretamente ligados aos vencimentos que os servidores receberiam caso tivessem sido nomeados no prazo previsto no edital.<\/span><\/p>\n<h2>O projeto Informativo Estrat\u00e9gico<\/h2>\n<p><span style=\"color: #000000;\">A equipe de professores do Estrat\u00e9gia Carreira Jur\u00eddica seleciona os julgados mais relevantes dos Informativos de Jurisprud\u00eancia do Superior Tribunal de Justi\u00e7a e do Supremo Tribunal Federal, publicados periodicamente.<\/span><\/p>\n<p><span style=\"color: #000000;\">A cada rodada, um grupo de professores&nbsp;<em><strong>comenta<\/strong><\/em><strong>&nbsp;<\/strong>os temas mais relevantes do Informativo e prop\u00f5e quest\u00f5es de concursos p\u00fablicos que discutem os conte\u00fados jur\u00eddicos encontrados nos julgados.<\/span><\/p>\n<p><span style=\"color: #000000;\">Confira a lista completa dos<\/span>&nbsp;<a href=\"https:\/\/www.estrategiaconcursos.com.br\/blog\/informativo-stj\/\" target=\"_blank\" rel=\"noopener noreferrer\">Informativos do STJ<\/a>.&nbsp;<span style=\"color: #000000;\">N\u00e3o perca tamb\u00e9m os<\/span>&nbsp;<a href=\"https:\/\/www.estrategiaconcursos.com.br\/blog\/informativo-stf\/\" target=\"_blank\" rel=\"noopener noreferrer\">Informativos do STF&nbsp;<\/a><span style=\"color: #000000;\">comentados pelos melhores especialistas.<\/span><\/p>\n<p><span style=\"color: #000000;\">Conhe\u00e7a tamb\u00e9m os nossos cursos preparat\u00f3rios para os principais concursos p\u00fablicos do momento:<\/span><\/p>\n<p><a href=\"https:\/\/www.estrategiaconcursos.com.br\/cursosPorConcurso\/tribunal-de-justica-do-estado-do-ceara-tj-ce\/\" target=\"_blank\" rel=\"noopener noreferrer\">Cursos para TJ CE Juiz (Inscri\u00e7\u00f5es abertas)<\/a><\/p>\n<p><a href=\"https:\/\/www.estrategiaconcursos.com.br\/cursosPorConcurso\/pgm-joao-pessoa-procurador-municipal\/\" target=\"_blank\" rel=\"noopener noreferrer\">Cursos para PGM Jo\u00e3o Pessoa (Regulamento publicado)<\/a><\/p>\n<p><a href=\"https:\/\/www.estrategiaconcursos.com.br\/cursosPorConcurso\/trf-3-regiao-juiz-sao-paulo-e-mato-grosso-do-sul\/\" target=\"_blank\" rel=\"noopener noreferrer\">Cursos para Juiz Federal TRF-3 (Regulamento publicado)<\/a><\/p>\n<p><a href=\"https:\/\/www.estrategiaconcursos.com.br\/cursosPorConcurso\/pgm-joao-pessoa-procurador-municipal\/\" target=\"_blank\" rel=\"noopener noreferrer\">Cursos para PGM Jo\u00e3o Pessoa (Regulamento publicado)<\/a><\/p>\n<p><a href=\"https:\/\/www.estrategiaconcursos.com.br\/cursosPorConcurso\/tj-ba-tribunal-de-justica-da-bahia-juiz-substituto\/\" target=\"_blank\" rel=\"noopener noreferrer\">Cursos para TJ BA Juiz (Autorizado)<\/a><\/p>\n<p><a href=\"https:\/\/www.estrategiaconcursos.com.br\/cursosPorConcurso\/pge-sp-procurador-do-estado\/\" target=\"_blank\" rel=\"noopener noreferrer\">Cursos para PGE-SP (Edital em breve)<\/a><\/p>\n<p>Grande abra\u00e7o e bons estudos<\/p>\n<p><a href=\"https:\/\/www.instagram.com\/profigormaciel\/\" target=\"_blank\" rel=\"noopener noreferrer\">@profigormaciel<\/a><\/p>\n","protected":false},"excerpt":{"rendered":"<p>Ol\u00e1 pessoal, tudo bom? Meu nome \u00e9 Igor Maciel e sou professor aqui do Estrat\u00e9gia Concursos das disciplinas de Direito Administrativo e de Direito do Consumidor. Do&nbsp;Informativo Estrat\u00e9gico STJ 617, selecionei o REsp&nbsp;1238344-MG. Aqui voc\u00ea vai poder conhecer mais detalhes do ac\u00f3rd\u00e3o de novembro de 2017 que abordou quest\u00f5es importantes que podem te ajudar nos [&hellip;]<\/p>\n","protected":false},"author":317,"featured_media":52567,"comment_status":"open","ping_status":"closed","sticky":false,"template":"","format":"standard","meta":{"post_tipo":"article","footnotes":""},"categories":[2185],"tags":[72],"tax_estado":[],"class_list":["post-111392","post","type-post","status-publish","format-standard","has-post-thumbnail","hentry","category-carreiras-juridicas","tag-informativo-stj"],"acf":[],"yoast_head":"<!-- This site is optimized with the Yoast SEO Premium plugin v27.2 (Yoast SEO v27.2) - https:\/\/yoast.com\/product\/yoast-seo-premium-wordpress\/ -->\n<title>Informativo STJ 617: Nomea\u00e7\u00e3o tardia em concurso p\u00fablico<\/title>\n<meta name=\"description\" content=\"Confira aqui um julgado comentado do Informativo STJ 617! O professor Igor Maciel analisa um recurso especial que discute o direito \u00e0 remunera\u00e7\u00e3o retroativa em caso de nomea\u00e7\u00e3o tardia em concurso p\u00fablico por erro da Administra\u00e7\u00e3o. Fique em dia com a jurisprud\u00eancia conosco!\" \/>\n<meta name=\"robots\" content=\"index, follow, max-snippet:-1, max-image-preview:large, max-video-preview:-1\" \/>\n<link rel=\"canonical\" href=\"https:\/\/www.estrategiaconcursos.com.br\/blog\/informativo-stj-617-direito-administrativo\/\" \/>\n<meta property=\"og:locale\" content=\"pt_BR\" \/>\n<meta property=\"og:type\" content=\"article\" \/>\n<meta property=\"og:title\" content=\"Informativo STJ 617 | Direito Administrativo: Nomea\u00e7\u00e3o tardia em concurso p\u00fablico\" \/>\n<meta property=\"og:description\" content=\"Confira aqui um julgado comentado do Informativo STJ 617! O professor Igor Maciel analisa um recurso especial que discute o direito \u00e0 remunera\u00e7\u00e3o retroativa em caso de nomea\u00e7\u00e3o tardia em concurso p\u00fablico por erro da Administra\u00e7\u00e3o. Fique em dia com a jurisprud\u00eancia conosco!\" \/>\n<meta property=\"og:url\" content=\"https:\/\/www.estrategiaconcursos.com.br\/blog\/informativo-stj-617-direito-administrativo\/\" \/>\n<meta property=\"og:site_name\" content=\"Estrat\u00e9gia Concursos\" \/>\n<meta property=\"article:author\" content=\"https:\/\/www.facebook.com\/igor.maciel.1420\" \/>\n<meta property=\"article:published_time\" content=\"2018-03-13T20:06:24+00:00\" \/>\n<meta property=\"article:modified_time\" content=\"2020-07-16T14:12:52+00:00\" \/>\n<meta property=\"og:image\" content=\"https:\/\/dhg1h5j42swfq.cloudfront.net\/2016\/10\/17121155\/informativo-stf-840.png\" \/>\n\t<meta property=\"og:image:width\" content=\"300\" \/>\n\t<meta property=\"og:image:height\" content=\"201\" \/>\n\t<meta property=\"og:image:type\" content=\"image\/png\" \/>\n<meta name=\"author\" content=\"Igor Maciel\" \/>\n<meta name=\"twitter:card\" content=\"summary_large_image\" \/>\n<meta name=\"twitter:creator\" content=\"@EstratConcursos\" \/>\n<meta name=\"twitter:site\" content=\"@EstratConcursos\" \/>\n<meta name=\"twitter:label1\" content=\"Escrito por\" \/>\n\t<meta name=\"twitter:data1\" content=\"Igor Maciel\" \/>\n\t<meta name=\"twitter:label2\" content=\"Est. tempo de leitura\" \/>\n\t<meta name=\"twitter:data2\" content=\"9 minutos\" \/>\n<script type=\"application\/ld+json\" class=\"yoast-schema-graph\">{\"@context\":\"https:\/\/schema.org\",\"@graph\":[{\"@type\":\"NewsArticle\",\"@id\":\"https:\/\/www.estrategiaconcursos.com.br\/blog\/informativo-stj-617-direito-administrativo\/#article\",\"isPartOf\":{\"@id\":\"https:\/\/www.estrategiaconcursos.com.br\/blog\/informativo-stj-617-direito-administrativo\/\"},\"author\":{\"name\":\"Igor Maciel\",\"@id\":\"https:\/\/www.estrategiaconcursos.com.br\/blog\/#\/schema\/person\/024d26d5efb06d95dfc04025d7301591\"},\"headline\":\"Informativo STJ 617 | Direito Administrativo: Nomea\u00e7\u00e3o tardia em concurso p\u00fablico\",\"datePublished\":\"2018-03-13T20:06:24+00:00\",\"dateModified\":\"2020-07-16T14:12:52+00:00\",\"mainEntityOfPage\":{\"@id\":\"https:\/\/www.estrategiaconcursos.com.br\/blog\/informativo-stj-617-direito-administrativo\/\"},\"wordCount\":1779,\"commentCount\":1,\"publisher\":{\"@id\":\"https:\/\/www.estrategiaconcursos.com.br\/blog\/#organization\"},\"image\":{\"@id\":\"https:\/\/www.estrategiaconcursos.com.br\/blog\/informativo-stj-617-direito-administrativo\/#primaryimage\"},\"thumbnailUrl\":\"https:\/\/dhg1h5j42swfq.cloudfront.net\/2016\/10\/17121155\/informativo-stf-840.png\",\"keywords\":[\"Informativo STJ\"],\"articleSection\":[\"Jur\u00eddico\"],\"inLanguage\":\"pt-BR\",\"potentialAction\":[{\"@type\":\"CommentAction\",\"name\":\"Comment\",\"target\":[\"https:\/\/www.estrategiaconcursos.com.br\/blog\/informativo-stj-617-direito-administrativo\/#respond\"]}],\"copyrightYear\":\"2018\",\"copyrightHolder\":{\"@id\":\"https:\/\/www.estrategiaconcursos.com.br\/blog\/#organization\"}},{\"@type\":\"WebPage\",\"@id\":\"https:\/\/www.estrategiaconcursos.com.br\/blog\/informativo-stj-617-direito-administrativo\/\",\"url\":\"https:\/\/www.estrategiaconcursos.com.br\/blog\/informativo-stj-617-direito-administrativo\/\",\"name\":\"Informativo STJ 617: Nomea\u00e7\u00e3o tardia em concurso p\u00fablico\",\"isPartOf\":{\"@id\":\"https:\/\/www.estrategiaconcursos.com.br\/blog\/#website\"},\"primaryImageOfPage\":{\"@id\":\"https:\/\/www.estrategiaconcursos.com.br\/blog\/informativo-stj-617-direito-administrativo\/#primaryimage\"},\"image\":{\"@id\":\"https:\/\/www.estrategiaconcursos.com.br\/blog\/informativo-stj-617-direito-administrativo\/#primaryimage\"},\"thumbnailUrl\":\"https:\/\/dhg1h5j42swfq.cloudfront.net\/2016\/10\/17121155\/informativo-stf-840.png\",\"datePublished\":\"2018-03-13T20:06:24+00:00\",\"dateModified\":\"2020-07-16T14:12:52+00:00\",\"description\":\"Confira aqui um julgado comentado do Informativo STJ 617! O professor Igor Maciel analisa um recurso especial que discute o direito \u00e0 remunera\u00e7\u00e3o retroativa em caso de nomea\u00e7\u00e3o tardia em concurso p\u00fablico por erro da Administra\u00e7\u00e3o. Fique em dia com a jurisprud\u00eancia conosco!\",\"breadcrumb\":{\"@id\":\"https:\/\/www.estrategiaconcursos.com.br\/blog\/informativo-stj-617-direito-administrativo\/#breadcrumb\"},\"inLanguage\":\"pt-BR\",\"potentialAction\":[{\"@type\":\"ReadAction\",\"target\":[\"https:\/\/www.estrategiaconcursos.com.br\/blog\/informativo-stj-617-direito-administrativo\/\"]}]},{\"@type\":\"ImageObject\",\"inLanguage\":\"pt-BR\",\"@id\":\"https:\/\/www.estrategiaconcursos.com.br\/blog\/informativo-stj-617-direito-administrativo\/#primaryimage\",\"url\":\"https:\/\/dhg1h5j42swfq.cloudfront.net\/2016\/10\/17121155\/informativo-stf-840.png\",\"contentUrl\":\"https:\/\/dhg1h5j42swfq.cloudfront.net\/2016\/10\/17121155\/informativo-stf-840.png\",\"width\":300,\"height\":201,\"caption\":\"informativo stj 617\"},{\"@type\":\"BreadcrumbList\",\"@id\":\"https:\/\/www.estrategiaconcursos.com.br\/blog\/informativo-stj-617-direito-administrativo\/#breadcrumb\",\"itemListElement\":[{\"@type\":\"ListItem\",\"position\":1,\"name\":\"In\u00edcio\",\"item\":\"https:\/\/www.estrategiaconcursos.com.br\/blog\/\"},{\"@type\":\"ListItem\",\"position\":2,\"name\":\"Informativo STJ 617 | Direito Administrativo: Nomea\u00e7\u00e3o tardia em concurso p\u00fablico\"}]},{\"@type\":\"WebSite\",\"@id\":\"https:\/\/www.estrategiaconcursos.com.br\/blog\/#website\",\"url\":\"https:\/\/www.estrategiaconcursos.com.br\/blog\/\",\"name\":\"Estrat\u00e9gia Concursos\",\"description\":\"O blog da Estrat\u00e9gia Concursos traz not\u00edcias sobre concursos e artigos de professores oferecendo cursos para concursos (pdf + videaulas) no site.\",\"publisher\":{\"@id\":\"https:\/\/www.estrategiaconcursos.com.br\/blog\/#organization\"},\"potentialAction\":[{\"@type\":\"SearchAction\",\"target\":{\"@type\":\"EntryPoint\",\"urlTemplate\":\"https:\/\/www.estrategiaconcursos.com.br\/blog\/?s={search_term_string}\"},\"query-input\":{\"@type\":\"PropertyValueSpecification\",\"valueRequired\":true,\"valueName\":\"search_term_string\"}}],\"inLanguage\":\"pt-BR\"},{\"@type\":\"Organization\",\"@id\":\"https:\/\/www.estrategiaconcursos.com.br\/blog\/#organization\",\"name\":\"Estrat\u00e9gia Concursos\",\"url\":\"https:\/\/www.estrategiaconcursos.com.br\/blog\/\",\"logo\":{\"@type\":\"ImageObject\",\"inLanguage\":\"pt-BR\",\"@id\":\"https:\/\/www.estrategiaconcursos.com.br\/blog\/#\/schema\/logo\/image\/\",\"url\":\"https:\/\/dhg1h5j42swfq.cloudfront.net\/2025\/06\/03203428\/logo_concursos-1.jpg\",\"contentUrl\":\"https:\/\/dhg1h5j42swfq.cloudfront.net\/2025\/06\/03203428\/logo_concursos-1.jpg\",\"width\":230,\"height\":60,\"caption\":\"Estrat\u00e9gia Concursos\"},\"image\":{\"@id\":\"https:\/\/www.estrategiaconcursos.com.br\/blog\/#\/schema\/logo\/image\/\"},\"sameAs\":[\"https:\/\/x.com\/EstratConcursos\"]},{\"@type\":\"Person\",\"@id\":\"https:\/\/www.estrategiaconcursos.com.br\/blog\/#\/schema\/person\/024d26d5efb06d95dfc04025d7301591\",\"name\":\"Igor Maciel\",\"image\":{\"@type\":\"ImageObject\",\"inLanguage\":\"pt-BR\",\"@id\":\"https:\/\/secure.gravatar.com\/avatar\/e983a676af6facf4aebcb2989d49e3bf61b718712d5e7a4b3f355b7fe651bc2f?s=96&d=mm&r=g\",\"url\":\"https:\/\/secure.gravatar.com\/avatar\/e983a676af6facf4aebcb2989d49e3bf61b718712d5e7a4b3f355b7fe651bc2f?s=96&d=mm&r=g\",\"contentUrl\":\"https:\/\/secure.gravatar.com\/avatar\/e983a676af6facf4aebcb2989d49e3bf61b718712d5e7a4b3f355b7fe651bc2f?s=96&d=mm&r=g\",\"caption\":\"Igor Maciel\"},\"description\":\"Graduado na Universidade Federal de Pernambuco, com extens\u00e3o na Universidade de Coimbra\/Portugal. Especialista LLM em Direito Corporativo pelo IBMEC\/RJ. Mestrando em Direito e Pol\u00edticas P\u00fablicas pelo UNICEUB\/DF. Advogado com atua\u00e7\u00e3o profissional centrada no Direito Tribut\u00e1rio e no Direito Administrativo, especialmente na defesa de servidores p\u00fablicos.\",\"sameAs\":[\"http:\/\/www.imaciel.com.br\",\"https:\/\/www.facebook.com\/igor.maciel.1420\"],\"url\":\"https:\/\/www.estrategiaconcursos.com.br\/blog\/author\/contatoimaciel-com-br\/\"}]}<\/script>\n<!-- \/ Yoast SEO Premium plugin. -->","yoast_head_json":{"title":"Informativo STJ 617: Nomea\u00e7\u00e3o tardia em concurso p\u00fablico","description":"Confira aqui um julgado comentado do Informativo STJ 617! O professor Igor Maciel analisa um recurso especial que discute o direito \u00e0 remunera\u00e7\u00e3o retroativa em caso de nomea\u00e7\u00e3o tardia em concurso p\u00fablico por erro da Administra\u00e7\u00e3o. Fique em dia com a jurisprud\u00eancia conosco!","robots":{"index":"index","follow":"follow","max-snippet":"max-snippet:-1","max-image-preview":"max-image-preview:large","max-video-preview":"max-video-preview:-1"},"canonical":"https:\/\/www.estrategiaconcursos.com.br\/blog\/informativo-stj-617-direito-administrativo\/","og_locale":"pt_BR","og_type":"article","og_title":"Informativo STJ 617 | Direito Administrativo: Nomea\u00e7\u00e3o tardia em concurso p\u00fablico","og_description":"Confira aqui um julgado comentado do Informativo STJ 617! O professor Igor Maciel analisa um recurso especial que discute o direito \u00e0 remunera\u00e7\u00e3o retroativa em caso de nomea\u00e7\u00e3o tardia em concurso p\u00fablico por erro da Administra\u00e7\u00e3o. Fique em dia com a jurisprud\u00eancia conosco!","og_url":"https:\/\/www.estrategiaconcursos.com.br\/blog\/informativo-stj-617-direito-administrativo\/","og_site_name":"Estrat\u00e9gia Concursos","article_author":"https:\/\/www.facebook.com\/igor.maciel.1420","article_published_time":"2018-03-13T20:06:24+00:00","article_modified_time":"2020-07-16T14:12:52+00:00","og_image":[{"width":300,"height":201,"url":"https:\/\/dhg1h5j42swfq.cloudfront.net\/2016\/10\/17121155\/informativo-stf-840.png","type":"image\/png"}],"author":"Igor Maciel","twitter_card":"summary_large_image","twitter_creator":"@EstratConcursos","twitter_site":"@EstratConcursos","twitter_misc":{"Escrito por":"Igor Maciel","Est. tempo de leitura":"9 minutos"},"schema":{"@context":"https:\/\/schema.org","@graph":[{"@type":"NewsArticle","@id":"https:\/\/www.estrategiaconcursos.com.br\/blog\/informativo-stj-617-direito-administrativo\/#article","isPartOf":{"@id":"https:\/\/www.estrategiaconcursos.com.br\/blog\/informativo-stj-617-direito-administrativo\/"},"author":{"name":"Igor Maciel","@id":"https:\/\/www.estrategiaconcursos.com.br\/blog\/#\/schema\/person\/024d26d5efb06d95dfc04025d7301591"},"headline":"Informativo STJ 617 | Direito Administrativo: Nomea\u00e7\u00e3o tardia em concurso p\u00fablico","datePublished":"2018-03-13T20:06:24+00:00","dateModified":"2020-07-16T14:12:52+00:00","mainEntityOfPage":{"@id":"https:\/\/www.estrategiaconcursos.com.br\/blog\/informativo-stj-617-direito-administrativo\/"},"wordCount":1779,"commentCount":1,"publisher":{"@id":"https:\/\/www.estrategiaconcursos.com.br\/blog\/#organization"},"image":{"@id":"https:\/\/www.estrategiaconcursos.com.br\/blog\/informativo-stj-617-direito-administrativo\/#primaryimage"},"thumbnailUrl":"https:\/\/dhg1h5j42swfq.cloudfront.net\/2016\/10\/17121155\/informativo-stf-840.png","keywords":["Informativo STJ"],"articleSection":["Jur\u00eddico"],"inLanguage":"pt-BR","potentialAction":[{"@type":"CommentAction","name":"Comment","target":["https:\/\/www.estrategiaconcursos.com.br\/blog\/informativo-stj-617-direito-administrativo\/#respond"]}],"copyrightYear":"2018","copyrightHolder":{"@id":"https:\/\/www.estrategiaconcursos.com.br\/blog\/#organization"}},{"@type":"WebPage","@id":"https:\/\/www.estrategiaconcursos.com.br\/blog\/informativo-stj-617-direito-administrativo\/","url":"https:\/\/www.estrategiaconcursos.com.br\/blog\/informativo-stj-617-direito-administrativo\/","name":"Informativo STJ 617: Nomea\u00e7\u00e3o tardia em concurso p\u00fablico","isPartOf":{"@id":"https:\/\/www.estrategiaconcursos.com.br\/blog\/#website"},"primaryImageOfPage":{"@id":"https:\/\/www.estrategiaconcursos.com.br\/blog\/informativo-stj-617-direito-administrativo\/#primaryimage"},"image":{"@id":"https:\/\/www.estrategiaconcursos.com.br\/blog\/informativo-stj-617-direito-administrativo\/#primaryimage"},"thumbnailUrl":"https:\/\/dhg1h5j42swfq.cloudfront.net\/2016\/10\/17121155\/informativo-stf-840.png","datePublished":"2018-03-13T20:06:24+00:00","dateModified":"2020-07-16T14:12:52+00:00","description":"Confira aqui um julgado comentado do Informativo STJ 617! O professor Igor Maciel analisa um recurso especial que discute o direito \u00e0 remunera\u00e7\u00e3o retroativa em caso de nomea\u00e7\u00e3o tardia em concurso p\u00fablico por erro da Administra\u00e7\u00e3o. Fique em dia com a jurisprud\u00eancia conosco!","breadcrumb":{"@id":"https:\/\/www.estrategiaconcursos.com.br\/blog\/informativo-stj-617-direito-administrativo\/#breadcrumb"},"inLanguage":"pt-BR","potentialAction":[{"@type":"ReadAction","target":["https:\/\/www.estrategiaconcursos.com.br\/blog\/informativo-stj-617-direito-administrativo\/"]}]},{"@type":"ImageObject","inLanguage":"pt-BR","@id":"https:\/\/www.estrategiaconcursos.com.br\/blog\/informativo-stj-617-direito-administrativo\/#primaryimage","url":"https:\/\/dhg1h5j42swfq.cloudfront.net\/2016\/10\/17121155\/informativo-stf-840.png","contentUrl":"https:\/\/dhg1h5j42swfq.cloudfront.net\/2016\/10\/17121155\/informativo-stf-840.png","width":300,"height":201,"caption":"informativo stj 617"},{"@type":"BreadcrumbList","@id":"https:\/\/www.estrategiaconcursos.com.br\/blog\/informativo-stj-617-direito-administrativo\/#breadcrumb","itemListElement":[{"@type":"ListItem","position":1,"name":"In\u00edcio","item":"https:\/\/www.estrategiaconcursos.com.br\/blog\/"},{"@type":"ListItem","position":2,"name":"Informativo STJ 617 | Direito Administrativo: Nomea\u00e7\u00e3o tardia em concurso p\u00fablico"}]},{"@type":"WebSite","@id":"https:\/\/www.estrategiaconcursos.com.br\/blog\/#website","url":"https:\/\/www.estrategiaconcursos.com.br\/blog\/","name":"Estrat\u00e9gia Concursos","description":"O blog da Estrat\u00e9gia Concursos traz not\u00edcias sobre concursos e artigos de professores oferecendo cursos para concursos (pdf + videaulas) no site.","publisher":{"@id":"https:\/\/www.estrategiaconcursos.com.br\/blog\/#organization"},"potentialAction":[{"@type":"SearchAction","target":{"@type":"EntryPoint","urlTemplate":"https:\/\/www.estrategiaconcursos.com.br\/blog\/?s={search_term_string}"},"query-input":{"@type":"PropertyValueSpecification","valueRequired":true,"valueName":"search_term_string"}}],"inLanguage":"pt-BR"},{"@type":"Organization","@id":"https:\/\/www.estrategiaconcursos.com.br\/blog\/#organization","name":"Estrat\u00e9gia Concursos","url":"https:\/\/www.estrategiaconcursos.com.br\/blog\/","logo":{"@type":"ImageObject","inLanguage":"pt-BR","@id":"https:\/\/www.estrategiaconcursos.com.br\/blog\/#\/schema\/logo\/image\/","url":"https:\/\/dhg1h5j42swfq.cloudfront.net\/2025\/06\/03203428\/logo_concursos-1.jpg","contentUrl":"https:\/\/dhg1h5j42swfq.cloudfront.net\/2025\/06\/03203428\/logo_concursos-1.jpg","width":230,"height":60,"caption":"Estrat\u00e9gia Concursos"},"image":{"@id":"https:\/\/www.estrategiaconcursos.com.br\/blog\/#\/schema\/logo\/image\/"},"sameAs":["https:\/\/x.com\/EstratConcursos"]},{"@type":"Person","@id":"https:\/\/www.estrategiaconcursos.com.br\/blog\/#\/schema\/person\/024d26d5efb06d95dfc04025d7301591","name":"Igor Maciel","image":{"@type":"ImageObject","inLanguage":"pt-BR","@id":"https:\/\/secure.gravatar.com\/avatar\/e983a676af6facf4aebcb2989d49e3bf61b718712d5e7a4b3f355b7fe651bc2f?s=96&d=mm&r=g","url":"https:\/\/secure.gravatar.com\/avatar\/e983a676af6facf4aebcb2989d49e3bf61b718712d5e7a4b3f355b7fe651bc2f?s=96&d=mm&r=g","contentUrl":"https:\/\/secure.gravatar.com\/avatar\/e983a676af6facf4aebcb2989d49e3bf61b718712d5e7a4b3f355b7fe651bc2f?s=96&d=mm&r=g","caption":"Igor Maciel"},"description":"Graduado na Universidade Federal de Pernambuco, com extens\u00e3o na Universidade de Coimbra\/Portugal. Especialista LLM em Direito Corporativo pelo IBMEC\/RJ. Mestrando em Direito e Pol\u00edticas P\u00fablicas pelo UNICEUB\/DF. Advogado com atua\u00e7\u00e3o profissional centrada no Direito Tribut\u00e1rio e no Direito Administrativo, especialmente na defesa de servidores p\u00fablicos.","sameAs":["http:\/\/www.imaciel.com.br","https:\/\/www.facebook.com\/igor.maciel.1420"],"url":"https:\/\/www.estrategiaconcursos.com.br\/blog\/author\/contatoimaciel-com-br\/"}]}},"_links":{"self":[{"href":"https:\/\/www.estrategiaconcursos.com.br\/blog\/wp-json\/wp\/v2\/posts\/111392","targetHints":{"allow":["GET"]}}],"collection":[{"href":"https:\/\/www.estrategiaconcursos.com.br\/blog\/wp-json\/wp\/v2\/posts"}],"about":[{"href":"https:\/\/www.estrategiaconcursos.com.br\/blog\/wp-json\/wp\/v2\/types\/post"}],"author":[{"embeddable":true,"href":"https:\/\/www.estrategiaconcursos.com.br\/blog\/wp-json\/wp\/v2\/users\/317"}],"replies":[{"embeddable":true,"href":"https:\/\/www.estrategiaconcursos.com.br\/blog\/wp-json\/wp\/v2\/comments?post=111392"}],"version-history":[{"count":5,"href":"https:\/\/www.estrategiaconcursos.com.br\/blog\/wp-json\/wp\/v2\/posts\/111392\/revisions"}],"predecessor-version":[{"id":542885,"href":"https:\/\/www.estrategiaconcursos.com.br\/blog\/wp-json\/wp\/v2\/posts\/111392\/revisions\/542885"}],"wp:featuredmedia":[{"embeddable":true,"href":"https:\/\/www.estrategiaconcursos.com.br\/blog\/wp-json\/wp\/v2\/media\/52567"}],"wp:attachment":[{"href":"https:\/\/www.estrategiaconcursos.com.br\/blog\/wp-json\/wp\/v2\/media?parent=111392"}],"wp:term":[{"taxonomy":"category","embeddable":true,"href":"https:\/\/www.estrategiaconcursos.com.br\/blog\/wp-json\/wp\/v2\/categories?post=111392"},{"taxonomy":"post_tag","embeddable":true,"href":"https:\/\/www.estrategiaconcursos.com.br\/blog\/wp-json\/wp\/v2\/tags?post=111392"},{"taxonomy":"tax_estado","embeddable":true,"href":"https:\/\/www.estrategiaconcursos.com.br\/blog\/wp-json\/wp\/v2\/tax_estado?post=111392"}],"curies":[{"name":"wp","href":"https:\/\/api.w.org\/{rel}","templated":true}]}}