{"id":1112937,"date":"2022-11-12T11:20:00","date_gmt":"2022-11-12T14:20:00","guid":{"rendered":"https:\/\/www.estrategiaconcursos.com.br\/blog\/?p=1112937"},"modified":"2022-10-24T14:27:06","modified_gmt":"2022-10-24T17:27:06","slug":"sefaz-pe-resumo-ipva","status":"publish","type":"post","link":"https:\/\/www.estrategiaconcursos.com.br\/blog\/sefaz-pe-resumo-ipva\/","title":{"rendered":"Concurso SEFAZ PE: Resumo do IPVA"},"content":{"rendered":"\n<p class=\"has-medium-font-size\">Confira neste artigo um <strong>resumo<\/strong> sobre o <strong><mark style=\"background-color:rgba(0, 0, 0, 0)\" class=\"has-inline-color has-vivid-cyan-blue-color\">IPVA<\/mark><\/strong>, presente na <strong>Lei 10.849\/92<\/strong>, para o concurso de Auditor Fiscal da<strong> SEFAZ PE<\/strong>.<\/p>\n\n\n\n<figure class=\"wp-block-image aligncenter size-full is-resized\"><img loading=\"lazy\" decoding=\"async\" src=\"https:\/\/dhg1h5j42swfq.cloudfront.net\/2020\/06\/22135746\/sefaz-pe.jpg\" alt=\"Concurso SEFAZ PE: Resumo do IPVA\" class=\"wp-image-530034\" width=\"270\" height=\"270\" srcset=\"https:\/\/dhg1h5j42swfq.cloudfront.net\/2020\/06\/22135746\/sefaz-pe.jpg 225w, https:\/\/dhg1h5j42swfq.cloudfront.net\/2020\/06\/22135746\/sefaz-pe-150x150.jpg 150w\" sizes=\"auto, (max-width: 270px) 100vw, 270px\" \/><figcaption>Concurso SEFAZ PE: Resumo do IPVA<\/figcaption><\/figure>\n\n\n\n<p>Ol\u00e1, pessoal! Tudo bem com voc\u00eas?<\/p>\n\n\n\n<p>O&nbsp;<strong><a href=\"https:\/\/www.estrategiaconcursos.com.br\/blog\/concurso-sefaz-pe\/\" target=\"_blank\" rel=\"noreferrer noopener\">concurso da SEFAZ PE<\/a><\/strong>&nbsp;(Secretaria de Estado da Fazenda de Pernambuco) est\u00e1 cada dia mais perto. Como est\u00e1 a sua prepara\u00e7\u00e3o?<\/p>\n\n\n\n<p>Est\u00e3o sendo ofertadas&nbsp;<strong>20 vagas<\/strong>&nbsp;para o cargo de&nbsp;<strong>Auditor Fiscal do Tesouro Estadual<\/strong>, com sal\u00e1rio inicial de&nbsp;<strong>R$ 13.712,86<\/strong>.<\/p>\n\n\n\n<p>Desse modo, no artigo de hoje, iremos realizar um <strong>resumo <\/strong>sobre o <strong><mark style=\"background-color:rgba(0, 0, 0, 0)\" class=\"has-inline-color has-vivid-cyan-blue-color\">IPVA<\/mark><\/strong>, presente na <strong>Lei 10.849\/92<\/strong>, para o concurso da SEFAZ PE.<\/p>\n\n\n\n<div class=\"container\" id=\"boxes\">\n  <div class=\"row\">\n\n    <div class=\"col-sm\">\n      <div class=\"banner-fiscal-01\" id=\"box-assinatura\">\n        <h3 class=\"titulo-assinatura\">Concurso Sefaz PE<\/h3>\n        <p class=\"subtitulo-assinatura\">Estude conosco<\/p>\n        <div class=\"box-botao\">\n          <a class=\"btn-assinatura\" target=\"_blank\" href=\"https:\/\/www.estrategiaconcursos.com.br\/cursosPorConcurso\/sefaz-pe-ou-icms-pe-285\/\" role=\"button\" rel=\"noopener noreferrer\">Conhe\u00e7a os cursos<\/a>\n        <\/div>\n      <\/div>\n      \n    <\/div>\n\n  <\/div>\n<\/div>\n\n\n\n<h2 class=\"wp-block-heading\" id=\"h-incidencia-do-ipva-para-sefaz-pe\"><mark style=\"background-color:rgba(0, 0, 0, 0)\" class=\"has-inline-color has-vivid-cyan-blue-color\">Incid\u00eancia do IPVA para SEFAZ PE<\/mark><\/h2>\n\n\n\n<p>O <strong>IPVA<\/strong>, importante imposto estadual, o qual \u00e9 devido <strong>anualmente<\/strong>, tem como <strong>fato gerador<\/strong> a <strong><mark style=\"background-color:rgba(0, 0, 0, 0)\" class=\"has-inline-color has-vivid-cyan-blue-color\">propriedade <\/mark><\/strong>de <strong>ve\u00edculo <\/strong>automotor <strong>terrestre<\/strong>, <strong>aqu\u00e1tico <\/strong>e <strong>a\u00e9reo<\/strong>.<\/p>\n\n\n\n<p>Em rela\u00e7\u00e3o ao <strong>momento <\/strong>do fato gerador, ele depender\u00e1 do tipo de ve\u00edculo.<\/p>\n\n\n\n<p>A <strong>regra geral<\/strong> \u00e9 que o fato gerador do IPVA \u00e9 considerado ocorrido no <strong><mark style=\"background-color:rgba(0, 0, 0, 0)\" class=\"has-inline-color has-vivid-cyan-blue-color\">1\u00ba dia \u00fatil de janeiro de cada exerc\u00edcio.<\/mark><\/strong><\/p>\n\n\n\n<p>Contudo, caso o ve\u00edculo seja <strong>novo<\/strong>, ocorre o fato gerador na <strong><mark style=\"background-color:rgba(0, 0, 0, 0)\" class=\"has-inline-color has-vivid-cyan-blue-color\">data de sua aquisi\u00e7\u00e3o<\/mark><\/strong> por<strong> consumidor final<\/strong>, pessoa f\u00edsica ou jur\u00eddica, ou quando da incorpora\u00e7\u00e3o ao ativo permanente por empresa fabricante ou revendedora de ve\u00edculos.<\/p>\n\n\n\n<p>Por sua vez, caso o ve\u00edculo seja <strong>usado n\u00e3o registrado <\/strong>e <strong>n\u00e3o licenciado<\/strong> no estado de <strong>Pernambuco<\/strong>, considera-se ocorrido o fato gerador na <strong><mark style=\"background-color:rgba(0, 0, 0, 0)\" class=\"has-inline-color has-vivid-cyan-blue-color\">data da aquisi\u00e7\u00e3o<\/mark><\/strong>, quando n\u00e3o houver comprova\u00e7\u00e3o do pagamento do IPVA em outra Unidade da Federa\u00e7\u00e3o.<\/p>\n\n\n\n<p>J\u00e1 em rela\u00e7\u00e3o ao ve\u00edculo de proced\u00eancia <strong>estrangeira<\/strong>, para efeito da<strong> primeira tributa\u00e7\u00e3o<\/strong>, o fato gerador ocorre:<\/p>\n\n\n\n<ul class=\"wp-block-list\"><li>na data do <strong><mark style=\"background-color:rgba(0, 0, 0, 0)\" class=\"has-inline-color has-vivid-cyan-blue-color\">desembara\u00e7o aduaneiro<\/mark><\/strong>, quando importado por <strong>consumidor final;<\/strong><\/li><li>na <strong><mark style=\"background-color:rgba(0, 0, 0, 0)\" class=\"has-inline-color has-vivid-cyan-blue-color\">data da aquisi\u00e7\u00e3o por consumidor final<\/mark><\/strong>, quando importado por<strong> empresa revendedora de ve\u00edculos;<\/strong><\/li><li>no momento da <strong><mark style=\"background-color:rgba(0, 0, 0, 0)\" class=\"has-inline-color has-vivid-cyan-blue-color\">incorpora\u00e7\u00e3o ao ativo permanente<\/mark><\/strong> da <strong>empresa importadora, revendedora de ve\u00edculos.<\/strong><\/li><\/ul>\n\n\n\n<p>Por fim, ocorre tamb\u00e9m o fato gerador no momento de qualquer evento que implique na <strong>perda <\/strong>ou <strong>nulidade<\/strong> da condi\u00e7\u00e3o que fundamenta a <strong>isen\u00e7\u00e3o <\/strong>ou <strong>imunidade<\/strong>.<\/p>\n\n\n\n<p><strong><mark style=\"background-color:rgba(0, 0, 0, 0)\" class=\"has-inline-color has-vivid-red-color\">PARA FIXAR<\/mark><\/strong>: <strong>Ocorre <\/strong>o fato gerador:<\/p>\n\n\n\n<ul class=\"wp-block-list\"><li>Ve\u00edculo <strong>novo<\/strong>: data da <strong>aquisi\u00e7\u00e3o<\/strong>;<\/li><li>Ve\u00edculo <strong>usado<\/strong> n\u00e3o registrado e <strong>n\u00e3o licenciado <\/strong>no Pernambuco: na data da <strong>aquisi\u00e7\u00e3o<\/strong>;<\/li><li>Ve\u00edculo <strong>importado<\/strong>:<ul><li>na data do <strong>desembara\u00e7o aduaneiro<\/strong>, quando importado por consumidor final;<\/li><\/ul><ul><li>na data da <strong>aquisi\u00e7\u00e3o por consumidor final<\/strong>, quando importado por empresa revendedora de ve\u00edculos;<\/li><\/ul><ul><li>no momento da <strong>incorpora\u00e7\u00e3o ao ativo permanente<\/strong> da empresa importadora, revendedora de ve\u00edculos.<\/li><\/ul><\/li><li><strong>Perda <\/strong>da <strong>isen\u00e7\u00e3o<\/strong> ou <strong>imunidade<\/strong>: na data da perda;<\/li><li><strong>Demais<\/strong> casos: <strong>1\u00ba dia \u00fatil de janeiro<\/strong> de cada exerc\u00edcio.<\/li><\/ul>\n\n\n\n<p>Importante destacar ainda que o IPVA ser\u00e1 devido no local do <strong>domic\u00edlio do propriet\u00e1rio<\/strong> do ve\u00edculo.<\/p>\n\n\n\n<h2 class=\"wp-block-heading\" id=\"h-imunidade-e-isencao-do-ipva\"><mark style=\"background-color:rgba(0, 0, 0, 0)\" class=\"has-inline-color has-vivid-cyan-blue-color\">Imunidade e Isen\u00e7\u00e3o do IPVA<\/mark><\/h2>\n\n\n\n<p>As <strong><mark style=\"background-color:rgba(0, 0, 0, 0)\" class=\"has-inline-color has-vivid-cyan-blue-color\">imunidades <\/mark><\/strong>do IPVA s\u00e3o as mesmas presentes na Constitui\u00e7\u00e3o Brasileira, sendo que elas se restringem aos ve\u00edculos relacionados com as finalidades da entidade ou delas decorrentes.<\/p>\n\n\n\n<p>Desse modo, <strong>\u00e9 imune<\/strong> do IPVA a <strong>propriedade <\/strong>de ve\u00edculo:<\/p>\n\n\n\n<ul class=\"wp-block-list\"><li>da <strong>Uni\u00e3o<\/strong>, dos <strong>Estados<\/strong>, do <strong>Distrito Federal<\/strong>, dos <strong>Munic\u00edpios <\/strong>das respectivas autarquias e funda\u00e7\u00f5es institu\u00eddas e mantidas pelo poder p\u00fablico;<\/li><li>dos <strong>partidos pol\u00edticos<\/strong>, inclusive suas funda\u00e7\u00f5es, das <strong>entidades sindicais dos trabalhadores e<\/strong> das institui\u00e7\u00f5es de <strong>educa\u00e7\u00e3o ou de assist\u00eancia social<\/strong>, sem fins lucrativos, que:<\/li><li>dos <strong>templos <\/strong>de qualquer culto.<\/li><\/ul>\n\n\n\n<p>Al\u00e9m disso, vamos listar tamb\u00e9m as <strong><mark style=\"background-color:rgba(0, 0, 0, 0)\" class=\"has-inline-color has-vivid-cyan-blue-color\">isen\u00e7\u00f5es <\/mark><\/strong>do IPVA no estado de Pernambuco. \u00c9 importante que voc\u00ea as leia incansavelmente, visto que o t\u00f3pico das isen\u00e7\u00f5es \u00e9 bastante cobrado em provas.<\/p>\n\n\n\n<p>Desse modo, <strong>s\u00e3o isentos<\/strong> ao imposto:<\/p>\n\n\n\n<p><strong><mark style=\"background-color:rgba(0, 0, 0, 0)\" class=\"has-inline-color has-vivid-cyan-blue-color\">I <\/mark><\/strong>&#8211; ve\u00edculo de corpo <strong>diplom\u00e1tico <\/strong>acreditado junto ao governo brasileiro;<\/p>\n\n\n\n<p><mark style=\"background-color:rgba(0, 0, 0, 0)\" class=\"has-inline-color has-vivid-cyan-blue-color\"><strong>II <\/strong><\/mark>&#8211; ve\u00edculo de <strong>turista estrangeiro<\/strong>, portadores de Certificados Internacionais de Circular e Conduzir, pelo prazo ali estabelecido, mas <strong>nunca superior a 1 ano<\/strong>, desde que o pa\u00eds de origem adote tratamento rec\u00edproco com os ve\u00edculos do Brasil;<\/p>\n\n\n\n<p><strong><mark style=\"background-color:rgba(0, 0, 0, 0)\" class=\"has-inline-color has-vivid-cyan-blue-color\">III <\/mark><\/strong>&#8211;<strong> m\u00e1quinas agr\u00edcolas <\/strong>e de <strong>terraplanagem<\/strong>, desde que n\u00e3o circulem em vias p\u00fablicas;<\/p>\n\n\n\n<p><strong><mark style=\"background-color:rgba(0, 0, 0, 0)\" class=\"has-inline-color has-vivid-cyan-blue-color\">IV <\/mark><\/strong>&#8211; ve\u00edculo rodovi\u00e1rio utilizado na categoria de <strong>t\u00e1xi<\/strong>, com capacidade para at\u00e9 05 passageiros, de propriedade de motorista profissional aut\u00f4nomo ou cooperativado, limitado a um ve\u00edculo por benefici\u00e1rio;<\/p>\n\n\n\n<p><strong><mark style=\"background-color:rgba(0, 0, 0, 0)\" class=\"has-inline-color has-vivid-cyan-blue-color\">V <\/mark><\/strong>&#8211; ve\u00edculo com<strong> pot\u00eancia inferior a 50<\/strong> <strong>cilindradas<\/strong>;<\/p>\n\n\n\n<p><strong><mark style=\"background-color:rgba(0, 0, 0, 0)\" class=\"has-inline-color has-vivid-cyan-blue-color\">VI <\/mark><\/strong>&#8211; \u00f4nibus e embarca\u00e7\u00e3o de empresas <strong>concession\u00e1rias<\/strong>, <strong>permission\u00e1rias <\/strong>ou <strong>autorizat\u00e1rias <\/strong>de servi\u00e7os p\u00fablicos de transporte coletivo, empregados exclusivamente no transporte urbano e metropolitano;<\/p>\n\n\n\n<p><strong><mark style=\"background-color:rgba(0, 0, 0, 0)\" class=\"has-inline-color has-vivid-cyan-blue-color\">VII <\/mark><\/strong>&#8211; ve\u00edculo de fabrica\u00e7\u00e3o nacional especialmente adaptado para <strong>deficientes <\/strong>f\u00edsicos, limitada a propriedade de um ve\u00edculo por benefici\u00e1rio;<\/p>\n\n\n\n<p><strong><mark style=\"background-color:rgba(0, 0, 0, 0)\" class=\"has-inline-color has-vivid-cyan-blue-color\">VIII <\/mark><\/strong>&#8211; ve\u00edculo do tipo <strong>ambul\u00e2ncia <\/strong>ou os de uso no <strong>combate a inc\u00eandio<\/strong>, desde que n\u00e3o haja cobran\u00e7a por esses servi\u00e7os;<\/p>\n\n\n\n<p><strong><mark style=\"background-color:rgba(0, 0, 0, 0)\" class=\"has-inline-color has-vivid-cyan-blue-color\">IX <\/mark><\/strong>&#8211; <strong>embarca\u00e7\u00e3o <\/strong>pertencente a <strong>pescador profissional,<\/strong> pessoa f\u00edsica utilizada na<strong> atividade artesanal <\/strong>ou de <strong>subsist\u00eancia<\/strong>, comprovada por entidade representativa da classe, limitada a um ve\u00edculo por benefici\u00e1rio;<\/p>\n\n\n\n<p><strong><mark style=\"background-color:rgba(0, 0, 0, 0)\" class=\"has-inline-color has-vivid-cyan-blue-color\">X <\/mark><\/strong>&#8211; ve\u00edculo de uso terrestre com <strong>mais de 10 anos de fabrica\u00e7\u00e3o<\/strong>;<\/p>\n\n\n\n<p><strong><mark style=\"background-color:rgba(0, 0, 0, 0)\" class=\"has-inline-color has-vivid-cyan-blue-color\">XI <\/mark><\/strong>&#8211; ve\u00edculo movido a <strong>motor el\u00e9trico<\/strong>.<\/p>\n\n\n\n<h2 class=\"wp-block-heading\" id=\"h-base-de-calculo-do-ipva-para-sefaz-pe\"><mark style=\"background-color:rgba(0, 0, 0, 0)\" class=\"has-inline-color has-vivid-cyan-blue-color\">Base de c\u00e1lculo do IPVA para SEFAZ PE<\/mark><\/h2>\n\n\n\n<p>A base de c\u00e1lculo de um imposto \u00e9 o valor em que incidir\u00e1 a al\u00edquota do tributo, de modo a calcular o valor a ser pago pelo contribuinte.<\/p>\n\n\n\n<p>No estado de Pernambuco, a base de c\u00e1lculo do IPVA varia de acordo com o tipo do ve\u00edculo.<\/p>\n\n\n\n<p>Caso o ve\u00edculo seja <strong>usado<\/strong>, a sua <strong>base de c\u00e1lculo<\/strong> \u00e9 o seu <strong><mark style=\"background-color:rgba(0, 0, 0, 0)\" class=\"has-inline-color has-vivid-cyan-blue-color\">valor venal praticado no mercado<\/mark><\/strong>.<\/p>\n\n\n\n<p>Em rela\u00e7\u00e3o a ve\u00edculo <strong>importado <\/strong>por <strong>consumidor final<\/strong>, para efeito do <strong>primeiro lan\u00e7amento<\/strong>, a base de c\u00e1lculo ser\u00e1 o <strong><mark style=\"background-color:rgba(0, 0, 0, 0)\" class=\"has-inline-color has-vivid-cyan-blue-color\">valor constante do documento relativo ao desembara\u00e7o aduaneiro, acrescido dos tributos e demais gravames.<\/mark><\/strong><\/p>\n\n\n\n<p>Contudo, caso o ve\u00edculo <strong>estrangeiro<\/strong>, novo ou usado, seja <strong>adquirido<\/strong> por <strong>empresa<\/strong> <strong>revendedora<\/strong> <strong>de<\/strong> <strong>ve\u00edculos<\/strong>, a base de c\u00e1lculo, para efeito de <strong>primeira opera\u00e7\u00e3o<\/strong>, ser\u00e1 o <strong><mark style=\"background-color:rgba(0, 0, 0, 0)\" class=\"has-inline-color has-vivid-cyan-blue-color\">valor constante na Nota Fiscal de venda a consumidor final <\/mark><\/strong>ou em outro documento que represente a transmiss\u00e3o de propriedade, n\u00e3o podendo, em hip\u00f3tese alguma, ser&nbsp;ao documento de desembara\u00e7o aduaneiro, <strong>acrescido <\/strong>dos <strong>tributos <\/strong>e demais obriga\u00e7\u00f5es devidas pela importa\u00e7\u00e3o.<\/p>\n\n\n\n<p><strong><mark style=\"background-color:rgba(0, 0, 0, 0)\" class=\"has-inline-color has-vivid-red-color\">FIQUE ATENTO: <\/mark><\/strong>No caso de ve\u00edculo <strong>novo<\/strong>, o IPVA ser\u00e1 devido <strong>proporcionalmente <\/strong>ao n\u00famero de <strong>meses restantes <\/strong>do exerc\u00edcio, calculado a partir do m\u00eas da ocorr\u00eancia do fato gerador, inclusive.<\/p>\n\n\n\n<h2 class=\"wp-block-heading\" id=\"h-aliquotas-do-ipva-para-sefaz-pe\"><mark style=\"background-color:rgba(0, 0, 0, 0)\" class=\"has-inline-color has-vivid-cyan-blue-color\">Al\u00edquotas do IPVA para SEFAZ PE<\/mark><\/h2>\n\n\n\n<p>H\u00e1 quatro diferentes al\u00edquotas do IPVA, sendo elas de:<\/p>\n\n\n\n<ul class=\"wp-block-list\"><li><strong><mark style=\"background-color:rgba(0, 0, 0, 0)\" class=\"has-inline-color has-vivid-cyan-blue-color\">1,0%<\/mark><\/strong> para \u00f4nibus, micro-\u00f4nibus, caminh\u00f5es e cavalo mec\u00e2nicos;<\/li><li><strong><mark style=\"background-color:rgba(0, 0, 0, 0)\" class=\"has-inline-color has-vivid-cyan-blue-color\">1,5%<\/mark><\/strong> para aeronaves;<\/li><li><strong><mark style=\"background-color:rgba(0, 0, 0, 0)\" class=\"has-inline-color has-vivid-cyan-blue-color\">2,0%<\/mark><\/strong> para motocicletas e similares;<\/li><li><strong><mark style=\"background-color:rgba(0, 0, 0, 0)\" class=\"has-inline-color has-vivid-cyan-blue-color\">2,5%<\/mark><\/strong> para autom\u00f3veis, caminhonetes e embarca\u00e7\u00f5es recreativas ou esportivas, inclusive jet ski e qualquer outro ve\u00edculo n\u00e3o inclu\u00eddo nos incisos anteriores.<\/li><\/ul>\n\n\n\n<p><strong><mark style=\"background-color:rgba(0, 0, 0, 0)\" class=\"has-inline-color has-vivid-red-color\">CAMINH\u00c3O<\/mark><\/strong>: Entende-se por caminh\u00e3o o ve\u00edculo rodovi\u00e1rio com capacidade de carga igual ou superior a <strong>3.500 kg<\/strong>.<\/p>\n\n\n\n<h2 class=\"wp-block-heading\" id=\"h-sujeito-passivo-do-ipva-para-sefaz-pe\"><mark style=\"background-color:rgba(0, 0, 0, 0)\" class=\"has-inline-color has-vivid-cyan-blue-color\">Sujeito Passivo do IPVA para SEFAZ PE<\/mark><\/h2>\n\n\n\n<p>O sujeito passivo da obriga\u00e7\u00e3o principal do IPVA pode ser contribuinte ou respons\u00e1vel.<\/p>\n\n\n\n<p>Em rela\u00e7\u00e3o ao <strong><mark style=\"background-color:rgba(0, 0, 0, 0)\" class=\"has-inline-color has-vivid-cyan-blue-color\">contribuinte <\/mark><\/strong>do IPVA, ele \u00e9 o <strong>propriet\u00e1rio <\/strong>do ve\u00edculo, e apenas ele.<\/p>\n\n\n\n<p>Por sua vez, s\u00e3o<strong><mark style=\"background-color:rgba(0, 0, 0, 0)\" class=\"has-inline-color has-vivid-cyan-blue-color\"> solidariamente respons\u00e1veis<\/mark><\/strong> pelo pagamento do IPVA:<\/p>\n\n\n\n<ul class=\"wp-block-list\"><li>o <strong>adquirente<\/strong>, em rela\u00e7\u00e3o ao ve\u00edculo <strong>sem o pagamento do IPVA<\/strong> do exerc\u00edcio ou exerc\u00edcios anteriores;<\/li><li>o <strong>Titular <\/strong>do dom\u00ednio ou <strong>possuidor <\/strong>a qualquer t\u00edtulo;<\/li><li>o <strong>servidor <\/strong>que autorizar ou efetuar o registro e licenciamento, inscri\u00e7\u00e3o, matr\u00edcula, inspe\u00e7\u00e3o, vistoria ou transfer\u00eancia de ve\u00edculo de qualquer esp\u00e9cie,<strong> sem a prova de pagamento<\/strong>, ou do reconhecimento de isen\u00e7\u00e3o ou imunidade do IPVA.<\/li><\/ul>\n\n\n\n<h2 class=\"wp-block-heading\" id=\"h-penalidades\"><mark style=\"background-color:rgba(0, 0, 0, 0)\" class=\"has-inline-color has-vivid-cyan-blue-color\">Penalidades<\/mark><\/h2>\n\n\n\n<p>Caso o sujeito passivo <strong>descumpra as disposi\u00e7\u00f5es da Lei do IPVA,<\/strong> eles ser\u00e3o punidos com <strong>multas<\/strong>, sendo elas de:<\/p>\n\n\n\n<ul class=\"wp-block-list\"><li><strong><mark style=\"background-color:rgba(0, 0, 0, 0)\" class=\"has-inline-color has-vivid-cyan-blue-color\">100% <\/mark><\/strong>do valor do tributo, devidamente atualizado, inclu\u00eddos os acr\u00e9scimos legais, na hip\u00f3tese de <strong>procedimento fiscal de of\u00edcio<\/strong>.<\/li><li><strong><mark style=\"background-color:rgba(0, 0, 0, 0)\" class=\"has-inline-color has-vivid-cyan-blue-color\">5%<\/mark><\/strong> do valor venal do ve\u00edculo, na hip\u00f3tese de ocorrer<strong> fraude, dolo ou simula\u00e7\u00e3o<\/strong> no preenchimento de guias de recolhimento e de requerimentos de imunidade ou isen\u00e7\u00e3o;<\/li><li><strong><mark style=\"background-color:rgba(0, 0, 0, 0)\" class=\"has-inline-color has-vivid-cyan-blue-color\">30%<\/mark><\/strong> do valor do tributo devidamente atualizado, na hip\u00f3tese de <strong>recolhimento<\/strong> <strong>espont\u00e2neo<\/strong>, efetuado <strong>fora do prazo legal.<\/strong><\/li><\/ul>\n\n\n\n<p><strong><mark style=\"background-color:rgba(0, 0, 0, 0)\" class=\"has-inline-color has-vivid-red-color\">REDU\u00c7\u00c3O<\/mark><\/strong>: A <strong>multa <\/strong>prevista no <strong>terceiro ponto acima<\/strong> poder\u00e1 ser <strong>reduzida \u00e0 metade<\/strong> caso o d\u00e9bito seja pago at\u00e9 o <strong>\u00faltimo dia \u00fatil do m\u00eas seguinte<\/strong> \u00e0queles em que tenha expirado o correspondente prazo de recolhimento.<\/p>\n\n\n\n<p>Al\u00e9m das multas acima, ser\u00e3o punidos, com <strong><mark style=\"background-color:rgba(0, 0, 0, 0)\" class=\"has-inline-color has-vivid-cyan-blue-color\">multa de 5%<\/mark><\/strong> do valor da opera\u00e7\u00e3o, os que, ao adquirirem ve\u00edculos automotores, novos ou usados,<strong> n\u00e3o efetuarem a respectiva transfer\u00eancia da propriedade<\/strong>, no prazo de 30 dias a contar da data de sua efetiva aquisi\u00e7\u00e3o.<\/p>\n\n\n\n<h2 class=\"wp-block-heading\" id=\"h-demais-disposicoes-sobre-o-ipva\"><mark style=\"background-color:rgba(0, 0, 0, 0)\" class=\"has-inline-color has-vivid-cyan-blue-color\">Demais disposi\u00e7\u00f5es sobre o IPVA<\/mark><\/h2>\n\n\n\n<p>\u00c9 importante que voc\u00ea saiba que o<strong><mark style=\"background-color:rgba(0, 0, 0, 0)\" class=\"has-inline-color has-vivid-cyan-blue-color\"> IPVA \u00e9 vinculado ao ve\u00edculo. <\/mark><\/strong>Desse modo, em caso de aliena\u00e7\u00e3o, o comprovante do pagamento do IPVA transmite-se ao novo propriet\u00e1rio do ve\u00edculo para efeito de registro, inscri\u00e7\u00e3o, matr\u00edcula ou averba\u00e7\u00e3o de qualquer altera\u00e7\u00e3o desses assentamentos.<\/p>\n\n\n\n<p>Vale salientar ainda que <strong>n\u00e3o ser\u00e1 poss\u00edvel o registro, a inscri\u00e7\u00e3o e a matr\u00edcula <\/strong>do ve\u00edculo perante as reparti\u00e7\u00f5es competentes <strong>sem a prova do pagamento<\/strong> do IPVA ou da circunst\u00e2ncia de imunidade ou isen\u00e7\u00e3o.<\/p>\n\n\n\n<p>Por fim, do produto da arrecada\u00e7\u00e3o do IPVA, inclu\u00eddos os acr\u00e9scimos correspondentes, <strong>50%<\/strong> constituir\u00e3o receita do <strong>Estado <\/strong>e <strong>50%<\/strong> do <strong>munic\u00edpio <\/strong>onde estiver licenciado, inscrito ou matriculado o ve\u00edculo.<\/p>\n\n\n\n<h2 class=\"wp-block-heading\" id=\"h-finalizando\"><mark style=\"background-color:rgba(0, 0, 0, 0)\" class=\"has-inline-color has-vivid-cyan-blue-color\">Finalizando<\/mark><\/h2>\n\n\n\n<p>Pessoal! Chegamos ao final do nosso resumo sobre o IPVA, presente na Lei 10.849\/92, para a SEFAZ PE. Esperamos que tenham gostado.<\/p>\n\n\n\n<p>Caso queira se preparar para chegar&nbsp;<strong>competitivo&nbsp;<\/strong>nesta prova, invista nos&nbsp;<a href=\"https:\/\/www.estrategiaconcursos.com.br\/cursosPorConcurso\/sefaz-pe-ou-icms-pe-285\/\" target=\"_blank\" rel=\"noreferrer noopener\"><strong>cursos para a SEFAZ PE<\/strong><\/a>&nbsp;do&nbsp;<strong>Estrat\u00e9gia Concursos<\/strong>.&nbsp;L\u00e1 voc\u00ea encontrar\u00e1&nbsp;<strong>aulas completas e detalhadas, com os melhores professores do mercado<\/strong>,&nbsp;de todos os t\u00f3picos exigidos no edital deste concurso.<\/p>\n\n\n\n<p>Conhe\u00e7a tamb\u00e9m o&nbsp;<a href=\"https:\/\/questoes.estrategiaconcursos.com.br\/\" target=\"_blank\" rel=\"noreferrer noopener\">Sistema de Quest\u00f5es do Estrat\u00e9gia<\/a>. Afinal, a \u00fanica maneira de&nbsp;<strong>consolidar o conte\u00fado&nbsp;<\/strong>de maneira satisfat\u00f3ria \u00e9 atrav\u00e9s da&nbsp;<strong>resolu\u00e7\u00e3o de quest\u00f5es.<\/strong><\/p>\n\n\n\n<p>Bons estudos a todos!<\/p>\n\n\n\n<h2 class=\"has-text-align-center wp-block-heading\" id=\"h-cursos-e-assinaturas\">Cursos e Assinaturas <\/h2>\n\n\n\n<p>Prepare-se com o melhor material e com quem mais aprova em Concursos P\u00fablicos em todo o pa\u00eds!<\/p>\n\n\n\n<p class=\"has-text-align-center has-vivid-cyan-blue-color has-text-color has-background\" style=\"background-color:#0072b4\"><strong><a href=\"https:\/\/www.estrategiaconcursos.com.br\/blog\/concursos-2022\/\" target=\"_blank\" rel=\"noreferrer noopener\"><mark style=\"background-color:rgba(0, 0, 0, 0)\" class=\"has-inline-color has-white-color\">Concursos 2022<\/mark><\/a><\/strong><\/p>\n\n\n\n<p class=\"has-text-align-center has-vivid-cyan-blue-color has-text-color has-background\" style=\"background-color:#0078bd\"><a href=\"https:\/\/www.estrategiaconcursos.com.br\/blog\/concursos-2023\/\" target=\"_blank\" rel=\"noreferrer noopener\"><strong><mark style=\"background-color:rgba(0, 0, 0, 0)\" class=\"has-inline-color has-white-color\">Concursos 2023<\/mark><\/strong><\/a><\/p>\n\n\n\n<div class=\"container\" id=\"boxes\">\n  <div class=\"row\">\n\n    <div class=\"col-sm\">\n      <div class=\"banner-fiscal-01\" id=\"box-assinatura\">\n        <h3 class=\"titulo-assinatura\">Concurso Sefaz PE<\/h3>\n        <p class=\"subtitulo-assinatura\">Estude conosco<\/p>\n        <div class=\"box-botao\">\n          <a class=\"btn-assinatura\" target=\"_blank\" href=\"https:\/\/www.estrategiaconcursos.com.br\/cursosPorConcurso\/sefaz-pe-ou-icms-pe-285\/\" role=\"button\" rel=\"noopener noreferrer\">Conhe\u00e7a os cursos<\/a>\n        <\/div>\n      <\/div>\n      \n    <\/div>\n\n  <\/div>\n<\/div>\n\n\n\n<div class=\"container\" id=\"boxes\">\n  <div class=\"row\">\n    <div class=\"col-sm\">\n      <div class=\"estrategia\" id=\"box-assinatura\">\n        <h3 class=\"titulo-assinatura\">Assinatura de Concursos<\/h3>\n        <p class=\"subtitulo-assinatura\">Assinatura de 1 ano ou 2 anos<\/p>\n        <div class=\"box-botao\">\n          <a class=\"btn-assinatura\" target=\"_blank\" href=\"https:\/\/www.estrategiaconcursos.com.br\/assinaturas\/\" role=\"button\" rel=\"noopener noreferrer\">ASSINE AGORA<\/a>\n        <\/div>\n      <\/div>\n      \n    <\/div><\/div><\/div>\n","protected":false},"excerpt":{"rendered":"<p>Confira neste artigo um resumo sobre o IPVA, presente na Lei 10.849\/92, para o concurso de Auditor Fiscal da SEFAZ PE. Ol\u00e1, pessoal! Tudo bem com voc\u00eas? O&nbsp;concurso da SEFAZ PE&nbsp;(Secretaria de Estado da Fazenda de Pernambuco) est\u00e1 cada dia mais perto. Como est\u00e1 a sua prepara\u00e7\u00e3o? Est\u00e3o sendo ofertadas&nbsp;20 vagas&nbsp;para o cargo de&nbsp;Auditor Fiscal [&hellip;]<\/p>\n","protected":false},"author":1976,"featured_media":530034,"comment_status":"open","ping_status":"closed","sticky":false,"template":"","format":"standard","meta":{"post_tipo":"article","footnotes":""},"categories":[1983],"tags":[],"tax_estado":[219979],"class_list":["post-1112937","post","type-post","status-publish","format-standard","has-post-thumbnail","hentry","category-fiscal-estadual","tax_estado-pe"],"acf":[],"yoast_head":"<!-- This site is optimized with the Yoast SEO Premium plugin v27.2 (Yoast SEO v27.2) - https:\/\/yoast.com\/product\/yoast-seo-premium-wordpress\/ -->\n<title>Concurso SEFAZ PE: Resumo do IPVA<\/title>\n<meta name=\"description\" content=\"Confira neste artigo um resumo sobre o IPVA, presente na Lei 10.849\/92, para o concurso de Auditor Fiscal da SEFAZ PE.\" \/>\n<meta name=\"robots\" content=\"index, follow, max-snippet:-1, max-image-preview:large, max-video-preview:-1\" \/>\n<link rel=\"canonical\" href=\"https:\/\/www.estrategiaconcursos.com.br\/blog\/sefaz-pe-resumo-ipva\/\" \/>\n<meta property=\"og:locale\" content=\"pt_BR\" \/>\n<meta property=\"og:type\" content=\"article\" \/>\n<meta property=\"og:title\" content=\"Concurso SEFAZ PE: Resumo do IPVA\" \/>\n<meta property=\"og:description\" content=\"Confira neste artigo um resumo sobre o IPVA, presente na Lei 10.849\/92, para o concurso de Auditor Fiscal da SEFAZ PE.\" \/>\n<meta property=\"og:url\" content=\"https:\/\/www.estrategiaconcursos.com.br\/blog\/sefaz-pe-resumo-ipva\/\" \/>\n<meta property=\"og:site_name\" content=\"Estrat\u00e9gia Concursos\" \/>\n<meta property=\"article:published_time\" content=\"2022-11-12T14:20:00+00:00\" \/>\n<meta property=\"og:image\" content=\"https:\/\/dhg1h5j42swfq.cloudfront.net\/2020\/06\/22135746\/sefaz-pe.jpg\" \/>\n\t<meta property=\"og:image:width\" content=\"225\" \/>\n\t<meta property=\"og:image:height\" content=\"225\" \/>\n\t<meta property=\"og:image:type\" content=\"image\/jpeg\" \/>\n<meta name=\"author\" content=\"Kassio Henrique Sobral Rocha\" \/>\n<meta name=\"twitter:card\" content=\"summary_large_image\" \/>\n<meta name=\"twitter:creator\" content=\"@EstratConcursos\" \/>\n<meta name=\"twitter:site\" content=\"@EstratConcursos\" \/>\n<meta name=\"twitter:label1\" content=\"Escrito por\" \/>\n\t<meta name=\"twitter:data1\" content=\"Kassio Henrique Sobral Rocha\" \/>\n\t<meta name=\"twitter:label2\" content=\"Est. tempo de leitura\" \/>\n\t<meta name=\"twitter:data2\" content=\"9 minutos\" \/>\n<script type=\"application\/ld+json\" class=\"yoast-schema-graph\">{\"@context\":\"https:\/\/schema.org\",\"@graph\":[{\"@type\":\"NewsArticle\",\"@id\":\"https:\/\/www.estrategiaconcursos.com.br\/blog\/sefaz-pe-resumo-ipva\/#article\",\"isPartOf\":{\"@id\":\"https:\/\/www.estrategiaconcursos.com.br\/blog\/sefaz-pe-resumo-ipva\/\"},\"author\":{\"name\":\"Kassio Henrique Sobral Rocha\",\"@id\":\"https:\/\/www.estrategiaconcursos.com.br\/blog\/#\/schema\/person\/f0c830e07cfe11c231c0ea5dbb036df5\"},\"headline\":\"Concurso SEFAZ PE: Resumo do IPVA\",\"datePublished\":\"2022-11-12T14:20:00+00:00\",\"mainEntityOfPage\":{\"@id\":\"https:\/\/www.estrategiaconcursos.com.br\/blog\/sefaz-pe-resumo-ipva\/\"},\"wordCount\":1773,\"commentCount\":0,\"publisher\":{\"@id\":\"https:\/\/www.estrategiaconcursos.com.br\/blog\/#organization\"},\"image\":{\"@id\":\"https:\/\/www.estrategiaconcursos.com.br\/blog\/sefaz-pe-resumo-ipva\/#primaryimage\"},\"thumbnailUrl\":\"https:\/\/dhg1h5j42swfq.cloudfront.net\/2020\/06\/22135746\/sefaz-pe.jpg\",\"articleSection\":[\"Fiscal - Estadual (ICMS)\"],\"inLanguage\":\"pt-BR\",\"potentialAction\":[{\"@type\":\"CommentAction\",\"name\":\"Comment\",\"target\":[\"https:\/\/www.estrategiaconcursos.com.br\/blog\/sefaz-pe-resumo-ipva\/#respond\"]}],\"copyrightYear\":\"2022\",\"copyrightHolder\":{\"@id\":\"https:\/\/www.estrategiaconcursos.com.br\/blog\/#organization\"}},{\"@type\":\"WebPage\",\"@id\":\"https:\/\/www.estrategiaconcursos.com.br\/blog\/sefaz-pe-resumo-ipva\/\",\"url\":\"https:\/\/www.estrategiaconcursos.com.br\/blog\/sefaz-pe-resumo-ipva\/\",\"name\":\"Concurso SEFAZ PE: Resumo do IPVA\",\"isPartOf\":{\"@id\":\"https:\/\/www.estrategiaconcursos.com.br\/blog\/#website\"},\"primaryImageOfPage\":{\"@id\":\"https:\/\/www.estrategiaconcursos.com.br\/blog\/sefaz-pe-resumo-ipva\/#primaryimage\"},\"image\":{\"@id\":\"https:\/\/www.estrategiaconcursos.com.br\/blog\/sefaz-pe-resumo-ipva\/#primaryimage\"},\"thumbnailUrl\":\"https:\/\/dhg1h5j42swfq.cloudfront.net\/2020\/06\/22135746\/sefaz-pe.jpg\",\"datePublished\":\"2022-11-12T14:20:00+00:00\",\"description\":\"Confira neste artigo um resumo sobre o IPVA, presente na Lei 10.849\/92, para o concurso de Auditor Fiscal da SEFAZ PE.\",\"breadcrumb\":{\"@id\":\"https:\/\/www.estrategiaconcursos.com.br\/blog\/sefaz-pe-resumo-ipva\/#breadcrumb\"},\"inLanguage\":\"pt-BR\",\"potentialAction\":[{\"@type\":\"ReadAction\",\"target\":[\"https:\/\/www.estrategiaconcursos.com.br\/blog\/sefaz-pe-resumo-ipva\/\"]}]},{\"@type\":\"ImageObject\",\"inLanguage\":\"pt-BR\",\"@id\":\"https:\/\/www.estrategiaconcursos.com.br\/blog\/sefaz-pe-resumo-ipva\/#primaryimage\",\"url\":\"https:\/\/dhg1h5j42swfq.cloudfront.net\/2020\/06\/22135746\/sefaz-pe.jpg\",\"contentUrl\":\"https:\/\/dhg1h5j42swfq.cloudfront.net\/2020\/06\/22135746\/sefaz-pe.jpg\",\"width\":225,\"height\":225,\"caption\":\"SEFAZ-PE Processo Administrativo Tribut\u00e1rio\"},{\"@type\":\"BreadcrumbList\",\"@id\":\"https:\/\/www.estrategiaconcursos.com.br\/blog\/sefaz-pe-resumo-ipva\/#breadcrumb\",\"itemListElement\":[{\"@type\":\"ListItem\",\"position\":1,\"name\":\"In\u00edcio\",\"item\":\"https:\/\/www.estrategiaconcursos.com.br\/blog\/\"},{\"@type\":\"ListItem\",\"position\":2,\"name\":\"Concurso SEFAZ PE: Resumo do IPVA\"}]},{\"@type\":\"WebSite\",\"@id\":\"https:\/\/www.estrategiaconcursos.com.br\/blog\/#website\",\"url\":\"https:\/\/www.estrategiaconcursos.com.br\/blog\/\",\"name\":\"Estrat\u00e9gia Concursos\",\"description\":\"O blog da Estrat\u00e9gia Concursos traz not\u00edcias sobre concursos e artigos de professores oferecendo cursos para concursos (pdf + videaulas) no site.\",\"publisher\":{\"@id\":\"https:\/\/www.estrategiaconcursos.com.br\/blog\/#organization\"},\"potentialAction\":[{\"@type\":\"SearchAction\",\"target\":{\"@type\":\"EntryPoint\",\"urlTemplate\":\"https:\/\/www.estrategiaconcursos.com.br\/blog\/?s={search_term_string}\"},\"query-input\":{\"@type\":\"PropertyValueSpecification\",\"valueRequired\":true,\"valueName\":\"search_term_string\"}}],\"inLanguage\":\"pt-BR\"},{\"@type\":\"Organization\",\"@id\":\"https:\/\/www.estrategiaconcursos.com.br\/blog\/#organization\",\"name\":\"Estrat\u00e9gia Concursos\",\"url\":\"https:\/\/www.estrategiaconcursos.com.br\/blog\/\",\"logo\":{\"@type\":\"ImageObject\",\"inLanguage\":\"pt-BR\",\"@id\":\"https:\/\/www.estrategiaconcursos.com.br\/blog\/#\/schema\/logo\/image\/\",\"url\":\"https:\/\/dhg1h5j42swfq.cloudfront.net\/2025\/06\/03203428\/logo_concursos-1.jpg\",\"contentUrl\":\"https:\/\/dhg1h5j42swfq.cloudfront.net\/2025\/06\/03203428\/logo_concursos-1.jpg\",\"width\":230,\"height\":60,\"caption\":\"Estrat\u00e9gia Concursos\"},\"image\":{\"@id\":\"https:\/\/www.estrategiaconcursos.com.br\/blog\/#\/schema\/logo\/image\/\"},\"sameAs\":[\"https:\/\/x.com\/EstratConcursos\"]},{\"@type\":\"Person\",\"@id\":\"https:\/\/www.estrategiaconcursos.com.br\/blog\/#\/schema\/person\/f0c830e07cfe11c231c0ea5dbb036df5\",\"name\":\"Kassio Henrique Sobral Rocha\",\"image\":{\"@type\":\"ImageObject\",\"inLanguage\":\"pt-BR\",\"@id\":\"https:\/\/secure.gravatar.com\/avatar\/d10350cbdad043facd8ec77a377f86f9026afee3348e463b04854fd4490ce759?s=96&d=mm&r=g\",\"url\":\"https:\/\/secure.gravatar.com\/avatar\/d10350cbdad043facd8ec77a377f86f9026afee3348e463b04854fd4490ce759?s=96&d=mm&r=g\",\"contentUrl\":\"https:\/\/secure.gravatar.com\/avatar\/d10350cbdad043facd8ec77a377f86f9026afee3348e463b04854fd4490ce759?s=96&d=mm&r=g\",\"caption\":\"Kassio Henrique Sobral Rocha\"},\"url\":\"https:\/\/www.estrategiaconcursos.com.br\/blog\/author\/kassio-rochayahoo-com-br\/\"}]}<\/script>\n<!-- \/ Yoast SEO Premium plugin. -->","yoast_head_json":{"title":"Concurso SEFAZ PE: Resumo do IPVA","description":"Confira neste artigo um resumo sobre o IPVA, presente na Lei 10.849\/92, para o concurso de Auditor Fiscal da SEFAZ PE.","robots":{"index":"index","follow":"follow","max-snippet":"max-snippet:-1","max-image-preview":"max-image-preview:large","max-video-preview":"max-video-preview:-1"},"canonical":"https:\/\/www.estrategiaconcursos.com.br\/blog\/sefaz-pe-resumo-ipva\/","og_locale":"pt_BR","og_type":"article","og_title":"Concurso SEFAZ PE: Resumo do IPVA","og_description":"Confira neste artigo um resumo sobre o IPVA, presente na Lei 10.849\/92, para o concurso de Auditor Fiscal da SEFAZ PE.","og_url":"https:\/\/www.estrategiaconcursos.com.br\/blog\/sefaz-pe-resumo-ipva\/","og_site_name":"Estrat\u00e9gia Concursos","article_published_time":"2022-11-12T14:20:00+00:00","og_image":[{"width":225,"height":225,"url":"https:\/\/dhg1h5j42swfq.cloudfront.net\/2020\/06\/22135746\/sefaz-pe.jpg","type":"image\/jpeg"}],"author":"Kassio Henrique Sobral Rocha","twitter_card":"summary_large_image","twitter_creator":"@EstratConcursos","twitter_site":"@EstratConcursos","twitter_misc":{"Escrito por":"Kassio Henrique Sobral Rocha","Est. tempo de leitura":"9 minutos"},"schema":{"@context":"https:\/\/schema.org","@graph":[{"@type":"NewsArticle","@id":"https:\/\/www.estrategiaconcursos.com.br\/blog\/sefaz-pe-resumo-ipva\/#article","isPartOf":{"@id":"https:\/\/www.estrategiaconcursos.com.br\/blog\/sefaz-pe-resumo-ipva\/"},"author":{"name":"Kassio Henrique Sobral Rocha","@id":"https:\/\/www.estrategiaconcursos.com.br\/blog\/#\/schema\/person\/f0c830e07cfe11c231c0ea5dbb036df5"},"headline":"Concurso SEFAZ PE: Resumo do IPVA","datePublished":"2022-11-12T14:20:00+00:00","mainEntityOfPage":{"@id":"https:\/\/www.estrategiaconcursos.com.br\/blog\/sefaz-pe-resumo-ipva\/"},"wordCount":1773,"commentCount":0,"publisher":{"@id":"https:\/\/www.estrategiaconcursos.com.br\/blog\/#organization"},"image":{"@id":"https:\/\/www.estrategiaconcursos.com.br\/blog\/sefaz-pe-resumo-ipva\/#primaryimage"},"thumbnailUrl":"https:\/\/dhg1h5j42swfq.cloudfront.net\/2020\/06\/22135746\/sefaz-pe.jpg","articleSection":["Fiscal - Estadual (ICMS)"],"inLanguage":"pt-BR","potentialAction":[{"@type":"CommentAction","name":"Comment","target":["https:\/\/www.estrategiaconcursos.com.br\/blog\/sefaz-pe-resumo-ipva\/#respond"]}],"copyrightYear":"2022","copyrightHolder":{"@id":"https:\/\/www.estrategiaconcursos.com.br\/blog\/#organization"}},{"@type":"WebPage","@id":"https:\/\/www.estrategiaconcursos.com.br\/blog\/sefaz-pe-resumo-ipva\/","url":"https:\/\/www.estrategiaconcursos.com.br\/blog\/sefaz-pe-resumo-ipva\/","name":"Concurso SEFAZ PE: Resumo do IPVA","isPartOf":{"@id":"https:\/\/www.estrategiaconcursos.com.br\/blog\/#website"},"primaryImageOfPage":{"@id":"https:\/\/www.estrategiaconcursos.com.br\/blog\/sefaz-pe-resumo-ipva\/#primaryimage"},"image":{"@id":"https:\/\/www.estrategiaconcursos.com.br\/blog\/sefaz-pe-resumo-ipva\/#primaryimage"},"thumbnailUrl":"https:\/\/dhg1h5j42swfq.cloudfront.net\/2020\/06\/22135746\/sefaz-pe.jpg","datePublished":"2022-11-12T14:20:00+00:00","description":"Confira neste artigo um resumo sobre o IPVA, presente na Lei 10.849\/92, para o concurso de Auditor Fiscal da SEFAZ PE.","breadcrumb":{"@id":"https:\/\/www.estrategiaconcursos.com.br\/blog\/sefaz-pe-resumo-ipva\/#breadcrumb"},"inLanguage":"pt-BR","potentialAction":[{"@type":"ReadAction","target":["https:\/\/www.estrategiaconcursos.com.br\/blog\/sefaz-pe-resumo-ipva\/"]}]},{"@type":"ImageObject","inLanguage":"pt-BR","@id":"https:\/\/www.estrategiaconcursos.com.br\/blog\/sefaz-pe-resumo-ipva\/#primaryimage","url":"https:\/\/dhg1h5j42swfq.cloudfront.net\/2020\/06\/22135746\/sefaz-pe.jpg","contentUrl":"https:\/\/dhg1h5j42swfq.cloudfront.net\/2020\/06\/22135746\/sefaz-pe.jpg","width":225,"height":225,"caption":"SEFAZ-PE Processo Administrativo Tribut\u00e1rio"},{"@type":"BreadcrumbList","@id":"https:\/\/www.estrategiaconcursos.com.br\/blog\/sefaz-pe-resumo-ipva\/#breadcrumb","itemListElement":[{"@type":"ListItem","position":1,"name":"In\u00edcio","item":"https:\/\/www.estrategiaconcursos.com.br\/blog\/"},{"@type":"ListItem","position":2,"name":"Concurso SEFAZ PE: Resumo do IPVA"}]},{"@type":"WebSite","@id":"https:\/\/www.estrategiaconcursos.com.br\/blog\/#website","url":"https:\/\/www.estrategiaconcursos.com.br\/blog\/","name":"Estrat\u00e9gia Concursos","description":"O blog da Estrat\u00e9gia Concursos traz not\u00edcias sobre concursos e artigos de professores oferecendo cursos para concursos (pdf + videaulas) no site.","publisher":{"@id":"https:\/\/www.estrategiaconcursos.com.br\/blog\/#organization"},"potentialAction":[{"@type":"SearchAction","target":{"@type":"EntryPoint","urlTemplate":"https:\/\/www.estrategiaconcursos.com.br\/blog\/?s={search_term_string}"},"query-input":{"@type":"PropertyValueSpecification","valueRequired":true,"valueName":"search_term_string"}}],"inLanguage":"pt-BR"},{"@type":"Organization","@id":"https:\/\/www.estrategiaconcursos.com.br\/blog\/#organization","name":"Estrat\u00e9gia Concursos","url":"https:\/\/www.estrategiaconcursos.com.br\/blog\/","logo":{"@type":"ImageObject","inLanguage":"pt-BR","@id":"https:\/\/www.estrategiaconcursos.com.br\/blog\/#\/schema\/logo\/image\/","url":"https:\/\/dhg1h5j42swfq.cloudfront.net\/2025\/06\/03203428\/logo_concursos-1.jpg","contentUrl":"https:\/\/dhg1h5j42swfq.cloudfront.net\/2025\/06\/03203428\/logo_concursos-1.jpg","width":230,"height":60,"caption":"Estrat\u00e9gia Concursos"},"image":{"@id":"https:\/\/www.estrategiaconcursos.com.br\/blog\/#\/schema\/logo\/image\/"},"sameAs":["https:\/\/x.com\/EstratConcursos"]},{"@type":"Person","@id":"https:\/\/www.estrategiaconcursos.com.br\/blog\/#\/schema\/person\/f0c830e07cfe11c231c0ea5dbb036df5","name":"Kassio Henrique Sobral Rocha","image":{"@type":"ImageObject","inLanguage":"pt-BR","@id":"https:\/\/secure.gravatar.com\/avatar\/d10350cbdad043facd8ec77a377f86f9026afee3348e463b04854fd4490ce759?s=96&d=mm&r=g","url":"https:\/\/secure.gravatar.com\/avatar\/d10350cbdad043facd8ec77a377f86f9026afee3348e463b04854fd4490ce759?s=96&d=mm&r=g","contentUrl":"https:\/\/secure.gravatar.com\/avatar\/d10350cbdad043facd8ec77a377f86f9026afee3348e463b04854fd4490ce759?s=96&d=mm&r=g","caption":"Kassio Henrique Sobral Rocha"},"url":"https:\/\/www.estrategiaconcursos.com.br\/blog\/author\/kassio-rochayahoo-com-br\/"}]}},"_links":{"self":[{"href":"https:\/\/www.estrategiaconcursos.com.br\/blog\/wp-json\/wp\/v2\/posts\/1112937","targetHints":{"allow":["GET"]}}],"collection":[{"href":"https:\/\/www.estrategiaconcursos.com.br\/blog\/wp-json\/wp\/v2\/posts"}],"about":[{"href":"https:\/\/www.estrategiaconcursos.com.br\/blog\/wp-json\/wp\/v2\/types\/post"}],"author":[{"embeddable":true,"href":"https:\/\/www.estrategiaconcursos.com.br\/blog\/wp-json\/wp\/v2\/users\/1976"}],"replies":[{"embeddable":true,"href":"https:\/\/www.estrategiaconcursos.com.br\/blog\/wp-json\/wp\/v2\/comments?post=1112937"}],"version-history":[{"count":12,"href":"https:\/\/www.estrategiaconcursos.com.br\/blog\/wp-json\/wp\/v2\/posts\/1112937\/revisions"}],"predecessor-version":[{"id":1323424,"href":"https:\/\/www.estrategiaconcursos.com.br\/blog\/wp-json\/wp\/v2\/posts\/1112937\/revisions\/1323424"}],"wp:featuredmedia":[{"embeddable":true,"href":"https:\/\/www.estrategiaconcursos.com.br\/blog\/wp-json\/wp\/v2\/media\/530034"}],"wp:attachment":[{"href":"https:\/\/www.estrategiaconcursos.com.br\/blog\/wp-json\/wp\/v2\/media?parent=1112937"}],"wp:term":[{"taxonomy":"category","embeddable":true,"href":"https:\/\/www.estrategiaconcursos.com.br\/blog\/wp-json\/wp\/v2\/categories?post=1112937"},{"taxonomy":"post_tag","embeddable":true,"href":"https:\/\/www.estrategiaconcursos.com.br\/blog\/wp-json\/wp\/v2\/tags?post=1112937"},{"taxonomy":"tax_estado","embeddable":true,"href":"https:\/\/www.estrategiaconcursos.com.br\/blog\/wp-json\/wp\/v2\/tax_estado?post=1112937"}],"curies":[{"name":"wp","href":"https:\/\/api.w.org\/{rel}","templated":true}]}}