{"id":1112387,"date":"2022-10-19T10:46:01","date_gmt":"2022-10-19T13:46:01","guid":{"rendered":"https:\/\/www.estrategiaconcursos.com.br\/blog\/?p=1112387"},"modified":"2022-10-19T10:57:28","modified_gmt":"2022-10-19T13:57:28","slug":"secretaria-concurso-sefaz-ce-auditor-adjunto","status":"publish","type":"post","link":"https:\/\/www.estrategiaconcursos.com.br\/blog\/secretaria-concurso-sefaz-ce-auditor-adjunto\/","title":{"rendered":"&#8220;N\u00e3o temos perspectiva&#8221;, diz secret\u00e1ria da Sefaz CE sobre edital"},"content":{"rendered":"\n<p>A secret\u00e1ria da Fazenda do Cear\u00e1 (<a href=\"https:\/\/www.estrategiaconcursos.com.br\/cursosPorConcurso\/sefaz-ce\/\" target=\"_blank\" rel=\"noreferrer noopener\">Sefaz CE<\/a>), Fernanda Pacobahyba, revelou, por meio das redes sociais, que n\u00e3o h\u00e1 perspectivas para publica\u00e7\u00e3o do edital de concurso p\u00fablico para o cargo de <strong><a href=\"https:\/\/www.estrategiaconcursos.com.br\/curso\/sefaz-ce-auditor-fiscal-adjunto-pacote-de-conhecimentos-basicos-2022-pre-edital\/\" target=\"_blank\" rel=\"noreferrer noopener\">Auditor Fiscal Adjunto<\/a><\/strong>:<\/p>\n\n\n\n<figure class=\"wp-block-image aligncenter size-full\"><img loading=\"lazy\" decoding=\"async\" width=\"411\" height=\"197\" src=\"https:\/\/dhg1h5j42swfq.cloudfront.net\/2022\/10\/19095345\/image-239.png\" alt=\"Concurso Sefaz CE Auditor Adjunto: esfriou? Secret\u00e1ria fala sobre edital\" class=\"wp-image-1112355\" srcset=\"https:\/\/dhg1h5j42swfq.cloudfront.net\/2022\/10\/19095345\/image-239.png 411w, https:\/\/dhg1h5j42swfq.cloudfront.net\/2022\/10\/19095345\/image-239-300x144.png 300w, https:\/\/dhg1h5j42swfq.cloudfront.net\/2022\/10\/19095345\/image-239-150x72.png 150w\" sizes=\"auto, (max-width: 411px) 100vw, 411px\" \/><figcaption>Postagem foi realizada no m\u00eas de outubro\/22<\/figcaption><\/figure>\n\n\n\n<p>Em mar\u00e7o deste ano, Pacobahyba j\u00e1 havia indicado que o certame seguia <a href=\"https:\/\/www.estrategiaconcursos.com.br\/blog\/concurso-sefaz-ce-adjunto-previsao\/\" target=\"_blank\" rel=\"noreferrer noopener\"><strong>sem previs\u00e3o<\/strong><\/a>. A banca Cebraspe, inclusive, havia sido cogitada como organizadora da sele\u00e7\u00e3o, por\u00e9m n\u00e3o houve confirma\u00e7\u00e3o oficial.<\/p>\n\n\n\n<p>O concurso p\u00fablico era <strong>aguardado desde 2021<\/strong>, com previs\u00e3o inicial de oferta de <strong>30 vagas<\/strong>. Contudo, nenhum passo burocr\u00e1tico chegou a ser publicado no Di\u00e1rio Oficial do Estado, como autoriza\u00e7\u00e3o, comiss\u00e3o ou escolha da banca. <\/p>\n\n\n\n<h3 class=\"wp-block-heading\">O que faz um Auditor Adjunto?<\/h3>\n\n\n\n<p>Contribui para o planejamento, execu\u00e7\u00e3o, acompanhamento e avalia\u00e7\u00e3o das atividades relacionadas diretamente com a miss\u00e3o e o plano de trabalho da Secretaria da Fazenda, visando ao cumprimento dos objetivos e metas estabelecidos.<\/p>\n\n\n\n<p class=\"has-text-align-center\"><em>E para mais informa\u00e7\u00f5es do concurso <a href=\"https:\/\/www.sefaz.ce.gov.br\/\" target=\"_blank\" rel=\"noreferrer noopener\">Sefaz CE<\/a> &#8211; Auditor Adjunto, acesse o link abaixo. Preparamos um artigo completo para voc\u00ea!<\/em><\/p>\n\n\n\n<p class=\"has-text-align-center has-background has-medium-font-size\" style=\"background-color:#c7d0d9\"><strong>Saiba mais: <a href=\"https:\/\/www.estrategiaconcursos.com.br\/blog\/concurso-sefaz-ce-auditor-adjunto\/\" target=\"_blank\" rel=\"noreferrer noopener\">concurso Sefaz CE<\/a><\/strong><\/p>\n\n\n\n<h2 class=\"has-text-align-center wp-block-heading\" id=\"cursos\"><strong><em>Quer estudar para&nbsp;<\/em><\/strong><em><strong>o<\/strong><\/em>&nbsp;<strong><em>concurso p\u00fablico da Sefaz CE?<\/em><\/strong><\/h2>\n\n\n\n<div class=\"container\" id=\"boxes\">\n  <div class=\"row\">\n\n    <div class=\"col-sm\">\n      <div class=\"banner-fiscal-01\" id=\"box-assinatura\">\n        <h3 class=\"titulo-assinatura\">Concurso Sefaz CE<\/h3>\n        <p class=\"subtitulo-assinatura\">Estude conosco<\/p>\n        <div class=\"box-botao\">\n          <a class=\"btn-assinatura\" target=\"_blank\" href=\"https:\/\/www.estrategiaconcursos.com.br\/cursosPorConcurso\/sefaz-ce\/\" role=\"button\" rel=\"noopener noreferrer\">Conhe\u00e7a os cursos<\/a>\n        <\/div>\n      <\/div>\n      \n    <\/div>\n\n  <\/div>\n<\/div>\n\n\n\n<div class=\"container\" id=\"boxes\">\n  <div class=\"row\">\n\n    <div class=\"col-sm\">\n      <div class=\"estrategia\" id=\"box-assinatura\">\n        <h3 class=\"titulo-assinatura\">Assinatura Concursos<\/h3>\n        <p class=\"subtitulo-assinatura\">Assinatura de 1 ano ou 2 anos<\/p>\n        <div class=\"box-botao\">\n          <a class=\"btn-assinatura\" target=\"_blank\" href=\"https:\/\/www.estrategiaconcursos.com.br\/assinaturas\/\" role=\"button\" rel=\"noopener noreferrer\">ASSINE AGORA<\/a>\n        <\/div>\n      <\/div>\n     \n    <\/div><\/div><\/div>\n\n\n\n<h2 class=\"has-text-align-center wp-block-heading\" id=\"h-quer-saber-tudo-sobre-os-concursos-previstos-confira-nossos-artigos\">Quer saber tudo sobre os concursos previstos?<br \/>Confira nossos artigos!<\/h2>\n\n\n\n<ul class=\"wp-block-list\"><li><a href=\"https:\/\/www.estrategiaconcursos.com.br\/blog\/concursos-abertos\/\" target=\"_blank\" rel=\"noreferrer noopener\">Concursos Abertos<\/a><\/li><li><a href=\"https:\/\/www.estrategiaconcursos.com.br\/blog\/concursos-fiscais-2022\/\" target=\"_blank\" rel=\"noreferrer noopener\">Concursos Fiscais<\/a><\/li><li><a href=\"https:\/\/www.estrategiaconcursos.com.br\/blog\/concursos-2022\/\" target=\"_blank\" rel=\"noreferrer noopener\">Concursos 2022<\/a><\/li><li><a href=\"https:\/\/www.estrategiaconcursos.com.br\/blog\/concursos-2023\/\" target=\"_blank\" rel=\"noreferrer noopener\">Concursos 2023<\/a><\/li><\/ul>\n","protected":false},"excerpt":{"rendered":"<p>A secret\u00e1ria da Fazenda do Cear\u00e1 (Sefaz CE), Fernanda Pacobahyba, revelou, por meio das redes sociais, que n\u00e3o h\u00e1 perspectivas para publica\u00e7\u00e3o do edital de concurso p\u00fablico para o cargo de Auditor Fiscal Adjunto: Em mar\u00e7o deste ano, Pacobahyba j\u00e1 havia indicado que o certame seguia sem previs\u00e3o. A banca Cebraspe, inclusive, havia sido cogitada [&hellip;]<\/p>\n","protected":false},"author":2018,"featured_media":836921,"comment_status":"open","ping_status":"closed","sticky":false,"template":"","format":"standard","meta":{"post_tipo":"news","footnotes":""},"categories":[1983,220219],"tags":[],"tax_estado":[219969],"class_list":["post-1112387","post","type-post","status-publish","format-standard","has-post-thumbnail","hentry","category-fiscal-estadual","category-noticias","tax_estado-ce"],"acf":[],"yoast_head":"<!-- This site is optimized with the Yoast SEO Premium plugin v27.2 (Yoast SEO v27.2) - https:\/\/yoast.com\/product\/yoast-seo-premium-wordpress\/ -->\n<title>&quot;N\u00e3o temos perspectiva&quot;, diz secret\u00e1ria da Sefaz CE sobre edital<\/title>\n<meta name=\"description\" content=\"Secret\u00e1ria da Sefaz CE revela que n\u00e3o h\u00e1 perspectiva de realiza\u00e7\u00e3o do concurso para Auditor Adjunto. Confira os detalhes!\" \/>\n<meta name=\"robots\" content=\"index, follow, max-snippet:-1, max-image-preview:large, max-video-preview:-1\" \/>\n<link rel=\"canonical\" href=\"https:\/\/www.estrategiaconcursos.com.br\/blog\/secretaria-concurso-sefaz-ce-auditor-adjunto\/\" \/>\n<meta property=\"og:locale\" content=\"pt_BR\" \/>\n<meta property=\"og:type\" content=\"article\" \/>\n<meta property=\"og:title\" content=\"&quot;N\u00e3o temos perspectiva&quot;, diz secret\u00e1ria da Sefaz CE sobre edital\" \/>\n<meta property=\"og:description\" content=\"Secret\u00e1ria da Sefaz CE revela que n\u00e3o h\u00e1 perspectiva de realiza\u00e7\u00e3o do concurso para Auditor Adjunto. Confira os detalhes!\" \/>\n<meta property=\"og:url\" content=\"https:\/\/www.estrategiaconcursos.com.br\/blog\/secretaria-concurso-sefaz-ce-auditor-adjunto\/\" \/>\n<meta property=\"og:site_name\" content=\"Estrat\u00e9gia Concursos\" \/>\n<meta property=\"article:published_time\" content=\"2022-10-19T13:46:01+00:00\" \/>\n<meta property=\"article:modified_time\" content=\"2022-10-19T13:57:28+00:00\" \/>\n<meta property=\"og:image\" content=\"https:\/\/dhg1h5j42swfq.cloudfront.net\/2021\/08\/15193547\/sefaz-ce_2-1024x536-1-2.jpg\" \/>\n\t<meta property=\"og:image:width\" content=\"1024\" \/>\n\t<meta property=\"og:image:height\" content=\"536\" \/>\n\t<meta property=\"og:image:type\" content=\"image\/jpeg\" \/>\n<meta name=\"author\" content=\"B\u00e1rbara Carvalho Santos\" \/>\n<meta name=\"twitter:card\" content=\"summary_large_image\" \/>\n<meta name=\"twitter:creator\" content=\"@EstratConcursos\" \/>\n<meta name=\"twitter:site\" content=\"@EstratConcursos\" \/>\n<meta name=\"twitter:label1\" content=\"Escrito por\" \/>\n\t<meta name=\"twitter:data1\" content=\"B\u00e1rbara Carvalho Santos\" \/>\n\t<meta name=\"twitter:label2\" content=\"Est. tempo de leitura\" \/>\n\t<meta name=\"twitter:data2\" content=\"1 minuto\" \/>\n<script type=\"application\/ld+json\" class=\"yoast-schema-graph\">{\"@context\":\"https:\/\/schema.org\",\"@graph\":[{\"@type\":\"NewsArticle\",\"@id\":\"https:\/\/www.estrategiaconcursos.com.br\/blog\/secretaria-concurso-sefaz-ce-auditor-adjunto\/#article\",\"isPartOf\":{\"@id\":\"https:\/\/www.estrategiaconcursos.com.br\/blog\/secretaria-concurso-sefaz-ce-auditor-adjunto\/\"},\"author\":{\"name\":\"B\u00e1rbara Carvalho Santos\",\"@id\":\"https:\/\/www.estrategiaconcursos.com.br\/blog\/#\/schema\/person\/e3882259fa157d54c44c21f4ee4e0e60\"},\"headline\":\"&#8220;N\u00e3o temos perspectiva&#8221;, diz secret\u00e1ria da Sefaz CE sobre edital\",\"datePublished\":\"2022-10-19T13:46:01+00:00\",\"dateModified\":\"2022-10-19T13:57:28+00:00\",\"mainEntityOfPage\":{\"@id\":\"https:\/\/www.estrategiaconcursos.com.br\/blog\/secretaria-concurso-sefaz-ce-auditor-adjunto\/\"},\"wordCount\":247,\"commentCount\":0,\"publisher\":{\"@id\":\"https:\/\/www.estrategiaconcursos.com.br\/blog\/#organization\"},\"image\":{\"@id\":\"https:\/\/www.estrategiaconcursos.com.br\/blog\/secretaria-concurso-sefaz-ce-auditor-adjunto\/#primaryimage\"},\"thumbnailUrl\":\"https:\/\/dhg1h5j42swfq.cloudfront.net\/2021\/08\/15193547\/sefaz-ce_2-1024x536-1-2.jpg\",\"articleSection\":[\"Fiscal - Estadual (ICMS)\",\"\u00daltimas not\u00edcias\"],\"inLanguage\":\"pt-BR\",\"potentialAction\":[{\"@type\":\"CommentAction\",\"name\":\"Comment\",\"target\":[\"https:\/\/www.estrategiaconcursos.com.br\/blog\/secretaria-concurso-sefaz-ce-auditor-adjunto\/#respond\"]}],\"copyrightYear\":\"2022\",\"copyrightHolder\":{\"@id\":\"https:\/\/www.estrategiaconcursos.com.br\/blog\/#organization\"}},{\"@type\":\"WebPage\",\"@id\":\"https:\/\/www.estrategiaconcursos.com.br\/blog\/secretaria-concurso-sefaz-ce-auditor-adjunto\/\",\"url\":\"https:\/\/www.estrategiaconcursos.com.br\/blog\/secretaria-concurso-sefaz-ce-auditor-adjunto\/\",\"name\":\"\\\"N\u00e3o temos perspectiva\\\", diz secret\u00e1ria da Sefaz CE sobre edital\",\"isPartOf\":{\"@id\":\"https:\/\/www.estrategiaconcursos.com.br\/blog\/#website\"},\"primaryImageOfPage\":{\"@id\":\"https:\/\/www.estrategiaconcursos.com.br\/blog\/secretaria-concurso-sefaz-ce-auditor-adjunto\/#primaryimage\"},\"image\":{\"@id\":\"https:\/\/www.estrategiaconcursos.com.br\/blog\/secretaria-concurso-sefaz-ce-auditor-adjunto\/#primaryimage\"},\"thumbnailUrl\":\"https:\/\/dhg1h5j42swfq.cloudfront.net\/2021\/08\/15193547\/sefaz-ce_2-1024x536-1-2.jpg\",\"datePublished\":\"2022-10-19T13:46:01+00:00\",\"dateModified\":\"2022-10-19T13:57:28+00:00\",\"description\":\"Secret\u00e1ria da Sefaz CE revela que n\u00e3o h\u00e1 perspectiva de realiza\u00e7\u00e3o do concurso para Auditor Adjunto. Confira os detalhes!\",\"breadcrumb\":{\"@id\":\"https:\/\/www.estrategiaconcursos.com.br\/blog\/secretaria-concurso-sefaz-ce-auditor-adjunto\/#breadcrumb\"},\"inLanguage\":\"pt-BR\",\"potentialAction\":[{\"@type\":\"ReadAction\",\"target\":[\"https:\/\/www.estrategiaconcursos.com.br\/blog\/secretaria-concurso-sefaz-ce-auditor-adjunto\/\"]}]},{\"@type\":\"ImageObject\",\"inLanguage\":\"pt-BR\",\"@id\":\"https:\/\/www.estrategiaconcursos.com.br\/blog\/secretaria-concurso-sefaz-ce-auditor-adjunto\/#primaryimage\",\"url\":\"https:\/\/dhg1h5j42swfq.cloudfront.net\/2021\/08\/15193547\/sefaz-ce_2-1024x536-1-2.jpg\",\"contentUrl\":\"https:\/\/dhg1h5j42swfq.cloudfront.net\/2021\/08\/15193547\/sefaz-ce_2-1024x536-1-2.jpg\",\"width\":1024,\"height\":536,\"caption\":\"Concurso Sefaz CE\"},{\"@type\":\"BreadcrumbList\",\"@id\":\"https:\/\/www.estrategiaconcursos.com.br\/blog\/secretaria-concurso-sefaz-ce-auditor-adjunto\/#breadcrumb\",\"itemListElement\":[{\"@type\":\"ListItem\",\"position\":1,\"name\":\"In\u00edcio\",\"item\":\"https:\/\/www.estrategiaconcursos.com.br\/blog\/\"},{\"@type\":\"ListItem\",\"position\":2,\"name\":\"&#8220;N\u00e3o temos perspectiva&#8221;, diz secret\u00e1ria da Sefaz CE sobre edital\"}]},{\"@type\":\"WebSite\",\"@id\":\"https:\/\/www.estrategiaconcursos.com.br\/blog\/#website\",\"url\":\"https:\/\/www.estrategiaconcursos.com.br\/blog\/\",\"name\":\"Estrat\u00e9gia Concursos\",\"description\":\"O blog da Estrat\u00e9gia Concursos traz not\u00edcias sobre concursos e artigos de professores oferecendo cursos para concursos (pdf + videaulas) no site.\",\"publisher\":{\"@id\":\"https:\/\/www.estrategiaconcursos.com.br\/blog\/#organization\"},\"potentialAction\":[{\"@type\":\"SearchAction\",\"target\":{\"@type\":\"EntryPoint\",\"urlTemplate\":\"https:\/\/www.estrategiaconcursos.com.br\/blog\/?s={search_term_string}\"},\"query-input\":{\"@type\":\"PropertyValueSpecification\",\"valueRequired\":true,\"valueName\":\"search_term_string\"}}],\"inLanguage\":\"pt-BR\"},{\"@type\":\"Organization\",\"@id\":\"https:\/\/www.estrategiaconcursos.com.br\/blog\/#organization\",\"name\":\"Estrat\u00e9gia Concursos\",\"url\":\"https:\/\/www.estrategiaconcursos.com.br\/blog\/\",\"logo\":{\"@type\":\"ImageObject\",\"inLanguage\":\"pt-BR\",\"@id\":\"https:\/\/www.estrategiaconcursos.com.br\/blog\/#\/schema\/logo\/image\/\",\"url\":\"https:\/\/dhg1h5j42swfq.cloudfront.net\/2025\/06\/03203428\/logo_concursos-1.jpg\",\"contentUrl\":\"https:\/\/dhg1h5j42swfq.cloudfront.net\/2025\/06\/03203428\/logo_concursos-1.jpg\",\"width\":230,\"height\":60,\"caption\":\"Estrat\u00e9gia Concursos\"},\"image\":{\"@id\":\"https:\/\/www.estrategiaconcursos.com.br\/blog\/#\/schema\/logo\/image\/\"},\"sameAs\":[\"https:\/\/x.com\/EstratConcursos\"]},{\"@type\":\"Person\",\"@id\":\"https:\/\/www.estrategiaconcursos.com.br\/blog\/#\/schema\/person\/e3882259fa157d54c44c21f4ee4e0e60\",\"name\":\"B\u00e1rbara Carvalho Santos\",\"image\":{\"@type\":\"ImageObject\",\"inLanguage\":\"pt-BR\",\"@id\":\"https:\/\/secure.gravatar.com\/avatar\/353300f73140f779692b9be2b39f434d1341e4e34c7f55bd5a990fe29ef352eb?s=96&d=mm&r=g\",\"url\":\"https:\/\/secure.gravatar.com\/avatar\/353300f73140f779692b9be2b39f434d1341e4e34c7f55bd5a990fe29ef352eb?s=96&d=mm&r=g\",\"contentUrl\":\"https:\/\/secure.gravatar.com\/avatar\/353300f73140f779692b9be2b39f434d1341e4e34c7f55bd5a990fe29ef352eb?s=96&d=mm&r=g\",\"caption\":\"B\u00e1rbara Carvalho Santos\"},\"description\":\"M\u00e3e e jornalista formada pela UNIP, possui ampla experi\u00eancia na cobertura de entretenimento em grandes ve\u00edculos, como o site da CNN, RedeTV! e Estrat\u00e9gia Educacional. Atuou tamb\u00e9m em ag\u00eancias de marketing, produtoras musicais e assessorias de imprensa, com foco especial no trabalho com personalidades p\u00fablicas. Atualmente, integra a equipe do Estrat\u00e9gia Concursos, onde \u00e9 respons\u00e1vel pela produ\u00e7\u00e3o de conte\u00fados estrat\u00e9gicos voltados para o setor de concursos p\u00fablicos, com destaque para a \u00e1rea fiscal, gest\u00e3o, controle, concursos administrativos e Minist\u00e9rios participantes do CNU, al\u00e9m de diversos \u00f3rg\u00e3os federais. Tem como miss\u00e3o transformar informa\u00e7\u00f5es complexas em conte\u00fados acess\u00edveis, relevantes e de alto valor para quem sonha com uma carreira no servi\u00e7o p\u00fablico.\",\"url\":\"https:\/\/www.estrategiaconcursos.com.br\/blog\/author\/barbara-santos\/\"}]}<\/script>\n<!-- \/ Yoast SEO Premium plugin. -->","yoast_head_json":{"title":"\"N\u00e3o temos perspectiva\", diz secret\u00e1ria da Sefaz CE sobre edital","description":"Secret\u00e1ria da Sefaz CE revela que n\u00e3o h\u00e1 perspectiva de realiza\u00e7\u00e3o do concurso para Auditor Adjunto. Confira os detalhes!","robots":{"index":"index","follow":"follow","max-snippet":"max-snippet:-1","max-image-preview":"max-image-preview:large","max-video-preview":"max-video-preview:-1"},"canonical":"https:\/\/www.estrategiaconcursos.com.br\/blog\/secretaria-concurso-sefaz-ce-auditor-adjunto\/","og_locale":"pt_BR","og_type":"article","og_title":"\"N\u00e3o temos perspectiva\", diz secret\u00e1ria da Sefaz CE sobre edital","og_description":"Secret\u00e1ria da Sefaz CE revela que n\u00e3o h\u00e1 perspectiva de realiza\u00e7\u00e3o do concurso para Auditor Adjunto. Confira os detalhes!","og_url":"https:\/\/www.estrategiaconcursos.com.br\/blog\/secretaria-concurso-sefaz-ce-auditor-adjunto\/","og_site_name":"Estrat\u00e9gia Concursos","article_published_time":"2022-10-19T13:46:01+00:00","article_modified_time":"2022-10-19T13:57:28+00:00","og_image":[{"width":1024,"height":536,"url":"https:\/\/dhg1h5j42swfq.cloudfront.net\/2021\/08\/15193547\/sefaz-ce_2-1024x536-1-2.jpg","type":"image\/jpeg"}],"author":"B\u00e1rbara Carvalho Santos","twitter_card":"summary_large_image","twitter_creator":"@EstratConcursos","twitter_site":"@EstratConcursos","twitter_misc":{"Escrito por":"B\u00e1rbara Carvalho Santos","Est. tempo de leitura":"1 minuto"},"schema":{"@context":"https:\/\/schema.org","@graph":[{"@type":"NewsArticle","@id":"https:\/\/www.estrategiaconcursos.com.br\/blog\/secretaria-concurso-sefaz-ce-auditor-adjunto\/#article","isPartOf":{"@id":"https:\/\/www.estrategiaconcursos.com.br\/blog\/secretaria-concurso-sefaz-ce-auditor-adjunto\/"},"author":{"name":"B\u00e1rbara Carvalho Santos","@id":"https:\/\/www.estrategiaconcursos.com.br\/blog\/#\/schema\/person\/e3882259fa157d54c44c21f4ee4e0e60"},"headline":"&#8220;N\u00e3o temos perspectiva&#8221;, diz secret\u00e1ria da Sefaz CE sobre edital","datePublished":"2022-10-19T13:46:01+00:00","dateModified":"2022-10-19T13:57:28+00:00","mainEntityOfPage":{"@id":"https:\/\/www.estrategiaconcursos.com.br\/blog\/secretaria-concurso-sefaz-ce-auditor-adjunto\/"},"wordCount":247,"commentCount":0,"publisher":{"@id":"https:\/\/www.estrategiaconcursos.com.br\/blog\/#organization"},"image":{"@id":"https:\/\/www.estrategiaconcursos.com.br\/blog\/secretaria-concurso-sefaz-ce-auditor-adjunto\/#primaryimage"},"thumbnailUrl":"https:\/\/dhg1h5j42swfq.cloudfront.net\/2021\/08\/15193547\/sefaz-ce_2-1024x536-1-2.jpg","articleSection":["Fiscal - Estadual (ICMS)","\u00daltimas not\u00edcias"],"inLanguage":"pt-BR","potentialAction":[{"@type":"CommentAction","name":"Comment","target":["https:\/\/www.estrategiaconcursos.com.br\/blog\/secretaria-concurso-sefaz-ce-auditor-adjunto\/#respond"]}],"copyrightYear":"2022","copyrightHolder":{"@id":"https:\/\/www.estrategiaconcursos.com.br\/blog\/#organization"}},{"@type":"WebPage","@id":"https:\/\/www.estrategiaconcursos.com.br\/blog\/secretaria-concurso-sefaz-ce-auditor-adjunto\/","url":"https:\/\/www.estrategiaconcursos.com.br\/blog\/secretaria-concurso-sefaz-ce-auditor-adjunto\/","name":"\"N\u00e3o temos perspectiva\", diz secret\u00e1ria da Sefaz CE sobre edital","isPartOf":{"@id":"https:\/\/www.estrategiaconcursos.com.br\/blog\/#website"},"primaryImageOfPage":{"@id":"https:\/\/www.estrategiaconcursos.com.br\/blog\/secretaria-concurso-sefaz-ce-auditor-adjunto\/#primaryimage"},"image":{"@id":"https:\/\/www.estrategiaconcursos.com.br\/blog\/secretaria-concurso-sefaz-ce-auditor-adjunto\/#primaryimage"},"thumbnailUrl":"https:\/\/dhg1h5j42swfq.cloudfront.net\/2021\/08\/15193547\/sefaz-ce_2-1024x536-1-2.jpg","datePublished":"2022-10-19T13:46:01+00:00","dateModified":"2022-10-19T13:57:28+00:00","description":"Secret\u00e1ria da Sefaz CE revela que n\u00e3o h\u00e1 perspectiva de realiza\u00e7\u00e3o do concurso para Auditor Adjunto. Confira os detalhes!","breadcrumb":{"@id":"https:\/\/www.estrategiaconcursos.com.br\/blog\/secretaria-concurso-sefaz-ce-auditor-adjunto\/#breadcrumb"},"inLanguage":"pt-BR","potentialAction":[{"@type":"ReadAction","target":["https:\/\/www.estrategiaconcursos.com.br\/blog\/secretaria-concurso-sefaz-ce-auditor-adjunto\/"]}]},{"@type":"ImageObject","inLanguage":"pt-BR","@id":"https:\/\/www.estrategiaconcursos.com.br\/blog\/secretaria-concurso-sefaz-ce-auditor-adjunto\/#primaryimage","url":"https:\/\/dhg1h5j42swfq.cloudfront.net\/2021\/08\/15193547\/sefaz-ce_2-1024x536-1-2.jpg","contentUrl":"https:\/\/dhg1h5j42swfq.cloudfront.net\/2021\/08\/15193547\/sefaz-ce_2-1024x536-1-2.jpg","width":1024,"height":536,"caption":"Concurso Sefaz CE"},{"@type":"BreadcrumbList","@id":"https:\/\/www.estrategiaconcursos.com.br\/blog\/secretaria-concurso-sefaz-ce-auditor-adjunto\/#breadcrumb","itemListElement":[{"@type":"ListItem","position":1,"name":"In\u00edcio","item":"https:\/\/www.estrategiaconcursos.com.br\/blog\/"},{"@type":"ListItem","position":2,"name":"&#8220;N\u00e3o temos perspectiva&#8221;, diz secret\u00e1ria da Sefaz CE sobre edital"}]},{"@type":"WebSite","@id":"https:\/\/www.estrategiaconcursos.com.br\/blog\/#website","url":"https:\/\/www.estrategiaconcursos.com.br\/blog\/","name":"Estrat\u00e9gia Concursos","description":"O blog da Estrat\u00e9gia Concursos traz not\u00edcias sobre concursos e artigos de professores oferecendo cursos para concursos (pdf + videaulas) no site.","publisher":{"@id":"https:\/\/www.estrategiaconcursos.com.br\/blog\/#organization"},"potentialAction":[{"@type":"SearchAction","target":{"@type":"EntryPoint","urlTemplate":"https:\/\/www.estrategiaconcursos.com.br\/blog\/?s={search_term_string}"},"query-input":{"@type":"PropertyValueSpecification","valueRequired":true,"valueName":"search_term_string"}}],"inLanguage":"pt-BR"},{"@type":"Organization","@id":"https:\/\/www.estrategiaconcursos.com.br\/blog\/#organization","name":"Estrat\u00e9gia Concursos","url":"https:\/\/www.estrategiaconcursos.com.br\/blog\/","logo":{"@type":"ImageObject","inLanguage":"pt-BR","@id":"https:\/\/www.estrategiaconcursos.com.br\/blog\/#\/schema\/logo\/image\/","url":"https:\/\/dhg1h5j42swfq.cloudfront.net\/2025\/06\/03203428\/logo_concursos-1.jpg","contentUrl":"https:\/\/dhg1h5j42swfq.cloudfront.net\/2025\/06\/03203428\/logo_concursos-1.jpg","width":230,"height":60,"caption":"Estrat\u00e9gia Concursos"},"image":{"@id":"https:\/\/www.estrategiaconcursos.com.br\/blog\/#\/schema\/logo\/image\/"},"sameAs":["https:\/\/x.com\/EstratConcursos"]},{"@type":"Person","@id":"https:\/\/www.estrategiaconcursos.com.br\/blog\/#\/schema\/person\/e3882259fa157d54c44c21f4ee4e0e60","name":"B\u00e1rbara Carvalho Santos","image":{"@type":"ImageObject","inLanguage":"pt-BR","@id":"https:\/\/secure.gravatar.com\/avatar\/353300f73140f779692b9be2b39f434d1341e4e34c7f55bd5a990fe29ef352eb?s=96&d=mm&r=g","url":"https:\/\/secure.gravatar.com\/avatar\/353300f73140f779692b9be2b39f434d1341e4e34c7f55bd5a990fe29ef352eb?s=96&d=mm&r=g","contentUrl":"https:\/\/secure.gravatar.com\/avatar\/353300f73140f779692b9be2b39f434d1341e4e34c7f55bd5a990fe29ef352eb?s=96&d=mm&r=g","caption":"B\u00e1rbara Carvalho Santos"},"description":"M\u00e3e e jornalista formada pela UNIP, possui ampla experi\u00eancia na cobertura de entretenimento em grandes ve\u00edculos, como o site da CNN, RedeTV! e Estrat\u00e9gia Educacional. Atuou tamb\u00e9m em ag\u00eancias de marketing, produtoras musicais e assessorias de imprensa, com foco especial no trabalho com personalidades p\u00fablicas. Atualmente, integra a equipe do Estrat\u00e9gia Concursos, onde \u00e9 respons\u00e1vel pela produ\u00e7\u00e3o de conte\u00fados estrat\u00e9gicos voltados para o setor de concursos p\u00fablicos, com destaque para a \u00e1rea fiscal, gest\u00e3o, controle, concursos administrativos e Minist\u00e9rios participantes do CNU, al\u00e9m de diversos \u00f3rg\u00e3os federais. Tem como miss\u00e3o transformar informa\u00e7\u00f5es complexas em conte\u00fados acess\u00edveis, relevantes e de alto valor para quem sonha com uma carreira no servi\u00e7o p\u00fablico.","url":"https:\/\/www.estrategiaconcursos.com.br\/blog\/author\/barbara-santos\/"}]}},"_links":{"self":[{"href":"https:\/\/www.estrategiaconcursos.com.br\/blog\/wp-json\/wp\/v2\/posts\/1112387","targetHints":{"allow":["GET"]}}],"collection":[{"href":"https:\/\/www.estrategiaconcursos.com.br\/blog\/wp-json\/wp\/v2\/posts"}],"about":[{"href":"https:\/\/www.estrategiaconcursos.com.br\/blog\/wp-json\/wp\/v2\/types\/post"}],"author":[{"embeddable":true,"href":"https:\/\/www.estrategiaconcursos.com.br\/blog\/wp-json\/wp\/v2\/users\/2018"}],"replies":[{"embeddable":true,"href":"https:\/\/www.estrategiaconcursos.com.br\/blog\/wp-json\/wp\/v2\/comments?post=1112387"}],"version-history":[{"count":11,"href":"https:\/\/www.estrategiaconcursos.com.br\/blog\/wp-json\/wp\/v2\/posts\/1112387\/revisions"}],"predecessor-version":[{"id":1112453,"href":"https:\/\/www.estrategiaconcursos.com.br\/blog\/wp-json\/wp\/v2\/posts\/1112387\/revisions\/1112453"}],"wp:featuredmedia":[{"embeddable":true,"href":"https:\/\/www.estrategiaconcursos.com.br\/blog\/wp-json\/wp\/v2\/media\/836921"}],"wp:attachment":[{"href":"https:\/\/www.estrategiaconcursos.com.br\/blog\/wp-json\/wp\/v2\/media?parent=1112387"}],"wp:term":[{"taxonomy":"category","embeddable":true,"href":"https:\/\/www.estrategiaconcursos.com.br\/blog\/wp-json\/wp\/v2\/categories?post=1112387"},{"taxonomy":"post_tag","embeddable":true,"href":"https:\/\/www.estrategiaconcursos.com.br\/blog\/wp-json\/wp\/v2\/tags?post=1112387"},{"taxonomy":"tax_estado","embeddable":true,"href":"https:\/\/www.estrategiaconcursos.com.br\/blog\/wp-json\/wp\/v2\/tax_estado?post=1112387"}],"curies":[{"name":"wp","href":"https:\/\/api.w.org\/{rel}","templated":true}]}}