{"id":1112270,"date":"2022-12-06T09:00:00","date_gmt":"2022-12-06T12:00:00","guid":{"rendered":"https:\/\/www.estrategiaconcursos.com.br\/blog\/?p=1112270"},"modified":"2022-12-26T14:55:25","modified_gmt":"2022-12-26T17:55:25","slug":"concurso-receita-federal-etapas","status":"publish","type":"post","link":"https:\/\/www.estrategiaconcursos.com.br\/blog\/concurso-receita-federal-etapas\/","title":{"rendered":"Concurso Receita Federal: quais ser\u00e3o as etapas de avalia\u00e7\u00e3o?"},"content":{"rendered":"\n<p>Ap\u00f3s um longo per\u00edodo de espera, o edital do<strong> concurso da&nbsp;Receita Federal<\/strong> finalmente foi publicado! E, como j\u00e1 era esperado, a sele\u00e7\u00e3o ser\u00e1 realizada mediante duas etapas. <\/p>\n\n\n\n<figure class=\"wp-block-image aligncenter size-large is-resized\"><img loading=\"lazy\" decoding=\"async\" src=\"https:\/\/dhg1h5j42swfq.cloudfront.net\/2022\/10\/19090722\/mcam20022020-2-1024x613.jpg\" alt=\"Concurso Receita Federal: quais ser\u00e3o as etapas?\" class=\"wp-image-1112283\" width=\"725\" height=\"433\" srcset=\"https:\/\/dhg1h5j42swfq.cloudfront.net\/2022\/10\/19090722\/mcam20022020-2-1024x613.jpg 1024w, https:\/\/dhg1h5j42swfq.cloudfront.net\/2022\/10\/19090722\/mcam20022020-2-300x179.jpg 300w, https:\/\/dhg1h5j42swfq.cloudfront.net\/2022\/10\/19090722\/mcam20022020-2-768x459.jpg 768w, https:\/\/dhg1h5j42swfq.cloudfront.net\/2022\/10\/19090722\/mcam20022020-2-610x365.jpg 610w, https:\/\/dhg1h5j42swfq.cloudfront.net\/2022\/10\/19090722\/mcam20022020-2-150x90.jpg 150w, https:\/\/dhg1h5j42swfq.cloudfront.net\/2022\/10\/19090722\/mcam20022020-2.jpg 1170w\" sizes=\"auto, (max-width: 725px) 100vw, 725px\" \/><figcaption>Concurso Receita Federal: quais ser\u00e3o as etapas? | Imagem: Marcelo Camargo\/Ag\u00eancia Brasil<\/figcaption><\/figure>\n\n\n\n<h3 class=\"wp-block-heading\" id=\"etapas\">Concurso Receita Federal: etapas<strong>&nbsp;<\/strong>&nbsp;<\/h3>\n\n\n\n<p>Sob responsabilidade da <strong><a href=\"https:\/\/conhecimento.fgv.br\/concursos\/rfb22\" target=\"_blank\" rel=\"noreferrer noopener\">FGV<\/a><\/strong>, os candidatos do concurso da Receita Federal disputar\u00e3o 699 vagas, sendo<strong>&nbsp;230 para&nbsp;<a href=\"https:\/\/www.estrategiaconcursos.com.br\/curso\/receita-federal-auditor-fiscal-pacote-completo-2022-pos-edital\/\" target=\"_blank\" rel=\"noreferrer noopener\">Auditor Fiscal<\/a><\/strong>&nbsp;(R$ 21 mil) e<strong>&nbsp;469 para <\/strong><strong><a href=\"https:\/\/www.estrategiaconcursos.com.br\/curso\/receita-federal-analista-tributario-pacote-completo-2022-pos-edital\/\" target=\"_blank\" rel=\"noreferrer noopener\">Analista Tribut\u00e1rio<\/a><\/strong>&nbsp;(R$ 11 mil) e ser\u00e3o avaliados por meio das seguintes etapas:<\/p>\n\n\n\n<ul class=\"has-very-light-gray-to-cyan-bluish-gray-gradient-background has-background wp-block-list\"><li><strong>1\u00aa etapa: <\/strong><ul><li><strong>Prova Objetiva<\/strong> \u2013 eliminat\u00f3ria e classificat\u00f3ria;<\/li><li><strong>Prova Discursiva<\/strong> \u2013 eliminat\u00f3ria e classificat\u00f3ria;<\/li><li><strong>Vida Pregressa<\/strong> \u2013 eliminat\u00f3ria.<\/li><\/ul><\/li><li><strong>2\u00aa etapa:<\/strong><ul><li><strong>Curso de Forma\u00e7\u00e3o Profissional<\/strong> &#8211; eliminat\u00f3rio.<\/li><\/ul><\/li><\/ul>\n\n\n\n<p>A primeira etapa do concurso ser\u00e1 realizada&nbsp;<strong>em todas as capitais do pa\u00eds<\/strong>, com exce\u00e7\u00e3o da Pesquisa de Vida Pregressa, que ser\u00e1 realizada online.<\/p>\n\n\n\n<p>A Segunda Etapa ser\u00e1 desenvolvida na modalidade online s\u00edncrona e ass\u00edncrona, Ensino a Dist\u00e2ncia (EAD), com provas realizadas online e presencialmente, em at\u00e9 5 polos:<\/p>\n\n\n\n<ul class=\"wp-block-list\"><li>Bras\u00edlia\/DF;<\/li><li>Manaus\/AM;<\/li><li>Recife\/PE;<\/li><li>S\u00e3o Paulo\/SP; e<\/li><li>Curitiba\/PR.<\/li><\/ul>\n\n\n\n<h3 class=\"wp-block-heading\" id=\"objetiva\">Prova Objetiva<\/h3>\n\n\n\n<p>As Provas Objetiva e a Discursiva ser\u00e3o realizadas em todas as capitais do pa\u00eds, na data prov\u00e1vel de <strong>19 de mar\u00e7o de 2023<\/strong>. As provas ser\u00e3o aplicadas em dois turnos, sendo:<\/p>\n\n\n\n<ul class=\"wp-block-list\"><li><strong>a)&nbsp;No turno da manh\u00e3 (de 8h \u00e0s 12h30): <\/strong>Prova Objetiva de conhecimentos b\u00e1sicos; e<\/li><li><strong>b)&nbsp;No turno da tarde (de 15h \u00e0s 19h30): <\/strong>Prova Objetiva de conhecimentos espec\u00edficos e Prova Discursiva.<\/li><\/ul>\n\n\n\n<p>Para ambos os cargos, a etapa ser\u00e1 composta por 140 quest\u00f5es de m\u00faltipla escolha, com 5 alternativas cada e apenas uma considerada correta, nas seguintes disciplinas:<\/p>\n\n\n\n<p><strong>Auditor Fiscal<\/strong><\/p>\n\n\n\n<ul class=\"wp-block-list\"><li><strong>M\u00f3dulo I \u2013 Conhecimentos B\u00e1sicos \u2013 Manh\u00e3<\/strong><ul><li>L\u00edngua Portuguesa \u2013 10 quest\u00f5es<\/li><li>L\u00edngua Inglesa \u2013 08 quest\u00f5es<\/li><li>Racioc\u00ednio L\u00f3gico-Matem\u00e1tico \u2013 08 quest\u00f5es<\/li><li>Estat\u00edstica \u2013 06 quest\u00f5es<\/li><li>Economia e Finan\u00e7as P\u00fablicas \u2013 06 quest\u00f5es<\/li><li>Administra\u00e7\u00e3o Geral \u2013 08 quest\u00f5es<\/li><li>Administra\u00e7\u00e3o P\u00fablica \u2013 08 quest\u00f5es<\/li><li>Auditoria \u2013 08 quest\u00f5es<\/li><li>Contabilidade Geral e P\u00fablica \u2013 08 quest\u00f5es<\/li><li>Flu\u00eancia em Dados \u2013 10 quest\u00f5es<\/li><\/ul><\/li><li><strong>M\u00f3dulo I \u2013 Conhecimentos Espec\u00edficos \u2013 Tarde<\/strong><ul><li>Direito Administrativo&nbsp;\u2013 08 quest\u00f5es<\/li><li>Direito Constitucional&nbsp;\u2013 08 quest\u00f5es<\/li><li>Direito Previdenci\u00e1rio&nbsp;\u2013 10 quest\u00f5es<\/li><li>Direito Tribut\u00e1rio&nbsp;\u2013 12 quest\u00f5es<\/li><li>Legisla\u00e7\u00e3o Tribut\u00e1ria&nbsp;\u2013 10 quest\u00f5es<\/li><li>Legisla\u00e7\u00e3o Aduaneira&nbsp;\u2013 12 quest\u00f5es<\/li><\/ul><\/li><\/ul>\n\n\n\n<p><strong>Analista Tribut\u00e1rio<\/strong><\/p>\n\n\n\n<ul class=\"wp-block-list\"><li><strong>M\u00f3dulo I \u2013 Conhecimentos B\u00e1sicos \u2013 Manh\u00e3<\/strong><ul><li>L\u00edngua Portuguesa \u2013 15 quest\u00f5es<\/li><li>L\u00edngua Inglesa \u2013 10 quest\u00f5es<\/li><li>Racioc\u00ednio L\u00f3gico-Matem\u00e1tico \u2013 10 quest\u00f5es<\/li><li>Estat\u00edstica \u2013 10 quest\u00f5es<\/li><li>Administra\u00e7\u00e3o Geral e P\u00fablica \u2013 10 quest\u00f5es<\/li><li>Flu\u00eancia em Dados \u2013 15 quest\u00f5es<\/li><\/ul><\/li><li><strong>M\u00f3dulo I \u2013 Conhecimentos Espec\u00edficos \u2013 Tarde<\/strong><ul><li>Direito Constitucional&nbsp;\u2013 14 quest\u00f5es<\/li><li>Direito Administrativo&nbsp;\u2013 12 quest\u00f5es<\/li><\/ul><ul><li>Direito Tribut\u00e1rio&nbsp;\u2013 16 quest\u00f5es<\/li><li>Legisla\u00e7\u00e3o Tribut\u00e1ria&nbsp;\u2013 14 quest\u00f5es<\/li><li>Legisla\u00e7\u00e3o Aduaneira&nbsp;\u2013 14 quest\u00f5es<\/li><\/ul><\/li><\/ul>\n\n\n\n<p>Ser\u00e1 considerado aprovado na Prova Objetiva o candidato que, cumulativamente:<\/p>\n\n\n\n<ul class=\"wp-block-list\"><li><strong>a)&nbsp;<\/strong>Obtiver 50% de acertos em Conhecimentos B\u00e1sicos;<\/li><li><strong>b)&nbsp;<\/strong>Obtiver 50% de acertos em Conhecimentos Espec\u00edficos; e<\/li><li><strong>c)&nbsp;<\/strong>N\u00e3o obter nota igual a 0 em nenhuma das disciplinas.<\/li><\/ul>\n\n\n\n<h3 class=\"wp-block-heading\">Prova Discursiva<\/h3>\n\n\n\n<p>Para o cargo de Auditor Fiscal, a Prova Discursiva ser\u00e1 constitu\u00edda de&nbsp;<strong>2 quest\u00f5es&nbsp;<\/strong>discursivas. J\u00e1 para o cargo de Analista Tribut\u00e1rio, a etapa ser\u00e1 constitu\u00edda de&nbsp;<strong>1 quest\u00e3o<\/strong>&nbsp;discursiva, ambas valendo 30 pontos.<\/p>\n\n\n\n<p>Ser\u00e3o considerados os acertos das respostas dadas, o grau de conhecimento do tema demonstrado pelo candidato e a flu\u00eancia e a coer\u00eancia da exposi\u00e7\u00e3o. Importante destacar que n\u00e3o ser\u00e1 admitido consulta de qualquer natureza.<\/p>\n\n\n\n<h3 class=\"wp-block-heading\" id=\"curso\">Pesquisa de Vida Pregressa<\/h3>\n\n\n\n<p>A Pesquisa de Vida Pregressa se destina a examinar o perfil social do candidato sobre a vida pregressa e atual, no \u00e2mbito social, funcional, civil e criminal e a eventual exist\u00eancia de incompatibilidade pessoal deste para o exerc\u00edcio das fun\u00e7\u00f5es inerentes aos cargos.<\/p>\n\n\n\n<p>O candidato, \u00e0s suas expensas, dever\u00e1 providenciar e entregar em momento oportuno os documentos relacionados abaixo:<\/p>\n\n\n\n<ul class=\"wp-block-list\"><li><strong>a)&nbsp;<\/strong>Certid\u00e3o dos setores de distribui\u00e7\u00e3o dos foros criminais da Justi\u00e7a Federal, Estadual e Eleitoral dos lugares em que tenha residido o candidato nos \u00faltimos 5 anos;<\/li><li><strong>b)<\/strong>&nbsp;Declara\u00e7\u00e3o firmada pelo candidato, da qual conste n\u00e3o haver sofrido condena\u00e7\u00e3o definitiva por crime ou contraven\u00e7\u00e3o, nem penalidade disciplinar de demiss\u00e3o, no exerc\u00edcio de cargo ou de destitui\u00e7\u00e3o de fun\u00e7\u00e3o p\u00fablica;<\/li><li><strong>c)<\/strong>&nbsp;Declara\u00e7\u00e3o do \u00f3rg\u00e3o p\u00fablico, ao qual esteja vinculado o candidato \u00e0 data da convoca\u00e7\u00e3o para a Segunda Etapa ,que n\u00e3o tenha sofrido puni\u00e7\u00e3o em processo disciplinar por ato de improbidade administrativa mediante decis\u00e3o deque n\u00e3o caiba recurso hier\u00e1rquico; e<\/li><li><strong>d)<\/strong>&nbsp;Folha de antecedentes expedida pela Pol\u00edcia do Distrito Federal ou dos Estados onde residiu o candidato nos \u00faltimos 5 anos, expedida, no m\u00e1ximo, h\u00e1 6 meses.<\/li><\/ul>\n\n\n\n<h3 class=\"wp-block-heading\" id=\"curso\">Curso de forma\u00e7\u00e3o<\/h3>\n\n\n\n<p>O Curso de Forma\u00e7\u00e3o ser\u00e1 desenvolvido na modalidade online, Ensino a Dist\u00e2ncia (EAD), com provas realizadas presencialmente em at\u00e9 cinco polos, sendo:<\/p>\n\n\n\n<ul class=\"wp-block-list\"><li>Bras\u00edlia\/DF;<\/li><li>Manaus\/AM;<\/li><li>Recife\/PE;<\/li><li>S\u00e3o Paulo\/SP; e<\/li><li>Curitiba\/PR.<\/li><\/ul>\n\n\n\n<p>A referida etapa abranger\u00e1 uma semana de integra\u00e7\u00e3o presencial dos candidatos.<\/p>\n\n\n\n<p class=\"has-text-align-center\"><em>Para mais detalhes do concurso Receita Federal, cujo artigo especifica as etapas do edital, acesse o link abaixo. Preparamos um artigo completo, separado por t\u00f3picos, para facilitar a sua compreens\u00e3o:<\/em><\/p>\n\n\n\n<p class=\"has-text-align-center has-background has-medium-font-size\" style=\"background-color:#d1d7e2\"><strong>Saiba mais: <a href=\"https:\/\/www.estrategiaconcursos.com.br\/blog\/concurso-receita-federal\/\" target=\"_blank\" rel=\"noreferrer noopener\">Concurso Receita Federal<\/a><\/strong><\/p>\n\n\n\n<hr class=\"wp-block-separator has-alpha-channel-opacity\"\/>\n\n\n\n<p class=\"has-text-align-center\"><strong>Pacote completo, Passo Estrat\u00e9gico e Pacota\u00e7o&nbsp;<a href=\"https:\/\/www.estrategiaconcursos.com.br\/blog\/concurso-receita-federal-promocao-curso\/\" target=\"_blank\" rel=\"noreferrer noopener\">com 30% de desconto at\u00e9 o dia 12 de dezembro de 2022<\/a>. N\u00e3o perca!<\/strong><\/p>\n\n\n\n<div class=\"container\" id=\"boxes\">\n  <div class=\"row\">\n\n    <div class=\"col-sm\">\n      <div class=\"banner-fiscal\" id=\"box-assinatura\">\n        <h3 class=\"titulo-assinatura\">Receita Federal<\/h3>\n        <p class=\"subtitulo-assinatura\">Conhe\u00e7a os cursos<\/p>\n        <div class=\"box-botao\">\n          <a class=\"btn-assinatura\" target=\"_blank\" href=\"https:\/\/www.estrategiaconcursos.com.br\/cursosPorConcurso\/receita-federal-auditor-fiscal-7\/\" role=\"button\" rel=\"noopener noreferrer\">Conhe\u00e7a mais<\/a>\n        <\/div>\n      <\/div>\n     \n    <\/div>\n\n  <\/div>\n<\/div>\n\n\n\n<h2 class=\"has-text-align-center wp-block-heading\" id=\"cursos\">Quer saber tudo sobre concursos previstos? <br \/>Confira nossos artigos!<\/h2>\n\n\n\n<ul class=\"wp-block-list\"><li><a href=\"https:\/\/www.estrategiaconcursos.com.br\/blog\/concursos-abertos\/\" target=\"_blank\" rel=\"noreferrer noopener\">Concursos abertos<\/a><\/li><li><a href=\"https:\/\/www.estrategiaconcursos.com.br\/blog\/concursos-2023\/\" target=\"_blank\" rel=\"noreferrer noopener\">Concursos 2023<\/a><\/li><\/ul>\n","protected":false},"excerpt":{"rendered":"<p>Ap\u00f3s um longo per\u00edodo de espera, o edital do concurso da&nbsp;Receita Federal finalmente foi publicado! E, como j\u00e1 era esperado, a sele\u00e7\u00e3o ser\u00e1 realizada mediante duas etapas. Concurso Receita Federal: etapas&nbsp;&nbsp; Sob responsabilidade da FGV, os candidatos do concurso da Receita Federal disputar\u00e3o 699 vagas, sendo&nbsp;230 para&nbsp;Auditor Fiscal&nbsp;(R$ 21 mil) e&nbsp;469 para Analista Tribut\u00e1rio&nbsp;(R$ 11 [&hellip;]<\/p>\n","protected":false},"author":2018,"featured_media":974219,"comment_status":"open","ping_status":"closed","sticky":false,"template":"","format":"standard","meta":{"post_tipo":"news","footnotes":""},"categories":[220182,220219],"tags":[],"tax_estado":[219963],"class_list":["post-1112270","post","type-post","status-publish","format-standard","has-post-thumbnail","hentry","category-fiscal-federal","category-noticias","tax_estado-concursos-federais"],"acf":[],"yoast_head":"<!-- This site is optimized with the Yoast SEO Premium plugin v27.2 (Yoast SEO v27.2) - https:\/\/yoast.com\/product\/yoast-seo-premium-wordpress\/ -->\n<title>Concurso Receita Federal: quais ser\u00e3o as etapas de avalia\u00e7\u00e3o?<\/title>\n<meta name=\"description\" content=\"Concurso Receita Federal: edital j\u00e1 publicado! Com isso, confira as etapas que os candidatos ter\u00e3o que enfrentar!\" \/>\n<meta name=\"robots\" content=\"index, follow, max-snippet:-1, max-image-preview:large, max-video-preview:-1\" \/>\n<link rel=\"canonical\" href=\"https:\/\/www.estrategiaconcursos.com.br\/blog\/concurso-receita-federal-etapas\/\" \/>\n<meta property=\"og:locale\" content=\"pt_BR\" \/>\n<meta property=\"og:type\" content=\"article\" \/>\n<meta property=\"og:title\" content=\"Concurso Receita Federal: quais ser\u00e3o as etapas de avalia\u00e7\u00e3o?\" \/>\n<meta property=\"og:description\" content=\"Concurso Receita Federal: edital j\u00e1 publicado! Com isso, confira as etapas que os candidatos ter\u00e3o que enfrentar!\" \/>\n<meta property=\"og:url\" content=\"https:\/\/www.estrategiaconcursos.com.br\/blog\/concurso-receita-federal-etapas\/\" \/>\n<meta property=\"og:site_name\" content=\"Estrat\u00e9gia Concursos\" \/>\n<meta property=\"article:published_time\" content=\"2022-12-06T12:00:00+00:00\" \/>\n<meta property=\"article:modified_time\" content=\"2022-12-26T17:55:25+00:00\" \/>\n<meta property=\"og:image\" content=\"https:\/\/dhg1h5j42swfq.cloudfront.net\/2022\/02\/21170104\/concurso-receita-federal-1024x536-1.jpg\" \/>\n\t<meta property=\"og:image:width\" content=\"1024\" \/>\n\t<meta property=\"og:image:height\" content=\"536\" \/>\n\t<meta property=\"og:image:type\" content=\"image\/jpeg\" \/>\n<meta name=\"author\" content=\"B\u00e1rbara Carvalho Santos\" \/>\n<meta name=\"twitter:card\" content=\"summary_large_image\" \/>\n<meta name=\"twitter:creator\" content=\"@EstratConcursos\" \/>\n<meta name=\"twitter:site\" content=\"@EstratConcursos\" \/>\n<meta name=\"twitter:label1\" content=\"Escrito por\" \/>\n\t<meta name=\"twitter:data1\" content=\"B\u00e1rbara Carvalho Santos\" \/>\n\t<meta name=\"twitter:label2\" content=\"Est. tempo de leitura\" \/>\n\t<meta name=\"twitter:data2\" content=\"5 minutos\" \/>\n<script type=\"application\/ld+json\" class=\"yoast-schema-graph\">{\"@context\":\"https:\/\/schema.org\",\"@graph\":[{\"@type\":\"NewsArticle\",\"@id\":\"https:\/\/www.estrategiaconcursos.com.br\/blog\/concurso-receita-federal-etapas\/#article\",\"isPartOf\":{\"@id\":\"https:\/\/www.estrategiaconcursos.com.br\/blog\/concurso-receita-federal-etapas\/\"},\"author\":{\"name\":\"B\u00e1rbara Carvalho Santos\",\"@id\":\"https:\/\/www.estrategiaconcursos.com.br\/blog\/#\/schema\/person\/e3882259fa157d54c44c21f4ee4e0e60\"},\"headline\":\"Concurso Receita Federal: quais ser\u00e3o as etapas de avalia\u00e7\u00e3o?\",\"datePublished\":\"2022-12-06T12:00:00+00:00\",\"dateModified\":\"2022-12-26T17:55:25+00:00\",\"mainEntityOfPage\":{\"@id\":\"https:\/\/www.estrategiaconcursos.com.br\/blog\/concurso-receita-federal-etapas\/\"},\"wordCount\":956,\"commentCount\":0,\"publisher\":{\"@id\":\"https:\/\/www.estrategiaconcursos.com.br\/blog\/#organization\"},\"image\":{\"@id\":\"https:\/\/www.estrategiaconcursos.com.br\/blog\/concurso-receita-federal-etapas\/#primaryimage\"},\"thumbnailUrl\":\"https:\/\/dhg1h5j42swfq.cloudfront.net\/2022\/02\/21170104\/concurso-receita-federal-1024x536-1.jpg\",\"articleSection\":[\"Fiscal - Federal (RFB e AFT)\",\"\u00daltimas not\u00edcias\"],\"inLanguage\":\"pt-BR\",\"potentialAction\":[{\"@type\":\"CommentAction\",\"name\":\"Comment\",\"target\":[\"https:\/\/www.estrategiaconcursos.com.br\/blog\/concurso-receita-federal-etapas\/#respond\"]}],\"copyrightYear\":\"2022\",\"copyrightHolder\":{\"@id\":\"https:\/\/www.estrategiaconcursos.com.br\/blog\/#organization\"}},{\"@type\":\"WebPage\",\"@id\":\"https:\/\/www.estrategiaconcursos.com.br\/blog\/concurso-receita-federal-etapas\/\",\"url\":\"https:\/\/www.estrategiaconcursos.com.br\/blog\/concurso-receita-federal-etapas\/\",\"name\":\"Concurso Receita Federal: quais ser\u00e3o as etapas de avalia\u00e7\u00e3o?\",\"isPartOf\":{\"@id\":\"https:\/\/www.estrategiaconcursos.com.br\/blog\/#website\"},\"primaryImageOfPage\":{\"@id\":\"https:\/\/www.estrategiaconcursos.com.br\/blog\/concurso-receita-federal-etapas\/#primaryimage\"},\"image\":{\"@id\":\"https:\/\/www.estrategiaconcursos.com.br\/blog\/concurso-receita-federal-etapas\/#primaryimage\"},\"thumbnailUrl\":\"https:\/\/dhg1h5j42swfq.cloudfront.net\/2022\/02\/21170104\/concurso-receita-federal-1024x536-1.jpg\",\"datePublished\":\"2022-12-06T12:00:00+00:00\",\"dateModified\":\"2022-12-26T17:55:25+00:00\",\"description\":\"Concurso Receita Federal: edital j\u00e1 publicado! Com isso, confira as etapas que os candidatos ter\u00e3o que enfrentar!\",\"breadcrumb\":{\"@id\":\"https:\/\/www.estrategiaconcursos.com.br\/blog\/concurso-receita-federal-etapas\/#breadcrumb\"},\"inLanguage\":\"pt-BR\",\"potentialAction\":[{\"@type\":\"ReadAction\",\"target\":[\"https:\/\/www.estrategiaconcursos.com.br\/blog\/concurso-receita-federal-etapas\/\"]}]},{\"@type\":\"ImageObject\",\"inLanguage\":\"pt-BR\",\"@id\":\"https:\/\/www.estrategiaconcursos.com.br\/blog\/concurso-receita-federal-etapas\/#primaryimage\",\"url\":\"https:\/\/dhg1h5j42swfq.cloudfront.net\/2022\/02\/21170104\/concurso-receita-federal-1024x536-1.jpg\",\"contentUrl\":\"https:\/\/dhg1h5j42swfq.cloudfront.net\/2022\/02\/21170104\/concurso-receita-federal-1024x536-1.jpg\",\"width\":1024,\"height\":536,\"caption\":\"concurso receita federal\"},{\"@type\":\"BreadcrumbList\",\"@id\":\"https:\/\/www.estrategiaconcursos.com.br\/blog\/concurso-receita-federal-etapas\/#breadcrumb\",\"itemListElement\":[{\"@type\":\"ListItem\",\"position\":1,\"name\":\"In\u00edcio\",\"item\":\"https:\/\/www.estrategiaconcursos.com.br\/blog\/\"},{\"@type\":\"ListItem\",\"position\":2,\"name\":\"Concurso Receita Federal: quais ser\u00e3o as etapas de avalia\u00e7\u00e3o?\"}]},{\"@type\":\"WebSite\",\"@id\":\"https:\/\/www.estrategiaconcursos.com.br\/blog\/#website\",\"url\":\"https:\/\/www.estrategiaconcursos.com.br\/blog\/\",\"name\":\"Estrat\u00e9gia Concursos\",\"description\":\"O blog da Estrat\u00e9gia Concursos traz not\u00edcias sobre concursos e artigos de professores oferecendo cursos para concursos (pdf + videaulas) no site.\",\"publisher\":{\"@id\":\"https:\/\/www.estrategiaconcursos.com.br\/blog\/#organization\"},\"potentialAction\":[{\"@type\":\"SearchAction\",\"target\":{\"@type\":\"EntryPoint\",\"urlTemplate\":\"https:\/\/www.estrategiaconcursos.com.br\/blog\/?s={search_term_string}\"},\"query-input\":{\"@type\":\"PropertyValueSpecification\",\"valueRequired\":true,\"valueName\":\"search_term_string\"}}],\"inLanguage\":\"pt-BR\"},{\"@type\":\"Organization\",\"@id\":\"https:\/\/www.estrategiaconcursos.com.br\/blog\/#organization\",\"name\":\"Estrat\u00e9gia Concursos\",\"url\":\"https:\/\/www.estrategiaconcursos.com.br\/blog\/\",\"logo\":{\"@type\":\"ImageObject\",\"inLanguage\":\"pt-BR\",\"@id\":\"https:\/\/www.estrategiaconcursos.com.br\/blog\/#\/schema\/logo\/image\/\",\"url\":\"https:\/\/dhg1h5j42swfq.cloudfront.net\/2025\/06\/03203428\/logo_concursos-1.jpg\",\"contentUrl\":\"https:\/\/dhg1h5j42swfq.cloudfront.net\/2025\/06\/03203428\/logo_concursos-1.jpg\",\"width\":230,\"height\":60,\"caption\":\"Estrat\u00e9gia Concursos\"},\"image\":{\"@id\":\"https:\/\/www.estrategiaconcursos.com.br\/blog\/#\/schema\/logo\/image\/\"},\"sameAs\":[\"https:\/\/x.com\/EstratConcursos\"]},{\"@type\":\"Person\",\"@id\":\"https:\/\/www.estrategiaconcursos.com.br\/blog\/#\/schema\/person\/e3882259fa157d54c44c21f4ee4e0e60\",\"name\":\"B\u00e1rbara Carvalho Santos\",\"image\":{\"@type\":\"ImageObject\",\"inLanguage\":\"pt-BR\",\"@id\":\"https:\/\/secure.gravatar.com\/avatar\/353300f73140f779692b9be2b39f434d1341e4e34c7f55bd5a990fe29ef352eb?s=96&d=mm&r=g\",\"url\":\"https:\/\/secure.gravatar.com\/avatar\/353300f73140f779692b9be2b39f434d1341e4e34c7f55bd5a990fe29ef352eb?s=96&d=mm&r=g\",\"contentUrl\":\"https:\/\/secure.gravatar.com\/avatar\/353300f73140f779692b9be2b39f434d1341e4e34c7f55bd5a990fe29ef352eb?s=96&d=mm&r=g\",\"caption\":\"B\u00e1rbara Carvalho Santos\"},\"description\":\"M\u00e3e e jornalista formada pela UNIP, possui ampla experi\u00eancia na cobertura de entretenimento em grandes ve\u00edculos, como o site da CNN, RedeTV! e Estrat\u00e9gia Educacional. Atuou tamb\u00e9m em ag\u00eancias de marketing, produtoras musicais e assessorias de imprensa, com foco especial no trabalho com personalidades p\u00fablicas. Atualmente, integra a equipe do Estrat\u00e9gia Concursos, onde \u00e9 respons\u00e1vel pela produ\u00e7\u00e3o de conte\u00fados estrat\u00e9gicos voltados para o setor de concursos p\u00fablicos, com destaque para a \u00e1rea fiscal, gest\u00e3o, controle, concursos administrativos e Minist\u00e9rios participantes do CNU, al\u00e9m de diversos \u00f3rg\u00e3os federais. Tem como miss\u00e3o transformar informa\u00e7\u00f5es complexas em conte\u00fados acess\u00edveis, relevantes e de alto valor para quem sonha com uma carreira no servi\u00e7o p\u00fablico.\",\"url\":\"https:\/\/www.estrategiaconcursos.com.br\/blog\/author\/barbara-santos\/\"}]}<\/script>\n<!-- \/ Yoast SEO Premium plugin. -->","yoast_head_json":{"title":"Concurso Receita Federal: quais ser\u00e3o as etapas de avalia\u00e7\u00e3o?","description":"Concurso Receita Federal: edital j\u00e1 publicado! Com isso, confira as etapas que os candidatos ter\u00e3o que enfrentar!","robots":{"index":"index","follow":"follow","max-snippet":"max-snippet:-1","max-image-preview":"max-image-preview:large","max-video-preview":"max-video-preview:-1"},"canonical":"https:\/\/www.estrategiaconcursos.com.br\/blog\/concurso-receita-federal-etapas\/","og_locale":"pt_BR","og_type":"article","og_title":"Concurso Receita Federal: quais ser\u00e3o as etapas de avalia\u00e7\u00e3o?","og_description":"Concurso Receita Federal: edital j\u00e1 publicado! Com isso, confira as etapas que os candidatos ter\u00e3o que enfrentar!","og_url":"https:\/\/www.estrategiaconcursos.com.br\/blog\/concurso-receita-federal-etapas\/","og_site_name":"Estrat\u00e9gia Concursos","article_published_time":"2022-12-06T12:00:00+00:00","article_modified_time":"2022-12-26T17:55:25+00:00","og_image":[{"width":1024,"height":536,"url":"https:\/\/dhg1h5j42swfq.cloudfront.net\/2022\/02\/21170104\/concurso-receita-federal-1024x536-1.jpg","type":"image\/jpeg"}],"author":"B\u00e1rbara Carvalho Santos","twitter_card":"summary_large_image","twitter_creator":"@EstratConcursos","twitter_site":"@EstratConcursos","twitter_misc":{"Escrito por":"B\u00e1rbara Carvalho Santos","Est. tempo de leitura":"5 minutos"},"schema":{"@context":"https:\/\/schema.org","@graph":[{"@type":"NewsArticle","@id":"https:\/\/www.estrategiaconcursos.com.br\/blog\/concurso-receita-federal-etapas\/#article","isPartOf":{"@id":"https:\/\/www.estrategiaconcursos.com.br\/blog\/concurso-receita-federal-etapas\/"},"author":{"name":"B\u00e1rbara Carvalho Santos","@id":"https:\/\/www.estrategiaconcursos.com.br\/blog\/#\/schema\/person\/e3882259fa157d54c44c21f4ee4e0e60"},"headline":"Concurso Receita Federal: quais ser\u00e3o as etapas de avalia\u00e7\u00e3o?","datePublished":"2022-12-06T12:00:00+00:00","dateModified":"2022-12-26T17:55:25+00:00","mainEntityOfPage":{"@id":"https:\/\/www.estrategiaconcursos.com.br\/blog\/concurso-receita-federal-etapas\/"},"wordCount":956,"commentCount":0,"publisher":{"@id":"https:\/\/www.estrategiaconcursos.com.br\/blog\/#organization"},"image":{"@id":"https:\/\/www.estrategiaconcursos.com.br\/blog\/concurso-receita-federal-etapas\/#primaryimage"},"thumbnailUrl":"https:\/\/dhg1h5j42swfq.cloudfront.net\/2022\/02\/21170104\/concurso-receita-federal-1024x536-1.jpg","articleSection":["Fiscal - Federal (RFB e AFT)","\u00daltimas not\u00edcias"],"inLanguage":"pt-BR","potentialAction":[{"@type":"CommentAction","name":"Comment","target":["https:\/\/www.estrategiaconcursos.com.br\/blog\/concurso-receita-federal-etapas\/#respond"]}],"copyrightYear":"2022","copyrightHolder":{"@id":"https:\/\/www.estrategiaconcursos.com.br\/blog\/#organization"}},{"@type":"WebPage","@id":"https:\/\/www.estrategiaconcursos.com.br\/blog\/concurso-receita-federal-etapas\/","url":"https:\/\/www.estrategiaconcursos.com.br\/blog\/concurso-receita-federal-etapas\/","name":"Concurso Receita Federal: quais ser\u00e3o as etapas de avalia\u00e7\u00e3o?","isPartOf":{"@id":"https:\/\/www.estrategiaconcursos.com.br\/blog\/#website"},"primaryImageOfPage":{"@id":"https:\/\/www.estrategiaconcursos.com.br\/blog\/concurso-receita-federal-etapas\/#primaryimage"},"image":{"@id":"https:\/\/www.estrategiaconcursos.com.br\/blog\/concurso-receita-federal-etapas\/#primaryimage"},"thumbnailUrl":"https:\/\/dhg1h5j42swfq.cloudfront.net\/2022\/02\/21170104\/concurso-receita-federal-1024x536-1.jpg","datePublished":"2022-12-06T12:00:00+00:00","dateModified":"2022-12-26T17:55:25+00:00","description":"Concurso Receita Federal: edital j\u00e1 publicado! Com isso, confira as etapas que os candidatos ter\u00e3o que enfrentar!","breadcrumb":{"@id":"https:\/\/www.estrategiaconcursos.com.br\/blog\/concurso-receita-federal-etapas\/#breadcrumb"},"inLanguage":"pt-BR","potentialAction":[{"@type":"ReadAction","target":["https:\/\/www.estrategiaconcursos.com.br\/blog\/concurso-receita-federal-etapas\/"]}]},{"@type":"ImageObject","inLanguage":"pt-BR","@id":"https:\/\/www.estrategiaconcursos.com.br\/blog\/concurso-receita-federal-etapas\/#primaryimage","url":"https:\/\/dhg1h5j42swfq.cloudfront.net\/2022\/02\/21170104\/concurso-receita-federal-1024x536-1.jpg","contentUrl":"https:\/\/dhg1h5j42swfq.cloudfront.net\/2022\/02\/21170104\/concurso-receita-federal-1024x536-1.jpg","width":1024,"height":536,"caption":"concurso receita federal"},{"@type":"BreadcrumbList","@id":"https:\/\/www.estrategiaconcursos.com.br\/blog\/concurso-receita-federal-etapas\/#breadcrumb","itemListElement":[{"@type":"ListItem","position":1,"name":"In\u00edcio","item":"https:\/\/www.estrategiaconcursos.com.br\/blog\/"},{"@type":"ListItem","position":2,"name":"Concurso Receita Federal: quais ser\u00e3o as etapas de avalia\u00e7\u00e3o?"}]},{"@type":"WebSite","@id":"https:\/\/www.estrategiaconcursos.com.br\/blog\/#website","url":"https:\/\/www.estrategiaconcursos.com.br\/blog\/","name":"Estrat\u00e9gia Concursos","description":"O blog da Estrat\u00e9gia Concursos traz not\u00edcias sobre concursos e artigos de professores oferecendo cursos para concursos (pdf + videaulas) no site.","publisher":{"@id":"https:\/\/www.estrategiaconcursos.com.br\/blog\/#organization"},"potentialAction":[{"@type":"SearchAction","target":{"@type":"EntryPoint","urlTemplate":"https:\/\/www.estrategiaconcursos.com.br\/blog\/?s={search_term_string}"},"query-input":{"@type":"PropertyValueSpecification","valueRequired":true,"valueName":"search_term_string"}}],"inLanguage":"pt-BR"},{"@type":"Organization","@id":"https:\/\/www.estrategiaconcursos.com.br\/blog\/#organization","name":"Estrat\u00e9gia Concursos","url":"https:\/\/www.estrategiaconcursos.com.br\/blog\/","logo":{"@type":"ImageObject","inLanguage":"pt-BR","@id":"https:\/\/www.estrategiaconcursos.com.br\/blog\/#\/schema\/logo\/image\/","url":"https:\/\/dhg1h5j42swfq.cloudfront.net\/2025\/06\/03203428\/logo_concursos-1.jpg","contentUrl":"https:\/\/dhg1h5j42swfq.cloudfront.net\/2025\/06\/03203428\/logo_concursos-1.jpg","width":230,"height":60,"caption":"Estrat\u00e9gia Concursos"},"image":{"@id":"https:\/\/www.estrategiaconcursos.com.br\/blog\/#\/schema\/logo\/image\/"},"sameAs":["https:\/\/x.com\/EstratConcursos"]},{"@type":"Person","@id":"https:\/\/www.estrategiaconcursos.com.br\/blog\/#\/schema\/person\/e3882259fa157d54c44c21f4ee4e0e60","name":"B\u00e1rbara Carvalho Santos","image":{"@type":"ImageObject","inLanguage":"pt-BR","@id":"https:\/\/secure.gravatar.com\/avatar\/353300f73140f779692b9be2b39f434d1341e4e34c7f55bd5a990fe29ef352eb?s=96&d=mm&r=g","url":"https:\/\/secure.gravatar.com\/avatar\/353300f73140f779692b9be2b39f434d1341e4e34c7f55bd5a990fe29ef352eb?s=96&d=mm&r=g","contentUrl":"https:\/\/secure.gravatar.com\/avatar\/353300f73140f779692b9be2b39f434d1341e4e34c7f55bd5a990fe29ef352eb?s=96&d=mm&r=g","caption":"B\u00e1rbara Carvalho Santos"},"description":"M\u00e3e e jornalista formada pela UNIP, possui ampla experi\u00eancia na cobertura de entretenimento em grandes ve\u00edculos, como o site da CNN, RedeTV! e Estrat\u00e9gia Educacional. Atuou tamb\u00e9m em ag\u00eancias de marketing, produtoras musicais e assessorias de imprensa, com foco especial no trabalho com personalidades p\u00fablicas. Atualmente, integra a equipe do Estrat\u00e9gia Concursos, onde \u00e9 respons\u00e1vel pela produ\u00e7\u00e3o de conte\u00fados estrat\u00e9gicos voltados para o setor de concursos p\u00fablicos, com destaque para a \u00e1rea fiscal, gest\u00e3o, controle, concursos administrativos e Minist\u00e9rios participantes do CNU, al\u00e9m de diversos \u00f3rg\u00e3os federais. Tem como miss\u00e3o transformar informa\u00e7\u00f5es complexas em conte\u00fados acess\u00edveis, relevantes e de alto valor para quem sonha com uma carreira no servi\u00e7o p\u00fablico.","url":"https:\/\/www.estrategiaconcursos.com.br\/blog\/author\/barbara-santos\/"}]}},"_links":{"self":[{"href":"https:\/\/www.estrategiaconcursos.com.br\/blog\/wp-json\/wp\/v2\/posts\/1112270","targetHints":{"allow":["GET"]}}],"collection":[{"href":"https:\/\/www.estrategiaconcursos.com.br\/blog\/wp-json\/wp\/v2\/posts"}],"about":[{"href":"https:\/\/www.estrategiaconcursos.com.br\/blog\/wp-json\/wp\/v2\/types\/post"}],"author":[{"embeddable":true,"href":"https:\/\/www.estrategiaconcursos.com.br\/blog\/wp-json\/wp\/v2\/users\/2018"}],"replies":[{"embeddable":true,"href":"https:\/\/www.estrategiaconcursos.com.br\/blog\/wp-json\/wp\/v2\/comments?post=1112270"}],"version-history":[{"count":15,"href":"https:\/\/www.estrategiaconcursos.com.br\/blog\/wp-json\/wp\/v2\/posts\/1112270\/revisions"}],"predecessor-version":[{"id":1143497,"href":"https:\/\/www.estrategiaconcursos.com.br\/blog\/wp-json\/wp\/v2\/posts\/1112270\/revisions\/1143497"}],"wp:featuredmedia":[{"embeddable":true,"href":"https:\/\/www.estrategiaconcursos.com.br\/blog\/wp-json\/wp\/v2\/media\/974219"}],"wp:attachment":[{"href":"https:\/\/www.estrategiaconcursos.com.br\/blog\/wp-json\/wp\/v2\/media?parent=1112270"}],"wp:term":[{"taxonomy":"category","embeddable":true,"href":"https:\/\/www.estrategiaconcursos.com.br\/blog\/wp-json\/wp\/v2\/categories?post=1112270"},{"taxonomy":"post_tag","embeddable":true,"href":"https:\/\/www.estrategiaconcursos.com.br\/blog\/wp-json\/wp\/v2\/tags?post=1112270"},{"taxonomy":"tax_estado","embeddable":true,"href":"https:\/\/www.estrategiaconcursos.com.br\/blog\/wp-json\/wp\/v2\/tax_estado?post=1112270"}],"curies":[{"name":"wp","href":"https:\/\/api.w.org\/{rel}","templated":true}]}}