{"id":1112069,"date":"2022-10-18T18:13:23","date_gmt":"2022-10-18T21:13:23","guid":{"rendered":"https:\/\/www.estrategiaconcursos.com.br\/blog\/?p=1112069"},"modified":"2022-10-18T18:13:27","modified_gmt":"2022-10-18T21:13:27","slug":"posse-em-cargo-publico-documentos-necessarios","status":"publish","type":"post","link":"https:\/\/www.estrategiaconcursos.com.br\/blog\/posse-em-cargo-publico-documentos-necessarios\/","title":{"rendered":"Posse em cargo p\u00fablico: veja os documentos necess\u00e1rios!"},"content":{"rendered":"\n<p>Se voc\u00ea est\u00e1 interessado em ingressar na carreira p\u00fablica e n\u00e3o possui nenhuma pista sobre como fazer isso, este artigo que preparamos com os documentos necess\u00e1rio para tomar <strong>posse em cargo p\u00fablico<\/strong> \u00e9 para voc\u00ea!<\/p>\n\n\n\n<p>No decorrer dos anos, os cargos p\u00fablicos em diversas \u00e1reas e especialidades atraem cada vez mais candidatos por oferecerem a <strong>estabilidade financeira e empregat\u00edcia<\/strong> t\u00e3o almejada pela grande maioria dos brasileiros. <\/p>\n\n\n\n<p>Com sal\u00e1rios iniciais chamativos, al\u00e9m de benef\u00edcios e gratifica\u00e7\u00f5es, n\u00e3o \u00e9 dif\u00edcil entender porque essa procura aumentou. <\/p>\n\n\n\n<p>Ap\u00f3s a maratona de aprova\u00e7\u00e3o nas etapas de provas e exames dos certames realizados pelos \u00f3rg\u00e3os p\u00fablicos juntamente com a banca organizadora, para prosseguir com a posse os candidatos aprovados devem apresentar os <strong>documentos que comprovem os pr\u00e9-requisitos exigidos<\/strong> pelo cargo ao qual concorreu, al\u00e9m dos seguintes documentos:<\/p>\n\n\n\n<ul class=\"wp-block-list\"><li>Carteira de identidade;<\/li><li>CPF;<\/li><li>Certid\u00e3o de Casamento ou Declara\u00e7\u00e3o de Uni\u00e3o Est\u00e1vel feita perante Tabeli\u00e3o (se for o caso);<\/li><li>T\u00edtulo de Eleitor com o comprovante da \u00faltima vota\u00e7\u00e3o e Declara\u00e7\u00e3o de Regularidade do TSE (pode ser emitida pela internet);<\/li><li>Certificado de Reservista ou de Dispensa de Incorpora\u00e7\u00e3o (sexo masculino);<\/li><li>Comprovante de PIS ou PASEP.<\/li><li>Certid\u00e3o de Nascimento dos dependentes ou Termo de Guarda ou Tutela ou Termo de Ado\u00e7\u00e3o (se for o caso);<\/li><li>CPF dos dependentes (se for o caso);<\/li><li>Comprovante de resid\u00eancia no nome do servidor(a) com o CEP;<\/li><li>Curr\u00edculo atualizado;<\/li><li>\u00daltima Declara\u00e7\u00e3o de Imposto de Renda com o recibo de entrega na Receita Federal;<\/li><li>Comprovante de conta banc\u00e1ria (Banco, Ag\u00eancia, n\u00ba da conta sal\u00e1rio vinculada \u00e0 conta corrente) com banco conveniado; \u00c9 necess\u00e1rio ser CONTA SAL\u00c1RIO.<\/li><li>C\u00f3pia da Carteira de Trabalho \u2013 folhas onde constem o n\u00famero e a s\u00e9rie, em caso de registo, a folha com a data do 1\u00ba emprego;<\/li><li>Certid\u00e3o dos setores de distribui\u00e7\u00e3o dos foros criminais dos lugares em que tenha residido, nos \u00faltimos 5 (cinco) anos, da Justi\u00e7a Federal (TRF) e Estadual (TJ) (podem ser emitidas pela internet);<\/li><li>Folha de antecedentes da Pol\u00edcia Federal e da Pol\u00edcia dos Estados onde tenha residido nos \u00faltimos 5 (cinco) anos, expedida, no m\u00e1ximo, h\u00e1 6 (seis) meses (pode ser emitida pela internet);<\/li><li>Declara\u00e7\u00e3o do \u00f3rg\u00e3o de origem comprovando o v\u00ednculo funcional e o regime de previd\u00eancia, a fim de definir a que regime o servidor ser\u00e1 enquadrado no \u00f3rg\u00e3o, conforme determina a legisla\u00e7\u00e3o (em caso de j\u00e1 ser servidor p\u00fablico).<\/li><li>Declara\u00e7\u00e3o do \u00f3rg\u00e3o de origem informando que o candidato n\u00e3o sofreu, no exerc\u00edcio de fun\u00e7\u00e3o p\u00fablica, penalidade incompat\u00edvel com nova investidura em cargo p\u00fablico (em caso de j\u00e1 ser servidor p\u00fablico).<\/li><li>Os candidatos que se declararem pessoa com defici\u00eancia dever\u00e3o apresentar o Atestado de Per\u00edcia M\u00e9dica comprovando a defici\u00eancia.<\/li><li>Atendimento dos requisitos m\u00ednimos estabelecidos em Edital para exerc\u00edcio do Cargo: Diploma, devidamente registrado, de conclus\u00e3o de curso de gradua\u00e7\u00e3o de n\u00edvel intermedi\u00e1rio\/superior, fornecido por institui\u00e7\u00e3o de ensino superior reconhecida pelo Minist\u00e9rio da Educa\u00e7\u00e3o; Registro em \u00f3rg\u00e3o de classe e comprovante do Conselho que conste situa\u00e7\u00e3o REGULAR, quando necess\u00e1rio.<\/li><\/ul>\n\n\n\n<p>Agora que voc\u00ea j\u00e1 sabe quais os documentos e requisitos necess\u00e1rios tomar posse em cargo p\u00fablico, confira abaixo os <strong>editais previstos<\/strong> ainda para <strong>2022<\/strong> mais aguardados do momento!<\/p>\n\n\n\n<h2 class=\"wp-block-heading\">Concursos P\u00fablicos: principais editais previstos<\/h2>\n\n\n\n<ul class=\"wp-block-list\"><li><a href=\"https:\/\/www.estrategiaconcursos.com.br\/blog\/concurso-receita-federal\/\" target=\"_blank\" rel=\"noreferrer noopener\"><strong>Receita Federal<\/strong><\/a>: Ser\u00e3o ofertadas 699 vagas, sendo&nbsp;230 para&nbsp;<a href=\"https:\/\/www.estrategiaconcursos.com.br\/curso\/01-receita-federal-auditor-fiscal-pacote-completo-2022-pre-edital\/\" target=\"_blank\" rel=\"noreferrer noopener\">Auditor Fiscal<\/a>&nbsp;(R$ 21 mil) e&nbsp;469 para&nbsp;<a href=\"https:\/\/www.estrategiaconcursos.com.br\/curso\/02-receita-federal-analista-tributario-pacote-completo-2022-pre-edital\/\" target=\"_blank\" rel=\"noreferrer noopener\">Analista Tribut\u00e1rio<\/a>&nbsp;(R$ 11 mil), ambos os cargos com exig\u00eancia de n\u00edvel superior em qualquer \u00e1rea de forma\u00e7\u00e3o;<\/li><\/ul>\n\n\n\n<ul class=\"wp-block-list\"><li><a href=\"https:\/\/www.estrategiaconcursos.com.br\/blog\/concurso-cnmp\/\"><strong>CNMP<\/strong><\/a>: O&nbsp;<strong>concurso CNMP&nbsp;<\/strong>est\u00e1 com publica\u00e7\u00e3o anunciada para dezembro de 2022! O plen\u00e1rio do&nbsp;Conselho Nacional do Minist\u00e9rio P\u00fablico&nbsp;j\u00e1 formalizou a autoriza\u00e7\u00e3o do certame que ter\u00e1 vagas para os cargos de T\u00e9cnico e Analista, de n\u00edveis m\u00e9dio e superior de escolaridade;<\/li><\/ul>\n\n\n\n<ul class=\"wp-block-list\"><li><a href=\"https:\/\/www.estrategiaconcursos.com.br\/blog\/concurso-trt-go\/\" target=\"_blank\" rel=\"noreferrer noopener\"><strong>TRT GO<\/strong><\/a>: O projeto b\u00e1sico do certame j\u00e1 est\u00e1 pronto e a expectativa \u00e9 de que a escolha da banca organizadora seja oficializada em breve. Informa\u00e7\u00f5es divulgadas confirmam que o novo edital ofertar\u00e1&nbsp;<strong>04 vagas<\/strong>&nbsp;imediatas mais forma\u00e7\u00e3o de cadastro de reserva para os cargos de Analista e T\u00e9cnico Judici\u00e1rio;<\/li><\/ul>\n\n\n\n<ul class=\"wp-block-list\"><li><a href=\"https:\/\/www.estrategiaconcursos.com.br\/blog\/concurso-mp-sp\/\"><strong>MP SP<\/strong><\/a>: O&nbsp;<a href=\"https:\/\/www.estrategiaconcursos.com.br\/cursosPorConcurso\/ministerio-publico-de-sao-paulo-mp-sp\/\" target=\"_blank\" rel=\"noreferrer noopener\">Minist\u00e9rio P\u00fablico de Estado de S\u00e3o Paulo<\/a>&nbsp;escolheu a FGV como banca organizadora do novo&nbsp;<strong>concurso MP SP<\/strong>. Ser\u00e3o&nbsp;<strong>05 vagas<\/strong>&nbsp;mais forma\u00e7\u00e3o de cadastro de reserva para o cargo de Analista de Promotoria I, de n\u00edvel superior, distribu\u00eddas nas \u00e1reas da Sa\u00fade e Assist\u00eancia Social.<\/li><\/ul>\n\n\n\n<ul class=\"wp-block-list\"><li><a href=\"https:\/\/www.estrategiaconcursos.com.br\/blog\/concurso-mp-mg\/\" target=\"_blank\" rel=\"noreferrer noopener\"><strong>MP MG<\/strong><\/a>: O&nbsp;<a href=\"https:\/\/www.estrategiaconcursos.com.br\/cursosPorConcurso\/ministerio-publico-de-minas-gerais-mp-mg-servidores\/\" target=\"_blank\" rel=\"noreferrer noopener\">Minist\u00e9rio P\u00fablico de Minas Gerais<\/a>&nbsp;(<strong>MP MG<\/strong>) divulgou que o edital do concurso deve ser publicado ofertando 100 vagas para os cargos de Oficial, que exige n\u00edvel m\u00e9dio de forma\u00e7\u00e3o, e de Analista, de n\u00edvel superior.<\/li><\/ul>\n\n\n\n<ul class=\"wp-block-list\"><li><strong><a href=\"https:\/\/www.estrategiaconcursos.com.br\/blog\/concurso-dpe-sp\/\" target=\"_blank\" rel=\"noreferrer noopener\">DPE SP<\/a><\/strong>: A&nbsp;Vunesp&nbsp;ser\u00e1 a respons\u00e1vel pelo edital da&nbsp;<a href=\"https:\/\/www.estrategiaconcursos.com.br\/assinaturas\" target=\"_blank\" rel=\"noreferrer noopener\">Defensoria P\u00fablica do Estado de S\u00e3o Paulo<\/a><strong>,<\/strong> e est\u00e1 prevista a oferta de&nbsp;<strong>20 vagas<\/strong>&nbsp;imediatas mais forma\u00e7\u00e3o de cadastro reserva ao cargo de Oficial de Defensoria, de n\u00edvel m\u00e9dio de escolaridade e sal\u00e1rio inicial de&nbsp;<strong>R$ 3.560,33<\/strong>. O edital tamb\u00e9m ter\u00e1 vagas em cadastro de reserva para o cargo de Agente de Defensoria, de n\u00edvel superior de escolaridade e sal\u00e1rio inicial de&nbsp;<strong>R$ 7.532,39<\/strong>.<\/li><\/ul>\n\n\n\n<h2 class=\"has-text-align-center wp-block-heading\" id=\"h-quer-saber-tudo-sobre-concursos-previstos-confira-nossos-artigos\">Quer saber tudo sobre concursos previstos?<br \/>Confira  nossos artigos!<\/h2>\n\n\n\n<ul class=\"wp-block-list\"><li><a href=\"https:\/\/www.estrategiaconcursos.com.br\/blog\/concursos-abertos\/\" target=\"_blank\" rel=\"noreferrer noopener\">Concursos abertos<\/a><\/li><li><a href=\"https:\/\/www.estrategiaconcursos.com.br\/blog\/concursos-2022\/\" target=\"_blank\" rel=\"noreferrer noopener\">Concursos 2022<\/a><\/li><li><a href=\"https:\/\/www.estrategiaconcursos.com.br\/blog\/concursos-2023\/\" target=\"_blank\" rel=\"noreferrer noopener\">Concursos 2023<\/a><\/li><\/ul>\n\n\n\n<h2 class=\"has-text-align-center wp-block-heading\" id=\"cursos-assinatura\">Quer estudar para concursos?<\/h2>\n\n\n\n<div class=\"container\" id=\"boxes\">\n  <div class=\"row\">\n\n    <div class=\"col-sm\">\n      <div class=\"banner-estrategia\" id=\"box-assinatura\">\n        <h3 class=\"titulo-assinatura\">Cursos para concursos<\/h3>\n        <p class=\"subtitulo-assinatura\">Conhe\u00e7a os cursos<\/p>\n        <div class=\"box-botao\">\n          <a class=\"btn-assinatura\" target=\"_blank\" href=\"https:\/\/www.estrategiaconcursos.com.br\/cursos\/\" role=\"button\" rel=\"noopener noreferrer\">Conhe\u00e7a mais<\/a>\n        <\/div>\n      <\/div>\n     \n    <\/div>\n\n  <\/div>\n<\/div>\n\n\n\n<div class=\"container\" id=\"boxes\">\n  <div class=\"row\">\n\n    <div class=\"col-sm\">\n      <div class=\"estrategia\" id=\"box-assinatura\">\n        <h3 class=\"titulo-assinatura\">Assinatura Concursos<\/h3>\n        <p class=\"subtitulo-assinatura\">Assinatura de 1 ano ou 2 anos<\/p>\n        <div class=\"box-botao\">\n          <a class=\"btn-assinatura\" target=\"_blank\" href=\"https:\/\/www.estrategiaconcursos.com.br\/assinaturas\/\" role=\"button\" rel=\"noopener noreferrer\">ASSINE AGORA<\/a>\n        <\/div>\n      <\/div><\/div><\/div><\/div>\n","protected":false},"excerpt":{"rendered":"<p>Se voc\u00ea est\u00e1 interessado em ingressar na carreira p\u00fablica e n\u00e3o possui nenhuma pista sobre como fazer isso, este artigo que preparamos com os documentos necess\u00e1rio para tomar posse em cargo p\u00fablico \u00e9 para voc\u00ea! No decorrer dos anos, os cargos p\u00fablicos em diversas \u00e1reas e especialidades atraem cada vez mais candidatos por oferecerem a [&hellip;]<\/p>\n","protected":false},"author":2402,"featured_media":524448,"comment_status":"open","ping_status":"closed","sticky":false,"template":"","format":"standard","meta":{"post_tipo":"news","footnotes":""},"categories":[1,220219],"tags":[],"tax_estado":[219964,219965,219966,219967,219968,219969,219963,219970,219971,219972,219973,219974,219975,219976,219977,219978,219979,219980,219981,219982,219983,219984,219985,219986,219987,219988,219989,219990],"class_list":["post-1112069","post","type-post","status-publish","format-standard","has-post-thumbnail","hentry","category-cursos-e-concursos","category-noticias","tax_estado-ac","tax_estado-al","tax_estado-am","tax_estado-ap","tax_estado-ba","tax_estado-ce","tax_estado-concursos-federais","tax_estado-df","tax_estado-es","tax_estado-go","tax_estado-ma","tax_estado-mg","tax_estado-ms","tax_estado-mt","tax_estado-pa","tax_estado-pb","tax_estado-pe","tax_estado-pi","tax_estado-pr","tax_estado-rj","tax_estado-rn","tax_estado-ro","tax_estado-rr","tax_estado-rs","tax_estado-sc","tax_estado-se","tax_estado-sp","tax_estado-to"],"acf":[],"yoast_head":"<!-- This site is optimized with the Yoast SEO Premium plugin v27.2 (Yoast SEO v27.2) - https:\/\/yoast.com\/product\/yoast-seo-premium-wordpress\/ -->\n<title>Posse em cargo p\u00fablico: veja os documentos necess\u00e1rios!<\/title>\n<meta name=\"description\" content=\"Confira aqui no site do Estrat\u00e9gia Concursos quais os documentos necess\u00e1rios para tomar posse em cargo p\u00fablico!\" \/>\n<meta name=\"robots\" content=\"index, follow, max-snippet:-1, max-image-preview:large, max-video-preview:-1\" \/>\n<link rel=\"canonical\" href=\"https:\/\/www.estrategiaconcursos.com.br\/blog\/posse-em-cargo-publico-documentos-necessarios\/\" \/>\n<meta property=\"og:locale\" content=\"pt_BR\" \/>\n<meta property=\"og:type\" content=\"article\" \/>\n<meta property=\"og:title\" content=\"Posse em cargo p\u00fablico: veja os documentos necess\u00e1rios!\" \/>\n<meta property=\"og:description\" content=\"Confira aqui no site do Estrat\u00e9gia Concursos quais os documentos necess\u00e1rios para tomar posse em cargo p\u00fablico!\" \/>\n<meta property=\"og:url\" content=\"https:\/\/www.estrategiaconcursos.com.br\/blog\/posse-em-cargo-publico-documentos-necessarios\/\" \/>\n<meta property=\"og:site_name\" content=\"Estrat\u00e9gia Concursos\" \/>\n<meta property=\"article:published_time\" content=\"2022-10-18T21:13:23+00:00\" \/>\n<meta property=\"article:modified_time\" content=\"2022-10-18T21:13:27+00:00\" \/>\n<meta property=\"og:image\" content=\"https:\/\/dhg1h5j42swfq.cloudfront.net\/2020\/06\/09165810\/artigo2junho-1.png\" \/>\n\t<meta property=\"og:image:width\" content=\"873\" \/>\n\t<meta property=\"og:image:height\" content=\"613\" \/>\n\t<meta property=\"og:image:type\" content=\"image\/png\" \/>\n<meta name=\"author\" content=\"Daniela Santos Nascimento\" \/>\n<meta name=\"twitter:card\" content=\"summary_large_image\" \/>\n<meta name=\"twitter:creator\" content=\"@EstratConcursos\" \/>\n<meta name=\"twitter:site\" content=\"@EstratConcursos\" \/>\n<meta name=\"twitter:label1\" content=\"Escrito por\" \/>\n\t<meta name=\"twitter:data1\" content=\"Daniela Santos Nascimento\" \/>\n\t<meta name=\"twitter:label2\" content=\"Est. tempo de leitura\" \/>\n\t<meta name=\"twitter:data2\" content=\"5 minutos\" \/>\n<script type=\"application\/ld+json\" class=\"yoast-schema-graph\">{\"@context\":\"https:\/\/schema.org\",\"@graph\":[{\"@type\":\"NewsArticle\",\"@id\":\"https:\/\/www.estrategiaconcursos.com.br\/blog\/posse-em-cargo-publico-documentos-necessarios\/#article\",\"isPartOf\":{\"@id\":\"https:\/\/www.estrategiaconcursos.com.br\/blog\/posse-em-cargo-publico-documentos-necessarios\/\"},\"author\":{\"name\":\"Daniela Santos Nascimento\",\"@id\":\"https:\/\/www.estrategiaconcursos.com.br\/blog\/#\/schema\/person\/399990d02336f200766707b881aee98f\"},\"headline\":\"Posse em cargo p\u00fablico: veja os documentos necess\u00e1rios!\",\"datePublished\":\"2022-10-18T21:13:23+00:00\",\"dateModified\":\"2022-10-18T21:13:27+00:00\",\"mainEntityOfPage\":{\"@id\":\"https:\/\/www.estrategiaconcursos.com.br\/blog\/posse-em-cargo-publico-documentos-necessarios\/\"},\"wordCount\":984,\"commentCount\":0,\"publisher\":{\"@id\":\"https:\/\/www.estrategiaconcursos.com.br\/blog\/#organization\"},\"image\":{\"@id\":\"https:\/\/www.estrategiaconcursos.com.br\/blog\/posse-em-cargo-publico-documentos-necessarios\/#primaryimage\"},\"thumbnailUrl\":\"https:\/\/dhg1h5j42swfq.cloudfront.net\/2020\/06\/09165810\/artigo2junho-1.png\",\"articleSection\":[\"Concursos P\u00fablicos\",\"\u00daltimas not\u00edcias\"],\"inLanguage\":\"pt-BR\",\"potentialAction\":[{\"@type\":\"CommentAction\",\"name\":\"Comment\",\"target\":[\"https:\/\/www.estrategiaconcursos.com.br\/blog\/posse-em-cargo-publico-documentos-necessarios\/#respond\"]}],\"copyrightYear\":\"2022\",\"copyrightHolder\":{\"@id\":\"https:\/\/www.estrategiaconcursos.com.br\/blog\/#organization\"}},{\"@type\":\"WebPage\",\"@id\":\"https:\/\/www.estrategiaconcursos.com.br\/blog\/posse-em-cargo-publico-documentos-necessarios\/\",\"url\":\"https:\/\/www.estrategiaconcursos.com.br\/blog\/posse-em-cargo-publico-documentos-necessarios\/\",\"name\":\"Posse em cargo p\u00fablico: veja os documentos necess\u00e1rios!\",\"isPartOf\":{\"@id\":\"https:\/\/www.estrategiaconcursos.com.br\/blog\/#website\"},\"primaryImageOfPage\":{\"@id\":\"https:\/\/www.estrategiaconcursos.com.br\/blog\/posse-em-cargo-publico-documentos-necessarios\/#primaryimage\"},\"image\":{\"@id\":\"https:\/\/www.estrategiaconcursos.com.br\/blog\/posse-em-cargo-publico-documentos-necessarios\/#primaryimage\"},\"thumbnailUrl\":\"https:\/\/dhg1h5j42swfq.cloudfront.net\/2020\/06\/09165810\/artigo2junho-1.png\",\"datePublished\":\"2022-10-18T21:13:23+00:00\",\"dateModified\":\"2022-10-18T21:13:27+00:00\",\"description\":\"Confira aqui no site do Estrat\u00e9gia Concursos quais os documentos necess\u00e1rios para tomar posse em cargo p\u00fablico!\",\"breadcrumb\":{\"@id\":\"https:\/\/www.estrategiaconcursos.com.br\/blog\/posse-em-cargo-publico-documentos-necessarios\/#breadcrumb\"},\"inLanguage\":\"pt-BR\",\"potentialAction\":[{\"@type\":\"ReadAction\",\"target\":[\"https:\/\/www.estrategiaconcursos.com.br\/blog\/posse-em-cargo-publico-documentos-necessarios\/\"]}]},{\"@type\":\"ImageObject\",\"inLanguage\":\"pt-BR\",\"@id\":\"https:\/\/www.estrategiaconcursos.com.br\/blog\/posse-em-cargo-publico-documentos-necessarios\/#primaryimage\",\"url\":\"https:\/\/dhg1h5j42swfq.cloudfront.net\/2020\/06\/09165810\/artigo2junho-1.png\",\"contentUrl\":\"https:\/\/dhg1h5j42swfq.cloudfront.net\/2020\/06\/09165810\/artigo2junho-1.png\",\"width\":873,\"height\":613,\"caption\":\"concursos p\u00fablicos\"},{\"@type\":\"BreadcrumbList\",\"@id\":\"https:\/\/www.estrategiaconcursos.com.br\/blog\/posse-em-cargo-publico-documentos-necessarios\/#breadcrumb\",\"itemListElement\":[{\"@type\":\"ListItem\",\"position\":1,\"name\":\"In\u00edcio\",\"item\":\"https:\/\/www.estrategiaconcursos.com.br\/blog\/\"},{\"@type\":\"ListItem\",\"position\":2,\"name\":\"Posse em cargo p\u00fablico: veja os documentos necess\u00e1rios!\"}]},{\"@type\":\"WebSite\",\"@id\":\"https:\/\/www.estrategiaconcursos.com.br\/blog\/#website\",\"url\":\"https:\/\/www.estrategiaconcursos.com.br\/blog\/\",\"name\":\"Estrat\u00e9gia Concursos\",\"description\":\"O blog da Estrat\u00e9gia Concursos traz not\u00edcias sobre concursos e artigos de professores oferecendo cursos para concursos (pdf + videaulas) no site.\",\"publisher\":{\"@id\":\"https:\/\/www.estrategiaconcursos.com.br\/blog\/#organization\"},\"potentialAction\":[{\"@type\":\"SearchAction\",\"target\":{\"@type\":\"EntryPoint\",\"urlTemplate\":\"https:\/\/www.estrategiaconcursos.com.br\/blog\/?s={search_term_string}\"},\"query-input\":{\"@type\":\"PropertyValueSpecification\",\"valueRequired\":true,\"valueName\":\"search_term_string\"}}],\"inLanguage\":\"pt-BR\"},{\"@type\":\"Organization\",\"@id\":\"https:\/\/www.estrategiaconcursos.com.br\/blog\/#organization\",\"name\":\"Estrat\u00e9gia Concursos\",\"url\":\"https:\/\/www.estrategiaconcursos.com.br\/blog\/\",\"logo\":{\"@type\":\"ImageObject\",\"inLanguage\":\"pt-BR\",\"@id\":\"https:\/\/www.estrategiaconcursos.com.br\/blog\/#\/schema\/logo\/image\/\",\"url\":\"https:\/\/dhg1h5j42swfq.cloudfront.net\/2025\/06\/03203428\/logo_concursos-1.jpg\",\"contentUrl\":\"https:\/\/dhg1h5j42swfq.cloudfront.net\/2025\/06\/03203428\/logo_concursos-1.jpg\",\"width\":230,\"height\":60,\"caption\":\"Estrat\u00e9gia Concursos\"},\"image\":{\"@id\":\"https:\/\/www.estrategiaconcursos.com.br\/blog\/#\/schema\/logo\/image\/\"},\"sameAs\":[\"https:\/\/x.com\/EstratConcursos\"]},{\"@type\":\"Person\",\"@id\":\"https:\/\/www.estrategiaconcursos.com.br\/blog\/#\/schema\/person\/399990d02336f200766707b881aee98f\",\"name\":\"Daniela Santos Nascimento\",\"image\":{\"@type\":\"ImageObject\",\"inLanguage\":\"pt-BR\",\"@id\":\"https:\/\/secure.gravatar.com\/avatar\/7f343622ad121e2893832a8c76808be436bdfcbf2f7d696174c94ecd84f2384a?s=96&d=mm&r=g\",\"url\":\"https:\/\/secure.gravatar.com\/avatar\/7f343622ad121e2893832a8c76808be436bdfcbf2f7d696174c94ecd84f2384a?s=96&d=mm&r=g\",\"contentUrl\":\"https:\/\/secure.gravatar.com\/avatar\/7f343622ad121e2893832a8c76808be436bdfcbf2f7d696174c94ecd84f2384a?s=96&d=mm&r=g\",\"caption\":\"Daniela Santos Nascimento\"},\"url\":\"https:\/\/www.estrategiaconcursos.com.br\/blog\/author\/daniela-nascimentoestrategia-com\/\"}]}<\/script>\n<!-- \/ Yoast SEO Premium plugin. -->","yoast_head_json":{"title":"Posse em cargo p\u00fablico: veja os documentos necess\u00e1rios!","description":"Confira aqui no site do Estrat\u00e9gia Concursos quais os documentos necess\u00e1rios para tomar posse em cargo p\u00fablico!","robots":{"index":"index","follow":"follow","max-snippet":"max-snippet:-1","max-image-preview":"max-image-preview:large","max-video-preview":"max-video-preview:-1"},"canonical":"https:\/\/www.estrategiaconcursos.com.br\/blog\/posse-em-cargo-publico-documentos-necessarios\/","og_locale":"pt_BR","og_type":"article","og_title":"Posse em cargo p\u00fablico: veja os documentos necess\u00e1rios!","og_description":"Confira aqui no site do Estrat\u00e9gia Concursos quais os documentos necess\u00e1rios para tomar posse em cargo p\u00fablico!","og_url":"https:\/\/www.estrategiaconcursos.com.br\/blog\/posse-em-cargo-publico-documentos-necessarios\/","og_site_name":"Estrat\u00e9gia Concursos","article_published_time":"2022-10-18T21:13:23+00:00","article_modified_time":"2022-10-18T21:13:27+00:00","og_image":[{"width":873,"height":613,"url":"https:\/\/dhg1h5j42swfq.cloudfront.net\/2020\/06\/09165810\/artigo2junho-1.png","type":"image\/png"}],"author":"Daniela Santos Nascimento","twitter_card":"summary_large_image","twitter_creator":"@EstratConcursos","twitter_site":"@EstratConcursos","twitter_misc":{"Escrito por":"Daniela Santos Nascimento","Est. tempo de leitura":"5 minutos"},"schema":{"@context":"https:\/\/schema.org","@graph":[{"@type":"NewsArticle","@id":"https:\/\/www.estrategiaconcursos.com.br\/blog\/posse-em-cargo-publico-documentos-necessarios\/#article","isPartOf":{"@id":"https:\/\/www.estrategiaconcursos.com.br\/blog\/posse-em-cargo-publico-documentos-necessarios\/"},"author":{"name":"Daniela Santos Nascimento","@id":"https:\/\/www.estrategiaconcursos.com.br\/blog\/#\/schema\/person\/399990d02336f200766707b881aee98f"},"headline":"Posse em cargo p\u00fablico: veja os documentos necess\u00e1rios!","datePublished":"2022-10-18T21:13:23+00:00","dateModified":"2022-10-18T21:13:27+00:00","mainEntityOfPage":{"@id":"https:\/\/www.estrategiaconcursos.com.br\/blog\/posse-em-cargo-publico-documentos-necessarios\/"},"wordCount":984,"commentCount":0,"publisher":{"@id":"https:\/\/www.estrategiaconcursos.com.br\/blog\/#organization"},"image":{"@id":"https:\/\/www.estrategiaconcursos.com.br\/blog\/posse-em-cargo-publico-documentos-necessarios\/#primaryimage"},"thumbnailUrl":"https:\/\/dhg1h5j42swfq.cloudfront.net\/2020\/06\/09165810\/artigo2junho-1.png","articleSection":["Concursos P\u00fablicos","\u00daltimas not\u00edcias"],"inLanguage":"pt-BR","potentialAction":[{"@type":"CommentAction","name":"Comment","target":["https:\/\/www.estrategiaconcursos.com.br\/blog\/posse-em-cargo-publico-documentos-necessarios\/#respond"]}],"copyrightYear":"2022","copyrightHolder":{"@id":"https:\/\/www.estrategiaconcursos.com.br\/blog\/#organization"}},{"@type":"WebPage","@id":"https:\/\/www.estrategiaconcursos.com.br\/blog\/posse-em-cargo-publico-documentos-necessarios\/","url":"https:\/\/www.estrategiaconcursos.com.br\/blog\/posse-em-cargo-publico-documentos-necessarios\/","name":"Posse em cargo p\u00fablico: veja os documentos necess\u00e1rios!","isPartOf":{"@id":"https:\/\/www.estrategiaconcursos.com.br\/blog\/#website"},"primaryImageOfPage":{"@id":"https:\/\/www.estrategiaconcursos.com.br\/blog\/posse-em-cargo-publico-documentos-necessarios\/#primaryimage"},"image":{"@id":"https:\/\/www.estrategiaconcursos.com.br\/blog\/posse-em-cargo-publico-documentos-necessarios\/#primaryimage"},"thumbnailUrl":"https:\/\/dhg1h5j42swfq.cloudfront.net\/2020\/06\/09165810\/artigo2junho-1.png","datePublished":"2022-10-18T21:13:23+00:00","dateModified":"2022-10-18T21:13:27+00:00","description":"Confira aqui no site do Estrat\u00e9gia Concursos quais os documentos necess\u00e1rios para tomar posse em cargo p\u00fablico!","breadcrumb":{"@id":"https:\/\/www.estrategiaconcursos.com.br\/blog\/posse-em-cargo-publico-documentos-necessarios\/#breadcrumb"},"inLanguage":"pt-BR","potentialAction":[{"@type":"ReadAction","target":["https:\/\/www.estrategiaconcursos.com.br\/blog\/posse-em-cargo-publico-documentos-necessarios\/"]}]},{"@type":"ImageObject","inLanguage":"pt-BR","@id":"https:\/\/www.estrategiaconcursos.com.br\/blog\/posse-em-cargo-publico-documentos-necessarios\/#primaryimage","url":"https:\/\/dhg1h5j42swfq.cloudfront.net\/2020\/06\/09165810\/artigo2junho-1.png","contentUrl":"https:\/\/dhg1h5j42swfq.cloudfront.net\/2020\/06\/09165810\/artigo2junho-1.png","width":873,"height":613,"caption":"concursos p\u00fablicos"},{"@type":"BreadcrumbList","@id":"https:\/\/www.estrategiaconcursos.com.br\/blog\/posse-em-cargo-publico-documentos-necessarios\/#breadcrumb","itemListElement":[{"@type":"ListItem","position":1,"name":"In\u00edcio","item":"https:\/\/www.estrategiaconcursos.com.br\/blog\/"},{"@type":"ListItem","position":2,"name":"Posse em cargo p\u00fablico: veja os documentos necess\u00e1rios!"}]},{"@type":"WebSite","@id":"https:\/\/www.estrategiaconcursos.com.br\/blog\/#website","url":"https:\/\/www.estrategiaconcursos.com.br\/blog\/","name":"Estrat\u00e9gia Concursos","description":"O blog da Estrat\u00e9gia Concursos traz not\u00edcias sobre concursos e artigos de professores oferecendo cursos para concursos (pdf + videaulas) no site.","publisher":{"@id":"https:\/\/www.estrategiaconcursos.com.br\/blog\/#organization"},"potentialAction":[{"@type":"SearchAction","target":{"@type":"EntryPoint","urlTemplate":"https:\/\/www.estrategiaconcursos.com.br\/blog\/?s={search_term_string}"},"query-input":{"@type":"PropertyValueSpecification","valueRequired":true,"valueName":"search_term_string"}}],"inLanguage":"pt-BR"},{"@type":"Organization","@id":"https:\/\/www.estrategiaconcursos.com.br\/blog\/#organization","name":"Estrat\u00e9gia Concursos","url":"https:\/\/www.estrategiaconcursos.com.br\/blog\/","logo":{"@type":"ImageObject","inLanguage":"pt-BR","@id":"https:\/\/www.estrategiaconcursos.com.br\/blog\/#\/schema\/logo\/image\/","url":"https:\/\/dhg1h5j42swfq.cloudfront.net\/2025\/06\/03203428\/logo_concursos-1.jpg","contentUrl":"https:\/\/dhg1h5j42swfq.cloudfront.net\/2025\/06\/03203428\/logo_concursos-1.jpg","width":230,"height":60,"caption":"Estrat\u00e9gia Concursos"},"image":{"@id":"https:\/\/www.estrategiaconcursos.com.br\/blog\/#\/schema\/logo\/image\/"},"sameAs":["https:\/\/x.com\/EstratConcursos"]},{"@type":"Person","@id":"https:\/\/www.estrategiaconcursos.com.br\/blog\/#\/schema\/person\/399990d02336f200766707b881aee98f","name":"Daniela Santos Nascimento","image":{"@type":"ImageObject","inLanguage":"pt-BR","@id":"https:\/\/secure.gravatar.com\/avatar\/7f343622ad121e2893832a8c76808be436bdfcbf2f7d696174c94ecd84f2384a?s=96&d=mm&r=g","url":"https:\/\/secure.gravatar.com\/avatar\/7f343622ad121e2893832a8c76808be436bdfcbf2f7d696174c94ecd84f2384a?s=96&d=mm&r=g","contentUrl":"https:\/\/secure.gravatar.com\/avatar\/7f343622ad121e2893832a8c76808be436bdfcbf2f7d696174c94ecd84f2384a?s=96&d=mm&r=g","caption":"Daniela Santos Nascimento"},"url":"https:\/\/www.estrategiaconcursos.com.br\/blog\/author\/daniela-nascimentoestrategia-com\/"}]}},"_links":{"self":[{"href":"https:\/\/www.estrategiaconcursos.com.br\/blog\/wp-json\/wp\/v2\/posts\/1112069","targetHints":{"allow":["GET"]}}],"collection":[{"href":"https:\/\/www.estrategiaconcursos.com.br\/blog\/wp-json\/wp\/v2\/posts"}],"about":[{"href":"https:\/\/www.estrategiaconcursos.com.br\/blog\/wp-json\/wp\/v2\/types\/post"}],"author":[{"embeddable":true,"href":"https:\/\/www.estrategiaconcursos.com.br\/blog\/wp-json\/wp\/v2\/users\/2402"}],"replies":[{"embeddable":true,"href":"https:\/\/www.estrategiaconcursos.com.br\/blog\/wp-json\/wp\/v2\/comments?post=1112069"}],"version-history":[{"count":5,"href":"https:\/\/www.estrategiaconcursos.com.br\/blog\/wp-json\/wp\/v2\/posts\/1112069\/revisions"}],"predecessor-version":[{"id":1112122,"href":"https:\/\/www.estrategiaconcursos.com.br\/blog\/wp-json\/wp\/v2\/posts\/1112069\/revisions\/1112122"}],"wp:featuredmedia":[{"embeddable":true,"href":"https:\/\/www.estrategiaconcursos.com.br\/blog\/wp-json\/wp\/v2\/media\/524448"}],"wp:attachment":[{"href":"https:\/\/www.estrategiaconcursos.com.br\/blog\/wp-json\/wp\/v2\/media?parent=1112069"}],"wp:term":[{"taxonomy":"category","embeddable":true,"href":"https:\/\/www.estrategiaconcursos.com.br\/blog\/wp-json\/wp\/v2\/categories?post=1112069"},{"taxonomy":"post_tag","embeddable":true,"href":"https:\/\/www.estrategiaconcursos.com.br\/blog\/wp-json\/wp\/v2\/tags?post=1112069"},{"taxonomy":"tax_estado","embeddable":true,"href":"https:\/\/www.estrategiaconcursos.com.br\/blog\/wp-json\/wp\/v2\/tax_estado?post=1112069"}],"curies":[{"name":"wp","href":"https:\/\/api.w.org\/{rel}","templated":true}]}}