{"id":111138,"date":"2018-03-13T15:21:01","date_gmt":"2018-03-13T18:21:01","guid":{"rendered":"https:\/\/www.estrategiaconcursos.com.br\/blog\/?p=111138"},"modified":"2020-07-16T11:13:19","modified_gmt":"2020-07-16T14:13:19","slug":"informativo-stj-618-sumula-601","status":"publish","type":"post","link":"https:\/\/www.estrategiaconcursos.com.br\/blog\/informativo-stj-618-sumula-601\/","title":{"rendered":"Informativo STJ 618: Conhe\u00e7a a S\u00famula 601, sobre a legitimidade ativa do Minist\u00e9rio P\u00fablico"},"content":{"rendered":"<p><span style=\"color: #000000;\">Com a publica\u00e7\u00e3o do Informativo STJ 618, selecionei para an\u00e1lise a S\u00famula 601. Aqui voc\u00ea vai poder conhecer mais detalhes acerca do conte\u00fado te\u00f3rico sobre o qual esta s\u00famula, editada em fevereiro de 2017, versa.<\/span><\/p>\n<p><span style=\"color: #000000;\">N\u00e3o deixe de conferir nossos cursos preparat\u00f3rios para os principais concursos p\u00fablicos do momento:<\/span><\/p>\n<h2><strong>Apresenta\u00e7\u00e3o resumida do caso<\/strong><\/h2>\n<p><span style=\"color: #000000;\">Segundo art. 11, VI, Regimento Interno do Superior Tribunal de Justi\u00e7a:<\/span><\/p>\n<blockquote><p><span style=\"color: #000000;\"><em>Art. 11. Compete \u00e0 Corte Especial processar e julgar:<\/em><\/span><\/p>\n<p><span style=\"color: #000000;\"><em>VII &#8211; sumular a jurisprud\u00eancia uniforme comum \u00e0s Se\u00e7\u00f5es e deliberar sobre a altera\u00e7\u00e3o e o cancelamento de suas s\u00famulas;<\/em><\/span><\/p><\/blockquote>\n<p><span style=\"color: #000000;\">No exerc\u00edcio dessa atividade, a Corte Especial do STJ, no dia 07\/02\/2018, editou a s\u00famula n\u00ba 601, que resume o entendimento j\u00e1 consolidado em seus julgamentos:<\/span><\/p>\n<blockquote><p><span style=\"color: #000000;\"><em>S\u00famula 601, STJ: O Minist\u00e9rio P\u00fablico tem legitimidade ativa para atuar na defesa de direitos difusos, coletivos e individuais homog\u00eaneos dos consumidores, ainda que decorrentes da presta\u00e7\u00e3o de servi\u00e7o p\u00fablico.<\/em><\/span><\/p><\/blockquote>\n<h2><strong>Conte\u00fado te\u00f3rico pertinente<\/strong><\/h2>\n<p><span style=\"color: #000000;\">A s\u00famula foi uma concretiza\u00e7\u00e3o do pensamento j\u00e1 assente nos Tribunais no sentido de que o Minist\u00e9rio P\u00fablico tem legitimidade ativa para intentar a\u00e7\u00e3o civil p\u00fablica para defesa de:<\/span><\/p>\n<p><span style=\"color: #000000;\">a) <u>qualquer<\/u> direito difuso:<\/span><\/p>\n<p><span style=\"color: #000000;\">b) <u>qualquer<\/u> direito coletivo <em>stricto sensu<\/em>;<\/span><\/p>\n<p><span style=\"color: #000000;\">c) direitos individuais homog\u00eaneos desde que:<\/span><\/p>\n<p><span style=\"color: #000000;\">i- sejam direitos<strong> indispon\u00edveis<\/strong> OU<\/span><\/p>\n<p><span style=\"color: #000000;\">ii- sejam direitos dispon\u00edveis de <strong>interesse social <\/strong>(aqui inclu\u00edda a parte final da s\u00famula \u201c<em>DIH dos consumidores<\/em>, <em>ainda que decorrentes da presta\u00e7\u00e3o de servi\u00e7o p\u00fablico<\/em>\u201d, como \u00e9 o caso de a\u00e7\u00e3o que discute a legalidade da tarifa de transporte p\u00fablico \u2013 STJ, 1\u00aa Turma, REsp n\u00ba 929.792\/SP, Rel. Min. Napole\u00e3o Nunes Maia Filho, d.j. 18\/02\/2016)<\/span><\/p>\n<p><span style=\"color: #000000;\"><img loading=\"lazy\" decoding=\"async\" class=\"aligncenter wp-image-111139\" src=\"https:\/\/dhg1h5j42swfq.cloudfront.net\/2018\/03\/13144312\/Informativo-STJ-618-S%C3%BAmula-601.png\" alt=\"informativo stj 618 sumula\" width=\"904\" height=\"467\" srcset=\"https:\/\/dhg1h5j42swfq.cloudfront.net\/2018\/03\/13144312\/Informativo-STJ-618-S%C3%BAmula-601.png 1341w, https:\/\/dhg1h5j42swfq.cloudfront.net\/2018\/03\/13144312\/Informativo-STJ-618-S%C3%BAmula-601.png 300w, https:\/\/dhg1h5j42swfq.cloudfront.net\/2018\/03\/13144312\/Informativo-STJ-618-S%C3%BAmula-601.png 768w, https:\/\/dhg1h5j42swfq.cloudfront.net\/2018\/03\/13144312\/Informativo-STJ-618-S%C3%BAmula-601.png 1024w, https:\/\/dhg1h5j42swfq.cloudfront.net\/2018\/03\/13144312\/Informativo-STJ-618-S%C3%BAmula-601.png 610w\" sizes=\"auto, (max-width: 904px) 100vw, 904px\" \/><\/span><\/p>\n<p><span style=\"color: #000000;\">Vamos por partes!<\/span><\/p>\n<p><span style=\"color: #000000;\">Em nossas aulas, vemos que o Processo Civil passou por 4 fases, quais sejam, Imanentismo; Autonomismo; Instrumentalismo\/Acesso \u00e0 Justi\u00e7a e Neoprocessualismo.<\/span><\/p>\n<p><span style=\"color: #000000;\">Na terceira fase (Instrumentalismo\/Acesso \u00e0 Justi\u00e7a), como livro representativo desse momento p\u00f3s 2\u00aa Guerra Mundial, tivemos a obra \u201cAcesso \u00e0 Justi\u00e7a\u201d, do italiano <em>Mauro Cappelletti <\/em>e do norte-americano <em>Bryant Garth<\/em> (esse tema j\u00e1 caiu em prova), em que os autores analisam as defici\u00eancias de alguns sistemas jur\u00eddicos do ocidente e prop\u00f5em uma reformula\u00e7\u00e3o do Processo pela <strong>ado\u00e7\u00e3o de 3 ondas renovat\u00f3rias<\/strong>, quais sejam:<\/span><\/p>\n<p><span style=\"color: #000000;\"><strong>i) luta pela assist\u00eancia judici\u00e1ria (justi\u00e7a aos pobres)<\/strong>;<\/span><\/p>\n<p><span style=\"color: #000000;\"><strong>ii) representa\u00e7\u00e3o dos interesses difusos (coletiviza\u00e7\u00e3o do processo)<\/strong>;<\/span><\/p>\n<p><span style=\"color: #000000;\"><strong>iii) novo enfoque de acesso \u00e0 justi\u00e7a (efetividade do processo)<\/strong>.<\/span><\/p>\n<p><span style=\"color: #000000;\">Analisando mais de perto a segunda onda renovat\u00f3ria, percebeu-se que a coletiviza\u00e7\u00e3o do processo era uma medida imprescind\u00edvel.<\/span><\/p>\n<p><span style=\"color: #000000;\">Na sociedade de risco, o avan\u00e7o t\u00e9cnico-econ\u00f4mico promoveu o acesso de grande parte da popula\u00e7\u00e3o aos bens de consumo, mas tamb\u00e9m fez com que riscos sociais, pol\u00edticos, econ\u00f4micos e industriais tomassem propor\u00e7\u00f5es cada vez maiores. Os problemas se tornaram cada vez mais massificados, abrangentes, bem como se tornaram importantes os direitos de titularidade indeterminada (ex: direito ambiental, direito do consumidor etc.).<\/span><\/p>\n<p><span style=\"color: #000000;\">O processo, antes voltado para demandas atomizadas, individualizadas, necessitava de solu\u00e7\u00f5es \u00fanicas para demandas molecularizadas, coletivas, em que se resolveriam v\u00e1rios problemas de uma \u00fanica vez.<\/span><\/p>\n<h3><a href=\"https:\/\/www.estrategiaconcursos.com.br\/cursos\/concurso\" target=\"_blank\" rel=\"noopener noreferrer\">CURSOS PARA CONCURSOS JUR\u00cdDICOS<\/a><\/h3>\n<p><span style=\"color: #000000;\">Como exemplo de implanta\u00e7\u00e3o dessa segunda onda renovat\u00f3ria no Direito Brasileiro, poder\u00edamos citar todo o <u>microssistema<\/u> da <strong><u>Tutela Coletiva<\/u><\/strong>, formada, em seu n\u00facleo duro, pela Lei de A\u00e7\u00e3o Civil P\u00fablica (Lei n. 7.347\/85) e pelo C\u00f3digo de Defesa do Consumidor (Lei n. 8.072\/90), e, em seu derredor, por diversas outras leis, tais como Lei n. 4717\/65 \u2013 a\u00e7\u00e3o popular; Lei n. 6938\/81 \u2013 pol\u00edtica nacional do meio ambiente; Lei 7.513\/86 \u2013 investidores dos mercados de valores mobili\u00e1rios; Lei n. 7853\/89 \u2013 pessoas portadoras de defici\u00eancia; Lei n. 8069\/90 \u2013 ECA; Lei n. 8492\/92 \u2013 improbidade administrativa; Lei n. 10471\/03 \u2013 estatuto do idoso; Lei n. 10671\/03 \u2013 estatuto do torcedor (equiparado a consumidor); Lei n. 12016 \u2013 MS, Lei n. 12846\/13 \u2013 anticorrup\u00e7\u00e3o; Lei n. 13.300\/16 &#8211; mandado de injun\u00e7\u00e3o.<\/span><\/p>\n<p><span style=\"color: #000000;\">Sabendo como chegamos a essa microssistema atualmente existente, devemos entender que a Tutela Coletiva \u00e9 um conjunto de normas que servem de instrumento para prote\u00e7\u00e3o de direitos materiais espec\u00edficos.<\/span><\/p>\n<p><span style=\"color: #000000;\">E quais s\u00e3o esses direitos? S\u00e3o os direitos transindividuais, de titularidade coletiva.<\/span><\/p>\n<p><span style=\"color: #000000;\">Esses direitos s\u00e3o organizados em um g\u00eanero direitos coletivos <em>lato sensu<\/em>, cujas esp\u00e9cies s\u00e3o os direitos difusos, direitos coletivos <em>stricto sensu<\/em> e direitos individuais homog\u00eaneos.<\/span><\/p>\n<p><span style=\"color: #000000;\"><img loading=\"lazy\" decoding=\"async\" class=\"aligncenter wp-image-111140\" src=\"https:\/\/dhg1h5j42swfq.cloudfront.net\/2018\/03\/13144408\/Informativo-STJ-618-S%C3%BAmula-601-02.png\" alt=\"informativo stj 618 sumula \" width=\"853\" height=\"495\" srcset=\"https:\/\/dhg1h5j42swfq.cloudfront.net\/2018\/03\/13144408\/Informativo-STJ-618-S%C3%BAmula-601-02.png 969w, https:\/\/dhg1h5j42swfq.cloudfront.net\/2018\/03\/13144408\/Informativo-STJ-618-S%C3%BAmula-601-02.png 300w, https:\/\/dhg1h5j42swfq.cloudfront.net\/2018\/03\/13144408\/Informativo-STJ-618-S%C3%BAmula-601-02.png 768w, https:\/\/dhg1h5j42swfq.cloudfront.net\/2018\/03\/13144408\/Informativo-STJ-618-S%C3%BAmula-601-02.png 610w\" sizes=\"auto, (max-width: 853px) 100vw, 853px\" \/><\/span><\/p>\n<p><span style=\"color: #000000;\">Os conceitos est\u00e3o no art. 81, par\u00e1grafo \u00fanico, CDC:<\/span><\/p>\n<blockquote><p><span style=\"color: #000000;\"><em>Art. 81. Par\u00e1grafo \u00fanico. A defesa coletiva ser\u00e1 exercida quando se tratar de:<\/em><\/span><\/p>\n<p><span style=\"color: #000000;\"><em>I &#8211; interesses ou direitos difusos, assim entendidos, para efeitos deste c\u00f3digo, os <strong>transindividuais<\/strong>, de natureza <strong>indivis\u00edvel<\/strong>, de que sejam titulares <strong>pessoas indeterminadas<\/strong> e ligadas por <strong>circunst\u00e2ncias de fato<\/strong>;<\/em><\/span><\/p><\/blockquote>\n<p><span style=\"color: #000000;\">Exs: direito ao meio ambiente ecologicamente equilibrado (art. 225, CRFB), moralidade administrativa, publicidade enganosa etc.<\/span><\/p>\n<blockquote><p><span style=\"color: #000000;\"><em>II &#8211; interesses ou direitos coletivos, assim entendidos, para efeitos deste c\u00f3digo, os transindividuais, de natureza indivis\u00edvel de que seja titular grupo, categoria ou classe de pessoas ligadas entre si ou com a parte contr\u00e1ria por uma rela\u00e7\u00e3o jur\u00eddica base;<\/em><\/span><\/p><\/blockquote>\n<p><span style=\"color: #000000;\">Exs: interesses ligados a membros de um sindicato, associa\u00e7\u00e3o, partido, conselho, a exemplo da OAB.<\/span><\/p>\n<blockquote><p><span style=\"color: #000000;\"><em>III &#8211; interesses ou direitos individuais homog\u00eaneos, assim entendidos os decorrentes de origem comum.<\/em><\/span><\/p><\/blockquote>\n<p><span style=\"color: #000000;\">Exs: causas previdenci\u00e1rias, planos econ\u00f4micos, p\u00edlula anticoncepcional de farinha. S\u00f3 ter\u00e1 direito quem comprovar que se enquadra nesses casos.<\/span><\/p>\n<p><span style=\"color: #000000;\">Mas Professor, n\u00e3o entendi. Voc\u00ea n\u00e3o disse que a Tutela Coletiva \u00e9 para proteger direitos transindividuais? Ent\u00e3o, o art. 81, par\u00e1grafo \u00fanico, III, CDC diz que o direito individual homog\u00eaneo envolve direitos individuais&#8230;<\/span><\/p>\n<h3><a href=\"https:\/\/www.estrategiaconcursos.com.br\/cursos\/concurso\" target=\"_blank\" rel=\"noopener noreferrer\">CURSOS PARA CONCURSOS JUR\u00cdDICOS<\/a><\/h3>\n<p><span style=\"color: #000000;\">De fato, trata-se de uma reuni\u00e3o de direitos individuais que s\u00e3o abordados coletivamente, por op\u00e7\u00e3o pol\u00edtica. Tanto \u00e9 que Barbosa Moreira os chamava de \u201cdireitos <u>acidentalmente<\/u> coletivos\u201d.<\/span><\/p>\n<p><span style=\"color: #000000;\">Feita a introdu\u00e7\u00e3o, j\u00e1 sabemos um pouco mais sobre Tutela Coletiva e os direitos por ela protegidos.<\/span><\/p>\n<p><span style=\"color: #000000;\">Agora, voltemos \u00e0 legitimidade do Minist\u00e9rio P\u00fablico para a Tutela Coletiva.<\/span><\/p>\n<p><span style=\"color: #000000;\">Acerca de tal tem\u00e1tica, temos diversos posicionamentos doutrin\u00e1rios e jurisprudenciais, mas as correntes mais importantes s\u00e3o as duas abaixo arroladas.<\/span><\/p>\n<p><span style=\"color: #000000;\"><strong>1\u00aa corrente<\/strong>: O MP tem legitimidade ativa para defesa de qualquer direito difuso, coletivo e individual homog\u00eaneo, com base nas f\u00f3rmulas abertas do art. 129, III, CRFB; art. 1\u00ba, IV c\/c art. 5\u00ba, LACP; art. 25, IV, \u201ca\u201d, LONMP; art. 6\u00ba, VII, \u201cd\u201d, LOMPU.<\/span><\/p>\n<blockquote><p><span style=\"color: #000000;\"><em>Art. 129. S\u00e3o fun\u00e7\u00f5es institucionais do Minist\u00e9rio P\u00fablico:<\/em><\/span><\/p>\n<p><span style=\"color: #000000;\"><em>III &#8211; promover o inqu\u00e9rito civil e a a\u00e7\u00e3o civil p\u00fablica, para a prote\u00e7\u00e3o do patrim\u00f4nio p\u00fablico e social, do meio ambiente e de <strong>outros interesses difusos<\/strong> e <strong>coletivos<\/strong>;<\/em><\/span><\/p>\n<p><span style=\"color: #000000;\"><em>Art. 1\u00ba&nbsp;Regem-se pelas disposi\u00e7\u00f5es desta Lei, sem preju\u00edzo da a\u00e7\u00e3o popular, as a\u00e7\u00f5es de responsabilidade por danos morais e patrimoniais causados:&nbsp;(Reda\u00e7\u00e3o dada pela Lei n\u00ba 12.529, de 2011).<\/em><\/span><\/p>\n<p><span style=\"color: #000000;\"><em>IV &#8211;&nbsp;a <strong>qualquer outro<\/strong> interesse <strong>difuso<\/strong> ou <strong>coletivo<\/strong>.&nbsp;(Inclu\u00eddo pela Lei n\u00ba 8.078 de 1990)<\/em><\/span><\/p>\n<p><span style=\"color: #000000;\"><em>Art. 25. Al\u00e9m das fun\u00e7\u00f5es previstas nas Constitui\u00e7\u00f5es Federal e Estadual, na Lei Org\u00e2nica e em outras leis, incumbe, ainda, ao Minist\u00e9rio P\u00fablico:<\/em><\/span><\/p>\n<p><span style=\"color: #000000;\"><em>IV &#8211; promover o inqu\u00e9rito civil e a a\u00e7\u00e3o civil p\u00fablica, na forma da lei:a) para a prote\u00e7\u00e3o, preven\u00e7\u00e3o e repara\u00e7\u00e3o dos danos causados ao meio ambiente, ao consumidor, aos bens e direitos de valor art\u00edstico, est\u00e9tico, hist\u00f3rico, tur\u00edstico e paisag\u00edstico, e a <strong>outros interesses difusos, coletivos e individuais indispon\u00edveis e homog\u00eaneos<\/strong>;<\/em><\/span><\/p>\n<p><span style=\"color: #000000;\"><em>Art. 6\u00ba Compete ao Minist\u00e9rio P\u00fablico da Uni\u00e3o:<\/em><\/span><\/p>\n<p><span style=\"color: #000000;\"><em>d) outros interesses <strong>individuais indispon\u00edveis<\/strong>, <strong>homog\u00eaneos<\/strong>, sociais, <strong>difusos<\/strong> e <strong>coletivos<\/strong>;<\/em><\/span><\/p><\/blockquote>\n<p><span style=\"color: #000000;\">Referida corrente argumenta que o art. 129, III, CRFB\/88 e art. 1\u00ba, IV, LACP\/85 n\u00e3o fizeram men\u00e7\u00e3o aos direito individuais homog\u00eaneos, porquanto o CDC foi promulgado apenas em 1990, criando a previs\u00e3o, no art. 81, par\u00e1grafo \u00fanico, III, acerca dos direitos individuais homog\u00eaneos como esp\u00e9cie dos direitos coletivos <em>lato sensu<\/em>.<\/span><\/p>\n<p><span style=\"color: #000000;\">Tanto \u00e9 assim que as leis posteriores, como a LONMP\/93 e a LOMPU (LC75\/93), j\u00e1 englobaram os direitos individuais homog\u00eaneos como hip\u00f3teses em que o MP \u00e9 legitimado ativo.<\/span><\/p>\n<p><span style=\"color: #000000;\"><strong>2\u00aa corrente<\/strong> (<strong>STJ<\/strong>): A despeito de algumas regras n\u00e3o exigirem a pertin\u00eancia tem\u00e1tica, \u00e9 necess\u00e1rio verificar se a defesa dos direitos \u00e9 compat\u00edvel com o perfil constitucional do Minist\u00e9rio P\u00fablico.<\/span><\/p>\n<p><span style=\"color: #000000;\">Assim, conforme ar. 129, III, CRFB, ele estaria legitimado de maneira gen\u00e9rica apenas \u00e0 defesa de direitos <u>difusos<\/u> e <u>coletivos<\/u>.<\/span><\/p>\n<p><span style=\"color: #000000;\">Quanto aos <u>direitos individuais homog\u00eaneos<\/u>, ter\u00edamos de nos deter no art. 127, CRFB, que diz:<\/span><\/p>\n<blockquote><p><span style=\"color: #000000;\"><em>Art. 127. O Minist\u00e9rio P\u00fablico \u00e9 institui\u00e7\u00e3o permanente, essencial \u00e0 fun\u00e7\u00e3o jurisdicional do Estado, incumbindo-lhe a defesa da ordem jur\u00eddica, do regime democr\u00e1tico e dos interesses <strong><u>sociais<\/u><\/strong> e <strong><u>individuais indispon\u00edveis<\/u><\/strong>.<\/em><\/span><\/p><\/blockquote>\n<p><span style=\"color: #000000;\">Desse modo, o MP teria legitimidade para defender em ju\u00edzo <u>qualquer direito difuso<\/u>, <u>qualquer direito coletivo <em>stricto sensu<\/em><\/u>, mas, quanto aos direitos <u>individuais homog\u00eaneos<\/u>, apenas teria legitimidade em duas hip\u00f3teses, quais sejam, <strong>a) <\/strong>desde que sejam indispon\u00edveis OU; <strong>b)<\/strong> sendo dispon\u00edveis, que tenham interesse social.<\/span><\/p>\n<p><span style=\"color: #000000;\"><u>Exemplos de direitos individuais indispon\u00edveis<\/u>:<\/span><\/p>\n<p><span style=\"color: #000000;\">Ex1: pedido de concess\u00e3o de medicamento, interna\u00e7\u00e3o para uma crian\u00e7a;<\/span><\/p>\n<p><span style=\"color: #000000;\">Ex2: pedido de concess\u00e3o de alimentos para um idoso em face dos filhos (art. 229, CRFB).<\/span><\/p>\n<p><span style=\"color: #000000;\"><u>Exemplos de direitos individuais dispon\u00edveis, mas de relev\u00e2ncia social<\/u>:<\/span><\/p>\n<p><span style=\"color: #000000;\">Diz o STJ (Resp 347.752\/SP) que \u201c<em>a relev\u00e2ncia social pode ser <strong>objetiva<\/strong> (decorrente da pr\u00f3pria natureza dos valores e bens em quest\u00e3o, como a dignidade da pessoa humana, meio ambiente, sa\u00fade, educa\u00e7\u00e3o) ou <strong>subjetiva<\/strong> (aflorada pela qualidade especial dos sujeitos \u2013 grupo de idosos, crian\u00e7as \u2013 ou pela repercuss\u00e3o massificada da demanda).<\/em><\/span><\/p>\n<p><span style=\"color: #000000;\"><strong>Ex1<\/strong>: em caso de loteamentos irregulares ou clandestinos, inclusive para que haja pagamento de indeniza\u00e7\u00e3o aos adquirentes (REsp 743678);<\/span><\/p>\n<p><span style=\"color: #000000;\"><strong>Ex2<\/strong>: na defesa de mutu\u00e1rios do Sistema Financeiro de Habita\u00e7\u00e3o (STF AI 637853 AgR);<\/span><\/p>\n<p><span style=\"color: #000000;\"><strong>Ex3<\/strong>: defesa do direito dos consumidores de n\u00e3o serem inclu\u00eddos indevidamente nos cadastros de inadimplentes (REsp 1.148.179-MG);<\/span><\/p>\n<p><span style=\"color: #000000;\"><strong>Ex4<\/strong>: MP pode questionar edital de concurso p\u00fablico para diversas categorias profissionais de determinada Prefeitura, em que se previa que a pontua\u00e7\u00e3o adotada privilegiaria candidatos que j\u00e1 integrariam o quadro da Administra\u00e7\u00e3o P\u00fablica municipal (STF RE 216443);<\/span><\/p>\n<p><span style=\"color: #000000;\"><strong>Ex5<\/strong>: a\u00e7\u00e3o coletiva em defesa dos direitos individuais homog\u00eaneos dos benefici\u00e1rios do seguro DPVAT, tendo em vista a relev\u00e2ncia social (entendimento este exarado pelo STF &#8211; RE 631.111 &#8211; que fez com que o STJ cancelasse a s\u00famula 470, STJ).<\/span><\/p>\n<p><span style=\"color: #000000;\">Agora vem a pergunta: O MP \u00e9 legitimado ativo para defender direitos individuais homog\u00eaneos dos consumidores?<\/span><\/p>\n<p><span style=\"color: #000000;\">O STJ, no REsp 929.792\/SP (18\/02\/2016) entendeu que o Minist\u00e9rio P\u00fablico possui legitimidade para promover a\u00e7\u00e3o civil p\u00fablica para tutelar n\u00e3o apenas direitos difusos ou coletivos de consumidores, mas <u>tamb\u00e9m direitos individuais homog\u00eaneos<\/u>, inclusive quando decorrentes da presta\u00e7\u00e3o de servi\u00e7os p\u00fablicos, como \u00e9 o caso da a\u00e7\u00e3o que discute a legalidade de fixa\u00e7\u00e3o da tarifa de transporte p\u00fablico.<\/span><\/p>\n<p><span style=\"color: #000000;\">Justificou o entendimento com base nos artigos 129, III e 127, ambos da CRFB, bem como com o art. 82, I, do pr\u00f3prio CDC, que diz:<\/span><\/p>\n<blockquote><p><span style=\"color: #000000;\"><em>Art. 82. <strong>Para os fins do art. 81, par\u00e1grafo \u00fanico<\/strong>, s\u00e3o legitimados concorrentemente: (Reda\u00e7\u00e3o dada pela Lei n\u00ba 9.008, de 21.3.1995)&nbsp;&nbsp;&nbsp;&nbsp;&nbsp;&nbsp;&nbsp;&nbsp;&nbsp;<\/em><\/span><\/p>\n<p><span style=\"color: #000000;\"><em>I &#8211; o Minist\u00e9rio P\u00fablico,<\/em><\/span><\/p><\/blockquote>\n<p><span style=\"color: #000000;\">Como o art. 81, par\u00e1grafo \u00fanico, CDC engloba as tr\u00eas esp\u00e9cies de direito, tamb\u00e9m haveria legitimidade do MP para a defesa dos direitos individuais homog\u00eaneos dos consumidores.<\/span><\/p>\n<p><span style=\"color: #000000;\">Al\u00e9m disso, a defesa dos consumidores possui <u>relev\u00e2ncia social<\/u>, o que legitima o MP a agir inclusive para defesa de direitos individuais homog\u00eaneos dispon\u00edveis dos consumidores.<\/span><\/p>\n<p><span style=\"color: #000000;\">A tutela efetiva de consumidores possui <strong>relev\u00e2ncia social<\/strong> que emana da pr\u00f3pria Constitui\u00e7\u00e3o Federal (arts. 5\u00ba, XXXII, e 170, V). (STJ. 3\u00aa Turma. REsp 1254428\/MG, d.j 02\/06\/2016).<\/span><\/p>\n<p><span style=\"color: #000000;\">O Minist\u00e9rio P\u00fablico tem legitimidade ativa para a propositura de a\u00e7\u00e3o civil p\u00fablica destinada \u00e0 defesa de <u>direitos individuais homog\u00eaneos de consumidores<\/u>, <strong>ainda que dispon\u00edveis<\/strong>, pois se est\u00e1 diante de <u>legitima\u00e7\u00e3o voltada \u00e0 promo\u00e7\u00e3o de valores e objetivos definidos pelo pr\u00f3prio Estado<\/u> (STJ. 3\u00aa Turma. REsp 1254428\/MG, julgado em 02\/06\/2016)<\/span><\/p>\n<p><span style=\"color: #000000;\">Sendo assim, fechando o ciclo, voltamos ao nosso esquema e \u00e0 s\u00famula.<\/span><\/p>\n<p><span style=\"color: #000000;\"><em>S\u00famula 601, STJ: O Minist\u00e9rio P\u00fablico tem legitimidade ativa para atuar na defesa de direitos difusos, coletivos e individuais homog\u00eaneos dos consumidores, ainda que decorrentes da presta\u00e7\u00e3o de servi\u00e7o p\u00fablico.<\/em><\/span><\/p>\n<p><img loading=\"lazy\" decoding=\"async\" class=\"aligncenter wp-image-111142\" src=\"https:\/\/dhg1h5j42swfq.cloudfront.net\/2018\/03\/13144956\/Informativo-STJ-618-S%C3%BAmula-601-03.png\" alt=\"informativo stj 618 sumula\" width=\"890\" height=\"460\" srcset=\"https:\/\/dhg1h5j42swfq.cloudfront.net\/2018\/03\/13144956\/Informativo-STJ-618-S%C3%BAmula-601-03.png 1324w, https:\/\/dhg1h5j42swfq.cloudfront.net\/2018\/03\/13144956\/Informativo-STJ-618-S%C3%BAmula-601-03.png 300w, https:\/\/dhg1h5j42swfq.cloudfront.net\/2018\/03\/13144956\/Informativo-STJ-618-S%C3%BAmula-601-03.png 768w, https:\/\/dhg1h5j42swfq.cloudfront.net\/2018\/03\/13144956\/Informativo-STJ-618-S%C3%BAmula-601-03.png 1024w, https:\/\/dhg1h5j42swfq.cloudfront.net\/2018\/03\/13144956\/Informativo-STJ-618-S%C3%BAmula-601-03.png 610w\" sizes=\"auto, (max-width: 890px) 100vw, 890px\" \/><\/p>\n<h2><strong>Quest\u00e3o de prova<\/strong><\/h2>\n<h3><strong>Q.1 CESPE\/TJDFT\/2015<\/strong><\/h3>\n<p><span style=\"color: #000000;\"><em>O Minist\u00e9rio P\u00fablico det\u00e9m legitimidade para postular, em&nbsp;ju\u00edzo, direitos individuais homog\u00eaneos quando estes se&nbsp;enquadrem como subesp\u00e9cie de direitos coletivos indispon\u00edveis&nbsp;e desde que haja relev\u00e2ncia social.<\/em><\/span><\/p>\n<h3><strong>Coment\u00e1rios<\/strong><\/h3>\n<p><span style=\"color: #000000;\">A alternativa est\u00e1 <strong>correta<\/strong>. O MP tem legitimidade para defender direito individual homog\u00eaneo desde que seja indispon\u00edvel OU, em sendo dispon\u00edvel, que haja relev\u00e2ncia soci<\/span>al.<\/p>\n<h3><strong>Q.2 FCC\/MPE-AL\/2012<\/strong><\/h3>\n<blockquote><p><span style=\"color: #000000;\"><em>O Minist\u00e9rio P\u00fablico tem legitimidade para defender os direitos e interesses dos consumidores em ju\u00edzo, a t\u00edtulo coletivo,&nbsp;<\/em><\/span><\/p>\n<p><span style=\"color: #000000;\"><em>a) Somente quando se tratar de interesses ou direitos difusos e individuais homog\u00eaneos.<\/em><\/span><br \/>\n<span style=\"color: #000000;\"> <em>b) somente quando se tratar de interesses ou direitos difusos e coletivos.<\/em><\/span><br \/>\n<span style=\"color: #000000;\"> <em>c) quando se tratar de interesses ou direitos difusos, coletivos ou individuais homog\u00eaneos.<\/em><\/span><br \/>\n<span style=\"color: #000000;\"> <em>d) somente quando se tratar de interesses ou direitos difusos.<\/em><\/span><br \/>\n<span style=\"color: #000000;\"> <em>e) somente quando se tratar de interesses ou direitos coletivos.<\/em><\/span><\/p><\/blockquote>\n<h3><strong>Coment\u00e1rios<\/strong><\/h3>\n<p><span style=\"color: #000000;\">A alternativa <strong>C est\u00e1 correta<\/strong>. Conforme destacado em nossos coment\u00e1rios, a defesa dos interesses dos consumidores em ju\u00edzo possui <u>relev\u00e2ncia social<\/u>, de modo que o MP teria legitimidade para a defesa n\u00e3o s\u00f3 dos direitos difusos ou coletivos <em>stricto sensu<\/em>, mas tamb\u00e9m dos direitos individuais homog\u00eaneos.Parte inferior do formul\u00e1rio.<\/span><\/p>\n<h2>O projeto Informativo Estrat\u00e9gico<\/h2>\n<p><span style=\"color: #000000;\">A equipe de professores do Estrat\u00e9gia Carreira Jur\u00eddica seleciona os julgados mais relevantes dos Informativos de Jurisprud\u00eancia do Superior Tribunal de Justi\u00e7a e do Supremo Tribunal Federal, publicados periodicamente.<\/span><\/p>\n<p><span style=\"color: #000000;\">A cada rodada, um grupo de professores&nbsp;<em><strong>comenta<\/strong><\/em><strong>&nbsp;<\/strong>os temas mais relevantes do Informativo e prop\u00f5e quest\u00f5es de concursos p\u00fablicos que discutem os conte\u00fados jur\u00eddicos encontrados nos julgados.<\/span><\/p>\n<p><span style=\"color: #000000;\">Confira a lista completa dos<\/span>&nbsp;<a href=\"https:\/\/www.estrategiaconcursos.com.br\/blog\/informativo-stj\/\" target=\"_blank\" rel=\"noopener noreferrer\">Informativos do STJ<\/a>.&nbsp;<span style=\"color: #000000;\">N\u00e3o perca tamb\u00e9m os<\/span>&nbsp;<a href=\"https:\/\/www.estrategiaconcursos.com.br\/blog\/informativo-stf\/\" target=\"_blank\" rel=\"noopener noreferrer\">Informativos do STF&nbsp;<\/a><span style=\"color: #000000;\">comentados pelos melhores especialistas.<\/span><\/p>\n<p><span style=\"color: #000000;\">Conhe\u00e7a tamb\u00e9m os nossos cursos preparat\u00f3rios para os principais concursos p\u00fablicos do momento:<\/span><\/p>\n<p><a href=\"https:\/\/www.estrategiaconcursos.com.br\/cursosPorConcurso\/magistratura-estadual-regular\/\" target=\"_blank\" rel=\"noopener noreferrer\">Magistratura Estadual (Regular)<\/a><\/p>\n<p><a href=\"https:\/\/www.estrategiaconcursos.com.br\/cursosPorConcurso\/magistratura-federal-regular\/\" target=\"_blank\" rel=\"noopener noreferrer\">Magistratura Federal (Regular)<\/a><\/p>\n<p><a href=\"https:\/\/www.estrategiaconcursos.com.br\/cursosPorConcurso\/tribunal-de-justica-do-estado-do-ceara-tj-ce\/\" target=\"_blank\" rel=\"noopener noreferrer\">Cursos para TJ CE Juiz (Inscri\u00e7\u00f5es abertas)<\/a><\/p>\n<p><a href=\"https:\/\/www.estrategiaconcursos.com.br\/cursosPorConcurso\/pgm-joao-pessoa-procurador-municipal\/\" target=\"_blank\" rel=\"noopener noreferrer\">Cursos para PGM Jo\u00e3o Pessoa (Regulamento publicado)<\/a><\/p>\n<p><a href=\"https:\/\/www.estrategiaconcursos.com.br\/cursosPorConcurso\/trf-3-regiao-juiz-sao-paulo-e-mato-grosso-do-sul\/\" target=\"_blank\" rel=\"noopener noreferrer\">Cursos para Juiz Federal TRF-3 (Regulamento publicado)<\/a><\/p>\n<p><a href=\"https:\/\/www.estrategiaconcursos.com.br\/cursosPorConcurso\/pge-sp-procurador-do-estado\/\" target=\"_blank\" rel=\"noopener noreferrer\">Cursos para PGE-SP (Edital em breve)<\/a><\/p>\n<p class=\"western\"><span style=\"color: #000000;\">Grande abra\u00e7o,<\/span><\/p>\n<p class=\"western\"><span style=\"color: #000000;\"><b>Professor Rodrigo Vaslin<\/b><\/span><\/p>\n<p>&nbsp;<\/p>\n","protected":false},"excerpt":{"rendered":"<p>Com a publica\u00e7\u00e3o do Informativo STJ 618, selecionei para an\u00e1lise a S\u00famula 601. Aqui voc\u00ea vai poder conhecer mais detalhes acerca do conte\u00fado te\u00f3rico sobre o qual esta s\u00famula, editada em fevereiro de 2017, versa. N\u00e3o deixe de conferir nossos cursos preparat\u00f3rios para os principais concursos p\u00fablicos do momento: Apresenta\u00e7\u00e3o resumida do caso Segundo art. [&hellip;]<\/p>\n","protected":false},"author":541,"featured_media":0,"comment_status":"open","ping_status":"closed","sticky":false,"template":"","format":"standard","meta":{"post_tipo":"article","footnotes":""},"categories":[2185],"tags":[],"tax_estado":[],"class_list":["post-111138","post","type-post","status-publish","format-standard","hentry","category-carreiras-juridicas"],"acf":[],"yoast_head":"<!-- This site is optimized with the Yoast SEO Premium plugin v27.2 (Yoast SEO v27.2) - https:\/\/yoast.com\/product\/yoast-seo-premium-wordpress\/ -->\n<title>Informativo STJ 618: Conhe\u00e7a a S\u00famula 601| Legitimidade ativa do MP<\/title>\n<meta name=\"description\" content=\"Informativo STJ 618: Confira aqui uma an\u00e1lise detida em torno da S\u00famula 601 do STJ, empreendida pelo Professor Rodrigo Vaslin. Neste artigo voc\u00ea encontra tudo o que \u00e9 necess\u00e1rio saber sobre a legitimidade ativa do Minist\u00e9rio P\u00fablico na propositura de a\u00e7\u00f5es civis p\u00fablicas.\" \/>\n<meta name=\"robots\" content=\"index, follow, max-snippet:-1, max-image-preview:large, max-video-preview:-1\" \/>\n<link rel=\"canonical\" href=\"https:\/\/www.estrategiaconcursos.com.br\/blog\/informativo-stj-618-sumula-601\/\" \/>\n<meta property=\"og:locale\" content=\"pt_BR\" \/>\n<meta property=\"og:type\" content=\"article\" \/>\n<meta property=\"og:title\" content=\"Informativo STJ 618: Conhe\u00e7a a S\u00famula 601, sobre a legitimidade ativa do Minist\u00e9rio P\u00fablico\" \/>\n<meta property=\"og:description\" content=\"Informativo STJ 618: Confira aqui uma an\u00e1lise detida em torno da S\u00famula 601 do STJ, empreendida pelo Professor Rodrigo Vaslin. Neste artigo voc\u00ea encontra tudo o que \u00e9 necess\u00e1rio saber sobre a legitimidade ativa do Minist\u00e9rio P\u00fablico na propositura de a\u00e7\u00f5es civis p\u00fablicas.\" \/>\n<meta property=\"og:url\" content=\"https:\/\/www.estrategiaconcursos.com.br\/blog\/informativo-stj-618-sumula-601\/\" \/>\n<meta property=\"og:site_name\" content=\"Estrat\u00e9gia Concursos\" \/>\n<meta property=\"article:published_time\" content=\"2018-03-13T18:21:01+00:00\" \/>\n<meta property=\"article:modified_time\" content=\"2020-07-16T14:13:19+00:00\" \/>\n<meta name=\"author\" content=\"Rodrigo Vaslin\" \/>\n<meta name=\"twitter:card\" content=\"summary_large_image\" \/>\n<meta name=\"twitter:creator\" content=\"@EstratConcursos\" \/>\n<meta name=\"twitter:site\" content=\"@EstratConcursos\" \/>\n<meta name=\"twitter:label1\" content=\"Escrito por\" \/>\n\t<meta name=\"twitter:data1\" content=\"Rodrigo Vaslin\" \/>\n\t<meta name=\"twitter:label2\" content=\"Est. tempo de leitura\" \/>\n\t<meta name=\"twitter:data2\" content=\"12 minutos\" \/>\n<script type=\"application\/ld+json\" class=\"yoast-schema-graph\">{\"@context\":\"https:\/\/schema.org\",\"@graph\":[{\"@type\":\"NewsArticle\",\"@id\":\"https:\/\/www.estrategiaconcursos.com.br\/blog\/informativo-stj-618-sumula-601\/#article\",\"isPartOf\":{\"@id\":\"https:\/\/www.estrategiaconcursos.com.br\/blog\/informativo-stj-618-sumula-601\/\"},\"author\":{\"name\":\"Rodrigo Vaslin\",\"@id\":\"https:\/\/www.estrategiaconcursos.com.br\/blog\/#\/schema\/person\/24b24eaf8afb633c0a2feb899d337975\"},\"headline\":\"Informativo STJ 618: Conhe\u00e7a a S\u00famula 601, sobre a legitimidade ativa do Minist\u00e9rio P\u00fablico\",\"datePublished\":\"2018-03-13T18:21:01+00:00\",\"dateModified\":\"2020-07-16T14:13:19+00:00\",\"mainEntityOfPage\":{\"@id\":\"https:\/\/www.estrategiaconcursos.com.br\/blog\/informativo-stj-618-sumula-601\/\"},\"wordCount\":2479,\"commentCount\":2,\"publisher\":{\"@id\":\"https:\/\/www.estrategiaconcursos.com.br\/blog\/#organization\"},\"articleSection\":[\"Jur\u00eddico\"],\"inLanguage\":\"pt-BR\",\"potentialAction\":[{\"@type\":\"CommentAction\",\"name\":\"Comment\",\"target\":[\"https:\/\/www.estrategiaconcursos.com.br\/blog\/informativo-stj-618-sumula-601\/#respond\"]}],\"copyrightYear\":\"2018\",\"copyrightHolder\":{\"@id\":\"https:\/\/www.estrategiaconcursos.com.br\/blog\/#organization\"}},{\"@type\":\"WebPage\",\"@id\":\"https:\/\/www.estrategiaconcursos.com.br\/blog\/informativo-stj-618-sumula-601\/\",\"url\":\"https:\/\/www.estrategiaconcursos.com.br\/blog\/informativo-stj-618-sumula-601\/\",\"name\":\"Informativo STJ 618: Conhe\u00e7a a S\u00famula 601| Legitimidade ativa do MP\",\"isPartOf\":{\"@id\":\"https:\/\/www.estrategiaconcursos.com.br\/blog\/#website\"},\"datePublished\":\"2018-03-13T18:21:01+00:00\",\"dateModified\":\"2020-07-16T14:13:19+00:00\",\"description\":\"Informativo STJ 618: Confira aqui uma an\u00e1lise detida em torno da S\u00famula 601 do STJ, empreendida pelo Professor Rodrigo Vaslin. Neste artigo voc\u00ea encontra tudo o que \u00e9 necess\u00e1rio saber sobre a legitimidade ativa do Minist\u00e9rio P\u00fablico na propositura de a\u00e7\u00f5es civis p\u00fablicas.\",\"breadcrumb\":{\"@id\":\"https:\/\/www.estrategiaconcursos.com.br\/blog\/informativo-stj-618-sumula-601\/#breadcrumb\"},\"inLanguage\":\"pt-BR\",\"potentialAction\":[{\"@type\":\"ReadAction\",\"target\":[\"https:\/\/www.estrategiaconcursos.com.br\/blog\/informativo-stj-618-sumula-601\/\"]}]},{\"@type\":\"BreadcrumbList\",\"@id\":\"https:\/\/www.estrategiaconcursos.com.br\/blog\/informativo-stj-618-sumula-601\/#breadcrumb\",\"itemListElement\":[{\"@type\":\"ListItem\",\"position\":1,\"name\":\"In\u00edcio\",\"item\":\"https:\/\/www.estrategiaconcursos.com.br\/blog\/\"},{\"@type\":\"ListItem\",\"position\":2,\"name\":\"Informativo STJ 618: Conhe\u00e7a a S\u00famula 601, sobre a legitimidade ativa do Minist\u00e9rio P\u00fablico\"}]},{\"@type\":\"WebSite\",\"@id\":\"https:\/\/www.estrategiaconcursos.com.br\/blog\/#website\",\"url\":\"https:\/\/www.estrategiaconcursos.com.br\/blog\/\",\"name\":\"Estrat\u00e9gia Concursos\",\"description\":\"O blog da Estrat\u00e9gia Concursos traz not\u00edcias sobre concursos e artigos de professores oferecendo cursos para concursos (pdf + videaulas) no site.\",\"publisher\":{\"@id\":\"https:\/\/www.estrategiaconcursos.com.br\/blog\/#organization\"},\"potentialAction\":[{\"@type\":\"SearchAction\",\"target\":{\"@type\":\"EntryPoint\",\"urlTemplate\":\"https:\/\/www.estrategiaconcursos.com.br\/blog\/?s={search_term_string}\"},\"query-input\":{\"@type\":\"PropertyValueSpecification\",\"valueRequired\":true,\"valueName\":\"search_term_string\"}}],\"inLanguage\":\"pt-BR\"},{\"@type\":\"Organization\",\"@id\":\"https:\/\/www.estrategiaconcursos.com.br\/blog\/#organization\",\"name\":\"Estrat\u00e9gia Concursos\",\"url\":\"https:\/\/www.estrategiaconcursos.com.br\/blog\/\",\"logo\":{\"@type\":\"ImageObject\",\"inLanguage\":\"pt-BR\",\"@id\":\"https:\/\/www.estrategiaconcursos.com.br\/blog\/#\/schema\/logo\/image\/\",\"url\":\"https:\/\/dhg1h5j42swfq.cloudfront.net\/2025\/06\/03203428\/logo_concursos-1.jpg\",\"contentUrl\":\"https:\/\/dhg1h5j42swfq.cloudfront.net\/2025\/06\/03203428\/logo_concursos-1.jpg\",\"width\":230,\"height\":60,\"caption\":\"Estrat\u00e9gia Concursos\"},\"image\":{\"@id\":\"https:\/\/www.estrategiaconcursos.com.br\/blog\/#\/schema\/logo\/image\/\"},\"sameAs\":[\"https:\/\/x.com\/EstratConcursos\"]},{\"@type\":\"Person\",\"@id\":\"https:\/\/www.estrategiaconcursos.com.br\/blog\/#\/schema\/person\/24b24eaf8afb633c0a2feb899d337975\",\"name\":\"Rodrigo Vaslin\",\"image\":{\"@type\":\"ImageObject\",\"inLanguage\":\"pt-BR\",\"@id\":\"https:\/\/secure.gravatar.com\/avatar\/900d9bf4a7f52b9297b94123a5958634e71b1a6be7409343477893fbeac702c5?s=96&d=mm&r=g\",\"url\":\"https:\/\/secure.gravatar.com\/avatar\/900d9bf4a7f52b9297b94123a5958634e71b1a6be7409343477893fbeac702c5?s=96&d=mm&r=g\",\"contentUrl\":\"https:\/\/secure.gravatar.com\/avatar\/900d9bf4a7f52b9297b94123a5958634e71b1a6be7409343477893fbeac702c5?s=96&d=mm&r=g\",\"caption\":\"Rodrigo Vaslin\"},\"url\":\"https:\/\/www.estrategiaconcursos.com.br\/blog\/author\/rodrigovaslingmail-com\/\"}]}<\/script>\n<!-- \/ Yoast SEO Premium plugin. -->","yoast_head_json":{"title":"Informativo STJ 618: Conhe\u00e7a a S\u00famula 601| Legitimidade ativa do MP","description":"Informativo STJ 618: Confira aqui uma an\u00e1lise detida em torno da S\u00famula 601 do STJ, empreendida pelo Professor Rodrigo Vaslin. Neste artigo voc\u00ea encontra tudo o que \u00e9 necess\u00e1rio saber sobre a legitimidade ativa do Minist\u00e9rio P\u00fablico na propositura de a\u00e7\u00f5es civis p\u00fablicas.","robots":{"index":"index","follow":"follow","max-snippet":"max-snippet:-1","max-image-preview":"max-image-preview:large","max-video-preview":"max-video-preview:-1"},"canonical":"https:\/\/www.estrategiaconcursos.com.br\/blog\/informativo-stj-618-sumula-601\/","og_locale":"pt_BR","og_type":"article","og_title":"Informativo STJ 618: Conhe\u00e7a a S\u00famula 601, sobre a legitimidade ativa do Minist\u00e9rio P\u00fablico","og_description":"Informativo STJ 618: Confira aqui uma an\u00e1lise detida em torno da S\u00famula 601 do STJ, empreendida pelo Professor Rodrigo Vaslin. Neste artigo voc\u00ea encontra tudo o que \u00e9 necess\u00e1rio saber sobre a legitimidade ativa do Minist\u00e9rio P\u00fablico na propositura de a\u00e7\u00f5es civis p\u00fablicas.","og_url":"https:\/\/www.estrategiaconcursos.com.br\/blog\/informativo-stj-618-sumula-601\/","og_site_name":"Estrat\u00e9gia Concursos","article_published_time":"2018-03-13T18:21:01+00:00","article_modified_time":"2020-07-16T14:13:19+00:00","author":"Rodrigo Vaslin","twitter_card":"summary_large_image","twitter_creator":"@EstratConcursos","twitter_site":"@EstratConcursos","twitter_misc":{"Escrito por":"Rodrigo Vaslin","Est. tempo de leitura":"12 minutos"},"schema":{"@context":"https:\/\/schema.org","@graph":[{"@type":"NewsArticle","@id":"https:\/\/www.estrategiaconcursos.com.br\/blog\/informativo-stj-618-sumula-601\/#article","isPartOf":{"@id":"https:\/\/www.estrategiaconcursos.com.br\/blog\/informativo-stj-618-sumula-601\/"},"author":{"name":"Rodrigo Vaslin","@id":"https:\/\/www.estrategiaconcursos.com.br\/blog\/#\/schema\/person\/24b24eaf8afb633c0a2feb899d337975"},"headline":"Informativo STJ 618: Conhe\u00e7a a S\u00famula 601, sobre a legitimidade ativa do Minist\u00e9rio P\u00fablico","datePublished":"2018-03-13T18:21:01+00:00","dateModified":"2020-07-16T14:13:19+00:00","mainEntityOfPage":{"@id":"https:\/\/www.estrategiaconcursos.com.br\/blog\/informativo-stj-618-sumula-601\/"},"wordCount":2479,"commentCount":2,"publisher":{"@id":"https:\/\/www.estrategiaconcursos.com.br\/blog\/#organization"},"articleSection":["Jur\u00eddico"],"inLanguage":"pt-BR","potentialAction":[{"@type":"CommentAction","name":"Comment","target":["https:\/\/www.estrategiaconcursos.com.br\/blog\/informativo-stj-618-sumula-601\/#respond"]}],"copyrightYear":"2018","copyrightHolder":{"@id":"https:\/\/www.estrategiaconcursos.com.br\/blog\/#organization"}},{"@type":"WebPage","@id":"https:\/\/www.estrategiaconcursos.com.br\/blog\/informativo-stj-618-sumula-601\/","url":"https:\/\/www.estrategiaconcursos.com.br\/blog\/informativo-stj-618-sumula-601\/","name":"Informativo STJ 618: Conhe\u00e7a a S\u00famula 601| Legitimidade ativa do MP","isPartOf":{"@id":"https:\/\/www.estrategiaconcursos.com.br\/blog\/#website"},"datePublished":"2018-03-13T18:21:01+00:00","dateModified":"2020-07-16T14:13:19+00:00","description":"Informativo STJ 618: Confira aqui uma an\u00e1lise detida em torno da S\u00famula 601 do STJ, empreendida pelo Professor Rodrigo Vaslin. Neste artigo voc\u00ea encontra tudo o que \u00e9 necess\u00e1rio saber sobre a legitimidade ativa do Minist\u00e9rio P\u00fablico na propositura de a\u00e7\u00f5es civis p\u00fablicas.","breadcrumb":{"@id":"https:\/\/www.estrategiaconcursos.com.br\/blog\/informativo-stj-618-sumula-601\/#breadcrumb"},"inLanguage":"pt-BR","potentialAction":[{"@type":"ReadAction","target":["https:\/\/www.estrategiaconcursos.com.br\/blog\/informativo-stj-618-sumula-601\/"]}]},{"@type":"BreadcrumbList","@id":"https:\/\/www.estrategiaconcursos.com.br\/blog\/informativo-stj-618-sumula-601\/#breadcrumb","itemListElement":[{"@type":"ListItem","position":1,"name":"In\u00edcio","item":"https:\/\/www.estrategiaconcursos.com.br\/blog\/"},{"@type":"ListItem","position":2,"name":"Informativo STJ 618: Conhe\u00e7a a S\u00famula 601, sobre a legitimidade ativa do Minist\u00e9rio P\u00fablico"}]},{"@type":"WebSite","@id":"https:\/\/www.estrategiaconcursos.com.br\/blog\/#website","url":"https:\/\/www.estrategiaconcursos.com.br\/blog\/","name":"Estrat\u00e9gia Concursos","description":"O blog da Estrat\u00e9gia Concursos traz not\u00edcias sobre concursos e artigos de professores oferecendo cursos para concursos (pdf + videaulas) no site.","publisher":{"@id":"https:\/\/www.estrategiaconcursos.com.br\/blog\/#organization"},"potentialAction":[{"@type":"SearchAction","target":{"@type":"EntryPoint","urlTemplate":"https:\/\/www.estrategiaconcursos.com.br\/blog\/?s={search_term_string}"},"query-input":{"@type":"PropertyValueSpecification","valueRequired":true,"valueName":"search_term_string"}}],"inLanguage":"pt-BR"},{"@type":"Organization","@id":"https:\/\/www.estrategiaconcursos.com.br\/blog\/#organization","name":"Estrat\u00e9gia Concursos","url":"https:\/\/www.estrategiaconcursos.com.br\/blog\/","logo":{"@type":"ImageObject","inLanguage":"pt-BR","@id":"https:\/\/www.estrategiaconcursos.com.br\/blog\/#\/schema\/logo\/image\/","url":"https:\/\/dhg1h5j42swfq.cloudfront.net\/2025\/06\/03203428\/logo_concursos-1.jpg","contentUrl":"https:\/\/dhg1h5j42swfq.cloudfront.net\/2025\/06\/03203428\/logo_concursos-1.jpg","width":230,"height":60,"caption":"Estrat\u00e9gia Concursos"},"image":{"@id":"https:\/\/www.estrategiaconcursos.com.br\/blog\/#\/schema\/logo\/image\/"},"sameAs":["https:\/\/x.com\/EstratConcursos"]},{"@type":"Person","@id":"https:\/\/www.estrategiaconcursos.com.br\/blog\/#\/schema\/person\/24b24eaf8afb633c0a2feb899d337975","name":"Rodrigo Vaslin","image":{"@type":"ImageObject","inLanguage":"pt-BR","@id":"https:\/\/secure.gravatar.com\/avatar\/900d9bf4a7f52b9297b94123a5958634e71b1a6be7409343477893fbeac702c5?s=96&d=mm&r=g","url":"https:\/\/secure.gravatar.com\/avatar\/900d9bf4a7f52b9297b94123a5958634e71b1a6be7409343477893fbeac702c5?s=96&d=mm&r=g","contentUrl":"https:\/\/secure.gravatar.com\/avatar\/900d9bf4a7f52b9297b94123a5958634e71b1a6be7409343477893fbeac702c5?s=96&d=mm&r=g","caption":"Rodrigo Vaslin"},"url":"https:\/\/www.estrategiaconcursos.com.br\/blog\/author\/rodrigovaslingmail-com\/"}]}},"_links":{"self":[{"href":"https:\/\/www.estrategiaconcursos.com.br\/blog\/wp-json\/wp\/v2\/posts\/111138","targetHints":{"allow":["GET"]}}],"collection":[{"href":"https:\/\/www.estrategiaconcursos.com.br\/blog\/wp-json\/wp\/v2\/posts"}],"about":[{"href":"https:\/\/www.estrategiaconcursos.com.br\/blog\/wp-json\/wp\/v2\/types\/post"}],"author":[{"embeddable":true,"href":"https:\/\/www.estrategiaconcursos.com.br\/blog\/wp-json\/wp\/v2\/users\/541"}],"replies":[{"embeddable":true,"href":"https:\/\/www.estrategiaconcursos.com.br\/blog\/wp-json\/wp\/v2\/comments?post=111138"}],"version-history":[{"count":12,"href":"https:\/\/www.estrategiaconcursos.com.br\/blog\/wp-json\/wp\/v2\/posts\/111138\/revisions"}],"predecessor-version":[{"id":542886,"href":"https:\/\/www.estrategiaconcursos.com.br\/blog\/wp-json\/wp\/v2\/posts\/111138\/revisions\/542886"}],"wp:attachment":[{"href":"https:\/\/www.estrategiaconcursos.com.br\/blog\/wp-json\/wp\/v2\/media?parent=111138"}],"wp:term":[{"taxonomy":"category","embeddable":true,"href":"https:\/\/www.estrategiaconcursos.com.br\/blog\/wp-json\/wp\/v2\/categories?post=111138"},{"taxonomy":"post_tag","embeddable":true,"href":"https:\/\/www.estrategiaconcursos.com.br\/blog\/wp-json\/wp\/v2\/tags?post=111138"},{"taxonomy":"tax_estado","embeddable":true,"href":"https:\/\/www.estrategiaconcursos.com.br\/blog\/wp-json\/wp\/v2\/tax_estado?post=111138"}],"curies":[{"name":"wp","href":"https:\/\/api.w.org\/{rel}","templated":true}]}}