{"id":1111278,"date":"2022-10-17T20:15:44","date_gmt":"2022-10-17T23:15:44","guid":{"rendered":"https:\/\/www.estrategiaconcursos.com.br\/blog\/?p=1111278"},"modified":"2022-10-18T10:06:47","modified_gmt":"2022-10-18T13:06:47","slug":"dia-do-servidor-publico-nova-data","status":"publish","type":"post","link":"https:\/\/www.estrategiaconcursos.com.br\/blog\/dia-do-servidor-publico-nova-data\/","title":{"rendered":"Dia do servidor p\u00fablico ganha nova data, veja!"},"content":{"rendered":"\n<p>Considerado uma conquista nacional e determinado oficialmente pelo artigo 236 da Lei n\u00ba 8.112, de 11 de dezembro de 1990, o <strong>Dia do Servidor P\u00fablico<\/strong> <strong>ganhou nova data no ano de 2022<\/strong>.<\/p>\n\n\n\n<p>Comemorado usualmente no dia 28 de outubro, diversos Estados e \u00f3rg\u00e3os federais, como o <a href=\"https:\/\/www.mpf.mp.br\/regiao1\/sala-de-imprensa\/docs\/portaria-prr1-149-2022\" target=\"_blank\" rel=\"noreferrer noopener\">Minist\u00e9rio P\u00fablico Federal<\/a>, resolveram transferir o ponto facultativo da data para outros dias.<\/p>\n\n\n\n<p>A decis\u00e3o pretende diminuir o n\u00famero de absten\u00e7\u00f5es na vota\u00e7\u00e3o do segundo turno das Elei\u00e7\u00f5es 2022, que ser\u00e1 realizado no <strong>dia 30 de outubro<\/strong>.<\/p>\n\n\n\n<p>Importante ressaltar que a altera\u00e7\u00e3o da data depende exclusivamente das decis\u00f5es dos Estados e \u00f3rg\u00e3o p\u00fablicos, ou seja, enquanto alguns alteraram as comemora\u00e7\u00f5es alusivas ao Dia do Servidor P\u00fablico de 28 para <strong>31 de outubro<\/strong>, outros adiaram o ponto facultativo para o dia <strong>11 de novembro<\/strong>, como o governo do Estado da Bahia, e para 14 de novembro, como o governo do Rio Grande do Sul.<\/p>\n\n\n\n<p>Vale a pena consultar a decis\u00e3o conforme a regi\u00e3o atrav\u00e9s dos portais de not\u00edcias regionais para confirmar a nova data.<\/p>\n\n\n\n<p>Os servidores p\u00fablicos s\u00e3o respons\u00e1veis pela execu\u00e7\u00e3o de trabalhos no territ\u00f3rio brasileiro de norte ao sul, e s\u00e3o selecionados atrav\u00e9s de concursos p\u00fablicos de diversas \u00e1reas. <\/p>\n\n\n\n<p>Confira abaixo os principais editais de concursos previstos para ingressar na carreira p\u00fablica!<\/p>\n\n\n\n<h2 class=\"wp-block-heading\">Concursos P\u00fablicos: principais editais previstos<\/h2>\n\n\n\n<ul class=\"wp-block-list\"><li><a href=\"https:\/\/www.estrategiaconcursos.com.br\/blog\/concurso-receita-federal\/\" target=\"_blank\" rel=\"noreferrer noopener\"><strong>Receita Federal<\/strong><\/a>: Ser\u00e3o ofertadas 699 vagas, sendo&nbsp;230 para&nbsp;<a href=\"https:\/\/www.estrategiaconcursos.com.br\/curso\/01-receita-federal-auditor-fiscal-pacote-completo-2022-pre-edital\/\" target=\"_blank\" rel=\"noreferrer noopener\">Auditor Fiscal<\/a>&nbsp;(R$ 21 mil) e&nbsp;469 para&nbsp;<a href=\"https:\/\/www.estrategiaconcursos.com.br\/curso\/02-receita-federal-analista-tributario-pacote-completo-2022-pre-edital\/\" target=\"_blank\" rel=\"noreferrer noopener\">Analista Tribut\u00e1rio<\/a>&nbsp;(R$ 11 mil), ambos os cargos com exig\u00eancia de n\u00edvel superior em qualquer \u00e1rea de forma\u00e7\u00e3o;<\/li><\/ul>\n\n\n\n<ul class=\"wp-block-list\"><li><a href=\"https:\/\/www.estrategiaconcursos.com.br\/blog\/concurso-cnmp\/\"><strong>CNMP<\/strong><\/a>: O&nbsp;<strong>concurso CNMP&nbsp;<\/strong>est\u00e1 com publica\u00e7\u00e3o anunciada para dezembro de 2022! O plen\u00e1rio do&nbsp;Conselho Nacional do Minist\u00e9rio P\u00fablico&nbsp;j\u00e1 formalizou a autoriza\u00e7\u00e3o do certame que ter\u00e1 vagas para os cargos de T\u00e9cnico e Analista, de n\u00edveis m\u00e9dio e superior de escolaridade;<\/li><\/ul>\n\n\n\n<ul class=\"wp-block-list\"><li><a href=\"https:\/\/www.estrategiaconcursos.com.br\/blog\/concurso-trt-go\/\" target=\"_blank\" rel=\"noreferrer noopener\"><strong>TRT GO<\/strong><\/a>: O projeto b\u00e1sico do certame j\u00e1 est\u00e1 pronto e a expectativa \u00e9 de que a escolha da banca organizadora seja oficializada em breve. Informa\u00e7\u00f5es divulgadas confirmam que o novo edital ofertar\u00e1&nbsp;<strong>04 vagas<\/strong>&nbsp;imediatas mais forma\u00e7\u00e3o de cadastro de reserva para os cargos de Analista e T\u00e9cnico Judici\u00e1rio;<\/li><\/ul>\n\n\n\n<ul class=\"wp-block-list\"><li><a href=\"https:\/\/www.estrategiaconcursos.com.br\/blog\/concurso-mp-sp\/\"><strong>MP SP<\/strong><\/a>: O&nbsp;<a href=\"https:\/\/www.estrategiaconcursos.com.br\/cursosPorConcurso\/ministerio-publico-de-sao-paulo-mp-sp\/\" target=\"_blank\" rel=\"noreferrer noopener\">Minist\u00e9rio P\u00fablico de Estado de S\u00e3o Paulo<\/a>&nbsp;escolheu a FGV como banca organizadora do novo&nbsp;<strong>concurso MP SP<\/strong>. Ser\u00e3o&nbsp;<strong>05 vagas<\/strong>&nbsp;mais forma\u00e7\u00e3o de cadastro de reserva para o cargo de Analista de Promotoria I, de n\u00edvel superior, distribu\u00eddas nas \u00e1reas da Sa\u00fade e Assist\u00eancia Social.<\/li><\/ul>\n\n\n\n<ul class=\"wp-block-list\"><li><a href=\"https:\/\/www.estrategiaconcursos.com.br\/blog\/concurso-mp-mg\/\" target=\"_blank\" rel=\"noreferrer noopener\"><strong>MP MG<\/strong><\/a>: O&nbsp;<a href=\"https:\/\/www.estrategiaconcursos.com.br\/cursosPorConcurso\/ministerio-publico-de-minas-gerais-mp-mg-servidores\/\" target=\"_blank\" rel=\"noreferrer noopener\">Minist\u00e9rio P\u00fablico de Minas Gerais<\/a>&nbsp;(<strong>MP MG<\/strong>) divulgou que o edital do concurso deve ser publicado ofertando 100 vagas para os cargos de Oficial, que exige n\u00edvel m\u00e9dio de forma\u00e7\u00e3o, e de Analista, de n\u00edvel superior.<\/li><\/ul>\n\n\n\n<ul class=\"wp-block-list\"><li><strong><a href=\"https:\/\/www.estrategiaconcursos.com.br\/blog\/concurso-dpe-sp\/\" target=\"_blank\" rel=\"noreferrer noopener\">DPE SP<\/a><\/strong>: A&nbsp;Vunesp&nbsp;ser\u00e1 a respons\u00e1vel pelo edital da&nbsp;<a href=\"https:\/\/www.estrategiaconcursos.com.br\/assinaturas\" target=\"_blank\" rel=\"noreferrer noopener\">Defensoria P\u00fablica do Estado de S\u00e3o Paulo<\/a><strong>,<\/strong> e est\u00e1 prevista a oferta de&nbsp;<strong>20 vagas<\/strong>&nbsp;imediatas mais forma\u00e7\u00e3o de cadastro reserva ao cargo de Oficial de Defensoria, de n\u00edvel m\u00e9dio de escolaridade e sal\u00e1rio inicial de&nbsp;<strong>R$ 3.560,33<\/strong>. O edital tamb\u00e9m ter\u00e1 vagas em cadastro de reserva para o cargo de Agente de Defensoria, de n\u00edvel superior de escolaridade e sal\u00e1rio inicial de&nbsp;<strong>R$ 7.532,39<\/strong>.<\/li><\/ul>\n\n\n\n<h2 class=\"has-text-align-center wp-block-heading\" id=\"h-quer-saber-tudo-sobre-concursos-previstos-confira-nossos-artigos\">Quer saber tudo sobre concursos previstos?<br \/>Confira  nossos artigos!<\/h2>\n\n\n\n<ul class=\"wp-block-list\"><li><a href=\"https:\/\/www.estrategiaconcursos.com.br\/blog\/concursos-abertos\/\" target=\"_blank\" rel=\"noreferrer noopener\">Concursos abertos<\/a><\/li><li><a href=\"https:\/\/www.estrategiaconcursos.com.br\/blog\/concursos-2022\/\" target=\"_blank\" rel=\"noreferrer noopener\">Concursos 2022<\/a><\/li><li><a href=\"https:\/\/www.estrategiaconcursos.com.br\/blog\/concursos-2023\/\" target=\"_blank\" rel=\"noreferrer noopener\">Concursos 2023<\/a><\/li><\/ul>\n\n\n\n<h2 class=\"has-text-align-center wp-block-heading\" id=\"cursos-assinatura\">Quer estudar para concursos?<\/h2>\n\n\n\n<div class=\"container\" id=\"boxes\">\n  <div class=\"row\">\n\n    <div class=\"col-sm\">\n      <div class=\"banner-estrategia\" id=\"box-assinatura\">\n        <h3 class=\"titulo-assinatura\">Cursos para concursos<\/h3>\n        <p class=\"subtitulo-assinatura\">Conhe\u00e7a os cursos<\/p>\n        <div class=\"box-botao\">\n          <a class=\"btn-assinatura\" target=\"_blank\" href=\"https:\/\/www.estrategiaconcursos.com.br\/cursos\/\" role=\"button\" rel=\"noopener noreferrer\">Conhe\u00e7a mais<\/a>\n        <\/div>\n      <\/div>\n     \n    <\/div>\n\n  <\/div>\n<\/div>\n\n\n\n<div class=\"container\" id=\"boxes\">\n  <div class=\"row\">\n\n    <div class=\"col-sm\">\n      <div class=\"estrategia\" id=\"box-assinatura\">\n        <h3 class=\"titulo-assinatura\">Assinatura Concursos<\/h3>\n        <p class=\"subtitulo-assinatura\">Assinatura de 1 ano ou 2 anos<\/p>\n        <div class=\"box-botao\">\n          <a class=\"btn-assinatura\" target=\"_blank\" href=\"https:\/\/www.estrategiaconcursos.com.br\/assinaturas\/\" role=\"button\" rel=\"noopener noreferrer\">ASSINE AGORA<\/a>\n        <\/div>\n      <\/div><\/div><\/div><\/div>\n","protected":false},"excerpt":{"rendered":"<p>Considerado uma conquista nacional e determinado oficialmente pelo artigo 236 da Lei n\u00ba 8.112, de 11 de dezembro de 1990, o Dia do Servidor P\u00fablico ganhou nova data no ano de 2022. Comemorado usualmente no dia 28 de outubro, diversos Estados e \u00f3rg\u00e3os federais, como o Minist\u00e9rio P\u00fablico Federal, resolveram transferir o ponto facultativo da [&hellip;]<\/p>\n","protected":false},"author":2402,"featured_media":1054260,"comment_status":"open","ping_status":"closed","sticky":false,"template":"","format":"standard","meta":{"post_tipo":"news","footnotes":""},"categories":[1,220219],"tags":[],"tax_estado":[219964,219965,219966,219967,219968,219969,219963,219970,219971,219972,219973,219974,219975,219976,219977,219978,219979,219980,219981,219982,219983,219984,219985,219986,219987,219988,219989,219990],"class_list":["post-1111278","post","type-post","status-publish","format-standard","has-post-thumbnail","hentry","category-cursos-e-concursos","category-noticias","tax_estado-ac","tax_estado-al","tax_estado-am","tax_estado-ap","tax_estado-ba","tax_estado-ce","tax_estado-concursos-federais","tax_estado-df","tax_estado-es","tax_estado-go","tax_estado-ma","tax_estado-mg","tax_estado-ms","tax_estado-mt","tax_estado-pa","tax_estado-pb","tax_estado-pe","tax_estado-pi","tax_estado-pr","tax_estado-rj","tax_estado-rn","tax_estado-ro","tax_estado-rr","tax_estado-rs","tax_estado-sc","tax_estado-se","tax_estado-sp","tax_estado-to"],"acf":[],"yoast_head":"<!-- This site is optimized with the Yoast SEO Premium plugin v27.2 (Yoast SEO v27.2) - https:\/\/yoast.com\/product\/yoast-seo-premium-wordpress\/ -->\n<title>Dia do servidor p\u00fablico ganha nova data, veja!<\/title>\n<meta name=\"description\" content=\"Confira aqui no site do Estrat\u00e9gia Concursos os detalhes sobre a altera\u00e7\u00e3o da data do dia do servidor p\u00fablico!\" \/>\n<meta name=\"robots\" content=\"index, follow, max-snippet:-1, max-image-preview:large, max-video-preview:-1\" \/>\n<link rel=\"canonical\" href=\"https:\/\/www.estrategiaconcursos.com.br\/blog\/dia-do-servidor-publico-nova-data\/\" \/>\n<meta property=\"og:locale\" content=\"pt_BR\" \/>\n<meta property=\"og:type\" content=\"article\" \/>\n<meta property=\"og:title\" content=\"Dia do servidor p\u00fablico ganha nova data, veja!\" \/>\n<meta property=\"og:description\" content=\"Confira aqui no site do Estrat\u00e9gia Concursos os detalhes sobre a altera\u00e7\u00e3o da data do dia do servidor p\u00fablico!\" \/>\n<meta property=\"og:url\" content=\"https:\/\/www.estrategiaconcursos.com.br\/blog\/dia-do-servidor-publico-nova-data\/\" \/>\n<meta property=\"og:site_name\" content=\"Estrat\u00e9gia Concursos\" \/>\n<meta property=\"article:published_time\" content=\"2022-10-17T23:15:44+00:00\" \/>\n<meta property=\"article:modified_time\" content=\"2022-10-18T13:06:47+00:00\" \/>\n<meta property=\"og:image\" content=\"https:\/\/dhg1h5j42swfq.cloudfront.net\/2022\/07\/01181617\/senado_federal_do_brasil_fotos_produzidas_pelo_senado_14921917038-scaled.jpg\" \/>\n\t<meta property=\"og:image:width\" content=\"2560\" \/>\n\t<meta property=\"og:image:height\" content=\"1703\" \/>\n\t<meta property=\"og:image:type\" content=\"image\/jpeg\" \/>\n<meta name=\"author\" content=\"Daniela Santos Nascimento\" \/>\n<meta name=\"twitter:card\" content=\"summary_large_image\" \/>\n<meta name=\"twitter:creator\" content=\"@EstratConcursos\" \/>\n<meta name=\"twitter:site\" content=\"@EstratConcursos\" \/>\n<meta name=\"twitter:label1\" content=\"Escrito por\" \/>\n\t<meta name=\"twitter:data1\" content=\"Daniela Santos Nascimento\" \/>\n\t<meta name=\"twitter:label2\" content=\"Est. tempo de leitura\" \/>\n\t<meta name=\"twitter:data2\" content=\"3 minutos\" \/>\n<script type=\"application\/ld+json\" class=\"yoast-schema-graph\">{\"@context\":\"https:\/\/schema.org\",\"@graph\":[{\"@type\":\"NewsArticle\",\"@id\":\"https:\/\/www.estrategiaconcursos.com.br\/blog\/dia-do-servidor-publico-nova-data\/#article\",\"isPartOf\":{\"@id\":\"https:\/\/www.estrategiaconcursos.com.br\/blog\/dia-do-servidor-publico-nova-data\/\"},\"author\":{\"name\":\"Daniela Santos Nascimento\",\"@id\":\"https:\/\/www.estrategiaconcursos.com.br\/blog\/#\/schema\/person\/399990d02336f200766707b881aee98f\"},\"headline\":\"Dia do servidor p\u00fablico ganha nova data, veja!\",\"datePublished\":\"2022-10-17T23:15:44+00:00\",\"dateModified\":\"2022-10-18T13:06:47+00:00\",\"mainEntityOfPage\":{\"@id\":\"https:\/\/www.estrategiaconcursos.com.br\/blog\/dia-do-servidor-publico-nova-data\/\"},\"wordCount\":622,\"commentCount\":0,\"publisher\":{\"@id\":\"https:\/\/www.estrategiaconcursos.com.br\/blog\/#organization\"},\"image\":{\"@id\":\"https:\/\/www.estrategiaconcursos.com.br\/blog\/dia-do-servidor-publico-nova-data\/#primaryimage\"},\"thumbnailUrl\":\"https:\/\/dhg1h5j42swfq.cloudfront.net\/2022\/07\/01181617\/senado_federal_do_brasil_fotos_produzidas_pelo_senado_14921917038-scaled.jpg\",\"articleSection\":[\"Concursos P\u00fablicos\",\"\u00daltimas not\u00edcias\"],\"inLanguage\":\"pt-BR\",\"potentialAction\":[{\"@type\":\"CommentAction\",\"name\":\"Comment\",\"target\":[\"https:\/\/www.estrategiaconcursos.com.br\/blog\/dia-do-servidor-publico-nova-data\/#respond\"]}],\"copyrightYear\":\"2022\",\"copyrightHolder\":{\"@id\":\"https:\/\/www.estrategiaconcursos.com.br\/blog\/#organization\"}},{\"@type\":\"WebPage\",\"@id\":\"https:\/\/www.estrategiaconcursos.com.br\/blog\/dia-do-servidor-publico-nova-data\/\",\"url\":\"https:\/\/www.estrategiaconcursos.com.br\/blog\/dia-do-servidor-publico-nova-data\/\",\"name\":\"Dia do servidor p\u00fablico ganha nova data, veja!\",\"isPartOf\":{\"@id\":\"https:\/\/www.estrategiaconcursos.com.br\/blog\/#website\"},\"primaryImageOfPage\":{\"@id\":\"https:\/\/www.estrategiaconcursos.com.br\/blog\/dia-do-servidor-publico-nova-data\/#primaryimage\"},\"image\":{\"@id\":\"https:\/\/www.estrategiaconcursos.com.br\/blog\/dia-do-servidor-publico-nova-data\/#primaryimage\"},\"thumbnailUrl\":\"https:\/\/dhg1h5j42swfq.cloudfront.net\/2022\/07\/01181617\/senado_federal_do_brasil_fotos_produzidas_pelo_senado_14921917038-scaled.jpg\",\"datePublished\":\"2022-10-17T23:15:44+00:00\",\"dateModified\":\"2022-10-18T13:06:47+00:00\",\"description\":\"Confira aqui no site do Estrat\u00e9gia Concursos os detalhes sobre a altera\u00e7\u00e3o da data do dia do servidor p\u00fablico!\",\"breadcrumb\":{\"@id\":\"https:\/\/www.estrategiaconcursos.com.br\/blog\/dia-do-servidor-publico-nova-data\/#breadcrumb\"},\"inLanguage\":\"pt-BR\",\"potentialAction\":[{\"@type\":\"ReadAction\",\"target\":[\"https:\/\/www.estrategiaconcursos.com.br\/blog\/dia-do-servidor-publico-nova-data\/\"]}]},{\"@type\":\"ImageObject\",\"inLanguage\":\"pt-BR\",\"@id\":\"https:\/\/www.estrategiaconcursos.com.br\/blog\/dia-do-servidor-publico-nova-data\/#primaryimage\",\"url\":\"https:\/\/dhg1h5j42swfq.cloudfront.net\/2022\/07\/01181617\/senado_federal_do_brasil_fotos_produzidas_pelo_senado_14921917038-scaled.jpg\",\"contentUrl\":\"https:\/\/dhg1h5j42swfq.cloudfront.net\/2022\/07\/01181617\/senado_federal_do_brasil_fotos_produzidas_pelo_senado_14921917038-scaled.jpg\",\"width\":2560,\"height\":1703,\"caption\":\"poder legislativo\"},{\"@type\":\"BreadcrumbList\",\"@id\":\"https:\/\/www.estrategiaconcursos.com.br\/blog\/dia-do-servidor-publico-nova-data\/#breadcrumb\",\"itemListElement\":[{\"@type\":\"ListItem\",\"position\":1,\"name\":\"In\u00edcio\",\"item\":\"https:\/\/www.estrategiaconcursos.com.br\/blog\/\"},{\"@type\":\"ListItem\",\"position\":2,\"name\":\"Dia do servidor p\u00fablico ganha nova data, veja!\"}]},{\"@type\":\"WebSite\",\"@id\":\"https:\/\/www.estrategiaconcursos.com.br\/blog\/#website\",\"url\":\"https:\/\/www.estrategiaconcursos.com.br\/blog\/\",\"name\":\"Estrat\u00e9gia Concursos\",\"description\":\"O blog da Estrat\u00e9gia Concursos traz not\u00edcias sobre concursos e artigos de professores oferecendo cursos para concursos (pdf + videaulas) no site.\",\"publisher\":{\"@id\":\"https:\/\/www.estrategiaconcursos.com.br\/blog\/#organization\"},\"potentialAction\":[{\"@type\":\"SearchAction\",\"target\":{\"@type\":\"EntryPoint\",\"urlTemplate\":\"https:\/\/www.estrategiaconcursos.com.br\/blog\/?s={search_term_string}\"},\"query-input\":{\"@type\":\"PropertyValueSpecification\",\"valueRequired\":true,\"valueName\":\"search_term_string\"}}],\"inLanguage\":\"pt-BR\"},{\"@type\":\"Organization\",\"@id\":\"https:\/\/www.estrategiaconcursos.com.br\/blog\/#organization\",\"name\":\"Estrat\u00e9gia Concursos\",\"url\":\"https:\/\/www.estrategiaconcursos.com.br\/blog\/\",\"logo\":{\"@type\":\"ImageObject\",\"inLanguage\":\"pt-BR\",\"@id\":\"https:\/\/www.estrategiaconcursos.com.br\/blog\/#\/schema\/logo\/image\/\",\"url\":\"https:\/\/dhg1h5j42swfq.cloudfront.net\/2025\/06\/03203428\/logo_concursos-1.jpg\",\"contentUrl\":\"https:\/\/dhg1h5j42swfq.cloudfront.net\/2025\/06\/03203428\/logo_concursos-1.jpg\",\"width\":230,\"height\":60,\"caption\":\"Estrat\u00e9gia Concursos\"},\"image\":{\"@id\":\"https:\/\/www.estrategiaconcursos.com.br\/blog\/#\/schema\/logo\/image\/\"},\"sameAs\":[\"https:\/\/x.com\/EstratConcursos\"]},{\"@type\":\"Person\",\"@id\":\"https:\/\/www.estrategiaconcursos.com.br\/blog\/#\/schema\/person\/399990d02336f200766707b881aee98f\",\"name\":\"Daniela Santos Nascimento\",\"image\":{\"@type\":\"ImageObject\",\"inLanguage\":\"pt-BR\",\"@id\":\"https:\/\/secure.gravatar.com\/avatar\/7f343622ad121e2893832a8c76808be436bdfcbf2f7d696174c94ecd84f2384a?s=96&d=mm&r=g\",\"url\":\"https:\/\/secure.gravatar.com\/avatar\/7f343622ad121e2893832a8c76808be436bdfcbf2f7d696174c94ecd84f2384a?s=96&d=mm&r=g\",\"contentUrl\":\"https:\/\/secure.gravatar.com\/avatar\/7f343622ad121e2893832a8c76808be436bdfcbf2f7d696174c94ecd84f2384a?s=96&d=mm&r=g\",\"caption\":\"Daniela Santos Nascimento\"},\"url\":\"https:\/\/www.estrategiaconcursos.com.br\/blog\/author\/daniela-nascimentoestrategia-com\/\"}]}<\/script>\n<!-- \/ Yoast SEO Premium plugin. -->","yoast_head_json":{"title":"Dia do servidor p\u00fablico ganha nova data, veja!","description":"Confira aqui no site do Estrat\u00e9gia Concursos os detalhes sobre a altera\u00e7\u00e3o da data do dia do servidor p\u00fablico!","robots":{"index":"index","follow":"follow","max-snippet":"max-snippet:-1","max-image-preview":"max-image-preview:large","max-video-preview":"max-video-preview:-1"},"canonical":"https:\/\/www.estrategiaconcursos.com.br\/blog\/dia-do-servidor-publico-nova-data\/","og_locale":"pt_BR","og_type":"article","og_title":"Dia do servidor p\u00fablico ganha nova data, veja!","og_description":"Confira aqui no site do Estrat\u00e9gia Concursos os detalhes sobre a altera\u00e7\u00e3o da data do dia do servidor p\u00fablico!","og_url":"https:\/\/www.estrategiaconcursos.com.br\/blog\/dia-do-servidor-publico-nova-data\/","og_site_name":"Estrat\u00e9gia Concursos","article_published_time":"2022-10-17T23:15:44+00:00","article_modified_time":"2022-10-18T13:06:47+00:00","og_image":[{"width":2560,"height":1703,"url":"https:\/\/dhg1h5j42swfq.cloudfront.net\/2022\/07\/01181617\/senado_federal_do_brasil_fotos_produzidas_pelo_senado_14921917038-scaled.jpg","type":"image\/jpeg"}],"author":"Daniela Santos Nascimento","twitter_card":"summary_large_image","twitter_creator":"@EstratConcursos","twitter_site":"@EstratConcursos","twitter_misc":{"Escrito por":"Daniela Santos Nascimento","Est. tempo de leitura":"3 minutos"},"schema":{"@context":"https:\/\/schema.org","@graph":[{"@type":"NewsArticle","@id":"https:\/\/www.estrategiaconcursos.com.br\/blog\/dia-do-servidor-publico-nova-data\/#article","isPartOf":{"@id":"https:\/\/www.estrategiaconcursos.com.br\/blog\/dia-do-servidor-publico-nova-data\/"},"author":{"name":"Daniela Santos Nascimento","@id":"https:\/\/www.estrategiaconcursos.com.br\/blog\/#\/schema\/person\/399990d02336f200766707b881aee98f"},"headline":"Dia do servidor p\u00fablico ganha nova data, veja!","datePublished":"2022-10-17T23:15:44+00:00","dateModified":"2022-10-18T13:06:47+00:00","mainEntityOfPage":{"@id":"https:\/\/www.estrategiaconcursos.com.br\/blog\/dia-do-servidor-publico-nova-data\/"},"wordCount":622,"commentCount":0,"publisher":{"@id":"https:\/\/www.estrategiaconcursos.com.br\/blog\/#organization"},"image":{"@id":"https:\/\/www.estrategiaconcursos.com.br\/blog\/dia-do-servidor-publico-nova-data\/#primaryimage"},"thumbnailUrl":"https:\/\/dhg1h5j42swfq.cloudfront.net\/2022\/07\/01181617\/senado_federal_do_brasil_fotos_produzidas_pelo_senado_14921917038-scaled.jpg","articleSection":["Concursos P\u00fablicos","\u00daltimas not\u00edcias"],"inLanguage":"pt-BR","potentialAction":[{"@type":"CommentAction","name":"Comment","target":["https:\/\/www.estrategiaconcursos.com.br\/blog\/dia-do-servidor-publico-nova-data\/#respond"]}],"copyrightYear":"2022","copyrightHolder":{"@id":"https:\/\/www.estrategiaconcursos.com.br\/blog\/#organization"}},{"@type":"WebPage","@id":"https:\/\/www.estrategiaconcursos.com.br\/blog\/dia-do-servidor-publico-nova-data\/","url":"https:\/\/www.estrategiaconcursos.com.br\/blog\/dia-do-servidor-publico-nova-data\/","name":"Dia do servidor p\u00fablico ganha nova data, veja!","isPartOf":{"@id":"https:\/\/www.estrategiaconcursos.com.br\/blog\/#website"},"primaryImageOfPage":{"@id":"https:\/\/www.estrategiaconcursos.com.br\/blog\/dia-do-servidor-publico-nova-data\/#primaryimage"},"image":{"@id":"https:\/\/www.estrategiaconcursos.com.br\/blog\/dia-do-servidor-publico-nova-data\/#primaryimage"},"thumbnailUrl":"https:\/\/dhg1h5j42swfq.cloudfront.net\/2022\/07\/01181617\/senado_federal_do_brasil_fotos_produzidas_pelo_senado_14921917038-scaled.jpg","datePublished":"2022-10-17T23:15:44+00:00","dateModified":"2022-10-18T13:06:47+00:00","description":"Confira aqui no site do Estrat\u00e9gia Concursos os detalhes sobre a altera\u00e7\u00e3o da data do dia do servidor p\u00fablico!","breadcrumb":{"@id":"https:\/\/www.estrategiaconcursos.com.br\/blog\/dia-do-servidor-publico-nova-data\/#breadcrumb"},"inLanguage":"pt-BR","potentialAction":[{"@type":"ReadAction","target":["https:\/\/www.estrategiaconcursos.com.br\/blog\/dia-do-servidor-publico-nova-data\/"]}]},{"@type":"ImageObject","inLanguage":"pt-BR","@id":"https:\/\/www.estrategiaconcursos.com.br\/blog\/dia-do-servidor-publico-nova-data\/#primaryimage","url":"https:\/\/dhg1h5j42swfq.cloudfront.net\/2022\/07\/01181617\/senado_federal_do_brasil_fotos_produzidas_pelo_senado_14921917038-scaled.jpg","contentUrl":"https:\/\/dhg1h5j42swfq.cloudfront.net\/2022\/07\/01181617\/senado_federal_do_brasil_fotos_produzidas_pelo_senado_14921917038-scaled.jpg","width":2560,"height":1703,"caption":"poder legislativo"},{"@type":"BreadcrumbList","@id":"https:\/\/www.estrategiaconcursos.com.br\/blog\/dia-do-servidor-publico-nova-data\/#breadcrumb","itemListElement":[{"@type":"ListItem","position":1,"name":"In\u00edcio","item":"https:\/\/www.estrategiaconcursos.com.br\/blog\/"},{"@type":"ListItem","position":2,"name":"Dia do servidor p\u00fablico ganha nova data, veja!"}]},{"@type":"WebSite","@id":"https:\/\/www.estrategiaconcursos.com.br\/blog\/#website","url":"https:\/\/www.estrategiaconcursos.com.br\/blog\/","name":"Estrat\u00e9gia Concursos","description":"O blog da Estrat\u00e9gia Concursos traz not\u00edcias sobre concursos e artigos de professores oferecendo cursos para concursos (pdf + videaulas) no site.","publisher":{"@id":"https:\/\/www.estrategiaconcursos.com.br\/blog\/#organization"},"potentialAction":[{"@type":"SearchAction","target":{"@type":"EntryPoint","urlTemplate":"https:\/\/www.estrategiaconcursos.com.br\/blog\/?s={search_term_string}"},"query-input":{"@type":"PropertyValueSpecification","valueRequired":true,"valueName":"search_term_string"}}],"inLanguage":"pt-BR"},{"@type":"Organization","@id":"https:\/\/www.estrategiaconcursos.com.br\/blog\/#organization","name":"Estrat\u00e9gia Concursos","url":"https:\/\/www.estrategiaconcursos.com.br\/blog\/","logo":{"@type":"ImageObject","inLanguage":"pt-BR","@id":"https:\/\/www.estrategiaconcursos.com.br\/blog\/#\/schema\/logo\/image\/","url":"https:\/\/dhg1h5j42swfq.cloudfront.net\/2025\/06\/03203428\/logo_concursos-1.jpg","contentUrl":"https:\/\/dhg1h5j42swfq.cloudfront.net\/2025\/06\/03203428\/logo_concursos-1.jpg","width":230,"height":60,"caption":"Estrat\u00e9gia Concursos"},"image":{"@id":"https:\/\/www.estrategiaconcursos.com.br\/blog\/#\/schema\/logo\/image\/"},"sameAs":["https:\/\/x.com\/EstratConcursos"]},{"@type":"Person","@id":"https:\/\/www.estrategiaconcursos.com.br\/blog\/#\/schema\/person\/399990d02336f200766707b881aee98f","name":"Daniela Santos Nascimento","image":{"@type":"ImageObject","inLanguage":"pt-BR","@id":"https:\/\/secure.gravatar.com\/avatar\/7f343622ad121e2893832a8c76808be436bdfcbf2f7d696174c94ecd84f2384a?s=96&d=mm&r=g","url":"https:\/\/secure.gravatar.com\/avatar\/7f343622ad121e2893832a8c76808be436bdfcbf2f7d696174c94ecd84f2384a?s=96&d=mm&r=g","contentUrl":"https:\/\/secure.gravatar.com\/avatar\/7f343622ad121e2893832a8c76808be436bdfcbf2f7d696174c94ecd84f2384a?s=96&d=mm&r=g","caption":"Daniela Santos Nascimento"},"url":"https:\/\/www.estrategiaconcursos.com.br\/blog\/author\/daniela-nascimentoestrategia-com\/"}]}},"_links":{"self":[{"href":"https:\/\/www.estrategiaconcursos.com.br\/blog\/wp-json\/wp\/v2\/posts\/1111278","targetHints":{"allow":["GET"]}}],"collection":[{"href":"https:\/\/www.estrategiaconcursos.com.br\/blog\/wp-json\/wp\/v2\/posts"}],"about":[{"href":"https:\/\/www.estrategiaconcursos.com.br\/blog\/wp-json\/wp\/v2\/types\/post"}],"author":[{"embeddable":true,"href":"https:\/\/www.estrategiaconcursos.com.br\/blog\/wp-json\/wp\/v2\/users\/2402"}],"replies":[{"embeddable":true,"href":"https:\/\/www.estrategiaconcursos.com.br\/blog\/wp-json\/wp\/v2\/comments?post=1111278"}],"version-history":[{"count":6,"href":"https:\/\/www.estrategiaconcursos.com.br\/blog\/wp-json\/wp\/v2\/posts\/1111278\/revisions"}],"predecessor-version":[{"id":1111670,"href":"https:\/\/www.estrategiaconcursos.com.br\/blog\/wp-json\/wp\/v2\/posts\/1111278\/revisions\/1111670"}],"wp:featuredmedia":[{"embeddable":true,"href":"https:\/\/www.estrategiaconcursos.com.br\/blog\/wp-json\/wp\/v2\/media\/1054260"}],"wp:attachment":[{"href":"https:\/\/www.estrategiaconcursos.com.br\/blog\/wp-json\/wp\/v2\/media?parent=1111278"}],"wp:term":[{"taxonomy":"category","embeddable":true,"href":"https:\/\/www.estrategiaconcursos.com.br\/blog\/wp-json\/wp\/v2\/categories?post=1111278"},{"taxonomy":"post_tag","embeddable":true,"href":"https:\/\/www.estrategiaconcursos.com.br\/blog\/wp-json\/wp\/v2\/tags?post=1111278"},{"taxonomy":"tax_estado","embeddable":true,"href":"https:\/\/www.estrategiaconcursos.com.br\/blog\/wp-json\/wp\/v2\/tax_estado?post=1111278"}],"curies":[{"name":"wp","href":"https:\/\/api.w.org\/{rel}","templated":true}]}}