{"id":111062,"date":"2018-03-13T11:06:19","date_gmt":"2018-03-13T14:06:19","guid":{"rendered":"https:\/\/www.estrategiaconcursos.com.br\/blog\/?p=111062"},"modified":"2018-03-13T12:07:46","modified_gmt":"2018-03-13T15:07:46","slug":"infracao-grave-por-falta-de-registro-nao-gera-cassacao-da-permissao-para-dirigir","status":"publish","type":"post","link":"https:\/\/www.estrategiaconcursos.com.br\/blog\/infracao-grave-por-falta-de-registro-nao-gera-cassacao-da-permissao-para-dirigir\/","title":{"rendered":"Infra\u00e7\u00e3o grave por falta de registro do ve\u00edculo n\u00e3o gera a &#8220;cassa\u00e7\u00e3o da Permiss\u00e3o para Dirigir&#8221;"},"content":{"rendered":"<p>&nbsp;<\/p>\n<p>&nbsp;<\/p>\n<p style=\"text-align: justify\">Ol\u00e1, meus amigos!<\/p>\n<p style=\"text-align: justify\">Acompanhei esta decis\u00e3o, de ontem, do STJ e j\u00e1 pensei numa boa quest\u00e3o para PRF.<\/p>\n<p style=\"text-align: justify\">Segundo o STJ, &#8220;apesar de ser considerada grave pelo\u00a0<a href=\"http:\/\/www.planalto.gov.br\/Ccivil_03\/leis\/L9503.htm#art233\" target=\"_blank\" rel=\"noopener\"><strong>artigo 233<\/strong><\/a>\u00a0do C\u00f3digo de Tr\u00e2nsito Brasileiro (CTB), a infra\u00e7\u00e3o consistente em deixar de efetuar registro de ve\u00edculo no prazo de 30 dias junto ao \u00f3rg\u00e3o de tr\u00e2nsito n\u00e3o pode impedir que o condutor obtenha sua Carteira Nacional de Habilita\u00e7\u00e3o (CNH) definitiva, j\u00e1 que essa infra\u00e7\u00e3o, de car\u00e1ter administrativo, n\u00e3o se relaciona com a seguran\u00e7a do tr\u00e2nsito e n\u00e3o imp\u00f5e riscos \u00e0 coletividade.<\/p>\n<p style=\"text-align: justify\">O entendimento foi reafirmado pela Segunda Turma do Superior Tribunal de Justi\u00e7a (STJ) ao manter decis\u00e3o da Justi\u00e7a do Rio Grande do Sul que determinou a libera\u00e7\u00e3o da CNH definitiva a uma motorista. Em virtude de infra\u00e7\u00e3o administrativa por n\u00e3o obter novo certificado de registro de ve\u00edculo no prazo legal, a motorista teve a emiss\u00e3o da CNH impedida pelo Departamento de Tr\u00e2nsito do Rio Grande do Sul (Detran-RS).<\/p>\n<p style=\"text-align: justify\">De acordo com o\u00a0<a href=\"http:\/\/www.planalto.gov.br\/Ccivil_03\/leis\/L9503.htm#art123\" target=\"_blank\" rel=\"noopener\"><strong>artigo 123<\/strong><\/a>\u00a0do CTB, \u00e9 obrigat\u00f3ria a expedi\u00e7\u00e3o de novo certificado de registro em hip\u00f3teses como transfer\u00eancia de propriedade, mudan\u00e7a de domic\u00edlio ou altera\u00e7\u00e3o das caracter\u00edsticas do autom\u00f3vel.<\/p>\n<p style=\"text-align: justify\">No caso dos autos, a motorista, que possu\u00eda a carteira de habilita\u00e7\u00e3o provis\u00f3ria, deixou de transferir a propriedade legal no prazo de 30 dias, incorrendo na infra\u00e7\u00e3o administrativa. Em virtude da infra\u00e7\u00e3o, o Detran-RS impediu que ela recebesse o documento definitivo.&#8221;<\/p>\n<p style=\"text-align: justify\">O pedido de emiss\u00e3o do documento foi julgado procedente em primeira e segunda inst\u00e2ncias. De acordo com o Tribunal de Justi\u00e7a do Rio Grande do Sul, apenas as infra\u00e7\u00f5es relativas \u00e0 condu\u00e7\u00e3o do ve\u00edculo e \u00e0 seguran\u00e7a no tr\u00e2nsito s\u00e3o aptas a obstar a expedi\u00e7\u00e3o da CNH, de forma que a transgress\u00e3o do artigo 233 do CTB, que possui natureza administrativa, n\u00e3o impede a concess\u00e3o do documento.<\/p>\n<p style=\"text-align: justify\">Por meio de recurso especial, o Detran-RS alegou que n\u00e3o h\u00e1 distin\u00e7\u00e3o legal entre a infra\u00e7\u00e3o de tr\u00e2nsito de natureza administrativa e a infra\u00e7\u00e3o cometida na condu\u00e7\u00e3o do ve\u00edculo. Dessa forma, para o \u00f3rg\u00e3o de tr\u00e2nsito, o TJRS n\u00e3o poderia possibilitar a obten\u00e7\u00e3o de CNH definitiva aos condutores autuados por infra\u00e7\u00f5es administrativas.<\/p>\n<p style=\"text-align: justify\">\u201cCom rela\u00e7\u00e3o \u00e0 suposta viola\u00e7\u00e3o dos artigos 233 e 148,\u00a0<em>caput<\/em>\u00a0e par\u00e1grafo 3\u00ba, do C\u00f3digo de Tr\u00e2nsito Brasileiro, suscitada no apelo nobre, sem raz\u00e3o o recorrente, estando o ac\u00f3rd\u00e3o recorrido em conson\u00e2ncia com a jurisprud\u00eancia desta corte, no sentido de que a infra\u00e7\u00e3o de tr\u00e2nsito consistente em \u2018deixar de efetuar o registro de ve\u00edculo no prazo de 30 dias\u2019 (artigo 233 do CTB) n\u00e3o pode impedir o condutor de obter sua Carteira Nacional de Habilita\u00e7\u00e3o definitiva\u201d, apontou o relator do recurso especial, ministro Francisco Falc\u00e3o, ao manter a determina\u00e7\u00e3o de concess\u00e3o do documento definitivo.<\/p>\n<p>Fonte:\u00a0http:\/\/www.stj.jus.br<\/p>\n<p>&nbsp;<\/p>\n<p style=\"text-align: justify\">Acompanhem o professor nas redes sociais. Estarei postando atualiza\u00e7\u00f5es, dicas e quest\u00f5es comentadas!<\/p>\n<p style=\"text-align: justify\">Grande abra\u00e7o a todos e bons estudos!<\/p>\n<p style=\"text-align: justify\">Alexandre Herculano<\/p>\n<p style=\"text-align: justify\"><strong>Instagram:\u00a0<a href=\"https:\/\/www.instagram.com\/\">@prof_herculano<\/a><\/strong><\/p>\n<p><strong>Facebook:<\/strong>\u00a0<a href=\"https:\/\/www.facebook.com\/profile.php?id=100011288266782\">Professor Alexandre Herculano<\/a><\/p>\n<p>&nbsp;<\/p>\n","protected":false},"excerpt":{"rendered":"<p>&nbsp; &nbsp; Ol\u00e1, meus amigos! Acompanhei esta decis\u00e3o, de ontem, do STJ e j\u00e1 pensei numa boa quest\u00e3o para PRF. Segundo o STJ, &#8220;apesar de ser considerada grave pelo\u00a0artigo 233\u00a0do C\u00f3digo de Tr\u00e2nsito Brasileiro (CTB), a infra\u00e7\u00e3o consistente em deixar de efetuar registro de ve\u00edculo no prazo de 30 dias junto ao \u00f3rg\u00e3o de tr\u00e2nsito [&hellip;]<\/p>\n","protected":false},"author":86,"featured_media":0,"comment_status":"open","ping_status":"closed","sticky":false,"template":"","format":"standard","meta":{"post_tipo":"article","footnotes":""},"categories":[1],"tags":[],"tax_estado":[],"class_list":["post-111062","post","type-post","status-publish","format-standard","hentry","category-cursos-e-concursos"],"acf":[],"yoast_head":"<!-- This site is optimized with the Yoast SEO Premium plugin v27.2 (Yoast SEO v27.2) - https:\/\/yoast.com\/product\/yoast-seo-premium-wordpress\/ -->\n<title>Infra\u00e7\u00e3o grave por falta de registro do ve\u00edculo n\u00e3o gera a &quot;cassa\u00e7\u00e3o da Permiss\u00e3o para Dirigir&quot;<\/title>\n<meta name=\"robots\" content=\"index, follow, max-snippet:-1, max-image-preview:large, max-video-preview:-1\" \/>\n<link rel=\"canonical\" href=\"https:\/\/www.estrategiaconcursos.com.br\/blog\/infracao-grave-por-falta-de-registro-nao-gera-cassacao-da-permissao-para-dirigir\/\" \/>\n<meta property=\"og:locale\" content=\"pt_BR\" \/>\n<meta property=\"og:type\" content=\"article\" \/>\n<meta property=\"og:title\" content=\"Infra\u00e7\u00e3o grave por falta de registro do ve\u00edculo n\u00e3o gera a &quot;cassa\u00e7\u00e3o da Permiss\u00e3o para Dirigir&quot;\" \/>\n<meta property=\"og:description\" content=\"&nbsp; &nbsp; Ol\u00e1, meus amigos! Acompanhei esta decis\u00e3o, de ontem, do STJ e j\u00e1 pensei numa boa quest\u00e3o para PRF. Segundo o STJ, &#8220;apesar de ser considerada grave pelo\u00a0artigo 233\u00a0do C\u00f3digo de Tr\u00e2nsito Brasileiro (CTB), a infra\u00e7\u00e3o consistente em deixar de efetuar registro de ve\u00edculo no prazo de 30 dias junto ao \u00f3rg\u00e3o de tr\u00e2nsito [&hellip;]\" \/>\n<meta property=\"og:url\" content=\"https:\/\/www.estrategiaconcursos.com.br\/blog\/infracao-grave-por-falta-de-registro-nao-gera-cassacao-da-permissao-para-dirigir\/\" \/>\n<meta property=\"og:site_name\" content=\"Estrat\u00e9gia Concursos\" \/>\n<meta property=\"article:published_time\" content=\"2018-03-13T14:06:19+00:00\" \/>\n<meta property=\"article:modified_time\" content=\"2018-03-13T15:07:46+00:00\" \/>\n<meta name=\"author\" content=\"Alexandre Herculano\" \/>\n<meta name=\"twitter:card\" content=\"summary_large_image\" \/>\n<meta name=\"twitter:creator\" content=\"@EstratConcursos\" \/>\n<meta name=\"twitter:site\" content=\"@EstratConcursos\" \/>\n<meta name=\"twitter:label1\" content=\"Escrito por\" \/>\n\t<meta name=\"twitter:data1\" content=\"Alexandre Herculano\" \/>\n\t<meta name=\"twitter:label2\" content=\"Est. tempo de leitura\" \/>\n\t<meta name=\"twitter:data2\" content=\"3 minutos\" \/>\n<script type=\"application\/ld+json\" class=\"yoast-schema-graph\">{\"@context\":\"https:\/\/schema.org\",\"@graph\":[{\"@type\":\"NewsArticle\",\"@id\":\"https:\/\/www.estrategiaconcursos.com.br\/blog\/infracao-grave-por-falta-de-registro-nao-gera-cassacao-da-permissao-para-dirigir\/#article\",\"isPartOf\":{\"@id\":\"https:\/\/www.estrategiaconcursos.com.br\/blog\/infracao-grave-por-falta-de-registro-nao-gera-cassacao-da-permissao-para-dirigir\/\"},\"author\":{\"name\":\"Alexandre Herculano\",\"@id\":\"https:\/\/www.estrategiaconcursos.com.br\/blog\/#\/schema\/person\/edda4e500c7c5065d53cfab276ffa8dd\"},\"headline\":\"Infra\u00e7\u00e3o grave por falta de registro do ve\u00edculo n\u00e3o gera a &#8220;cassa\u00e7\u00e3o da Permiss\u00e3o para Dirigir&#8221;\",\"datePublished\":\"2018-03-13T14:06:19+00:00\",\"dateModified\":\"2018-03-13T15:07:46+00:00\",\"mainEntityOfPage\":{\"@id\":\"https:\/\/www.estrategiaconcursos.com.br\/blog\/infracao-grave-por-falta-de-registro-nao-gera-cassacao-da-permissao-para-dirigir\/\"},\"wordCount\":576,\"commentCount\":2,\"publisher\":{\"@id\":\"https:\/\/www.estrategiaconcursos.com.br\/blog\/#organization\"},\"articleSection\":[\"Concursos P\u00fablicos\"],\"inLanguage\":\"pt-BR\",\"potentialAction\":[{\"@type\":\"CommentAction\",\"name\":\"Comment\",\"target\":[\"https:\/\/www.estrategiaconcursos.com.br\/blog\/infracao-grave-por-falta-de-registro-nao-gera-cassacao-da-permissao-para-dirigir\/#respond\"]}],\"copyrightYear\":\"2018\",\"copyrightHolder\":{\"@id\":\"https:\/\/www.estrategiaconcursos.com.br\/blog\/#organization\"}},{\"@type\":\"WebPage\",\"@id\":\"https:\/\/www.estrategiaconcursos.com.br\/blog\/infracao-grave-por-falta-de-registro-nao-gera-cassacao-da-permissao-para-dirigir\/\",\"url\":\"https:\/\/www.estrategiaconcursos.com.br\/blog\/infracao-grave-por-falta-de-registro-nao-gera-cassacao-da-permissao-para-dirigir\/\",\"name\":\"Infra\u00e7\u00e3o grave por falta de registro do ve\u00edculo n\u00e3o gera a \\\"cassa\u00e7\u00e3o da Permiss\u00e3o para Dirigir\\\"\",\"isPartOf\":{\"@id\":\"https:\/\/www.estrategiaconcursos.com.br\/blog\/#website\"},\"datePublished\":\"2018-03-13T14:06:19+00:00\",\"dateModified\":\"2018-03-13T15:07:46+00:00\",\"breadcrumb\":{\"@id\":\"https:\/\/www.estrategiaconcursos.com.br\/blog\/infracao-grave-por-falta-de-registro-nao-gera-cassacao-da-permissao-para-dirigir\/#breadcrumb\"},\"inLanguage\":\"pt-BR\",\"potentialAction\":[{\"@type\":\"ReadAction\",\"target\":[\"https:\/\/www.estrategiaconcursos.com.br\/blog\/infracao-grave-por-falta-de-registro-nao-gera-cassacao-da-permissao-para-dirigir\/\"]}]},{\"@type\":\"BreadcrumbList\",\"@id\":\"https:\/\/www.estrategiaconcursos.com.br\/blog\/infracao-grave-por-falta-de-registro-nao-gera-cassacao-da-permissao-para-dirigir\/#breadcrumb\",\"itemListElement\":[{\"@type\":\"ListItem\",\"position\":1,\"name\":\"In\u00edcio\",\"item\":\"https:\/\/www.estrategiaconcursos.com.br\/blog\/\"},{\"@type\":\"ListItem\",\"position\":2,\"name\":\"Infra\u00e7\u00e3o grave por falta de registro do ve\u00edculo n\u00e3o gera a &#8220;cassa\u00e7\u00e3o da Permiss\u00e3o para Dirigir&#8221;\"}]},{\"@type\":\"WebSite\",\"@id\":\"https:\/\/www.estrategiaconcursos.com.br\/blog\/#website\",\"url\":\"https:\/\/www.estrategiaconcursos.com.br\/blog\/\",\"name\":\"Estrat\u00e9gia Concursos\",\"description\":\"O blog da Estrat\u00e9gia Concursos traz not\u00edcias sobre concursos e artigos de professores oferecendo cursos para concursos (pdf + videaulas) no site.\",\"publisher\":{\"@id\":\"https:\/\/www.estrategiaconcursos.com.br\/blog\/#organization\"},\"potentialAction\":[{\"@type\":\"SearchAction\",\"target\":{\"@type\":\"EntryPoint\",\"urlTemplate\":\"https:\/\/www.estrategiaconcursos.com.br\/blog\/?s={search_term_string}\"},\"query-input\":{\"@type\":\"PropertyValueSpecification\",\"valueRequired\":true,\"valueName\":\"search_term_string\"}}],\"inLanguage\":\"pt-BR\"},{\"@type\":\"Organization\",\"@id\":\"https:\/\/www.estrategiaconcursos.com.br\/blog\/#organization\",\"name\":\"Estrat\u00e9gia Concursos\",\"url\":\"https:\/\/www.estrategiaconcursos.com.br\/blog\/\",\"logo\":{\"@type\":\"ImageObject\",\"inLanguage\":\"pt-BR\",\"@id\":\"https:\/\/www.estrategiaconcursos.com.br\/blog\/#\/schema\/logo\/image\/\",\"url\":\"https:\/\/dhg1h5j42swfq.cloudfront.net\/2025\/06\/03203428\/logo_concursos-1.jpg\",\"contentUrl\":\"https:\/\/dhg1h5j42swfq.cloudfront.net\/2025\/06\/03203428\/logo_concursos-1.jpg\",\"width\":230,\"height\":60,\"caption\":\"Estrat\u00e9gia Concursos\"},\"image\":{\"@id\":\"https:\/\/www.estrategiaconcursos.com.br\/blog\/#\/schema\/logo\/image\/\"},\"sameAs\":[\"https:\/\/x.com\/EstratConcursos\"]},{\"@type\":\"Person\",\"@id\":\"https:\/\/www.estrategiaconcursos.com.br\/blog\/#\/schema\/person\/edda4e500c7c5065d53cfab276ffa8dd\",\"name\":\"Alexandre Herculano\",\"image\":{\"@type\":\"ImageObject\",\"inLanguage\":\"pt-BR\",\"@id\":\"https:\/\/secure.gravatar.com\/avatar\/38cb0c33a42096a75e0d9cdd0d8f7413cf51bcfdd398eb7a35bdcd48e89060f8?s=96&d=mm&r=g\",\"url\":\"https:\/\/secure.gravatar.com\/avatar\/38cb0c33a42096a75e0d9cdd0d8f7413cf51bcfdd398eb7a35bdcd48e89060f8?s=96&d=mm&r=g\",\"contentUrl\":\"https:\/\/secure.gravatar.com\/avatar\/38cb0c33a42096a75e0d9cdd0d8f7413cf51bcfdd398eb7a35bdcd48e89060f8?s=96&d=mm&r=g\",\"caption\":\"Alexandre Herculano\"},\"url\":\"https:\/\/www.estrategiaconcursos.com.br\/blog\/author\/alexandreherculanoestrategiaconcursos-com-br\/\"}]}<\/script>\n<!-- \/ Yoast SEO Premium plugin. -->","yoast_head_json":{"title":"Infra\u00e7\u00e3o grave por falta de registro do ve\u00edculo n\u00e3o gera a \"cassa\u00e7\u00e3o da Permiss\u00e3o para Dirigir\"","robots":{"index":"index","follow":"follow","max-snippet":"max-snippet:-1","max-image-preview":"max-image-preview:large","max-video-preview":"max-video-preview:-1"},"canonical":"https:\/\/www.estrategiaconcursos.com.br\/blog\/infracao-grave-por-falta-de-registro-nao-gera-cassacao-da-permissao-para-dirigir\/","og_locale":"pt_BR","og_type":"article","og_title":"Infra\u00e7\u00e3o grave por falta de registro do ve\u00edculo n\u00e3o gera a \"cassa\u00e7\u00e3o da Permiss\u00e3o para Dirigir\"","og_description":"&nbsp; &nbsp; Ol\u00e1, meus amigos! Acompanhei esta decis\u00e3o, de ontem, do STJ e j\u00e1 pensei numa boa quest\u00e3o para PRF. Segundo o STJ, &#8220;apesar de ser considerada grave pelo\u00a0artigo 233\u00a0do C\u00f3digo de Tr\u00e2nsito Brasileiro (CTB), a infra\u00e7\u00e3o consistente em deixar de efetuar registro de ve\u00edculo no prazo de 30 dias junto ao \u00f3rg\u00e3o de tr\u00e2nsito [&hellip;]","og_url":"https:\/\/www.estrategiaconcursos.com.br\/blog\/infracao-grave-por-falta-de-registro-nao-gera-cassacao-da-permissao-para-dirigir\/","og_site_name":"Estrat\u00e9gia Concursos","article_published_time":"2018-03-13T14:06:19+00:00","article_modified_time":"2018-03-13T15:07:46+00:00","author":"Alexandre Herculano","twitter_card":"summary_large_image","twitter_creator":"@EstratConcursos","twitter_site":"@EstratConcursos","twitter_misc":{"Escrito por":"Alexandre Herculano","Est. tempo de leitura":"3 minutos"},"schema":{"@context":"https:\/\/schema.org","@graph":[{"@type":"NewsArticle","@id":"https:\/\/www.estrategiaconcursos.com.br\/blog\/infracao-grave-por-falta-de-registro-nao-gera-cassacao-da-permissao-para-dirigir\/#article","isPartOf":{"@id":"https:\/\/www.estrategiaconcursos.com.br\/blog\/infracao-grave-por-falta-de-registro-nao-gera-cassacao-da-permissao-para-dirigir\/"},"author":{"name":"Alexandre Herculano","@id":"https:\/\/www.estrategiaconcursos.com.br\/blog\/#\/schema\/person\/edda4e500c7c5065d53cfab276ffa8dd"},"headline":"Infra\u00e7\u00e3o grave por falta de registro do ve\u00edculo n\u00e3o gera a &#8220;cassa\u00e7\u00e3o da Permiss\u00e3o para Dirigir&#8221;","datePublished":"2018-03-13T14:06:19+00:00","dateModified":"2018-03-13T15:07:46+00:00","mainEntityOfPage":{"@id":"https:\/\/www.estrategiaconcursos.com.br\/blog\/infracao-grave-por-falta-de-registro-nao-gera-cassacao-da-permissao-para-dirigir\/"},"wordCount":576,"commentCount":2,"publisher":{"@id":"https:\/\/www.estrategiaconcursos.com.br\/blog\/#organization"},"articleSection":["Concursos P\u00fablicos"],"inLanguage":"pt-BR","potentialAction":[{"@type":"CommentAction","name":"Comment","target":["https:\/\/www.estrategiaconcursos.com.br\/blog\/infracao-grave-por-falta-de-registro-nao-gera-cassacao-da-permissao-para-dirigir\/#respond"]}],"copyrightYear":"2018","copyrightHolder":{"@id":"https:\/\/www.estrategiaconcursos.com.br\/blog\/#organization"}},{"@type":"WebPage","@id":"https:\/\/www.estrategiaconcursos.com.br\/blog\/infracao-grave-por-falta-de-registro-nao-gera-cassacao-da-permissao-para-dirigir\/","url":"https:\/\/www.estrategiaconcursos.com.br\/blog\/infracao-grave-por-falta-de-registro-nao-gera-cassacao-da-permissao-para-dirigir\/","name":"Infra\u00e7\u00e3o grave por falta de registro do ve\u00edculo n\u00e3o gera a \"cassa\u00e7\u00e3o da Permiss\u00e3o para Dirigir\"","isPartOf":{"@id":"https:\/\/www.estrategiaconcursos.com.br\/blog\/#website"},"datePublished":"2018-03-13T14:06:19+00:00","dateModified":"2018-03-13T15:07:46+00:00","breadcrumb":{"@id":"https:\/\/www.estrategiaconcursos.com.br\/blog\/infracao-grave-por-falta-de-registro-nao-gera-cassacao-da-permissao-para-dirigir\/#breadcrumb"},"inLanguage":"pt-BR","potentialAction":[{"@type":"ReadAction","target":["https:\/\/www.estrategiaconcursos.com.br\/blog\/infracao-grave-por-falta-de-registro-nao-gera-cassacao-da-permissao-para-dirigir\/"]}]},{"@type":"BreadcrumbList","@id":"https:\/\/www.estrategiaconcursos.com.br\/blog\/infracao-grave-por-falta-de-registro-nao-gera-cassacao-da-permissao-para-dirigir\/#breadcrumb","itemListElement":[{"@type":"ListItem","position":1,"name":"In\u00edcio","item":"https:\/\/www.estrategiaconcursos.com.br\/blog\/"},{"@type":"ListItem","position":2,"name":"Infra\u00e7\u00e3o grave por falta de registro do ve\u00edculo n\u00e3o gera a &#8220;cassa\u00e7\u00e3o da Permiss\u00e3o para Dirigir&#8221;"}]},{"@type":"WebSite","@id":"https:\/\/www.estrategiaconcursos.com.br\/blog\/#website","url":"https:\/\/www.estrategiaconcursos.com.br\/blog\/","name":"Estrat\u00e9gia Concursos","description":"O blog da Estrat\u00e9gia Concursos traz not\u00edcias sobre concursos e artigos de professores oferecendo cursos para concursos (pdf + videaulas) no site.","publisher":{"@id":"https:\/\/www.estrategiaconcursos.com.br\/blog\/#organization"},"potentialAction":[{"@type":"SearchAction","target":{"@type":"EntryPoint","urlTemplate":"https:\/\/www.estrategiaconcursos.com.br\/blog\/?s={search_term_string}"},"query-input":{"@type":"PropertyValueSpecification","valueRequired":true,"valueName":"search_term_string"}}],"inLanguage":"pt-BR"},{"@type":"Organization","@id":"https:\/\/www.estrategiaconcursos.com.br\/blog\/#organization","name":"Estrat\u00e9gia Concursos","url":"https:\/\/www.estrategiaconcursos.com.br\/blog\/","logo":{"@type":"ImageObject","inLanguage":"pt-BR","@id":"https:\/\/www.estrategiaconcursos.com.br\/blog\/#\/schema\/logo\/image\/","url":"https:\/\/dhg1h5j42swfq.cloudfront.net\/2025\/06\/03203428\/logo_concursos-1.jpg","contentUrl":"https:\/\/dhg1h5j42swfq.cloudfront.net\/2025\/06\/03203428\/logo_concursos-1.jpg","width":230,"height":60,"caption":"Estrat\u00e9gia Concursos"},"image":{"@id":"https:\/\/www.estrategiaconcursos.com.br\/blog\/#\/schema\/logo\/image\/"},"sameAs":["https:\/\/x.com\/EstratConcursos"]},{"@type":"Person","@id":"https:\/\/www.estrategiaconcursos.com.br\/blog\/#\/schema\/person\/edda4e500c7c5065d53cfab276ffa8dd","name":"Alexandre Herculano","image":{"@type":"ImageObject","inLanguage":"pt-BR","@id":"https:\/\/secure.gravatar.com\/avatar\/38cb0c33a42096a75e0d9cdd0d8f7413cf51bcfdd398eb7a35bdcd48e89060f8?s=96&d=mm&r=g","url":"https:\/\/secure.gravatar.com\/avatar\/38cb0c33a42096a75e0d9cdd0d8f7413cf51bcfdd398eb7a35bdcd48e89060f8?s=96&d=mm&r=g","contentUrl":"https:\/\/secure.gravatar.com\/avatar\/38cb0c33a42096a75e0d9cdd0d8f7413cf51bcfdd398eb7a35bdcd48e89060f8?s=96&d=mm&r=g","caption":"Alexandre Herculano"},"url":"https:\/\/www.estrategiaconcursos.com.br\/blog\/author\/alexandreherculanoestrategiaconcursos-com-br\/"}]}},"_links":{"self":[{"href":"https:\/\/www.estrategiaconcursos.com.br\/blog\/wp-json\/wp\/v2\/posts\/111062","targetHints":{"allow":["GET"]}}],"collection":[{"href":"https:\/\/www.estrategiaconcursos.com.br\/blog\/wp-json\/wp\/v2\/posts"}],"about":[{"href":"https:\/\/www.estrategiaconcursos.com.br\/blog\/wp-json\/wp\/v2\/types\/post"}],"author":[{"embeddable":true,"href":"https:\/\/www.estrategiaconcursos.com.br\/blog\/wp-json\/wp\/v2\/users\/86"}],"replies":[{"embeddable":true,"href":"https:\/\/www.estrategiaconcursos.com.br\/blog\/wp-json\/wp\/v2\/comments?post=111062"}],"version-history":[{"count":5,"href":"https:\/\/www.estrategiaconcursos.com.br\/blog\/wp-json\/wp\/v2\/posts\/111062\/revisions"}],"predecessor-version":[{"id":111070,"href":"https:\/\/www.estrategiaconcursos.com.br\/blog\/wp-json\/wp\/v2\/posts\/111062\/revisions\/111070"}],"wp:attachment":[{"href":"https:\/\/www.estrategiaconcursos.com.br\/blog\/wp-json\/wp\/v2\/media?parent=111062"}],"wp:term":[{"taxonomy":"category","embeddable":true,"href":"https:\/\/www.estrategiaconcursos.com.br\/blog\/wp-json\/wp\/v2\/categories?post=111062"},{"taxonomy":"post_tag","embeddable":true,"href":"https:\/\/www.estrategiaconcursos.com.br\/blog\/wp-json\/wp\/v2\/tags?post=111062"},{"taxonomy":"tax_estado","embeddable":true,"href":"https:\/\/www.estrategiaconcursos.com.br\/blog\/wp-json\/wp\/v2\/tax_estado?post=111062"}],"curies":[{"name":"wp","href":"https:\/\/api.w.org\/{rel}","templated":true}]}}