{"id":111005,"date":"2018-03-13T17:06:50","date_gmt":"2018-03-13T20:06:50","guid":{"rendered":"https:\/\/www.estrategiaconcursos.com.br\/blog\/?p=111005"},"modified":"2018-03-13T17:03:03","modified_gmt":"2018-03-13T20:03:03","slug":"gabarito-preliminar-detran-ce-analista-legislacao-de-transito-e-transportes-com-recurso","status":"publish","type":"post","link":"https:\/\/www.estrategiaconcursos.com.br\/blog\/gabarito-preliminar-detran-ce-analista-legislacao-de-transito-e-transportes-com-recurso\/","title":{"rendered":"Gabarito Preliminar DETRAN\/CE ANALISTA Completo &#8211; Legisla\u00e7\u00e3o de Tr\u00e2nsito e Transportes [Com Recursos]"},"content":{"rendered":"<p><em><strong>Gabarito Preliminar DETRAN\/CE ANALISTA Completo &#8211; Legisla\u00e7\u00e3o de Tr\u00e2nsito e Transportes [Com Recursos]<\/strong><\/em><\/p>\n<p>Ol\u00e1, amigos!<\/p>\n<p>Para quem n\u00e3o me conhece ainda, meu nome \u00e9 <strong>Marcos Gir\u00e3o<\/strong> e sou professor aqui do Estrat\u00e9gia Concursos, lecionando as disciplinas Leis Penais Especiais, Legisla\u00e7\u00e3o de Tr\u00e2nsito e Legisla\u00e7\u00e3o Espec\u00edfica para Concursos P\u00fablicos.<\/p>\n<p>Para o certame<strong> DETRAN\/CE 2017\/2018<\/strong>, fiquei respons\u00e1vel por ministrar, junto ao <strong>Prof. Alexandre Herculano,<\/strong>\u00a0 as disciplinas da parte de <strong>Legisla\u00e7\u00e3o de Tr\u00e2nsito e Transportes para Analista de Tr\u00e2nsito<\/strong>! Vamos aqui, portanto, passar o coment\u00e1rio do gabarito preliminar da prova aplicada no \u00faltimo domingo, pela FUNECE\/UECE.<\/p>\n<p>Nossos alunos Estrat\u00e9gia adoraram o que viram e est\u00e3o celebrando seus desempenhos!!!Esses devem ter sorrido quando viram as quest\u00f5es!<\/p>\n<p>Vamos l\u00e1!<\/p>\n<p><strong><u>QUEST\u00d5ES\u00a0 &#8211; LEGISLA\u00c7\u00c3O DE TR\u00c2NSITO E TRANSPORTES &#8211; PROVA 1:<\/u><\/strong><\/p>\n<p><strong>26. Assinale a op\u00e7\u00e3o que corresponde a requisito(s) que o condutor de ve\u00edculo destinado \u00e0 condu\u00e7\u00e3o de escolares deve satisfazer.<\/strong><\/p>\n<p>A) Ter idade superior a dezoito anos.<\/p>\n<p>B) Ser habilitado na categoria E.<\/p>\n<p>C) N\u00e3o ter sido condenado criminalmente.<\/p>\n<p>D) N\u00e3o ter cometido nenhuma infra\u00e7\u00e3o grave ou grav\u00edssima, ou ser reincidente em infra\u00e7\u00f5es m\u00e9dias durante os doze \u00faltimos meses.<\/p>\n<p><u>Coment\u00e1rio<\/u>:<\/p>\n<p>Segundo o que versa o art. 138 do CTB:<\/p>\n<p><em>Art. 138. O condutor de ve\u00edculo destinado \u00e0 condu\u00e7\u00e3o de escolares deve satisfazer os seguintes requisitos:<\/em><\/p>\n<p><em>\u00a0I &#8211; ter idade superior <strong>a vinte e um anos<\/strong>;<\/em><\/p>\n<p><em>\u00a0II &#8211; ser habilitado na <strong>categoria D<\/strong>;<\/em><\/p>\n<p><em>\u00a0IV &#8211; <strong>n\u00e3o ter cometido nenhuma infra\u00e7\u00e3o grave ou grav\u00edssima, ou ser reincidente em infra\u00e7\u00f5es m\u00e9dias durante os doze \u00faltimos meses<\/strong>;<\/em><\/p>\n<p><em>V &#8211; ser aprovado em curso especializado, nos termos da regulamenta\u00e7\u00e3o do CONTRAN.<\/em><\/p>\n<p>N\u00e3o ter sido condenado criminalmente n\u00e3o \u00e9 um dos requisitos previstos na regra acima citada.<\/p>\n<p>Gabarito: <strong>Letra \u201cD&#8221;<\/strong><\/p>\n<p><strong>27. Com fundamento na Resolu\u00e7\u00e3o n\u00ba 622\/2016 do Conselho Nacional de Tr\u00e2nsito \u2013 CONTRAN \u2013, pode-se afirmar corretamente que<\/strong><\/p>\n<p>A) a utiliza\u00e7\u00e3o do Sistema de Notifica\u00e7\u00e3o Eletr\u00f4nica n\u00e3o substitui qualquer outra forma de notifica\u00e7\u00e3o para todos os efeitos legais.<\/p>\n<p>B) na hip\u00f3tese de notifica\u00e7\u00e3o por meio eletr\u00f4nico, o propriet\u00e1rio ou o condutor autuado ser\u00e1 considerado notificado 30 (trinta) dias ap\u00f3s a inclus\u00e3o da informa\u00e7\u00e3o no sistema eletr\u00f4nico.<\/p>\n<p>C) \u00e9 de exclusiva responsabilidade do usu\u00e1rio e de cada DETRAN, o acesso ao Sistema de Notifica\u00e7\u00e3o Eletr\u00f4nica, respondendo ambos, solidariamente, por todos os atos praticados.<\/p>\n<p>D) o Sistema de Notifica\u00e7\u00e3o Eletr\u00f4nica n\u00e3o permitir\u00e1 o parcelamento das multas de tr\u00e2nsito.<\/p>\n<p><u>Coment\u00e1rio<\/u>:<\/p>\n<p>A \u2013 Errado. A utiliza\u00e7\u00e3o do Sistema de Notifica\u00e7\u00e3o Eletr\u00f4nica <span style=\"text-decoration: line-through\">n\u00e3o<\/span> <strong>substitui sim<\/strong> qualquer outra forma de notifica\u00e7\u00e3o para todos os efeitos legais. (art. 5\u00ba, \u00a77\u00ba)<\/p>\n<p>B \u2013 Certo. Na hip\u00f3tese de notifica\u00e7\u00e3o por meio eletr\u00f4nico, o propriet\u00e1rio ou o condutor autuado ser\u00e1 considerado notificado 30 (trinta) dias ap\u00f3s a inclus\u00e3o da informa\u00e7\u00e3o no sistema eletr\u00f4nico. (art. 5\u00ba, \u00a75\u00ba)<\/p>\n<p>C \u2013 Errado. \u00e9 de exclusiva responsabilidade <strong>do usu\u00e1rio<\/strong> <span style=\"text-decoration: line-through\">e de cada DETRAN<\/span>, o acesso ao Sistema de Notifica\u00e7\u00e3o Eletr\u00f4nica, respondendo este<span style=\"text-decoration: line-through\">ambos, solidariamente,<\/span> por todos os atos praticados. (art. 5\u00ba, \u00a72\u00ba)<\/p>\n<p>D \u2013 Certo. O Sistema de Notifica\u00e7\u00e3o Eletr\u00f4nica n\u00e3o permitir\u00e1 o parcelamento das multas de tr\u00e2nsito. (art. 8\u00ba, \u00a74\u00ba)<\/p>\n<p><span style=\"color: #ff0000\"><strong>Com h\u00e1 duas respostas corretas, pede-se a ANULA\u00c7\u00c3O da quest\u00e3o.<\/strong><\/span><\/p>\n<p><strong>Gabarito: NULA<\/strong><\/p>\n<p><strong>28. Atente \u00e0 seguinte proposi\u00e7\u00e3o:<\/strong><\/p>\n<p><strong>\u201cOs \u00f3rg\u00e3os e entidades componentes do Sistema Nacional de Tr\u00e2nsito respondem, no \u00e2mbito das respectivas compet\u00eancias, objetivamente, por danos causados aos cidad\u00e3os em virtude de a\u00e7\u00e3o, omiss\u00e3o ou erro na execu\u00e7\u00e3o e manuten\u00e7\u00e3o de programas, projetos e servi\u00e7os que garantam o exerc\u00edcio do direito do tr\u00e2nsito seguro\u201d.<\/strong><\/p>\n<p><strong>Considerando a proposi\u00e7\u00e3o acima, \u00e9 correto afirmar que<\/strong><\/p>\n<p>A) \u00e9 falsa, pois a responsabilidade referida \u00e9 subjetiva, necessitando da comprova\u00e7\u00e3o de culpa.<\/p>\n<p>B) \u00e9 verdadeira, pois a responsabilidade referida \u00e9 subjetiva, n\u00e3o necessitando da comprova\u00e7\u00e3o de culpa.<\/p>\n<p>C) \u00e9 falsa, pois a responsabilidade referida \u00e9 objetiva, necessitando da comprova\u00e7\u00e3o de culpa.<\/p>\n<p>D) \u00e9 verdadeira, pois a responsabilidade referida \u00e9 objetiva, n\u00e3o necessitando da comprova\u00e7\u00e3o de culpa.<\/p>\n<p><u>Coment\u00e1rio<\/u>:<\/p>\n<p>A afirma\u00e7\u00e3o acima consta no \u00a73\u00ba do art. 1\u00ba do CTB e \u00e9 verdadeira, pois a responsabilidade referida \u00e9 objetiva, n\u00e3o necessitando da comprova\u00e7\u00e3o de culpa.<\/p>\n<p>Gabarito: <strong>Letra \u201cD\u201d<\/strong><\/p>\n<p><strong>29. S\u00e3o componentes do CONTRAN:<\/strong><\/p>\n<p>A) um representante do Minist\u00e9rio da Ci\u00eancia e Tecnologia e um representante do Minist\u00e9rio da Defesa.<\/p>\n<p>B) um representante do Minist\u00e9rio das Rela\u00e7\u00f5es Exteriores e um representante do Minist\u00e9rio da Justi\u00e7a.<\/p>\n<p>C) um representante do Minist\u00e9rio da Educa\u00e7\u00e3o e do Desporto e um representante do Minist\u00e9rio da Sa\u00fade.<\/p>\n<p>D) um representante do Minist\u00e9rio do Trabalho e Emprego e um representante do Minist\u00e9rio dos Transportes.<\/p>\n<p><u>Coment\u00e1rio<\/u>:<\/p>\n<p><strong>Aqui a banca pediu a literalidade do art. 7\u00ba do CTB. De acordo com esse dispositivo, s\u00e3o componentes do CONTRAN:<\/strong><\/p>\n<p>A &#8211; um representante do Minist\u00e9rio da Ci\u00eancia e Tecnologia (<span style=\"color: #0000ff\"><strong>ok<\/strong><\/span>) e um representante do Minist\u00e9rio da Defesa (<span style=\"color: #ff0000\"><strong>errado, pois na letra da lei ainda consta Minist\u00e9rio do Ex\u00e9rcito<\/strong><\/span>).<\/p>\n<p><span style=\"color: #ff0000\"><strong><em>Obs: voc\u00ea pode recorrer se quiser, alegando que o Decreto n\u00ba 4.711\/2003 traz o Minist\u00e9rio da Defesa como componente, o que \u00e9 verdade, j\u00e1 que n\u00e3o existe mais o Minist\u00e9rio do Ex\u00e9rcito. No entanto, ainda consta na letra do CTB o Minist\u00e9rio do Ex\u00e9rcito, e a banca foi por a\u00ed. Mas cabe recurso sim!<\/em><\/strong><\/span><\/p>\n<p>B &#8211; um representante do Minist\u00e9rio das Rela\u00e7\u00f5es Exteriores (<span style=\"color: #ff0000\"><strong>errado<\/strong><\/span>) e um representante do Minist\u00e9rio da Justi\u00e7a (<span style=\"color: #0000ff\"><strong>ok<\/strong><\/span>).<\/p>\n<p>C &#8211; um representante do Minist\u00e9rio da Educa\u00e7\u00e3o e do Desporto (<span style=\"color: #0000ff\"><strong>ok<\/strong><\/span>) e um representante do Minist\u00e9rio da Sa\u00fade (<span style=\"color: #0000ff\"><strong>ok<\/strong><\/span>).<\/p>\n<p>D &#8211;\u00a0 um representante do Minist\u00e9rio do Trabalho e Emprego (<span style=\"color: #ff0000\"><strong>errado<\/strong><\/span>) e um representante do Minist\u00e9rio dos Transportes (<span style=\"color: #0000ff\"><strong>ok<\/strong><\/span>).<\/p>\n<p>Gabarito:<strong> Letra \u201cC\u201d<\/strong><\/p>\n<p><strong>30. Compete aos \u00f3rg\u00e3os ou entidades executivos de tr\u00e2nsito dos Estados e do Distrito Federal, no \u00e2mbito de sua circunscri\u00e7\u00e3o:<\/strong><\/p>\n<p>A) vistoriar ve\u00edculos que necessitem de autoriza\u00e7\u00e3o especial para transitar, e estabelecer os requisitos t\u00e9cnicos a serem observados para a circula\u00e7\u00e3o desses ve\u00edculos.<\/p>\n<p>B) credenciar \u00f3rg\u00e3os ou entidades para a execu\u00e7\u00e3o de atividades previstas na legisla\u00e7\u00e3o de tr\u00e2nsito, na forma estabelecida em norma do CONTRAN.<\/p>\n<p>C) arrecadar valores provenientes de estada e remo\u00e7\u00e3o de ve\u00edculos e objetos, e escolta de ve\u00edculos de cargas superdimensionadas ou perigosas.<\/p>\n<p>D) implantar, manter e operar o sistema de sinaliza\u00e7\u00e3o, os dispositivos e os equipamentos de controle vi\u00e1rio.<\/p>\n<p><u>Coment\u00e1rio<\/u>:<\/p>\n<p>A resposta correta \u00e9 o item B (art. 22, X). O item A s demais itens trazem compet\u00eancias dos \u00f3rg\u00e3os executivos municipais de tr\u00e2nsito e dos executivos rodovi\u00e1rios.<\/p>\n<p>Gabarito:<strong> Letra \u201cB\u201d <\/strong><\/p>\n<p><strong>31. Nos termos da Resolu\u00e7\u00e3o n\u00ba 205\/2006 do CONTRAN, s\u00e3o documentos de porte obrigat\u00f3rio:<\/strong><\/p>\n<p>A) Permiss\u00e3o para Dirigir e Certificado de Registro e Licenciamento Anual \u2013 CRLV \u2013, no original.<\/p>\n<p>B) Autoriza\u00e7\u00e3o para Conduzir Ciclomotor \u2013 ACC \u2013 e comprovante de pagamento do IPVA.<\/p>\n<p>C) Carteira Nacional de Habilita\u00e7\u00e3o \u2013 CNH \u2013 e Licenciamento Anual \u2013 CRLV \u2013, no original ou em c\u00f3pia autenticada.<\/p>\n<p>D) Comprovante de pagamento do IPVA e Carteira Nacional de Habilita\u00e7\u00e3o \u2013 CNH.<\/p>\n<p><u>Coment\u00e1rio<\/u>:<\/p>\n<p>F\u00e1cil demais! Segundo o que regulamenta a Resolu\u00e7\u00e3o n\u00ba 205\/2006 do CONTRAN, s\u00e3o documentos de porte obrigat\u00f3rio: Permiss\u00e3o para Dirigir e Certificado de Registro e Licenciamento Anual \u2013 CRLV \u2013, no original.<\/p>\n<p>Gabarito: <strong>Letra \u201cA\u201d<\/strong><\/p>\n<p><strong>32. Fundamentando-se na Resolu\u00e7\u00e3o n\u00ba 623\/2016 do CONTRAN, pode-se afirmar corretamente que<\/strong><\/p>\n<p>A) sucatas aproveit\u00e1veis s\u00e3o aquelas transformadas em fardos met\u00e1licos, por processo de prensagem ou tritura\u00e7\u00e3o, sendo desnecess\u00e1ria a inutiliza\u00e7\u00e3o de placas e numera\u00e7\u00e3o do chassi quando a prensagem ocorrer em local supervisionado pelo \u00f3rg\u00e3o respons\u00e1vel pelo leil\u00e3o.<\/p>\n<p>B) o \u00f3rg\u00e3o ou entidade respons\u00e1vel pelo leil\u00e3o a que o ve\u00edculo for destinado n\u00e3o poder\u00e1 reclassificar a avalia\u00e7\u00e3o do ve\u00edculo.<\/p>\n<p>C) a despesa de remo\u00e7\u00e3o e estada ser\u00e1 devida integralmente, por per\u00edodo contado em dias, a partir do recolhimento do ve\u00edculo, limitado ao prazo m\u00e1ximo de 3 (tr\u00eas) meses.<\/p>\n<p>D) os ve\u00edculos, sucatas e materiais inserv\u00edveis de bens automotores que se encontrarem recolhidos h\u00e1 mais de 1 (um) ano poder\u00e3o ser destinados \u00e0 reciclagem como material ferroso, independentemente da exist\u00eancia de restri\u00e7\u00f5es sobre o ve\u00edculo.<\/p>\n<p><u>Coment\u00e1rio<\/u>:<\/p>\n<p>A \u2013 Errado. Sucatas <strong>inserv\u00edveis<\/strong> <span style=\"text-decoration: line-through\">aproveit\u00e1veis<\/span> s\u00e3o aquelas transformadas em fardos met\u00e1licos, por processo de prensagem ou tritura\u00e7\u00e3o, sendo desnecess\u00e1ria a inutiliza\u00e7\u00e3o de placas e numera\u00e7\u00e3o do chassi quando a prensagem ocorrer em local supervisionado pelo \u00f3rg\u00e3o respons\u00e1vel pelo leil\u00e3o. (art. 16, \u00a72\u00ba, II)<\/p>\n<p>B \u2013 Errado. O \u00f3rg\u00e3o ou entidade respons\u00e1vel pelo leil\u00e3o <strong>poder\u00e1 reclassificar a avalia\u00e7\u00e3o do ve\u00edculo<\/strong>, realizada por profissional terceirizado, levando em conta os princ\u00edpios da economicidade, celeridade processual e efici\u00eancia. \u00a0(art. 15, par\u00e1grafo \u00fanico)<\/p>\n<p>C \u2013 Errado. A despesa de remo\u00e7\u00e3o e estada ser\u00e1 devida integralmente, por per\u00edodo contado em dias, a partir do recolhimento do ve\u00edculo, limitado ao prazo m\u00e1ximo de <strong>6 (seis)<\/strong> <span style=\"text-decoration: line-through\">3 (tr\u00eas)<\/span> meses. (art. 8\u00ba, \u00a72\u00ba)<\/p>\n<p>D \u2013 Certo. Os ve\u00edculos, sucatas e materiais inserv\u00edveis de bens automotores que se encontrarem recolhidos h\u00e1 mais de 1 (um) ano poder\u00e3o ser destinados \u00e0 reciclagem como material ferroso, independentemente da exist\u00eancia de restri\u00e7\u00f5es sobre o ve\u00edculo. (art. 16, \u00a74\u00ba)<\/p>\n<p>Gabarito: <strong>Letra \u201cD\u201d<\/strong><\/p>\n<p><strong>33. Compete ao CONTRAN<\/strong><\/p>\n<p>A) estabelecer e normatizar os procedimentos para a aplica\u00e7\u00e3o das multas por infra\u00e7\u00f5es, a arrecada\u00e7\u00e3o e o repasse dos valores arrecadados.<\/p>\n<p>B) estimular e orientar a execu\u00e7\u00e3o de campanhas educativas de tr\u00e2nsito.<\/p>\n<p>C) responder a consultas relativas \u00e0 aplica\u00e7\u00e3o da legisla\u00e7\u00e3o e dos procedimentos normativos de tr\u00e2nsito.<\/p>\n<p>D) dirimir conflitos sobre circunscri\u00e7\u00e3o e compet\u00eancia de tr\u00e2nsito no \u00e2mbito dos Munic\u00edpios.<\/p>\n<p><u>Coment\u00e1rio<\/u>:<\/p>\n<p>Apenas o item A traz um compet\u00eancia do CONTRAN (art. 12, VIII). Os demais intes trazem compet\u00eancias dos CETRANs e do CONTRANDIFE. (art. 14, III, IV e IX).<\/p>\n<p>Gabarito: <strong>Letra \u201cA\u201d<\/strong><\/p>\n<p><strong>34. No que concerne \u00e0 penalidade de multa prevista nos crimes de tr\u00e2nsito, \u00e9 correto afirmar que <\/strong><\/p>\n<p>A) a multa reparat\u00f3ria poder\u00e1 ser superior ao valor do preju\u00edzo demonstrado no processo.<\/p>\n<p>B) a multa prevista nos crimes de tr\u00e2nsito \u00e9 a mesma prevista nas demais infra\u00e7\u00f5es previstas no C\u00f3digo de Tr\u00e2nsito Brasileiro \u2013 CTB.<\/p>\n<p>C) na indeniza\u00e7\u00e3o civil do dano, o valor da multa reparat\u00f3ria ser\u00e1 descontado.<\/p>\n<p>D) a penalidade de multa reparat\u00f3ria consiste no pagamento, mediante dep\u00f3sito judicial em favor da v\u00edtima, ou seus sucessores, de quantia, ainda que n\u00e3o haja preju\u00edzo material resultante do crime.<\/p>\n<p><u>Coment\u00e1rio<\/u>:<\/p>\n<p>A \u2013 Errado. A multa reparat\u00f3ria <strong>N\u00c3O<\/strong> poder\u00e1 ser superior ao valor do preju\u00edzo demonstrado no processo. (art. 297, \u00a71\u00ba)<\/p>\n<p>B \u2013 Errado. De forma alguma! A multa prevista nos crimes de tr\u00e2nsito se trata de pena prevista em \u00e2mbito penal e a ela aplica-se o disposto nos arts. 50 a 52 do C\u00f3digo Penal (art. 297, \u00a72\u00ba).<\/p>\n<p>C \u2013 Certo. Na indeniza\u00e7\u00e3o civil do dano, o valor da multa reparat\u00f3ria ser\u00e1 descontado. (art. 297, \u00a73\u00ba)<\/p>\n<p>D \u2013 Errado. A penalidade de multa reparat\u00f3ria consiste no pagamento, mediante dep\u00f3sito judicial em favor da v\u00edtima, ou seus sucessores, de quantia, <strong>sempre<\/strong> <span style=\"text-decoration: line-through\">ainda<\/span> que n\u00e3o haja preju\u00edzo material resultante do crime.<\/p>\n<p>Gabarito: <strong>Letra \u201cC\u201d<\/strong><\/p>\n<p><strong>35. <\/strong><strong>No que tange \u00e0 tem\u00e1tica da seguran\u00e7a dos ve\u00edculos e com base no artigo abaixo transcrito, assinale a op\u00e7\u00e3o que completa, correta e respectivamente, as lacunas do dispositivo legal apresentado em seguida.<\/strong><\/p>\n<p><strong>\u201cArt. 104. Os ve\u00edculos em circula\u00e7\u00e3o ter\u00e3o suas condi\u00e7\u00f5es de seguran\u00e7a, de controle de emiss\u00e3o de gases poluentes e de ru\u00eddo avaliadas mediante inspe\u00e7\u00e3o, que ser\u00e1 obrigat\u00f3ria, na forma e periodicidade estabelecidas pelo CONTRAN para os itens de seguran\u00e7a e pelo CONAMA para emiss\u00e3o de gases poluentes e ru\u00eddo.\u201d<\/strong><\/p>\n<p><strong>\u201cEstar\u00e3o isentos da inspe\u00e7\u00e3o de que trata o caput do art. 104, durante ______\u00b9 anos a partir do primeiro licenciamento, os ve\u00edculos novos classificados na categoria particular, com capacidade para at\u00e9 ______\u00b2 passageiros, desde que mantenham suas caracter\u00edsticas originais de f\u00e1brica e n\u00e3o se envolvam em acidente de tr\u00e2nsito com danos de m\u00e9dia ou grande monta.\u201d<\/strong><\/p>\n<p>A) 3 (tr\u00eas)\u00b9; 5 (cinco)\u00b2<\/p>\n<p>B) 3 (tr\u00eas)\u00b9; 7 (sete)\u00b2<\/p>\n<p>C) 2 (dois)\u00b9; 5 (cinco)\u00b2<\/p>\n<p>D) 2 (dois)\u00b9; 7 (sete)\u00b2<\/p>\n<p><u>Coment\u00e1rio<\/u>:<\/p>\n<p>Vou responder, repetindo o conte\u00fado do \u00a76\u00ba do art. 104 do CTB:<\/p>\n<p>\u201cEstar\u00e3o isentos da inspe\u00e7\u00e3o de que trata o caput do art. 104, durante <strong>3 (tr\u00eas)\u00b9<\/strong> anos a partir do primeiro licenciamento, os ve\u00edculos novos classificados na categoria particular, com capacidade para at\u00e9 <strong>7 (sete)\u00b2<\/strong> passageiros, desde que mantenham suas caracter\u00edsticas originais de f\u00e1brica e n\u00e3o se envolvam em acidente de tr\u00e2nsito com danos de m\u00e9dia ou grande monta.\u201d<\/p>\n<p>Gabarito: <strong>Letra \u201cB\u201d<\/strong><\/p>\n<p><strong>36. Tomando por base a Lei Estadual N\u00ba 13.094\/2001 (DOE de 12\/01\/2001), que regula o Sistema de Transporte Rodovi\u00e1rio Intermunicipal de Passageiros do Estado do Cear\u00e1, assinale a afirma\u00e7\u00e3o verdadeira.<\/strong><\/p>\n<p>A) A concess\u00e3o ser\u00e1 outorgada pelo prazo m\u00e1ximo de 07 (sete) anos, podendo ser prorrogada, por uma \u00fanica vez, por at\u00e9 igual per\u00edodo, a crit\u00e9rio exclusivo do poder concedente, desde que haja interesse p\u00fablico e anu\u00eancia da concession\u00e1ria na prorroga\u00e7\u00e3o do contrato e na continuidade da presta\u00e7\u00e3o do servi\u00e7o.<\/p>\n<p>B) A permiss\u00e3o poder\u00e1 ser outorgada por prazo m\u00e1ximo de 5 (cinco) anos, podendo ser prorrogada, por uma \u00fanica vez, por at\u00e9 igual per\u00edodo, a crit\u00e9rio exclusivo do poder concedente, desde que haja interesse p\u00fablico, atendimento do resultado do \u00edndice de que trata o art. 80 dessa Lei e anu\u00eancia do permission\u00e1rio na prorroga\u00e7\u00e3o do termo de permiss\u00e3o e na continuidade da presta\u00e7\u00e3o do servi\u00e7o.<\/p>\n<p>C) As linhas regulares ser\u00e3o criadas, alteradas ou extintas a crit\u00e9rio exclusivo do Poder Concedente, visando \u00e0 satisfa\u00e7\u00e3o do interesse p\u00fablico, observadas a oportunidade e a conveni\u00eancia da medida.<\/p>\n<p>D) A extin\u00e7\u00e3o da concess\u00e3o ou permiss\u00e3o, por infra\u00e7\u00e3o \u00e0 norma legal, regular ou pactuada, incluindo essa Lei, n\u00e3o implica a perda da garantia pela concession\u00e1ria ou permission\u00e1ria, em favor do poder concedente.<\/p>\n<p><u>Coment\u00e1rio<\/u>:<\/p>\n<p>A \u2013 Errado. A concess\u00e3o ser\u00e1 outorgada pelo prazo m\u00e1ximo de <strong>10 (dez)<\/strong> <span style=\"text-decoration: line-through\">07 (sete) anos<\/span>, podendo ser prorrogada, por uma \u00fanica vez, por at\u00e9 igual per\u00edodo, a crit\u00e9rio exclusivo do poder concedente, desde que haja interesse p\u00fablico e anu\u00eancia da concession\u00e1ria na prorroga\u00e7\u00e3o do contrato e na continuidade da presta\u00e7\u00e3o do servi\u00e7o. (art. 4\u00ba, \u00a72\u00ba)<\/p>\n<p>B \u2013 Errado. A permiss\u00e3o poder\u00e1 ser outorgada por prazo m\u00e1ximo de <strong>6 (seis)<\/strong> <span style=\"text-decoration: line-through\">5 (cinco) anos<\/span>, podendo ser prorrogada, por uma \u00fanica vez, por at\u00e9 igual per\u00edodo, a crit\u00e9rio exclusivo do poder concedente, desde que haja interesse p\u00fablico, atendimento do resultado do \u00edndice de que trata o art. 80 dessa Lei e anu\u00eancia do permission\u00e1rio na prorroga\u00e7\u00e3o do termo de permiss\u00e3o e na continuidade da presta\u00e7\u00e3o do servi\u00e7o. (art. 4\u00ba, \u00a73\u00ba)<\/p>\n<p>C \u2013 Certo. As linhas regulares ser\u00e3o criadas, alteradas ou extintas a crit\u00e9rio exclusivo do Poder Concedente, visando \u00e0 satisfa\u00e7\u00e3o do interesse p\u00fablico, observadas a oportunidade e a conveni\u00eancia da medida. (art. 4\u00ba, \u00a74\u00ba)<\/p>\n<p>D \u2013 Errado. A extin\u00e7\u00e3o da concess\u00e3o ou permiss\u00e3o, por infra\u00e7\u00e3o \u00e0 norma legal, regular ou pactuada, incluindo essa Lei, <span style=\"text-decoration: line-through\">n\u00e3o<\/span> <strong>implica<\/strong> a perda da garantia pela concession\u00e1ria ou permission\u00e1ria, em favor do poder concedente. (art. 11, \u00a71\u00ba)<\/p>\n<p>Gabarito:<strong> Letra \u201cC\u201d<\/strong><\/p>\n<p><strong>37. Quanto \u00e0 identifica\u00e7\u00e3o do ve\u00edculo, pode-se afirmar corretamente que<\/strong><\/p>\n<p>A) os caracteres das placas ser\u00e3o individualizados para cada ve\u00edculo e o acompanhar\u00e3o at\u00e9 a baixa do registro, permitido seu reaproveitamento.<\/p>\n<p>B) as placas com as cores verde e amarela da Bandeira Nacional ser\u00e3o usadas somente pelos ve\u00edculos de representa\u00e7\u00e3o dos Presidentes dos Tribunais Federais, dos Governadores, Prefeitos, Secret\u00e1rios Estaduais e Municipais, dos Presidentes das Assembleias Legislativas, das C\u00e2maras Municipais, dos Presidentes dos Tribunais Estaduais e do Distrito Federal, e do respectivo chefe do Minist\u00e9rio P\u00fablico e ainda dos Oficiais Generais das For\u00e7as Armadas.<\/p>\n<p>C) os aparelhos automotores destinados a puxar ou a arrastar maquinaria de qualquer natureza ou a executar trabalhos de constru\u00e7\u00e3o ou de pavimenta\u00e7\u00e3o s\u00e3o sujeitos ao registro na reparti\u00e7\u00e3o competente, se transitarem em via p\u00fablica, sendo obrigat\u00f3rio o licenciamento e o emplacamento.<\/p>\n<p>D) os ve\u00edculos de duas ou tr\u00eas rodas s\u00e3o dispensados da placa dianteira.<\/p>\n<p><u>Coment\u00e1rio<\/u>:<\/p>\n<p>A \u2013 Errado. Os caracteres das placas ser\u00e3o individualizados para cada ve\u00edculo e o acompanhar\u00e3o at\u00e9 a baixa do registro, <strong>sendo vedado<\/strong> seu reaproveitamento. (art. 115, \u00a71\u00ba)<\/p>\n<p>B &#8211; As placas com as cores verde e amarela da Bandeira Nacional ser\u00e3o usadas somente pelos ve\u00edculos de representa\u00e7\u00e3o pessoal <strong>do Presidente e do Vice-Presidente da Rep\u00fablica, dos Presidentes do Senado Federal e da C\u00e2mara dos Deputados, do Presidente e dos Ministros do Supremo Tribunal Federal, dos Ministros de Estado, do Advogado-Geral da Uni\u00e3o e do Procurador-Geral da Rep\u00fablica. \u00a0<\/strong>(art. 115, \u00a72\u00ba)<\/p>\n<p>C \u2013 Errado. Os aparelhos automotores destinados a puxar ou a arrastar maquinaria de qualquer natureza ou a executar trabalhos de constru\u00e7\u00e3o ou de pavimenta\u00e7\u00e3o s\u00e3o sujeitos ao registro na reparti\u00e7\u00e3o competente, se transitarem em via p\u00fablica, <strong>dispensados<\/strong> <span style=\"text-decoration: line-through\">sendo obrigat\u00f3rio<\/span> o licenciamento e o emplacamento. (art. 115, \u00a74\u00ba)<\/p>\n<p>D \u2013 Certo. Os ve\u00edculos de duas ou tr\u00eas rodas s\u00e3o dispensados da placa dianteira. (art. 115, \u00a76\u00ba)<\/p>\n<p>Gabarito:<strong> Letra \u201cD\u201d<\/strong><\/p>\n<p><strong>38. Para alguns crimes elencados no CTB, nas situa\u00e7\u00f5es em que o juiz aplicar a substitui\u00e7\u00e3o de pena privativa de liberdade por pena restritiva de direitos, esta dever\u00e1 ser de presta\u00e7\u00e3o de servi\u00e7o \u00e0 comunidade ou a entidades p\u00fablicas, sendo o trabalho, aos fins de semana, em equipes de resgate dos corpos de bombeiros e em outras unidades m\u00f3veis especializadas no atendimento a v\u00edtimas de tr\u00e2nsito uma das esp\u00e9cies poss\u00edveis. S\u00e3o delitos aos quais \u00e9 legalmente aplic\u00e1vel a solu\u00e7\u00e3o exposta:<\/strong><\/p>\n<p>A) trafegar em velocidade incompat\u00edvel com a seguran\u00e7a nas proximidades de escolas, hospitais, esta\u00e7\u00f5es de embarque e desembarque de passageiros, logradouros estreitos, ou onde haja grande movimenta\u00e7\u00e3o ou concentra\u00e7\u00e3o de pessoas, gerando perigo de dano; e permitir, confiar ou entregar a dire\u00e7\u00e3o de ve\u00edculo automotor a pessoa n\u00e3o habilitada, com habilita\u00e7\u00e3o cassada ou com o direito de dirigir suspenso, ou, ainda, a quem, por seu estado de sa\u00fade, f\u00edsica ou mental, ou por embriaguez, n\u00e3o esteja em condi\u00e7\u00f5es de conduzi-lo com seguran\u00e7a.<\/p>\n<p>B) dirigir ve\u00edculo automotor, em via p\u00fablica, sem a devida Permiss\u00e3o para Dirigir ou Habilita\u00e7\u00e3o ou, ainda, se cassado o direito de dirigir, gerando perigo de dano; e participar, na dire\u00e7\u00e3o de ve\u00edculo automotor, em via p\u00fablica, de corrida, disputa ou competi\u00e7\u00e3o automobil\u00edstica n\u00e3o autorizada pela autoridade competente, gerando situa\u00e7\u00e3o de risco \u00e0 incolumidade p\u00fablica ou privada.<\/p>\n<p>C) praticar homic\u00eddio culposo na dire\u00e7\u00e3o de ve\u00edculo automotor; e inovar artificiosamente, em caso de acidente automobil\u00edstico com v\u00edtima, na pend\u00eancia do respectivo procedimento policial preparat\u00f3rio, inqu\u00e9rito policial ou processo penal, o estado de lugar, de coisa ou de pessoa, a fim de induzir a erro o agente policial, o perito, ou juiz.<\/p>\n<p>D) violar a suspens\u00e3o ou a proibi\u00e7\u00e3o de obter-se a permiss\u00e3o ou a habilita\u00e7\u00e3o para dirigir ve\u00edculo automotor imposta com fundamento no CTB; e conduzir ve\u00edculo automotor com capacidade psicomotora alterada em raz\u00e3o da influ\u00eancia de \u00e1lcool ou de outra subst\u00e2ncia psicoativa que determine depend\u00eancia.<\/p>\n<p><u>Coment\u00e1rio<\/u>:<\/p>\n<p>Em seu art. 312-A, o CTB estabelece que para os crimes relacionados nos arts. 302 a 312, nas situa\u00e7\u00f5es em que o juiz aplicar a substitui\u00e7\u00e3o de pena privativa de liberdade por pena restritiva de direitos, esta dever\u00e1 ser de presta\u00e7\u00e3o de servi\u00e7o \u00e0 comunidade ou a entidades p\u00fablicas, sendo o trabalho, aos fins de semana, em equipes de resgate dos corpos de bombeiros e em outras unidades m\u00f3veis especializadas no atendimento a v\u00edtimas de tr\u00e2nsito uma das esp\u00e9cies poss\u00edveis.<\/p>\n<p>E qual \u00e9 a pena restritiva de direito prevista no CTB? A de suspens\u00e3o ou proibi\u00e7\u00e3o de se obter a permiss\u00e3o ou a habilita\u00e7\u00e3o para dirigir ve\u00edculo automotor!<\/p>\n<p>Quem nos diz isso \u00e9 o art. 47 do C\u00f3digo Penal Brasileiro.<\/p>\n<p><em><u>C\u00f3digo Penal Brasileiro<\/u><\/em><em>:<\/em><\/p>\n<p><em>Art. 47 &#8211; As penas de interdi\u00e7\u00e3o tempor\u00e1ria de direitos s\u00e3o:\u00a0 (Reda\u00e7\u00e3o dada pela Lei n\u00ba 7.209, de 11.7.1984)<\/em><\/p>\n<p><em>\u00a0I &#8211; proibi\u00e7\u00e3o do exerc\u00edcio de cargo, fun\u00e7\u00e3o ou atividade p\u00fablica, bem como de mandato eletivo; <\/em><\/p>\n<p><em>II &#8211; proibi\u00e7\u00e3o do exerc\u00edcio de profiss\u00e3o, atividade ou of\u00edcio que dependam de habilita\u00e7\u00e3o especial, de licen\u00e7a ou autoriza\u00e7\u00e3o do poder p\u00fablico;<\/em><\/p>\n<p><em>\u00a0<\/em><em>\u00a0III &#8211; <strong>suspens\u00e3o de autoriza\u00e7\u00e3o ou de habilita\u00e7\u00e3o para dirigir ve\u00edculo<\/strong>. <\/em><\/p>\n<p><em>IV \u2013 proibi\u00e7\u00e3o de freq\u00fcentar determinados lugares. <\/em><\/p>\n<p><em>V &#8211; proibi\u00e7\u00e3o de inscrever-se em concurso, avalia\u00e7\u00e3o ou exame p\u00fablicos.<\/em><\/p>\n<p>Pelo C\u00f3digo Penal, a multa n\u00e3o \u00e9 pena restritiva de direito, ok?<\/p>\n<p>Bom, mas se o C\u00f3digo Penal n\u00e3o foi cobrado para o seu cargo, ent\u00e3o <strong>a banca extrapolou o conte\u00fado cobrado para o cargo<\/strong>, n\u00e3o p\u00e9 mesmo?<\/p>\n<p>Porque para responder a quest\u00e3o, voc\u00ea precisaria ent\u00e3o conhecer esse art. 47 do C\u00f3digo Penal (das penas restritivas de direito) lembrar-se dos crimes do CTB que preveem tal pena. Vamos aos itens:<\/p>\n<p>A &#8211; trafegar em velocidade incompat\u00edvel com a seguran\u00e7a nas proximidades de escolas, hospitais, esta\u00e7\u00f5es de embarque e desembarque de passageiros, logradouros estreitos, ou onde haja grande movimenta\u00e7\u00e3o ou concentra\u00e7\u00e3o de pessoas, gerando perigo de dano<strong>; Deten\u00e7\u00e3o de 06 meses a uma ano ou multa.\u00a0 (n\u00e3o se aplica a regra do art. 312-A)<\/strong><\/p>\n<p>e permitir, confiar ou entregar a dire\u00e7\u00e3o de ve\u00edculo automotor a pessoa n\u00e3o habilitada, com habilita\u00e7\u00e3o cassada ou com o direito de dirigir suspenso, ou, ainda, a quem, por seu estado de sa\u00fade, f\u00edsica ou mental, ou por embriaguez, n\u00e3o esteja em condi\u00e7\u00f5es de conduzi-lo com seguran\u00e7a.\u00a0 <strong>Deten\u00e7\u00e3o de 06 meses a uma ano ou multa.\u00a0 (n\u00e3o se aplica a regra do art. 312-A)<\/strong><\/p>\n<p>Item ERRADO<\/p>\n<p>B &#8211; dirigir ve\u00edculo automotor, em via p\u00fablica, sem a devida Permiss\u00e3o para Dirigir ou Habilita\u00e7\u00e3o ou, ainda, se cassado o direito de dirigir, gerando perigo de dano; <strong>Deten\u00e7\u00e3o de 06 meses a um ano ou multa.\u00a0 (n\u00e3o se aplica a regra do art. 312-A)<\/strong><\/p>\n<p>e participar, na dire\u00e7\u00e3o de ve\u00edculo automotor, em via p\u00fablica, de corrida, disputa ou competi\u00e7\u00e3o automobil\u00edstica n\u00e3o autorizada pela autoridade competente, gerando situa\u00e7\u00e3o de risco \u00e0 incolumidade p\u00fablica ou privada. <strong>Deten\u00e7\u00e3o de 06 meses a tr\u00eas anos, multa e multa e suspens\u00e3o ou proibi\u00e7\u00e3o de se obter a permiss\u00e3o ou a habilita\u00e7\u00e3o para dirigir ve\u00edculo automotor.\u00a0 (aplica-se a regra do art. 312-A)<\/strong><\/p>\n<p>Item ERRADO, pois um dos crimes n\u00e3o prev\u00ea a benesse.<\/p>\n<p>C &#8211; praticar homic\u00eddio culposo na dire\u00e7\u00e3o de ve\u00edculo automotor; <strong>Deten\u00e7\u00e3o de dois a quatro anos, e suspens\u00e3o ou proibi\u00e7\u00e3o de se obter a permiss\u00e3o ou a habilita\u00e7\u00e3o para dirigir ve\u00edculo automotor.\u00a0 (aplica-se a regra do art. 312-A)<\/strong><\/p>\n<p>e inovar artificiosamente, em caso de acidente automobil\u00edstico com v\u00edtima, na pend\u00eancia do respectivo procedimento policial preparat\u00f3rio, inqu\u00e9rito policial ou processo penal, o estado de lugar, de coisa ou de pessoa, a fim de induzir a erro o agente policial, o perito, ou juiz. <strong>Deten\u00e7\u00e3o de 06 meses a um ano ou multa.\u00a0 (n\u00e3o se aplica a regra do art. 312-A)<\/strong><\/p>\n<p>Item ERRADO<\/p>\n<p>D &#8211; violar a suspens\u00e3o ou a proibi\u00e7\u00e3o de obter-se a permiss\u00e3o ou a habilita\u00e7\u00e3o para dirigir ve\u00edculo automotor imposta com fundamento no CTB; <strong>Deten\u00e7\u00e3o de seis meses a um ano e multa, com nova imposi\u00e7\u00e3o adicional de id\u00eantico prazo de suspens\u00e3o ou de proibi\u00e7\u00e3o. (aplica-se a regra do art. 312-A)<\/strong><\/p>\n<p>e conduzir ve\u00edculo automotor com capacidade psicomotora alterada em raz\u00e3o da influ\u00eancia de \u00e1lcool ou de outra subst\u00e2ncia psicoativa que determine depend\u00eancia. <strong>Deten\u00e7\u00e3o de seis meses a tr\u00eas anos, multa e suspens\u00e3o ou proibi\u00e7\u00e3o de se obter a permiss\u00e3o ou a habilita\u00e7\u00e3o para dirigir ve\u00edculo automotor.\u00a0 (aplica-se a regra do art. 312-A)<\/strong><\/p>\n<p>Gabarito:<strong> Letra \u201cD\u201d (para o professor) e &#8220;C&#8221; para a banca<br \/>\n<\/strong><\/p>\n<p><strong>[Mais do que alterar o gabarito, a banca deve ANULAR a quest\u00e3o, por ter exigido conhecimento do c\u00f3digo penal (art. 47), n\u00e3o cobrado no conte\u00fado program\u00e1tico dos cargos de Analista]<\/strong><\/p>\n<p><strong>\u00a0<\/strong><strong>39. <\/strong><strong>Deixar o condutor envolvido em acidente com v\u00edtima de prestar ou providenciar socorro \u00e0 v\u00edtima, podendo faz\u00ea-lo, constitui<\/strong><\/p>\n<p>A) crime previsto no C\u00f3digo de Tr\u00e2nsito Brasileiro \u2013 CTB.<\/p>\n<p>B) infra\u00e7\u00e3o grav\u00edssima.<\/p>\n<p>C) crime previsto em norma externa ao C\u00f3digo de Tr\u00e2nsito Brasileiro \u2013 CTB.<\/p>\n<p>D) infra\u00e7\u00e3o grave.<\/p>\n<p><u>Coment\u00e1rio<\/u>:<\/p>\n<p>A conduta descrita na quest\u00e3o \u00e9 a infra\u00e7\u00e3o de tr\u00e2nsito prevista no art. 176 do CTB:<\/p>\n<p><em>Art. 176. Deixar o condutor envolvido em acidente com v\u00edtima:<\/em><\/p>\n<p><em>I &#8211; de prestar ou providenciar socorro \u00e0 v\u00edtima, podendo faz\u00ea-lo;<\/em><\/p>\n<p><em>(&#8230;)<\/em><\/p>\n<p><em>Infra\u00e7\u00e3o &#8211; <strong>grav\u00edssima<\/strong>;<\/em><\/p>\n<p><em>Penalidade &#8211; multa (cinco vezes) e suspens\u00e3o do direito de dirigir;<\/em><\/p>\n<p>Cabe destacar que o crime previsto no art. 304 do CTB tem outro descri\u00e7\u00e3o, que n\u00e3o essa exatamente cobrada.<\/p>\n<p>Gabarito:<strong> Letra \u201cB\u201d<\/strong><\/p>\n<p><strong>40. Considerando as disposi\u00e7\u00f5es gerais relativas aos crimes de tr\u00e2nsito previstos no CTB, assinale a afirma\u00e7\u00e3o verdadeira.<\/strong><\/p>\n<p>A) Aos crimes cometidos na dire\u00e7\u00e3o de ve\u00edculos automotores aplicam-se as normas gerais do C\u00f3digo Penal e do C\u00f3digo de Processo Penal, ainda que o CTB preveja de modo diverso.<\/p>\n<p>B) A penalidade de suspens\u00e3o ou de proibi\u00e7\u00e3o de obter-se a permiss\u00e3o ou a habilita\u00e7\u00e3o, para dirigir ve\u00edculo automotor tem a dura\u00e7\u00e3o de seis meses a cinco anos.<\/p>\n<p>C) Proferido o julgamento em primeira inst\u00e2ncia, ainda que a senten\u00e7a condenat\u00f3ria n\u00e3o tenha transitado em julgado, o r\u00e9u ser\u00e1 intimado a entregar \u00e0 autoridade judici\u00e1ria, em quarenta e oito horas, a Permiss\u00e3o para Dirigir ou a Carteira de Habilita\u00e7\u00e3o.<\/p>\n<p>D) A penalidade de suspens\u00e3o ou de proibi\u00e7\u00e3o de obter-se a permiss\u00e3o ou a habilita\u00e7\u00e3o para dirigir ve\u00edculo automotor n\u00e3o se inicia enquanto o sentenciado, por efeito de condena\u00e7\u00e3o penal, estiver recolhido a estabelecimento prisional.<\/p>\n<p><u>Coment\u00e1rio<\/u>:<\/p>\n<p>A \u2013 Errado. Aos crimes cometidos na dire\u00e7\u00e3o de ve\u00edculos automotores aplicam-se as normas gerais do C\u00f3digo Penal e do C\u00f3digo de Processo Penal, <strong>se o CTB n\u00e3o dispuser de modo diverso<\/strong>.\u00a0 (art. 291)<\/p>\n<p>B \u2013 Errado. A penalidade de suspens\u00e3o ou de proibi\u00e7\u00e3o de obter-se a permiss\u00e3o ou a habilita\u00e7\u00e3o, para dirigir ve\u00edculo automotor tem a dura\u00e7\u00e3o de <strong>dois<\/strong> seis meses a cinco anos.<\/p>\n<p>C \u2013 Errado. <strong>Transitada em julgado a senten\u00e7a condenat\u00f3ria<\/strong>, o r\u00e9u ser\u00e1 intimado a entregar \u00e0 autoridade judici\u00e1ria, em quarenta e oito horas, a Permiss\u00e3o para Dirigir ou a Carteira de Habilita\u00e7\u00e3o. (art. 293, \u00a71\u00ba)<\/p>\n<p>D \u2013 Certo. A penalidade de suspens\u00e3o ou de proibi\u00e7\u00e3o de obter-se a permiss\u00e3o ou a habilita\u00e7\u00e3o para dirigir ve\u00edculo automotor n\u00e3o se inicia enquanto o sentenciado, por efeito de condena\u00e7\u00e3o penal, estiver recolhido a estabelecimento prisional. (art. 293, \u00a73\u00ba)<\/p>\n<p>Gabarito: <strong>Letra \u201cD\u201d<\/strong><\/p>\n<p>Bom, \u00e9 isso<strong>! <\/strong><\/p>\n<div>\u00a0E se quiserem falar comigo, <strong>tirar d\u00favidas<\/strong> e ter <strong>acesso a dicas e conte\u00fados gratuitos<\/strong>, acesse nossas redes sociais:<\/div>\n<div><\/div>\n<div><strong>Email: professormarcosgiraoestrategia@gmail.com<\/strong><\/div>\n<div><\/div>\n<div><strong><a href=\"https:\/\/www.facebook.com\/ProfMarcosGirao\">Fanpage do Prof. Marcos Gir\u00e3o<\/a><\/strong><\/div>\n<div><\/div>\n<div><strong><a href=\"https:\/\/www.youtube.com\/channel\/UCsjAzxopmLjgmxkeR1Lo6wQ\">Canal do Youtube &#8211; Prof. Marcos Gir\u00e3o<\/a><\/strong><\/div>\n<div><\/div>\n<div><strong><a href=\"http:\/\/www.periscope.tv\/profmarcosgirao\">Periscope &#8211; Prof. Marcos Gir\u00e3o<\/a><\/strong><\/div>\n<div><\/div>\n<div>\n<p><strong>Instagram: @profmarcosgirao<\/strong><\/p>\n<\/div>\n<p><strong><span style=\"color: #ff0000\">\u00a0<\/span><\/strong><\/p>\n","protected":false},"excerpt":{"rendered":"<p>Gabarito Preliminar DETRAN\/CE ANALISTA Completo &#8211; Legisla\u00e7\u00e3o de Tr\u00e2nsito e Transportes [Com Recursos] Ol\u00e1, amigos! Para quem n\u00e3o me conhece ainda, meu nome \u00e9 Marcos Gir\u00e3o e sou professor aqui do Estrat\u00e9gia Concursos, lecionando as disciplinas Leis Penais Especiais, Legisla\u00e7\u00e3o de Tr\u00e2nsito e Legisla\u00e7\u00e3o Espec\u00edfica para Concursos P\u00fablicos. Para o certame DETRAN\/CE 2017\/2018, fiquei respons\u00e1vel [&hellip;]<\/p>\n","protected":false},"author":248,"featured_media":0,"comment_status":"open","ping_status":"closed","sticky":false,"template":"","format":"standard","meta":{"post_tipo":"article","footnotes":""},"categories":[1],"tags":[],"tax_estado":[],"class_list":["post-111005","post","type-post","status-publish","format-standard","hentry","category-cursos-e-concursos"],"acf":[],"yoast_head":"<!-- This site is optimized with the Yoast SEO Premium plugin v27.2 (Yoast SEO v27.2) - https:\/\/yoast.com\/product\/yoast-seo-premium-wordpress\/ -->\n<title>Gabarito Preliminar DETRAN\/CE ANALISTA Completo - Legisla\u00e7\u00e3o de Tr\u00e2nsito e Transportes [Com Recursos]<\/title>\n<meta name=\"robots\" content=\"index, follow, max-snippet:-1, max-image-preview:large, max-video-preview:-1\" \/>\n<link rel=\"canonical\" href=\"https:\/\/www.estrategiaconcursos.com.br\/blog\/gabarito-preliminar-detran-ce-analista-legislacao-de-transito-e-transportes-com-recurso\/\" \/>\n<meta property=\"og:locale\" content=\"pt_BR\" \/>\n<meta property=\"og:type\" content=\"article\" \/>\n<meta property=\"og:title\" content=\"Gabarito Preliminar DETRAN\/CE ANALISTA Completo - Legisla\u00e7\u00e3o de Tr\u00e2nsito e Transportes [Com Recursos]\" \/>\n<meta property=\"og:description\" content=\"Gabarito Preliminar DETRAN\/CE ANALISTA Completo &#8211; Legisla\u00e7\u00e3o de Tr\u00e2nsito e Transportes [Com Recursos] Ol\u00e1, amigos! Para quem n\u00e3o me conhece ainda, meu nome \u00e9 Marcos Gir\u00e3o e sou professor aqui do Estrat\u00e9gia Concursos, lecionando as disciplinas Leis Penais Especiais, Legisla\u00e7\u00e3o de Tr\u00e2nsito e Legisla\u00e7\u00e3o Espec\u00edfica para Concursos P\u00fablicos. Para o certame DETRAN\/CE 2017\/2018, fiquei respons\u00e1vel [&hellip;]\" \/>\n<meta property=\"og:url\" content=\"https:\/\/www.estrategiaconcursos.com.br\/blog\/gabarito-preliminar-detran-ce-analista-legislacao-de-transito-e-transportes-com-recurso\/\" \/>\n<meta property=\"og:site_name\" content=\"Estrat\u00e9gia Concursos\" \/>\n<meta property=\"article:published_time\" content=\"2018-03-13T20:06:50+00:00\" \/>\n<meta name=\"author\" content=\"Marcos Gir\u00e3o\" \/>\n<meta name=\"twitter:card\" content=\"summary_large_image\" \/>\n<meta name=\"twitter:creator\" content=\"@EstratConcursos\" \/>\n<meta name=\"twitter:site\" content=\"@EstratConcursos\" \/>\n<meta name=\"twitter:label1\" content=\"Escrito por\" \/>\n\t<meta name=\"twitter:data1\" content=\"Marcos Gir\u00e3o\" \/>\n\t<meta name=\"twitter:label2\" content=\"Est. tempo de leitura\" \/>\n\t<meta name=\"twitter:data2\" content=\"24 minutos\" \/>\n<script type=\"application\/ld+json\" class=\"yoast-schema-graph\">{\"@context\":\"https:\/\/schema.org\",\"@graph\":[{\"@type\":\"NewsArticle\",\"@id\":\"https:\/\/www.estrategiaconcursos.com.br\/blog\/gabarito-preliminar-detran-ce-analista-legislacao-de-transito-e-transportes-com-recurso\/#article\",\"isPartOf\":{\"@id\":\"https:\/\/www.estrategiaconcursos.com.br\/blog\/gabarito-preliminar-detran-ce-analista-legislacao-de-transito-e-transportes-com-recurso\/\"},\"author\":{\"name\":\"Marcos Gir\u00e3o\",\"@id\":\"https:\/\/www.estrategiaconcursos.com.br\/blog\/#\/schema\/person\/6be195b7a02a8ca214472b848686bb37\"},\"headline\":\"Gabarito Preliminar DETRAN\/CE ANALISTA Completo &#8211; Legisla\u00e7\u00e3o de Tr\u00e2nsito e Transportes [Com Recursos]\",\"datePublished\":\"2018-03-13T20:06:50+00:00\",\"mainEntityOfPage\":{\"@id\":\"https:\/\/www.estrategiaconcursos.com.br\/blog\/gabarito-preliminar-detran-ce-analista-legislacao-de-transito-e-transportes-com-recurso\/\"},\"wordCount\":4743,\"commentCount\":0,\"publisher\":{\"@id\":\"https:\/\/www.estrategiaconcursos.com.br\/blog\/#organization\"},\"articleSection\":[\"Concursos P\u00fablicos\"],\"inLanguage\":\"pt-BR\",\"potentialAction\":[{\"@type\":\"CommentAction\",\"name\":\"Comment\",\"target\":[\"https:\/\/www.estrategiaconcursos.com.br\/blog\/gabarito-preliminar-detran-ce-analista-legislacao-de-transito-e-transportes-com-recurso\/#respond\"]}],\"copyrightYear\":\"2018\",\"copyrightHolder\":{\"@id\":\"https:\/\/www.estrategiaconcursos.com.br\/blog\/#organization\"}},{\"@type\":\"WebPage\",\"@id\":\"https:\/\/www.estrategiaconcursos.com.br\/blog\/gabarito-preliminar-detran-ce-analista-legislacao-de-transito-e-transportes-com-recurso\/\",\"url\":\"https:\/\/www.estrategiaconcursos.com.br\/blog\/gabarito-preliminar-detran-ce-analista-legislacao-de-transito-e-transportes-com-recurso\/\",\"name\":\"Gabarito Preliminar DETRAN\/CE ANALISTA Completo - Legisla\u00e7\u00e3o de Tr\u00e2nsito e Transportes [Com Recursos]\",\"isPartOf\":{\"@id\":\"https:\/\/www.estrategiaconcursos.com.br\/blog\/#website\"},\"datePublished\":\"2018-03-13T20:06:50+00:00\",\"breadcrumb\":{\"@id\":\"https:\/\/www.estrategiaconcursos.com.br\/blog\/gabarito-preliminar-detran-ce-analista-legislacao-de-transito-e-transportes-com-recurso\/#breadcrumb\"},\"inLanguage\":\"pt-BR\",\"potentialAction\":[{\"@type\":\"ReadAction\",\"target\":[\"https:\/\/www.estrategiaconcursos.com.br\/blog\/gabarito-preliminar-detran-ce-analista-legislacao-de-transito-e-transportes-com-recurso\/\"]}]},{\"@type\":\"BreadcrumbList\",\"@id\":\"https:\/\/www.estrategiaconcursos.com.br\/blog\/gabarito-preliminar-detran-ce-analista-legislacao-de-transito-e-transportes-com-recurso\/#breadcrumb\",\"itemListElement\":[{\"@type\":\"ListItem\",\"position\":1,\"name\":\"In\u00edcio\",\"item\":\"https:\/\/www.estrategiaconcursos.com.br\/blog\/\"},{\"@type\":\"ListItem\",\"position\":2,\"name\":\"Gabarito Preliminar DETRAN\/CE ANALISTA Completo &#8211; Legisla\u00e7\u00e3o de Tr\u00e2nsito e Transportes [Com Recursos]\"}]},{\"@type\":\"WebSite\",\"@id\":\"https:\/\/www.estrategiaconcursos.com.br\/blog\/#website\",\"url\":\"https:\/\/www.estrategiaconcursos.com.br\/blog\/\",\"name\":\"Estrat\u00e9gia Concursos\",\"description\":\"O blog da Estrat\u00e9gia Concursos traz not\u00edcias sobre concursos e artigos de professores oferecendo cursos para concursos (pdf + videaulas) no site.\",\"publisher\":{\"@id\":\"https:\/\/www.estrategiaconcursos.com.br\/blog\/#organization\"},\"potentialAction\":[{\"@type\":\"SearchAction\",\"target\":{\"@type\":\"EntryPoint\",\"urlTemplate\":\"https:\/\/www.estrategiaconcursos.com.br\/blog\/?s={search_term_string}\"},\"query-input\":{\"@type\":\"PropertyValueSpecification\",\"valueRequired\":true,\"valueName\":\"search_term_string\"}}],\"inLanguage\":\"pt-BR\"},{\"@type\":\"Organization\",\"@id\":\"https:\/\/www.estrategiaconcursos.com.br\/blog\/#organization\",\"name\":\"Estrat\u00e9gia Concursos\",\"url\":\"https:\/\/www.estrategiaconcursos.com.br\/blog\/\",\"logo\":{\"@type\":\"ImageObject\",\"inLanguage\":\"pt-BR\",\"@id\":\"https:\/\/www.estrategiaconcursos.com.br\/blog\/#\/schema\/logo\/image\/\",\"url\":\"https:\/\/dhg1h5j42swfq.cloudfront.net\/2025\/06\/03203428\/logo_concursos-1.jpg\",\"contentUrl\":\"https:\/\/dhg1h5j42swfq.cloudfront.net\/2025\/06\/03203428\/logo_concursos-1.jpg\",\"width\":230,\"height\":60,\"caption\":\"Estrat\u00e9gia Concursos\"},\"image\":{\"@id\":\"https:\/\/www.estrategiaconcursos.com.br\/blog\/#\/schema\/logo\/image\/\"},\"sameAs\":[\"https:\/\/x.com\/EstratConcursos\"]},{\"@type\":\"Person\",\"@id\":\"https:\/\/www.estrategiaconcursos.com.br\/blog\/#\/schema\/person\/6be195b7a02a8ca214472b848686bb37\",\"name\":\"Marcos Gir\u00e3o\",\"image\":{\"@type\":\"ImageObject\",\"inLanguage\":\"pt-BR\",\"@id\":\"https:\/\/secure.gravatar.com\/avatar\/ac5b9a36e2c99a8280e07b5763e3b764471d5b861c47521bfd2edffdfbb06fbd?s=96&d=mm&r=g\",\"url\":\"https:\/\/secure.gravatar.com\/avatar\/ac5b9a36e2c99a8280e07b5763e3b764471d5b861c47521bfd2edffdfbb06fbd?s=96&d=mm&r=g\",\"contentUrl\":\"https:\/\/secure.gravatar.com\/avatar\/ac5b9a36e2c99a8280e07b5763e3b764471d5b861c47521bfd2edffdfbb06fbd?s=96&d=mm&r=g\",\"caption\":\"Marcos Gir\u00e3o\"},\"url\":\"https:\/\/www.estrategiaconcursos.com.br\/blog\/author\/marcosgiraoestrategiaconcursos-com-br\/\"}]}<\/script>\n<!-- \/ Yoast SEO Premium plugin. -->","yoast_head_json":{"title":"Gabarito Preliminar DETRAN\/CE ANALISTA Completo - Legisla\u00e7\u00e3o de Tr\u00e2nsito e Transportes [Com Recursos]","robots":{"index":"index","follow":"follow","max-snippet":"max-snippet:-1","max-image-preview":"max-image-preview:large","max-video-preview":"max-video-preview:-1"},"canonical":"https:\/\/www.estrategiaconcursos.com.br\/blog\/gabarito-preliminar-detran-ce-analista-legislacao-de-transito-e-transportes-com-recurso\/","og_locale":"pt_BR","og_type":"article","og_title":"Gabarito Preliminar DETRAN\/CE ANALISTA Completo - Legisla\u00e7\u00e3o de Tr\u00e2nsito e Transportes [Com Recursos]","og_description":"Gabarito Preliminar DETRAN\/CE ANALISTA Completo &#8211; Legisla\u00e7\u00e3o de Tr\u00e2nsito e Transportes [Com Recursos] Ol\u00e1, amigos! Para quem n\u00e3o me conhece ainda, meu nome \u00e9 Marcos Gir\u00e3o e sou professor aqui do Estrat\u00e9gia Concursos, lecionando as disciplinas Leis Penais Especiais, Legisla\u00e7\u00e3o de Tr\u00e2nsito e Legisla\u00e7\u00e3o Espec\u00edfica para Concursos P\u00fablicos. Para o certame DETRAN\/CE 2017\/2018, fiquei respons\u00e1vel [&hellip;]","og_url":"https:\/\/www.estrategiaconcursos.com.br\/blog\/gabarito-preliminar-detran-ce-analista-legislacao-de-transito-e-transportes-com-recurso\/","og_site_name":"Estrat\u00e9gia Concursos","article_published_time":"2018-03-13T20:06:50+00:00","author":"Marcos Gir\u00e3o","twitter_card":"summary_large_image","twitter_creator":"@EstratConcursos","twitter_site":"@EstratConcursos","twitter_misc":{"Escrito por":"Marcos Gir\u00e3o","Est. tempo de leitura":"24 minutos"},"schema":{"@context":"https:\/\/schema.org","@graph":[{"@type":"NewsArticle","@id":"https:\/\/www.estrategiaconcursos.com.br\/blog\/gabarito-preliminar-detran-ce-analista-legislacao-de-transito-e-transportes-com-recurso\/#article","isPartOf":{"@id":"https:\/\/www.estrategiaconcursos.com.br\/blog\/gabarito-preliminar-detran-ce-analista-legislacao-de-transito-e-transportes-com-recurso\/"},"author":{"name":"Marcos Gir\u00e3o","@id":"https:\/\/www.estrategiaconcursos.com.br\/blog\/#\/schema\/person\/6be195b7a02a8ca214472b848686bb37"},"headline":"Gabarito Preliminar DETRAN\/CE ANALISTA Completo &#8211; Legisla\u00e7\u00e3o de Tr\u00e2nsito e Transportes [Com Recursos]","datePublished":"2018-03-13T20:06:50+00:00","mainEntityOfPage":{"@id":"https:\/\/www.estrategiaconcursos.com.br\/blog\/gabarito-preliminar-detran-ce-analista-legislacao-de-transito-e-transportes-com-recurso\/"},"wordCount":4743,"commentCount":0,"publisher":{"@id":"https:\/\/www.estrategiaconcursos.com.br\/blog\/#organization"},"articleSection":["Concursos P\u00fablicos"],"inLanguage":"pt-BR","potentialAction":[{"@type":"CommentAction","name":"Comment","target":["https:\/\/www.estrategiaconcursos.com.br\/blog\/gabarito-preliminar-detran-ce-analista-legislacao-de-transito-e-transportes-com-recurso\/#respond"]}],"copyrightYear":"2018","copyrightHolder":{"@id":"https:\/\/www.estrategiaconcursos.com.br\/blog\/#organization"}},{"@type":"WebPage","@id":"https:\/\/www.estrategiaconcursos.com.br\/blog\/gabarito-preliminar-detran-ce-analista-legislacao-de-transito-e-transportes-com-recurso\/","url":"https:\/\/www.estrategiaconcursos.com.br\/blog\/gabarito-preliminar-detran-ce-analista-legislacao-de-transito-e-transportes-com-recurso\/","name":"Gabarito Preliminar DETRAN\/CE ANALISTA Completo - Legisla\u00e7\u00e3o de Tr\u00e2nsito e Transportes [Com Recursos]","isPartOf":{"@id":"https:\/\/www.estrategiaconcursos.com.br\/blog\/#website"},"datePublished":"2018-03-13T20:06:50+00:00","breadcrumb":{"@id":"https:\/\/www.estrategiaconcursos.com.br\/blog\/gabarito-preliminar-detran-ce-analista-legislacao-de-transito-e-transportes-com-recurso\/#breadcrumb"},"inLanguage":"pt-BR","potentialAction":[{"@type":"ReadAction","target":["https:\/\/www.estrategiaconcursos.com.br\/blog\/gabarito-preliminar-detran-ce-analista-legislacao-de-transito-e-transportes-com-recurso\/"]}]},{"@type":"BreadcrumbList","@id":"https:\/\/www.estrategiaconcursos.com.br\/blog\/gabarito-preliminar-detran-ce-analista-legislacao-de-transito-e-transportes-com-recurso\/#breadcrumb","itemListElement":[{"@type":"ListItem","position":1,"name":"In\u00edcio","item":"https:\/\/www.estrategiaconcursos.com.br\/blog\/"},{"@type":"ListItem","position":2,"name":"Gabarito Preliminar DETRAN\/CE ANALISTA Completo &#8211; Legisla\u00e7\u00e3o de Tr\u00e2nsito e Transportes [Com Recursos]"}]},{"@type":"WebSite","@id":"https:\/\/www.estrategiaconcursos.com.br\/blog\/#website","url":"https:\/\/www.estrategiaconcursos.com.br\/blog\/","name":"Estrat\u00e9gia Concursos","description":"O blog da Estrat\u00e9gia Concursos traz not\u00edcias sobre concursos e artigos de professores oferecendo cursos para concursos (pdf + videaulas) no site.","publisher":{"@id":"https:\/\/www.estrategiaconcursos.com.br\/blog\/#organization"},"potentialAction":[{"@type":"SearchAction","target":{"@type":"EntryPoint","urlTemplate":"https:\/\/www.estrategiaconcursos.com.br\/blog\/?s={search_term_string}"},"query-input":{"@type":"PropertyValueSpecification","valueRequired":true,"valueName":"search_term_string"}}],"inLanguage":"pt-BR"},{"@type":"Organization","@id":"https:\/\/www.estrategiaconcursos.com.br\/blog\/#organization","name":"Estrat\u00e9gia Concursos","url":"https:\/\/www.estrategiaconcursos.com.br\/blog\/","logo":{"@type":"ImageObject","inLanguage":"pt-BR","@id":"https:\/\/www.estrategiaconcursos.com.br\/blog\/#\/schema\/logo\/image\/","url":"https:\/\/dhg1h5j42swfq.cloudfront.net\/2025\/06\/03203428\/logo_concursos-1.jpg","contentUrl":"https:\/\/dhg1h5j42swfq.cloudfront.net\/2025\/06\/03203428\/logo_concursos-1.jpg","width":230,"height":60,"caption":"Estrat\u00e9gia Concursos"},"image":{"@id":"https:\/\/www.estrategiaconcursos.com.br\/blog\/#\/schema\/logo\/image\/"},"sameAs":["https:\/\/x.com\/EstratConcursos"]},{"@type":"Person","@id":"https:\/\/www.estrategiaconcursos.com.br\/blog\/#\/schema\/person\/6be195b7a02a8ca214472b848686bb37","name":"Marcos Gir\u00e3o","image":{"@type":"ImageObject","inLanguage":"pt-BR","@id":"https:\/\/secure.gravatar.com\/avatar\/ac5b9a36e2c99a8280e07b5763e3b764471d5b861c47521bfd2edffdfbb06fbd?s=96&d=mm&r=g","url":"https:\/\/secure.gravatar.com\/avatar\/ac5b9a36e2c99a8280e07b5763e3b764471d5b861c47521bfd2edffdfbb06fbd?s=96&d=mm&r=g","contentUrl":"https:\/\/secure.gravatar.com\/avatar\/ac5b9a36e2c99a8280e07b5763e3b764471d5b861c47521bfd2edffdfbb06fbd?s=96&d=mm&r=g","caption":"Marcos Gir\u00e3o"},"url":"https:\/\/www.estrategiaconcursos.com.br\/blog\/author\/marcosgiraoestrategiaconcursos-com-br\/"}]}},"_links":{"self":[{"href":"https:\/\/www.estrategiaconcursos.com.br\/blog\/wp-json\/wp\/v2\/posts\/111005","targetHints":{"allow":["GET"]}}],"collection":[{"href":"https:\/\/www.estrategiaconcursos.com.br\/blog\/wp-json\/wp\/v2\/posts"}],"about":[{"href":"https:\/\/www.estrategiaconcursos.com.br\/blog\/wp-json\/wp\/v2\/types\/post"}],"author":[{"embeddable":true,"href":"https:\/\/www.estrategiaconcursos.com.br\/blog\/wp-json\/wp\/v2\/users\/248"}],"replies":[{"embeddable":true,"href":"https:\/\/www.estrategiaconcursos.com.br\/blog\/wp-json\/wp\/v2\/comments?post=111005"}],"version-history":[{"count":35,"href":"https:\/\/www.estrategiaconcursos.com.br\/blog\/wp-json\/wp\/v2\/posts\/111005\/revisions"}],"predecessor-version":[{"id":111195,"href":"https:\/\/www.estrategiaconcursos.com.br\/blog\/wp-json\/wp\/v2\/posts\/111005\/revisions\/111195"}],"wp:attachment":[{"href":"https:\/\/www.estrategiaconcursos.com.br\/blog\/wp-json\/wp\/v2\/media?parent=111005"}],"wp:term":[{"taxonomy":"category","embeddable":true,"href":"https:\/\/www.estrategiaconcursos.com.br\/blog\/wp-json\/wp\/v2\/categories?post=111005"},{"taxonomy":"post_tag","embeddable":true,"href":"https:\/\/www.estrategiaconcursos.com.br\/blog\/wp-json\/wp\/v2\/tags?post=111005"},{"taxonomy":"tax_estado","embeddable":true,"href":"https:\/\/www.estrategiaconcursos.com.br\/blog\/wp-json\/wp\/v2\/tax_estado?post=111005"}],"curies":[{"name":"wp","href":"https:\/\/api.w.org\/{rel}","templated":true}]}}