{"id":1109363,"date":"2022-10-13T12:29:14","date_gmt":"2022-10-13T15:29:14","guid":{"rendered":"https:\/\/www.estrategiaconcursos.com.br\/blog\/?p=1109363"},"modified":"2022-12-01T16:31:52","modified_gmt":"2022-12-01T19:31:52","slug":"concurso-receita-federal-locais-de-trabalho","status":"publish","type":"post","link":"https:\/\/www.estrategiaconcursos.com.br\/blog\/concurso-receita-federal-locais-de-trabalho\/","title":{"rendered":"Receita Federal: saiba quais s\u00e3o os locais de trabalho"},"content":{"rendered":"\n<p>O concurso da <a href=\"https:\/\/www.estrategiaconcursos.com.br\/cursosPorConcurso\/receita-federal-auditor-fiscal-7\/\" target=\"_blank\" rel=\"noreferrer noopener\">Receita Federal<\/a> est\u00e1 mais quente do que nunca e pode ter seu edital publicado a qualquer momento. Com 699 vagas autorizadas, uma informa\u00e7\u00e3o muito questionada pelos concurseiros \u00e9: &#8220;<strong>onde vou trabalhar?<\/strong>&#8220;.<\/p>\n\n\n\n<p>Por se tratar de um \u00f3rg\u00e3o de abrang\u00eancia nacional, existem diversas possibilidades, que voc\u00ea acompanha ao longo deste artigo.<\/p>\n\n\n\n<p class=\"has-vivid-red-color has-text-color\"><em><strong>ATEN\u00c7\u00c3O:<\/strong> importante ressaltar que as localidades que ter\u00e3o vagas abertas no pr\u00f3ximo concurso da Receita Federal ainda n\u00e3o foram divulgadas, o que ir\u00e1 acontecer na publica\u00e7\u00e3o do edital!<\/em><\/p>\n\n\n\n<h2 class=\"wp-block-heading\">Receita Federal do Brasil: locais de trabalho<\/h2>\n\n\n\n<p>A&nbsp;Secretaria Especial da Receita Federal do Brasil&nbsp;\u00e9 composta por unidades centrais e unidades descentralizadas, distribu\u00eddas por todo o territ\u00f3rio nacional, abrangendo uma \u00e1rea de 8,5 milh\u00f5es de quil\u00f4metros quadrados.<\/p>\n\n\n\n<p>Atualmente, a Receita Federal possui <strong>89<\/strong> Delegacias (incluindo as de Julgamento e as Especializadas), <strong>29<\/strong> Alf\u00e2ndegas, <strong>43<\/strong> Inspetorias, <strong>266 <\/strong>Ag\u00eancias e <strong>57 <\/strong>Postos de Atendimento. (<em><a href=\"https:\/\/www.gov.br\/receitafederal\/pt-br\/acesso-a-informacao\/institucional\/estrutura-organizacional\" target=\"_blank\" rel=\"noreferrer noopener\">Dados extra\u00eddos do portal da RFB<\/a><\/em>)<\/p>\n\n\n\n<ul class=\"wp-block-list\" id=\"indice\"><li><a href=\"#atendimento\">Unidades de Atendimento ao Contribuinte<\/a><\/li><li><a href=\"#DRJ\">Delegacias de Julgamento (DRJ)<\/a><\/li><li><a href=\"#DRF\">Delegacias (DRF)<\/a><\/li><li><a href=\"#alfandegas\">Alf\u00e2ndegas<\/a><\/li><li><a href=\"#IRF\">Inspetorias (IRF)<\/a><\/li><li><a href=\"#aduana\">Locais e recintos aduaneiros<\/a><\/li><\/ul>\n\n\n\n<h3 class=\"wp-block-heading\">Unidades Descentralizadas:<\/h3>\n\n\n\n<figure class=\"wp-block-image aligncenter size-large\"><img loading=\"lazy\" decoding=\"async\" width=\"1024\" height=\"376\" src=\"https:\/\/dhg1h5j42swfq.cloudfront.net\/2022\/10\/13110410\/image-125-1024x376.png\" alt=\"Concurso Receita Federal: quadro resumo das unidades decentralizadas\" class=\"wp-image-1109382\" srcset=\"https:\/\/dhg1h5j42swfq.cloudfront.net\/2022\/10\/13110410\/image-125-1024x376.png 1024w, https:\/\/dhg1h5j42swfq.cloudfront.net\/2022\/10\/13110410\/image-125-300x110.png 300w, https:\/\/dhg1h5j42swfq.cloudfront.net\/2022\/10\/13110410\/image-125-768x282.png 768w, https:\/\/dhg1h5j42swfq.cloudfront.net\/2022\/10\/13110410\/image-125-610x224.png 610w, https:\/\/dhg1h5j42swfq.cloudfront.net\/2022\/10\/13110410\/image-125-150x55.png 150w, https:\/\/dhg1h5j42swfq.cloudfront.net\/2022\/10\/13110410\/image-125.png 1153w\" sizes=\"auto, (max-width: 1024px) 100vw, 1024px\" \/><figcaption>Quadro resumo Unidades Descentralizadas<\/figcaption><\/figure>\n\n\n\n<h3 class=\"wp-block-heading\">Superintend\u00eancias Regionais:<\/h3>\n\n\n\n<figure class=\"wp-block-image aligncenter size-large\"><img loading=\"lazy\" decoding=\"async\" width=\"1024\" height=\"640\" src=\"https:\/\/dhg1h5j42swfq.cloudfront.net\/2022\/10\/13110342\/image-124-1024x640.png\" alt=\"Concurso Receita Federal: Superintend\u00eancias Regionais\" class=\"wp-image-1109381\" srcset=\"https:\/\/dhg1h5j42swfq.cloudfront.net\/2022\/10\/13110342\/image-124-1024x640.png 1024w, https:\/\/dhg1h5j42swfq.cloudfront.net\/2022\/10\/13110342\/image-124-300x188.png 300w, https:\/\/dhg1h5j42swfq.cloudfront.net\/2022\/10\/13110342\/image-124-768x480.png 768w, https:\/\/dhg1h5j42swfq.cloudfront.net\/2022\/10\/13110342\/image-124-610x382.png 610w, https:\/\/dhg1h5j42swfq.cloudfront.net\/2022\/10\/13110342\/image-124-150x94.png 150w, https:\/\/dhg1h5j42swfq.cloudfront.net\/2022\/10\/13110342\/image-124.png 1084w\" sizes=\"auto, (max-width: 1024px) 100vw, 1024px\" \/><\/figure>\n\n\n\n<div class=\"container\" id=\"boxes\">\n  <div class=\"row\">\n\n    <div class=\"col-sm\">\n      <div class=\"banner-fiscal\" id=\"box-assinatura\">\n        <h3 class=\"titulo-assinatura\">Receita Federal<\/h3>\n        <p class=\"subtitulo-assinatura\">Conhe\u00e7a os cursos<\/p>\n        <div class=\"box-botao\">\n          <a class=\"btn-assinatura\" target=\"_blank\" href=\"https:\/\/www.estrategiaconcursos.com.br\/cursosPorConcurso\/receita-federal-auditor-fiscal-7\/\" role=\"button\" rel=\"noopener noreferrer\">Conhe\u00e7a mais<\/a>\n        <\/div>\n      <\/div>\n     \n    <\/div>\n\n  <\/div>\n<\/div>\n\n\n\n<h2 class=\"wp-block-heading\" id=\"atendimento\">Unidades de Atendimento ao Contribuinte<\/h2>\n\n\n\n<p>Todas as Unidades Federativas (UFs).<\/p>\n\n\n\n<h2 class=\"wp-block-heading\" id=\"DRJ\">Delegacias de Julgamento (DRJ) <\/h2>\n\n\n\n<ul class=\"wp-block-list\"><li><strong>Sede Delegacia de Julgamento 01<\/strong> &#8211; Bras\u00edlia\/DF;<\/li><li><strong>Sede Delegacia de Julgamento 02<\/strong> &#8211; Bel\u00e9m\/PA;<\/li><li><strong>Sede Delegacia de Julgamento 03<\/strong> &#8211; Fortaleza\/CE;<\/li><li><strong>Sede Delegacia de Julgamento 04<\/strong> &#8211; Recife\/PE;<\/li><li><strong>Sede Delegacia de Julgamento 05<\/strong> &#8211; Salvador\/BA;<\/li><li><strong>Sede Delegacia de Julgamento 06<\/strong> &#8211; Belo Horizonte\/MG;<\/li><li><strong>Sede Delegacia de Julgamento 07<\/strong> &#8211; Rio de Janeiro\/RJ;<\/li><li><strong>Sede Delegacia de Julgamento 08<\/strong> &#8211; S\u00e3o Paulo\/SP;<\/li><li><strong>Sede Delegacia de Julgamento 09 <\/strong>&#8211; Curitiba\/PR; e<\/li><li><strong>Sede Delegacia de Julgamento 10 <\/strong>&#8211; Porto Alegre\/RS.<\/li><\/ul>\n\n\n\n<h2 class=\"wp-block-heading\" id=\"DRF\">Delegacias (DRF)<\/h2>\n\n\n\n<p><strong>Acre, <\/strong><strong>Alagoas<\/strong>, <strong>Amap\u00e1<\/strong>, <strong>Amazonas<\/strong>, Distrito Federal, Esp\u00edrito Santo, Maranh\u00e3o, Mato Grosso, Mato Grosso do Sul, Para\u00edba, Piau\u00ed, Rio Grande do Norte, Rond\u00f4nia, <strong>Roraima, Sergipe e Tocantins: <\/strong>respectivas capitais.<\/p>\n\n\n\n<p><strong>Bahia: <\/strong>Salvador; Feira de Santana e Vit\u00f3ria da Conquista.<\/p>\n\n\n\n<p><strong>Cear\u00e1: <\/strong>Fortaleza e Juazeiro do Norte.<\/p>\n\n\n\n<p><strong>Goi\u00e1s: <\/strong>An\u00e1polis e Goi\u00e2nia.<\/p>\n\n\n\n<p><strong>Minas Gerais:<\/strong>&nbsp;Belo Horizonte; Governador Valadares e Delegacia Especial de Maiores Contribuintes.<\/p>\n\n\n\n<p><strong>Par\u00e1:<\/strong> Bel\u00e9m; Marab\u00e1 e Santar\u00e9m.<\/p>\n\n\n\n<p><strong>Paran\u00e1:<\/strong> Cascavel; Curitiba; Londrina; Maring\u00e1 e Ponta Grossa.<\/p>\n\n\n\n<p><strong>Pernambuco:<\/strong> Caruaru e Recife.<\/p>\n\n\n\n<p><strong>Rio de Janeiro:<\/strong> Rio de Janeiro I (Centro); Rio de Janeiro II (Barra da Tijuca); Volta Redonda e Delegacia Especial de Maiores Contribuintes no Rio de Janeiro.<\/p>\n\n\n\n<p><strong>Rio Grande do Sul:<\/strong> Caxias do Sul; Novo Hamburgo; Porto Alegre; Pelotas; Santa Maria e Santo \u00c2ngelo.<\/p>\n\n\n\n<p><strong>Santa Catarina:<\/strong> Blumenau; Florian\u00f3polis; Joa\u00e7aba e Joinville.<\/p>\n\n\n\n<p>S\u00e3o Paulo: Ara\u00e7atuba; Bauru; Campinas; Franca; Guarulhos; Jundia\u00ed; Limeira; Osasco; Piracicaba; Presidente Prudente; Ribeir\u00e3o Preto; Santo Andr\u00e9; Santos; S\u00e3o Jos\u00e9 do Rio Preto; S\u00e3o Jos\u00e9 dos Campos; Sorocaba; Delegacia de Administra\u00e7\u00e3o Tribut\u00e1ria (Derat); Delegacia de Opera\u00e7\u00f5es Especiais de Fiscaliza\u00e7\u00e3o (Deope); Delegacia de Fiscaliza\u00e7\u00e3o (Defis); Delegacia de Institui\u00e7\u00f5es Financeiras (Deinf); Delegacia de Pessoas F\u00edsicas (Derpf) e Delegacia de Fiscaliza\u00e7\u00e3o de Com\u00e9rcio Exterior (Decex).<\/p>\n\n\n\n<h2 class=\"wp-block-heading\" id=\"alfandegas\">Alf\u00e2ndegas<\/h2>\n\n\n\n<p><strong>Amazonas:<\/strong> Aeroporto Internacional Eduardo Gomes e Porto de Manaus.<\/p>\n\n\n\n<p><strong>Bahia:<\/strong> Alf\u00e2ndega em Salvador (Paralela).<\/p>\n\n\n\n<p><strong>Cear\u00e1:<\/strong> Alf\u00e2ndega em Fortaleza (Mucuripe).<\/p>\n\n\n\n<p><strong>Distrito Federal:<\/strong> Aeroporto Internacional de Bras\u00edlia.<\/p>\n\n\n\n<p><strong>Esp\u00edrito Santo: <\/strong>Porto de Vit\u00f3ria.<\/p>\n\n\n\n<p><strong>Mato Grosso do Sul:<\/strong> Alf\u00e2ndega em Corumb\u00e1 (Centro); Alf\u00e2ndega em Ponta Por\u00e3 (Centro) e Alf\u00e2ndega em Mundo Novo (Zona Rural).<\/p>\n\n\n\n<p><strong>Minas Gerais: <\/strong>Alf\u00e2ndega em Belo Horizonte (Centro).<\/p>\n\n\n\n<p><strong>Par\u00e1:<\/strong> (Unidade CAC) Alf\u00e2ndega de&nbsp;Bel\u00e9m (Umarizal).<\/p>\n\n\n\n<p><strong>Paran\u00e1: <\/strong>Porto de Paranagu\u00e1; Alf\u00e2ndega em Foz do Igua\u00e7u (Jardim Polo Centro) e Alf\u00e2ndega em Curitiba (Centro).<\/p>\n\n\n\n<p><strong>Pernambuco<\/strong>: Aeroporto Internacional de&nbsp;Recife\/Guararapes; Porto de Suape.<\/p>\n\n\n\n<p><strong>Rio de Janeiro:<\/strong> Aeroporto Internacional do Gale\u00e3o, Porto de Itagua\u00ed e Porto do Rio de Janeiro.<\/p>\n\n\n\n<p><strong>Rio Grande do Sul: <\/strong>Alf\u00e2ndega em Uruguaiana&nbsp;(Centro); Porto de Rio Grande e Alf\u00e2ndega em Porto Alegre (Centro).<\/p>\n\n\n\n<p><strong>Santa Catarina: <\/strong>Porto de Itaja\u00ed; Porto de S\u00e3o Francisco do Sul; Alf\u00e2ndega em Florian\u00f3polis (Centro) e Alf\u00e2ndega em Dion\u00edsio Cerqueira (Centro)<\/p>\n\n\n\n<p><strong>S\u00e3o Paulo:<\/strong> Aeroporto Internacional de Guarulhos; Aeroporto Internacional de Viracopos; Porto de Santos e Alf\u00e2ndega em S\u00e3o Paulo (Tatuap\u00e9).<\/p>\n\n\n\n<h2 class=\"wp-block-heading\" id=\"IRF\">Inspetorias (IRF)<\/h2>\n\n\n\n<p><strong>Acre:<\/strong> Assis Brasil; Epitaciol\u00e2ndia e Cruzeiro do Sul.<\/p>\n\n\n\n<p><strong>Alagoas: <\/strong>Macei\u00f3.<\/p>\n\n\n\n<p><strong>Amap\u00e1:<\/strong> Oiapoque e Santana.<\/p>\n\n\n\n<p><strong>Amazonas: <\/strong>Tabatinga.<\/p>\n\n\n\n<p><strong>Bahia<\/strong>: Aeroporto Internacional de Salvador, Ilh\u00e9us e Porto Seguro.<\/p>\n\n\n\n<p><strong>Cear\u00e1:<\/strong> Aeroporto Internacional Pinto Martins e Porto do Pec\u00e9m.<\/p>\n\n\n\n<p><strong>Maranh\u00e3o:<\/strong> Porto de S\u00e3o Lu\u00eds.<\/p>\n\n\n\n<p><strong>Mato Grosso:<\/strong> C\u00e1ceres.<\/p>\n\n\n\n<p><strong>Minas Gerais: <\/strong>Belo Horizonte&nbsp;&#8211; Aeroporto.<\/p>\n\n\n\n<p><strong>Par\u00e1:<\/strong> Barcarena e AIB.<\/p>\n\n\n\n<p><strong>Para\u00edba: <\/strong>Cabedelo.<\/p>\n\n\n\n<p><strong>Paran\u00e1: <\/strong>Capanema; Aeroporto Internacional Afonso Pena; Gua\u00edra e Santa Helena.<\/p>\n\n\n\n<p><strong>Pernambuco: <\/strong>Aeroporto Internacional dos Guararapes.<\/p>\n\n\n\n<p><strong>Rio de Janeiro:<\/strong> Maca\u00e9 e Campos dos Goytacazes.<\/p>\n\n\n\n<p><strong>Rio Grande do Norte:<\/strong> Natal.<\/p>\n\n\n\n<p><strong>Rio Grande do Sul: <\/strong>Bag\u00e9; Quara\u00ed; Chu\u00ed; Itaqui; Jaguar\u00e3o; S\u00e3o Borja; Porto Mau\u00e1; Porto Xavier; Aeroporto Internacional Salgado Filho e Santana do Livramento.<\/p>\n\n\n\n<p><strong>Rond\u00f4nia: <\/strong>Guajara-Mirim.<\/p>\n\n\n\n<p><strong>Roraima:<\/strong> Bonfim e Pacara\u00edma.<\/p>\n\n\n\n<p><strong>Santa Catarina: <\/strong>Aeroporto Internacional de Florian\u00f3polis e Imbituba.<\/p>\n\n\n\n<p><strong>S\u00e3o Paulo:<\/strong> S\u00e3o Sebasti\u00e3o.<\/p>\n\n\n\n<h2 class=\"wp-block-heading\" id=\"aduana\">Receita Federal: locais de trabalho e recintos aduaneiros<\/h2>\n\n\n\n<ul class=\"wp-block-list\"><li><a href=\"https:\/\/www.youtube.com\/watch?v=SgjeNUT9Y_c\" target=\"_blank\" rel=\"noreferrer noopener\">Aeroportos<\/a> &#8211; Terminais de Cargas e Terminais de Passageiros Alfandegados;<\/li><li>Portos (Mar\u00edtimos, Fluviais e Lacustres);<\/li><li><a href=\"https:\/\/www.youtube.com\/watch?v=hsK4OueZs9E\" target=\"_blank\" rel=\"noreferrer noopener\">Pontos de Fronteiras<\/a> Alfandegados;<\/li><li>Portos Secos;<\/li><li>CLIAs &#8211; Centros Log\u00edsticos e Industriais Aduaneiros;<\/li><li>Remessas Postais Internacionais;<\/li><li>ACI &#8211; \u00c1rea de Controle Integrado;<\/li><li>Bases Militares;<\/li><li>Lojas Francas;<\/li><li>Terminais de Remessas Expressas;<\/li><li>Silos e Tanques;<\/li><li>TCAC (Termo de Compromisso de Ajuste de Conduta T\u00e9cnica e Operacional de Alfandegamento);<\/li><li>Redex.<\/li><\/ul>\n\n\n\n<hr class=\"wp-block-separator has-alpha-channel-opacity\"\/>\n\n\n\n<p class=\"has-text-align-center\"><em>Para ficar por dentro de todas as informa\u00e7\u00f5es sobre o concurso da Receita Federal, al\u00e9m dos locais de trabalho, n\u00e3o deixe de conferir nosso artigo completo sobre a sele\u00e7\u00e3o:<\/em><\/p>\n\n\n\n<p class=\"has-text-align-center has-background has-medium-font-size\" style=\"background-color:#e1e4e8\"><strong>SAIBA MAIS: <a href=\"https:\/\/www.estrategiaconcursos.com.br\/blog\/concurso-receita-federal\/\" target=\"_blank\" rel=\"noreferrer noopener\">Concurso RFB<\/a><\/strong><\/p>\n\n\n\n<div class=\"container\" id=\"boxes\">\n  <div class=\"row\">\n\n    <div class=\"col-sm\">\n      <div class=\"banner-fiscal\" id=\"box-assinatura\">\n        <h3 class=\"titulo-assinatura\">Receita Federal<\/h3>\n        <p class=\"subtitulo-assinatura\">Conhe\u00e7a os cursos<\/p>\n        <div class=\"box-botao\">\n          <a class=\"btn-assinatura\" target=\"_blank\" href=\"https:\/\/www.estrategiaconcursos.com.br\/cursosPorConcurso\/receita-federal-auditor-fiscal-7\/\" role=\"button\" rel=\"noopener noreferrer\">Conhe\u00e7a mais<\/a>\n        <\/div>\n      <\/div>\n     \n    <\/div>\n\n  <\/div>\n<\/div>\n\n\n\n<div class=\"container\" id=\"boxes\">\n  <div class=\"row\">\n\n    <div class=\"col-sm\">\n      <div class=\"estrategia\" id=\"box-assinatura\">\n        <h3 class=\"titulo-assinatura\">Assinatura Concursos<\/h3>\n        <p class=\"subtitulo-assinatura\">Assinatura de 1 ano ou 2 anos<\/p>\n        <div class=\"box-botao\">\n          <a class=\"btn-assinatura\" target=\"_blank\" href=\"https:\/\/www.estrategiaconcursos.com.br\/assinaturas\/\" role=\"button\" rel=\"noopener noreferrer\">ASSINE AGORA<\/a>\n        <\/div>\n      <\/div><\/div><\/div><\/div>\n\n\n\n<h2 class=\"has-text-align-center wp-block-heading\" id=\"cursos\">Quer saber tudo sobre concursos previstos? <br \/>Confira nossos artigos!<\/h2>\n\n\n\n<ul class=\"wp-block-list\"><li><a href=\"https:\/\/www.estrategiaconcursos.com.br\/blog\/concursos-abertos\/\" target=\"_blank\" rel=\"noreferrer noopener\">Concursos Abertos<\/a><\/li><li><a href=\"https:\/\/www.estrategiaconcursos.com.br\/blog\/concursos-fiscais-2022\/\" target=\"_blank\" rel=\"noreferrer noopener\">Concursos Fiscais<\/a><\/li><li><a href=\"https:\/\/www.estrategiaconcursos.com.br\/blog\/concursos-2022\/\" target=\"_blank\" rel=\"noreferrer noopener\">Concursos 2022<\/a><\/li><li><a href=\"https:\/\/www.estrategiaconcursos.com.br\/blog\/concursos-2023\/\" target=\"_blank\" rel=\"noreferrer noopener\">Concursos 2023<\/a><\/li><\/ul>\n","protected":false},"excerpt":{"rendered":"<p>O concurso da Receita Federal est\u00e1 mais quente do que nunca e pode ter seu edital publicado a qualquer momento. Com 699 vagas autorizadas, uma informa\u00e7\u00e3o muito questionada pelos concurseiros \u00e9: &#8220;onde vou trabalhar?&#8220;. Por se tratar de um \u00f3rg\u00e3o de abrang\u00eancia nacional, existem diversas possibilidades, que voc\u00ea acompanha ao longo deste artigo. ATEN\u00c7\u00c3O: importante [&hellip;]<\/p>\n","protected":false},"author":659,"featured_media":974219,"comment_status":"open","ping_status":"closed","sticky":false,"template":"","format":"standard","meta":{"post_tipo":"news","footnotes":""},"categories":[220182,220219],"tags":[],"tax_estado":[219963],"class_list":["post-1109363","post","type-post","status-publish","format-standard","has-post-thumbnail","hentry","category-fiscal-federal","category-noticias","tax_estado-concursos-federais"],"acf":[],"yoast_head":"<!-- This site is optimized with the Yoast SEO Premium plugin v27.2 (Yoast SEO v27.2) - https:\/\/yoast.com\/product\/yoast-seo-premium-wordpress\/ -->\n<title>Receita Federal: saiba quais s\u00e3o os locais de trabalho<\/title>\n<meta name=\"description\" content=\"Concurso Receita Federal 2022: com edital iminente (699 vagas), saiba quais s\u00e3o os locais de trabalho espalhados por todo o pa\u00eds!\" \/>\n<meta name=\"robots\" content=\"index, follow, max-snippet:-1, max-image-preview:large, max-video-preview:-1\" \/>\n<link rel=\"canonical\" href=\"https:\/\/www.estrategiaconcursos.com.br\/blog\/concurso-receita-federal-locais-de-trabalho\/\" \/>\n<meta property=\"og:locale\" content=\"pt_BR\" \/>\n<meta property=\"og:type\" content=\"article\" \/>\n<meta property=\"og:title\" content=\"Receita Federal: saiba quais s\u00e3o os locais de trabalho\" \/>\n<meta property=\"og:description\" content=\"Concurso Receita Federal 2022: com edital iminente (699 vagas), saiba quais s\u00e3o os locais de trabalho espalhados por todo o pa\u00eds!\" \/>\n<meta property=\"og:url\" content=\"https:\/\/www.estrategiaconcursos.com.br\/blog\/concurso-receita-federal-locais-de-trabalho\/\" \/>\n<meta property=\"og:site_name\" content=\"Estrat\u00e9gia Concursos\" \/>\n<meta property=\"article:published_time\" content=\"2022-10-13T15:29:14+00:00\" \/>\n<meta property=\"article:modified_time\" content=\"2022-12-01T19:31:52+00:00\" \/>\n<meta property=\"og:image\" content=\"https:\/\/dhg1h5j42swfq.cloudfront.net\/2022\/02\/21170104\/concurso-receita-federal-1024x536-1.jpg\" \/>\n\t<meta property=\"og:image:width\" content=\"1024\" \/>\n\t<meta property=\"og:image:height\" content=\"536\" \/>\n\t<meta property=\"og:image:type\" content=\"image\/jpeg\" \/>\n<meta name=\"author\" content=\"Camila Leite\" \/>\n<meta name=\"twitter:card\" content=\"summary_large_image\" \/>\n<meta name=\"twitter:creator\" content=\"@EstratConcursos\" \/>\n<meta name=\"twitter:site\" content=\"@EstratConcursos\" \/>\n<meta name=\"twitter:label1\" content=\"Escrito por\" \/>\n\t<meta name=\"twitter:data1\" content=\"Camila Leite\" \/>\n\t<meta name=\"twitter:label2\" content=\"Est. tempo de leitura\" \/>\n\t<meta name=\"twitter:data2\" content=\"5 minutos\" \/>\n<script type=\"application\/ld+json\" class=\"yoast-schema-graph\">{\"@context\":\"https:\/\/schema.org\",\"@graph\":[{\"@type\":\"NewsArticle\",\"@id\":\"https:\/\/www.estrategiaconcursos.com.br\/blog\/concurso-receita-federal-locais-de-trabalho\/#article\",\"isPartOf\":{\"@id\":\"https:\/\/www.estrategiaconcursos.com.br\/blog\/concurso-receita-federal-locais-de-trabalho\/\"},\"author\":{\"name\":\"Camila Leite\",\"@id\":\"https:\/\/www.estrategiaconcursos.com.br\/blog\/#\/schema\/person\/84ecdc6eb58d3cf1689bf76c5cd8fb38\"},\"headline\":\"Receita Federal: saiba quais s\u00e3o os locais de trabalho\",\"datePublished\":\"2022-10-13T15:29:14+00:00\",\"dateModified\":\"2022-12-01T19:31:52+00:00\",\"mainEntityOfPage\":{\"@id\":\"https:\/\/www.estrategiaconcursos.com.br\/blog\/concurso-receita-federal-locais-de-trabalho\/\"},\"wordCount\":996,\"commentCount\":0,\"publisher\":{\"@id\":\"https:\/\/www.estrategiaconcursos.com.br\/blog\/#organization\"},\"image\":{\"@id\":\"https:\/\/www.estrategiaconcursos.com.br\/blog\/concurso-receita-federal-locais-de-trabalho\/#primaryimage\"},\"thumbnailUrl\":\"https:\/\/dhg1h5j42swfq.cloudfront.net\/2022\/02\/21170104\/concurso-receita-federal-1024x536-1.jpg\",\"articleSection\":[\"Fiscal - Federal (RFB e AFT)\",\"\u00daltimas not\u00edcias\"],\"inLanguage\":\"pt-BR\",\"potentialAction\":[{\"@type\":\"CommentAction\",\"name\":\"Comment\",\"target\":[\"https:\/\/www.estrategiaconcursos.com.br\/blog\/concurso-receita-federal-locais-de-trabalho\/#respond\"]}],\"copyrightYear\":\"2022\",\"copyrightHolder\":{\"@id\":\"https:\/\/www.estrategiaconcursos.com.br\/blog\/#organization\"}},{\"@type\":\"WebPage\",\"@id\":\"https:\/\/www.estrategiaconcursos.com.br\/blog\/concurso-receita-federal-locais-de-trabalho\/\",\"url\":\"https:\/\/www.estrategiaconcursos.com.br\/blog\/concurso-receita-federal-locais-de-trabalho\/\",\"name\":\"Receita Federal: saiba quais s\u00e3o os locais de trabalho\",\"isPartOf\":{\"@id\":\"https:\/\/www.estrategiaconcursos.com.br\/blog\/#website\"},\"primaryImageOfPage\":{\"@id\":\"https:\/\/www.estrategiaconcursos.com.br\/blog\/concurso-receita-federal-locais-de-trabalho\/#primaryimage\"},\"image\":{\"@id\":\"https:\/\/www.estrategiaconcursos.com.br\/blog\/concurso-receita-federal-locais-de-trabalho\/#primaryimage\"},\"thumbnailUrl\":\"https:\/\/dhg1h5j42swfq.cloudfront.net\/2022\/02\/21170104\/concurso-receita-federal-1024x536-1.jpg\",\"datePublished\":\"2022-10-13T15:29:14+00:00\",\"dateModified\":\"2022-12-01T19:31:52+00:00\",\"description\":\"Concurso Receita Federal 2022: com edital iminente (699 vagas), saiba quais s\u00e3o os locais de trabalho espalhados por todo o pa\u00eds!\",\"breadcrumb\":{\"@id\":\"https:\/\/www.estrategiaconcursos.com.br\/blog\/concurso-receita-federal-locais-de-trabalho\/#breadcrumb\"},\"inLanguage\":\"pt-BR\",\"potentialAction\":[{\"@type\":\"ReadAction\",\"target\":[\"https:\/\/www.estrategiaconcursos.com.br\/blog\/concurso-receita-federal-locais-de-trabalho\/\"]}]},{\"@type\":\"ImageObject\",\"inLanguage\":\"pt-BR\",\"@id\":\"https:\/\/www.estrategiaconcursos.com.br\/blog\/concurso-receita-federal-locais-de-trabalho\/#primaryimage\",\"url\":\"https:\/\/dhg1h5j42swfq.cloudfront.net\/2022\/02\/21170104\/concurso-receita-federal-1024x536-1.jpg\",\"contentUrl\":\"https:\/\/dhg1h5j42swfq.cloudfront.net\/2022\/02\/21170104\/concurso-receita-federal-1024x536-1.jpg\",\"width\":1024,\"height\":536,\"caption\":\"concurso receita federal\"},{\"@type\":\"BreadcrumbList\",\"@id\":\"https:\/\/www.estrategiaconcursos.com.br\/blog\/concurso-receita-federal-locais-de-trabalho\/#breadcrumb\",\"itemListElement\":[{\"@type\":\"ListItem\",\"position\":1,\"name\":\"In\u00edcio\",\"item\":\"https:\/\/www.estrategiaconcursos.com.br\/blog\/\"},{\"@type\":\"ListItem\",\"position\":2,\"name\":\"Receita Federal: saiba quais s\u00e3o os locais de trabalho\"}]},{\"@type\":\"WebSite\",\"@id\":\"https:\/\/www.estrategiaconcursos.com.br\/blog\/#website\",\"url\":\"https:\/\/www.estrategiaconcursos.com.br\/blog\/\",\"name\":\"Estrat\u00e9gia Concursos\",\"description\":\"O blog da Estrat\u00e9gia Concursos traz not\u00edcias sobre concursos e artigos de professores oferecendo cursos para concursos (pdf + videaulas) no site.\",\"publisher\":{\"@id\":\"https:\/\/www.estrategiaconcursos.com.br\/blog\/#organization\"},\"potentialAction\":[{\"@type\":\"SearchAction\",\"target\":{\"@type\":\"EntryPoint\",\"urlTemplate\":\"https:\/\/www.estrategiaconcursos.com.br\/blog\/?s={search_term_string}\"},\"query-input\":{\"@type\":\"PropertyValueSpecification\",\"valueRequired\":true,\"valueName\":\"search_term_string\"}}],\"inLanguage\":\"pt-BR\"},{\"@type\":\"Organization\",\"@id\":\"https:\/\/www.estrategiaconcursos.com.br\/blog\/#organization\",\"name\":\"Estrat\u00e9gia Concursos\",\"url\":\"https:\/\/www.estrategiaconcursos.com.br\/blog\/\",\"logo\":{\"@type\":\"ImageObject\",\"inLanguage\":\"pt-BR\",\"@id\":\"https:\/\/www.estrategiaconcursos.com.br\/blog\/#\/schema\/logo\/image\/\",\"url\":\"https:\/\/dhg1h5j42swfq.cloudfront.net\/2025\/06\/03203428\/logo_concursos-1.jpg\",\"contentUrl\":\"https:\/\/dhg1h5j42swfq.cloudfront.net\/2025\/06\/03203428\/logo_concursos-1.jpg\",\"width\":230,\"height\":60,\"caption\":\"Estrat\u00e9gia Concursos\"},\"image\":{\"@id\":\"https:\/\/www.estrategiaconcursos.com.br\/blog\/#\/schema\/logo\/image\/\"},\"sameAs\":[\"https:\/\/x.com\/EstratConcursos\"]},{\"@type\":\"Person\",\"@id\":\"https:\/\/www.estrategiaconcursos.com.br\/blog\/#\/schema\/person\/84ecdc6eb58d3cf1689bf76c5cd8fb38\",\"name\":\"Camila Leite\",\"image\":{\"@type\":\"ImageObject\",\"inLanguage\":\"pt-BR\",\"@id\":\"https:\/\/secure.gravatar.com\/avatar\/f2f8faef639c8a2bfb7fb909912a56917f4c3a0aed064500168e2fb8ea55cf61?s=96&d=mm&r=g\",\"url\":\"https:\/\/secure.gravatar.com\/avatar\/f2f8faef639c8a2bfb7fb909912a56917f4c3a0aed064500168e2fb8ea55cf61?s=96&d=mm&r=g\",\"contentUrl\":\"https:\/\/secure.gravatar.com\/avatar\/f2f8faef639c8a2bfb7fb909912a56917f4c3a0aed064500168e2fb8ea55cf61?s=96&d=mm&r=g\",\"caption\":\"Camila Leite\"},\"description\":\"Formada em Design Gr\u00e1fico e em Propaganda e Marketing pela UNIP, integra a equipe de jornalismo do Estrat\u00e9gia Concursos desde 2018. Ao longo dos anos, construiu uma s\u00f3lida experi\u00eancia na produ\u00e7\u00e3o de conte\u00fado informativo e relevante para concurseiros. Desde 2020, atua na cobertura das \u00e1reas Fiscal \u2014 com \u00eanfase nas Secretarias de Fazenda (Sefaz) das regi\u00f5es Sul e Sudeste \u2014, al\u00e9m da cobertura de concursos federais, como CNU, Petrobras, CGU, Receita Federal, ag\u00eancias reguladoras (Anvisa, ANAC, entre outras) e INSS. Mant\u00e9m contato direto com os principais \u00f3rg\u00e3os p\u00fablicos, acompanhando editais, atualiza\u00e7\u00f5es e movimenta\u00e7\u00f5es importantes para os candidatos.\",\"sameAs\":[\"https:\/\/www.linkedin.com\/in\/camila-pinheiro-leite-9ba135b6\/\"],\"url\":\"https:\/\/www.estrategiaconcursos.com.br\/blog\/author\/camila-leiteestrategiaconcursos-com-br\/\"}]}<\/script>\n<!-- \/ Yoast SEO Premium plugin. -->","yoast_head_json":{"title":"Receita Federal: saiba quais s\u00e3o os locais de trabalho","description":"Concurso Receita Federal 2022: com edital iminente (699 vagas), saiba quais s\u00e3o os locais de trabalho espalhados por todo o pa\u00eds!","robots":{"index":"index","follow":"follow","max-snippet":"max-snippet:-1","max-image-preview":"max-image-preview:large","max-video-preview":"max-video-preview:-1"},"canonical":"https:\/\/www.estrategiaconcursos.com.br\/blog\/concurso-receita-federal-locais-de-trabalho\/","og_locale":"pt_BR","og_type":"article","og_title":"Receita Federal: saiba quais s\u00e3o os locais de trabalho","og_description":"Concurso Receita Federal 2022: com edital iminente (699 vagas), saiba quais s\u00e3o os locais de trabalho espalhados por todo o pa\u00eds!","og_url":"https:\/\/www.estrategiaconcursos.com.br\/blog\/concurso-receita-federal-locais-de-trabalho\/","og_site_name":"Estrat\u00e9gia Concursos","article_published_time":"2022-10-13T15:29:14+00:00","article_modified_time":"2022-12-01T19:31:52+00:00","og_image":[{"width":1024,"height":536,"url":"https:\/\/dhg1h5j42swfq.cloudfront.net\/2022\/02\/21170104\/concurso-receita-federal-1024x536-1.jpg","type":"image\/jpeg"}],"author":"Camila Leite","twitter_card":"summary_large_image","twitter_creator":"@EstratConcursos","twitter_site":"@EstratConcursos","twitter_misc":{"Escrito por":"Camila Leite","Est. tempo de leitura":"5 minutos"},"schema":{"@context":"https:\/\/schema.org","@graph":[{"@type":"NewsArticle","@id":"https:\/\/www.estrategiaconcursos.com.br\/blog\/concurso-receita-federal-locais-de-trabalho\/#article","isPartOf":{"@id":"https:\/\/www.estrategiaconcursos.com.br\/blog\/concurso-receita-federal-locais-de-trabalho\/"},"author":{"name":"Camila Leite","@id":"https:\/\/www.estrategiaconcursos.com.br\/blog\/#\/schema\/person\/84ecdc6eb58d3cf1689bf76c5cd8fb38"},"headline":"Receita Federal: saiba quais s\u00e3o os locais de trabalho","datePublished":"2022-10-13T15:29:14+00:00","dateModified":"2022-12-01T19:31:52+00:00","mainEntityOfPage":{"@id":"https:\/\/www.estrategiaconcursos.com.br\/blog\/concurso-receita-federal-locais-de-trabalho\/"},"wordCount":996,"commentCount":0,"publisher":{"@id":"https:\/\/www.estrategiaconcursos.com.br\/blog\/#organization"},"image":{"@id":"https:\/\/www.estrategiaconcursos.com.br\/blog\/concurso-receita-federal-locais-de-trabalho\/#primaryimage"},"thumbnailUrl":"https:\/\/dhg1h5j42swfq.cloudfront.net\/2022\/02\/21170104\/concurso-receita-federal-1024x536-1.jpg","articleSection":["Fiscal - Federal (RFB e AFT)","\u00daltimas not\u00edcias"],"inLanguage":"pt-BR","potentialAction":[{"@type":"CommentAction","name":"Comment","target":["https:\/\/www.estrategiaconcursos.com.br\/blog\/concurso-receita-federal-locais-de-trabalho\/#respond"]}],"copyrightYear":"2022","copyrightHolder":{"@id":"https:\/\/www.estrategiaconcursos.com.br\/blog\/#organization"}},{"@type":"WebPage","@id":"https:\/\/www.estrategiaconcursos.com.br\/blog\/concurso-receita-federal-locais-de-trabalho\/","url":"https:\/\/www.estrategiaconcursos.com.br\/blog\/concurso-receita-federal-locais-de-trabalho\/","name":"Receita Federal: saiba quais s\u00e3o os locais de trabalho","isPartOf":{"@id":"https:\/\/www.estrategiaconcursos.com.br\/blog\/#website"},"primaryImageOfPage":{"@id":"https:\/\/www.estrategiaconcursos.com.br\/blog\/concurso-receita-federal-locais-de-trabalho\/#primaryimage"},"image":{"@id":"https:\/\/www.estrategiaconcursos.com.br\/blog\/concurso-receita-federal-locais-de-trabalho\/#primaryimage"},"thumbnailUrl":"https:\/\/dhg1h5j42swfq.cloudfront.net\/2022\/02\/21170104\/concurso-receita-federal-1024x536-1.jpg","datePublished":"2022-10-13T15:29:14+00:00","dateModified":"2022-12-01T19:31:52+00:00","description":"Concurso Receita Federal 2022: com edital iminente (699 vagas), saiba quais s\u00e3o os locais de trabalho espalhados por todo o pa\u00eds!","breadcrumb":{"@id":"https:\/\/www.estrategiaconcursos.com.br\/blog\/concurso-receita-federal-locais-de-trabalho\/#breadcrumb"},"inLanguage":"pt-BR","potentialAction":[{"@type":"ReadAction","target":["https:\/\/www.estrategiaconcursos.com.br\/blog\/concurso-receita-federal-locais-de-trabalho\/"]}]},{"@type":"ImageObject","inLanguage":"pt-BR","@id":"https:\/\/www.estrategiaconcursos.com.br\/blog\/concurso-receita-federal-locais-de-trabalho\/#primaryimage","url":"https:\/\/dhg1h5j42swfq.cloudfront.net\/2022\/02\/21170104\/concurso-receita-federal-1024x536-1.jpg","contentUrl":"https:\/\/dhg1h5j42swfq.cloudfront.net\/2022\/02\/21170104\/concurso-receita-federal-1024x536-1.jpg","width":1024,"height":536,"caption":"concurso receita federal"},{"@type":"BreadcrumbList","@id":"https:\/\/www.estrategiaconcursos.com.br\/blog\/concurso-receita-federal-locais-de-trabalho\/#breadcrumb","itemListElement":[{"@type":"ListItem","position":1,"name":"In\u00edcio","item":"https:\/\/www.estrategiaconcursos.com.br\/blog\/"},{"@type":"ListItem","position":2,"name":"Receita Federal: saiba quais s\u00e3o os locais de trabalho"}]},{"@type":"WebSite","@id":"https:\/\/www.estrategiaconcursos.com.br\/blog\/#website","url":"https:\/\/www.estrategiaconcursos.com.br\/blog\/","name":"Estrat\u00e9gia Concursos","description":"O blog da Estrat\u00e9gia Concursos traz not\u00edcias sobre concursos e artigos de professores oferecendo cursos para concursos (pdf + videaulas) no site.","publisher":{"@id":"https:\/\/www.estrategiaconcursos.com.br\/blog\/#organization"},"potentialAction":[{"@type":"SearchAction","target":{"@type":"EntryPoint","urlTemplate":"https:\/\/www.estrategiaconcursos.com.br\/blog\/?s={search_term_string}"},"query-input":{"@type":"PropertyValueSpecification","valueRequired":true,"valueName":"search_term_string"}}],"inLanguage":"pt-BR"},{"@type":"Organization","@id":"https:\/\/www.estrategiaconcursos.com.br\/blog\/#organization","name":"Estrat\u00e9gia Concursos","url":"https:\/\/www.estrategiaconcursos.com.br\/blog\/","logo":{"@type":"ImageObject","inLanguage":"pt-BR","@id":"https:\/\/www.estrategiaconcursos.com.br\/blog\/#\/schema\/logo\/image\/","url":"https:\/\/dhg1h5j42swfq.cloudfront.net\/2025\/06\/03203428\/logo_concursos-1.jpg","contentUrl":"https:\/\/dhg1h5j42swfq.cloudfront.net\/2025\/06\/03203428\/logo_concursos-1.jpg","width":230,"height":60,"caption":"Estrat\u00e9gia Concursos"},"image":{"@id":"https:\/\/www.estrategiaconcursos.com.br\/blog\/#\/schema\/logo\/image\/"},"sameAs":["https:\/\/x.com\/EstratConcursos"]},{"@type":"Person","@id":"https:\/\/www.estrategiaconcursos.com.br\/blog\/#\/schema\/person\/84ecdc6eb58d3cf1689bf76c5cd8fb38","name":"Camila Leite","image":{"@type":"ImageObject","inLanguage":"pt-BR","@id":"https:\/\/secure.gravatar.com\/avatar\/f2f8faef639c8a2bfb7fb909912a56917f4c3a0aed064500168e2fb8ea55cf61?s=96&d=mm&r=g","url":"https:\/\/secure.gravatar.com\/avatar\/f2f8faef639c8a2bfb7fb909912a56917f4c3a0aed064500168e2fb8ea55cf61?s=96&d=mm&r=g","contentUrl":"https:\/\/secure.gravatar.com\/avatar\/f2f8faef639c8a2bfb7fb909912a56917f4c3a0aed064500168e2fb8ea55cf61?s=96&d=mm&r=g","caption":"Camila Leite"},"description":"Formada em Design Gr\u00e1fico e em Propaganda e Marketing pela UNIP, integra a equipe de jornalismo do Estrat\u00e9gia Concursos desde 2018. Ao longo dos anos, construiu uma s\u00f3lida experi\u00eancia na produ\u00e7\u00e3o de conte\u00fado informativo e relevante para concurseiros. Desde 2020, atua na cobertura das \u00e1reas Fiscal \u2014 com \u00eanfase nas Secretarias de Fazenda (Sefaz) das regi\u00f5es Sul e Sudeste \u2014, al\u00e9m da cobertura de concursos federais, como CNU, Petrobras, CGU, Receita Federal, ag\u00eancias reguladoras (Anvisa, ANAC, entre outras) e INSS. Mant\u00e9m contato direto com os principais \u00f3rg\u00e3os p\u00fablicos, acompanhando editais, atualiza\u00e7\u00f5es e movimenta\u00e7\u00f5es importantes para os candidatos.","sameAs":["https:\/\/www.linkedin.com\/in\/camila-pinheiro-leite-9ba135b6\/"],"url":"https:\/\/www.estrategiaconcursos.com.br\/blog\/author\/camila-leiteestrategiaconcursos-com-br\/"}]}},"_links":{"self":[{"href":"https:\/\/www.estrategiaconcursos.com.br\/blog\/wp-json\/wp\/v2\/posts\/1109363","targetHints":{"allow":["GET"]}}],"collection":[{"href":"https:\/\/www.estrategiaconcursos.com.br\/blog\/wp-json\/wp\/v2\/posts"}],"about":[{"href":"https:\/\/www.estrategiaconcursos.com.br\/blog\/wp-json\/wp\/v2\/types\/post"}],"author":[{"embeddable":true,"href":"https:\/\/www.estrategiaconcursos.com.br\/blog\/wp-json\/wp\/v2\/users\/659"}],"replies":[{"embeddable":true,"href":"https:\/\/www.estrategiaconcursos.com.br\/blog\/wp-json\/wp\/v2\/comments?post=1109363"}],"version-history":[{"count":32,"href":"https:\/\/www.estrategiaconcursos.com.br\/blog\/wp-json\/wp\/v2\/posts\/1109363\/revisions"}],"predecessor-version":[{"id":1132971,"href":"https:\/\/www.estrategiaconcursos.com.br\/blog\/wp-json\/wp\/v2\/posts\/1109363\/revisions\/1132971"}],"wp:featuredmedia":[{"embeddable":true,"href":"https:\/\/www.estrategiaconcursos.com.br\/blog\/wp-json\/wp\/v2\/media\/974219"}],"wp:attachment":[{"href":"https:\/\/www.estrategiaconcursos.com.br\/blog\/wp-json\/wp\/v2\/media?parent=1109363"}],"wp:term":[{"taxonomy":"category","embeddable":true,"href":"https:\/\/www.estrategiaconcursos.com.br\/blog\/wp-json\/wp\/v2\/categories?post=1109363"},{"taxonomy":"post_tag","embeddable":true,"href":"https:\/\/www.estrategiaconcursos.com.br\/blog\/wp-json\/wp\/v2\/tags?post=1109363"},{"taxonomy":"tax_estado","embeddable":true,"href":"https:\/\/www.estrategiaconcursos.com.br\/blog\/wp-json\/wp\/v2\/tax_estado?post=1109363"}],"curies":[{"name":"wp","href":"https:\/\/api.w.org\/{rel}","templated":true}]}}