{"id":110897,"date":"2018-03-18T21:49:41","date_gmt":"2018-03-19T00:49:41","guid":{"rendered":"https:\/\/www.estrategiaconcursos.com.br\/blog\/?p=110897"},"modified":"2018-10-01T19:26:51","modified_gmt":"2018-10-01T22:26:51","slug":"10-questoes-recentes-de-atualidades-da-vunesp","status":"publish","type":"post","link":"https:\/\/www.estrategiaconcursos.com.br\/blog\/10-questoes-recentes-de-atualidades-da-vunesp\/","title":{"rendered":"10 quest\u00f5es recentes de Atualidades da VUNESP"},"content":{"rendered":"<p style=\"text-align: justify;\">Ol\u00e1 Pessoal, tudo bem? Entramos na semana que antecede a prova do TJ-SP Interior. Para lhe auxiliar nesta reta final\u00edssima de estudos, trago 10 quest\u00f5es recent\u00edssimas de Atualidades de duas provas aplicadas em concursos de 2018.<\/p>\n<p style=\"text-align: justify;\">Por a Vunesp ser uma banca bastante factual em Atualidades, \u00e9 important\u00edssimo acompanhar as suas \u00faltimas provas para verificarmos os fatos que foram objeto de quest\u00f5es de prova. Dificilmente ser\u00e3o cobrados novamente nas pr\u00f3ximas provas da banca. Isso ajuda os alunos a se orientarem na revis\u00e3o final. Mas, se a Vunesp resolver cobrar novamente algum deles, j\u00e1 temos base para a resposta.<\/p>\n<p style=\"text-align: justify;\">Claro, voc\u00eas poder\u00e3o observar que algumas quest\u00f5es vieram cobrando fatos relacionados ao governo de Donald Trump, \u00e0 Coreia do Norte e a situa\u00e7\u00e3o ca\u00f3tica da Venezuela. Esses s\u00e3o temas que est\u00e3o permanentemente em alta e que devemos, por ora, prestar bastante aten\u00e7\u00e3o.<\/p>\n<p>&nbsp;<\/p>\n<p style=\"text-align: center;\"><span style=\"color: #ff0000;\"><strong>(VUNESP\/PREFEITURA MUNICIPAL DE GAR\u00c7A\/2018 \u2013 PROFESSOR DE EDUCA\u00c7\u00c3O B\u00c1SICA)<\/strong><\/span><\/p>\n<p>&nbsp;<\/p>\n<p style=\"text-align: justify;\"><strong>O juiz federal Leonardo da Costa Couceiro, da 4a Vara Federal de Niter\u00f3i (RJ), suspendeu nesta segunda-feira, 8 de janeiro, a nomea\u00e7\u00e3o e a cerim\u00f4nia de posse da deputada Cristiane Brasil (PTB-RJ) como nova ministra do Trabalho do governo Michel Temer. O juiz disse que a escolha da parlamentar por Michel Temer desrespeita a moralidade administrativa.<\/strong><\/p>\n<p style=\"text-align: right;\">(Isto\u00c9, 08.01.2018. Dispon\u00edvel em: &lt;https:goo.gl\/yGYRpb&gt;. Adaptado)<\/p>\n<p style=\"text-align: justify;\"><strong>A decis\u00e3o do juiz se deve ao fato de que a deputada <\/strong><\/p>\n<p style=\"text-align: justify;\"><strong>(A) foi denunciada por lavagem de dinheiro. <\/strong><\/p>\n<p style=\"text-align: justify;\"><strong>(B) \u00e9 suspeita de envolvimento com caixa 2. <\/strong><\/p>\n<p style=\"text-align: justify;\"><strong>(C) tem um hist\u00f3rico de condena\u00e7\u00f5es por corrup\u00e7\u00e3o. <\/strong><\/p>\n<p style=\"text-align: justify;\"><strong>(D) foi condenada pela Justi\u00e7a trabalhista. <\/strong><\/p>\n<p style=\"text-align: justify;\"><strong>(E) n\u00e3o comparece \u00e0s sess\u00f5es da C\u00e2mara no Congresso.<\/strong><\/p>\n<p style=\"text-align: justify;\"><strong><u>COMENT\u00c1RIOS<\/u><\/strong><strong>:<\/strong><\/p>\n<p style=\"text-align: justify;\">O juiz disse que a escolha da parlamentar por Michel Temer desrespeita a moralidade administrativa, porque ela j\u00e1 foi condenada pela Justi\u00e7a trabalhista. Ele estabeleceu multa de R$ 500 mil a cada agente p\u00fablico que descumprir a decis\u00e3o.<\/p>\n<p style=\"text-align: justify;\">Cristiane Brasil \u00e9 deputada federal pelo PTB do Rio de Janeiro e filha do ex-deputado Roberto Jefferson, condenado no mensal\u00e3o. Presidente nacional do partido, foi ele quem articulou pessoalmente a nomea\u00e7\u00e3o da deputada para o cargo ministerial, pelo presidente da Rep\u00fablica, Michel Temer.<\/p>\n<p style=\"text-align: justify;\"><strong>Gabarito: D<\/strong><\/p>\n<p>&nbsp;<\/p>\n<p style=\"text-align: justify;\"><strong>Um atirador foi detido nesta quarta-feira (14 de fevereiro) ap\u00f3s deixar mortos e feridos em uma escola em Parkland, na Fl\u00f3rida. O xerife do condado disse que 17 pessoas morreram. Um alarme de inc\u00eandio foi disparado por volta das 14h30, pouco antes do final das aulas, e os tiros come\u00e7aram em seguida. <\/strong><\/p>\n<p style=\"text-align: right;\">(G1, 14.02.2018. Dispon\u00edvel em: &lt;https:\/\/goo.gl\/KJVNQD&gt;. Adaptado)<\/p>\n<p style=\"text-align: justify;\"><strong>O atirador detido era um <\/strong><\/p>\n<p style=\"text-align: justify;\"><strong>(A) imigrante latino origin\u00e1rio do M\u00e9xico que vivia em situa\u00e7\u00e3o de pobreza. <\/strong><\/p>\n<p style=\"text-align: justify;\"><strong>(B) ex-aluno da escola que havia sido expulso por motivos disciplinares. <\/strong><\/p>\n<p style=\"text-align: justify;\"><strong>(C) negro \u00f3rf\u00e3o que morava em um bairro perif\u00e9rico pr\u00f3ximo \u00e0 escola. <\/strong><\/p>\n<p style=\"text-align: justify;\"><strong>(D) mu\u00e7ulmano de origem afeg\u00e3 com v\u00ednculos com o Estado Isl\u00e2mico. <\/strong><\/p>\n<p style=\"text-align: justify;\"><strong>(E) trabalhador desempregado em d\u00edvida com a pens\u00e3o dos filhos.<\/strong><\/p>\n<p style=\"text-align: justify;\"><strong><u>COMENT\u00c1RIOS<\/u><\/strong><strong>:<\/strong><\/p>\n<p style=\"text-align: justify;\">O atirador foi identificado como Nikolas Cruz, era ex-aluno da escola. Ele tem 19 anos e, segundo as autoridades, tinha sido expulso da escola por motivos disciplinares.<\/p>\n<p style=\"text-align: justify;\"><strong>Gabarito: B<\/strong><\/p>\n<p>&nbsp;<\/p>\n<p><strong>Dois meses ap\u00f3s o desaparecimento do submarino, ainda n\u00e3o h\u00e1 pistas sobre a sua localiza\u00e7\u00e3o. H\u00e1 muito tempo se foram as esperan\u00e7as de encontrar tripulantes vivos, mas permanecem diversos questionamentos sobre a opera\u00e7\u00e3o internacional de buscas pela embarca\u00e7\u00e3o, principalmente sobre a efic\u00e1cia dos equipamentos utilizados e como o pa\u00eds encararia a miss\u00e3o caso a ajuda estrangeira fosse retirada. <\/strong><\/p>\n<p style=\"text-align: right;\">(O Globo, 15.01.18. Dispon\u00edvel em: &lt;https:\/\/goo.gl\/UuZG7X&gt;. Adaptado)<\/p>\n<p style=\"text-align: justify;\"><strong>O submarino desaparecido pertencia \u00e0 Marinha <\/strong><\/p>\n<p style=\"text-align: justify;\"><strong>(A) panamenha. <\/strong><\/p>\n<p style=\"text-align: justify;\"><strong>(B) mexicana. <\/strong><\/p>\n<p style=\"text-align: justify;\"><strong>(C) argentina. <\/strong><\/p>\n<p style=\"text-align: justify;\"><strong>(D) chilena. <\/strong><\/p>\n<p style=\"text-align: justify;\"><strong>(E) colombiana.<\/strong><\/p>\n<p style=\"text-align: justify;\"><strong><u>COMENT\u00c1RIOS<\/u><\/strong><strong>:<\/strong><\/p>\n<p style=\"text-align: justify;\">O submarino ARA San Juan desapareceu em 15 de novembro de 2017, quando navegava de Ushuaia, no extremo sul da Argentina, \u00e0 sua base em Mar del Plata, 400 quil\u00f4metros ao sul de Buenos Aires. Pertencia \u00e0 Marinha argentina. A R\u00fassia \u00e9 o \u00fanico pa\u00eds estrangeiro que ainda colabora com as buscas.<\/p>\n<p style=\"text-align: justify;\"><strong>Gabarito: C<\/strong><\/p>\n<p>&nbsp;<\/p>\n<p style=\"text-align: justify;\"><strong>O presidente Michel Temer assinou, no come\u00e7o da tarde desta sexta-feira (29 de dezembro), o decreto aumentando o sal\u00e1rio-m\u00ednimo para 954 reais a partir do dia primeiro de janeiro de 2018. O valor \u00e9 17 reais acima do sal\u00e1rio-m\u00ednimo atual. <\/strong><\/p>\n<p style=\"text-align: right;\">(EBC, 29.12.17. Dispon\u00edvel em: &lt;https:\/\/goo.gl\/7ZmkrT&gt;. Adaptado)<\/p>\n<p style=\"text-align: justify;\"><strong>Entre as cr\u00edticas feitas no m\u00eas de janeiro de 2018 ao valor do novo sal\u00e1rio-m\u00ednimo, \u00e9 correto identificar o fato de que <\/strong><\/p>\n<p style=\"text-align: justify;\"><strong>(A) o governo suspendeu o aumento, pois n\u00e3o seria capaz de custear o seu pagamento. <\/strong><\/p>\n<p style=\"text-align: justify;\"><strong>(B) o valor nominal do sal\u00e1rio-m\u00ednimo hoje \u00e9 menor do que era antes da crise. <\/strong><\/p>\n<p style=\"text-align: justify;\"><strong>(C) houve estagna\u00e7\u00e3o do sal\u00e1rio-m\u00ednimo devido \u00e0 recess\u00e3o e \u00e0 defla\u00e7\u00e3o. <\/strong><\/p>\n<p style=\"text-align: justify;\"><strong>(D) o governo descumpriu a lei que normatiza o reajuste do sal\u00e1rio-m\u00ednimo. <\/strong><\/p>\n<p style=\"text-align: justify;\"><strong>(E) o reajuste do sal\u00e1rio-m\u00ednimo ficou abaixo da infla\u00e7\u00e3o do ano anterior.<\/strong><\/p>\n<p style=\"text-align: justify;\"><strong><u>COMENT\u00c1RIOS<\/u><\/strong><strong>:<\/strong><\/p>\n<p style=\"text-align: justify;\">O sal\u00e1rio m\u00ednimo foi reajustado em R$ 17,00, do ano de 2017 para o ano de 2018. Com isso, passou de R$ 937,00 para R$ 954,00. O reajuste de 1,81% ficou abaixo da infla\u00e7\u00e3o do ano anterior, que foi de 2,95%, o que foi criticado por segmentos pol\u00edticos e da sociedade.<\/p>\n<p style=\"text-align: justify;\">\u00c9 o menor reajuste desde o Plano Real, anunciado em 1994, conforme a s\u00e9rie hist\u00f3rica do Departamento Intersindical de Estat\u00edstica e Estudos Socioecon\u00f4micos (Dieese).<\/p>\n<p style=\"text-align: justify;\">No entanto, o reajuste seguiu a regra adotada em 2012, no governo de Dilma Rousseff, com vig\u00eancia at\u00e9 o ano de 2019. A f\u00f3rmula de corre\u00e7\u00e3o leva em considera\u00e7\u00e3o a soma da varia\u00e7\u00e3o do PIB de dois anos antes e a varia\u00e7\u00e3o do INPC do ano anterior.<\/p>\n<p style=\"text-align: justify;\">Para o caso espec\u00edfico de 2018, portanto, est\u00e1 sendo somado o resultado do PIB de 2016, que foi de queda de 3,6%, com o INPC de 2017. Como o resultado do PIB de 2016 foi negativo, o reajuste do sal\u00e1rio m\u00ednimo \u00e9 feito apenas pela varia\u00e7\u00e3o do INPC.<\/p>\n<p style=\"text-align: justify;\"><strong>Gabarito: E<\/strong><\/p>\n<p>&nbsp;<\/p>\n<p style=\"text-align: justify;\"><strong>O governo brasileiro confirmou que o ga\u00facho Jonatan Mois\u00e9s Diniz, 31, preso em 27 de dezembro na Venezuela, foi libertado neste s\u00e1bado (6 de janeiro) e voltou aos Estados Unidos depois de ser expulso do pa\u00eds caribenho. Ele havia sido capturado pelo Sebin (Servi\u00e7o Bolivariano de Intelig\u00eancia) e estava na pris\u00e3o da sede da ag\u00eancia, em Caracas, conhecida por abrigar opositores ao regime. <\/strong><\/p>\n<p style=\"text-align: right;\">(Folha de S.Paulo, 06.01.2018. Dispon\u00edvel em: &lt;https:\/\/goo.gl\/EgtdRF&gt;. Adaptado)<\/p>\n<p style=\"text-align: justify;\"><strong>Em rela\u00e7\u00e3o ao epis\u00f3dio mencionado na not\u00edcia, \u00e9 correto afirmar que <\/strong><\/p>\n<p style=\"text-align: justify;\"><strong>(A) o brasileiro assegurou que sua pris\u00e3o pelo governo da Venezuela foi planejada a fim de chamar aten\u00e7\u00e3o para as a\u00e7\u00f5es de sua ONG. <\/strong><\/p>\n<p style=\"text-align: justify;\"><strong>(B) o incidente gerou uma crise diplom\u00e1tica entre os governos brasileiro e venezuelano, levando o Brasil a retirar o seu embaixador de Caracas. <\/strong><\/p>\n<p style=\"text-align: justify;\"><strong>(C) a CIA teve participa\u00e7\u00e3o no incidente, na medida em que alguns dos jovens presos com o brasileiro eram ligados ao servi\u00e7o secreto dos EUA. <\/strong><\/p>\n<p style=\"text-align: justify;\"><strong>(D) o esfor\u00e7o do governo brasileiro em prol de sua liberta\u00e7\u00e3o da pris\u00e3o foi p\u00edfio, j\u00e1 que ele era reconhecidamente culpado das den\u00fancias a ele imputadas. <\/strong><\/p>\n<p style=\"text-align: justify;\"><strong>(E) as afinidades entre os governos brasileiro e venezuelano facilitaram o contato com o objetivo de resolver o problema da pris\u00e3o e da crise que a sucedeu.<\/strong><\/p>\n<p style=\"text-align: justify;\"><strong>\u00a0<\/strong><strong><u>COMENT\u00c1RIOS<\/u><\/strong><strong>:<\/strong><\/p>\n<p style=\"text-align: justify;\">Jonatan Diniz, residente de Los Angeles, solicitava doa\u00e7\u00f5es nas redes sociais para a compra de alimentos e brinquedos para crian\u00e7as e moradores de rua. As contribui\u00e7\u00f5es eram solicitadas por meio da uma ONG, denominada de Time to Change the Earth (Tempo de Mudar a Terra), e seriam distribu\u00eddas em um evento de entrega de presentes em Caracas.<\/p>\n<p style=\"text-align: justify;\">A \u00fanica refer\u00eancia encontrada sobre a ONG s\u00e3o p\u00e1ginas em redes sociais criadas no final de novembro pelo pr\u00f3prio brasileiro.<\/p>\n<p style=\"text-align: justify;\">Para o governo venezuelano, a suposta ONG buscava obter &#8220;financiamento&#8221; e &#8220;detectar&#8221; objetivos estrat\u00e9gicos. O brasileiro foi acusado de ser um agente da CIA. De acordo com Jonatan, a sua pris\u00e3o pelo governo da Venezuela foi planejada a fim de chamar aten\u00e7\u00e3o para as a\u00e7\u00f5es de sua ONG.<strong>\u00a0 <\/strong><\/p>\n<p style=\"text-align: justify;\"><strong>Gabarito: A<\/strong><\/p>\n<p>&nbsp;<\/p>\n<p style=\"text-align: center;\"><span style=\"color: #ff0000;\"><strong>(VUNESP\/PREFEITURA DE DOIS C\u00d3RREGOS\/2018 \u2013 OFICIAL DE ATENDIMENTO E ADMINISTRA\u00c7\u00c3O)<\/strong><\/span><\/p>\n<p>&nbsp;<\/p>\n<p style=\"text-align: justify;\"><strong>Os atentados de s\u00e1bado (14 de outubro) em Mogad\u00edscio, capital do pa\u00eds, s\u00e3o os mais sangrentos registrados desde o come\u00e7o da d\u00e9cada. J\u00e1 foram encontrados 315 mortos e mais de 300 feridos. O Itamaraty n\u00e3o confirma brasileiros entre as v\u00edtimas. Um caminh\u00e3o-bomba explodiu em uma \u00e1rea movimentada da capital, pr\u00f3xima a edif\u00edcios do governo. Um pr\u00e9dio de oito andares foi reduzido a escombros. Edif\u00edcios vizinhos e carros tamb\u00e9m foram destru\u00eddos.<\/strong><\/p>\n<p style=\"text-align: right;\">(\u00c9poca, 15 out. 17. Dispon\u00edvel em: &lt;https:\/\/goo.gl\/iyYFYe&gt;. Adaptado)<\/p>\n<p style=\"text-align: justify;\"><strong>Ao menos 50 pessoas morreram nesta ter\u00e7a-feira (21 de novembro) em um atentado suicida em Mubi, cidade localizada no nordeste do pa\u00eds. \u201cNo momento, temos pelo menos 50 mortos e v\u00e1rios feridos ap\u00f3s um ataque suicida contra uma mesquita de Mubi durante a ora\u00e7\u00e3o matutina\u201d, declarou o porta-voz da pol\u00edcia. O homem-bomba \u201cse misturou aos fi\u00e9is\u201d para entrar na mesquita e \u201cativou os explosivos\u201d durante as ora\u00e7\u00f5es, completou o policial. <\/strong><\/p>\n<p style=\"text-align: right;\">(Isto\u00c9, 21 nov. 17. Dispon\u00edvel em: &lt;https:\/\/goo.gl\/zrPwgh&gt;. Adaptado)<\/p>\n<p style=\"text-align: justify;\"><strong>Os dois atentados ocorreram em pa\u00edses africanos, corretamente identificados como<\/strong><\/p>\n<p style=\"text-align: justify;\"><strong>(A) Angola e Mo\u00e7ambique. <\/strong><\/p>\n<p style=\"text-align: justify;\"><strong>(B) Egito e \u00c1frica do Sul. <\/strong><\/p>\n<p style=\"text-align: justify;\"><strong>(C) Som\u00e1lia e Nig\u00e9ria. <\/strong><\/p>\n<p style=\"text-align: justify;\"><strong>(D) Marrocos e Gana. <\/strong><\/p>\n<p style=\"text-align: justify;\"><strong>(E) Cabo Verde e Camar\u00f5es<\/strong><\/p>\n<p style=\"text-align: justify;\"><strong><u>COMENT\u00c1RIOS<\/u><\/strong><strong>:<\/strong><\/p>\n<p style=\"text-align: justify;\">O primeiro atentado ocorreu na Som\u00e1lia. Poderia ser usado como pista para acertar a quest\u00e3o, a cita\u00e7\u00e3o de Mogad\u00edscio, capital somali. O pa\u00eds vive uma guerra civil intensa, desde 1991, com atentados frequentes e com dezenas de milhares de mortos.<\/p>\n<p style=\"text-align: justify;\">O segundo atentado, ocorrido na Nig\u00e9ria, foi executado pela organiza\u00e7\u00e3o terrorista Boko Haram. Trata-se de um grupo de orienta\u00e7\u00e3o fundamentalista isl\u00e2mica sunita que buscar impor a lei da Sharia no pa\u00eds africano.<\/p>\n<p style=\"text-align: justify;\"><strong>\u00a0Gabarito: C<\/strong><\/p>\n<p>&nbsp;<\/p>\n<p style=\"text-align: justify;\"><strong> O presidente dos EUA, Donald Trump, anunciou nesta segunda-feira (20 de novembro) que um certo pa\u00eds foi recolocado na lista de Estados patrocinadores de terrorismo. Segundo Trump, os EUA anunciar\u00e3o novas san\u00e7\u00f5es contra esse pa\u00eds, que havia sido retirado da lista de pa\u00edses patrocinadores de terrorismo pelo ex-presidente republicano George W. Bush em 2008, em uma tentativa de salvar as negocia\u00e7\u00f5es para um acordo nuclear. Trump considerava a inclus\u00e3o do pa\u00eds no grupo por conta de suas ambi\u00e7\u00f5es nucleares e de seus ataques cibern\u00e9ticos contra os EUA e outros pa\u00edses. <\/strong><\/p>\n<p style=\"text-align: right;\">(UOL, 20 nov. 17. Dispon\u00edvel em: &lt;https:\/\/goo.gl\/Ry7K98&gt;. Adaptado)<\/p>\n<p style=\"text-align: justify;\"><strong>A not\u00edcia trata de uma decis\u00e3o dos EUA em rela\u00e7\u00e3o <\/strong><\/p>\n<p style=\"text-align: justify;\"><strong>(A) ao Afeganist\u00e3o. <\/strong><\/p>\n<p style=\"text-align: justify;\"><strong>(B) a Cuba. <\/strong><\/p>\n<p style=\"text-align: justify;\"><strong>(C) \u00e0 China. <\/strong><\/p>\n<p style=\"text-align: justify;\"><strong>(D) \u00e0 \u00cdndia. <\/strong><\/p>\n<p style=\"text-align: justify;\"><strong>(E) \u00e0 Coreia do Norte.<\/strong><\/p>\n<p style=\"text-align: justify;\"><strong><u>COMENT\u00c1RIOS<\/u><\/strong><strong>:<\/strong><\/p>\n<p style=\"text-align: justify;\">Dentre os pa\u00edses listados nas alternativas, qual deles desenvolve um programa de armas nucleares, objeto de tens\u00f5es com os Estados Unidos? \u00c9 a Coreia do Norte. Quest\u00e3o resolvida.<\/p>\n<p style=\"text-align: justify;\">China e \u00cdndia s\u00e3o pa\u00edses que det\u00e9m armas nucleares. No entanto, n\u00e3o est\u00e3o em ambiente de tens\u00e3o com os Estados Unidos, em fun\u00e7\u00e3o dessas suas armas. Cuba e Afeganist\u00e3o n\u00e3o possuem armas nucleares.<\/p>\n<p style=\"text-align: justify;\"><strong>\u00a0Gabarito: E<\/strong><\/p>\n<p>&nbsp;<\/p>\n<p style=\"text-align: justify;\"><strong>A Justi\u00e7a de S\u00e3o Paulo deferiu um pedido do Minist\u00e9rio P\u00fablico para impedir a realiza\u00e7\u00e3o de um show de Caetano Veloso na ocupa\u00e7\u00e3o do Movimento dos Trabalhadores Sem-Teto (MTST), no Bairro Planalto, em S\u00e3o Bernardo do Campo, no ABC paulista. A apresenta\u00e7\u00e3o estava marcada para esta segunda-feira (30 de outubro). <\/strong><\/p>\n<p style=\"text-align: right;\">(G1, 30 out. 17. Dispon\u00edvel em: &lt;https:\/\/goo.gl\/69jFBc&gt;. Adaptado)<\/p>\n<p style=\"text-align: justify;\"><strong>Entre os argumentos utilizados pela Justi\u00e7a para proibir o show, \u00e9 correto identificar <\/strong><\/p>\n<p style=\"text-align: justify;\"><strong>(A) a possibilidade de n\u00e3o se recolher direitos autorais das m\u00fasicas do show. <\/strong><\/p>\n<p style=\"text-align: justify;\"><strong>(B) a falta de estrutura do espa\u00e7o para suportar um show com a dimens\u00e3o estimada. <\/strong><\/p>\n<p style=\"text-align: justify;\"><strong>(C) a desocupa\u00e7\u00e3o iminente do terreno, decidida em outra a\u00e7\u00e3o da Justi\u00e7a. <\/strong><\/p>\n<p style=\"text-align: justify;\"><strong>(D) a preocupa\u00e7\u00e3o da prefeitura com o descumprimento da Lei do Sil\u00eancio. <\/strong><\/p>\n<p style=\"text-align: justify;\"><strong>(E) a falta de pagamento de tributos que incidem sobre eventos culturais<\/strong><\/p>\n<p style=\"text-align: justify;\"><strong><u>COMENT\u00c1RIOS<\/u><\/strong><strong>:<\/strong><\/p>\n<p style=\"text-align: justify;\">A falta de estrutura do espa\u00e7o para suportar um show com a dimens\u00e3o estimada foi a justificativa da Justi\u00e7a para proibir o show do famoso m\u00fasico brasileiro Caetano Veloso.<\/p>\n<p style=\"text-align: justify;\"><strong>Gabarito: B<\/strong><\/p>\n<p>&nbsp;<\/p>\n<p style=\"text-align: justify;\"><strong>O Banco Central reduziu na noite da quarta-feira, 6 de dezembro, a taxa Selic em 0,50 ponto porcentual, de 7,5% para 7% ao ano. Foi o d\u00e9cimo corte consecutivo. Antes do an\u00fancio desta quarta-feira, a Selic mais baixa, de 7,25%, havia sido registrada ainda no primeiro governo de Dilma Rousseff. Al\u00e9m do corte desta quarta, o BC j\u00e1 sinalizou a inten\u00e7\u00e3o de promover nova redu\u00e7\u00e3o de juros no pr\u00f3ximo encontro do Comit\u00ea de Pol\u00edtica Monet\u00e1ria (Copom), em fevereiro do ano que vem. <\/strong><\/p>\n<p style=\"text-align: right;\">(Estad\u00e3o, 6 dez. 17. Dispon\u00edvel em: &lt;https:\/\/goo.gl\/2qVoYv&gt;. Adaptado)<\/p>\n<p style=\"text-align: justify;\"><strong>Entre os fatores que contribu\u00edram para a redu\u00e7\u00e3o da taxa de juros, \u00e9 correto identificar <\/strong><\/p>\n<p style=\"text-align: justify;\"><strong>(A) o aumento brusco do desemprego. <\/strong><\/p>\n<p style=\"text-align: justify;\"><strong>(B) a persist\u00eancia da recess\u00e3o. <\/strong><\/p>\n<p style=\"text-align: justify;\"><strong>(C) o r\u00e1pido crescimento econ\u00f4mico. <\/strong><\/p>\n<p style=\"text-align: justify;\"><strong>(D) a infla\u00e7\u00e3o sob controle. <\/strong><\/p>\n<p style=\"text-align: justify;\"><strong>(E) o aumento do super\u00e1vit fiscal.<\/strong><\/p>\n<p style=\"text-align: justify;\"><strong><u>COMENT\u00c1RIOS<\/u><\/strong><strong>:<\/strong><\/p>\n<p style=\"text-align: justify;\">A taxa b\u00e1sica de juros, taxa Selic, \u00e9 utilizada como mecanismo de controle da infla\u00e7\u00e3o. Quando a infla\u00e7\u00e3o est\u00e1 elevada, o Comit\u00ea de Pol\u00edtica Monet\u00e1ria (Copom) do Banco Central eleva a taxa. Quando a infla\u00e7\u00e3o est\u00e1 sob controle, de acordo com o regime de metas de infla\u00e7\u00e3o, os juros s\u00e3o reduzidos.<\/p>\n<p style=\"text-align: justify;\">Uma taxa de juros mais elevada, encarece o custo do cr\u00e9dito, tornando os produtos mais caros, o que for\u00e7a uma redu\u00e7\u00e3o da demanda, pressionando os pre\u00e7os dos produtos a ca\u00edrem. Por outro lado, uma taxa de juros menor, barateia o custo dos produtos, estimulando a demanda, o que pode pressionar os pre\u00e7os dos produtos muito para cima, se a demanda estiver bem maior que a oferta.<\/p>\n<p style=\"text-align: justify;\"><strong>\u00a0Gabarito: D<\/strong><\/p>\n<p>&nbsp;<\/p>\n<p style=\"text-align: justify;\"><strong>O ex-prefeito de Caracas (Venezuela), Antonio Ledezma, foi para a Col\u00f4mbia nesta sexta-feira (17 de novembro) depois de fugir da pris\u00e3o domiciliar em que estava desde 2015. Ap\u00f3s cruzar a fronteira, Ledezma pediu aux\u00edlio ao governo colombiano e descreveu sua fuga como \u201ccinematogr\u00e1fica\u201d, antes de decidir ir para a Espanha. <\/strong><\/p>\n<p style=\"text-align: right;\">(O Globo, 17 nov. 17. Dispon\u00edvel em: &lt;https:\/\/goo.gl\/PR9EfL&gt;. Adaptado)<\/p>\n<p style=\"text-align: justify;\"><strong>O ex-prefeito fugiu de seu pa\u00eds alegando ser v\u00edtima de <\/strong><\/p>\n<p style=\"text-align: justify;\"><strong>(A) inj\u00faria racial. <\/strong><\/p>\n<p style=\"text-align: justify;\"><strong>(B) amea\u00e7as de cunho homof\u00f3bico. <\/strong><\/p>\n<p style=\"text-align: justify;\"><strong>(C) \u00f3dio xenof\u00f3bico. <\/strong><\/p>\n<p style=\"text-align: justify;\"><strong>(D) persegui\u00e7\u00e3o pol\u00edtica. <\/strong><\/p>\n<p style=\"text-align: justify;\"><strong>(E) intoler\u00e2ncia religiosa<\/strong>.<\/p>\n<p style=\"text-align: justify;\"><strong><u>COMENT\u00c1RIOS<\/u><\/strong><strong>:<\/strong><\/p>\n<p style=\"text-align: justify;\">O ex-prefeito de Caracas, Antonio Ledezma, estava em pris\u00e3o domiciliar, desde 2015, por uma suposta conspira\u00e7\u00e3o contra o governo do presidente venezuelano, Nicol\u00e1s Maduro. O pol\u00edtico alega ser v\u00edtima de uma persegui\u00e7\u00e3o pol\u00edtica pelo governo chavista.<\/p>\n<p style=\"text-align: justify;\">A Venezuela est\u00e1 envolta em uma grave crise econ\u00f4mica, social e pol\u00edtica. Diversos opositores do governo atual est\u00e3o presos. Alguns fugiram do pa\u00eds. A oposi\u00e7\u00e3o den\u00fancia persegui\u00e7\u00e3o pol\u00edtica. O governo alega que os que est\u00e3o presos cometeram crimes contra a ordem legal vigente no pa\u00eds.<\/p>\n<p style=\"text-align: justify;\"><strong>Gabarito: D<\/strong><\/p>\n<p>&nbsp;<\/p>\n<p style=\"text-align: justify;\"><strong>O Museu de Arte de S\u00e3o Paulo Assis Chateaubriand (Masp) anunciou nesta ter\u00e7a-feira (7 de novembro) que recuou da decis\u00e3o de proibir a entrada de menores de 18 anos na exposi\u00e7\u00e3o \u201cHist\u00f3rias da Sexualidade\u201d, em cartaz desde o dia 20 de outubro. \u201cA partir de amanh\u00e3, menores de 18 anos poder\u00e3o visitar a exposi\u00e7\u00e3o \u2018Hist\u00f3rias da Sexualidade\u2019, desde que acompanhados por seus pais ou respons\u00e1veis\u201d, disse o museu.<\/strong><\/p>\n<p style=\"text-align: right;\">(Veja, 7 nov. 17. Dispon\u00edvel em: &lt;https:\/\/goo.gl\/ib57Ma&gt;. Adaptado)<\/p>\n<p style=\"text-align: justify;\"><strong>O recuo anunciado pelo museu se deveu <\/strong><\/p>\n<p style=\"text-align: justify;\"><strong>(A) \u00e0 preocupa\u00e7\u00e3o manifestada pelo Minist\u00e9rio P\u00fablico Federal, que se referia \u00e0 quest\u00e3o da liberdade art\u00edstica. <\/strong><\/p>\n<p style=\"text-align: justify;\"><strong>(B) ao questionamento da Igreja Cat\u00f3lica, que defendia a amplia\u00e7\u00e3o da exposi\u00e7\u00e3o para o p\u00fablico adolescente. <\/strong><\/p>\n<p style=\"text-align: justify;\"><strong>(C) \u00e0s manifesta\u00e7\u00f5es de grupos religiosos, que se posicionaram contra todas as formas de censura. <\/strong><\/p>\n<p style=\"text-align: justify;\"><strong>(D) \u00e0 mobiliza\u00e7\u00e3o da sociedade civil, que exigiu o fim da proibi\u00e7\u00e3o em grandes manifesta\u00e7\u00f5es p\u00fablicas. <\/strong><\/p>\n<p style=\"text-align: justify;\"><strong>(E) \u00e0s amea\u00e7as de boicote ao museu promovidas por artistas contempor\u00e2neos, que n\u00e3o se conformaram com a censura<\/strong><\/p>\n<p style=\"text-align: justify;\"><strong><u>COMENT\u00c1RIOS<\/u><\/strong><strong>:<\/strong><\/p>\n<p style=\"text-align: justify;\">Pela primeira vez, em 70 anos de hist\u00f3ria, o Masp vetou a presen\u00e7a de crian\u00e7as e adolescentes a uma das suas exposi\u00e7\u00f5es. Contudo, seguindo a orienta\u00e7\u00e3o da Procuradoria Federal dos Direitos do Cidad\u00e3o, \u00f3rg\u00e3o do Minist\u00e9rio P\u00fablico Federal, de que a classifica\u00e7\u00e3o atentaria contra os princ\u00edpios de liberdade art\u00edstica, o MASP retroagiu na proibi\u00e7\u00e3o.<\/p>\n<p style=\"text-align: justify;\">Com a decis\u00e3o, crian\u00e7as e adolescentes passaram a poder visitar a exposi\u00e7\u00e3o &#8216;Hist\u00f3rias da Sexualidade&#8217;, desde que acompanhados de pais ou respons\u00e1veis.<\/p>\n<p style=\"text-align: justify;\"><strong>Gabarito: A<\/strong><\/p>\n<p>&nbsp;<\/p>\n<p style=\"text-align: justify;\"><strong>A comiss\u00e3o especial da C\u00e2mara dos Deputados aprovou nesta quarta-feira (8 de novembro), por 18 votos a 1, o texto-base da proposta que inclui na Constitui\u00e7\u00e3o a garantia do direito \u00e0 vida \u201cdesde a concep\u00e7\u00e3o\u201d.<\/strong><\/p>\n<p style=\"text-align: right;\">(G1, 8 nov. 17. Dispon\u00edvel em: &lt;https:\/\/goo.gl\/qV6edQ&gt;. Adaptado)<\/p>\n<p style=\"text-align: justify;\"><strong>Na pr\u00e1tica, a proposta aprovada na comiss\u00e3o <\/strong><\/p>\n<p style=\"text-align: justify;\"><strong>(A) pro\u00edbe qualquer forma de aborto, mesmo aquelas previstas atualmente na legisla\u00e7\u00e3o. <\/strong><\/p>\n<p style=\"text-align: justify;\"><strong>(B) descriminaliza a pr\u00e1tica do aborto, garantindo o acesso ao procedimento no SUS. <\/strong><\/p>\n<p style=\"text-align: justify;\"><strong>(C) permite o aborto apenas nos casos de gesta\u00e7\u00e3o de adolescentes de at\u00e9 16 anos. <\/strong><\/p>\n<p style=\"text-align: justify;\"><strong>(D) impossibilita o aborto nas gesta\u00e7\u00f5es que t\u00eam paternidade reconhecida. <\/strong><\/p>\n<p style=\"text-align: justify;\"><strong>(E) autoriza o aborto exclusivamente nas gesta\u00e7\u00f5es com risco de parto prematuro.<\/strong><\/p>\n<p style=\"text-align: justify;\"><strong><u>COMENT\u00c1RIOS<\/u><\/strong><strong>:<\/strong><\/p>\n<p style=\"text-align: justify;\">O texto-base aprovado pro\u00edbe qualquer forma de aborto, mesmo aquelas previstas atualmente na legisla\u00e7\u00e3o.<\/p>\n<p style=\"text-align: justify;\">Ainda devem ser votados os destaques ao texto, ap\u00f3s isso, segue para an\u00e1lise do plen\u00e1rio e n\u00e3o tem prazo para ser votado. No plen\u00e1rio, precisa de ao menos 308 votos, em dois turnos, para ser aprovado. Se for, segue para dois turnos no Senado, e s\u00f3 ent\u00e3o ir\u00e1 \u00e0 san\u00e7\u00e3o presidencial.<\/p>\n<p style=\"text-align: justify;\">Atualmente, o aborto \u00e9 legal no Brasil nos casos de risco de morte da gestante, gravidez resultante de estupro ou feto anenc\u00e9falo.<\/p>\n<p style=\"text-align: justify;\"><strong>Gabarito: A<\/strong><\/p>\n<p>&nbsp;<\/p>\n<p style=\"text-align: justify;\"><strong>Ao menos 15 munic\u00edpios est\u00e3o recebendo a\u00e7\u00f5es de intensifica\u00e7\u00e3o da vacina\u00e7\u00e3o contra o v\u00edrus no Estado de S\u00e3o Paulo. A meta da Secretaria de Estado da Sa\u00fade \u00e9 imunizar mais de 860 mil pessoas em cidades da regi\u00e3o de Jundia\u00ed, como Atibaia, Vinhedo, Bragan\u00e7a Paulista e Itatiba. Segundo a pasta, a intensifica\u00e7\u00e3o da vacina\u00e7\u00e3o teve in\u00edcio no come\u00e7o do m\u00eas, ap\u00f3s a confirma\u00e7\u00e3o de mortes de primatas infectados pelo v\u00edrus em Jundia\u00ed. <\/strong><\/p>\n<p style=\"text-align: right;\">(O Estado de S. Paulo, 25 out. 17. Dispon\u00edvel em: &lt;https:\/\/goo.gl\/xUdW5a&gt;. Adaptado)<\/p>\n<p style=\"text-align: justify;\"><strong>A not\u00edcia trata do combate <\/strong><\/p>\n<p style=\"text-align: justify;\"><strong>(A) \u00e0 var\u00edola. <\/strong><\/p>\n<p style=\"text-align: justify;\"><strong>(B) \u00e0 febre amarela. <\/strong><\/p>\n<p style=\"text-align: justify;\"><strong>(C) \u00e0 dengue. <\/strong><\/p>\n<p style=\"text-align: justify;\"><strong>(D) \u00e0 catapora. <\/strong><\/p>\n<p style=\"text-align: justify;\"><strong>(E) ao sarampo.<\/strong><\/p>\n<p style=\"text-align: justify;\"><strong><u>COMENT\u00c1RIOS<\/u><\/strong><strong>:<\/strong><\/p>\n<p style=\"text-align: justify;\">A not\u00edcia trata do combate \u00e0 febre amarela. A doen\u00e7a voltou a se espalhar no final de 2017 e in\u00edcio de 2018, atingindo todo o Sudeste e o Distrito Federal, com centenas de casos e dezenas de mortes. Nesse aumento da incid\u00eancia da doen\u00e7a, S\u00e3o Paulo \u00e9 o estado mais afetado at\u00e9 o momento.<\/p>\n<p style=\"text-align: justify;\">A febre amarela \u00e9 transmitida somente pela picada de mosquitos infectados com o v\u00edrus da febre amarela, ou seja, n\u00e3o \u00e9 contagiosa (n\u00e3o h\u00e1 transmiss\u00e3o de pessoa a pessoa). A \u00fanica forma de evitar a febre amarela \u00e9 atrav\u00e9s da vacina\u00e7\u00e3o.<\/p>\n<p style=\"text-align: justify;\"><strong>Gabarito: B<\/strong><\/p>\n<p>&nbsp;<\/p>\n<p style=\"text-align: justify;\"><strong>Come\u00e7aram a valer neste s\u00e1bado (11 de novembro) as novas regras estabelecidas pela reforma trabalhista. S\u00e3o mais de cem mudan\u00e7as na rela\u00e7\u00e3o entre as empresas e os trabalhadores. <\/strong><\/p>\n<p style=\"text-align: right;\">(G1, 11 nov. 17. Dispon\u00edvel em: &lt;https:\/\/goo.gl\/j6hYs4&gt;. Adaptado)<\/p>\n<p style=\"text-align: justify;\"><strong>Entre as mudan\u00e7as estabelecidas, \u00e9 correto identificar <\/strong><\/p>\n<p style=\"text-align: justify;\"><strong>(A) o fim do sal\u00e1rio m\u00ednimo, que n\u00e3o servir\u00e1 mais como par\u00e2metro obrigat\u00f3rio na remunera\u00e7\u00e3o dos trabalhadores pelas empresas. <\/strong><\/p>\n<p style=\"text-align: justify;\"><strong>(B) o fim da obrigatoriedade do registro em carteira nas rela\u00e7\u00f5es de trabalho, com o objetivo de legalizar o trabalho considerado informal. <\/strong><\/p>\n<p style=\"text-align: justify;\"><strong>(C) a formaliza\u00e7\u00e3o do trabalho intermitente, aquele em que n\u00e3o h\u00e1 jornada fixa, podendo o empregado trabalhar em alguns dias ou durante algumas horas. <\/strong><\/p>\n<p style=\"text-align: justify;\"><strong>(D) a incorpora\u00e7\u00e3o do tempo de deslocamento ao trabalho como parte da jornada, instituindo uma remunera\u00e7\u00e3o espec\u00edfica para os empregados que moram longe. <\/strong><\/p>\n<p style=\"text-align: justify;\"><strong>(E) o aumento da contribui\u00e7\u00e3o para o FGTS por parte do empregador, com a finalidade de dar mais seguran\u00e7a ao trabalhador em caso de demiss\u00e3o.<\/strong><\/p>\n<p style=\"text-align: justify;\"><strong>\u00a0<\/strong><strong><u>COMENT\u00c1RIOS<\/u><\/strong><strong>:<\/strong><\/p>\n<p style=\"text-align: justify;\">Dentre as alternativas, a \u00fanica que faz men\u00e7\u00e3o \u00e0 uma das novas regras estabelecidas pela reforma trabalhista \u00e9 a \u201cC\u201d: a formaliza\u00e7\u00e3o <strong>do trabalho intermitente<\/strong>, aquele em que n\u00e3o h\u00e1 jornada fixa, podendo o empregado trabalhar em alguns dias ou durante algumas horas.<\/p>\n<p style=\"text-align: justify;\">Atualmente, a jornada de trabalho \u00e9 limitada a 8 horas di\u00e1rias, 44 horas semanais e 220 horas mensais, podendo haver at\u00e9 2 horas extras por dia. O novo texto acrescentou a jornada descont\u00ednua, pela qual \u00e9 permitido o trabalho em dias em dias e hor\u00e1rios alternados, denominado de trabalho intermitente.<\/p>\n<p style=\"text-align: justify;\"><strong>Gabarito: C<\/strong><\/p>\n<p>&nbsp;<\/p>\n<p style=\"text-align: justify;\"><strong>O primeiro-ministro Saad Hariri anunciou neste s\u00e1bado (4 de novembro), de maneira surpreendente, sua ren\u00fancia ao cargo, acusando o Hezbollah e seu aliado Ir\u00e3 de \u201ccontrole\u201d no seu pa\u00eds e citando amea\u00e7as contra sua vida. \u201cAnuncio minha demiss\u00e3o do posto de primeiro-ministro\u201d, declarou Hariri, que est\u00e1 na Ar\u00e1bia Saudita. Hariri, ligado \u00e0 Ar\u00e1bia Saudita, fez o an\u00fancio ao ler o discurso sentado em um escrit\u00f3rio. \u201cSenti o que se tramava nas sombras para atacar minha vida\u201d, declarou. <\/strong><\/p>\n<p style=\"text-align: right;\">(G1, 4 nov. 17. Dispon\u00edvel em: &lt;https:\/\/goo.gl\/5y6LCN&gt;. Adaptado)<\/p>\n<p style=\"text-align: justify;\"><strong>A not\u00edcia trata da ren\u00fancia do primeiro ministro <\/strong><\/p>\n<p style=\"text-align: justify;\"><strong>(A) palestino. <\/strong><\/p>\n<p style=\"text-align: justify;\"><strong>(B) turco. <\/strong><\/p>\n<p style=\"text-align: justify;\"><strong>(C) iraquiano. <\/strong><\/p>\n<p style=\"text-align: justify;\"><strong>(D) jordaniano.<\/strong><\/p>\n<p style=\"text-align: justify;\"><strong>(E) liban\u00eas.<\/strong><\/p>\n<p style=\"text-align: justify;\"><strong>\u00a0<\/strong><strong><u>COMENT\u00c1RIOS<\/u><\/strong><strong>:<\/strong><\/p>\n<p style=\"text-align: justify;\">Saad Hariri anunciou a sua ren\u00fancia ao posto de primeiro-ministro do L\u00edbano, no in\u00edcio do m\u00eas de novembro de 2017. No entanto, ao final do m\u00eas, Hariri adiou a sua ren\u00fancia, ou seja, n\u00e3o renunciou e continuou no cargo de primeiro-ministro.<\/p>\n<p style=\"text-align: justify;\">Por tr\u00e1s do epis\u00f3dio est\u00e1 a disputa entre Ar\u00e1bia Saudita e o Ir\u00e3 pela hegemonia regional no Oriente M\u00e9dio.<\/p>\n<p style=\"text-align: justify;\">O Hezbollah \u00e9 uma mil\u00edcia fundamentalista isl\u00e2mica xiita, baseada no L\u00edbano. Nesse pa\u00eds, tamb\u00e9m \u00e9 uma organiza\u00e7\u00e3o assistencial e um partido pol\u00edtico que participa do governo por meio de acordos de divis\u00e3o de poder.<\/p>\n<p style=\"text-align: justify;\">O grupo \u00e9 um aliado chave do regime de Bashar al-Assad na guerra civil da S\u00edria. Tamb\u00e9m \u00e9 um aliado estrat\u00e9gico do Ir\u00e3.<\/p>\n<p style=\"text-align: justify;\">Por tr\u00e1s da ren\u00fancia especulou-se estar o governo saudita. O objetivo era, provavelmente, livrar-se do Hezbollah por meio de um golpe em Beirute ou uma guerra entre Israel e o L\u00edbano. Contudo, Riad acabou por aceitar o retorno \u00e0 situa\u00e7\u00e3o anterior, com Hariri no cargo, sem tensionamentos com o Hezbollah<\/p>\n<p style=\"text-align: justify;\"><strong>Gabarito: E<\/strong><\/p>\n<p>&nbsp;<\/p>\n<p style=\"text-align: justify;\">Abra\u00e7o,<\/p>\n<p>Prof. Leandro Signori<\/p>\n","protected":false},"excerpt":{"rendered":"<p>Ol\u00e1 Pessoal, tudo bem? Entramos na semana que antecede a prova do TJ-SP Interior. Para lhe auxiliar nesta reta final\u00edssima de estudos, trago 10 quest\u00f5es recent\u00edssimas de Atualidades de duas provas aplicadas em concursos de 2018. Por a Vunesp ser uma banca bastante factual em Atualidades, \u00e9 important\u00edssimo acompanhar as suas \u00faltimas provas para verificarmos [&hellip;]<\/p>\n","protected":false},"author":306,"featured_media":0,"comment_status":"open","ping_status":"closed","sticky":false,"template":"","format":"standard","meta":{"post_tipo":"article","footnotes":""},"categories":[1,1984],"tags":[31606],"tax_estado":[],"class_list":["post-110897","post","type-post","status-publish","format-standard","hentry","category-cursos-e-concursos","category-tribunais","tag-atualidades-vunesp"],"acf":[],"yoast_head":"<!-- This site is optimized with the Yoast SEO Premium plugin v27.2 (Yoast SEO v27.2) - https:\/\/yoast.com\/product\/yoast-seo-premium-wordpress\/ -->\n<title>10 quest\u00f5es recentes de Atualidades da VUNESP<\/title>\n<meta name=\"robots\" content=\"index, follow, max-snippet:-1, max-image-preview:large, max-video-preview:-1\" \/>\n<link rel=\"canonical\" href=\"https:\/\/www.estrategiaconcursos.com.br\/blog\/10-questoes-recentes-de-atualidades-da-vunesp\/\" \/>\n<meta property=\"og:locale\" content=\"pt_BR\" \/>\n<meta property=\"og:type\" content=\"article\" \/>\n<meta property=\"og:title\" content=\"10 quest\u00f5es recentes de Atualidades da VUNESP\" \/>\n<meta property=\"og:description\" content=\"Ol\u00e1 Pessoal, tudo bem? Entramos na semana que antecede a prova do TJ-SP Interior. Para lhe auxiliar nesta reta final\u00edssima de estudos, trago 10 quest\u00f5es recent\u00edssimas de Atualidades de duas provas aplicadas em concursos de 2018. Por a Vunesp ser uma banca bastante factual em Atualidades, \u00e9 important\u00edssimo acompanhar as suas \u00faltimas provas para verificarmos [&hellip;]\" \/>\n<meta property=\"og:url\" content=\"https:\/\/www.estrategiaconcursos.com.br\/blog\/10-questoes-recentes-de-atualidades-da-vunesp\/\" \/>\n<meta property=\"og:site_name\" content=\"Estrat\u00e9gia Concursos\" \/>\n<meta property=\"article:author\" content=\"https:\/\/www.facebook.com\/leandrosignoriatualidades\/\" \/>\n<meta property=\"article:published_time\" content=\"2018-03-19T00:49:41+00:00\" \/>\n<meta property=\"article:modified_time\" content=\"2018-10-01T22:26:51+00:00\" \/>\n<meta name=\"author\" content=\"Leandro Signori\" \/>\n<meta name=\"twitter:card\" content=\"summary_large_image\" \/>\n<meta name=\"twitter:creator\" content=\"@EstratConcursos\" \/>\n<meta name=\"twitter:site\" content=\"@EstratConcursos\" \/>\n<meta name=\"twitter:label1\" content=\"Escrito por\" \/>\n\t<meta name=\"twitter:data1\" content=\"Leandro Signori\" \/>\n\t<meta name=\"twitter:label2\" content=\"Est. tempo de leitura\" \/>\n\t<meta name=\"twitter:data2\" content=\"20 minutos\" \/>\n<script type=\"application\/ld+json\" class=\"yoast-schema-graph\">{\"@context\":\"https:\/\/schema.org\",\"@graph\":[{\"@type\":\"NewsArticle\",\"@id\":\"https:\/\/www.estrategiaconcursos.com.br\/blog\/10-questoes-recentes-de-atualidades-da-vunesp\/#article\",\"isPartOf\":{\"@id\":\"https:\/\/www.estrategiaconcursos.com.br\/blog\/10-questoes-recentes-de-atualidades-da-vunesp\/\"},\"author\":{\"name\":\"Leandro Signori\",\"@id\":\"https:\/\/www.estrategiaconcursos.com.br\/blog\/#\/schema\/person\/d2e7d78de4b9d6ba51cc24fd558a7f42\"},\"headline\":\"10 quest\u00f5es recentes de Atualidades da VUNESP\",\"datePublished\":\"2018-03-19T00:49:41+00:00\",\"dateModified\":\"2018-10-01T22:26:51+00:00\",\"mainEntityOfPage\":{\"@id\":\"https:\/\/www.estrategiaconcursos.com.br\/blog\/10-questoes-recentes-de-atualidades-da-vunesp\/\"},\"wordCount\":3948,\"commentCount\":49,\"publisher\":{\"@id\":\"https:\/\/www.estrategiaconcursos.com.br\/blog\/#organization\"},\"keywords\":[\"Atualidades Vunesp\"],\"articleSection\":[\"Concursos P\u00fablicos\",\"Tribunais\"],\"inLanguage\":\"pt-BR\",\"potentialAction\":[{\"@type\":\"CommentAction\",\"name\":\"Comment\",\"target\":[\"https:\/\/www.estrategiaconcursos.com.br\/blog\/10-questoes-recentes-de-atualidades-da-vunesp\/#respond\"]}],\"copyrightYear\":\"2018\",\"copyrightHolder\":{\"@id\":\"https:\/\/www.estrategiaconcursos.com.br\/blog\/#organization\"}},{\"@type\":\"WebPage\",\"@id\":\"https:\/\/www.estrategiaconcursos.com.br\/blog\/10-questoes-recentes-de-atualidades-da-vunesp\/\",\"url\":\"https:\/\/www.estrategiaconcursos.com.br\/blog\/10-questoes-recentes-de-atualidades-da-vunesp\/\",\"name\":\"10 quest\u00f5es recentes de Atualidades da VUNESP\",\"isPartOf\":{\"@id\":\"https:\/\/www.estrategiaconcursos.com.br\/blog\/#website\"},\"datePublished\":\"2018-03-19T00:49:41+00:00\",\"dateModified\":\"2018-10-01T22:26:51+00:00\",\"breadcrumb\":{\"@id\":\"https:\/\/www.estrategiaconcursos.com.br\/blog\/10-questoes-recentes-de-atualidades-da-vunesp\/#breadcrumb\"},\"inLanguage\":\"pt-BR\",\"potentialAction\":[{\"@type\":\"ReadAction\",\"target\":[\"https:\/\/www.estrategiaconcursos.com.br\/blog\/10-questoes-recentes-de-atualidades-da-vunesp\/\"]}]},{\"@type\":\"BreadcrumbList\",\"@id\":\"https:\/\/www.estrategiaconcursos.com.br\/blog\/10-questoes-recentes-de-atualidades-da-vunesp\/#breadcrumb\",\"itemListElement\":[{\"@type\":\"ListItem\",\"position\":1,\"name\":\"In\u00edcio\",\"item\":\"https:\/\/www.estrategiaconcursos.com.br\/blog\/\"},{\"@type\":\"ListItem\",\"position\":2,\"name\":\"10 quest\u00f5es recentes de Atualidades da VUNESP\"}]},{\"@type\":\"WebSite\",\"@id\":\"https:\/\/www.estrategiaconcursos.com.br\/blog\/#website\",\"url\":\"https:\/\/www.estrategiaconcursos.com.br\/blog\/\",\"name\":\"Estrat\u00e9gia Concursos\",\"description\":\"O blog da Estrat\u00e9gia Concursos traz not\u00edcias sobre concursos e artigos de professores oferecendo cursos para concursos (pdf + videaulas) no site.\",\"publisher\":{\"@id\":\"https:\/\/www.estrategiaconcursos.com.br\/blog\/#organization\"},\"potentialAction\":[{\"@type\":\"SearchAction\",\"target\":{\"@type\":\"EntryPoint\",\"urlTemplate\":\"https:\/\/www.estrategiaconcursos.com.br\/blog\/?s={search_term_string}\"},\"query-input\":{\"@type\":\"PropertyValueSpecification\",\"valueRequired\":true,\"valueName\":\"search_term_string\"}}],\"inLanguage\":\"pt-BR\"},{\"@type\":\"Organization\",\"@id\":\"https:\/\/www.estrategiaconcursos.com.br\/blog\/#organization\",\"name\":\"Estrat\u00e9gia Concursos\",\"url\":\"https:\/\/www.estrategiaconcursos.com.br\/blog\/\",\"logo\":{\"@type\":\"ImageObject\",\"inLanguage\":\"pt-BR\",\"@id\":\"https:\/\/www.estrategiaconcursos.com.br\/blog\/#\/schema\/logo\/image\/\",\"url\":\"https:\/\/dhg1h5j42swfq.cloudfront.net\/2025\/06\/03203428\/logo_concursos-1.jpg\",\"contentUrl\":\"https:\/\/dhg1h5j42swfq.cloudfront.net\/2025\/06\/03203428\/logo_concursos-1.jpg\",\"width\":230,\"height\":60,\"caption\":\"Estrat\u00e9gia Concursos\"},\"image\":{\"@id\":\"https:\/\/www.estrategiaconcursos.com.br\/blog\/#\/schema\/logo\/image\/\"},\"sameAs\":[\"https:\/\/x.com\/EstratConcursos\"]},{\"@type\":\"Person\",\"@id\":\"https:\/\/www.estrategiaconcursos.com.br\/blog\/#\/schema\/person\/d2e7d78de4b9d6ba51cc24fd558a7f42\",\"name\":\"Leandro Signori\",\"image\":{\"@type\":\"ImageObject\",\"inLanguage\":\"pt-BR\",\"@id\":\"https:\/\/secure.gravatar.com\/avatar\/aa2ef98e93764dcf1758f52d2792d4b3e4089ee25bc520608dde62ad802ae541?s=96&d=mm&r=g\",\"url\":\"https:\/\/secure.gravatar.com\/avatar\/aa2ef98e93764dcf1758f52d2792d4b3e4089ee25bc520608dde62ad802ae541?s=96&d=mm&r=g\",\"contentUrl\":\"https:\/\/secure.gravatar.com\/avatar\/aa2ef98e93764dcf1758f52d2792d4b3e4089ee25bc520608dde62ad802ae541?s=96&d=mm&r=g\",\"caption\":\"Leandro Signori\"},\"description\":\"Licenciado em Geografia pela Universidade Federal do Rio Grande do Sul (UFRGS) e Bacharel em Geografia pela Uniceub (Bras\u00edlia). Como servidor p\u00fablico, foi funcion\u00e1rio da Prefeitura de S\u00e3o Leopoldo (RS), Prefeitura de Porto Alegre (RS), Companhia Riograndense de Saneamento (Corsan) e Minist\u00e9rio da Integra\u00e7\u00e3o Nacional. \u00c9 professor de Geografia para o ensino m\u00e9dio na rede particular de ensino. Leciona as disciplinas de Atualidades, Conhecimentos Gerais, Geografia, Realidade Brasileira e Hist\u00f3ria, em cursos on line e presenciais preparat\u00f3rios para concursos p\u00fablicos.\",\"sameAs\":[\"https:\/\/www.facebook.com\/leandrosignoriatualidades\/\"],\"url\":\"https:\/\/www.estrategiaconcursos.com.br\/blog\/author\/leandroestrategiaconcursos-com-br\/\"}]}<\/script>\n<!-- \/ Yoast SEO Premium plugin. -->","yoast_head_json":{"title":"10 quest\u00f5es recentes de Atualidades da VUNESP","robots":{"index":"index","follow":"follow","max-snippet":"max-snippet:-1","max-image-preview":"max-image-preview:large","max-video-preview":"max-video-preview:-1"},"canonical":"https:\/\/www.estrategiaconcursos.com.br\/blog\/10-questoes-recentes-de-atualidades-da-vunesp\/","og_locale":"pt_BR","og_type":"article","og_title":"10 quest\u00f5es recentes de Atualidades da VUNESP","og_description":"Ol\u00e1 Pessoal, tudo bem? Entramos na semana que antecede a prova do TJ-SP Interior. Para lhe auxiliar nesta reta final\u00edssima de estudos, trago 10 quest\u00f5es recent\u00edssimas de Atualidades de duas provas aplicadas em concursos de 2018. Por a Vunesp ser uma banca bastante factual em Atualidades, \u00e9 important\u00edssimo acompanhar as suas \u00faltimas provas para verificarmos [&hellip;]","og_url":"https:\/\/www.estrategiaconcursos.com.br\/blog\/10-questoes-recentes-de-atualidades-da-vunesp\/","og_site_name":"Estrat\u00e9gia Concursos","article_author":"https:\/\/www.facebook.com\/leandrosignoriatualidades\/","article_published_time":"2018-03-19T00:49:41+00:00","article_modified_time":"2018-10-01T22:26:51+00:00","author":"Leandro Signori","twitter_card":"summary_large_image","twitter_creator":"@EstratConcursos","twitter_site":"@EstratConcursos","twitter_misc":{"Escrito por":"Leandro Signori","Est. tempo de leitura":"20 minutos"},"schema":{"@context":"https:\/\/schema.org","@graph":[{"@type":"NewsArticle","@id":"https:\/\/www.estrategiaconcursos.com.br\/blog\/10-questoes-recentes-de-atualidades-da-vunesp\/#article","isPartOf":{"@id":"https:\/\/www.estrategiaconcursos.com.br\/blog\/10-questoes-recentes-de-atualidades-da-vunesp\/"},"author":{"name":"Leandro Signori","@id":"https:\/\/www.estrategiaconcursos.com.br\/blog\/#\/schema\/person\/d2e7d78de4b9d6ba51cc24fd558a7f42"},"headline":"10 quest\u00f5es recentes de Atualidades da VUNESP","datePublished":"2018-03-19T00:49:41+00:00","dateModified":"2018-10-01T22:26:51+00:00","mainEntityOfPage":{"@id":"https:\/\/www.estrategiaconcursos.com.br\/blog\/10-questoes-recentes-de-atualidades-da-vunesp\/"},"wordCount":3948,"commentCount":49,"publisher":{"@id":"https:\/\/www.estrategiaconcursos.com.br\/blog\/#organization"},"keywords":["Atualidades Vunesp"],"articleSection":["Concursos P\u00fablicos","Tribunais"],"inLanguage":"pt-BR","potentialAction":[{"@type":"CommentAction","name":"Comment","target":["https:\/\/www.estrategiaconcursos.com.br\/blog\/10-questoes-recentes-de-atualidades-da-vunesp\/#respond"]}],"copyrightYear":"2018","copyrightHolder":{"@id":"https:\/\/www.estrategiaconcursos.com.br\/blog\/#organization"}},{"@type":"WebPage","@id":"https:\/\/www.estrategiaconcursos.com.br\/blog\/10-questoes-recentes-de-atualidades-da-vunesp\/","url":"https:\/\/www.estrategiaconcursos.com.br\/blog\/10-questoes-recentes-de-atualidades-da-vunesp\/","name":"10 quest\u00f5es recentes de Atualidades da VUNESP","isPartOf":{"@id":"https:\/\/www.estrategiaconcursos.com.br\/blog\/#website"},"datePublished":"2018-03-19T00:49:41+00:00","dateModified":"2018-10-01T22:26:51+00:00","breadcrumb":{"@id":"https:\/\/www.estrategiaconcursos.com.br\/blog\/10-questoes-recentes-de-atualidades-da-vunesp\/#breadcrumb"},"inLanguage":"pt-BR","potentialAction":[{"@type":"ReadAction","target":["https:\/\/www.estrategiaconcursos.com.br\/blog\/10-questoes-recentes-de-atualidades-da-vunesp\/"]}]},{"@type":"BreadcrumbList","@id":"https:\/\/www.estrategiaconcursos.com.br\/blog\/10-questoes-recentes-de-atualidades-da-vunesp\/#breadcrumb","itemListElement":[{"@type":"ListItem","position":1,"name":"In\u00edcio","item":"https:\/\/www.estrategiaconcursos.com.br\/blog\/"},{"@type":"ListItem","position":2,"name":"10 quest\u00f5es recentes de Atualidades da VUNESP"}]},{"@type":"WebSite","@id":"https:\/\/www.estrategiaconcursos.com.br\/blog\/#website","url":"https:\/\/www.estrategiaconcursos.com.br\/blog\/","name":"Estrat\u00e9gia Concursos","description":"O blog da Estrat\u00e9gia Concursos traz not\u00edcias sobre concursos e artigos de professores oferecendo cursos para concursos (pdf + videaulas) no site.","publisher":{"@id":"https:\/\/www.estrategiaconcursos.com.br\/blog\/#organization"},"potentialAction":[{"@type":"SearchAction","target":{"@type":"EntryPoint","urlTemplate":"https:\/\/www.estrategiaconcursos.com.br\/blog\/?s={search_term_string}"},"query-input":{"@type":"PropertyValueSpecification","valueRequired":true,"valueName":"search_term_string"}}],"inLanguage":"pt-BR"},{"@type":"Organization","@id":"https:\/\/www.estrategiaconcursos.com.br\/blog\/#organization","name":"Estrat\u00e9gia Concursos","url":"https:\/\/www.estrategiaconcursos.com.br\/blog\/","logo":{"@type":"ImageObject","inLanguage":"pt-BR","@id":"https:\/\/www.estrategiaconcursos.com.br\/blog\/#\/schema\/logo\/image\/","url":"https:\/\/dhg1h5j42swfq.cloudfront.net\/2025\/06\/03203428\/logo_concursos-1.jpg","contentUrl":"https:\/\/dhg1h5j42swfq.cloudfront.net\/2025\/06\/03203428\/logo_concursos-1.jpg","width":230,"height":60,"caption":"Estrat\u00e9gia Concursos"},"image":{"@id":"https:\/\/www.estrategiaconcursos.com.br\/blog\/#\/schema\/logo\/image\/"},"sameAs":["https:\/\/x.com\/EstratConcursos"]},{"@type":"Person","@id":"https:\/\/www.estrategiaconcursos.com.br\/blog\/#\/schema\/person\/d2e7d78de4b9d6ba51cc24fd558a7f42","name":"Leandro Signori","image":{"@type":"ImageObject","inLanguage":"pt-BR","@id":"https:\/\/secure.gravatar.com\/avatar\/aa2ef98e93764dcf1758f52d2792d4b3e4089ee25bc520608dde62ad802ae541?s=96&d=mm&r=g","url":"https:\/\/secure.gravatar.com\/avatar\/aa2ef98e93764dcf1758f52d2792d4b3e4089ee25bc520608dde62ad802ae541?s=96&d=mm&r=g","contentUrl":"https:\/\/secure.gravatar.com\/avatar\/aa2ef98e93764dcf1758f52d2792d4b3e4089ee25bc520608dde62ad802ae541?s=96&d=mm&r=g","caption":"Leandro Signori"},"description":"Licenciado em Geografia pela Universidade Federal do Rio Grande do Sul (UFRGS) e Bacharel em Geografia pela Uniceub (Bras\u00edlia). Como servidor p\u00fablico, foi funcion\u00e1rio da Prefeitura de S\u00e3o Leopoldo (RS), Prefeitura de Porto Alegre (RS), Companhia Riograndense de Saneamento (Corsan) e Minist\u00e9rio da Integra\u00e7\u00e3o Nacional. \u00c9 professor de Geografia para o ensino m\u00e9dio na rede particular de ensino. Leciona as disciplinas de Atualidades, Conhecimentos Gerais, Geografia, Realidade Brasileira e Hist\u00f3ria, em cursos on line e presenciais preparat\u00f3rios para concursos p\u00fablicos.","sameAs":["https:\/\/www.facebook.com\/leandrosignoriatualidades\/"],"url":"https:\/\/www.estrategiaconcursos.com.br\/blog\/author\/leandroestrategiaconcursos-com-br\/"}]}},"_links":{"self":[{"href":"https:\/\/www.estrategiaconcursos.com.br\/blog\/wp-json\/wp\/v2\/posts\/110897","targetHints":{"allow":["GET"]}}],"collection":[{"href":"https:\/\/www.estrategiaconcursos.com.br\/blog\/wp-json\/wp\/v2\/posts"}],"about":[{"href":"https:\/\/www.estrategiaconcursos.com.br\/blog\/wp-json\/wp\/v2\/types\/post"}],"author":[{"embeddable":true,"href":"https:\/\/www.estrategiaconcursos.com.br\/blog\/wp-json\/wp\/v2\/users\/306"}],"replies":[{"embeddable":true,"href":"https:\/\/www.estrategiaconcursos.com.br\/blog\/wp-json\/wp\/v2\/comments?post=110897"}],"version-history":[{"count":7,"href":"https:\/\/www.estrategiaconcursos.com.br\/blog\/wp-json\/wp\/v2\/posts\/110897\/revisions"}],"predecessor-version":[{"id":145026,"href":"https:\/\/www.estrategiaconcursos.com.br\/blog\/wp-json\/wp\/v2\/posts\/110897\/revisions\/145026"}],"wp:attachment":[{"href":"https:\/\/www.estrategiaconcursos.com.br\/blog\/wp-json\/wp\/v2\/media?parent=110897"}],"wp:term":[{"taxonomy":"category","embeddable":true,"href":"https:\/\/www.estrategiaconcursos.com.br\/blog\/wp-json\/wp\/v2\/categories?post=110897"},{"taxonomy":"post_tag","embeddable":true,"href":"https:\/\/www.estrategiaconcursos.com.br\/blog\/wp-json\/wp\/v2\/tags?post=110897"},{"taxonomy":"tax_estado","embeddable":true,"href":"https:\/\/www.estrategiaconcursos.com.br\/blog\/wp-json\/wp\/v2\/tax_estado?post=110897"}],"curies":[{"name":"wp","href":"https:\/\/api.w.org\/{rel}","templated":true}]}}