{"id":1108430,"date":"2022-10-11T15:58:05","date_gmt":"2022-10-11T18:58:05","guid":{"rendered":"https:\/\/www.estrategiaconcursos.com.br\/blog\/?p=1108430"},"modified":"2022-10-11T19:44:43","modified_gmt":"2022-10-11T22:44:43","slug":"concurso-dpe-sp-termo-de-referencia","status":"publish","type":"post","link":"https:\/\/www.estrategiaconcursos.com.br\/blog\/concurso-dpe-sp-termo-de-referencia\/","title":{"rendered":"Concurso DPE SP: veja o termo de refer\u00eancia do novo edital"},"content":{"rendered":"\n<p>Foi divulgado nesta ter\u00e7a-feira, 11 de outubro, o <strong>Termo de Refer\u00eancia<\/strong> referente ao <strong>concurso da DPE SP<\/strong> (<a href=\"https:\/\/www.estrategiaconcursos.com.br\/cursosPorConcurso\/defensoria-publica-de-sao-paulo-dpe-sp-servidores\/\" target=\"_blank\" rel=\"noreferrer noopener\">Defensoria P\u00fablica de S\u00e3o Paulo<\/a>), que traz detalhes do pr\u00f3ximo edital.<\/p>\n\n\n\n<p>Segundo o documento, s\u00e3o previstas 20 vagas imediatas, al\u00e9m de forma\u00e7\u00e3o de cadastro reserva, ao cargo de Oficial de Defensoria, de n\u00edvel m\u00e9dio de escolaridade e sal\u00e1rio inicial de R$ 3.560,33.<\/p>\n\n\n\n<p>Al\u00e9m disso, ser\u00e3o ofertadas vagas em cadastro de reserva ao cargo de Agente de Defensoria, de n\u00edvel superior de escolaridade e sal\u00e1rio inicial de R$ 7.532,39.<\/p>\n\n\n\n<p>As oportunidades ser\u00e3o distribu\u00eddas nas regionais de S\u00e3o Paulo (capital), Guarulhos, Mogi das Cruzes, Osasco, Grande ABCD, Ara\u00e7atuba, Bauru, Campinas, Jundia\u00ed, Mar\u00edlia, Presidente Prudente, Ribeir\u00e3o Preto, Santos, S\u00e3o Carlos, S\u00e3o Jos\u00e9 do Rio Preto, S\u00e3o Jos\u00e9 dos Campos, Sorocaba, Taubat\u00e9 e Vale do Ribeira.<\/p>\n\n\n\n<p>A carreira de Agente de Defensoria contar\u00e1 com a distribui\u00e7\u00e3o das seguintes especialidades:<\/p>\n\n\n\n<ul class=\"wp-block-list\"><li>Administrador;<\/li><li>Analista de Suporte;<\/li><li>Arquiteto;<\/li><li>Assistente Social;<\/li><li>Biblioteconomia;<\/li><li>Cientista Social;<\/li><li>Comunica\u00e7\u00e3o Social;<\/li><li>Engenheiro de Redes;<\/li><li>Desenhista Industrial;<\/li><li>Engenheiro de Telecomunica\u00e7\u00e3o;<\/li><li>Estat\u00edstico;<\/li><li>Pedagogo;<\/li><li>Programador;<\/li><li>Psic\u00f3logo;<\/li><li>Rela\u00e7\u00f5es P\u00fablicas; e<\/li><li>Secret\u00e1rio Executivo.<\/li><\/ul>\n\n\n\n<h3 class=\"wp-block-heading\" id=\"h-etapas-e-provas-do-concurso-dpe-sp\">Etapas e provas do concurso DPE SP<\/h3>\n\n\n\n<p>O pr\u00f3ximo certame  da Defensoria P\u00fablica de S\u00e3o Paulo ser\u00e1 aplicado mediante duas etapas, sendo:<\/p>\n\n\n\n<ul class=\"wp-block-list\"><li><span style=\"text-decoration: underline;\">I \u2013 Para o cargo de Oficial de Defensoria<\/span><ul><li>a) Prova Objetiva: com 70 quest\u00f5es de m\u00faltipla escolha.<\/li><\/ul><\/li><li><span style=\"text-decoration: underline;\">II \u2013 Para o cargo de Agente de Defensoria<\/span><ul><li>a) Prova Objetiva: com 70 quest\u00f5es de m\u00faltipla escolha; e<\/li><li>b) Prova Dissertativa: reda\u00e7\u00e3o em L\u00edngua Portuguesa.<\/li><\/ul><\/li><\/ul>\n\n\n\n<p>As disciplinas cobradas no edital est\u00e3o elencadas a seguir: <\/p>\n\n\n\n<ul class=\"wp-block-list\"><li><span style=\"text-decoration: underline;\">I \u2013 Para o cargo de Oficial de Defensoria<\/span><ul><li>a) Conhecimentos Gerais: com 40 quest\u00f5es de L\u00edngua Portuguesa, Matem\u00e1tica e Racioc\u00ednio L\u00f3gico, e Inform\u00e1tica;<\/li><li>b) Conhecimentos B\u00e1sicos: com 30 quest\u00f5es de conhecimentos Jur\u00eddicos e Institucionais.<\/li><\/ul><\/li><li><span style=\"text-decoration: underline;\">II \u2013 Para o cargo de Agente de Defensoria<\/span><ul><li>a) Conhecimentos Espec\u00edficos: com 30 quest\u00f5es da respectiva \u00c1rea de Forma\u00e7\u00e3o;<\/li><\/ul><ul><li>b) Temas Gen\u00e9ricos: com 40 quest\u00f5es de L\u00edngua Portuguesa, Inform\u00e1tica, Matem\u00e1tica e Racioc\u00ednio L\u00f3gico e Conhecimentos Jur\u00eddicos e Institucionais; e<\/li><\/ul><ul><li>c) Prova Dissertativa: reda\u00e7\u00e3o em L\u00edngua Portuguesa<\/li><\/ul><\/li><\/ul>\n\n\n\n<p>Por fim, o valor da taxa de inscri\u00e7\u00e3o poder\u00e1 ser fixado em R$ 70,00 para cargos de n\u00edvel m\u00e9dio e em R$ 115,00 \u00e0s carreira de n\u00edvel superior.<\/p>\n\n\n\n<p>\u00c9 v\u00e1lido lembrar que recentemente foi divulgado o extrato de contrato que oficializou a Funda\u00e7\u00e3o Vunesp como banca do pr\u00f3ximo concurso da Defensoria P\u00fablica do estado de S\u00e3o Paulo (DPE SP).<\/p>\n\n\n\n<ul class=\"has-background has-medium-font-size wp-block-list\" style=\"background-color:#bdddf1\"><li><a href=\"https:\/\/dhg1h5j42swfq.cloudfront.net\/2022\/10\/11154005\/termo-referencia-dpe-sp.pdf\" target=\"_blank\" rel=\"noreferrer noopener nofollow\">Confira o Termo de Refer\u00eancia<\/a><\/li><\/ul>\n\n\n\n<p>Para saber os detalhes do Termo de Refer\u00eancia do pr\u00f3ximo concurso <a href=\"https:\/\/www.defensoria.sp.def.br\/\" target=\"_blank\" rel=\"noreferrer noopener\">DPE SP<\/a>, basta acessar o link abaixo!<\/p>\n\n\n\n<p class=\"has-text-align-center has-background has-medium-font-size\" style=\"background-color:#9cd0f0\"><strong>Saiba mais: <a href=\"https:\/\/www.estrategiaconcursos.com.br\/blog\/concurso-dpe-sp\/\" target=\"_blank\" rel=\"noreferrer noopener\">concurso DPE SP<\/a><\/strong><\/p>\n\n\n\n<h2 class=\"has-text-align-center wp-block-heading\" id=\"h-quer-saber-tudo-sobre-concursos-previstos-confira-nossos-artigos\">Quer saber tudo sobre concursos previstos?<br \/>Confira  nossos artigos!<\/h2>\n\n\n\n<ul class=\"wp-block-list\"><li><a href=\"https:\/\/www.estrategiaconcursos.com.br\/blog\/concursos-abertos\/\" target=\"_blank\" rel=\"noreferrer noopener\">Concursos abertos<\/a><\/li><li><a href=\"https:\/\/www.estrategiaconcursos.com.br\/blog\/concursos-2022\/\" target=\"_blank\" rel=\"noreferrer noopener\">Concursos 2022<\/a><\/li><li><a href=\"https:\/\/www.estrategiaconcursos.com.br\/blog\/concursos-2023\/\" target=\"_blank\" rel=\"noreferrer noopener\">Concursos 2023<\/a><\/li><\/ul>\n\n\n\n<h2 class=\"has-text-align-center wp-block-heading\">Quer estudar para o concurso DPE SP?<\/h2>\n\n\n\n<div class=\"container\" id=\"boxes\">\n  <div class=\"row\">\n\n    <div class=\"col-sm\">\n      <div class=\"banner-estrategia\" id=\"box-assinatura\">\n        <h3 class=\"titulo-assinatura\">Cursos para DPE SP<\/h3>\n        <p class=\"subtitulo-assinatura\">Estude conosco<\/p>\n        <div class=\"box-botao\">\n          <a class=\"btn-assinatura\" target=\"_blank\" href=\"https:\/\/www.estrategiaconcursos.com.br\/cursosPorConcurso\/defensoria-publica-de-sao-paulo-dpe-sp-servidores\/\" role=\"button\" rel=\"noopener noreferrer\">Conhe\u00e7a os cursos<\/a>\n        <\/div>\n      <\/div>\n     \n    <\/div>\n\n  <\/div>\n<\/div>\n\n\n\n<div class=\"container\" id=\"boxes\">\n  <div class=\"row\">\n\n    <div class=\"col-sm\">\n      <div class=\"estrategia\" id=\"box-assinatura\">\n        <h3 class=\"titulo-assinatura\">Assinatura de Concursos<\/h3>\n        <p class=\"subtitulo-assinatura\">Assinatura de 1 ano ou 2 anos<\/p>\n        <div class=\"box-botao\">\n          <a class=\"btn-assinatura\" target=\"_blank\" href=\"https:\/\/www.estrategiaconcursos.com.br\/assinaturas\/\" role=\"button\" rel=\"noopener noreferrer\">ASSINE AGORA<\/a>\n        <\/div>\n      <\/div>\n     \n    <\/div><\/div><\/div>\n","protected":false},"excerpt":{"rendered":"<p>Foi divulgado nesta ter\u00e7a-feira, 11 de outubro, o Termo de Refer\u00eancia referente ao concurso da DPE SP (Defensoria P\u00fablica de S\u00e3o Paulo), que traz detalhes do pr\u00f3ximo edital. Segundo o documento, s\u00e3o previstas 20 vagas imediatas, al\u00e9m de forma\u00e7\u00e3o de cadastro reserva, ao cargo de Oficial de Defensoria, de n\u00edvel m\u00e9dio de escolaridade e sal\u00e1rio [&hellip;]<\/p>\n","protected":false},"author":2134,"featured_media":143052,"comment_status":"open","ping_status":"closed","sticky":false,"template":"","format":"standard","meta":{"post_tipo":"news","footnotes":""},"categories":[1984,220219],"tags":[],"tax_estado":[219989],"class_list":["post-1108430","post","type-post","status-publish","format-standard","has-post-thumbnail","hentry","category-tribunais","category-noticias","tax_estado-sp"],"acf":[],"yoast_head":"<!-- This site is optimized with the Yoast SEO Premium plugin v27.2 (Yoast SEO v27.2) - https:\/\/yoast.com\/product\/yoast-seo-premium-wordpress\/ -->\n<title>Concurso DPE SP: veja o termo de refer\u00eancia do novo edital<\/title>\n<meta name=\"description\" content=\"Concurso DPE SP: Termo de Refer\u00eancia do pr\u00f3ximo edital \u00e9 divulgado. Ser\u00e3o 20 vagas + CR para os cargos de Agente e Oficial de Defensoria!\" \/>\n<meta name=\"robots\" content=\"index, follow, max-snippet:-1, max-image-preview:large, max-video-preview:-1\" \/>\n<link rel=\"canonical\" href=\"https:\/\/www.estrategiaconcursos.com.br\/blog\/concurso-dpe-sp-termo-de-referencia\/\" \/>\n<meta property=\"og:locale\" content=\"pt_BR\" \/>\n<meta property=\"og:type\" content=\"article\" \/>\n<meta property=\"og:title\" content=\"Concurso DPE SP: veja o termo de refer\u00eancia do novo edital\" \/>\n<meta property=\"og:description\" content=\"Concurso DPE SP: Termo de Refer\u00eancia do pr\u00f3ximo edital \u00e9 divulgado. Ser\u00e3o 20 vagas + CR para os cargos de Agente e Oficial de Defensoria!\" \/>\n<meta property=\"og:url\" content=\"https:\/\/www.estrategiaconcursos.com.br\/blog\/concurso-dpe-sp-termo-de-referencia\/\" \/>\n<meta property=\"og:site_name\" content=\"Estrat\u00e9gia Concursos\" \/>\n<meta property=\"article:published_time\" content=\"2022-10-11T18:58:05+00:00\" \/>\n<meta property=\"article:modified_time\" content=\"2022-10-11T22:44:43+00:00\" \/>\n<meta property=\"og:image\" content=\"https:\/\/dhg1h5j42swfq.cloudfront.net\/2018\/09\/25082518\/concurso-dpe-sp.jpg\" \/>\n\t<meta property=\"og:image:width\" content=\"400\" \/>\n\t<meta property=\"og:image:height\" content=\"245\" \/>\n\t<meta property=\"og:image:type\" content=\"image\/jpeg\" \/>\n<meta name=\"author\" content=\"Rafaela Teixeira\" \/>\n<meta name=\"twitter:card\" content=\"summary_large_image\" \/>\n<meta name=\"twitter:creator\" content=\"@EstratConcursos\" \/>\n<meta name=\"twitter:site\" content=\"@EstratConcursos\" \/>\n<meta name=\"twitter:label1\" content=\"Escrito por\" \/>\n\t<meta name=\"twitter:data1\" content=\"Rafaela Teixeira\" \/>\n\t<meta name=\"twitter:label2\" content=\"Est. tempo de leitura\" \/>\n\t<meta name=\"twitter:data2\" content=\"3 minutos\" \/>\n<script type=\"application\/ld+json\" class=\"yoast-schema-graph\">{\"@context\":\"https:\/\/schema.org\",\"@graph\":[{\"@type\":\"NewsArticle\",\"@id\":\"https:\/\/www.estrategiaconcursos.com.br\/blog\/concurso-dpe-sp-termo-de-referencia\/#article\",\"isPartOf\":{\"@id\":\"https:\/\/www.estrategiaconcursos.com.br\/blog\/concurso-dpe-sp-termo-de-referencia\/\"},\"author\":{\"name\":\"Rafaela Teixeira\",\"@id\":\"https:\/\/www.estrategiaconcursos.com.br\/blog\/#\/schema\/person\/e75352021ea7f60781c599934f916eb1\"},\"headline\":\"Concurso DPE SP: veja o termo de refer\u00eancia do novo edital\",\"datePublished\":\"2022-10-11T18:58:05+00:00\",\"dateModified\":\"2022-10-11T22:44:43+00:00\",\"mainEntityOfPage\":{\"@id\":\"https:\/\/www.estrategiaconcursos.com.br\/blog\/concurso-dpe-sp-termo-de-referencia\/\"},\"wordCount\":526,\"commentCount\":0,\"publisher\":{\"@id\":\"https:\/\/www.estrategiaconcursos.com.br\/blog\/#organization\"},\"image\":{\"@id\":\"https:\/\/www.estrategiaconcursos.com.br\/blog\/concurso-dpe-sp-termo-de-referencia\/#primaryimage\"},\"thumbnailUrl\":\"https:\/\/dhg1h5j42swfq.cloudfront.net\/2018\/09\/25082518\/concurso-dpe-sp.jpg\",\"articleSection\":[\"Tribunais\",\"\u00daltimas not\u00edcias\"],\"inLanguage\":\"pt-BR\",\"potentialAction\":[{\"@type\":\"CommentAction\",\"name\":\"Comment\",\"target\":[\"https:\/\/www.estrategiaconcursos.com.br\/blog\/concurso-dpe-sp-termo-de-referencia\/#respond\"]}],\"copyrightYear\":\"2022\",\"copyrightHolder\":{\"@id\":\"https:\/\/www.estrategiaconcursos.com.br\/blog\/#organization\"}},{\"@type\":\"WebPage\",\"@id\":\"https:\/\/www.estrategiaconcursos.com.br\/blog\/concurso-dpe-sp-termo-de-referencia\/\",\"url\":\"https:\/\/www.estrategiaconcursos.com.br\/blog\/concurso-dpe-sp-termo-de-referencia\/\",\"name\":\"Concurso DPE SP: veja o termo de refer\u00eancia do novo edital\",\"isPartOf\":{\"@id\":\"https:\/\/www.estrategiaconcursos.com.br\/blog\/#website\"},\"primaryImageOfPage\":{\"@id\":\"https:\/\/www.estrategiaconcursos.com.br\/blog\/concurso-dpe-sp-termo-de-referencia\/#primaryimage\"},\"image\":{\"@id\":\"https:\/\/www.estrategiaconcursos.com.br\/blog\/concurso-dpe-sp-termo-de-referencia\/#primaryimage\"},\"thumbnailUrl\":\"https:\/\/dhg1h5j42swfq.cloudfront.net\/2018\/09\/25082518\/concurso-dpe-sp.jpg\",\"datePublished\":\"2022-10-11T18:58:05+00:00\",\"dateModified\":\"2022-10-11T22:44:43+00:00\",\"description\":\"Concurso DPE SP: Termo de Refer\u00eancia do pr\u00f3ximo edital \u00e9 divulgado. Ser\u00e3o 20 vagas + CR para os cargos de Agente e Oficial de Defensoria!\",\"breadcrumb\":{\"@id\":\"https:\/\/www.estrategiaconcursos.com.br\/blog\/concurso-dpe-sp-termo-de-referencia\/#breadcrumb\"},\"inLanguage\":\"pt-BR\",\"potentialAction\":[{\"@type\":\"ReadAction\",\"target\":[\"https:\/\/www.estrategiaconcursos.com.br\/blog\/concurso-dpe-sp-termo-de-referencia\/\"]}]},{\"@type\":\"ImageObject\",\"inLanguage\":\"pt-BR\",\"@id\":\"https:\/\/www.estrategiaconcursos.com.br\/blog\/concurso-dpe-sp-termo-de-referencia\/#primaryimage\",\"url\":\"https:\/\/dhg1h5j42swfq.cloudfront.net\/2018\/09\/25082518\/concurso-dpe-sp.jpg\",\"contentUrl\":\"https:\/\/dhg1h5j42swfq.cloudfront.net\/2018\/09\/25082518\/concurso-dpe-sp.jpg\",\"width\":400,\"height\":245,\"caption\":\"concurso dpe sp defensor\"},{\"@type\":\"BreadcrumbList\",\"@id\":\"https:\/\/www.estrategiaconcursos.com.br\/blog\/concurso-dpe-sp-termo-de-referencia\/#breadcrumb\",\"itemListElement\":[{\"@type\":\"ListItem\",\"position\":1,\"name\":\"In\u00edcio\",\"item\":\"https:\/\/www.estrategiaconcursos.com.br\/blog\/\"},{\"@type\":\"ListItem\",\"position\":2,\"name\":\"Concurso DPE SP: veja o termo de refer\u00eancia do novo edital\"}]},{\"@type\":\"WebSite\",\"@id\":\"https:\/\/www.estrategiaconcursos.com.br\/blog\/#website\",\"url\":\"https:\/\/www.estrategiaconcursos.com.br\/blog\/\",\"name\":\"Estrat\u00e9gia Concursos\",\"description\":\"O blog da Estrat\u00e9gia Concursos traz not\u00edcias sobre concursos e artigos de professores oferecendo cursos para concursos (pdf + videaulas) no site.\",\"publisher\":{\"@id\":\"https:\/\/www.estrategiaconcursos.com.br\/blog\/#organization\"},\"potentialAction\":[{\"@type\":\"SearchAction\",\"target\":{\"@type\":\"EntryPoint\",\"urlTemplate\":\"https:\/\/www.estrategiaconcursos.com.br\/blog\/?s={search_term_string}\"},\"query-input\":{\"@type\":\"PropertyValueSpecification\",\"valueRequired\":true,\"valueName\":\"search_term_string\"}}],\"inLanguage\":\"pt-BR\"},{\"@type\":\"Organization\",\"@id\":\"https:\/\/www.estrategiaconcursos.com.br\/blog\/#organization\",\"name\":\"Estrat\u00e9gia Concursos\",\"url\":\"https:\/\/www.estrategiaconcursos.com.br\/blog\/\",\"logo\":{\"@type\":\"ImageObject\",\"inLanguage\":\"pt-BR\",\"@id\":\"https:\/\/www.estrategiaconcursos.com.br\/blog\/#\/schema\/logo\/image\/\",\"url\":\"https:\/\/dhg1h5j42swfq.cloudfront.net\/2025\/06\/03203428\/logo_concursos-1.jpg\",\"contentUrl\":\"https:\/\/dhg1h5j42swfq.cloudfront.net\/2025\/06\/03203428\/logo_concursos-1.jpg\",\"width\":230,\"height\":60,\"caption\":\"Estrat\u00e9gia Concursos\"},\"image\":{\"@id\":\"https:\/\/www.estrategiaconcursos.com.br\/blog\/#\/schema\/logo\/image\/\"},\"sameAs\":[\"https:\/\/x.com\/EstratConcursos\"]},{\"@type\":\"Person\",\"@id\":\"https:\/\/www.estrategiaconcursos.com.br\/blog\/#\/schema\/person\/e75352021ea7f60781c599934f916eb1\",\"name\":\"Rafaela Teixeira\",\"image\":{\"@type\":\"ImageObject\",\"inLanguage\":\"pt-BR\",\"@id\":\"https:\/\/secure.gravatar.com\/avatar\/8a349a2b22039b1ee88fc06461487c950fd6aa411ea8af8633314b43334ae793?s=96&d=mm&r=g\",\"url\":\"https:\/\/secure.gravatar.com\/avatar\/8a349a2b22039b1ee88fc06461487c950fd6aa411ea8af8633314b43334ae793?s=96&d=mm&r=g\",\"contentUrl\":\"https:\/\/secure.gravatar.com\/avatar\/8a349a2b22039b1ee88fc06461487c950fd6aa411ea8af8633314b43334ae793?s=96&d=mm&r=g\",\"caption\":\"Rafaela Teixeira\"},\"description\":\"Rafaela Teixeira \u00e9 advogada conveniada \u00e0 Defensoria P\u00fablica de S\u00e3o Paulo pela OAB, com experi\u00eancia em reda\u00e7\u00e3o jur\u00eddica e atua\u00e7\u00e3o em institui\u00e7\u00f5es p\u00fablicas, incluindo est\u00e1gio no TRE-SP. Possui mais de 7 anos de experi\u00eancia na produ\u00e7\u00e3o de conte\u00fados voltados ao nicho de concursos p\u00fablicos, com foco em apura\u00e7\u00e3o jornal\u00edstica cont\u00ednua, an\u00e1lise de editais e obten\u00e7\u00e3o de informa\u00e7\u00f5es diretamente junto a \u00f3rg\u00e3os e fontes oficiais. No Blog do Estrat\u00e9gia Concursos, atua como Analista de Conte\u00fado S\u00eanior, respons\u00e1vel pelo jornalismo do per\u00edodo noturno e da madrugada, com atua\u00e7\u00e3o transversal na cobertura de concursos p\u00fablicos, garantindo a continuidade, fluidez e confiabilidade das publica\u00e7\u00f5es e dos bastidores dos certames.\",\"url\":\"https:\/\/www.estrategiaconcursos.com.br\/blog\/author\/rafaela-teixeira\/\"}]}<\/script>\n<!-- \/ Yoast SEO Premium plugin. -->","yoast_head_json":{"title":"Concurso DPE SP: veja o termo de refer\u00eancia do novo edital","description":"Concurso DPE SP: Termo de Refer\u00eancia do pr\u00f3ximo edital \u00e9 divulgado. Ser\u00e3o 20 vagas + CR para os cargos de Agente e Oficial de Defensoria!","robots":{"index":"index","follow":"follow","max-snippet":"max-snippet:-1","max-image-preview":"max-image-preview:large","max-video-preview":"max-video-preview:-1"},"canonical":"https:\/\/www.estrategiaconcursos.com.br\/blog\/concurso-dpe-sp-termo-de-referencia\/","og_locale":"pt_BR","og_type":"article","og_title":"Concurso DPE SP: veja o termo de refer\u00eancia do novo edital","og_description":"Concurso DPE SP: Termo de Refer\u00eancia do pr\u00f3ximo edital \u00e9 divulgado. Ser\u00e3o 20 vagas + CR para os cargos de Agente e Oficial de Defensoria!","og_url":"https:\/\/www.estrategiaconcursos.com.br\/blog\/concurso-dpe-sp-termo-de-referencia\/","og_site_name":"Estrat\u00e9gia Concursos","article_published_time":"2022-10-11T18:58:05+00:00","article_modified_time":"2022-10-11T22:44:43+00:00","og_image":[{"width":400,"height":245,"url":"https:\/\/dhg1h5j42swfq.cloudfront.net\/2018\/09\/25082518\/concurso-dpe-sp.jpg","type":"image\/jpeg"}],"author":"Rafaela Teixeira","twitter_card":"summary_large_image","twitter_creator":"@EstratConcursos","twitter_site":"@EstratConcursos","twitter_misc":{"Escrito por":"Rafaela Teixeira","Est. tempo de leitura":"3 minutos"},"schema":{"@context":"https:\/\/schema.org","@graph":[{"@type":"NewsArticle","@id":"https:\/\/www.estrategiaconcursos.com.br\/blog\/concurso-dpe-sp-termo-de-referencia\/#article","isPartOf":{"@id":"https:\/\/www.estrategiaconcursos.com.br\/blog\/concurso-dpe-sp-termo-de-referencia\/"},"author":{"name":"Rafaela Teixeira","@id":"https:\/\/www.estrategiaconcursos.com.br\/blog\/#\/schema\/person\/e75352021ea7f60781c599934f916eb1"},"headline":"Concurso DPE SP: veja o termo de refer\u00eancia do novo edital","datePublished":"2022-10-11T18:58:05+00:00","dateModified":"2022-10-11T22:44:43+00:00","mainEntityOfPage":{"@id":"https:\/\/www.estrategiaconcursos.com.br\/blog\/concurso-dpe-sp-termo-de-referencia\/"},"wordCount":526,"commentCount":0,"publisher":{"@id":"https:\/\/www.estrategiaconcursos.com.br\/blog\/#organization"},"image":{"@id":"https:\/\/www.estrategiaconcursos.com.br\/blog\/concurso-dpe-sp-termo-de-referencia\/#primaryimage"},"thumbnailUrl":"https:\/\/dhg1h5j42swfq.cloudfront.net\/2018\/09\/25082518\/concurso-dpe-sp.jpg","articleSection":["Tribunais","\u00daltimas not\u00edcias"],"inLanguage":"pt-BR","potentialAction":[{"@type":"CommentAction","name":"Comment","target":["https:\/\/www.estrategiaconcursos.com.br\/blog\/concurso-dpe-sp-termo-de-referencia\/#respond"]}],"copyrightYear":"2022","copyrightHolder":{"@id":"https:\/\/www.estrategiaconcursos.com.br\/blog\/#organization"}},{"@type":"WebPage","@id":"https:\/\/www.estrategiaconcursos.com.br\/blog\/concurso-dpe-sp-termo-de-referencia\/","url":"https:\/\/www.estrategiaconcursos.com.br\/blog\/concurso-dpe-sp-termo-de-referencia\/","name":"Concurso DPE SP: veja o termo de refer\u00eancia do novo edital","isPartOf":{"@id":"https:\/\/www.estrategiaconcursos.com.br\/blog\/#website"},"primaryImageOfPage":{"@id":"https:\/\/www.estrategiaconcursos.com.br\/blog\/concurso-dpe-sp-termo-de-referencia\/#primaryimage"},"image":{"@id":"https:\/\/www.estrategiaconcursos.com.br\/blog\/concurso-dpe-sp-termo-de-referencia\/#primaryimage"},"thumbnailUrl":"https:\/\/dhg1h5j42swfq.cloudfront.net\/2018\/09\/25082518\/concurso-dpe-sp.jpg","datePublished":"2022-10-11T18:58:05+00:00","dateModified":"2022-10-11T22:44:43+00:00","description":"Concurso DPE SP: Termo de Refer\u00eancia do pr\u00f3ximo edital \u00e9 divulgado. Ser\u00e3o 20 vagas + CR para os cargos de Agente e Oficial de Defensoria!","breadcrumb":{"@id":"https:\/\/www.estrategiaconcursos.com.br\/blog\/concurso-dpe-sp-termo-de-referencia\/#breadcrumb"},"inLanguage":"pt-BR","potentialAction":[{"@type":"ReadAction","target":["https:\/\/www.estrategiaconcursos.com.br\/blog\/concurso-dpe-sp-termo-de-referencia\/"]}]},{"@type":"ImageObject","inLanguage":"pt-BR","@id":"https:\/\/www.estrategiaconcursos.com.br\/blog\/concurso-dpe-sp-termo-de-referencia\/#primaryimage","url":"https:\/\/dhg1h5j42swfq.cloudfront.net\/2018\/09\/25082518\/concurso-dpe-sp.jpg","contentUrl":"https:\/\/dhg1h5j42swfq.cloudfront.net\/2018\/09\/25082518\/concurso-dpe-sp.jpg","width":400,"height":245,"caption":"concurso dpe sp defensor"},{"@type":"BreadcrumbList","@id":"https:\/\/www.estrategiaconcursos.com.br\/blog\/concurso-dpe-sp-termo-de-referencia\/#breadcrumb","itemListElement":[{"@type":"ListItem","position":1,"name":"In\u00edcio","item":"https:\/\/www.estrategiaconcursos.com.br\/blog\/"},{"@type":"ListItem","position":2,"name":"Concurso DPE SP: veja o termo de refer\u00eancia do novo edital"}]},{"@type":"WebSite","@id":"https:\/\/www.estrategiaconcursos.com.br\/blog\/#website","url":"https:\/\/www.estrategiaconcursos.com.br\/blog\/","name":"Estrat\u00e9gia Concursos","description":"O blog da Estrat\u00e9gia Concursos traz not\u00edcias sobre concursos e artigos de professores oferecendo cursos para concursos (pdf + videaulas) no site.","publisher":{"@id":"https:\/\/www.estrategiaconcursos.com.br\/blog\/#organization"},"potentialAction":[{"@type":"SearchAction","target":{"@type":"EntryPoint","urlTemplate":"https:\/\/www.estrategiaconcursos.com.br\/blog\/?s={search_term_string}"},"query-input":{"@type":"PropertyValueSpecification","valueRequired":true,"valueName":"search_term_string"}}],"inLanguage":"pt-BR"},{"@type":"Organization","@id":"https:\/\/www.estrategiaconcursos.com.br\/blog\/#organization","name":"Estrat\u00e9gia Concursos","url":"https:\/\/www.estrategiaconcursos.com.br\/blog\/","logo":{"@type":"ImageObject","inLanguage":"pt-BR","@id":"https:\/\/www.estrategiaconcursos.com.br\/blog\/#\/schema\/logo\/image\/","url":"https:\/\/dhg1h5j42swfq.cloudfront.net\/2025\/06\/03203428\/logo_concursos-1.jpg","contentUrl":"https:\/\/dhg1h5j42swfq.cloudfront.net\/2025\/06\/03203428\/logo_concursos-1.jpg","width":230,"height":60,"caption":"Estrat\u00e9gia Concursos"},"image":{"@id":"https:\/\/www.estrategiaconcursos.com.br\/blog\/#\/schema\/logo\/image\/"},"sameAs":["https:\/\/x.com\/EstratConcursos"]},{"@type":"Person","@id":"https:\/\/www.estrategiaconcursos.com.br\/blog\/#\/schema\/person\/e75352021ea7f60781c599934f916eb1","name":"Rafaela Teixeira","image":{"@type":"ImageObject","inLanguage":"pt-BR","@id":"https:\/\/secure.gravatar.com\/avatar\/8a349a2b22039b1ee88fc06461487c950fd6aa411ea8af8633314b43334ae793?s=96&d=mm&r=g","url":"https:\/\/secure.gravatar.com\/avatar\/8a349a2b22039b1ee88fc06461487c950fd6aa411ea8af8633314b43334ae793?s=96&d=mm&r=g","contentUrl":"https:\/\/secure.gravatar.com\/avatar\/8a349a2b22039b1ee88fc06461487c950fd6aa411ea8af8633314b43334ae793?s=96&d=mm&r=g","caption":"Rafaela Teixeira"},"description":"Rafaela Teixeira \u00e9 advogada conveniada \u00e0 Defensoria P\u00fablica de S\u00e3o Paulo pela OAB, com experi\u00eancia em reda\u00e7\u00e3o jur\u00eddica e atua\u00e7\u00e3o em institui\u00e7\u00f5es p\u00fablicas, incluindo est\u00e1gio no TRE-SP. Possui mais de 7 anos de experi\u00eancia na produ\u00e7\u00e3o de conte\u00fados voltados ao nicho de concursos p\u00fablicos, com foco em apura\u00e7\u00e3o jornal\u00edstica cont\u00ednua, an\u00e1lise de editais e obten\u00e7\u00e3o de informa\u00e7\u00f5es diretamente junto a \u00f3rg\u00e3os e fontes oficiais. No Blog do Estrat\u00e9gia Concursos, atua como Analista de Conte\u00fado S\u00eanior, respons\u00e1vel pelo jornalismo do per\u00edodo noturno e da madrugada, com atua\u00e7\u00e3o transversal na cobertura de concursos p\u00fablicos, garantindo a continuidade, fluidez e confiabilidade das publica\u00e7\u00f5es e dos bastidores dos certames.","url":"https:\/\/www.estrategiaconcursos.com.br\/blog\/author\/rafaela-teixeira\/"}]}},"_links":{"self":[{"href":"https:\/\/www.estrategiaconcursos.com.br\/blog\/wp-json\/wp\/v2\/posts\/1108430","targetHints":{"allow":["GET"]}}],"collection":[{"href":"https:\/\/www.estrategiaconcursos.com.br\/blog\/wp-json\/wp\/v2\/posts"}],"about":[{"href":"https:\/\/www.estrategiaconcursos.com.br\/blog\/wp-json\/wp\/v2\/types\/post"}],"author":[{"embeddable":true,"href":"https:\/\/www.estrategiaconcursos.com.br\/blog\/wp-json\/wp\/v2\/users\/2134"}],"replies":[{"embeddable":true,"href":"https:\/\/www.estrategiaconcursos.com.br\/blog\/wp-json\/wp\/v2\/comments?post=1108430"}],"version-history":[{"count":24,"href":"https:\/\/www.estrategiaconcursos.com.br\/blog\/wp-json\/wp\/v2\/posts\/1108430\/revisions"}],"predecessor-version":[{"id":1108727,"href":"https:\/\/www.estrategiaconcursos.com.br\/blog\/wp-json\/wp\/v2\/posts\/1108430\/revisions\/1108727"}],"wp:featuredmedia":[{"embeddable":true,"href":"https:\/\/www.estrategiaconcursos.com.br\/blog\/wp-json\/wp\/v2\/media\/143052"}],"wp:attachment":[{"href":"https:\/\/www.estrategiaconcursos.com.br\/blog\/wp-json\/wp\/v2\/media?parent=1108430"}],"wp:term":[{"taxonomy":"category","embeddable":true,"href":"https:\/\/www.estrategiaconcursos.com.br\/blog\/wp-json\/wp\/v2\/categories?post=1108430"},{"taxonomy":"post_tag","embeddable":true,"href":"https:\/\/www.estrategiaconcursos.com.br\/blog\/wp-json\/wp\/v2\/tags?post=1108430"},{"taxonomy":"tax_estado","embeddable":true,"href":"https:\/\/www.estrategiaconcursos.com.br\/blog\/wp-json\/wp\/v2\/tax_estado?post=1108430"}],"curies":[{"name":"wp","href":"https:\/\/api.w.org\/{rel}","templated":true}]}}