{"id":1108244,"date":"2022-10-11T13:44:52","date_gmt":"2022-10-11T16:44:52","guid":{"rendered":"https:\/\/www.estrategiaconcursos.com.br\/blog\/?p=1108244"},"modified":"2022-10-11T18:12:00","modified_gmt":"2022-10-11T21:12:00","slug":"edital-estrategico-pm-ce","status":"publish","type":"post","link":"https:\/\/www.estrategiaconcursos.com.br\/blog\/edital-estrategico-pm-ce\/","title":{"rendered":"Edital Estrat\u00e9gico PM CE: fortale\u00e7a sua prepara\u00e7\u00e3o!"},"content":{"rendered":"\n<p>Foi publicado o <strong>edital do concurso PM CE<\/strong>! Conforme o documento, s\u00e3o ofertadas <strong>1.000 vagas<\/strong> <strong>imediatas<\/strong>, al\u00e9m de 500 em cadastro de reserva, para o cargo de <strong><a href=\"https:\/\/www.estrategiaconcursos.com.br\/curso\/pm-ce-soldado-pacote-2022-pos-edital\/\" target=\"_blank\" rel=\"noreferrer noopener\">Soldado<\/a><\/strong>.<\/p>\n\n\n\n<p>As oportunidades s\u00e3o distribu\u00eddas entre o sexo masculino e feminino, com exig\u00eancia de n\u00edvel m\u00e9dio de escolaridade. O sal\u00e1rio inicial \u00e9 de <span style=\"font-size: revert; color: initial;\">R$ 4.983,30 (ap\u00f3s o curso de forma\u00e7\u00e3o).<\/span><\/p>\n\n\n\n<p>Os interessados na sele\u00e7\u00e3o devem se candidatar no per\u00edodo de 24 de outubro a 23 de novembro, no site do <a href=\"http:\/\/idecan.org.br\/concursos.aspx\" target=\"_blank\" rel=\"noreferrer noopener\">IDECAN<\/a>, ao custo de R$ 180,00. A prova objetiva \u00e9 prevista para 22 de janeiro de 2023.<\/p>\n\n\n\n<h2 class=\"wp-block-heading\" id=\"h-edital-estrategico-pm-ce-baixe-gratuitamente\">Edital Estrat\u00e9gico PM CE: baixe gratuitamente!<\/h2>\n\n\n\n<p>Dando um espa\u00e7o para o Edital Estrat\u00e9gico entrar em sua rotina de estudos, ser\u00e1 poss\u00edvel acompanhar seu desempenho atrav\u00e9s de gr\u00e1ficos, garantindo uma vis\u00e3o completa das mat\u00e9rias que necessitam de mais revis\u00f5es.<\/p>\n\n\n\n<p>O registro de cada tarefa ser\u00e1 feito para cada assunto exigido no conte\u00fado program\u00e1tico do edital. A partir das informa\u00e7\u00f5es preenchidas pelo aluno, uma \u201caba\u201d do Edital Estrat\u00e9gico PM CE ir\u00e1 demonstrar a progress\u00e3o em cada tarefa e assunto.<\/p>\n\n\n\n<p>A edi\u00e7\u00e3o poder\u00e1 ser realizada apenas na 3\u00aa aba, relativa ao preenchimento do progresso nas disciplinas. Caso voc\u00ea queira fazer outras modifica\u00e7\u00f5es no arquivo, \u00e9 s\u00f3 usar a&nbsp;senha \u201cadmin\u201d&nbsp;na op\u00e7\u00e3o&nbsp;<em><strong>desproteger<\/strong><\/em>&nbsp;planilha do Excel.<\/p>\n\n\n\n<ul class=\"has-background has-medium-font-size wp-block-list\" style=\"background-color:#cbd3db\"><li><strong><a href=\"https:\/\/docs.google.com\/spreadsheets\/d\/1pVxCaaZD3IoGQKfoGyUYZizAmRu8JDD4\/edit?usp=sharing&amp;ouid=101265451508967920612&amp;rtpof=true&amp;sd=true\" target=\"_blank\" rel=\"noreferrer noopener\">Edital Estrat\u00e9gico &#8211; Soldado PM CE<\/a><\/strong><\/li><\/ul>\n\n\n\n<p class=\"has-text-align-center\"><strong>IMPORTANTE:&nbsp;<\/strong>ao clicar no link acima, vai ser aberta uma janela do Google Drive que tentar\u00e1 carregar a visualiza\u00e7\u00e3o da planilha no seu navegador. N\u00e3o h\u00e1 necessidade de esperar essa visualiza\u00e7\u00e3o (talvez at\u00e9 nem carregue, j\u00e1 que os arquivos s\u00e3o pesados). <strong>Al\u00e9m disso, para realizar altera\u00e7\u00f5es na planilha, \u00e9 necess\u00e1rio realizar o download da mesma em seu computador!<\/strong><\/p>\n\n\n\n<p>Todos os arquivos foram testados em diferentes computadores e celulares e est\u00e3o ok. Talvez alguma incompatibilidade (ou mensagem de erro, como \u201carquivo inv\u00e1lido\u201d) ocorra em virtude do seu pr\u00f3prio computador ou do tamanho dos arquivos que possuem mais conte\u00fado.<\/p>\n\n\n\n<p class=\"has-text-align-center\"><strong><em>Para mais detalhes do concurso PM CE, cujo Edital Estrat\u00e9gico est\u00e1 dispon\u00edvel para os seus estudos, acesse o link abaixo:<\/em><\/strong><\/p>\n\n\n\n<h2 class=\"has-text-align-center has-cyan-bluish-gray-background-color has-background has-medium-font-size wp-block-heading\" id=\"curso\"><a href=\"https:\/\/www.estrategiaconcursos.com.br\/blog\/concurso-pm-ce\/\" target=\"_blank\" rel=\"noreferrer noopener\">Concurso Pol\u00edcia Militar CE<\/a><\/h2>\n\n\n\n<hr class=\"wp-block-separator has-alpha-channel-opacity\"\/>\n\n\n\n<h2 class=\"has-text-align-center wp-block-heading\" id=\"cursos\">Quer saber tudo sobre concursos previstos?<br \/>Confira nossos artigos!<\/h2>\n\n\n\n<ul class=\"wp-block-list\"><li><a href=\"https:\/\/www.estrategiaconcursos.com.br\/blog\/concursos-abertos\/\">Concursos abertos<\/a><\/li><li><a href=\"https:\/\/www.estrategiaconcursos.com.br\/blog\/concursos-2022\/\">Concursos 2022<\/a><\/li><li><a href=\"https:\/\/www.estrategiaconcursos.com.br\/blog\/concursos-2023\/\" target=\"_blank\" rel=\"noreferrer noopener\">Concursos 2023<\/a><\/li><\/ul>\n\n\n\n<div id=\"boxes\" class=\"container\">\n<div class=\"row\">\n<div class=\"col-sm\">\n<div id=\"box-assinatura\" class=\"banner-policial\">\n<h3 class=\"titulo-assinatura\">Concurso PM CE<\/h3>\n<p class=\"subtitulo-assinatura\">Conhe\u00e7a os cursos<\/p>\n<div class=\"box-botao\"><a class=\"btn-assinatura\" role=\"button\" href=\"https:\/\/www.estrategiaconcursos.com.br\/cursosPorConcurso\/policia-militar-ce\/\" target=\"_blank\" rel=\"noopener noreferrer\">Conhe\u00e7a mais<\/a><\/div>\n<\/div>\n\n<\/div>\n<\/div>\n<\/div>\n\n\n\n<div id=\"boxes\" class=\"container\">\n<div class=\"row\">\n<div class=\"col-sm\">\n<div id=\"box-assinatura\" class=\"estrategia\">\n<h3 class=\"titulo-assinatura\">Assinatura de Concursos<\/h3>\n<p class=\"subtitulo-assinatura\">Assinatura de 1 ou 2 anos<\/p>\n<div class=\"box-botao\"><a class=\"btn-assinatura\" role=\"button\" href=\"https:\/\/www.estrategiaconcursos.com.br\/assinaturas\/\" target=\"_blank\" rel=\"noopener noreferrer\">ASSINE AGORA<\/a><\/div>\n<\/div>\n<p class=\"texto-auxiliar\">&nbsp;<\/p><\/div><\/div><\/div>\n","protected":false},"excerpt":{"rendered":"<p>Foi publicado o edital do concurso PM CE! Conforme o documento, s\u00e3o ofertadas 1.000 vagas imediatas, al\u00e9m de 500 em cadastro de reserva, para o cargo de Soldado. As oportunidades s\u00e3o distribu\u00eddas entre o sexo masculino e feminino, com exig\u00eancia de n\u00edvel m\u00e9dio de escolaridade. O sal\u00e1rio inicial \u00e9 de R$ 4.983,30 (ap\u00f3s o curso [&hellip;]<\/p>\n","protected":false},"author":2134,"featured_media":728202,"comment_status":"open","ping_status":"closed","sticky":false,"template":"","format":"standard","meta":{"post_tipo":"news","footnotes":""},"categories":[220187,220219],"tags":[],"tax_estado":[219969],"class_list":["post-1108244","post","type-post","status-publish","format-standard","has-post-thumbnail","hentry","category-policial-pracas","category-noticias","tax_estado-ce"],"acf":[],"yoast_head":"<!-- This site is optimized with the Yoast SEO Premium plugin v27.2 (Yoast SEO v27.2) - https:\/\/yoast.com\/product\/yoast-seo-premium-wordpress\/ -->\n<title>Edital Estrat\u00e9gico PM CE: fortale\u00e7a sua prepara\u00e7\u00e3o!<\/title>\n<meta name=\"description\" content=\"Concurso PM CE: confira neste artigo um material completo para auxili\u00e1-los na prepara\u00e7\u00e3o do certame! S\u00e3o mil vagas + 500 CR para Soldado!\" \/>\n<meta name=\"robots\" content=\"index, follow, max-snippet:-1, max-image-preview:large, max-video-preview:-1\" \/>\n<link rel=\"canonical\" href=\"https:\/\/www.estrategiaconcursos.com.br\/blog\/edital-estrategico-pm-ce\/\" \/>\n<meta property=\"og:locale\" content=\"pt_BR\" \/>\n<meta property=\"og:type\" content=\"article\" \/>\n<meta property=\"og:title\" content=\"Edital Estrat\u00e9gico PM CE: fortale\u00e7a sua prepara\u00e7\u00e3o!\" \/>\n<meta property=\"og:description\" content=\"Concurso PM CE: confira neste artigo um material completo para auxili\u00e1-los na prepara\u00e7\u00e3o do certame! S\u00e3o mil vagas + 500 CR para Soldado!\" \/>\n<meta property=\"og:url\" content=\"https:\/\/www.estrategiaconcursos.com.br\/blog\/edital-estrategico-pm-ce\/\" \/>\n<meta property=\"og:site_name\" content=\"Estrat\u00e9gia Concursos\" \/>\n<meta property=\"article:published_time\" content=\"2022-10-11T16:44:52+00:00\" \/>\n<meta property=\"article:modified_time\" content=\"2022-10-11T21:12:00+00:00\" \/>\n<meta property=\"og:image\" content=\"https:\/\/dhg1h5j42swfq.cloudfront.net\/2021\/04\/30151013\/edital-estrategico.jpg\" \/>\n\t<meta property=\"og:image:width\" content=\"1200\" \/>\n\t<meta property=\"og:image:height\" content=\"628\" \/>\n\t<meta property=\"og:image:type\" content=\"image\/jpeg\" \/>\n<meta name=\"author\" content=\"Rafaela Teixeira\" \/>\n<meta name=\"twitter:card\" content=\"summary_large_image\" \/>\n<meta name=\"twitter:creator\" content=\"@EstratConcursos\" \/>\n<meta name=\"twitter:site\" content=\"@EstratConcursos\" \/>\n<meta name=\"twitter:label1\" content=\"Escrito por\" \/>\n\t<meta name=\"twitter:data1\" content=\"Rafaela Teixeira\" \/>\n\t<meta name=\"twitter:label2\" content=\"Est. tempo de leitura\" \/>\n\t<meta name=\"twitter:data2\" content=\"2 minutos\" \/>\n<script type=\"application\/ld+json\" class=\"yoast-schema-graph\">{\"@context\":\"https:\/\/schema.org\",\"@graph\":[{\"@type\":\"NewsArticle\",\"@id\":\"https:\/\/www.estrategiaconcursos.com.br\/blog\/edital-estrategico-pm-ce\/#article\",\"isPartOf\":{\"@id\":\"https:\/\/www.estrategiaconcursos.com.br\/blog\/edital-estrategico-pm-ce\/\"},\"author\":{\"name\":\"Rafaela Teixeira\",\"@id\":\"https:\/\/www.estrategiaconcursos.com.br\/blog\/#\/schema\/person\/e75352021ea7f60781c599934f916eb1\"},\"headline\":\"Edital Estrat\u00e9gico PM CE: fortale\u00e7a sua prepara\u00e7\u00e3o!\",\"datePublished\":\"2022-10-11T16:44:52+00:00\",\"dateModified\":\"2022-10-11T21:12:00+00:00\",\"mainEntityOfPage\":{\"@id\":\"https:\/\/www.estrategiaconcursos.com.br\/blog\/edital-estrategico-pm-ce\/\"},\"wordCount\":413,\"commentCount\":0,\"publisher\":{\"@id\":\"https:\/\/www.estrategiaconcursos.com.br\/blog\/#organization\"},\"image\":{\"@id\":\"https:\/\/www.estrategiaconcursos.com.br\/blog\/edital-estrategico-pm-ce\/#primaryimage\"},\"thumbnailUrl\":\"https:\/\/dhg1h5j42swfq.cloudfront.net\/2021\/04\/30151013\/edital-estrategico.jpg\",\"articleSection\":[\"Policial (PM\/BM - Pra\u00e7as)\",\"\u00daltimas not\u00edcias\"],\"inLanguage\":\"pt-BR\",\"potentialAction\":[{\"@type\":\"CommentAction\",\"name\":\"Comment\",\"target\":[\"https:\/\/www.estrategiaconcursos.com.br\/blog\/edital-estrategico-pm-ce\/#respond\"]}],\"copyrightYear\":\"2022\",\"copyrightHolder\":{\"@id\":\"https:\/\/www.estrategiaconcursos.com.br\/blog\/#organization\"}},{\"@type\":\"WebPage\",\"@id\":\"https:\/\/www.estrategiaconcursos.com.br\/blog\/edital-estrategico-pm-ce\/\",\"url\":\"https:\/\/www.estrategiaconcursos.com.br\/blog\/edital-estrategico-pm-ce\/\",\"name\":\"Edital Estrat\u00e9gico PM CE: fortale\u00e7a sua prepara\u00e7\u00e3o!\",\"isPartOf\":{\"@id\":\"https:\/\/www.estrategiaconcursos.com.br\/blog\/#website\"},\"primaryImageOfPage\":{\"@id\":\"https:\/\/www.estrategiaconcursos.com.br\/blog\/edital-estrategico-pm-ce\/#primaryimage\"},\"image\":{\"@id\":\"https:\/\/www.estrategiaconcursos.com.br\/blog\/edital-estrategico-pm-ce\/#primaryimage\"},\"thumbnailUrl\":\"https:\/\/dhg1h5j42swfq.cloudfront.net\/2021\/04\/30151013\/edital-estrategico.jpg\",\"datePublished\":\"2022-10-11T16:44:52+00:00\",\"dateModified\":\"2022-10-11T21:12:00+00:00\",\"description\":\"Concurso PM CE: confira neste artigo um material completo para auxili\u00e1-los na prepara\u00e7\u00e3o do certame! S\u00e3o mil vagas + 500 CR para Soldado!\",\"breadcrumb\":{\"@id\":\"https:\/\/www.estrategiaconcursos.com.br\/blog\/edital-estrategico-pm-ce\/#breadcrumb\"},\"inLanguage\":\"pt-BR\",\"potentialAction\":[{\"@type\":\"ReadAction\",\"target\":[\"https:\/\/www.estrategiaconcursos.com.br\/blog\/edital-estrategico-pm-ce\/\"]}]},{\"@type\":\"ImageObject\",\"inLanguage\":\"pt-BR\",\"@id\":\"https:\/\/www.estrategiaconcursos.com.br\/blog\/edital-estrategico-pm-ce\/#primaryimage\",\"url\":\"https:\/\/dhg1h5j42swfq.cloudfront.net\/2021\/04\/30151013\/edital-estrategico.jpg\",\"contentUrl\":\"https:\/\/dhg1h5j42swfq.cloudfront.net\/2021\/04\/30151013\/edital-estrategico.jpg\",\"width\":1200,\"height\":628,\"caption\":\"edital estrat\u00e9gico\"},{\"@type\":\"BreadcrumbList\",\"@id\":\"https:\/\/www.estrategiaconcursos.com.br\/blog\/edital-estrategico-pm-ce\/#breadcrumb\",\"itemListElement\":[{\"@type\":\"ListItem\",\"position\":1,\"name\":\"In\u00edcio\",\"item\":\"https:\/\/www.estrategiaconcursos.com.br\/blog\/\"},{\"@type\":\"ListItem\",\"position\":2,\"name\":\"Edital Estrat\u00e9gico PM CE: fortale\u00e7a sua prepara\u00e7\u00e3o!\"}]},{\"@type\":\"WebSite\",\"@id\":\"https:\/\/www.estrategiaconcursos.com.br\/blog\/#website\",\"url\":\"https:\/\/www.estrategiaconcursos.com.br\/blog\/\",\"name\":\"Estrat\u00e9gia Concursos\",\"description\":\"O blog da Estrat\u00e9gia Concursos traz not\u00edcias sobre concursos e artigos de professores oferecendo cursos para concursos (pdf + videaulas) no site.\",\"publisher\":{\"@id\":\"https:\/\/www.estrategiaconcursos.com.br\/blog\/#organization\"},\"potentialAction\":[{\"@type\":\"SearchAction\",\"target\":{\"@type\":\"EntryPoint\",\"urlTemplate\":\"https:\/\/www.estrategiaconcursos.com.br\/blog\/?s={search_term_string}\"},\"query-input\":{\"@type\":\"PropertyValueSpecification\",\"valueRequired\":true,\"valueName\":\"search_term_string\"}}],\"inLanguage\":\"pt-BR\"},{\"@type\":\"Organization\",\"@id\":\"https:\/\/www.estrategiaconcursos.com.br\/blog\/#organization\",\"name\":\"Estrat\u00e9gia Concursos\",\"url\":\"https:\/\/www.estrategiaconcursos.com.br\/blog\/\",\"logo\":{\"@type\":\"ImageObject\",\"inLanguage\":\"pt-BR\",\"@id\":\"https:\/\/www.estrategiaconcursos.com.br\/blog\/#\/schema\/logo\/image\/\",\"url\":\"https:\/\/dhg1h5j42swfq.cloudfront.net\/2025\/06\/03203428\/logo_concursos-1.jpg\",\"contentUrl\":\"https:\/\/dhg1h5j42swfq.cloudfront.net\/2025\/06\/03203428\/logo_concursos-1.jpg\",\"width\":230,\"height\":60,\"caption\":\"Estrat\u00e9gia Concursos\"},\"image\":{\"@id\":\"https:\/\/www.estrategiaconcursos.com.br\/blog\/#\/schema\/logo\/image\/\"},\"sameAs\":[\"https:\/\/x.com\/EstratConcursos\"]},{\"@type\":\"Person\",\"@id\":\"https:\/\/www.estrategiaconcursos.com.br\/blog\/#\/schema\/person\/e75352021ea7f60781c599934f916eb1\",\"name\":\"Rafaela Teixeira\",\"image\":{\"@type\":\"ImageObject\",\"inLanguage\":\"pt-BR\",\"@id\":\"https:\/\/secure.gravatar.com\/avatar\/8a349a2b22039b1ee88fc06461487c950fd6aa411ea8af8633314b43334ae793?s=96&d=mm&r=g\",\"url\":\"https:\/\/secure.gravatar.com\/avatar\/8a349a2b22039b1ee88fc06461487c950fd6aa411ea8af8633314b43334ae793?s=96&d=mm&r=g\",\"contentUrl\":\"https:\/\/secure.gravatar.com\/avatar\/8a349a2b22039b1ee88fc06461487c950fd6aa411ea8af8633314b43334ae793?s=96&d=mm&r=g\",\"caption\":\"Rafaela Teixeira\"},\"description\":\"Rafaela Teixeira \u00e9 advogada conveniada \u00e0 Defensoria P\u00fablica de S\u00e3o Paulo pela OAB, com experi\u00eancia em reda\u00e7\u00e3o jur\u00eddica e atua\u00e7\u00e3o em institui\u00e7\u00f5es p\u00fablicas, incluindo est\u00e1gio no TRE-SP. Possui mais de 7 anos de experi\u00eancia na produ\u00e7\u00e3o de conte\u00fados voltados ao nicho de concursos p\u00fablicos, com foco em apura\u00e7\u00e3o jornal\u00edstica cont\u00ednua, an\u00e1lise de editais e obten\u00e7\u00e3o de informa\u00e7\u00f5es diretamente junto a \u00f3rg\u00e3os e fontes oficiais. No Blog do Estrat\u00e9gia Concursos, atua como Analista de Conte\u00fado S\u00eanior, respons\u00e1vel pelo jornalismo do per\u00edodo noturno e da madrugada, com atua\u00e7\u00e3o transversal na cobertura de concursos p\u00fablicos, garantindo a continuidade, fluidez e confiabilidade das publica\u00e7\u00f5es e dos bastidores dos certames.\",\"url\":\"https:\/\/www.estrategiaconcursos.com.br\/blog\/author\/rafaela-teixeira\/\"}]}<\/script>\n<!-- \/ Yoast SEO Premium plugin. -->","yoast_head_json":{"title":"Edital Estrat\u00e9gico PM CE: fortale\u00e7a sua prepara\u00e7\u00e3o!","description":"Concurso PM CE: confira neste artigo um material completo para auxili\u00e1-los na prepara\u00e7\u00e3o do certame! S\u00e3o mil vagas + 500 CR para Soldado!","robots":{"index":"index","follow":"follow","max-snippet":"max-snippet:-1","max-image-preview":"max-image-preview:large","max-video-preview":"max-video-preview:-1"},"canonical":"https:\/\/www.estrategiaconcursos.com.br\/blog\/edital-estrategico-pm-ce\/","og_locale":"pt_BR","og_type":"article","og_title":"Edital Estrat\u00e9gico PM CE: fortale\u00e7a sua prepara\u00e7\u00e3o!","og_description":"Concurso PM CE: confira neste artigo um material completo para auxili\u00e1-los na prepara\u00e7\u00e3o do certame! S\u00e3o mil vagas + 500 CR para Soldado!","og_url":"https:\/\/www.estrategiaconcursos.com.br\/blog\/edital-estrategico-pm-ce\/","og_site_name":"Estrat\u00e9gia Concursos","article_published_time":"2022-10-11T16:44:52+00:00","article_modified_time":"2022-10-11T21:12:00+00:00","og_image":[{"width":1200,"height":628,"url":"https:\/\/dhg1h5j42swfq.cloudfront.net\/2021\/04\/30151013\/edital-estrategico.jpg","type":"image\/jpeg"}],"author":"Rafaela Teixeira","twitter_card":"summary_large_image","twitter_creator":"@EstratConcursos","twitter_site":"@EstratConcursos","twitter_misc":{"Escrito por":"Rafaela Teixeira","Est. tempo de leitura":"2 minutos"},"schema":{"@context":"https:\/\/schema.org","@graph":[{"@type":"NewsArticle","@id":"https:\/\/www.estrategiaconcursos.com.br\/blog\/edital-estrategico-pm-ce\/#article","isPartOf":{"@id":"https:\/\/www.estrategiaconcursos.com.br\/blog\/edital-estrategico-pm-ce\/"},"author":{"name":"Rafaela Teixeira","@id":"https:\/\/www.estrategiaconcursos.com.br\/blog\/#\/schema\/person\/e75352021ea7f60781c599934f916eb1"},"headline":"Edital Estrat\u00e9gico PM CE: fortale\u00e7a sua prepara\u00e7\u00e3o!","datePublished":"2022-10-11T16:44:52+00:00","dateModified":"2022-10-11T21:12:00+00:00","mainEntityOfPage":{"@id":"https:\/\/www.estrategiaconcursos.com.br\/blog\/edital-estrategico-pm-ce\/"},"wordCount":413,"commentCount":0,"publisher":{"@id":"https:\/\/www.estrategiaconcursos.com.br\/blog\/#organization"},"image":{"@id":"https:\/\/www.estrategiaconcursos.com.br\/blog\/edital-estrategico-pm-ce\/#primaryimage"},"thumbnailUrl":"https:\/\/dhg1h5j42swfq.cloudfront.net\/2021\/04\/30151013\/edital-estrategico.jpg","articleSection":["Policial (PM\/BM - Pra\u00e7as)","\u00daltimas not\u00edcias"],"inLanguage":"pt-BR","potentialAction":[{"@type":"CommentAction","name":"Comment","target":["https:\/\/www.estrategiaconcursos.com.br\/blog\/edital-estrategico-pm-ce\/#respond"]}],"copyrightYear":"2022","copyrightHolder":{"@id":"https:\/\/www.estrategiaconcursos.com.br\/blog\/#organization"}},{"@type":"WebPage","@id":"https:\/\/www.estrategiaconcursos.com.br\/blog\/edital-estrategico-pm-ce\/","url":"https:\/\/www.estrategiaconcursos.com.br\/blog\/edital-estrategico-pm-ce\/","name":"Edital Estrat\u00e9gico PM CE: fortale\u00e7a sua prepara\u00e7\u00e3o!","isPartOf":{"@id":"https:\/\/www.estrategiaconcursos.com.br\/blog\/#website"},"primaryImageOfPage":{"@id":"https:\/\/www.estrategiaconcursos.com.br\/blog\/edital-estrategico-pm-ce\/#primaryimage"},"image":{"@id":"https:\/\/www.estrategiaconcursos.com.br\/blog\/edital-estrategico-pm-ce\/#primaryimage"},"thumbnailUrl":"https:\/\/dhg1h5j42swfq.cloudfront.net\/2021\/04\/30151013\/edital-estrategico.jpg","datePublished":"2022-10-11T16:44:52+00:00","dateModified":"2022-10-11T21:12:00+00:00","description":"Concurso PM CE: confira neste artigo um material completo para auxili\u00e1-los na prepara\u00e7\u00e3o do certame! S\u00e3o mil vagas + 500 CR para Soldado!","breadcrumb":{"@id":"https:\/\/www.estrategiaconcursos.com.br\/blog\/edital-estrategico-pm-ce\/#breadcrumb"},"inLanguage":"pt-BR","potentialAction":[{"@type":"ReadAction","target":["https:\/\/www.estrategiaconcursos.com.br\/blog\/edital-estrategico-pm-ce\/"]}]},{"@type":"ImageObject","inLanguage":"pt-BR","@id":"https:\/\/www.estrategiaconcursos.com.br\/blog\/edital-estrategico-pm-ce\/#primaryimage","url":"https:\/\/dhg1h5j42swfq.cloudfront.net\/2021\/04\/30151013\/edital-estrategico.jpg","contentUrl":"https:\/\/dhg1h5j42swfq.cloudfront.net\/2021\/04\/30151013\/edital-estrategico.jpg","width":1200,"height":628,"caption":"edital estrat\u00e9gico"},{"@type":"BreadcrumbList","@id":"https:\/\/www.estrategiaconcursos.com.br\/blog\/edital-estrategico-pm-ce\/#breadcrumb","itemListElement":[{"@type":"ListItem","position":1,"name":"In\u00edcio","item":"https:\/\/www.estrategiaconcursos.com.br\/blog\/"},{"@type":"ListItem","position":2,"name":"Edital Estrat\u00e9gico PM CE: fortale\u00e7a sua prepara\u00e7\u00e3o!"}]},{"@type":"WebSite","@id":"https:\/\/www.estrategiaconcursos.com.br\/blog\/#website","url":"https:\/\/www.estrategiaconcursos.com.br\/blog\/","name":"Estrat\u00e9gia Concursos","description":"O blog da Estrat\u00e9gia Concursos traz not\u00edcias sobre concursos e artigos de professores oferecendo cursos para concursos (pdf + videaulas) no site.","publisher":{"@id":"https:\/\/www.estrategiaconcursos.com.br\/blog\/#organization"},"potentialAction":[{"@type":"SearchAction","target":{"@type":"EntryPoint","urlTemplate":"https:\/\/www.estrategiaconcursos.com.br\/blog\/?s={search_term_string}"},"query-input":{"@type":"PropertyValueSpecification","valueRequired":true,"valueName":"search_term_string"}}],"inLanguage":"pt-BR"},{"@type":"Organization","@id":"https:\/\/www.estrategiaconcursos.com.br\/blog\/#organization","name":"Estrat\u00e9gia Concursos","url":"https:\/\/www.estrategiaconcursos.com.br\/blog\/","logo":{"@type":"ImageObject","inLanguage":"pt-BR","@id":"https:\/\/www.estrategiaconcursos.com.br\/blog\/#\/schema\/logo\/image\/","url":"https:\/\/dhg1h5j42swfq.cloudfront.net\/2025\/06\/03203428\/logo_concursos-1.jpg","contentUrl":"https:\/\/dhg1h5j42swfq.cloudfront.net\/2025\/06\/03203428\/logo_concursos-1.jpg","width":230,"height":60,"caption":"Estrat\u00e9gia Concursos"},"image":{"@id":"https:\/\/www.estrategiaconcursos.com.br\/blog\/#\/schema\/logo\/image\/"},"sameAs":["https:\/\/x.com\/EstratConcursos"]},{"@type":"Person","@id":"https:\/\/www.estrategiaconcursos.com.br\/blog\/#\/schema\/person\/e75352021ea7f60781c599934f916eb1","name":"Rafaela Teixeira","image":{"@type":"ImageObject","inLanguage":"pt-BR","@id":"https:\/\/secure.gravatar.com\/avatar\/8a349a2b22039b1ee88fc06461487c950fd6aa411ea8af8633314b43334ae793?s=96&d=mm&r=g","url":"https:\/\/secure.gravatar.com\/avatar\/8a349a2b22039b1ee88fc06461487c950fd6aa411ea8af8633314b43334ae793?s=96&d=mm&r=g","contentUrl":"https:\/\/secure.gravatar.com\/avatar\/8a349a2b22039b1ee88fc06461487c950fd6aa411ea8af8633314b43334ae793?s=96&d=mm&r=g","caption":"Rafaela Teixeira"},"description":"Rafaela Teixeira \u00e9 advogada conveniada \u00e0 Defensoria P\u00fablica de S\u00e3o Paulo pela OAB, com experi\u00eancia em reda\u00e7\u00e3o jur\u00eddica e atua\u00e7\u00e3o em institui\u00e7\u00f5es p\u00fablicas, incluindo est\u00e1gio no TRE-SP. Possui mais de 7 anos de experi\u00eancia na produ\u00e7\u00e3o de conte\u00fados voltados ao nicho de concursos p\u00fablicos, com foco em apura\u00e7\u00e3o jornal\u00edstica cont\u00ednua, an\u00e1lise de editais e obten\u00e7\u00e3o de informa\u00e7\u00f5es diretamente junto a \u00f3rg\u00e3os e fontes oficiais. No Blog do Estrat\u00e9gia Concursos, atua como Analista de Conte\u00fado S\u00eanior, respons\u00e1vel pelo jornalismo do per\u00edodo noturno e da madrugada, com atua\u00e7\u00e3o transversal na cobertura de concursos p\u00fablicos, garantindo a continuidade, fluidez e confiabilidade das publica\u00e7\u00f5es e dos bastidores dos certames.","url":"https:\/\/www.estrategiaconcursos.com.br\/blog\/author\/rafaela-teixeira\/"}]}},"_links":{"self":[{"href":"https:\/\/www.estrategiaconcursos.com.br\/blog\/wp-json\/wp\/v2\/posts\/1108244","targetHints":{"allow":["GET"]}}],"collection":[{"href":"https:\/\/www.estrategiaconcursos.com.br\/blog\/wp-json\/wp\/v2\/posts"}],"about":[{"href":"https:\/\/www.estrategiaconcursos.com.br\/blog\/wp-json\/wp\/v2\/types\/post"}],"author":[{"embeddable":true,"href":"https:\/\/www.estrategiaconcursos.com.br\/blog\/wp-json\/wp\/v2\/users\/2134"}],"replies":[{"embeddable":true,"href":"https:\/\/www.estrategiaconcursos.com.br\/blog\/wp-json\/wp\/v2\/comments?post=1108244"}],"version-history":[{"count":11,"href":"https:\/\/www.estrategiaconcursos.com.br\/blog\/wp-json\/wp\/v2\/posts\/1108244\/revisions"}],"predecessor-version":[{"id":1108694,"href":"https:\/\/www.estrategiaconcursos.com.br\/blog\/wp-json\/wp\/v2\/posts\/1108244\/revisions\/1108694"}],"wp:featuredmedia":[{"embeddable":true,"href":"https:\/\/www.estrategiaconcursos.com.br\/blog\/wp-json\/wp\/v2\/media\/728202"}],"wp:attachment":[{"href":"https:\/\/www.estrategiaconcursos.com.br\/blog\/wp-json\/wp\/v2\/media?parent=1108244"}],"wp:term":[{"taxonomy":"category","embeddable":true,"href":"https:\/\/www.estrategiaconcursos.com.br\/blog\/wp-json\/wp\/v2\/categories?post=1108244"},{"taxonomy":"post_tag","embeddable":true,"href":"https:\/\/www.estrategiaconcursos.com.br\/blog\/wp-json\/wp\/v2\/tags?post=1108244"},{"taxonomy":"tax_estado","embeddable":true,"href":"https:\/\/www.estrategiaconcursos.com.br\/blog\/wp-json\/wp\/v2\/tax_estado?post=1108244"}],"curies":[{"name":"wp","href":"https:\/\/api.w.org\/{rel}","templated":true}]}}