{"id":1108243,"date":"2022-10-11T14:27:45","date_gmt":"2022-10-11T17:27:45","guid":{"rendered":"https:\/\/www.estrategiaconcursos.com.br\/blog\/?p=1108243"},"modified":"2022-12-01T16:33:48","modified_gmt":"2022-12-01T19:33:48","slug":"concurso-receita-federal-datas-de-prova","status":"publish","type":"post","link":"https:\/\/www.estrategiaconcursos.com.br\/blog\/concurso-receita-federal-datas-de-prova\/","title":{"rendered":"Concurso Receita Federal: confira as poss\u00edveis datas de prova"},"content":{"rendered":"\n<p>H\u00e1 alguns meses os concurseiros seguem na expectativa para a publica\u00e7\u00e3o do <a href=\"https:\/\/www.estrategiaconcursos.com.br\/cursosPorConcurso\/receita-federal-auditor-fiscal-7\/\" target=\"_blank\" rel=\"noreferrer noopener\">edital do concurso da Receita Federal<\/a> e a <strong>revela\u00e7\u00e3o das datas <\/strong>de aplica\u00e7\u00e3o das provas. A cada dia que passa, o cronograma previsto para 2022 fica mais apertado.<\/p>\n\n\n\n<p>Vale lembrar que a previs\u00e3o inicial \u00e9 de <strong>aplica\u00e7\u00e3o das provas ainda este ano<\/strong>, com intervalo m\u00ednimo de 2 meses entre a publica\u00e7\u00e3o do edital e a primeira avalia\u00e7\u00e3o. Para que isso seja poss\u00edvel, o edital deve ser publicado, no m\u00e1ximo, at\u00e9 amanh\u00e3 (12). Entenda!<\/p>\n\n\n\n<h2 class=\"wp-block-heading\">Datas previstas para aplica\u00e7\u00e3o das provas do concurso da Receita Federal<\/h2>\n\n\n\n<h3 class=\"wp-block-heading\">10 e 11 de dezembro:<\/h3>\n\n\n\n<p><strong>Se o edital for publicado entre hoje e amanh\u00e3<\/strong>, ainda ser\u00e1 poss\u00edvel a realiza\u00e7\u00e3o das provas nos dias 10 e 11 de dezembro, respeitando o intervalo m\u00ednimo de 60 dias. Mas se houver um s\u00f3 dia de atraso, essa data j\u00e1 fica descartada.<\/p>\n\n\n\n<h3 class=\"wp-block-heading\">17 e 18 de dezembro:<\/h3>\n\n\n\n<p>Se o edital for publicado <strong>at\u00e9 o dia 18 de outubro<\/strong> (pr\u00f3xima semana), as provas poder\u00e3o ser realizadas nos dias <strong>17 e<\/strong> <strong>18 de dezembro<\/strong>. Mas a\u00ed vem um grande empecilho log\u00edstico: a <strong>Final da Copa do Mundo<\/strong> (ser\u00e1 que o hexa vem?).<\/p>\n\n\n\n<p>Justamente por esse motivo, a <strong>Funda\u00e7\u00e3o Get\u00falio Vargas <\/strong>chegou a alterar o cronograma do concurso Sefaz MG, conforme <a href=\"https:\/\/www.estrategiaconcursos.com.br\/blog\/concurso-sefaz-mg-entenda-o-adiamento-das-provas\/\" target=\"_blank\" rel=\"noreferrer noopener\">divulgamos alguns meses atr\u00e1s<\/a>. Como a FGV \u00e9 a organizadora de ambas as sele\u00e7\u00f5es, \u00e9 poss\u00edvel que essa data tamb\u00e9m seja <strong>descartada <\/strong>para um certame de grande porte como o da Receita.<\/p>\n\n\n\n<p>Al\u00e9m disso, os pr\u00f3ximos dois finais de semana caem durante as festividades de Natal e Ano Novo, o que, automaticamente, tamb\u00e9m <strong>elimina os dias 25 de dezembro e 1\u00ba de janeiro<\/strong>.<\/p>\n\n\n\n<h3 class=\"wp-block-heading\">Janeiro de 2023:<\/h3>\n\n\n\n<p>Passando o Ano Novo, temos os dias <strong>07 e 08 de janeiro<\/strong>, com o domingo j\u00e1 reservado para a primeira etapa do <a href=\"https:\/\/www.estrategiaconcursos.com.br\/blog\/concurso-sefaz-mg\/\" target=\"_blank\" rel=\"noreferrer noopener\">concurso Sefaz MG<\/a>. Conforme mencionado acima, a sele\u00e7\u00e3o \u00e9 organizada pela <a href=\"https:\/\/conhecimento.fgv.br\/concursos\/sefmg22\" target=\"_blank\" rel=\"noreferrer noopener\">FGV<\/a>, que n\u00e3o deve marcar dois importantes concursos fiscais para o mesmo dia.<\/p>\n\n\n\n<p>Assim, temos como poss\u00edveis datas para as provas do concurso da Receita Federal, os finais de semana dos dias <span style=\"text-decoration: underline;\">14 e 15<\/span>, <span style=\"text-decoration: underline;\">21 e 22<\/span> e <span style=\"text-decoration: underline;\">28 e 29 de janeiro<\/span> de 2023.<\/p>\n\n\n<div id=\"polls-357\" class=\"wp-polls\">\n\t<form id=\"polls_form_357\" class=\"wp-polls-form\" action=\"\/blog\/index.php\" method=\"post\">\n\t\t<p style=\"display: none;\"><input type=\"hidden\" id=\"poll_357_nonce\" name=\"wp-polls-nonce\" value=\"6841459265\" \/><\/p>\n\t\t<p style=\"display: none;\"><input type=\"hidden\" name=\"poll_id\" value=\"357\" \/><\/p>\n\t\t<p><strong>Qual a sua aposta para as provas da Receita Federal?<\/strong><\/p><div id=\"polls-357-ans\" class=\"wp-polls-ans\"><ul class=\"wp-polls-ul\">\n\t\t<li><input type=\"radio\" id=\"poll-answer-1343\" name=\"poll_357\" value=\"1343\" \/> <label for=\"poll-answer-1343\">Dia 11 de dezembro, bem no limite<\/label><\/li>\n\t\t<li><input type=\"radio\" id=\"poll-answer-1344\" name=\"poll_357\" value=\"1344\" \/> <label for=\"poll-answer-1344\">Dia 18 de dezembro, comemorando o hexa na sala de prova<\/label><\/li>\n\t\t<li><input type=\"radio\" id=\"poll-answer-1345\" name=\"poll_357\" value=\"1345\" \/> <label for=\"poll-answer-1345\">No mesmo dia da Sefaz MG (08) para fazer a gente escolher um dos dois<\/label><\/li>\n\t\t<li><input type=\"radio\" id=\"poll-answer-1346\" name=\"poll_357\" value=\"1346\" \/> <label for=\"poll-answer-1346\">Vai ser em janeiro, mas depois da Sefaz MG<\/label><\/li>\n\t\t<\/ul><p style=\"text-align: center\"><input type=\"button\" name=\"vote\" value=\"   Voto   \" class=\"Buttons\" onclick=\"poll_vote(357);\" \/><\/p><p style=\"text-align: center\"><a href=\"#ViewPollResults\" onclick=\"poll_result(357); return false;\" title=\"Veja resultados desta pesquisa\">Ver resultados<\/a><\/p><\/div>\n\t<\/form>\n<\/div>\n<div id=\"polls-357-loading\" class=\"wp-polls-loading\"><img loading=\"lazy\" decoding=\"async\" src=\"https:\/\/www.estrategiaconcursos.com.br\/blog\/wp-content\/plugins\/wp-polls\/images\/loading.gif\" width=\"16\" height=\"16\" alt=\"Carregando ...\" title=\"Carregando ...\" class=\"wp-polls-image\" \/>&nbsp;Carregando ...<\/div>\n\n\n\n\n<h3 class=\"wp-block-heading\">Outros concursos fiscais com provas marcadas:<\/h3>\n\n\n\n<p>Com essas mesmas informa\u00e7\u00f5es, tamb\u00e9m conseguimos ter uma no\u00e7\u00e3o acerca das provas do <a href=\"https:\/\/www.estrategiaconcursos.com.br\/blog\/concurso-sefaz-pe\/\" target=\"_blank\" rel=\"noreferrer noopener\">concurso Sefaz PE<\/a>, que <strong>pode ser publicado a qualquer momento <\/strong>e tamb\u00e9m prev\u00ea provas em at\u00e9 60 dias ap\u00f3s o edital. Entretanto, vale lembrar que nesse caso a organizadora \u00e9 outra, a <strong>Funda\u00e7\u00e3o Carlos Chagas<\/strong>.<\/p>\n\n\n\n<ul class=\"wp-block-list\"><li><strong><a href=\"https:\/\/www.estrategiaconcursos.com.br\/blog\/concurso-sefaz-pe\/\" target=\"_blank\" rel=\"noreferrer noopener\">Sefaz PE<\/a> <\/strong>[FCC] &#8211; provas inicialmente previstas para dezembro\/2022<\/li><li><strong><a href=\"https:\/\/www.estrategiaconcursos.com.br\/blog\/concurso-sefaz-rr\/\" target=\"_blank\" rel=\"noreferrer noopener\">Sefaz RR<\/a> <\/strong>[IDECAN] &#8211; 11 de dezembro\/2022<\/li><li><strong><a href=\"https:\/\/www.estrategiaconcursos.com.br\/blog\/concurso-sefaz-mg\/\" target=\"_blank\" rel=\"noreferrer noopener\">Sefaz MG<\/a> <\/strong>[FGV] &#8211; 08 de janeiro\/2023 (Objetiva)<\/li><li><strong>Sefaz MG <\/strong>[FGV] &#8211; 19 de mar\u00e7o\/2023 (Discursiva)<\/li><\/ul>\n\n\n\n<figure class=\"wp-block-image aligncenter size-large is-resized\"><img loading=\"lazy\" decoding=\"async\" src=\"https:\/\/dhg1h5j42swfq.cloudfront.net\/2020\/09\/18141901\/Coruja_Concursos%404x-506x1024.png\" alt=\"Concurso Receita Federal: confira as poss\u00edveis datas de prova\" class=\"wp-image-574355\" width=\"32\" height=\"65\" srcset=\"https:\/\/dhg1h5j42swfq.cloudfront.net\/2020\/09\/18141901\/Coruja_Concursos%404x-506x1024.png 506w, https:\/\/dhg1h5j42swfq.cloudfront.net\/2020\/09\/18141901\/Coruja_Concursos%404x-148x300.png 148w, https:\/\/dhg1h5j42swfq.cloudfront.net\/2020\/09\/18141901\/Coruja_Concursos%404x-610x1236.png 610w, https:\/\/dhg1h5j42swfq.cloudfront.net\/2020\/09\/18141901\/Coruja_Concursos%404x.png 745w\" sizes=\"auto, (max-width: 32px) 100vw, 32px\" \/><\/figure>\n\n\n\n<p class=\"has-text-align-center\"><em>Para ficar por dentro de todas as informa\u00e7\u00f5es sobre os respectivos concursos, n\u00e3o deixe de conferir nossos artigos completos sobre as sele\u00e7\u00f5es:<\/em><\/p>\n\n\n\n<p class=\"has-text-align-center has-background has-medium-font-size\" style=\"background-color:#e1e4e8\"><strong>Mais informa\u00e7\u00f5es: <a href=\"https:\/\/www.estrategiaconcursos.com.br\/blog\/concurso-receita-federal\/\" target=\"_blank\" rel=\"noreferrer noopener\">Concurso RFB<\/a> | <a href=\"https:\/\/www.estrategiaconcursos.com.br\/blog\/concurso-sefaz-pe\/\" target=\"_blank\" rel=\"noreferrer noopener\">Concurso Sefaz Pernambuco<\/a><\/strong><\/p>\n\n\n\n<p class=\"has-text-align-center has-background has-medium-font-size\" style=\"background-color:#e1e4e8\"><strong>Veja tamb\u00e9m: <a href=\"https:\/\/www.estrategiaconcursos.com.br\/blog\/concursos-abertos-principais-provas-marcadas\/\" target=\"_blank\" rel=\"noreferrer noopener\">Principais provas nos pr\u00f3ximos meses<\/a><\/strong><\/p>\n\n\n\n<div class=\"container\" id=\"boxes\">\n  <div class=\"row\">\n\n    <div class=\"col-sm\">\n      <div class=\"banner-fiscal\" id=\"box-assinatura\">\n        <h3 class=\"titulo-assinatura\">Receita Federal<\/h3>\n        <p class=\"subtitulo-assinatura\">Conhe\u00e7a os cursos<\/p>\n        <div class=\"box-botao\">\n          <a class=\"btn-assinatura\" target=\"_blank\" href=\"https:\/\/www.estrategiaconcursos.com.br\/cursosPorConcurso\/receita-federal-auditor-fiscal-7\/\" role=\"button\" rel=\"noopener noreferrer\">Conhe\u00e7a mais<\/a>\n        <\/div>\n      <\/div>\n     \n    <\/div>\n\n  <\/div>\n<\/div>\n\n\n\n<div class=\"container\" id=\"boxes\">\n  <div class=\"row\">\n\n    <div class=\"col-sm\">\n      <div class=\"banner-estrategia\" id=\"box-assinatura\">\n        <h3 class=\"titulo-assinatura\">Concurso Sefaz PE<\/h3>\n        <p class=\"subtitulo-assinatura\">Conhe\u00e7a os cursos<\/p>\n        <div class=\"box-botao\">\n          <a class=\"btn-assinatura\" target=\"_blank\" href=\"https:\/\/www.estrategiaconcursos.com.br\/cursosPorConcurso\/sefaz-pe-ou-icms-pe-285\/\" role=\"button\" rel=\"noopener noreferrer\">Conhe\u00e7a mais<\/a>\n        <\/div>\n      <\/div>\n     \n    <\/div>\n\n  <\/div>\n<\/div>\n\n\n\n<div class=\"container\" id=\"boxes\">\n  <div class=\"row\">\n\n    <div class=\"col-sm\">\n      <div class=\"estrategia\" id=\"box-assinatura\">\n        <h3 class=\"titulo-assinatura\">Assinatura Concursos<\/h3>\n        <p class=\"subtitulo-assinatura\">Assinatura de 1 ano ou 2 anos<\/p>\n        <div class=\"box-botao\">\n          <a class=\"btn-assinatura\" target=\"_blank\" href=\"https:\/\/www.estrategiaconcursos.com.br\/assinaturas\/\" role=\"button\" rel=\"noopener noreferrer\">ASSINE AGORA<\/a>\n        <\/div>\n      <\/div><\/div><\/div><\/div>\n\n\n\n<h2 class=\"has-text-align-center wp-block-heading\" id=\"cursos\">Quer saber tudo sobre concursos previstos? <br \/>Confira nossos artigos!<\/h2>\n\n\n\n<ul class=\"wp-block-list\"><li><a href=\"https:\/\/www.estrategiaconcursos.com.br\/blog\/concursos-abertos\/\" target=\"_blank\" rel=\"noreferrer noopener\">Concursos Abertos<\/a><\/li><li><a href=\"https:\/\/www.estrategiaconcursos.com.br\/blog\/concursos-fiscais-2022\/\" target=\"_blank\" rel=\"noreferrer noopener\">Concursos Fiscais<\/a><\/li><li><a href=\"https:\/\/www.estrategiaconcursos.com.br\/blog\/concursos-2022\/\" target=\"_blank\" rel=\"noreferrer noopener\">Concursos 2022<\/a><\/li><li><a href=\"https:\/\/www.estrategiaconcursos.com.br\/blog\/concursos-2023\/\" target=\"_blank\" rel=\"noreferrer noopener\">Concursos 2023<\/a><\/li><\/ul>\n","protected":false},"excerpt":{"rendered":"<p>H\u00e1 alguns meses os concurseiros seguem na expectativa para a publica\u00e7\u00e3o do edital do concurso da Receita Federal e a revela\u00e7\u00e3o das datas de aplica\u00e7\u00e3o das provas. A cada dia que passa, o cronograma previsto para 2022 fica mais apertado. Vale lembrar que a previs\u00e3o inicial \u00e9 de aplica\u00e7\u00e3o das provas ainda este ano, com [&hellip;]<\/p>\n","protected":false},"author":659,"featured_media":1098399,"comment_status":"open","ping_status":"closed","sticky":false,"template":"","format":"standard","meta":{"post_tipo":"news","footnotes":""},"categories":[1983,220182,220219],"tags":[],"tax_estado":[219963,219979],"class_list":["post-1108243","post","type-post","status-publish","format-standard","has-post-thumbnail","hentry","category-fiscal-estadual","category-fiscal-federal","category-noticias","tax_estado-concursos-federais","tax_estado-pe"],"acf":[],"yoast_head":"<!-- This site is optimized with the Yoast SEO Premium plugin v27.2 (Yoast SEO v27.2) - https:\/\/yoast.com\/product\/yoast-seo-premium-wordpress\/ -->\n<title>Concurso Receita Federal: confira as poss\u00edveis datas de prova<\/title>\n<meta name=\"description\" content=\"Concurso Receita Federal: com edital podendo ser publicado a qualquer momento, veja quais as poss\u00edveis datas de prova para o certame.\" \/>\n<meta name=\"robots\" content=\"index, follow, max-snippet:-1, max-image-preview:large, max-video-preview:-1\" \/>\n<link rel=\"canonical\" href=\"https:\/\/www.estrategiaconcursos.com.br\/blog\/concurso-receita-federal-datas-de-prova\/\" \/>\n<meta property=\"og:locale\" content=\"pt_BR\" \/>\n<meta property=\"og:type\" content=\"article\" \/>\n<meta property=\"og:title\" content=\"Concurso Receita Federal: confira as poss\u00edveis datas de prova\" \/>\n<meta property=\"og:description\" content=\"Concurso Receita Federal: com edital podendo ser publicado a qualquer momento, veja quais as poss\u00edveis datas de prova para o certame.\" \/>\n<meta property=\"og:url\" content=\"https:\/\/www.estrategiaconcursos.com.br\/blog\/concurso-receita-federal-datas-de-prova\/\" \/>\n<meta property=\"og:site_name\" content=\"Estrat\u00e9gia Concursos\" \/>\n<meta property=\"article:published_time\" content=\"2022-10-11T17:27:45+00:00\" \/>\n<meta property=\"article:modified_time\" content=\"2022-12-01T19:33:48+00:00\" \/>\n<meta property=\"og:image\" content=\"https:\/\/dhg1h5j42swfq.cloudfront.net\/2022\/09\/21164134\/concursos-fiscais-1024x536-1.jpg\" \/>\n\t<meta property=\"og:image:width\" content=\"1024\" \/>\n\t<meta property=\"og:image:height\" content=\"536\" \/>\n\t<meta property=\"og:image:type\" content=\"image\/jpeg\" \/>\n<meta name=\"author\" content=\"Camila Leite\" \/>\n<meta name=\"twitter:card\" content=\"summary_large_image\" \/>\n<meta name=\"twitter:creator\" content=\"@EstratConcursos\" \/>\n<meta name=\"twitter:site\" content=\"@EstratConcursos\" \/>\n<meta name=\"twitter:label1\" content=\"Escrito por\" \/>\n\t<meta name=\"twitter:data1\" content=\"Camila Leite\" \/>\n\t<meta name=\"twitter:label2\" content=\"Est. tempo de leitura\" \/>\n\t<meta name=\"twitter:data2\" content=\"3 minutos\" \/>\n<script type=\"application\/ld+json\" class=\"yoast-schema-graph\">{\"@context\":\"https:\/\/schema.org\",\"@graph\":[{\"@type\":\"NewsArticle\",\"@id\":\"https:\/\/www.estrategiaconcursos.com.br\/blog\/concurso-receita-federal-datas-de-prova\/#article\",\"isPartOf\":{\"@id\":\"https:\/\/www.estrategiaconcursos.com.br\/blog\/concurso-receita-federal-datas-de-prova\/\"},\"author\":{\"name\":\"Camila Leite\",\"@id\":\"https:\/\/www.estrategiaconcursos.com.br\/blog\/#\/schema\/person\/84ecdc6eb58d3cf1689bf76c5cd8fb38\"},\"headline\":\"Concurso Receita Federal: confira as poss\u00edveis datas de prova\",\"datePublished\":\"2022-10-11T17:27:45+00:00\",\"dateModified\":\"2022-12-01T19:33:48+00:00\",\"mainEntityOfPage\":{\"@id\":\"https:\/\/www.estrategiaconcursos.com.br\/blog\/concurso-receita-federal-datas-de-prova\/\"},\"wordCount\":540,\"commentCount\":0,\"publisher\":{\"@id\":\"https:\/\/www.estrategiaconcursos.com.br\/blog\/#organization\"},\"image\":{\"@id\":\"https:\/\/www.estrategiaconcursos.com.br\/blog\/concurso-receita-federal-datas-de-prova\/#primaryimage\"},\"thumbnailUrl\":\"https:\/\/dhg1h5j42swfq.cloudfront.net\/2022\/09\/21164134\/concursos-fiscais-1024x536-1.jpg\",\"articleSection\":[\"Fiscal - Estadual (ICMS)\",\"Fiscal - Federal (RFB e AFT)\",\"\u00daltimas not\u00edcias\"],\"inLanguage\":\"pt-BR\",\"potentialAction\":[{\"@type\":\"CommentAction\",\"name\":\"Comment\",\"target\":[\"https:\/\/www.estrategiaconcursos.com.br\/blog\/concurso-receita-federal-datas-de-prova\/#respond\"]}],\"copyrightYear\":\"2022\",\"copyrightHolder\":{\"@id\":\"https:\/\/www.estrategiaconcursos.com.br\/blog\/#organization\"}},{\"@type\":\"WebPage\",\"@id\":\"https:\/\/www.estrategiaconcursos.com.br\/blog\/concurso-receita-federal-datas-de-prova\/\",\"url\":\"https:\/\/www.estrategiaconcursos.com.br\/blog\/concurso-receita-federal-datas-de-prova\/\",\"name\":\"Concurso Receita Federal: confira as poss\u00edveis datas de prova\",\"isPartOf\":{\"@id\":\"https:\/\/www.estrategiaconcursos.com.br\/blog\/#website\"},\"primaryImageOfPage\":{\"@id\":\"https:\/\/www.estrategiaconcursos.com.br\/blog\/concurso-receita-federal-datas-de-prova\/#primaryimage\"},\"image\":{\"@id\":\"https:\/\/www.estrategiaconcursos.com.br\/blog\/concurso-receita-federal-datas-de-prova\/#primaryimage\"},\"thumbnailUrl\":\"https:\/\/dhg1h5j42swfq.cloudfront.net\/2022\/09\/21164134\/concursos-fiscais-1024x536-1.jpg\",\"datePublished\":\"2022-10-11T17:27:45+00:00\",\"dateModified\":\"2022-12-01T19:33:48+00:00\",\"description\":\"Concurso Receita Federal: com edital podendo ser publicado a qualquer momento, veja quais as poss\u00edveis datas de prova para o certame.\",\"breadcrumb\":{\"@id\":\"https:\/\/www.estrategiaconcursos.com.br\/blog\/concurso-receita-federal-datas-de-prova\/#breadcrumb\"},\"inLanguage\":\"pt-BR\",\"potentialAction\":[{\"@type\":\"ReadAction\",\"target\":[\"https:\/\/www.estrategiaconcursos.com.br\/blog\/concurso-receita-federal-datas-de-prova\/\"]}]},{\"@type\":\"ImageObject\",\"inLanguage\":\"pt-BR\",\"@id\":\"https:\/\/www.estrategiaconcursos.com.br\/blog\/concurso-receita-federal-datas-de-prova\/#primaryimage\",\"url\":\"https:\/\/dhg1h5j42swfq.cloudfront.net\/2022\/09\/21164134\/concursos-fiscais-1024x536-1.jpg\",\"contentUrl\":\"https:\/\/dhg1h5j42swfq.cloudfront.net\/2022\/09\/21164134\/concursos-fiscais-1024x536-1.jpg\",\"width\":1024,\"height\":536,\"caption\":\"Concurso ISS Franco da Rocha\"},{\"@type\":\"BreadcrumbList\",\"@id\":\"https:\/\/www.estrategiaconcursos.com.br\/blog\/concurso-receita-federal-datas-de-prova\/#breadcrumb\",\"itemListElement\":[{\"@type\":\"ListItem\",\"position\":1,\"name\":\"In\u00edcio\",\"item\":\"https:\/\/www.estrategiaconcursos.com.br\/blog\/\"},{\"@type\":\"ListItem\",\"position\":2,\"name\":\"Concurso Receita Federal: confira as poss\u00edveis datas de prova\"}]},{\"@type\":\"WebSite\",\"@id\":\"https:\/\/www.estrategiaconcursos.com.br\/blog\/#website\",\"url\":\"https:\/\/www.estrategiaconcursos.com.br\/blog\/\",\"name\":\"Estrat\u00e9gia Concursos\",\"description\":\"O blog da Estrat\u00e9gia Concursos traz not\u00edcias sobre concursos e artigos de professores oferecendo cursos para concursos (pdf + videaulas) no site.\",\"publisher\":{\"@id\":\"https:\/\/www.estrategiaconcursos.com.br\/blog\/#organization\"},\"potentialAction\":[{\"@type\":\"SearchAction\",\"target\":{\"@type\":\"EntryPoint\",\"urlTemplate\":\"https:\/\/www.estrategiaconcursos.com.br\/blog\/?s={search_term_string}\"},\"query-input\":{\"@type\":\"PropertyValueSpecification\",\"valueRequired\":true,\"valueName\":\"search_term_string\"}}],\"inLanguage\":\"pt-BR\"},{\"@type\":\"Organization\",\"@id\":\"https:\/\/www.estrategiaconcursos.com.br\/blog\/#organization\",\"name\":\"Estrat\u00e9gia Concursos\",\"url\":\"https:\/\/www.estrategiaconcursos.com.br\/blog\/\",\"logo\":{\"@type\":\"ImageObject\",\"inLanguage\":\"pt-BR\",\"@id\":\"https:\/\/www.estrategiaconcursos.com.br\/blog\/#\/schema\/logo\/image\/\",\"url\":\"https:\/\/dhg1h5j42swfq.cloudfront.net\/2025\/06\/03203428\/logo_concursos-1.jpg\",\"contentUrl\":\"https:\/\/dhg1h5j42swfq.cloudfront.net\/2025\/06\/03203428\/logo_concursos-1.jpg\",\"width\":230,\"height\":60,\"caption\":\"Estrat\u00e9gia Concursos\"},\"image\":{\"@id\":\"https:\/\/www.estrategiaconcursos.com.br\/blog\/#\/schema\/logo\/image\/\"},\"sameAs\":[\"https:\/\/x.com\/EstratConcursos\"]},{\"@type\":\"Person\",\"@id\":\"https:\/\/www.estrategiaconcursos.com.br\/blog\/#\/schema\/person\/84ecdc6eb58d3cf1689bf76c5cd8fb38\",\"name\":\"Camila Leite\",\"image\":{\"@type\":\"ImageObject\",\"inLanguage\":\"pt-BR\",\"@id\":\"https:\/\/secure.gravatar.com\/avatar\/f2f8faef639c8a2bfb7fb909912a56917f4c3a0aed064500168e2fb8ea55cf61?s=96&d=mm&r=g\",\"url\":\"https:\/\/secure.gravatar.com\/avatar\/f2f8faef639c8a2bfb7fb909912a56917f4c3a0aed064500168e2fb8ea55cf61?s=96&d=mm&r=g\",\"contentUrl\":\"https:\/\/secure.gravatar.com\/avatar\/f2f8faef639c8a2bfb7fb909912a56917f4c3a0aed064500168e2fb8ea55cf61?s=96&d=mm&r=g\",\"caption\":\"Camila Leite\"},\"description\":\"Formada em Design Gr\u00e1fico e em Propaganda e Marketing pela UNIP, integra a equipe de jornalismo do Estrat\u00e9gia Concursos desde 2018. Ao longo dos anos, construiu uma s\u00f3lida experi\u00eancia na produ\u00e7\u00e3o de conte\u00fado informativo e relevante para concurseiros. Desde 2020, atua na cobertura das \u00e1reas Fiscal \u2014 com \u00eanfase nas Secretarias de Fazenda (Sefaz) das regi\u00f5es Sul e Sudeste \u2014, al\u00e9m da cobertura de concursos federais, como CNU, Petrobras, CGU, Receita Federal, ag\u00eancias reguladoras (Anvisa, ANAC, entre outras) e INSS. Mant\u00e9m contato direto com os principais \u00f3rg\u00e3os p\u00fablicos, acompanhando editais, atualiza\u00e7\u00f5es e movimenta\u00e7\u00f5es importantes para os candidatos.\",\"sameAs\":[\"https:\/\/www.linkedin.com\/in\/camila-pinheiro-leite-9ba135b6\/\"],\"url\":\"https:\/\/www.estrategiaconcursos.com.br\/blog\/author\/camila-leiteestrategiaconcursos-com-br\/\"}]}<\/script>\n<!-- \/ Yoast SEO Premium plugin. -->","yoast_head_json":{"title":"Concurso Receita Federal: confira as poss\u00edveis datas de prova","description":"Concurso Receita Federal: com edital podendo ser publicado a qualquer momento, veja quais as poss\u00edveis datas de prova para o certame.","robots":{"index":"index","follow":"follow","max-snippet":"max-snippet:-1","max-image-preview":"max-image-preview:large","max-video-preview":"max-video-preview:-1"},"canonical":"https:\/\/www.estrategiaconcursos.com.br\/blog\/concurso-receita-federal-datas-de-prova\/","og_locale":"pt_BR","og_type":"article","og_title":"Concurso Receita Federal: confira as poss\u00edveis datas de prova","og_description":"Concurso Receita Federal: com edital podendo ser publicado a qualquer momento, veja quais as poss\u00edveis datas de prova para o certame.","og_url":"https:\/\/www.estrategiaconcursos.com.br\/blog\/concurso-receita-federal-datas-de-prova\/","og_site_name":"Estrat\u00e9gia Concursos","article_published_time":"2022-10-11T17:27:45+00:00","article_modified_time":"2022-12-01T19:33:48+00:00","og_image":[{"width":1024,"height":536,"url":"https:\/\/dhg1h5j42swfq.cloudfront.net\/2022\/09\/21164134\/concursos-fiscais-1024x536-1.jpg","type":"image\/jpeg"}],"author":"Camila Leite","twitter_card":"summary_large_image","twitter_creator":"@EstratConcursos","twitter_site":"@EstratConcursos","twitter_misc":{"Escrito por":"Camila Leite","Est. tempo de leitura":"3 minutos"},"schema":{"@context":"https:\/\/schema.org","@graph":[{"@type":"NewsArticle","@id":"https:\/\/www.estrategiaconcursos.com.br\/blog\/concurso-receita-federal-datas-de-prova\/#article","isPartOf":{"@id":"https:\/\/www.estrategiaconcursos.com.br\/blog\/concurso-receita-federal-datas-de-prova\/"},"author":{"name":"Camila Leite","@id":"https:\/\/www.estrategiaconcursos.com.br\/blog\/#\/schema\/person\/84ecdc6eb58d3cf1689bf76c5cd8fb38"},"headline":"Concurso Receita Federal: confira as poss\u00edveis datas de prova","datePublished":"2022-10-11T17:27:45+00:00","dateModified":"2022-12-01T19:33:48+00:00","mainEntityOfPage":{"@id":"https:\/\/www.estrategiaconcursos.com.br\/blog\/concurso-receita-federal-datas-de-prova\/"},"wordCount":540,"commentCount":0,"publisher":{"@id":"https:\/\/www.estrategiaconcursos.com.br\/blog\/#organization"},"image":{"@id":"https:\/\/www.estrategiaconcursos.com.br\/blog\/concurso-receita-federal-datas-de-prova\/#primaryimage"},"thumbnailUrl":"https:\/\/dhg1h5j42swfq.cloudfront.net\/2022\/09\/21164134\/concursos-fiscais-1024x536-1.jpg","articleSection":["Fiscal - Estadual (ICMS)","Fiscal - Federal (RFB e AFT)","\u00daltimas not\u00edcias"],"inLanguage":"pt-BR","potentialAction":[{"@type":"CommentAction","name":"Comment","target":["https:\/\/www.estrategiaconcursos.com.br\/blog\/concurso-receita-federal-datas-de-prova\/#respond"]}],"copyrightYear":"2022","copyrightHolder":{"@id":"https:\/\/www.estrategiaconcursos.com.br\/blog\/#organization"}},{"@type":"WebPage","@id":"https:\/\/www.estrategiaconcursos.com.br\/blog\/concurso-receita-federal-datas-de-prova\/","url":"https:\/\/www.estrategiaconcursos.com.br\/blog\/concurso-receita-federal-datas-de-prova\/","name":"Concurso Receita Federal: confira as poss\u00edveis datas de prova","isPartOf":{"@id":"https:\/\/www.estrategiaconcursos.com.br\/blog\/#website"},"primaryImageOfPage":{"@id":"https:\/\/www.estrategiaconcursos.com.br\/blog\/concurso-receita-federal-datas-de-prova\/#primaryimage"},"image":{"@id":"https:\/\/www.estrategiaconcursos.com.br\/blog\/concurso-receita-federal-datas-de-prova\/#primaryimage"},"thumbnailUrl":"https:\/\/dhg1h5j42swfq.cloudfront.net\/2022\/09\/21164134\/concursos-fiscais-1024x536-1.jpg","datePublished":"2022-10-11T17:27:45+00:00","dateModified":"2022-12-01T19:33:48+00:00","description":"Concurso Receita Federal: com edital podendo ser publicado a qualquer momento, veja quais as poss\u00edveis datas de prova para o certame.","breadcrumb":{"@id":"https:\/\/www.estrategiaconcursos.com.br\/blog\/concurso-receita-federal-datas-de-prova\/#breadcrumb"},"inLanguage":"pt-BR","potentialAction":[{"@type":"ReadAction","target":["https:\/\/www.estrategiaconcursos.com.br\/blog\/concurso-receita-federal-datas-de-prova\/"]}]},{"@type":"ImageObject","inLanguage":"pt-BR","@id":"https:\/\/www.estrategiaconcursos.com.br\/blog\/concurso-receita-federal-datas-de-prova\/#primaryimage","url":"https:\/\/dhg1h5j42swfq.cloudfront.net\/2022\/09\/21164134\/concursos-fiscais-1024x536-1.jpg","contentUrl":"https:\/\/dhg1h5j42swfq.cloudfront.net\/2022\/09\/21164134\/concursos-fiscais-1024x536-1.jpg","width":1024,"height":536,"caption":"Concurso ISS Franco da Rocha"},{"@type":"BreadcrumbList","@id":"https:\/\/www.estrategiaconcursos.com.br\/blog\/concurso-receita-federal-datas-de-prova\/#breadcrumb","itemListElement":[{"@type":"ListItem","position":1,"name":"In\u00edcio","item":"https:\/\/www.estrategiaconcursos.com.br\/blog\/"},{"@type":"ListItem","position":2,"name":"Concurso Receita Federal: confira as poss\u00edveis datas de prova"}]},{"@type":"WebSite","@id":"https:\/\/www.estrategiaconcursos.com.br\/blog\/#website","url":"https:\/\/www.estrategiaconcursos.com.br\/blog\/","name":"Estrat\u00e9gia Concursos","description":"O blog da Estrat\u00e9gia Concursos traz not\u00edcias sobre concursos e artigos de professores oferecendo cursos para concursos (pdf + videaulas) no site.","publisher":{"@id":"https:\/\/www.estrategiaconcursos.com.br\/blog\/#organization"},"potentialAction":[{"@type":"SearchAction","target":{"@type":"EntryPoint","urlTemplate":"https:\/\/www.estrategiaconcursos.com.br\/blog\/?s={search_term_string}"},"query-input":{"@type":"PropertyValueSpecification","valueRequired":true,"valueName":"search_term_string"}}],"inLanguage":"pt-BR"},{"@type":"Organization","@id":"https:\/\/www.estrategiaconcursos.com.br\/blog\/#organization","name":"Estrat\u00e9gia Concursos","url":"https:\/\/www.estrategiaconcursos.com.br\/blog\/","logo":{"@type":"ImageObject","inLanguage":"pt-BR","@id":"https:\/\/www.estrategiaconcursos.com.br\/blog\/#\/schema\/logo\/image\/","url":"https:\/\/dhg1h5j42swfq.cloudfront.net\/2025\/06\/03203428\/logo_concursos-1.jpg","contentUrl":"https:\/\/dhg1h5j42swfq.cloudfront.net\/2025\/06\/03203428\/logo_concursos-1.jpg","width":230,"height":60,"caption":"Estrat\u00e9gia Concursos"},"image":{"@id":"https:\/\/www.estrategiaconcursos.com.br\/blog\/#\/schema\/logo\/image\/"},"sameAs":["https:\/\/x.com\/EstratConcursos"]},{"@type":"Person","@id":"https:\/\/www.estrategiaconcursos.com.br\/blog\/#\/schema\/person\/84ecdc6eb58d3cf1689bf76c5cd8fb38","name":"Camila Leite","image":{"@type":"ImageObject","inLanguage":"pt-BR","@id":"https:\/\/secure.gravatar.com\/avatar\/f2f8faef639c8a2bfb7fb909912a56917f4c3a0aed064500168e2fb8ea55cf61?s=96&d=mm&r=g","url":"https:\/\/secure.gravatar.com\/avatar\/f2f8faef639c8a2bfb7fb909912a56917f4c3a0aed064500168e2fb8ea55cf61?s=96&d=mm&r=g","contentUrl":"https:\/\/secure.gravatar.com\/avatar\/f2f8faef639c8a2bfb7fb909912a56917f4c3a0aed064500168e2fb8ea55cf61?s=96&d=mm&r=g","caption":"Camila Leite"},"description":"Formada em Design Gr\u00e1fico e em Propaganda e Marketing pela UNIP, integra a equipe de jornalismo do Estrat\u00e9gia Concursos desde 2018. Ao longo dos anos, construiu uma s\u00f3lida experi\u00eancia na produ\u00e7\u00e3o de conte\u00fado informativo e relevante para concurseiros. Desde 2020, atua na cobertura das \u00e1reas Fiscal \u2014 com \u00eanfase nas Secretarias de Fazenda (Sefaz) das regi\u00f5es Sul e Sudeste \u2014, al\u00e9m da cobertura de concursos federais, como CNU, Petrobras, CGU, Receita Federal, ag\u00eancias reguladoras (Anvisa, ANAC, entre outras) e INSS. Mant\u00e9m contato direto com os principais \u00f3rg\u00e3os p\u00fablicos, acompanhando editais, atualiza\u00e7\u00f5es e movimenta\u00e7\u00f5es importantes para os candidatos.","sameAs":["https:\/\/www.linkedin.com\/in\/camila-pinheiro-leite-9ba135b6\/"],"url":"https:\/\/www.estrategiaconcursos.com.br\/blog\/author\/camila-leiteestrategiaconcursos-com-br\/"}]}},"_links":{"self":[{"href":"https:\/\/www.estrategiaconcursos.com.br\/blog\/wp-json\/wp\/v2\/posts\/1108243","targetHints":{"allow":["GET"]}}],"collection":[{"href":"https:\/\/www.estrategiaconcursos.com.br\/blog\/wp-json\/wp\/v2\/posts"}],"about":[{"href":"https:\/\/www.estrategiaconcursos.com.br\/blog\/wp-json\/wp\/v2\/types\/post"}],"author":[{"embeddable":true,"href":"https:\/\/www.estrategiaconcursos.com.br\/blog\/wp-json\/wp\/v2\/users\/659"}],"replies":[{"embeddable":true,"href":"https:\/\/www.estrategiaconcursos.com.br\/blog\/wp-json\/wp\/v2\/comments?post=1108243"}],"version-history":[{"count":13,"href":"https:\/\/www.estrategiaconcursos.com.br\/blog\/wp-json\/wp\/v2\/posts\/1108243\/revisions"}],"predecessor-version":[{"id":1132974,"href":"https:\/\/www.estrategiaconcursos.com.br\/blog\/wp-json\/wp\/v2\/posts\/1108243\/revisions\/1132974"}],"wp:featuredmedia":[{"embeddable":true,"href":"https:\/\/www.estrategiaconcursos.com.br\/blog\/wp-json\/wp\/v2\/media\/1098399"}],"wp:attachment":[{"href":"https:\/\/www.estrategiaconcursos.com.br\/blog\/wp-json\/wp\/v2\/media?parent=1108243"}],"wp:term":[{"taxonomy":"category","embeddable":true,"href":"https:\/\/www.estrategiaconcursos.com.br\/blog\/wp-json\/wp\/v2\/categories?post=1108243"},{"taxonomy":"post_tag","embeddable":true,"href":"https:\/\/www.estrategiaconcursos.com.br\/blog\/wp-json\/wp\/v2\/tags?post=1108243"},{"taxonomy":"tax_estado","embeddable":true,"href":"https:\/\/www.estrategiaconcursos.com.br\/blog\/wp-json\/wp\/v2\/tax_estado?post=1108243"}],"curies":[{"name":"wp","href":"https:\/\/api.w.org\/{rel}","templated":true}]}}