{"id":1107659,"date":"2022-10-10T16:38:52","date_gmt":"2022-10-10T19:38:52","guid":{"rendered":"https:\/\/www.estrategiaconcursos.com.br\/blog\/?p=1107659"},"modified":"2022-10-10T16:46:39","modified_gmt":"2022-10-10T19:46:39","slug":"concurso-sejusp-mg-prova-objetiva","status":"publish","type":"post","link":"https:\/\/www.estrategiaconcursos.com.br\/blog\/concurso-sejusp-mg-prova-objetiva\/","title":{"rendered":"Concurso SEJUSP MG: veja detalhes da prova objetiva!"},"content":{"rendered":"\n<h3 class=\"wp-block-heading\">Inscri\u00e7\u00f5es abertas at\u00e9 03 de novembro!<\/h3>\n\n\n\n<p>Voc\u00ea, estrategista, j\u00e1 est\u00e1 ciente de como ser\u00e1 a aplica\u00e7\u00e3o da <strong>prova objetiva<\/strong> do <strong>concurso SEJUSP MG? <\/strong>N\u00e3o se preocupe, preparamos um artigo sobre o tema!<\/p>\n\n\n\n<p>Antes, conv\u00e9m lembrar que o edital foi publicado com <strong>270 vagas<\/strong> para o cargo de&nbsp;<a href=\"https:\/\/www.estrategiaconcursos.com.br\/curso\/sejusp-mg-agente-de-seguranca-socioeducativo-pacote-completo-2022-pos-edital\/\" target=\"_blank\" rel=\"noreferrer noopener\">Agente de Seguran\u00e7a Socioeducativo<\/a>, de n\u00edvel m\u00e9dio de escolaridade.<\/p>\n\n\n\n<p>As oportunidades s\u00e3o distribu\u00eddas entre ampla concorr\u00eancia e pessoas com defici\u00eancia, entre candidatos do sexo masculino e feminino. O sal\u00e1rio inicial \u00e9 de <strong>R$ 5.097,15<\/strong>.<\/p>\n\n\n\n<figure class=\"wp-block-image aligncenter size-large\"><img loading=\"lazy\" decoding=\"async\" width=\"1024\" height=\"576\" src=\"https:\/\/dhg1h5j42swfq.cloudfront.net\/2022\/06\/09105905\/concurso-sejusp-mg-1_widelg-1024x576.jpg\" alt=\"Saiba os detalhes da prova objetiva do concurso Sejusp MG\" class=\"wp-image-1042385\" srcset=\"https:\/\/dhg1h5j42swfq.cloudfront.net\/2022\/06\/09105905\/concurso-sejusp-mg-1_widelg-1024x576.jpg 1024w, https:\/\/dhg1h5j42swfq.cloudfront.net\/2022\/06\/09105905\/concurso-sejusp-mg-1_widelg-300x169.jpg 300w, https:\/\/dhg1h5j42swfq.cloudfront.net\/2022\/06\/09105905\/concurso-sejusp-mg-1_widelg-768x432.jpg 768w, https:\/\/dhg1h5j42swfq.cloudfront.net\/2022\/06\/09105905\/concurso-sejusp-mg-1_widelg-610x343.jpg 610w, https:\/\/dhg1h5j42swfq.cloudfront.net\/2022\/06\/09105905\/concurso-sejusp-mg-1_widelg.jpg 1200w\" sizes=\"auto, (max-width: 1024px) 100vw, 1024px\" \/><figcaption>Concurso SEJUSP MG: confira detalhes da prova objetiva | Imagem: reprodu\u00e7\u00e3o<\/figcaption><\/figure>\n\n\n\n<h3 class=\"has-cyan-bluish-gray-background-color has-background wp-block-heading\" id=\"h-veja-detalhes-da-prova-objetiva-do-concurso-sejusp-mg\">Veja detalhes da prova objetiva do concurso SEJUSP MG!<\/h3>\n\n\n\n<p>Prevista para 18 de dezembro, a prova objetiva do concurso SEJUSP MG ser\u00e1 composta por 60 quest\u00f5es de m\u00faltipla escolha, com 4 alternativas e apenas uma considerada correta, constitu\u00edda conforme a seguir:<\/p>\n\n\n\n<figure class=\"wp-block-image aligncenter is-resized\"><img loading=\"lazy\" decoding=\"async\" src=\"https:\/\/dhg1h5j42swfq.cloudfront.net\/2022\/08\/05082231\/image-71-1024x207.png\" alt=\"Quadro de prova objetiva para Agente de Seguran\u00e7a Socioeducativo\" class=\"wp-image-1072446\" width=\"788\" height=\"158\" srcset=\"https:\/\/dhg1h5j42swfq.cloudfront.net\/2022\/08\/05082231\/image-71-1024x207.png 1024w, https:\/\/dhg1h5j42swfq.cloudfront.net\/2022\/08\/05082231\/image-71-300x61.png 300w, https:\/\/dhg1h5j42swfq.cloudfront.net\/2022\/08\/05082231\/image-71-150x30.png 150w\" sizes=\"auto, (max-width: 788px) 100vw, 788px\" \/><figcaption>Quadro de prova objetiva para Agente de Seguran\u00e7a Socioeducativo<\/figcaption><\/figure>\n\n\n\n<p>O exame ser\u00e1 avaliado na escala de 0 a 80 pontos, considerando-se habilitado nesta etapa o candidato que, cumulativamente:<\/p>\n\n\n\n<ul class=\"wp-block-list\"><li>a) tenha acertado, no m\u00ednimo, 40% por disciplina; e<\/li><li>b) tenha acertado, no m\u00ednimo, 60% do total de pontos da prova objetiva.<\/li><\/ul>\n\n\n\n<p><strong><span style=\"text-decoration: underline;\">E fique atento ao prazo:<\/span><\/strong> os interessados em participar da sele\u00e7\u00e3o devem se candidatar at\u00e9 o dia<em>&nbsp;<\/em><strong>3 de novembro,<\/strong> no site da banca organizadora,&nbsp;<a href=\"https:\/\/ibfc.org.br\/concurso\/concurso_selecionado\/407\" target=\"_blank\" rel=\"noreferrer noopener\">IBFC<\/a>, ao custo de R$ 80,00.<\/p>\n\n\n\n<p>Para saber os detalhes da prova objetiva do concurso SEJUSP MG, basta acessar o link abaixo:<\/p>\n\n\n\n<h3 class=\"has-text-align-center has-white-color has-cyan-bluish-gray-background-color has-text-color has-background wp-block-heading\" id=\"h-concurso-sejusp-minas-gerais\"><a href=\"https:\/\/www.estrategiaconcursos.com.br\/blog\/concurso-sejusp-mg\/\" target=\"_blank\" rel=\"noreferrer noopener\">Concurso SEJUSP Minas Gerais<\/a><\/h3>\n\n\n\n<h2 class=\"has-text-align-center wp-block-heading\" id=\"h-quer-saber-tudo-sobre-concursos-previstos-confira-nossos-artigos\">Quer saber tudo sobre concursos previstos?<br \/>Confira nossos artigos!<\/h2>\n\n\n\n<ul class=\"wp-block-list\"><li><a href=\"https:\/\/www.estrategiaconcursos.com.br\/blog\/concursos-abertos\/\" target=\"_blank\" rel=\"noreferrer noopener\">Concursos abertos<\/a><\/li><li><a href=\"https:\/\/www.estrategiaconcursos.com.br\/blog\/concursos-2022\/\" target=\"_blank\" rel=\"noreferrer noopener\">Concursos 2022<\/a><\/li><li><a href=\"https:\/\/www.estrategiaconcursos.com.br\/blog\/concursos-2023\/\" target=\"_blank\" rel=\"noreferrer noopener\">Concursos 2023<\/a><\/li><\/ul>\n\n\n\n<h2 class=\"has-text-align-center wp-block-heading\" id=\"assinatura-ilimitada\">Quer estudar para o concurso SEJUSP MG?<br \/>Acesse nossos cursos a seguir!<\/h2>\n\n\n\n<div class=\"container\" id=\"boxes\">\n  <div class=\"row\">\n\n    <div class=\"col-sm\">\n      <div class=\"banner-policial\" id=\"box-assinatura\">\n        <h3 class=\"titulo-assinatura\">Concurso SEJUSP MG<\/h3>\n        <p class=\"subtitulo-assinatura\">Conhe\u00e7a os cursos<\/p>\n        <div class=\"box-botao\">\n          <a class=\"btn-assinatura\" target=\"_blank\" href=\"https:\/\/www.estrategiaconcursos.com.br\/cursosPorConcurso\/agepen-mg\/\" role=\"button\" rel=\"noopener noreferrer\">Conhe\u00e7a mais<\/a>\n        <\/div>\n      <\/div>\n      \n    <\/div>\n\n  <\/div>\n<\/div>\n\n\n\n<div class=\"container\" id=\"boxes\">\n  <div class=\"row\">\n\n    <div class=\"col-sm\">\n      <div class=\"estrategia\" id=\"box-assinatura\">\n        <h3 class=\"titulo-assinatura\">Assinatura de Concursos<\/h3>\n        <p class=\"subtitulo-assinatura\">Assinatura de 1 ano ou 2 anos<\/p>\n        <div class=\"box-botao\">\n          <a class=\"btn-assinatura\" target=\"_blank\" href=\"https:\/\/www.estrategiaconcursos.com.br\/assinaturas\/\" role=\"button\" rel=\"noopener noreferrer\">ASSINE AGORA<\/a>\n        <\/div>\n      <\/div>\n     \n    <\/div><\/div><\/div>\n","protected":false},"excerpt":{"rendered":"<p>Inscri\u00e7\u00f5es abertas at\u00e9 03 de novembro! Voc\u00ea, estrategista, j\u00e1 est\u00e1 ciente de como ser\u00e1 a aplica\u00e7\u00e3o da prova objetiva do concurso SEJUSP MG? N\u00e3o se preocupe, preparamos um artigo sobre o tema! Antes, conv\u00e9m lembrar que o edital foi publicado com 270 vagas para o cargo de&nbsp;Agente de Seguran\u00e7a Socioeducativo, de n\u00edvel m\u00e9dio de escolaridade. [&hellip;]<\/p>\n","protected":false},"author":2134,"featured_media":824849,"comment_status":"open","ping_status":"closed","sticky":false,"template":"","format":"standard","meta":{"post_tipo":"news","footnotes":""},"categories":[220188,220219],"tags":[],"tax_estado":[219974],"class_list":["post-1107659","post","type-post","status-publish","format-standard","has-post-thumbnail","hentry","category-policial-agente-penitenciario","category-noticias","tax_estado-mg"],"acf":[],"yoast_head":"<!-- This site is optimized with the Yoast SEO Premium plugin v27.2 (Yoast SEO v27.2) - https:\/\/yoast.com\/product\/yoast-seo-premium-wordpress\/ -->\n<title>Concurso SEJUSP MG: veja detalhes da prova objetiva!<\/title>\n<meta name=\"description\" content=\"Concurso SEJUSP MG: confira neste artigo detalhes da prova objetiva do certame. Edital oferta 270 vagas para agente socioeducativo!\" \/>\n<meta name=\"robots\" content=\"index, follow, max-snippet:-1, max-image-preview:large, max-video-preview:-1\" \/>\n<link rel=\"canonical\" href=\"https:\/\/www.estrategiaconcursos.com.br\/blog\/concurso-sejusp-mg-prova-objetiva\/\" \/>\n<meta property=\"og:locale\" content=\"pt_BR\" \/>\n<meta property=\"og:type\" content=\"article\" \/>\n<meta property=\"og:title\" content=\"Concurso SEJUSP MG: veja detalhes da prova objetiva!\" \/>\n<meta property=\"og:description\" content=\"Concurso SEJUSP MG: confira neste artigo detalhes da prova objetiva do certame. Edital oferta 270 vagas para agente socioeducativo!\" \/>\n<meta property=\"og:url\" content=\"https:\/\/www.estrategiaconcursos.com.br\/blog\/concurso-sejusp-mg-prova-objetiva\/\" \/>\n<meta property=\"og:site_name\" content=\"Estrat\u00e9gia Concursos\" \/>\n<meta property=\"article:published_time\" content=\"2022-10-10T19:38:52+00:00\" \/>\n<meta property=\"article:modified_time\" content=\"2022-10-10T19:46:39+00:00\" \/>\n<meta property=\"og:image\" content=\"https:\/\/dhg1h5j42swfq.cloudfront.net\/2021\/07\/29114627\/sejusp-mg.jpg\" \/>\n\t<meta property=\"og:image:width\" content=\"768\" \/>\n\t<meta property=\"og:image:height\" content=\"432\" \/>\n\t<meta property=\"og:image:type\" content=\"image\/jpeg\" \/>\n<meta name=\"author\" content=\"Rafaela Teixeira\" \/>\n<meta name=\"twitter:card\" content=\"summary_large_image\" \/>\n<meta name=\"twitter:creator\" content=\"@EstratConcursos\" \/>\n<meta name=\"twitter:site\" content=\"@EstratConcursos\" \/>\n<meta name=\"twitter:label1\" content=\"Escrito por\" \/>\n\t<meta name=\"twitter:data1\" content=\"Rafaela Teixeira\" \/>\n\t<meta name=\"twitter:label2\" content=\"Est. tempo de leitura\" \/>\n\t<meta name=\"twitter:data2\" content=\"1 minuto\" \/>\n<script type=\"application\/ld+json\" class=\"yoast-schema-graph\">{\"@context\":\"https:\/\/schema.org\",\"@graph\":[{\"@type\":\"NewsArticle\",\"@id\":\"https:\/\/www.estrategiaconcursos.com.br\/blog\/concurso-sejusp-mg-prova-objetiva\/#article\",\"isPartOf\":{\"@id\":\"https:\/\/www.estrategiaconcursos.com.br\/blog\/concurso-sejusp-mg-prova-objetiva\/\"},\"author\":{\"name\":\"Rafaela Teixeira\",\"@id\":\"https:\/\/www.estrategiaconcursos.com.br\/blog\/#\/schema\/person\/e75352021ea7f60781c599934f916eb1\"},\"headline\":\"Concurso SEJUSP MG: veja detalhes da prova objetiva!\",\"datePublished\":\"2022-10-10T19:38:52+00:00\",\"dateModified\":\"2022-10-10T19:46:39+00:00\",\"mainEntityOfPage\":{\"@id\":\"https:\/\/www.estrategiaconcursos.com.br\/blog\/concurso-sejusp-mg-prova-objetiva\/\"},\"wordCount\":296,\"commentCount\":0,\"publisher\":{\"@id\":\"https:\/\/www.estrategiaconcursos.com.br\/blog\/#organization\"},\"image\":{\"@id\":\"https:\/\/www.estrategiaconcursos.com.br\/blog\/concurso-sejusp-mg-prova-objetiva\/#primaryimage\"},\"thumbnailUrl\":\"https:\/\/dhg1h5j42swfq.cloudfront.net\/2021\/07\/29114627\/sejusp-mg.jpg\",\"articleSection\":[\"Policial (Agente Penitenci\u00e1rio)\",\"\u00daltimas not\u00edcias\"],\"inLanguage\":\"pt-BR\",\"potentialAction\":[{\"@type\":\"CommentAction\",\"name\":\"Comment\",\"target\":[\"https:\/\/www.estrategiaconcursos.com.br\/blog\/concurso-sejusp-mg-prova-objetiva\/#respond\"]}],\"copyrightYear\":\"2022\",\"copyrightHolder\":{\"@id\":\"https:\/\/www.estrategiaconcursos.com.br\/blog\/#organization\"}},{\"@type\":\"WebPage\",\"@id\":\"https:\/\/www.estrategiaconcursos.com.br\/blog\/concurso-sejusp-mg-prova-objetiva\/\",\"url\":\"https:\/\/www.estrategiaconcursos.com.br\/blog\/concurso-sejusp-mg-prova-objetiva\/\",\"name\":\"Concurso SEJUSP MG: veja detalhes da prova objetiva!\",\"isPartOf\":{\"@id\":\"https:\/\/www.estrategiaconcursos.com.br\/blog\/#website\"},\"primaryImageOfPage\":{\"@id\":\"https:\/\/www.estrategiaconcursos.com.br\/blog\/concurso-sejusp-mg-prova-objetiva\/#primaryimage\"},\"image\":{\"@id\":\"https:\/\/www.estrategiaconcursos.com.br\/blog\/concurso-sejusp-mg-prova-objetiva\/#primaryimage\"},\"thumbnailUrl\":\"https:\/\/dhg1h5j42swfq.cloudfront.net\/2021\/07\/29114627\/sejusp-mg.jpg\",\"datePublished\":\"2022-10-10T19:38:52+00:00\",\"dateModified\":\"2022-10-10T19:46:39+00:00\",\"description\":\"Concurso SEJUSP MG: confira neste artigo detalhes da prova objetiva do certame. Edital oferta 270 vagas para agente socioeducativo!\",\"breadcrumb\":{\"@id\":\"https:\/\/www.estrategiaconcursos.com.br\/blog\/concurso-sejusp-mg-prova-objetiva\/#breadcrumb\"},\"inLanguage\":\"pt-BR\",\"potentialAction\":[{\"@type\":\"ReadAction\",\"target\":[\"https:\/\/www.estrategiaconcursos.com.br\/blog\/concurso-sejusp-mg-prova-objetiva\/\"]}]},{\"@type\":\"ImageObject\",\"inLanguage\":\"pt-BR\",\"@id\":\"https:\/\/www.estrategiaconcursos.com.br\/blog\/concurso-sejusp-mg-prova-objetiva\/#primaryimage\",\"url\":\"https:\/\/dhg1h5j42swfq.cloudfront.net\/2021\/07\/29114627\/sejusp-mg.jpg\",\"contentUrl\":\"https:\/\/dhg1h5j42swfq.cloudfront.net\/2021\/07\/29114627\/sejusp-mg.jpg\",\"width\":768,\"height\":432,\"caption\":\"SEJUSP MG\"},{\"@type\":\"BreadcrumbList\",\"@id\":\"https:\/\/www.estrategiaconcursos.com.br\/blog\/concurso-sejusp-mg-prova-objetiva\/#breadcrumb\",\"itemListElement\":[{\"@type\":\"ListItem\",\"position\":1,\"name\":\"In\u00edcio\",\"item\":\"https:\/\/www.estrategiaconcursos.com.br\/blog\/\"},{\"@type\":\"ListItem\",\"position\":2,\"name\":\"Concurso SEJUSP MG: veja detalhes da prova objetiva!\"}]},{\"@type\":\"WebSite\",\"@id\":\"https:\/\/www.estrategiaconcursos.com.br\/blog\/#website\",\"url\":\"https:\/\/www.estrategiaconcursos.com.br\/blog\/\",\"name\":\"Estrat\u00e9gia Concursos\",\"description\":\"O blog da Estrat\u00e9gia Concursos traz not\u00edcias sobre concursos e artigos de professores oferecendo cursos para concursos (pdf + videaulas) no site.\",\"publisher\":{\"@id\":\"https:\/\/www.estrategiaconcursos.com.br\/blog\/#organization\"},\"potentialAction\":[{\"@type\":\"SearchAction\",\"target\":{\"@type\":\"EntryPoint\",\"urlTemplate\":\"https:\/\/www.estrategiaconcursos.com.br\/blog\/?s={search_term_string}\"},\"query-input\":{\"@type\":\"PropertyValueSpecification\",\"valueRequired\":true,\"valueName\":\"search_term_string\"}}],\"inLanguage\":\"pt-BR\"},{\"@type\":\"Organization\",\"@id\":\"https:\/\/www.estrategiaconcursos.com.br\/blog\/#organization\",\"name\":\"Estrat\u00e9gia Concursos\",\"url\":\"https:\/\/www.estrategiaconcursos.com.br\/blog\/\",\"logo\":{\"@type\":\"ImageObject\",\"inLanguage\":\"pt-BR\",\"@id\":\"https:\/\/www.estrategiaconcursos.com.br\/blog\/#\/schema\/logo\/image\/\",\"url\":\"https:\/\/dhg1h5j42swfq.cloudfront.net\/2025\/06\/03203428\/logo_concursos-1.jpg\",\"contentUrl\":\"https:\/\/dhg1h5j42swfq.cloudfront.net\/2025\/06\/03203428\/logo_concursos-1.jpg\",\"width\":230,\"height\":60,\"caption\":\"Estrat\u00e9gia Concursos\"},\"image\":{\"@id\":\"https:\/\/www.estrategiaconcursos.com.br\/blog\/#\/schema\/logo\/image\/\"},\"sameAs\":[\"https:\/\/x.com\/EstratConcursos\"]},{\"@type\":\"Person\",\"@id\":\"https:\/\/www.estrategiaconcursos.com.br\/blog\/#\/schema\/person\/e75352021ea7f60781c599934f916eb1\",\"name\":\"Rafaela Teixeira\",\"image\":{\"@type\":\"ImageObject\",\"inLanguage\":\"pt-BR\",\"@id\":\"https:\/\/secure.gravatar.com\/avatar\/8a349a2b22039b1ee88fc06461487c950fd6aa411ea8af8633314b43334ae793?s=96&d=mm&r=g\",\"url\":\"https:\/\/secure.gravatar.com\/avatar\/8a349a2b22039b1ee88fc06461487c950fd6aa411ea8af8633314b43334ae793?s=96&d=mm&r=g\",\"contentUrl\":\"https:\/\/secure.gravatar.com\/avatar\/8a349a2b22039b1ee88fc06461487c950fd6aa411ea8af8633314b43334ae793?s=96&d=mm&r=g\",\"caption\":\"Rafaela Teixeira\"},\"description\":\"Rafaela Teixeira \u00e9 advogada conveniada \u00e0 Defensoria P\u00fablica de S\u00e3o Paulo pela OAB, com experi\u00eancia em reda\u00e7\u00e3o jur\u00eddica e atua\u00e7\u00e3o em institui\u00e7\u00f5es p\u00fablicas, incluindo est\u00e1gio no TRE-SP. Possui mais de 7 anos de experi\u00eancia na produ\u00e7\u00e3o de conte\u00fados voltados ao nicho de concursos p\u00fablicos, com foco em apura\u00e7\u00e3o jornal\u00edstica cont\u00ednua, an\u00e1lise de editais e obten\u00e7\u00e3o de informa\u00e7\u00f5es diretamente junto a \u00f3rg\u00e3os e fontes oficiais. No Blog do Estrat\u00e9gia Concursos, atua como Analista de Conte\u00fado S\u00eanior, respons\u00e1vel pelo jornalismo do per\u00edodo noturno e da madrugada, com atua\u00e7\u00e3o transversal na cobertura de concursos p\u00fablicos, garantindo a continuidade, fluidez e confiabilidade das publica\u00e7\u00f5es e dos bastidores dos certames.\",\"url\":\"https:\/\/www.estrategiaconcursos.com.br\/blog\/author\/rafaela-teixeira\/\"}]}<\/script>\n<!-- \/ Yoast SEO Premium plugin. -->","yoast_head_json":{"title":"Concurso SEJUSP MG: veja detalhes da prova objetiva!","description":"Concurso SEJUSP MG: confira neste artigo detalhes da prova objetiva do certame. Edital oferta 270 vagas para agente socioeducativo!","robots":{"index":"index","follow":"follow","max-snippet":"max-snippet:-1","max-image-preview":"max-image-preview:large","max-video-preview":"max-video-preview:-1"},"canonical":"https:\/\/www.estrategiaconcursos.com.br\/blog\/concurso-sejusp-mg-prova-objetiva\/","og_locale":"pt_BR","og_type":"article","og_title":"Concurso SEJUSP MG: veja detalhes da prova objetiva!","og_description":"Concurso SEJUSP MG: confira neste artigo detalhes da prova objetiva do certame. Edital oferta 270 vagas para agente socioeducativo!","og_url":"https:\/\/www.estrategiaconcursos.com.br\/blog\/concurso-sejusp-mg-prova-objetiva\/","og_site_name":"Estrat\u00e9gia Concursos","article_published_time":"2022-10-10T19:38:52+00:00","article_modified_time":"2022-10-10T19:46:39+00:00","og_image":[{"width":768,"height":432,"url":"https:\/\/dhg1h5j42swfq.cloudfront.net\/2021\/07\/29114627\/sejusp-mg.jpg","type":"image\/jpeg"}],"author":"Rafaela Teixeira","twitter_card":"summary_large_image","twitter_creator":"@EstratConcursos","twitter_site":"@EstratConcursos","twitter_misc":{"Escrito por":"Rafaela Teixeira","Est. tempo de leitura":"1 minuto"},"schema":{"@context":"https:\/\/schema.org","@graph":[{"@type":"NewsArticle","@id":"https:\/\/www.estrategiaconcursos.com.br\/blog\/concurso-sejusp-mg-prova-objetiva\/#article","isPartOf":{"@id":"https:\/\/www.estrategiaconcursos.com.br\/blog\/concurso-sejusp-mg-prova-objetiva\/"},"author":{"name":"Rafaela Teixeira","@id":"https:\/\/www.estrategiaconcursos.com.br\/blog\/#\/schema\/person\/e75352021ea7f60781c599934f916eb1"},"headline":"Concurso SEJUSP MG: veja detalhes da prova objetiva!","datePublished":"2022-10-10T19:38:52+00:00","dateModified":"2022-10-10T19:46:39+00:00","mainEntityOfPage":{"@id":"https:\/\/www.estrategiaconcursos.com.br\/blog\/concurso-sejusp-mg-prova-objetiva\/"},"wordCount":296,"commentCount":0,"publisher":{"@id":"https:\/\/www.estrategiaconcursos.com.br\/blog\/#organization"},"image":{"@id":"https:\/\/www.estrategiaconcursos.com.br\/blog\/concurso-sejusp-mg-prova-objetiva\/#primaryimage"},"thumbnailUrl":"https:\/\/dhg1h5j42swfq.cloudfront.net\/2021\/07\/29114627\/sejusp-mg.jpg","articleSection":["Policial (Agente Penitenci\u00e1rio)","\u00daltimas not\u00edcias"],"inLanguage":"pt-BR","potentialAction":[{"@type":"CommentAction","name":"Comment","target":["https:\/\/www.estrategiaconcursos.com.br\/blog\/concurso-sejusp-mg-prova-objetiva\/#respond"]}],"copyrightYear":"2022","copyrightHolder":{"@id":"https:\/\/www.estrategiaconcursos.com.br\/blog\/#organization"}},{"@type":"WebPage","@id":"https:\/\/www.estrategiaconcursos.com.br\/blog\/concurso-sejusp-mg-prova-objetiva\/","url":"https:\/\/www.estrategiaconcursos.com.br\/blog\/concurso-sejusp-mg-prova-objetiva\/","name":"Concurso SEJUSP MG: veja detalhes da prova objetiva!","isPartOf":{"@id":"https:\/\/www.estrategiaconcursos.com.br\/blog\/#website"},"primaryImageOfPage":{"@id":"https:\/\/www.estrategiaconcursos.com.br\/blog\/concurso-sejusp-mg-prova-objetiva\/#primaryimage"},"image":{"@id":"https:\/\/www.estrategiaconcursos.com.br\/blog\/concurso-sejusp-mg-prova-objetiva\/#primaryimage"},"thumbnailUrl":"https:\/\/dhg1h5j42swfq.cloudfront.net\/2021\/07\/29114627\/sejusp-mg.jpg","datePublished":"2022-10-10T19:38:52+00:00","dateModified":"2022-10-10T19:46:39+00:00","description":"Concurso SEJUSP MG: confira neste artigo detalhes da prova objetiva do certame. Edital oferta 270 vagas para agente socioeducativo!","breadcrumb":{"@id":"https:\/\/www.estrategiaconcursos.com.br\/blog\/concurso-sejusp-mg-prova-objetiva\/#breadcrumb"},"inLanguage":"pt-BR","potentialAction":[{"@type":"ReadAction","target":["https:\/\/www.estrategiaconcursos.com.br\/blog\/concurso-sejusp-mg-prova-objetiva\/"]}]},{"@type":"ImageObject","inLanguage":"pt-BR","@id":"https:\/\/www.estrategiaconcursos.com.br\/blog\/concurso-sejusp-mg-prova-objetiva\/#primaryimage","url":"https:\/\/dhg1h5j42swfq.cloudfront.net\/2021\/07\/29114627\/sejusp-mg.jpg","contentUrl":"https:\/\/dhg1h5j42swfq.cloudfront.net\/2021\/07\/29114627\/sejusp-mg.jpg","width":768,"height":432,"caption":"SEJUSP MG"},{"@type":"BreadcrumbList","@id":"https:\/\/www.estrategiaconcursos.com.br\/blog\/concurso-sejusp-mg-prova-objetiva\/#breadcrumb","itemListElement":[{"@type":"ListItem","position":1,"name":"In\u00edcio","item":"https:\/\/www.estrategiaconcursos.com.br\/blog\/"},{"@type":"ListItem","position":2,"name":"Concurso SEJUSP MG: veja detalhes da prova objetiva!"}]},{"@type":"WebSite","@id":"https:\/\/www.estrategiaconcursos.com.br\/blog\/#website","url":"https:\/\/www.estrategiaconcursos.com.br\/blog\/","name":"Estrat\u00e9gia Concursos","description":"O blog da Estrat\u00e9gia Concursos traz not\u00edcias sobre concursos e artigos de professores oferecendo cursos para concursos (pdf + videaulas) no site.","publisher":{"@id":"https:\/\/www.estrategiaconcursos.com.br\/blog\/#organization"},"potentialAction":[{"@type":"SearchAction","target":{"@type":"EntryPoint","urlTemplate":"https:\/\/www.estrategiaconcursos.com.br\/blog\/?s={search_term_string}"},"query-input":{"@type":"PropertyValueSpecification","valueRequired":true,"valueName":"search_term_string"}}],"inLanguage":"pt-BR"},{"@type":"Organization","@id":"https:\/\/www.estrategiaconcursos.com.br\/blog\/#organization","name":"Estrat\u00e9gia Concursos","url":"https:\/\/www.estrategiaconcursos.com.br\/blog\/","logo":{"@type":"ImageObject","inLanguage":"pt-BR","@id":"https:\/\/www.estrategiaconcursos.com.br\/blog\/#\/schema\/logo\/image\/","url":"https:\/\/dhg1h5j42swfq.cloudfront.net\/2025\/06\/03203428\/logo_concursos-1.jpg","contentUrl":"https:\/\/dhg1h5j42swfq.cloudfront.net\/2025\/06\/03203428\/logo_concursos-1.jpg","width":230,"height":60,"caption":"Estrat\u00e9gia Concursos"},"image":{"@id":"https:\/\/www.estrategiaconcursos.com.br\/blog\/#\/schema\/logo\/image\/"},"sameAs":["https:\/\/x.com\/EstratConcursos"]},{"@type":"Person","@id":"https:\/\/www.estrategiaconcursos.com.br\/blog\/#\/schema\/person\/e75352021ea7f60781c599934f916eb1","name":"Rafaela Teixeira","image":{"@type":"ImageObject","inLanguage":"pt-BR","@id":"https:\/\/secure.gravatar.com\/avatar\/8a349a2b22039b1ee88fc06461487c950fd6aa411ea8af8633314b43334ae793?s=96&d=mm&r=g","url":"https:\/\/secure.gravatar.com\/avatar\/8a349a2b22039b1ee88fc06461487c950fd6aa411ea8af8633314b43334ae793?s=96&d=mm&r=g","contentUrl":"https:\/\/secure.gravatar.com\/avatar\/8a349a2b22039b1ee88fc06461487c950fd6aa411ea8af8633314b43334ae793?s=96&d=mm&r=g","caption":"Rafaela Teixeira"},"description":"Rafaela Teixeira \u00e9 advogada conveniada \u00e0 Defensoria P\u00fablica de S\u00e3o Paulo pela OAB, com experi\u00eancia em reda\u00e7\u00e3o jur\u00eddica e atua\u00e7\u00e3o em institui\u00e7\u00f5es p\u00fablicas, incluindo est\u00e1gio no TRE-SP. Possui mais de 7 anos de experi\u00eancia na produ\u00e7\u00e3o de conte\u00fados voltados ao nicho de concursos p\u00fablicos, com foco em apura\u00e7\u00e3o jornal\u00edstica cont\u00ednua, an\u00e1lise de editais e obten\u00e7\u00e3o de informa\u00e7\u00f5es diretamente junto a \u00f3rg\u00e3os e fontes oficiais. No Blog do Estrat\u00e9gia Concursos, atua como Analista de Conte\u00fado S\u00eanior, respons\u00e1vel pelo jornalismo do per\u00edodo noturno e da madrugada, com atua\u00e7\u00e3o transversal na cobertura de concursos p\u00fablicos, garantindo a continuidade, fluidez e confiabilidade das publica\u00e7\u00f5es e dos bastidores dos certames.","url":"https:\/\/www.estrategiaconcursos.com.br\/blog\/author\/rafaela-teixeira\/"}]}},"_links":{"self":[{"href":"https:\/\/www.estrategiaconcursos.com.br\/blog\/wp-json\/wp\/v2\/posts\/1107659","targetHints":{"allow":["GET"]}}],"collection":[{"href":"https:\/\/www.estrategiaconcursos.com.br\/blog\/wp-json\/wp\/v2\/posts"}],"about":[{"href":"https:\/\/www.estrategiaconcursos.com.br\/blog\/wp-json\/wp\/v2\/types\/post"}],"author":[{"embeddable":true,"href":"https:\/\/www.estrategiaconcursos.com.br\/blog\/wp-json\/wp\/v2\/users\/2134"}],"replies":[{"embeddable":true,"href":"https:\/\/www.estrategiaconcursos.com.br\/blog\/wp-json\/wp\/v2\/comments?post=1107659"}],"version-history":[{"count":10,"href":"https:\/\/www.estrategiaconcursos.com.br\/blog\/wp-json\/wp\/v2\/posts\/1107659\/revisions"}],"predecessor-version":[{"id":1107684,"href":"https:\/\/www.estrategiaconcursos.com.br\/blog\/wp-json\/wp\/v2\/posts\/1107659\/revisions\/1107684"}],"wp:featuredmedia":[{"embeddable":true,"href":"https:\/\/www.estrategiaconcursos.com.br\/blog\/wp-json\/wp\/v2\/media\/824849"}],"wp:attachment":[{"href":"https:\/\/www.estrategiaconcursos.com.br\/blog\/wp-json\/wp\/v2\/media?parent=1107659"}],"wp:term":[{"taxonomy":"category","embeddable":true,"href":"https:\/\/www.estrategiaconcursos.com.br\/blog\/wp-json\/wp\/v2\/categories?post=1107659"},{"taxonomy":"post_tag","embeddable":true,"href":"https:\/\/www.estrategiaconcursos.com.br\/blog\/wp-json\/wp\/v2\/tags?post=1107659"},{"taxonomy":"tax_estado","embeddable":true,"href":"https:\/\/www.estrategiaconcursos.com.br\/blog\/wp-json\/wp\/v2\/tax_estado?post=1107659"}],"curies":[{"name":"wp","href":"https:\/\/api.w.org\/{rel}","templated":true}]}}