{"id":1107150,"date":"2022-12-13T08:38:00","date_gmt":"2022-12-13T11:38:00","guid":{"rendered":"https:\/\/www.estrategiaconcursos.com.br\/blog\/?p=1107150"},"modified":"2022-12-13T10:04:33","modified_gmt":"2022-12-13T13:04:33","slug":"concurso-agenersa-rj-edital-publicado","status":"publish","type":"post","link":"https:\/\/www.estrategiaconcursos.com.br\/blog\/concurso-agenersa-rj-edital-publicado\/","title":{"rendered":"Edital Agenersa RJ: provas previstas para mar\u00e7o de 2023"},"content":{"rendered":"\n<p>Com inscri\u00e7\u00f5es encerradas, o edital do concurso Agenersa RJ ter\u00e1 provas aplicadas em mar\u00e7o de 2023, em at\u00e9 dois turnos. A organiza\u00e7\u00e3o do certame \u00e9 por conta da Funda\u00e7\u00e3o Get\u00falio Vargas &#8211; <a href=\"https:\/\/conhecimento.fgv.br\/concursos\/agenersa2022\" target=\"_blank\" rel=\"noreferrer noopener\">FGV<\/a>. <\/p>\n\n\n\n<p>Ao todo, os candidatos disputam <strong>50 vagas imediatas mais forma\u00e7\u00e3o de cadastro reserva<\/strong>, sendo <strong>30 <\/strong>para o cargo de\u00a0<a href=\"https:\/\/www.estrategiaconcursos.com.br\/curso\/agenersa-rj-especialista-em-regulacao-pacote-2022-pos-edital\/\" target=\"_blank\" rel=\"noreferrer noopener\">Especialista em Regula\u00e7\u00e3o<\/a>, <strong>10<\/strong> para\u00a0<a href=\"https:\/\/www.estrategiaconcursos.com.br\/curso\/agenersa-rj-analista-tecnico-pacote-2022-pos-edital\/\" target=\"_blank\" rel=\"noreferrer noopener\"><strong>Analista T\u00e9cnico<\/strong> em Regula\u00e7\u00e3o<\/a>\u00a0e <strong>10<\/strong> para\u00a0<a href=\"https:\/\/www.estrategiaconcursos.com.br\/curso\/agenersa-rj-assistente-tecnico-de-regulacao-pacote-2022-pos-edital\/\" target=\"_blank\" rel=\"noreferrer noopener\">Assistente em Regula\u00e7\u00e3o<\/a>. <\/p>\n\n\n\n<p>Ademais, os futuros contratados receber\u00e3o sal\u00e1rios iniciais de at\u00e9<strong> R$ 5.670,00<\/strong>, para uma jornada de 40 horas semanais. A exig\u00eancia \u00e9 n\u00edvel m\u00e9dio ou superior e forma\u00e7\u00e3o, dependendo da fun\u00e7\u00e3o desejada. <\/p>\n\n\n\n<div class=\"container\" id=\"boxes\">\n  <div class=\"row\">\n\n    <div class=\"col-sm\">\n      <div class=\"banner-estrategia\" id=\"box-assinatura\">\n        <h3 class=\"titulo-assinatura\">Concurso AGENERSA RJ<\/h3>\n        <p class=\"subtitulo-assinatura\">Cursos para concursos<\/p>\n        <div class=\"box-botao\">\n          <a class=\"btn-assinatura\" target=\"_blank\" href=\"https:\/\/www.estrategiaconcursos.com.br\/cursosPorConcurso\/agencia-reguladora-de-energia-e-saneamento-basico-do-rio-de-janeiro-agenersa\/\" role=\"button\" rel=\"noopener noreferrer\">Conhe\u00e7a mais<\/a>\n        <\/div>\n      <\/div>\n     \n    <\/div>\n\n  <\/div>\n<\/div>\n\n\n\n<h2 class=\"wp-block-heading\">Principais datas<\/h2>\n\n\n\n<ul class=\"wp-block-list\"><li><strong>Inscri\u00e7\u00f5es<\/strong>: <s>24 de outubro a 09 de dezembro<\/s><\/li><li><strong>Pagamento da taxa<\/strong>: at\u00e9 16 de dezembro<\/li><li><strong>Prova<\/strong>: 05 de mar\u00e7o de 2023<\/li><\/ul>\n\n\n\n<h2 class=\"wp-block-heading\">Edital Agenersa RJ: cargos, vagas e sal\u00e1rios<\/h2>\n\n\n\n<p>De acordo com o edital de abertura do concurso Agenersa RJ, s\u00e3o ofertadas 50 vagas mais cadastro de reserva, entre cargos de n\u00edveis m\u00e9dio e superior de forma\u00e7\u00e3o. Veja os detalhes logo abaixo:<\/p>\n\n\n\n<ul class=\"wp-block-list\"><li><strong><\/strong><strong><a href=\"https:\/\/www.estrategiaconcursos.com.br\/curso\/agenersa-rj-especialista-em-regulacao-pacote-2022-pos-edital\/\" target=\"_blank\" rel=\"noreferrer noopener\">Especialista em Regula\u00e7\u00e3o<\/a><\/strong> (n\u00edvel superior) &#8211; 30 vagas + CR<\/li><li><strong><a href=\"https:\/\/www.estrategiaconcursos.com.br\/curso\/agenersa-rj-analista-tecnico-pacote-2022-pos-edital\/\" target=\"_blank\" rel=\"noreferrer noopener\"><strong>Analista T\u00e9cnico<\/strong> <strong>em Regula\u00e7\u00e3o<\/strong><\/a><\/strong>&nbsp;(n\u00edvel superior) &#8211; 10 vagas + CR<\/li><li><strong><\/strong><strong><a href=\"https:\/\/www.estrategiaconcursos.com.br\/curso\/agenersa-rj-assistente-tecnico-de-regulacao-pacote-2022-pos-edital\/\" target=\"_blank\" rel=\"noreferrer noopener\">Assistente em Regula\u00e7\u00e3o<\/a><\/strong> (n\u00edvel m\u00e9dio) -10 vagas + CR <\/li><\/ul>\n\n\n\n<p class=\"has-medium-font-size\"><strong>Quais os sal\u00e1rios dos cargos?<\/strong><\/p>\n\n\n\n<ul class=\"wp-block-list\"><li><strong>Especialista em Regula\u00e7\u00e3o &#8211; <\/strong>R$ 5.670,00<\/li><li><strong>Assistente T\u00e9cnico de Regula\u00e7\u00e3o &#8211;<\/strong> R$ 2.160,00<\/li><li><strong>Analista T\u00e9cnico &#8211;<\/strong> R$ 4.536,00<\/li><\/ul>\n\n\n\n<p>Vale refor\u00e7ar que, al\u00e9m do valor base, conforme disponibilizado acima, os servidores tamb\u00e9m receber\u00e3o o Adicional de Qualifica\u00e7\u00e3o.<\/p>\n\n\n\n<h2 class=\"wp-block-heading\" id=\"etapas\">Edital Agenersa: prova objetiva (\u00fanica etapa)<\/h2>\n\n\n\n<p>O edital do concurso Agenersa ser\u00e1 composto por apenas uma \u00fanica etapa, sendo esta de prova objetiva, prevista para ser aplicada no dia 05 de mar\u00e7o de 2023, na cidade do Rio de Janeiro.<\/p>\n\n\n\n<p>Conforme aponta o edital, as avalia\u00e7\u00f5es ser\u00e3o divididas em dois per\u00edodos, sendo o primeiro para os cargos de&nbsp;<strong>Analista T\u00e9cnico e Especialista em Regula\u00e7\u00e3o<\/strong>, das <strong>08h \u00e0s 12h30<\/strong>. J\u00e1 o segundo, no turno da tarde, das de&nbsp;<strong>15h \u00e0s 19h<\/strong>, ser\u00e1 destinado ao cargo de <strong>Assistente T\u00e9cnico<\/strong><\/p>\n\n\n\n<p>Para o cargo de n\u00edvel m\u00e9dio a prova ser\u00e1 composta por&nbsp;<strong>70 quest\u00f5es<\/strong>&nbsp;de m\u00faltipla escolha, com cinco alternativas cada, sendo considerado aprovado o candidato que acertar, no m\u00ednimo, 35 quest\u00f5es.<\/p>\n\n\n\n<figure class=\"wp-block-image aligncenter\"><img loading=\"lazy\" decoding=\"async\" width=\"1024\" height=\"247\" src=\"https:\/\/dhg1h5j42swfq.cloudfront.net\/2022\/10\/10090819\/image-79-1024x247.png\" alt=\"Provas do concurso Agenersa \" class=\"wp-image-1107157\" srcset=\"https:\/\/dhg1h5j42swfq.cloudfront.net\/2022\/10\/10090819\/image-79-1024x247.png 1024w, https:\/\/dhg1h5j42swfq.cloudfront.net\/2022\/10\/10090819\/image-79-300x72.png 300w, https:\/\/dhg1h5j42swfq.cloudfront.net\/2022\/10\/10090819\/image-79-768x186.png 768w, https:\/\/dhg1h5j42swfq.cloudfront.net\/2022\/10\/10090819\/image-79-610x147.png 610w, https:\/\/dhg1h5j42swfq.cloudfront.net\/2022\/10\/10090819\/image-79-150x36.png 150w, https:\/\/dhg1h5j42swfq.cloudfront.net\/2022\/10\/10090819\/image-79.png 1196w\" sizes=\"auto, (max-width: 1024px) 100vw, 1024px\" \/><\/figure>\n\n\n\n<p>Enquanto os cargos de n\u00edvel superior, ser\u00e3o<strong>&nbsp;80 quest\u00f5es<\/strong>, sendo considerado aprovado o candidato que acertar, no m\u00ednimo, 40 quest\u00f5es.<\/p>\n\n\n\n<figure class=\"wp-block-image aligncenter\"><img loading=\"lazy\" decoding=\"async\" width=\"1024\" height=\"430\" src=\"https:\/\/dhg1h5j42swfq.cloudfront.net\/2022\/10\/10090800\/image-78-1024x430.png\" alt=\"Provas do concurso Agenersa \" class=\"wp-image-1107156\" srcset=\"https:\/\/dhg1h5j42swfq.cloudfront.net\/2022\/10\/10090800\/image-78-1024x430.png 1024w, https:\/\/dhg1h5j42swfq.cloudfront.net\/2022\/10\/10090800\/image-78-300x126.png 300w, https:\/\/dhg1h5j42swfq.cloudfront.net\/2022\/10\/10090800\/image-78-768x323.png 768w, https:\/\/dhg1h5j42swfq.cloudfront.net\/2022\/10\/10090800\/image-78-610x256.png 610w, https:\/\/dhg1h5j42swfq.cloudfront.net\/2022\/10\/10090800\/image-78-150x63.png 150w, https:\/\/dhg1h5j42swfq.cloudfront.net\/2022\/10\/10090800\/image-78.png 1159w\" sizes=\"auto, (max-width: 1024px) 100vw, 1024px\" \/><\/figure>\n\n\n\n<p class=\"has-text-align-center\"><em>Para conferir detalhes acerca do concurso, basta acessar o artigo exclusivo e muito mais completo que preparamos para voc\u00ea. O link est\u00e1 dispon\u00edvel logo abaixo:<\/em><\/p>\n\n\n\n<p class=\"has-text-align-center has-background\" style=\"background-color:#cedae4;font-size:clamp(14.642px, 0.915rem + ((1vw - 3.2px) * 0.721), 22px);\"><strong>Saiba mais: <a href=\"https:\/\/www.estrategiaconcursos.com.br\/blog\/concurso-agenersa-rj\/\" target=\"_blank\" rel=\"noreferrer noopener\">concurso Agenersa RJ<\/a><\/strong><\/p>\n\n\n\n<hr class=\"wp-block-separator has-css-opacity\"\/>\n\n\n\n<h2 class=\"has-text-align-center wp-block-heading\" id=\"cursos\">Quer estudar para o edital Agenersa RJ?<\/h2>\n\n\n\n<div class=\"container\" id=\"boxes\">\n  <div class=\"row\">\n\n    <div class=\"col-sm\">\n      <div class=\"banner-estrategia\" id=\"box-assinatura\">\n        <h3 class=\"titulo-assinatura\">Concurso AGENERSA RJ<\/h3>\n        <p class=\"subtitulo-assinatura\">Cursos para concursos<\/p>\n        <div class=\"box-botao\">\n          <a class=\"btn-assinatura\" target=\"_blank\" href=\"https:\/\/www.estrategiaconcursos.com.br\/cursosPorConcurso\/agencia-reguladora-de-energia-e-saneamento-basico-do-rio-de-janeiro-agenersa\/\" role=\"button\" rel=\"noopener noreferrer\">Conhe\u00e7a mais<\/a>\n        <\/div>\n      <\/div>\n     \n    <\/div>\n\n  <\/div>\n<\/div>\n\n\n\n<div class=\"container\" id=\"boxes\">\n  <div class=\"row\">\n\n    <div class=\"col-sm\">\n      <div class=\"estrategia\" id=\"box-assinatura\">\n        <h3 class=\"titulo-assinatura\">Assinatura Concursos<\/h3>\n        <p class=\"subtitulo-assinatura\">Assinatura de 1 ano ou 2 anos<\/p>\n        <div class=\"box-botao\">\n          <a class=\"btn-assinatura\" target=\"_blank\" href=\"https:\/\/www.estrategiaconcursos.com.br\/assinaturas\/\" role=\"button\" rel=\"noopener noreferrer\">ASSINE AGORA<\/a>\n        <\/div>\n      <\/div><\/div><\/div><\/div>\n\n\n\n<h2 class=\"has-text-align-center wp-block-heading\" id=\"quer-saber-tudo-sobre-concursos-previstos-confira-nossos-artigos\">Quer saber tudo sobre concursos previstos?<br \/>Confira nossos artigos!<\/h2>\n\n\n\n<ul class=\"wp-block-list\"><li><a href=\"https:\/\/www.estrategiaconcursos.com.br\/blog\/concursos-abertos\/\" target=\"_blank\" rel=\"noreferrer noopener\">Concursos abertos<\/a><\/li><li><a href=\"https:\/\/www.estrategiaconcursos.com.br\/blog\/concursos-2023\/\" target=\"_blank\" rel=\"noreferrer noopener\">Concursos 2023<\/a><\/li><\/ul>\n\n\n\n<figure class=\"wp-block-image is-resized\"><img loading=\"lazy\" decoding=\"async\" src=\"https:\/\/dhg1h5j42swfq.cloudfront.net\/2021\/04\/29114330\/ficha-tecnica-1-1024x632-1-17.png\" alt=\"Ficha t\u00e9cnica concurso AGENERSA RJ. \" class=\"wp-image-726637\" width=\"227\" height=\"140\" srcset=\"https:\/\/dhg1h5j42swfq.cloudfront.net\/2021\/04\/29114330\/ficha-tecnica-1-1024x632-1-17.png 1024w, https:\/\/dhg1h5j42swfq.cloudfront.net\/2021\/04\/29114330\/ficha-tecnica-1-1024x632-1-17-300x185.png 300w, https:\/\/dhg1h5j42swfq.cloudfront.net\/2021\/04\/29114330\/ficha-tecnica-1-1024x632-1-17-768x474.png 768w, https:\/\/dhg1h5j42swfq.cloudfront.net\/2021\/04\/29114330\/ficha-tecnica-1-1024x632-1-17-610x376.png 610w\" sizes=\"auto, (max-width: 227px) 100vw, 227px\" \/><\/figure>\n\n\n\n<h3 class=\"wp-block-heading\" id=\"ficha\">Informa\u00e7\u00f5es do concurso AGENERSA RJ<\/h3>\n\n\n\n<ul class=\"wp-block-list\" id=\"block-ffcc8ba9-d03e-4e14-879e-a259e68e47ba\"><li><strong>Data da prova:<\/strong>&nbsp;05\/03\/2023<\/li><li><strong>Vagas<\/strong>: 50 + CR<\/li><li><strong>Cargos<\/strong>: Especialista em Regula\u00e7\u00e3o, Analista T\u00e9cnico e Assistente em Regula\u00e7\u00e3o<\/li><li><strong>Banca:&nbsp;<\/strong>FGV<\/li><li><strong>Escolaridade<\/strong>: N\u00edveis m\u00e9dio e superior<\/li><li><strong>Edital:&nbsp;<\/strong><a href=\"https:\/\/dhg1h5j42swfq.cloudfront.net\/2022\/10\/10113005\/versao_final_do_edital_-_agenersa_0.pdf\" target=\"_blank\" rel=\"noreferrer noopener nofollow\">Edital Agenersa 2022<\/a> | <a href=\"https:\/\/dhg1h5j42swfq.cloudfront.net\/2022\/10\/25134453\/1a_retificacao_ao_edital_0.pdf\" target=\"_blank\" rel=\"noreferrer noopener nofollow\">Retifica\u00e7\u00e3o<\/a><\/li><\/ul>\n","protected":false},"excerpt":{"rendered":"<p>Com inscri\u00e7\u00f5es encerradas, o edital do concurso Agenersa RJ ter\u00e1 provas aplicadas em mar\u00e7o de 2023, em at\u00e9 dois turnos. A organiza\u00e7\u00e3o do certame \u00e9 por conta da Funda\u00e7\u00e3o Get\u00falio Vargas &#8211; FGV. Ao todo, os candidatos disputam 50 vagas imediatas mais forma\u00e7\u00e3o de cadastro reserva, sendo 30 para o cargo de\u00a0Especialista em Regula\u00e7\u00e3o, 10 [&hellip;]<\/p>\n","protected":false},"author":656,"featured_media":729758,"comment_status":"open","ping_status":"closed","sticky":false,"template":"","format":"standard","meta":{"post_tipo":"news","footnotes":""},"categories":[220215,220219],"tags":[],"tax_estado":[219982],"class_list":["post-1107150","post","type-post","status-publish","format-standard","has-post-thumbnail","hentry","category-agencia-reguladora","category-noticias","tax_estado-rj"],"acf":[],"yoast_head":"<!-- This site is optimized with the Yoast SEO Premium plugin v27.2 (Yoast SEO v27.2) - https:\/\/yoast.com\/product\/yoast-seo-premium-wordpress\/ -->\n<title>Edital Agenersa RJ: provas previstas para mar\u00e7o de 2023<\/title>\n<meta name=\"description\" content=\"Edital Agenersa RJ: inscri\u00e7\u00f5es encerradas e provas previstas para mar\u00e7o de 2023. S\u00e3o 50 vagas mais cadastro de reserva.\" \/>\n<meta name=\"robots\" content=\"index, follow, max-snippet:-1, max-image-preview:large, max-video-preview:-1\" \/>\n<link rel=\"canonical\" href=\"https:\/\/www.estrategiaconcursos.com.br\/blog\/concurso-agenersa-rj-edital-publicado\/\" \/>\n<meta property=\"og:locale\" content=\"pt_BR\" \/>\n<meta property=\"og:type\" content=\"article\" \/>\n<meta property=\"og:title\" content=\"Edital Agenersa RJ: provas previstas para mar\u00e7o de 2023\" \/>\n<meta property=\"og:description\" content=\"Edital Agenersa RJ: inscri\u00e7\u00f5es encerradas e provas previstas para mar\u00e7o de 2023. S\u00e3o 50 vagas mais cadastro de reserva.\" \/>\n<meta property=\"og:url\" content=\"https:\/\/www.estrategiaconcursos.com.br\/blog\/concurso-agenersa-rj-edital-publicado\/\" \/>\n<meta property=\"og:site_name\" content=\"Estrat\u00e9gia Concursos\" \/>\n<meta property=\"article:published_time\" content=\"2022-12-13T11:38:00+00:00\" \/>\n<meta property=\"article:modified_time\" content=\"2022-12-13T13:04:33+00:00\" \/>\n<meta property=\"og:image\" content=\"https:\/\/dhg1h5j42swfq.cloudfront.net\/2021\/04\/03121406\/agenersa.jpg\" \/>\n\t<meta property=\"og:image:width\" content=\"768\" \/>\n\t<meta property=\"og:image:height\" content=\"432\" \/>\n\t<meta property=\"og:image:type\" content=\"image\/jpeg\" \/>\n<meta name=\"author\" content=\"F\u00e1bio Scaldelai\" \/>\n<meta name=\"twitter:card\" content=\"summary_large_image\" \/>\n<meta name=\"twitter:creator\" content=\"@EstratConcursos\" \/>\n<meta name=\"twitter:site\" content=\"@EstratConcursos\" \/>\n<meta name=\"twitter:label1\" content=\"Escrito por\" \/>\n\t<meta name=\"twitter:data1\" content=\"F\u00e1bio Scaldelai\" \/>\n\t<meta name=\"twitter:label2\" content=\"Est. tempo de leitura\" \/>\n\t<meta name=\"twitter:data2\" content=\"3 minutos\" \/>\n<script type=\"application\/ld+json\" class=\"yoast-schema-graph\">{\"@context\":\"https:\/\/schema.org\",\"@graph\":[{\"@type\":\"NewsArticle\",\"@id\":\"https:\/\/www.estrategiaconcursos.com.br\/blog\/concurso-agenersa-rj-edital-publicado\/#article\",\"isPartOf\":{\"@id\":\"https:\/\/www.estrategiaconcursos.com.br\/blog\/concurso-agenersa-rj-edital-publicado\/\"},\"author\":{\"name\":\"F\u00e1bio Scaldelai\",\"@id\":\"https:\/\/www.estrategiaconcursos.com.br\/blog\/#\/schema\/person\/e3b6b7ce0192dd4ad270655969d61750\"},\"headline\":\"Edital Agenersa RJ: provas previstas para mar\u00e7o de 2023\",\"datePublished\":\"2022-12-13T11:38:00+00:00\",\"dateModified\":\"2022-12-13T13:04:33+00:00\",\"mainEntityOfPage\":{\"@id\":\"https:\/\/www.estrategiaconcursos.com.br\/blog\/concurso-agenersa-rj-edital-publicado\/\"},\"wordCount\":534,\"commentCount\":0,\"publisher\":{\"@id\":\"https:\/\/www.estrategiaconcursos.com.br\/blog\/#organization\"},\"image\":{\"@id\":\"https:\/\/www.estrategiaconcursos.com.br\/blog\/concurso-agenersa-rj-edital-publicado\/#primaryimage\"},\"thumbnailUrl\":\"https:\/\/dhg1h5j42swfq.cloudfront.net\/2021\/04\/03121406\/agenersa.jpg\",\"articleSection\":[\"Ag\u00eancia Reguladora\",\"\u00daltimas not\u00edcias\"],\"inLanguage\":\"pt-BR\",\"potentialAction\":[{\"@type\":\"CommentAction\",\"name\":\"Comment\",\"target\":[\"https:\/\/www.estrategiaconcursos.com.br\/blog\/concurso-agenersa-rj-edital-publicado\/#respond\"]}],\"copyrightYear\":\"2022\",\"copyrightHolder\":{\"@id\":\"https:\/\/www.estrategiaconcursos.com.br\/blog\/#organization\"}},{\"@type\":\"WebPage\",\"@id\":\"https:\/\/www.estrategiaconcursos.com.br\/blog\/concurso-agenersa-rj-edital-publicado\/\",\"url\":\"https:\/\/www.estrategiaconcursos.com.br\/blog\/concurso-agenersa-rj-edital-publicado\/\",\"name\":\"Edital Agenersa RJ: provas previstas para mar\u00e7o de 2023\",\"isPartOf\":{\"@id\":\"https:\/\/www.estrategiaconcursos.com.br\/blog\/#website\"},\"primaryImageOfPage\":{\"@id\":\"https:\/\/www.estrategiaconcursos.com.br\/blog\/concurso-agenersa-rj-edital-publicado\/#primaryimage\"},\"image\":{\"@id\":\"https:\/\/www.estrategiaconcursos.com.br\/blog\/concurso-agenersa-rj-edital-publicado\/#primaryimage\"},\"thumbnailUrl\":\"https:\/\/dhg1h5j42swfq.cloudfront.net\/2021\/04\/03121406\/agenersa.jpg\",\"datePublished\":\"2022-12-13T11:38:00+00:00\",\"dateModified\":\"2022-12-13T13:04:33+00:00\",\"description\":\"Edital Agenersa RJ: inscri\u00e7\u00f5es encerradas e provas previstas para mar\u00e7o de 2023. S\u00e3o 50 vagas mais cadastro de reserva.\",\"breadcrumb\":{\"@id\":\"https:\/\/www.estrategiaconcursos.com.br\/blog\/concurso-agenersa-rj-edital-publicado\/#breadcrumb\"},\"inLanguage\":\"pt-BR\",\"potentialAction\":[{\"@type\":\"ReadAction\",\"target\":[\"https:\/\/www.estrategiaconcursos.com.br\/blog\/concurso-agenersa-rj-edital-publicado\/\"]}]},{\"@type\":\"ImageObject\",\"inLanguage\":\"pt-BR\",\"@id\":\"https:\/\/www.estrategiaconcursos.com.br\/blog\/concurso-agenersa-rj-edital-publicado\/#primaryimage\",\"url\":\"https:\/\/dhg1h5j42swfq.cloudfront.net\/2021\/04\/03121406\/agenersa.jpg\",\"contentUrl\":\"https:\/\/dhg1h5j42swfq.cloudfront.net\/2021\/04\/03121406\/agenersa.jpg\",\"width\":768,\"height\":432,\"caption\":\"concurso Agenersa comunicado\"},{\"@type\":\"BreadcrumbList\",\"@id\":\"https:\/\/www.estrategiaconcursos.com.br\/blog\/concurso-agenersa-rj-edital-publicado\/#breadcrumb\",\"itemListElement\":[{\"@type\":\"ListItem\",\"position\":1,\"name\":\"In\u00edcio\",\"item\":\"https:\/\/www.estrategiaconcursos.com.br\/blog\/\"},{\"@type\":\"ListItem\",\"position\":2,\"name\":\"Edital Agenersa RJ: provas previstas para mar\u00e7o de 2023\"}]},{\"@type\":\"WebSite\",\"@id\":\"https:\/\/www.estrategiaconcursos.com.br\/blog\/#website\",\"url\":\"https:\/\/www.estrategiaconcursos.com.br\/blog\/\",\"name\":\"Estrat\u00e9gia Concursos\",\"description\":\"O blog da Estrat\u00e9gia Concursos traz not\u00edcias sobre concursos e artigos de professores oferecendo cursos para concursos (pdf + videaulas) no site.\",\"publisher\":{\"@id\":\"https:\/\/www.estrategiaconcursos.com.br\/blog\/#organization\"},\"potentialAction\":[{\"@type\":\"SearchAction\",\"target\":{\"@type\":\"EntryPoint\",\"urlTemplate\":\"https:\/\/www.estrategiaconcursos.com.br\/blog\/?s={search_term_string}\"},\"query-input\":{\"@type\":\"PropertyValueSpecification\",\"valueRequired\":true,\"valueName\":\"search_term_string\"}}],\"inLanguage\":\"pt-BR\"},{\"@type\":\"Organization\",\"@id\":\"https:\/\/www.estrategiaconcursos.com.br\/blog\/#organization\",\"name\":\"Estrat\u00e9gia Concursos\",\"url\":\"https:\/\/www.estrategiaconcursos.com.br\/blog\/\",\"logo\":{\"@type\":\"ImageObject\",\"inLanguage\":\"pt-BR\",\"@id\":\"https:\/\/www.estrategiaconcursos.com.br\/blog\/#\/schema\/logo\/image\/\",\"url\":\"https:\/\/dhg1h5j42swfq.cloudfront.net\/2025\/06\/03203428\/logo_concursos-1.jpg\",\"contentUrl\":\"https:\/\/dhg1h5j42swfq.cloudfront.net\/2025\/06\/03203428\/logo_concursos-1.jpg\",\"width\":230,\"height\":60,\"caption\":\"Estrat\u00e9gia Concursos\"},\"image\":{\"@id\":\"https:\/\/www.estrategiaconcursos.com.br\/blog\/#\/schema\/logo\/image\/\"},\"sameAs\":[\"https:\/\/x.com\/EstratConcursos\"]},{\"@type\":\"Person\",\"@id\":\"https:\/\/www.estrategiaconcursos.com.br\/blog\/#\/schema\/person\/e3b6b7ce0192dd4ad270655969d61750\",\"name\":\"F\u00e1bio Scaldelai\",\"image\":{\"@type\":\"ImageObject\",\"inLanguage\":\"pt-BR\",\"@id\":\"https:\/\/secure.gravatar.com\/avatar\/8ed7492c4d88d8495bc0cb24cda6847b8ae23eec459a919e08e77d0ca0fd79ec?s=96&d=mm&r=g\",\"url\":\"https:\/\/secure.gravatar.com\/avatar\/8ed7492c4d88d8495bc0cb24cda6847b8ae23eec459a919e08e77d0ca0fd79ec?s=96&d=mm&r=g\",\"contentUrl\":\"https:\/\/secure.gravatar.com\/avatar\/8ed7492c4d88d8495bc0cb24cda6847b8ae23eec459a919e08e77d0ca0fd79ec?s=96&d=mm&r=g\",\"caption\":\"F\u00e1bio Scaldelai\"},\"description\":\"Jornalista no Estrat\u00e9gia Concursos e Produtor de Televis\u00e3o, formado em Jornalismo, R\u00e1dio e TV pela Faculdade Integrada Rio Branco, com especializa\u00e7\u00f5es em Gest\u00e3o Empresarial e Marketing pelo M\u00f3dulo. Atuou como produtor no SBT, TV Bandeirantes e R\u00e1dio Band FM, al\u00e9m de acumular tr\u00eas anos de experi\u00eancia no setor de concursos p\u00fablicos pela LFG (Luiz Fl\u00e1vio Gomes). No Estrat\u00e9gia Concursos, atua na apura\u00e7\u00e3o de not\u00edcias da \u00e1rea fiscal, al\u00e9m de coberturas sobre concursos das \u00e1reas de controle (TCU, TCE, etc), concurso AFT, \u00e1rea de gest\u00e3o e administrativa, bem como dos \u00f3rg\u00e3os participantes do CNU. Tamb\u00e9m possui experi\u00eancia em link building e an\u00e1lise de m\u00eddia, adquirida durante sua atua\u00e7\u00e3o na ag\u00eancia SEO Marketing.\",\"url\":\"https:\/\/www.estrategiaconcursos.com.br\/blog\/author\/fabio-scaldelaiestrategiaconcursos-com-br\/\"}]}<\/script>\n<!-- \/ Yoast SEO Premium plugin. -->","yoast_head_json":{"title":"Edital Agenersa RJ: provas previstas para mar\u00e7o de 2023","description":"Edital Agenersa RJ: inscri\u00e7\u00f5es encerradas e provas previstas para mar\u00e7o de 2023. S\u00e3o 50 vagas mais cadastro de reserva.","robots":{"index":"index","follow":"follow","max-snippet":"max-snippet:-1","max-image-preview":"max-image-preview:large","max-video-preview":"max-video-preview:-1"},"canonical":"https:\/\/www.estrategiaconcursos.com.br\/blog\/concurso-agenersa-rj-edital-publicado\/","og_locale":"pt_BR","og_type":"article","og_title":"Edital Agenersa RJ: provas previstas para mar\u00e7o de 2023","og_description":"Edital Agenersa RJ: inscri\u00e7\u00f5es encerradas e provas previstas para mar\u00e7o de 2023. S\u00e3o 50 vagas mais cadastro de reserva.","og_url":"https:\/\/www.estrategiaconcursos.com.br\/blog\/concurso-agenersa-rj-edital-publicado\/","og_site_name":"Estrat\u00e9gia Concursos","article_published_time":"2022-12-13T11:38:00+00:00","article_modified_time":"2022-12-13T13:04:33+00:00","og_image":[{"width":768,"height":432,"url":"https:\/\/dhg1h5j42swfq.cloudfront.net\/2021\/04\/03121406\/agenersa.jpg","type":"image\/jpeg"}],"author":"F\u00e1bio Scaldelai","twitter_card":"summary_large_image","twitter_creator":"@EstratConcursos","twitter_site":"@EstratConcursos","twitter_misc":{"Escrito por":"F\u00e1bio Scaldelai","Est. tempo de leitura":"3 minutos"},"schema":{"@context":"https:\/\/schema.org","@graph":[{"@type":"NewsArticle","@id":"https:\/\/www.estrategiaconcursos.com.br\/blog\/concurso-agenersa-rj-edital-publicado\/#article","isPartOf":{"@id":"https:\/\/www.estrategiaconcursos.com.br\/blog\/concurso-agenersa-rj-edital-publicado\/"},"author":{"name":"F\u00e1bio Scaldelai","@id":"https:\/\/www.estrategiaconcursos.com.br\/blog\/#\/schema\/person\/e3b6b7ce0192dd4ad270655969d61750"},"headline":"Edital Agenersa RJ: provas previstas para mar\u00e7o de 2023","datePublished":"2022-12-13T11:38:00+00:00","dateModified":"2022-12-13T13:04:33+00:00","mainEntityOfPage":{"@id":"https:\/\/www.estrategiaconcursos.com.br\/blog\/concurso-agenersa-rj-edital-publicado\/"},"wordCount":534,"commentCount":0,"publisher":{"@id":"https:\/\/www.estrategiaconcursos.com.br\/blog\/#organization"},"image":{"@id":"https:\/\/www.estrategiaconcursos.com.br\/blog\/concurso-agenersa-rj-edital-publicado\/#primaryimage"},"thumbnailUrl":"https:\/\/dhg1h5j42swfq.cloudfront.net\/2021\/04\/03121406\/agenersa.jpg","articleSection":["Ag\u00eancia Reguladora","\u00daltimas not\u00edcias"],"inLanguage":"pt-BR","potentialAction":[{"@type":"CommentAction","name":"Comment","target":["https:\/\/www.estrategiaconcursos.com.br\/blog\/concurso-agenersa-rj-edital-publicado\/#respond"]}],"copyrightYear":"2022","copyrightHolder":{"@id":"https:\/\/www.estrategiaconcursos.com.br\/blog\/#organization"}},{"@type":"WebPage","@id":"https:\/\/www.estrategiaconcursos.com.br\/blog\/concurso-agenersa-rj-edital-publicado\/","url":"https:\/\/www.estrategiaconcursos.com.br\/blog\/concurso-agenersa-rj-edital-publicado\/","name":"Edital Agenersa RJ: provas previstas para mar\u00e7o de 2023","isPartOf":{"@id":"https:\/\/www.estrategiaconcursos.com.br\/blog\/#website"},"primaryImageOfPage":{"@id":"https:\/\/www.estrategiaconcursos.com.br\/blog\/concurso-agenersa-rj-edital-publicado\/#primaryimage"},"image":{"@id":"https:\/\/www.estrategiaconcursos.com.br\/blog\/concurso-agenersa-rj-edital-publicado\/#primaryimage"},"thumbnailUrl":"https:\/\/dhg1h5j42swfq.cloudfront.net\/2021\/04\/03121406\/agenersa.jpg","datePublished":"2022-12-13T11:38:00+00:00","dateModified":"2022-12-13T13:04:33+00:00","description":"Edital Agenersa RJ: inscri\u00e7\u00f5es encerradas e provas previstas para mar\u00e7o de 2023. S\u00e3o 50 vagas mais cadastro de reserva.","breadcrumb":{"@id":"https:\/\/www.estrategiaconcursos.com.br\/blog\/concurso-agenersa-rj-edital-publicado\/#breadcrumb"},"inLanguage":"pt-BR","potentialAction":[{"@type":"ReadAction","target":["https:\/\/www.estrategiaconcursos.com.br\/blog\/concurso-agenersa-rj-edital-publicado\/"]}]},{"@type":"ImageObject","inLanguage":"pt-BR","@id":"https:\/\/www.estrategiaconcursos.com.br\/blog\/concurso-agenersa-rj-edital-publicado\/#primaryimage","url":"https:\/\/dhg1h5j42swfq.cloudfront.net\/2021\/04\/03121406\/agenersa.jpg","contentUrl":"https:\/\/dhg1h5j42swfq.cloudfront.net\/2021\/04\/03121406\/agenersa.jpg","width":768,"height":432,"caption":"concurso Agenersa comunicado"},{"@type":"BreadcrumbList","@id":"https:\/\/www.estrategiaconcursos.com.br\/blog\/concurso-agenersa-rj-edital-publicado\/#breadcrumb","itemListElement":[{"@type":"ListItem","position":1,"name":"In\u00edcio","item":"https:\/\/www.estrategiaconcursos.com.br\/blog\/"},{"@type":"ListItem","position":2,"name":"Edital Agenersa RJ: provas previstas para mar\u00e7o de 2023"}]},{"@type":"WebSite","@id":"https:\/\/www.estrategiaconcursos.com.br\/blog\/#website","url":"https:\/\/www.estrategiaconcursos.com.br\/blog\/","name":"Estrat\u00e9gia Concursos","description":"O blog da Estrat\u00e9gia Concursos traz not\u00edcias sobre concursos e artigos de professores oferecendo cursos para concursos (pdf + videaulas) no site.","publisher":{"@id":"https:\/\/www.estrategiaconcursos.com.br\/blog\/#organization"},"potentialAction":[{"@type":"SearchAction","target":{"@type":"EntryPoint","urlTemplate":"https:\/\/www.estrategiaconcursos.com.br\/blog\/?s={search_term_string}"},"query-input":{"@type":"PropertyValueSpecification","valueRequired":true,"valueName":"search_term_string"}}],"inLanguage":"pt-BR"},{"@type":"Organization","@id":"https:\/\/www.estrategiaconcursos.com.br\/blog\/#organization","name":"Estrat\u00e9gia Concursos","url":"https:\/\/www.estrategiaconcursos.com.br\/blog\/","logo":{"@type":"ImageObject","inLanguage":"pt-BR","@id":"https:\/\/www.estrategiaconcursos.com.br\/blog\/#\/schema\/logo\/image\/","url":"https:\/\/dhg1h5j42swfq.cloudfront.net\/2025\/06\/03203428\/logo_concursos-1.jpg","contentUrl":"https:\/\/dhg1h5j42swfq.cloudfront.net\/2025\/06\/03203428\/logo_concursos-1.jpg","width":230,"height":60,"caption":"Estrat\u00e9gia Concursos"},"image":{"@id":"https:\/\/www.estrategiaconcursos.com.br\/blog\/#\/schema\/logo\/image\/"},"sameAs":["https:\/\/x.com\/EstratConcursos"]},{"@type":"Person","@id":"https:\/\/www.estrategiaconcursos.com.br\/blog\/#\/schema\/person\/e3b6b7ce0192dd4ad270655969d61750","name":"F\u00e1bio Scaldelai","image":{"@type":"ImageObject","inLanguage":"pt-BR","@id":"https:\/\/secure.gravatar.com\/avatar\/8ed7492c4d88d8495bc0cb24cda6847b8ae23eec459a919e08e77d0ca0fd79ec?s=96&d=mm&r=g","url":"https:\/\/secure.gravatar.com\/avatar\/8ed7492c4d88d8495bc0cb24cda6847b8ae23eec459a919e08e77d0ca0fd79ec?s=96&d=mm&r=g","contentUrl":"https:\/\/secure.gravatar.com\/avatar\/8ed7492c4d88d8495bc0cb24cda6847b8ae23eec459a919e08e77d0ca0fd79ec?s=96&d=mm&r=g","caption":"F\u00e1bio Scaldelai"},"description":"Jornalista no Estrat\u00e9gia Concursos e Produtor de Televis\u00e3o, formado em Jornalismo, R\u00e1dio e TV pela Faculdade Integrada Rio Branco, com especializa\u00e7\u00f5es em Gest\u00e3o Empresarial e Marketing pelo M\u00f3dulo. Atuou como produtor no SBT, TV Bandeirantes e R\u00e1dio Band FM, al\u00e9m de acumular tr\u00eas anos de experi\u00eancia no setor de concursos p\u00fablicos pela LFG (Luiz Fl\u00e1vio Gomes). No Estrat\u00e9gia Concursos, atua na apura\u00e7\u00e3o de not\u00edcias da \u00e1rea fiscal, al\u00e9m de coberturas sobre concursos das \u00e1reas de controle (TCU, TCE, etc), concurso AFT, \u00e1rea de gest\u00e3o e administrativa, bem como dos \u00f3rg\u00e3os participantes do CNU. Tamb\u00e9m possui experi\u00eancia em link building e an\u00e1lise de m\u00eddia, adquirida durante sua atua\u00e7\u00e3o na ag\u00eancia SEO Marketing.","url":"https:\/\/www.estrategiaconcursos.com.br\/blog\/author\/fabio-scaldelaiestrategiaconcursos-com-br\/"}]}},"_links":{"self":[{"href":"https:\/\/www.estrategiaconcursos.com.br\/blog\/wp-json\/wp\/v2\/posts\/1107150","targetHints":{"allow":["GET"]}}],"collection":[{"href":"https:\/\/www.estrategiaconcursos.com.br\/blog\/wp-json\/wp\/v2\/posts"}],"about":[{"href":"https:\/\/www.estrategiaconcursos.com.br\/blog\/wp-json\/wp\/v2\/types\/post"}],"author":[{"embeddable":true,"href":"https:\/\/www.estrategiaconcursos.com.br\/blog\/wp-json\/wp\/v2\/users\/656"}],"replies":[{"embeddable":true,"href":"https:\/\/www.estrategiaconcursos.com.br\/blog\/wp-json\/wp\/v2\/comments?post=1107150"}],"version-history":[{"count":15,"href":"https:\/\/www.estrategiaconcursos.com.br\/blog\/wp-json\/wp\/v2\/posts\/1107150\/revisions"}],"predecessor-version":[{"id":1138018,"href":"https:\/\/www.estrategiaconcursos.com.br\/blog\/wp-json\/wp\/v2\/posts\/1107150\/revisions\/1138018"}],"wp:featuredmedia":[{"embeddable":true,"href":"https:\/\/www.estrategiaconcursos.com.br\/blog\/wp-json\/wp\/v2\/media\/729758"}],"wp:attachment":[{"href":"https:\/\/www.estrategiaconcursos.com.br\/blog\/wp-json\/wp\/v2\/media?parent=1107150"}],"wp:term":[{"taxonomy":"category","embeddable":true,"href":"https:\/\/www.estrategiaconcursos.com.br\/blog\/wp-json\/wp\/v2\/categories?post=1107150"},{"taxonomy":"post_tag","embeddable":true,"href":"https:\/\/www.estrategiaconcursos.com.br\/blog\/wp-json\/wp\/v2\/tags?post=1107150"},{"taxonomy":"tax_estado","embeddable":true,"href":"https:\/\/www.estrategiaconcursos.com.br\/blog\/wp-json\/wp\/v2\/tax_estado?post=1107150"}],"curies":[{"name":"wp","href":"https:\/\/api.w.org\/{rel}","templated":true}]}}