{"id":110655,"date":"2018-03-12T18:25:01","date_gmt":"2018-03-12T21:25:01","guid":{"rendered":"https:\/\/www.estrategiaconcursos.com.br\/blog\/?p=110655"},"modified":"2018-03-17T18:45:22","modified_gmt":"2018-03-17T21:45:22","slug":"ciencias-humanas-abin-gabarito-extraoficial","status":"publish","type":"post","link":"https:\/\/www.estrategiaconcursos.com.br\/blog\/ciencias-humanas-abin-gabarito-extraoficial\/","title":{"rendered":"Ci\u00eancias Humanas &#8211; ABIN &#8211; Gabarito Extraoficial"},"content":{"rendered":"<p style=\"text-align: justify\">Ol\u00e1 pessoal,<\/p>\n<p style=\"text-align: justify\">Segue o gabarito extraoficial elaborado conjuntamente com o <span style=\"color: #0000ff\"><strong>professor S\u00e9rgio Henrique<\/strong><\/span>. Para um cargo de n\u00edvel m\u00e9dio, foi uma prova de elevad\u00edssima dificuldade, em um n\u00edvel igual ou acima dos cargos de n\u00edvel superior.<\/p>\n<p style=\"text-align: justify\">Contudo, quem estudou pelos nossos cursos pr\u00e9-edital e p\u00f3s-edital e acompanhou as aulas mensais de Atualidades de Retrospectiva do M\u00eas Anterior tinha todos os elementos para ter um excelente desempenho na prova.<\/p>\n<p style=\"text-align: justify\">Mais tarde, vamos atualizando este artigo, publicando os nossos coment\u00e1rios sobre cada quest\u00e3o.<\/p>\n<p style=\"text-align: center\"><strong>**********<\/strong><\/p>\n<p style=\"text-align: justify\">Com refer\u00eancia \u00e0 divis\u00e3o inter-regional do trabalho e da produ\u00e7\u00e3o no Brasil, julgue os itens a seguir.<\/p>\n<p style=\"text-align: justify\">81. Com a globaliza\u00e7\u00e3o e as exig\u00eancias do mercado global todo o territ\u00f3rio nacional se inseriu em din\u00e2micas de competi\u00e7\u00e3o internacional ligadas \u00e0 exporta\u00e7\u00e3o de produtos agropecu\u00e1rios e industriais ou nas atividades de suporte ao circuito superior e inferior da economia, gerando ciclos de desenvolvimento econ\u00f4mico.<\/p>\n<p style=\"text-align: justify\"><strong>Gabarito: Errado<\/strong><\/p>\n<p style=\"text-align: justify\">82. As atividades corporativas de empresas nacionais e internacionais (produ\u00e7\u00e3o, circula\u00e7\u00e3o, distribui\u00e7\u00e3o e consumo) integram partes expressivas do territ\u00f3rio brasileiro, por meio de redes de infraestruturas, de informa\u00e7\u00e3o e comunica\u00e7\u00e3o.<\/p>\n<p style=\"text-align: justify\"><strong>Gabarito: Certo<\/strong><\/p>\n<p style=\"text-align: justify\">83. A Zona Franca de Manaus \u00e9 uma concentra\u00e7\u00e3o industrial que, apesar de distar dos grandes centros urbanos e consumidores do centro-sul do pa\u00eds, se articula a praticamente todo o territ\u00f3rio nacional, ilustrando o processo de privatiza\u00e7\u00e3o do territ\u00f3rio por meio do uso privado de recursos p\u00fablicos.<\/p>\n<p style=\"text-align: justify\"><strong>Gabarito: Errado<\/strong><\/p>\n<p style=\"text-align: justify\">84. A partir da reestrutura\u00e7\u00e3o produtiva do territ\u00f3rio brasileiro, imposta pela globaliza\u00e7\u00e3o, tr\u00eas das principais metr\u00f3poles nacionais, S\u00e3o Paulo, Rio de Janeiro e Bras\u00edlia, passaram a ter rela\u00e7\u00f5es de complementaridade e de coopera\u00e7\u00e3o: enquanto S\u00e3o Paulo emergiu como pot\u00eancia industrial e o Rio de Janeiro expandiu sua relev\u00e2ncia econ\u00f4mica, Bras\u00edlia se consolidou como o centro pol\u00edtico do territ\u00f3rio.<\/p>\n<p style=\"text-align: justify\"><strong>Gabarito: Certo<\/strong><\/p>\n<p style=\"text-align: justify\">Julgue os itens subsequentes, acerca da estrutura urbana brasileira e das grandes metr\u00f3poles nacionais.<\/p>\n<p style=\"text-align: justify\">85. A organiza\u00e7\u00e3o do espa\u00e7o urbano em \u00e1reas industriais, \u00e1reas de lazer, espa\u00e7os p\u00fablicos e locais de consumo e a distribui\u00e7\u00e3o dos meios de transporte e dos servi\u00e7os p\u00fablicos de sa\u00fade e educa\u00e7\u00e3o s\u00e3o determinadas pelo plano diretor de uso e ocupa\u00e7\u00e3o do solo, o qual promove uma cidade mais igualit\u00e1ria e menos segregadora.<\/p>\n<p style=\"text-align: justify\"><strong>Gabarito: Errado<\/strong><\/p>\n<p style=\"text-align: justify\">86. As desigualdades sociais se refletem no espa\u00e7o urbano e as formas produzidas s\u00e3o distintas em fun\u00e7\u00e3o de cada contexto territorial. As estruturas de formas urbanas das cidades dos pa\u00edses mais ricos da Europa e Am\u00e9rica Anglo-sax\u00f4nica s\u00e3o totalmente diversas daquelas das cidades latino americanas e africanas.<\/p>\n<p style=\"text-align: justify\"><strong>Gabarito: Certo<\/strong><\/p>\n<p style=\"text-align: justify\">87. A grande cidade capitalista costuma dispor de \u00e1reas consolidadas, envelhecidas ou em processo de renova\u00e7\u00e3o, criadas em diferentes momentos do tempo, somadas a paisagens constru\u00eddas recentemente.<\/p>\n<p style=\"text-align: justify\"><strong>Gabarito: Certo<\/strong><\/p>\n<p style=\"text-align: justify\">Julgue os itens subsequentes, a respeito da evolu\u00e7\u00e3o da estrutura fundi\u00e1ria rural e dos movimentos demogr\u00e1ficos no territ\u00f3rio brasileiro.<\/p>\n<p style=\"text-align: justify\">88. A gera\u00e7\u00e3o de emprego altamente especializado intensifica a divis\u00e3o social do trabalho no campo e a concentra\u00e7\u00e3o de empregos nos complexos agroindustriais especializados localizados em cidades m\u00e9dias, acima de 100 mil habitantes, bem como o trabalho sazonal, causando um processo migrat\u00f3rio recente no Brasil: a migra\u00e7\u00e3o de descendentes (de cidades pequenas para cidades m\u00e9dias) de profissionais especializados no agroneg\u00f3cio que migram em raz\u00e3o do per\u00edodo de safra e entressafra.<\/p>\n<p style=\"text-align: justify\"><strong>Gabarito: Errado<\/strong><\/p>\n<p style=\"text-align: justify\">89. A internacionaliza\u00e7\u00e3o da agropecu\u00e1ria brasileira ainda \u00e9 totalmente dependente de investimentos de conglomerados e empresas estrangeiras que compram empresas nacionais do setor e terras para o cultivo.<\/p>\n<p style=\"text-align: justify\"><strong>Gabarito: Errado<\/strong><\/p>\n<p style=\"text-align: justify\">90. A agricultura cient\u00edfica e o agroneg\u00f3cio t\u00eam impacto direto na concentra\u00e7\u00e3o fundi\u00e1ria e no mercado de trabalho no campo, pois as empresas agr\u00edcolas compram ou arrendam vastas extens\u00f5es de terra para o cultivo e geram empregos especializados, impondo novas rela\u00e7\u00f5es de trabalho para os agricultores, que n\u00e3o t\u00eam condi\u00e7\u00f5es t\u00e9cnicas e financeiras para competir com esse modelo de agricultura.<\/p>\n<p style=\"text-align: justify\"><strong>Gabarito: Certo<\/strong><\/p>\n<p style=\"text-align: justify\">91. Por fazer uso de tecnologias que ampliam sua independ\u00eancia do espa\u00e7o urbano, o campo n\u00e3o gera empregos necess\u00e1rios para o desenvolvimento de muitos dos munic\u00edpios de pequeno porte demogr\u00e1fico inseridos em regi\u00f5es produtivas do agroneg\u00f3cio no Brasil.<\/p>\n<p style=\"text-align: justify\"><strong>Gabarito: Errado<\/strong><\/p>\n<p style=\"text-align: justify\">Acerca da integra\u00e7\u00e3o da ind\u00fastria \u00e0 estrutura urbana no Brasil, julgue os pr\u00f3ximos itens.<\/p>\n<p style=\"text-align: justify\">92. Devido \u00e0 organiza\u00e7\u00e3o produtiva de seu territ\u00f3rio, o Brasil \u00e9 um espa\u00e7o nacional do mercado global.<\/p>\n<p style=\"text-align: justify\"><strong>Gabarito: Certo<\/strong><\/p>\n<p style=\"text-align: justify\">93. A quantidade expressiva de pessoas em situa\u00e7\u00e3o de pobreza extrema nas grandes cidades \u00e9 uma barreira \u00e0 expans\u00e3o do cr\u00e9dito e da bolsa de valores no mercado brasileiro; o expressivo n\u00famero de consumidores com baixa renda e com d\u00e9bitos em atraso implica limita\u00e7\u00f5es ao cr\u00e9dito e \u00e0 financeiriza\u00e7\u00e3o da economia brasileira.<\/p>\n<p style=\"text-align: justify\"><strong>Gabarito: Errado<\/strong><\/p>\n<p style=\"text-align: justify\">94. A especializa\u00e7\u00e3o das cidades acentua a divis\u00e3o interurbana do trabalho; por isso, no estado de S\u00e3o Paulo, encontram-se cidades em que prevalecem empresas globais ligadas \u00e0 produ\u00e7\u00e3o de mat\u00e9rias-primas regionais, cidades especializadas em novas tecnologias, bem como cidades universit\u00e1rias, locais onde as institui\u00e7\u00f5es de ensino superior direcionam o desenvolvimento local.<\/p>\n<p style=\"text-align: justify\"><strong>Gabarito: Certo<\/strong><\/p>\n<p style=\"text-align: justify\">95. O territ\u00f3rio brasileiro disp\u00f5e de \u00e1reas onde a globaliza\u00e7\u00e3o \u00e9 absoluta, ou seja, \u00e1reas nas quais a produ\u00e7\u00e3o, a circula\u00e7\u00e3o, a distribui\u00e7\u00e3o e a informa\u00e7\u00e3o atendem aos interesses de grandes empresas multinacionais.<\/p>\n<p style=\"text-align: justify\"><strong>Gabarito: Certo<\/strong><\/p>\n<p style=\"text-align: justify\">A f\u00e1brica global instala-se al\u00e9m de toda e qualquer fronteira, articulando capital, tecnologia, for\u00e7a de trabalho, divis\u00e3o do trabalho social e outras for\u00e7as produtivas. Acompanhada pela publicidade, a m\u00eddia impressa e eletr\u00f4nica, a ind\u00fastria cultural, misturada em jornais, revistas, livros, programas de r\u00e1dio, emiss\u00f5es de televis\u00e3o, videoclipes, fax, redes de computadores e outros meios de comunica\u00e7\u00e3o, informa\u00e7\u00e3o e fabula\u00e7\u00e3o, dissolve fronteiras, agiliza os mercados, generaliza o consumismo. Provoca a desterritorializa\u00e7\u00e3o e reterritorializa\u00e7\u00e3o das coisas, gentes e ideias. Promove o redimensionamento de espa\u00e7os e tempos.<\/p>\n<p style=\"text-align: justify\">Considerando o texto precedente e os m\u00faltiplos aspectos a ele relacionados, julgue os itens seguintes.<\/p>\n<p style=\"text-align: justify\">96. O processo de globaliza\u00e7\u00e3o se manifesta em todas as regi\u00f5es do globo, de forma indiscriminada, tornando-as homog\u00eaneas, com a finalidade de atender \u00e0s necessidades do capital.<\/p>\n<p style=\"text-align: justify\"><strong>Gabarito: Errado<\/strong><\/p>\n<p style=\"text-align: justify\">97. A globaliza\u00e7\u00e3o fortaleceu setores relacionados \u00e0 tecnologia, propiciando a expans\u00e3o de corpora\u00e7\u00f5es desses setores e a consolida\u00e7\u00e3o de uma bolsa de valores voltada para empresas desse segmento.<\/p>\n<p style=\"text-align: justify\"><strong>Gabarito: Certo<\/strong><\/p>\n<p style=\"text-align: justify\">98. A reestrutura\u00e7\u00e3o produtiva promoveu a intensifica\u00e7\u00e3o dos fluxos de capitais produtivos e financeiros, acentuando a divis\u00e3o do trabalho entre os pa\u00edses e a novas formas de organizar produ\u00e7\u00e3o.<\/p>\n<p style=\"text-align: justify\"><strong>Gabarito: Certo<\/strong><\/p>\n<p style=\"text-align: justify\">99. A Organiza\u00e7\u00e3o Mundial de Sa\u00fade (OMS) classifica alguns comportamentos associados \u00e0 depend\u00eancia tecnol\u00f3gica, um dos efeitos mais recentes da globaliza\u00e7\u00e3o, como patologias.<\/p>\n<p style=\"text-align: justify\"><strong>Gabarito: Certo<\/strong><\/p>\n<p style=\"text-align: justify\">100. O processo de internacionaliza\u00e7\u00e3o da economia capitalista, que culminou na denominada globaliza\u00e7\u00e3o, \u00e9 um fen\u00f4meno nascido no contexto do neoliberalismo que marcou o final do s\u00e9culo XX.<\/p>\n<p style=\"text-align: justify\"><strong>Gabarito: Errado<\/strong><\/p>\n<p style=\"text-align: justify\">No que se refere aos sistemas pol\u00edtico-econ\u00f4micos contempor\u00e2neos e suas \u00e1reas de influ\u00eancia e disputa, julgue os itens a seguir.<\/p>\n<p style=\"text-align: justify\">101. A nova rota da seda constitui um ambicioso projeto de integra\u00e7\u00e3o da China em rela\u00e7\u00e3o a pa\u00edses asi\u00e1ticos, africanos e europeus, com investimentos na ordem de um trilh\u00e3o de d\u00f3lares para angariar novos parceiros econ\u00f4micos e confrontar a hegemonia dos Estados Unidos da Am\u00e9rica.<\/p>\n<p style=\"text-align: justify\"><strong>Gabarito: Certo<\/strong><\/p>\n<p style=\"text-align: justify\">102. A prote\u00e7\u00e3o dada pela China \u00e0 Coreia do Norte tem rela\u00e7\u00e3o direta com o alinhamento geopol\u00edtico e militar que a por\u00e7\u00e3o sul da pen\u00ednsula coreana tem com os Estados Unidos da Am\u00e9rica, que mant\u00eam grandes bases e contingentes militares na Coreia do Sul, e busca evitar a hegemonia americana na regi\u00e3o.<\/p>\n<p style=\"text-align: justify\"><strong>Gabarito: Certo<\/strong><\/p>\n<p style=\"text-align: justify\">103. A manuten\u00e7\u00e3o da lideran\u00e7a econ\u00f4mica e militar da China depende do controle da popula\u00e7\u00e3o, o que levou o governo do pa\u00eds a refor\u00e7ar a pol\u00edtica do filho \u00fanico institu\u00edda desde a Revolu\u00e7\u00e3o Cultural.<\/p>\n<p style=\"text-align: justify\"><strong>Gabarito: Errado<\/strong><\/p>\n<p style=\"text-align: justify\">104. Neo-eurasianismo \u00e9 um termo empregado para se referir \u00e0 a\u00e7\u00e3o da R\u00fassia nas na\u00e7\u00f5es do antigo bloco sovi\u00e9tico, bem como naquelas que est\u00e3o no seu entorno e s\u00e3o estrat\u00e9gias para seu projeto de poder.<\/p>\n<p style=\"text-align: justify\"><strong>Gabarito: Certo<\/strong><\/p>\n<p style=\"text-align: center\"><img loading=\"lazy\" decoding=\"async\" src=\"https:\/\/encrypted-tbn2.gstatic.com\/images?q=tbn:ANd9GcTAxZ3bDdS3zuM6uhMObZlG-QQr-kBLjx_6xWHMARLMSCCPHClg3WOP\" alt=\"\" width=\"183\" height=\"102\" \/><\/p>\n<p style=\"text-align: justify\">A ilustra\u00e7\u00e3o precedente remete ao processo de retirada do Reino Unido da Uni\u00e3o Europeia, conhecido como Brexit. A respeito desse assunto e de aspectos a ele relacionados, julgue os pr\u00f3ximos itens.<\/p>\n<p style=\"text-align: justify\">105. O resultado do plebiscito sobre o Brexit representou a vontade de todas as na\u00e7\u00f5es integrantes do Reino Unido, cujas popula\u00e7\u00f5es receavam o aumento crescente de imigrantes no Reino Unido, decorrente da institui\u00e7\u00e3o de normas de migra\u00e7\u00e3o pouco restritivas pelos pa\u00edses integrantes da Uni\u00e3o Europeia.<\/p>\n<p style=\"text-align: justify\"><strong>Gabarito: Errado<\/strong><\/p>\n<p style=\"text-align: justify\">106. O voto a favor do Brexit foi majorit\u00e1rio nas grandes cidades e nas regi\u00f5es mais ricas do Reino Unido, que se consideram amea\u00e7adas pela competi\u00e7\u00e3o de outras na\u00e7\u00f5es do bloco.<\/p>\n<p style=\"text-align: justify\"><strong>Gabarito: Errado<\/strong><\/p>\n<p style=\"text-align: justify\">107. As medidas protecionistas dos pa\u00edses integrantes da Uni\u00e3o Europeia foram o principal motivo para que o governo conservador do Reino Unido propusesse o Brexit.<\/p>\n<p style=\"text-align: justify\"><strong>Gabarito: Errado<\/strong><\/p>\n<p style=\"text-align: justify\">108. O Brexit decorre da aplica\u00e7\u00e3o do artigo n.\u00b0 50 do Tratado de Lisboa, que estabelece regras para os pa\u00edses que desejarem deixar a Uni\u00e3o Europeia.<\/p>\n<p style=\"text-align: justify\"><strong>Gabarito: Certo<\/strong><\/p>\n<p style=\"text-align: center\"><img loading=\"lazy\" decoding=\"async\" class=\"aligncenter\" src=\"https:\/\/cdnbr1.img.sputniknews.com\/images\/857\/45\/8574592.jpg\" alt=\"\" width=\"330\" height=\"210\" \/><\/p>\n<p style=\"text-align: justify\">A charge precedente remete a recente crise entre o Qatar e seus vizinhos no Oriente M\u00e9dio. A respeito desse assunto e de aspectos a ele relacionados, julgue os itens subsequentes.<\/p>\n<p style=\"text-align: justify\">109. O Qatar hospeda dez mil soldados americanos e abriga a sede do comando central dos militares americanos no Oriente M\u00e9dio.<\/p>\n<p style=\"text-align: justify\"><strong>Gabarito: Certo<\/strong><\/p>\n<p style=\"text-align: justify\">110. O fechamento da \u00fanica fronteira terrestre do pa\u00eds, com a Ar\u00e1bia Saudita, impediu o tr\u00e1fego de mercadorias e resultou na escassez de alimentos, que tiveram de ser transportados por via a\u00e9rea.<\/p>\n<p style=\"text-align: justify\"><strong>Gabarito: Certo<\/strong><\/p>\n<p style=\"text-align: justify\">111. No centro da referida crise est\u00e1 a rela\u00e7\u00e3o entre Israel e Qatar, pa\u00eds oponente da Ar\u00e1bia Saudita em diversos conflitos, a exemplo das guerras do Iraque da S\u00edria.<\/p>\n<p style=\"text-align: justify\"><strong>Gabarito: Errado<\/strong><\/p>\n<p style=\"text-align: justify\">112. A crise se iniciou ap\u00f3s uma visita do atual presidente dos Estados Unidos da Am\u00e9rica, Donald Trump, a pa\u00edses vizinhos do Qatar, quando o presidente criticou o emirado por oferecer apoio ao Ir\u00e3, pa\u00eds que \u00e9 visto pelo governo norte-americano como um Estado que fomenta o terrorismo.<\/p>\n<p style=\"text-align: justify\"><strong>Gabarito<\/strong>:\u00a0<strong>Certo<\/strong><\/p>\n<p style=\"text-align: justify\">De acordo com a Organiza\u00e7\u00e3o das Na\u00e7\u00f5es Unidas (ONU), o n\u00famero de megacidades no mundo aumentou de quatorze, em 1995, para vinte e nove, em 2015. Com rela\u00e7\u00e3o a esse fen\u00f4meno de urbaniza\u00e7\u00e3o da sociedade contempor\u00e2nea, julgue os itens a seguir.<\/p>\n<p style=\"text-align: justify\">113. O conceito de megacidade coincide com o de cidade global.<\/p>\n<p style=\"text-align: justify\"><strong>Gabarito:\u00a0Errado<\/strong><\/p>\n<p style=\"text-align: justify\">114. Denominam-se megacidades as \u00e1reas urbanas com popula\u00e7\u00e3o superior a dez milh\u00f5es de habitantes.<\/p>\n<p style=\"text-align: justify\"><strong>Gabarito:\u00a0Certo<\/strong><\/p>\n<p style=\"text-align: justify\">115. A maior parte das megacidades est\u00e1 localizada em pa\u00edses desenvolvidos, que possuem altos \u00edndices de urbaniza\u00e7\u00e3o.<\/p>\n<p style=\"text-align: justify\"><strong>Gabarito:\u00a0Errado<\/strong><\/p>\n<p style=\"text-align: justify\">116. Os problemas de sa\u00fade f\u00edsica e mental decorrentes da vida nas megacidades levou ao surgimento da \u00e1rea do conhecimento denominada neuro-urbanismo.<\/p>\n<p style=\"text-align: justify\"><strong>Gabarito:\u00a0Certo<\/strong><\/p>\n<p style=\"text-align: justify\">No que se refere \u00e0s din\u00e2micas pol\u00edtica e econ\u00f4micas do Mercado Comum do Sul (MERCOSUL) e de outros blocos econ\u00f4micos, julgue os itens subsequentes.<\/p>\n<p style=\"text-align: justify\">117. Nos \u00faltimos anos o Paraguai vem atraindo ind\u00fastrias brasileiras por interm\u00e9dio da Lei das Maquilas, em um processo semelhante ao ocorrido no M\u00e9xico, quando da forma\u00e7\u00e3o do NAFTA.<\/p>\n<p style=\"text-align: justify\"><strong>Gabarito:\u00a0Certo<\/strong><\/p>\n<p style=\"text-align: justify\">118. A dimens\u00e3o pol\u00edtica do bloco inclui o Parlamento do Mercosul (PARLASUL), criado em 2005 como \u00f3rg\u00e3o de representa\u00e7\u00e3o dos povos do MERCOSUL, cuja sede \u00e9 rotativa, assim como a presid\u00eancia do bloco.<\/p>\n<p style=\"text-align: justify\"><strong>Gabarito:\u00a0Errado<\/strong><\/p>\n<p style=\"text-align: justify\">119. A maior parte das mercadorias fabricadas nos pa\u00edses-membros do bloco pode ser comercializada internamente sem tarifa de importa\u00e7\u00e3o; para diversos itens, as tarifas externas s\u00e3o padronizadas.<\/p>\n<p style=\"text-align: justify\"><strong>Gabarito:\u00a0Certo<\/strong><\/p>\n<p style=\"text-align: justify\">120. O Brasil \u00e9 o maior contribuinte do Fundo para a Converg\u00eancia Estrutural do MERCOSUL (FOCEM), que entrou em opera\u00e7\u00e3o em janeiro de 2007 com a aprova\u00e7\u00e3o dos primeiros projetos a serem financiados com recursos comunit\u00e1rios para fomentar a consolida\u00e7\u00e3o do processo de integra\u00e7\u00e3o.<\/p>\n<p style=\"text-align: justify\"><strong>Gabarito: Certo<\/strong><\/p>\n<p style=\"text-align: center\"><strong>**********<\/strong><\/p>\n<p style=\"text-align: justify\">Sucesso no concurso!<\/p>\n<p style=\"text-align: justify\">Profs. Leandro Signori e S\u00e9rgio Henrique<\/p>\n","protected":false},"excerpt":{"rendered":"<p>Ol\u00e1 pessoal, Segue o gabarito extraoficial elaborado conjuntamente com o professor S\u00e9rgio Henrique. Para um cargo de n\u00edvel m\u00e9dio, foi uma prova de elevad\u00edssima dificuldade, em um n\u00edvel igual ou acima dos cargos de n\u00edvel superior. Contudo, quem estudou pelos nossos cursos pr\u00e9-edital e p\u00f3s-edital e acompanhou as aulas mensais de Atualidades de Retrospectiva do [&hellip;]<\/p>\n","protected":false},"author":306,"featured_media":0,"comment_status":"open","ping_status":"closed","sticky":false,"template":"","format":"standard","meta":{"post_tipo":"article","footnotes":""},"categories":[1],"tags":[744,2410],"tax_estado":[],"class_list":["post-110655","post","type-post","status-publish","format-standard","hentry","category-cursos-e-concursos","tag-abin","tag-ciencias-humanas"],"acf":[],"yoast_head":"<!-- This site is optimized with the Yoast SEO Premium plugin v27.2 (Yoast SEO v27.2) - https:\/\/yoast.com\/product\/yoast-seo-premium-wordpress\/ -->\n<title>Ci\u00eancias Humanas - ABIN - Gabarito Extraoficial<\/title>\n<meta name=\"robots\" content=\"index, follow, max-snippet:-1, max-image-preview:large, max-video-preview:-1\" \/>\n<link rel=\"canonical\" href=\"https:\/\/www.estrategiaconcursos.com.br\/blog\/ciencias-humanas-abin-gabarito-extraoficial\/\" \/>\n<meta property=\"og:locale\" content=\"pt_BR\" \/>\n<meta property=\"og:type\" content=\"article\" \/>\n<meta property=\"og:title\" content=\"Ci\u00eancias Humanas - ABIN - Gabarito Extraoficial\" \/>\n<meta property=\"og:description\" content=\"Ol\u00e1 pessoal, Segue o gabarito extraoficial elaborado conjuntamente com o professor S\u00e9rgio Henrique. Para um cargo de n\u00edvel m\u00e9dio, foi uma prova de elevad\u00edssima dificuldade, em um n\u00edvel igual ou acima dos cargos de n\u00edvel superior. Contudo, quem estudou pelos nossos cursos pr\u00e9-edital e p\u00f3s-edital e acompanhou as aulas mensais de Atualidades de Retrospectiva do [&hellip;]\" \/>\n<meta property=\"og:url\" content=\"https:\/\/www.estrategiaconcursos.com.br\/blog\/ciencias-humanas-abin-gabarito-extraoficial\/\" \/>\n<meta property=\"og:site_name\" content=\"Estrat\u00e9gia Concursos\" \/>\n<meta property=\"article:author\" content=\"https:\/\/www.facebook.com\/leandrosignoriatualidades\/\" \/>\n<meta property=\"article:published_time\" content=\"2018-03-12T21:25:01+00:00\" \/>\n<meta property=\"article:modified_time\" content=\"2018-03-17T21:45:22+00:00\" \/>\n<meta property=\"og:image\" content=\"https:\/\/encrypted-tbn2.gstatic.com\/images?q=tbn:ANd9GcTAxZ3bDdS3zuM6uhMObZlG-QQr-kBLjx_6xWHMARLMSCCPHClg3WOP\" \/>\n<meta name=\"author\" content=\"Leandro Signori\" \/>\n<meta name=\"twitter:card\" content=\"summary_large_image\" \/>\n<meta name=\"twitter:creator\" content=\"@EstratConcursos\" \/>\n<meta name=\"twitter:site\" content=\"@EstratConcursos\" \/>\n<meta name=\"twitter:label1\" content=\"Escrito por\" \/>\n\t<meta name=\"twitter:data1\" content=\"Leandro Signori\" \/>\n\t<meta name=\"twitter:label2\" content=\"Est. tempo de leitura\" \/>\n\t<meta name=\"twitter:data2\" content=\"11 minutos\" \/>\n<script type=\"application\/ld+json\" class=\"yoast-schema-graph\">{\"@context\":\"https:\/\/schema.org\",\"@graph\":[{\"@type\":\"NewsArticle\",\"@id\":\"https:\/\/www.estrategiaconcursos.com.br\/blog\/ciencias-humanas-abin-gabarito-extraoficial\/#article\",\"isPartOf\":{\"@id\":\"https:\/\/www.estrategiaconcursos.com.br\/blog\/ciencias-humanas-abin-gabarito-extraoficial\/\"},\"author\":{\"name\":\"Leandro Signori\",\"@id\":\"https:\/\/www.estrategiaconcursos.com.br\/blog\/#\/schema\/person\/d2e7d78de4b9d6ba51cc24fd558a7f42\"},\"headline\":\"Ci\u00eancias Humanas &#8211; ABIN &#8211; Gabarito Extraoficial\",\"datePublished\":\"2018-03-12T21:25:01+00:00\",\"dateModified\":\"2018-03-17T21:45:22+00:00\",\"mainEntityOfPage\":{\"@id\":\"https:\/\/www.estrategiaconcursos.com.br\/blog\/ciencias-humanas-abin-gabarito-extraoficial\/\"},\"wordCount\":2113,\"commentCount\":0,\"publisher\":{\"@id\":\"https:\/\/www.estrategiaconcursos.com.br\/blog\/#organization\"},\"image\":{\"@id\":\"https:\/\/www.estrategiaconcursos.com.br\/blog\/ciencias-humanas-abin-gabarito-extraoficial\/#primaryimage\"},\"thumbnailUrl\":\"https:\/\/encrypted-tbn2.gstatic.com\/images?q=tbn:ANd9GcTAxZ3bDdS3zuM6uhMObZlG-QQr-kBLjx_6xWHMARLMSCCPHClg3WOP\",\"keywords\":[\"ABIN\",\"Ci\u00eancias Humanas\"],\"articleSection\":[\"Concursos P\u00fablicos\"],\"inLanguage\":\"pt-BR\",\"potentialAction\":[{\"@type\":\"CommentAction\",\"name\":\"Comment\",\"target\":[\"https:\/\/www.estrategiaconcursos.com.br\/blog\/ciencias-humanas-abin-gabarito-extraoficial\/#respond\"]}],\"copyrightYear\":\"2018\",\"copyrightHolder\":{\"@id\":\"https:\/\/www.estrategiaconcursos.com.br\/blog\/#organization\"}},{\"@type\":\"WebPage\",\"@id\":\"https:\/\/www.estrategiaconcursos.com.br\/blog\/ciencias-humanas-abin-gabarito-extraoficial\/\",\"url\":\"https:\/\/www.estrategiaconcursos.com.br\/blog\/ciencias-humanas-abin-gabarito-extraoficial\/\",\"name\":\"Ci\u00eancias Humanas - ABIN - Gabarito Extraoficial\",\"isPartOf\":{\"@id\":\"https:\/\/www.estrategiaconcursos.com.br\/blog\/#website\"},\"primaryImageOfPage\":{\"@id\":\"https:\/\/www.estrategiaconcursos.com.br\/blog\/ciencias-humanas-abin-gabarito-extraoficial\/#primaryimage\"},\"image\":{\"@id\":\"https:\/\/www.estrategiaconcursos.com.br\/blog\/ciencias-humanas-abin-gabarito-extraoficial\/#primaryimage\"},\"thumbnailUrl\":\"https:\/\/encrypted-tbn2.gstatic.com\/images?q=tbn:ANd9GcTAxZ3bDdS3zuM6uhMObZlG-QQr-kBLjx_6xWHMARLMSCCPHClg3WOP\",\"datePublished\":\"2018-03-12T21:25:01+00:00\",\"dateModified\":\"2018-03-17T21:45:22+00:00\",\"breadcrumb\":{\"@id\":\"https:\/\/www.estrategiaconcursos.com.br\/blog\/ciencias-humanas-abin-gabarito-extraoficial\/#breadcrumb\"},\"inLanguage\":\"pt-BR\",\"potentialAction\":[{\"@type\":\"ReadAction\",\"target\":[\"https:\/\/www.estrategiaconcursos.com.br\/blog\/ciencias-humanas-abin-gabarito-extraoficial\/\"]}]},{\"@type\":\"ImageObject\",\"inLanguage\":\"pt-BR\",\"@id\":\"https:\/\/www.estrategiaconcursos.com.br\/blog\/ciencias-humanas-abin-gabarito-extraoficial\/#primaryimage\",\"url\":\"https:\/\/encrypted-tbn2.gstatic.com\/images?q=tbn:ANd9GcTAxZ3bDdS3zuM6uhMObZlG-QQr-kBLjx_6xWHMARLMSCCPHClg3WOP\",\"contentUrl\":\"https:\/\/encrypted-tbn2.gstatic.com\/images?q=tbn:ANd9GcTAxZ3bDdS3zuM6uhMObZlG-QQr-kBLjx_6xWHMARLMSCCPHClg3WOP\"},{\"@type\":\"BreadcrumbList\",\"@id\":\"https:\/\/www.estrategiaconcursos.com.br\/blog\/ciencias-humanas-abin-gabarito-extraoficial\/#breadcrumb\",\"itemListElement\":[{\"@type\":\"ListItem\",\"position\":1,\"name\":\"In\u00edcio\",\"item\":\"https:\/\/www.estrategiaconcursos.com.br\/blog\/\"},{\"@type\":\"ListItem\",\"position\":2,\"name\":\"Ci\u00eancias Humanas &#8211; ABIN &#8211; Gabarito Extraoficial\"}]},{\"@type\":\"WebSite\",\"@id\":\"https:\/\/www.estrategiaconcursos.com.br\/blog\/#website\",\"url\":\"https:\/\/www.estrategiaconcursos.com.br\/blog\/\",\"name\":\"Estrat\u00e9gia Concursos\",\"description\":\"O blog da Estrat\u00e9gia Concursos traz not\u00edcias sobre concursos e artigos de professores oferecendo cursos para concursos (pdf + videaulas) no site.\",\"publisher\":{\"@id\":\"https:\/\/www.estrategiaconcursos.com.br\/blog\/#organization\"},\"potentialAction\":[{\"@type\":\"SearchAction\",\"target\":{\"@type\":\"EntryPoint\",\"urlTemplate\":\"https:\/\/www.estrategiaconcursos.com.br\/blog\/?s={search_term_string}\"},\"query-input\":{\"@type\":\"PropertyValueSpecification\",\"valueRequired\":true,\"valueName\":\"search_term_string\"}}],\"inLanguage\":\"pt-BR\"},{\"@type\":\"Organization\",\"@id\":\"https:\/\/www.estrategiaconcursos.com.br\/blog\/#organization\",\"name\":\"Estrat\u00e9gia Concursos\",\"url\":\"https:\/\/www.estrategiaconcursos.com.br\/blog\/\",\"logo\":{\"@type\":\"ImageObject\",\"inLanguage\":\"pt-BR\",\"@id\":\"https:\/\/www.estrategiaconcursos.com.br\/blog\/#\/schema\/logo\/image\/\",\"url\":\"https:\/\/dhg1h5j42swfq.cloudfront.net\/2025\/06\/03203428\/logo_concursos-1.jpg\",\"contentUrl\":\"https:\/\/dhg1h5j42swfq.cloudfront.net\/2025\/06\/03203428\/logo_concursos-1.jpg\",\"width\":230,\"height\":60,\"caption\":\"Estrat\u00e9gia Concursos\"},\"image\":{\"@id\":\"https:\/\/www.estrategiaconcursos.com.br\/blog\/#\/schema\/logo\/image\/\"},\"sameAs\":[\"https:\/\/x.com\/EstratConcursos\"]},{\"@type\":\"Person\",\"@id\":\"https:\/\/www.estrategiaconcursos.com.br\/blog\/#\/schema\/person\/d2e7d78de4b9d6ba51cc24fd558a7f42\",\"name\":\"Leandro Signori\",\"image\":{\"@type\":\"ImageObject\",\"inLanguage\":\"pt-BR\",\"@id\":\"https:\/\/secure.gravatar.com\/avatar\/aa2ef98e93764dcf1758f52d2792d4b3e4089ee25bc520608dde62ad802ae541?s=96&d=mm&r=g\",\"url\":\"https:\/\/secure.gravatar.com\/avatar\/aa2ef98e93764dcf1758f52d2792d4b3e4089ee25bc520608dde62ad802ae541?s=96&d=mm&r=g\",\"contentUrl\":\"https:\/\/secure.gravatar.com\/avatar\/aa2ef98e93764dcf1758f52d2792d4b3e4089ee25bc520608dde62ad802ae541?s=96&d=mm&r=g\",\"caption\":\"Leandro Signori\"},\"description\":\"Licenciado em Geografia pela Universidade Federal do Rio Grande do Sul (UFRGS) e Bacharel em Geografia pela Uniceub (Bras\u00edlia). Como servidor p\u00fablico, foi funcion\u00e1rio da Prefeitura de S\u00e3o Leopoldo (RS), Prefeitura de Porto Alegre (RS), Companhia Riograndense de Saneamento (Corsan) e Minist\u00e9rio da Integra\u00e7\u00e3o Nacional. \u00c9 professor de Geografia para o ensino m\u00e9dio na rede particular de ensino. Leciona as disciplinas de Atualidades, Conhecimentos Gerais, Geografia, Realidade Brasileira e Hist\u00f3ria, em cursos on line e presenciais preparat\u00f3rios para concursos p\u00fablicos.\",\"sameAs\":[\"https:\/\/www.facebook.com\/leandrosignoriatualidades\/\"],\"url\":\"https:\/\/www.estrategiaconcursos.com.br\/blog\/author\/leandroestrategiaconcursos-com-br\/\"}]}<\/script>\n<!-- \/ Yoast SEO Premium plugin. -->","yoast_head_json":{"title":"Ci\u00eancias Humanas - ABIN - Gabarito Extraoficial","robots":{"index":"index","follow":"follow","max-snippet":"max-snippet:-1","max-image-preview":"max-image-preview:large","max-video-preview":"max-video-preview:-1"},"canonical":"https:\/\/www.estrategiaconcursos.com.br\/blog\/ciencias-humanas-abin-gabarito-extraoficial\/","og_locale":"pt_BR","og_type":"article","og_title":"Ci\u00eancias Humanas - ABIN - Gabarito Extraoficial","og_description":"Ol\u00e1 pessoal, Segue o gabarito extraoficial elaborado conjuntamente com o professor S\u00e9rgio Henrique. Para um cargo de n\u00edvel m\u00e9dio, foi uma prova de elevad\u00edssima dificuldade, em um n\u00edvel igual ou acima dos cargos de n\u00edvel superior. Contudo, quem estudou pelos nossos cursos pr\u00e9-edital e p\u00f3s-edital e acompanhou as aulas mensais de Atualidades de Retrospectiva do [&hellip;]","og_url":"https:\/\/www.estrategiaconcursos.com.br\/blog\/ciencias-humanas-abin-gabarito-extraoficial\/","og_site_name":"Estrat\u00e9gia Concursos","article_author":"https:\/\/www.facebook.com\/leandrosignoriatualidades\/","article_published_time":"2018-03-12T21:25:01+00:00","article_modified_time":"2018-03-17T21:45:22+00:00","og_image":[{"url":"https:\/\/encrypted-tbn2.gstatic.com\/images?q=tbn:ANd9GcTAxZ3bDdS3zuM6uhMObZlG-QQr-kBLjx_6xWHMARLMSCCPHClg3WOP","type":"","width":"","height":""}],"author":"Leandro Signori","twitter_card":"summary_large_image","twitter_creator":"@EstratConcursos","twitter_site":"@EstratConcursos","twitter_misc":{"Escrito por":"Leandro Signori","Est. tempo de leitura":"11 minutos"},"schema":{"@context":"https:\/\/schema.org","@graph":[{"@type":"NewsArticle","@id":"https:\/\/www.estrategiaconcursos.com.br\/blog\/ciencias-humanas-abin-gabarito-extraoficial\/#article","isPartOf":{"@id":"https:\/\/www.estrategiaconcursos.com.br\/blog\/ciencias-humanas-abin-gabarito-extraoficial\/"},"author":{"name":"Leandro Signori","@id":"https:\/\/www.estrategiaconcursos.com.br\/blog\/#\/schema\/person\/d2e7d78de4b9d6ba51cc24fd558a7f42"},"headline":"Ci\u00eancias Humanas &#8211; ABIN &#8211; Gabarito Extraoficial","datePublished":"2018-03-12T21:25:01+00:00","dateModified":"2018-03-17T21:45:22+00:00","mainEntityOfPage":{"@id":"https:\/\/www.estrategiaconcursos.com.br\/blog\/ciencias-humanas-abin-gabarito-extraoficial\/"},"wordCount":2113,"commentCount":0,"publisher":{"@id":"https:\/\/www.estrategiaconcursos.com.br\/blog\/#organization"},"image":{"@id":"https:\/\/www.estrategiaconcursos.com.br\/blog\/ciencias-humanas-abin-gabarito-extraoficial\/#primaryimage"},"thumbnailUrl":"https:\/\/encrypted-tbn2.gstatic.com\/images?q=tbn:ANd9GcTAxZ3bDdS3zuM6uhMObZlG-QQr-kBLjx_6xWHMARLMSCCPHClg3WOP","keywords":["ABIN","Ci\u00eancias Humanas"],"articleSection":["Concursos P\u00fablicos"],"inLanguage":"pt-BR","potentialAction":[{"@type":"CommentAction","name":"Comment","target":["https:\/\/www.estrategiaconcursos.com.br\/blog\/ciencias-humanas-abin-gabarito-extraoficial\/#respond"]}],"copyrightYear":"2018","copyrightHolder":{"@id":"https:\/\/www.estrategiaconcursos.com.br\/blog\/#organization"}},{"@type":"WebPage","@id":"https:\/\/www.estrategiaconcursos.com.br\/blog\/ciencias-humanas-abin-gabarito-extraoficial\/","url":"https:\/\/www.estrategiaconcursos.com.br\/blog\/ciencias-humanas-abin-gabarito-extraoficial\/","name":"Ci\u00eancias Humanas - ABIN - Gabarito Extraoficial","isPartOf":{"@id":"https:\/\/www.estrategiaconcursos.com.br\/blog\/#website"},"primaryImageOfPage":{"@id":"https:\/\/www.estrategiaconcursos.com.br\/blog\/ciencias-humanas-abin-gabarito-extraoficial\/#primaryimage"},"image":{"@id":"https:\/\/www.estrategiaconcursos.com.br\/blog\/ciencias-humanas-abin-gabarito-extraoficial\/#primaryimage"},"thumbnailUrl":"https:\/\/encrypted-tbn2.gstatic.com\/images?q=tbn:ANd9GcTAxZ3bDdS3zuM6uhMObZlG-QQr-kBLjx_6xWHMARLMSCCPHClg3WOP","datePublished":"2018-03-12T21:25:01+00:00","dateModified":"2018-03-17T21:45:22+00:00","breadcrumb":{"@id":"https:\/\/www.estrategiaconcursos.com.br\/blog\/ciencias-humanas-abin-gabarito-extraoficial\/#breadcrumb"},"inLanguage":"pt-BR","potentialAction":[{"@type":"ReadAction","target":["https:\/\/www.estrategiaconcursos.com.br\/blog\/ciencias-humanas-abin-gabarito-extraoficial\/"]}]},{"@type":"ImageObject","inLanguage":"pt-BR","@id":"https:\/\/www.estrategiaconcursos.com.br\/blog\/ciencias-humanas-abin-gabarito-extraoficial\/#primaryimage","url":"https:\/\/encrypted-tbn2.gstatic.com\/images?q=tbn:ANd9GcTAxZ3bDdS3zuM6uhMObZlG-QQr-kBLjx_6xWHMARLMSCCPHClg3WOP","contentUrl":"https:\/\/encrypted-tbn2.gstatic.com\/images?q=tbn:ANd9GcTAxZ3bDdS3zuM6uhMObZlG-QQr-kBLjx_6xWHMARLMSCCPHClg3WOP"},{"@type":"BreadcrumbList","@id":"https:\/\/www.estrategiaconcursos.com.br\/blog\/ciencias-humanas-abin-gabarito-extraoficial\/#breadcrumb","itemListElement":[{"@type":"ListItem","position":1,"name":"In\u00edcio","item":"https:\/\/www.estrategiaconcursos.com.br\/blog\/"},{"@type":"ListItem","position":2,"name":"Ci\u00eancias Humanas &#8211; ABIN &#8211; Gabarito Extraoficial"}]},{"@type":"WebSite","@id":"https:\/\/www.estrategiaconcursos.com.br\/blog\/#website","url":"https:\/\/www.estrategiaconcursos.com.br\/blog\/","name":"Estrat\u00e9gia Concursos","description":"O blog da Estrat\u00e9gia Concursos traz not\u00edcias sobre concursos e artigos de professores oferecendo cursos para concursos (pdf + videaulas) no site.","publisher":{"@id":"https:\/\/www.estrategiaconcursos.com.br\/blog\/#organization"},"potentialAction":[{"@type":"SearchAction","target":{"@type":"EntryPoint","urlTemplate":"https:\/\/www.estrategiaconcursos.com.br\/blog\/?s={search_term_string}"},"query-input":{"@type":"PropertyValueSpecification","valueRequired":true,"valueName":"search_term_string"}}],"inLanguage":"pt-BR"},{"@type":"Organization","@id":"https:\/\/www.estrategiaconcursos.com.br\/blog\/#organization","name":"Estrat\u00e9gia Concursos","url":"https:\/\/www.estrategiaconcursos.com.br\/blog\/","logo":{"@type":"ImageObject","inLanguage":"pt-BR","@id":"https:\/\/www.estrategiaconcursos.com.br\/blog\/#\/schema\/logo\/image\/","url":"https:\/\/dhg1h5j42swfq.cloudfront.net\/2025\/06\/03203428\/logo_concursos-1.jpg","contentUrl":"https:\/\/dhg1h5j42swfq.cloudfront.net\/2025\/06\/03203428\/logo_concursos-1.jpg","width":230,"height":60,"caption":"Estrat\u00e9gia Concursos"},"image":{"@id":"https:\/\/www.estrategiaconcursos.com.br\/blog\/#\/schema\/logo\/image\/"},"sameAs":["https:\/\/x.com\/EstratConcursos"]},{"@type":"Person","@id":"https:\/\/www.estrategiaconcursos.com.br\/blog\/#\/schema\/person\/d2e7d78de4b9d6ba51cc24fd558a7f42","name":"Leandro Signori","image":{"@type":"ImageObject","inLanguage":"pt-BR","@id":"https:\/\/secure.gravatar.com\/avatar\/aa2ef98e93764dcf1758f52d2792d4b3e4089ee25bc520608dde62ad802ae541?s=96&d=mm&r=g","url":"https:\/\/secure.gravatar.com\/avatar\/aa2ef98e93764dcf1758f52d2792d4b3e4089ee25bc520608dde62ad802ae541?s=96&d=mm&r=g","contentUrl":"https:\/\/secure.gravatar.com\/avatar\/aa2ef98e93764dcf1758f52d2792d4b3e4089ee25bc520608dde62ad802ae541?s=96&d=mm&r=g","caption":"Leandro Signori"},"description":"Licenciado em Geografia pela Universidade Federal do Rio Grande do Sul (UFRGS) e Bacharel em Geografia pela Uniceub (Bras\u00edlia). Como servidor p\u00fablico, foi funcion\u00e1rio da Prefeitura de S\u00e3o Leopoldo (RS), Prefeitura de Porto Alegre (RS), Companhia Riograndense de Saneamento (Corsan) e Minist\u00e9rio da Integra\u00e7\u00e3o Nacional. \u00c9 professor de Geografia para o ensino m\u00e9dio na rede particular de ensino. Leciona as disciplinas de Atualidades, Conhecimentos Gerais, Geografia, Realidade Brasileira e Hist\u00f3ria, em cursos on line e presenciais preparat\u00f3rios para concursos p\u00fablicos.","sameAs":["https:\/\/www.facebook.com\/leandrosignoriatualidades\/"],"url":"https:\/\/www.estrategiaconcursos.com.br\/blog\/author\/leandroestrategiaconcursos-com-br\/"}]}},"_links":{"self":[{"href":"https:\/\/www.estrategiaconcursos.com.br\/blog\/wp-json\/wp\/v2\/posts\/110655","targetHints":{"allow":["GET"]}}],"collection":[{"href":"https:\/\/www.estrategiaconcursos.com.br\/blog\/wp-json\/wp\/v2\/posts"}],"about":[{"href":"https:\/\/www.estrategiaconcursos.com.br\/blog\/wp-json\/wp\/v2\/types\/post"}],"author":[{"embeddable":true,"href":"https:\/\/www.estrategiaconcursos.com.br\/blog\/wp-json\/wp\/v2\/users\/306"}],"replies":[{"embeddable":true,"href":"https:\/\/www.estrategiaconcursos.com.br\/blog\/wp-json\/wp\/v2\/comments?post=110655"}],"version-history":[{"count":6,"href":"https:\/\/www.estrategiaconcursos.com.br\/blog\/wp-json\/wp\/v2\/posts\/110655\/revisions"}],"predecessor-version":[{"id":111997,"href":"https:\/\/www.estrategiaconcursos.com.br\/blog\/wp-json\/wp\/v2\/posts\/110655\/revisions\/111997"}],"wp:attachment":[{"href":"https:\/\/www.estrategiaconcursos.com.br\/blog\/wp-json\/wp\/v2\/media?parent=110655"}],"wp:term":[{"taxonomy":"category","embeddable":true,"href":"https:\/\/www.estrategiaconcursos.com.br\/blog\/wp-json\/wp\/v2\/categories?post=110655"},{"taxonomy":"post_tag","embeddable":true,"href":"https:\/\/www.estrategiaconcursos.com.br\/blog\/wp-json\/wp\/v2\/tags?post=110655"},{"taxonomy":"tax_estado","embeddable":true,"href":"https:\/\/www.estrategiaconcursos.com.br\/blog\/wp-json\/wp\/v2\/tax_estado?post=110655"}],"curies":[{"name":"wp","href":"https:\/\/api.w.org\/{rel}","templated":true}]}}