{"id":1104811,"date":"2022-10-23T08:39:00","date_gmt":"2022-10-23T11:39:00","guid":{"rendered":"https:\/\/www.estrategiaconcursos.com.br\/blog\/?p=1104811"},"modified":"2023-04-11T11:33:07","modified_gmt":"2023-04-11T14:33:07","slug":"administracao-publica-sefaz-mg","status":"publish","type":"post","link":"https:\/\/www.estrategiaconcursos.com.br\/blog\/administracao-publica-sefaz-mg\/","title":{"rendered":"Resumo de Administra\u00e7\u00e3o P\u00fablica para a SEFAZ-MG"},"content":{"rendered":"\n<p>Saiba os principais pontos do assunto Administra\u00e7\u00e3o P\u00fablica para a SEFAZ-MG<\/p>\n\n\n\n<p>Fala, pessoal! Tudo certo?<\/p>\n\n\n\n<p>Neste artigo iremos abordar os principais t\u00f3picos concernentes ao tema Administra\u00e7\u00e3o P\u00fablica, da disciplina Direito Constitucional para a <a href=\"http:\/\/www.fazenda.mg.gov.br\/\">SEFAZ-MG<\/a>, de modo <strong>que voc\u00ea possa capturar os pontos mais relevantes do assunto e balizar seus estudos por aquilo que \u00e9 mais cobrado.<\/strong><\/p>\n\n\n\n<p>A aplica\u00e7\u00e3o das provas para a SEFAZ-MG acontece nos dias 08 de janeiro (Objetiva) e 19 de mar\u00e7o de 2023 (Discursiva). Sob organiza\u00e7\u00e3o da FGV, s\u00e3o ofertadas 431 vagas para o cargo de Auditor Fiscal, nas especialidades de Tecnologia da Informa\u00e7\u00e3o, Tributa\u00e7\u00e3o e Auditoria e Fiscaliza\u00e7\u00e3o.<\/p>\n\n\n\n<p>O cargo exige n\u00edvel superior em qualquer \u00e1rea de forma\u00e7\u00e3o e possui sal\u00e1rio base de R$ 5.711,35 mais gratifica\u00e7\u00e3o vari\u00e1vel de at\u00e9 R$ 19.580,00<\/p>\n\n\n\n<figure class=\"wp-block-image aligncenter size-full is-resized\"><img loading=\"lazy\" decoding=\"async\" src=\"https:\/\/dhg1h5j42swfq.cloudfront.net\/2022\/08\/23164552\/sefaz-mg-8.jpg\" alt=\"Administra\u00e7\u00e3o P\u00fablica SEFAZ-MG\" class=\"wp-image-1082762\" width=\"709\" height=\"399\" srcset=\"https:\/\/dhg1h5j42swfq.cloudfront.net\/2022\/08\/23164552\/sefaz-mg-8.jpg 768w, https:\/\/dhg1h5j42swfq.cloudfront.net\/2022\/08\/23164552\/sefaz-mg-8-300x169.jpg 300w, https:\/\/dhg1h5j42swfq.cloudfront.net\/2022\/08\/23164552\/sefaz-mg-8-610x343.jpg 610w, https:\/\/dhg1h5j42swfq.cloudfront.net\/2022\/08\/23164552\/sefaz-mg-8-150x84.jpg 150w\" sizes=\"auto, (max-width: 709px) 100vw, 709px\" \/><\/figure>\n\n\n\n<p>Lembrando que, em nossos cursos para a SEFAZ-MG, <strong>todos esses temas concernentes ao <\/strong> <strong>assunto Administra\u00e7\u00e3o P\u00fablica s\u00e3o explicados com muito mais detalhes e em maior profundidade, al\u00e9m de serem acompanhados da resolu\u00e7\u00e3o de quest\u00f5es<\/strong>. Assim, acesse nossos cursos voltados para esse certame, elaborados pelos melhores professores da \u00e1rea.<\/p>\n\n\n\n<h2 class=\"wp-block-heading\">Conceito de Administra\u00e7\u00e3o P\u00fablica<\/h2>\n\n\n\n<p>a)&nbsp;&nbsp;&nbsp;&nbsp;&nbsp; Administra\u00e7\u00e3o P\u00fablica em sentido amplo: abrange os \u00f3rg\u00e3os que exercem fun\u00e7\u00e3o pol\u00edtica e os \u00f3rg\u00e3os e entidades que exercem fun\u00e7\u00f5es administrativas.<\/p>\n\n\n\n<p>b)&nbsp;&nbsp;&nbsp;&nbsp;&nbsp; Administra\u00e7\u00e3o P\u00fablica em sentido estrito: abrange apenas os \u00f3rg\u00e3os e entidades que exercem fun\u00e7\u00f5es administrativas.<\/p>\n\n\n\n<p>c)&nbsp;&nbsp;&nbsp;&nbsp;&nbsp; Administra\u00e7\u00e3o P\u00fablica em sentido subjetivo: tem como foco os sujeitos que integram a Administra\u00e7\u00e3o P\u00fablica. A pergunta que se deve responder: \u201cquem s\u00e3o os sujeitos que integram a Administra\u00e7\u00e3o P\u00fablica?\u201d.<\/p>\n\n\n\n<p>d)&nbsp;&nbsp;&nbsp;&nbsp;&nbsp; Administra\u00e7\u00e3o P\u00fablica em sentido objetivo: tem como foco as atividades relacionadas \u00e0 fun\u00e7\u00e3o administrativa. A pergunta aqui \u00e9 a seguinte: \u201cqual fun\u00e7\u00e3o desempenhada?\u201d.<\/p>\n\n\n\n<h2 class=\"wp-block-heading\">Organiza\u00e7\u00e3o da Administra\u00e7\u00e3o P\u00fablica<\/h2>\n\n\n\n<p>Mantenha em mente, em seus estudos para a SEFAZ-MG, que o Estado pode exercer suas tarefas administrativas de dois modos diferentes: <strong>i) <\/strong>centralizadamente ou; <strong>ii) <\/strong>descentralizadamente. Da\u00ed resultam as express\u00f5es \u201c<strong>Administra\u00e7\u00e3o Direta<\/strong>\u201d e \u201c<strong>Administra\u00e7\u00e3o Indireta<\/strong>\u201d.<\/p>\n\n\n\n<p>Quando o Estado atua de forma centralizada,<strong> ele n\u00e3o delega compet\u00eancia a nenhuma outra entidade. <\/strong>Por exemplo, uma das compet\u00eancias administrativas da Uni\u00e3o \u00e9 assegurar a defesa nacional (art. 21, III). A Uni\u00e3o n\u00e3o atribuiu essa compet\u00eancia a nenhuma outra pessoa; \u00e9 ela mesma quem exerce essa compet\u00eancia, atrav\u00e9s do Minist\u00e9rio da Defesa. \u00c9 um \u00f3rg\u00e3o p\u00fablico o respons\u00e1vel pela tarefa administrativa.<\/p>\n\n\n\n<p>Os \u00f3rg\u00e3os p\u00fablicos comp\u00f5em, ent\u00e3o, a denominada <strong>Administra\u00e7\u00e3o Direta<\/strong>. A Administra\u00e7\u00e3o Direta pode ser conceituada como o <strong>conjunto de \u00f3rg\u00e3os que integram os entes pol\u00edticos <\/strong>(Uni\u00e3o, Estados, Distrito Federal e Munic\u00edpios) e que t\u00eam a compet\u00eancia para exercer as tarefas administrativas do Estado, de forma centralizada.<\/p>\n\n\n\n<p>Por outro lado, quando o Estado atua descentralizadamente, ele atribui a outra pessoa a compet\u00eancia para realizar determinada tarefa administrativa. Surgem, ent\u00e3o, entidades com personalidade jur\u00eddica pr\u00f3pria, respons\u00e1veis por executar atividades administrativas espec\u00edficas. Essas entidades integram a chamada Administra\u00e7\u00e3o Indireta. Segundo a CF\/88, <strong>a Administra\u00e7\u00e3o indireta \u00e9 composta pelas autarquias, funda\u00e7\u00f5es p\u00fablicas, empresas p\u00fablicas e sociedades de economia mista.<\/strong><\/p>\n\n\n\n<h2 class=\"wp-block-heading\">Regime Jur\u00eddico da&nbsp;Administra\u00e7\u00e3o&nbsp; x&nbsp;&nbsp;Regime Jur\u00eddico- Administrativo<\/h2>\n\n\n\n<p>O Regime Jur\u00eddico da Administra\u00e7\u00e3o \u00e9 o conjunto de normas, isto \u00e9, de princ\u00edpios e regras, \u00e0s quais se submete a Administra\u00e7\u00e3o P\u00fablica, o que engloba o regime de direito p\u00fablico e o regime de direito privado.<\/p>\n\n\n\n<p>O <strong>Regime jur\u00eddico-administrativo<\/strong>, por sua vez, \u00e9 o <strong>regime de direito p\u00fablico <\/strong>ao qual se submete a Administra\u00e7\u00e3o P\u00fablica. \u00c9 esse regime que rege as rela\u00e7\u00f5es em que a Administra\u00e7\u00e3o atua com supremacia perante os administrados. Trata-se de uma rela\u00e7\u00e3o vertical, na qual a Administra\u00e7\u00e3o \u00e9 dotada de prerrogativas especiais.<\/p>\n\n\n\n<p>H\u00e1 2 (dois) princ\u00edpios que fundamentam o regime jur\u00eddico-administrativo: <strong>i) <\/strong>a <strong>supremacia do interesse p\u00fablico <\/strong>e; <strong>ii) <\/strong>a <strong>indisponibilidade do interesse p\u00fablico<\/strong>.<\/p>\n\n\n\n<p><strong>O princ\u00edpio da supremacia do interesse p\u00fablico determina que em caso de conflito entre o interesse p\u00fablico e o de particulares, aquele deve prevalecer. <\/strong>Em raz\u00e3o da supremacia do interesse p\u00fablico, a Administra\u00e7\u00e3o goza de prerrogativas especiais.<\/p>\n\n\n\n<p>J<strong>\u00e1 o princ\u00edpio da indisponibilidade do interesse p\u00fablico estabelece que a Administra\u00e7\u00e3o somente pode atuar quando autorizada por lei, nos limites estipulados pela norma legal. <\/strong>Veda ao administrador a pr\u00e1tica de atos que implicam ren\u00fancia a direitos do Poder P\u00fablico ou que onerem injustificadamente a sociedade. Em virtude da indisponibilidade do interesse p\u00fablico, a Administra\u00e7\u00e3o est\u00e1 sujeita a uma s\u00e9rie de restri\u00e7\u00f5es.<\/p>\n\n\n\n<p><strong>Princ\u00edpios Expl\u00edcitos da Administra\u00e7\u00e3o P\u00fablica<\/strong><\/p>\n\n\n\n<p>A Administra\u00e7\u00e3o P\u00fablica, em todos os seus n\u00edveis, dever\u00e1 observar certos princ\u00edpios constitucionais em sua atua\u00e7\u00e3o. Esses princ\u00edpios est\u00e3o expressos no art. 37, CF\/88:<\/p>\n\n\n\n<p>S\u00e3o eles:<\/p>\n\n\n\n<ul class=\"wp-block-list\">\n<li>Legalidade<\/li>\n\n\n\n<li>Impessoalidade<\/li>\n\n\n\n<li>Moralidade<\/li>\n\n\n\n<li>Publicidade<\/li>\n\n\n\n<li>Efici\u00eancia<\/li>\n<\/ul>\n\n\n\n<p>N\u00e3o esque\u00e7am que o conte\u00fado completo, com todos os detalhes, exemplos, esquemas e exerc\u00edcios resolvidos voc\u00eas encontram em nossos cursos completos para a SEFAZ MG. Espero que voc\u00eas tenham aproveitado esses recortes de conhecimentos para manter os estudos de Direito Constitucional em dia, sempre aliando o estudo da teoria \u00e0 realiza\u00e7\u00e3o de baterias de quest\u00f5es. \u00c9 crucial ficar bem afiado nos detalhes do tema Administra\u00e7\u00e3o P\u00fablica para n\u00e3o ser surpreendido no dia da prova.<\/p>\n\n\n\n<p>Ent\u00e3o \u00e9 isso, pessoal!<\/p>\n\n\n\n<p>Um grande abra\u00e7o e bons estudos.<\/p>\n\n\n\n<p>Professor: Diogo Matias<\/p>\n\n\n\n<p>Instagram: @oprimoconcursado<\/p>\n\n\n\n<p><\/p>\n\n\n\n<h2 class=\"wp-block-heading has-text-align-center\" id=\"cursos-e-assinaturas\">Cursos e Assinaturas<\/h2>\n\n\n\n<p>Prepare-se com o melhor material e com quem mais aprova em Concursos P\u00fablicos em todo o pa\u00eds!<\/p>\n\n\n\n<p class=\"has-text-align-center has-white-color has-vivid-purple-background-color has-text-color has-background\"><a href=\"https:\/\/www.estrategiaconcursos.com.br\/blog\/concursos-abertos\/\" target=\"_blank\" rel=\"noreferrer noopener\"><strong>Concursos abert<\/strong>os<\/a><\/p>\n\n\n\n<p class=\"has-text-align-center has-white-color has-vivid-purple-background-color has-text-color has-background\"><a href=\"https:\/\/www.estrategiaconcursos.com.br\/blog\/concursos-2023\/\" target=\"_blank\" rel=\"noreferrer noopener\">Concursos 2023<\/a><\/p>\n","protected":false},"excerpt":{"rendered":"<p>Saiba os principais pontos do assunto Administra\u00e7\u00e3o P\u00fablica para a SEFAZ-MG Fala, pessoal! Tudo certo? Neste artigo iremos abordar os principais t\u00f3picos concernentes ao tema Administra\u00e7\u00e3o P\u00fablica, da disciplina Direito Constitucional para a SEFAZ-MG, de modo que voc\u00ea possa capturar os pontos mais relevantes do assunto e balizar seus estudos por aquilo que \u00e9 mais [&hellip;]<\/p>\n","protected":false},"author":1883,"featured_media":1082762,"comment_status":"open","ping_status":"closed","sticky":false,"template":"","format":"standard","meta":{"post_tipo":"article","footnotes":""},"categories":[1,1983,220182,220183],"tags":[],"tax_estado":[219964,219965,219966,219967,219968,219969,219963,219970,219971,219972,219973,219974,219975,219976,219977,219978,219979,219980,219981,219982,219983,219984,219985,219986,219987,219988,219989,219990],"class_list":["post-1104811","post","type-post","status-publish","format-standard","has-post-thumbnail","hentry","category-cursos-e-concursos","category-fiscal-estadual","category-fiscal-federal","category-fiscal-municipal","tax_estado-ac","tax_estado-al","tax_estado-am","tax_estado-ap","tax_estado-ba","tax_estado-ce","tax_estado-concursos-federais","tax_estado-df","tax_estado-es","tax_estado-go","tax_estado-ma","tax_estado-mg","tax_estado-ms","tax_estado-mt","tax_estado-pa","tax_estado-pb","tax_estado-pe","tax_estado-pi","tax_estado-pr","tax_estado-rj","tax_estado-rn","tax_estado-ro","tax_estado-rr","tax_estado-rs","tax_estado-sc","tax_estado-se","tax_estado-sp","tax_estado-to"],"acf":[],"yoast_head":"<!-- This site is optimized with the Yoast SEO Premium plugin v27.2 (Yoast SEO v27.2) - https:\/\/yoast.com\/product\/yoast-seo-premium-wordpress\/ -->\n<title>Resumo de Administra\u00e7\u00e3o P\u00fablica para a SEFAZ-MG<\/title>\n<meta name=\"description\" content=\"Neste artigo voc\u00ea vai descobrir os pontos principais acerca do assunto Administra\u00e7\u00e3o P\u00fablica em sua prepara\u00e7\u00e3o para a SEFAZ-MG.\" \/>\n<meta name=\"robots\" content=\"index, follow, max-snippet:-1, max-image-preview:large, max-video-preview:-1\" \/>\n<link rel=\"canonical\" href=\"https:\/\/www.estrategiaconcursos.com.br\/blog\/administracao-publica-sefaz-mg\/\" \/>\n<meta property=\"og:locale\" content=\"pt_BR\" \/>\n<meta property=\"og:type\" content=\"article\" \/>\n<meta property=\"og:title\" content=\"Resumo de Administra\u00e7\u00e3o P\u00fablica para a SEFAZ-MG\" \/>\n<meta property=\"og:description\" content=\"Neste artigo voc\u00ea vai descobrir os pontos principais acerca do assunto Administra\u00e7\u00e3o P\u00fablica em sua prepara\u00e7\u00e3o para a SEFAZ-MG.\" \/>\n<meta property=\"og:url\" content=\"https:\/\/www.estrategiaconcursos.com.br\/blog\/administracao-publica-sefaz-mg\/\" \/>\n<meta property=\"og:site_name\" content=\"Estrat\u00e9gia Concursos\" \/>\n<meta property=\"article:published_time\" content=\"2022-10-23T11:39:00+00:00\" \/>\n<meta property=\"article:modified_time\" content=\"2023-04-11T14:33:07+00:00\" \/>\n<meta property=\"og:image\" content=\"https:\/\/dhg1h5j42swfq.cloudfront.net\/2022\/08\/23164552\/sefaz-mg-8.jpg\" \/>\n\t<meta property=\"og:image:width\" content=\"768\" \/>\n\t<meta property=\"og:image:height\" content=\"432\" \/>\n\t<meta property=\"og:image:type\" content=\"image\/jpeg\" \/>\n<meta name=\"author\" content=\"Diogo Matias das Neves\" \/>\n<meta name=\"twitter:card\" content=\"summary_large_image\" \/>\n<meta name=\"twitter:creator\" content=\"@EstratConcursos\" \/>\n<meta name=\"twitter:site\" content=\"@EstratConcursos\" \/>\n<meta name=\"twitter:label1\" content=\"Escrito por\" \/>\n\t<meta name=\"twitter:data1\" content=\"Diogo Matias das Neves\" \/>\n\t<meta name=\"twitter:label2\" content=\"Est. tempo de leitura\" \/>\n\t<meta name=\"twitter:data2\" content=\"5 minutos\" \/>\n<script type=\"application\/ld+json\" class=\"yoast-schema-graph\">{\"@context\":\"https:\/\/schema.org\",\"@graph\":[{\"@type\":\"NewsArticle\",\"@id\":\"https:\/\/www.estrategiaconcursos.com.br\/blog\/administracao-publica-sefaz-mg\/#article\",\"isPartOf\":{\"@id\":\"https:\/\/www.estrategiaconcursos.com.br\/blog\/administracao-publica-sefaz-mg\/\"},\"author\":{\"name\":\"Diogo Matias das Neves\",\"@id\":\"https:\/\/www.estrategiaconcursos.com.br\/blog\/#\/schema\/person\/a6b715b51aa89043d0971f12cb5e68ba\"},\"headline\":\"Resumo de Administra\u00e7\u00e3o P\u00fablica para a SEFAZ-MG\",\"datePublished\":\"2022-10-23T11:39:00+00:00\",\"dateModified\":\"2023-04-11T14:33:07+00:00\",\"mainEntityOfPage\":{\"@id\":\"https:\/\/www.estrategiaconcursos.com.br\/blog\/administracao-publica-sefaz-mg\/\"},\"wordCount\":1004,\"commentCount\":0,\"publisher\":{\"@id\":\"https:\/\/www.estrategiaconcursos.com.br\/blog\/#organization\"},\"image\":{\"@id\":\"https:\/\/www.estrategiaconcursos.com.br\/blog\/administracao-publica-sefaz-mg\/#primaryimage\"},\"thumbnailUrl\":\"https:\/\/dhg1h5j42swfq.cloudfront.net\/2022\/08\/23164552\/sefaz-mg-8.jpg\",\"articleSection\":[\"Concursos P\u00fablicos\",\"Fiscal - Estadual (ICMS)\",\"Fiscal - Federal (RFB e AFT)\",\"Fiscal - Municipal (ISS)\"],\"inLanguage\":\"pt-BR\",\"potentialAction\":[{\"@type\":\"CommentAction\",\"name\":\"Comment\",\"target\":[\"https:\/\/www.estrategiaconcursos.com.br\/blog\/administracao-publica-sefaz-mg\/#respond\"]}],\"copyrightYear\":\"2022\",\"copyrightHolder\":{\"@id\":\"https:\/\/www.estrategiaconcursos.com.br\/blog\/#organization\"}},{\"@type\":\"WebPage\",\"@id\":\"https:\/\/www.estrategiaconcursos.com.br\/blog\/administracao-publica-sefaz-mg\/\",\"url\":\"https:\/\/www.estrategiaconcursos.com.br\/blog\/administracao-publica-sefaz-mg\/\",\"name\":\"Resumo de Administra\u00e7\u00e3o P\u00fablica para a SEFAZ-MG\",\"isPartOf\":{\"@id\":\"https:\/\/www.estrategiaconcursos.com.br\/blog\/#website\"},\"primaryImageOfPage\":{\"@id\":\"https:\/\/www.estrategiaconcursos.com.br\/blog\/administracao-publica-sefaz-mg\/#primaryimage\"},\"image\":{\"@id\":\"https:\/\/www.estrategiaconcursos.com.br\/blog\/administracao-publica-sefaz-mg\/#primaryimage\"},\"thumbnailUrl\":\"https:\/\/dhg1h5j42swfq.cloudfront.net\/2022\/08\/23164552\/sefaz-mg-8.jpg\",\"datePublished\":\"2022-10-23T11:39:00+00:00\",\"dateModified\":\"2023-04-11T14:33:07+00:00\",\"description\":\"Neste artigo voc\u00ea vai descobrir os pontos principais acerca do assunto Administra\u00e7\u00e3o P\u00fablica em sua prepara\u00e7\u00e3o para a SEFAZ-MG.\",\"breadcrumb\":{\"@id\":\"https:\/\/www.estrategiaconcursos.com.br\/blog\/administracao-publica-sefaz-mg\/#breadcrumb\"},\"inLanguage\":\"pt-BR\",\"potentialAction\":[{\"@type\":\"ReadAction\",\"target\":[\"https:\/\/www.estrategiaconcursos.com.br\/blog\/administracao-publica-sefaz-mg\/\"]}]},{\"@type\":\"ImageObject\",\"inLanguage\":\"pt-BR\",\"@id\":\"https:\/\/www.estrategiaconcursos.com.br\/blog\/administracao-publica-sefaz-mg\/#primaryimage\",\"url\":\"https:\/\/dhg1h5j42swfq.cloudfront.net\/2022\/08\/23164552\/sefaz-mg-8.jpg\",\"contentUrl\":\"https:\/\/dhg1h5j42swfq.cloudfront.net\/2022\/08\/23164552\/sefaz-mg-8.jpg\",\"width\":768,\"height\":432,\"caption\":\"Inscri\u00e7\u00f5es do concurso Sefaz MG\"},{\"@type\":\"BreadcrumbList\",\"@id\":\"https:\/\/www.estrategiaconcursos.com.br\/blog\/administracao-publica-sefaz-mg\/#breadcrumb\",\"itemListElement\":[{\"@type\":\"ListItem\",\"position\":1,\"name\":\"In\u00edcio\",\"item\":\"https:\/\/www.estrategiaconcursos.com.br\/blog\/\"},{\"@type\":\"ListItem\",\"position\":2,\"name\":\"Resumo de Administra\u00e7\u00e3o P\u00fablica para a SEFAZ-MG\"}]},{\"@type\":\"WebSite\",\"@id\":\"https:\/\/www.estrategiaconcursos.com.br\/blog\/#website\",\"url\":\"https:\/\/www.estrategiaconcursos.com.br\/blog\/\",\"name\":\"Estrat\u00e9gia Concursos\",\"description\":\"O blog da Estrat\u00e9gia Concursos traz not\u00edcias sobre concursos e artigos de professores oferecendo cursos para concursos (pdf + videaulas) no site.\",\"publisher\":{\"@id\":\"https:\/\/www.estrategiaconcursos.com.br\/blog\/#organization\"},\"potentialAction\":[{\"@type\":\"SearchAction\",\"target\":{\"@type\":\"EntryPoint\",\"urlTemplate\":\"https:\/\/www.estrategiaconcursos.com.br\/blog\/?s={search_term_string}\"},\"query-input\":{\"@type\":\"PropertyValueSpecification\",\"valueRequired\":true,\"valueName\":\"search_term_string\"}}],\"inLanguage\":\"pt-BR\"},{\"@type\":\"Organization\",\"@id\":\"https:\/\/www.estrategiaconcursos.com.br\/blog\/#organization\",\"name\":\"Estrat\u00e9gia Concursos\",\"url\":\"https:\/\/www.estrategiaconcursos.com.br\/blog\/\",\"logo\":{\"@type\":\"ImageObject\",\"inLanguage\":\"pt-BR\",\"@id\":\"https:\/\/www.estrategiaconcursos.com.br\/blog\/#\/schema\/logo\/image\/\",\"url\":\"https:\/\/dhg1h5j42swfq.cloudfront.net\/2025\/06\/03203428\/logo_concursos-1.jpg\",\"contentUrl\":\"https:\/\/dhg1h5j42swfq.cloudfront.net\/2025\/06\/03203428\/logo_concursos-1.jpg\",\"width\":230,\"height\":60,\"caption\":\"Estrat\u00e9gia Concursos\"},\"image\":{\"@id\":\"https:\/\/www.estrategiaconcursos.com.br\/blog\/#\/schema\/logo\/image\/\"},\"sameAs\":[\"https:\/\/x.com\/EstratConcursos\"]},{\"@type\":\"Person\",\"@id\":\"https:\/\/www.estrategiaconcursos.com.br\/blog\/#\/schema\/person\/a6b715b51aa89043d0971f12cb5e68ba\",\"name\":\"Diogo Matias das Neves\",\"image\":{\"@type\":\"ImageObject\",\"inLanguage\":\"pt-BR\",\"@id\":\"https:\/\/secure.gravatar.com\/avatar\/2873f549f0e5a79b8550a4ae26410232758ed10e5996ce0d191ba13dc4029866?s=96&d=mm&r=g\",\"url\":\"https:\/\/secure.gravatar.com\/avatar\/2873f549f0e5a79b8550a4ae26410232758ed10e5996ce0d191ba13dc4029866?s=96&d=mm&r=g\",\"contentUrl\":\"https:\/\/secure.gravatar.com\/avatar\/2873f549f0e5a79b8550a4ae26410232758ed10e5996ce0d191ba13dc4029866?s=96&d=mm&r=g\",\"caption\":\"Diogo Matias das Neves\"},\"url\":\"https:\/\/www.estrategiaconcursos.com.br\/blog\/author\/diogomnoutlook-com\/\"}]}<\/script>\n<!-- \/ Yoast SEO Premium plugin. -->","yoast_head_json":{"title":"Resumo de Administra\u00e7\u00e3o P\u00fablica para a SEFAZ-MG","description":"Neste artigo voc\u00ea vai descobrir os pontos principais acerca do assunto Administra\u00e7\u00e3o P\u00fablica em sua prepara\u00e7\u00e3o para a SEFAZ-MG.","robots":{"index":"index","follow":"follow","max-snippet":"max-snippet:-1","max-image-preview":"max-image-preview:large","max-video-preview":"max-video-preview:-1"},"canonical":"https:\/\/www.estrategiaconcursos.com.br\/blog\/administracao-publica-sefaz-mg\/","og_locale":"pt_BR","og_type":"article","og_title":"Resumo de Administra\u00e7\u00e3o P\u00fablica para a SEFAZ-MG","og_description":"Neste artigo voc\u00ea vai descobrir os pontos principais acerca do assunto Administra\u00e7\u00e3o P\u00fablica em sua prepara\u00e7\u00e3o para a SEFAZ-MG.","og_url":"https:\/\/www.estrategiaconcursos.com.br\/blog\/administracao-publica-sefaz-mg\/","og_site_name":"Estrat\u00e9gia Concursos","article_published_time":"2022-10-23T11:39:00+00:00","article_modified_time":"2023-04-11T14:33:07+00:00","og_image":[{"width":768,"height":432,"url":"https:\/\/dhg1h5j42swfq.cloudfront.net\/2022\/08\/23164552\/sefaz-mg-8.jpg","type":"image\/jpeg"}],"author":"Diogo Matias das Neves","twitter_card":"summary_large_image","twitter_creator":"@EstratConcursos","twitter_site":"@EstratConcursos","twitter_misc":{"Escrito por":"Diogo Matias das Neves","Est. tempo de leitura":"5 minutos"},"schema":{"@context":"https:\/\/schema.org","@graph":[{"@type":"NewsArticle","@id":"https:\/\/www.estrategiaconcursos.com.br\/blog\/administracao-publica-sefaz-mg\/#article","isPartOf":{"@id":"https:\/\/www.estrategiaconcursos.com.br\/blog\/administracao-publica-sefaz-mg\/"},"author":{"name":"Diogo Matias das Neves","@id":"https:\/\/www.estrategiaconcursos.com.br\/blog\/#\/schema\/person\/a6b715b51aa89043d0971f12cb5e68ba"},"headline":"Resumo de Administra\u00e7\u00e3o P\u00fablica para a SEFAZ-MG","datePublished":"2022-10-23T11:39:00+00:00","dateModified":"2023-04-11T14:33:07+00:00","mainEntityOfPage":{"@id":"https:\/\/www.estrategiaconcursos.com.br\/blog\/administracao-publica-sefaz-mg\/"},"wordCount":1004,"commentCount":0,"publisher":{"@id":"https:\/\/www.estrategiaconcursos.com.br\/blog\/#organization"},"image":{"@id":"https:\/\/www.estrategiaconcursos.com.br\/blog\/administracao-publica-sefaz-mg\/#primaryimage"},"thumbnailUrl":"https:\/\/dhg1h5j42swfq.cloudfront.net\/2022\/08\/23164552\/sefaz-mg-8.jpg","articleSection":["Concursos P\u00fablicos","Fiscal - Estadual (ICMS)","Fiscal - Federal (RFB e AFT)","Fiscal - Municipal (ISS)"],"inLanguage":"pt-BR","potentialAction":[{"@type":"CommentAction","name":"Comment","target":["https:\/\/www.estrategiaconcursos.com.br\/blog\/administracao-publica-sefaz-mg\/#respond"]}],"copyrightYear":"2022","copyrightHolder":{"@id":"https:\/\/www.estrategiaconcursos.com.br\/blog\/#organization"}},{"@type":"WebPage","@id":"https:\/\/www.estrategiaconcursos.com.br\/blog\/administracao-publica-sefaz-mg\/","url":"https:\/\/www.estrategiaconcursos.com.br\/blog\/administracao-publica-sefaz-mg\/","name":"Resumo de Administra\u00e7\u00e3o P\u00fablica para a SEFAZ-MG","isPartOf":{"@id":"https:\/\/www.estrategiaconcursos.com.br\/blog\/#website"},"primaryImageOfPage":{"@id":"https:\/\/www.estrategiaconcursos.com.br\/blog\/administracao-publica-sefaz-mg\/#primaryimage"},"image":{"@id":"https:\/\/www.estrategiaconcursos.com.br\/blog\/administracao-publica-sefaz-mg\/#primaryimage"},"thumbnailUrl":"https:\/\/dhg1h5j42swfq.cloudfront.net\/2022\/08\/23164552\/sefaz-mg-8.jpg","datePublished":"2022-10-23T11:39:00+00:00","dateModified":"2023-04-11T14:33:07+00:00","description":"Neste artigo voc\u00ea vai descobrir os pontos principais acerca do assunto Administra\u00e7\u00e3o P\u00fablica em sua prepara\u00e7\u00e3o para a SEFAZ-MG.","breadcrumb":{"@id":"https:\/\/www.estrategiaconcursos.com.br\/blog\/administracao-publica-sefaz-mg\/#breadcrumb"},"inLanguage":"pt-BR","potentialAction":[{"@type":"ReadAction","target":["https:\/\/www.estrategiaconcursos.com.br\/blog\/administracao-publica-sefaz-mg\/"]}]},{"@type":"ImageObject","inLanguage":"pt-BR","@id":"https:\/\/www.estrategiaconcursos.com.br\/blog\/administracao-publica-sefaz-mg\/#primaryimage","url":"https:\/\/dhg1h5j42swfq.cloudfront.net\/2022\/08\/23164552\/sefaz-mg-8.jpg","contentUrl":"https:\/\/dhg1h5j42swfq.cloudfront.net\/2022\/08\/23164552\/sefaz-mg-8.jpg","width":768,"height":432,"caption":"Inscri\u00e7\u00f5es do concurso Sefaz MG"},{"@type":"BreadcrumbList","@id":"https:\/\/www.estrategiaconcursos.com.br\/blog\/administracao-publica-sefaz-mg\/#breadcrumb","itemListElement":[{"@type":"ListItem","position":1,"name":"In\u00edcio","item":"https:\/\/www.estrategiaconcursos.com.br\/blog\/"},{"@type":"ListItem","position":2,"name":"Resumo de Administra\u00e7\u00e3o P\u00fablica para a SEFAZ-MG"}]},{"@type":"WebSite","@id":"https:\/\/www.estrategiaconcursos.com.br\/blog\/#website","url":"https:\/\/www.estrategiaconcursos.com.br\/blog\/","name":"Estrat\u00e9gia Concursos","description":"O blog da Estrat\u00e9gia Concursos traz not\u00edcias sobre concursos e artigos de professores oferecendo cursos para concursos (pdf + videaulas) no site.","publisher":{"@id":"https:\/\/www.estrategiaconcursos.com.br\/blog\/#organization"},"potentialAction":[{"@type":"SearchAction","target":{"@type":"EntryPoint","urlTemplate":"https:\/\/www.estrategiaconcursos.com.br\/blog\/?s={search_term_string}"},"query-input":{"@type":"PropertyValueSpecification","valueRequired":true,"valueName":"search_term_string"}}],"inLanguage":"pt-BR"},{"@type":"Organization","@id":"https:\/\/www.estrategiaconcursos.com.br\/blog\/#organization","name":"Estrat\u00e9gia Concursos","url":"https:\/\/www.estrategiaconcursos.com.br\/blog\/","logo":{"@type":"ImageObject","inLanguage":"pt-BR","@id":"https:\/\/www.estrategiaconcursos.com.br\/blog\/#\/schema\/logo\/image\/","url":"https:\/\/dhg1h5j42swfq.cloudfront.net\/2025\/06\/03203428\/logo_concursos-1.jpg","contentUrl":"https:\/\/dhg1h5j42swfq.cloudfront.net\/2025\/06\/03203428\/logo_concursos-1.jpg","width":230,"height":60,"caption":"Estrat\u00e9gia Concursos"},"image":{"@id":"https:\/\/www.estrategiaconcursos.com.br\/blog\/#\/schema\/logo\/image\/"},"sameAs":["https:\/\/x.com\/EstratConcursos"]},{"@type":"Person","@id":"https:\/\/www.estrategiaconcursos.com.br\/blog\/#\/schema\/person\/a6b715b51aa89043d0971f12cb5e68ba","name":"Diogo Matias das Neves","image":{"@type":"ImageObject","inLanguage":"pt-BR","@id":"https:\/\/secure.gravatar.com\/avatar\/2873f549f0e5a79b8550a4ae26410232758ed10e5996ce0d191ba13dc4029866?s=96&d=mm&r=g","url":"https:\/\/secure.gravatar.com\/avatar\/2873f549f0e5a79b8550a4ae26410232758ed10e5996ce0d191ba13dc4029866?s=96&d=mm&r=g","contentUrl":"https:\/\/secure.gravatar.com\/avatar\/2873f549f0e5a79b8550a4ae26410232758ed10e5996ce0d191ba13dc4029866?s=96&d=mm&r=g","caption":"Diogo Matias das Neves"},"url":"https:\/\/www.estrategiaconcursos.com.br\/blog\/author\/diogomnoutlook-com\/"}]}},"_links":{"self":[{"href":"https:\/\/www.estrategiaconcursos.com.br\/blog\/wp-json\/wp\/v2\/posts\/1104811","targetHints":{"allow":["GET"]}}],"collection":[{"href":"https:\/\/www.estrategiaconcursos.com.br\/blog\/wp-json\/wp\/v2\/posts"}],"about":[{"href":"https:\/\/www.estrategiaconcursos.com.br\/blog\/wp-json\/wp\/v2\/types\/post"}],"author":[{"embeddable":true,"href":"https:\/\/www.estrategiaconcursos.com.br\/blog\/wp-json\/wp\/v2\/users\/1883"}],"replies":[{"embeddable":true,"href":"https:\/\/www.estrategiaconcursos.com.br\/blog\/wp-json\/wp\/v2\/comments?post=1104811"}],"version-history":[{"count":4,"href":"https:\/\/www.estrategiaconcursos.com.br\/blog\/wp-json\/wp\/v2\/posts\/1104811\/revisions"}],"predecessor-version":[{"id":1199921,"href":"https:\/\/www.estrategiaconcursos.com.br\/blog\/wp-json\/wp\/v2\/posts\/1104811\/revisions\/1199921"}],"wp:featuredmedia":[{"embeddable":true,"href":"https:\/\/www.estrategiaconcursos.com.br\/blog\/wp-json\/wp\/v2\/media\/1082762"}],"wp:attachment":[{"href":"https:\/\/www.estrategiaconcursos.com.br\/blog\/wp-json\/wp\/v2\/media?parent=1104811"}],"wp:term":[{"taxonomy":"category","embeddable":true,"href":"https:\/\/www.estrategiaconcursos.com.br\/blog\/wp-json\/wp\/v2\/categories?post=1104811"},{"taxonomy":"post_tag","embeddable":true,"href":"https:\/\/www.estrategiaconcursos.com.br\/blog\/wp-json\/wp\/v2\/tags?post=1104811"},{"taxonomy":"tax_estado","embeddable":true,"href":"https:\/\/www.estrategiaconcursos.com.br\/blog\/wp-json\/wp\/v2\/tax_estado?post=1104811"}],"curies":[{"name":"wp","href":"https:\/\/api.w.org\/{rel}","templated":true}]}}