{"id":1104218,"date":"2022-11-04T08:06:00","date_gmt":"2022-11-04T11:06:00","guid":{"rendered":"https:\/\/www.estrategiaconcursos.com.br\/blog\/?p=1104218"},"modified":"2022-10-17T15:45:43","modified_gmt":"2022-10-17T18:45:43","slug":"local-prestacao-icms-sefaz-mg","status":"publish","type":"post","link":"https:\/\/www.estrategiaconcursos.com.br\/blog\/local-prestacao-icms-sefaz-mg\/","title":{"rendered":"Local da presta\u00e7\u00e3o do ICMS para SEFAZ MG"},"content":{"rendered":"\n<p class=\"has-text-align-center\"><em>Resumo acerca do local da presta\u00e7\u00e3o do ICMS para SEFAZ MG. Disposi\u00e7\u00f5es da Lei 6.763\/75 e do Decreto 43.080\/02 no tocante ao local das presta\u00e7\u00f5es de servi\u00e7o e das importa\u00e7\u00f5es.<\/em><\/p>\n\n\n\n<figure class=\"wp-block-image aligncenter size-full is-resized\"><img loading=\"lazy\" decoding=\"async\" src=\"https:\/\/dhg1h5j42swfq.cloudfront.net\/2022\/10\/03195153\/image-337-1024x538-1.png\" alt=\"local da presta\u00e7\u00e3o do ICMS para SEFAZ MG\" class=\"wp-image-1104219\" width=\"625\" height=\"328\" srcset=\"https:\/\/dhg1h5j42swfq.cloudfront.net\/2022\/10\/03195153\/image-337-1024x538-1.png 1024w, https:\/\/dhg1h5j42swfq.cloudfront.net\/2022\/10\/03195153\/image-337-1024x538-1-300x158.png 300w, https:\/\/dhg1h5j42swfq.cloudfront.net\/2022\/10\/03195153\/image-337-1024x538-1-768x404.png 768w, https:\/\/dhg1h5j42swfq.cloudfront.net\/2022\/10\/03195153\/image-337-1024x538-1-610x320.png 610w, https:\/\/dhg1h5j42swfq.cloudfront.net\/2022\/10\/03195153\/image-337-1024x538-1-150x79.png 150w\" sizes=\"auto, (max-width: 625px) 100vw, 625px\" \/><figcaption>Local da presta\u00e7\u00e3o do ICMS para SEFAZ MG<\/figcaption><\/figure>\n\n\n\n<p>Fala, pessoal!<\/p>\n\n\n\n<p>Tudo bem com voc\u00eas?<\/p>\n\n\n\n<p>Neste artigo vamos abordar um assunto muito importante sobre a legisla\u00e7\u00e3o mineira: o <strong>local da presta\u00e7\u00e3o<\/strong> no contexto do Imposto sobre Opera\u00e7\u00f5es Relativas \u00e0 Circula\u00e7\u00e3o de Mercadorias e sobre Presta\u00e7\u00e3o de Servi\u00e7os de Transporte Interestadual e Intermunicipal e de Comunica\u00e7\u00e3o \u2013 <strong>ICMS<\/strong><strong> para o concurso da SEFAZ MG<\/strong>.<\/p>\n\n\n\n<p>Este assunto foi dividido em dois artigos, no primeiro tratamos sobre o local da opera\u00e7\u00e3o para circula\u00e7\u00e3o de mercadorias, e neste artigo vamos tratar sobre os locais nas <strong>presta\u00e7\u00f5es de servi\u00e7os de comunica\u00e7\u00e3o e de transporte, al\u00e9m do local das opera\u00e7\u00f5es e presta\u00e7\u00f5es na importa\u00e7\u00e3o.<\/strong><\/p>\n\n\n\n<p>O concurso da SEFAZ MG trouxe uma oportunidade \u00fanica. S\u00e3o <strong>431 vagas<\/strong> com uma remunera\u00e7\u00e3o que pode chegar a mais de <strong>RS 25.000<\/strong>. A <a href=\"https:\/\/conhecimento.fgv.br\/concursos\/sefmg22\" target=\"_blank\" rel=\"noreferrer noopener\">FGV<\/a> foi escolhida como a banca do concurso.<\/p>\n\n\n\n<p>N\u00e3o temos d\u00favidas de que a Legisla\u00e7\u00e3o Tribut\u00e1ria deve ser a mat\u00e9ria de principal enfoque na sua prepara\u00e7\u00e3o. Fiquem atentos aos detalhes para n\u00e3o perderem quest\u00f5es simples na hora da prova.<\/p>\n\n\n\n<p>Vamos nessa?<\/p>\n\n\n\n<h2 class=\"wp-block-heading\" id=\"h-local-da-prestacao-do-icms-sefaz-mg-prestacao-de-servico-de-transporte\">LOCAL DA PRESTA\u00c7\u00c3O DO ICMS &#8211; SEFAZ MG: <strong>presta\u00e7\u00e3o de servi\u00e7o de transporte<\/strong><\/h2>\n\n\n\n<p>Tratando-se de presta\u00e7\u00e3o de servi\u00e7o de transporte, a legisla\u00e7\u00e3o adotou como local da presta\u00e7\u00e3o os seguintes:<\/p>\n\n\n\n<p>&#8211; <em>aquele <strong><mark style=\"background-color:rgba(0, 0, 0, 0)\" class=\"has-inline-color has-vivid-purple-color\">onde se encontre o transportador<\/mark>,<\/strong> quando em situa\u00e7\u00e3o <\/em><strong><em>irregular pela falta de<\/em> <em>documenta\u00e7\u00e3o fiscal <\/em><\/strong><em>ou com documenta\u00e7\u00e3o falsa ou inid\u00f4nea;<\/em><\/p>\n\n\n\n<p>De forma semelhante ao que acontece no caso de circula\u00e7\u00e3o de mercadoria em situa\u00e7\u00e3o irregular no que diz respeito \u00e0 documenta\u00e7\u00e3o fiscal, o servi\u00e7o de transporte considera o local da opera\u00e7\u00e3o como sendo onde se encontra o transportador.<\/p>\n\n\n\n<p>Neste caso n\u00e3o h\u00e1 muito o que discutir, no geral, nessas situa\u00e7\u00f5es o processo \u00e9 voltado para o que for mais facilitado para o fisco.<\/p>\n\n\n\n<p>&#8211; <em>o do <strong><mark style=\"background-color:rgba(0, 0, 0, 0)\" class=\"has-inline-color has-vivid-purple-color\">in\u00edcio da presta\u00e7\u00e3o de servi\u00e7o de transporte de passageiros<\/mark><\/strong> ou pessoas, indicado<\/em> <em>no bilhete de passagem ou na nota fiscal, <strong>ainda que<\/strong> a venda ou a emiss\u00e3o dos mesmos<\/em> <em>tenham ocorrido em outra unidade da Federa\u00e7\u00e3o;<\/em><\/p>\n\n\n\n<p>Este local previsto na legisla\u00e7\u00e3o \u00e9 bem importante. Digamos que voc\u00ea vai viajar de Belo Horizonte para S\u00e3o Paulo, e o seu namorado compra e emite a sua passagem no guich\u00ea do \u00f4nibus l\u00e1 em S\u00e3o Paulo.<\/p>\n\n\n\n<p>Neste caso, ainda que a emiss\u00e3o do bilhete de passagem ocorreu em outra cidade, o local da presta\u00e7\u00e3o de servi\u00e7o de transporte ser\u00e1&nbsp; o do in\u00edcio deste, ou seja, Belo Horizonte.<\/p>\n\n\n\n<p><em>&#8211; o do <\/em><strong><mark style=\"background-color:rgba(0, 0, 0, 0)\" class=\"has-inline-color has-vivid-purple-color\"><em>estabelecimento da empresa transportadora que contratar o transporte de<\/em> <em>carga <\/em><\/mark><\/strong><em>com transportador <strong>aut\u00f4nomo <\/strong>ou empresa <strong>n\u00e3o-contribuinte <\/strong>no Estado;<\/em><\/p>\n\n\n\n<p><em>&#8211; o do <strong><mark style=\"background-color:rgba(0, 0, 0, 0)\" class=\"has-inline-color has-vivid-purple-color\">remetente da mercadoria<\/mark><\/strong>, relativamente ao imposto incidente sobre a<\/em> <em>presta\u00e7\u00e3o de servi\u00e7o efetuado por <strong>transportador aut\u00f4nomo ou empresa n\u00e3o-contribuinte<\/strong> no Estado;<\/em><\/p>\n\n\n\n<p>Nestes casos, novamente, o fisco busca facilitar o processo de fiscaliza\u00e7\u00e3o. Acontece quando as empresas transportadoras terceirizam o servi\u00e7o contratando transportadores aut\u00f4nomos ou empresas que fornecem este servi\u00e7o. O outro caso acontece quando o pr\u00f3prio remetente da mercadoria contrata o servi\u00e7o de transporte.<\/p>\n\n\n\n<p>Percebam que \u00e9 muito mais vi\u00e1vel para o fisco fiscalizar uma empresa transportadora, ou o remetente da mercadoria, que provavelmente possui seu cadastro e registros regulares, do que fiscalizar cada transportador aut\u00f4nomo ou empresas que n\u00e3o s\u00e3o contribuintes no Estado.<\/p>\n\n\n\n<p>Portanto, o local ser\u00e1 o do estabelecimento da transportadora, no primeiro caso, e o do remetente da mercadoria, no segundo.<\/p>\n\n\n\n<p>&#8211; <em>onde tenha<strong><mark style=\"background-color:rgba(0, 0, 0, 0)\" class=\"has-inline-color has-vivid-purple-color\"> in\u00edcio a presta\u00e7\u00e3o<\/mark><\/strong>, nos demais casos.<\/em><\/p>\n\n\n\n<p>De forma residual, a legisla\u00e7\u00e3o mineira diz que, nos casos n\u00e3o abrangidos pelos dispositivos anteriores, o local ser\u00e1 o do in\u00edcio da presta\u00e7\u00e3o.<\/p>\n\n\n\n<h2 class=\"wp-block-heading\">LOCAL DA PRESTA\u00c7\u00c3O DO ICMS &#8211; SEFAZ MG<strong>: importa\u00e7\u00e3o de mercadorias e servi\u00e7os<\/strong><\/h2>\n\n\n\n<p>Os casos do local da opera\u00e7\u00e3o no caso da importa\u00e7\u00e3o s\u00e3o muito importantes. Cuidado aqui para n\u00e3o confundirem com o momento do fato gerador nestes casos que, em regra, \u00e9 o do desembara\u00e7o aduaneiro. Entretanto, o local do desembara\u00e7o n\u00e3o \u00e9 necessariamente o local da opera\u00e7\u00e3o.<\/p>\n\n\n\n<p>Vamos analisar o que traz a legisla\u00e7\u00e3o mineira:<\/p>\n\n\n\n<p>&#8211; <em>o do<strong><mark style=\"background-color:rgba(0, 0, 0, 0)\" class=\"has-inline-color has-vivid-purple-color\"> estabelecimento que, direta ou indiretamente, promover a importa\u00e7\u00e3o,<\/mark><\/strong> <\/em><strong><em>desde que<\/em><\/strong><em> com o fim de <\/em><strong><em>consumo, imobiliza\u00e7\u00e3o, comercializa\u00e7\u00e3o ou industrializa\u00e7\u00e3o pelo pr\u00f3prio estabelecimento.<\/em><\/strong><\/p>\n\n\n\n<p>Percebam que, a importa\u00e7\u00e3o indireta tamb\u00e9m est\u00e1 abrangida neste dispositivo e a lei condiciona o local ao consumo, imobiliza\u00e7\u00e3o, comercializa\u00e7\u00e3o ou industrializa\u00e7\u00e3o pelo <strong>pr\u00f3prio estabelecimento.<\/strong><\/p>\n\n\n\n<p>&nbsp;&#8211; <em>o do<strong><mark style=\"background-color:rgba(0, 0, 0, 0)\" class=\"has-inline-color has-vivid-purple-color\"> estabelecimento destinat\u00e1rio da mercadoria ou do bem, <\/mark><\/strong>quando a importa\u00e7\u00e3o for promovida por outro estabelecimento, <\/em><strong><em>ainda que situado em outra unidade da Federa\u00e7\u00e3o,<\/em><\/strong><em> de mesma titularidade daquele ou que com ele mantenha rela\u00e7\u00e3o de interdepend\u00eancia.<\/em><\/p>\n\n\n\n<p><em>&#8211; o do <strong><mark style=\"background-color:rgba(0, 0, 0, 0)\" class=\"has-inline-color has-vivid-purple-color\">estabelecimento destinat\u00e1rio da mercadoria ou do bem, <\/mark><\/strong>quando a importa\u00e7\u00e3o promovida por outro estabelecimento, <\/em><strong><em>ainda que situado em outra unidade da Federa\u00e7\u00e3o<\/em><\/strong><em>, esteja previamente vinculada ao objetivo de destin\u00e1-lo \u00e0quele.<\/em><\/p>\n\n\n\n<p><em>&#8211;&nbsp; o <\/em><strong><mark style=\"background-color:rgba(0, 0, 0, 0)\" class=\"has-inline-color has-vivid-purple-color\"><em>do domic\u00edlio do adquirente,<\/em><\/mark><\/strong><em><mark style=\"background-color:rgba(0, 0, 0, 0)\" class=\"has-inline-color has-vivid-purple-color\"> <\/mark>quando n\u00e3o estabelecido;<\/em><\/p>\n\n\n\n<p><em>&#8211;&nbsp; <\/em><strong><em><mark style=\"background-color:rgba(0, 0, 0, 0)\" class=\"has-inline-color has-vivid-purple-color\">onde ocorrer a entrada f\u00edsica da mercadoria<\/mark><\/em><\/strong><em> ou bem nas demais hip\u00f3teses. <strong>(N\u00e3o se aplica \u00e0 entrada com fim exclusivo de dep\u00f3sito)<\/strong><\/em><\/p>\n\n\n\n<p>O legislador mineiro trouxe diversos dispositivos para o local da opera\u00e7\u00e3o no caso de importa\u00e7\u00e3o. Alguns desses dispositivos j\u00e1 s\u00e3o conhecidos da Lei Kandir, mas fiquem atentos \u00e0s diferen\u00e7as.<\/p>\n\n\n\n<p>Em Minas Gerais, por exemplo, o local definido como aquele no qual ocorre a entrada f\u00edsica da mercadoria ou bem n\u00e3o \u00e9 v\u00e1lido nos casos de simples dep\u00f3sito.<\/p>\n\n\n\n<p>Ademais, caso um estabelecimento de Minas possua uma filial em outro Estado e esta filial importe mercadorias com destino ao estabelecimento situado em Minas, o local ser\u00e1 Minas Gerais, ou seja, o do destinat\u00e1rio da mercadoria.<\/p>\n\n\n\n<p>A outra situa\u00e7\u00e3o prevista acontece quando uma empresa de outro Estado faz o processo de importa\u00e7\u00e3o para algum sujeito passivo situado em Minas Gerais, neste caso, o objeto de importa\u00e7\u00e3o j\u00e1 estava desde o in\u00edcio vinculado ao contribuinte de Minas Gerais. Portanto, o local ser\u00e1 o do destinat\u00e1rio da mercadoria.<\/p>\n\n\n\n<p>&#8211; <em>o do <strong><mark style=\"background-color:rgba(0, 0, 0, 0)\" class=\"has-inline-color has-vivid-purple-color\">estabelecimento encomendante ou o do domic\u00edlio do destinat\u00e1rio<\/mark><\/strong>, relativamente ao imposto devido sobre o servi\u00e7o prestado ou iniciado no exterior;<\/em><\/p>\n\n\n\n<p>Sabemos que o imposto incide na importa\u00e7\u00e3o de servi\u00e7os prestados ou iniciados no exterior. Neste caso, o local da opera\u00e7\u00e3o \u00e9 o do estabelecimento que fez a encomenda ou o do domic\u00edlio do destinat\u00e1rio do servi\u00e7o.<\/p>\n\n\n\n<h2 class=\"wp-block-heading\">LOCAL DA OPERA\u00c7\u00c3O DO ICMS: presta\u00e7\u00e3o de servi\u00e7o de comunica\u00e7\u00e3o<\/h2>\n\n\n\n<p>Outro importante ponto acerca do local da opera\u00e7\u00e3o na legisla\u00e7\u00e3o mineira \u00e9 o caso dos servi\u00e7os de comunica\u00e7\u00e3o. Tratando-se de presta\u00e7\u00e3o onerosa de servi\u00e7o de comunica\u00e7\u00e3o, o local \u00e9:<\/p>\n\n\n\n<p>&#8211; <em>o do <strong><mark style=\"background-color:rgba(0, 0, 0, 0)\" class=\"has-inline-color has-vivid-purple-color\">estabelecimento que promover<\/mark><\/strong> a gera\u00e7\u00e3o, a emiss\u00e3o, a transmiss\u00e3o, a<\/em> <em>retransmiss\u00e3o, a repeti\u00e7\u00e3o, a amplia\u00e7\u00e3o ou a recep\u00e7\u00e3o do servi\u00e7o, inclusive de<\/em> <em>radiodifus\u00e3o sonora e de som e imagem.<\/em><\/p>\n\n\n\n<p>&#8211; <em>o do <strong><mark style=\"background-color:rgba(0, 0, 0, 0)\" class=\"has-inline-color has-vivid-purple-color\">estabelecimento da concession\u00e1ria ou permission\u00e1ria<\/mark><\/strong> que forne\u00e7a ficha, cart\u00e3o<\/em> <em>ou assemelhados necess\u00e1rios \u00e0 presta\u00e7\u00e3o do servi\u00e7o.<\/em><\/p>\n\n\n\n<p>Lembrem-se que, neste caso, o momento do fato gerador \u00e9 o do fornecimento da ficha e n\u00e3o o da utiliza\u00e7\u00e3o da ficha pelo contribuinte. Portanto, \u00e9 intuitivo que o local seja o do estabelecimento que forneceu o cart\u00e3o ou ficha.<\/p>\n\n\n\n<p>&#8211; <em>o do<strong><mark style=\"background-color:rgba(0, 0, 0, 0)\" class=\"has-inline-color has-vivid-purple-color\"> estabelecimento ou o do domic\u00edlio do destinat\u00e1rio<\/mark><\/strong>, quando o servi\u00e7o for<\/em> <em>prestado por meio de <strong>sat\u00e9lite.<\/strong><\/em><\/p>\n\n\n\n<p>No caso do servi\u00e7o prestado por meio de sat\u00e9lite, a legisla\u00e7\u00e3o buscou ser justa com o Estado do destinat\u00e1rio deste servi\u00e7o.<\/p>\n\n\n\n<p>&#8211; <em>o do<strong><mark style=\"background-color:rgba(0, 0, 0, 0)\" class=\"has-inline-color has-vivid-purple-color\"> estabelecimento encomendante ou o do domic\u00edlio do destinat\u00e1rio,<\/mark><\/strong><\/em> <em>relativamente ao imposto devido sobre o servi\u00e7o prestado ou iniciado no exterior.<\/em><\/p>\n\n\n\n<p>Este \u00e9 o caso de importa\u00e7\u00e3o de servi\u00e7o de comunica\u00e7\u00e3o, portanto, o estabelecimento que encomenda o servi\u00e7o ou \u00e9 o destinat\u00e1rio deste, \u00e9 considerado o local da opera\u00e7\u00e3o.<\/p>\n\n\n\n<p>&#8211; <em>onde <strong><mark style=\"background-color:rgba(0, 0, 0, 0)\" class=\"has-inline-color has-vivid-purple-color\">seja cobrado o servi\u00e7o<\/mark><\/strong>, nos demais casos.<\/em><\/p>\n\n\n\n<p>Para os casos n\u00e3o previstos nos dispositivos anteriores, o local da opera\u00e7\u00e3o ser\u00e1 onde \u00e9 cobrado o servi\u00e7o.<\/p>\n\n\n\n<p>\u00c9 importante lembrar que, <strong>na hip\u00f3tese de presta\u00e7\u00e3o de servi\u00e7os de<\/strong> <strong>telecomunica\u00e7\u00f5es n\u00e3o medidos<\/strong>, envolvendo localidades situadas em Minas Gerais e em outro Estado <strong>cujo pre\u00e7o seja cobrado por per\u00edodos definidos<\/strong>, <strong>o imposto<\/strong> <strong>devido ser\u00e1 recolhido, em partes iguais, para esta e a outra unidade da Federa\u00e7\u00e3o<\/strong> <strong>envolvida na presta\u00e7\u00e3o<\/strong>.<\/p>\n\n\n\n<h2 class=\"wp-block-heading\">LOCAL DA PRESTA\u00c7\u00c3O DO ICMS &#8211; SEFAZ MG<strong>:<\/strong> Demais casos<\/h2>\n\n\n\n<p>A legisla\u00e7\u00e3o mineira ainda trouxe alguns casos residuais que devem ser observados. Vejamos:<\/p>\n\n\n\n<p><em>&#8211; o do <strong><mark style=\"background-color:rgba(0, 0, 0, 0)\" class=\"has-inline-color has-vivid-purple-color\">estabelecimento inscrito como contribuinte,<\/mark><\/strong> quando se tratar de empresa com<\/em> <em><strong>inscri\u00e7\u00e3o \u00fanica<\/strong> no Estado;<\/em><\/p>\n\n\n\n<p><em>&#8211; o do <strong><mark style=\"background-color:rgba(0, 0, 0, 0)\" class=\"has-inline-color has-vivid-purple-color\">estabelecimento ao qual couber pagar o imposto<\/mark><\/strong> sobre utiliza\u00e7\u00e3o de servi\u00e7o<\/em><strong><em> <\/em><\/strong><em>prestado por terceiro;<\/em><\/p>\n\n\n\n<p>O regulamento mineiro traz a possibilidade, a crit\u00e9rio do fisco, de uma inscri\u00e7\u00e3o \u00fanica para o contribuinte que possuir v\u00e1rios estabelecimentos no Estado. Dessa forma, o contribuinte pode centralizar a escritura\u00e7\u00e3o dos livros fiscais e o pagamento do imposto.<\/p>\n\n\n\n<p>Portanto, o local ser\u00e1 o do estabelecimento inscrito nesta inscri\u00e7\u00e3o \u00fanica.<\/p>\n\n\n\n<p>A Lei 6.763\/75 em seu<strong> <\/strong>Art. 33, \u00a7 1\u00ba traz ainda a situa\u00e7\u00e3o em o <strong>produtor<\/strong> \u00e9 obrigado a recolher o imposto sobre a sa\u00edda de mercadoria, <strong>o local ser\u00e1 o da situa\u00e7\u00e3o do estabelecimento do produtor.<\/strong><\/p>\n\n\n\n<h2 class=\"wp-block-heading\">FINALIZANDO<\/h2>\n\n\n\n<p>Pessoal, este foi o nosso resumo acerca do <strong>local da presta\u00e7\u00e3o do ICMS para a SEFAZ MG.<\/strong> Espero que tenham gostado.<\/p>\n\n\n\n<p>S\u00e3o dispositivos muito importantes para a sua prova e devem estar frescos na mem\u00f3ria. N\u00e3o deixem de ler a legisla\u00e7\u00e3o por completo, de forma a fixar o conte\u00fado.<\/p>\n\n\n\n<p>O Estrat\u00e9gia Concurso possui o curso completo com a melhor prepara\u00e7\u00e3o para a SEFAZ MG. Al\u00e9m disso, resolva muitas quest\u00f5es sobre o assunto para fechar com chave de ouro.<\/p>\n\n\n\n<p>At\u00e9 a pr\u00f3xima.<\/p>\n\n\n\n<p>Bons estudos!<\/p>\n\n\n\n<h3 class=\"has-text-align-center has-cyan-bluish-gray-background-color has-background wp-block-heading\" id=\"h-cursos-sefaz-mg\"><a href=\"https:\/\/www.estrategiaconcursos.com.br\/cursosPorConcurso\/secretaria-da-fazenda-do-estado-de-minas-gerais-sefaz-mg\/\" target=\"_blank\" rel=\"noreferrer noopener\">CURSOS SEFAZ MG<\/a><\/h3>\n\n\n\n<h2 class=\"has-text-align-center wp-block-heading\" id=\"h-quer-saber-tudo-sobre-concursos-previstos-confira-nossos-artigos\">Quer saber tudo sobre concursos previstos?<br \/>Confira nossos artigos<\/h2>\n\n\n\n<p class=\"has-text-align-center has-black-color has-pale-cyan-blue-background-color has-text-color has-background\"><a href=\"https:\/\/www.estrategiaconcursos.com.br\/blog\/concursos-abertos\/\" target=\"_blank\" rel=\"noreferrer noopener\">Concursos abertos<\/a><\/p>\n\n\n\n<p class=\"has-text-align-center has-pale-cyan-blue-background-color has-background\"><a href=\"https:\/\/www.estrategiaconcursos.com.br\/blog\/concursos-2022\/\" target=\"_blank\" rel=\"noreferrer noopener\">Concursos 2022<\/a><\/p>\n\n\n\n<p class=\"has-text-align-center has-pale-cyan-blue-background-color has-background\"><a href=\"https:\/\/www.estrategiaconcursos.com.br\/blog\/concursos-2023\/\" target=\"_blank\" rel=\"noreferrer noopener\">Concursos 2023<\/a><\/p>\n","protected":false},"excerpt":{"rendered":"<p>Resumo acerca do local da presta\u00e7\u00e3o do ICMS para SEFAZ MG. Disposi\u00e7\u00f5es da Lei 6.763\/75 e do Decreto 43.080\/02 no tocante ao local das presta\u00e7\u00f5es de servi\u00e7o e das importa\u00e7\u00f5es<\/p>\n","protected":false},"author":2459,"featured_media":1082762,"comment_status":"open","ping_status":"closed","sticky":false,"template":"","format":"standard","meta":{"post_tipo":"article","footnotes":""},"categories":[1983],"tags":[40,221041],"tax_estado":[219974],"class_list":["post-1104218","post","type-post","status-publish","format-standard","has-post-thumbnail","hentry","category-fiscal-estadual","tag-concurso","tag-sefaz-mg-2","tax_estado-mg"],"acf":[],"yoast_head":"<!-- This site is optimized with the Yoast SEO Premium plugin v27.2 (Yoast SEO v27.2) - https:\/\/yoast.com\/product\/yoast-seo-premium-wordpress\/ -->\n<title>Local da presta\u00e7\u00e3o do ICMS para SEFAZ MG<\/title>\n<meta name=\"description\" content=\"Resumo acerca do local da presta\u00e7\u00e3o de servi\u00e7o e das importa\u00e7\u00f5es do ICMS para SEFAZ MG dispostos na Lei 6.763\/75 e do Decreto 43.080\/02.\" \/>\n<meta name=\"robots\" content=\"index, follow, max-snippet:-1, max-image-preview:large, max-video-preview:-1\" \/>\n<link rel=\"canonical\" href=\"https:\/\/www.estrategiaconcursos.com.br\/blog\/local-prestacao-icms-sefaz-mg\/\" \/>\n<meta property=\"og:locale\" content=\"pt_BR\" \/>\n<meta property=\"og:type\" content=\"article\" \/>\n<meta property=\"og:title\" content=\"Local da presta\u00e7\u00e3o do ICMS para SEFAZ MG\" \/>\n<meta property=\"og:description\" content=\"Resumo acerca do local da presta\u00e7\u00e3o de servi\u00e7o e das importa\u00e7\u00f5es do ICMS para SEFAZ MG dispostos na Lei 6.763\/75 e do Decreto 43.080\/02.\" \/>\n<meta property=\"og:url\" content=\"https:\/\/www.estrategiaconcursos.com.br\/blog\/local-prestacao-icms-sefaz-mg\/\" \/>\n<meta property=\"og:site_name\" content=\"Estrat\u00e9gia Concursos\" \/>\n<meta property=\"article:published_time\" content=\"2022-11-04T11:06:00+00:00\" \/>\n<meta property=\"og:image\" content=\"https:\/\/dhg1h5j42swfq.cloudfront.net\/2022\/08\/23164552\/sefaz-mg-8.jpg\" \/>\n\t<meta property=\"og:image:width\" content=\"768\" \/>\n\t<meta property=\"og:image:height\" content=\"432\" \/>\n\t<meta property=\"og:image:type\" content=\"image\/jpeg\" \/>\n<meta name=\"author\" content=\"J\u00e9ssica Luciano Barcelos\" \/>\n<meta name=\"twitter:card\" content=\"summary_large_image\" \/>\n<meta name=\"twitter:creator\" content=\"@EstratConcursos\" \/>\n<meta name=\"twitter:site\" content=\"@EstratConcursos\" \/>\n<meta name=\"twitter:label1\" content=\"Escrito por\" \/>\n\t<meta name=\"twitter:data1\" content=\"J\u00e9ssica Luciano Barcelos\" \/>\n\t<meta name=\"twitter:label2\" content=\"Est. tempo de leitura\" \/>\n\t<meta name=\"twitter:data2\" content=\"9 minutos\" \/>\n<script type=\"application\/ld+json\" class=\"yoast-schema-graph\">{\"@context\":\"https:\/\/schema.org\",\"@graph\":[{\"@type\":\"NewsArticle\",\"@id\":\"https:\/\/www.estrategiaconcursos.com.br\/blog\/local-prestacao-icms-sefaz-mg\/#article\",\"isPartOf\":{\"@id\":\"https:\/\/www.estrategiaconcursos.com.br\/blog\/local-prestacao-icms-sefaz-mg\/\"},\"author\":{\"name\":\"J\u00e9ssica Luciano Barcelos\",\"@id\":\"https:\/\/www.estrategiaconcursos.com.br\/blog\/#\/schema\/person\/8207b340097a76d57b0d52dd527d7e53\"},\"headline\":\"Local da presta\u00e7\u00e3o do ICMS para SEFAZ MG\",\"datePublished\":\"2022-11-04T11:06:00+00:00\",\"mainEntityOfPage\":{\"@id\":\"https:\/\/www.estrategiaconcursos.com.br\/blog\/local-prestacao-icms-sefaz-mg\/\"},\"wordCount\":1781,\"commentCount\":0,\"publisher\":{\"@id\":\"https:\/\/www.estrategiaconcursos.com.br\/blog\/#organization\"},\"image\":{\"@id\":\"https:\/\/www.estrategiaconcursos.com.br\/blog\/local-prestacao-icms-sefaz-mg\/#primaryimage\"},\"thumbnailUrl\":\"https:\/\/dhg1h5j42swfq.cloudfront.net\/2022\/08\/23164552\/sefaz-mg-8.jpg\",\"keywords\":[\"Concurso\",\"sefaz mg\"],\"articleSection\":[\"Fiscal - Estadual (ICMS)\"],\"inLanguage\":\"pt-BR\",\"potentialAction\":[{\"@type\":\"CommentAction\",\"name\":\"Comment\",\"target\":[\"https:\/\/www.estrategiaconcursos.com.br\/blog\/local-prestacao-icms-sefaz-mg\/#respond\"]}],\"copyrightYear\":\"2022\",\"copyrightHolder\":{\"@id\":\"https:\/\/www.estrategiaconcursos.com.br\/blog\/#organization\"}},{\"@type\":\"WebPage\",\"@id\":\"https:\/\/www.estrategiaconcursos.com.br\/blog\/local-prestacao-icms-sefaz-mg\/\",\"url\":\"https:\/\/www.estrategiaconcursos.com.br\/blog\/local-prestacao-icms-sefaz-mg\/\",\"name\":\"Local da presta\u00e7\u00e3o do ICMS para SEFAZ MG\",\"isPartOf\":{\"@id\":\"https:\/\/www.estrategiaconcursos.com.br\/blog\/#website\"},\"primaryImageOfPage\":{\"@id\":\"https:\/\/www.estrategiaconcursos.com.br\/blog\/local-prestacao-icms-sefaz-mg\/#primaryimage\"},\"image\":{\"@id\":\"https:\/\/www.estrategiaconcursos.com.br\/blog\/local-prestacao-icms-sefaz-mg\/#primaryimage\"},\"thumbnailUrl\":\"https:\/\/dhg1h5j42swfq.cloudfront.net\/2022\/08\/23164552\/sefaz-mg-8.jpg\",\"datePublished\":\"2022-11-04T11:06:00+00:00\",\"description\":\"Resumo acerca do local da presta\u00e7\u00e3o de servi\u00e7o e das importa\u00e7\u00f5es do ICMS para SEFAZ MG dispostos na Lei 6.763\/75 e do Decreto 43.080\/02.\",\"breadcrumb\":{\"@id\":\"https:\/\/www.estrategiaconcursos.com.br\/blog\/local-prestacao-icms-sefaz-mg\/#breadcrumb\"},\"inLanguage\":\"pt-BR\",\"potentialAction\":[{\"@type\":\"ReadAction\",\"target\":[\"https:\/\/www.estrategiaconcursos.com.br\/blog\/local-prestacao-icms-sefaz-mg\/\"]}]},{\"@type\":\"ImageObject\",\"inLanguage\":\"pt-BR\",\"@id\":\"https:\/\/www.estrategiaconcursos.com.br\/blog\/local-prestacao-icms-sefaz-mg\/#primaryimage\",\"url\":\"https:\/\/dhg1h5j42swfq.cloudfront.net\/2022\/08\/23164552\/sefaz-mg-8.jpg\",\"contentUrl\":\"https:\/\/dhg1h5j42swfq.cloudfront.net\/2022\/08\/23164552\/sefaz-mg-8.jpg\",\"width\":768,\"height\":432,\"caption\":\"Inscri\u00e7\u00f5es do concurso Sefaz MG\"},{\"@type\":\"BreadcrumbList\",\"@id\":\"https:\/\/www.estrategiaconcursos.com.br\/blog\/local-prestacao-icms-sefaz-mg\/#breadcrumb\",\"itemListElement\":[{\"@type\":\"ListItem\",\"position\":1,\"name\":\"In\u00edcio\",\"item\":\"https:\/\/www.estrategiaconcursos.com.br\/blog\/\"},{\"@type\":\"ListItem\",\"position\":2,\"name\":\"Local da presta\u00e7\u00e3o do ICMS para SEFAZ MG\"}]},{\"@type\":\"WebSite\",\"@id\":\"https:\/\/www.estrategiaconcursos.com.br\/blog\/#website\",\"url\":\"https:\/\/www.estrategiaconcursos.com.br\/blog\/\",\"name\":\"Estrat\u00e9gia Concursos\",\"description\":\"O blog da Estrat\u00e9gia Concursos traz not\u00edcias sobre concursos e artigos de professores oferecendo cursos para concursos (pdf + videaulas) no site.\",\"publisher\":{\"@id\":\"https:\/\/www.estrategiaconcursos.com.br\/blog\/#organization\"},\"potentialAction\":[{\"@type\":\"SearchAction\",\"target\":{\"@type\":\"EntryPoint\",\"urlTemplate\":\"https:\/\/www.estrategiaconcursos.com.br\/blog\/?s={search_term_string}\"},\"query-input\":{\"@type\":\"PropertyValueSpecification\",\"valueRequired\":true,\"valueName\":\"search_term_string\"}}],\"inLanguage\":\"pt-BR\"},{\"@type\":\"Organization\",\"@id\":\"https:\/\/www.estrategiaconcursos.com.br\/blog\/#organization\",\"name\":\"Estrat\u00e9gia Concursos\",\"url\":\"https:\/\/www.estrategiaconcursos.com.br\/blog\/\",\"logo\":{\"@type\":\"ImageObject\",\"inLanguage\":\"pt-BR\",\"@id\":\"https:\/\/www.estrategiaconcursos.com.br\/blog\/#\/schema\/logo\/image\/\",\"url\":\"https:\/\/dhg1h5j42swfq.cloudfront.net\/2025\/06\/03203428\/logo_concursos-1.jpg\",\"contentUrl\":\"https:\/\/dhg1h5j42swfq.cloudfront.net\/2025\/06\/03203428\/logo_concursos-1.jpg\",\"width\":230,\"height\":60,\"caption\":\"Estrat\u00e9gia Concursos\"},\"image\":{\"@id\":\"https:\/\/www.estrategiaconcursos.com.br\/blog\/#\/schema\/logo\/image\/\"},\"sameAs\":[\"https:\/\/x.com\/EstratConcursos\"]},{\"@type\":\"Person\",\"@id\":\"https:\/\/www.estrategiaconcursos.com.br\/blog\/#\/schema\/person\/8207b340097a76d57b0d52dd527d7e53\",\"name\":\"J\u00e9ssica Luciano Barcelos\",\"image\":{\"@type\":\"ImageObject\",\"inLanguage\":\"pt-BR\",\"@id\":\"https:\/\/secure.gravatar.com\/avatar\/feaa24cba2d6d73f21c019e05c8bff471043b1db62437f2c2e5112e2f3773495?s=96&d=mm&r=g\",\"url\":\"https:\/\/secure.gravatar.com\/avatar\/feaa24cba2d6d73f21c019e05c8bff471043b1db62437f2c2e5112e2f3773495?s=96&d=mm&r=g\",\"contentUrl\":\"https:\/\/secure.gravatar.com\/avatar\/feaa24cba2d6d73f21c019e05c8bff471043b1db62437f2c2e5112e2f3773495?s=96&d=mm&r=g\",\"caption\":\"J\u00e9ssica Luciano Barcelos\"},\"description\":\"Formada em Engenharia Civil pela Universidade Federal dos Vales do Jequitinhonha e Mucuri (UFVJM). Aprovada para Auditora Fiscal da SEFAZ AM em 2022.\",\"sameAs\":[\"https:\/\/www.instagram.com\/jessicalbarcelos\/\",\"https:\/\/www.linkedin.com\/in\/jssica-barcelos-580594143\/\"],\"worksFor\":\"J\u00c9SSICA LUCIANO BARCELOS\",\"url\":\"https:\/\/www.estrategiaconcursos.com.br\/blog\/author\/jessicalbarcelosgmail-com\/\"}]}<\/script>\n<!-- \/ Yoast SEO Premium plugin. -->","yoast_head_json":{"title":"Local da presta\u00e7\u00e3o do ICMS para SEFAZ MG","description":"Resumo acerca do local da presta\u00e7\u00e3o de servi\u00e7o e das importa\u00e7\u00f5es do ICMS para SEFAZ MG dispostos na Lei 6.763\/75 e do Decreto 43.080\/02.","robots":{"index":"index","follow":"follow","max-snippet":"max-snippet:-1","max-image-preview":"max-image-preview:large","max-video-preview":"max-video-preview:-1"},"canonical":"https:\/\/www.estrategiaconcursos.com.br\/blog\/local-prestacao-icms-sefaz-mg\/","og_locale":"pt_BR","og_type":"article","og_title":"Local da presta\u00e7\u00e3o do ICMS para SEFAZ MG","og_description":"Resumo acerca do local da presta\u00e7\u00e3o de servi\u00e7o e das importa\u00e7\u00f5es do ICMS para SEFAZ MG dispostos na Lei 6.763\/75 e do Decreto 43.080\/02.","og_url":"https:\/\/www.estrategiaconcursos.com.br\/blog\/local-prestacao-icms-sefaz-mg\/","og_site_name":"Estrat\u00e9gia Concursos","article_published_time":"2022-11-04T11:06:00+00:00","og_image":[{"width":768,"height":432,"url":"https:\/\/dhg1h5j42swfq.cloudfront.net\/2022\/08\/23164552\/sefaz-mg-8.jpg","type":"image\/jpeg"}],"author":"J\u00e9ssica Luciano Barcelos","twitter_card":"summary_large_image","twitter_creator":"@EstratConcursos","twitter_site":"@EstratConcursos","twitter_misc":{"Escrito por":"J\u00e9ssica Luciano Barcelos","Est. tempo de leitura":"9 minutos"},"schema":{"@context":"https:\/\/schema.org","@graph":[{"@type":"NewsArticle","@id":"https:\/\/www.estrategiaconcursos.com.br\/blog\/local-prestacao-icms-sefaz-mg\/#article","isPartOf":{"@id":"https:\/\/www.estrategiaconcursos.com.br\/blog\/local-prestacao-icms-sefaz-mg\/"},"author":{"name":"J\u00e9ssica Luciano Barcelos","@id":"https:\/\/www.estrategiaconcursos.com.br\/blog\/#\/schema\/person\/8207b340097a76d57b0d52dd527d7e53"},"headline":"Local da presta\u00e7\u00e3o do ICMS para SEFAZ MG","datePublished":"2022-11-04T11:06:00+00:00","mainEntityOfPage":{"@id":"https:\/\/www.estrategiaconcursos.com.br\/blog\/local-prestacao-icms-sefaz-mg\/"},"wordCount":1781,"commentCount":0,"publisher":{"@id":"https:\/\/www.estrategiaconcursos.com.br\/blog\/#organization"},"image":{"@id":"https:\/\/www.estrategiaconcursos.com.br\/blog\/local-prestacao-icms-sefaz-mg\/#primaryimage"},"thumbnailUrl":"https:\/\/dhg1h5j42swfq.cloudfront.net\/2022\/08\/23164552\/sefaz-mg-8.jpg","keywords":["Concurso","sefaz mg"],"articleSection":["Fiscal - Estadual (ICMS)"],"inLanguage":"pt-BR","potentialAction":[{"@type":"CommentAction","name":"Comment","target":["https:\/\/www.estrategiaconcursos.com.br\/blog\/local-prestacao-icms-sefaz-mg\/#respond"]}],"copyrightYear":"2022","copyrightHolder":{"@id":"https:\/\/www.estrategiaconcursos.com.br\/blog\/#organization"}},{"@type":"WebPage","@id":"https:\/\/www.estrategiaconcursos.com.br\/blog\/local-prestacao-icms-sefaz-mg\/","url":"https:\/\/www.estrategiaconcursos.com.br\/blog\/local-prestacao-icms-sefaz-mg\/","name":"Local da presta\u00e7\u00e3o do ICMS para SEFAZ MG","isPartOf":{"@id":"https:\/\/www.estrategiaconcursos.com.br\/blog\/#website"},"primaryImageOfPage":{"@id":"https:\/\/www.estrategiaconcursos.com.br\/blog\/local-prestacao-icms-sefaz-mg\/#primaryimage"},"image":{"@id":"https:\/\/www.estrategiaconcursos.com.br\/blog\/local-prestacao-icms-sefaz-mg\/#primaryimage"},"thumbnailUrl":"https:\/\/dhg1h5j42swfq.cloudfront.net\/2022\/08\/23164552\/sefaz-mg-8.jpg","datePublished":"2022-11-04T11:06:00+00:00","description":"Resumo acerca do local da presta\u00e7\u00e3o de servi\u00e7o e das importa\u00e7\u00f5es do ICMS para SEFAZ MG dispostos na Lei 6.763\/75 e do Decreto 43.080\/02.","breadcrumb":{"@id":"https:\/\/www.estrategiaconcursos.com.br\/blog\/local-prestacao-icms-sefaz-mg\/#breadcrumb"},"inLanguage":"pt-BR","potentialAction":[{"@type":"ReadAction","target":["https:\/\/www.estrategiaconcursos.com.br\/blog\/local-prestacao-icms-sefaz-mg\/"]}]},{"@type":"ImageObject","inLanguage":"pt-BR","@id":"https:\/\/www.estrategiaconcursos.com.br\/blog\/local-prestacao-icms-sefaz-mg\/#primaryimage","url":"https:\/\/dhg1h5j42swfq.cloudfront.net\/2022\/08\/23164552\/sefaz-mg-8.jpg","contentUrl":"https:\/\/dhg1h5j42swfq.cloudfront.net\/2022\/08\/23164552\/sefaz-mg-8.jpg","width":768,"height":432,"caption":"Inscri\u00e7\u00f5es do concurso Sefaz MG"},{"@type":"BreadcrumbList","@id":"https:\/\/www.estrategiaconcursos.com.br\/blog\/local-prestacao-icms-sefaz-mg\/#breadcrumb","itemListElement":[{"@type":"ListItem","position":1,"name":"In\u00edcio","item":"https:\/\/www.estrategiaconcursos.com.br\/blog\/"},{"@type":"ListItem","position":2,"name":"Local da presta\u00e7\u00e3o do ICMS para SEFAZ MG"}]},{"@type":"WebSite","@id":"https:\/\/www.estrategiaconcursos.com.br\/blog\/#website","url":"https:\/\/www.estrategiaconcursos.com.br\/blog\/","name":"Estrat\u00e9gia Concursos","description":"O blog da Estrat\u00e9gia Concursos traz not\u00edcias sobre concursos e artigos de professores oferecendo cursos para concursos (pdf + videaulas) no site.","publisher":{"@id":"https:\/\/www.estrategiaconcursos.com.br\/blog\/#organization"},"potentialAction":[{"@type":"SearchAction","target":{"@type":"EntryPoint","urlTemplate":"https:\/\/www.estrategiaconcursos.com.br\/blog\/?s={search_term_string}"},"query-input":{"@type":"PropertyValueSpecification","valueRequired":true,"valueName":"search_term_string"}}],"inLanguage":"pt-BR"},{"@type":"Organization","@id":"https:\/\/www.estrategiaconcursos.com.br\/blog\/#organization","name":"Estrat\u00e9gia Concursos","url":"https:\/\/www.estrategiaconcursos.com.br\/blog\/","logo":{"@type":"ImageObject","inLanguage":"pt-BR","@id":"https:\/\/www.estrategiaconcursos.com.br\/blog\/#\/schema\/logo\/image\/","url":"https:\/\/dhg1h5j42swfq.cloudfront.net\/2025\/06\/03203428\/logo_concursos-1.jpg","contentUrl":"https:\/\/dhg1h5j42swfq.cloudfront.net\/2025\/06\/03203428\/logo_concursos-1.jpg","width":230,"height":60,"caption":"Estrat\u00e9gia Concursos"},"image":{"@id":"https:\/\/www.estrategiaconcursos.com.br\/blog\/#\/schema\/logo\/image\/"},"sameAs":["https:\/\/x.com\/EstratConcursos"]},{"@type":"Person","@id":"https:\/\/www.estrategiaconcursos.com.br\/blog\/#\/schema\/person\/8207b340097a76d57b0d52dd527d7e53","name":"J\u00e9ssica Luciano Barcelos","image":{"@type":"ImageObject","inLanguage":"pt-BR","@id":"https:\/\/secure.gravatar.com\/avatar\/feaa24cba2d6d73f21c019e05c8bff471043b1db62437f2c2e5112e2f3773495?s=96&d=mm&r=g","url":"https:\/\/secure.gravatar.com\/avatar\/feaa24cba2d6d73f21c019e05c8bff471043b1db62437f2c2e5112e2f3773495?s=96&d=mm&r=g","contentUrl":"https:\/\/secure.gravatar.com\/avatar\/feaa24cba2d6d73f21c019e05c8bff471043b1db62437f2c2e5112e2f3773495?s=96&d=mm&r=g","caption":"J\u00e9ssica Luciano Barcelos"},"description":"Formada em Engenharia Civil pela Universidade Federal dos Vales do Jequitinhonha e Mucuri (UFVJM). Aprovada para Auditora Fiscal da SEFAZ AM em 2022.","sameAs":["https:\/\/www.instagram.com\/jessicalbarcelos\/","https:\/\/www.linkedin.com\/in\/jssica-barcelos-580594143\/"],"worksFor":"J\u00c9SSICA LUCIANO BARCELOS","url":"https:\/\/www.estrategiaconcursos.com.br\/blog\/author\/jessicalbarcelosgmail-com\/"}]}},"_links":{"self":[{"href":"https:\/\/www.estrategiaconcursos.com.br\/blog\/wp-json\/wp\/v2\/posts\/1104218","targetHints":{"allow":["GET"]}}],"collection":[{"href":"https:\/\/www.estrategiaconcursos.com.br\/blog\/wp-json\/wp\/v2\/posts"}],"about":[{"href":"https:\/\/www.estrategiaconcursos.com.br\/blog\/wp-json\/wp\/v2\/types\/post"}],"author":[{"embeddable":true,"href":"https:\/\/www.estrategiaconcursos.com.br\/blog\/wp-json\/wp\/v2\/users\/2459"}],"replies":[{"embeddable":true,"href":"https:\/\/www.estrategiaconcursos.com.br\/blog\/wp-json\/wp\/v2\/comments?post=1104218"}],"version-history":[{"count":2,"href":"https:\/\/www.estrategiaconcursos.com.br\/blog\/wp-json\/wp\/v2\/posts\/1104218\/revisions"}],"predecessor-version":[{"id":1111136,"href":"https:\/\/www.estrategiaconcursos.com.br\/blog\/wp-json\/wp\/v2\/posts\/1104218\/revisions\/1111136"}],"wp:featuredmedia":[{"embeddable":true,"href":"https:\/\/www.estrategiaconcursos.com.br\/blog\/wp-json\/wp\/v2\/media\/1082762"}],"wp:attachment":[{"href":"https:\/\/www.estrategiaconcursos.com.br\/blog\/wp-json\/wp\/v2\/media?parent=1104218"}],"wp:term":[{"taxonomy":"category","embeddable":true,"href":"https:\/\/www.estrategiaconcursos.com.br\/blog\/wp-json\/wp\/v2\/categories?post=1104218"},{"taxonomy":"post_tag","embeddable":true,"href":"https:\/\/www.estrategiaconcursos.com.br\/blog\/wp-json\/wp\/v2\/tags?post=1104218"},{"taxonomy":"tax_estado","embeddable":true,"href":"https:\/\/www.estrategiaconcursos.com.br\/blog\/wp-json\/wp\/v2\/tax_estado?post=1104218"}],"curies":[{"name":"wp","href":"https:\/\/api.w.org\/{rel}","templated":true}]}}