{"id":1104099,"date":"2022-11-08T07:05:00","date_gmt":"2022-11-08T10:05:00","guid":{"rendered":"https:\/\/www.estrategiaconcursos.com.br\/blog\/?p=1104099"},"modified":"2022-11-09T08:24:27","modified_gmt":"2022-11-09T11:24:27","slug":"residencia-sms-sp","status":"publish","type":"post","link":"https:\/\/www.estrategiaconcursos.com.br\/blog\/residencia-sms-sp\/","title":{"rendered":"Resid\u00eancia SMS SP: inscri\u00e7\u00f5es encerradas para 78 vagas"},"content":{"rendered":"\n<p>Est\u00e3o encerradas as inscri\u00e7\u00f5es para o edital de <strong>Resid\u00eancia Multiprofissional em Sa\u00fade SMS SP<\/strong>, com a oferta de 78 vagas e bolsa de R$ 4.106,09.<\/p>\n\n\n\n<p>Os interessados puderam se inscrever at\u00e9 08 de novembro, por meio do <a href=\"https:\/\/www.iades.com.br\/inscricao\/ProcessoSeletivo.aspx?id=c8bfb9bb\" target=\"_blank\" rel=\"noreferrer noopener\">site<\/a> da banca IADES, ao custo de R$ 138,00. A prova ser\u00e1 realizada na data 27 de novembro.<\/p>\n\n\n\n<p>As oportunidades s\u00e3o distribu\u00eddas em sete perfis: Cirurgia e Traumatologia Buco Maxilo Facial, Neonatologia, Aten\u00e7\u00e3o Urg\u00eancia e Emerg\u00eancia, Terapia Intensiva, Pr\u00e1ticas Integrativas e Complementares em Sa\u00fade, Sa\u00fade Mental e Sa\u00fade da Fam\u00edlia.<\/p>\n\n\n\n<ul class=\"has-pale-ocean-gradient-background has-background wp-block-list\"><li><strong>Resid\u00eancia SMS SP<\/strong><\/li><li><strong>Status:<\/strong> inscri\u00e7\u00f5es encerradas<\/li><li><strong>Banca:<\/strong> IADES<\/li><li><strong>Vagas:<\/strong> 78<\/li><li><strong>Bolsa:<\/strong> R$ 4.106,09<\/li><li><strong>Edital:<\/strong> <strong><a href=\"https:\/\/dhg1h5j42swfq.cloudfront.net\/2022\/10\/03170335\/edital-residencia-sms-sp-2023.pdf\" target=\"_blank\" rel=\"noreferrer noopener nofollow\">SMS SP-2023<\/a><\/strong><\/li><\/ul>\n\n\n\n<p>A fim de te deixar sempre bem informado, elaboramos este artigo com as principais informa\u00e7\u00f5es e novidades sobre o concurso. Acompanhe os t\u00f3picos abaixo e n\u00e3o perca nenhum detalhe:<\/p>\n\n\n\n<ul class=\"wp-block-list\" id=\"indice\"><li><a href=\"#datas\">Principais datas<\/a><\/li><li><a href=\"#cargos-vagas\">Cargos e vagas<\/a><\/li><li><a href=\"#etapas\">Etapas e provas<\/a><\/li><li><a href=\"#cursos\">Cursos e assinaturas<\/a><\/li><li><a href=\"#ficha\">Ficha t\u00e9cnica<\/a><\/li><\/ul>\n\n\n\n<div class=\"container\" id=\"boxes\">\n  <div class=\"row\">\n\n    <div class=\"col-sm\">\n      <div class=\"banner-medicina\" id=\"box-assinatura\">\n        <h3 class=\"titulo-assinatura\">Resid\u00eancia SMS SP<\/h3>\n        <p class=\"subtitulo-assinatura\">Conhe\u00e7a os cursos<\/p>\n        <div class=\"box-botao\">\n          <a class=\"btn-assinatura\" target=\"_blank\" href=\"https:\/\/www.estrategiaconcursos.com.br\/cursosPorConcurso\/secretaria-municipal-da-saude-de-sao-paulo-sms-sp-residencia-multiprofissional\/\" role=\"button\" rel=\"noopener noreferrer\">Conhe\u00e7a mais<\/a>\n        <\/div>\n      <\/div>\n     \n    <\/div>\n\n  <\/div>\n<\/div>\n\n\n\n<h2 class=\"wp-block-heading\" id=\"data\">Principais datas do edital Resid\u00eancia SMS SP<\/h2>\n\n\n\n<ul class=\"wp-block-list\"><li><strong>Inscri\u00e7\u00e3o:<\/strong>\u00a0<s>16 de setembro a 08 de novembro de 2022<\/s><\/li><li><strong>Isen\u00e7\u00e3o da taxa: <\/strong><s>15 a 22 de setembro<\/s><\/li><li><strong>\u00daltimo dia para pagamento: <\/strong><s>8\u00b0 de novembro<\/s><\/li><li><strong>Taxa:<\/strong>\u00a0R$ 138,00<\/li><li><strong>Prova:<\/strong>\u00a027 de novembro<\/li><\/ul>\n\n\n<figure class=\"wp-block-embed-youtube wp-block-embed is-type-video is-provider-youtube wp-embed-aspect-16-9 wp-has-aspect-ratio\"><div class=\"lyte-wrapper\" style=\"width:853px;max-width:100%;margin:5px;\"><div class=\"lyMe\" id=\"WYL_A7f6vHcsXRA\"><div id=\"lyte_A7f6vHcsXRA\" data-src=\"\/\/i.ytimg.com\/vi\/A7f6vHcsXRA\/hqdefault.jpg\" class=\"pL\"><div class=\"tC\"><div class=\"tT\"><\/div><\/div><div class=\"play\"><\/div><div class=\"ctrl\"><div class=\"Lctrl\"><\/div><div class=\"Rctrl\"><\/div><\/div><\/div><noscript><a href=\"https:\/\/youtu.be\/A7f6vHcsXRA\" rel=\"nofollow\"><img loading=\"lazy\" decoding=\"async\" src=\"https:\/\/i.ytimg.com\/vi\/A7f6vHcsXRA\/0.jpg\" alt=\"YouTube video thumbnail\" width=\"853\" height=\"460\" \/><br \/>Assista a este v\u00eddeo no YouTube<\/a><\/noscript><\/div><\/div><div class=\"lL\" style=\"max-width:100%;width:853px;margin:5px;\"><\/div><figcaption><\/figcaption><\/figure>\n\n\n<h2 class=\"wp-block-heading\">Cargos e vagas do edital Resid\u00eancia SMS SP<\/h2>\n\n\n\n<figure class=\"wp-block-table is-style-stripes\"><table class=\"has-pale-ocean-gradient-background has-background has-fixed-layout\"><thead><tr><th class=\"has-text-align-center\" data-align=\"center\">Programa<\/th><th class=\"has-text-align-center\" data-align=\"center\">Vagas<\/th><\/tr><\/thead><tbody><tr><td class=\"has-text-align-center\" data-align=\"center\">Enfermagem<\/td><td class=\"has-text-align-center\" data-align=\"center\">19<\/td><\/tr><tr><td class=\"has-text-align-center\" data-align=\"center\">Fisioterapia<\/td><td class=\"has-text-align-center\" data-align=\"center\">08<\/td><\/tr><tr><td class=\"has-text-align-center\" data-align=\"center\">Nutri\u00e7\u00e3o<\/td><td class=\"has-text-align-center\" data-align=\"center\">06<\/td><\/tr><tr><td class=\"has-text-align-center\" data-align=\"center\">Farm\u00e1cia<\/td><td class=\"has-text-align-center\" data-align=\"center\">06<\/td><\/tr><tr><td class=\"has-text-align-center\" data-align=\"center\">Psicologia<\/td><td class=\"has-text-align-center\" data-align=\"center\">13<\/td><\/tr><tr><td class=\"has-text-align-center\" data-align=\"center\">Terapia Ocupacional<\/td><td class=\"has-text-align-center\" data-align=\"center\">03<\/td><\/tr><tr><td class=\"has-text-align-center\" data-align=\"center\">Fonoaudiologia<\/td><td class=\"has-text-align-center\" data-align=\"center\">04<\/td><\/tr><tr><td class=\"has-text-align-center\" data-align=\"center\">Odontologia<\/td><td class=\"has-text-align-center\" data-align=\"center\">12<\/td><\/tr><tr><td class=\"has-text-align-center\" data-align=\"center\">Servi\u00e7o Social<\/td><td class=\"has-text-align-center\" data-align=\"center\">03<\/td><\/tr><tr><td class=\"has-text-align-center\" data-align=\"center\">Educa\u00e7\u00e3o F\u00edsica<\/td><td class=\"has-text-align-center\" data-align=\"center\">02<\/td><\/tr><tr><td class=\"has-text-align-center\" data-align=\"center\">Biologia<\/td><td class=\"has-text-align-center\" data-align=\"center\">02<\/td><\/tr><\/tbody><\/table><\/figure>\n\n\n\n<p>As unidades executoras dos Programas de Resid\u00eancia s\u00e3o:<\/p>\n\n\n\n<ul class=\"wp-block-list\"><li>Unidades de Sa\u00fade da Aten\u00e7\u00e3o B\u00e1sica da Secretaria Municipal da Sa\u00fade de S\u00e3o Paulo;<\/li><li>Hospital Municipal Dr. Arthur Ribeiro de Saboya (Hospital Jabaquara);<\/li><li>Hospital Municipal Prof. Dr. Al\u00edpio Corr\u00eaa Neto (Hospital Ermelino Matarazzo);<\/li><li>Hospital Municipal Dr. C\u00e1rmino Caricchio (Hospital Tatuap\u00e9);<\/li><li>Hospital Municipal Dr. Fernando Mauro Pires da Rocha (Hospital Campo Limpo);<\/li><li>Hospital Municipal Maternidade Dr. Mario de Moraes Altenfelder Silva (Hospital Vila Nova Cachoeirinha);<\/li><li>Hospital Municipal Prof. Dr. Waldomiro de Paula (Hospital Planalto); e<\/li><li>Unidades de Sa\u00fade da Secretaria Municipal de Sa\u00fade de S\u00e3o Bernardo do Campo.<\/li><\/ul>\n\n\n\n<h2 class=\"wp-block-heading\" id=\"etapas\">Etapas do edital Resid\u00eancia SES PE<\/h2>\n\n\n\n<p>O processo seletivo ser\u00e1 realizado em duas fases:<\/p>\n\n\n\n<ul class=\"wp-block-list\"><li>Prova Objetiva; e<\/li><li>An\u00e1lise de Curr\u00edculo.<\/li><\/ul>\n\n\n\n<p>Todas as etapas presenciais desta sele\u00e7\u00e3o p\u00fablica ser\u00e3o realizadas na cidade de S\u00e3o Paulo.<\/p>\n\n\n\n<h3 class=\"wp-block-heading\">Prova Escrita Objetiva<\/h3>\n\n\n\n<p>A prova objetiva constar\u00e1 de 60 (sessenta) quest\u00f5es, tendo peso 1 (um) para as quest\u00f5es de L\u00edngua Portuguesa e de Pol\u00edticas P\u00fablicas de Sa\u00fade, e peso 2 (dois) para as quest\u00f5es de conhecimentos espec\u00edficos, variando sua pontua\u00e7\u00e3o total de no m\u00ednimo 0 (zero) a no m\u00e1ximo 100 (cem) pontos, conforme quadro abaixo:<\/p>\n\n\n\n<figure class=\"wp-block-image aligncenter size-full\"><img loading=\"lazy\" decoding=\"async\" width=\"726\" height=\"218\" src=\"https:\/\/dhg1h5j42swfq.cloudfront.net\/2022\/10\/03165755\/image-4.png\" alt=\"Quadro de prova resid\u00eancia SMS SP\" class=\"wp-image-1104112\" srcset=\"https:\/\/dhg1h5j42swfq.cloudfront.net\/2022\/10\/03165755\/image-4.png 726w, https:\/\/dhg1h5j42swfq.cloudfront.net\/2022\/10\/03165755\/image-4-300x90.png 300w, https:\/\/dhg1h5j42swfq.cloudfront.net\/2022\/10\/03165755\/image-4-610x183.png 610w, https:\/\/dhg1h5j42swfq.cloudfront.net\/2022\/10\/03165755\/image-4-150x45.png 150w\" sizes=\"auto, (max-width: 726px) 100vw, 726px\" \/><figcaption>Quadro de prova resid\u00eancia SMS SP<\/figcaption><\/figure>\n\n\n\n<p>A prova objetiva ser\u00e1 aplicada na data prov\u00e1vel de 27 de novembro de 2022 e com a dura\u00e7\u00e3o de 3 (tr\u00eas) horas e 30 (trinta) minutos.<\/p>\n\n\n\n<p>Ser\u00e3o considerados habilitados apenas os candidatos que obtiverem o percentual m\u00ednimo de 40% (quarenta por cento) de aproveitamento nos pontos da prova objetiva com pelo menos 1 acerto nas quest\u00f5es de L\u00edngua Portuguesa e de Pol\u00edticas P\u00fablicas.<\/p>\n\n\n\n<h3 class=\"wp-block-heading\">An\u00e1lise de Curr\u00edculo<\/h3>\n\n\n\n<p>A an\u00e1lise curricular \u00e9 de car\u00e1ter meramente classificat\u00f3rio e ter\u00e1 a pontua\u00e7\u00e3o m\u00e1xima igual \u00e0 soma dos pontos obtidos pelos t\u00edtulos apresentados, limitada a 30,0 pontos, ainda que a soma dos valores dos t\u00edtulos apresentados seja superior a esse valor.<\/p>\n\n\n\n<p>A atribui\u00e7\u00e3o de pontos ser\u00e1 da seguinte maneira:<\/p>\n\n\n\n<figure class=\"wp-block-image aligncenter size-full\"><img loading=\"lazy\" decoding=\"async\" width=\"680\" height=\"777\" src=\"https:\/\/dhg1h5j42swfq.cloudfront.net\/2022\/10\/03170104\/image-5.png\" alt=\"Quadro de t\u00edtulos resid\u00eancia SMS SP\" class=\"wp-image-1104115\" srcset=\"https:\/\/dhg1h5j42swfq.cloudfront.net\/2022\/10\/03170104\/image-5.png 680w, https:\/\/dhg1h5j42swfq.cloudfront.net\/2022\/10\/03170104\/image-5-263x300.png 263w, https:\/\/dhg1h5j42swfq.cloudfront.net\/2022\/10\/03170104\/image-5-610x697.png 610w, https:\/\/dhg1h5j42swfq.cloudfront.net\/2022\/10\/03170104\/image-5-150x171.png 150w\" sizes=\"auto, (max-width: 680px) 100vw, 680px\" \/><figcaption>Quadro de t\u00edtulos resid\u00eancia SMS SP<\/figcaption><\/figure>\n\n\n\n<h3 class=\"wp-block-heading\">Classifica\u00e7\u00e3o final<\/h3>\n\n\n\n<p>A nota m\u00e1xima poss\u00edvel para a presente sele\u00e7\u00e3o p\u00fablica \u00e9 130,00 (cento e trinta pontos), sendo: 100,00 (cem) pontos na prova objetiva e 30,00 (trinta) pontos na an\u00e1lise curricular.<\/p>\n\n\n\n<p><strong>Enfermeiros e Dentistas<\/strong><\/p>\n\n\n\n<p>O candidato das \u00e1reas de Enfermagem ou Odontologia que, anteriormente \u00e0 data de in\u00edcio do programa de Resid\u00eancia Multiprofissional ou \u00c1rea Profissional, tiver cumprido integralmente o Programa de Valoriza\u00e7\u00e3o do Profissional da Aten\u00e7\u00e3o B\u00e1sica (PROVAB) receber\u00e1 pontua\u00e7\u00e3o adicional na nota final do processo seletivo equivalente a 10% (dez por cento) do total de pontos obtido  nas fases do certame.<\/p>\n\n\n\n<p>Nesse caso, a nota final na sele\u00e7\u00e3o p\u00fablica ser\u00e1 igual \u00e0 soma das notas finais obtidas na prova objetiva e na an\u00e1lise curricular e do PROVAB.<\/p>\n\n\n\n<hr class=\"wp-block-separator has-alpha-channel-opacity\"\/>\n\n\n\n<h2 class=\"has-text-align-center wp-block-heading\" id=\"h-quer-saber-tudo-sobre-concursos-previstos-confira-nossos-artigos\">Quer saber tudo sobre concursos previstos?<br \/>Confira nossos artigos!<\/h2>\n\n\n\n<ul class=\"wp-block-list\"><li><a href=\"https:\/\/www.estrategiaconcursos.com.br\/blog\/concursos-abertos\/\" target=\"_blank\" rel=\"noreferrer noopener\">Concursos abertos<\/a><\/li><li><a href=\"https:\/\/www.estrategiaconcursos.com.br\/blog\/concursos-2022\/\" target=\"_blank\" rel=\"noreferrer noopener\">Concursos 2022<\/a><\/li><li><a href=\"https:\/\/www.estrategiaconcursos.com.br\/blog\/concursos-2023\/\" target=\"_blank\" rel=\"noreferrer noopener\">Concursos 2023<\/a><\/li><\/ul>\n\n\n\n<h2 class=\"has-text-align-center wp-block-heading\" id=\"cursos-assinatura\"><em>Quer estudar para o edital Resid\u00eancia SMS SP?<\/em><\/h2>\n\n\n\n<div class=\"container\" id=\"boxes\">\n  <div class=\"row\">\n\n    <div class=\"col-sm\">\n      <div class=\"banner-medicina\" id=\"box-assinatura\">\n        <h3 class=\"titulo-assinatura\">Resid\u00eancia SMS SP<\/h3>\n        <p class=\"subtitulo-assinatura\">Conhe\u00e7a os cursos<\/p>\n        <div class=\"box-botao\">\n          <a class=\"btn-assinatura\" target=\"_blank\" href=\"https:\/\/www.estrategiaconcursos.com.br\/cursosPorConcurso\/secretaria-municipal-da-saude-de-sao-paulo-sms-sp-residencia-multiprofissional\/\" role=\"button\" rel=\"noopener noreferrer\">Conhe\u00e7a mais<\/a>\n        <\/div>\n      <\/div>\n     \n    <\/div>\n\n  <\/div>\n<\/div>\n\n\n\n<div class=\"container\" id=\"boxes\">\n  <div class=\"row\">\n\n    <div class=\"col-sm\">\n      <div class=\"estrategia\" id=\"box-assinatura\">\n        <h3 class=\"titulo-assinatura\">Assinatura Concursos<\/h3>\n        <p class=\"subtitulo-assinatura\">Assinatura de 1 ano ou 2 anos<\/p>\n        <div class=\"box-botao\">\n          <a class=\"btn-assinatura\" target=\"_blank\" href=\"https:\/\/www.estrategiaconcursos.com.br\/assinaturas\/\" role=\"button\" rel=\"noopener noreferrer\">ASSINE AGORA<\/a>\n        <\/div>\n      <\/div><\/div><\/div><\/div>\n\n\n\n<figure class=\"wp-block-image size-large is-resized\"><img loading=\"lazy\" decoding=\"async\" src=\"https:\/\/dhg1h5j42swfq.cloudfront.net\/2025\/06\/27101122\/ficha-tecnica-1-1024x632.png\" alt=\"Ficha t\u00e9cnica resid\u00eancia SMS SP\" class=\"wp-image-702728\" width=\"269\" height=\"166\" srcset=\"https:\/\/dhg1h5j42swfq.cloudfront.net\/2025\/06\/27101122\/ficha-tecnica-1-1024x632.png 1024w, https:\/\/dhg1h5j42swfq.cloudfront.net\/2025\/06\/27101122\/ficha-tecnica-1-300x185.png 300w, https:\/\/dhg1h5j42swfq.cloudfront.net\/2025\/06\/27101122\/ficha-tecnica-1-768x474.png 768w, https:\/\/dhg1h5j42swfq.cloudfront.net\/2025\/06\/27101122\/ficha-tecnica-1-1536x948.png 1536w, https:\/\/dhg1h5j42swfq.cloudfront.net\/2025\/06\/27101122\/ficha-tecnica-1-610x377.png 610w, https:\/\/dhg1h5j42swfq.cloudfront.net\/2025\/06\/27101122\/ficha-tecnica-1.png 1571w\" sizes=\"auto, (max-width: 269px) 100vw, 269px\" \/><\/figure>\n\n\n\n<h3 class=\"wp-block-heading\">Informa\u00e7\u00f5es do edital Resid\u00eancia SMS SP<\/h3>\n\n\n\n<ul class=\"wp-block-list\"><li><strong>Provas<\/strong>: 27\/11\/2022<\/li><li><strong>Vagas<\/strong>: 78<\/li><li><strong>Cargos<\/strong>: Diversos<\/li><li><strong>Banca<\/strong>: IADES<\/li><li><strong>Escolaridade<\/strong>: N\u00edvel Superior<\/li><li><strong>Edital<\/strong>: <strong><a href=\"https:\/\/dhg1h5j42swfq.cloudfront.net\/2022\/10\/03170335\/edital-residencia-sms-sp-2023.pdf\" target=\"_blank\" rel=\"noreferrer noopener nofollow\">SMS SP-2023<\/a><\/strong><\/li><\/ul>\n","protected":false},"excerpt":{"rendered":"<p>Est\u00e3o encerradas as inscri\u00e7\u00f5es para o edital de Resid\u00eancia Multiprofissional em Sa\u00fade SMS SP, com a oferta de 78 vagas e bolsa de R$ 4.106,09. Os interessados puderam se inscrever at\u00e9 08 de novembro, por meio do site da banca IADES, ao custo de R$ 138,00. A prova ser\u00e1 realizada na data 27 de novembro. [&hellip;]<\/p>\n","protected":false},"author":1,"featured_media":1007295,"comment_status":"open","ping_status":"closed","sticky":false,"template":"","format":"standard","meta":{"post_tipo":"news_page","footnotes":""},"categories":[1981],"tags":[],"tax_estado":[219989],"class_list":["post-1104099","post","type-post","status-publish","format-standard","has-post-thumbnail","hentry","category-saude","tax_estado-sp"],"acf":[],"yoast_head":"<!-- This site is optimized with the Yoast SEO Premium plugin v27.2 (Yoast SEO v27.2) - https:\/\/yoast.com\/product\/yoast-seo-premium-wordpress\/ -->\n<title>Resid\u00eancia SMS SP: inscri\u00e7\u00f5es encerradas para 78 vagas<\/title>\n<meta name=\"description\" content=\"Resid\u00eancia SMS SP: edital publicado com 78 vagas para v\u00e1rias \u00e1reas. Inscri\u00e7\u00f5es encerradas. Provas em novembro!\" \/>\n<meta name=\"robots\" content=\"index, follow, max-snippet:-1, max-image-preview:large, max-video-preview:-1\" \/>\n<link rel=\"canonical\" href=\"https:\/\/www.estrategiaconcursos.com.br\/blog\/residencia-sms-sp\/\" \/>\n<meta property=\"og:locale\" content=\"pt_BR\" \/>\n<meta property=\"og:type\" content=\"article\" \/>\n<meta property=\"og:title\" content=\"Resid\u00eancia SMS SP: inscri\u00e7\u00f5es encerradas para 78 vagas\" \/>\n<meta property=\"og:description\" content=\"Resid\u00eancia SMS SP: edital publicado com 78 vagas para v\u00e1rias \u00e1reas. Inscri\u00e7\u00f5es encerradas. Provas em novembro!\" \/>\n<meta property=\"og:url\" content=\"https:\/\/www.estrategiaconcursos.com.br\/blog\/residencia-sms-sp\/\" \/>\n<meta property=\"og:site_name\" content=\"Estrat\u00e9gia Concursos\" \/>\n<meta property=\"article:author\" content=\"https:\/\/www.facebook.com\/EstrategiaConcursos\" \/>\n<meta property=\"article:published_time\" content=\"2022-11-08T10:05:00+00:00\" \/>\n<meta property=\"article:modified_time\" content=\"2022-11-09T11:24:27+00:00\" \/>\n<meta property=\"og:image\" content=\"https:\/\/dhg1h5j42swfq.cloudfront.net\/2022\/04\/12140104\/residencias_em_saude.jpg\" \/>\n\t<meta property=\"og:image:width\" content=\"768\" \/>\n\t<meta property=\"og:image:height\" content=\"432\" \/>\n\t<meta property=\"og:image:type\" content=\"image\/jpeg\" \/>\n<meta name=\"author\" content=\"Coordena\u00e7\u00e3o\" \/>\n<meta name=\"twitter:card\" content=\"summary_large_image\" \/>\n<meta name=\"twitter:creator\" content=\"@EstratConcursos\" \/>\n<meta name=\"twitter:site\" content=\"@EstratConcursos\" \/>\n<meta name=\"twitter:label1\" content=\"Escrito por\" \/>\n\t<meta name=\"twitter:data1\" content=\"Coordena\u00e7\u00e3o\" \/>\n\t<meta name=\"twitter:label2\" content=\"Est. tempo de leitura\" \/>\n\t<meta name=\"twitter:data2\" content=\"4 minutos\" \/>\n<script type=\"application\/ld+json\" class=\"yoast-schema-graph\">{\"@context\":\"https:\/\/schema.org\",\"@graph\":[{\"@type\":\"NewsArticle\",\"@id\":\"https:\/\/www.estrategiaconcursos.com.br\/blog\/residencia-sms-sp\/#article\",\"isPartOf\":{\"@id\":\"https:\/\/www.estrategiaconcursos.com.br\/blog\/residencia-sms-sp\/\"},\"author\":{\"name\":\"Coordena\u00e7\u00e3o\",\"@id\":\"https:\/\/www.estrategiaconcursos.com.br\/blog\/#\/schema\/person\/b4a388c97673c5f483d72185668afa1f\"},\"headline\":\"Resid\u00eancia SMS SP: inscri\u00e7\u00f5es encerradas para 78 vagas\",\"datePublished\":\"2022-11-08T10:05:00+00:00\",\"dateModified\":\"2022-11-09T11:24:27+00:00\",\"mainEntityOfPage\":{\"@id\":\"https:\/\/www.estrategiaconcursos.com.br\/blog\/residencia-sms-sp\/\"},\"wordCount\":787,\"commentCount\":0,\"publisher\":{\"@id\":\"https:\/\/www.estrategiaconcursos.com.br\/blog\/#organization\"},\"image\":{\"@id\":\"https:\/\/www.estrategiaconcursos.com.br\/blog\/residencia-sms-sp\/#primaryimage\"},\"thumbnailUrl\":\"https:\/\/dhg1h5j42swfq.cloudfront.net\/2022\/04\/12140104\/residencias_em_saude.jpg\",\"articleSection\":[\"Sa\u00fade\"],\"inLanguage\":\"pt-BR\",\"potentialAction\":[{\"@type\":\"CommentAction\",\"name\":\"Comment\",\"target\":[\"https:\/\/www.estrategiaconcursos.com.br\/blog\/residencia-sms-sp\/#respond\"]}],\"copyrightYear\":\"2022\",\"copyrightHolder\":{\"@id\":\"https:\/\/www.estrategiaconcursos.com.br\/blog\/#organization\"}},{\"@type\":\"WebPage\",\"@id\":\"https:\/\/www.estrategiaconcursos.com.br\/blog\/residencia-sms-sp\/\",\"url\":\"https:\/\/www.estrategiaconcursos.com.br\/blog\/residencia-sms-sp\/\",\"name\":\"Resid\u00eancia SMS SP: inscri\u00e7\u00f5es encerradas para 78 vagas\",\"isPartOf\":{\"@id\":\"https:\/\/www.estrategiaconcursos.com.br\/blog\/#website\"},\"primaryImageOfPage\":{\"@id\":\"https:\/\/www.estrategiaconcursos.com.br\/blog\/residencia-sms-sp\/#primaryimage\"},\"image\":{\"@id\":\"https:\/\/www.estrategiaconcursos.com.br\/blog\/residencia-sms-sp\/#primaryimage\"},\"thumbnailUrl\":\"https:\/\/dhg1h5j42swfq.cloudfront.net\/2022\/04\/12140104\/residencias_em_saude.jpg\",\"datePublished\":\"2022-11-08T10:05:00+00:00\",\"dateModified\":\"2022-11-09T11:24:27+00:00\",\"description\":\"Resid\u00eancia SMS SP: edital publicado com 78 vagas para v\u00e1rias \u00e1reas. Inscri\u00e7\u00f5es encerradas. Provas em novembro!\",\"breadcrumb\":{\"@id\":\"https:\/\/www.estrategiaconcursos.com.br\/blog\/residencia-sms-sp\/#breadcrumb\"},\"inLanguage\":\"pt-BR\",\"potentialAction\":[{\"@type\":\"ReadAction\",\"target\":[\"https:\/\/www.estrategiaconcursos.com.br\/blog\/residencia-sms-sp\/\"]}]},{\"@type\":\"ImageObject\",\"inLanguage\":\"pt-BR\",\"@id\":\"https:\/\/www.estrategiaconcursos.com.br\/blog\/residencia-sms-sp\/#primaryimage\",\"url\":\"https:\/\/dhg1h5j42swfq.cloudfront.net\/2022\/04\/12140104\/residencias_em_saude.jpg\",\"contentUrl\":\"https:\/\/dhg1h5j42swfq.cloudfront.net\/2022\/04\/12140104\/residencias_em_saude.jpg\",\"width\":768,\"height\":432,\"caption\":\"Resid\u00eancias em Sa\u00fade\"},{\"@type\":\"BreadcrumbList\",\"@id\":\"https:\/\/www.estrategiaconcursos.com.br\/blog\/residencia-sms-sp\/#breadcrumb\",\"itemListElement\":[{\"@type\":\"ListItem\",\"position\":1,\"name\":\"In\u00edcio\",\"item\":\"https:\/\/www.estrategiaconcursos.com.br\/blog\/\"},{\"@type\":\"ListItem\",\"position\":2,\"name\":\"Resid\u00eancia SMS SP: inscri\u00e7\u00f5es encerradas para 78 vagas\"}]},{\"@type\":\"WebSite\",\"@id\":\"https:\/\/www.estrategiaconcursos.com.br\/blog\/#website\",\"url\":\"https:\/\/www.estrategiaconcursos.com.br\/blog\/\",\"name\":\"Estrat\u00e9gia Concursos\",\"description\":\"O blog da Estrat\u00e9gia Concursos traz not\u00edcias sobre concursos e artigos de professores oferecendo cursos para concursos (pdf + videaulas) no site.\",\"publisher\":{\"@id\":\"https:\/\/www.estrategiaconcursos.com.br\/blog\/#organization\"},\"potentialAction\":[{\"@type\":\"SearchAction\",\"target\":{\"@type\":\"EntryPoint\",\"urlTemplate\":\"https:\/\/www.estrategiaconcursos.com.br\/blog\/?s={search_term_string}\"},\"query-input\":{\"@type\":\"PropertyValueSpecification\",\"valueRequired\":true,\"valueName\":\"search_term_string\"}}],\"inLanguage\":\"pt-BR\"},{\"@type\":\"Organization\",\"@id\":\"https:\/\/www.estrategiaconcursos.com.br\/blog\/#organization\",\"name\":\"Estrat\u00e9gia Concursos\",\"url\":\"https:\/\/www.estrategiaconcursos.com.br\/blog\/\",\"logo\":{\"@type\":\"ImageObject\",\"inLanguage\":\"pt-BR\",\"@id\":\"https:\/\/www.estrategiaconcursos.com.br\/blog\/#\/schema\/logo\/image\/\",\"url\":\"https:\/\/dhg1h5j42swfq.cloudfront.net\/2025\/06\/03203428\/logo_concursos-1.jpg\",\"contentUrl\":\"https:\/\/dhg1h5j42swfq.cloudfront.net\/2025\/06\/03203428\/logo_concursos-1.jpg\",\"width\":230,\"height\":60,\"caption\":\"Estrat\u00e9gia Concursos\"},\"image\":{\"@id\":\"https:\/\/www.estrategiaconcursos.com.br\/blog\/#\/schema\/logo\/image\/\"},\"sameAs\":[\"https:\/\/x.com\/EstratConcursos\"]},{\"@type\":\"Person\",\"@id\":\"https:\/\/www.estrategiaconcursos.com.br\/blog\/#\/schema\/person\/b4a388c97673c5f483d72185668afa1f\",\"name\":\"Coordena\u00e7\u00e3o\",\"image\":{\"@type\":\"ImageObject\",\"inLanguage\":\"pt-BR\",\"@id\":\"https:\/\/secure.gravatar.com\/avatar\/b720319e4c9a967eb58678d110f4fe35452fc5d5f97b202bac7b8acceb18c6ad?s=96&d=mm&r=g\",\"url\":\"https:\/\/secure.gravatar.com\/avatar\/b720319e4c9a967eb58678d110f4fe35452fc5d5f97b202bac7b8acceb18c6ad?s=96&d=mm&r=g\",\"contentUrl\":\"https:\/\/secure.gravatar.com\/avatar\/b720319e4c9a967eb58678d110f4fe35452fc5d5f97b202bac7b8acceb18c6ad?s=96&d=mm&r=g\",\"caption\":\"Coordena\u00e7\u00e3o\"},\"sameAs\":[\"https:\/\/www.facebook.com\/EstrategiaConcursos\",\"https:\/\/x.com\/EstratConcursos\"],\"url\":\"https:\/\/www.estrategiaconcursos.com.br\/blog\/author\/estrategia2013\/\"}]}<\/script>\n<!-- \/ Yoast SEO Premium plugin. -->","yoast_head_json":{"title":"Resid\u00eancia SMS SP: inscri\u00e7\u00f5es encerradas para 78 vagas","description":"Resid\u00eancia SMS SP: edital publicado com 78 vagas para v\u00e1rias \u00e1reas. Inscri\u00e7\u00f5es encerradas. Provas em novembro!","robots":{"index":"index","follow":"follow","max-snippet":"max-snippet:-1","max-image-preview":"max-image-preview:large","max-video-preview":"max-video-preview:-1"},"canonical":"https:\/\/www.estrategiaconcursos.com.br\/blog\/residencia-sms-sp\/","og_locale":"pt_BR","og_type":"article","og_title":"Resid\u00eancia SMS SP: inscri\u00e7\u00f5es encerradas para 78 vagas","og_description":"Resid\u00eancia SMS SP: edital publicado com 78 vagas para v\u00e1rias \u00e1reas. Inscri\u00e7\u00f5es encerradas. Provas em novembro!","og_url":"https:\/\/www.estrategiaconcursos.com.br\/blog\/residencia-sms-sp\/","og_site_name":"Estrat\u00e9gia Concursos","article_author":"https:\/\/www.facebook.com\/EstrategiaConcursos","article_published_time":"2022-11-08T10:05:00+00:00","article_modified_time":"2022-11-09T11:24:27+00:00","og_image":[{"width":768,"height":432,"url":"https:\/\/dhg1h5j42swfq.cloudfront.net\/2022\/04\/12140104\/residencias_em_saude.jpg","type":"image\/jpeg"}],"author":"Coordena\u00e7\u00e3o","twitter_card":"summary_large_image","twitter_creator":"@EstratConcursos","twitter_site":"@EstratConcursos","twitter_misc":{"Escrito por":"Coordena\u00e7\u00e3o","Est. tempo de leitura":"4 minutos"},"schema":{"@context":"https:\/\/schema.org","@graph":[{"@type":"NewsArticle","@id":"https:\/\/www.estrategiaconcursos.com.br\/blog\/residencia-sms-sp\/#article","isPartOf":{"@id":"https:\/\/www.estrategiaconcursos.com.br\/blog\/residencia-sms-sp\/"},"author":{"name":"Coordena\u00e7\u00e3o","@id":"https:\/\/www.estrategiaconcursos.com.br\/blog\/#\/schema\/person\/b4a388c97673c5f483d72185668afa1f"},"headline":"Resid\u00eancia SMS SP: inscri\u00e7\u00f5es encerradas para 78 vagas","datePublished":"2022-11-08T10:05:00+00:00","dateModified":"2022-11-09T11:24:27+00:00","mainEntityOfPage":{"@id":"https:\/\/www.estrategiaconcursos.com.br\/blog\/residencia-sms-sp\/"},"wordCount":787,"commentCount":0,"publisher":{"@id":"https:\/\/www.estrategiaconcursos.com.br\/blog\/#organization"},"image":{"@id":"https:\/\/www.estrategiaconcursos.com.br\/blog\/residencia-sms-sp\/#primaryimage"},"thumbnailUrl":"https:\/\/dhg1h5j42swfq.cloudfront.net\/2022\/04\/12140104\/residencias_em_saude.jpg","articleSection":["Sa\u00fade"],"inLanguage":"pt-BR","potentialAction":[{"@type":"CommentAction","name":"Comment","target":["https:\/\/www.estrategiaconcursos.com.br\/blog\/residencia-sms-sp\/#respond"]}],"copyrightYear":"2022","copyrightHolder":{"@id":"https:\/\/www.estrategiaconcursos.com.br\/blog\/#organization"}},{"@type":"WebPage","@id":"https:\/\/www.estrategiaconcursos.com.br\/blog\/residencia-sms-sp\/","url":"https:\/\/www.estrategiaconcursos.com.br\/blog\/residencia-sms-sp\/","name":"Resid\u00eancia SMS SP: inscri\u00e7\u00f5es encerradas para 78 vagas","isPartOf":{"@id":"https:\/\/www.estrategiaconcursos.com.br\/blog\/#website"},"primaryImageOfPage":{"@id":"https:\/\/www.estrategiaconcursos.com.br\/blog\/residencia-sms-sp\/#primaryimage"},"image":{"@id":"https:\/\/www.estrategiaconcursos.com.br\/blog\/residencia-sms-sp\/#primaryimage"},"thumbnailUrl":"https:\/\/dhg1h5j42swfq.cloudfront.net\/2022\/04\/12140104\/residencias_em_saude.jpg","datePublished":"2022-11-08T10:05:00+00:00","dateModified":"2022-11-09T11:24:27+00:00","description":"Resid\u00eancia SMS SP: edital publicado com 78 vagas para v\u00e1rias \u00e1reas. Inscri\u00e7\u00f5es encerradas. Provas em novembro!","breadcrumb":{"@id":"https:\/\/www.estrategiaconcursos.com.br\/blog\/residencia-sms-sp\/#breadcrumb"},"inLanguage":"pt-BR","potentialAction":[{"@type":"ReadAction","target":["https:\/\/www.estrategiaconcursos.com.br\/blog\/residencia-sms-sp\/"]}]},{"@type":"ImageObject","inLanguage":"pt-BR","@id":"https:\/\/www.estrategiaconcursos.com.br\/blog\/residencia-sms-sp\/#primaryimage","url":"https:\/\/dhg1h5j42swfq.cloudfront.net\/2022\/04\/12140104\/residencias_em_saude.jpg","contentUrl":"https:\/\/dhg1h5j42swfq.cloudfront.net\/2022\/04\/12140104\/residencias_em_saude.jpg","width":768,"height":432,"caption":"Resid\u00eancias em Sa\u00fade"},{"@type":"BreadcrumbList","@id":"https:\/\/www.estrategiaconcursos.com.br\/blog\/residencia-sms-sp\/#breadcrumb","itemListElement":[{"@type":"ListItem","position":1,"name":"In\u00edcio","item":"https:\/\/www.estrategiaconcursos.com.br\/blog\/"},{"@type":"ListItem","position":2,"name":"Resid\u00eancia SMS SP: inscri\u00e7\u00f5es encerradas para 78 vagas"}]},{"@type":"WebSite","@id":"https:\/\/www.estrategiaconcursos.com.br\/blog\/#website","url":"https:\/\/www.estrategiaconcursos.com.br\/blog\/","name":"Estrat\u00e9gia Concursos","description":"O blog da Estrat\u00e9gia Concursos traz not\u00edcias sobre concursos e artigos de professores oferecendo cursos para concursos (pdf + videaulas) no site.","publisher":{"@id":"https:\/\/www.estrategiaconcursos.com.br\/blog\/#organization"},"potentialAction":[{"@type":"SearchAction","target":{"@type":"EntryPoint","urlTemplate":"https:\/\/www.estrategiaconcursos.com.br\/blog\/?s={search_term_string}"},"query-input":{"@type":"PropertyValueSpecification","valueRequired":true,"valueName":"search_term_string"}}],"inLanguage":"pt-BR"},{"@type":"Organization","@id":"https:\/\/www.estrategiaconcursos.com.br\/blog\/#organization","name":"Estrat\u00e9gia Concursos","url":"https:\/\/www.estrategiaconcursos.com.br\/blog\/","logo":{"@type":"ImageObject","inLanguage":"pt-BR","@id":"https:\/\/www.estrategiaconcursos.com.br\/blog\/#\/schema\/logo\/image\/","url":"https:\/\/dhg1h5j42swfq.cloudfront.net\/2025\/06\/03203428\/logo_concursos-1.jpg","contentUrl":"https:\/\/dhg1h5j42swfq.cloudfront.net\/2025\/06\/03203428\/logo_concursos-1.jpg","width":230,"height":60,"caption":"Estrat\u00e9gia Concursos"},"image":{"@id":"https:\/\/www.estrategiaconcursos.com.br\/blog\/#\/schema\/logo\/image\/"},"sameAs":["https:\/\/x.com\/EstratConcursos"]},{"@type":"Person","@id":"https:\/\/www.estrategiaconcursos.com.br\/blog\/#\/schema\/person\/b4a388c97673c5f483d72185668afa1f","name":"Coordena\u00e7\u00e3o","image":{"@type":"ImageObject","inLanguage":"pt-BR","@id":"https:\/\/secure.gravatar.com\/avatar\/b720319e4c9a967eb58678d110f4fe35452fc5d5f97b202bac7b8acceb18c6ad?s=96&d=mm&r=g","url":"https:\/\/secure.gravatar.com\/avatar\/b720319e4c9a967eb58678d110f4fe35452fc5d5f97b202bac7b8acceb18c6ad?s=96&d=mm&r=g","contentUrl":"https:\/\/secure.gravatar.com\/avatar\/b720319e4c9a967eb58678d110f4fe35452fc5d5f97b202bac7b8acceb18c6ad?s=96&d=mm&r=g","caption":"Coordena\u00e7\u00e3o"},"sameAs":["https:\/\/www.facebook.com\/EstrategiaConcursos","https:\/\/x.com\/EstratConcursos"],"url":"https:\/\/www.estrategiaconcursos.com.br\/blog\/author\/estrategia2013\/"}]}},"_links":{"self":[{"href":"https:\/\/www.estrategiaconcursos.com.br\/blog\/wp-json\/wp\/v2\/posts\/1104099","targetHints":{"allow":["GET"]}}],"collection":[{"href":"https:\/\/www.estrategiaconcursos.com.br\/blog\/wp-json\/wp\/v2\/posts"}],"about":[{"href":"https:\/\/www.estrategiaconcursos.com.br\/blog\/wp-json\/wp\/v2\/types\/post"}],"author":[{"embeddable":true,"href":"https:\/\/www.estrategiaconcursos.com.br\/blog\/wp-json\/wp\/v2\/users\/1"}],"replies":[{"embeddable":true,"href":"https:\/\/www.estrategiaconcursos.com.br\/blog\/wp-json\/wp\/v2\/comments?post=1104099"}],"version-history":[{"count":12,"href":"https:\/\/www.estrategiaconcursos.com.br\/blog\/wp-json\/wp\/v2\/posts\/1104099\/revisions"}],"predecessor-version":[{"id":1122134,"href":"https:\/\/www.estrategiaconcursos.com.br\/blog\/wp-json\/wp\/v2\/posts\/1104099\/revisions\/1122134"}],"wp:featuredmedia":[{"embeddable":true,"href":"https:\/\/www.estrategiaconcursos.com.br\/blog\/wp-json\/wp\/v2\/media\/1007295"}],"wp:attachment":[{"href":"https:\/\/www.estrategiaconcursos.com.br\/blog\/wp-json\/wp\/v2\/media?parent=1104099"}],"wp:term":[{"taxonomy":"category","embeddable":true,"href":"https:\/\/www.estrategiaconcursos.com.br\/blog\/wp-json\/wp\/v2\/categories?post=1104099"},{"taxonomy":"post_tag","embeddable":true,"href":"https:\/\/www.estrategiaconcursos.com.br\/blog\/wp-json\/wp\/v2\/tags?post=1104099"},{"taxonomy":"tax_estado","embeddable":true,"href":"https:\/\/www.estrategiaconcursos.com.br\/blog\/wp-json\/wp\/v2\/tax_estado?post=1104099"}],"curies":[{"name":"wp","href":"https:\/\/api.w.org\/{rel}","templated":true}]}}