{"id":1103217,"date":"2022-12-13T08:25:00","date_gmt":"2022-12-13T11:25:00","guid":{"rendered":"https:\/\/www.estrategiaconcursos.com.br\/blog\/?p=1103217"},"modified":"2023-10-17T17:01:16","modified_gmt":"2023-10-17T20:01:16","slug":"concurso-guarda-de-americana","status":"publish","type":"post","link":"https:\/\/www.estrategiaconcursos.com.br\/blog\/concurso-guarda-de-americana\/","title":{"rendered":"Concurso Guarda de Americana: inscri\u00e7\u00f5es est\u00e3o encerradas"},"content":{"rendered":"\n<p>Est\u00e3o encerradas as inscri\u00e7\u00f5es do <strong>concurso Guarda de Americana<\/strong>, no estado de S\u00e3o Paulo, o qual oferta 30 vagas imediatas, sendo 27 para guarda masculino e 3 para guarda feminino.<\/p>\n\n\n\n<p>Os interessados puderam se candidatar at\u00e9 o dia 12 de dezembro, ao custo de R$ 79,00, no portal da banca organizadora, o <a href=\"https:\/\/www.avancasp.org.br\/informacoes\/49\/\" target=\"_blank\" rel=\"noreferrer noopener\">Instituto Avan\u00e7a<\/a>.<\/p>\n\n\n\n<p>Al\u00e9m das vagas para Guarda Civil, tamb\u00e9m s\u00e3o ofertadas outras oportunidades para trabalhar no posto da GCM, sendo para escritur\u00e1rio, cozinheiro, ajudante geral e psic\u00f3logo.<\/p>\n\n\n\n<ul class=\"wp-block-list\">\n<li><strong>GCM Americana<\/strong><\/li>\n\n\n\n<li><strong>Situa\u00e7\u00e3o<\/strong>: inscri\u00e7\u00f5es encerradas<\/li>\n\n\n\n<li><strong>Banca<\/strong>: Instituto Avan\u00e7a<\/li>\n\n\n\n<li><strong>Vagas<\/strong>: 30 + CR<\/li>\n\n\n\n<li><strong>Sal\u00e1rio<\/strong>: R$ 4.172,66 + 50 % do grau de risco<\/li>\n\n\n\n<li><strong>Edital:<\/strong> <a href=\"https:\/\/dhg1h5j42swfq.cloudfront.net\/2022\/09\/30135949\/edital-gcm-americana-2012.pdf\" target=\"_blank\" rel=\"noreferrer noopener nofollow\"><\/a><a href=\"https:\/\/dhg1h5j42swfq.cloudfront.net\/2022\/11\/23150853\/u2ca7exldyhhm1j6vofhnmbnimvaoqeqxlr7orf8.pdf\" target=\"_blank\" rel=\"noreferrer noopener nofollow\">GCM Americana-2022<\/a><\/li>\n<\/ul>\n\n\n\n<p>Nosso objetivo \u00e9 deix\u00e1-los 100% informados. Nos t\u00f3picos abaixo voc\u00ea confere todas as informa\u00e7\u00f5es sobre o concurso:<\/p>\n\n\n\n<ul class=\"wp-block-list\" id=\"indice\">\n<li><a href=\"#situ\">Situa\u00e7\u00e3o atual do concurso<\/a>\n<ul class=\"wp-block-list\">\n<li><a href=\"#banca\">Principais datas<\/a><\/li>\n\n\n\n<li><a href=\"#cargos\">Cargos e vagas<\/a><\/li>\n\n\n\n<li><a href=\"#etapas\">Etapas e provas<\/a><\/li>\n<\/ul>\n<\/li>\n\n\n\n<li><a href=\"#ultimo\">\u00daltimo concurso<\/a>\n<ul class=\"wp-block-list\">\n<li><a href=\"#cargos\">Cargos e vagas<\/a><\/li>\n\n\n\n<li><a href=\"#etapa-ultimo\">Etapas e provas<\/a><\/li>\n<\/ul>\n<\/li>\n\n\n\n<li><a href=\"#curso\">Cursos e assinaturas<\/a><\/li>\n\n\n\n<li><a href=\"#ficha\">Ficha t\u00e9cnica<\/a><\/li>\n<\/ul>\n\n\n\n<div class=\"container\" id=\"boxes\">\n  <div class=\"row\">\n\n    <div class=\"col-sm\">\n      <div class=\"banner-guarda-gcm\" id=\"box-assinatura\">\n        <h3 class=\"titulo-assinatura\">Concurso Guarda de Americana<\/h3>\n        <p class=\"subtitulo-assinatura\">Conhe\u00e7a os cursos<\/p>\n        <div class=\"box-botao\">\n          <a class=\"btn-assinatura\" target=\"_blank\" href=\"https:\/\/www.estrategiaconcursos.com.br\/cursosPorConcurso\/guarda-de-americana\/\" role=\"button\" rel=\"noopener noreferrer\">Conhe\u00e7a mais<\/a>\n        <\/div>\n      <\/div>\n     \n    <\/div>\n\n  <\/div>\n<\/div>\n\n\n\n<h2 class=\"wp-block-heading\" id=\"situ\">Concurso Guarda de Americana: informa\u00e7\u00f5es do edital<\/h2>\n\n\n\n<h3 class=\"wp-block-heading\" id=\"banca\">Principais datas<\/h3>\n\n\n\n<ul class=\"wp-block-list\">\n<li><strong>In\u00edcio das inscri\u00e7\u00f5es: <\/strong><s>11 de novembro a 12 de dezembro<\/s><\/li>\n\n\n\n<li><strong>Isen\u00e7\u00e3o da taxa:<\/strong> <s>at\u00e9 15 de novembro<\/s><\/li>\n\n\n\n<li><strong>Pagamento do boleto:<\/strong> at\u00e9 13 de dezembro<\/li>\n\n\n\n<li><strong>Provas: <\/strong>15 de janeiro de 2023<\/li>\n<\/ul>\n\n\n\n<h3 class=\"wp-block-heading\" id=\"autorizacao\">Cargos e vagas do concurso Guarda de Americana<\/h3>\n\n\n\n<figure class=\"wp-block-table is-style-stripes\"><table class=\"has-very-light-gray-to-cyan-bluish-gray-gradient-background has-background has-fixed-layout\"><thead><tr><th class=\"has-text-align-center\" data-align=\"center\">Cargo<\/th><th class=\"has-text-align-center\" data-align=\"center\">Vagas<\/th><th class=\"has-text-align-center\" data-align=\"center\">Sal\u00e1rio<\/th><\/tr><\/thead><tbody><tr><td class=\"has-text-align-center\" data-align=\"center\"><span style=\"color: initial;\">Guarda Civil (Feminino)<\/span><\/td><td class=\"has-text-align-center\" data-align=\"center\">3 + CR<\/td><td class=\"has-text-align-center\" data-align=\"center\"><span style=\"color: initial;\">R$ 4.172,66 + 50% grau de risco<\/span><\/td><\/tr><tr><td class=\"has-text-align-center\" data-align=\"center\">Guarda Civil (Masculino)<\/td><td class=\"has-text-align-center\" data-align=\"center\">27 + CR<\/td><td class=\"has-text-align-center\" data-align=\"center\"><span style=\"color: initial;\">R$ 4.172,66 + 50% grau de risco<\/span><\/td><\/tr><\/tbody><\/table><\/figure>\n\n\n\n<p>Os aprovados no concurso Guarda de Americana contar\u00e3o, ainda, com os seguintes benef\u00edcios:<\/p>\n\n\n\n<ul class=\"wp-block-list\">\n<li>Cesta b\u00e1sica no valor de R$ 730,00;<\/li>\n\n\n\n<li>e Vale transporte (descontado 6 % na folha de pagamento).<\/li>\n<\/ul>\n\n\n\n<h4 class=\"wp-block-heading\" id=\"requisitos\">Requisitos<\/h4>\n\n\n\n<ul class=\"wp-block-list\">\n<li>Ter idade m\u00ednima de 18 anos e m\u00e1xima de 35 anos na data da nomea\u00e7\u00e3o;<\/li>\n\n\n\n<li>Possuir n\u00edvel m\u00e9dio completo;<\/li>\n\n\n\n<li>Possuir Carteira Nacional de Habilita\u00e7\u00e3o (categoria A\/B); e<\/li>\n\n\n\n<li>N\u00e3o ter sido condenado por crime contra o Patrim\u00f4nio, a Administra\u00e7\u00e3o e a F\u00e9 P\u00fablica, os Costumes e os previstos na Lei Federal n.\u00ba 11.343\/2006.<\/li>\n<\/ul>\n\n\n\n<h4 class=\"wp-block-heading\">Demais vagas do concurso<\/h4>\n\n\n\n<ul class=\"wp-block-list\">\n<li>Ajudante Geral: 02 + CR<\/li>\n\n\n\n<li>Cozinheiro: 04 + CR<\/li>\n\n\n\n<li>Escritur\u00e1rio: 03 + CR<\/li>\n\n\n\n<li>Psic\u00f3logo: CR<\/li>\n<\/ul>\n\n\n\n<h3 class=\"wp-block-heading\" id=\"autorizacao\">Etapas e provas do concurso Guarda de Americana<\/h3>\n\n\n\n<p>O concurso Guarda de Americana ser\u00e1 realizado mediante aplica\u00e7\u00e3o da seguintes fases:<\/p>\n\n\n\n<ul class=\"wp-block-list\">\n<li>a) Prova Objetiva;<\/li>\n\n\n\n<li>b) Prova Discursiva;<\/li>\n\n\n\n<li>c) Teste de Aptid\u00e3o F\u00edsica;<\/li>\n\n\n\n<li>d) Prova Pr\u00e1tica de Dire\u00e7\u00e3o Veicular;<\/li>\n\n\n\n<li>e) Avalia\u00e7\u00e3o Psicol\u00f3gica Espec\u00edfica e Exame M\u00e9dico Espec\u00edfico; e<\/li>\n\n\n\n<li>f) Investiga\u00e7\u00e3o Social.<\/li>\n<\/ul>\n\n\n\n<h3 class=\"wp-block-heading\">Provas Objetivas<\/h3>\n\n\n\n<p>As provas objetivas ser\u00e3o aplicadas na data prov\u00e1vel de 15 de janeiro de 2023, no per\u00edodo da manh\u00e3 (\u00e0s 9h), com dura\u00e7\u00e3o de 3 horas. <\/p>\n\n\n\n<p>As avalia\u00e7\u00f5es t\u00eam car\u00e1ter habilitat\u00f3rio (eliminat\u00f3rio) e classificat\u00f3rio, compostas por quest\u00f5es de m\u00faltipla escolha, com cinco alternativas cada uma.<\/p>\n\n\n\n<ul class=\"wp-block-list\">\n<li>L\u00edngua Portuguesa &#8211; 10<\/li>\n\n\n\n<li>Matem\u00e1tica e Racioc\u00ednio L\u00f3gico &#8211; 05<\/li>\n\n\n\n<li>Conhecimentos Gerais e Atualidades &#8211; 05<\/li>\n\n\n\n<li>No\u00e7\u00f5es de Inform\u00e1tica &#8211; 05<\/li>\n\n\n\n<li>Conhecimentos Espec\u00edficos &#8211; 25<\/li>\n<\/ul>\n\n\n\n<p>A etapa ser\u00e1 avaliada na escala de 0 a 100 pontos e contar\u00e1 com quest\u00f5es de m\u00faltipla escolha, com cinco alternativas cada e apenas uma considerada correta.<\/p>\n\n\n\n<h3 class=\"wp-block-heading\">Prova Discursiva<\/h3>\n\n\n\n<p>A etapa ser\u00e1 composta por 04 quest\u00f5es discursivas e dever\u00e1 ser realizada pelos candidatos aos cargos de Guarda Civil Municipal (Feminino e Masculino).<\/p>\n\n\n\n<p>Na Prova Discursiva ser\u00e3o analisados o conhecimento t\u00e9cnico e a capacidade te\u00f3rico-pr\u00e1tica do candidato em desenvolver a quest\u00e3o apresentada com clareza, coer\u00eancia e objetividade.<\/p>\n\n\n\n<p>Ser\u00e3o avaliadas, ainda, a organiza\u00e7\u00e3o do texto, a an\u00e1lise e s\u00edntese dos fatos examinados, assim como a corre\u00e7\u00e3o gramatical.<\/p>\n\n\n\n<h3 class=\"wp-block-heading\">Teste de Aptid\u00e3o F\u00edsica<\/h3>\n\n\n\n<p>O Teste de Aptid\u00e3o F\u00edsica \u2013 TAF ser\u00e1 realizado para os cargos de Guarda Civil Municipal (Feminino e Masculino). A etapa contar\u00e1 com a aplica\u00e7\u00e3o de 5 testes, sendo:<\/p>\n\n\n\n<ul class=\"wp-block-list\">\n<li>Corrida Shuttle Run;<\/li>\n\n\n\n<li>Flex\u00e3o de Bra\u00e7o;<\/li>\n\n\n\n<li>Flex\u00e3o Abdominal;<\/li>\n\n\n\n<li>Corrida de 12 minutos;<\/li>\n\n\n\n<li>Polichinelo (apenas ao sexo feminino); e<\/li>\n\n\n\n<li>Flex\u00e3o de Bra\u00e7o na Barra Fixa (apenas ao sexo masculino).<\/li>\n<\/ul>\n\n\n\n<h3 class=\"wp-block-heading\">Prova Pr\u00e1tica de Dire\u00e7\u00e3o Veicular<\/h3>\n\n\n\n<p>Ser\u00e3o convocados para a Prova Pr\u00e1tica de Dire\u00e7\u00e3o Veicular somente os candidatos habilitados no Teste de Aptid\u00e3o F\u00edsica &#8211; TAF.<\/p>\n\n\n\n<p>A Prova Pr\u00e1tica de Dire\u00e7\u00e3o Veicular ser\u00e1 realizada conforme data, local, hor\u00e1rio e demais informa\u00e7\u00f5es a serem determinadas em Edital pr\u00f3prio e consistir\u00e1 na condu\u00e7\u00e3o de autom\u00f3vel e motocicleta.<\/p>\n\n\n\n<p>O candidato do concurso Guarda de Americana dever\u00e1 ainda estar munido de Carteira Nacional de Habilita\u00e7\u00e3o \u2013 CNH v\u00e1lida, com categoria pertinente ao cargo.<\/p>\n\n\n\n<h3 class=\"wp-block-heading\">Avalia\u00e7\u00e3o Psicol\u00f3gica<\/h3>\n\n\n\n<p>Ser\u00e3o convocados para a Avalia\u00e7\u00e3o Psicol\u00f3gica Espec\u00edfica para Porte de Arma de Fogo e Exame M\u00e9dico Espec\u00edfico somente os candidatos habilitados na Prova de Dire\u00e7\u00e3o Veicular.<\/p>\n\n\n\n<p>A Avalia\u00e7\u00e3o Psicol\u00f3gica Espec\u00edfica para Porte de Arma de Fogo e o Exame M\u00e9dico Espec\u00edfico avaliar\u00e3o se o candidato possui as condi\u00e7\u00f5es psicol\u00f3gicas e f\u00edsicas necess\u00e1rias para desempenhar as atribui\u00e7\u00f5es do cargo de Guarda Municipal (Feminino e Masculino).<\/p>\n\n\n\n<h3 class=\"wp-block-heading\">Investiga\u00e7\u00e3o Social<\/h3>\n\n\n\n<p>Ser\u00e3o convocados para a fase de Investiga\u00e7\u00e3o Social somente os candidatos habilitados na Avalia\u00e7\u00e3o Psicol\u00f3gica Espec\u00edfica e Exame M\u00e9dico Espec\u00edfico do concurso Guarda de Americana.<\/p>\n\n\n\n<p>A etapa verificar\u00e1 a conduta irrepreens\u00edvel e a idoneidade moral necess\u00e1rias ao exerc\u00edcio do cargo objeto deste certame.<\/p>\n\n\n\n<h2 class=\"wp-block-heading\" id=\"ultimo\">Concurso Guarda de Americana: \u00faltimo edital<\/h2>\n\n\n\n<p>O \u00faltimo edital do concurso p\u00fablico da Guarda de Americana foi lan\u00e7ado pela prefeitura em 2012, sob responsabilidade e organiza\u00e7\u00e3o da SH Dias Consultoria e Assessoria.<\/p>\n\n\n\n<p>Na ocasi\u00e3o, foram ofertadas 23 vagas de n\u00edveis fundamental e m\u00e9dio, com sal\u00e1rios entre R$ 1.030,05 a R$ 1.561,90 + gratifica\u00e7\u00f5es.<\/p>\n\n\n\n<h3 class=\"wp-block-heading\" id=\"cargos\">Cargos e vagas<\/h3>\n\n\n\n<p><strong><span style=\"text-decoration: underline;\">N\u00edvel fundamental<\/span>:<\/strong><\/p>\n\n\n\n<ul class=\"wp-block-list\">\n<li>Cozinheiro &#8211; 1 vaga: R$ 1.120,13<\/li>\n\n\n\n<li>Ajudante de Cozinheiro &#8211; 1 vaga: R$ 1.070,74<\/li>\n\n\n\n<li>Ajudante Geral &#8211; 1 vaga: R$ 1.030,05<\/li>\n<\/ul>\n\n\n\n<p><strong><span style=\"text-decoration: underline;\">N\u00edvel m\u00e9dio:<\/span><\/strong><\/p>\n\n\n\n<ul class=\"wp-block-list\">\n<li>Guarda Municipal Masculino &#8211; 15 vagas: R$ 1.561,90 + gratifica\u00e7\u00f5es<\/li>\n\n\n\n<li>Guarda Municipal Feminino &#8211; 5 vagas: R$ 1.561,90 + gratifica\u00e7\u00f5es<\/li>\n<\/ul>\n\n\n\n<h3 class=\"wp-block-heading\" id=\"etapa-ultimo\">Etapas do \u00faltimo concurso<\/h3>\n\n\n\n<p>O \u00faltimo concurso p\u00fablico GCM Americana foi composto pelas seguintes etapas:<\/p>\n\n\n\n<ul class=\"wp-block-list\">\n<li>Prova Escrita, de car\u00e1ter classificat\u00f3rio e eliminat\u00f3rio; e<\/li>\n\n\n\n<li>Teste de Aptid\u00e3o F\u00edsica &#8211; TAF, de car\u00e1ter classificat\u00f3rio e eliminat\u00f3rio;<\/li>\n<\/ul>\n\n\n\n<p>Ap\u00f3s a homologa\u00e7\u00e3o do certame, houve aplica\u00e7\u00e3o das etapas abaixo:<\/p>\n\n\n\n<ul class=\"wp-block-list\">\n<li>Avalia\u00e7\u00e3o Psicol\u00f3gica, de car\u00e1ter eliminat\u00f3rio;<\/li>\n\n\n\n<li>Investiga\u00e7\u00e3o Social, de car\u00e1ter eliminat\u00f3rio; e<\/li>\n\n\n\n<li>Avalia\u00e7\u00e3o M\u00e9dica, de car\u00e1ter eliminat\u00f3rio.<\/li>\n<\/ul>\n\n\n\n<hr class=\"wp-block-separator has-css-opacity\"\/>\n\n\n\n<h2 class=\"wp-block-heading has-text-align-center\" id=\"h-quer-saber-tudo-sobre-concursos-previstos-confira-nossos-artigos\">Quer saber tudo sobre concursos previstos?<br \/>Confira nossos artigos!<\/h2>\n\n\n\n<ul class=\"wp-block-list\">\n<li><a href=\"https:\/\/www.estrategiaconcursos.com.br\/blog\/concursos-abertos\/\" target=\"_blank\" rel=\"noreferrer noopener\">Concursos abertos<\/a><\/li>\n\n\n\n<li><a href=\"https:\/\/www.estrategiaconcursos.com.br\/blog\/concursos-2023\/\" target=\"_blank\" rel=\"noreferrer noopener\">Concursos 2023<\/a><\/li>\n<\/ul>\n\n\n\n<h2 class=\"wp-block-heading has-text-align-center\" id=\"curso\">Quer estudar para o concurso Guarda de Americana?<\/h2>\n\n\n\n<div class=\"container\" id=\"boxes\">\n  <div class=\"row\">\n\n    <div class=\"col-sm\">\n      <div class=\"banner-guarda-gcm\" id=\"box-assinatura\">\n        <h3 class=\"titulo-assinatura\">Concurso Guarda de Americana<\/h3>\n        <p class=\"subtitulo-assinatura\">Conhe\u00e7a os cursos<\/p>\n        <div class=\"box-botao\">\n          <a class=\"btn-assinatura\" target=\"_blank\" href=\"https:\/\/www.estrategiaconcursos.com.br\/cursosPorConcurso\/guarda-de-americana\/\" role=\"button\" rel=\"noopener noreferrer\">Conhe\u00e7a mais<\/a>\n        <\/div>\n      <\/div>\n     \n    <\/div>\n\n  <\/div>\n<\/div>\n\n\n\n<div class=\"container\" id=\"boxes\">\n  <div class=\"row\">\n\n    <div class=\"col-sm\">\n      <div class=\"estrategia\" id=\"box-assinatura\">\n        <h3 class=\"titulo-assinatura\">Assinatura de Concursos<\/h3>\n        <p class=\"subtitulo-assinatura\">Assinatura de 1 ano ou 2 anos<\/p>\n        <div class=\"box-botao\">\n          <a class=\"btn-assinatura\" target=\"_blank\" href=\"https:\/\/www.estrategiaconcursos.com.br\/assinaturas\/\" role=\"button\" rel=\"noopener noreferrer\">ASSINE AGORA<\/a>\n        <\/div>\n      <\/div><\/div><\/div><\/div>\n\n\n\n<figure class=\"wp-block-image size-large is-resized\"><img loading=\"lazy\" decoding=\"async\" width=\"1024\" height=\"632\" src=\"https:\/\/dhg1h5j42swfq.cloudfront.net\/2021\/08\/03075659\/ficha-tecnica-1-1024x632.png\" alt=\"Informa\u00e7\u00f5es do concurso Guarda de Americana\" class=\"wp-image-827472\" style=\"width:248px;height:153px\" srcset=\"https:\/\/dhg1h5j42swfq.cloudfront.net\/2021\/08\/03075659\/ficha-tecnica-1-1024x632.png 1024w, https:\/\/dhg1h5j42swfq.cloudfront.net\/2021\/08\/03075659\/ficha-tecnica-1-300x185.png 300w, https:\/\/dhg1h5j42swfq.cloudfront.net\/2021\/08\/03075659\/ficha-tecnica-1-768x474.png 768w, https:\/\/dhg1h5j42swfq.cloudfront.net\/2021\/08\/03075659\/ficha-tecnica-1-1536x948.png 1536w, https:\/\/dhg1h5j42swfq.cloudfront.net\/2021\/08\/03075659\/ficha-tecnica-1-610x377.png 610w, https:\/\/dhg1h5j42swfq.cloudfront.net\/2021\/08\/03075659\/ficha-tecnica-1.png 1571w\" sizes=\"auto, (max-width: 1024px) 100vw, 1024px\" \/><\/figure>\n\n\n\n<h3 class=\"wp-block-heading\" id=\"ficha\">Informa\u00e7\u00f5es do concurso Guarda de Americana-SP<\/h3>\n\n\n\n<ul class=\"wp-block-list\">\n<li><strong>Provas<\/strong>: 15\/01\/2023<\/li>\n\n\n\n<li><strong style=\"color: initial;\">Vagas:&nbsp;<\/strong><span style=\"color: initial;\">3<\/span>0 + CR<\/li>\n\n\n\n<li><strong>Cargo:<\/strong>&nbsp;Guarda Civil<\/li>\n\n\n\n<li><strong>Escolaridade:&nbsp;<\/strong>n\u00edvel m\u00e9dio <\/li>\n\n\n\n<li><strong>Banca:&nbsp;<\/strong>Instituto Avan\u00e7a<\/li>\n\n\n\n<li><strong>Edital:<\/strong> <a href=\"https:\/\/dhg1h5j42swfq.cloudfront.net\/2021\/10\/15134646\/editalguardaeagentes-1.pdf\" target=\"_blank\" rel=\"noreferrer noopener nofollow\"><\/a><a href=\"https:\/\/dhg1h5j42swfq.cloudfront.net\/2022\/11\/23150853\/u2ca7exldyhhm1j6vofhnmbnimvaoqeqxlr7orf8.pdf\" target=\"_blank\" rel=\"noreferrer noopener nofollow\">GCM Americana-2022<\/a><\/li>\n<\/ul>\n","protected":false},"excerpt":{"rendered":"<p>Est\u00e3o encerradas as inscri\u00e7\u00f5es do concurso Guarda de Americana, no estado de S\u00e3o Paulo, o qual oferta 30 vagas imediatas, sendo 27 para guarda masculino e 3 para guarda feminino. Os interessados puderam se candidatar at\u00e9 o dia 12 de dezembro, ao custo de R$ 79,00, no portal da banca organizadora, o Instituto Avan\u00e7a. Al\u00e9m [&hellip;]<\/p>\n","protected":false},"author":1,"featured_media":698496,"comment_status":"open","ping_status":"closed","sticky":false,"template":"","format":"standard","meta":{"post_tipo":"news_page","footnotes":""},"categories":[220189],"tags":[],"tax_estado":[219989],"class_list":["post-1103217","post","type-post","status-publish","format-standard","has-post-thumbnail","hentry","category-policial-guarda-civis","tax_estado-sp"],"acf":[],"yoast_head":"<!-- This site is optimized with the Yoast SEO Premium plugin v27.2 (Yoast SEO v27.2) - https:\/\/yoast.com\/product\/yoast-seo-premium-wordpress\/ -->\n<title>Concurso Guarda de Americana: inscri\u00e7\u00f5es est\u00e3o encerradas<\/title>\n<meta name=\"description\" content=\"Concurso Guarda de Americana: edital publicado oferta 39 vagas + forma\u00e7\u00e3o de cadastro de reserva. Sal\u00e1rio inicial \u00e9 de R$ 4.172,66.\" \/>\n<meta name=\"robots\" content=\"index, follow, max-snippet:-1, max-image-preview:large, max-video-preview:-1\" \/>\n<link rel=\"canonical\" href=\"https:\/\/www.estrategiaconcursos.com.br\/blog\/concurso-guarda-de-americana\/\" \/>\n<meta property=\"og:locale\" content=\"pt_BR\" \/>\n<meta property=\"og:type\" content=\"article\" \/>\n<meta property=\"og:title\" content=\"Concurso Guarda de Americana: inscri\u00e7\u00f5es est\u00e3o encerradas\" \/>\n<meta property=\"og:description\" content=\"Concurso Guarda de Americana: edital publicado oferta 39 vagas + forma\u00e7\u00e3o de cadastro de reserva. Sal\u00e1rio inicial \u00e9 de R$ 4.172,66.\" \/>\n<meta property=\"og:url\" content=\"https:\/\/www.estrategiaconcursos.com.br\/blog\/concurso-guarda-de-americana\/\" \/>\n<meta property=\"og:site_name\" content=\"Estrat\u00e9gia Concursos\" \/>\n<meta property=\"article:author\" content=\"https:\/\/www.facebook.com\/EstrategiaConcursos\" \/>\n<meta property=\"article:published_time\" content=\"2022-12-13T11:25:00+00:00\" \/>\n<meta property=\"article:modified_time\" content=\"2023-10-17T20:01:16+00:00\" \/>\n<meta property=\"og:image\" content=\"https:\/\/dhg1h5j42swfq.cloudfront.net\/2021\/03\/22154112\/concursos-de-policia.jpg\" \/>\n\t<meta property=\"og:image:width\" content=\"1200\" \/>\n\t<meta property=\"og:image:height\" content=\"628\" \/>\n\t<meta property=\"og:image:type\" content=\"image\/jpeg\" \/>\n<meta name=\"author\" content=\"Coordena\u00e7\u00e3o\" \/>\n<meta name=\"twitter:card\" content=\"summary_large_image\" \/>\n<meta name=\"twitter:creator\" content=\"@EstratConcursos\" \/>\n<meta name=\"twitter:site\" content=\"@EstratConcursos\" \/>\n<meta name=\"twitter:label1\" content=\"Escrito por\" \/>\n\t<meta name=\"twitter:data1\" content=\"Coordena\u00e7\u00e3o\" \/>\n\t<meta name=\"twitter:label2\" content=\"Est. tempo de leitura\" \/>\n\t<meta name=\"twitter:data2\" content=\"6 minutos\" \/>\n<script type=\"application\/ld+json\" class=\"yoast-schema-graph\">{\"@context\":\"https:\/\/schema.org\",\"@graph\":[{\"@type\":\"NewsArticle\",\"@id\":\"https:\/\/www.estrategiaconcursos.com.br\/blog\/concurso-guarda-de-americana\/#article\",\"isPartOf\":{\"@id\":\"https:\/\/www.estrategiaconcursos.com.br\/blog\/concurso-guarda-de-americana\/\"},\"author\":{\"name\":\"Coordena\u00e7\u00e3o\",\"@id\":\"https:\/\/www.estrategiaconcursos.com.br\/blog\/#\/schema\/person\/b4a388c97673c5f483d72185668afa1f\"},\"headline\":\"Concurso Guarda de Americana: inscri\u00e7\u00f5es est\u00e3o encerradas\",\"datePublished\":\"2022-12-13T11:25:00+00:00\",\"dateModified\":\"2023-10-17T20:01:16+00:00\",\"mainEntityOfPage\":{\"@id\":\"https:\/\/www.estrategiaconcursos.com.br\/blog\/concurso-guarda-de-americana\/\"},\"wordCount\":1143,\"commentCount\":0,\"publisher\":{\"@id\":\"https:\/\/www.estrategiaconcursos.com.br\/blog\/#organization\"},\"image\":{\"@id\":\"https:\/\/www.estrategiaconcursos.com.br\/blog\/concurso-guarda-de-americana\/#primaryimage\"},\"thumbnailUrl\":\"https:\/\/dhg1h5j42swfq.cloudfront.net\/2021\/03\/22154112\/concursos-de-policia.jpg\",\"articleSection\":[\"Policial (Guardas Civis)\"],\"inLanguage\":\"pt-BR\",\"potentialAction\":[{\"@type\":\"CommentAction\",\"name\":\"Comment\",\"target\":[\"https:\/\/www.estrategiaconcursos.com.br\/blog\/concurso-guarda-de-americana\/#respond\"]}],\"copyrightYear\":\"2022\",\"copyrightHolder\":{\"@id\":\"https:\/\/www.estrategiaconcursos.com.br\/blog\/#organization\"}},{\"@type\":\"WebPage\",\"@id\":\"https:\/\/www.estrategiaconcursos.com.br\/blog\/concurso-guarda-de-americana\/\",\"url\":\"https:\/\/www.estrategiaconcursos.com.br\/blog\/concurso-guarda-de-americana\/\",\"name\":\"Concurso Guarda de Americana: inscri\u00e7\u00f5es est\u00e3o encerradas\",\"isPartOf\":{\"@id\":\"https:\/\/www.estrategiaconcursos.com.br\/blog\/#website\"},\"primaryImageOfPage\":{\"@id\":\"https:\/\/www.estrategiaconcursos.com.br\/blog\/concurso-guarda-de-americana\/#primaryimage\"},\"image\":{\"@id\":\"https:\/\/www.estrategiaconcursos.com.br\/blog\/concurso-guarda-de-americana\/#primaryimage\"},\"thumbnailUrl\":\"https:\/\/dhg1h5j42swfq.cloudfront.net\/2021\/03\/22154112\/concursos-de-policia.jpg\",\"datePublished\":\"2022-12-13T11:25:00+00:00\",\"dateModified\":\"2023-10-17T20:01:16+00:00\",\"description\":\"Concurso Guarda de Americana: edital publicado oferta 39 vagas + forma\u00e7\u00e3o de cadastro de reserva. Sal\u00e1rio inicial \u00e9 de R$ 4.172,66.\",\"breadcrumb\":{\"@id\":\"https:\/\/www.estrategiaconcursos.com.br\/blog\/concurso-guarda-de-americana\/#breadcrumb\"},\"inLanguage\":\"pt-BR\",\"potentialAction\":[{\"@type\":\"ReadAction\",\"target\":[\"https:\/\/www.estrategiaconcursos.com.br\/blog\/concurso-guarda-de-americana\/\"]}]},{\"@type\":\"ImageObject\",\"inLanguage\":\"pt-BR\",\"@id\":\"https:\/\/www.estrategiaconcursos.com.br\/blog\/concurso-guarda-de-americana\/#primaryimage\",\"url\":\"https:\/\/dhg1h5j42swfq.cloudfront.net\/2021\/03\/22154112\/concursos-de-policia.jpg\",\"contentUrl\":\"https:\/\/dhg1h5j42swfq.cloudfront.net\/2021\/03\/22154112\/concursos-de-policia.jpg\",\"width\":1200,\"height\":628,\"caption\":\"Quais s\u00e3o os estados com concursos policiais previstos?\"},{\"@type\":\"BreadcrumbList\",\"@id\":\"https:\/\/www.estrategiaconcursos.com.br\/blog\/concurso-guarda-de-americana\/#breadcrumb\",\"itemListElement\":[{\"@type\":\"ListItem\",\"position\":1,\"name\":\"In\u00edcio\",\"item\":\"https:\/\/www.estrategiaconcursos.com.br\/blog\/\"},{\"@type\":\"ListItem\",\"position\":2,\"name\":\"Concurso Guarda de Americana: inscri\u00e7\u00f5es est\u00e3o encerradas\"}]},{\"@type\":\"WebSite\",\"@id\":\"https:\/\/www.estrategiaconcursos.com.br\/blog\/#website\",\"url\":\"https:\/\/www.estrategiaconcursos.com.br\/blog\/\",\"name\":\"Estrat\u00e9gia Concursos\",\"description\":\"O blog da Estrat\u00e9gia Concursos traz not\u00edcias sobre concursos e artigos de professores oferecendo cursos para concursos (pdf + videaulas) no site.\",\"publisher\":{\"@id\":\"https:\/\/www.estrategiaconcursos.com.br\/blog\/#organization\"},\"potentialAction\":[{\"@type\":\"SearchAction\",\"target\":{\"@type\":\"EntryPoint\",\"urlTemplate\":\"https:\/\/www.estrategiaconcursos.com.br\/blog\/?s={search_term_string}\"},\"query-input\":{\"@type\":\"PropertyValueSpecification\",\"valueRequired\":true,\"valueName\":\"search_term_string\"}}],\"inLanguage\":\"pt-BR\"},{\"@type\":\"Organization\",\"@id\":\"https:\/\/www.estrategiaconcursos.com.br\/blog\/#organization\",\"name\":\"Estrat\u00e9gia Concursos\",\"url\":\"https:\/\/www.estrategiaconcursos.com.br\/blog\/\",\"logo\":{\"@type\":\"ImageObject\",\"inLanguage\":\"pt-BR\",\"@id\":\"https:\/\/www.estrategiaconcursos.com.br\/blog\/#\/schema\/logo\/image\/\",\"url\":\"https:\/\/dhg1h5j42swfq.cloudfront.net\/2025\/06\/03203428\/logo_concursos-1.jpg\",\"contentUrl\":\"https:\/\/dhg1h5j42swfq.cloudfront.net\/2025\/06\/03203428\/logo_concursos-1.jpg\",\"width\":230,\"height\":60,\"caption\":\"Estrat\u00e9gia Concursos\"},\"image\":{\"@id\":\"https:\/\/www.estrategiaconcursos.com.br\/blog\/#\/schema\/logo\/image\/\"},\"sameAs\":[\"https:\/\/x.com\/EstratConcursos\"]},{\"@type\":\"Person\",\"@id\":\"https:\/\/www.estrategiaconcursos.com.br\/blog\/#\/schema\/person\/b4a388c97673c5f483d72185668afa1f\",\"name\":\"Coordena\u00e7\u00e3o\",\"image\":{\"@type\":\"ImageObject\",\"inLanguage\":\"pt-BR\",\"@id\":\"https:\/\/secure.gravatar.com\/avatar\/b720319e4c9a967eb58678d110f4fe35452fc5d5f97b202bac7b8acceb18c6ad?s=96&d=mm&r=g\",\"url\":\"https:\/\/secure.gravatar.com\/avatar\/b720319e4c9a967eb58678d110f4fe35452fc5d5f97b202bac7b8acceb18c6ad?s=96&d=mm&r=g\",\"contentUrl\":\"https:\/\/secure.gravatar.com\/avatar\/b720319e4c9a967eb58678d110f4fe35452fc5d5f97b202bac7b8acceb18c6ad?s=96&d=mm&r=g\",\"caption\":\"Coordena\u00e7\u00e3o\"},\"sameAs\":[\"https:\/\/www.facebook.com\/EstrategiaConcursos\",\"https:\/\/x.com\/EstratConcursos\"],\"url\":\"https:\/\/www.estrategiaconcursos.com.br\/blog\/author\/estrategia2013\/\"}]}<\/script>\n<!-- \/ Yoast SEO Premium plugin. -->","yoast_head_json":{"title":"Concurso Guarda de Americana: inscri\u00e7\u00f5es est\u00e3o encerradas","description":"Concurso Guarda de Americana: edital publicado oferta 39 vagas + forma\u00e7\u00e3o de cadastro de reserva. Sal\u00e1rio inicial \u00e9 de R$ 4.172,66.","robots":{"index":"index","follow":"follow","max-snippet":"max-snippet:-1","max-image-preview":"max-image-preview:large","max-video-preview":"max-video-preview:-1"},"canonical":"https:\/\/www.estrategiaconcursos.com.br\/blog\/concurso-guarda-de-americana\/","og_locale":"pt_BR","og_type":"article","og_title":"Concurso Guarda de Americana: inscri\u00e7\u00f5es est\u00e3o encerradas","og_description":"Concurso Guarda de Americana: edital publicado oferta 39 vagas + forma\u00e7\u00e3o de cadastro de reserva. Sal\u00e1rio inicial \u00e9 de R$ 4.172,66.","og_url":"https:\/\/www.estrategiaconcursos.com.br\/blog\/concurso-guarda-de-americana\/","og_site_name":"Estrat\u00e9gia Concursos","article_author":"https:\/\/www.facebook.com\/EstrategiaConcursos","article_published_time":"2022-12-13T11:25:00+00:00","article_modified_time":"2023-10-17T20:01:16+00:00","og_image":[{"width":1200,"height":628,"url":"https:\/\/dhg1h5j42swfq.cloudfront.net\/2021\/03\/22154112\/concursos-de-policia.jpg","type":"image\/jpeg"}],"author":"Coordena\u00e7\u00e3o","twitter_card":"summary_large_image","twitter_creator":"@EstratConcursos","twitter_site":"@EstratConcursos","twitter_misc":{"Escrito por":"Coordena\u00e7\u00e3o","Est. tempo de leitura":"6 minutos"},"schema":{"@context":"https:\/\/schema.org","@graph":[{"@type":"NewsArticle","@id":"https:\/\/www.estrategiaconcursos.com.br\/blog\/concurso-guarda-de-americana\/#article","isPartOf":{"@id":"https:\/\/www.estrategiaconcursos.com.br\/blog\/concurso-guarda-de-americana\/"},"author":{"name":"Coordena\u00e7\u00e3o","@id":"https:\/\/www.estrategiaconcursos.com.br\/blog\/#\/schema\/person\/b4a388c97673c5f483d72185668afa1f"},"headline":"Concurso Guarda de Americana: inscri\u00e7\u00f5es est\u00e3o encerradas","datePublished":"2022-12-13T11:25:00+00:00","dateModified":"2023-10-17T20:01:16+00:00","mainEntityOfPage":{"@id":"https:\/\/www.estrategiaconcursos.com.br\/blog\/concurso-guarda-de-americana\/"},"wordCount":1143,"commentCount":0,"publisher":{"@id":"https:\/\/www.estrategiaconcursos.com.br\/blog\/#organization"},"image":{"@id":"https:\/\/www.estrategiaconcursos.com.br\/blog\/concurso-guarda-de-americana\/#primaryimage"},"thumbnailUrl":"https:\/\/dhg1h5j42swfq.cloudfront.net\/2021\/03\/22154112\/concursos-de-policia.jpg","articleSection":["Policial (Guardas Civis)"],"inLanguage":"pt-BR","potentialAction":[{"@type":"CommentAction","name":"Comment","target":["https:\/\/www.estrategiaconcursos.com.br\/blog\/concurso-guarda-de-americana\/#respond"]}],"copyrightYear":"2022","copyrightHolder":{"@id":"https:\/\/www.estrategiaconcursos.com.br\/blog\/#organization"}},{"@type":"WebPage","@id":"https:\/\/www.estrategiaconcursos.com.br\/blog\/concurso-guarda-de-americana\/","url":"https:\/\/www.estrategiaconcursos.com.br\/blog\/concurso-guarda-de-americana\/","name":"Concurso Guarda de Americana: inscri\u00e7\u00f5es est\u00e3o encerradas","isPartOf":{"@id":"https:\/\/www.estrategiaconcursos.com.br\/blog\/#website"},"primaryImageOfPage":{"@id":"https:\/\/www.estrategiaconcursos.com.br\/blog\/concurso-guarda-de-americana\/#primaryimage"},"image":{"@id":"https:\/\/www.estrategiaconcursos.com.br\/blog\/concurso-guarda-de-americana\/#primaryimage"},"thumbnailUrl":"https:\/\/dhg1h5j42swfq.cloudfront.net\/2021\/03\/22154112\/concursos-de-policia.jpg","datePublished":"2022-12-13T11:25:00+00:00","dateModified":"2023-10-17T20:01:16+00:00","description":"Concurso Guarda de Americana: edital publicado oferta 39 vagas + forma\u00e7\u00e3o de cadastro de reserva. Sal\u00e1rio inicial \u00e9 de R$ 4.172,66.","breadcrumb":{"@id":"https:\/\/www.estrategiaconcursos.com.br\/blog\/concurso-guarda-de-americana\/#breadcrumb"},"inLanguage":"pt-BR","potentialAction":[{"@type":"ReadAction","target":["https:\/\/www.estrategiaconcursos.com.br\/blog\/concurso-guarda-de-americana\/"]}]},{"@type":"ImageObject","inLanguage":"pt-BR","@id":"https:\/\/www.estrategiaconcursos.com.br\/blog\/concurso-guarda-de-americana\/#primaryimage","url":"https:\/\/dhg1h5j42swfq.cloudfront.net\/2021\/03\/22154112\/concursos-de-policia.jpg","contentUrl":"https:\/\/dhg1h5j42swfq.cloudfront.net\/2021\/03\/22154112\/concursos-de-policia.jpg","width":1200,"height":628,"caption":"Quais s\u00e3o os estados com concursos policiais previstos?"},{"@type":"BreadcrumbList","@id":"https:\/\/www.estrategiaconcursos.com.br\/blog\/concurso-guarda-de-americana\/#breadcrumb","itemListElement":[{"@type":"ListItem","position":1,"name":"In\u00edcio","item":"https:\/\/www.estrategiaconcursos.com.br\/blog\/"},{"@type":"ListItem","position":2,"name":"Concurso Guarda de Americana: inscri\u00e7\u00f5es est\u00e3o encerradas"}]},{"@type":"WebSite","@id":"https:\/\/www.estrategiaconcursos.com.br\/blog\/#website","url":"https:\/\/www.estrategiaconcursos.com.br\/blog\/","name":"Estrat\u00e9gia Concursos","description":"O blog da Estrat\u00e9gia Concursos traz not\u00edcias sobre concursos e artigos de professores oferecendo cursos para concursos (pdf + videaulas) no site.","publisher":{"@id":"https:\/\/www.estrategiaconcursos.com.br\/blog\/#organization"},"potentialAction":[{"@type":"SearchAction","target":{"@type":"EntryPoint","urlTemplate":"https:\/\/www.estrategiaconcursos.com.br\/blog\/?s={search_term_string}"},"query-input":{"@type":"PropertyValueSpecification","valueRequired":true,"valueName":"search_term_string"}}],"inLanguage":"pt-BR"},{"@type":"Organization","@id":"https:\/\/www.estrategiaconcursos.com.br\/blog\/#organization","name":"Estrat\u00e9gia Concursos","url":"https:\/\/www.estrategiaconcursos.com.br\/blog\/","logo":{"@type":"ImageObject","inLanguage":"pt-BR","@id":"https:\/\/www.estrategiaconcursos.com.br\/blog\/#\/schema\/logo\/image\/","url":"https:\/\/dhg1h5j42swfq.cloudfront.net\/2025\/06\/03203428\/logo_concursos-1.jpg","contentUrl":"https:\/\/dhg1h5j42swfq.cloudfront.net\/2025\/06\/03203428\/logo_concursos-1.jpg","width":230,"height":60,"caption":"Estrat\u00e9gia Concursos"},"image":{"@id":"https:\/\/www.estrategiaconcursos.com.br\/blog\/#\/schema\/logo\/image\/"},"sameAs":["https:\/\/x.com\/EstratConcursos"]},{"@type":"Person","@id":"https:\/\/www.estrategiaconcursos.com.br\/blog\/#\/schema\/person\/b4a388c97673c5f483d72185668afa1f","name":"Coordena\u00e7\u00e3o","image":{"@type":"ImageObject","inLanguage":"pt-BR","@id":"https:\/\/secure.gravatar.com\/avatar\/b720319e4c9a967eb58678d110f4fe35452fc5d5f97b202bac7b8acceb18c6ad?s=96&d=mm&r=g","url":"https:\/\/secure.gravatar.com\/avatar\/b720319e4c9a967eb58678d110f4fe35452fc5d5f97b202bac7b8acceb18c6ad?s=96&d=mm&r=g","contentUrl":"https:\/\/secure.gravatar.com\/avatar\/b720319e4c9a967eb58678d110f4fe35452fc5d5f97b202bac7b8acceb18c6ad?s=96&d=mm&r=g","caption":"Coordena\u00e7\u00e3o"},"sameAs":["https:\/\/www.facebook.com\/EstrategiaConcursos","https:\/\/x.com\/EstratConcursos"],"url":"https:\/\/www.estrategiaconcursos.com.br\/blog\/author\/estrategia2013\/"}]}},"_links":{"self":[{"href":"https:\/\/www.estrategiaconcursos.com.br\/blog\/wp-json\/wp\/v2\/posts\/1103217","targetHints":{"allow":["GET"]}}],"collection":[{"href":"https:\/\/www.estrategiaconcursos.com.br\/blog\/wp-json\/wp\/v2\/posts"}],"about":[{"href":"https:\/\/www.estrategiaconcursos.com.br\/blog\/wp-json\/wp\/v2\/types\/post"}],"author":[{"embeddable":true,"href":"https:\/\/www.estrategiaconcursos.com.br\/blog\/wp-json\/wp\/v2\/users\/1"}],"replies":[{"embeddable":true,"href":"https:\/\/www.estrategiaconcursos.com.br\/blog\/wp-json\/wp\/v2\/comments?post=1103217"}],"version-history":[{"count":40,"href":"https:\/\/www.estrategiaconcursos.com.br\/blog\/wp-json\/wp\/v2\/posts\/1103217\/revisions"}],"predecessor-version":[{"id":1293813,"href":"https:\/\/www.estrategiaconcursos.com.br\/blog\/wp-json\/wp\/v2\/posts\/1103217\/revisions\/1293813"}],"wp:featuredmedia":[{"embeddable":true,"href":"https:\/\/www.estrategiaconcursos.com.br\/blog\/wp-json\/wp\/v2\/media\/698496"}],"wp:attachment":[{"href":"https:\/\/www.estrategiaconcursos.com.br\/blog\/wp-json\/wp\/v2\/media?parent=1103217"}],"wp:term":[{"taxonomy":"category","embeddable":true,"href":"https:\/\/www.estrategiaconcursos.com.br\/blog\/wp-json\/wp\/v2\/categories?post=1103217"},{"taxonomy":"post_tag","embeddable":true,"href":"https:\/\/www.estrategiaconcursos.com.br\/blog\/wp-json\/wp\/v2\/tags?post=1103217"},{"taxonomy":"tax_estado","embeddable":true,"href":"https:\/\/www.estrategiaconcursos.com.br\/blog\/wp-json\/wp\/v2\/tax_estado?post=1103217"}],"curies":[{"name":"wp","href":"https:\/\/api.w.org\/{rel}","templated":true}]}}