{"id":1102186,"date":"2023-01-16T09:36:00","date_gmt":"2023-01-16T12:36:00","guid":{"rendered":"https:\/\/www.estrategiaconcursos.com.br\/blog\/?p=1102186"},"modified":"2025-07-11T17:08:42","modified_gmt":"2025-07-11T20:08:42","slug":"concurso-iases-es-edital-publicado-2023","status":"publish","type":"post","link":"https:\/\/www.estrategiaconcursos.com.br\/blog\/concurso-iases-es-edital-publicado-2023\/","title":{"rendered":"Edital IASES ES tem inscri\u00e7\u00f5es encerradas; 400 vagas"},"content":{"rendered":"\n<p>Est\u00e3o encerradas as inscri\u00e7\u00f5es para o <strong>edital do concurso IASES<\/strong>! Conforme o documento, o <a href=\"https:\/\/www.estrategiaconcursos.com.br\/cursosPorConcurso\/instituto-de-atendimento-socioeducativo-do-espirito-santo-iases\/\" target=\"_blank\" rel=\"noreferrer noopener\">Instituto de Atendimento Socioeducativo do Esp\u00edrito Santo<\/a> oferece <strong>400 vagas<\/strong> imediatas mais forma\u00e7\u00e3o de cadastro de reserva.<\/p>\n\n\n\n<p>As oportunidades s\u00e3o de n\u00edvel m\u00e9dio de forma\u00e7\u00e3o para o <strong>cargo de Agente Socioeducativo<\/strong>. O sal\u00e1rio inicial \u00e9 de <strong>R$ 3.167,04<\/strong>.<\/p>\n\n\n\n<p>Os interessados em participar da sele\u00e7\u00e3o puderam realizar as inscri\u00e7\u00f5es at\u00e9 26 de fevereiro de 2023, no site da banca organizadora, <a href=\"https:\/\/www.idcap.org.br\/informacoes\/80\/\" target=\"_blank\" rel=\"noreferrer noopener\">IDCAP<\/a>. A taxa ficou definida em R$ 68,00. <\/p>\n\n\n\n<ul class=\"wp-block-list\">\n<li><strong style=\"background-color: initial; color: initial;\">Banca:<\/strong> IDCAP<\/li>\n\n\n\n<li><strong>Vagas:<\/strong> 400 + CR<\/li>\n\n\n\n<li><strong>Cargo<\/strong>: Agente Socioeducativo<\/li>\n\n\n\n<li><strong>Sal\u00e1rio inicial:<\/strong> de R$ 3.167,04 + benef\u00edcios<\/li>\n\n\n\n<li><strong>Editais<\/strong>: <a href=\"https:\/\/dhg1h5j42swfq.cloudfront.net\/2023\/01\/16104818\/7jwnu8alajvzhvyc4nkthrmxhzyisxh4zifc6ys7.pdf\" target=\"_blank\" rel=\"noreferrer noopener nofollow\">IASES ES &#8211; 2023<\/a><\/li>\n<\/ul>\n\n\n\n<div class=\"container\" id=\"boxes\">\n  <div class=\"row\">\n\n    <div class=\"col-sm\">\n      <div class=\"banner-adm\" id=\"box-assinatura\">\n        <h3 class=\"titulo-assinatura\">Concurso IASES ES<\/h3>\n        <p class=\"subtitulo-assinatura\">Conhe\u00e7a os cursos<\/p>\n        <div class=\"box-botao\">\n          <a class=\"btn-assinatura\" target=\"_blank\" href=\"https:\/\/www.estrategiaconcursos.com.br\/cursosPorConcurso\/instituto-de-atendimento-socioeducativo-do-espirito-santo-iases\/\" role=\"button\" rel=\"noopener noreferrer\">Conhe\u00e7a mais<\/a>\n        <\/div>\n      <\/div>\n      <p class=\"texto-auxiliar\"><\/p><\/div>\n\n  <\/div>\n<\/div>\n\n\n\n<h2 class=\"wp-block-heading\" id=\"datas\">Principais datas<\/h2>\n\n\n\n<p class=\"has-very-light-gray-background-color has-background\"><strong>Inscri\u00e7\u00f5es<\/strong>: <s>24 de janeiro a 26 de fevereiro de 2023<\/s><br \/><strong>Isen\u00e7\u00e3o da taxa<\/strong>: <s>24 a 25 de janeiro<\/s><br \/><strong>\u00daltimo dia para pagamento<\/strong>: 27 de fevereiro <br \/><strong>Prova<\/strong>: 19 de mar\u00e7o <\/p>\n\n\n\n<h2 class=\"wp-block-heading\" id=\"cargos-vagas\">Cargos, vagas e remunera\u00e7\u00f5es <\/h2>\n\n\n\n<p>O edital IASES ES oferta, ao todo, 400 vagas imediatas e oportunidades para forma\u00e7\u00e3o de cadastro reserva para o cargo de Agente Socioeducativo.<\/p>\n\n\n\n<p>As oportunidades s\u00e3o distribu\u00eddas da seguinte maneira: <\/p>\n\n\n\n<p><strong>Vagas para o sexo feminino<\/strong><\/p>\n\n\n\n<figure class=\"wp-block-table is-style-stripes\"><table class=\"has-fixed-layout\"><thead><tr><th class=\"has-text-align-center\" data-align=\"center\">Regi\u00e3o<\/th><th class=\"has-text-align-center\" data-align=\"center\">AC<\/th><th class=\"has-text-align-center\" data-align=\"center\">PCD<\/th><th class=\"has-text-align-center\" data-align=\"center\">\u00cdndigena<\/th><th class=\"has-text-align-center\" data-align=\"center\">Negra<\/th><\/tr><\/thead><tbody><tr><td class=\"has-text-align-center\" data-align=\"center\">Metropolitana<\/td><td class=\"has-text-align-center\" data-align=\"center\">55<\/td><td class=\"has-text-align-center\" data-align=\"center\">8<\/td><td class=\"has-text-align-center\" data-align=\"center\">3<\/td><td class=\"has-text-align-center\" data-align=\"center\">14<\/td><\/tr><tr><td class=\"has-text-align-center\" data-align=\"center\">Sul<\/td><td class=\"has-text-align-center\" data-align=\"center\">6<\/td><td class=\"has-text-align-center\" data-align=\"center\">1<\/td><td class=\"has-text-align-center\" data-align=\"center\">1<\/td><td class=\"has-text-align-center\" data-align=\"center\">2<\/td><\/tr><tr><td class=\"has-text-align-center\" data-align=\"center\">Norte<\/td><td class=\"has-text-align-center\" data-align=\"center\">6<\/td><td class=\"has-text-align-center\" data-align=\"center\">1<\/td><td class=\"has-text-align-center\" data-align=\"center\">1<\/td><td class=\"has-text-align-center\" data-align=\"center\">2<\/td><\/tr><\/tbody><\/table><figcaption class=\"wp-element-caption\">Quadro de vagas para sexo feminino.<\/figcaption><\/figure>\n\n\n\n<p><strong>Vagas para o sexo masculino<\/strong><\/p>\n\n\n\n<figure class=\"wp-block-table is-style-stripes\"><table class=\"has-fixed-layout\"><thead><tr><th class=\"has-text-align-center\" data-align=\"center\">Regi\u00e3o<\/th><th class=\"has-text-align-center\" data-align=\"center\">AC<\/th><th class=\"has-text-align-center\" data-align=\"center\">PCD<\/th><th class=\"has-text-align-center\" data-align=\"center\">\u00cdndigena<\/th><th class=\"has-text-align-center\" data-align=\"center\">Negro<\/th><\/tr><\/thead><tbody><tr><td class=\"has-text-align-center\" data-align=\"center\">Metropolitana<\/td><td class=\"has-text-align-center\" data-align=\"center\">153<\/td><td class=\"has-text-align-center\" data-align=\"center\">22<\/td><td class=\"has-text-align-center\" data-align=\"center\">7<\/td><td class=\"has-text-align-center\" data-align=\"center\">38<\/td><\/tr><tr><td class=\"has-text-align-center\" data-align=\"center\">Sul<\/td><td class=\"has-text-align-center\" data-align=\"center\">27<\/td><td class=\"has-text-align-center\" data-align=\"center\">4<\/td><td class=\"has-text-align-center\" data-align=\"center\">2<\/td><td class=\"has-text-align-center\" data-align=\"center\">7<\/td><\/tr><tr><td class=\"has-text-align-center\" data-align=\"center\">Norte<\/td><td class=\"has-text-align-center\" data-align=\"center\">27<\/td><td class=\"has-text-align-center\" data-align=\"center\">4<\/td><td class=\"has-text-align-center\" data-align=\"center\">2<\/td><td class=\"has-text-align-center\" data-align=\"center\">7<\/td><\/tr><\/tbody><\/table><figcaption class=\"wp-element-caption\">Quadro de vagas para o sexo masculino.<\/figcaption><\/figure>\n\n\n\n<p>Os aprovados far\u00e3o jus ao sal\u00e1rio inicial de&nbsp;<strong>R$ 3.167,04<\/strong>&nbsp;para uma jornada de 40h semanais (8h por dia). O aprovado recebe ainda aux\u00edlio alimenta\u00e7\u00e3o no valor de&nbsp;<strong>R$ 300,00<\/strong>. <\/p>\n\n\n\n<h2 class=\"wp-block-heading\" id=\"etapas\">Etapas e provas<\/h2>\n\n\n\n<p>Os candidatos do concurso IASES ser\u00e3o avaliados por meio das seguintes etapas:<\/p>\n\n\n\n<ul class=\"wp-block-list\">\n<li>Provas Objetiva e Reda\u00e7\u00e3o, car\u00e1ter eliminat\u00f3rio e classificat\u00f3rio<\/li>\n\n\n\n<li>Teste de Avalia\u00e7\u00e3o F\u00edsica, de car\u00e1ter eliminat\u00f3rio;<\/li>\n\n\n\n<li>Teste de Avalia\u00e7\u00e3o Psicol\u00f3gica, de car\u00e1ter eliminat\u00f3rio;<\/li>\n\n\n\n<li>Investiga\u00e7\u00e3o Social e Sindic\u00e2ncia de Vida Pregressa do candidato, de car\u00e1ter eliminat\u00f3rio; e<\/li>\n\n\n\n<li>Curso B\u00e1sico de Forma\u00e7\u00e3o Profissional, de car\u00e1ter eliminat\u00f3rio.<\/li>\n<\/ul>\n\n\n\n<p>As provas objetiva e discursiva ser\u00e3o aplicadas no dia 19 de mar\u00e7o de 2023. <\/p>\n\n\n\n<h3 class=\"wp-block-heading\" id=\"h-prova-objetiva\">Prova Objetiva<\/h3>\n\n\n\n<p>A prova objetiva ser\u00e1 composta por 70 itens de m\u00faltipla escolha. Cada item contar\u00e1 com 5 alternativas (A, B, C, D e E) e apenas uma \u00fanica resposta correta. Ser\u00e3o cobradas as seguintes disciplinas:<\/p>\n\n\n\n<figure class=\"wp-block-image aligncenter size-full\"><img loading=\"lazy\" decoding=\"async\" width=\"686\" height=\"163\" src=\"https:\/\/dhg1h5j42swfq.cloudfront.net\/2023\/01\/16104057\/image-156.png\" alt=\"\" class=\"wp-image-1153184\" srcset=\"https:\/\/dhg1h5j42swfq.cloudfront.net\/2023\/01\/16104057\/image-156.png 686w, https:\/\/dhg1h5j42swfq.cloudfront.net\/2023\/01\/16104057\/image-156-300x71.png 300w, https:\/\/dhg1h5j42swfq.cloudfront.net\/2023\/01\/16104057\/image-156-610x145.png 610w, https:\/\/dhg1h5j42swfq.cloudfront.net\/2023\/01\/16104057\/image-156-150x36.png 150w\" sizes=\"auto, (max-width: 686px) 100vw, 686px\" \/><\/figure>\n\n\n\n<p>A prova objetiva valer\u00e1, ao todo, 70 pontos. Ser\u00e1 classificado o candidato que:<\/p>\n\n\n\n<ul class=\"wp-block-list\">\n<li>tenha acertado, no m\u00ednimo, 50% (cinquenta por cento) na somat\u00f3ria de acertos cumulativos nas disciplinas de L\u00edngua Portuguesa, Matem\u00e1tica e Inform\u00e1tica; e<\/li>\n\n\n\n<li>tenha acertado, no m\u00ednimo, 60% (sessenta por cento) na somat\u00f3ria de acertos da disciplina de Conhecimentos Espec\u00edficos.<\/li>\n<\/ul>\n\n\n\n<p>As provas ser\u00e3o aplicadas na Grande Vit\u00f3ria, Linhares e Cachoeiro de Itapemirim.<\/p>\n\n\n\n<h3 class=\"wp-block-heading\" id=\"h-prova-de-redacao\">Prova de Reda\u00e7\u00e3o<\/h3>\n\n\n\n<p>O candidato dever\u00e1 elaborar um texto com base em um tema da atualidade na \u00e1rea da Seguran\u00e7a P\u00fablica e Direitos Humanos. Ser\u00e1 um texto narrativo com no m\u00ednimo, 15 linhas, e no m\u00e1ximo, 25 linhas, com base em tema formulado pela banca.<\/p>\n\n\n\n<p>A prova de reda\u00e7\u00e3o valer\u00e1, ao todo, 30 pontos. Ser\u00e1 considerado classificado o candidato que obtiver, no m\u00ednimo, rendimento de 60% da pontua\u00e7\u00e3o da prova de reda\u00e7\u00e3o.<\/p>\n\n\n\n<h3 class=\"wp-block-heading\" id=\"h-edital-iases-teste-de-avaliacao-fisica-taf\">Edital IASES \u2013 Teste de Avalia\u00e7\u00e3o F\u00edsica (TAF)<\/h3>\n\n\n\n<p>O TAF tem como objetivo selecionar os candidatos com avalia\u00e7\u00e3o f\u00edsica necess\u00e1ria para o exerc\u00edcio do cargo de Agente Socioeducativo.<\/p>\n\n\n\n<p>Confira os testes que ser\u00e3o cobrados dos candidatos:<\/p>\n\n\n\n<ul class=\"wp-block-list\">\n<li>Teste de for\u00e7a na barra fixa;<\/li>\n\n\n\n<li>Teste de abdominal remador; e<\/li>\n\n\n\n<li>Teste de corrida \u2013 12 minutos (2.400m para homens e 2.000m para mulheres).<\/li>\n<\/ul>\n\n\n\n<p class=\"has-text-align-center has-cyan-bluish-gray-background-color has-background has-medium-font-size\"><strong>Saiba mais: <a href=\"https:\/\/www.estrategiaconcursos.com.br\/blog\/concurso-iases-es\/\" target=\"_blank\" rel=\"noreferrer noopener\">concurso IASES ES<\/a><\/strong><\/p>\n\n\n\n<h2 class=\"has-text-align-center wp-block-heading\" id=\"h-quer-saber-tudo-sobre-concursos-previstos-confira-nossos-artigos\">Quer saber tudo sobre concursos previstos?<br \/>Confira  nossos artigos!<\/h2>\n\n\n\n<ul class=\"wp-block-list\">\n<li><a href=\"https:\/\/www.estrategiaconcursos.com.br\/blog\/concursos-abertos\/\" target=\"_blank\" rel=\"noreferrer noopener\">Concursos abertos<\/a><\/li>\n\n\n\n<li><a href=\"https:\/\/www.estrategiaconcursos.com.br\/blog\/concursos-2023\/\" target=\"_blank\" rel=\"noreferrer noopener\">Concursos 2023<\/a><\/li>\n<\/ul>\n\n\n\n<div class=\"container\" id=\"boxes\">\n  <div class=\"row\">\n\n    <div class=\"col-sm\">\n      <div class=\"banner-adm\" id=\"box-assinatura\">\n        <h3 class=\"titulo-assinatura\">Concurso IASES ES<\/h3>\n        <p class=\"subtitulo-assinatura\">Conhe\u00e7a os cursos<\/p>\n        <div class=\"box-botao\">\n          <a class=\"btn-assinatura\" target=\"_blank\" href=\"https:\/\/www.estrategiaconcursos.com.br\/cursosPorConcurso\/instituto-de-atendimento-socioeducativo-do-espirito-santo-iases\/\" role=\"button\" rel=\"noopener noreferrer\">Conhe\u00e7a mais<\/a>\n        <\/div>\n      <\/div>\n      <p class=\"texto-auxiliar\"><\/p><\/div>\n\n  <\/div>\n<\/div>\n\n\n\n<div class=\"container\" id=\"boxes\">\n  <div class=\"row\">\n\n    <div class=\"col-sm\">\n      <div class=\"estrategia\" id=\"box-assinatura\">\n        <h3 class=\"titulo-assinatura\">Assinatura de Concursos<\/h3>\n        <p class=\"subtitulo-assinatura\">Assinatura de 1 ano ou 2 anos<\/p>\n        <div class=\"box-botao\">\n          <a class=\"btn-assinatura\" target=\"_blank\" href=\"https:\/\/www.estrategiaconcursos.com.br\/assinaturas\/\" role=\"button\" rel=\"noopener noreferrer\">ASSINE AGORA<\/a>\n        <\/div>\n      <\/div>\n     \n    <\/div><\/div><\/div>\n\n\n\n<figure class=\"wp-block-image size-large is-resized\"><img loading=\"lazy\" decoding=\"async\" src=\"https:\/\/dhg1h5j42swfq.cloudfront.net\/2025\/06\/27101122\/ficha-tecnica-1-1024x632.png\" alt=\"Informa\u00e7\u00f5es do edital IASES ES\" class=\"wp-image-702728\" width=\"269\" height=\"166\" srcset=\"https:\/\/dhg1h5j42swfq.cloudfront.net\/2025\/06\/27101122\/ficha-tecnica-1-1024x632.png 1024w, https:\/\/dhg1h5j42swfq.cloudfront.net\/2025\/06\/27101122\/ficha-tecnica-1-300x185.png 300w, https:\/\/dhg1h5j42swfq.cloudfront.net\/2025\/06\/27101122\/ficha-tecnica-1-768x474.png 768w, https:\/\/dhg1h5j42swfq.cloudfront.net\/2025\/06\/27101122\/ficha-tecnica-1-1536x948.png 1536w, https:\/\/dhg1h5j42swfq.cloudfront.net\/2025\/06\/27101122\/ficha-tecnica-1-610x377.png 610w, https:\/\/dhg1h5j42swfq.cloudfront.net\/2025\/06\/27101122\/ficha-tecnica-1.png 1571w\" sizes=\"auto, (max-width: 269px) 100vw, 269px\" \/><\/figure>\n\n\n\n<h3 class=\"wp-block-heading\" id=\"block-ba1614b5-988b-41ef-892d-f4c9f7e9dd42\">Informa\u00e7\u00f5es do edital IASES ES<\/h3>\n\n\n\n<ul class=\"wp-block-list\">\n<li><strong>Provas<\/strong>: 19 de mar\u00e7o <\/li>\n\n\n\n<li><strong>Vagas<\/strong>: 400 + CR<\/li>\n\n\n\n<li><strong>Cargos<\/strong>: Agente Socioeducativo<\/li>\n\n\n\n<li><strong>Banca<\/strong>: IDCAP<\/li>\n\n\n\n<li><strong>Escolaridade<\/strong>: M\u00e9dio <\/li>\n\n\n\n<li><strong>Edital<\/strong>:&nbsp;<a href=\"https:\/\/dhg1h5j42swfq.cloudfront.net\/2023\/01\/16104818\/7jwnu8alajvzhvyc4nkthrmxhzyisxh4zifc6ys7.pdf\" target=\"_blank\" rel=\"noreferrer noopener nofollow\">IASES ES &#8211; 2023<\/a><\/li>\n<\/ul>\n","protected":false},"excerpt":{"rendered":"<p>Est\u00e3o encerradas as inscri\u00e7\u00f5es para o edital do concurso IASES! Conforme o documento, o Instituto de Atendimento Socioeducativo do Esp\u00edrito Santo oferece 400 vagas imediatas mais forma\u00e7\u00e3o de cadastro de reserva. As oportunidades s\u00e3o de n\u00edvel m\u00e9dio de forma\u00e7\u00e3o para o cargo de Agente Socioeducativo. O sal\u00e1rio inicial \u00e9 de R$ 3.167,04. Os interessados em [&hellip;]<\/p>\n","protected":false},"author":1483,"featured_media":838305,"comment_status":"open","ping_status":"closed","sticky":false,"template":"","format":"standard","meta":{"post_tipo":"news","footnotes":""},"categories":[220188,220219],"tags":[],"tax_estado":[219971],"class_list":["post-1102186","post","type-post","status-publish","format-standard","has-post-thumbnail","hentry","category-policial-agente-penitenciario","category-noticias","tax_estado-es"],"acf":[],"yoast_head":"<!-- This site is optimized with the Yoast SEO Premium plugin v27.2 (Yoast SEO v27.2) - https:\/\/yoast.com\/product\/yoast-seo-premium-wordpress\/ -->\n<title>Edital IASES ES tem inscri\u00e7\u00f5es encerradas; 400 vagas<\/title>\n<meta name=\"description\" content=\"Edital IASES ES: as oportunidades s\u00e3o de n\u00edvel m\u00e9dio de forma\u00e7\u00e3o para o cargo de Agente Socioeducativo. Inscri\u00e7\u00f5es encerradas!\" \/>\n<meta name=\"robots\" content=\"index, follow, max-snippet:-1, max-image-preview:large, max-video-preview:-1\" \/>\n<link rel=\"canonical\" href=\"https:\/\/www.estrategiaconcursos.com.br\/blog\/concurso-iases-es-edital-publicado-2023\/\" \/>\n<meta property=\"og:locale\" content=\"pt_BR\" \/>\n<meta property=\"og:type\" content=\"article\" \/>\n<meta property=\"og:title\" content=\"Edital IASES ES tem inscri\u00e7\u00f5es encerradas; 400 vagas\" \/>\n<meta property=\"og:description\" content=\"Edital IASES ES: as oportunidades s\u00e3o de n\u00edvel m\u00e9dio de forma\u00e7\u00e3o para o cargo de Agente Socioeducativo. Inscri\u00e7\u00f5es encerradas!\" \/>\n<meta property=\"og:url\" content=\"https:\/\/www.estrategiaconcursos.com.br\/blog\/concurso-iases-es-edital-publicado-2023\/\" \/>\n<meta property=\"og:site_name\" content=\"Estrat\u00e9gia Concursos\" \/>\n<meta property=\"article:published_time\" content=\"2023-01-16T12:36:00+00:00\" \/>\n<meta property=\"article:modified_time\" content=\"2025-07-11T20:08:42+00:00\" \/>\n<meta property=\"og:image\" content=\"https:\/\/dhg1h5j42swfq.cloudfront.net\/2021\/07\/17110913\/iases-es.jpeg\" \/>\n\t<meta property=\"og:image:width\" content=\"768\" \/>\n\t<meta property=\"og:image:height\" content=\"432\" \/>\n\t<meta property=\"og:image:type\" content=\"image\/jpeg\" \/>\n<meta name=\"author\" content=\"Diogo Mendes\" \/>\n<meta name=\"twitter:card\" content=\"summary_large_image\" \/>\n<meta name=\"twitter:creator\" content=\"@EstratConcursos\" \/>\n<meta name=\"twitter:site\" content=\"@EstratConcursos\" \/>\n<meta name=\"twitter:label1\" content=\"Escrito por\" \/>\n\t<meta name=\"twitter:data1\" content=\"Diogo Mendes\" \/>\n\t<meta name=\"twitter:label2\" content=\"Est. tempo de leitura\" \/>\n\t<meta name=\"twitter:data2\" content=\"3 minutos\" \/>\n<script type=\"application\/ld+json\" class=\"yoast-schema-graph\">{\"@context\":\"https:\/\/schema.org\",\"@graph\":[{\"@type\":\"NewsArticle\",\"@id\":\"https:\/\/www.estrategiaconcursos.com.br\/blog\/concurso-iases-es-edital-publicado-2023\/#article\",\"isPartOf\":{\"@id\":\"https:\/\/www.estrategiaconcursos.com.br\/blog\/concurso-iases-es-edital-publicado-2023\/\"},\"author\":{\"name\":\"Diogo Mendes\",\"@id\":\"https:\/\/www.estrategiaconcursos.com.br\/blog\/#\/schema\/person\/cc9e76173880338ce9f656c88664a1f6\"},\"headline\":\"Edital IASES ES tem inscri\u00e7\u00f5es encerradas; 400 vagas\",\"datePublished\":\"2023-01-16T12:36:00+00:00\",\"dateModified\":\"2025-07-11T20:08:42+00:00\",\"mainEntityOfPage\":{\"@id\":\"https:\/\/www.estrategiaconcursos.com.br\/blog\/concurso-iases-es-edital-publicado-2023\/\"},\"wordCount\":666,\"commentCount\":0,\"publisher\":{\"@id\":\"https:\/\/www.estrategiaconcursos.com.br\/blog\/#organization\"},\"image\":{\"@id\":\"https:\/\/www.estrategiaconcursos.com.br\/blog\/concurso-iases-es-edital-publicado-2023\/#primaryimage\"},\"thumbnailUrl\":\"https:\/\/dhg1h5j42swfq.cloudfront.net\/2021\/07\/17110913\/iases-es.jpeg\",\"articleSection\":[\"Policial (Agente Penitenci\u00e1rio)\",\"\u00daltimas not\u00edcias\"],\"inLanguage\":\"pt-BR\",\"potentialAction\":[{\"@type\":\"CommentAction\",\"name\":\"Comment\",\"target\":[\"https:\/\/www.estrategiaconcursos.com.br\/blog\/concurso-iases-es-edital-publicado-2023\/#respond\"]}],\"copyrightYear\":\"2023\",\"copyrightHolder\":{\"@id\":\"https:\/\/www.estrategiaconcursos.com.br\/blog\/#organization\"}},{\"@type\":\"WebPage\",\"@id\":\"https:\/\/www.estrategiaconcursos.com.br\/blog\/concurso-iases-es-edital-publicado-2023\/\",\"url\":\"https:\/\/www.estrategiaconcursos.com.br\/blog\/concurso-iases-es-edital-publicado-2023\/\",\"name\":\"Edital IASES ES tem inscri\u00e7\u00f5es encerradas; 400 vagas\",\"isPartOf\":{\"@id\":\"https:\/\/www.estrategiaconcursos.com.br\/blog\/#website\"},\"primaryImageOfPage\":{\"@id\":\"https:\/\/www.estrategiaconcursos.com.br\/blog\/concurso-iases-es-edital-publicado-2023\/#primaryimage\"},\"image\":{\"@id\":\"https:\/\/www.estrategiaconcursos.com.br\/blog\/concurso-iases-es-edital-publicado-2023\/#primaryimage\"},\"thumbnailUrl\":\"https:\/\/dhg1h5j42swfq.cloudfront.net\/2021\/07\/17110913\/iases-es.jpeg\",\"datePublished\":\"2023-01-16T12:36:00+00:00\",\"dateModified\":\"2025-07-11T20:08:42+00:00\",\"description\":\"Edital IASES ES: as oportunidades s\u00e3o de n\u00edvel m\u00e9dio de forma\u00e7\u00e3o para o cargo de Agente Socioeducativo. Inscri\u00e7\u00f5es encerradas!\",\"breadcrumb\":{\"@id\":\"https:\/\/www.estrategiaconcursos.com.br\/blog\/concurso-iases-es-edital-publicado-2023\/#breadcrumb\"},\"inLanguage\":\"pt-BR\",\"potentialAction\":[{\"@type\":\"ReadAction\",\"target\":[\"https:\/\/www.estrategiaconcursos.com.br\/blog\/concurso-iases-es-edital-publicado-2023\/\"]}]},{\"@type\":\"ImageObject\",\"inLanguage\":\"pt-BR\",\"@id\":\"https:\/\/www.estrategiaconcursos.com.br\/blog\/concurso-iases-es-edital-publicado-2023\/#primaryimage\",\"url\":\"https:\/\/dhg1h5j42swfq.cloudfront.net\/2021\/07\/17110913\/iases-es.jpeg\",\"contentUrl\":\"https:\/\/dhg1h5j42swfq.cloudfront.net\/2021\/07\/17110913\/iases-es.jpeg\",\"width\":768,\"height\":432,\"caption\":\"iases\"},{\"@type\":\"BreadcrumbList\",\"@id\":\"https:\/\/www.estrategiaconcursos.com.br\/blog\/concurso-iases-es-edital-publicado-2023\/#breadcrumb\",\"itemListElement\":[{\"@type\":\"ListItem\",\"position\":1,\"name\":\"In\u00edcio\",\"item\":\"https:\/\/www.estrategiaconcursos.com.br\/blog\/\"},{\"@type\":\"ListItem\",\"position\":2,\"name\":\"Edital IASES ES tem inscri\u00e7\u00f5es encerradas; 400 vagas\"}]},{\"@type\":\"WebSite\",\"@id\":\"https:\/\/www.estrategiaconcursos.com.br\/blog\/#website\",\"url\":\"https:\/\/www.estrategiaconcursos.com.br\/blog\/\",\"name\":\"Estrat\u00e9gia Concursos\",\"description\":\"O blog da Estrat\u00e9gia Concursos traz not\u00edcias sobre concursos e artigos de professores oferecendo cursos para concursos (pdf + videaulas) no site.\",\"publisher\":{\"@id\":\"https:\/\/www.estrategiaconcursos.com.br\/blog\/#organization\"},\"potentialAction\":[{\"@type\":\"SearchAction\",\"target\":{\"@type\":\"EntryPoint\",\"urlTemplate\":\"https:\/\/www.estrategiaconcursos.com.br\/blog\/?s={search_term_string}\"},\"query-input\":{\"@type\":\"PropertyValueSpecification\",\"valueRequired\":true,\"valueName\":\"search_term_string\"}}],\"inLanguage\":\"pt-BR\"},{\"@type\":\"Organization\",\"@id\":\"https:\/\/www.estrategiaconcursos.com.br\/blog\/#organization\",\"name\":\"Estrat\u00e9gia Concursos\",\"url\":\"https:\/\/www.estrategiaconcursos.com.br\/blog\/\",\"logo\":{\"@type\":\"ImageObject\",\"inLanguage\":\"pt-BR\",\"@id\":\"https:\/\/www.estrategiaconcursos.com.br\/blog\/#\/schema\/logo\/image\/\",\"url\":\"https:\/\/dhg1h5j42swfq.cloudfront.net\/2025\/06\/03203428\/logo_concursos-1.jpg\",\"contentUrl\":\"https:\/\/dhg1h5j42swfq.cloudfront.net\/2025\/06\/03203428\/logo_concursos-1.jpg\",\"width\":230,\"height\":60,\"caption\":\"Estrat\u00e9gia Concursos\"},\"image\":{\"@id\":\"https:\/\/www.estrategiaconcursos.com.br\/blog\/#\/schema\/logo\/image\/\"},\"sameAs\":[\"https:\/\/x.com\/EstratConcursos\"]},{\"@type\":\"Person\",\"@id\":\"https:\/\/www.estrategiaconcursos.com.br\/blog\/#\/schema\/person\/cc9e76173880338ce9f656c88664a1f6\",\"name\":\"Diogo Mendes\",\"image\":{\"@type\":\"ImageObject\",\"inLanguage\":\"pt-BR\",\"@id\":\"https:\/\/secure.gravatar.com\/avatar\/9754d6777d460a45ef4067b586b94c32005cc2345a0404b8d96adc620cf63806?s=96&d=mm&r=g\",\"url\":\"https:\/\/secure.gravatar.com\/avatar\/9754d6777d460a45ef4067b586b94c32005cc2345a0404b8d96adc620cf63806?s=96&d=mm&r=g\",\"contentUrl\":\"https:\/\/secure.gravatar.com\/avatar\/9754d6777d460a45ef4067b586b94c32005cc2345a0404b8d96adc620cf63806?s=96&d=mm&r=g\",\"caption\":\"Diogo Mendes\"},\"description\":\"Diogo Mendes \u00e9 jornalista formado pela Universidade Paulista, com experi\u00eancia em reda\u00e7\u00f5es de diversos ve\u00edculos e na produ\u00e7\u00e3o de conte\u00fados especializados em concursos p\u00fablicos. Desde 2019, atua no Estrat\u00e9gia Concursos como Jornalista e Analista de Conte\u00fado, com foco na apura\u00e7\u00e3o de informa\u00e7\u00f5es junto a \u00f3rg\u00e3os e fontes oficiais. Dedica-se especialmente \u00e0 produ\u00e7\u00e3o de not\u00edcias e reportagens sobre Concursos Legislativos, al\u00e9m de acompanhar diariamente os concursos policiais, banc\u00e1rios e da \u00e1rea da sa\u00fade.\",\"url\":\"https:\/\/www.estrategiaconcursos.com.br\/blog\/author\/diogo-mendesestrategiaconcursos-com-br\/\"}]}<\/script>\n<!-- \/ Yoast SEO Premium plugin. -->","yoast_head_json":{"title":"Edital IASES ES tem inscri\u00e7\u00f5es encerradas; 400 vagas","description":"Edital IASES ES: as oportunidades s\u00e3o de n\u00edvel m\u00e9dio de forma\u00e7\u00e3o para o cargo de Agente Socioeducativo. Inscri\u00e7\u00f5es encerradas!","robots":{"index":"index","follow":"follow","max-snippet":"max-snippet:-1","max-image-preview":"max-image-preview:large","max-video-preview":"max-video-preview:-1"},"canonical":"https:\/\/www.estrategiaconcursos.com.br\/blog\/concurso-iases-es-edital-publicado-2023\/","og_locale":"pt_BR","og_type":"article","og_title":"Edital IASES ES tem inscri\u00e7\u00f5es encerradas; 400 vagas","og_description":"Edital IASES ES: as oportunidades s\u00e3o de n\u00edvel m\u00e9dio de forma\u00e7\u00e3o para o cargo de Agente Socioeducativo. Inscri\u00e7\u00f5es encerradas!","og_url":"https:\/\/www.estrategiaconcursos.com.br\/blog\/concurso-iases-es-edital-publicado-2023\/","og_site_name":"Estrat\u00e9gia Concursos","article_published_time":"2023-01-16T12:36:00+00:00","article_modified_time":"2025-07-11T20:08:42+00:00","og_image":[{"width":768,"height":432,"url":"https:\/\/dhg1h5j42swfq.cloudfront.net\/2021\/07\/17110913\/iases-es.jpeg","type":"image\/jpeg"}],"author":"Diogo Mendes","twitter_card":"summary_large_image","twitter_creator":"@EstratConcursos","twitter_site":"@EstratConcursos","twitter_misc":{"Escrito por":"Diogo Mendes","Est. tempo de leitura":"3 minutos"},"schema":{"@context":"https:\/\/schema.org","@graph":[{"@type":"NewsArticle","@id":"https:\/\/www.estrategiaconcursos.com.br\/blog\/concurso-iases-es-edital-publicado-2023\/#article","isPartOf":{"@id":"https:\/\/www.estrategiaconcursos.com.br\/blog\/concurso-iases-es-edital-publicado-2023\/"},"author":{"name":"Diogo Mendes","@id":"https:\/\/www.estrategiaconcursos.com.br\/blog\/#\/schema\/person\/cc9e76173880338ce9f656c88664a1f6"},"headline":"Edital IASES ES tem inscri\u00e7\u00f5es encerradas; 400 vagas","datePublished":"2023-01-16T12:36:00+00:00","dateModified":"2025-07-11T20:08:42+00:00","mainEntityOfPage":{"@id":"https:\/\/www.estrategiaconcursos.com.br\/blog\/concurso-iases-es-edital-publicado-2023\/"},"wordCount":666,"commentCount":0,"publisher":{"@id":"https:\/\/www.estrategiaconcursos.com.br\/blog\/#organization"},"image":{"@id":"https:\/\/www.estrategiaconcursos.com.br\/blog\/concurso-iases-es-edital-publicado-2023\/#primaryimage"},"thumbnailUrl":"https:\/\/dhg1h5j42swfq.cloudfront.net\/2021\/07\/17110913\/iases-es.jpeg","articleSection":["Policial (Agente Penitenci\u00e1rio)","\u00daltimas not\u00edcias"],"inLanguage":"pt-BR","potentialAction":[{"@type":"CommentAction","name":"Comment","target":["https:\/\/www.estrategiaconcursos.com.br\/blog\/concurso-iases-es-edital-publicado-2023\/#respond"]}],"copyrightYear":"2023","copyrightHolder":{"@id":"https:\/\/www.estrategiaconcursos.com.br\/blog\/#organization"}},{"@type":"WebPage","@id":"https:\/\/www.estrategiaconcursos.com.br\/blog\/concurso-iases-es-edital-publicado-2023\/","url":"https:\/\/www.estrategiaconcursos.com.br\/blog\/concurso-iases-es-edital-publicado-2023\/","name":"Edital IASES ES tem inscri\u00e7\u00f5es encerradas; 400 vagas","isPartOf":{"@id":"https:\/\/www.estrategiaconcursos.com.br\/blog\/#website"},"primaryImageOfPage":{"@id":"https:\/\/www.estrategiaconcursos.com.br\/blog\/concurso-iases-es-edital-publicado-2023\/#primaryimage"},"image":{"@id":"https:\/\/www.estrategiaconcursos.com.br\/blog\/concurso-iases-es-edital-publicado-2023\/#primaryimage"},"thumbnailUrl":"https:\/\/dhg1h5j42swfq.cloudfront.net\/2021\/07\/17110913\/iases-es.jpeg","datePublished":"2023-01-16T12:36:00+00:00","dateModified":"2025-07-11T20:08:42+00:00","description":"Edital IASES ES: as oportunidades s\u00e3o de n\u00edvel m\u00e9dio de forma\u00e7\u00e3o para o cargo de Agente Socioeducativo. Inscri\u00e7\u00f5es encerradas!","breadcrumb":{"@id":"https:\/\/www.estrategiaconcursos.com.br\/blog\/concurso-iases-es-edital-publicado-2023\/#breadcrumb"},"inLanguage":"pt-BR","potentialAction":[{"@type":"ReadAction","target":["https:\/\/www.estrategiaconcursos.com.br\/blog\/concurso-iases-es-edital-publicado-2023\/"]}]},{"@type":"ImageObject","inLanguage":"pt-BR","@id":"https:\/\/www.estrategiaconcursos.com.br\/blog\/concurso-iases-es-edital-publicado-2023\/#primaryimage","url":"https:\/\/dhg1h5j42swfq.cloudfront.net\/2021\/07\/17110913\/iases-es.jpeg","contentUrl":"https:\/\/dhg1h5j42swfq.cloudfront.net\/2021\/07\/17110913\/iases-es.jpeg","width":768,"height":432,"caption":"iases"},{"@type":"BreadcrumbList","@id":"https:\/\/www.estrategiaconcursos.com.br\/blog\/concurso-iases-es-edital-publicado-2023\/#breadcrumb","itemListElement":[{"@type":"ListItem","position":1,"name":"In\u00edcio","item":"https:\/\/www.estrategiaconcursos.com.br\/blog\/"},{"@type":"ListItem","position":2,"name":"Edital IASES ES tem inscri\u00e7\u00f5es encerradas; 400 vagas"}]},{"@type":"WebSite","@id":"https:\/\/www.estrategiaconcursos.com.br\/blog\/#website","url":"https:\/\/www.estrategiaconcursos.com.br\/blog\/","name":"Estrat\u00e9gia Concursos","description":"O blog da Estrat\u00e9gia Concursos traz not\u00edcias sobre concursos e artigos de professores oferecendo cursos para concursos (pdf + videaulas) no site.","publisher":{"@id":"https:\/\/www.estrategiaconcursos.com.br\/blog\/#organization"},"potentialAction":[{"@type":"SearchAction","target":{"@type":"EntryPoint","urlTemplate":"https:\/\/www.estrategiaconcursos.com.br\/blog\/?s={search_term_string}"},"query-input":{"@type":"PropertyValueSpecification","valueRequired":true,"valueName":"search_term_string"}}],"inLanguage":"pt-BR"},{"@type":"Organization","@id":"https:\/\/www.estrategiaconcursos.com.br\/blog\/#organization","name":"Estrat\u00e9gia Concursos","url":"https:\/\/www.estrategiaconcursos.com.br\/blog\/","logo":{"@type":"ImageObject","inLanguage":"pt-BR","@id":"https:\/\/www.estrategiaconcursos.com.br\/blog\/#\/schema\/logo\/image\/","url":"https:\/\/dhg1h5j42swfq.cloudfront.net\/2025\/06\/03203428\/logo_concursos-1.jpg","contentUrl":"https:\/\/dhg1h5j42swfq.cloudfront.net\/2025\/06\/03203428\/logo_concursos-1.jpg","width":230,"height":60,"caption":"Estrat\u00e9gia Concursos"},"image":{"@id":"https:\/\/www.estrategiaconcursos.com.br\/blog\/#\/schema\/logo\/image\/"},"sameAs":["https:\/\/x.com\/EstratConcursos"]},{"@type":"Person","@id":"https:\/\/www.estrategiaconcursos.com.br\/blog\/#\/schema\/person\/cc9e76173880338ce9f656c88664a1f6","name":"Diogo Mendes","image":{"@type":"ImageObject","inLanguage":"pt-BR","@id":"https:\/\/secure.gravatar.com\/avatar\/9754d6777d460a45ef4067b586b94c32005cc2345a0404b8d96adc620cf63806?s=96&d=mm&r=g","url":"https:\/\/secure.gravatar.com\/avatar\/9754d6777d460a45ef4067b586b94c32005cc2345a0404b8d96adc620cf63806?s=96&d=mm&r=g","contentUrl":"https:\/\/secure.gravatar.com\/avatar\/9754d6777d460a45ef4067b586b94c32005cc2345a0404b8d96adc620cf63806?s=96&d=mm&r=g","caption":"Diogo Mendes"},"description":"Diogo Mendes \u00e9 jornalista formado pela Universidade Paulista, com experi\u00eancia em reda\u00e7\u00f5es de diversos ve\u00edculos e na produ\u00e7\u00e3o de conte\u00fados especializados em concursos p\u00fablicos. Desde 2019, atua no Estrat\u00e9gia Concursos como Jornalista e Analista de Conte\u00fado, com foco na apura\u00e7\u00e3o de informa\u00e7\u00f5es junto a \u00f3rg\u00e3os e fontes oficiais. Dedica-se especialmente \u00e0 produ\u00e7\u00e3o de not\u00edcias e reportagens sobre Concursos Legislativos, al\u00e9m de acompanhar diariamente os concursos policiais, banc\u00e1rios e da \u00e1rea da sa\u00fade.","url":"https:\/\/www.estrategiaconcursos.com.br\/blog\/author\/diogo-mendesestrategiaconcursos-com-br\/"}]}},"_links":{"self":[{"href":"https:\/\/www.estrategiaconcursos.com.br\/blog\/wp-json\/wp\/v2\/posts\/1102186","targetHints":{"allow":["GET"]}}],"collection":[{"href":"https:\/\/www.estrategiaconcursos.com.br\/blog\/wp-json\/wp\/v2\/posts"}],"about":[{"href":"https:\/\/www.estrategiaconcursos.com.br\/blog\/wp-json\/wp\/v2\/types\/post"}],"author":[{"embeddable":true,"href":"https:\/\/www.estrategiaconcursos.com.br\/blog\/wp-json\/wp\/v2\/users\/1483"}],"replies":[{"embeddable":true,"href":"https:\/\/www.estrategiaconcursos.com.br\/blog\/wp-json\/wp\/v2\/comments?post=1102186"}],"version-history":[{"count":14,"href":"https:\/\/www.estrategiaconcursos.com.br\/blog\/wp-json\/wp\/v2\/posts\/1102186\/revisions"}],"predecessor-version":[{"id":1177768,"href":"https:\/\/www.estrategiaconcursos.com.br\/blog\/wp-json\/wp\/v2\/posts\/1102186\/revisions\/1177768"}],"wp:featuredmedia":[{"embeddable":true,"href":"https:\/\/www.estrategiaconcursos.com.br\/blog\/wp-json\/wp\/v2\/media\/838305"}],"wp:attachment":[{"href":"https:\/\/www.estrategiaconcursos.com.br\/blog\/wp-json\/wp\/v2\/media?parent=1102186"}],"wp:term":[{"taxonomy":"category","embeddable":true,"href":"https:\/\/www.estrategiaconcursos.com.br\/blog\/wp-json\/wp\/v2\/categories?post=1102186"},{"taxonomy":"post_tag","embeddable":true,"href":"https:\/\/www.estrategiaconcursos.com.br\/blog\/wp-json\/wp\/v2\/tags?post=1102186"},{"taxonomy":"tax_estado","embeddable":true,"href":"https:\/\/www.estrategiaconcursos.com.br\/blog\/wp-json\/wp\/v2\/tax_estado?post=1102186"}],"curies":[{"name":"wp","href":"https:\/\/api.w.org\/{rel}","templated":true}]}}