{"id":1101826,"date":"2022-09-30T07:40:00","date_gmt":"2022-09-30T10:40:00","guid":{"rendered":"https:\/\/www.estrategiaconcursos.com.br\/blog\/?p=1101826"},"modified":"2023-03-02T15:31:15","modified_gmt":"2023-03-02T18:31:15","slug":"concurso-iss-marilia","status":"publish","type":"post","link":"https:\/\/www.estrategiaconcursos.com.br\/blog\/concurso-iss-marilia\/","title":{"rendered":"Concurso ISS Mar\u00edlia: EDITAL oferece inicial de at\u00e9 R$ 15,3 mil"},"content":{"rendered":"\n<p><strong>Voc\u00ea j\u00e1 se imaginou ganhando sal\u00e1rios iniciais de R$ 15.397,17, al\u00e9m de conquistar a t\u00e3o sonhada estabilidade, com benef\u00edcios e as vantagens de um servidor p\u00fablico<\/strong>? Pois bem, \u00e9 isso que o concurso ISS Mar\u00edlia oferece!<\/p>\n\n\n\n<p>Com edital publicado, a sele\u00e7\u00e3o contempla vagas para o cargo de fiscal de rendas, no qual exige n\u00edvel superior em Ci\u00eancias Cont\u00e1beis, Administra\u00e7\u00e3o de Empresas, Economia ou Direito.<\/p>\n\n\n\n<p>Os interessados em participar do concurso devem se inscrever entre os dias 10 de outubro e 10 de novembro, no site da banca organizadora, a <a href=\"https:\/\/www.vunesp.com.br\/\" target=\"_blank\" rel=\"noreferrer noopener\">Funda\u00e7\u00e3o Vunesp<\/a>. Al\u00e9m disso, ser\u00e1 necess\u00e1rio pagar o valor da taxa fixada em R$ 105,00.<\/p>\n\n\n\n<ul class=\"wp-block-list\">\n<li><strong>ISS Marilia &#8211; SP &#8211; Fiscal de Rendas<\/strong><\/li>\n\n\n\n<li><strong style=\"color: initial;\">Status:<\/strong><span style=\"color: initial;\">&nbsp;edital publicado<\/span><\/li>\n\n\n\n<li><strong>Banca:<\/strong>&nbsp;Vunesp<\/li>\n\n\n\n<li><strong>Vagas:&nbsp;<\/strong>02<\/li>\n\n\n\n<li><strong>Sal\u00e1rio inicial:<\/strong>&nbsp;R$ 3.402,69 + R$ 11.994,48<\/li>\n\n\n\n<li><strong>Edital:&nbsp;<\/strong><a href=\"https:\/\/documento.vunesp.com.br\/documento\/stream\/MzEwMDQwMw%3d%3d\" target=\"_blank\" rel=\"noreferrer noopener\">ISS Marilia <\/a><\/li>\n<\/ul>\n\n\n\n<p>A fim de te deixar sempre bem informado, elaboramos neste artigo as principais informa\u00e7\u00f5es e novidades sobre o concurso ISS Mar\u00edlia. Acompanhe os t\u00f3picos abaixo e n\u00e3o perca nenhum detalhe:<\/p>\n\n\n\n<ul class=\"wp-block-list\">\n<li><a href=\"#principais\">Principais datas<\/a><\/li>\n\n\n\n<li><a href=\"#cargos\">Cargos, vagas e sal\u00e1rios<\/a><\/li>\n\n\n\n<li><a href=\"#atribuicoes\">O que faz um fiscal?<\/a><\/li>\n\n\n\n<li><a href=\"#provas\">Prova objetiva <\/a><\/li>\n\n\n\n<li><a href=\"#relacao\">Rela\u00e7\u00e3o de cargos vagos\/ocupados<\/a><\/li>\n\n\n\n<li><a href=\"#cursos-assinatura\">Cursos\/assinaturas<\/a><\/li>\n\n\n\n<li><a href=\"#ficha\">Ficha T\u00e9cnica<\/a><\/li>\n<\/ul>\n\n\n\n<h2 class=\"wp-block-heading\"><a href=\"https:\/\/youtu.be\/MuoiutfcAxk\" target=\"_blank\" rel=\"noreferrer noopener\">An\u00e1lise de edital<\/a><\/h2>\n\n\n\n<h2 class=\"wp-block-heading\" id=\"principais\">Principais datas<\/h2>\n\n\n\n<p><strong>Inscri\u00e7\u00f5es<\/strong>: 10 de outubro a 10 de novembro<br \/><strong>Pagamento da taxa<\/strong>: at\u00e9 11 de novembro<br \/><strong>Isen\u00e7\u00e3o<\/strong> <strong>da taxa<\/strong>: 10 a 11 de outubro<br \/><strong>Provas<\/strong>: 05 de fevereiro de 2023<\/p>\n\n\n\n<h2 class=\"wp-block-heading\" id=\"cargos\">Concurso ISS Mar\u00edlia: cargos, vagas e sal\u00e1rios<\/h2>\n\n\n\n<p>Confira informa\u00e7\u00f5es acerca do cargo, distribui\u00e7\u00e3o de vagas, sal\u00e1rios, jornadas de trabalho e benef\u00edcios para a fun\u00e7\u00e3o de Fiscal de Rendas:<\/p>\n\n\n\n<ul class=\"wp-block-list\">\n<li><strong>Fiscal de Rendas<\/strong> 02 vagas &#8211; R$ 3.402,69 + pr\u00eamio de produtividade no valor m\u00e1ximo de R$ 11.994,48 (40 horas semanais)<\/li>\n<\/ul>\n\n\n\n<p>Vale destacar que ser\u00e3o disponibilizados aos novos servidores os seguintes benef\u00edcios:<\/p>\n\n\n\n<ul class=\"wp-block-list\">\n<li>Vale-alimenta\u00e7\u00e3o no valor mensal de R$ 550,00;<\/li>\n\n\n\n<li>Plano de sa\u00fade (cobertura de 25% por parte do Munic\u00edpio;<\/li>\n\n\n\n<li>Plano de Cargos, Carreiras e Vencimentos (Promo\u00e7\u00e3o por Qualifica\u00e7\u00e3o e Progress\u00e3o por m\u00e9rito);<\/li>\n\n\n\n<li>Faltas abonadas (direito de ausentar-se do servi\u00e7o sem desconto, at\u00e9 o limite de 6 dias por ano.<\/li>\n<\/ul>\n\n\n\n<h2 class=\"wp-block-heading\" id=\"atribuicoes\">Concurso ISS Mar\u00edlia: o que faz um Fiscal de Rendas?<\/h2>\n\n\n\n<p>De acordo com o edital de abertura do concurso ISS Mar\u00edlia, as principais fun\u00e7\u00f5es do cargo de Fiscal de Rendas s\u00e3o:<\/p>\n\n\n\n<ul class=\"wp-block-list\">\n<li>I- exercer as fun\u00e7\u00f5es relacionadas com a Dire\u00e7\u00e3o, Chefia e Assist\u00eancia Fiscal, relacionados \u00e0 Divis\u00e3o da Fiscaliza\u00e7\u00e3o de Rendas do Munic\u00edpio;<\/li>\n\n\n\n<li>II- em car\u00e1ter exclusivo, relativamente aos impostos, \u00e0s taxas e \u00e0s contribui\u00e7\u00f5es de compet\u00eancia do Munic\u00edpio de Mar\u00edlia, administradas pela Secretaria Municipal da Fazenda:\n<ul class=\"wp-block-list\">\n<li>a) constituir o cr\u00e9dito tribut\u00e1rio, mediante lan\u00e7amento, inclusive por emiss\u00e3o eletr\u00f4nica, proceder \u00e0 sua revis\u00e3o de of\u00edcio, homologar, aplicar as penalidades previstas na legisla\u00e7\u00e3o e proceder \u00e0 revis\u00e3o das declara\u00e7\u00f5es efetuadas pelo sujeito passivo;<\/li>\n\n\n\n<li>b) controlar, executar e aperfei\u00e7oar procedimentos de auditoria, dilig\u00eancia, per\u00edcia e fiscaliza\u00e7\u00e3o, objetivando verificar o cumprimento das obriga\u00e7\u00f5es tribut\u00e1rias do sujeito passivo, praticando todos os atos definidos na legisla\u00e7\u00e3o espec\u00edfica, inclusive os relativos \u00e0 busca e \u00e0 apreens\u00e3o de livros, documentos e assemelhados, no exerc\u00edcio de suas fun\u00e7\u00f5es;<\/li>\n\n\n\n<li>c) supervisionar o compartilhamento de cadastros e informa\u00e7\u00f5es fiscais com as demais administra\u00e7\u00f5es tribut\u00e1rias da Uni\u00e3o, dos Estados e de outros Munic\u00edpios, com o lan\u00e7amento do cr\u00e9dito tribut\u00e1rio de sua compet\u00eancia, mediante lei ou conv\u00eanio;<\/li>\n\n\n\n<li>d) autorizar e supervisionar o credenciamento de usu\u00e1rios de sistemas tribut\u00e1rios informatizados; entre outras<\/li>\n<\/ul>\n<\/li>\n<\/ul>\n\n\n\n<h2 class=\"wp-block-heading\" id=\"provas\">Concurso ISS Mar\u00edlia: prova objetiva<\/h2>\n\n\n\n<p>O concurso ISS Mar\u00edlia ser\u00e1 composto de uma \u00fanica etapa, sendo esta de prova objetiva. A avalia\u00e7\u00e3o, de car\u00e1ter eliminat\u00f3rio e classificat\u00f3rio, visa avaliar o grau de conhecimento te\u00f3rico do candidato necess\u00e1rio ao desempenho do respectivo cargo. Confira os detalhes:<\/p>\n\n\n\n<figure class=\"wp-block-image aligncenter size-full\"><img loading=\"lazy\" decoding=\"async\" width=\"735\" height=\"146\" src=\"https:\/\/dhg1h5j42swfq.cloudfront.net\/2022\/09\/28121124\/image-376.png\" alt=\"Concurso ISS Mar\u00edlia: prova objetiva\" class=\"wp-image-1101847\" srcset=\"https:\/\/dhg1h5j42swfq.cloudfront.net\/2022\/09\/28121124\/image-376.png 735w, https:\/\/dhg1h5j42swfq.cloudfront.net\/2022\/09\/28121124\/image-376-300x60.png 300w, https:\/\/dhg1h5j42swfq.cloudfront.net\/2022\/09\/28121124\/image-376-610x121.png 610w, https:\/\/dhg1h5j42swfq.cloudfront.net\/2022\/09\/28121124\/image-376-150x30.png 150w\" sizes=\"auto, (max-width: 735px) 100vw, 735px\" \/><\/figure>\n\n\n\n<figure class=\"wp-block-image aligncenter size-full\"><img loading=\"lazy\" decoding=\"async\" width=\"691\" height=\"137\" src=\"https:\/\/dhg1h5j42swfq.cloudfront.net\/2022\/09\/28121139\/image-377.png\" alt=\"Concurso ISS Mar\u00edlia: prova objetiva\" class=\"wp-image-1101848\" srcset=\"https:\/\/dhg1h5j42swfq.cloudfront.net\/2022\/09\/28121139\/image-377.png 691w, https:\/\/dhg1h5j42swfq.cloudfront.net\/2022\/09\/28121139\/image-377-300x59.png 300w, https:\/\/dhg1h5j42swfq.cloudfront.net\/2022\/09\/28121139\/image-377-610x121.png 610w, https:\/\/dhg1h5j42swfq.cloudfront.net\/2022\/09\/28121139\/image-377-150x30.png 150w\" sizes=\"auto, (max-width: 691px) 100vw, 691px\" \/><\/figure>\n\n\n\n<h2 class=\"wp-block-heading\" id=\"relacao\">Rela\u00e7\u00e3o de cargos vagos e ocupados para Fiscal de Rendas<\/h2>\n\n\n\n<p>Conforme a \u00faltima atualiza\u00e7\u00e3o realizada pela prefeitura de Mar\u00edlia, no dia 1\u00ba de setembro de 2022, atualmente, existem 20 vagas de Fiscal de Rendas dentro do \u00f3rg\u00e3o.<\/p>\n\n\n\n<p>Deste total, 11 est\u00e3o ocupadas por servidores em exerc\u00edcio, enquanto que outras 09 seguem com aus\u00eancia de m\u00e3o de obra ativa, ou seja, desocupadas. Abaixo \u00e9 poss\u00edvel conferir a tabela com os respectivos dados:<\/p>\n\n\n\n<figure class=\"wp-block-image aligncenter size-full is-resized\"><img loading=\"lazy\" decoding=\"async\" src=\"https:\/\/dhg1h5j42swfq.cloudfront.net\/2022\/09\/28135855\/image-380.png\" alt=\"\" class=\"wp-image-1101908\" width=\"646\" height=\"300\" srcset=\"https:\/\/dhg1h5j42swfq.cloudfront.net\/2022\/09\/28135855\/image-380.png 737w, https:\/\/dhg1h5j42swfq.cloudfront.net\/2022\/09\/28135855\/image-380-300x139.png 300w, https:\/\/dhg1h5j42swfq.cloudfront.net\/2022\/09\/28135855\/image-380-610x283.png 610w, https:\/\/dhg1h5j42swfq.cloudfront.net\/2022\/09\/28135855\/image-380-150x70.png 150w\" sizes=\"auto, (max-width: 646px) 100vw, 646px\" \/><\/figure>\n\n\n\n<h2 class=\"has-text-align-center wp-block-heading\" id=\"cursos-assinatura\"><em>Quer estudar para o concurso ISS Mar\u00edlia?<\/em><\/h2>\n\n\n\n<div class=\"container\" id=\"boxes\">\n  <div class=\"row\">\n\n    <div class=\"col-sm\">\n      <div class=\"banner-estrategia\" id=\"box-assinatura\">\n        <h3 class=\"titulo-assinatura\">Concurso Prefeitura de Mar\u00edlia<\/h3>\n        <p class=\"subtitulo-assinatura\">Conhe\u00e7a os cursos<\/p>\n        <div class=\"box-botao\">\n          <a class=\"btn-assinatura\" target=\"_blank\" href=\"https:\/\/www.estrategiaconcursos.com.br\/cursosPorConcurso\/prefeitura-de-marilia-sp\/\" role=\"button\" rel=\"noopener noreferrer\">Conhe\u00e7a mais<\/a>\n        <\/div>\n      <\/div>\n      <p class=\"texto-auxiliar\">Prepare-se com o melhor material e com quem mais aprova em Concursos P\u00fablicos em todo o pa\u00eds.<\/p>\n    <\/div>\n\n  <\/div>\n<\/div>\n\n\n\n<div class=\"container\" id=\"boxes\">\n  <div class=\"row\">\n\n    <div class=\"col-sm\">\n      <div class=\"estrategia\" id=\"box-assinatura\">\n        <h3 class=\"titulo-assinatura\">Assinatura Ilimitada<\/h3>\n        <p class=\"subtitulo-assinatura\">Assinatura Anual Ilimitada*<\/p>\n        <div class=\"box-botao\">\n          <a class=\"btn-assinatura\" target=\"_blank\" href=\"https:\/\/www.estrategiaconcursos.com.br\/assinaturas\/\" role=\"button\" rel=\"noopener noreferrer\">ASSINE AGORA<\/a>\n        <\/div>\n      <\/div>\n      <p class=\"texto-auxiliar\">Prepare-se com o melhor material e com quem mais aprova em Concursos P\u00fablicos em todo o pa\u00eds. Assine agora a nossa Assinatura Anual e tenha acesso ilimitado* a todos os nossos cursos.<\/p>\n    <\/div><\/div><\/div>\n\n\n\n<h2 class=\"has-text-align-center wp-block-heading\" id=\"h-quer-saber-tudo-sobre-concursos-previstos-confira-nossos-artigos\">Quer saber tudo sobre concursos previstos?<br \/>Confira nossos artigos!<\/h2>\n\n\n\n<ul class=\"wp-block-list\">\n<li><a href=\"https:\/\/www.estrategiaconcursos.com.br\/blog\/concursos-abertos\/\" target=\"_blank\" rel=\"noreferrer noopener\">Concursos abertos<\/a><\/li>\n\n\n\n<li><a href=\"https:\/\/www.estrategiaconcursos.com.br\/blog\/concursos-2022\/\" target=\"_blank\" rel=\"noreferrer noopener\">Concursos 2022<\/a><\/li>\n\n\n\n<li><a href=\"https:\/\/www.estrategiaconcursos.com.br\/blog\/concursos-2023\/\" target=\"_blank\" rel=\"noreferrer noopener\">Concursos 2023<\/a><\/li>\n<\/ul>\n\n\n\n<figure class=\"wp-block-image is-resized\"><img loading=\"lazy\" decoding=\"async\" src=\"https:\/\/dhg1h5j42swfq.cloudfront.net\/2021\/05\/27001950\/ficha-tecnica-1-1024x632-1-21.png\" alt=\"Ficha do concurso Sefaz ES\" class=\"wp-image-752712\" width=\"290\" height=\"179\" srcset=\"https:\/\/dhg1h5j42swfq.cloudfront.net\/2021\/05\/27001950\/ficha-tecnica-1-1024x632-1-21.png 1024w, https:\/\/dhg1h5j42swfq.cloudfront.net\/2021\/05\/27001950\/ficha-tecnica-1-1024x632-1-21-300x185.png 300w, https:\/\/dhg1h5j42swfq.cloudfront.net\/2021\/05\/27001950\/ficha-tecnica-1-1024x632-1-21-768x474.png 768w, https:\/\/dhg1h5j42swfq.cloudfront.net\/2021\/05\/27001950\/ficha-tecnica-1-1024x632-1-21-610x376.png 610w\" sizes=\"auto, (max-width: 290px) 100vw, 290px\" \/><\/figure>\n\n\n\n<h3 class=\"wp-block-heading\" id=\"ficha\">Informa\u00e7\u00f5es do concurso ISS Mar\u00edlia-SP<\/h3>\n\n\n\n<ul class=\"wp-block-list\">\n<li><strong>Provas<\/strong>: 05 de fevereiro de 2023<\/li>\n\n\n\n<li><strong>Vagas<\/strong>: 02<\/li>\n\n\n\n<li><strong>Cargo<\/strong>: Fiscal de Rendas<\/li>\n\n\n\n<li><strong>Banca<\/strong>: Vunesp<\/li>\n\n\n\n<li><strong>Escolaridade<\/strong>: n\u00edvel superior<\/li>\n\n\n\n<li><strong>Edital:&nbsp;<\/strong><a href=\"https:\/\/documento.vunesp.com.br\/documento\/stream\/MzEwMDQwMw%3d%3d\" target=\"_blank\" rel=\"noreferrer noopener\">ISS Mar\u00edlia<\/a><\/li>\n<\/ul>\n","protected":false},"excerpt":{"rendered":"<p>Voc\u00ea j\u00e1 se imaginou ganhando sal\u00e1rios iniciais de R$ 15.397,17, al\u00e9m de conquistar a t\u00e3o sonhada estabilidade, com benef\u00edcios e as vantagens de um servidor p\u00fablico? Pois bem, \u00e9 isso que o concurso ISS Mar\u00edlia oferece! Com edital publicado, a sele\u00e7\u00e3o contempla vagas para o cargo de fiscal de rendas, no qual exige n\u00edvel superior [&hellip;]<\/p>\n","protected":false},"author":656,"featured_media":1058490,"comment_status":"open","ping_status":"closed","sticky":false,"template":"","format":"standard","meta":{"post_tipo":"news","footnotes":""},"categories":[220183,220219],"tags":[],"tax_estado":[219989],"class_list":["post-1101826","post","type-post","status-publish","format-standard","has-post-thumbnail","hentry","category-fiscal-municipal","category-noticias","tax_estado-sp"],"acf":[],"yoast_head":"<!-- This site is optimized with the Yoast SEO Premium plugin v27.2 (Yoast SEO v27.2) - https:\/\/yoast.com\/product\/yoast-seo-premium-wordpress\/ -->\n<title>Concurso ISS Mar\u00edlia: EDITAL oferece inicial de at\u00e9 R$ 15,3 mil<\/title>\n<meta name=\"description\" content=\"Concurso ISS Mar\u00edlia: EDITAL oferece sal\u00e1rios iniciais R$ 3.402,69 + pr\u00eamio de produtividade no valor m\u00e1ximo de R$ 11.994,48.\" \/>\n<meta name=\"robots\" content=\"index, follow, max-snippet:-1, max-image-preview:large, max-video-preview:-1\" \/>\n<link rel=\"canonical\" href=\"https:\/\/www.estrategiaconcursos.com.br\/blog\/concurso-iss-marilia\/\" \/>\n<meta property=\"og:locale\" content=\"pt_BR\" \/>\n<meta property=\"og:type\" content=\"article\" \/>\n<meta property=\"og:title\" content=\"Concurso ISS Mar\u00edlia: EDITAL oferece inicial de at\u00e9 R$ 15,3 mil\" \/>\n<meta property=\"og:description\" content=\"Concurso ISS Mar\u00edlia: EDITAL oferece sal\u00e1rios iniciais R$ 3.402,69 + pr\u00eamio de produtividade no valor m\u00e1ximo de R$ 11.994,48.\" \/>\n<meta property=\"og:url\" content=\"https:\/\/www.estrategiaconcursos.com.br\/blog\/concurso-iss-marilia\/\" \/>\n<meta property=\"og:site_name\" content=\"Estrat\u00e9gia Concursos\" \/>\n<meta property=\"article:published_time\" content=\"2022-09-30T10:40:00+00:00\" \/>\n<meta property=\"article:modified_time\" content=\"2023-03-02T18:31:15+00:00\" \/>\n<meta property=\"og:image\" content=\"https:\/\/dhg1h5j42swfq.cloudfront.net\/2022\/07\/09123420\/saiu-edital-1-2-4.jpg\" \/>\n\t<meta property=\"og:image:width\" content=\"1200\" \/>\n\t<meta property=\"og:image:height\" content=\"628\" \/>\n\t<meta property=\"og:image:type\" content=\"image\/jpeg\" \/>\n<meta name=\"author\" content=\"F\u00e1bio Scaldelai\" \/>\n<meta name=\"twitter:card\" content=\"summary_large_image\" \/>\n<meta name=\"twitter:creator\" content=\"@EstratConcursos\" \/>\n<meta name=\"twitter:site\" content=\"@EstratConcursos\" \/>\n<meta name=\"twitter:label1\" content=\"Escrito por\" \/>\n\t<meta name=\"twitter:data1\" content=\"F\u00e1bio Scaldelai\" \/>\n\t<meta name=\"twitter:label2\" content=\"Est. tempo de leitura\" \/>\n\t<meta name=\"twitter:data2\" content=\"4 minutos\" \/>\n<script type=\"application\/ld+json\" class=\"yoast-schema-graph\">{\"@context\":\"https:\/\/schema.org\",\"@graph\":[{\"@type\":\"NewsArticle\",\"@id\":\"https:\/\/www.estrategiaconcursos.com.br\/blog\/concurso-iss-marilia\/#article\",\"isPartOf\":{\"@id\":\"https:\/\/www.estrategiaconcursos.com.br\/blog\/concurso-iss-marilia\/\"},\"author\":{\"name\":\"F\u00e1bio Scaldelai\",\"@id\":\"https:\/\/www.estrategiaconcursos.com.br\/blog\/#\/schema\/person\/e3b6b7ce0192dd4ad270655969d61750\"},\"headline\":\"Concurso ISS Mar\u00edlia: EDITAL oferece inicial de at\u00e9 R$ 15,3 mil\",\"datePublished\":\"2022-09-30T10:40:00+00:00\",\"dateModified\":\"2023-03-02T18:31:15+00:00\",\"mainEntityOfPage\":{\"@id\":\"https:\/\/www.estrategiaconcursos.com.br\/blog\/concurso-iss-marilia\/\"},\"wordCount\":855,\"commentCount\":0,\"publisher\":{\"@id\":\"https:\/\/www.estrategiaconcursos.com.br\/blog\/#organization\"},\"image\":{\"@id\":\"https:\/\/www.estrategiaconcursos.com.br\/blog\/concurso-iss-marilia\/#primaryimage\"},\"thumbnailUrl\":\"https:\/\/dhg1h5j42swfq.cloudfront.net\/2022\/07\/09123420\/saiu-edital-1-2-4.jpg\",\"articleSection\":[\"Fiscal - Municipal (ISS)\",\"\u00daltimas not\u00edcias\"],\"inLanguage\":\"pt-BR\",\"potentialAction\":[{\"@type\":\"CommentAction\",\"name\":\"Comment\",\"target\":[\"https:\/\/www.estrategiaconcursos.com.br\/blog\/concurso-iss-marilia\/#respond\"]}],\"copyrightYear\":\"2022\",\"copyrightHolder\":{\"@id\":\"https:\/\/www.estrategiaconcursos.com.br\/blog\/#organization\"}},{\"@type\":\"WebPage\",\"@id\":\"https:\/\/www.estrategiaconcursos.com.br\/blog\/concurso-iss-marilia\/\",\"url\":\"https:\/\/www.estrategiaconcursos.com.br\/blog\/concurso-iss-marilia\/\",\"name\":\"Concurso ISS Mar\u00edlia: EDITAL oferece inicial de at\u00e9 R$ 15,3 mil\",\"isPartOf\":{\"@id\":\"https:\/\/www.estrategiaconcursos.com.br\/blog\/#website\"},\"primaryImageOfPage\":{\"@id\":\"https:\/\/www.estrategiaconcursos.com.br\/blog\/concurso-iss-marilia\/#primaryimage\"},\"image\":{\"@id\":\"https:\/\/www.estrategiaconcursos.com.br\/blog\/concurso-iss-marilia\/#primaryimage\"},\"thumbnailUrl\":\"https:\/\/dhg1h5j42swfq.cloudfront.net\/2022\/07\/09123420\/saiu-edital-1-2-4.jpg\",\"datePublished\":\"2022-09-30T10:40:00+00:00\",\"dateModified\":\"2023-03-02T18:31:15+00:00\",\"description\":\"Concurso ISS Mar\u00edlia: EDITAL oferece sal\u00e1rios iniciais R$ 3.402,69 + pr\u00eamio de produtividade no valor m\u00e1ximo de R$ 11.994,48.\",\"breadcrumb\":{\"@id\":\"https:\/\/www.estrategiaconcursos.com.br\/blog\/concurso-iss-marilia\/#breadcrumb\"},\"inLanguage\":\"pt-BR\",\"potentialAction\":[{\"@type\":\"ReadAction\",\"target\":[\"https:\/\/www.estrategiaconcursos.com.br\/blog\/concurso-iss-marilia\/\"]}]},{\"@type\":\"ImageObject\",\"inLanguage\":\"pt-BR\",\"@id\":\"https:\/\/www.estrategiaconcursos.com.br\/blog\/concurso-iss-marilia\/#primaryimage\",\"url\":\"https:\/\/dhg1h5j42swfq.cloudfront.net\/2022\/07\/09123420\/saiu-edital-1-2-4.jpg\",\"contentUrl\":\"https:\/\/dhg1h5j42swfq.cloudfront.net\/2022\/07\/09123420\/saiu-edital-1-2-4.jpg\",\"width\":1200,\"height\":628,\"caption\":\"Concurso ISS Senador Canedo\"},{\"@type\":\"BreadcrumbList\",\"@id\":\"https:\/\/www.estrategiaconcursos.com.br\/blog\/concurso-iss-marilia\/#breadcrumb\",\"itemListElement\":[{\"@type\":\"ListItem\",\"position\":1,\"name\":\"In\u00edcio\",\"item\":\"https:\/\/www.estrategiaconcursos.com.br\/blog\/\"},{\"@type\":\"ListItem\",\"position\":2,\"name\":\"Concurso ISS Mar\u00edlia: EDITAL oferece inicial de at\u00e9 R$ 15,3 mil\"}]},{\"@type\":\"WebSite\",\"@id\":\"https:\/\/www.estrategiaconcursos.com.br\/blog\/#website\",\"url\":\"https:\/\/www.estrategiaconcursos.com.br\/blog\/\",\"name\":\"Estrat\u00e9gia Concursos\",\"description\":\"O blog da Estrat\u00e9gia Concursos traz not\u00edcias sobre concursos e artigos de professores oferecendo cursos para concursos (pdf + videaulas) no site.\",\"publisher\":{\"@id\":\"https:\/\/www.estrategiaconcursos.com.br\/blog\/#organization\"},\"potentialAction\":[{\"@type\":\"SearchAction\",\"target\":{\"@type\":\"EntryPoint\",\"urlTemplate\":\"https:\/\/www.estrategiaconcursos.com.br\/blog\/?s={search_term_string}\"},\"query-input\":{\"@type\":\"PropertyValueSpecification\",\"valueRequired\":true,\"valueName\":\"search_term_string\"}}],\"inLanguage\":\"pt-BR\"},{\"@type\":\"Organization\",\"@id\":\"https:\/\/www.estrategiaconcursos.com.br\/blog\/#organization\",\"name\":\"Estrat\u00e9gia Concursos\",\"url\":\"https:\/\/www.estrategiaconcursos.com.br\/blog\/\",\"logo\":{\"@type\":\"ImageObject\",\"inLanguage\":\"pt-BR\",\"@id\":\"https:\/\/www.estrategiaconcursos.com.br\/blog\/#\/schema\/logo\/image\/\",\"url\":\"https:\/\/dhg1h5j42swfq.cloudfront.net\/2025\/06\/03203428\/logo_concursos-1.jpg\",\"contentUrl\":\"https:\/\/dhg1h5j42swfq.cloudfront.net\/2025\/06\/03203428\/logo_concursos-1.jpg\",\"width\":230,\"height\":60,\"caption\":\"Estrat\u00e9gia Concursos\"},\"image\":{\"@id\":\"https:\/\/www.estrategiaconcursos.com.br\/blog\/#\/schema\/logo\/image\/\"},\"sameAs\":[\"https:\/\/x.com\/EstratConcursos\"]},{\"@type\":\"Person\",\"@id\":\"https:\/\/www.estrategiaconcursos.com.br\/blog\/#\/schema\/person\/e3b6b7ce0192dd4ad270655969d61750\",\"name\":\"F\u00e1bio Scaldelai\",\"image\":{\"@type\":\"ImageObject\",\"inLanguage\":\"pt-BR\",\"@id\":\"https:\/\/secure.gravatar.com\/avatar\/8ed7492c4d88d8495bc0cb24cda6847b8ae23eec459a919e08e77d0ca0fd79ec?s=96&d=mm&r=g\",\"url\":\"https:\/\/secure.gravatar.com\/avatar\/8ed7492c4d88d8495bc0cb24cda6847b8ae23eec459a919e08e77d0ca0fd79ec?s=96&d=mm&r=g\",\"contentUrl\":\"https:\/\/secure.gravatar.com\/avatar\/8ed7492c4d88d8495bc0cb24cda6847b8ae23eec459a919e08e77d0ca0fd79ec?s=96&d=mm&r=g\",\"caption\":\"F\u00e1bio Scaldelai\"},\"description\":\"Jornalista no Estrat\u00e9gia Concursos e Produtor de Televis\u00e3o, formado em Jornalismo, R\u00e1dio e TV pela Faculdade Integrada Rio Branco, com especializa\u00e7\u00f5es em Gest\u00e3o Empresarial e Marketing pelo M\u00f3dulo. Atuou como produtor no SBT, TV Bandeirantes e R\u00e1dio Band FM, al\u00e9m de acumular tr\u00eas anos de experi\u00eancia no setor de concursos p\u00fablicos pela LFG (Luiz Fl\u00e1vio Gomes). No Estrat\u00e9gia Concursos, atua na apura\u00e7\u00e3o de not\u00edcias da \u00e1rea fiscal, al\u00e9m de coberturas sobre concursos das \u00e1reas de controle (TCU, TCE, etc), concurso AFT, \u00e1rea de gest\u00e3o e administrativa, bem como dos \u00f3rg\u00e3os participantes do CNU. Tamb\u00e9m possui experi\u00eancia em link building e an\u00e1lise de m\u00eddia, adquirida durante sua atua\u00e7\u00e3o na ag\u00eancia SEO Marketing.\",\"url\":\"https:\/\/www.estrategiaconcursos.com.br\/blog\/author\/fabio-scaldelaiestrategiaconcursos-com-br\/\"}]}<\/script>\n<!-- \/ Yoast SEO Premium plugin. -->","yoast_head_json":{"title":"Concurso ISS Mar\u00edlia: EDITAL oferece inicial de at\u00e9 R$ 15,3 mil","description":"Concurso ISS Mar\u00edlia: EDITAL oferece sal\u00e1rios iniciais R$ 3.402,69 + pr\u00eamio de produtividade no valor m\u00e1ximo de R$ 11.994,48.","robots":{"index":"index","follow":"follow","max-snippet":"max-snippet:-1","max-image-preview":"max-image-preview:large","max-video-preview":"max-video-preview:-1"},"canonical":"https:\/\/www.estrategiaconcursos.com.br\/blog\/concurso-iss-marilia\/","og_locale":"pt_BR","og_type":"article","og_title":"Concurso ISS Mar\u00edlia: EDITAL oferece inicial de at\u00e9 R$ 15,3 mil","og_description":"Concurso ISS Mar\u00edlia: EDITAL oferece sal\u00e1rios iniciais R$ 3.402,69 + pr\u00eamio de produtividade no valor m\u00e1ximo de R$ 11.994,48.","og_url":"https:\/\/www.estrategiaconcursos.com.br\/blog\/concurso-iss-marilia\/","og_site_name":"Estrat\u00e9gia Concursos","article_published_time":"2022-09-30T10:40:00+00:00","article_modified_time":"2023-03-02T18:31:15+00:00","og_image":[{"width":1200,"height":628,"url":"https:\/\/dhg1h5j42swfq.cloudfront.net\/2022\/07\/09123420\/saiu-edital-1-2-4.jpg","type":"image\/jpeg"}],"author":"F\u00e1bio Scaldelai","twitter_card":"summary_large_image","twitter_creator":"@EstratConcursos","twitter_site":"@EstratConcursos","twitter_misc":{"Escrito por":"F\u00e1bio Scaldelai","Est. tempo de leitura":"4 minutos"},"schema":{"@context":"https:\/\/schema.org","@graph":[{"@type":"NewsArticle","@id":"https:\/\/www.estrategiaconcursos.com.br\/blog\/concurso-iss-marilia\/#article","isPartOf":{"@id":"https:\/\/www.estrategiaconcursos.com.br\/blog\/concurso-iss-marilia\/"},"author":{"name":"F\u00e1bio Scaldelai","@id":"https:\/\/www.estrategiaconcursos.com.br\/blog\/#\/schema\/person\/e3b6b7ce0192dd4ad270655969d61750"},"headline":"Concurso ISS Mar\u00edlia: EDITAL oferece inicial de at\u00e9 R$ 15,3 mil","datePublished":"2022-09-30T10:40:00+00:00","dateModified":"2023-03-02T18:31:15+00:00","mainEntityOfPage":{"@id":"https:\/\/www.estrategiaconcursos.com.br\/blog\/concurso-iss-marilia\/"},"wordCount":855,"commentCount":0,"publisher":{"@id":"https:\/\/www.estrategiaconcursos.com.br\/blog\/#organization"},"image":{"@id":"https:\/\/www.estrategiaconcursos.com.br\/blog\/concurso-iss-marilia\/#primaryimage"},"thumbnailUrl":"https:\/\/dhg1h5j42swfq.cloudfront.net\/2022\/07\/09123420\/saiu-edital-1-2-4.jpg","articleSection":["Fiscal - Municipal (ISS)","\u00daltimas not\u00edcias"],"inLanguage":"pt-BR","potentialAction":[{"@type":"CommentAction","name":"Comment","target":["https:\/\/www.estrategiaconcursos.com.br\/blog\/concurso-iss-marilia\/#respond"]}],"copyrightYear":"2022","copyrightHolder":{"@id":"https:\/\/www.estrategiaconcursos.com.br\/blog\/#organization"}},{"@type":"WebPage","@id":"https:\/\/www.estrategiaconcursos.com.br\/blog\/concurso-iss-marilia\/","url":"https:\/\/www.estrategiaconcursos.com.br\/blog\/concurso-iss-marilia\/","name":"Concurso ISS Mar\u00edlia: EDITAL oferece inicial de at\u00e9 R$ 15,3 mil","isPartOf":{"@id":"https:\/\/www.estrategiaconcursos.com.br\/blog\/#website"},"primaryImageOfPage":{"@id":"https:\/\/www.estrategiaconcursos.com.br\/blog\/concurso-iss-marilia\/#primaryimage"},"image":{"@id":"https:\/\/www.estrategiaconcursos.com.br\/blog\/concurso-iss-marilia\/#primaryimage"},"thumbnailUrl":"https:\/\/dhg1h5j42swfq.cloudfront.net\/2022\/07\/09123420\/saiu-edital-1-2-4.jpg","datePublished":"2022-09-30T10:40:00+00:00","dateModified":"2023-03-02T18:31:15+00:00","description":"Concurso ISS Mar\u00edlia: EDITAL oferece sal\u00e1rios iniciais R$ 3.402,69 + pr\u00eamio de produtividade no valor m\u00e1ximo de R$ 11.994,48.","breadcrumb":{"@id":"https:\/\/www.estrategiaconcursos.com.br\/blog\/concurso-iss-marilia\/#breadcrumb"},"inLanguage":"pt-BR","potentialAction":[{"@type":"ReadAction","target":["https:\/\/www.estrategiaconcursos.com.br\/blog\/concurso-iss-marilia\/"]}]},{"@type":"ImageObject","inLanguage":"pt-BR","@id":"https:\/\/www.estrategiaconcursos.com.br\/blog\/concurso-iss-marilia\/#primaryimage","url":"https:\/\/dhg1h5j42swfq.cloudfront.net\/2022\/07\/09123420\/saiu-edital-1-2-4.jpg","contentUrl":"https:\/\/dhg1h5j42swfq.cloudfront.net\/2022\/07\/09123420\/saiu-edital-1-2-4.jpg","width":1200,"height":628,"caption":"Concurso ISS Senador Canedo"},{"@type":"BreadcrumbList","@id":"https:\/\/www.estrategiaconcursos.com.br\/blog\/concurso-iss-marilia\/#breadcrumb","itemListElement":[{"@type":"ListItem","position":1,"name":"In\u00edcio","item":"https:\/\/www.estrategiaconcursos.com.br\/blog\/"},{"@type":"ListItem","position":2,"name":"Concurso ISS Mar\u00edlia: EDITAL oferece inicial de at\u00e9 R$ 15,3 mil"}]},{"@type":"WebSite","@id":"https:\/\/www.estrategiaconcursos.com.br\/blog\/#website","url":"https:\/\/www.estrategiaconcursos.com.br\/blog\/","name":"Estrat\u00e9gia Concursos","description":"O blog da Estrat\u00e9gia Concursos traz not\u00edcias sobre concursos e artigos de professores oferecendo cursos para concursos (pdf + videaulas) no site.","publisher":{"@id":"https:\/\/www.estrategiaconcursos.com.br\/blog\/#organization"},"potentialAction":[{"@type":"SearchAction","target":{"@type":"EntryPoint","urlTemplate":"https:\/\/www.estrategiaconcursos.com.br\/blog\/?s={search_term_string}"},"query-input":{"@type":"PropertyValueSpecification","valueRequired":true,"valueName":"search_term_string"}}],"inLanguage":"pt-BR"},{"@type":"Organization","@id":"https:\/\/www.estrategiaconcursos.com.br\/blog\/#organization","name":"Estrat\u00e9gia Concursos","url":"https:\/\/www.estrategiaconcursos.com.br\/blog\/","logo":{"@type":"ImageObject","inLanguage":"pt-BR","@id":"https:\/\/www.estrategiaconcursos.com.br\/blog\/#\/schema\/logo\/image\/","url":"https:\/\/dhg1h5j42swfq.cloudfront.net\/2025\/06\/03203428\/logo_concursos-1.jpg","contentUrl":"https:\/\/dhg1h5j42swfq.cloudfront.net\/2025\/06\/03203428\/logo_concursos-1.jpg","width":230,"height":60,"caption":"Estrat\u00e9gia Concursos"},"image":{"@id":"https:\/\/www.estrategiaconcursos.com.br\/blog\/#\/schema\/logo\/image\/"},"sameAs":["https:\/\/x.com\/EstratConcursos"]},{"@type":"Person","@id":"https:\/\/www.estrategiaconcursos.com.br\/blog\/#\/schema\/person\/e3b6b7ce0192dd4ad270655969d61750","name":"F\u00e1bio Scaldelai","image":{"@type":"ImageObject","inLanguage":"pt-BR","@id":"https:\/\/secure.gravatar.com\/avatar\/8ed7492c4d88d8495bc0cb24cda6847b8ae23eec459a919e08e77d0ca0fd79ec?s=96&d=mm&r=g","url":"https:\/\/secure.gravatar.com\/avatar\/8ed7492c4d88d8495bc0cb24cda6847b8ae23eec459a919e08e77d0ca0fd79ec?s=96&d=mm&r=g","contentUrl":"https:\/\/secure.gravatar.com\/avatar\/8ed7492c4d88d8495bc0cb24cda6847b8ae23eec459a919e08e77d0ca0fd79ec?s=96&d=mm&r=g","caption":"F\u00e1bio Scaldelai"},"description":"Jornalista no Estrat\u00e9gia Concursos e Produtor de Televis\u00e3o, formado em Jornalismo, R\u00e1dio e TV pela Faculdade Integrada Rio Branco, com especializa\u00e7\u00f5es em Gest\u00e3o Empresarial e Marketing pelo M\u00f3dulo. Atuou como produtor no SBT, TV Bandeirantes e R\u00e1dio Band FM, al\u00e9m de acumular tr\u00eas anos de experi\u00eancia no setor de concursos p\u00fablicos pela LFG (Luiz Fl\u00e1vio Gomes). No Estrat\u00e9gia Concursos, atua na apura\u00e7\u00e3o de not\u00edcias da \u00e1rea fiscal, al\u00e9m de coberturas sobre concursos das \u00e1reas de controle (TCU, TCE, etc), concurso AFT, \u00e1rea de gest\u00e3o e administrativa, bem como dos \u00f3rg\u00e3os participantes do CNU. Tamb\u00e9m possui experi\u00eancia em link building e an\u00e1lise de m\u00eddia, adquirida durante sua atua\u00e7\u00e3o na ag\u00eancia SEO Marketing.","url":"https:\/\/www.estrategiaconcursos.com.br\/blog\/author\/fabio-scaldelaiestrategiaconcursos-com-br\/"}]}},"_links":{"self":[{"href":"https:\/\/www.estrategiaconcursos.com.br\/blog\/wp-json\/wp\/v2\/posts\/1101826","targetHints":{"allow":["GET"]}}],"collection":[{"href":"https:\/\/www.estrategiaconcursos.com.br\/blog\/wp-json\/wp\/v2\/posts"}],"about":[{"href":"https:\/\/www.estrategiaconcursos.com.br\/blog\/wp-json\/wp\/v2\/types\/post"}],"author":[{"embeddable":true,"href":"https:\/\/www.estrategiaconcursos.com.br\/blog\/wp-json\/wp\/v2\/users\/656"}],"replies":[{"embeddable":true,"href":"https:\/\/www.estrategiaconcursos.com.br\/blog\/wp-json\/wp\/v2\/comments?post=1101826"}],"version-history":[{"count":25,"href":"https:\/\/www.estrategiaconcursos.com.br\/blog\/wp-json\/wp\/v2\/posts\/1101826\/revisions"}],"predecessor-version":[{"id":1180429,"href":"https:\/\/www.estrategiaconcursos.com.br\/blog\/wp-json\/wp\/v2\/posts\/1101826\/revisions\/1180429"}],"wp:featuredmedia":[{"embeddable":true,"href":"https:\/\/www.estrategiaconcursos.com.br\/blog\/wp-json\/wp\/v2\/media\/1058490"}],"wp:attachment":[{"href":"https:\/\/www.estrategiaconcursos.com.br\/blog\/wp-json\/wp\/v2\/media?parent=1101826"}],"wp:term":[{"taxonomy":"category","embeddable":true,"href":"https:\/\/www.estrategiaconcursos.com.br\/blog\/wp-json\/wp\/v2\/categories?post=1101826"},{"taxonomy":"post_tag","embeddable":true,"href":"https:\/\/www.estrategiaconcursos.com.br\/blog\/wp-json\/wp\/v2\/tags?post=1101826"},{"taxonomy":"tax_estado","embeddable":true,"href":"https:\/\/www.estrategiaconcursos.com.br\/blog\/wp-json\/wp\/v2\/tax_estado?post=1101826"}],"curies":[{"name":"wp","href":"https:\/\/api.w.org\/{rel}","templated":true}]}}