{"id":1101744,"date":"2022-09-28T09:50:03","date_gmt":"2022-09-28T12:50:03","guid":{"rendered":"https:\/\/www.estrategiaconcursos.com.br\/blog\/?p=1101744"},"modified":"2022-09-28T10:07:28","modified_gmt":"2022-09-28T13:07:28","slug":"concurso-mp-sp-equipes-designadas-para-novos-editais","status":"publish","type":"post","link":"https:\/\/www.estrategiaconcursos.com.br\/blog\/concurso-mp-sp-equipes-designadas-para-novos-editais\/","title":{"rendered":"Concurso MP SP: equipes designadas para os novos editais"},"content":{"rendered":"\n<p>O <strong>concurso MP SP<\/strong> est\u00e1 com as equipes multiprofissionais designadas. A informa\u00e7\u00e3o consta no Di\u00e1rio do <a href=\"https:\/\/www.estrategiaconcursos.com.br\/cursosPorConcurso\/ministerio-publico-de-sao-paulo-mp-sp\/\" target=\"_blank\" rel=\"noreferrer noopener\">Minist\u00e9rio P\u00fablico de Estado de S\u00e3o Paulo<\/a> desta quarta-feira, 28 de setembro. <\/p>\n\n\n\n<p>O<strong> edital MP SP<\/strong> ser\u00e1 para os seguintes cargos:<\/p>\n\n\n\n<ul class=\"wp-block-list\"><li>Oficial de Promotoria I, pertencente ao Quadro de Pessoal do Minist\u00e9rio P\u00fablico, nos \u00d3rg\u00e3os e Unidades Administrativas da Capital e Grande S\u00e3o Paulo e \u00c1reas Regionais do Litoral e Interior;<\/li><\/ul>\n\n\n\n<ul class=\"wp-block-list\"><li>Analista de Promotoria I (V\u00e1rias Especialidades) &#8211; \u00c1rea de Sa\u00fade e Assist\u00eancia Social, destinados<br \/>os \u00d3rg\u00e3os e Unidades Administrativas da Capital e Grande S\u00e3o Paulo; e,<\/li><\/ul>\n\n\n\n<ul class=\"wp-block-list\"><li>Analista T\u00e9cnico Cientifico do Minist\u00e9rio P\u00fablico, pertencente ao Quadro de Pessoal do Minist\u00e9rio P\u00fablico, nas especialidades Fonoaudi\u00f3logo, Engenheiro Ambiental e Engenheiro Eletricista, destinados \u00e0s Macrorregi\u00f5es I, II, IV e V do Minist\u00e9rio P\u00fablico.<br \/><br \/>A Funda\u00e7\u00e3o Get\u00falio Vargas (<strong>FGV)<\/strong> organizar\u00e1 o <strong>concurso p\u00fablico<\/strong>. <\/li><\/ul>\n\n\n\n<h2 class=\"wp-block-heading\">Concurso MP SP: equipes designadas <\/h2>\n\n\n\n<p>Confira trecho do documento: <\/p>\n\n\n\n<figure class=\"wp-block-image size-large\"><img loading=\"lazy\" decoding=\"async\" width=\"1024\" height=\"519\" src=\"https:\/\/dhg1h5j42swfq.cloudfront.net\/2022\/09\/28095233\/captura-de-tela-2022-09-28-as-09-36-29-1024x519.png\" alt=\"Concurso MP SP: equipes designadas \" class=\"wp-image-1101760\" srcset=\"https:\/\/dhg1h5j42swfq.cloudfront.net\/2022\/09\/28095233\/captura-de-tela-2022-09-28-as-09-36-29-1024x519.png 1024w, https:\/\/dhg1h5j42swfq.cloudfront.net\/2022\/09\/28095233\/captura-de-tela-2022-09-28-as-09-36-29-300x152.png 300w, https:\/\/dhg1h5j42swfq.cloudfront.net\/2022\/09\/28095233\/captura-de-tela-2022-09-28-as-09-36-29-768x390.png 768w, https:\/\/dhg1h5j42swfq.cloudfront.net\/2022\/09\/28095233\/captura-de-tela-2022-09-28-as-09-36-29-1536x779.png 1536w, https:\/\/dhg1h5j42swfq.cloudfront.net\/2022\/09\/28095233\/captura-de-tela-2022-09-28-as-09-36-29-2048x1039.png 2048w, https:\/\/dhg1h5j42swfq.cloudfront.net\/2022\/09\/28095233\/captura-de-tela-2022-09-28-as-09-36-29-610x309.png 610w, https:\/\/dhg1h5j42swfq.cloudfront.net\/2022\/09\/28095233\/captura-de-tela-2022-09-28-as-09-36-29-150x76.png 150w\" sizes=\"auto, (max-width: 1024px) 100vw, 1024px\" \/><figcaption>Concurso MP SP: equipes designadas <\/figcaption><\/figure>\n\n\n\n<p>Os grupos s\u00e3o formados pelos seguintes componentes:<\/p>\n\n\n\n<ul class=\"wp-block-list\"><li><strong>Comiss\u00e3o Oficial de Promotoria I \/\/ Analista de Promotoria I \/\/ Analista T\u00e9cnico Cient\u00edfico<\/strong><ul><li>Sandra Lucia Garcia Massud (coordenadora);<\/li><li>Michel Dracoulakis<\/li><li>Christina Fornazari Ubari Guimar\u00e3es<\/li><li>Giuliano Savioli Deliberador<\/li><li>F\u00e1bio Fernando Ruiz Hajnal<\/li><\/ul><\/li><li><strong>Suplentes<\/strong><ul><li>Fernanda Dolce<\/li><li>Jacques Jos\u00e9 Gomes de Souza<\/li><li>Dagmar Menichetti<\/li><li>Paulo David Louren\u00e7o de Oliveira<\/li><li>Aur\u00e9lio de Lima Freire Batista.<\/li><\/ul><\/li><\/ul>\n\n\n\n<p class=\"has-text-align-center\"><a href=\"https:\/\/dhg1h5j42swfq.cloudfront.net\/2022\/09\/28094836\/diariooficial-2022-09-28t093913-469.pdf\" target=\"_blank\" rel=\"noreferrer noopener nofollow\">Confira aqui o documento na \u00edntegra<\/a>! <\/p>\n\n\n\n<h2 class=\"wp-block-heading\">O que s\u00e3o equipes multiprofissionais?<\/h2>\n\n\n\n<p>De acordo com <a href=\"https:\/\/www.cnmp.mp.br\/portal\/images\/Resolucoes\/2021\/Resoluo-n-240-2021.pdf\" target=\"_blank\" rel=\"noreferrer noopener\">Conselho Nacional do Minist\u00e9rio P\u00fablico<\/a> a Equipe Multiprofissional tem como objetivo prestar assist\u00eancia ao<strong> Concurso P\u00fablico <\/strong>nas diferentes fases do certame, do curso de forma\u00e7\u00e3o e do est\u00e1gio probat\u00f3rio, respectivamente, manifestando-se sobre:<\/p>\n\n\n\n<ul class=\"wp-block-list\"><li>&#8220;As informa\u00e7\u00f5es prestadas pelo candidato no ato da inscri\u00e7\u00e3o quanto:<ul><li>Se a defici\u00eancia do candidato autoriza-o a uma vaga reservada, segundo o<br \/>conceito legal de defici\u00eancia;<\/li><li>Se o instrumento de avalia\u00e7\u00e3o da defici\u00eancia apresentado pelo candidato \u00e9<br \/>eficaz, segundo a norma comprovadora da defici\u00eancia;<\/li><li>Os requerimentos de acessibilidade para a realiza\u00e7\u00e3o da prova;<\/li><li>A adequada disponibiliza\u00e7\u00e3o das tecnologias assistivas e a possibilidade de uso pelo candidato de equipamentos ou outros meios que habitualmente utilize;<\/li><li>Sobre a natureza da condi\u00e7\u00e3o de sa\u00fade do candidato e os requerimentos de<br \/>acessibilidade para a realiza\u00e7\u00e3o da prova&#8221;.<br \/><\/li><\/ul><\/li><\/ul>\n\n\n\n<p class=\"has-text-align-center has-pale-cyan-blue-background-color has-background has-medium-font-size\"><strong>Saiba mais: <a href=\"https:\/\/www.estrategiaconcursos.com.br\/blog\/concurso-mp-sp\/\" target=\"_blank\" rel=\"noreferrer noopener\">concurso MP SP<\/a><\/strong><\/p>\n\n\n\n<h2 class=\"has-text-align-center wp-block-heading\" id=\"h-quer-saber-tudo-sobre-concursos-previstos-confira-nossos-artigos\">Quer saber tudo sobre concursos previstos?<br \/>Confira nossos artigos!<\/h2>\n\n\n\n<ul class=\"wp-block-list\"><li><a href=\"https:\/\/www.estrategiaconcursos.com.br\/blog\/concursos-abertos\/\" target=\"_blank\" rel=\"noreferrer noopener\">Concursos abertos<\/a><\/li><li><a href=\"https:\/\/www.estrategiaconcursos.com.br\/blog\/concursos-2022\/\" target=\"_blank\" rel=\"noreferrer noopener\">Concursos 2022<\/a><\/li><li><a href=\"https:\/\/www.estrategiaconcursos.com.br\/blog\/concursos-2023\/\" target=\"_blank\" rel=\"noreferrer noopener\">Concursos 2023<\/a><\/li><li><a href=\"https:\/\/www.estrategiaconcursos.com.br\/blog\/concursos-tribunais-2022\/\" target=\"_blank\" rel=\"noreferrer noopener\">Concursos Tribunais<\/a><\/li><\/ul>\n\n\n\n<h2 class=\"has-text-align-center wp-block-heading\" id=\"cursos-concurso\"><strong><em>Quer estudar para Concurso MP SP?<\/em><\/strong><\/h2>\n\n\n\n<p class=\"has-text-align-center\"><em><strong>Gostou desta oportunidade e deseja come\u00e7ar se preparar agora mesmo para o concurso MP SP?  Ent\u00e3o, confira os nossos cursos e comece a estudar<\/strong><\/em>:<\/p>\n\n\n\n<div class=\"container\" id=\"boxes\">\n  <div class=\"row\">\n\n    <div class=\"col-sm\">\n      <div class=\"banner-tribunal\" id=\"box-assinatura\">\n        <h3 class=\"titulo-assinatura\">Cursos para MP SP<\/h3>\n        <p class=\"subtitulo-assinatura\">Conhe\u00e7a os cursos<\/p>\n        <div class=\"box-botao\">\n          <a class=\"btn-assinatura\" target=\"_blank\" href=\"https:\/\/www.estrategiaconcursos.com.br\/cursosPorConcurso\/ministerio-publico-de-sao-paulo-mp-sp\/\" role=\"button\" rel=\"noopener noreferrer\">Conhe\u00e7a mais<\/a>\n        <\/div>\n      <\/div>\n      <p class=\"texto-auxiliar\">Prepare-se com o melhor material e com quem mais aprova em Concursos P\u00fablicos em todo o pa\u00eds.<\/p>\n    <\/div>\n\n  <\/div>\n<\/div>\n\n\n\n<div class=\"container\" id=\"boxes\">\n  <div class=\"row\">\n\n    <div class=\"col-sm\">\n      <div class=\"estrategia\" id=\"box-assinatura\">\n        <h3 class=\"titulo-assinatura\">Assinatura Concursos<\/h3>\n        <p class=\"subtitulo-assinatura\">Assinatura de 1 ano ou 2 anos<\/p>\n        <div class=\"box-botao\">\n          <a class=\"btn-assinatura\" target=\"_blank\" href=\"https:\/\/www.estrategiaconcursos.com.br\/assinaturas\/\" role=\"button\" rel=\"noopener noreferrer\">ASSINE AGORA<\/a>\n        <\/div>\n      <\/div>\n     \n    <\/div><\/div><\/div>\n\n\n\n<p><br \/><br \/><\/p>\n\n\n\n<p><canvas height=\"42\" width=\"42\"><a href=\"https:\/\/www.instagram.com\/carla_gabola\/\">carla_gabola<\/a>Um adendo: Quando eu posto olhinhos nos stories, \u00e9 pq est\u00e1 havendo alguma movimenta\u00e7\u00e3o, algu\u00e9m me deu um bizu e estou de olho. Fiquem tranquilos!<\/canvas><\/p>\n","protected":false},"excerpt":{"rendered":"<p>O concurso MP SP est\u00e1 com as equipes multiprofissionais designadas. A informa\u00e7\u00e3o consta no Di\u00e1rio do Minist\u00e9rio P\u00fablico de Estado de S\u00e3o Paulo desta quarta-feira, 28 de setembro. O edital MP SP ser\u00e1 para os seguintes cargos: Oficial de Promotoria I, pertencente ao Quadro de Pessoal do Minist\u00e9rio P\u00fablico, nos \u00d3rg\u00e3os e Unidades Administrativas da [&hellip;]<\/p>\n","protected":false},"author":2375,"featured_media":1100011,"comment_status":"open","ping_status":"closed","sticky":false,"template":"","format":"standard","meta":{"post_tipo":"news","footnotes":""},"categories":[1984,220219],"tags":[],"tax_estado":[219989],"class_list":["post-1101744","post","type-post","status-publish","format-standard","has-post-thumbnail","hentry","category-tribunais","category-noticias","tax_estado-sp"],"acf":[],"yoast_head":"<!-- This site is optimized with the Yoast SEO Premium plugin v27.2 (Yoast SEO v27.2) - https:\/\/yoast.com\/product\/yoast-seo-premium-wordpress\/ -->\n<title>Concurso MP SP: equipes designadas para os novos editais<\/title>\n<meta name=\"description\" content=\"O concurso MP SP est\u00e1 com as equipes multiprofissionais designadas. A informa\u00e7\u00e3o consta no Di\u00e1rio do MPSP desta quarta-feira, 28 de setembro.\" \/>\n<meta name=\"robots\" content=\"index, follow, max-snippet:-1, max-image-preview:large, max-video-preview:-1\" \/>\n<link rel=\"canonical\" href=\"https:\/\/www.estrategiaconcursos.com.br\/blog\/concurso-mp-sp-equipes-designadas-para-novos-editais\/\" \/>\n<meta property=\"og:locale\" content=\"pt_BR\" \/>\n<meta property=\"og:type\" content=\"article\" \/>\n<meta property=\"og:title\" content=\"Concurso MP SP: equipes designadas para os novos editais\" \/>\n<meta property=\"og:description\" content=\"O concurso MP SP est\u00e1 com as equipes multiprofissionais designadas. A informa\u00e7\u00e3o consta no Di\u00e1rio do MPSP desta quarta-feira, 28 de setembro.\" \/>\n<meta property=\"og:url\" content=\"https:\/\/www.estrategiaconcursos.com.br\/blog\/concurso-mp-sp-equipes-designadas-para-novos-editais\/\" \/>\n<meta property=\"og:site_name\" content=\"Estrat\u00e9gia Concursos\" \/>\n<meta property=\"article:published_time\" content=\"2022-09-28T12:50:03+00:00\" \/>\n<meta property=\"article:modified_time\" content=\"2022-09-28T13:07:28+00:00\" \/>\n<meta property=\"og:image\" content=\"https:\/\/dhg1h5j42swfq.cloudfront.net\/2022\/09\/24101042\/mp_sp.jpg\" \/>\n\t<meta property=\"og:image:width\" content=\"768\" \/>\n\t<meta property=\"og:image:height\" content=\"432\" \/>\n\t<meta property=\"og:image:type\" content=\"image\/jpeg\" \/>\n<meta name=\"author\" content=\"Priscila Almeida\" \/>\n<meta name=\"twitter:card\" content=\"summary_large_image\" \/>\n<meta name=\"twitter:creator\" content=\"@EstratConcursos\" \/>\n<meta name=\"twitter:site\" content=\"@EstratConcursos\" \/>\n<meta name=\"twitter:label1\" content=\"Escrito por\" \/>\n\t<meta name=\"twitter:data1\" content=\"Priscila Almeida\" \/>\n\t<meta name=\"twitter:label2\" content=\"Est. tempo de leitura\" \/>\n\t<meta name=\"twitter:data2\" content=\"3 minutos\" \/>\n<script type=\"application\/ld+json\" class=\"yoast-schema-graph\">{\"@context\":\"https:\/\/schema.org\",\"@graph\":[{\"@type\":\"NewsArticle\",\"@id\":\"https:\/\/www.estrategiaconcursos.com.br\/blog\/concurso-mp-sp-equipes-designadas-para-novos-editais\/#article\",\"isPartOf\":{\"@id\":\"https:\/\/www.estrategiaconcursos.com.br\/blog\/concurso-mp-sp-equipes-designadas-para-novos-editais\/\"},\"author\":{\"name\":\"Priscila Almeida\",\"@id\":\"https:\/\/www.estrategiaconcursos.com.br\/blog\/#\/schema\/person\/a06e841e501f2e1d8c49c4e8f066bfd1\"},\"headline\":\"Concurso MP SP: equipes designadas para os novos editais\",\"datePublished\":\"2022-09-28T12:50:03+00:00\",\"dateModified\":\"2022-09-28T13:07:28+00:00\",\"mainEntityOfPage\":{\"@id\":\"https:\/\/www.estrategiaconcursos.com.br\/blog\/concurso-mp-sp-equipes-designadas-para-novos-editais\/\"},\"wordCount\":521,\"commentCount\":0,\"publisher\":{\"@id\":\"https:\/\/www.estrategiaconcursos.com.br\/blog\/#organization\"},\"image\":{\"@id\":\"https:\/\/www.estrategiaconcursos.com.br\/blog\/concurso-mp-sp-equipes-designadas-para-novos-editais\/#primaryimage\"},\"thumbnailUrl\":\"https:\/\/dhg1h5j42swfq.cloudfront.net\/2022\/09\/24101042\/mp_sp.jpg\",\"articleSection\":[\"Tribunais\",\"\u00daltimas not\u00edcias\"],\"inLanguage\":\"pt-BR\",\"potentialAction\":[{\"@type\":\"CommentAction\",\"name\":\"Comment\",\"target\":[\"https:\/\/www.estrategiaconcursos.com.br\/blog\/concurso-mp-sp-equipes-designadas-para-novos-editais\/#respond\"]}],\"copyrightYear\":\"2022\",\"copyrightHolder\":{\"@id\":\"https:\/\/www.estrategiaconcursos.com.br\/blog\/#organization\"}},{\"@type\":\"WebPage\",\"@id\":\"https:\/\/www.estrategiaconcursos.com.br\/blog\/concurso-mp-sp-equipes-designadas-para-novos-editais\/\",\"url\":\"https:\/\/www.estrategiaconcursos.com.br\/blog\/concurso-mp-sp-equipes-designadas-para-novos-editais\/\",\"name\":\"Concurso MP SP: equipes designadas para os novos editais\",\"isPartOf\":{\"@id\":\"https:\/\/www.estrategiaconcursos.com.br\/blog\/#website\"},\"primaryImageOfPage\":{\"@id\":\"https:\/\/www.estrategiaconcursos.com.br\/blog\/concurso-mp-sp-equipes-designadas-para-novos-editais\/#primaryimage\"},\"image\":{\"@id\":\"https:\/\/www.estrategiaconcursos.com.br\/blog\/concurso-mp-sp-equipes-designadas-para-novos-editais\/#primaryimage\"},\"thumbnailUrl\":\"https:\/\/dhg1h5j42swfq.cloudfront.net\/2022\/09\/24101042\/mp_sp.jpg\",\"datePublished\":\"2022-09-28T12:50:03+00:00\",\"dateModified\":\"2022-09-28T13:07:28+00:00\",\"description\":\"O concurso MP SP est\u00e1 com as equipes multiprofissionais designadas. A informa\u00e7\u00e3o consta no Di\u00e1rio do MPSP desta quarta-feira, 28 de setembro.\",\"breadcrumb\":{\"@id\":\"https:\/\/www.estrategiaconcursos.com.br\/blog\/concurso-mp-sp-equipes-designadas-para-novos-editais\/#breadcrumb\"},\"inLanguage\":\"pt-BR\",\"potentialAction\":[{\"@type\":\"ReadAction\",\"target\":[\"https:\/\/www.estrategiaconcursos.com.br\/blog\/concurso-mp-sp-equipes-designadas-para-novos-editais\/\"]}]},{\"@type\":\"ImageObject\",\"inLanguage\":\"pt-BR\",\"@id\":\"https:\/\/www.estrategiaconcursos.com.br\/blog\/concurso-mp-sp-equipes-designadas-para-novos-editais\/#primaryimage\",\"url\":\"https:\/\/dhg1h5j42swfq.cloudfront.net\/2022\/09\/24101042\/mp_sp.jpg\",\"contentUrl\":\"https:\/\/dhg1h5j42swfq.cloudfront.net\/2022\/09\/24101042\/mp_sp.jpg\",\"width\":768,\"height\":432},{\"@type\":\"BreadcrumbList\",\"@id\":\"https:\/\/www.estrategiaconcursos.com.br\/blog\/concurso-mp-sp-equipes-designadas-para-novos-editais\/#breadcrumb\",\"itemListElement\":[{\"@type\":\"ListItem\",\"position\":1,\"name\":\"In\u00edcio\",\"item\":\"https:\/\/www.estrategiaconcursos.com.br\/blog\/\"},{\"@type\":\"ListItem\",\"position\":2,\"name\":\"Concurso MP SP: equipes designadas para os novos editais\"}]},{\"@type\":\"WebSite\",\"@id\":\"https:\/\/www.estrategiaconcursos.com.br\/blog\/#website\",\"url\":\"https:\/\/www.estrategiaconcursos.com.br\/blog\/\",\"name\":\"Estrat\u00e9gia Concursos\",\"description\":\"O blog da Estrat\u00e9gia Concursos traz not\u00edcias sobre concursos e artigos de professores oferecendo cursos para concursos (pdf + videaulas) no site.\",\"publisher\":{\"@id\":\"https:\/\/www.estrategiaconcursos.com.br\/blog\/#organization\"},\"potentialAction\":[{\"@type\":\"SearchAction\",\"target\":{\"@type\":\"EntryPoint\",\"urlTemplate\":\"https:\/\/www.estrategiaconcursos.com.br\/blog\/?s={search_term_string}\"},\"query-input\":{\"@type\":\"PropertyValueSpecification\",\"valueRequired\":true,\"valueName\":\"search_term_string\"}}],\"inLanguage\":\"pt-BR\"},{\"@type\":\"Organization\",\"@id\":\"https:\/\/www.estrategiaconcursos.com.br\/blog\/#organization\",\"name\":\"Estrat\u00e9gia Concursos\",\"url\":\"https:\/\/www.estrategiaconcursos.com.br\/blog\/\",\"logo\":{\"@type\":\"ImageObject\",\"inLanguage\":\"pt-BR\",\"@id\":\"https:\/\/www.estrategiaconcursos.com.br\/blog\/#\/schema\/logo\/image\/\",\"url\":\"https:\/\/dhg1h5j42swfq.cloudfront.net\/2025\/06\/03203428\/logo_concursos-1.jpg\",\"contentUrl\":\"https:\/\/dhg1h5j42swfq.cloudfront.net\/2025\/06\/03203428\/logo_concursos-1.jpg\",\"width\":230,\"height\":60,\"caption\":\"Estrat\u00e9gia Concursos\"},\"image\":{\"@id\":\"https:\/\/www.estrategiaconcursos.com.br\/blog\/#\/schema\/logo\/image\/\"},\"sameAs\":[\"https:\/\/x.com\/EstratConcursos\"]},{\"@type\":\"Person\",\"@id\":\"https:\/\/www.estrategiaconcursos.com.br\/blog\/#\/schema\/person\/a06e841e501f2e1d8c49c4e8f066bfd1\",\"name\":\"Priscila Almeida\",\"image\":{\"@type\":\"ImageObject\",\"inLanguage\":\"pt-BR\",\"@id\":\"https:\/\/secure.gravatar.com\/avatar\/0a963c9e2a947fa675b669cea2b5d0ba6dd1cbf46b966190343b6c9973ad3337?s=96&d=mm&r=g\",\"url\":\"https:\/\/secure.gravatar.com\/avatar\/0a963c9e2a947fa675b669cea2b5d0ba6dd1cbf46b966190343b6c9973ad3337?s=96&d=mm&r=g\",\"contentUrl\":\"https:\/\/secure.gravatar.com\/avatar\/0a963c9e2a947fa675b669cea2b5d0ba6dd1cbf46b966190343b6c9973ad3337?s=96&d=mm&r=g\",\"caption\":\"Priscila Almeida\"},\"description\":\"Atua na \u00e1rea de concursos p\u00fablicos desde 2019. As editorias que mais t\u00eam familiaridade s\u00e3o: Tribunais (TJs; TRTs; TREs; TSTs; STJ, STF, STM e TSE); Defensorias; Minist\u00e9rios P\u00fablicos; Procuradorias; Educa\u00e7\u00e3o e Conselhos. Na \u00e1rea de comunica\u00e7\u00e3o, de maneira geral, a caminhada \u00e9 um pouco mais longa - desde 2007. Possui experi\u00eancia em reda\u00e7\u00f5es de r\u00e1dio, TV, Web e impresso, al\u00e9m de desenvolver trabalhos em assessorias de comunica\u00e7\u00e3o institucional, empresarial e p\u00fablicas. Entre outros trabalhos, se destacam a atua\u00e7\u00e3o nas \u00e1reas de Justi\u00e7a, Congresso, Esportes, Sa\u00fade, Agropecu\u00e1ria, Cidades e Avia\u00e7\u00e3o Civil.\",\"url\":\"https:\/\/www.estrategiaconcursos.com.br\/blog\/author\/priscila-almeidaestrategia-com\/\"}]}<\/script>\n<!-- \/ Yoast SEO Premium plugin. -->","yoast_head_json":{"title":"Concurso MP SP: equipes designadas para os novos editais","description":"O concurso MP SP est\u00e1 com as equipes multiprofissionais designadas. A informa\u00e7\u00e3o consta no Di\u00e1rio do MPSP desta quarta-feira, 28 de setembro.","robots":{"index":"index","follow":"follow","max-snippet":"max-snippet:-1","max-image-preview":"max-image-preview:large","max-video-preview":"max-video-preview:-1"},"canonical":"https:\/\/www.estrategiaconcursos.com.br\/blog\/concurso-mp-sp-equipes-designadas-para-novos-editais\/","og_locale":"pt_BR","og_type":"article","og_title":"Concurso MP SP: equipes designadas para os novos editais","og_description":"O concurso MP SP est\u00e1 com as equipes multiprofissionais designadas. A informa\u00e7\u00e3o consta no Di\u00e1rio do MPSP desta quarta-feira, 28 de setembro.","og_url":"https:\/\/www.estrategiaconcursos.com.br\/blog\/concurso-mp-sp-equipes-designadas-para-novos-editais\/","og_site_name":"Estrat\u00e9gia Concursos","article_published_time":"2022-09-28T12:50:03+00:00","article_modified_time":"2022-09-28T13:07:28+00:00","og_image":[{"width":768,"height":432,"url":"https:\/\/dhg1h5j42swfq.cloudfront.net\/2022\/09\/24101042\/mp_sp.jpg","type":"image\/jpeg"}],"author":"Priscila Almeida","twitter_card":"summary_large_image","twitter_creator":"@EstratConcursos","twitter_site":"@EstratConcursos","twitter_misc":{"Escrito por":"Priscila Almeida","Est. tempo de leitura":"3 minutos"},"schema":{"@context":"https:\/\/schema.org","@graph":[{"@type":"NewsArticle","@id":"https:\/\/www.estrategiaconcursos.com.br\/blog\/concurso-mp-sp-equipes-designadas-para-novos-editais\/#article","isPartOf":{"@id":"https:\/\/www.estrategiaconcursos.com.br\/blog\/concurso-mp-sp-equipes-designadas-para-novos-editais\/"},"author":{"name":"Priscila Almeida","@id":"https:\/\/www.estrategiaconcursos.com.br\/blog\/#\/schema\/person\/a06e841e501f2e1d8c49c4e8f066bfd1"},"headline":"Concurso MP SP: equipes designadas para os novos editais","datePublished":"2022-09-28T12:50:03+00:00","dateModified":"2022-09-28T13:07:28+00:00","mainEntityOfPage":{"@id":"https:\/\/www.estrategiaconcursos.com.br\/blog\/concurso-mp-sp-equipes-designadas-para-novos-editais\/"},"wordCount":521,"commentCount":0,"publisher":{"@id":"https:\/\/www.estrategiaconcursos.com.br\/blog\/#organization"},"image":{"@id":"https:\/\/www.estrategiaconcursos.com.br\/blog\/concurso-mp-sp-equipes-designadas-para-novos-editais\/#primaryimage"},"thumbnailUrl":"https:\/\/dhg1h5j42swfq.cloudfront.net\/2022\/09\/24101042\/mp_sp.jpg","articleSection":["Tribunais","\u00daltimas not\u00edcias"],"inLanguage":"pt-BR","potentialAction":[{"@type":"CommentAction","name":"Comment","target":["https:\/\/www.estrategiaconcursos.com.br\/blog\/concurso-mp-sp-equipes-designadas-para-novos-editais\/#respond"]}],"copyrightYear":"2022","copyrightHolder":{"@id":"https:\/\/www.estrategiaconcursos.com.br\/blog\/#organization"}},{"@type":"WebPage","@id":"https:\/\/www.estrategiaconcursos.com.br\/blog\/concurso-mp-sp-equipes-designadas-para-novos-editais\/","url":"https:\/\/www.estrategiaconcursos.com.br\/blog\/concurso-mp-sp-equipes-designadas-para-novos-editais\/","name":"Concurso MP SP: equipes designadas para os novos editais","isPartOf":{"@id":"https:\/\/www.estrategiaconcursos.com.br\/blog\/#website"},"primaryImageOfPage":{"@id":"https:\/\/www.estrategiaconcursos.com.br\/blog\/concurso-mp-sp-equipes-designadas-para-novos-editais\/#primaryimage"},"image":{"@id":"https:\/\/www.estrategiaconcursos.com.br\/blog\/concurso-mp-sp-equipes-designadas-para-novos-editais\/#primaryimage"},"thumbnailUrl":"https:\/\/dhg1h5j42swfq.cloudfront.net\/2022\/09\/24101042\/mp_sp.jpg","datePublished":"2022-09-28T12:50:03+00:00","dateModified":"2022-09-28T13:07:28+00:00","description":"O concurso MP SP est\u00e1 com as equipes multiprofissionais designadas. A informa\u00e7\u00e3o consta no Di\u00e1rio do MPSP desta quarta-feira, 28 de setembro.","breadcrumb":{"@id":"https:\/\/www.estrategiaconcursos.com.br\/blog\/concurso-mp-sp-equipes-designadas-para-novos-editais\/#breadcrumb"},"inLanguage":"pt-BR","potentialAction":[{"@type":"ReadAction","target":["https:\/\/www.estrategiaconcursos.com.br\/blog\/concurso-mp-sp-equipes-designadas-para-novos-editais\/"]}]},{"@type":"ImageObject","inLanguage":"pt-BR","@id":"https:\/\/www.estrategiaconcursos.com.br\/blog\/concurso-mp-sp-equipes-designadas-para-novos-editais\/#primaryimage","url":"https:\/\/dhg1h5j42swfq.cloudfront.net\/2022\/09\/24101042\/mp_sp.jpg","contentUrl":"https:\/\/dhg1h5j42swfq.cloudfront.net\/2022\/09\/24101042\/mp_sp.jpg","width":768,"height":432},{"@type":"BreadcrumbList","@id":"https:\/\/www.estrategiaconcursos.com.br\/blog\/concurso-mp-sp-equipes-designadas-para-novos-editais\/#breadcrumb","itemListElement":[{"@type":"ListItem","position":1,"name":"In\u00edcio","item":"https:\/\/www.estrategiaconcursos.com.br\/blog\/"},{"@type":"ListItem","position":2,"name":"Concurso MP SP: equipes designadas para os novos editais"}]},{"@type":"WebSite","@id":"https:\/\/www.estrategiaconcursos.com.br\/blog\/#website","url":"https:\/\/www.estrategiaconcursos.com.br\/blog\/","name":"Estrat\u00e9gia Concursos","description":"O blog da Estrat\u00e9gia Concursos traz not\u00edcias sobre concursos e artigos de professores oferecendo cursos para concursos (pdf + videaulas) no site.","publisher":{"@id":"https:\/\/www.estrategiaconcursos.com.br\/blog\/#organization"},"potentialAction":[{"@type":"SearchAction","target":{"@type":"EntryPoint","urlTemplate":"https:\/\/www.estrategiaconcursos.com.br\/blog\/?s={search_term_string}"},"query-input":{"@type":"PropertyValueSpecification","valueRequired":true,"valueName":"search_term_string"}}],"inLanguage":"pt-BR"},{"@type":"Organization","@id":"https:\/\/www.estrategiaconcursos.com.br\/blog\/#organization","name":"Estrat\u00e9gia Concursos","url":"https:\/\/www.estrategiaconcursos.com.br\/blog\/","logo":{"@type":"ImageObject","inLanguage":"pt-BR","@id":"https:\/\/www.estrategiaconcursos.com.br\/blog\/#\/schema\/logo\/image\/","url":"https:\/\/dhg1h5j42swfq.cloudfront.net\/2025\/06\/03203428\/logo_concursos-1.jpg","contentUrl":"https:\/\/dhg1h5j42swfq.cloudfront.net\/2025\/06\/03203428\/logo_concursos-1.jpg","width":230,"height":60,"caption":"Estrat\u00e9gia Concursos"},"image":{"@id":"https:\/\/www.estrategiaconcursos.com.br\/blog\/#\/schema\/logo\/image\/"},"sameAs":["https:\/\/x.com\/EstratConcursos"]},{"@type":"Person","@id":"https:\/\/www.estrategiaconcursos.com.br\/blog\/#\/schema\/person\/a06e841e501f2e1d8c49c4e8f066bfd1","name":"Priscila Almeida","image":{"@type":"ImageObject","inLanguage":"pt-BR","@id":"https:\/\/secure.gravatar.com\/avatar\/0a963c9e2a947fa675b669cea2b5d0ba6dd1cbf46b966190343b6c9973ad3337?s=96&d=mm&r=g","url":"https:\/\/secure.gravatar.com\/avatar\/0a963c9e2a947fa675b669cea2b5d0ba6dd1cbf46b966190343b6c9973ad3337?s=96&d=mm&r=g","contentUrl":"https:\/\/secure.gravatar.com\/avatar\/0a963c9e2a947fa675b669cea2b5d0ba6dd1cbf46b966190343b6c9973ad3337?s=96&d=mm&r=g","caption":"Priscila Almeida"},"description":"Atua na \u00e1rea de concursos p\u00fablicos desde 2019. As editorias que mais t\u00eam familiaridade s\u00e3o: Tribunais (TJs; TRTs; TREs; TSTs; STJ, STF, STM e TSE); Defensorias; Minist\u00e9rios P\u00fablicos; Procuradorias; Educa\u00e7\u00e3o e Conselhos. Na \u00e1rea de comunica\u00e7\u00e3o, de maneira geral, a caminhada \u00e9 um pouco mais longa - desde 2007. Possui experi\u00eancia em reda\u00e7\u00f5es de r\u00e1dio, TV, Web e impresso, al\u00e9m de desenvolver trabalhos em assessorias de comunica\u00e7\u00e3o institucional, empresarial e p\u00fablicas. Entre outros trabalhos, se destacam a atua\u00e7\u00e3o nas \u00e1reas de Justi\u00e7a, Congresso, Esportes, Sa\u00fade, Agropecu\u00e1ria, Cidades e Avia\u00e7\u00e3o Civil.","url":"https:\/\/www.estrategiaconcursos.com.br\/blog\/author\/priscila-almeidaestrategia-com\/"}]}},"_links":{"self":[{"href":"https:\/\/www.estrategiaconcursos.com.br\/blog\/wp-json\/wp\/v2\/posts\/1101744","targetHints":{"allow":["GET"]}}],"collection":[{"href":"https:\/\/www.estrategiaconcursos.com.br\/blog\/wp-json\/wp\/v2\/posts"}],"about":[{"href":"https:\/\/www.estrategiaconcursos.com.br\/blog\/wp-json\/wp\/v2\/types\/post"}],"author":[{"embeddable":true,"href":"https:\/\/www.estrategiaconcursos.com.br\/blog\/wp-json\/wp\/v2\/users\/2375"}],"replies":[{"embeddable":true,"href":"https:\/\/www.estrategiaconcursos.com.br\/blog\/wp-json\/wp\/v2\/comments?post=1101744"}],"version-history":[{"count":8,"href":"https:\/\/www.estrategiaconcursos.com.br\/blog\/wp-json\/wp\/v2\/posts\/1101744\/revisions"}],"predecessor-version":[{"id":1101771,"href":"https:\/\/www.estrategiaconcursos.com.br\/blog\/wp-json\/wp\/v2\/posts\/1101744\/revisions\/1101771"}],"wp:featuredmedia":[{"embeddable":true,"href":"https:\/\/www.estrategiaconcursos.com.br\/blog\/wp-json\/wp\/v2\/media\/1100011"}],"wp:attachment":[{"href":"https:\/\/www.estrategiaconcursos.com.br\/blog\/wp-json\/wp\/v2\/media?parent=1101744"}],"wp:term":[{"taxonomy":"category","embeddable":true,"href":"https:\/\/www.estrategiaconcursos.com.br\/blog\/wp-json\/wp\/v2\/categories?post=1101744"},{"taxonomy":"post_tag","embeddable":true,"href":"https:\/\/www.estrategiaconcursos.com.br\/blog\/wp-json\/wp\/v2\/tags?post=1101744"},{"taxonomy":"tax_estado","embeddable":true,"href":"https:\/\/www.estrategiaconcursos.com.br\/blog\/wp-json\/wp\/v2\/tax_estado?post=1101744"}],"curies":[{"name":"wp","href":"https:\/\/api.w.org\/{rel}","templated":true}]}}