{"id":1101596,"date":"2022-10-24T05:21:00","date_gmt":"2022-10-24T08:21:00","guid":{"rendered":"https:\/\/www.estrategiaconcursos.com.br\/blog\/?p=1101596"},"modified":"2022-11-24T12:31:05","modified_gmt":"2022-11-24T15:31:05","slug":"concurso-pm-ce-edital-publicado-soldado","status":"publish","type":"post","link":"https:\/\/www.estrategiaconcursos.com.br\/blog\/concurso-pm-ce-edital-publicado-soldado\/","title":{"rendered":"Edital PM CE Soldado tem inscri\u00e7\u00f5es encerradas; 1.500 vagas!"},"content":{"rendered":"\n<p>Est\u00e3o oficialmente encerradas as inscri\u00e7\u00f5es para o <strong>edital PM CE Soldado<\/strong>! Conforme o documento, s\u00e3o ofertadas <strong>1.000 vagas<\/strong> imediatas, al\u00e9m de <strong>500<\/strong> para CR, para o cargo de Soldado.<\/p>\n\n\n\n<p>As oportunidades s\u00e3o de n\u00edvel m\u00e9dio de forma\u00e7\u00e3o, com exig\u00eancia de idade, na data de inscri\u00e7\u00e3o no concurso, idade de at\u00e9 29 anos, 11 meses e 29 dias. O sal\u00e1rio inicial \u00e9 de <span style=\"font-size: revert; color: initial;\"><strong>R$ 4.983,30.<\/strong><\/span><\/p>\n\n\n\n<p>Os interessados em participar da sele\u00e7\u00e3o puderam se candidatar at\u00e9 o dia 23 de novembro, no site da banca organizadora, <a href=\"http:\/\/concurso.idecan.org.br\/Concurso.aspx?ID=65\" target=\"_blank\" rel=\"noreferrer noopener\">IDECAN<\/a>. O valor da taxa de inscri\u00e7\u00e3o \u00e9 de R$ 180,00.<\/p>\n\n\n\n<ul class=\"has-very-light-gray-to-cyan-bluish-gray-gradient-background has-background wp-block-list\"><li><strong style=\"background-color: initial; color: initial;\">Banca:<\/strong> IDECAN<\/li><li><strong>Vagas:<\/strong> 1.000 + 500 CR<\/li><li><strong>Cargo<\/strong>: Soldado<\/li><li><strong>Sal\u00e1rio inicial: <\/strong>R$ 4.983,30<\/li><li><strong>Edital<\/strong>: <a href=\"https:\/\/dhg1h5j42swfq.cloudfront.net\/2022\/10\/10212442\/edital-pm-ce.pdf\" target=\"_blank\" rel=\"noreferrer noopener nofollow\">PM CE Soldado<\/a><\/li><\/ul>\n\n\n\n<div class=\"container\" id=\"boxes\">\n  <div class=\"row\">\n\n    <div class=\"col-sm\">\n      <div class=\"banner-policial\" id=\"box-assinatura\">\n        <h3 class=\"titulo-assinatura\">PM CE Soldado<\/h3>\n        <p class=\"subtitulo-assinatura\">Estude conosco<\/p>\n        <div class=\"box-botao\">\n          <a class=\"btn-assinatura\" target=\"_blank\" href=\"https:\/\/www.estrategiaconcursos.com.br\/cursosPorConcurso\/policia-militar-ce\/\" role=\"button\" rel=\"noopener noreferrer\">Conhe\u00e7a os cursos<\/a>\n        <\/div>\n      <\/div>\n     \n    <\/div>\n\n  <\/div>\n<\/div>\n\n\n\n<h2 class=\"wp-block-heading\" id=\"datas\">Principais datas<\/h2>\n\n\n\n<p class=\"has-very-light-gray-background-color has-background\"><strong>Inscri\u00e7\u00f5es<\/strong>: <s>24 de outubro a 23 de novembro<\/s><br \/><strong>Isen\u00e7\u00e3o da taxa<\/strong>: <s>24 outubro a 08 de novembro<\/s><br \/><strong>\u00daltimo dia para pagamento<\/strong>: <s>24 de novembro<\/s><br \/><strong>Prova<\/strong>: 22 de janeiro de 2023<\/p>\n\n\n\n<h2 class=\"wp-block-heading\" id=\"cargos-vagas\">Cargos e vagas do edital PM CE Soldado<\/h2>\n\n\n\n<figure class=\"wp-block-table is-style-stripes\"><table class=\"has-very-light-gray-to-cyan-bluish-gray-gradient-background has-background has-fixed-layout\"><thead><tr><th class=\"has-text-align-center\" data-align=\"center\">CARGOS<\/th><th class=\"has-text-align-center\" data-align=\"center\">VAGAS<\/th><th class=\"has-text-align-center\" data-align=\"center\">CR<\/th><th class=\"has-text-align-center\" data-align=\"center\">SAL\u00c1RIO<\/th><\/tr><\/thead><tbody><tr><td class=\"has-text-align-center\" data-align=\"center\">Masculino<\/td><td class=\"has-text-align-center\" data-align=\"center\">850<\/td><td class=\"has-text-align-center\" data-align=\"center\">425<\/td><td class=\"has-text-align-center\" data-align=\"center\">R$ 4.983,30<\/td><\/tr><tr><td class=\"has-text-align-center\" data-align=\"center\">Feminino<\/td><td class=\"has-text-align-center\" data-align=\"center\">150<\/td><td class=\"has-text-align-center\" data-align=\"center\">75<\/td><td class=\"has-text-align-center\" data-align=\"center\">R$ 4.983,30<\/td><\/tr><\/tbody><\/table><\/figure>\n\n\n\n<h4 class=\"wp-block-heading\" id=\"h-requisitos\"><em>Requisitos:<\/em><\/h4>\n\n\n\n<ul class=\"wp-block-list\"><li>idade m\u00ednima de 18 anos;<\/li><li>idade m\u00e1xima, na data de inscri\u00e7\u00e3o, de at\u00e9 29 anos, 11 meses e 29 dias;<\/li><li>diploma, devidamente registrado, de n\u00edvel m\u00e9dio;<\/li><li>CNH, categoria \u201cB\u201d, v\u00e1lida, a ser apresentada na convoca\u00e7\u00e3o para a admiss\u00e3o.<\/li><\/ul>\n\n\n\n<h2 class=\"wp-block-heading\" id=\"etapas\">Etapas e provas do edital PM CE Soldado<\/h2>\n\n\n\n<p>A sele\u00e7\u00e3o dos candidatos inscritos no certame se dar\u00e1 mediante aplica\u00e7\u00e3o das seguintes etapas:<\/p>\n\n\n\n<ul class=\"wp-block-list\"><li>Prova Escrita &#8211; eliminat\u00f3rio e classificat\u00f3rio;<\/li><li>Exame de Sa\u00fade &#8211; eliminat\u00f3rio;<\/li><li>Avalia\u00e7\u00e3o Psicol\u00f3gica &#8211; eliminat\u00f3rio;<\/li><li>Avalia\u00e7\u00e3o de Capacidade F\u00edsica &#8211; eliminat\u00f3rio; e<\/li><li>Investiga\u00e7\u00e3o Social &#8211; eliminat\u00f3rio.<\/li><\/ul>\n\n\n\n<h3 class=\"wp-block-heading\" id=\"objetiva\">Provas Objetivas<\/h3>\n\n\n\n<p>As provas objetivas ser\u00e3o compostas por 100 quest\u00f5es de m\u00faltipla escolha, sendo 40 de conhecimentos b\u00e1sicos e 60 para espec\u00edficos.<\/p>\n\n\n\n<p>A etapa ser\u00e1 aplicada na data prov\u00e1vel de 23 de janeiro de 2023, com dura\u00e7\u00e3o de 5 horas, com as seguintes disciplinas:<\/p>\n\n\n\n<ul class=\"wp-block-list\"><li><strong>Conhecimentos b\u00e1sicos:<\/strong><ul><li>L\u00edngua Portuguesa\/Interpreta\u00e7\u00e3o de Texto: 12 quest\u00f5es<\/li><li>Racioc\u00ednio L\u00f3gico: 10 quest\u00f5es<\/li><li>Atualidades\/Hist\u00f3ria do Cear\u00e1: 10 quest\u00f5es<\/li><li>No\u00e7\u00f5es de Administra\u00e7\u00e3o P\u00fablica\/\u00c9tica no Servi\u00e7o P\u00fablico: 08 quest\u00f5es<\/li><\/ul><\/li><li><strong>Conhecimentos espec\u00edficos:<\/strong><ul><li>No\u00e7\u00f5es de Direito Constitucional: 12 quest\u00f5es<\/li><li>No\u00e7\u00f5es de Direitos Humanos: 10 quest\u00f5es<\/li><li>No\u00e7\u00f5es de Direito Penal\/Processo Penal Militar: 12 quest\u00f5es<\/li><li>No\u00e7\u00f5es de Direito Penal: 08 quest\u00f5es<\/li><li>No\u00e7\u00f5es de Criminologia: 06 quest\u00f5es<\/li><li>Seguran\u00e7a P\u00fablica: 06 quest\u00f5es<\/li><\/ul><\/li><\/ul>\n\n\n\n<p>Ser\u00e1 considerado aprovado o candidato que, na Prova Objetiva (Exame Intelectual), cumulativamente:<\/p>\n\n\n\n<ul class=\"wp-block-list\"><li>I. Obtiver no m\u00ednimo 30 acertos no M\u00f3dulo II, Conhecimentos Espec\u00edficos; e<\/li><li>II. Obtiver no m\u00ednimo 20 acertos no M\u00f3dulo I, Conhecimentos B\u00e1sicos.<\/li><\/ul>\n\n\n\n<h3 class=\"wp-block-heading\" id=\"discursiva\">Exame de Sa\u00fade<\/h3>\n\n\n\n<p>Ser\u00e3o convocados para a realiza\u00e7\u00e3o da Inspe\u00e7\u00e3o de Sa\u00fade, aqueles que obtiverem a aprova\u00e7\u00e3o no Exame Intelectual e a confirma\u00e7\u00e3o da Heteroidentifica\u00e7\u00e3o, <strong>at\u00e9 20% (vinte por cento) da quantidade de vagas<\/strong> (imediatas e cadastro reserva) ofertadas por tipo de vaga.<\/p>\n\n\n\n<p>No Exame de Sa\u00fade, o candidato dever\u00e1 apresentar estado de sa\u00fade f\u00edsica e mental dentro dos \u00edndices de normalidade.<\/p>\n\n\n\n<p>A inspe\u00e7\u00e3o de Sa\u00fade objetiva aferir se o candidato goza de boa sa\u00fade f\u00edsica e ps\u00edquica para suportar os exerc\u00edcios a que ser\u00e1 submetido para desempenhar as atribui\u00e7\u00f5es t\u00edpicas do cargo.<\/p>\n\n\n\n<h3 class=\"wp-block-heading\" id=\"oral\">Avalia\u00e7\u00e3o Psicol\u00f3gica<\/h3>\n\n\n\n<p>A Avalia\u00e7\u00e3o Psicol\u00f3gica verificar\u00e1 as caracter\u00edsticas pessoais do candidato, a fim de observar as condi\u00e7\u00f5es de adaptabilidade do indiv\u00edduo no desempenho das atividades do cargo pretendido, conforme perfil profissiogr\u00e1fico.<\/p>\n\n\n\n<p>A etapa poder\u00e1 compreender a aplica\u00e7\u00e3o coletiva e (ou) individual de instrumentos capazes de aferir, de forma objetiva e padronizada, os requisitos psicol\u00f3gicos do candidato para o desempenho das atribui\u00e7\u00f5es inerentes ao cargo.<\/p>\n\n\n\n<h3 class=\"wp-block-heading\" id=\"titulos\">Avalia\u00e7\u00e3o de Capacidade F\u00edsica<\/h3>\n\n\n\n<p>A Avalia\u00e7\u00e3o de Capacidade F\u00edsica ser\u00e1 constitu\u00eddo de (04) quatro testes, cujas notas variar\u00e3o de 0,0 (zero) a 10,00 (dez): <\/p>\n\n\n\n<ul class=\"wp-block-list\"><li>Flex\u00e3o na barra fixa, <\/li><li>abdominal, <\/li><li>corrida de 12 (doze) minutos, <\/li><li>corrida de 50 (cinquenta) metros<\/li><\/ul>\n\n\n\n<p>Os testes ser\u00e3o realizados em dois dias pelo candidato. Ser\u00e1 considerado \u201cAPTO\u201d o candidato que na soma das notas dos 04 (quatro) testes obtiver m\u00e9dia igual ou superior a 5,00 (cinco). Ser\u00e1 considerado \u201cINAPTO\u201d o candidato que alcan\u00e7ar a m\u00e9dia dos testes inferior a 5,00 (cinco) e se o candidato obtiver nota 0,0 (zero) em algum dos testes.<\/p>\n\n\n\n<p>A etapa visa avaliar a capacidade m\u00ednima do candidato para suportar, f\u00edsica e organicamente, as exig\u00eancias da pr\u00e1tica de atividades f\u00edsicas e demais exig\u00eancias pr\u00f3prias da fun\u00e7\u00e3o do profissional da seguran\u00e7a p\u00fablica.<\/p>\n\n\n\n<h2 class=\"wp-block-heading\" id=\"materiais\">Edital Estrat\u00e9gico PM CE &#8211; Soldado<\/h2>\n\n\n\n<ul class=\"wp-block-list\"><li><a href=\"https:\/\/docs.google.com\/spreadsheets\/d\/1pVxCaaZD3IoGQKfoGyUYZizAmRu8JDD4\/edit?usp=sharing&amp;ouid=101271401487800825231&amp;rtpof=true&amp;sd=true\" target=\"_blank\" rel=\"noreferrer noopener\">Cargo de Soldado<\/a><\/li><\/ul>\n\n\n\n<p><strong>IMPORTANTE:&nbsp;<\/strong>ao clicar no link acima, vai ser aberta uma janela do Google Drive que tentar\u00e1 carregar a visualiza\u00e7\u00e3o da planilha no seu navegador. N\u00e3o h\u00e1 necessidade de esperar essa visualiza\u00e7\u00e3o (talvez at\u00e9 nem carregue, j\u00e1 que os arquivos s\u00e3o pesados).&nbsp;<strong>Al\u00e9m disso, para realizar altera\u00e7\u00f5es na planilha, \u00e9 necess\u00e1rio realizar o download da mesma em seu computador!<\/strong><\/p>\n\n\n\n<h2 class=\"has-text-align-center wp-block-heading\" id=\"h-quer-saber-tudo-sobre-concursos-previstos-confira-nossos-artigos\">Quer saber tudo sobre concursos previstos?<br \/>Confira  nossos artigos!<\/h2>\n\n\n\n<ul class=\"wp-block-list\"><li><a href=\"https:\/\/www.estrategiaconcursos.com.br\/blog\/concursos-abertos\/\" target=\"_blank\" rel=\"noreferrer noopener\">Concursos abertos<\/a><\/li><li><a href=\"https:\/\/www.estrategiaconcursos.com.br\/blog\/concursos-2022\/\" target=\"_blank\" rel=\"noreferrer noopener\">Concursos 2022<\/a><\/li><li><a href=\"https:\/\/www.estrategiaconcursos.com.br\/blog\/concursos-2023\/\" target=\"_blank\" rel=\"noreferrer noopener\">Concursos 2023<\/a><\/li><\/ul>\n\n\n\n<h2 class=\"has-text-align-center wp-block-heading\" id=\"h-quer-estudar-para-o-concurso-pm-ce\">Quer estudar para o concurso PM CE?<\/h2>\n\n\n\n<div class=\"container\" id=\"boxes\">\n  <div class=\"row\">\n\n    <div class=\"col-sm\">\n      <div class=\"banner-policial\" id=\"box-assinatura\">\n        <h3 class=\"titulo-assinatura\">PM CE<\/h3>\n        <p class=\"subtitulo-assinatura\">Estude conosco<\/p>\n        <div class=\"box-botao\">\n          <a class=\"btn-assinatura\" target=\"_blank\" href=\"https:\/\/www.estrategiaconcursos.com.br\/cursosPorConcurso\/policia-militar-ce\/\" role=\"button\" rel=\"noopener noreferrer\">Conhe\u00e7a os cursos<\/a>\n        <\/div>\n      <\/div>\n     \n    <\/div>\n\n  <\/div>\n<\/div>\n\n\n\n<div class=\"container\" id=\"boxes\">\n  <div class=\"row\">\n\n    <div class=\"col-sm\">\n      <div class=\"estrategia\" id=\"box-assinatura\">\n        <h3 class=\"titulo-assinatura\">Assinatura de Concursos<\/h3>\n        <p class=\"subtitulo-assinatura\">Assinatura de 1 ano ou 2 anos<\/p>\n        <div class=\"box-botao\">\n          <a class=\"btn-assinatura\" target=\"_blank\" href=\"https:\/\/www.estrategiaconcursos.com.br\/assinaturas\/\" role=\"button\" rel=\"noopener noreferrer\">ASSINE AGORA<\/a>\n        <\/div>\n      <\/div>\n     \n    <\/div><\/div><\/div>\n\n\n\n<figure class=\"wp-block-image size-large is-resized\"><img loading=\"lazy\" decoding=\"async\" src=\"https:\/\/dhg1h5j42swfq.cloudfront.net\/2025\/06\/27101122\/ficha-tecnica-1-1024x632.png\" alt=\"Informa\u00e7\u00f5es do edital PM CE Soldado\" class=\"wp-image-702728\" width=\"269\" height=\"166\" srcset=\"https:\/\/dhg1h5j42swfq.cloudfront.net\/2025\/06\/27101122\/ficha-tecnica-1-1024x632.png 1024w, https:\/\/dhg1h5j42swfq.cloudfront.net\/2025\/06\/27101122\/ficha-tecnica-1-300x185.png 300w, https:\/\/dhg1h5j42swfq.cloudfront.net\/2025\/06\/27101122\/ficha-tecnica-1-768x474.png 768w, https:\/\/dhg1h5j42swfq.cloudfront.net\/2025\/06\/27101122\/ficha-tecnica-1-1536x948.png 1536w, https:\/\/dhg1h5j42swfq.cloudfront.net\/2025\/06\/27101122\/ficha-tecnica-1-610x377.png 610w, https:\/\/dhg1h5j42swfq.cloudfront.net\/2025\/06\/27101122\/ficha-tecnica-1.png 1571w\" sizes=\"auto, (max-width: 269px) 100vw, 269px\" \/><\/figure>\n\n\n\n<h3 class=\"wp-block-heading\" id=\"block-ba1614b5-988b-41ef-892d-f4c9f7e9dd42\">Informa\u00e7\u00f5es do edital PM CE Oficial<\/h3>\n\n\n\n<ul class=\"wp-block-list\" id=\"block-46dd482c-33cf-409c-8762-75c111403f14\"><li><strong>Inscri\u00e7\u00f5es<\/strong>: 24\/10 a 23\/11\/2022<\/li><li><strong>Provas<\/strong>: 22\/01\/2023<\/li><li><strong>Vagas<\/strong>: 1.000 + 500 CR<\/li><li><strong>Cargos<\/strong>: Soldado<\/li><li><strong>Banca<\/strong>: IDECAN<\/li><li><strong>Escolaridade<\/strong>: n\u00edvel m\u00e9dio<\/li><li><strong>Edital<\/strong>:&nbsp;<a href=\"https:\/\/dhg1h5j42swfq.cloudfront.net\/2022\/10\/10212442\/edital-pm-ce.pdf\" target=\"_blank\" rel=\"noreferrer noopener nofollow\">PM CE Soldado<\/a><\/li><\/ul>\n","protected":false},"excerpt":{"rendered":"<p>Est\u00e3o oficialmente encerradas as inscri\u00e7\u00f5es para o edital PM CE Soldado! Conforme o documento, s\u00e3o ofertadas 1.000 vagas imediatas, al\u00e9m de 500 para CR, para o cargo de Soldado. As oportunidades s\u00e3o de n\u00edvel m\u00e9dio de forma\u00e7\u00e3o, com exig\u00eancia de idade, na data de inscri\u00e7\u00e3o no concurso, idade de at\u00e9 29 anos, 11 meses e [&hellip;]<\/p>\n","protected":false},"author":2041,"featured_media":741188,"comment_status":"open","ping_status":"closed","sticky":false,"template":"","format":"standard","meta":{"post_tipo":"news","footnotes":""},"categories":[220187],"tags":[],"tax_estado":[219969],"class_list":["post-1101596","post","type-post","status-publish","format-standard","has-post-thumbnail","hentry","category-policial-pracas","tax_estado-ce"],"acf":[],"yoast_head":"<!-- This site is optimized with the Yoast SEO Premium plugin v27.2 (Yoast SEO v27.2) - https:\/\/yoast.com\/product\/yoast-seo-premium-wordpress\/ -->\n<title>Edital PM CE Soldado tem inscri\u00e7\u00f5es encerradas; 1.500 vagas!<\/title>\n<meta name=\"description\" content=\"Edital PM CE Soldado \u00e9 publicado com 1.000 + 500 CR para Soldado, de n\u00edvel m\u00e9dio. Inscri\u00e7\u00f5es encerradas! Confira!\" \/>\n<meta name=\"robots\" content=\"index, follow, max-snippet:-1, max-image-preview:large, max-video-preview:-1\" \/>\n<link rel=\"canonical\" href=\"https:\/\/www.estrategiaconcursos.com.br\/blog\/concurso-pm-ce-edital-publicado-soldado\/\" \/>\n<meta property=\"og:locale\" content=\"pt_BR\" \/>\n<meta property=\"og:type\" content=\"article\" \/>\n<meta property=\"og:title\" content=\"Edital PM CE Soldado tem inscri\u00e7\u00f5es encerradas; 1.500 vagas!\" \/>\n<meta property=\"og:description\" content=\"Edital PM CE Soldado \u00e9 publicado com 1.000 + 500 CR para Soldado, de n\u00edvel m\u00e9dio. Inscri\u00e7\u00f5es encerradas! Confira!\" \/>\n<meta property=\"og:url\" content=\"https:\/\/www.estrategiaconcursos.com.br\/blog\/concurso-pm-ce-edital-publicado-soldado\/\" \/>\n<meta property=\"og:site_name\" content=\"Estrat\u00e9gia Concursos\" \/>\n<meta property=\"article:published_time\" content=\"2022-10-24T08:21:00+00:00\" \/>\n<meta property=\"article:modified_time\" content=\"2022-11-24T15:31:05+00:00\" \/>\n<meta property=\"og:image\" content=\"https:\/\/dhg1h5j42swfq.cloudfront.net\/2021\/05\/14151016\/pm-ce.jpg\" \/>\n\t<meta property=\"og:image:width\" content=\"768\" \/>\n\t<meta property=\"og:image:height\" content=\"432\" \/>\n\t<meta property=\"og:image:type\" content=\"image\/jpeg\" \/>\n<meta name=\"author\" content=\"Thiago Cavalcante Gomes\" \/>\n<meta name=\"twitter:card\" content=\"summary_large_image\" \/>\n<meta name=\"twitter:creator\" content=\"@EstratConcursos\" \/>\n<meta name=\"twitter:site\" content=\"@EstratConcursos\" \/>\n<meta name=\"twitter:label1\" content=\"Escrito por\" \/>\n\t<meta name=\"twitter:data1\" content=\"Thiago Cavalcante Gomes\" \/>\n\t<meta name=\"twitter:label2\" content=\"Est. tempo de leitura\" \/>\n\t<meta name=\"twitter:data2\" content=\"4 minutos\" \/>\n<script type=\"application\/ld+json\" class=\"yoast-schema-graph\">{\"@context\":\"https:\/\/schema.org\",\"@graph\":[{\"@type\":\"NewsArticle\",\"@id\":\"https:\/\/www.estrategiaconcursos.com.br\/blog\/concurso-pm-ce-edital-publicado-soldado\/#article\",\"isPartOf\":{\"@id\":\"https:\/\/www.estrategiaconcursos.com.br\/blog\/concurso-pm-ce-edital-publicado-soldado\/\"},\"author\":{\"name\":\"Thiago Cavalcante Gomes\",\"@id\":\"https:\/\/www.estrategiaconcursos.com.br\/blog\/#\/schema\/person\/4970184533d0a3ffa5b0299ae0a2b21f\"},\"headline\":\"Edital PM CE Soldado tem inscri\u00e7\u00f5es encerradas; 1.500 vagas!\",\"datePublished\":\"2022-10-24T08:21:00+00:00\",\"dateModified\":\"2022-11-24T15:31:05+00:00\",\"mainEntityOfPage\":{\"@id\":\"https:\/\/www.estrategiaconcursos.com.br\/blog\/concurso-pm-ce-edital-publicado-soldado\/\"},\"wordCount\":917,\"commentCount\":0,\"publisher\":{\"@id\":\"https:\/\/www.estrategiaconcursos.com.br\/blog\/#organization\"},\"image\":{\"@id\":\"https:\/\/www.estrategiaconcursos.com.br\/blog\/concurso-pm-ce-edital-publicado-soldado\/#primaryimage\"},\"thumbnailUrl\":\"https:\/\/dhg1h5j42swfq.cloudfront.net\/2021\/05\/14151016\/pm-ce.jpg\",\"articleSection\":[\"Policial (PM\/BM - Pra\u00e7as)\"],\"inLanguage\":\"pt-BR\",\"potentialAction\":[{\"@type\":\"CommentAction\",\"name\":\"Comment\",\"target\":[\"https:\/\/www.estrategiaconcursos.com.br\/blog\/concurso-pm-ce-edital-publicado-soldado\/#respond\"]}],\"copyrightYear\":\"2022\",\"copyrightHolder\":{\"@id\":\"https:\/\/www.estrategiaconcursos.com.br\/blog\/#organization\"}},{\"@type\":\"WebPage\",\"@id\":\"https:\/\/www.estrategiaconcursos.com.br\/blog\/concurso-pm-ce-edital-publicado-soldado\/\",\"url\":\"https:\/\/www.estrategiaconcursos.com.br\/blog\/concurso-pm-ce-edital-publicado-soldado\/\",\"name\":\"Edital PM CE Soldado tem inscri\u00e7\u00f5es encerradas; 1.500 vagas!\",\"isPartOf\":{\"@id\":\"https:\/\/www.estrategiaconcursos.com.br\/blog\/#website\"},\"primaryImageOfPage\":{\"@id\":\"https:\/\/www.estrategiaconcursos.com.br\/blog\/concurso-pm-ce-edital-publicado-soldado\/#primaryimage\"},\"image\":{\"@id\":\"https:\/\/www.estrategiaconcursos.com.br\/blog\/concurso-pm-ce-edital-publicado-soldado\/#primaryimage\"},\"thumbnailUrl\":\"https:\/\/dhg1h5j42swfq.cloudfront.net\/2021\/05\/14151016\/pm-ce.jpg\",\"datePublished\":\"2022-10-24T08:21:00+00:00\",\"dateModified\":\"2022-11-24T15:31:05+00:00\",\"description\":\"Edital PM CE Soldado \u00e9 publicado com 1.000 + 500 CR para Soldado, de n\u00edvel m\u00e9dio. Inscri\u00e7\u00f5es encerradas! Confira!\",\"breadcrumb\":{\"@id\":\"https:\/\/www.estrategiaconcursos.com.br\/blog\/concurso-pm-ce-edital-publicado-soldado\/#breadcrumb\"},\"inLanguage\":\"pt-BR\",\"potentialAction\":[{\"@type\":\"ReadAction\",\"target\":[\"https:\/\/www.estrategiaconcursos.com.br\/blog\/concurso-pm-ce-edital-publicado-soldado\/\"]}]},{\"@type\":\"ImageObject\",\"inLanguage\":\"pt-BR\",\"@id\":\"https:\/\/www.estrategiaconcursos.com.br\/blog\/concurso-pm-ce-edital-publicado-soldado\/#primaryimage\",\"url\":\"https:\/\/dhg1h5j42swfq.cloudfront.net\/2021\/05\/14151016\/pm-ce.jpg\",\"contentUrl\":\"https:\/\/dhg1h5j42swfq.cloudfront.net\/2021\/05\/14151016\/pm-ce.jpg\",\"width\":768,\"height\":432,\"caption\":\"concurso pm ce\"},{\"@type\":\"BreadcrumbList\",\"@id\":\"https:\/\/www.estrategiaconcursos.com.br\/blog\/concurso-pm-ce-edital-publicado-soldado\/#breadcrumb\",\"itemListElement\":[{\"@type\":\"ListItem\",\"position\":1,\"name\":\"In\u00edcio\",\"item\":\"https:\/\/www.estrategiaconcursos.com.br\/blog\/\"},{\"@type\":\"ListItem\",\"position\":2,\"name\":\"Edital PM CE Soldado tem inscri\u00e7\u00f5es encerradas; 1.500 vagas!\"}]},{\"@type\":\"WebSite\",\"@id\":\"https:\/\/www.estrategiaconcursos.com.br\/blog\/#website\",\"url\":\"https:\/\/www.estrategiaconcursos.com.br\/blog\/\",\"name\":\"Estrat\u00e9gia Concursos\",\"description\":\"O blog da Estrat\u00e9gia Concursos traz not\u00edcias sobre concursos e artigos de professores oferecendo cursos para concursos (pdf + videaulas) no site.\",\"publisher\":{\"@id\":\"https:\/\/www.estrategiaconcursos.com.br\/blog\/#organization\"},\"potentialAction\":[{\"@type\":\"SearchAction\",\"target\":{\"@type\":\"EntryPoint\",\"urlTemplate\":\"https:\/\/www.estrategiaconcursos.com.br\/blog\/?s={search_term_string}\"},\"query-input\":{\"@type\":\"PropertyValueSpecification\",\"valueRequired\":true,\"valueName\":\"search_term_string\"}}],\"inLanguage\":\"pt-BR\"},{\"@type\":\"Organization\",\"@id\":\"https:\/\/www.estrategiaconcursos.com.br\/blog\/#organization\",\"name\":\"Estrat\u00e9gia Concursos\",\"url\":\"https:\/\/www.estrategiaconcursos.com.br\/blog\/\",\"logo\":{\"@type\":\"ImageObject\",\"inLanguage\":\"pt-BR\",\"@id\":\"https:\/\/www.estrategiaconcursos.com.br\/blog\/#\/schema\/logo\/image\/\",\"url\":\"https:\/\/dhg1h5j42swfq.cloudfront.net\/2025\/06\/03203428\/logo_concursos-1.jpg\",\"contentUrl\":\"https:\/\/dhg1h5j42swfq.cloudfront.net\/2025\/06\/03203428\/logo_concursos-1.jpg\",\"width\":230,\"height\":60,\"caption\":\"Estrat\u00e9gia Concursos\"},\"image\":{\"@id\":\"https:\/\/www.estrategiaconcursos.com.br\/blog\/#\/schema\/logo\/image\/\"},\"sameAs\":[\"https:\/\/x.com\/EstratConcursos\"]},{\"@type\":\"Person\",\"@id\":\"https:\/\/www.estrategiaconcursos.com.br\/blog\/#\/schema\/person\/4970184533d0a3ffa5b0299ae0a2b21f\",\"name\":\"Thiago Cavalcante Gomes\",\"image\":{\"@type\":\"ImageObject\",\"inLanguage\":\"pt-BR\",\"@id\":\"https:\/\/secure.gravatar.com\/avatar\/?s=96&d=mm&r=g\",\"url\":\"https:\/\/secure.gravatar.com\/avatar\/?s=96&d=mm&r=g\",\"contentUrl\":\"https:\/\/secure.gravatar.com\/avatar\/?s=96&d=mm&r=g\",\"caption\":\"Thiago Cavalcante Gomes\"},\"url\":\"https:\/\/www.estrategiaconcursos.com.br\/blog\/author\/thiago-gomes\/\"}]}<\/script>\n<!-- \/ Yoast SEO Premium plugin. -->","yoast_head_json":{"title":"Edital PM CE Soldado tem inscri\u00e7\u00f5es encerradas; 1.500 vagas!","description":"Edital PM CE Soldado \u00e9 publicado com 1.000 + 500 CR para Soldado, de n\u00edvel m\u00e9dio. Inscri\u00e7\u00f5es encerradas! Confira!","robots":{"index":"index","follow":"follow","max-snippet":"max-snippet:-1","max-image-preview":"max-image-preview:large","max-video-preview":"max-video-preview:-1"},"canonical":"https:\/\/www.estrategiaconcursos.com.br\/blog\/concurso-pm-ce-edital-publicado-soldado\/","og_locale":"pt_BR","og_type":"article","og_title":"Edital PM CE Soldado tem inscri\u00e7\u00f5es encerradas; 1.500 vagas!","og_description":"Edital PM CE Soldado \u00e9 publicado com 1.000 + 500 CR para Soldado, de n\u00edvel m\u00e9dio. Inscri\u00e7\u00f5es encerradas! Confira!","og_url":"https:\/\/www.estrategiaconcursos.com.br\/blog\/concurso-pm-ce-edital-publicado-soldado\/","og_site_name":"Estrat\u00e9gia Concursos","article_published_time":"2022-10-24T08:21:00+00:00","article_modified_time":"2022-11-24T15:31:05+00:00","og_image":[{"width":768,"height":432,"url":"https:\/\/dhg1h5j42swfq.cloudfront.net\/2021\/05\/14151016\/pm-ce.jpg","type":"image\/jpeg"}],"author":"Thiago Cavalcante Gomes","twitter_card":"summary_large_image","twitter_creator":"@EstratConcursos","twitter_site":"@EstratConcursos","twitter_misc":{"Escrito por":"Thiago Cavalcante Gomes","Est. tempo de leitura":"4 minutos"},"schema":{"@context":"https:\/\/schema.org","@graph":[{"@type":"NewsArticle","@id":"https:\/\/www.estrategiaconcursos.com.br\/blog\/concurso-pm-ce-edital-publicado-soldado\/#article","isPartOf":{"@id":"https:\/\/www.estrategiaconcursos.com.br\/blog\/concurso-pm-ce-edital-publicado-soldado\/"},"author":{"name":"Thiago Cavalcante Gomes","@id":"https:\/\/www.estrategiaconcursos.com.br\/blog\/#\/schema\/person\/4970184533d0a3ffa5b0299ae0a2b21f"},"headline":"Edital PM CE Soldado tem inscri\u00e7\u00f5es encerradas; 1.500 vagas!","datePublished":"2022-10-24T08:21:00+00:00","dateModified":"2022-11-24T15:31:05+00:00","mainEntityOfPage":{"@id":"https:\/\/www.estrategiaconcursos.com.br\/blog\/concurso-pm-ce-edital-publicado-soldado\/"},"wordCount":917,"commentCount":0,"publisher":{"@id":"https:\/\/www.estrategiaconcursos.com.br\/blog\/#organization"},"image":{"@id":"https:\/\/www.estrategiaconcursos.com.br\/blog\/concurso-pm-ce-edital-publicado-soldado\/#primaryimage"},"thumbnailUrl":"https:\/\/dhg1h5j42swfq.cloudfront.net\/2021\/05\/14151016\/pm-ce.jpg","articleSection":["Policial (PM\/BM - Pra\u00e7as)"],"inLanguage":"pt-BR","potentialAction":[{"@type":"CommentAction","name":"Comment","target":["https:\/\/www.estrategiaconcursos.com.br\/blog\/concurso-pm-ce-edital-publicado-soldado\/#respond"]}],"copyrightYear":"2022","copyrightHolder":{"@id":"https:\/\/www.estrategiaconcursos.com.br\/blog\/#organization"}},{"@type":"WebPage","@id":"https:\/\/www.estrategiaconcursos.com.br\/blog\/concurso-pm-ce-edital-publicado-soldado\/","url":"https:\/\/www.estrategiaconcursos.com.br\/blog\/concurso-pm-ce-edital-publicado-soldado\/","name":"Edital PM CE Soldado tem inscri\u00e7\u00f5es encerradas; 1.500 vagas!","isPartOf":{"@id":"https:\/\/www.estrategiaconcursos.com.br\/blog\/#website"},"primaryImageOfPage":{"@id":"https:\/\/www.estrategiaconcursos.com.br\/blog\/concurso-pm-ce-edital-publicado-soldado\/#primaryimage"},"image":{"@id":"https:\/\/www.estrategiaconcursos.com.br\/blog\/concurso-pm-ce-edital-publicado-soldado\/#primaryimage"},"thumbnailUrl":"https:\/\/dhg1h5j42swfq.cloudfront.net\/2021\/05\/14151016\/pm-ce.jpg","datePublished":"2022-10-24T08:21:00+00:00","dateModified":"2022-11-24T15:31:05+00:00","description":"Edital PM CE Soldado \u00e9 publicado com 1.000 + 500 CR para Soldado, de n\u00edvel m\u00e9dio. Inscri\u00e7\u00f5es encerradas! Confira!","breadcrumb":{"@id":"https:\/\/www.estrategiaconcursos.com.br\/blog\/concurso-pm-ce-edital-publicado-soldado\/#breadcrumb"},"inLanguage":"pt-BR","potentialAction":[{"@type":"ReadAction","target":["https:\/\/www.estrategiaconcursos.com.br\/blog\/concurso-pm-ce-edital-publicado-soldado\/"]}]},{"@type":"ImageObject","inLanguage":"pt-BR","@id":"https:\/\/www.estrategiaconcursos.com.br\/blog\/concurso-pm-ce-edital-publicado-soldado\/#primaryimage","url":"https:\/\/dhg1h5j42swfq.cloudfront.net\/2021\/05\/14151016\/pm-ce.jpg","contentUrl":"https:\/\/dhg1h5j42swfq.cloudfront.net\/2021\/05\/14151016\/pm-ce.jpg","width":768,"height":432,"caption":"concurso pm ce"},{"@type":"BreadcrumbList","@id":"https:\/\/www.estrategiaconcursos.com.br\/blog\/concurso-pm-ce-edital-publicado-soldado\/#breadcrumb","itemListElement":[{"@type":"ListItem","position":1,"name":"In\u00edcio","item":"https:\/\/www.estrategiaconcursos.com.br\/blog\/"},{"@type":"ListItem","position":2,"name":"Edital PM CE Soldado tem inscri\u00e7\u00f5es encerradas; 1.500 vagas!"}]},{"@type":"WebSite","@id":"https:\/\/www.estrategiaconcursos.com.br\/blog\/#website","url":"https:\/\/www.estrategiaconcursos.com.br\/blog\/","name":"Estrat\u00e9gia Concursos","description":"O blog da Estrat\u00e9gia Concursos traz not\u00edcias sobre concursos e artigos de professores oferecendo cursos para concursos (pdf + videaulas) no site.","publisher":{"@id":"https:\/\/www.estrategiaconcursos.com.br\/blog\/#organization"},"potentialAction":[{"@type":"SearchAction","target":{"@type":"EntryPoint","urlTemplate":"https:\/\/www.estrategiaconcursos.com.br\/blog\/?s={search_term_string}"},"query-input":{"@type":"PropertyValueSpecification","valueRequired":true,"valueName":"search_term_string"}}],"inLanguage":"pt-BR"},{"@type":"Organization","@id":"https:\/\/www.estrategiaconcursos.com.br\/blog\/#organization","name":"Estrat\u00e9gia Concursos","url":"https:\/\/www.estrategiaconcursos.com.br\/blog\/","logo":{"@type":"ImageObject","inLanguage":"pt-BR","@id":"https:\/\/www.estrategiaconcursos.com.br\/blog\/#\/schema\/logo\/image\/","url":"https:\/\/dhg1h5j42swfq.cloudfront.net\/2025\/06\/03203428\/logo_concursos-1.jpg","contentUrl":"https:\/\/dhg1h5j42swfq.cloudfront.net\/2025\/06\/03203428\/logo_concursos-1.jpg","width":230,"height":60,"caption":"Estrat\u00e9gia Concursos"},"image":{"@id":"https:\/\/www.estrategiaconcursos.com.br\/blog\/#\/schema\/logo\/image\/"},"sameAs":["https:\/\/x.com\/EstratConcursos"]},{"@type":"Person","@id":"https:\/\/www.estrategiaconcursos.com.br\/blog\/#\/schema\/person\/4970184533d0a3ffa5b0299ae0a2b21f","name":"Thiago Cavalcante Gomes","image":{"@type":"ImageObject","inLanguage":"pt-BR","@id":"https:\/\/secure.gravatar.com\/avatar\/?s=96&d=mm&r=g","url":"https:\/\/secure.gravatar.com\/avatar\/?s=96&d=mm&r=g","contentUrl":"https:\/\/secure.gravatar.com\/avatar\/?s=96&d=mm&r=g","caption":"Thiago Cavalcante Gomes"},"url":"https:\/\/www.estrategiaconcursos.com.br\/blog\/author\/thiago-gomes\/"}]}},"_links":{"self":[{"href":"https:\/\/www.estrategiaconcursos.com.br\/blog\/wp-json\/wp\/v2\/posts\/1101596","targetHints":{"allow":["GET"]}}],"collection":[{"href":"https:\/\/www.estrategiaconcursos.com.br\/blog\/wp-json\/wp\/v2\/posts"}],"about":[{"href":"https:\/\/www.estrategiaconcursos.com.br\/blog\/wp-json\/wp\/v2\/types\/post"}],"author":[{"embeddable":true,"href":"https:\/\/www.estrategiaconcursos.com.br\/blog\/wp-json\/wp\/v2\/users\/2041"}],"replies":[{"embeddable":true,"href":"https:\/\/www.estrategiaconcursos.com.br\/blog\/wp-json\/wp\/v2\/comments?post=1101596"}],"version-history":[{"count":12,"href":"https:\/\/www.estrategiaconcursos.com.br\/blog\/wp-json\/wp\/v2\/posts\/1101596\/revisions"}],"predecessor-version":[{"id":1129023,"href":"https:\/\/www.estrategiaconcursos.com.br\/blog\/wp-json\/wp\/v2\/posts\/1101596\/revisions\/1129023"}],"wp:featuredmedia":[{"embeddable":true,"href":"https:\/\/www.estrategiaconcursos.com.br\/blog\/wp-json\/wp\/v2\/media\/741188"}],"wp:attachment":[{"href":"https:\/\/www.estrategiaconcursos.com.br\/blog\/wp-json\/wp\/v2\/media?parent=1101596"}],"wp:term":[{"taxonomy":"category","embeddable":true,"href":"https:\/\/www.estrategiaconcursos.com.br\/blog\/wp-json\/wp\/v2\/categories?post=1101596"},{"taxonomy":"post_tag","embeddable":true,"href":"https:\/\/www.estrategiaconcursos.com.br\/blog\/wp-json\/wp\/v2\/tags?post=1101596"},{"taxonomy":"tax_estado","embeddable":true,"href":"https:\/\/www.estrategiaconcursos.com.br\/blog\/wp-json\/wp\/v2\/tax_estado?post=1101596"}],"curies":[{"name":"wp","href":"https:\/\/api.w.org\/{rel}","templated":true}]}}