{"id":110155,"date":"2018-03-09T11:28:42","date_gmt":"2018-03-09T14:28:42","guid":{"rendered":"https:\/\/www.estrategiaconcursos.com.br\/blog\/?p=110155"},"modified":"2019-07-22T14:35:39","modified_gmt":"2019-07-22T17:35:39","slug":"edital-concurso-trt-15","status":"publish","type":"post","link":"https:\/\/www.estrategiaconcursos.com.br\/blog\/edital-concurso-trt-15\/","title":{"rendered":"Edital do Concurso TRT 15 (Campinas e Interior SP) &#8211; An\u00e1lise completa desta oportunidade"},"content":{"rendered":"<p>Foi publicado oficialmente no dia 09 de mar\u00e7o, o&nbsp;<strong>edital do Concurso TRT 15 (Campinas e Interior SP)<\/strong>. \u00c9 importante datar este evento devido a minuta deste edital ter vazado na noite do dia 07 de mar\u00e7o.<\/p>\n<p>Eu e o professor Felipe Luccas fizemos uma an\u00e1lise completa dessa minuta em v\u00eddeo, juntamente com a antecipa\u00e7\u00e3o da an\u00e1lise de edital. Voc\u00ea pode ainda assistir ao chegar no final deste artigo, atrav\u00e9s de um link.<\/p>\n<p><em><strong>Ao longo da mat\u00e9ria, voc\u00ea tamb\u00e9m ter\u00e1 as principais informa\u00e7\u00f5es sobre o certame, te deixando sem d\u00favidas quento as perguntas: prestar ou n\u00e3o prestar este concurso?<\/strong><\/em><\/p>\n<p>E voc\u00ea, ainda, poder\u00e1 responder estas perguntas: Como aproveitar as demais oportunidades nos TRTs em 2018? Para quais cargos concorrer? Que disciplinas priorizar?<\/p>\n<p><em>N\u00e3o perca esta oportunidade gratuita de conferir um material de qualidade sobre o Concurso TRT 15!<\/em><\/p>\n<h2>Conhecendo melhor o TRT 15<\/h2>\n<p>O Tribunal Regional do Trabalho da 15 \u00aa Regi\u00e3o \u00e9 respons\u00e1vel pelas a\u00e7\u00f5es trabalhistas no interior de S\u00e3o Paulo, trata-se do \u00fanico do&nbsp;Estado de S\u00e3o Paulo que possui dois TRTs:&nbsp; TRT 2, respons\u00e1vel pela capital e pela Grande S\u00e3o Paulo, e TRT 15, com sede em Campinas\/SP e respons\u00e1vel por todo o interior.<\/p>\n<p>Falando no TRT 2, <strong>este \u00f3rg\u00e3o<\/strong><strong><em>&nbsp;tamb\u00e9m j\u00e1 tem concurso autorizado<\/em><\/strong>, com banca escolhida desde do dia 08 de mar\u00e7o, a FCC. O que te d\u00e1 a oportunidade de estudar para ambos os concursos, pois&nbsp;<em><strong>\u00e9 poss\u00edvel conjugar o estudo para o TRT 15 e TRT 2<\/strong><\/em> com grande facilidade; uma vez que os dois certames possuem muitas disciplinas em comum e, al\u00e9m disso, ser\u00e3o aplicados pela mesma banca organizadora.<\/p>\n<p>Como disse, o TRT 15 tem sede em Campinas. Al\u00e9m disso, este Tribunal divide o Estado de S\u00e3o Paulo em v\u00e1rios polos. Cada polo \u00e9 formado por uma cidade principal, onde fica a sede do polo, e outras cidades cujas varas do trabalho s\u00e3o administradas por aquelas sedes.<\/p>\n<p>Por exemplo, no polo de S\u00e3o Jos\u00e9 dos Campos, para o qual a minha esposa prestou o concurso de TJAA em 2009 e foi aprovada, existem v\u00e1rias outras cidades sob sua jurisdi\u00e7\u00e3o: Jacare\u00ed, Taubat\u00e9, Campos do Jord\u00e3o, Pindamonhangaba e etc.; inclusive, a primeira lota\u00e7\u00e3o dela foi na Vara do Trabalho de Pindamonhangaba, sendo posteriormente removida para Jacare\u00ed.<\/p>\n<p>Quando voc\u00ea for prestar o concurso do TRT 15, voc\u00ea precisar\u00e1 escolher, j\u00e1 no ato de inscri\u00e7\u00e3o, em qual cidade prestar\u00e1 o concurso. Esta cidade \u00e9, necessariamente, a sede de um polo. E, caso voc\u00ea seja aprovado, voc\u00ea ser\u00e1 chamado para as vagas das cidades que integram aquele polo, preferencialmente.<\/p>\n<p>Um outro exemplo que posso citar \u00e9, quando a minha esposa foi chamada para tomar posse, ela foi informada de que haviam vagas em Pindamonhangaba e Lorena. S\u00f3 que ela optou pela vaga de &#8220;Pinda&#8221;, como costumamos chamar a cidade. E minha irm\u00e3, que tamb\u00e9m foi aprovada neste mesmo concurso, concorreu para o polo de S\u00e3o Jos\u00e9 dos Campos e, na \u00e9poca em que foi chamada, optou pela vaga na cidade de Lorena.<\/p>\n<p style=\"text-align: center;\"><a href=\"https:\/\/youtu.be\/xFgbefimUPY\" target=\"_blank\" rel=\"noopener noreferrer\"><em><strong><span style=\"font-size: 18pt;\">Confira, clicando aqui, a an\u00e1lise de edital TRT 15<\/span><\/strong><\/em><\/a><\/p>\n<h2>Est\u00e1 preparado o TRT 15?<\/h2>\n<p>Como disse anteriormente, \u00e9 poss\u00edvel estudar para ambos os concursos; ent\u00e3o nossa equipe de professores organizou um Curso Intensivo para sua melhor prepara\u00e7\u00e3o.<\/p>\n<p>O curso \u00e9 gratuito e acess\u00edvel. E para n\u00e3o perder mais nenhuma de nossas aulas acesse pelo link&nbsp;<a href=\"https:\/\/www.estrategiaconcursos.com.br\/gratis\/trt-2-e-15\/\" target=\"_blank\" rel=\"noopener noreferrer\">www.estrategiaconcursos\/cursoIntensivo-trt-2018<\/a>&nbsp;e preencha o formul\u00e1rio, com todos os dados pedidos.<\/p>\n<p>E, tem mais! Para voc\u00ea n\u00e3o se perder e se organizar melhor nos seus estudos, os professores da casa deram dicas imperd\u00edveis de estudo que foram documentadas e podem ser acessadas atrav\u00e9s do link dispon\u00edvel na imagem, basta clicar nela para acessar!&nbsp;Este material est\u00e1 organizado para os cargos de AJAJ, AJAA e TJAA.<\/p>\n<p><a href=\"https:\/\/drive.google.com\/drive\/folders\/1T7KYPqFTj1Vopy0RC076FteWBzq1Yixl\" target=\"_blank\" rel=\"noopener noreferrer\"><img loading=\"lazy\" decoding=\"async\" class=\"aligncenter wp-image-111387 size-full\" src=\"https:\/\/dhg1h5j42swfq.cloudfront.net\/2018\/03\/14150814\/CARD-TRT15.png\" alt=\"plano de estudos TRT15\" width=\"200\" height=\"240\"\/><\/a><\/p>\n<p style=\"text-align: center;\"><a href=\"https:\/\/drive.google.com\/drive\/folders\/1T7KYPqFTj1Vopy0RC076FteWBzq1Yixl\" target=\"_blank\" rel=\"noopener noreferrer\"><strong>Confira o Pacote completo para voc\u00ea montar o seu pr\u00f3prio plano de estudos sem pestanejar!<\/strong><\/a><\/p>\n<p style=\"text-align: center;\">&nbsp;Basta clicar na imagem, abrir o documento e seguir as instru\u00e7\u00f5es e sugest\u00f5es dos professores.<\/p>\n<h2>Informa\u00e7\u00f5es sobre o Edital TRT 15<\/h2>\n<p>Analisando <strong>o edital do TRT de Campinas<\/strong>, nota-se que as inscri\u00e7\u00f5es ser\u00e3o realizadas entre <em><strong>14\/03<\/strong> e <strong>04\/04<\/strong>&nbsp;<\/em>. Os valores s\u00e3o os seguintes:<\/p>\n<ul>\n<li><strong>R$95,00<\/strong> para os cargos de Analista Judici\u00e1rio, que s\u00e3o de <strong>n\u00edvel superior<\/strong>;<\/li>\n<li><strong>R$80,00<\/strong> para os cargos de T\u00e9cnico Judici\u00e1rio, que s\u00e3o de <strong>n\u00edvel m\u00e9dio<\/strong>.<\/li>\n<\/ul>\n<h2>Provas em 27 de Maio<\/h2>\n<p>Lembrando que as provas ocorrer\u00e3o no dia <strong>27 de maio<\/strong>, num domingo. O que significa que estamos a aproximadamente <strong>80&nbsp;dias<\/strong> da data da prova.<\/p>\n<p>\u00c9 tempo suficiente para se preparar? Falaremos sobre isso mais adiante.<\/p>\n<p style=\"padding-left: 30px;\"><em>T\u00e9cnico Judici\u00e1rio &#8211; Provas pela manh\u00e3<\/em><\/p>\n<p style=\"padding-left: 30px;\"><em>Analista Judici\u00e1rio-&nbsp; Provas pela tarde&nbsp;&nbsp;<\/em><\/p>\n<p><strong><em>Esta diferen\u00e7a de turnos a serem aplicadas as provas denota que \u00e9 poss\u00edvel se<\/em> inscrever e participar dos concursos para um cargo de n\u00edvel m\u00e9dio e um de n\u00edvel superior.<\/strong> Inclusive, esta \u00e9 uma pr\u00e1tica muito comum.<\/p>\n<p>Como h\u00e1 grande sobreposi\u00e7\u00e3o de disciplinas entre os cargos, como veremos adiante, \u00e9 perfeitamente poss\u00edvel se preparar para um cargo de n\u00edvel superior (como o AJAA &#8211; analista da \u00e1rea administrativa) e outro de n\u00edvel m\u00e9dio (como o TJAA &#8211; t\u00e9cnico da \u00e1rea administrativa).<\/p>\n<p>Quero lembrar que n\u00f3s, do Estrat\u00e9gia, lan\u00e7amos um pacote de cursos especificamente para quem pretende se preparar para estes dois cargos.<\/p>\n<h2>Edital TRT 15 &#8211; Os cargos<\/h2>\n<p>O edital do TRT 15 prev\u00ea apenas 2 vagas para provimento imediato, al\u00e9m da forma\u00e7\u00e3o de cadastro de reserva. Caso voc\u00ea n\u00e3o esteja acostumado com concursos de Tribunais, certamente deve ter desanimado com esses n\u00fameros. Mas \u00e9 importante que voc\u00ea tenha as informa\u00e7\u00f5es corretas. Os Tribunais tem colocado pouqu\u00edssimas vagas nos editais, e muitas vezes lan\u00e7am concursos exclusivamente para forma\u00e7\u00e3o de cadastro de reserva.<\/p>\n<p>Isto ocorre porque, caso o Tribunal disponha vagas no edital, ele fica OBRIGADO a realizar a contrata\u00e7\u00e3o daqueles servidores durante a validade do concurso. Assim, os gestores p\u00fablicos preferem formar um bom cadastro de reserva e, conforme a disponibilidade de verba, os \u00f3rg\u00e3os v\u00e3o convocando os servidores.<\/p>\n<p>Na pr\u00e1tica, isto tem resultado em n\u00fameros muito elevados de convoca\u00e7\u00f5es nos concursos recentes. Por exemplo, o \u00faltimo concurso do TRT 15, que ocorreu em 2013, foi respons\u00e1vel pela convoca\u00e7\u00e3o de mais de 400 servidores. E sabe quantas vagas havia no edital? Apenas 2 tamb\u00e9m.<\/p>\n<p>Ao todo, o \u00faltimo concurso <strong>nomeou 578<\/strong> candidatos. Caso voc\u00ea queira fazer uma an\u00e1lise mais detalhada, acesse o link abaixo para baixar o quadro de nomea\u00e7\u00f5es:<\/p>\n<p style=\"text-align: center;\"><span style=\"font-size: 14pt;\"><em><strong><a href=\"https:\/\/www.estrategiaconcursos.com.br\/blog\/wp-content\/uploads\/2018\/03\/Quadro-de-Nomea\u00e7\u00f5es-1.pdf\" target=\"_blank\" rel=\"noopener noreferrer\">Quadro de nomea\u00e7\u00f5es concurso TRT 15 <\/a><\/strong><\/em><\/span><\/p>\n<p>Al\u00e9m disso, o portal da transpar\u00eancia do \u00f3rg\u00e3o tamb\u00e9m conta com <strong>54 cargos vagos<\/strong> para<strong> analista<\/strong> e <strong>84<\/strong>, para<strong> t\u00e9cnico judici\u00e1rio<\/strong>. Logo, a possibilidade de diversas nomea\u00e7\u00f5es em curto prazo n\u00e3o est\u00e1 descartada.<\/p>\n<p>Dentre os cargos que ter\u00e3o forma\u00e7\u00e3o de cadastro de reserva, podemos mencionar os seguintes:<\/p>\n<p><strong>N\u00edvel superior:<\/strong><\/p>\n<ul>\n<li>Analista Judici\u00e1rio &#8211; \u00c1rea Judici\u00e1ria (AJAJ), exclusivo para bachar\u00e9is em Direito<\/li>\n<li>Analista Judici\u00e1rio &#8211; Oficial de Justi\u00e7a Avaliador Federal (OJAF), exclusivo para bachar\u00e9is em Direito<\/li>\n<li>Analista Judici\u00e1rio &#8211; \u00c1rea Administrativa (AJAA), que exige n\u00edvel superior em qualquer \u00e1rea<\/li>\n<li>Analista Judici\u00e1rio de \u00e1reas espec\u00edficas, como Psicologia, Arquitetura, Odontologia e Medicina<\/li>\n<\/ul>\n<p><strong>N\u00edvel m\u00e9dio:<\/strong><\/p>\n<ul>\n<li>T\u00e9cnico Judici\u00e1rio &#8211; \u00c1rea Administrativa (TJAA), que exige apenas n\u00edvel m\u00e9dio<\/li>\n<li>T\u00e9cnico Judici\u00e1rio &#8211; Enfermagem, que exige curso t\u00e9cnico na \u00e1rea, al\u00e9m do n\u00edvel m\u00e9dio<\/li>\n<li>T\u00e9cnico Judici\u00e1rio &#8211; Seguran\u00e7a, que tamb\u00e9m exige n\u00edvel m\u00e9dio<\/li>\n<\/ul>\n<h2><strong>Quanto ganha um servidor do TRT da 15\u00aa Regi\u00e3o?<\/strong><\/h2>\n<p>Os servidores dos Tribunais do Trabalho possuem uma remunera\u00e7\u00e3o composta por um vencimento b\u00e1sico, uma gratifica\u00e7\u00e3o de atividade judici\u00e1ria (GAJ) e mais uma s\u00e9rie de benef\u00edcios. Desta forma, como voc\u00ea ver\u00e1 a seguir, \u00e9 poss\u00edvel que um servidor em in\u00edcio de carreira, caso seja contemplado por uma fun\u00e7\u00e3o gratificada relativamente comum nos Tribunais (FC-2 a FC-4), receba pr\u00f3ximo de <strong>R$10.000<\/strong> por m\u00eas, no caso dos T\u00e9cnicos Judici\u00e1rios, e em torno de <strong>R$14.000<\/strong> por m\u00eas, no caso dos Analistas Judici\u00e1rios.<\/p>\n<p>O sal\u00e1rio inicial do T\u00e9cnico Judici\u00e1rio \u00e9 de cerca de <strong>R$ 6 mil<\/strong>&nbsp;, al\u00e9m da soma do vencimento e a GAJ. Para os T\u00e9cnicos da \u00e1rea de Seguran\u00e7a, o valor \u00e9 um pouco maior <strong>R$ 7.766,18<\/strong> . Some-se a isso o aux\u00edlio alimenta\u00e7\u00e3o (884 reais), aux\u00edlio sa\u00fade (em torno de 200 reais) e uma poss\u00edvel fun\u00e7\u00e3o gratificada (que vai de 1.000 a 9.500 reais).<\/p>\n<p>A prop\u00f3sito, \u00e9 bastante comum que, j\u00e1 nos primeiros meses de trabalho, v\u00e1rios servidores sejam contemplados por fun\u00e7\u00f5es gratificadas. Isto ocorreu com a minha irm\u00e3 e tamb\u00e9m com a minha esposa no TRT15, no TRT2 e no TST, al\u00e9m de v\u00e1rios outros colegas de trabalho delas.<\/p>\n<p>Caso o servidor tenha filhos pequenos, \u00e9 poss\u00edvel contar ainda com o aux\u00edlio creche, que gira em torno de 700 reais por m\u00eas. Este \u00e9 o nosso caso atual, pois temos um filho de 1 ano e 7 meses.<\/p>\n<p>Al\u00e9m desses valores, \u00e9 poss\u00edvel receber um adicional de qualifica\u00e7\u00e3o. Este varia de 1% a 12,5%, caso voc\u00ea fa\u00e7a cursos de aperfei\u00e7oamento no pr\u00f3prio tribunal ou, no caso do maior percentual, tenha doutorado. Caso voc\u00ea tenha n\u00edvel superior e assuma o cargo de T\u00e9cnico Judici\u00e1rio, far\u00e1 jus a uma gratifica\u00e7\u00e3o de 5% do vencimento b\u00e1sico.<\/p>\n<p>J\u00e1 o sal\u00e1rio inicial do Analista Judici\u00e1rio \u00e9 de <strong>R$ 11.006,83<\/strong> . Para os Oficiais de Justi\u00e7a, o valor \u00e9 um pouco maior <strong>R$ 12.742,14<\/strong>. Al\u00e9m disso, podem ser somados aqui os mesmos benef\u00edcios j\u00e1 descritos para os T\u00e9cnicos.<\/p>\n<h2>Aumentos dos vencimentos<\/h2>\n<p>\u00c9 importante destacar que, com o tempo, as remunera\u00e7\u00f5es dos servidores do TRT 15 passam a ser bem maiores, devido aos benef\u00edcios e as &#8220;vantagens pessoais&#8221;, estas sendo refentes ao tempo de servi\u00e7o de cada servidor. Como mostra a tabela abaixo, retirada do portal da transpar\u00eancia, alguns benef\u00edcios passam de R$ 2 mil.<\/p>\n<p>Ainda, segundo o portal, as indeniza\u00e7\u00f5es apresentadas na tabela referem-se aos benef\u00edcios:&nbsp;<em>aux\u00edlio-alimenta\u00e7\u00e3o,aux\u00edlio-transporte, aux\u00edlio Pr\u00e9-escolar, aux\u00edlio Sa\u00fade, aux\u00edlio Natalidade, aux\u00edlio moradia e ajuda de Custo.&nbsp;<\/em><\/p>\n<p><img loading=\"lazy\" decoding=\"async\" class=\"aligncenter wp-image-110195 size-full\" src=\"https:\/\/dhg1h5j42swfq.cloudfront.net\/2018\/03\/09112437\/trt-15-2.png\" alt=\"concurso TRT 15 \" width=\"422\" height=\"791\" srcset=\"https:\/\/dhg1h5j42swfq.cloudfront.net\/2018\/03\/09112437\/trt-15-2.png 422w, https:\/\/dhg1h5j42swfq.cloudfront.net\/2018\/03\/09112437\/trt-15-2.png 160w\" sizes=\"auto, (max-width: 422px) 100vw, 422px\" \/><\/p>\n<h3>Estrutura do Concurso do TRT da 15\u00aa Regi\u00e3o<\/h3>\n<p>As provas para o concurso do TRT 15 ter\u00e3o, em geral, a seguinte estrutura:<\/p>\n<ul>\n<li>20 quest\u00f5es de conhecimentos b\u00e1sicos, com peso 1<\/li>\n<li>40 quest\u00f5es de conhecimentos espec\u00edficos, com peso 3<\/li>\n<li>Prova discursiva, reda\u00e7\u00e3o e\/ou estudo de caso, conforme o cargo<\/li>\n<\/ul>\n<p>O tempo de prova ser\u00e1 de 4 horas e 30 minutos, com exce\u00e7\u00e3o do TJAA, que ter\u00e1 apenas 4 horas para fazer toda a prova.<\/p>\n<h3>Disciplinas exigidas no concurso<\/h3>\n<p>Analisando as disciplinas cobradas no concurso, observa-se a seguinte distribui\u00e7\u00e3o:<\/p>\n<p><strong>AJAJ E OFICIAL DE JUSTI\u00c7A<\/strong><br \/>\n&#8211; L\u00edngua Portuguesa<br \/>\n&#8211; Regimento Interno<br \/>\n&#8211; No\u00e7\u00f5es sobre direito das pessoas com defici\u00eancia<br \/>\n&#8211; Racioc\u00ednio L\u00f3gico-Matem\u00e1tico<br \/>\n&#8211; Administra\u00e7\u00e3o P\u00fablica<br \/>\n&#8211; D. Constitucional<br \/>\n&#8211; D. Administrativo<br \/>\n&#8211; D. do Trabalho<br \/>\n&#8211; D. Processual do Trabalho<br \/>\n&#8211; D. Civil<br \/>\n&#8211; D. Processual Civil<br \/>\n&#8211; D. Previdenci\u00e1rio<\/p>\n<p><strong>AJAA<\/strong><br \/>\n&#8211; L\u00edngua Portuguesa<br \/>\n&#8211; Regimento Interno<br \/>\n&#8211; No\u00e7\u00f5es sobre direito das pessoas com defici\u00eancia<br \/>\n&#8211; Racioc\u00ednio L\u00f3gico-Matem\u00e1tico<br \/>\n&#8211; Lei 8.112<br \/>\n&#8211; No\u00e7\u00f5es de Administra\u00e7\u00e3o Geral e P\u00fablica<br \/>\n&#8211; No\u00e7\u00f5es de Or\u00e7amento P\u00fablico<br \/>\n&#8211; No\u00e7\u00f5es de D. constitucional<br \/>\n&#8211; No\u00e7\u00f5es de D. Administrativo<br \/>\n&#8211; No\u00e7\u00f5es de D. do Trabalho<br \/>\n&#8211; No\u00e7\u00f5es de D. Processual do Trabalho<\/p>\n<p><strong>TJAA<\/strong><br \/>\n&#8211; L\u00edngua Portuguesa<br \/>\n&#8211; Regimento Interno<br \/>\n&#8211; No\u00e7\u00f5es sobre direito das pessoas com defici\u00eancia<br \/>\n&#8211; Racioc\u00ednio L\u00f3gico-Matem\u00e1tico<br \/>\n&#8211; No\u00e7\u00f5es de Administra\u00e7\u00e3o Geral e P\u00fablica<br \/>\n&#8211; No\u00e7\u00f5es de Or\u00e7amento P\u00fablico<br \/>\n&#8211; No\u00e7\u00f5es de D. constitucional<br \/>\n&#8211; No\u00e7\u00f5es de D. Administrativo<br \/>\n&#8211; No\u00e7\u00f5es de D. do Trabalho<br \/>\n&#8211; No\u00e7\u00f5es de D. Processual do Trabalh0<\/p>\n<p><strong>AJ-ARQUITETURA<\/strong><br \/>\n&#8211; L\u00edngua Portuguesa<br \/>\n&#8211; Regimento Interno<br \/>\n&#8211; No\u00e7\u00f5es sobre direito das pessoas com defici\u00eancia<br \/>\n&#8211; Racioc\u00ednio L\u00f3gico-Matem\u00e1tico<br \/>\n&#8211; Lei 8.112<\/p>\n<p>&#8211; Administra\u00e7\u00e3o P\u00fablica<br \/>\n&#8211; conhecimentos espec\u00edficos<\/p>\n<p><strong>AJ-PSICOLOGIA<\/strong><br \/>\n&#8211; L\u00edngua Portuguesa<br \/>\n&#8211; Regimento Interno<br \/>\n&#8211; No\u00e7\u00f5es sobre direito das pessoas com defici\u00eancia<br \/>\n&#8211; Racioc\u00ednio L\u00f3gico-Matem\u00e1tico<br \/>\n&#8211; Lei 8.112<br \/>\n&#8211; Administra\u00e7\u00e3o P\u00fablica<br \/>\n&#8211; conhecimentos espec\u00edficos<\/p>\n<p><strong>TJ-SEGURAN\u00c7A<\/strong><br \/>\n&#8211; L\u00edngua Portuguesa<br \/>\n&#8211; Regimento Interno<br \/>\n&#8211; No\u00e7\u00f5es sobre direito das pessoas com defici\u00eancia<br \/>\n&#8211; Racioc\u00ednio L\u00f3gico-Matem\u00e1tico<br \/>\n&#8211; Lei 8.112<\/p>\n<p>&#8211; Administra\u00e7\u00e3o P\u00fablica<br \/>\n&#8211; conhecimentos espec\u00edficos<\/p>\n<p><strong>TJ-ENFERMAGEM<\/strong><br \/>\n&#8211; L\u00edngua Portuguesa<br \/>\n&#8211; Regimento Interno<br \/>\n&#8211; No\u00e7\u00f5es sobre direito das pessoas com defici\u00eancia<br \/>\n&#8211; Racioc\u00ednio L\u00f3gico-Matem\u00e1tico<br \/>\n&#8211; Lei 8.112<\/p>\n<p>&#8211; Administra\u00e7\u00e3o P\u00fablica<br \/>\n&#8211; conhecimentos espec\u00edficos<\/p>\n<p>&nbsp;<\/p>\n<h3>\u00c9 poss\u00edvel concorrer a mais de um cargo no Concurso TRT 15?<\/h3>\n<p>Para responder a esta pergunta, deixo abaixo um comparativo entre as mat\u00e9rias de alguns dos principais cargos deste certame:<\/p>\n<p><a href=\"https:\/\/dhg1h5j42swfq.cloudfront.net\/2018\/03\/09103147\/concurso-trt-15-comparativo.png\"><img loading=\"lazy\" decoding=\"async\" class=\"aligncenter size-full wp-image-110176\" src=\"https:\/\/dhg1h5j42swfq.cloudfront.net\/2018\/03\/09103147\/concurso-trt-15-comparativo.png\" alt=\"concurso trt 15 edital\" width=\"1022\" height=\"678\" srcset=\"https:\/\/dhg1h5j42swfq.cloudfront.net\/2018\/03\/09103147\/concurso-trt-15-comparativo.png 1022w, https:\/\/dhg1h5j42swfq.cloudfront.net\/2018\/03\/09103147\/concurso-trt-15-comparativo.png 300w, https:\/\/dhg1h5j42swfq.cloudfront.net\/2018\/03\/09103147\/concurso-trt-15-comparativo.png 768w, https:\/\/dhg1h5j42swfq.cloudfront.net\/2018\/03\/09103147\/concurso-trt-15-comparativo.png 610w\" sizes=\"auto, (max-width: 1022px) 100vw, 1022px\" \/><\/a><\/p>\n<p>&nbsp;<\/p>\n<p>Como se observa nesta tabela, h\u00e1 uma grande sobreposi\u00e7\u00e3o de disciplinas entre os cargos. Note que, embora a Lei 8112 pare\u00e7a n\u00e3o ser cobrada para AJAJ\/OJAF, esta lei est\u00e1 dentro do conte\u00fado de Direito Administrativo destes cargos.<\/p>\n<p>Portanto, entendo que \u00e9 perfeitamente poss\u00edvel, e at\u00e9 aconselh\u00e1vel, se preparar para um cargo de n\u00edvel m\u00e9dio e outro de n\u00edvel superior. Naturalmente, tudo vai depender da sua disponibilidade e da bagagem de conhecimento que voc\u00ea j\u00e1 possui. Mas, estudando com muito foco e disciplina, e utilizando materiais feitos exclusivamente para o concurso do TRT 15, acredito que voc\u00ea pode chegar bastante competitivo no dia da prova.<\/p>\n","protected":false},"excerpt":{"rendered":"<p>Foi publicado oficialmente no dia 09 de mar\u00e7o, o&nbsp;edital do Concurso TRT 15 (Campinas e Interior SP). \u00c9 importante datar este evento devido a minuta deste edital ter vazado na noite do dia 07 de mar\u00e7o. Eu e o professor Felipe Luccas fizemos uma an\u00e1lise completa dessa minuta em v\u00eddeo, juntamente com a antecipa\u00e7\u00e3o da [&hellip;]<\/p>\n","protected":false},"author":1,"featured_media":80676,"comment_status":"open","ping_status":"closed","sticky":false,"template":"","format":"standard","meta":{"post_tipo":"news","footnotes":""},"categories":[1],"tags":[],"tax_estado":[],"class_list":["post-110155","post","type-post","status-publish","format-standard","has-post-thumbnail","hentry","category-cursos-e-concursos"],"acf":[],"yoast_head":"<!-- This site is optimized with the Yoast SEO Premium plugin v27.2 (Yoast SEO v27.2) - https:\/\/yoast.com\/product\/yoast-seo-premium-wordpress\/ -->\n<title>Concurso TRT 15 2018: Confira as oportunidades do edital<\/title>\n<meta name=\"description\" content=\"Foi publicado, no di\u00e1rio Oficial da Uni\u00e3o, o edital para o concurso TRT 15. O certame oferta vagas para n\u00edvel m\u00e9dio e superior. Confira todas as oportunidades, datas de provas, conte\u00fados e muito mais!\" \/>\n<meta name=\"robots\" content=\"index, follow, max-snippet:-1, max-image-preview:large, max-video-preview:-1\" \/>\n<link rel=\"canonical\" href=\"https:\/\/www.estrategiaconcursos.com.br\/blog\/edital-concurso-trt-15\/\" \/>\n<meta property=\"og:locale\" content=\"pt_BR\" \/>\n<meta property=\"og:type\" content=\"article\" \/>\n<meta property=\"og:title\" content=\"Edital do Concurso TRT 15 (Campinas e Interior SP) - An\u00e1lise completa desta oportunidade\" \/>\n<meta property=\"og:description\" content=\"Foi publicado, no di\u00e1rio Oficial da Uni\u00e3o, o edital para o concurso TRT 15. O certame oferta vagas para n\u00edvel m\u00e9dio e superior. Confira todas as oportunidades, datas de provas, conte\u00fados e muito mais!\" \/>\n<meta property=\"og:url\" content=\"https:\/\/www.estrategiaconcursos.com.br\/blog\/edital-concurso-trt-15\/\" \/>\n<meta property=\"og:site_name\" content=\"Estrat\u00e9gia Concursos\" \/>\n<meta property=\"article:author\" content=\"https:\/\/www.facebook.com\/EstrategiaConcursos\" \/>\n<meta property=\"article:published_time\" content=\"2018-03-09T14:28:42+00:00\" \/>\n<meta property=\"article:modified_time\" content=\"2019-07-22T17:35:39+00:00\" \/>\n<meta property=\"og:image\" content=\"https:\/\/dhg1h5j42swfq.cloudfront.net\/2017\/07\/06161524\/TRT-15-1-e1499368544746.jpg\" \/>\n\t<meta property=\"og:image:width\" content=\"400\" \/>\n\t<meta property=\"og:image:height\" content=\"209\" \/>\n\t<meta property=\"og:image:type\" content=\"image\/jpeg\" \/>\n<meta name=\"author\" content=\"Coordena\u00e7\u00e3o\" \/>\n<meta name=\"twitter:card\" content=\"summary_large_image\" \/>\n<meta name=\"twitter:creator\" content=\"@EstratConcursos\" \/>\n<meta name=\"twitter:site\" content=\"@EstratConcursos\" \/>\n<meta name=\"twitter:label1\" content=\"Escrito por\" \/>\n\t<meta name=\"twitter:data1\" content=\"Coordena\u00e7\u00e3o\" \/>\n\t<meta name=\"twitter:label2\" content=\"Est. tempo de leitura\" \/>\n\t<meta name=\"twitter:data2\" content=\"12 minutos\" \/>\n<script type=\"application\/ld+json\" class=\"yoast-schema-graph\">{\"@context\":\"https:\/\/schema.org\",\"@graph\":[{\"@type\":\"NewsArticle\",\"@id\":\"https:\/\/www.estrategiaconcursos.com.br\/blog\/edital-concurso-trt-15\/#article\",\"isPartOf\":{\"@id\":\"https:\/\/www.estrategiaconcursos.com.br\/blog\/edital-concurso-trt-15\/\"},\"author\":{\"name\":\"Coordena\u00e7\u00e3o\",\"@id\":\"https:\/\/www.estrategiaconcursos.com.br\/blog\/#\/schema\/person\/b4a388c97673c5f483d72185668afa1f\"},\"headline\":\"Edital do Concurso TRT 15 (Campinas e Interior SP) &#8211; An\u00e1lise completa desta oportunidade\",\"datePublished\":\"2018-03-09T14:28:42+00:00\",\"dateModified\":\"2019-07-22T17:35:39+00:00\",\"mainEntityOfPage\":{\"@id\":\"https:\/\/www.estrategiaconcursos.com.br\/blog\/edital-concurso-trt-15\/\"},\"wordCount\":2334,\"commentCount\":2,\"publisher\":{\"@id\":\"https:\/\/www.estrategiaconcursos.com.br\/blog\/#organization\"},\"image\":{\"@id\":\"https:\/\/www.estrategiaconcursos.com.br\/blog\/edital-concurso-trt-15\/#primaryimage\"},\"thumbnailUrl\":\"https:\/\/dhg1h5j42swfq.cloudfront.net\/2017\/07\/06161524\/TRT-15-1-e1499368544746.jpg\",\"articleSection\":[\"Concursos P\u00fablicos\"],\"inLanguage\":\"pt-BR\",\"potentialAction\":[{\"@type\":\"CommentAction\",\"name\":\"Comment\",\"target\":[\"https:\/\/www.estrategiaconcursos.com.br\/blog\/edital-concurso-trt-15\/#respond\"]}],\"copyrightYear\":\"2018\",\"copyrightHolder\":{\"@id\":\"https:\/\/www.estrategiaconcursos.com.br\/blog\/#organization\"}},{\"@type\":\"WebPage\",\"@id\":\"https:\/\/www.estrategiaconcursos.com.br\/blog\/edital-concurso-trt-15\/\",\"url\":\"https:\/\/www.estrategiaconcursos.com.br\/blog\/edital-concurso-trt-15\/\",\"name\":\"Concurso TRT 15 2018: Confira as oportunidades do edital\",\"isPartOf\":{\"@id\":\"https:\/\/www.estrategiaconcursos.com.br\/blog\/#website\"},\"primaryImageOfPage\":{\"@id\":\"https:\/\/www.estrategiaconcursos.com.br\/blog\/edital-concurso-trt-15\/#primaryimage\"},\"image\":{\"@id\":\"https:\/\/www.estrategiaconcursos.com.br\/blog\/edital-concurso-trt-15\/#primaryimage\"},\"thumbnailUrl\":\"https:\/\/dhg1h5j42swfq.cloudfront.net\/2017\/07\/06161524\/TRT-15-1-e1499368544746.jpg\",\"datePublished\":\"2018-03-09T14:28:42+00:00\",\"dateModified\":\"2019-07-22T17:35:39+00:00\",\"description\":\"Foi publicado, no di\u00e1rio Oficial da Uni\u00e3o, o edital para o concurso TRT 15. O certame oferta vagas para n\u00edvel m\u00e9dio e superior. Confira todas as oportunidades, datas de provas, conte\u00fados e muito mais!\",\"breadcrumb\":{\"@id\":\"https:\/\/www.estrategiaconcursos.com.br\/blog\/edital-concurso-trt-15\/#breadcrumb\"},\"inLanguage\":\"pt-BR\",\"potentialAction\":[{\"@type\":\"ReadAction\",\"target\":[\"https:\/\/www.estrategiaconcursos.com.br\/blog\/edital-concurso-trt-15\/\"]}]},{\"@type\":\"ImageObject\",\"inLanguage\":\"pt-BR\",\"@id\":\"https:\/\/www.estrategiaconcursos.com.br\/blog\/edital-concurso-trt-15\/#primaryimage\",\"url\":\"https:\/\/dhg1h5j42swfq.cloudfront.net\/2017\/07\/06161524\/TRT-15-1-e1499368544746.jpg\",\"contentUrl\":\"https:\/\/dhg1h5j42swfq.cloudfront.net\/2017\/07\/06161524\/TRT-15-1-e1499368544746.jpg\",\"width\":400,\"height\":209,\"caption\":\"concurso trt 15\"},{\"@type\":\"BreadcrumbList\",\"@id\":\"https:\/\/www.estrategiaconcursos.com.br\/blog\/edital-concurso-trt-15\/#breadcrumb\",\"itemListElement\":[{\"@type\":\"ListItem\",\"position\":1,\"name\":\"In\u00edcio\",\"item\":\"https:\/\/www.estrategiaconcursos.com.br\/blog\/\"},{\"@type\":\"ListItem\",\"position\":2,\"name\":\"Edital do Concurso TRT 15 (Campinas e Interior SP) &#8211; An\u00e1lise completa desta oportunidade\"}]},{\"@type\":\"WebSite\",\"@id\":\"https:\/\/www.estrategiaconcursos.com.br\/blog\/#website\",\"url\":\"https:\/\/www.estrategiaconcursos.com.br\/blog\/\",\"name\":\"Estrat\u00e9gia Concursos\",\"description\":\"O blog da Estrat\u00e9gia Concursos traz not\u00edcias sobre concursos e artigos de professores oferecendo cursos para concursos (pdf + videaulas) no site.\",\"publisher\":{\"@id\":\"https:\/\/www.estrategiaconcursos.com.br\/blog\/#organization\"},\"potentialAction\":[{\"@type\":\"SearchAction\",\"target\":{\"@type\":\"EntryPoint\",\"urlTemplate\":\"https:\/\/www.estrategiaconcursos.com.br\/blog\/?s={search_term_string}\"},\"query-input\":{\"@type\":\"PropertyValueSpecification\",\"valueRequired\":true,\"valueName\":\"search_term_string\"}}],\"inLanguage\":\"pt-BR\"},{\"@type\":\"Organization\",\"@id\":\"https:\/\/www.estrategiaconcursos.com.br\/blog\/#organization\",\"name\":\"Estrat\u00e9gia Concursos\",\"url\":\"https:\/\/www.estrategiaconcursos.com.br\/blog\/\",\"logo\":{\"@type\":\"ImageObject\",\"inLanguage\":\"pt-BR\",\"@id\":\"https:\/\/www.estrategiaconcursos.com.br\/blog\/#\/schema\/logo\/image\/\",\"url\":\"https:\/\/dhg1h5j42swfq.cloudfront.net\/2025\/06\/03203428\/logo_concursos-1.jpg\",\"contentUrl\":\"https:\/\/dhg1h5j42swfq.cloudfront.net\/2025\/06\/03203428\/logo_concursos-1.jpg\",\"width\":230,\"height\":60,\"caption\":\"Estrat\u00e9gia Concursos\"},\"image\":{\"@id\":\"https:\/\/www.estrategiaconcursos.com.br\/blog\/#\/schema\/logo\/image\/\"},\"sameAs\":[\"https:\/\/x.com\/EstratConcursos\"]},{\"@type\":\"Person\",\"@id\":\"https:\/\/www.estrategiaconcursos.com.br\/blog\/#\/schema\/person\/b4a388c97673c5f483d72185668afa1f\",\"name\":\"Coordena\u00e7\u00e3o\",\"image\":{\"@type\":\"ImageObject\",\"inLanguage\":\"pt-BR\",\"@id\":\"https:\/\/secure.gravatar.com\/avatar\/b720319e4c9a967eb58678d110f4fe35452fc5d5f97b202bac7b8acceb18c6ad?s=96&d=mm&r=g\",\"url\":\"https:\/\/secure.gravatar.com\/avatar\/b720319e4c9a967eb58678d110f4fe35452fc5d5f97b202bac7b8acceb18c6ad?s=96&d=mm&r=g\",\"contentUrl\":\"https:\/\/secure.gravatar.com\/avatar\/b720319e4c9a967eb58678d110f4fe35452fc5d5f97b202bac7b8acceb18c6ad?s=96&d=mm&r=g\",\"caption\":\"Coordena\u00e7\u00e3o\"},\"sameAs\":[\"https:\/\/www.facebook.com\/EstrategiaConcursos\",\"https:\/\/x.com\/EstratConcursos\"],\"url\":\"https:\/\/www.estrategiaconcursos.com.br\/blog\/author\/estrategia2013\/\"}]}<\/script>\n<!-- \/ Yoast SEO Premium plugin. -->","yoast_head_json":{"title":"Concurso TRT 15 2018: Confira as oportunidades do edital","description":"Foi publicado, no di\u00e1rio Oficial da Uni\u00e3o, o edital para o concurso TRT 15. O certame oferta vagas para n\u00edvel m\u00e9dio e superior. Confira todas as oportunidades, datas de provas, conte\u00fados e muito mais!","robots":{"index":"index","follow":"follow","max-snippet":"max-snippet:-1","max-image-preview":"max-image-preview:large","max-video-preview":"max-video-preview:-1"},"canonical":"https:\/\/www.estrategiaconcursos.com.br\/blog\/edital-concurso-trt-15\/","og_locale":"pt_BR","og_type":"article","og_title":"Edital do Concurso TRT 15 (Campinas e Interior SP) - An\u00e1lise completa desta oportunidade","og_description":"Foi publicado, no di\u00e1rio Oficial da Uni\u00e3o, o edital para o concurso TRT 15. O certame oferta vagas para n\u00edvel m\u00e9dio e superior. Confira todas as oportunidades, datas de provas, conte\u00fados e muito mais!","og_url":"https:\/\/www.estrategiaconcursos.com.br\/blog\/edital-concurso-trt-15\/","og_site_name":"Estrat\u00e9gia Concursos","article_author":"https:\/\/www.facebook.com\/EstrategiaConcursos","article_published_time":"2018-03-09T14:28:42+00:00","article_modified_time":"2019-07-22T17:35:39+00:00","og_image":[{"width":400,"height":209,"url":"https:\/\/dhg1h5j42swfq.cloudfront.net\/2017\/07\/06161524\/TRT-15-1-e1499368544746.jpg","type":"image\/jpeg"}],"author":"Coordena\u00e7\u00e3o","twitter_card":"summary_large_image","twitter_creator":"@EstratConcursos","twitter_site":"@EstratConcursos","twitter_misc":{"Escrito por":"Coordena\u00e7\u00e3o","Est. tempo de leitura":"12 minutos"},"schema":{"@context":"https:\/\/schema.org","@graph":[{"@type":"NewsArticle","@id":"https:\/\/www.estrategiaconcursos.com.br\/blog\/edital-concurso-trt-15\/#article","isPartOf":{"@id":"https:\/\/www.estrategiaconcursos.com.br\/blog\/edital-concurso-trt-15\/"},"author":{"name":"Coordena\u00e7\u00e3o","@id":"https:\/\/www.estrategiaconcursos.com.br\/blog\/#\/schema\/person\/b4a388c97673c5f483d72185668afa1f"},"headline":"Edital do Concurso TRT 15 (Campinas e Interior SP) &#8211; An\u00e1lise completa desta oportunidade","datePublished":"2018-03-09T14:28:42+00:00","dateModified":"2019-07-22T17:35:39+00:00","mainEntityOfPage":{"@id":"https:\/\/www.estrategiaconcursos.com.br\/blog\/edital-concurso-trt-15\/"},"wordCount":2334,"commentCount":2,"publisher":{"@id":"https:\/\/www.estrategiaconcursos.com.br\/blog\/#organization"},"image":{"@id":"https:\/\/www.estrategiaconcursos.com.br\/blog\/edital-concurso-trt-15\/#primaryimage"},"thumbnailUrl":"https:\/\/dhg1h5j42swfq.cloudfront.net\/2017\/07\/06161524\/TRT-15-1-e1499368544746.jpg","articleSection":["Concursos P\u00fablicos"],"inLanguage":"pt-BR","potentialAction":[{"@type":"CommentAction","name":"Comment","target":["https:\/\/www.estrategiaconcursos.com.br\/blog\/edital-concurso-trt-15\/#respond"]}],"copyrightYear":"2018","copyrightHolder":{"@id":"https:\/\/www.estrategiaconcursos.com.br\/blog\/#organization"}},{"@type":"WebPage","@id":"https:\/\/www.estrategiaconcursos.com.br\/blog\/edital-concurso-trt-15\/","url":"https:\/\/www.estrategiaconcursos.com.br\/blog\/edital-concurso-trt-15\/","name":"Concurso TRT 15 2018: Confira as oportunidades do edital","isPartOf":{"@id":"https:\/\/www.estrategiaconcursos.com.br\/blog\/#website"},"primaryImageOfPage":{"@id":"https:\/\/www.estrategiaconcursos.com.br\/blog\/edital-concurso-trt-15\/#primaryimage"},"image":{"@id":"https:\/\/www.estrategiaconcursos.com.br\/blog\/edital-concurso-trt-15\/#primaryimage"},"thumbnailUrl":"https:\/\/dhg1h5j42swfq.cloudfront.net\/2017\/07\/06161524\/TRT-15-1-e1499368544746.jpg","datePublished":"2018-03-09T14:28:42+00:00","dateModified":"2019-07-22T17:35:39+00:00","description":"Foi publicado, no di\u00e1rio Oficial da Uni\u00e3o, o edital para o concurso TRT 15. O certame oferta vagas para n\u00edvel m\u00e9dio e superior. Confira todas as oportunidades, datas de provas, conte\u00fados e muito mais!","breadcrumb":{"@id":"https:\/\/www.estrategiaconcursos.com.br\/blog\/edital-concurso-trt-15\/#breadcrumb"},"inLanguage":"pt-BR","potentialAction":[{"@type":"ReadAction","target":["https:\/\/www.estrategiaconcursos.com.br\/blog\/edital-concurso-trt-15\/"]}]},{"@type":"ImageObject","inLanguage":"pt-BR","@id":"https:\/\/www.estrategiaconcursos.com.br\/blog\/edital-concurso-trt-15\/#primaryimage","url":"https:\/\/dhg1h5j42swfq.cloudfront.net\/2017\/07\/06161524\/TRT-15-1-e1499368544746.jpg","contentUrl":"https:\/\/dhg1h5j42swfq.cloudfront.net\/2017\/07\/06161524\/TRT-15-1-e1499368544746.jpg","width":400,"height":209,"caption":"concurso trt 15"},{"@type":"BreadcrumbList","@id":"https:\/\/www.estrategiaconcursos.com.br\/blog\/edital-concurso-trt-15\/#breadcrumb","itemListElement":[{"@type":"ListItem","position":1,"name":"In\u00edcio","item":"https:\/\/www.estrategiaconcursos.com.br\/blog\/"},{"@type":"ListItem","position":2,"name":"Edital do Concurso TRT 15 (Campinas e Interior SP) &#8211; An\u00e1lise completa desta oportunidade"}]},{"@type":"WebSite","@id":"https:\/\/www.estrategiaconcursos.com.br\/blog\/#website","url":"https:\/\/www.estrategiaconcursos.com.br\/blog\/","name":"Estrat\u00e9gia Concursos","description":"O blog da Estrat\u00e9gia Concursos traz not\u00edcias sobre concursos e artigos de professores oferecendo cursos para concursos (pdf + videaulas) no site.","publisher":{"@id":"https:\/\/www.estrategiaconcursos.com.br\/blog\/#organization"},"potentialAction":[{"@type":"SearchAction","target":{"@type":"EntryPoint","urlTemplate":"https:\/\/www.estrategiaconcursos.com.br\/blog\/?s={search_term_string}"},"query-input":{"@type":"PropertyValueSpecification","valueRequired":true,"valueName":"search_term_string"}}],"inLanguage":"pt-BR"},{"@type":"Organization","@id":"https:\/\/www.estrategiaconcursos.com.br\/blog\/#organization","name":"Estrat\u00e9gia Concursos","url":"https:\/\/www.estrategiaconcursos.com.br\/blog\/","logo":{"@type":"ImageObject","inLanguage":"pt-BR","@id":"https:\/\/www.estrategiaconcursos.com.br\/blog\/#\/schema\/logo\/image\/","url":"https:\/\/dhg1h5j42swfq.cloudfront.net\/2025\/06\/03203428\/logo_concursos-1.jpg","contentUrl":"https:\/\/dhg1h5j42swfq.cloudfront.net\/2025\/06\/03203428\/logo_concursos-1.jpg","width":230,"height":60,"caption":"Estrat\u00e9gia Concursos"},"image":{"@id":"https:\/\/www.estrategiaconcursos.com.br\/blog\/#\/schema\/logo\/image\/"},"sameAs":["https:\/\/x.com\/EstratConcursos"]},{"@type":"Person","@id":"https:\/\/www.estrategiaconcursos.com.br\/blog\/#\/schema\/person\/b4a388c97673c5f483d72185668afa1f","name":"Coordena\u00e7\u00e3o","image":{"@type":"ImageObject","inLanguage":"pt-BR","@id":"https:\/\/secure.gravatar.com\/avatar\/b720319e4c9a967eb58678d110f4fe35452fc5d5f97b202bac7b8acceb18c6ad?s=96&d=mm&r=g","url":"https:\/\/secure.gravatar.com\/avatar\/b720319e4c9a967eb58678d110f4fe35452fc5d5f97b202bac7b8acceb18c6ad?s=96&d=mm&r=g","contentUrl":"https:\/\/secure.gravatar.com\/avatar\/b720319e4c9a967eb58678d110f4fe35452fc5d5f97b202bac7b8acceb18c6ad?s=96&d=mm&r=g","caption":"Coordena\u00e7\u00e3o"},"sameAs":["https:\/\/www.facebook.com\/EstrategiaConcursos","https:\/\/x.com\/EstratConcursos"],"url":"https:\/\/www.estrategiaconcursos.com.br\/blog\/author\/estrategia2013\/"}]}},"_links":{"self":[{"href":"https:\/\/www.estrategiaconcursos.com.br\/blog\/wp-json\/wp\/v2\/posts\/110155","targetHints":{"allow":["GET"]}}],"collection":[{"href":"https:\/\/www.estrategiaconcursos.com.br\/blog\/wp-json\/wp\/v2\/posts"}],"about":[{"href":"https:\/\/www.estrategiaconcursos.com.br\/blog\/wp-json\/wp\/v2\/types\/post"}],"author":[{"embeddable":true,"href":"https:\/\/www.estrategiaconcursos.com.br\/blog\/wp-json\/wp\/v2\/users\/1"}],"replies":[{"embeddable":true,"href":"https:\/\/www.estrategiaconcursos.com.br\/blog\/wp-json\/wp\/v2\/comments?post=110155"}],"version-history":[{"count":18,"href":"https:\/\/www.estrategiaconcursos.com.br\/blog\/wp-json\/wp\/v2\/posts\/110155\/revisions"}],"predecessor-version":[{"id":401504,"href":"https:\/\/www.estrategiaconcursos.com.br\/blog\/wp-json\/wp\/v2\/posts\/110155\/revisions\/401504"}],"wp:featuredmedia":[{"embeddable":true,"href":"https:\/\/www.estrategiaconcursos.com.br\/blog\/wp-json\/wp\/v2\/media\/80676"}],"wp:attachment":[{"href":"https:\/\/www.estrategiaconcursos.com.br\/blog\/wp-json\/wp\/v2\/media?parent=110155"}],"wp:term":[{"taxonomy":"category","embeddable":true,"href":"https:\/\/www.estrategiaconcursos.com.br\/blog\/wp-json\/wp\/v2\/categories?post=110155"},{"taxonomy":"post_tag","embeddable":true,"href":"https:\/\/www.estrategiaconcursos.com.br\/blog\/wp-json\/wp\/v2\/tags?post=110155"},{"taxonomy":"tax_estado","embeddable":true,"href":"https:\/\/www.estrategiaconcursos.com.br\/blog\/wp-json\/wp\/v2\/tax_estado?post=110155"}],"curies":[{"name":"wp","href":"https:\/\/api.w.org\/{rel}","templated":true}]}}