{"id":1101344,"date":"2022-11-16T17:02:00","date_gmt":"2022-11-16T20:02:00","guid":{"rendered":"https:\/\/www.estrategiaconcursos.com.br\/blog\/?p=1101344"},"modified":"2024-11-29T07:53:04","modified_gmt":"2024-11-29T10:53:04","slug":"concurso-pm-ba-edital-publicado-2022","status":"publish","type":"post","link":"https:\/\/www.estrategiaconcursos.com.br\/blog\/concurso-pm-ba-edital-publicado-2022\/","title":{"rendered":"Edital PM BA: inscri\u00e7\u00f5es encerradas! 2 mil vagas de Soldado"},"content":{"rendered":"\n<p>Publicado com 2.000 vagas para o <a href=\"https:\/\/www.estrategiaconcursos.com.br\/curso\/pm-ba-soldado-pacote-2022-pos-edital\/\" target=\"_blank\" rel=\"noreferrer noopener\">cargo de Soldado<\/a>, com sal\u00e1rio inicial de&nbsp;R$ 4.012,11, o <strong>edital PM BA<\/strong> (Pol\u00edcia Militar da Bahia) est\u00e1 com as inscri\u00e7\u00f5es encerradas! <\/p>\n\n\n\n<p>Os interessados em participar da sele\u00e7\u00e3o podem se candidatar at\u00e9 o dia 16 de novembro, no site da banca organizadora, <a href=\"https:\/\/www.concursosfcc.com.br\/concursos\/govba222\/index.html\" target=\"_blank\" rel=\"noreferrer noopener\">FCC<\/a>, ao custo de R$ 90,00.<\/p>\n\n\n\n<p>As oportunidades s\u00e3o distribu\u00eddas na cidade Salvador, al\u00e9m do interior dos munic\u00edpios de Feira de Santana, Alagoinhas, Itaberaba, Ilh\u00e9us, Juazeiro, Vit\u00f3ria da Conquista, Teixeira de Freitas e Barreiras.<\/p>\n\n\n\n<p>Para concorrer \u00e0s vagas \u00e9 necess\u00e1rio possuir forma\u00e7\u00e3o de n\u00edvel m\u00e9dio, idade m\u00e1xima de 30 anos e Carteira Nacional de Habilita\u00e7\u00e3o v\u00e1lida, categoria B. O sal\u00e1rio inicial do aprovado \u00e9 de&nbsp;<strong>R$ 4.012,11<\/strong>.<\/p>\n\n\n\n<ul class=\"has-very-light-gray-to-cyan-bluish-gray-gradient-background has-background wp-block-list\">\n<li><strong style=\"color: initial;\">Banca:<\/strong><span style=\"color: initial;\"> FCC<\/span><\/li>\n\n\n\n<li><strong>Vagas:<\/strong> 2.000 vagas de Soldado<\/li>\n\n\n\n<li><strong>Sal\u00e1rio inicial:<\/strong> at\u00e9 R$ 4.012,11<\/li>\n\n\n\n<li><strong>Edital:<\/strong> <a href=\"https:\/\/dhg1h5j42swfq.cloudfront.net\/2022\/09\/28055238\/edital-pm-ba-e-bombeiros-ba.pdf\" target=\"_blank\" rel=\"noreferrer noopener nofollow\">PMBA-2022<\/a><\/li>\n<\/ul>\n\n\n\n<div class=\"container\" id=\"boxes\">\n  <div class=\"row\">\n\n    <div class=\"col-sm\">\n      <div class=\"banner-policial\" id=\"box-assinatura\">\n        <h3 class=\"titulo-assinatura\">Concurso PM BA<\/h3>\n        <p class=\"subtitulo-assinatura\">Conhe\u00e7a os cursos<\/p>\n        <div class=\"box-botao\">\n          <a class=\"btn-assinatura\" target=\"_blank\" href=\"https:\/\/www.estrategiaconcursos.com.br\/cursosPorConcurso\/policia-militar-da-bahia-pm-ba\/\" role=\"button\" rel=\"noopener noreferrer\">Conhe\u00e7a mais<\/a>\n        <\/div>\n      <\/div>\n    <\/div>\n\n  <\/div>\n<\/div>\n\n\n\n<h2 class=\"wp-block-heading\" id=\"datas\">Principais datas do edital PM BA<\/h2>\n\n\n\n<ul class=\"wp-block-list\">\n<li><strong>Inscri\u00e7\u00f5es<\/strong>: <s>13 de outubro a 16 de novembro<\/s><\/li>\n\n\n\n<li><strong>Isen\u00e7\u00e3o da taxa<\/strong>: <s>13 a 18 de outubro<\/s><\/li>\n\n\n\n<li><strong>\u00daltimo dia para pagamento<\/strong>: <s>16 de novembro<\/s><\/li>\n\n\n\n<li><strong>Prova<\/strong>: 22 de janeiro de 2023<\/li>\n<\/ul>\n\n\n\n<h2 class=\"wp-block-heading\" id=\"cargos-vagas\">Cargos e vagas do edital PM BA<\/h2>\n\n\n\n<figure class=\"wp-block-table is-style-stripes\"><table class=\"has-very-light-gray-to-cyan-bluish-gray-gradient-background has-background has-fixed-layout\"><thead><tr><th class=\"has-text-align-center\" data-align=\"center\">CARGO<\/th><th class=\"has-text-align-center\" data-align=\"center\">VAGAS<\/th><th class=\"has-text-align-center\" data-align=\"center\">SAL\u00c1RIO<\/th><\/tr><\/thead><tbody><tr><td class=\"has-text-align-center\" data-align=\"center\"><a href=\"https:\/\/www.estrategiaconcursos.com.br\/curso\/pm-ba-soldado-pacote-2022-pos-edital\/\" target=\"_blank\" rel=\"noreferrer noopener\">Soldado<\/a><\/td><td class=\"has-text-align-center\" data-align=\"center\">2.000<\/td><td class=\"has-text-align-center\" data-align=\"center\">R$ 4.012,11 (ap\u00f3s o curso de forma\u00e7\u00e3o)<\/td><\/tr><\/tbody><\/table><\/figure>\n\n\n\n<h3 class=\"wp-block-heading\">Principais requisitos<\/h3>\n\n\n\n<ul class=\"wp-block-list\">\n<li>Idade entre 18 e 30 anos; <\/li>\n\n\n\n<li>Ter conclu\u00eddo ensino m\u00e9dio ou forma\u00e7\u00e3o t\u00e9cnica profissionalizante;<\/li>\n\n\n\n<li>Ter altura m\u00ednima de 1,60m para candidatos do sexo masculino e de 1,55m para candidatas do sexo feminino;<\/li>\n\n\n\n<li>Possuir Carteira Nacional de Habilita\u00e7\u00e3o v\u00e1lida, categoria B. <\/li>\n<\/ul>\n\n\n\n<h3 class=\"wp-block-heading\">Distribui\u00e7\u00e3o das vagas<\/h3>\n\n\n\n<ul class=\"wp-block-list\">\n<li>Salvador: 1.012 vagas masculino e 172 vagas feminino;<\/li>\n\n\n\n<li>Feira de Santana (Interior): 86 vagas masculino e 16 vagas feminino;<\/li>\n\n\n\n<li>Alagoinhas (Interior): 86 vagas masculino e 16 vagas feminino;<\/li>\n\n\n\n<li>Itaberaba (Interior): 86 vagas masculino e 16 vagas feminino;<\/li>\n\n\n\n<li>Ilh\u00e9us (Interior): 86 vagas masculino e 16 vagas feminino;<\/li>\n\n\n\n<li>Juazeiro (Interior): 86 vagas masculino e 16 vagas feminino;<\/li>\n\n\n\n<li>Vit\u00f3ria da Conquista (Interior): 86 vagas masculino e 16 vagas feminino;<\/li>\n\n\n\n<li>Teixeira de Freitas (Interior): 86 vagas masculino e 16 vagas feminino;<\/li>\n\n\n\n<li>Barreiras (Interior): 86 vagas masculino e 16 vagas feminino.<\/li>\n<\/ul>\n\n\n\n<h2 class=\"wp-block-heading\" id=\"etapas\">Etapas e provas do edital PM BA<\/h2>\n\n\n\n<p>Os candidatos do concurso PM BA ser\u00e3o avaliados mediante aplica\u00e7\u00e3o das seguintes etapas:<\/p>\n\n\n\n<ul class=\"wp-block-list\">\n<li><strong>1\u00aa Etapa<\/strong>: Prova Objetiva de Conhecimentos Gerais e de Conhecimentos Espec\u00edficos, de m\u00faltipla escolha, de car\u00e1ter eliminat\u00f3rio e classificat\u00f3rio;<\/li>\n\n\n\n<li><strong>2\u00aa Etapa<\/strong>: Prova Discursiva &#8211; Reda\u00e7\u00e3o, de car\u00e1ter eliminat\u00f3rio e classificat\u00f3rio.<\/li>\n<\/ul>\n\n\n\n<p>Os Exames Pr\u00e9-Admissionais (compostos de Avalia\u00e7\u00e3o Psicol\u00f3gica, Exames M\u00e9dicos-Odontol\u00f3gicos, Teste de Aptid\u00e3o F\u00edsica, Exame de Documenta\u00e7\u00e3o e Investiga\u00e7\u00e3o Social) e o Curso de Forma\u00e7\u00e3o ser\u00e3o realizados ap\u00f3s homologa\u00e7\u00e3o do resultado final, n\u00e3o consistindo em etapas do concurso.<\/p>\n\n\n\n<p>A aplica\u00e7\u00e3o das Provas Objetivas e da Prova Discursivas est\u00e1 prevista para o dia 22 de janeiro de 2023, no per\u00edodo da manh\u00e3, realizada nas Cidades: Barreiras, Feira de Santana, Ilh\u00e9us, Itaberaba, Juazeiro, Salvador e Vit\u00f3ria da Conquista.<\/p>\n\n\n\n<h3 class=\"wp-block-heading\" id=\"objetiva\">Provas Objetivas<\/h3>\n\n\n\n<p>As Provas Objetivas constar\u00e3o de quest\u00f5es de m\u00faltipla escolha (cinco alternativas), sendo 50 quest\u00f5es de Conhecimentos Gerais e 30 de Conhecimentos Espec\u00edficos, com valor de 1,25 ponto por quest\u00e3o.<\/p>\n\n\n\n<ul class=\"wp-block-list\">\n<li><strong>Conhecimentos Gerais:<\/strong>\n<ul class=\"wp-block-list\">\n<li><em>L\u00edngua Portuguesa<\/em><\/li>\n\n\n\n<li><em>Matem\u00e1tica<\/em><\/li>\n\n\n\n<li><em>Hist\u00f3ria do Brasil<\/em><\/li>\n\n\n\n<li><em>Geografia do Brasil<\/em><\/li>\n\n\n\n<li><em>Atualidades<\/em><\/li>\n\n\n\n<li><em>Inform\u00e1tica<\/em><\/li>\n<\/ul>\n<\/li>\n\n\n\n<li><strong>Conhecimentos Espec\u00edficos:<\/strong>\n<ul class=\"wp-block-list\">\n<li><em>Direito Constitucional<\/em><\/li>\n\n\n\n<li><em>Direitos Humanos<\/em><\/li>\n\n\n\n<li><em>Direito Administrativo<\/em><\/li>\n\n\n\n<li><em>Direito Penal<\/em><\/li>\n\n\n\n<li><em>Igualdade Racial e de G\u00eanero<\/em><\/li>\n\n\n\n<li><em>Direito Penal Militar<\/em><\/li>\n<\/ul>\n<\/li>\n<\/ul>\n\n\n\n<p>A prova do edital PM BA ser\u00e1 avaliada na escala de 0,00 a 100,00 pontos. Considerar-se-\u00e1 habilitado o candidato que obtiver nota igual ou superior a 60,00 pontos, resultantes da soma dos pontos obtidos nas provas de Conhecimentos Gerais e Espec\u00edficos.<\/p>\n\n\n\n<h3 class=\"wp-block-heading\" id=\"discursiva\">Prova Discursiva<\/h3>\n\n\n\n<p>Na Prova Discursiva ser\u00e3o apresentados tr\u00eas temas de reda\u00e7\u00e3o, onde o candidato dever\u00e1 escolher apenas um para desenvolver. Devem ser observados rigorosamente os limites m\u00ednimo de 20 linhas e m\u00e1ximo de 30 linhas.<\/p>\n\n\n\n<p>De car\u00e1ter eliminat\u00f3rio e classificat\u00f3rio, a reda\u00e7\u00e3o do edital PM BA ser\u00e1 avaliada na escala de 0 a 100,00 pontos, considerando-se habilitado o candidato que nela obtiver nota igual ou superior a 60,00 pontos.<\/p>\n\n\n\n<h3 class=\"wp-block-heading\" id=\"pratica\">Teste de Aptid\u00e3o F\u00edsica<\/h3>\n\n\n\n<p>Ap\u00f3s a publica\u00e7\u00e3o da homologa\u00e7\u00e3o do resultado final do concurso, a Pol\u00edcia Militar da Bahia convocar\u00e1 os candidatos aprovados para realiza\u00e7\u00e3o dos Exames Pr\u00e9-Admissionais consistentes em Avalia\u00e7\u00e3o Psicol\u00f3gica, Exames M\u00e9dicos-Odontol\u00f3gicos, Teste de Aptid\u00e3o F\u00edsica, Exame de Documenta\u00e7\u00e3o e Investiga\u00e7\u00e3o Social.<\/p>\n\n\n\n<p>Demais detalhes e informa\u00e7\u00f5es sobre as provas ser\u00e3o divulgadas oportunamente.<\/p>\n\n\n\n<p class=\"has-text-align-center has-background has-medium-font-size\" style=\"background-color:#8dd2fc5e\"><strong>Saiba mais: <a href=\"https:\/\/www.estrategiaconcursos.com.br\/blog\/concurso-pm-ba\/\" target=\"_blank\" rel=\"noreferrer noopener\">Concurso PM BA<\/a> <\/strong><\/p>\n\n\n\n<hr class=\"wp-block-separator has-alpha-channel-opacity\"\/>\n\n\n\n<h2 class=\"wp-block-heading has-text-align-center\" id=\"quer-saber-tudo-sobre-concursos-previstos-confira-nossos-artigos\">Quer saber tudo sobre concursos previstos?<br \/>Confira nossos artigos!<\/h2>\n\n\n\n<ul class=\"wp-block-list\">\n<li><a href=\"https:\/\/www.estrategiaconcursos.com.br\/blog\/concursos-abertos\/\" target=\"_blank\" rel=\"noreferrer noopener\">Concursos abertos<\/a><\/li>\n\n\n\n<li><a href=\"https:\/\/www.estrategiaconcursos.com.br\/blog\/concursos-2022\/\" target=\"_blank\" rel=\"noreferrer noopener\">Concursos 2022<\/a><\/li>\n\n\n\n<li><a href=\"https:\/\/www.estrategiaconcursos.com.br\/blog\/concursos-2023\/\" target=\"_blank\" rel=\"noreferrer noopener\">Concursos 2023<\/a><\/li>\n<\/ul>\n\n\n\n<h2 class=\"wp-block-heading has-text-align-center\" id=\"curso\">Quer estudar para o concurso PM BA?<\/h2>\n\n\n\n<div class=\"container\" id=\"boxes\">\n  <div class=\"row\">\n\n    <div class=\"col-sm\">\n      <div class=\"banner-policial\" id=\"box-assinatura\">\n        <h3 class=\"titulo-assinatura\">Concurso PM BA<\/h3>\n        <p class=\"subtitulo-assinatura\">Conhe\u00e7a os cursos<\/p>\n        <div class=\"box-botao\">\n          <a class=\"btn-assinatura\" target=\"_blank\" href=\"https:\/\/www.estrategiaconcursos.com.br\/cursosPorConcurso\/policia-militar-da-bahia-pm-ba\/\" role=\"button\" rel=\"noopener noreferrer\">Conhe\u00e7a mais<\/a>\n        <\/div>\n      <\/div>\n    <\/div>\n\n  <\/div>\n<\/div>\n\n\n\n<div class=\"container\" id=\"boxes\">\n  <div class=\"row\">\n\n    <div class=\"col-sm\">\n      <div class=\"estrategia\" id=\"box-assinatura\">\n        <h3 class=\"titulo-assinatura\">Assinatura de Concursos<\/h3>\n        <p class=\"subtitulo-assinatura\">Assinatura de 1 ou 2 anos<\/p>\n        <div class=\"box-botao\">\n          <a class=\"btn-assinatura\" target=\"_blank\" href=\"https:\/\/www.estrategiaconcursos.com.br\/assinaturas\/\" role=\"button\" rel=\"noopener noreferrer\">ASSINE AGORA<\/a>\n        <\/div>\n      <\/div>\n      <p class=\"texto-auxiliar\">.<\/p>\n    <\/div><\/div><\/div>\n\n\n\n<figure class=\"wp-block-image size-large is-resized\"><img loading=\"lazy\" decoding=\"async\" src=\"https:\/\/dhg1h5j42swfq.cloudfront.net\/2021\/03\/29161951\/ficha-tecnica-6-1024x632.png\" alt=\"Ficha do concurso PM BA\" class=\"wp-image-703669\" width=\"265\" height=\"164\" srcset=\"https:\/\/dhg1h5j42swfq.cloudfront.net\/2021\/03\/29161951\/ficha-tecnica-6-1024x632.png 1024w, https:\/\/dhg1h5j42swfq.cloudfront.net\/2021\/03\/29161951\/ficha-tecnica-6-300x185.png 300w, https:\/\/dhg1h5j42swfq.cloudfront.net\/2021\/03\/29161951\/ficha-tecnica-6-768x474.png 768w, https:\/\/dhg1h5j42swfq.cloudfront.net\/2021\/03\/29161951\/ficha-tecnica-6-1536x948.png 1536w, https:\/\/dhg1h5j42swfq.cloudfront.net\/2021\/03\/29161951\/ficha-tecnica-6-610x377.png 610w, https:\/\/dhg1h5j42swfq.cloudfront.net\/2021\/03\/29161951\/ficha-tecnica-6.png 1571w\" sizes=\"auto, (max-width: 265px) 100vw, 265px\" \/><\/figure>\n\n\n\n<h3 class=\"wp-block-heading\" id=\"ficha\">Informa\u00e7\u00f5es do edital PM BA <\/h3>\n\n\n\n<ul class=\"wp-block-list\">\n<li><strong>Provas: <\/strong>22\/01\/2023<\/li>\n\n\n\n<li><strong>Vagas: <\/strong>2.000<\/li>\n\n\n\n<li><strong>Cargo: <\/strong>Soldado<\/li>\n\n\n\n<li><strong>Banca: <\/strong>FCC<\/li>\n\n\n\n<li><strong>Escolaridade: <\/strong>n\u00edvel m\u00e9dio <\/li>\n\n\n\n<li><strong>Edital<\/strong>: <a href=\"https:\/\/dhg1h5j42swfq.cloudfront.net\/2022\/09\/28055238\/edital-pm-ba-e-bombeiros-ba.pdf\" target=\"_blank\" rel=\"noreferrer noopener nofollow\">PMBA-2022<\/a><\/li>\n<\/ul>\n","protected":false},"excerpt":{"rendered":"<p>Publicado com 2.000 vagas para o cargo de Soldado, com sal\u00e1rio inicial de&nbsp;R$ 4.012,11, o edital PM BA (Pol\u00edcia Militar da Bahia) est\u00e1 com as inscri\u00e7\u00f5es encerradas! Os interessados em participar da sele\u00e7\u00e3o podem se candidatar at\u00e9 o dia 16 de novembro, no site da banca organizadora, FCC, ao custo de R$ 90,00. As oportunidades [&hellip;]<\/p>\n","protected":false},"author":1206,"featured_media":698528,"comment_status":"open","ping_status":"closed","sticky":false,"template":"","format":"standard","meta":{"post_tipo":"news","footnotes":""},"categories":[220187,220219],"tags":[],"tax_estado":[219968],"class_list":["post-1101344","post","type-post","status-publish","format-standard","has-post-thumbnail","hentry","category-policial-pracas","category-noticias","tax_estado-ba"],"acf":[],"yoast_head":"<!-- This site is optimized with the Yoast SEO Premium plugin v27.2 (Yoast SEO v27.2) - https:\/\/yoast.com\/product\/yoast-seo-premium-wordpress\/ -->\n<title>Edital PM BA: inscri\u00e7\u00f5es encerradas! 2 mil vagas de Soldado<\/title>\n<meta name=\"description\" content=\"Edital PM BA \u00e9 publicado com 2 mil vagas para o cargo de Soldado, de n\u00edvel m\u00e9dio e sal\u00e1rio de R$ 4.012,11. Provas em janeiro!\" \/>\n<meta name=\"robots\" content=\"index, follow, max-snippet:-1, max-image-preview:large, max-video-preview:-1\" \/>\n<link rel=\"canonical\" href=\"https:\/\/www.estrategiaconcursos.com.br\/blog\/concurso-pm-ba-edital-publicado-2022\/\" \/>\n<meta property=\"og:locale\" content=\"pt_BR\" \/>\n<meta property=\"og:type\" content=\"article\" \/>\n<meta property=\"og:title\" content=\"Edital PM BA: inscri\u00e7\u00f5es encerradas! 2 mil vagas de Soldado\" \/>\n<meta property=\"og:description\" content=\"Edital PM BA \u00e9 publicado com 2 mil vagas para o cargo de Soldado, de n\u00edvel m\u00e9dio e sal\u00e1rio de R$ 4.012,11. Provas em janeiro!\" \/>\n<meta property=\"og:url\" content=\"https:\/\/www.estrategiaconcursos.com.br\/blog\/concurso-pm-ba-edital-publicado-2022\/\" \/>\n<meta property=\"og:site_name\" content=\"Estrat\u00e9gia Concursos\" \/>\n<meta property=\"article:published_time\" content=\"2022-11-16T20:02:00+00:00\" \/>\n<meta property=\"article:modified_time\" content=\"2024-11-29T10:53:04+00:00\" \/>\n<meta property=\"og:image\" content=\"https:\/\/dhg1h5j42swfq.cloudfront.net\/2021\/02\/22154936\/concurso-pm-ba.jpg\" \/>\n\t<meta property=\"og:image:width\" content=\"1200\" \/>\n\t<meta property=\"og:image:height\" content=\"628\" \/>\n\t<meta property=\"og:image:type\" content=\"image\/jpeg\" \/>\n<meta name=\"author\" content=\"Bruna de Andrade Fran\u00e7a\" \/>\n<meta name=\"twitter:card\" content=\"summary_large_image\" \/>\n<meta name=\"twitter:creator\" content=\"@EstratConcursos\" \/>\n<meta name=\"twitter:site\" content=\"@EstratConcursos\" \/>\n<meta name=\"twitter:label1\" content=\"Escrito por\" \/>\n\t<meta name=\"twitter:data1\" content=\"Bruna de Andrade Fran\u00e7a\" \/>\n\t<meta name=\"twitter:label2\" content=\"Est. tempo de leitura\" \/>\n\t<meta name=\"twitter:data2\" content=\"4 minutos\" \/>\n<script type=\"application\/ld+json\" class=\"yoast-schema-graph\">{\"@context\":\"https:\/\/schema.org\",\"@graph\":[{\"@type\":\"NewsArticle\",\"@id\":\"https:\/\/www.estrategiaconcursos.com.br\/blog\/concurso-pm-ba-edital-publicado-2022\/#article\",\"isPartOf\":{\"@id\":\"https:\/\/www.estrategiaconcursos.com.br\/blog\/concurso-pm-ba-edital-publicado-2022\/\"},\"author\":{\"name\":\"Bruna de Andrade Fran\u00e7a\",\"@id\":\"https:\/\/www.estrategiaconcursos.com.br\/blog\/#\/schema\/person\/6630f91134abc08115cca62ce6372855\"},\"headline\":\"Edital PM BA: inscri\u00e7\u00f5es encerradas! 2 mil vagas de Soldado\",\"datePublished\":\"2022-11-16T20:02:00+00:00\",\"dateModified\":\"2024-11-29T10:53:04+00:00\",\"mainEntityOfPage\":{\"@id\":\"https:\/\/www.estrategiaconcursos.com.br\/blog\/concurso-pm-ba-edital-publicado-2022\/\"},\"wordCount\":799,\"commentCount\":0,\"publisher\":{\"@id\":\"https:\/\/www.estrategiaconcursos.com.br\/blog\/#organization\"},\"image\":{\"@id\":\"https:\/\/www.estrategiaconcursos.com.br\/blog\/concurso-pm-ba-edital-publicado-2022\/#primaryimage\"},\"thumbnailUrl\":\"https:\/\/dhg1h5j42swfq.cloudfront.net\/2021\/02\/22154936\/concurso-pm-ba.jpg\",\"articleSection\":[\"Policial (PM\/BM - Pra\u00e7as)\",\"\u00daltimas not\u00edcias\"],\"inLanguage\":\"pt-BR\",\"potentialAction\":[{\"@type\":\"CommentAction\",\"name\":\"Comment\",\"target\":[\"https:\/\/www.estrategiaconcursos.com.br\/blog\/concurso-pm-ba-edital-publicado-2022\/#respond\"]}],\"copyrightYear\":\"2022\",\"copyrightHolder\":{\"@id\":\"https:\/\/www.estrategiaconcursos.com.br\/blog\/#organization\"}},{\"@type\":\"WebPage\",\"@id\":\"https:\/\/www.estrategiaconcursos.com.br\/blog\/concurso-pm-ba-edital-publicado-2022\/\",\"url\":\"https:\/\/www.estrategiaconcursos.com.br\/blog\/concurso-pm-ba-edital-publicado-2022\/\",\"name\":\"Edital PM BA: inscri\u00e7\u00f5es encerradas! 2 mil vagas de Soldado\",\"isPartOf\":{\"@id\":\"https:\/\/www.estrategiaconcursos.com.br\/blog\/#website\"},\"primaryImageOfPage\":{\"@id\":\"https:\/\/www.estrategiaconcursos.com.br\/blog\/concurso-pm-ba-edital-publicado-2022\/#primaryimage\"},\"image\":{\"@id\":\"https:\/\/www.estrategiaconcursos.com.br\/blog\/concurso-pm-ba-edital-publicado-2022\/#primaryimage\"},\"thumbnailUrl\":\"https:\/\/dhg1h5j42swfq.cloudfront.net\/2021\/02\/22154936\/concurso-pm-ba.jpg\",\"datePublished\":\"2022-11-16T20:02:00+00:00\",\"dateModified\":\"2024-11-29T10:53:04+00:00\",\"description\":\"Edital PM BA \u00e9 publicado com 2 mil vagas para o cargo de Soldado, de n\u00edvel m\u00e9dio e sal\u00e1rio de R$ 4.012,11. Provas em janeiro!\",\"breadcrumb\":{\"@id\":\"https:\/\/www.estrategiaconcursos.com.br\/blog\/concurso-pm-ba-edital-publicado-2022\/#breadcrumb\"},\"inLanguage\":\"pt-BR\",\"potentialAction\":[{\"@type\":\"ReadAction\",\"target\":[\"https:\/\/www.estrategiaconcursos.com.br\/blog\/concurso-pm-ba-edital-publicado-2022\/\"]}]},{\"@type\":\"ImageObject\",\"inLanguage\":\"pt-BR\",\"@id\":\"https:\/\/www.estrategiaconcursos.com.br\/blog\/concurso-pm-ba-edital-publicado-2022\/#primaryimage\",\"url\":\"https:\/\/dhg1h5j42swfq.cloudfront.net\/2021\/02\/22154936\/concurso-pm-ba.jpg\",\"contentUrl\":\"https:\/\/dhg1h5j42swfq.cloudfront.net\/2021\/02\/22154936\/concurso-pm-ba.jpg\",\"width\":1200,\"height\":628,\"caption\":\"edital pm ba\"},{\"@type\":\"BreadcrumbList\",\"@id\":\"https:\/\/www.estrategiaconcursos.com.br\/blog\/concurso-pm-ba-edital-publicado-2022\/#breadcrumb\",\"itemListElement\":[{\"@type\":\"ListItem\",\"position\":1,\"name\":\"In\u00edcio\",\"item\":\"https:\/\/www.estrategiaconcursos.com.br\/blog\/\"},{\"@type\":\"ListItem\",\"position\":2,\"name\":\"Edital PM BA: inscri\u00e7\u00f5es encerradas! 2 mil vagas de Soldado\"}]},{\"@type\":\"WebSite\",\"@id\":\"https:\/\/www.estrategiaconcursos.com.br\/blog\/#website\",\"url\":\"https:\/\/www.estrategiaconcursos.com.br\/blog\/\",\"name\":\"Estrat\u00e9gia Concursos\",\"description\":\"O blog da Estrat\u00e9gia Concursos traz not\u00edcias sobre concursos e artigos de professores oferecendo cursos para concursos (pdf + videaulas) no site.\",\"publisher\":{\"@id\":\"https:\/\/www.estrategiaconcursos.com.br\/blog\/#organization\"},\"potentialAction\":[{\"@type\":\"SearchAction\",\"target\":{\"@type\":\"EntryPoint\",\"urlTemplate\":\"https:\/\/www.estrategiaconcursos.com.br\/blog\/?s={search_term_string}\"},\"query-input\":{\"@type\":\"PropertyValueSpecification\",\"valueRequired\":true,\"valueName\":\"search_term_string\"}}],\"inLanguage\":\"pt-BR\"},{\"@type\":\"Organization\",\"@id\":\"https:\/\/www.estrategiaconcursos.com.br\/blog\/#organization\",\"name\":\"Estrat\u00e9gia Concursos\",\"url\":\"https:\/\/www.estrategiaconcursos.com.br\/blog\/\",\"logo\":{\"@type\":\"ImageObject\",\"inLanguage\":\"pt-BR\",\"@id\":\"https:\/\/www.estrategiaconcursos.com.br\/blog\/#\/schema\/logo\/image\/\",\"url\":\"https:\/\/dhg1h5j42swfq.cloudfront.net\/2025\/06\/03203428\/logo_concursos-1.jpg\",\"contentUrl\":\"https:\/\/dhg1h5j42swfq.cloudfront.net\/2025\/06\/03203428\/logo_concursos-1.jpg\",\"width\":230,\"height\":60,\"caption\":\"Estrat\u00e9gia Concursos\"},\"image\":{\"@id\":\"https:\/\/www.estrategiaconcursos.com.br\/blog\/#\/schema\/logo\/image\/\"},\"sameAs\":[\"https:\/\/x.com\/EstratConcursos\"]},{\"@type\":\"Person\",\"@id\":\"https:\/\/www.estrategiaconcursos.com.br\/blog\/#\/schema\/person\/6630f91134abc08115cca62ce6372855\",\"name\":\"Bruna de Andrade Fran\u00e7a\",\"image\":{\"@type\":\"ImageObject\",\"inLanguage\":\"pt-BR\",\"@id\":\"https:\/\/secure.gravatar.com\/avatar\/d6316d36d50cea0fadae28ed3015b8870cc90a2d3d8a95c37b44006af36a00e3?s=96&d=mm&r=g\",\"url\":\"https:\/\/secure.gravatar.com\/avatar\/d6316d36d50cea0fadae28ed3015b8870cc90a2d3d8a95c37b44006af36a00e3?s=96&d=mm&r=g\",\"contentUrl\":\"https:\/\/secure.gravatar.com\/avatar\/d6316d36d50cea0fadae28ed3015b8870cc90a2d3d8a95c37b44006af36a00e3?s=96&d=mm&r=g\",\"caption\":\"Bruna de Andrade Fran\u00e7a\"},\"description\":\"Bruna de Andrade Fran\u00e7a \u00e9 publicit\u00e1ria com p\u00f3s-gradua\u00e7\u00e3o em Marketing &amp; Growth, atuando h\u00e1 mais de 6 anos no universo dos concursos p\u00fablicos. Desde 2021, lidera no Blog do Estrat\u00e9gia Concursos a cobertura editorial especializada em Concursos Policiais (PF, PRF, PM, PC, etc.), al\u00e9m das frentes de concursos banc\u00e1rios, de sa\u00fade e da \u00e1rea legislativa. Especialista em reda\u00e7\u00e3o, com pr\u00e1ticas de SEO e Copywriting, possui tamb\u00e9m atua\u00e7\u00e3o pr\u00e1tica de contato direto com \u00f3rg\u00e3os p\u00fablicos respons\u00e1veis por editais, permitindo acesso antecipado a informa\u00e7\u00f5es, desdobramentos importantes e atualiza\u00e7\u00e3o eficiente dos concursos p\u00fablicos.\",\"url\":\"https:\/\/www.estrategiaconcursos.com.br\/blog\/author\/bruna-andrade\/\"}]}<\/script>\n<!-- \/ Yoast SEO Premium plugin. -->","yoast_head_json":{"title":"Edital PM BA: inscri\u00e7\u00f5es encerradas! 2 mil vagas de Soldado","description":"Edital PM BA \u00e9 publicado com 2 mil vagas para o cargo de Soldado, de n\u00edvel m\u00e9dio e sal\u00e1rio de R$ 4.012,11. Provas em janeiro!","robots":{"index":"index","follow":"follow","max-snippet":"max-snippet:-1","max-image-preview":"max-image-preview:large","max-video-preview":"max-video-preview:-1"},"canonical":"https:\/\/www.estrategiaconcursos.com.br\/blog\/concurso-pm-ba-edital-publicado-2022\/","og_locale":"pt_BR","og_type":"article","og_title":"Edital PM BA: inscri\u00e7\u00f5es encerradas! 2 mil vagas de Soldado","og_description":"Edital PM BA \u00e9 publicado com 2 mil vagas para o cargo de Soldado, de n\u00edvel m\u00e9dio e sal\u00e1rio de R$ 4.012,11. Provas em janeiro!","og_url":"https:\/\/www.estrategiaconcursos.com.br\/blog\/concurso-pm-ba-edital-publicado-2022\/","og_site_name":"Estrat\u00e9gia Concursos","article_published_time":"2022-11-16T20:02:00+00:00","article_modified_time":"2024-11-29T10:53:04+00:00","og_image":[{"width":1200,"height":628,"url":"https:\/\/dhg1h5j42swfq.cloudfront.net\/2021\/02\/22154936\/concurso-pm-ba.jpg","type":"image\/jpeg"}],"author":"Bruna de Andrade Fran\u00e7a","twitter_card":"summary_large_image","twitter_creator":"@EstratConcursos","twitter_site":"@EstratConcursos","twitter_misc":{"Escrito por":"Bruna de Andrade Fran\u00e7a","Est. tempo de leitura":"4 minutos"},"schema":{"@context":"https:\/\/schema.org","@graph":[{"@type":"NewsArticle","@id":"https:\/\/www.estrategiaconcursos.com.br\/blog\/concurso-pm-ba-edital-publicado-2022\/#article","isPartOf":{"@id":"https:\/\/www.estrategiaconcursos.com.br\/blog\/concurso-pm-ba-edital-publicado-2022\/"},"author":{"name":"Bruna de Andrade Fran\u00e7a","@id":"https:\/\/www.estrategiaconcursos.com.br\/blog\/#\/schema\/person\/6630f91134abc08115cca62ce6372855"},"headline":"Edital PM BA: inscri\u00e7\u00f5es encerradas! 2 mil vagas de Soldado","datePublished":"2022-11-16T20:02:00+00:00","dateModified":"2024-11-29T10:53:04+00:00","mainEntityOfPage":{"@id":"https:\/\/www.estrategiaconcursos.com.br\/blog\/concurso-pm-ba-edital-publicado-2022\/"},"wordCount":799,"commentCount":0,"publisher":{"@id":"https:\/\/www.estrategiaconcursos.com.br\/blog\/#organization"},"image":{"@id":"https:\/\/www.estrategiaconcursos.com.br\/blog\/concurso-pm-ba-edital-publicado-2022\/#primaryimage"},"thumbnailUrl":"https:\/\/dhg1h5j42swfq.cloudfront.net\/2021\/02\/22154936\/concurso-pm-ba.jpg","articleSection":["Policial (PM\/BM - Pra\u00e7as)","\u00daltimas not\u00edcias"],"inLanguage":"pt-BR","potentialAction":[{"@type":"CommentAction","name":"Comment","target":["https:\/\/www.estrategiaconcursos.com.br\/blog\/concurso-pm-ba-edital-publicado-2022\/#respond"]}],"copyrightYear":"2022","copyrightHolder":{"@id":"https:\/\/www.estrategiaconcursos.com.br\/blog\/#organization"}},{"@type":"WebPage","@id":"https:\/\/www.estrategiaconcursos.com.br\/blog\/concurso-pm-ba-edital-publicado-2022\/","url":"https:\/\/www.estrategiaconcursos.com.br\/blog\/concurso-pm-ba-edital-publicado-2022\/","name":"Edital PM BA: inscri\u00e7\u00f5es encerradas! 2 mil vagas de Soldado","isPartOf":{"@id":"https:\/\/www.estrategiaconcursos.com.br\/blog\/#website"},"primaryImageOfPage":{"@id":"https:\/\/www.estrategiaconcursos.com.br\/blog\/concurso-pm-ba-edital-publicado-2022\/#primaryimage"},"image":{"@id":"https:\/\/www.estrategiaconcursos.com.br\/blog\/concurso-pm-ba-edital-publicado-2022\/#primaryimage"},"thumbnailUrl":"https:\/\/dhg1h5j42swfq.cloudfront.net\/2021\/02\/22154936\/concurso-pm-ba.jpg","datePublished":"2022-11-16T20:02:00+00:00","dateModified":"2024-11-29T10:53:04+00:00","description":"Edital PM BA \u00e9 publicado com 2 mil vagas para o cargo de Soldado, de n\u00edvel m\u00e9dio e sal\u00e1rio de R$ 4.012,11. Provas em janeiro!","breadcrumb":{"@id":"https:\/\/www.estrategiaconcursos.com.br\/blog\/concurso-pm-ba-edital-publicado-2022\/#breadcrumb"},"inLanguage":"pt-BR","potentialAction":[{"@type":"ReadAction","target":["https:\/\/www.estrategiaconcursos.com.br\/blog\/concurso-pm-ba-edital-publicado-2022\/"]}]},{"@type":"ImageObject","inLanguage":"pt-BR","@id":"https:\/\/www.estrategiaconcursos.com.br\/blog\/concurso-pm-ba-edital-publicado-2022\/#primaryimage","url":"https:\/\/dhg1h5j42swfq.cloudfront.net\/2021\/02\/22154936\/concurso-pm-ba.jpg","contentUrl":"https:\/\/dhg1h5j42swfq.cloudfront.net\/2021\/02\/22154936\/concurso-pm-ba.jpg","width":1200,"height":628,"caption":"edital pm ba"},{"@type":"BreadcrumbList","@id":"https:\/\/www.estrategiaconcursos.com.br\/blog\/concurso-pm-ba-edital-publicado-2022\/#breadcrumb","itemListElement":[{"@type":"ListItem","position":1,"name":"In\u00edcio","item":"https:\/\/www.estrategiaconcursos.com.br\/blog\/"},{"@type":"ListItem","position":2,"name":"Edital PM BA: inscri\u00e7\u00f5es encerradas! 2 mil vagas de Soldado"}]},{"@type":"WebSite","@id":"https:\/\/www.estrategiaconcursos.com.br\/blog\/#website","url":"https:\/\/www.estrategiaconcursos.com.br\/blog\/","name":"Estrat\u00e9gia Concursos","description":"O blog da Estrat\u00e9gia Concursos traz not\u00edcias sobre concursos e artigos de professores oferecendo cursos para concursos (pdf + videaulas) no site.","publisher":{"@id":"https:\/\/www.estrategiaconcursos.com.br\/blog\/#organization"},"potentialAction":[{"@type":"SearchAction","target":{"@type":"EntryPoint","urlTemplate":"https:\/\/www.estrategiaconcursos.com.br\/blog\/?s={search_term_string}"},"query-input":{"@type":"PropertyValueSpecification","valueRequired":true,"valueName":"search_term_string"}}],"inLanguage":"pt-BR"},{"@type":"Organization","@id":"https:\/\/www.estrategiaconcursos.com.br\/blog\/#organization","name":"Estrat\u00e9gia Concursos","url":"https:\/\/www.estrategiaconcursos.com.br\/blog\/","logo":{"@type":"ImageObject","inLanguage":"pt-BR","@id":"https:\/\/www.estrategiaconcursos.com.br\/blog\/#\/schema\/logo\/image\/","url":"https:\/\/dhg1h5j42swfq.cloudfront.net\/2025\/06\/03203428\/logo_concursos-1.jpg","contentUrl":"https:\/\/dhg1h5j42swfq.cloudfront.net\/2025\/06\/03203428\/logo_concursos-1.jpg","width":230,"height":60,"caption":"Estrat\u00e9gia Concursos"},"image":{"@id":"https:\/\/www.estrategiaconcursos.com.br\/blog\/#\/schema\/logo\/image\/"},"sameAs":["https:\/\/x.com\/EstratConcursos"]},{"@type":"Person","@id":"https:\/\/www.estrategiaconcursos.com.br\/blog\/#\/schema\/person\/6630f91134abc08115cca62ce6372855","name":"Bruna de Andrade Fran\u00e7a","image":{"@type":"ImageObject","inLanguage":"pt-BR","@id":"https:\/\/secure.gravatar.com\/avatar\/d6316d36d50cea0fadae28ed3015b8870cc90a2d3d8a95c37b44006af36a00e3?s=96&d=mm&r=g","url":"https:\/\/secure.gravatar.com\/avatar\/d6316d36d50cea0fadae28ed3015b8870cc90a2d3d8a95c37b44006af36a00e3?s=96&d=mm&r=g","contentUrl":"https:\/\/secure.gravatar.com\/avatar\/d6316d36d50cea0fadae28ed3015b8870cc90a2d3d8a95c37b44006af36a00e3?s=96&d=mm&r=g","caption":"Bruna de Andrade Fran\u00e7a"},"description":"Bruna de Andrade Fran\u00e7a \u00e9 publicit\u00e1ria com p\u00f3s-gradua\u00e7\u00e3o em Marketing &amp; Growth, atuando h\u00e1 mais de 6 anos no universo dos concursos p\u00fablicos. Desde 2021, lidera no Blog do Estrat\u00e9gia Concursos a cobertura editorial especializada em Concursos Policiais (PF, PRF, PM, PC, etc.), al\u00e9m das frentes de concursos banc\u00e1rios, de sa\u00fade e da \u00e1rea legislativa. Especialista em reda\u00e7\u00e3o, com pr\u00e1ticas de SEO e Copywriting, possui tamb\u00e9m atua\u00e7\u00e3o pr\u00e1tica de contato direto com \u00f3rg\u00e3os p\u00fablicos respons\u00e1veis por editais, permitindo acesso antecipado a informa\u00e7\u00f5es, desdobramentos importantes e atualiza\u00e7\u00e3o eficiente dos concursos p\u00fablicos.","url":"https:\/\/www.estrategiaconcursos.com.br\/blog\/author\/bruna-andrade\/"}]}},"_links":{"self":[{"href":"https:\/\/www.estrategiaconcursos.com.br\/blog\/wp-json\/wp\/v2\/posts\/1101344","targetHints":{"allow":["GET"]}}],"collection":[{"href":"https:\/\/www.estrategiaconcursos.com.br\/blog\/wp-json\/wp\/v2\/posts"}],"about":[{"href":"https:\/\/www.estrategiaconcursos.com.br\/blog\/wp-json\/wp\/v2\/types\/post"}],"author":[{"embeddable":true,"href":"https:\/\/www.estrategiaconcursos.com.br\/blog\/wp-json\/wp\/v2\/users\/1206"}],"replies":[{"embeddable":true,"href":"https:\/\/www.estrategiaconcursos.com.br\/blog\/wp-json\/wp\/v2\/comments?post=1101344"}],"version-history":[{"count":16,"href":"https:\/\/www.estrategiaconcursos.com.br\/blog\/wp-json\/wp\/v2\/posts\/1101344\/revisions"}],"predecessor-version":[{"id":1259620,"href":"https:\/\/www.estrategiaconcursos.com.br\/blog\/wp-json\/wp\/v2\/posts\/1101344\/revisions\/1259620"}],"wp:featuredmedia":[{"embeddable":true,"href":"https:\/\/www.estrategiaconcursos.com.br\/blog\/wp-json\/wp\/v2\/media\/698528"}],"wp:attachment":[{"href":"https:\/\/www.estrategiaconcursos.com.br\/blog\/wp-json\/wp\/v2\/media?parent=1101344"}],"wp:term":[{"taxonomy":"category","embeddable":true,"href":"https:\/\/www.estrategiaconcursos.com.br\/blog\/wp-json\/wp\/v2\/categories?post=1101344"},{"taxonomy":"post_tag","embeddable":true,"href":"https:\/\/www.estrategiaconcursos.com.br\/blog\/wp-json\/wp\/v2\/tags?post=1101344"},{"taxonomy":"tax_estado","embeddable":true,"href":"https:\/\/www.estrategiaconcursos.com.br\/blog\/wp-json\/wp\/v2\/tax_estado?post=1101344"}],"curies":[{"name":"wp","href":"https:\/\/api.w.org\/{rel}","templated":true}]}}