{"id":1101035,"date":"2022-09-27T07:46:57","date_gmt":"2022-09-27T10:46:57","guid":{"rendered":"https:\/\/www.estrategiaconcursos.com.br\/blog\/?p=1101035"},"modified":"2022-09-27T08:04:36","modified_gmt":"2022-09-27T11:04:36","slug":"concurso-publico-decreto-quantidade-aprovados","status":"publish","type":"post","link":"https:\/\/www.estrategiaconcursos.com.br\/blog\/concurso-publico-decreto-quantidade-aprovados\/","title":{"rendered":"Concurso p\u00fablico: decreto aumenta quantidade de aprovados"},"content":{"rendered":"\n<p>Consta no Di\u00e1rio Oficial da Uni\u00e3o Decreto N\u00ba 11.211 que limite o n\u00famero de candidatos aprovados em <strong>concursos p\u00fablicos<\/strong> com duas etapas e \u00e0 prorroga\u00e7\u00e3o de validade do concurso.<\/p>\n\n\n\n<p>De acordo com o texto publicado nesta ter\u00e7a-feira, 27 de setembro, aumentou a quantidade m\u00e1xima de aprovados em edital.<\/p>\n\n\n\n<p>O crit\u00e9rio para a<strong> convoca\u00e7\u00e3o dos aprovados<\/strong> \u00e9 feito de acordo com o n\u00famero de vagas que s\u00e3o ofertadas pelo edital.<\/p>\n\n\n\n<p>Agora, os editais de concurso p\u00fablico da \u00e1rea federal podem convocar o n\u00famero de aprovados conforme a tabela a seguir:<\/p>\n\n\n\n<figure class=\"wp-block-image size-full\"><img loading=\"lazy\" decoding=\"async\" width=\"876\" height=\"908\" src=\"https:\/\/dhg1h5j42swfq.cloudfront.net\/2022\/09\/27074227\/decreto.jpg\" alt=\"Concurso p\u00fablico: decreto aumenta quantidade m\u00e1xima de aprovados\" class=\"wp-image-1101036\" srcset=\"https:\/\/dhg1h5j42swfq.cloudfront.net\/2022\/09\/27074227\/decreto.jpg 876w, https:\/\/dhg1h5j42swfq.cloudfront.net\/2022\/09\/27074227\/decreto-289x300.jpg 289w, https:\/\/dhg1h5j42swfq.cloudfront.net\/2022\/09\/27074227\/decreto-768x796.jpg 768w, https:\/\/dhg1h5j42swfq.cloudfront.net\/2022\/09\/27074227\/decreto-610x632.jpg 610w, https:\/\/dhg1h5j42swfq.cloudfront.net\/2022\/09\/27074227\/decreto-150x155.jpg 150w\" sizes=\"auto, (max-width: 876px) 100vw, 876px\" \/><figcaption>Concurso p\u00fablico: decreto aumenta quantidade m\u00e1xima de aprovados<\/figcaption><\/figure>\n\n\n\n<p>Antes da ado\u00e7\u00e3o da nova tabela de aprovados em editais com mais de uma etapa, o n\u00famero de convocados deveria corresponder ao dobro em caso de certames com 30 ou mais vagas.<\/p>\n\n\n\n<p>O decreto dispensa ainda a autoriza\u00e7\u00e3o do<strong> Minist\u00e9rio da Economia<\/strong> para a prorroga\u00e7\u00e3o da validade de concursos.<\/p>\n\n\n\n<h2 class=\"wp-block-heading\">Decreto N\u00ba 11.211<\/h2>\n\n\n\n<p>O decreto N\u00ba 11.211 flexibiliza a cl\u00e1usula de barreira para editais de\u00a0concurso\u00a0p\u00fablico federal que s\u00e3o realizados em mais de uma etapa.<\/p>\n\n\n\n<p>A cl\u00e1usula de barreira \u00e9 uma forma de restringir a quantidade de aprovados que seguem para as etapas de um concurso p\u00fablico. <\/p>\n\n\n\n<p>Mesmo que o candidato atinja a pontua\u00e7\u00e3o m\u00ednima estabelecida em edital, o concurseiro pode ser eliminado caso n\u00e3o esteja entre os classificados.\u00a0<\/p>\n\n\n\n<p>O quantitativo da cl\u00e1usula de barreira foi institu\u00eddo pelo decreto\u00a0<a href=\"http:\/\/www.planalto.gov.br\/ccivil_03\/_ato2019-2022\/2019\/decreto\/d9739.htm\" target=\"_blank\" rel=\"noreferrer noopener\">N\u00ba 9.739\/2019<\/a>. Antes, em editais com 30 ou mais vagas, o n\u00famero de candidatos aprovados deveria corresponder ao dobro do n\u00famero de oportunidades. <\/p>\n\n\n\n<p>Agora, com a flexibiliza\u00e7\u00e3o, os editais federais podem convocar o triplo de aprovados em editais com mais de 30 vagas.<\/p>\n\n\n\n<h2 class=\"has-text-align-center has-pale-cyan-blue-background-color has-background has-medium-font-size wp-block-heading\"><a href=\"https:\/\/www.in.gov.br\/en\/web\/dou\/-\/decreto-n-11.211-de-26-de-setembro-de-2022-432261541\" target=\"_blank\" rel=\"noreferrer noopener\">Concurso P\u00fablico &#8211; confira aqui a publica\u00e7\u00e3o completa no DOU<\/a><\/h2>\n\n\n\n<p>O Estrat\u00e9gia realiza semanalmente aulas, eventos, entrevistas, simulados, revis\u00f5es e maratonas dos principais concursos de 2022.<\/p>\n\n\n\n<p>Pensando no seu concurso p\u00fablico, confira, a seguir, o artigo com todos os eventos que acontecer\u00e3o a cada dia, para que voc\u00ea possa se programar e ficar por dentro de tudo o que acontece no seu \u201cconcurso desejo\u201d.<\/p>\n\n\n\n<h2 class=\"has-text-align-center has-pale-cyan-blue-background-color has-background has-medium-font-size wp-block-heading\"><a href=\"https:\/\/www.estrategiaconcursos.com.br\/blog\/agenda-do-dia\/\" target=\"_blank\" rel=\"noreferrer noopener\">Confira a programa\u00e7\u00e3o das aulas de hoje!<\/a><\/h2>\n\n\n\n<p>Com materiais especialmente desenvolvidos para o seu certame, voc\u00ea poder\u00e1 se preparar com as melhores dicas, previs\u00f5es e aulas disponibilizadas por nossa equipe de professores para garantir sua vaga no concurso p\u00fablico desejado.<\/p>\n\n\n\n<h2 class=\"has-text-align-center wp-block-heading\" id=\"h-quer-saber-tudo-sobre-concursos-previstos-confira-nossos-artigos\">Quer saber tudo sobre concursos previstos?<br \/>Confira  nossos artigos!<\/h2>\n\n\n\n<ul class=\"wp-block-list\"><li><a href=\"https:\/\/www.estrategiaconcursos.com.br\/blog\/concursos-abertos\/\" target=\"_blank\" rel=\"noreferrer noopener\">Concursos abertos<\/a><\/li><li><a href=\"https:\/\/www.estrategiaconcursos.com.br\/blog\/concursos-2022\/\" target=\"_blank\" rel=\"noreferrer noopener\">Concursos 2022<\/a><\/li><li><a href=\"https:\/\/www.estrategiaconcursos.com.br\/blog\/concursos-2023\/\" target=\"_blank\" rel=\"noreferrer noopener\">Concursos 2023<\/a><\/li><\/ul>\n\n\n\n<div class=\"container\" id=\"boxes\">\n  <div class=\"row\">\n\n    <div class=\"col-sm\">\n      <div class=\"estrategia\" id=\"box-assinatura\">\n        <h3 class=\"titulo-assinatura\">Assinatura de Concursos<\/h3>\n        <p class=\"subtitulo-assinatura\">Assinatura de 1 ano ou 2 anos<\/p>\n        <div class=\"box-botao\">\n          <a class=\"btn-assinatura\" target=\"_blank\" href=\"https:\/\/www.estrategiaconcursos.com.br\/assinaturas\/\" role=\"button\" rel=\"noopener noreferrer\">ASSINE AGORA<\/a>\n        <\/div>\n      <\/div>\n     \n    <\/div><\/div><\/div>\n","protected":false},"excerpt":{"rendered":"<p>Consta no Di\u00e1rio Oficial da Uni\u00e3o Decreto N\u00ba 11.211 que limite o n\u00famero de candidatos aprovados em concursos p\u00fablicos com duas etapas e \u00e0 prorroga\u00e7\u00e3o de validade do concurso. De acordo com o texto publicado nesta ter\u00e7a-feira, 27 de setembro, aumentou a quantidade m\u00e1xima de aprovados em edital. O crit\u00e9rio para a convoca\u00e7\u00e3o dos aprovados [&hellip;]<\/p>\n","protected":false},"author":2375,"featured_media":1071743,"comment_status":"open","ping_status":"closed","sticky":false,"template":"","format":"standard","meta":{"post_tipo":"news","footnotes":""},"categories":[1,220219],"tags":[],"tax_estado":[219963],"class_list":["post-1101035","post","type-post","status-publish","format-standard","has-post-thumbnail","hentry","category-cursos-e-concursos","category-noticias","tax_estado-concursos-federais"],"acf":[],"yoast_head":"<!-- This site is optimized with the Yoast SEO Premium plugin v27.2 (Yoast SEO v27.2) - https:\/\/yoast.com\/product\/yoast-seo-premium-wordpress\/ -->\n<title>Concurso p\u00fablico: decreto aumenta quantidade de aprovados<\/title>\n<meta name=\"description\" content=\"Concurso P\u00fablico: Consta no Di\u00e1rio Oficial da Uni\u00e3o do dia 27 de setembro o decreto N\u00ba 11.211. Confira os detalhes!\" \/>\n<meta name=\"robots\" content=\"index, follow, max-snippet:-1, max-image-preview:large, max-video-preview:-1\" \/>\n<link rel=\"canonical\" href=\"https:\/\/www.estrategiaconcursos.com.br\/blog\/concurso-publico-decreto-quantidade-aprovados\/\" \/>\n<meta property=\"og:locale\" content=\"pt_BR\" \/>\n<meta property=\"og:type\" content=\"article\" \/>\n<meta property=\"og:title\" content=\"Concurso p\u00fablico: decreto aumenta quantidade de aprovados\" \/>\n<meta property=\"og:description\" content=\"Concurso P\u00fablico: Consta no Di\u00e1rio Oficial da Uni\u00e3o do dia 27 de setembro o decreto N\u00ba 11.211. Confira os detalhes!\" \/>\n<meta property=\"og:url\" content=\"https:\/\/www.estrategiaconcursos.com.br\/blog\/concurso-publico-decreto-quantidade-aprovados\/\" \/>\n<meta property=\"og:site_name\" content=\"Estrat\u00e9gia Concursos\" \/>\n<meta property=\"article:published_time\" content=\"2022-09-27T10:46:57+00:00\" \/>\n<meta property=\"article:modified_time\" content=\"2022-09-27T11:04:36+00:00\" \/>\n<meta property=\"og:image\" content=\"https:\/\/dhg1h5j42swfq.cloudfront.net\/2022\/08\/04085605\/2022_concursos.jpeg\" \/>\n\t<meta property=\"og:image:width\" content=\"768\" \/>\n\t<meta property=\"og:image:height\" content=\"432\" \/>\n\t<meta property=\"og:image:type\" content=\"image\/jpeg\" \/>\n<meta name=\"author\" content=\"Priscila Almeida\" \/>\n<meta name=\"twitter:card\" content=\"summary_large_image\" \/>\n<meta name=\"twitter:creator\" content=\"@EstratConcursos\" \/>\n<meta name=\"twitter:site\" content=\"@EstratConcursos\" \/>\n<meta name=\"twitter:label1\" content=\"Escrito por\" \/>\n\t<meta name=\"twitter:data1\" content=\"Priscila Almeida\" \/>\n\t<meta name=\"twitter:label2\" content=\"Est. tempo de leitura\" \/>\n\t<meta name=\"twitter:data2\" content=\"2 minutos\" \/>\n<script type=\"application\/ld+json\" class=\"yoast-schema-graph\">{\"@context\":\"https:\/\/schema.org\",\"@graph\":[{\"@type\":\"NewsArticle\",\"@id\":\"https:\/\/www.estrategiaconcursos.com.br\/blog\/concurso-publico-decreto-quantidade-aprovados\/#article\",\"isPartOf\":{\"@id\":\"https:\/\/www.estrategiaconcursos.com.br\/blog\/concurso-publico-decreto-quantidade-aprovados\/\"},\"author\":{\"name\":\"Priscila Almeida\",\"@id\":\"https:\/\/www.estrategiaconcursos.com.br\/blog\/#\/schema\/person\/a06e841e501f2e1d8c49c4e8f066bfd1\"},\"headline\":\"Concurso p\u00fablico: decreto aumenta quantidade de aprovados\",\"datePublished\":\"2022-09-27T10:46:57+00:00\",\"dateModified\":\"2022-09-27T11:04:36+00:00\",\"mainEntityOfPage\":{\"@id\":\"https:\/\/www.estrategiaconcursos.com.br\/blog\/concurso-publico-decreto-quantidade-aprovados\/\"},\"wordCount\":434,\"commentCount\":0,\"publisher\":{\"@id\":\"https:\/\/www.estrategiaconcursos.com.br\/blog\/#organization\"},\"image\":{\"@id\":\"https:\/\/www.estrategiaconcursos.com.br\/blog\/concurso-publico-decreto-quantidade-aprovados\/#primaryimage\"},\"thumbnailUrl\":\"https:\/\/dhg1h5j42swfq.cloudfront.net\/2022\/08\/04085605\/2022_concursos.jpeg\",\"articleSection\":[\"Concursos P\u00fablicos\",\"\u00daltimas not\u00edcias\"],\"inLanguage\":\"pt-BR\",\"potentialAction\":[{\"@type\":\"CommentAction\",\"name\":\"Comment\",\"target\":[\"https:\/\/www.estrategiaconcursos.com.br\/blog\/concurso-publico-decreto-quantidade-aprovados\/#respond\"]}],\"copyrightYear\":\"2022\",\"copyrightHolder\":{\"@id\":\"https:\/\/www.estrategiaconcursos.com.br\/blog\/#organization\"}},{\"@type\":\"WebPage\",\"@id\":\"https:\/\/www.estrategiaconcursos.com.br\/blog\/concurso-publico-decreto-quantidade-aprovados\/\",\"url\":\"https:\/\/www.estrategiaconcursos.com.br\/blog\/concurso-publico-decreto-quantidade-aprovados\/\",\"name\":\"Concurso p\u00fablico: decreto aumenta quantidade de aprovados\",\"isPartOf\":{\"@id\":\"https:\/\/www.estrategiaconcursos.com.br\/blog\/#website\"},\"primaryImageOfPage\":{\"@id\":\"https:\/\/www.estrategiaconcursos.com.br\/blog\/concurso-publico-decreto-quantidade-aprovados\/#primaryimage\"},\"image\":{\"@id\":\"https:\/\/www.estrategiaconcursos.com.br\/blog\/concurso-publico-decreto-quantidade-aprovados\/#primaryimage\"},\"thumbnailUrl\":\"https:\/\/dhg1h5j42swfq.cloudfront.net\/2022\/08\/04085605\/2022_concursos.jpeg\",\"datePublished\":\"2022-09-27T10:46:57+00:00\",\"dateModified\":\"2022-09-27T11:04:36+00:00\",\"description\":\"Concurso P\u00fablico: Consta no Di\u00e1rio Oficial da Uni\u00e3o do dia 27 de setembro o decreto N\u00ba 11.211. Confira os detalhes!\",\"breadcrumb\":{\"@id\":\"https:\/\/www.estrategiaconcursos.com.br\/blog\/concurso-publico-decreto-quantidade-aprovados\/#breadcrumb\"},\"inLanguage\":\"pt-BR\",\"potentialAction\":[{\"@type\":\"ReadAction\",\"target\":[\"https:\/\/www.estrategiaconcursos.com.br\/blog\/concurso-publico-decreto-quantidade-aprovados\/\"]}]},{\"@type\":\"ImageObject\",\"inLanguage\":\"pt-BR\",\"@id\":\"https:\/\/www.estrategiaconcursos.com.br\/blog\/concurso-publico-decreto-quantidade-aprovados\/#primaryimage\",\"url\":\"https:\/\/dhg1h5j42swfq.cloudfront.net\/2022\/08\/04085605\/2022_concursos.jpeg\",\"contentUrl\":\"https:\/\/dhg1h5j42swfq.cloudfront.net\/2022\/08\/04085605\/2022_concursos.jpeg\",\"width\":768,\"height\":432,\"caption\":\"ano novo do aprovado\"},{\"@type\":\"BreadcrumbList\",\"@id\":\"https:\/\/www.estrategiaconcursos.com.br\/blog\/concurso-publico-decreto-quantidade-aprovados\/#breadcrumb\",\"itemListElement\":[{\"@type\":\"ListItem\",\"position\":1,\"name\":\"In\u00edcio\",\"item\":\"https:\/\/www.estrategiaconcursos.com.br\/blog\/\"},{\"@type\":\"ListItem\",\"position\":2,\"name\":\"Concurso p\u00fablico: decreto aumenta quantidade de aprovados\"}]},{\"@type\":\"WebSite\",\"@id\":\"https:\/\/www.estrategiaconcursos.com.br\/blog\/#website\",\"url\":\"https:\/\/www.estrategiaconcursos.com.br\/blog\/\",\"name\":\"Estrat\u00e9gia Concursos\",\"description\":\"O blog da Estrat\u00e9gia Concursos traz not\u00edcias sobre concursos e artigos de professores oferecendo cursos para concursos (pdf + videaulas) no site.\",\"publisher\":{\"@id\":\"https:\/\/www.estrategiaconcursos.com.br\/blog\/#organization\"},\"potentialAction\":[{\"@type\":\"SearchAction\",\"target\":{\"@type\":\"EntryPoint\",\"urlTemplate\":\"https:\/\/www.estrategiaconcursos.com.br\/blog\/?s={search_term_string}\"},\"query-input\":{\"@type\":\"PropertyValueSpecification\",\"valueRequired\":true,\"valueName\":\"search_term_string\"}}],\"inLanguage\":\"pt-BR\"},{\"@type\":\"Organization\",\"@id\":\"https:\/\/www.estrategiaconcursos.com.br\/blog\/#organization\",\"name\":\"Estrat\u00e9gia Concursos\",\"url\":\"https:\/\/www.estrategiaconcursos.com.br\/blog\/\",\"logo\":{\"@type\":\"ImageObject\",\"inLanguage\":\"pt-BR\",\"@id\":\"https:\/\/www.estrategiaconcursos.com.br\/blog\/#\/schema\/logo\/image\/\",\"url\":\"https:\/\/dhg1h5j42swfq.cloudfront.net\/2025\/06\/03203428\/logo_concursos-1.jpg\",\"contentUrl\":\"https:\/\/dhg1h5j42swfq.cloudfront.net\/2025\/06\/03203428\/logo_concursos-1.jpg\",\"width\":230,\"height\":60,\"caption\":\"Estrat\u00e9gia Concursos\"},\"image\":{\"@id\":\"https:\/\/www.estrategiaconcursos.com.br\/blog\/#\/schema\/logo\/image\/\"},\"sameAs\":[\"https:\/\/x.com\/EstratConcursos\"]},{\"@type\":\"Person\",\"@id\":\"https:\/\/www.estrategiaconcursos.com.br\/blog\/#\/schema\/person\/a06e841e501f2e1d8c49c4e8f066bfd1\",\"name\":\"Priscila Almeida\",\"image\":{\"@type\":\"ImageObject\",\"inLanguage\":\"pt-BR\",\"@id\":\"https:\/\/secure.gravatar.com\/avatar\/0a963c9e2a947fa675b669cea2b5d0ba6dd1cbf46b966190343b6c9973ad3337?s=96&d=mm&r=g\",\"url\":\"https:\/\/secure.gravatar.com\/avatar\/0a963c9e2a947fa675b669cea2b5d0ba6dd1cbf46b966190343b6c9973ad3337?s=96&d=mm&r=g\",\"contentUrl\":\"https:\/\/secure.gravatar.com\/avatar\/0a963c9e2a947fa675b669cea2b5d0ba6dd1cbf46b966190343b6c9973ad3337?s=96&d=mm&r=g\",\"caption\":\"Priscila Almeida\"},\"description\":\"Atua na \u00e1rea de concursos p\u00fablicos desde 2019. As editorias que mais t\u00eam familiaridade s\u00e3o: Tribunais (TJs; TRTs; TREs; TSTs; STJ, STF, STM e TSE); Defensorias; Minist\u00e9rios P\u00fablicos; Procuradorias; Educa\u00e7\u00e3o e Conselhos. Na \u00e1rea de comunica\u00e7\u00e3o, de maneira geral, a caminhada \u00e9 um pouco mais longa - desde 2007. Possui experi\u00eancia em reda\u00e7\u00f5es de r\u00e1dio, TV, Web e impresso, al\u00e9m de desenvolver trabalhos em assessorias de comunica\u00e7\u00e3o institucional, empresarial e p\u00fablicas. Entre outros trabalhos, se destacam a atua\u00e7\u00e3o nas \u00e1reas de Justi\u00e7a, Congresso, Esportes, Sa\u00fade, Agropecu\u00e1ria, Cidades e Avia\u00e7\u00e3o Civil.\",\"url\":\"https:\/\/www.estrategiaconcursos.com.br\/blog\/author\/priscila-almeidaestrategia-com\/\"}]}<\/script>\n<!-- \/ Yoast SEO Premium plugin. -->","yoast_head_json":{"title":"Concurso p\u00fablico: decreto aumenta quantidade de aprovados","description":"Concurso P\u00fablico: Consta no Di\u00e1rio Oficial da Uni\u00e3o do dia 27 de setembro o decreto N\u00ba 11.211. Confira os detalhes!","robots":{"index":"index","follow":"follow","max-snippet":"max-snippet:-1","max-image-preview":"max-image-preview:large","max-video-preview":"max-video-preview:-1"},"canonical":"https:\/\/www.estrategiaconcursos.com.br\/blog\/concurso-publico-decreto-quantidade-aprovados\/","og_locale":"pt_BR","og_type":"article","og_title":"Concurso p\u00fablico: decreto aumenta quantidade de aprovados","og_description":"Concurso P\u00fablico: Consta no Di\u00e1rio Oficial da Uni\u00e3o do dia 27 de setembro o decreto N\u00ba 11.211. Confira os detalhes!","og_url":"https:\/\/www.estrategiaconcursos.com.br\/blog\/concurso-publico-decreto-quantidade-aprovados\/","og_site_name":"Estrat\u00e9gia Concursos","article_published_time":"2022-09-27T10:46:57+00:00","article_modified_time":"2022-09-27T11:04:36+00:00","og_image":[{"width":768,"height":432,"url":"https:\/\/dhg1h5j42swfq.cloudfront.net\/2022\/08\/04085605\/2022_concursos.jpeg","type":"image\/jpeg"}],"author":"Priscila Almeida","twitter_card":"summary_large_image","twitter_creator":"@EstratConcursos","twitter_site":"@EstratConcursos","twitter_misc":{"Escrito por":"Priscila Almeida","Est. tempo de leitura":"2 minutos"},"schema":{"@context":"https:\/\/schema.org","@graph":[{"@type":"NewsArticle","@id":"https:\/\/www.estrategiaconcursos.com.br\/blog\/concurso-publico-decreto-quantidade-aprovados\/#article","isPartOf":{"@id":"https:\/\/www.estrategiaconcursos.com.br\/blog\/concurso-publico-decreto-quantidade-aprovados\/"},"author":{"name":"Priscila Almeida","@id":"https:\/\/www.estrategiaconcursos.com.br\/blog\/#\/schema\/person\/a06e841e501f2e1d8c49c4e8f066bfd1"},"headline":"Concurso p\u00fablico: decreto aumenta quantidade de aprovados","datePublished":"2022-09-27T10:46:57+00:00","dateModified":"2022-09-27T11:04:36+00:00","mainEntityOfPage":{"@id":"https:\/\/www.estrategiaconcursos.com.br\/blog\/concurso-publico-decreto-quantidade-aprovados\/"},"wordCount":434,"commentCount":0,"publisher":{"@id":"https:\/\/www.estrategiaconcursos.com.br\/blog\/#organization"},"image":{"@id":"https:\/\/www.estrategiaconcursos.com.br\/blog\/concurso-publico-decreto-quantidade-aprovados\/#primaryimage"},"thumbnailUrl":"https:\/\/dhg1h5j42swfq.cloudfront.net\/2022\/08\/04085605\/2022_concursos.jpeg","articleSection":["Concursos P\u00fablicos","\u00daltimas not\u00edcias"],"inLanguage":"pt-BR","potentialAction":[{"@type":"CommentAction","name":"Comment","target":["https:\/\/www.estrategiaconcursos.com.br\/blog\/concurso-publico-decreto-quantidade-aprovados\/#respond"]}],"copyrightYear":"2022","copyrightHolder":{"@id":"https:\/\/www.estrategiaconcursos.com.br\/blog\/#organization"}},{"@type":"WebPage","@id":"https:\/\/www.estrategiaconcursos.com.br\/blog\/concurso-publico-decreto-quantidade-aprovados\/","url":"https:\/\/www.estrategiaconcursos.com.br\/blog\/concurso-publico-decreto-quantidade-aprovados\/","name":"Concurso p\u00fablico: decreto aumenta quantidade de aprovados","isPartOf":{"@id":"https:\/\/www.estrategiaconcursos.com.br\/blog\/#website"},"primaryImageOfPage":{"@id":"https:\/\/www.estrategiaconcursos.com.br\/blog\/concurso-publico-decreto-quantidade-aprovados\/#primaryimage"},"image":{"@id":"https:\/\/www.estrategiaconcursos.com.br\/blog\/concurso-publico-decreto-quantidade-aprovados\/#primaryimage"},"thumbnailUrl":"https:\/\/dhg1h5j42swfq.cloudfront.net\/2022\/08\/04085605\/2022_concursos.jpeg","datePublished":"2022-09-27T10:46:57+00:00","dateModified":"2022-09-27T11:04:36+00:00","description":"Concurso P\u00fablico: Consta no Di\u00e1rio Oficial da Uni\u00e3o do dia 27 de setembro o decreto N\u00ba 11.211. Confira os detalhes!","breadcrumb":{"@id":"https:\/\/www.estrategiaconcursos.com.br\/blog\/concurso-publico-decreto-quantidade-aprovados\/#breadcrumb"},"inLanguage":"pt-BR","potentialAction":[{"@type":"ReadAction","target":["https:\/\/www.estrategiaconcursos.com.br\/blog\/concurso-publico-decreto-quantidade-aprovados\/"]}]},{"@type":"ImageObject","inLanguage":"pt-BR","@id":"https:\/\/www.estrategiaconcursos.com.br\/blog\/concurso-publico-decreto-quantidade-aprovados\/#primaryimage","url":"https:\/\/dhg1h5j42swfq.cloudfront.net\/2022\/08\/04085605\/2022_concursos.jpeg","contentUrl":"https:\/\/dhg1h5j42swfq.cloudfront.net\/2022\/08\/04085605\/2022_concursos.jpeg","width":768,"height":432,"caption":"ano novo do aprovado"},{"@type":"BreadcrumbList","@id":"https:\/\/www.estrategiaconcursos.com.br\/blog\/concurso-publico-decreto-quantidade-aprovados\/#breadcrumb","itemListElement":[{"@type":"ListItem","position":1,"name":"In\u00edcio","item":"https:\/\/www.estrategiaconcursos.com.br\/blog\/"},{"@type":"ListItem","position":2,"name":"Concurso p\u00fablico: decreto aumenta quantidade de aprovados"}]},{"@type":"WebSite","@id":"https:\/\/www.estrategiaconcursos.com.br\/blog\/#website","url":"https:\/\/www.estrategiaconcursos.com.br\/blog\/","name":"Estrat\u00e9gia Concursos","description":"O blog da Estrat\u00e9gia Concursos traz not\u00edcias sobre concursos e artigos de professores oferecendo cursos para concursos (pdf + videaulas) no site.","publisher":{"@id":"https:\/\/www.estrategiaconcursos.com.br\/blog\/#organization"},"potentialAction":[{"@type":"SearchAction","target":{"@type":"EntryPoint","urlTemplate":"https:\/\/www.estrategiaconcursos.com.br\/blog\/?s={search_term_string}"},"query-input":{"@type":"PropertyValueSpecification","valueRequired":true,"valueName":"search_term_string"}}],"inLanguage":"pt-BR"},{"@type":"Organization","@id":"https:\/\/www.estrategiaconcursos.com.br\/blog\/#organization","name":"Estrat\u00e9gia Concursos","url":"https:\/\/www.estrategiaconcursos.com.br\/blog\/","logo":{"@type":"ImageObject","inLanguage":"pt-BR","@id":"https:\/\/www.estrategiaconcursos.com.br\/blog\/#\/schema\/logo\/image\/","url":"https:\/\/dhg1h5j42swfq.cloudfront.net\/2025\/06\/03203428\/logo_concursos-1.jpg","contentUrl":"https:\/\/dhg1h5j42swfq.cloudfront.net\/2025\/06\/03203428\/logo_concursos-1.jpg","width":230,"height":60,"caption":"Estrat\u00e9gia Concursos"},"image":{"@id":"https:\/\/www.estrategiaconcursos.com.br\/blog\/#\/schema\/logo\/image\/"},"sameAs":["https:\/\/x.com\/EstratConcursos"]},{"@type":"Person","@id":"https:\/\/www.estrategiaconcursos.com.br\/blog\/#\/schema\/person\/a06e841e501f2e1d8c49c4e8f066bfd1","name":"Priscila Almeida","image":{"@type":"ImageObject","inLanguage":"pt-BR","@id":"https:\/\/secure.gravatar.com\/avatar\/0a963c9e2a947fa675b669cea2b5d0ba6dd1cbf46b966190343b6c9973ad3337?s=96&d=mm&r=g","url":"https:\/\/secure.gravatar.com\/avatar\/0a963c9e2a947fa675b669cea2b5d0ba6dd1cbf46b966190343b6c9973ad3337?s=96&d=mm&r=g","contentUrl":"https:\/\/secure.gravatar.com\/avatar\/0a963c9e2a947fa675b669cea2b5d0ba6dd1cbf46b966190343b6c9973ad3337?s=96&d=mm&r=g","caption":"Priscila Almeida"},"description":"Atua na \u00e1rea de concursos p\u00fablicos desde 2019. As editorias que mais t\u00eam familiaridade s\u00e3o: Tribunais (TJs; TRTs; TREs; TSTs; STJ, STF, STM e TSE); Defensorias; Minist\u00e9rios P\u00fablicos; Procuradorias; Educa\u00e7\u00e3o e Conselhos. Na \u00e1rea de comunica\u00e7\u00e3o, de maneira geral, a caminhada \u00e9 um pouco mais longa - desde 2007. Possui experi\u00eancia em reda\u00e7\u00f5es de r\u00e1dio, TV, Web e impresso, al\u00e9m de desenvolver trabalhos em assessorias de comunica\u00e7\u00e3o institucional, empresarial e p\u00fablicas. Entre outros trabalhos, se destacam a atua\u00e7\u00e3o nas \u00e1reas de Justi\u00e7a, Congresso, Esportes, Sa\u00fade, Agropecu\u00e1ria, Cidades e Avia\u00e7\u00e3o Civil.","url":"https:\/\/www.estrategiaconcursos.com.br\/blog\/author\/priscila-almeidaestrategia-com\/"}]}},"_links":{"self":[{"href":"https:\/\/www.estrategiaconcursos.com.br\/blog\/wp-json\/wp\/v2\/posts\/1101035","targetHints":{"allow":["GET"]}}],"collection":[{"href":"https:\/\/www.estrategiaconcursos.com.br\/blog\/wp-json\/wp\/v2\/posts"}],"about":[{"href":"https:\/\/www.estrategiaconcursos.com.br\/blog\/wp-json\/wp\/v2\/types\/post"}],"author":[{"embeddable":true,"href":"https:\/\/www.estrategiaconcursos.com.br\/blog\/wp-json\/wp\/v2\/users\/2375"}],"replies":[{"embeddable":true,"href":"https:\/\/www.estrategiaconcursos.com.br\/blog\/wp-json\/wp\/v2\/comments?post=1101035"}],"version-history":[{"count":7,"href":"https:\/\/www.estrategiaconcursos.com.br\/blog\/wp-json\/wp\/v2\/posts\/1101035\/revisions"}],"predecessor-version":[{"id":1101047,"href":"https:\/\/www.estrategiaconcursos.com.br\/blog\/wp-json\/wp\/v2\/posts\/1101035\/revisions\/1101047"}],"wp:featuredmedia":[{"embeddable":true,"href":"https:\/\/www.estrategiaconcursos.com.br\/blog\/wp-json\/wp\/v2\/media\/1071743"}],"wp:attachment":[{"href":"https:\/\/www.estrategiaconcursos.com.br\/blog\/wp-json\/wp\/v2\/media?parent=1101035"}],"wp:term":[{"taxonomy":"category","embeddable":true,"href":"https:\/\/www.estrategiaconcursos.com.br\/blog\/wp-json\/wp\/v2\/categories?post=1101035"},{"taxonomy":"post_tag","embeddable":true,"href":"https:\/\/www.estrategiaconcursos.com.br\/blog\/wp-json\/wp\/v2\/tags?post=1101035"},{"taxonomy":"tax_estado","embeddable":true,"href":"https:\/\/www.estrategiaconcursos.com.br\/blog\/wp-json\/wp\/v2\/tax_estado?post=1101035"}],"curies":[{"name":"wp","href":"https:\/\/api.w.org\/{rel}","templated":true}]}}