{"id":1100258,"date":"2022-10-29T14:35:00","date_gmt":"2022-10-29T17:35:00","guid":{"rendered":"https:\/\/www.estrategiaconcursos.com.br\/blog\/?p=1100258"},"modified":"2022-10-11T17:39:52","modified_gmt":"2022-10-11T20:39:52","slug":"local-operacao-icms-sefaz-mg","status":"publish","type":"post","link":"https:\/\/www.estrategiaconcursos.com.br\/blog\/local-operacao-icms-sefaz-mg\/","title":{"rendered":"Local da opera\u00e7\u00e3o do ICMS para SEFAZ MG"},"content":{"rendered":"\n<p class=\"has-text-align-center\"><em>Resumo acerca do local da opera\u00e7\u00e3o do ICMS para SEFAZ MG. Disposi\u00e7\u00f5es da Lei 6.763\/75 e do Decreto 43.080\/02 no tocante ao local das opera\u00e7\u00f5es com <strong>bens e mercadorias.<\/strong><\/em><\/p>\n\n\n\n<figure class=\"wp-block-image aligncenter size-full is-resized\"><img loading=\"lazy\" decoding=\"async\" src=\"https:\/\/dhg1h5j42swfq.cloudfront.net\/2022\/09\/25185736\/image-337-1024x538-1-2.png\" alt=\"Local da opera\u00e7\u00e3o do ICMS para SEFAZ MG\" class=\"wp-image-1100263\" width=\"593\" height=\"312\" srcset=\"https:\/\/dhg1h5j42swfq.cloudfront.net\/2022\/09\/25185736\/image-337-1024x538-1-2.png 1024w, https:\/\/dhg1h5j42swfq.cloudfront.net\/2022\/09\/25185736\/image-337-1024x538-1-2-300x158.png 300w, https:\/\/dhg1h5j42swfq.cloudfront.net\/2022\/09\/25185736\/image-337-1024x538-1-2-768x404.png 768w, https:\/\/dhg1h5j42swfq.cloudfront.net\/2022\/09\/25185736\/image-337-1024x538-1-2-610x320.png 610w, https:\/\/dhg1h5j42swfq.cloudfront.net\/2022\/09\/25185736\/image-337-1024x538-1-2-150x79.png 150w\" sizes=\"auto, (max-width: 593px) 100vw, 593px\" \/><figcaption>Local da opera\u00e7\u00e3o do ICMS para SEFAZ MG<\/figcaption><\/figure>\n\n\n\n<p>Fala, pessoal!<\/p>\n\n\n\n<p>Tudo bem?<\/p>\n\n\n\n<p>Neste artigo vamos abordar mais um assunto important\u00edssimo sobre a legisla\u00e7\u00e3o mineira: o <strong>local da opera\u00e7\u00e3o<\/strong> no contexto do Imposto sobre Opera\u00e7\u00f5es Relativas \u00e0 Circula\u00e7\u00e3o de Mercadorias e sobre Presta\u00e7\u00e3o de Servi\u00e7os de Transporte Interestadual e Intermunicipal e de Comunica\u00e7\u00e3o \u2013 <strong>ICMS<\/strong><strong> para o concurso da SEFAZ MG<\/strong>.<\/p>\n\n\n\n<p>Como o assunto \u00e9 grande, vamos dividir os temas. Este artigo aborda o local das opera\u00e7\u00f5es <strong>com mercadorias ou bens.<\/strong> Em breve, <strong>outro artigo<\/strong> trar\u00e1 os locais referentes \u00e0s <strong>presta\u00e7\u00f5es de servi\u00e7os de comunica\u00e7\u00e3o e de transporte, al\u00e9m do local das opera\u00e7\u00f5es e presta\u00e7\u00f5es na importa\u00e7\u00e3o.<\/strong><\/p>\n\n\n\n<p>O concurso da SEFAZ MG trouxe uma oportunidade \u00fanica. S\u00e3o <strong>431 vagas<\/strong> com uma remunera\u00e7\u00e3o que pode chegar a mais de <strong>RS 25.000<\/strong>. A<strong> <a href=\"https:\/\/conhecimento.fgv.br\/concursos\/sefmg22\" target=\"_blank\" rel=\"noreferrer noopener\">FGV<\/a><\/strong> foi a banca escolhida para o concurso.<\/p>\n\n\n\n<p>N\u00e3o temos d\u00favidas de que a Legisla\u00e7\u00e3o Tribut\u00e1ria \u00e9 uma das mat\u00e9rias mais importantes para a sua prova.<\/p>\n\n\n\n<p>Vamos nessa?<\/p>\n\n\n\n<h2 class=\"wp-block-heading\" id=\"h-local-da-operacao-do-icms-para-sefaz-mg-mercadoria-ou-bens\"><strong>LOCAL DA OPERA\u00c7\u00c3O DO ICMS PARA SEFAZ MG: mercadoria ou bens<\/strong><\/h2>\n\n\n\n<p>Em Minas Gerais, \u00e9 a Lei 6.763\/75 que trata a respeito do ICMS. Al\u00e9m disso, o Decreto 43.080\/02 regulamenta este imposto. Vamos basear o nosso artigo nesses dois instrumentos fazendo as considera\u00e7\u00f5es quando necess\u00e1rio.<\/p>\n\n\n\n<p>Os artigos e seus respectivos incisos nem sempre ser\u00e3o abordados aqui em ordem, a ideia \u00e9 deixar a explica\u00e7\u00e3o mais did\u00e1tica.<\/p>\n\n\n\n<p>O art. 61 do decreto 43.080\/02 apresenta os locais das opera\u00e7\u00f5es para a SEFAZ MG, vejamos os detalhes importantes sobre eles.<\/p>\n\n\n\n<p>O local da opera\u00e7\u00e3o ou da presta\u00e7\u00e3o, para efeitos de cobran\u00e7a do imposto e defini\u00e7\u00e3o do estabelecimento respons\u00e1vel, \u00e9:<\/p>\n\n\n\n<p><strong><mark style=\"background-color:rgba(0, 0, 0, 0)\" class=\"has-inline-color has-vivid-cyan-blue-color\">Tratando-se de mercadoria ou bem:<\/mark><\/strong><\/p>\n\n\n\n<p>&#8211; o do <strong>estabelecimento onde se encontre<\/strong>, no momento da ocorr\u00eancia do fato gerador;<\/p>\n\n\n\n<p>Trata-se da regra geral do local da opera\u00e7\u00e3o do ICMS, j\u00e1 previsto pela Lei Complementar 87\/96 (a famosa lei Kandir).<\/p>\n\n\n\n<p>&#8211; o do <strong>estabelecimento destinat\u00e1rio<\/strong>, ou, na falta deste, o <strong>domic\u00edlio do adquirente<\/strong>, que receber, em opera\u00e7\u00e3o interestadual, energia el\u00e9trica ou petr\u00f3leo, inclusive lubrificante<strong> e combust\u00edvel l\u00edquido ou gasoso dele derivados, n\u00e3o destinados<\/strong> \u00e0 comercializa\u00e7\u00e3o ou \u00e0<strong> industrializa\u00e7\u00e3o<\/strong>;<\/p>\n\n\n\n<p>Vejam que o local em opera\u00e7\u00f5es interestaduais com energia el\u00e9trica ou petr\u00f3leo para consumo \u00e9 o do estabelecimento destinat\u00e1rio ou, na sua falta, o domic\u00edlio do adquirente.<\/p>\n\n\n\n<p>O momento do fato gerador, neste caso, \u00e9 o recebimento da mercadoria pelo destinat\u00e1rio mineiro.<\/p>\n\n\n\n<p>&#8211; <strong>onde se encontre<\/strong>, quando em situa\u00e7\u00e3o irregular pela falta de documenta\u00e7\u00e3o fiscal ou<strong> quando acompanhado de documenta\u00e7\u00e3o fiscal falsa ou inid\u00f4nea<\/strong>;<\/p>\n\n\n\n<p>Este \u00e9 um caso tranquilo de se compreender. No caso de irregularidades devido \u00e0 falta de documenta\u00e7\u00e3o ou quando acompanhado de documenta\u00e7\u00e3o falsa ou inid\u00f4nea, o local da opera\u00e7\u00e3o \u00e9 onde se encontre a mercadoria.&nbsp;<\/p>\n\n\n\n<p>&#8211; <strong>aquele onde seja realizada a licita\u00e7\u00e3o<\/strong>, no caso de arremata\u00e7\u00e3o de mercadoria ou bem importados do exterior e apreendidos ou abandonados;<\/p>\n\n\n\n<p>No caso de licita\u00e7\u00f5es, o que importa \u00e9 o local onde \u00e9 realizada a licita\u00e7\u00e3o e n\u00e3o onde a mercadoria foi apreendida, por exemplo. N\u00e3o caiam em pegadinhas com rela\u00e7\u00e3o a isso.<\/p>\n\n\n\n<p>&#8211; <strong>o de desembarque do produto<\/strong>, na hip\u00f3tese de captura de peixes, crust\u00e1ceos ou<br \/>moluscos;<\/p>\n\n\n\n<p>Situa\u00e7\u00e3o tamb\u00e9m j\u00e1 apresentada pela Lei Kandir, o local do <strong>desembarque<\/strong> do produto que \u00e9 relevante na captura de peixes, moluscos ou crust\u00e1ceos. N\u00e3o importa de onde a embarca\u00e7\u00e3o partiu ou de onde \u00e9 a pessoa respons\u00e1vel pela pesca.<\/p>\n\n\n\n<p>&#8211;<strong> a localidade do Estado de onde o ouro tenha sido extra\u00eddo<\/strong>, em rela\u00e7\u00e3o \u00e0 opera\u00e7\u00e3o em que deixe de ser considerado como ativo financeiro ou instrumento cambial, observado o disposto no \u00a7 2\u00ba deste artigo;<\/p>\n\n\n\n<p>Sabemos que n\u00e3o h\u00e1 incid\u00eancia do ICMS sobre o ouro quando este for ativo financeiro ou instrumento cambial. Entretanto, quando o ouro deixa de ser utilizado para essas finalidades, faz-se necess\u00e1rio avaliar de onde o ouro foi extra\u00eddo a fim de definir a qual Estado caber\u00e1 o imposto devido pela circula\u00e7\u00e3o da mercadoria.<\/p>\n\n\n\n<p>&#8211; o do estabelecimento <strong>ao qual couber pagar o imposto<\/strong> sobre opera\u00e7\u00e3o de que resultar<strong> entrada ou aquisi\u00e7\u00e3o de mercadoria<\/strong>;<\/p>\n\n\n\n<p>&#8211; <strong>o do estabelecimento que <\/strong><strong>transfira a propriedade, ou o t\u00edtulo que a represente<\/strong>, de mercadoria por ele adquirida no Pa\u00eds e que por ele n\u00e3o tenha transitado;<\/p>\n\n\n\n<p>Nesta situa\u00e7\u00e3o, o estabelecimento que transferiu a propriedade da mercadoria, ainda que esta n\u00e3o tenha ali transitado, \u00e9 considerado o local da opera\u00e7\u00e3o.<\/p>\n\n\n\n<p>Acontece quando a empresa adquire de outra um produto para entregar diretamente ao consumidor final.<\/p>\n\n\n\n<p>&#8211; <strong>o do estabelecimento ao qual couber pagar<\/strong> o imposto incidente sobre as opera\u00e7\u00f5es<strong> subsequentes<\/strong>, realizadas por terceiros adquirentes de mercadorias;<\/p>\n\n\n\n<p>Aqui n\u00e3o se faz necess\u00e1rio nenhum coment\u00e1rio acerca do local de opera\u00e7\u00e3o. O estabelecimento respons\u00e1vel pelo pagamento do imposto das opera\u00e7\u00f5es<strong> pr\u00f3prias <\/strong>e sobre as opera\u00e7\u00f5es <strong>subsequentes<\/strong> \u00e9 o local da opera\u00e7\u00e3o.<\/p>\n\n\n\n<h2 class=\"wp-block-heading\"><strong>LOCAL DA OPERA\u00c7\u00c3O DO ICMS PARA SEFAZ MG: <\/strong>consumidor final<\/h2>\n\n\n\n<p>Tratando-se de opera\u00e7\u00f5es ou presta\u00e7\u00f5es interestaduais <strong><mark style=\"background-color:rgba(0, 0, 0, 0)\" class=\"has-inline-color has-vivid-cyan-blue-color\">destinadas a consumidor final,<\/mark><\/strong> em rela\u00e7\u00e3o \u00e0 <strong>diferen\u00e7a entre a al\u00edquota<\/strong> interna do Estado de destino e a al\u00edquota<strong> interestadual<\/strong>:<\/p>\n\n\n\n<p>&#8211; o do<strong> estabelecimento do destinat\u00e1rio,<\/strong> quando o destinat\u00e1rio ou o tomador for<br \/><strong>contribuinte<\/strong> do imposto;<\/p>\n\n\n\n<p>&#8211; o do <strong>estabelecimento do remetente<\/strong> ou onde tiver in\u00edcio a presta\u00e7\u00e3o, quando o<br \/>destinat\u00e1rio ou tomador <strong>n\u00e3o for contribuinte<\/strong> do imposto.<br \/>Quando o destino final da<strong> mercadoria, bem ou servi\u00e7o ocorrer em Estado diferente daquele em que estiver domiciliado ou estabelecido o adquirente ou o tomador, o imposto correspondente \u00e0 diferen\u00e7a entre a al\u00edquota interna e a interestadual ser\u00e1 devido ao Estado no qual <em>efetivamente ocorrer a entrada f\u00edsica<\/em> da mercadoria ou bem ou o fim da presta\u00e7\u00e3o do servi\u00e7o<\/strong>.<\/p>\n\n\n\n<p>Pessoal, este \u00e9 um ponto important\u00edssimo do decreto mineiro. Seguindo o disposto na lei Kandir, no caso do diferencial de al\u00edquotas, o local da opera\u00e7\u00e3o varia de acordo com o adquirente.<\/p>\n\n\n\n<p>Para adquirentes contribuintes do imposto, o local ser\u00e1 o do estabelecimento destinat\u00e1rio. Por outro lado, quando o adquirente for n\u00e3o contribuinte do imposto, o local ser\u00e1 o do estabelecimento remetente da mercadoria.<\/p>\n\n\n\n<p>Para n\u00e3o precisar decorar, entenda a l\u00f3gica por tr\u00e1s deste quesito. Os fiscos est\u00e3o sempre em busca de uma fiscaliza\u00e7\u00e3o eficiente e, por isso, buscam concentrar as pessoas respons\u00e1veis pelo recolhimento do imposto.<\/p>\n\n\n\n<p>Caso o adquirente da mercadoria seja n\u00e3o contribuinte do imposto, \u00e9 muito mais vantajoso que o remetente fique respons\u00e1vel pelos tr\u00e2mites da venda.<\/p>\n\n\n\n<p>Outro detalhe muito importante da legisla\u00e7\u00e3o mineira foi apresentado no \u00a7 8\u00ba. Vejam que, se eu moro na Bahia, <strong>n\u00e3o sou contribuinte do imposto<\/strong>, e compro uma mercadoria para ser entregue em Minas Gerais, o DIFAL ser\u00e1 devido para MG, onde efetivamente ocorreu a entrada da mercadoria.<\/p>\n\n\n\n<h2 class=\"wp-block-heading\"><strong>LOCAL DA OPERA\u00c7\u00c3O DO ICMS PARA SEFAZ MG:<\/strong> armaz\u00e9m geral e dep\u00f3sito fechado<\/h2>\n\n\n\n<p>Vamos para mais um local da opera\u00e7\u00e3o do ICMS.<\/p>\n\n\n\n<p>&#8211; o do<strong> armaz\u00e9m-geral ou do dep\u00f3sito fechado<\/strong>, quando se tratar de opera\u00e7\u00e3o com<strong><br \/>mercadoria cujo depositante esteja situado fora do Estado<\/strong>;<\/p>\n\n\n\n<p>Neste caso, \u00e9 considerado estabelecimento o armaz\u00e9m-geral ou o dep\u00f3sito fechado, situado<strong> neste Estado<\/strong>, na sa\u00edda por ele promovida, de mercadoria depositada por contribuinte<strong> de outra unidade da Federa\u00e7\u00e3o<\/strong>.<\/p>\n\n\n\n<p>Uma situa\u00e7\u00e3o importante para ter gravado \u00e9 que, quando a mercadoria for remetida, em opera\u00e7\u00e3o interna, para dep\u00f3sito fechado<strong> do pr\u00f3prio contribuinte ou para armaz\u00e9m-geral<\/strong>, a posterior sa\u00edda considera-se ocorrida<strong> no estabelecimento do depositante<\/strong>, <strong>salvo<\/strong> se para retornar ao estabelecimento<strong> remetente.<\/strong><\/p>\n\n\n\n<p>Pessoal, cuidado para n\u00e3o confundir aqui. Quando o depositante da mercadoria estiver situado em Minas Gerais, o local ser\u00e1 o do estabelecimento depositante.<\/p>\n\n\n\n<p>Contudo, caso o depositante esteja situado em outro Estado, o local ser\u00e1 o armaz\u00e9m ou o dep\u00f3sito fechado situado em Minas Gerais.<\/p>\n\n\n\n<p>&#8211; o do <strong>estabelecimento, no Estado<\/strong>, que efetuar venda a consumidor final, ainda que a<strong> mercadoria tenha sa\u00eddo de estabelecimento do mesmo titular localizado fora do Estado diretamente para o adquirente<\/strong>;<\/p>\n\n\n\n<p>Vamos entender com um exemplo. Suponha que um contribuinte mineiro vendeu quatro televis\u00f5es para um consumidor final. Por\u00e9m, as TVs estavam em outro estabelecimento do contribuinte, situado no Rio de Janeiro, e seriam entregues diretamente ao adquirente. O local ser\u00e1 o estabelecimento do contribuinte em Minas Gerais.<\/p>\n\n\n\n<p>Nesta situa\u00e7\u00e3o \u00e9 como se ocorresse uma sa\u00edda (fict\u00edcia) do Rio de Janeiro para o estabelecimento em Minas Gerais e, posteriormente, a sa\u00edda para o consumidor final.<\/p>\n\n\n\n<p>&#8211; o do<strong> estabelecimento inscrito como contribuinte<\/strong>, quando se tratar de empresa com<strong> inscri\u00e7\u00e3o \u00fanica no Estado<\/strong>;<\/p>\n\n\n\n<p>A inscri\u00e7\u00e3o \u00fanica poder\u00e1 ser concedida a crit\u00e9rio do fisco a fim de centralizar a escritura\u00e7\u00e3o fiscal e o recolhimento do imposto. Neste caso, o local da opera\u00e7\u00e3o ser\u00e1 o do estabelecimento que possui inscri\u00e7\u00e3o \u00fanica.<\/p>\n\n\n\n<p>Pessoal, o local da opera\u00e7\u00e3o do ICMS para a SEFAZ MG \u00e9 quest\u00e3o praticamente certa na sua prova. N\u00e3o deixem de ler e revisar sempre que necess\u00e1rio.<\/p>\n\n\n\n<p>Em um pr\u00f3ximo artigo, <strong>abordaremos o local da opera\u00e7\u00e3o para as presta\u00e7\u00f5es de servi\u00e7o de transporte, de comunica\u00e7\u00e3o e para as opera\u00e7\u00f5es ou presta\u00e7\u00f5es no contexto da importa\u00e7\u00e3o<\/strong>.<\/p>\n\n\n\n<h2 class=\"wp-block-heading\">FINALIZANDO<\/h2>\n\n\n\n<p>Pessoal, este foi o nosso artigo acerca do<strong> local das opera\u00e7\u00f5es do ICMS para SEFAZ MG<\/strong>. Espero que tenham gostado.<\/p>\n\n\n\n<p>Reiteramos a import\u00e2ncia de fazer a leitura da lei seca e do decreto que regulamenta o assunto. Ademais, confira o curso completo preparat\u00f3rio para a <a href=\"https:\/\/www.estrategiaconcursos.com.br\/cursosPorConcurso\/secretaria-da-fazenda-do-estado-de-minas-gerais-sefaz-mg\/\" target=\"_blank\" rel=\"noreferrer noopener\">SEFAZ MG<\/a> do Estrat\u00e9gia Concursos.<\/p>\n\n\n\n<p>N\u00e3o deixem de resolver diversas quest\u00f5es sobre o tema a fim de consolidar o conte\u00fado deste artigo.<\/p>\n\n\n\n<p>Bons estudos!<\/p>\n\n\n\n<p>At\u00e9 a pr\u00f3xima.<\/p>\n\n\n\n<h3 class=\"has-text-align-center has-cyan-bluish-gray-background-color has-background wp-block-heading\" id=\"h-cursos-sefaz-mg\"><a href=\"https:\/\/www.estrategiaconcursos.com.br\/cursosPorConcurso\/secretaria-da-fazenda-do-estado-de-minas-gerais-sefaz-mg\/\" target=\"_blank\" rel=\"noreferrer noopener\">CURSOS SEFAZ MG<\/a><\/h3>\n\n\n\n<h2 class=\"has-text-align-center wp-block-heading\" id=\"h-quer-saber-tudo-sobre-concursos-previstos-confira-nossos-artigos\">Quer saber tudo sobre concursos previstos?<br \/>Confira nossos artigos<\/h2>\n\n\n\n<p class=\"has-text-align-center has-black-color has-pale-cyan-blue-background-color has-text-color has-background\"><a href=\"https:\/\/www.estrategiaconcursos.com.br\/blog\/concursos-abertos\/\" target=\"_blank\" rel=\"noreferrer noopener\">Concursos abertos<\/a><\/p>\n\n\n\n<p class=\"has-text-align-center has-pale-cyan-blue-background-color has-background\"><a href=\"https:\/\/www.estrategiaconcursos.com.br\/blog\/concursos-2022\/\" target=\"_blank\" rel=\"noreferrer noopener\">Concursos 2022<\/a><\/p>\n\n\n\n<p class=\"has-text-align-center has-pale-cyan-blue-background-color has-background\"><a href=\"https:\/\/www.estrategiaconcursos.com.br\/blog\/concursos-2023\/\" target=\"_blank\" rel=\"noreferrer noopener\">Concursos 2023<\/a><\/p>\n","protected":false},"excerpt":{"rendered":"<p>Resumo acerca do local da opera\u00e7\u00e3o do ICMS para SEFAZ MG. Disposi\u00e7\u00f5es da Lei 6.763\/75 e do Decreto 43.080\/02 no tocante ao local das opera\u00e7\u00f5es com bens e mercadorias.<\/p>\n","protected":false},"author":2459,"featured_media":1100262,"comment_status":"open","ping_status":"closed","sticky":false,"template":"","format":"standard","meta":{"post_tipo":"article","footnotes":""},"categories":[1,1983],"tags":[40,221041],"tax_estado":[219974],"class_list":["post-1100258","post","type-post","status-publish","format-standard","has-post-thumbnail","hentry","category-cursos-e-concursos","category-fiscal-estadual","tag-concurso","tag-sefaz-mg-2","tax_estado-mg"],"acf":[],"yoast_head":"<!-- This site is optimized with the Yoast SEO Premium plugin v27.2 (Yoast SEO v27.2) - https:\/\/yoast.com\/product\/yoast-seo-premium-wordpress\/ -->\n<title>Local da opera\u00e7\u00e3o do ICMS para SEFAZ MG<\/title>\n<meta name=\"description\" content=\"Resumo acerca do local da opera\u00e7\u00e3o do ICMS para SEFAZ MG. Disposi\u00e7\u00f5es espec\u00edficas ao local das opera\u00e7\u00f5es com bens e mercadorias.\" \/>\n<meta name=\"robots\" content=\"index, follow, max-snippet:-1, max-image-preview:large, max-video-preview:-1\" \/>\n<link rel=\"canonical\" href=\"https:\/\/www.estrategiaconcursos.com.br\/blog\/local-operacao-icms-sefaz-mg\/\" \/>\n<meta property=\"og:locale\" content=\"pt_BR\" \/>\n<meta property=\"og:type\" content=\"article\" \/>\n<meta property=\"og:title\" content=\"Local da opera\u00e7\u00e3o do ICMS para SEFAZ MG\" \/>\n<meta property=\"og:description\" content=\"Resumo acerca do local da opera\u00e7\u00e3o do ICMS para SEFAZ MG. Disposi\u00e7\u00f5es espec\u00edficas ao local das opera\u00e7\u00f5es com bens e mercadorias.\" \/>\n<meta property=\"og:url\" content=\"https:\/\/www.estrategiaconcursos.com.br\/blog\/local-operacao-icms-sefaz-mg\/\" \/>\n<meta property=\"og:site_name\" content=\"Estrat\u00e9gia Concursos\" \/>\n<meta property=\"article:published_time\" content=\"2022-10-29T17:35:00+00:00\" \/>\n<meta property=\"og:image\" content=\"https:\/\/dhg1h5j42swfq.cloudfront.net\/2022\/09\/25185702\/image-337-1024x538-1-1.png\" \/>\n\t<meta property=\"og:image:width\" content=\"1024\" \/>\n\t<meta property=\"og:image:height\" content=\"538\" \/>\n\t<meta property=\"og:image:type\" content=\"image\/png\" \/>\n<meta name=\"author\" content=\"J\u00e9ssica Luciano Barcelos\" \/>\n<meta name=\"twitter:card\" content=\"summary_large_image\" \/>\n<meta name=\"twitter:creator\" content=\"@EstratConcursos\" \/>\n<meta name=\"twitter:site\" content=\"@EstratConcursos\" \/>\n<meta name=\"twitter:label1\" content=\"Escrito por\" \/>\n\t<meta name=\"twitter:data1\" content=\"J\u00e9ssica Luciano Barcelos\" \/>\n\t<meta name=\"twitter:label2\" content=\"Est. tempo de leitura\" \/>\n\t<meta name=\"twitter:data2\" content=\"9 minutos\" \/>\n<script type=\"application\/ld+json\" class=\"yoast-schema-graph\">{\"@context\":\"https:\/\/schema.org\",\"@graph\":[{\"@type\":\"NewsArticle\",\"@id\":\"https:\/\/www.estrategiaconcursos.com.br\/blog\/local-operacao-icms-sefaz-mg\/#article\",\"isPartOf\":{\"@id\":\"https:\/\/www.estrategiaconcursos.com.br\/blog\/local-operacao-icms-sefaz-mg\/\"},\"author\":{\"name\":\"J\u00e9ssica Luciano Barcelos\",\"@id\":\"https:\/\/www.estrategiaconcursos.com.br\/blog\/#\/schema\/person\/8207b340097a76d57b0d52dd527d7e53\"},\"headline\":\"Local da opera\u00e7\u00e3o do ICMS para SEFAZ MG\",\"datePublished\":\"2022-10-29T17:35:00+00:00\",\"mainEntityOfPage\":{\"@id\":\"https:\/\/www.estrategiaconcursos.com.br\/blog\/local-operacao-icms-sefaz-mg\/\"},\"wordCount\":1726,\"commentCount\":0,\"publisher\":{\"@id\":\"https:\/\/www.estrategiaconcursos.com.br\/blog\/#organization\"},\"image\":{\"@id\":\"https:\/\/www.estrategiaconcursos.com.br\/blog\/local-operacao-icms-sefaz-mg\/#primaryimage\"},\"thumbnailUrl\":\"https:\/\/dhg1h5j42swfq.cloudfront.net\/2022\/09\/25185702\/image-337-1024x538-1-1.png\",\"keywords\":[\"Concurso\",\"sefaz mg\"],\"articleSection\":[\"Concursos P\u00fablicos\",\"Fiscal - Estadual (ICMS)\"],\"inLanguage\":\"pt-BR\",\"potentialAction\":[{\"@type\":\"CommentAction\",\"name\":\"Comment\",\"target\":[\"https:\/\/www.estrategiaconcursos.com.br\/blog\/local-operacao-icms-sefaz-mg\/#respond\"]}],\"copyrightYear\":\"2022\",\"copyrightHolder\":{\"@id\":\"https:\/\/www.estrategiaconcursos.com.br\/blog\/#organization\"}},{\"@type\":\"WebPage\",\"@id\":\"https:\/\/www.estrategiaconcursos.com.br\/blog\/local-operacao-icms-sefaz-mg\/\",\"url\":\"https:\/\/www.estrategiaconcursos.com.br\/blog\/local-operacao-icms-sefaz-mg\/\",\"name\":\"Local da opera\u00e7\u00e3o do ICMS para SEFAZ MG\",\"isPartOf\":{\"@id\":\"https:\/\/www.estrategiaconcursos.com.br\/blog\/#website\"},\"primaryImageOfPage\":{\"@id\":\"https:\/\/www.estrategiaconcursos.com.br\/blog\/local-operacao-icms-sefaz-mg\/#primaryimage\"},\"image\":{\"@id\":\"https:\/\/www.estrategiaconcursos.com.br\/blog\/local-operacao-icms-sefaz-mg\/#primaryimage\"},\"thumbnailUrl\":\"https:\/\/dhg1h5j42swfq.cloudfront.net\/2022\/09\/25185702\/image-337-1024x538-1-1.png\",\"datePublished\":\"2022-10-29T17:35:00+00:00\",\"description\":\"Resumo acerca do local da opera\u00e7\u00e3o do ICMS para SEFAZ MG. Disposi\u00e7\u00f5es espec\u00edficas ao local das opera\u00e7\u00f5es com bens e mercadorias.\",\"breadcrumb\":{\"@id\":\"https:\/\/www.estrategiaconcursos.com.br\/blog\/local-operacao-icms-sefaz-mg\/#breadcrumb\"},\"inLanguage\":\"pt-BR\",\"potentialAction\":[{\"@type\":\"ReadAction\",\"target\":[\"https:\/\/www.estrategiaconcursos.com.br\/blog\/local-operacao-icms-sefaz-mg\/\"]}]},{\"@type\":\"ImageObject\",\"inLanguage\":\"pt-BR\",\"@id\":\"https:\/\/www.estrategiaconcursos.com.br\/blog\/local-operacao-icms-sefaz-mg\/#primaryimage\",\"url\":\"https:\/\/dhg1h5j42swfq.cloudfront.net\/2022\/09\/25185702\/image-337-1024x538-1-1.png\",\"contentUrl\":\"https:\/\/dhg1h5j42swfq.cloudfront.net\/2022\/09\/25185702\/image-337-1024x538-1-1.png\",\"width\":1024,\"height\":538},{\"@type\":\"BreadcrumbList\",\"@id\":\"https:\/\/www.estrategiaconcursos.com.br\/blog\/local-operacao-icms-sefaz-mg\/#breadcrumb\",\"itemListElement\":[{\"@type\":\"ListItem\",\"position\":1,\"name\":\"In\u00edcio\",\"item\":\"https:\/\/www.estrategiaconcursos.com.br\/blog\/\"},{\"@type\":\"ListItem\",\"position\":2,\"name\":\"Local da opera\u00e7\u00e3o do ICMS para SEFAZ MG\"}]},{\"@type\":\"WebSite\",\"@id\":\"https:\/\/www.estrategiaconcursos.com.br\/blog\/#website\",\"url\":\"https:\/\/www.estrategiaconcursos.com.br\/blog\/\",\"name\":\"Estrat\u00e9gia Concursos\",\"description\":\"O blog da Estrat\u00e9gia Concursos traz not\u00edcias sobre concursos e artigos de professores oferecendo cursos para concursos (pdf + videaulas) no site.\",\"publisher\":{\"@id\":\"https:\/\/www.estrategiaconcursos.com.br\/blog\/#organization\"},\"potentialAction\":[{\"@type\":\"SearchAction\",\"target\":{\"@type\":\"EntryPoint\",\"urlTemplate\":\"https:\/\/www.estrategiaconcursos.com.br\/blog\/?s={search_term_string}\"},\"query-input\":{\"@type\":\"PropertyValueSpecification\",\"valueRequired\":true,\"valueName\":\"search_term_string\"}}],\"inLanguage\":\"pt-BR\"},{\"@type\":\"Organization\",\"@id\":\"https:\/\/www.estrategiaconcursos.com.br\/blog\/#organization\",\"name\":\"Estrat\u00e9gia Concursos\",\"url\":\"https:\/\/www.estrategiaconcursos.com.br\/blog\/\",\"logo\":{\"@type\":\"ImageObject\",\"inLanguage\":\"pt-BR\",\"@id\":\"https:\/\/www.estrategiaconcursos.com.br\/blog\/#\/schema\/logo\/image\/\",\"url\":\"https:\/\/dhg1h5j42swfq.cloudfront.net\/2025\/06\/03203428\/logo_concursos-1.jpg\",\"contentUrl\":\"https:\/\/dhg1h5j42swfq.cloudfront.net\/2025\/06\/03203428\/logo_concursos-1.jpg\",\"width\":230,\"height\":60,\"caption\":\"Estrat\u00e9gia Concursos\"},\"image\":{\"@id\":\"https:\/\/www.estrategiaconcursos.com.br\/blog\/#\/schema\/logo\/image\/\"},\"sameAs\":[\"https:\/\/x.com\/EstratConcursos\"]},{\"@type\":\"Person\",\"@id\":\"https:\/\/www.estrategiaconcursos.com.br\/blog\/#\/schema\/person\/8207b340097a76d57b0d52dd527d7e53\",\"name\":\"J\u00e9ssica Luciano Barcelos\",\"image\":{\"@type\":\"ImageObject\",\"inLanguage\":\"pt-BR\",\"@id\":\"https:\/\/secure.gravatar.com\/avatar\/feaa24cba2d6d73f21c019e05c8bff471043b1db62437f2c2e5112e2f3773495?s=96&d=mm&r=g\",\"url\":\"https:\/\/secure.gravatar.com\/avatar\/feaa24cba2d6d73f21c019e05c8bff471043b1db62437f2c2e5112e2f3773495?s=96&d=mm&r=g\",\"contentUrl\":\"https:\/\/secure.gravatar.com\/avatar\/feaa24cba2d6d73f21c019e05c8bff471043b1db62437f2c2e5112e2f3773495?s=96&d=mm&r=g\",\"caption\":\"J\u00e9ssica Luciano Barcelos\"},\"description\":\"Formada em Engenharia Civil pela Universidade Federal dos Vales do Jequitinhonha e Mucuri (UFVJM). Aprovada para Auditora Fiscal da SEFAZ AM em 2022.\",\"sameAs\":[\"https:\/\/www.instagram.com\/jessicalbarcelos\/\",\"https:\/\/www.linkedin.com\/in\/jssica-barcelos-580594143\/\"],\"worksFor\":\"J\u00c9SSICA LUCIANO BARCELOS\",\"url\":\"https:\/\/www.estrategiaconcursos.com.br\/blog\/author\/jessicalbarcelosgmail-com\/\"}]}<\/script>\n<!-- \/ Yoast SEO Premium plugin. -->","yoast_head_json":{"title":"Local da opera\u00e7\u00e3o do ICMS para SEFAZ MG","description":"Resumo acerca do local da opera\u00e7\u00e3o do ICMS para SEFAZ MG. Disposi\u00e7\u00f5es espec\u00edficas ao local das opera\u00e7\u00f5es com bens e mercadorias.","robots":{"index":"index","follow":"follow","max-snippet":"max-snippet:-1","max-image-preview":"max-image-preview:large","max-video-preview":"max-video-preview:-1"},"canonical":"https:\/\/www.estrategiaconcursos.com.br\/blog\/local-operacao-icms-sefaz-mg\/","og_locale":"pt_BR","og_type":"article","og_title":"Local da opera\u00e7\u00e3o do ICMS para SEFAZ MG","og_description":"Resumo acerca do local da opera\u00e7\u00e3o do ICMS para SEFAZ MG. Disposi\u00e7\u00f5es espec\u00edficas ao local das opera\u00e7\u00f5es com bens e mercadorias.","og_url":"https:\/\/www.estrategiaconcursos.com.br\/blog\/local-operacao-icms-sefaz-mg\/","og_site_name":"Estrat\u00e9gia Concursos","article_published_time":"2022-10-29T17:35:00+00:00","og_image":[{"width":1024,"height":538,"url":"https:\/\/dhg1h5j42swfq.cloudfront.net\/2022\/09\/25185702\/image-337-1024x538-1-1.png","type":"image\/png"}],"author":"J\u00e9ssica Luciano Barcelos","twitter_card":"summary_large_image","twitter_creator":"@EstratConcursos","twitter_site":"@EstratConcursos","twitter_misc":{"Escrito por":"J\u00e9ssica Luciano Barcelos","Est. tempo de leitura":"9 minutos"},"schema":{"@context":"https:\/\/schema.org","@graph":[{"@type":"NewsArticle","@id":"https:\/\/www.estrategiaconcursos.com.br\/blog\/local-operacao-icms-sefaz-mg\/#article","isPartOf":{"@id":"https:\/\/www.estrategiaconcursos.com.br\/blog\/local-operacao-icms-sefaz-mg\/"},"author":{"name":"J\u00e9ssica Luciano Barcelos","@id":"https:\/\/www.estrategiaconcursos.com.br\/blog\/#\/schema\/person\/8207b340097a76d57b0d52dd527d7e53"},"headline":"Local da opera\u00e7\u00e3o do ICMS para SEFAZ MG","datePublished":"2022-10-29T17:35:00+00:00","mainEntityOfPage":{"@id":"https:\/\/www.estrategiaconcursos.com.br\/blog\/local-operacao-icms-sefaz-mg\/"},"wordCount":1726,"commentCount":0,"publisher":{"@id":"https:\/\/www.estrategiaconcursos.com.br\/blog\/#organization"},"image":{"@id":"https:\/\/www.estrategiaconcursos.com.br\/blog\/local-operacao-icms-sefaz-mg\/#primaryimage"},"thumbnailUrl":"https:\/\/dhg1h5j42swfq.cloudfront.net\/2022\/09\/25185702\/image-337-1024x538-1-1.png","keywords":["Concurso","sefaz mg"],"articleSection":["Concursos P\u00fablicos","Fiscal - Estadual (ICMS)"],"inLanguage":"pt-BR","potentialAction":[{"@type":"CommentAction","name":"Comment","target":["https:\/\/www.estrategiaconcursos.com.br\/blog\/local-operacao-icms-sefaz-mg\/#respond"]}],"copyrightYear":"2022","copyrightHolder":{"@id":"https:\/\/www.estrategiaconcursos.com.br\/blog\/#organization"}},{"@type":"WebPage","@id":"https:\/\/www.estrategiaconcursos.com.br\/blog\/local-operacao-icms-sefaz-mg\/","url":"https:\/\/www.estrategiaconcursos.com.br\/blog\/local-operacao-icms-sefaz-mg\/","name":"Local da opera\u00e7\u00e3o do ICMS para SEFAZ MG","isPartOf":{"@id":"https:\/\/www.estrategiaconcursos.com.br\/blog\/#website"},"primaryImageOfPage":{"@id":"https:\/\/www.estrategiaconcursos.com.br\/blog\/local-operacao-icms-sefaz-mg\/#primaryimage"},"image":{"@id":"https:\/\/www.estrategiaconcursos.com.br\/blog\/local-operacao-icms-sefaz-mg\/#primaryimage"},"thumbnailUrl":"https:\/\/dhg1h5j42swfq.cloudfront.net\/2022\/09\/25185702\/image-337-1024x538-1-1.png","datePublished":"2022-10-29T17:35:00+00:00","description":"Resumo acerca do local da opera\u00e7\u00e3o do ICMS para SEFAZ MG. Disposi\u00e7\u00f5es espec\u00edficas ao local das opera\u00e7\u00f5es com bens e mercadorias.","breadcrumb":{"@id":"https:\/\/www.estrategiaconcursos.com.br\/blog\/local-operacao-icms-sefaz-mg\/#breadcrumb"},"inLanguage":"pt-BR","potentialAction":[{"@type":"ReadAction","target":["https:\/\/www.estrategiaconcursos.com.br\/blog\/local-operacao-icms-sefaz-mg\/"]}]},{"@type":"ImageObject","inLanguage":"pt-BR","@id":"https:\/\/www.estrategiaconcursos.com.br\/blog\/local-operacao-icms-sefaz-mg\/#primaryimage","url":"https:\/\/dhg1h5j42swfq.cloudfront.net\/2022\/09\/25185702\/image-337-1024x538-1-1.png","contentUrl":"https:\/\/dhg1h5j42swfq.cloudfront.net\/2022\/09\/25185702\/image-337-1024x538-1-1.png","width":1024,"height":538},{"@type":"BreadcrumbList","@id":"https:\/\/www.estrategiaconcursos.com.br\/blog\/local-operacao-icms-sefaz-mg\/#breadcrumb","itemListElement":[{"@type":"ListItem","position":1,"name":"In\u00edcio","item":"https:\/\/www.estrategiaconcursos.com.br\/blog\/"},{"@type":"ListItem","position":2,"name":"Local da opera\u00e7\u00e3o do ICMS para SEFAZ MG"}]},{"@type":"WebSite","@id":"https:\/\/www.estrategiaconcursos.com.br\/blog\/#website","url":"https:\/\/www.estrategiaconcursos.com.br\/blog\/","name":"Estrat\u00e9gia Concursos","description":"O blog da Estrat\u00e9gia Concursos traz not\u00edcias sobre concursos e artigos de professores oferecendo cursos para concursos (pdf + videaulas) no site.","publisher":{"@id":"https:\/\/www.estrategiaconcursos.com.br\/blog\/#organization"},"potentialAction":[{"@type":"SearchAction","target":{"@type":"EntryPoint","urlTemplate":"https:\/\/www.estrategiaconcursos.com.br\/blog\/?s={search_term_string}"},"query-input":{"@type":"PropertyValueSpecification","valueRequired":true,"valueName":"search_term_string"}}],"inLanguage":"pt-BR"},{"@type":"Organization","@id":"https:\/\/www.estrategiaconcursos.com.br\/blog\/#organization","name":"Estrat\u00e9gia Concursos","url":"https:\/\/www.estrategiaconcursos.com.br\/blog\/","logo":{"@type":"ImageObject","inLanguage":"pt-BR","@id":"https:\/\/www.estrategiaconcursos.com.br\/blog\/#\/schema\/logo\/image\/","url":"https:\/\/dhg1h5j42swfq.cloudfront.net\/2025\/06\/03203428\/logo_concursos-1.jpg","contentUrl":"https:\/\/dhg1h5j42swfq.cloudfront.net\/2025\/06\/03203428\/logo_concursos-1.jpg","width":230,"height":60,"caption":"Estrat\u00e9gia Concursos"},"image":{"@id":"https:\/\/www.estrategiaconcursos.com.br\/blog\/#\/schema\/logo\/image\/"},"sameAs":["https:\/\/x.com\/EstratConcursos"]},{"@type":"Person","@id":"https:\/\/www.estrategiaconcursos.com.br\/blog\/#\/schema\/person\/8207b340097a76d57b0d52dd527d7e53","name":"J\u00e9ssica Luciano Barcelos","image":{"@type":"ImageObject","inLanguage":"pt-BR","@id":"https:\/\/secure.gravatar.com\/avatar\/feaa24cba2d6d73f21c019e05c8bff471043b1db62437f2c2e5112e2f3773495?s=96&d=mm&r=g","url":"https:\/\/secure.gravatar.com\/avatar\/feaa24cba2d6d73f21c019e05c8bff471043b1db62437f2c2e5112e2f3773495?s=96&d=mm&r=g","contentUrl":"https:\/\/secure.gravatar.com\/avatar\/feaa24cba2d6d73f21c019e05c8bff471043b1db62437f2c2e5112e2f3773495?s=96&d=mm&r=g","caption":"J\u00e9ssica Luciano Barcelos"},"description":"Formada em Engenharia Civil pela Universidade Federal dos Vales do Jequitinhonha e Mucuri (UFVJM). Aprovada para Auditora Fiscal da SEFAZ AM em 2022.","sameAs":["https:\/\/www.instagram.com\/jessicalbarcelos\/","https:\/\/www.linkedin.com\/in\/jssica-barcelos-580594143\/"],"worksFor":"J\u00c9SSICA LUCIANO BARCELOS","url":"https:\/\/www.estrategiaconcursos.com.br\/blog\/author\/jessicalbarcelosgmail-com\/"}]}},"_links":{"self":[{"href":"https:\/\/www.estrategiaconcursos.com.br\/blog\/wp-json\/wp\/v2\/posts\/1100258","targetHints":{"allow":["GET"]}}],"collection":[{"href":"https:\/\/www.estrategiaconcursos.com.br\/blog\/wp-json\/wp\/v2\/posts"}],"about":[{"href":"https:\/\/www.estrategiaconcursos.com.br\/blog\/wp-json\/wp\/v2\/types\/post"}],"author":[{"embeddable":true,"href":"https:\/\/www.estrategiaconcursos.com.br\/blog\/wp-json\/wp\/v2\/users\/2459"}],"replies":[{"embeddable":true,"href":"https:\/\/www.estrategiaconcursos.com.br\/blog\/wp-json\/wp\/v2\/comments?post=1100258"}],"version-history":[{"count":5,"href":"https:\/\/www.estrategiaconcursos.com.br\/blog\/wp-json\/wp\/v2\/posts\/1100258\/revisions"}],"predecessor-version":[{"id":1108656,"href":"https:\/\/www.estrategiaconcursos.com.br\/blog\/wp-json\/wp\/v2\/posts\/1100258\/revisions\/1108656"}],"wp:featuredmedia":[{"embeddable":true,"href":"https:\/\/www.estrategiaconcursos.com.br\/blog\/wp-json\/wp\/v2\/media\/1100262"}],"wp:attachment":[{"href":"https:\/\/www.estrategiaconcursos.com.br\/blog\/wp-json\/wp\/v2\/media?parent=1100258"}],"wp:term":[{"taxonomy":"category","embeddable":true,"href":"https:\/\/www.estrategiaconcursos.com.br\/blog\/wp-json\/wp\/v2\/categories?post=1100258"},{"taxonomy":"post_tag","embeddable":true,"href":"https:\/\/www.estrategiaconcursos.com.br\/blog\/wp-json\/wp\/v2\/tags?post=1100258"},{"taxonomy":"tax_estado","embeddable":true,"href":"https:\/\/www.estrategiaconcursos.com.br\/blog\/wp-json\/wp\/v2\/tax_estado?post=1100258"}],"curies":[{"name":"wp","href":"https:\/\/api.w.org\/{rel}","templated":true}]}}