{"id":1100234,"date":"2022-10-21T10:47:00","date_gmt":"2022-10-21T13:47:00","guid":{"rendered":"https:\/\/www.estrategiaconcursos.com.br\/blog\/?p=1100234"},"modified":"2022-10-11T17:11:08","modified_gmt":"2022-10-11T20:11:08","slug":"instrucao-normativa-128-2022-inss","status":"publish","type":"post","link":"https:\/\/www.estrategiaconcursos.com.br\/blog\/instrucao-normativa-128-2022-inss\/","title":{"rendered":"Concurso INSS: Resumo da Instru\u00e7\u00e3o Normativa 128\/2022"},"content":{"rendered":"\n<p>Confira neste artigo um <strong>resumo <\/strong>sobre a <strong><mark style=\"background-color:rgba(0, 0, 0, 0)\" class=\"has-inline-color has-vivid-cyan-blue-color\">Instru\u00e7\u00e3o Normativa 128\/2022<\/mark><\/strong>, para o concurso do INSS.<\/p>\n\n\n\n<figure class=\"wp-block-image aligncenter size-large is-resized\"><img loading=\"lazy\" decoding=\"async\" src=\"https:\/\/dhg1h5j42swfq.cloudfront.net\/2022\/06\/13112253\/inss-site-1024x640.jpg\" alt=\"Concurso INSS: Resumo da Instru\u00e7\u00e3o Normativa 128\/2022\" class=\"wp-image-1044050\" width=\"472\" height=\"295\" srcset=\"https:\/\/dhg1h5j42swfq.cloudfront.net\/2022\/06\/13112253\/inss-site-1024x640.jpg 1024w, https:\/\/dhg1h5j42swfq.cloudfront.net\/2022\/06\/13112253\/inss-site-300x188.jpg 300w, https:\/\/dhg1h5j42swfq.cloudfront.net\/2022\/06\/13112253\/inss-site-768x480.jpg 768w, https:\/\/dhg1h5j42swfq.cloudfront.net\/2022\/06\/13112253\/inss-site-610x382.jpg 610w, https:\/\/dhg1h5j42swfq.cloudfront.net\/2022\/06\/13112253\/inss-site.jpg 1068w\" sizes=\"auto, (max-width: 472px) 100vw, 472px\" \/><figcaption>Concurso INSS: Resumo da Instru\u00e7\u00e3o Normativa 128\/2022<\/figcaption><\/figure>\n\n\n\n<p>Ol\u00e1, pessoal! Como voc\u00eas est\u00e3o?<\/p>\n\n\n\n<p>O edital do&nbsp;<strong><a href=\"https:\/\/www.estrategiaconcursos.com.br\/blog\/concurso-inss\" target=\"_blank\" rel=\"noreferrer noopener\">concurso do INSS<\/a><\/strong>&nbsp;est\u00e1 na pra\u00e7a. Est\u00e3o sendo ofertadas&nbsp;<strong>1.000 vagas<\/strong>&nbsp;para o cargo de&nbsp;<strong>T\u00e9cnico do Seguro Social<\/strong>, com remunera\u00e7\u00e3o inicial podendo chegar a&nbsp;<strong>R$ 5.905,79<\/strong>.<\/p>\n\n\n\n<p>Assim, de modo a auxili\u00e1-los na prepara\u00e7\u00e3o para este certame, realizaremos um <strong>resumo <\/strong>sobre a <strong><mark style=\"background-color:rgba(0, 0, 0, 0)\" class=\"has-inline-color has-vivid-cyan-blue-color\">Instru\u00e7\u00e3o Normativa 128\/2022<\/mark><\/strong>, sendo este um importante t\u00f3pico para a sua prova do concurso do INSS.<\/p>\n\n\n\n<div class=\"container\" id=\"boxes\">\n  <div class=\"row\">\n\n    <div class=\"col-sm\">\n      <div class=\"banner-adm\" id=\"box-assinatura\">\n        <h3 class=\"titulo-assinatura\">Concurso INSS<\/h3>\n        <p class=\"subtitulo-assinatura\">Conhe\u00e7a os cursos<\/p>\n        <div class=\"box-botao\">\n          <a class=\"btn-assinatura\" target=\"_blank\" href=\"https:\/\/www.estrategiaconcursos.com.br\/cursosPorConcurso\/inss-tecnico-do-seguro-social-101\/\" role=\"button\" rel=\"noopener noreferrer\">Conhe\u00e7a mais<\/a>\n        <\/div>\n      <\/div>\n      \n    <\/div>\n\n  <\/div>\n<\/div>\n\n\n\n<h2 class=\"wp-block-heading\" id=\"h-a-instrucao-normativa-128-2022\"><mark style=\"background-color:rgba(0, 0, 0, 0)\" class=\"has-inline-color has-vivid-cyan-blue-color\">A Instru\u00e7\u00e3o Normativa 128\/2022<\/mark><\/h2>\n\n\n\n<p>A <strong><mark style=\"background-color:rgba(0, 0, 0, 0)\" class=\"has-inline-color has-vivid-cyan-blue-color\">Instru\u00e7\u00e3o Normativa 128\/2022<\/mark><\/strong> disciplina as regras sobre os <strong>procedimentos<\/strong> e as <strong>rotinas <\/strong>sobre <strong>cadastro<\/strong>, <strong>administra\u00e7\u00e3o <\/strong>e retifica\u00e7\u00e3o de informa\u00e7\u00f5es dos benefici\u00e1rios, reconhecimento, manuten\u00e7\u00e3o, revis\u00e3o e recursos de <strong>benef\u00edcios previdenci\u00e1rios e assistenciais<\/strong>, servi\u00e7os do Regime Geral de Previd\u00eancia Social (RGPS), compensa\u00e7\u00e3o previdenci\u00e1ria, acordos internacionais de Previd\u00eancia Social e processo administrativo previdenci\u00e1rio no \u00e2mbito do INSS.<\/p>\n\n\n\n<p>Vamos agora analisar as principais disposi\u00e7\u00f5es desta instru\u00e7\u00e3o normativa.<\/p>\n\n\n\n<h2 class=\"wp-block-heading\" id=\"h-filiacao-e-segurados-na-instrucao-normativa-128-2022\"><mark style=\"background-color:rgba(0, 0, 0, 0)\" class=\"has-inline-color has-vivid-cyan-blue-color\">Filia\u00e7\u00e3o e Segurados na Instru\u00e7\u00e3o Normativa 128\/2022<\/mark><\/h2>\n\n\n\n<p>Iniciando a nossa an\u00e1lise sobre a Instru\u00e7\u00e3o Normativa 128\/2022, vamos falar sobre a filia\u00e7\u00e3o e os segurados.<\/p>\n\n\n\n<p>A <strong><mark style=\"background-color:rgba(0, 0, 0, 0)\" class=\"has-inline-color has-vivid-cyan-blue-color\">filia\u00e7\u00e3o <\/mark><\/strong>\u00e9 o <strong>v\u00ednculo <\/strong>que se estabelece entre a <strong>Previd\u00eancia Social<\/strong> e as <strong>pessoas <\/strong>que para ela contribuem, do qual decorrem direitos e obriga\u00e7\u00f5es.<\/p>\n\n\n\n<p>Nesse sentido, o <strong>filiado <\/strong>\u00e9 aquele que se relaciona com a Previd\u00eancia Social na qualidade de <strong>segurado <\/strong>obrigat\u00f3rio ou facultativo, mediante contribui\u00e7\u00e3o ao Regime Geral de Previd\u00eancia Social (RGPS).<\/p>\n\n\n\n<p><strong><mark style=\"background-color:rgba(0, 0, 0, 0)\" class=\"has-inline-color has-vivid-red-color\">FIQUE ATENTO<\/mark><\/strong>: O exerc\u00edcio de atividade prestada de forma <strong><mark style=\"background-color:rgba(0, 0, 0, 0)\" class=\"has-inline-color has-vivid-cyan-blue-color\">gratuita <\/mark><\/strong>ou o servi\u00e7o <strong><mark style=\"background-color:rgba(0, 0, 0, 0)\" class=\"has-inline-color has-vivid-cyan-blue-color\">volunt\u00e1rio <\/mark>n\u00e3o gera filia\u00e7\u00e3o obrigat\u00f3ria<\/strong> ao RGPS.<\/p>\n\n\n\n<p>J\u00e1 o<strong> n\u00e3o filiado<\/strong> \u00e9 todo aquele que n\u00e3o possui forma de filia\u00e7\u00e3o obrigat\u00f3ria ou facultativa ao RGPS, mas <strong>se relaciona<\/strong> com a Previd\u00eancia Social.<\/p>\n\n\n\n<p>Em rela\u00e7\u00e3o aos <strong><mark style=\"background-color:rgba(0, 0, 0, 0)\" class=\"has-inline-color has-vivid-cyan-blue-color\">segurados<\/mark><\/strong>, eles podem ser <strong>obrigat\u00f3rios <\/strong>ou <strong>facultativos<\/strong>.<\/p>\n\n\n\n<p>Os <strong><mark style=\"background-color:rgba(0, 0, 0, 0)\" class=\"has-inline-color has-vivid-cyan-blue-color\">segurados obrigat\u00f3rios<\/mark><\/strong> s\u00e3o aqueles filiados ao RGPS nas categorias de <strong>empregado<\/strong>, <strong>empregado<\/strong> <strong>dom\u00e9stico<\/strong>, <strong>trabalhador avulso<\/strong>,<strong> contribuinte individual <\/strong>e <strong>segurado especial<\/strong>.<\/p>\n\n\n\n<p>No caso deste tipo de segurado, a sua filia\u00e7\u00e3o \u00e0 Previd\u00eancia Social decorre <strong>automaticamente <\/strong>do exerc\u00edcio de atividade remunerada.<\/p>\n\n\n\n<p>Por sua vez, o <strong><mark style=\"background-color:rgba(0, 0, 0, 0)\" class=\"has-inline-color has-vivid-cyan-blue-color\">segurado facultativo<\/mark><\/strong> \u00e9 a pessoa f\u00edsica que se filiar ao RGPS, de modo <strong>facultativo<\/strong>, mediante <strong>contribui\u00e7\u00e3o<\/strong>, desde que <strong>n\u00e3o <\/strong>esteja exercendo atividade remunerada que o enquadre como segurado obrigat\u00f3rio ao RGPS ou ao Regime Pr\u00f3prio de Previd\u00eancia Social (RPPS).<\/p>\n\n\n\n<p>Neste caso, a filia\u00e7\u00e3o \u00e0 Previd\u00eancia Social <strong>n\u00e3o \u00e9 autom\u00e1tica<\/strong>, sendo necess\u00e1rio<strong> inscri\u00e7\u00e3o formalizada<\/strong>, com o pagamento da primeira contribui\u00e7\u00e3o sem atraso.<\/p>\n\n\n\n<h2 class=\"wp-block-heading\" id=\"h-inscricao-na-previdencia-na-instrucao-normativa-128-2022\"><mark style=\"background-color:rgba(0, 0, 0, 0)\" class=\"has-inline-color has-vivid-cyan-blue-color\">Inscri\u00e7\u00e3o na Previd\u00eancia na Instru\u00e7\u00e3o Normativa 128\/2022<\/mark><\/h2>\n\n\n\n<p>A <strong>inscri\u00e7\u00e3o<\/strong>, para os efeitos na Previd\u00eancia Social, ser\u00e1 diferente para cada tipo de segurado.<\/p>\n\n\n\n<p>Ela corresponde ao ato pelo qual a pessoa f\u00edsica \u00e9 <strong>cadastrada <\/strong>no RGPS, por meio da comprova\u00e7\u00e3o dos dados pessoais, da seguinte forma:<\/p>\n\n\n\n<ul class=\"wp-block-list\"><li><strong><mark style=\"background-color:rgba(0, 0, 0, 0)\" class=\"has-inline-color has-vivid-cyan-blue-color\">empregado<\/mark><\/strong>: pelo <strong>empregador<\/strong>, por meio da formaliza\u00e7\u00e3o do<strong> contrato de trabalho<\/strong>, ou por meio do registro contratual eletr\u00f4nico&nbsp;no eSocial<\/li><li><strong><mark style=\"background-color:rgba(0, 0, 0, 0)\" class=\"has-inline-color has-vivid-cyan-blue-color\">trabalhador avulso<\/mark><\/strong>: pelo <strong>cadastramento <\/strong>e <strong>registro <\/strong>no \u00d3rg\u00e3o Gestor de M\u00e3o de Obra &#8211; OGMO, no caso dos portu\u00e1rios, ou no sindicato, em se tratando de n\u00e3o portu\u00e1rio, ou por meio do registro contratual eletr\u00f4nico&nbsp;no eSocial<\/li><li><strong><mark style=\"background-color:rgba(0, 0, 0, 0)\" class=\"has-inline-color has-vivid-cyan-blue-color\">empregado dom\u00e9stico<\/mark><\/strong>: pelo <strong>empregador<\/strong>, por meio de <strong>registro <\/strong>contratual eletr\u00f4nico no eSocial;<\/li><li><strong><mark style=\"background-color:rgba(0, 0, 0, 0)\" class=\"has-inline-color has-vivid-cyan-blue-color\">contribuinte individual:<\/mark><\/strong><ul><li><strong>por ato pr\u00f3prio<\/strong>, mediante cadastramento de informa\u00e7\u00f5es para identifica\u00e7\u00e3o e reconhecimento da atividade;<\/li><\/ul><ul><li><strong>pela cooperativa<\/strong> de trabalho ou pessoa jur\u00eddica a quem preste servi\u00e7o, no caso de cooperados ou contratados, respectivamente, se ainda n\u00e3o inscrito no RGPS; e<\/li><\/ul><ul><li><strong>pelo Microempreendedor individual (MEI)<\/strong>, por meio do s\u00edtio eletr\u00f4nico do Portal do Empreendedor;<\/li><\/ul><\/li><li><strong><mark style=\"background-color:rgba(0, 0, 0, 0)\" class=\"has-inline-color has-vivid-cyan-blue-color\">segurado especial:<\/mark><\/strong> preferencialmente, pelo <strong>titular <\/strong>do grupo familiar; e<\/li><li><strong><mark style=\"background-color:rgba(0, 0, 0, 0)\" class=\"has-inline-color has-vivid-cyan-blue-color\">facultativo<\/mark><\/strong>: por ato pr\u00f3prio, mediante <strong>cadastramento<\/strong> de informa\u00e7\u00f5es para sua identifica\u00e7\u00e3o, desde que n\u00e3o exer\u00e7a atividade que o enquadre na categoria de segurado obrigat\u00f3rio.<\/li><\/ul>\n\n\n\n<p><strong><mark style=\"background-color:rgba(0, 0, 0, 0)\" class=\"has-inline-color has-vivid-red-color\">eSocial<\/mark>: <\/strong>O Sistema Simplificado de Escritura\u00e7\u00e3o Digital das Obriga\u00e7\u00f5es Fiscais, Previdenci\u00e1rias e Trabalhistas (eSocial) consiste em instrumento de <strong>unifica\u00e7\u00e3o <\/strong>da presta\u00e7\u00e3o das informa\u00e7\u00f5es de interesse do governo federal, relativas \u00e0 <strong>escritura\u00e7\u00e3o digital <\/strong>das obriga\u00e7\u00f5es fiscais, previdenci\u00e1rias e trabalhistas, recepcionadas e armazenadas no Ambiente Nacional do eSocial, composto tamb\u00e9m por aplica\u00e7\u00e3o para preenchimento, gera\u00e7\u00e3o, transmiss\u00e3o, recep\u00e7\u00e3o, valida\u00e7\u00e3o e distribui\u00e7\u00e3o da escritura\u00e7\u00e3o.<\/p>\n\n\n\n<h2 class=\"wp-block-heading\" id=\"h-tempo-de-contribuicao-na-instrucao-normativa-128-2022\"><mark style=\"background-color:rgba(0, 0, 0, 0)\" class=\"has-inline-color has-vivid-cyan-blue-color\">Tempo de contribui\u00e7\u00e3o na Instru\u00e7\u00e3o Normativa 128\/2022<\/mark><\/h2>\n\n\n\n<p>O tempo de contribui\u00e7\u00e3o do segurado \u00e9 aquele correspondente ao<strong> n\u00famero de contribui\u00e7\u00f5es<\/strong> compreendido entre o <strong>primeiro <\/strong>recolhimento ao RGPS, igual ou superior ao limite m\u00ednimo estabelecido, <strong>at\u00e9 o fato gerador do benef\u00edcio<\/strong> pleiteado.<\/p>\n\n\n\n<p>Contudo, \u00e9 importante salientar que a <strong>Emenda Constitucional 103 (EC 103)<\/strong> trouxe algumas mudan\u00e7as importantes sobre este assunto.<\/p>\n\n\n\n<p>Para per\u00edodos <strong>anteriores <\/strong>a 13 de novembro de 2019, data da publica\u00e7\u00e3o da EC 103, o tempo de contribui\u00e7\u00e3o \u00e9 aquele contado de data a data, desde o in\u00edcio at\u00e9 a data do desligamento de atividade abrangida pela Previd\u00eancia Social ou at\u00e9 a data do fato gerador do benef\u00edcio pleiteado, descontados os per\u00edodos legalmente estabelecidos.<\/p>\n\n\n\n<p>Por sua vez, <strong>a partir<\/strong> de 13 de novembro de 2019, incluindo a compet\u00eancia de novembro, o tempo de contribui\u00e7\u00e3o deve ser considerado em sua forma integral, independentemente do n\u00famero de dias trabalhados, ressalvada as compet\u00eancias com sal\u00e1rio de contribui\u00e7\u00e3o abaixo do limite m\u00ednimo estabelecido.<\/p>\n\n\n\n<h3 class=\"wp-block-heading\" id=\"h-situacoes-nao-consideradas-como-tempo-de-contribuicao\"><mark style=\"background-color:rgba(0, 0, 0, 0)\" class=\"has-inline-color has-vivid-purple-color\">Situa\u00e7\u00f5es n\u00e3o consideradas como tempo de contribui\u00e7\u00e3o<\/mark><\/h3>\n\n\n\n<p>Em rela\u00e7\u00e3o ao RGPS, h\u00e1 algumas situa\u00e7\u00f5es que <strong><mark style=\"background-color:rgba(0, 0, 0, 0)\" class=\"has-inline-color has-vivid-cyan-blue-color\">n\u00e3o ser\u00e3o computados como tempo de contribui\u00e7\u00e3o<\/mark><\/strong>, como os per\u00edodos:<\/p>\n\n\n\n<ul class=\"wp-block-list\"><li>correspondentes ao emprego ou a atividade <strong>n\u00e3o vinculada ao RGPS<\/strong>;<\/li><li>de <strong>parcelamento <\/strong>de contribui\u00e7\u00f5es em atraso ou de retroa\u00e7\u00e3o de DIC do contribuinte individual at\u00e9 que haja liquida\u00e7\u00e3o declarada pela RFB;<\/li><li>o per\u00edodo recolhido em <strong>atraso <\/strong>do segurado regularmente inscrito na categoria de contribuinte individual, facultativo ou segurado especial que esteja contribuindo facultativamente, cujo recolhimento tenha sido efetuado ap\u00f3s o fato gerador do benef\u00edcio;<\/li><li>os per\u00edodos em que o segurado esteve recebendo<strong> benef\u00edcio por<\/strong> <strong>incapacidade<\/strong>, e n\u00e3o houve retorno \u00e0 atividade, ainda que em outra categoria de segurado;<\/li><li>que tenham sido considerados para a concess\u00e3o de aposentadoria pelo RGPS ou qualquer outro regime de previd\u00eancia social;<\/li><li>de contagem em <strong>dobro <\/strong>das <strong>licen\u00e7as pr\u00eamio<\/strong> <strong>n\u00e3o gozadas <\/strong>do servidor p\u00fablico optante pelo regime da CLT e os de servidor de institui\u00e7\u00e3o federal de ensino;<\/li><li>exercidos com<strong> idade inferior <\/strong>\u00e0 prevista na Constitui\u00e7\u00e3o Federal, salvo as exce\u00e7\u00f5es;<\/li><li>do <strong>bolsista <\/strong>e do <strong>estagi\u00e1rio <\/strong>que prestam servi\u00e7os \u00e0 empresa, exceto se houver recolhimento \u00e0 \u00e9poca na condi\u00e7\u00e3o de facultativo; entre outros.<\/li><\/ul>\n\n\n\n<h3 class=\"wp-block-heading\" id=\"h-tempo-de-contribuicao-dos-servidores-publicos\"><mark style=\"background-color:rgba(0, 0, 0, 0)\" class=\"has-inline-color has-vivid-purple-color\">Tempo de contribui\u00e7\u00e3o dos servidores p\u00fablicos<\/mark><\/h3>\n\n\n\n<p>Em rela\u00e7\u00e3o aos <strong><mark style=\"background-color:rgba(0, 0, 0, 0)\" class=\"has-inline-color has-vivid-cyan-blue-color\">servidores p\u00fablicos<\/mark><\/strong>, no que diz respeito aos per\u00edodos decorrentes de atividade no servi\u00e7o p\u00fablico, at\u00e9 o momento em que lei espec\u00edfica discipline a mat\u00e9ria, <strong>s\u00e3o contados como tempo de contribui\u00e7\u00e3o<\/strong>:<\/p>\n\n\n\n<ul class=\"wp-block-list\"><li>o per\u00edodo em que o exerc\u00edcio da atividade teve <strong>filia\u00e7\u00e3o a RPPS<\/strong>, devidamente certificado pelo respectivo ente federativo, na forma da contagem rec\u00edproca, observando que o tempo a ser considerado \u00e9 o tempo l\u00edquido de efetivo exerc\u00edcio da atividade;<\/li><li>o de servi\u00e7o p\u00fablico federal exercido <strong>anteriormente <\/strong>\u00e0 op\u00e7\u00e3o pelo regime da CLT, salvo se aproveitado no RPPS ou certificado atrav\u00e9s de CTC pelo RGPS.<\/li><\/ul>\n\n\n\n<p>Al\u00e9m disso, h\u00e1 diversas <strong>outras <\/strong>situa\u00e7\u00f5es que tamb\u00e9m s\u00e3o consideradas como tempo de servi\u00e7o para o servidor p\u00fablico, como o tempo de exerc\u00edcio de<strong> mandato classista<\/strong>; de tempo de servi\u00e7o prestado \u00e0 <strong>Justi\u00e7a dos Estados<\/strong>; o de detentor de<strong> mandato eletivo<\/strong> Federal, Estadual, Distrital ou Municipal; entre outras situa\u00e7\u00f5es.<\/p>\n\n\n\n<h2 class=\"wp-block-heading\" id=\"h-beneficios-programaveis-e-nao-programaveis-na-instrucao-normativa-128-2022\"><mark style=\"background-color:rgba(0, 0, 0, 0)\" class=\"has-inline-color has-vivid-cyan-blue-color\">Benef\u00edcios program\u00e1veis e n\u00e3o program\u00e1veis na Instru\u00e7\u00e3o Normativa 128\/2022<\/mark><\/h2>\n\n\n\n<p>Os <strong><mark style=\"background-color:rgba(0, 0, 0, 0)\" class=\"has-inline-color has-vivid-cyan-blue-color\">benef\u00edcios program\u00e1veis<\/mark><\/strong> correspondem apenas \u00e0s <strong>aposentadorias<\/strong>, em suas diversas modalidades, <strong>salvo<\/strong> a aposentadoria por<strong> incapacidade permanente.<\/strong><\/p>\n\n\n\n<p>As aposentadorias program\u00e1veis ser\u00e3o devidas aos segurados da Previd\u00eancia Social que comprovem a idade, a car\u00eancia, o tempo de contribui\u00e7\u00e3o e o somat\u00f3rio da idade e do tempo de contribui\u00e7\u00e3o exigidos, conforme o caso.<\/p>\n\n\n\n<p>Estes benef\u00edcios <strong>independem <\/strong>da manuten\u00e7\u00e3o da qualidade de segurado, exceto no caso da aposentadoria por idade do trabalhador rural do segurado especial que n\u00e3o contribui facultativamente, devendo o segurado estar no exerc\u00edcio da atividade ou em prazo de qualidade de segurado nesta categoria no momento do preenchimento dos requisitos necess\u00e1rios ao benef\u00edcio pleiteado, ressalvado o direito adquirido.<\/p>\n\n\n\n<p><strong><mark style=\"background-color:rgba(0, 0, 0, 0)\" class=\"has-inline-color has-vivid-red-color\">FIQUE ATENTO: <\/mark><\/strong>As regras a serem aplicadas na an\u00e1lise das aposentadorias program\u00e1veis ser\u00e3o aquelas vigentes na <strong>data do requerimento<\/strong>, ressalvadas as hip\u00f3teses de direito adquirido, caso seja mais vantajoso.<\/p>\n\n\n\n<p>Por sua vez, os <strong><mark style=\"background-color:rgba(0, 0, 0, 0)\" class=\"has-inline-color has-vivid-cyan-blue-color\">benef\u00edcios n\u00e3o program\u00e1veis<\/mark><\/strong> s\u00e3o sete, sendo eles:<\/p>\n\n\n\n<ul class=\"wp-block-list\"><li>aposentadoria por incapacidade permanente;<\/li><li>aux\u00edlio por incapacidade tempor\u00e1ria;<\/li><li>aux\u00edlio-acidente;<\/li><li>sal\u00e1rio-maternidade;<\/li><li>sal\u00e1rio-fam\u00edlia;<\/li><li>pens\u00e3o por morte; e<\/li><li>aux\u00edlio-reclus\u00e3o.<\/li><\/ul>\n\n\n\n<h2 class=\"wp-block-heading\" id=\"h-finalizando-a-instrucao-normativa-128-2022\"><mark style=\"background-color:rgba(0, 0, 0, 0)\" class=\"has-inline-color has-vivid-cyan-blue-color\">Finalizando a Instru\u00e7\u00e3o Normativa 128\/2022<\/mark><\/h2>\n\n\n\n<p>Pessoal, finalizamos o nosso resumo sobre a Instru\u00e7\u00e3o Normativa 128\/2022, para o concurso do INSS.<\/p>\n\n\n\n<p>Contudo, ressaltamos a import\u00e2ncia da<strong>&nbsp;leitura na \u00edntegra da norma&nbsp;<\/strong>citada, para a sua aprova\u00e7\u00e3o. Esse artigo \u00e9 apenas uma<strong>&nbsp;an\u00e1lise simplificada<\/strong>&nbsp;da instru\u00e7\u00e3o normativa.<\/p>\n\n\n\n<p>Caso queira se preparar para chegar&nbsp;<strong>competitivo&nbsp;<\/strong>nesta prova, invista nos &nbsp;<a href=\"https:\/\/www.estrategiaconcursos.com.br\/curso\/1-inss-tecnico-do-seguro-social-pacote-completo-2022-pre-edital\/\" target=\"_blank\" rel=\"noreferrer noopener\"><strong>cursos para o INSS do Estrat\u00e9gia Concursos<\/strong><\/a>.<\/p>\n\n\n\n<p>L\u00e1 voc\u00ea encontrar\u00e1&nbsp;<strong>aulas completas e detalhadas, com os melhores professores do mercado<\/strong>,&nbsp;de todos os t\u00f3picos exigidos no edital deste concurso.<\/p>\n\n\n\n<p>Conhe\u00e7a tamb\u00e9m o&nbsp;<a href=\"https:\/\/questoes.estrategiaconcursos.com.br\/\" target=\"_blank\" rel=\"noreferrer noopener\"><strong>Sistema de Quest\u00f5es do Estrat\u00e9gia<\/strong><\/a>. Afinal, a \u00fanica maneira de&nbsp;<strong>consolidar o conte\u00fado&nbsp;<\/strong>de maneira satisfat\u00f3ria \u00e9 atrav\u00e9s da&nbsp;<strong>resolu\u00e7\u00e3o de quest\u00f5es.<\/strong>&nbsp;L\u00e1 voc\u00ea encontrar\u00e1 milhares de quest\u00f5es das disciplinas que ser\u00e3o cobradas na prova do seu concurso do INSS. N\u00e3o deixem de conferir.<\/p>\n\n\n\n<p>Bons estudos a todos e at\u00e9 a pr\u00f3xima!<\/p>\n\n\n\n<h2 class=\"has-text-align-center wp-block-heading\" id=\"h-cursos-e-assinaturas\">Cursos e Assinaturas <\/h2>\n\n\n\n<p>Prepare-se com o melhor material e com quem mais aprova em Concursos P\u00fablicos em todo o pa\u00eds!<\/p>\n\n\n\n<p class=\"has-text-align-center has-vivid-cyan-blue-color has-text-color has-background\" style=\"background-color:#0072b4\"><strong><a href=\"https:\/\/www.estrategiaconcursos.com.br\/blog\/concursos-2022\/\" target=\"_blank\" rel=\"noreferrer noopener\"><mark style=\"background-color:rgba(0, 0, 0, 0)\" class=\"has-inline-color has-white-color\">Concursos 2022<\/mark><\/a><\/strong><\/p>\n\n\n\n<p class=\"has-text-align-center has-vivid-cyan-blue-color has-text-color has-background\" style=\"background-color:#0078bd\"><a href=\"https:\/\/www.estrategiaconcursos.com.br\/blog\/concursos-2023\/\" target=\"_blank\" rel=\"noreferrer noopener\"><strong><mark style=\"background-color:rgba(0, 0, 0, 0)\" class=\"has-inline-color has-white-color\">Concursos 2023<\/mark><\/strong><\/a><\/p>\n\n\n\n<div class=\"container\" id=\"boxes\">\n  <div class=\"row\">\n\n    <div class=\"col-sm\">\n      <div class=\"banner-adm\" id=\"box-assinatura\">\n        <h3 class=\"titulo-assinatura\">Concurso INSS<\/h3>\n        <p class=\"subtitulo-assinatura\">Conhe\u00e7a os cursos<\/p>\n        <div class=\"box-botao\">\n          <a class=\"btn-assinatura\" target=\"_blank\" href=\"https:\/\/www.estrategiaconcursos.com.br\/cursosPorConcurso\/inss-tecnico-do-seguro-social-101\/\" role=\"button\" rel=\"noopener noreferrer\">Conhe\u00e7a mais<\/a>\n        <\/div>\n      <\/div>\n      \n    <\/div>\n\n  <\/div>\n<\/div>\n\n\n\n<div class=\"container\" id=\"boxes\">\n  <div class=\"row\">\n    <div class=\"col-sm\">\n      <div class=\"estrategia\" id=\"box-assinatura\">\n        <h3 class=\"titulo-assinatura\">Assinatura de Concursos<\/h3>\n        <p class=\"subtitulo-assinatura\">Assinatura de 1 ano ou 2 anos<\/p>\n        <div class=\"box-botao\">\n          <a class=\"btn-assinatura\" target=\"_blank\" href=\"https:\/\/www.estrategiaconcursos.com.br\/assinaturas\/\" role=\"button\" rel=\"noopener noreferrer\">ASSINE AGORA<\/a>\n        <\/div>\n      <\/div>\n      \n    <\/div><\/div><\/div>\n","protected":false},"excerpt":{"rendered":"<p>Confira neste artigo um resumo sobre a Instru\u00e7\u00e3o Normativa 128\/2022, para o concurso do INSS. Ol\u00e1, pessoal! Como voc\u00eas est\u00e3o? O edital do&nbsp;concurso do INSS&nbsp;est\u00e1 na pra\u00e7a. Est\u00e3o sendo ofertadas&nbsp;1.000 vagas&nbsp;para o cargo de&nbsp;T\u00e9cnico do Seguro Social, com remunera\u00e7\u00e3o inicial podendo chegar a&nbsp;R$ 5.905,79. Assim, de modo a auxili\u00e1-los na prepara\u00e7\u00e3o para este certame, realizaremos [&hellip;]<\/p>\n","protected":false},"author":1976,"featured_media":1044050,"comment_status":"open","ping_status":"closed","sticky":false,"template":"","format":"standard","meta":{"post_tipo":"article","footnotes":""},"categories":[1,220191],"tags":[],"tax_estado":[219963],"class_list":["post-1100234","post","type-post","status-publish","format-standard","has-post-thumbnail","hentry","category-cursos-e-concursos","category-previdenciaria","tax_estado-concursos-federais"],"acf":[],"yoast_head":"<!-- This site is optimized with the Yoast SEO Premium plugin v27.2 (Yoast SEO v27.2) - https:\/\/yoast.com\/product\/yoast-seo-premium-wordpress\/ -->\n<title>Concurso INSS: Resumo da Instru\u00e7\u00e3o Normativa 128\/2022<\/title>\n<meta name=\"description\" content=\"Confira neste artigo um resumo sobre a Instru\u00e7\u00e3o Normativa 128\/2022, para o concurso de T\u00e9cnico do Servi\u00e7o Social do INSS.\" \/>\n<meta name=\"robots\" content=\"index, follow, max-snippet:-1, max-image-preview:large, max-video-preview:-1\" \/>\n<link rel=\"canonical\" href=\"https:\/\/www.estrategiaconcursos.com.br\/blog\/instrucao-normativa-128-2022-inss\/\" \/>\n<meta property=\"og:locale\" content=\"pt_BR\" \/>\n<meta property=\"og:type\" content=\"article\" \/>\n<meta property=\"og:title\" content=\"Concurso INSS: Resumo da Instru\u00e7\u00e3o Normativa 128\/2022\" \/>\n<meta property=\"og:description\" content=\"Confira neste artigo um resumo sobre a Instru\u00e7\u00e3o Normativa 128\/2022, para o concurso de T\u00e9cnico do Servi\u00e7o Social do INSS.\" \/>\n<meta property=\"og:url\" content=\"https:\/\/www.estrategiaconcursos.com.br\/blog\/instrucao-normativa-128-2022-inss\/\" \/>\n<meta property=\"og:site_name\" content=\"Estrat\u00e9gia Concursos\" \/>\n<meta property=\"article:published_time\" content=\"2022-10-21T13:47:00+00:00\" \/>\n<meta property=\"og:image\" content=\"https:\/\/dhg1h5j42swfq.cloudfront.net\/2022\/06\/13112253\/inss-site.jpg\" \/>\n\t<meta property=\"og:image:width\" content=\"1068\" \/>\n\t<meta property=\"og:image:height\" content=\"668\" \/>\n\t<meta property=\"og:image:type\" content=\"image\/jpeg\" \/>\n<meta name=\"author\" content=\"Kassio Henrique Sobral Rocha\" \/>\n<meta name=\"twitter:card\" content=\"summary_large_image\" \/>\n<meta name=\"twitter:creator\" content=\"@EstratConcursos\" \/>\n<meta name=\"twitter:site\" content=\"@EstratConcursos\" \/>\n<meta name=\"twitter:label1\" content=\"Escrito por\" \/>\n\t<meta name=\"twitter:data1\" content=\"Kassio Henrique Sobral Rocha\" \/>\n\t<meta name=\"twitter:label2\" content=\"Est. tempo de leitura\" \/>\n\t<meta name=\"twitter:data2\" content=\"9 minutos\" \/>\n<script type=\"application\/ld+json\" class=\"yoast-schema-graph\">{\"@context\":\"https:\/\/schema.org\",\"@graph\":[{\"@type\":\"NewsArticle\",\"@id\":\"https:\/\/www.estrategiaconcursos.com.br\/blog\/instrucao-normativa-128-2022-inss\/#article\",\"isPartOf\":{\"@id\":\"https:\/\/www.estrategiaconcursos.com.br\/blog\/instrucao-normativa-128-2022-inss\/\"},\"author\":{\"name\":\"Kassio Henrique Sobral Rocha\",\"@id\":\"https:\/\/www.estrategiaconcursos.com.br\/blog\/#\/schema\/person\/f0c830e07cfe11c231c0ea5dbb036df5\"},\"headline\":\"Concurso INSS: Resumo da Instru\u00e7\u00e3o Normativa 128\/2022\",\"datePublished\":\"2022-10-21T13:47:00+00:00\",\"mainEntityOfPage\":{\"@id\":\"https:\/\/www.estrategiaconcursos.com.br\/blog\/instrucao-normativa-128-2022-inss\/\"},\"wordCount\":1773,\"commentCount\":0,\"publisher\":{\"@id\":\"https:\/\/www.estrategiaconcursos.com.br\/blog\/#organization\"},\"image\":{\"@id\":\"https:\/\/www.estrategiaconcursos.com.br\/blog\/instrucao-normativa-128-2022-inss\/#primaryimage\"},\"thumbnailUrl\":\"https:\/\/dhg1h5j42swfq.cloudfront.net\/2022\/06\/13112253\/inss-site.jpg\",\"articleSection\":[\"Concursos P\u00fablicos\",\"Previdenci\u00e1ria (INSS, PREVIC)\"],\"inLanguage\":\"pt-BR\",\"potentialAction\":[{\"@type\":\"CommentAction\",\"name\":\"Comment\",\"target\":[\"https:\/\/www.estrategiaconcursos.com.br\/blog\/instrucao-normativa-128-2022-inss\/#respond\"]}],\"copyrightYear\":\"2022\",\"copyrightHolder\":{\"@id\":\"https:\/\/www.estrategiaconcursos.com.br\/blog\/#organization\"}},{\"@type\":\"WebPage\",\"@id\":\"https:\/\/www.estrategiaconcursos.com.br\/blog\/instrucao-normativa-128-2022-inss\/\",\"url\":\"https:\/\/www.estrategiaconcursos.com.br\/blog\/instrucao-normativa-128-2022-inss\/\",\"name\":\"Concurso INSS: Resumo da Instru\u00e7\u00e3o Normativa 128\/2022\",\"isPartOf\":{\"@id\":\"https:\/\/www.estrategiaconcursos.com.br\/blog\/#website\"},\"primaryImageOfPage\":{\"@id\":\"https:\/\/www.estrategiaconcursos.com.br\/blog\/instrucao-normativa-128-2022-inss\/#primaryimage\"},\"image\":{\"@id\":\"https:\/\/www.estrategiaconcursos.com.br\/blog\/instrucao-normativa-128-2022-inss\/#primaryimage\"},\"thumbnailUrl\":\"https:\/\/dhg1h5j42swfq.cloudfront.net\/2022\/06\/13112253\/inss-site.jpg\",\"datePublished\":\"2022-10-21T13:47:00+00:00\",\"description\":\"Confira neste artigo um resumo sobre a Instru\u00e7\u00e3o Normativa 128\/2022, para o concurso de T\u00e9cnico do Servi\u00e7o Social do INSS.\",\"breadcrumb\":{\"@id\":\"https:\/\/www.estrategiaconcursos.com.br\/blog\/instrucao-normativa-128-2022-inss\/#breadcrumb\"},\"inLanguage\":\"pt-BR\",\"potentialAction\":[{\"@type\":\"ReadAction\",\"target\":[\"https:\/\/www.estrategiaconcursos.com.br\/blog\/instrucao-normativa-128-2022-inss\/\"]}]},{\"@type\":\"ImageObject\",\"inLanguage\":\"pt-BR\",\"@id\":\"https:\/\/www.estrategiaconcursos.com.br\/blog\/instrucao-normativa-128-2022-inss\/#primaryimage\",\"url\":\"https:\/\/dhg1h5j42swfq.cloudfront.net\/2022\/06\/13112253\/inss-site.jpg\",\"contentUrl\":\"https:\/\/dhg1h5j42swfq.cloudfront.net\/2022\/06\/13112253\/inss-site.jpg\",\"width\":1068,\"height\":668,\"caption\":\"Concurso INSS: Resumo da Instru\u00e7\u00e3o Normativa 128\/2022\"},{\"@type\":\"BreadcrumbList\",\"@id\":\"https:\/\/www.estrategiaconcursos.com.br\/blog\/instrucao-normativa-128-2022-inss\/#breadcrumb\",\"itemListElement\":[{\"@type\":\"ListItem\",\"position\":1,\"name\":\"In\u00edcio\",\"item\":\"https:\/\/www.estrategiaconcursos.com.br\/blog\/\"},{\"@type\":\"ListItem\",\"position\":2,\"name\":\"Concurso INSS: Resumo da Instru\u00e7\u00e3o Normativa 128\/2022\"}]},{\"@type\":\"WebSite\",\"@id\":\"https:\/\/www.estrategiaconcursos.com.br\/blog\/#website\",\"url\":\"https:\/\/www.estrategiaconcursos.com.br\/blog\/\",\"name\":\"Estrat\u00e9gia Concursos\",\"description\":\"O blog da Estrat\u00e9gia Concursos traz not\u00edcias sobre concursos e artigos de professores oferecendo cursos para concursos (pdf + videaulas) no site.\",\"publisher\":{\"@id\":\"https:\/\/www.estrategiaconcursos.com.br\/blog\/#organization\"},\"potentialAction\":[{\"@type\":\"SearchAction\",\"target\":{\"@type\":\"EntryPoint\",\"urlTemplate\":\"https:\/\/www.estrategiaconcursos.com.br\/blog\/?s={search_term_string}\"},\"query-input\":{\"@type\":\"PropertyValueSpecification\",\"valueRequired\":true,\"valueName\":\"search_term_string\"}}],\"inLanguage\":\"pt-BR\"},{\"@type\":\"Organization\",\"@id\":\"https:\/\/www.estrategiaconcursos.com.br\/blog\/#organization\",\"name\":\"Estrat\u00e9gia Concursos\",\"url\":\"https:\/\/www.estrategiaconcursos.com.br\/blog\/\",\"logo\":{\"@type\":\"ImageObject\",\"inLanguage\":\"pt-BR\",\"@id\":\"https:\/\/www.estrategiaconcursos.com.br\/blog\/#\/schema\/logo\/image\/\",\"url\":\"https:\/\/dhg1h5j42swfq.cloudfront.net\/2025\/06\/03203428\/logo_concursos-1.jpg\",\"contentUrl\":\"https:\/\/dhg1h5j42swfq.cloudfront.net\/2025\/06\/03203428\/logo_concursos-1.jpg\",\"width\":230,\"height\":60,\"caption\":\"Estrat\u00e9gia Concursos\"},\"image\":{\"@id\":\"https:\/\/www.estrategiaconcursos.com.br\/blog\/#\/schema\/logo\/image\/\"},\"sameAs\":[\"https:\/\/x.com\/EstratConcursos\"]},{\"@type\":\"Person\",\"@id\":\"https:\/\/www.estrategiaconcursos.com.br\/blog\/#\/schema\/person\/f0c830e07cfe11c231c0ea5dbb036df5\",\"name\":\"Kassio Henrique Sobral Rocha\",\"image\":{\"@type\":\"ImageObject\",\"inLanguage\":\"pt-BR\",\"@id\":\"https:\/\/secure.gravatar.com\/avatar\/d10350cbdad043facd8ec77a377f86f9026afee3348e463b04854fd4490ce759?s=96&d=mm&r=g\",\"url\":\"https:\/\/secure.gravatar.com\/avatar\/d10350cbdad043facd8ec77a377f86f9026afee3348e463b04854fd4490ce759?s=96&d=mm&r=g\",\"contentUrl\":\"https:\/\/secure.gravatar.com\/avatar\/d10350cbdad043facd8ec77a377f86f9026afee3348e463b04854fd4490ce759?s=96&d=mm&r=g\",\"caption\":\"Kassio Henrique Sobral Rocha\"},\"url\":\"https:\/\/www.estrategiaconcursos.com.br\/blog\/author\/kassio-rochayahoo-com-br\/\"}]}<\/script>\n<!-- \/ Yoast SEO Premium plugin. -->","yoast_head_json":{"title":"Concurso INSS: Resumo da Instru\u00e7\u00e3o Normativa 128\/2022","description":"Confira neste artigo um resumo sobre a Instru\u00e7\u00e3o Normativa 128\/2022, para o concurso de T\u00e9cnico do Servi\u00e7o Social do INSS.","robots":{"index":"index","follow":"follow","max-snippet":"max-snippet:-1","max-image-preview":"max-image-preview:large","max-video-preview":"max-video-preview:-1"},"canonical":"https:\/\/www.estrategiaconcursos.com.br\/blog\/instrucao-normativa-128-2022-inss\/","og_locale":"pt_BR","og_type":"article","og_title":"Concurso INSS: Resumo da Instru\u00e7\u00e3o Normativa 128\/2022","og_description":"Confira neste artigo um resumo sobre a Instru\u00e7\u00e3o Normativa 128\/2022, para o concurso de T\u00e9cnico do Servi\u00e7o Social do INSS.","og_url":"https:\/\/www.estrategiaconcursos.com.br\/blog\/instrucao-normativa-128-2022-inss\/","og_site_name":"Estrat\u00e9gia Concursos","article_published_time":"2022-10-21T13:47:00+00:00","og_image":[{"width":1068,"height":668,"url":"https:\/\/dhg1h5j42swfq.cloudfront.net\/2022\/06\/13112253\/inss-site.jpg","type":"image\/jpeg"}],"author":"Kassio Henrique Sobral Rocha","twitter_card":"summary_large_image","twitter_creator":"@EstratConcursos","twitter_site":"@EstratConcursos","twitter_misc":{"Escrito por":"Kassio Henrique Sobral Rocha","Est. tempo de leitura":"9 minutos"},"schema":{"@context":"https:\/\/schema.org","@graph":[{"@type":"NewsArticle","@id":"https:\/\/www.estrategiaconcursos.com.br\/blog\/instrucao-normativa-128-2022-inss\/#article","isPartOf":{"@id":"https:\/\/www.estrategiaconcursos.com.br\/blog\/instrucao-normativa-128-2022-inss\/"},"author":{"name":"Kassio Henrique Sobral Rocha","@id":"https:\/\/www.estrategiaconcursos.com.br\/blog\/#\/schema\/person\/f0c830e07cfe11c231c0ea5dbb036df5"},"headline":"Concurso INSS: Resumo da Instru\u00e7\u00e3o Normativa 128\/2022","datePublished":"2022-10-21T13:47:00+00:00","mainEntityOfPage":{"@id":"https:\/\/www.estrategiaconcursos.com.br\/blog\/instrucao-normativa-128-2022-inss\/"},"wordCount":1773,"commentCount":0,"publisher":{"@id":"https:\/\/www.estrategiaconcursos.com.br\/blog\/#organization"},"image":{"@id":"https:\/\/www.estrategiaconcursos.com.br\/blog\/instrucao-normativa-128-2022-inss\/#primaryimage"},"thumbnailUrl":"https:\/\/dhg1h5j42swfq.cloudfront.net\/2022\/06\/13112253\/inss-site.jpg","articleSection":["Concursos P\u00fablicos","Previdenci\u00e1ria (INSS, PREVIC)"],"inLanguage":"pt-BR","potentialAction":[{"@type":"CommentAction","name":"Comment","target":["https:\/\/www.estrategiaconcursos.com.br\/blog\/instrucao-normativa-128-2022-inss\/#respond"]}],"copyrightYear":"2022","copyrightHolder":{"@id":"https:\/\/www.estrategiaconcursos.com.br\/blog\/#organization"}},{"@type":"WebPage","@id":"https:\/\/www.estrategiaconcursos.com.br\/blog\/instrucao-normativa-128-2022-inss\/","url":"https:\/\/www.estrategiaconcursos.com.br\/blog\/instrucao-normativa-128-2022-inss\/","name":"Concurso INSS: Resumo da Instru\u00e7\u00e3o Normativa 128\/2022","isPartOf":{"@id":"https:\/\/www.estrategiaconcursos.com.br\/blog\/#website"},"primaryImageOfPage":{"@id":"https:\/\/www.estrategiaconcursos.com.br\/blog\/instrucao-normativa-128-2022-inss\/#primaryimage"},"image":{"@id":"https:\/\/www.estrategiaconcursos.com.br\/blog\/instrucao-normativa-128-2022-inss\/#primaryimage"},"thumbnailUrl":"https:\/\/dhg1h5j42swfq.cloudfront.net\/2022\/06\/13112253\/inss-site.jpg","datePublished":"2022-10-21T13:47:00+00:00","description":"Confira neste artigo um resumo sobre a Instru\u00e7\u00e3o Normativa 128\/2022, para o concurso de T\u00e9cnico do Servi\u00e7o Social do INSS.","breadcrumb":{"@id":"https:\/\/www.estrategiaconcursos.com.br\/blog\/instrucao-normativa-128-2022-inss\/#breadcrumb"},"inLanguage":"pt-BR","potentialAction":[{"@type":"ReadAction","target":["https:\/\/www.estrategiaconcursos.com.br\/blog\/instrucao-normativa-128-2022-inss\/"]}]},{"@type":"ImageObject","inLanguage":"pt-BR","@id":"https:\/\/www.estrategiaconcursos.com.br\/blog\/instrucao-normativa-128-2022-inss\/#primaryimage","url":"https:\/\/dhg1h5j42swfq.cloudfront.net\/2022\/06\/13112253\/inss-site.jpg","contentUrl":"https:\/\/dhg1h5j42swfq.cloudfront.net\/2022\/06\/13112253\/inss-site.jpg","width":1068,"height":668,"caption":"Concurso INSS: Resumo da Instru\u00e7\u00e3o Normativa 128\/2022"},{"@type":"BreadcrumbList","@id":"https:\/\/www.estrategiaconcursos.com.br\/blog\/instrucao-normativa-128-2022-inss\/#breadcrumb","itemListElement":[{"@type":"ListItem","position":1,"name":"In\u00edcio","item":"https:\/\/www.estrategiaconcursos.com.br\/blog\/"},{"@type":"ListItem","position":2,"name":"Concurso INSS: Resumo da Instru\u00e7\u00e3o Normativa 128\/2022"}]},{"@type":"WebSite","@id":"https:\/\/www.estrategiaconcursos.com.br\/blog\/#website","url":"https:\/\/www.estrategiaconcursos.com.br\/blog\/","name":"Estrat\u00e9gia Concursos","description":"O blog da Estrat\u00e9gia Concursos traz not\u00edcias sobre concursos e artigos de professores oferecendo cursos para concursos (pdf + videaulas) no site.","publisher":{"@id":"https:\/\/www.estrategiaconcursos.com.br\/blog\/#organization"},"potentialAction":[{"@type":"SearchAction","target":{"@type":"EntryPoint","urlTemplate":"https:\/\/www.estrategiaconcursos.com.br\/blog\/?s={search_term_string}"},"query-input":{"@type":"PropertyValueSpecification","valueRequired":true,"valueName":"search_term_string"}}],"inLanguage":"pt-BR"},{"@type":"Organization","@id":"https:\/\/www.estrategiaconcursos.com.br\/blog\/#organization","name":"Estrat\u00e9gia Concursos","url":"https:\/\/www.estrategiaconcursos.com.br\/blog\/","logo":{"@type":"ImageObject","inLanguage":"pt-BR","@id":"https:\/\/www.estrategiaconcursos.com.br\/blog\/#\/schema\/logo\/image\/","url":"https:\/\/dhg1h5j42swfq.cloudfront.net\/2025\/06\/03203428\/logo_concursos-1.jpg","contentUrl":"https:\/\/dhg1h5j42swfq.cloudfront.net\/2025\/06\/03203428\/logo_concursos-1.jpg","width":230,"height":60,"caption":"Estrat\u00e9gia Concursos"},"image":{"@id":"https:\/\/www.estrategiaconcursos.com.br\/blog\/#\/schema\/logo\/image\/"},"sameAs":["https:\/\/x.com\/EstratConcursos"]},{"@type":"Person","@id":"https:\/\/www.estrategiaconcursos.com.br\/blog\/#\/schema\/person\/f0c830e07cfe11c231c0ea5dbb036df5","name":"Kassio Henrique Sobral Rocha","image":{"@type":"ImageObject","inLanguage":"pt-BR","@id":"https:\/\/secure.gravatar.com\/avatar\/d10350cbdad043facd8ec77a377f86f9026afee3348e463b04854fd4490ce759?s=96&d=mm&r=g","url":"https:\/\/secure.gravatar.com\/avatar\/d10350cbdad043facd8ec77a377f86f9026afee3348e463b04854fd4490ce759?s=96&d=mm&r=g","contentUrl":"https:\/\/secure.gravatar.com\/avatar\/d10350cbdad043facd8ec77a377f86f9026afee3348e463b04854fd4490ce759?s=96&d=mm&r=g","caption":"Kassio Henrique Sobral Rocha"},"url":"https:\/\/www.estrategiaconcursos.com.br\/blog\/author\/kassio-rochayahoo-com-br\/"}]}},"_links":{"self":[{"href":"https:\/\/www.estrategiaconcursos.com.br\/blog\/wp-json\/wp\/v2\/posts\/1100234","targetHints":{"allow":["GET"]}}],"collection":[{"href":"https:\/\/www.estrategiaconcursos.com.br\/blog\/wp-json\/wp\/v2\/posts"}],"about":[{"href":"https:\/\/www.estrategiaconcursos.com.br\/blog\/wp-json\/wp\/v2\/types\/post"}],"author":[{"embeddable":true,"href":"https:\/\/www.estrategiaconcursos.com.br\/blog\/wp-json\/wp\/v2\/users\/1976"}],"replies":[{"embeddable":true,"href":"https:\/\/www.estrategiaconcursos.com.br\/blog\/wp-json\/wp\/v2\/comments?post=1100234"}],"version-history":[{"count":15,"href":"https:\/\/www.estrategiaconcursos.com.br\/blog\/wp-json\/wp\/v2\/posts\/1100234\/revisions"}],"predecessor-version":[{"id":1108608,"href":"https:\/\/www.estrategiaconcursos.com.br\/blog\/wp-json\/wp\/v2\/posts\/1100234\/revisions\/1108608"}],"wp:featuredmedia":[{"embeddable":true,"href":"https:\/\/www.estrategiaconcursos.com.br\/blog\/wp-json\/wp\/v2\/media\/1044050"}],"wp:attachment":[{"href":"https:\/\/www.estrategiaconcursos.com.br\/blog\/wp-json\/wp\/v2\/media?parent=1100234"}],"wp:term":[{"taxonomy":"category","embeddable":true,"href":"https:\/\/www.estrategiaconcursos.com.br\/blog\/wp-json\/wp\/v2\/categories?post=1100234"},{"taxonomy":"post_tag","embeddable":true,"href":"https:\/\/www.estrategiaconcursos.com.br\/blog\/wp-json\/wp\/v2\/tags?post=1100234"},{"taxonomy":"tax_estado","embeddable":true,"href":"https:\/\/www.estrategiaconcursos.com.br\/blog\/wp-json\/wp\/v2\/tax_estado?post=1100234"}],"curies":[{"name":"wp","href":"https:\/\/api.w.org\/{rel}","templated":true}]}}