{"id":1100140,"date":"2022-10-20T11:49:00","date_gmt":"2022-10-20T14:49:00","guid":{"rendered":"https:\/\/www.estrategiaconcursos.com.br\/blog\/?p=1100140"},"modified":"2022-10-11T17:10:19","modified_gmt":"2022-10-11T20:10:19","slug":"inss-beneficios-legislacoes-especiais","status":"publish","type":"post","link":"https:\/\/www.estrategiaconcursos.com.br\/blog\/inss-beneficios-legislacoes-especiais\/","title":{"rendered":"INSS: Resumo Benef\u00edcios Decorrentes de Legisla\u00e7\u00f5es Especiais"},"content":{"rendered":"\n<p>Confira neste artigo um <strong>resumo <\/strong>sobre os <strong><mark style=\"background-color:rgba(0, 0, 0, 0)\" class=\"has-inline-color has-vivid-cyan-blue-color\">benef\u00edcios decorrentes de legisla\u00e7\u00f5es especiais<\/mark><\/strong>, para o concurso do INSS.<\/p>\n\n\n\n<figure class=\"wp-block-image aligncenter size-full is-resized\"><img loading=\"lazy\" decoding=\"async\" src=\"https:\/\/dhg1h5j42swfq.cloudfront.net\/2022\/09\/15105131\/inss.png\" alt=\"INSS: Resumo Benef\u00edcios Decorrentes de Legisla\u00e7\u00f5es Especiais\" class=\"wp-image-1095116\" width=\"527\" height=\"312\" srcset=\"https:\/\/dhg1h5j42swfq.cloudfront.net\/2022\/09\/15105131\/inss.png 642w, https:\/\/dhg1h5j42swfq.cloudfront.net\/2022\/09\/15105131\/inss-300x178.png 300w, https:\/\/dhg1h5j42swfq.cloudfront.net\/2022\/09\/15105131\/inss-610x361.png 610w, https:\/\/dhg1h5j42swfq.cloudfront.net\/2022\/09\/15105131\/inss-640x380.png 640w, https:\/\/dhg1h5j42swfq.cloudfront.net\/2022\/09\/15105131\/inss-150x89.png 150w\" sizes=\"auto, (max-width: 527px) 100vw, 527px\" \/><figcaption>INSS: Resumo dos Benef\u00edcios de Legisla\u00e7\u00f5es Especiais<\/figcaption><\/figure>\n\n\n\n<p>Ol\u00e1, pessoal! Como voc\u00eas est\u00e3o?<\/p>\n\n\n\n<p>O <strong><a href=\"https:\/\/www.estrategiaconcursos.com.br\/blog\/concurso-inss\" target=\"_blank\" rel=\"noreferrer noopener\">concurso do INSS<\/a>&nbsp;<\/strong>est\u00e1 cada dia mais pr\u00f3ximo. Como est\u00e1 a sua prepara\u00e7\u00e3o?<\/p>\n\n\n\n<p>Vale lembrar que este certame est\u00e1 oferecendo&nbsp;<strong>1.000 vagas<\/strong>&nbsp;para o cargo de T\u00e9cnico do Seguro Social, com remunera\u00e7\u00e3o inicial podendo chegar a <strong>R$ 5.905,79.<\/strong><\/p>\n\n\n\n<p>Com o intuito de prepar\u00e1-los para esta prova, realizaremos um <strong>resumo <\/strong>sobre um importante t\u00f3pico para o certame do INSS, os <strong><mark style=\"background-color:rgba(0, 0, 0, 0)\" class=\"has-inline-color has-vivid-cyan-blue-color\">Benef\u00edcios Decorrentes de Legisla\u00e7\u00f5es Especiais<\/mark><\/strong>, sendo este o t\u00f3pico 12 do conte\u00fado program\u00e1tico de conhecimentos espec\u00edficos.<\/p>\n\n\n\n<p>Vamos l\u00e1?<\/p>\n\n\n\n<div class=\"container\" id=\"boxes\">\n  <div class=\"row\">\n\n    <div class=\"col-sm\">\n      <div class=\"banner-adm\" id=\"box-assinatura\">\n        <h3 class=\"titulo-assinatura\">Concurso INSS<\/h3>\n        <p class=\"subtitulo-assinatura\">Conhe\u00e7a os cursos<\/p>\n        <div class=\"box-botao\">\n          <a class=\"btn-assinatura\" target=\"_blank\" href=\"https:\/\/www.estrategiaconcursos.com.br\/cursosPorConcurso\/inss-tecnico-do-seguro-social-101\/\" role=\"button\" rel=\"noopener noreferrer\">Conhe\u00e7a mais<\/a>\n        <\/div>\n      <\/div>\n      \n    <\/div>\n\n  <\/div>\n<\/div>\n\n\n\n<h2 class=\"wp-block-heading\" id=\"h-resumo-da-pensao-para-sindrome-de-talidomida-lei-7-070-1982\"><mark style=\"background-color:rgba(0, 0, 0, 0)\" class=\"has-inline-color has-vivid-cyan-blue-color\">Resumo da Pens\u00e3o para S\u00edndrome de Talidomida (Lei 7.070\/1982)<\/mark><\/h2>\n\n\n\n<p>As pessoas que possuem a <strong>defici\u00eancia f\u00edsica<\/strong> conhecida como <strong>&#8220;S\u00edndrome da Talidomida&#8221;<\/strong> podem ser autorizadas, pelo Poder Executivo, a receber <strong>pens\u00e3o especial<\/strong>, a qual ser\u00e1 devida a partir da entrada do <strong>pedido <\/strong>de pagamento no Instituto Nacional de Previd\u00eancia Social (INPS), de acordo com a Lei.<\/p>\n\n\n\n<p><strong><mark style=\"background-color:rgba(0, 0, 0, 0)\" class=\"has-inline-color has-vivid-red-color\">FIQUE ATENTO<\/mark><\/strong>: O <strong>INPS n\u00e3o existe mais <\/strong>na estrutura brasileira. Ele foi substitu\u00eddo pelo <strong>INSS<\/strong>.<\/p>\n\n\n\n<p>O <strong>valor <\/strong>da pens\u00e3o especial, caso concedida, ser\u00e1 calculado em fun\u00e7\u00e3o dos <strong>pontos <\/strong>indicadores da <strong><mark style=\"background-color:rgba(0, 0, 0, 0)\" class=\"has-inline-color has-vivid-cyan-blue-color\">natureza <\/mark><\/strong>e do <strong><mark style=\"background-color:rgba(0, 0, 0, 0)\" class=\"has-inline-color has-vivid-cyan-blue-color\">grau <\/mark><\/strong>da <strong>depend\u00eancia <\/strong>resultante da deformidade f\u00edsica, \u00e0 raz\u00e3o, cada um, de <strong>metade <\/strong>do maior<strong> sal\u00e1rio m\u00ednimo<\/strong> vigente no Pa\u00eds.<\/p>\n\n\n\n<p><strong><mark style=\"background-color:rgba(0, 0, 0, 0)\" class=\"has-inline-color has-vivid-red-color\">A SABER:<\/mark><\/strong> Esta pens\u00e3o especial, caso concedida, ser\u00e1 <strong>mensal<\/strong>, <strong>vital\u00edcia <\/strong>e <strong>intransfer\u00edvel<\/strong>.<\/p>\n\n\n\n<p>Para que esta pens\u00e3o seja percebida pelo benefici\u00e1rio, basta que seja apresentado, <strong>unicamente<\/strong>, o <strong>atestado m\u00e9dico<\/strong> comprobat\u00f3rio da defici\u00eancia passado por junta m\u00e9dica oficial.<\/p>\n\n\n\n<p>H\u00e1 alguns casos em que este benef\u00edcio poder\u00e1 ser <strong>aumentado<\/strong>. Um deles \u00e9 quando o benefici\u00e1rio seja <strong>maior de 35 anos <\/strong>e que necessite de <strong>assist\u00eancia permanente<\/strong> de outra pessoa, al\u00e9m de ter recebido pontua\u00e7\u00e3o superior ou igual a <strong>seis. <\/strong>Neste caso, a sua pens\u00e3o far\u00e1 jus a um <strong>adicional de 25%<\/strong>.<\/p>\n\n\n\n<p>H\u00e1 tamb\u00e9m outra situa\u00e7\u00e3o, em que o benefici\u00e1rio far\u00e1 jus a mais um <strong>adicional 35%<\/strong> sobre o valor do benef\u00edcio, desde que comprove, pelo menos:&nbsp;<\/p>\n\n\n\n<ul class=\"wp-block-list\"><li><strong>25 anos<\/strong>, se homem, e <strong>20 anos<\/strong>, se mulher, de contribui\u00e7\u00e3o para a Previd\u00eancia Social;&nbsp;<\/li><li><strong>55 anos<\/strong> de idade, se homem, ou <strong>50 anos <\/strong>de idade, se mulher, e contar pelo menos <strong>15 anos<\/strong> de contribui\u00e7\u00e3o para a Previd\u00eancia Social.&nbsp;<\/li><\/ul>\n\n\n\n<p><strong><mark style=\"background-color:rgba(0, 0, 0, 0)\" class=\"has-inline-color has-vivid-red-color\">ISENTA<\/mark><\/strong>: Esta pens\u00e3o \u00e9 <strong>isenta<\/strong> do <strong>imposto de renda<\/strong>.<\/p>\n\n\n\n<h2 class=\"wp-block-heading\" id=\"h-resumo-da-pensao-para-seringueiros-lei-n\u00ba-7-986-1989\"><mark style=\"background-color:rgba(0, 0, 0, 0)\" class=\"has-inline-color has-vivid-cyan-blue-color\">Resumo da Pens\u00e3o para Seringueiros (Lei n\u00ba 7.986\/1989)<\/mark><\/h2>\n\n\n\n<p>A Lei 7.986\/89 busca assegurar uma pens\u00e3o aos <strong><mark style=\"background-color:rgba(0, 0, 0, 0)\" class=\"has-inline-color has-vivid-cyan-blue-color\">seringueiros recrutados<\/mark><\/strong> que:<\/p>\n\n\n\n<ul class=\"wp-block-list\"><li>tenham <strong>trabalhado <\/strong>durante a <strong>Segunda Guerra Mundial<\/strong> nos <strong>Seringais <\/strong>da <strong>Regi\u00e3o Amaz\u00f4nica<\/strong>; e que<\/li><li><strong>n\u00e3o <\/strong>possuam meios para a sua <strong>subsist\u00eancia <\/strong>e da sua fam\u00edlia.<\/li><\/ul>\n\n\n\n<p>O <strong>valor <\/strong>da pens\u00e3o especial, que \u00e9 <strong>mensal <\/strong>e <strong>vital\u00edcia<\/strong>, corresponde ao valor de <strong>2 sal\u00e1rios-m\u00ednimos <\/strong>vigentes no Pa\u00eds.<\/p>\n\n\n\n<p><strong><mark style=\"background-color:rgba(0, 0, 0, 0)\" class=\"has-inline-color has-vivid-red-color\">A SABER:<\/mark><\/strong> <strong>N\u00e3o <\/strong>ser\u00e1 admitida prova <strong>exclusivamente testemunhal <\/strong>para comprovar a efetiva presta\u00e7\u00e3o de servi\u00e7os citados, uma vez que a comprova\u00e7\u00e3o apenas ser\u00e1 aceita quando baseada em prova <strong>material<\/strong>.<\/p>\n\n\n\n<p>Os pedidos de concess\u00e3o do benef\u00edcio ou de sua transfer\u00eancia, devidamente instru\u00eddos, ser\u00e3o processados e julgados no prazo de <strong>45 dias<\/strong>, sob pena de responsabilidade.<\/p>\n\n\n\n<h2 class=\"wp-block-heading\" id=\"h-resumo-da-pensao-para-ex-combatentes-lei-8-059-90\"><mark style=\"background-color:rgba(0, 0, 0, 0)\" class=\"has-inline-color has-vivid-cyan-blue-color\">Resumo da Pens\u00e3o para ex-combatentes (Lei 8.059\/90)<\/mark><\/h2>\n\n\n\n<p>Esta pens\u00e3o especial \u00e9 devida \u00e0queles que tenham <strong>participado <\/strong>de<strong> opera\u00e7\u00f5es b\u00e9licas<\/strong> durante a <strong>Segunda Guerra Mundial.<\/strong><\/p>\n\n\n\n<p>O seu <strong>valor <\/strong>ser\u00e1 o correspondente \u00e0 <strong>pens\u00e3o militar<\/strong> deixada por <strong>segundo-tenente das For\u00e7as Armadas<\/strong>, sendo ela <strong>n\u00e3o acumul\u00e1vel <\/strong>com quaisquer rendimentos percebidos dos cofres p\u00fablicos, exceto os benef\u00edcios previdenci\u00e1rios.<\/p>\n\n\n\n<p>No caso do <strong>falecimento <\/strong>do ex-combatente, ela poder\u00e1 ser percebida por seus <strong>dependentes<\/strong>, caso eles vivessem sob a <strong>depend\u00eancia econ\u00f4mica<\/strong> do falecido. Os dependentes podem ser:<\/p>\n\n\n\n<ul class=\"wp-block-list\"><li>a vi\u00fava;<\/li><li>a companheira;<\/li><li>o filho e a filha de qualquer condi\u00e7\u00e3o, solteiros, menores de 21 anos ou inv\u00e1lidos;<\/li><li>o pai e a m\u00e3e inv\u00e1lidos; e<\/li><li>irm\u00e3o e a irm\u00e3, solteiros, menores de 21 anos ou inv\u00e1lidos.<\/li><\/ul>\n\n\n\n<p><strong><mark style=\"background-color:rgba(0, 0, 0, 0)\" class=\"has-inline-color has-vivid-red-color\">FIQUE ATENTO: <\/mark><\/strong>A pens\u00e3o especial <strong><mark style=\"background-color:rgba(0, 0, 0, 0)\" class=\"has-inline-color has-vivid-cyan-blue-color\">n\u00e3o ser\u00e1 deferida<\/mark><\/strong>:<\/p>\n\n\n\n<ul class=\"wp-block-list\"><li>\u00e0 ex-esposa que n\u00e3o tenha direito a alimentos;<\/li><li>\u00e0 vi\u00fava que voluntariamente abandonou o lar conjugal h\u00e1 mais de cinco anos ou que, mesmo por tempo inferior, abandonou-o e a ele recusou-se a voltar, desde que esta situa\u00e7\u00e3o tenha sido reconhecida por senten\u00e7a judicial transitada em julgado;<\/li><li>\u00e0 companheira, quando, antes da morte do ex-combatente, houver cessado a depend\u00eancia, pela ruptura da rela\u00e7\u00e3o concubin\u00e1ria;<\/li><li>ao dependente que tenha sido condenado por crime doloso, do qual resulte a morte do ex-combatente ou de outro dependente.<\/li><\/ul>\n\n\n\n<h2 class=\"wp-block-heading\" id=\"h-resumo-da-pensao-as-vitimas-de-hemodialise-de-caruaru-lei-9-422-96\"><mark style=\"background-color:rgba(0, 0, 0, 0)\" class=\"has-inline-color has-vivid-cyan-blue-color\">Resumo da Pens\u00e3o \u00e0s v\u00edtimas de hemodi\u00e1lise de Caruaru (Lei 9.422\/96)<\/mark><\/h2>\n\n\n\n<p>Pode o Poder Executivo conceder pens\u00e3o especial ao <strong>c\u00f4njuge<\/strong>, companheiro ou companheira, <strong>descendente<\/strong>, <strong>ascendente <\/strong>e colaterais at\u00e9 segundo grau das <strong><mark style=\"background-color:rgba(0, 0, 0, 0)\" class=\"has-inline-color has-vivid-cyan-blue-color\">v\u00edtimas fatais de hepatite t\u00f3xica<\/mark><\/strong>, por contamina\u00e7\u00e3o em processo de <strong>hemodi\u00e1lise <\/strong>no Instituto de Doen\u00e7as Renais, com sede na cidade de <strong>Caruaru<\/strong>, no Estado de Pernambuco, no per\u00edodo compreendido entre fevereiro e mar\u00e7o de 1996, mediante evid\u00eancias cl\u00ednico-epidemiol\u00f3gicas determinadas pela autoridade competente.<\/p>\n\n\n\n<p>A pens\u00e3o ser\u00e1 <strong>mensal<\/strong>, <strong>retroativa <\/strong>\u00e0 data do \u00f3bito, no valor de um <strong>sal\u00e1rio m\u00ednimo<\/strong> vigente no Pa\u00eds.<\/p>\n\n\n\n<p>Caso o benefici\u00e1rio venha a falecer, a pens\u00e3o <strong>n\u00e3o ser\u00e1 transmitida<\/strong> ao seu sucessor, sendo ela extinta.<\/p>\n\n\n\n<h2 class=\"wp-block-heading\" id=\"h-resumo-da-pensao-as-vitimas-do-cesio-137-lei-9-425-96\"><mark style=\"background-color:rgba(0, 0, 0, 0)\" class=\"has-inline-color has-vivid-cyan-blue-color\">Resumo da Pens\u00e3o \u00e0s v\u00edtimas do C\u00c9SIO 137 (Lei 9.425\/96)<\/mark><\/h2>\n\n\n\n<p>As <strong>v\u00edtimas <\/strong>do <strong>acidente <\/strong>com a subst\u00e2ncia radioativa <strong>C\u00c9SIO 137<\/strong>, ocorrido em <strong>Goi\u00e2nia<\/strong>, no Estado de Goi\u00e1s, possuem direito \u00e0 pens\u00e3o <strong>vital\u00edcia<\/strong>, a t\u00edtulo de indeniza\u00e7\u00e3o especial.<\/p>\n\n\n\n<p>Contudo, vale ressaltar que esta pens\u00e3o \u00e9 <strong>personal\u00edssima<\/strong>, n\u00e3o sendo transmiss\u00edvel ao c\u00f4njuge sobrevivente ou aos herdeiros, em caso de morte do benefici\u00e1rio.<\/p>\n\n\n\n<p>Caso a Uni\u00e3o seja condenada judicialmente ao pagamento de indeniza\u00e7\u00e3o por responsabilidade civil em decorr\u00eancia do acidente em quest\u00e3o, o montante da pens\u00e3o institu\u00edda ser\u00e1 obrigatoriamente deduzido do valor&nbsp;da condena\u00e7\u00e3o.<\/p>\n\n\n\n<p><strong><mark style=\"background-color:rgba(0, 0, 0, 0)\" class=\"has-inline-color has-vivid-red-color\">A SABER:<\/mark><\/strong> O pagamento dessa pens\u00e3o ocorrer\u00e1 \u00e0 conta de encargos previdenci\u00e1rios dos Recursos da <strong>Uni\u00e3o<\/strong>.<\/p>\n\n\n\n<h2 class=\"wp-block-heading\" id=\"h-resumo-da-pensao-ao-anistiado-politico-lei-10-559-02\"><mark style=\"background-color:rgba(0, 0, 0, 0)\" class=\"has-inline-color has-vivid-cyan-blue-color\">Resumo da Pens\u00e3o ao anistiado pol\u00edtico (Lei 10.559\/02)<\/mark><\/h2>\n\n\n\n<p>O <strong>Anistiado Pol\u00edtico<\/strong> possui diversos <strong>direitos<\/strong>, como:<\/p>\n\n\n\n<ul class=\"wp-block-list\"><li><strong>repara\u00e7\u00e3o econ\u00f4mica<\/strong>, de car\u00e1ter indenizat\u00f3rio, em presta\u00e7\u00e3o <strong>\u00fanica<\/strong> ou em presta\u00e7\u00e3o <strong>mensal<\/strong>, permanente e continuada, asseguradas a readmiss\u00e3o ou a promo\u00e7\u00e3o na inatividade;<\/li><li><strong>contagem<\/strong>, para todos os efeitos, do <strong>tempo <\/strong>em que o anistiado pol\u00edtico esteve compelido ao afastamento de suas atividades profissionais;<\/li><li><strong>conclus\u00e3o do curso<\/strong>, em escola p\u00fablica, ou, na falta, com prioridade para bolsa de estudo, a partir do per\u00edodo letivo interrompido, para o punido na condi\u00e7\u00e3o de estudante;<\/li><li><strong>reintegra\u00e7\u00e3o <\/strong>dos servidores p\u00fablicos civis e dos empregados p\u00fablicos punidos, por interrup\u00e7\u00e3o de atividade profissional.<\/li><\/ul>\n\n\n\n<p>Em rela\u00e7\u00e3o \u00e0 <strong>repara\u00e7\u00e3o econ\u00f4mica <\/strong>em <strong>presta\u00e7\u00e3o \u00fanica<\/strong> citada acima, ela consistir\u00e1 no pagamento de <strong>30 sal\u00e1rios m\u00ednimos<\/strong> por ano de puni\u00e7\u00e3o e ser\u00e1 devida aos anistiados pol\u00edticos que n\u00e3o puderem comprovar v\u00ednculos com a atividade laboral. Contudo, em <strong>nenhuma hip\u00f3tese<\/strong> o valor da repara\u00e7\u00e3o econ\u00f4mica em presta\u00e7\u00e3o \u00fanica ser\u00e1 <strong>superior <\/strong>a <strong>R$ 100.000,00<\/strong>.<\/p>\n\n\n\n<p>J\u00e1 em rela\u00e7\u00e3o \u00e0 <strong>repara\u00e7\u00e3o econ\u00f4mica<\/strong> em <strong>presta\u00e7\u00e3o mensal<\/strong>, ela ser\u00e1 <strong>permanente<\/strong> e <strong>continuada<\/strong>, sendo o seu <strong>valor <\/strong>igual ao da <strong>remunera\u00e7\u00e3o <\/strong>que o <strong>anistiado <\/strong>pol\u00edtico receberia se na ativa estivesse, considerada a gradua\u00e7\u00e3o a que teria direito. Tal valor <strong>n\u00e3o ser\u00e1 inferior<\/strong> ao do<strong> sal\u00e1rio m\u00ednimo<\/strong>, nem superior ao do teto constitucional.<\/p>\n\n\n\n<h2 class=\"wp-block-heading\" id=\"h-resumo-da-pensao-as-pessoas-atingidas-pela-hanseniase-lei-11-520-07\"><mark style=\"background-color:rgba(0, 0, 0, 0)\" class=\"has-inline-color has-vivid-cyan-blue-color\">Resumo da Pens\u00e3o \u00e0s pessoas atingidas pela hansen\u00edase (Lei 11.520\/07)<\/mark><\/h2>\n\n\n\n<p>Poder\u00e1 ser concedida pens\u00e3o especial, <strong>mensal<\/strong>, <strong>vital\u00edcia<\/strong> e <strong>intransfer\u00edvel<\/strong>, \u00e0s pessoas atingidas pela <strong>hansen\u00edase <\/strong>e que foram submetidas a <strong>isolamento<\/strong> e <strong>interna\u00e7\u00e3o compuls\u00f3rios<\/strong> em hospitais-col\u00f4nia, at\u00e9 31 de dezembro de 1986, que a requererem, a t\u00edtulo de indeniza\u00e7\u00e3o especial, sendo o seu valor de <strong>R$ 750,00<\/strong>.<\/p>\n\n\n\n<p><strong><mark style=\"background-color:rgba(0, 0, 0, 0)\" class=\"has-inline-color has-vivid-red-color\">FIQUE ATENTO:<\/mark><\/strong> Esta pens\u00e3o tamb\u00e9m&nbsp;\u00e9 <strong>personal\u00edssima<\/strong>, n\u00e3o sendo transmiss\u00edvel a dependentes e herdeiros.<\/p>\n\n\n\n<p>Caso a Uni\u00e3o venha a pagar indeniza\u00e7\u00f5es decorrentes de responsabiliza\u00e7\u00e3o civil sobre estes fatos, a pens\u00e3o especial n\u00e3o ser\u00e1 devida.<\/p>\n\n\n\n<h2 class=\"wp-block-heading\" id=\"h-resumo-da-pensao-a-criancas-com-sindrome-congenita-do-zika-virus-lei-13-985-20\"><mark style=\"background-color:rgba(0, 0, 0, 0)\" class=\"has-inline-color has-vivid-cyan-blue-color\">Resumo da Pens\u00e3o a crian\u00e7as com S\u00edndrome Cong\u00eanita do Zika V\u00edrus (Lei 13.985\/20)<\/mark><\/h2>\n\n\n\n<p>Possuem direito \u00e0 pens\u00e3o especial as <strong>crian\u00e7as <\/strong>com<strong> S\u00edndrome Cong\u00eanita do Zika V\u00edrus<\/strong>, nascidas entre <strong>1\u00ba de janeiro de 2015<\/strong> e <strong>31 de dezembro de 2019<\/strong>, benefici\u00e1rias do Benef\u00edcio de Presta\u00e7\u00e3o Continuada (<strong>BPC<\/strong>).<\/p>\n\n\n\n<p>Este benef\u00edcio ser\u00e1 de car\u00e1ter <strong>mensal<\/strong>, <strong>vital\u00edcio<\/strong> e <strong>intransfer\u00edvel<\/strong>, sendo o seu valor de <strong>um sal\u00e1rio m\u00ednimo<\/strong>.<\/p>\n\n\n\n<p>Para que esta pens\u00e3o seja reconhecida, dever\u00e1 haver a <strong>desist\u00eancia<\/strong> de a\u00e7\u00e3o judicial que tenha por objeto pedido id\u00eantico sobre o qual versa o processo administrativo.<\/p>\n\n\n\n<p><strong><mark style=\"background-color:rgba(0, 0, 0, 0)\" class=\"has-inline-color has-vivid-red-color\">FIQUE ATENTO:<\/mark><\/strong> A pens\u00e3o especial citada aqui n\u00e3o gerar\u00e1 direito \u00e0 abono ou \u00e0 pens\u00e3o por morte.<\/p>\n\n\n\n<h2 class=\"wp-block-heading\" id=\"h-finalizando-os-beneficios-decorrentes-de-legislacoes-especiais\"><mark style=\"background-color:rgba(0, 0, 0, 0)\" class=\"has-inline-color has-vivid-cyan-blue-color\">Finalizando os Benef\u00edcios Decorrentes de Legisla\u00e7\u00f5es Especiais<\/mark><\/h2>\n\n\n\n<p>Pessoal, finalizamos o nosso resumo sobre os Benef\u00edcios Decorrentes de Legisla\u00e7\u00f5es Especiais, para o concurso do INSS.<\/p>\n\n\n\n<p>Contudo, ressaltamos a import\u00e2ncia da<strong>&nbsp;leitura na \u00edntegra das normas <\/strong>presentes no seu edital, para a sua aprova\u00e7\u00e3o. Esse artigo \u00e9 apenas uma<strong>&nbsp;an\u00e1lise simplificada<\/strong>&nbsp;das Legisla\u00e7\u00f5es Especiais.<\/p>\n\n\n\n<p>Caso queira se preparar para chegar&nbsp;<strong>competitivo&nbsp;<\/strong>nesta prova, invista nos &nbsp;<a href=\"https:\/\/www.estrategiaconcursos.com.br\/curso\/1-inss-tecnico-do-seguro-social-pacote-completo-2022-pre-edital\/\" target=\"_blank\" rel=\"noreferrer noopener\"><strong>cursos para o INSS do Estrat\u00e9gia Concursos<\/strong><\/a>.<\/p>\n\n\n\n<p>L\u00e1 voc\u00ea encontrar\u00e1&nbsp;<strong>aulas completas e detalhadas, com os melhores professores do mercado<\/strong>,&nbsp;de todos os t\u00f3picos exigidos no edital deste concurso.<\/p>\n\n\n\n<p>Conhe\u00e7a tamb\u00e9m o&nbsp;<a href=\"https:\/\/questoes.estrategiaconcursos.com.br\/\" target=\"_blank\" rel=\"noreferrer noopener\"><strong>Sistema de Quest\u00f5es do Estrat\u00e9gia<\/strong><\/a>. Afinal, a \u00fanica maneira de&nbsp;<strong>consolidar o conte\u00fado&nbsp;<\/strong>de maneira satisfat\u00f3ria \u00e9 atrav\u00e9s da&nbsp;<strong>resolu\u00e7\u00e3o de quest\u00f5es.<\/strong>&nbsp;L\u00e1 voc\u00ea encontrar\u00e1 milhares de quest\u00f5es das disciplinas que ser\u00e3o cobradas na prova do seu concurso do INSS. N\u00e3o deixem de conferir.<\/p>\n\n\n\n<p>Bons estudos a todos e at\u00e9 a pr\u00f3xima!<\/p>\n\n\n\n<h2 class=\"has-text-align-center wp-block-heading\" id=\"h-cursos-e-assinaturas\">Cursos e Assinaturas <\/h2>\n\n\n\n<p>Prepare-se com o melhor material e com quem mais aprova em Concursos P\u00fablicos em todo o pa\u00eds!<\/p>\n\n\n\n<p class=\"has-text-align-center has-vivid-cyan-blue-color has-text-color has-background\" style=\"background-color:#0072b4\"><strong><a href=\"https:\/\/www.estrategiaconcursos.com.br\/blog\/concursos-2022\/\" target=\"_blank\" rel=\"noreferrer noopener\"><mark style=\"background-color:rgba(0, 0, 0, 0)\" class=\"has-inline-color has-white-color\">Concursos 2022<\/mark><\/a><\/strong><\/p>\n\n\n\n<p class=\"has-text-align-center has-vivid-cyan-blue-color has-text-color has-background\" style=\"background-color:#0078bd\"><a href=\"https:\/\/www.estrategiaconcursos.com.br\/blog\/concursos-2023\/\" target=\"_blank\" rel=\"noreferrer noopener\"><strong><mark style=\"background-color:rgba(0, 0, 0, 0)\" class=\"has-inline-color has-white-color\">Concursos 2023<\/mark><\/strong><\/a><\/p>\n\n\n\n<div class=\"container\" id=\"boxes\">\n  <div class=\"row\">\n\n    <div class=\"col-sm\">\n      <div class=\"banner-adm\" id=\"box-assinatura\">\n        <h3 class=\"titulo-assinatura\">Concurso INSS<\/h3>\n        <p class=\"subtitulo-assinatura\">Conhe\u00e7a os cursos<\/p>\n        <div class=\"box-botao\">\n          <a class=\"btn-assinatura\" target=\"_blank\" href=\"https:\/\/www.estrategiaconcursos.com.br\/cursosPorConcurso\/inss-tecnico-do-seguro-social-101\/\" role=\"button\" rel=\"noopener noreferrer\">Conhe\u00e7a mais<\/a>\n        <\/div>\n      <\/div>\n      \n    <\/div>\n\n  <\/div>\n<\/div>\n\n\n\n<div class=\"container\" id=\"boxes\">\n  <div class=\"row\">\n    <div class=\"col-sm\">\n      <div class=\"estrategia\" id=\"box-assinatura\">\n        <h3 class=\"titulo-assinatura\">Assinatura de Concursos<\/h3>\n        <p class=\"subtitulo-assinatura\">Assinatura de 1 ano ou 2 anos<\/p>\n        <div class=\"box-botao\">\n          <a class=\"btn-assinatura\" target=\"_blank\" href=\"https:\/\/www.estrategiaconcursos.com.br\/assinaturas\/\" role=\"button\" rel=\"noopener noreferrer\">ASSINE AGORA<\/a>\n        <\/div>\n      <\/div>\n      \n    <\/div><\/div><\/div>\n","protected":false},"excerpt":{"rendered":"<p>Confira neste artigo um resumo sobre os benef\u00edcios decorrentes de legisla\u00e7\u00f5es especiais, para o concurso do INSS. Ol\u00e1, pessoal! Como voc\u00eas est\u00e3o? O concurso do INSS&nbsp;est\u00e1 cada dia mais pr\u00f3ximo. Como est\u00e1 a sua prepara\u00e7\u00e3o? Vale lembrar que este certame est\u00e1 oferecendo&nbsp;1.000 vagas&nbsp;para o cargo de T\u00e9cnico do Seguro Social, com remunera\u00e7\u00e3o inicial podendo chegar [&hellip;]<\/p>\n","protected":false},"author":1976,"featured_media":1095116,"comment_status":"open","ping_status":"closed","sticky":false,"template":"","format":"standard","meta":{"post_tipo":"article","footnotes":""},"categories":[1,220191],"tags":[],"tax_estado":[219963],"class_list":["post-1100140","post","type-post","status-publish","format-standard","has-post-thumbnail","hentry","category-cursos-e-concursos","category-previdenciaria","tax_estado-concursos-federais"],"acf":[],"yoast_head":"<!-- This site is optimized with the Yoast SEO Premium plugin v27.2 (Yoast SEO v27.2) - https:\/\/yoast.com\/product\/yoast-seo-premium-wordpress\/ -->\n<title>INSS: Resumo Benef\u00edcios Decorrentes de Legisla\u00e7\u00f5es Especiais<\/title>\n<meta name=\"description\" content=\"Confira neste artigo um resumo sobre os benef\u00edcios decorrentes de legisla\u00e7\u00f5es especiais, para o concurso do INSS.\" \/>\n<meta name=\"robots\" content=\"index, follow, max-snippet:-1, max-image-preview:large, max-video-preview:-1\" \/>\n<link rel=\"canonical\" href=\"https:\/\/www.estrategiaconcursos.com.br\/blog\/inss-beneficios-legislacoes-especiais\/\" \/>\n<meta property=\"og:locale\" content=\"pt_BR\" \/>\n<meta property=\"og:type\" content=\"article\" \/>\n<meta property=\"og:title\" content=\"INSS: Resumo Benef\u00edcios Decorrentes de Legisla\u00e7\u00f5es Especiais\" \/>\n<meta property=\"og:description\" content=\"Confira neste artigo um resumo sobre os benef\u00edcios decorrentes de legisla\u00e7\u00f5es especiais, para o concurso do INSS.\" \/>\n<meta property=\"og:url\" content=\"https:\/\/www.estrategiaconcursos.com.br\/blog\/inss-beneficios-legislacoes-especiais\/\" \/>\n<meta property=\"og:site_name\" content=\"Estrat\u00e9gia Concursos\" \/>\n<meta property=\"article:published_time\" content=\"2022-10-20T14:49:00+00:00\" \/>\n<meta property=\"og:image\" content=\"https:\/\/dhg1h5j42swfq.cloudfront.net\/2022\/09\/15105131\/inss.png\" \/>\n\t<meta property=\"og:image:width\" content=\"642\" \/>\n\t<meta property=\"og:image:height\" content=\"380\" \/>\n\t<meta property=\"og:image:type\" content=\"image\/png\" \/>\n<meta name=\"author\" content=\"Kassio Henrique Sobral Rocha\" \/>\n<meta name=\"twitter:card\" content=\"summary_large_image\" \/>\n<meta name=\"twitter:creator\" content=\"@EstratConcursos\" \/>\n<meta name=\"twitter:site\" content=\"@EstratConcursos\" \/>\n<meta name=\"twitter:label1\" content=\"Escrito por\" \/>\n\t<meta name=\"twitter:data1\" content=\"Kassio Henrique Sobral Rocha\" \/>\n\t<meta name=\"twitter:label2\" content=\"Est. tempo de leitura\" \/>\n\t<meta name=\"twitter:data2\" content=\"9 minutos\" \/>\n<script type=\"application\/ld+json\" class=\"yoast-schema-graph\">{\"@context\":\"https:\/\/schema.org\",\"@graph\":[{\"@type\":\"NewsArticle\",\"@id\":\"https:\/\/www.estrategiaconcursos.com.br\/blog\/inss-beneficios-legislacoes-especiais\/#article\",\"isPartOf\":{\"@id\":\"https:\/\/www.estrategiaconcursos.com.br\/blog\/inss-beneficios-legislacoes-especiais\/\"},\"author\":{\"name\":\"Kassio Henrique Sobral Rocha\",\"@id\":\"https:\/\/www.estrategiaconcursos.com.br\/blog\/#\/schema\/person\/f0c830e07cfe11c231c0ea5dbb036df5\"},\"headline\":\"INSS: Resumo Benef\u00edcios Decorrentes de Legisla\u00e7\u00f5es Especiais\",\"datePublished\":\"2022-10-20T14:49:00+00:00\",\"mainEntityOfPage\":{\"@id\":\"https:\/\/www.estrategiaconcursos.com.br\/blog\/inss-beneficios-legislacoes-especiais\/\"},\"wordCount\":1767,\"commentCount\":0,\"publisher\":{\"@id\":\"https:\/\/www.estrategiaconcursos.com.br\/blog\/#organization\"},\"image\":{\"@id\":\"https:\/\/www.estrategiaconcursos.com.br\/blog\/inss-beneficios-legislacoes-especiais\/#primaryimage\"},\"thumbnailUrl\":\"https:\/\/dhg1h5j42swfq.cloudfront.net\/2022\/09\/15105131\/inss.png\",\"articleSection\":[\"Concursos P\u00fablicos\",\"Previdenci\u00e1ria (INSS, PREVIC)\"],\"inLanguage\":\"pt-BR\",\"potentialAction\":[{\"@type\":\"CommentAction\",\"name\":\"Comment\",\"target\":[\"https:\/\/www.estrategiaconcursos.com.br\/blog\/inss-beneficios-legislacoes-especiais\/#respond\"]}],\"copyrightYear\":\"2022\",\"copyrightHolder\":{\"@id\":\"https:\/\/www.estrategiaconcursos.com.br\/blog\/#organization\"}},{\"@type\":\"WebPage\",\"@id\":\"https:\/\/www.estrategiaconcursos.com.br\/blog\/inss-beneficios-legislacoes-especiais\/\",\"url\":\"https:\/\/www.estrategiaconcursos.com.br\/blog\/inss-beneficios-legislacoes-especiais\/\",\"name\":\"INSS: Resumo Benef\u00edcios Decorrentes de Legisla\u00e7\u00f5es Especiais\",\"isPartOf\":{\"@id\":\"https:\/\/www.estrategiaconcursos.com.br\/blog\/#website\"},\"primaryImageOfPage\":{\"@id\":\"https:\/\/www.estrategiaconcursos.com.br\/blog\/inss-beneficios-legislacoes-especiais\/#primaryimage\"},\"image\":{\"@id\":\"https:\/\/www.estrategiaconcursos.com.br\/blog\/inss-beneficios-legislacoes-especiais\/#primaryimage\"},\"thumbnailUrl\":\"https:\/\/dhg1h5j42swfq.cloudfront.net\/2022\/09\/15105131\/inss.png\",\"datePublished\":\"2022-10-20T14:49:00+00:00\",\"description\":\"Confira neste artigo um resumo sobre os benef\u00edcios decorrentes de legisla\u00e7\u00f5es especiais, para o concurso do INSS.\",\"breadcrumb\":{\"@id\":\"https:\/\/www.estrategiaconcursos.com.br\/blog\/inss-beneficios-legislacoes-especiais\/#breadcrumb\"},\"inLanguage\":\"pt-BR\",\"potentialAction\":[{\"@type\":\"ReadAction\",\"target\":[\"https:\/\/www.estrategiaconcursos.com.br\/blog\/inss-beneficios-legislacoes-especiais\/\"]}]},{\"@type\":\"ImageObject\",\"inLanguage\":\"pt-BR\",\"@id\":\"https:\/\/www.estrategiaconcursos.com.br\/blog\/inss-beneficios-legislacoes-especiais\/#primaryimage\",\"url\":\"https:\/\/dhg1h5j42swfq.cloudfront.net\/2022\/09\/15105131\/inss.png\",\"contentUrl\":\"https:\/\/dhg1h5j42swfq.cloudfront.net\/2022\/09\/15105131\/inss.png\",\"width\":642,\"height\":380,\"caption\":\"Compensa\u00e7\u00e3o Financeira entre RGPS e RPPS\"},{\"@type\":\"BreadcrumbList\",\"@id\":\"https:\/\/www.estrategiaconcursos.com.br\/blog\/inss-beneficios-legislacoes-especiais\/#breadcrumb\",\"itemListElement\":[{\"@type\":\"ListItem\",\"position\":1,\"name\":\"In\u00edcio\",\"item\":\"https:\/\/www.estrategiaconcursos.com.br\/blog\/\"},{\"@type\":\"ListItem\",\"position\":2,\"name\":\"INSS: Resumo Benef\u00edcios Decorrentes de Legisla\u00e7\u00f5es Especiais\"}]},{\"@type\":\"WebSite\",\"@id\":\"https:\/\/www.estrategiaconcursos.com.br\/blog\/#website\",\"url\":\"https:\/\/www.estrategiaconcursos.com.br\/blog\/\",\"name\":\"Estrat\u00e9gia Concursos\",\"description\":\"O blog da Estrat\u00e9gia Concursos traz not\u00edcias sobre concursos e artigos de professores oferecendo cursos para concursos (pdf + videaulas) no site.\",\"publisher\":{\"@id\":\"https:\/\/www.estrategiaconcursos.com.br\/blog\/#organization\"},\"potentialAction\":[{\"@type\":\"SearchAction\",\"target\":{\"@type\":\"EntryPoint\",\"urlTemplate\":\"https:\/\/www.estrategiaconcursos.com.br\/blog\/?s={search_term_string}\"},\"query-input\":{\"@type\":\"PropertyValueSpecification\",\"valueRequired\":true,\"valueName\":\"search_term_string\"}}],\"inLanguage\":\"pt-BR\"},{\"@type\":\"Organization\",\"@id\":\"https:\/\/www.estrategiaconcursos.com.br\/blog\/#organization\",\"name\":\"Estrat\u00e9gia Concursos\",\"url\":\"https:\/\/www.estrategiaconcursos.com.br\/blog\/\",\"logo\":{\"@type\":\"ImageObject\",\"inLanguage\":\"pt-BR\",\"@id\":\"https:\/\/www.estrategiaconcursos.com.br\/blog\/#\/schema\/logo\/image\/\",\"url\":\"https:\/\/dhg1h5j42swfq.cloudfront.net\/2025\/06\/03203428\/logo_concursos-1.jpg\",\"contentUrl\":\"https:\/\/dhg1h5j42swfq.cloudfront.net\/2025\/06\/03203428\/logo_concursos-1.jpg\",\"width\":230,\"height\":60,\"caption\":\"Estrat\u00e9gia Concursos\"},\"image\":{\"@id\":\"https:\/\/www.estrategiaconcursos.com.br\/blog\/#\/schema\/logo\/image\/\"},\"sameAs\":[\"https:\/\/x.com\/EstratConcursos\"]},{\"@type\":\"Person\",\"@id\":\"https:\/\/www.estrategiaconcursos.com.br\/blog\/#\/schema\/person\/f0c830e07cfe11c231c0ea5dbb036df5\",\"name\":\"Kassio Henrique Sobral Rocha\",\"image\":{\"@type\":\"ImageObject\",\"inLanguage\":\"pt-BR\",\"@id\":\"https:\/\/secure.gravatar.com\/avatar\/d10350cbdad043facd8ec77a377f86f9026afee3348e463b04854fd4490ce759?s=96&d=mm&r=g\",\"url\":\"https:\/\/secure.gravatar.com\/avatar\/d10350cbdad043facd8ec77a377f86f9026afee3348e463b04854fd4490ce759?s=96&d=mm&r=g\",\"contentUrl\":\"https:\/\/secure.gravatar.com\/avatar\/d10350cbdad043facd8ec77a377f86f9026afee3348e463b04854fd4490ce759?s=96&d=mm&r=g\",\"caption\":\"Kassio Henrique Sobral Rocha\"},\"url\":\"https:\/\/www.estrategiaconcursos.com.br\/blog\/author\/kassio-rochayahoo-com-br\/\"}]}<\/script>\n<!-- \/ Yoast SEO Premium plugin. -->","yoast_head_json":{"title":"INSS: Resumo Benef\u00edcios Decorrentes de Legisla\u00e7\u00f5es Especiais","description":"Confira neste artigo um resumo sobre os benef\u00edcios decorrentes de legisla\u00e7\u00f5es especiais, para o concurso do INSS.","robots":{"index":"index","follow":"follow","max-snippet":"max-snippet:-1","max-image-preview":"max-image-preview:large","max-video-preview":"max-video-preview:-1"},"canonical":"https:\/\/www.estrategiaconcursos.com.br\/blog\/inss-beneficios-legislacoes-especiais\/","og_locale":"pt_BR","og_type":"article","og_title":"INSS: Resumo Benef\u00edcios Decorrentes de Legisla\u00e7\u00f5es Especiais","og_description":"Confira neste artigo um resumo sobre os benef\u00edcios decorrentes de legisla\u00e7\u00f5es especiais, para o concurso do INSS.","og_url":"https:\/\/www.estrategiaconcursos.com.br\/blog\/inss-beneficios-legislacoes-especiais\/","og_site_name":"Estrat\u00e9gia Concursos","article_published_time":"2022-10-20T14:49:00+00:00","og_image":[{"width":642,"height":380,"url":"https:\/\/dhg1h5j42swfq.cloudfront.net\/2022\/09\/15105131\/inss.png","type":"image\/png"}],"author":"Kassio Henrique Sobral Rocha","twitter_card":"summary_large_image","twitter_creator":"@EstratConcursos","twitter_site":"@EstratConcursos","twitter_misc":{"Escrito por":"Kassio Henrique Sobral Rocha","Est. tempo de leitura":"9 minutos"},"schema":{"@context":"https:\/\/schema.org","@graph":[{"@type":"NewsArticle","@id":"https:\/\/www.estrategiaconcursos.com.br\/blog\/inss-beneficios-legislacoes-especiais\/#article","isPartOf":{"@id":"https:\/\/www.estrategiaconcursos.com.br\/blog\/inss-beneficios-legislacoes-especiais\/"},"author":{"name":"Kassio Henrique Sobral Rocha","@id":"https:\/\/www.estrategiaconcursos.com.br\/blog\/#\/schema\/person\/f0c830e07cfe11c231c0ea5dbb036df5"},"headline":"INSS: Resumo Benef\u00edcios Decorrentes de Legisla\u00e7\u00f5es Especiais","datePublished":"2022-10-20T14:49:00+00:00","mainEntityOfPage":{"@id":"https:\/\/www.estrategiaconcursos.com.br\/blog\/inss-beneficios-legislacoes-especiais\/"},"wordCount":1767,"commentCount":0,"publisher":{"@id":"https:\/\/www.estrategiaconcursos.com.br\/blog\/#organization"},"image":{"@id":"https:\/\/www.estrategiaconcursos.com.br\/blog\/inss-beneficios-legislacoes-especiais\/#primaryimage"},"thumbnailUrl":"https:\/\/dhg1h5j42swfq.cloudfront.net\/2022\/09\/15105131\/inss.png","articleSection":["Concursos P\u00fablicos","Previdenci\u00e1ria (INSS, PREVIC)"],"inLanguage":"pt-BR","potentialAction":[{"@type":"CommentAction","name":"Comment","target":["https:\/\/www.estrategiaconcursos.com.br\/blog\/inss-beneficios-legislacoes-especiais\/#respond"]}],"copyrightYear":"2022","copyrightHolder":{"@id":"https:\/\/www.estrategiaconcursos.com.br\/blog\/#organization"}},{"@type":"WebPage","@id":"https:\/\/www.estrategiaconcursos.com.br\/blog\/inss-beneficios-legislacoes-especiais\/","url":"https:\/\/www.estrategiaconcursos.com.br\/blog\/inss-beneficios-legislacoes-especiais\/","name":"INSS: Resumo Benef\u00edcios Decorrentes de Legisla\u00e7\u00f5es Especiais","isPartOf":{"@id":"https:\/\/www.estrategiaconcursos.com.br\/blog\/#website"},"primaryImageOfPage":{"@id":"https:\/\/www.estrategiaconcursos.com.br\/blog\/inss-beneficios-legislacoes-especiais\/#primaryimage"},"image":{"@id":"https:\/\/www.estrategiaconcursos.com.br\/blog\/inss-beneficios-legislacoes-especiais\/#primaryimage"},"thumbnailUrl":"https:\/\/dhg1h5j42swfq.cloudfront.net\/2022\/09\/15105131\/inss.png","datePublished":"2022-10-20T14:49:00+00:00","description":"Confira neste artigo um resumo sobre os benef\u00edcios decorrentes de legisla\u00e7\u00f5es especiais, para o concurso do INSS.","breadcrumb":{"@id":"https:\/\/www.estrategiaconcursos.com.br\/blog\/inss-beneficios-legislacoes-especiais\/#breadcrumb"},"inLanguage":"pt-BR","potentialAction":[{"@type":"ReadAction","target":["https:\/\/www.estrategiaconcursos.com.br\/blog\/inss-beneficios-legislacoes-especiais\/"]}]},{"@type":"ImageObject","inLanguage":"pt-BR","@id":"https:\/\/www.estrategiaconcursos.com.br\/blog\/inss-beneficios-legislacoes-especiais\/#primaryimage","url":"https:\/\/dhg1h5j42swfq.cloudfront.net\/2022\/09\/15105131\/inss.png","contentUrl":"https:\/\/dhg1h5j42swfq.cloudfront.net\/2022\/09\/15105131\/inss.png","width":642,"height":380,"caption":"Compensa\u00e7\u00e3o Financeira entre RGPS e RPPS"},{"@type":"BreadcrumbList","@id":"https:\/\/www.estrategiaconcursos.com.br\/blog\/inss-beneficios-legislacoes-especiais\/#breadcrumb","itemListElement":[{"@type":"ListItem","position":1,"name":"In\u00edcio","item":"https:\/\/www.estrategiaconcursos.com.br\/blog\/"},{"@type":"ListItem","position":2,"name":"INSS: Resumo Benef\u00edcios Decorrentes de Legisla\u00e7\u00f5es Especiais"}]},{"@type":"WebSite","@id":"https:\/\/www.estrategiaconcursos.com.br\/blog\/#website","url":"https:\/\/www.estrategiaconcursos.com.br\/blog\/","name":"Estrat\u00e9gia Concursos","description":"O blog da Estrat\u00e9gia Concursos traz not\u00edcias sobre concursos e artigos de professores oferecendo cursos para concursos (pdf + videaulas) no site.","publisher":{"@id":"https:\/\/www.estrategiaconcursos.com.br\/blog\/#organization"},"potentialAction":[{"@type":"SearchAction","target":{"@type":"EntryPoint","urlTemplate":"https:\/\/www.estrategiaconcursos.com.br\/blog\/?s={search_term_string}"},"query-input":{"@type":"PropertyValueSpecification","valueRequired":true,"valueName":"search_term_string"}}],"inLanguage":"pt-BR"},{"@type":"Organization","@id":"https:\/\/www.estrategiaconcursos.com.br\/blog\/#organization","name":"Estrat\u00e9gia Concursos","url":"https:\/\/www.estrategiaconcursos.com.br\/blog\/","logo":{"@type":"ImageObject","inLanguage":"pt-BR","@id":"https:\/\/www.estrategiaconcursos.com.br\/blog\/#\/schema\/logo\/image\/","url":"https:\/\/dhg1h5j42swfq.cloudfront.net\/2025\/06\/03203428\/logo_concursos-1.jpg","contentUrl":"https:\/\/dhg1h5j42swfq.cloudfront.net\/2025\/06\/03203428\/logo_concursos-1.jpg","width":230,"height":60,"caption":"Estrat\u00e9gia Concursos"},"image":{"@id":"https:\/\/www.estrategiaconcursos.com.br\/blog\/#\/schema\/logo\/image\/"},"sameAs":["https:\/\/x.com\/EstratConcursos"]},{"@type":"Person","@id":"https:\/\/www.estrategiaconcursos.com.br\/blog\/#\/schema\/person\/f0c830e07cfe11c231c0ea5dbb036df5","name":"Kassio Henrique Sobral Rocha","image":{"@type":"ImageObject","inLanguage":"pt-BR","@id":"https:\/\/secure.gravatar.com\/avatar\/d10350cbdad043facd8ec77a377f86f9026afee3348e463b04854fd4490ce759?s=96&d=mm&r=g","url":"https:\/\/secure.gravatar.com\/avatar\/d10350cbdad043facd8ec77a377f86f9026afee3348e463b04854fd4490ce759?s=96&d=mm&r=g","contentUrl":"https:\/\/secure.gravatar.com\/avatar\/d10350cbdad043facd8ec77a377f86f9026afee3348e463b04854fd4490ce759?s=96&d=mm&r=g","caption":"Kassio Henrique Sobral Rocha"},"url":"https:\/\/www.estrategiaconcursos.com.br\/blog\/author\/kassio-rochayahoo-com-br\/"}]}},"_links":{"self":[{"href":"https:\/\/www.estrategiaconcursos.com.br\/blog\/wp-json\/wp\/v2\/posts\/1100140","targetHints":{"allow":["GET"]}}],"collection":[{"href":"https:\/\/www.estrategiaconcursos.com.br\/blog\/wp-json\/wp\/v2\/posts"}],"about":[{"href":"https:\/\/www.estrategiaconcursos.com.br\/blog\/wp-json\/wp\/v2\/types\/post"}],"author":[{"embeddable":true,"href":"https:\/\/www.estrategiaconcursos.com.br\/blog\/wp-json\/wp\/v2\/users\/1976"}],"replies":[{"embeddable":true,"href":"https:\/\/www.estrategiaconcursos.com.br\/blog\/wp-json\/wp\/v2\/comments?post=1100140"}],"version-history":[{"count":17,"href":"https:\/\/www.estrategiaconcursos.com.br\/blog\/wp-json\/wp\/v2\/posts\/1100140\/revisions"}],"predecessor-version":[{"id":1108606,"href":"https:\/\/www.estrategiaconcursos.com.br\/blog\/wp-json\/wp\/v2\/posts\/1100140\/revisions\/1108606"}],"wp:featuredmedia":[{"embeddable":true,"href":"https:\/\/www.estrategiaconcursos.com.br\/blog\/wp-json\/wp\/v2\/media\/1095116"}],"wp:attachment":[{"href":"https:\/\/www.estrategiaconcursos.com.br\/blog\/wp-json\/wp\/v2\/media?parent=1100140"}],"wp:term":[{"taxonomy":"category","embeddable":true,"href":"https:\/\/www.estrategiaconcursos.com.br\/blog\/wp-json\/wp\/v2\/categories?post=1100140"},{"taxonomy":"post_tag","embeddable":true,"href":"https:\/\/www.estrategiaconcursos.com.br\/blog\/wp-json\/wp\/v2\/tags?post=1100140"},{"taxonomy":"tax_estado","embeddable":true,"href":"https:\/\/www.estrategiaconcursos.com.br\/blog\/wp-json\/wp\/v2\/tax_estado?post=1100140"}],"curies":[{"name":"wp","href":"https:\/\/api.w.org\/{rel}","templated":true}]}}