{"id":1099558,"date":"2022-09-23T12:30:54","date_gmt":"2022-09-23T15:30:54","guid":{"rendered":"https:\/\/www.estrategiaconcursos.com.br\/blog\/?p=1099558"},"modified":"2022-09-23T12:30:57","modified_gmt":"2022-09-23T15:30:57","slug":"concurso-mp-mg-nomeacoes","status":"publish","type":"post","link":"https:\/\/www.estrategiaconcursos.com.br\/blog\/concurso-mp-mg-nomeacoes\/","title":{"rendered":"Concurso MP MG: veja as nomea\u00e7\u00f5es do \u00faltimo certame"},"content":{"rendered":"\n<p>O novo <strong>concurso MP MG<\/strong> ofertar\u00e1 100 vagas para os cargos de Oficial do <a href=\"https:\/\/www.estrategiaconcursos.com.br\/cursosPorConcurso\/ministerio-publico-de-minas-gerais-mp-mg-servidores\/\" target=\"_blank\" rel=\"noreferrer noopener\"><strong>Minist\u00e9rio P\u00fablico de Minas Gerais<\/strong><\/a>, que exige n\u00edvel m\u00e9dio de forma\u00e7\u00e3o, e de Analista, de n\u00edvel superior. Mas, devido a quantidade de cargos vagos, mais aprovados podem ser chamados. <\/p>\n\n\n\n<p>A<strong> Consulplan<\/strong> foi definida como banca organizadora do novo<strong> edital MP MG<\/strong>. <\/p>\n\n\n\n<h3 class=\"wp-block-heading\" id=\"cargos-vagos-mpmg\">Cargos vagos e ocupados no MP MG<\/h3>\n\n\n\n<figure class=\"wp-block-table is-style-stripes\"><table class=\"has-background\" style=\"background-color:#e7f5fe\"><tbody><tr><td class=\"has-text-align-center\" data-align=\"center\"><strong>Cargo<\/strong><\/td><td class=\"has-text-align-center\" data-align=\"center\"><strong>Existentes<\/strong><\/td><td class=\"has-text-align-center\" data-align=\"center\"><strong>Ocupados<\/strong><\/td><td class=\"has-text-align-center\" data-align=\"center\"><strong>Vagos<\/strong><\/td><\/tr><tr><td class=\"has-text-align-center\" data-align=\"center\"> OFICIAL DO MINIST. PUBLICO &#8211; QP <\/td><td class=\"has-text-align-center\" data-align=\"center\"> 1450 <\/td><td class=\"has-text-align-center\" data-align=\"center\"> 1241 <\/td><td class=\"has-text-align-center\" data-align=\"center\"> 211<\/td><\/tr><tr><td class=\"has-text-align-center\" data-align=\"center\"> OFICIAL DO MINIST. PUBLICO &#8211; QE <\/td><td class=\"has-text-align-center\" data-align=\"center\">15<\/td><td class=\"has-text-align-center\" data-align=\"center\"> 15<\/td><td class=\"has-text-align-center\" data-align=\"center\">0<\/td><\/tr><tr><td class=\"has-text-align-center\" data-align=\"center\">ANALISTA DO MINIST. PUBLICO &#8211; QP<\/td><td class=\"has-text-align-center\" data-align=\"center\">1328<\/td><td class=\"has-text-align-center\" data-align=\"center\">1323<\/td><td class=\"has-text-align-center\" data-align=\"center\">6<\/td><\/tr><tr><td class=\"has-text-align-center\" data-align=\"center\">ANALISTA DO MINIST. PUBLICO &#8211; QE<\/td><td class=\"has-text-align-center\" data-align=\"center\">4<\/td><td class=\"has-text-align-center\" data-align=\"center\">4<\/td><td class=\"has-text-align-center\" data-align=\"center\">0<\/td><\/tr><tr><td class=\"has-text-align-center\" data-align=\"center\">AGENTE DO MINIST. PUBLICO &#8211; QP<\/td><td class=\"has-text-align-center\" data-align=\"center\">17<\/td><td class=\"has-text-align-center\" data-align=\"center\">17<\/td><td class=\"has-text-align-center\" data-align=\"center\">0<\/td><\/tr><tr><td class=\"has-text-align-center\" data-align=\"center\">AGENTE DO MINIST. PUBLICO &#8211; QE<\/td><td class=\"has-text-align-center\" data-align=\"center\">5<\/td><td class=\"has-text-align-center\" data-align=\"center\">5<\/td><td class=\"has-text-align-center\" data-align=\"center\">0<\/td><\/tr><\/tbody><\/table><figcaption>Dados do Portal Transpar\u00eancia MPMG de 09\/2022<\/figcaption><\/figure>\n\n\n\n<p>Enquanto o novo certame n\u00e3o \u00e9 publicado, confira como foram as \u00faltimas nomea\u00e7\u00f5es!<\/p>\n\n\n\n<h2 class=\"wp-block-heading\">Como foram as nomea\u00e7\u00f5es do \u00faltimo concurso MP MG?<\/h2>\n\n\n\n<p>O \u00faltimo Concurso MP MG foi realizado em 2012, sendo homologado no fim daquele ano. A organiza\u00e7\u00e3o foi feita pelo pr\u00f3prio \u00f3rg\u00e3o. Foram ofertadas <strong>33 vagas imediatas<\/strong>, sendo quatro para pessoas com defici\u00eancia, al\u00e9m da <strong>forma\u00e7\u00e3o de cadastro de reserva<\/strong> para 51 regi\u00f5es diferentes.<\/p>\n\n\n\n<p>Ao fim do certame, foram nomeados 824 candidatos, sendo 382 para Oficial do MP &#8211; Servi\u00e7os Diretos e 442 para Analista do MP &#8211; Diversas especialidades. Veja na tabela abaixo: <\/p>\n\n\n\n<figure class=\"wp-block-table is-style-stripes\"><table class=\"has-background has-fixed-layout\" style=\"background-color:#e7f5fe\"><tbody><tr><td class=\"has-text-align-center\" data-align=\"center\"><strong>Cargo<\/strong><\/td><td class=\"has-text-align-center\" data-align=\"center\"><strong>Especialidade<\/strong><\/td><td class=\"has-text-align-center\" data-align=\"center\"><strong>Nomea\u00e7\u00f5es<\/strong><\/td><\/tr><tr><td class=\"has-text-align-center\" data-align=\"center\">Oficial do MP <\/td><td class=\"has-text-align-center\" data-align=\"center\">Servi\u00e7os Diretos <\/td><td class=\"has-text-align-center\" data-align=\"center\">382<\/td><\/tr><tr><td class=\"has-text-align-center\" data-align=\"center\">Analista do MP<\/td><td class=\"has-text-align-center\" data-align=\"center\">Administra\u00e7\u00e3o P\u00fablica<\/td><td class=\"has-text-align-center\" data-align=\"center\">02<\/td><\/tr><tr><td class=\"has-text-align-center\" data-align=\"center\">Analista do MP<\/td><td class=\"has-text-align-center\" data-align=\"center\">Arquivista<\/td><td class=\"has-text-align-center\" data-align=\"center\">02<\/td><\/tr><tr><td class=\"has-text-align-center\" data-align=\"center\">Analista do MP<\/td><td class=\"has-text-align-center\" data-align=\"center\">Biblioteconomia<\/td><td class=\"has-text-align-center\" data-align=\"center\">02<\/td><\/tr><tr><td class=\"has-text-align-center\" data-align=\"center\">Analista do MP<\/td><td class=\"has-text-align-center\" data-align=\"center\">Ci\u00eancias Cont\u00e1beis<\/td><td class=\"has-text-align-center\" data-align=\"center\">20<\/td><\/tr><tr><td class=\"has-text-align-center\" data-align=\"center\">Analista do MP<\/td><td class=\"has-text-align-center\" data-align=\"center\">Direito <\/td><td class=\"has-text-align-center\" data-align=\"center\">372<\/td><\/tr><tr><td class=\"has-text-align-center\" data-align=\"center\">Analista do MP<\/td><td class=\"has-text-align-center\" data-align=\"center\">Engenharia Civil<\/td><td class=\"has-text-align-center\" data-align=\"center\">04<\/td><\/tr><tr><td class=\"has-text-align-center\" data-align=\"center\">Analista do MP<\/td><td class=\"has-text-align-center\" data-align=\"center\">Engenharia Florestal<\/td><td class=\"has-text-align-center\" data-align=\"center\">02<\/td><\/tr><tr><td class=\"has-text-align-center\" data-align=\"center\">Analista do MP<\/td><td class=\"has-text-align-center\" data-align=\"center\">Engenharia de Seguran\u00e7a do Trabalho <\/td><td class=\"has-text-align-center\" data-align=\"center\">01<\/td><\/tr><tr><td class=\"has-text-align-center\" data-align=\"center\">Analista do MP<\/td><td class=\"has-text-align-center\" data-align=\"center\">Estat\u00edtica<\/td><td class=\"has-text-align-center\" data-align=\"center\">04<\/td><\/tr><tr><td class=\"has-text-align-center\" data-align=\"center\">Analista do MP<\/td><td class=\"has-text-align-center\" data-align=\"center\">Jornalismo <\/td><td class=\"has-text-align-center\" data-align=\"center\">02<\/td><\/tr><tr><td class=\"has-text-align-center\" data-align=\"center\">Analista do MP<\/td><td class=\"has-text-align-center\" data-align=\"center\">Letras <\/td><td class=\"has-text-align-center\" data-align=\"center\">06<\/td><\/tr><tr><td class=\"has-text-align-center\" data-align=\"center\">Analista do MP<\/td><td class=\"has-text-align-center\" data-align=\"center\">Pedagogia<\/td><td class=\"has-text-align-center\" data-align=\"center\">02<\/td><\/tr><tr><td class=\"has-text-align-center\" data-align=\"center\">Analista do MP<\/td><td class=\"has-text-align-center\" data-align=\"center\">Psicologia<\/td><td class=\"has-text-align-center\" data-align=\"center\">04<\/td><\/tr><tr><td class=\"has-text-align-center\" data-align=\"center\">Analista do MP<\/td><td class=\"has-text-align-center\" data-align=\"center\">Publicidade<\/td><td class=\"has-text-align-center\" data-align=\"center\">01<\/td><\/tr><tr><td class=\"has-text-align-center\" data-align=\"center\">Analista do MP<\/td><td class=\"has-text-align-center\" data-align=\"center\">Rela\u00e7\u00f5es P\u00fablicas<\/td><td class=\"has-text-align-center\" data-align=\"center\">01<\/td><\/tr><tr><td class=\"has-text-align-center\" data-align=\"center\">Analista do MP<\/td><td class=\"has-text-align-center\" data-align=\"center\">Sa\u00fade P\u00fablica<\/td><td class=\"has-text-align-center\" data-align=\"center\">06<\/td><\/tr><tr><td class=\"has-text-align-center\" data-align=\"center\">Analista do MP<\/td><td class=\"has-text-align-center\" data-align=\"center\">Servi\u00e7o Social <\/td><td class=\"has-text-align-center\" data-align=\"center\">05<\/td><\/tr><tr><td class=\"has-text-align-center\" data-align=\"center\">Analista do MP<\/td><td class=\"has-text-align-center\" data-align=\"center\">Sociologia<\/td><td class=\"has-text-align-center\" data-align=\"center\">02<\/td><\/tr><tr><td class=\"has-text-align-center\" data-align=\"center\">Analista do MP<\/td><td class=\"has-text-align-center\" data-align=\"center\">TI &#8211; Administra\u00e7\u00e3o de Redes <\/td><td class=\"has-text-align-center\" data-align=\"center\">01<\/td><\/tr><tr><td class=\"has-text-align-center\" data-align=\"center\">Analista do MP<\/td><td class=\"has-text-align-center\" data-align=\"center\">TI &#8211; An\u00e1lise de Suporte<\/td><td class=\"has-text-align-center\" data-align=\"center\">03<\/td><\/tr><tr><td class=\"has-text-align-center\" data-align=\"center\"><strong>TOTAL <\/strong><\/td><td class=\"has-text-align-center\" data-align=\"center\"><\/td><td class=\"has-text-align-center\" data-align=\"center\"><strong>824<\/strong><\/td><\/tr><\/tbody><\/table><\/figure>\n\n\n\n<p>A informa\u00e7\u00e3o foi obtida mediante pedido de informa\u00e7\u00f5es junto ao MPMG. O documento com os nomes dos candidatos nomeados e as respectivas regi\u00f5es voc\u00ea pode acessar ao clicar <a href=\"https:\/\/dhg1h5j42swfq.cloudfront.net\/2020\/10\/30174300\/Nomea__es-Concurso-2012-servidores_MPMG.pdf\" target=\"_blank\" rel=\"noreferrer noopener\">aqui<\/a>. <\/p>\n\n\n\n<p class=\"has-text-align-center has-pale-cyan-blue-background-color has-background has-medium-font-size\"><strong>Saiba mais: <a href=\"https:\/\/www.estrategiaconcursos.com.br\/blog\/concurso-mp-mg\/\" target=\"_blank\" rel=\"noreferrer noopener\">concurso MP MG<\/a><\/strong><\/p>\n\n\n\n<h2 class=\"has-text-align-center wp-block-heading\" id=\"h-quer-saber-tudo-sobre-concursos-previstos-confira-nossos-artigos\">Quer saber tudo sobre concursos previstos?<br \/>Confira nossos artigos!<\/h2>\n\n\n\n<ul class=\"wp-block-list\"><li><a href=\"https:\/\/www.estrategiaconcursos.com.br\/blog\/concursos-abertos\/\" target=\"_blank\" rel=\"noreferrer noopener\">Concursos abertos<\/a><\/li><li><a href=\"https:\/\/www.estrategiaconcursos.com.br\/blog\/concursos-2022\/\" target=\"_blank\" rel=\"noreferrer noopener\">Concursos 2022<\/a><\/li><li><a href=\"https:\/\/www.estrategiaconcursos.com.br\/blog\/concursos-2023\/\" target=\"_blank\" rel=\"noreferrer noopener\">Concursos 2023<\/a><\/li><\/ul>\n\n\n\n<h2 class=\"has-text-align-center wp-block-heading\" id=\"cursos-concurso-mpmg\">Agora que voc\u00ea conferiu as \u00faltimas nomea\u00e7\u00f5es do concurso MP MG, que tal iniciar os estudos?<\/h2>\n\n\n\n<div class=\"container\" id=\"boxes\">\n  <div class=\"row\">\n\n    <div class=\"col-sm\">\n      <div class=\"banner-tribunal\" id=\"box-assinatura\">\n        <h3 class=\"titulo-assinatura\">Curso MP MG<\/h3>\n        <p class=\"subtitulo-assinatura\">Conhe\u00e7a os cursos<\/p>\n        <div class=\"box-botao\">\n          <a class=\"btn-assinatura\" target=\"_blank\" href=\"https:\/\/www.estrategiaconcursos.com.br\/cursosPorConcurso\/ministerio-publico-de-minas-gerais-mp-mg-servidores\/\" role=\"button\" rel=\"noopener noreferrer\">Conhe\u00e7a mais<\/a>\n        <\/div>\n      <\/div>\n      <p class=\"texto-auxiliar\">Prepare-se com o melhor material e com quem mais aprova em Concursos P\u00fablicos em todo o pa\u00eds.<\/p>\n    <\/div>\n\n  <\/div>\n<\/div>\n\n\n\n<div class=\"container\" id=\"boxes\">\n  <div class=\"row\">\n\n    <div class=\"col-sm\">\n      <div class=\"estrategia\" id=\"box-assinatura\">\n        <h3 class=\"titulo-assinatura\">Assinatura Concursos<\/h3>\n        <p class=\"subtitulo-assinatura\">Assinatura de 1 ano ou 2 anos<\/p>\n        <div class=\"box-botao\">\n          <a class=\"btn-assinatura\" target=\"_blank\" href=\"https:\/\/www.estrategiaconcursos.com.br\/assinaturas\/\" role=\"button\" rel=\"noopener noreferrer\">ASSINE AGORA<\/a>\n        <\/div>\n      <\/div>\n     \n    <\/div><\/div><\/div>\n\n\n\n<p> <\/p>\n","protected":false},"excerpt":{"rendered":"<p>O novo concurso MP MG ofertar\u00e1 100 vagas para os cargos de Oficial do Minist\u00e9rio P\u00fablico de Minas Gerais, que exige n\u00edvel m\u00e9dio de forma\u00e7\u00e3o, e de Analista, de n\u00edvel superior. Mas, devido a quantidade de cargos vagos, mais aprovados podem ser chamados. A Consulplan foi definida como banca organizadora do novo edital MP MG. [&hellip;]<\/p>\n","protected":false},"author":2375,"featured_media":698756,"comment_status":"open","ping_status":"closed","sticky":false,"template":"","format":"standard","meta":{"post_tipo":"news","footnotes":""},"categories":[1984,220219],"tags":[],"tax_estado":[219974],"class_list":["post-1099558","post","type-post","status-publish","format-standard","has-post-thumbnail","hentry","category-tribunais","category-noticias","tax_estado-mg"],"acf":[],"yoast_head":"<!-- This site is optimized with the Yoast SEO Premium plugin v27.2 (Yoast SEO v27.2) - https:\/\/yoast.com\/product\/yoast-seo-premium-wordpress\/ -->\n<title>Concurso MP MG: veja as nomea\u00e7\u00f5es do \u00faltimo certame<\/title>\n<meta name=\"description\" content=\"A lista de convocados nos \u00faltimos dois concursos foi efetivamente maior. Confira como foram as nomea\u00e7\u00f5es no concurso MP MG!\" \/>\n<meta name=\"robots\" content=\"index, follow, max-snippet:-1, max-image-preview:large, max-video-preview:-1\" \/>\n<link rel=\"canonical\" href=\"https:\/\/www.estrategiaconcursos.com.br\/blog\/concurso-mp-mg-nomeacoes\/\" \/>\n<meta property=\"og:locale\" content=\"pt_BR\" \/>\n<meta property=\"og:type\" content=\"article\" \/>\n<meta property=\"og:title\" content=\"Concurso MP MG: veja as nomea\u00e7\u00f5es do \u00faltimo certame\" \/>\n<meta property=\"og:description\" content=\"A lista de convocados nos \u00faltimos dois concursos foi efetivamente maior. Confira como foram as nomea\u00e7\u00f5es no concurso MP MG!\" \/>\n<meta property=\"og:url\" content=\"https:\/\/www.estrategiaconcursos.com.br\/blog\/concurso-mp-mg-nomeacoes\/\" \/>\n<meta property=\"og:site_name\" content=\"Estrat\u00e9gia Concursos\" \/>\n<meta property=\"article:published_time\" content=\"2022-09-23T15:30:54+00:00\" \/>\n<meta property=\"article:modified_time\" content=\"2022-09-23T15:30:57+00:00\" \/>\n<meta property=\"og:image\" content=\"https:\/\/dhg1h5j42swfq.cloudfront.net\/2021\/03\/22174319\/mp-mg.jpg\" \/>\n\t<meta property=\"og:image:width\" content=\"1200\" \/>\n\t<meta property=\"og:image:height\" content=\"628\" \/>\n\t<meta property=\"og:image:type\" content=\"image\/jpeg\" \/>\n<meta name=\"author\" content=\"Priscila Almeida\" \/>\n<meta name=\"twitter:card\" content=\"summary_large_image\" \/>\n<meta name=\"twitter:creator\" content=\"@EstratConcursos\" \/>\n<meta name=\"twitter:site\" content=\"@EstratConcursos\" \/>\n<meta name=\"twitter:label1\" content=\"Escrito por\" \/>\n\t<meta name=\"twitter:data1\" content=\"Priscila Almeida\" \/>\n\t<meta name=\"twitter:label2\" content=\"Est. tempo de leitura\" \/>\n\t<meta name=\"twitter:data2\" content=\"2 minutos\" \/>\n<script type=\"application\/ld+json\" class=\"yoast-schema-graph\">{\"@context\":\"https:\/\/schema.org\",\"@graph\":[{\"@type\":\"NewsArticle\",\"@id\":\"https:\/\/www.estrategiaconcursos.com.br\/blog\/concurso-mp-mg-nomeacoes\/#article\",\"isPartOf\":{\"@id\":\"https:\/\/www.estrategiaconcursos.com.br\/blog\/concurso-mp-mg-nomeacoes\/\"},\"author\":{\"name\":\"Priscila Almeida\",\"@id\":\"https:\/\/www.estrategiaconcursos.com.br\/blog\/#\/schema\/person\/a06e841e501f2e1d8c49c4e8f066bfd1\"},\"headline\":\"Concurso MP MG: veja as nomea\u00e7\u00f5es do \u00faltimo certame\",\"datePublished\":\"2022-09-23T15:30:54+00:00\",\"dateModified\":\"2022-09-23T15:30:57+00:00\",\"mainEntityOfPage\":{\"@id\":\"https:\/\/www.estrategiaconcursos.com.br\/blog\/concurso-mp-mg-nomeacoes\/\"},\"wordCount\":452,\"commentCount\":0,\"publisher\":{\"@id\":\"https:\/\/www.estrategiaconcursos.com.br\/blog\/#organization\"},\"image\":{\"@id\":\"https:\/\/www.estrategiaconcursos.com.br\/blog\/concurso-mp-mg-nomeacoes\/#primaryimage\"},\"thumbnailUrl\":\"https:\/\/dhg1h5j42swfq.cloudfront.net\/2021\/03\/22174319\/mp-mg.jpg\",\"articleSection\":[\"Tribunais\",\"\u00daltimas not\u00edcias\"],\"inLanguage\":\"pt-BR\",\"potentialAction\":[{\"@type\":\"CommentAction\",\"name\":\"Comment\",\"target\":[\"https:\/\/www.estrategiaconcursos.com.br\/blog\/concurso-mp-mg-nomeacoes\/#respond\"]}],\"copyrightYear\":\"2022\",\"copyrightHolder\":{\"@id\":\"https:\/\/www.estrategiaconcursos.com.br\/blog\/#organization\"}},{\"@type\":\"WebPage\",\"@id\":\"https:\/\/www.estrategiaconcursos.com.br\/blog\/concurso-mp-mg-nomeacoes\/\",\"url\":\"https:\/\/www.estrategiaconcursos.com.br\/blog\/concurso-mp-mg-nomeacoes\/\",\"name\":\"Concurso MP MG: veja as nomea\u00e7\u00f5es do \u00faltimo certame\",\"isPartOf\":{\"@id\":\"https:\/\/www.estrategiaconcursos.com.br\/blog\/#website\"},\"primaryImageOfPage\":{\"@id\":\"https:\/\/www.estrategiaconcursos.com.br\/blog\/concurso-mp-mg-nomeacoes\/#primaryimage\"},\"image\":{\"@id\":\"https:\/\/www.estrategiaconcursos.com.br\/blog\/concurso-mp-mg-nomeacoes\/#primaryimage\"},\"thumbnailUrl\":\"https:\/\/dhg1h5j42swfq.cloudfront.net\/2021\/03\/22174319\/mp-mg.jpg\",\"datePublished\":\"2022-09-23T15:30:54+00:00\",\"dateModified\":\"2022-09-23T15:30:57+00:00\",\"description\":\"A lista de convocados nos \u00faltimos dois concursos foi efetivamente maior. Confira como foram as nomea\u00e7\u00f5es no concurso MP MG!\",\"breadcrumb\":{\"@id\":\"https:\/\/www.estrategiaconcursos.com.br\/blog\/concurso-mp-mg-nomeacoes\/#breadcrumb\"},\"inLanguage\":\"pt-BR\",\"potentialAction\":[{\"@type\":\"ReadAction\",\"target\":[\"https:\/\/www.estrategiaconcursos.com.br\/blog\/concurso-mp-mg-nomeacoes\/\"]}]},{\"@type\":\"ImageObject\",\"inLanguage\":\"pt-BR\",\"@id\":\"https:\/\/www.estrategiaconcursos.com.br\/blog\/concurso-mp-mg-nomeacoes\/#primaryimage\",\"url\":\"https:\/\/dhg1h5j42swfq.cloudfront.net\/2021\/03\/22174319\/mp-mg.jpg\",\"contentUrl\":\"https:\/\/dhg1h5j42swfq.cloudfront.net\/2021\/03\/22174319\/mp-mg.jpg\",\"width\":1200,\"height\":628,\"caption\":\"concurso mpmg\"},{\"@type\":\"BreadcrumbList\",\"@id\":\"https:\/\/www.estrategiaconcursos.com.br\/blog\/concurso-mp-mg-nomeacoes\/#breadcrumb\",\"itemListElement\":[{\"@type\":\"ListItem\",\"position\":1,\"name\":\"In\u00edcio\",\"item\":\"https:\/\/www.estrategiaconcursos.com.br\/blog\/\"},{\"@type\":\"ListItem\",\"position\":2,\"name\":\"Concurso MP MG: veja as nomea\u00e7\u00f5es do \u00faltimo certame\"}]},{\"@type\":\"WebSite\",\"@id\":\"https:\/\/www.estrategiaconcursos.com.br\/blog\/#website\",\"url\":\"https:\/\/www.estrategiaconcursos.com.br\/blog\/\",\"name\":\"Estrat\u00e9gia Concursos\",\"description\":\"O blog da Estrat\u00e9gia Concursos traz not\u00edcias sobre concursos e artigos de professores oferecendo cursos para concursos (pdf + videaulas) no site.\",\"publisher\":{\"@id\":\"https:\/\/www.estrategiaconcursos.com.br\/blog\/#organization\"},\"potentialAction\":[{\"@type\":\"SearchAction\",\"target\":{\"@type\":\"EntryPoint\",\"urlTemplate\":\"https:\/\/www.estrategiaconcursos.com.br\/blog\/?s={search_term_string}\"},\"query-input\":{\"@type\":\"PropertyValueSpecification\",\"valueRequired\":true,\"valueName\":\"search_term_string\"}}],\"inLanguage\":\"pt-BR\"},{\"@type\":\"Organization\",\"@id\":\"https:\/\/www.estrategiaconcursos.com.br\/blog\/#organization\",\"name\":\"Estrat\u00e9gia Concursos\",\"url\":\"https:\/\/www.estrategiaconcursos.com.br\/blog\/\",\"logo\":{\"@type\":\"ImageObject\",\"inLanguage\":\"pt-BR\",\"@id\":\"https:\/\/www.estrategiaconcursos.com.br\/blog\/#\/schema\/logo\/image\/\",\"url\":\"https:\/\/dhg1h5j42swfq.cloudfront.net\/2025\/06\/03203428\/logo_concursos-1.jpg\",\"contentUrl\":\"https:\/\/dhg1h5j42swfq.cloudfront.net\/2025\/06\/03203428\/logo_concursos-1.jpg\",\"width\":230,\"height\":60,\"caption\":\"Estrat\u00e9gia Concursos\"},\"image\":{\"@id\":\"https:\/\/www.estrategiaconcursos.com.br\/blog\/#\/schema\/logo\/image\/\"},\"sameAs\":[\"https:\/\/x.com\/EstratConcursos\"]},{\"@type\":\"Person\",\"@id\":\"https:\/\/www.estrategiaconcursos.com.br\/blog\/#\/schema\/person\/a06e841e501f2e1d8c49c4e8f066bfd1\",\"name\":\"Priscila Almeida\",\"image\":{\"@type\":\"ImageObject\",\"inLanguage\":\"pt-BR\",\"@id\":\"https:\/\/secure.gravatar.com\/avatar\/0a963c9e2a947fa675b669cea2b5d0ba6dd1cbf46b966190343b6c9973ad3337?s=96&d=mm&r=g\",\"url\":\"https:\/\/secure.gravatar.com\/avatar\/0a963c9e2a947fa675b669cea2b5d0ba6dd1cbf46b966190343b6c9973ad3337?s=96&d=mm&r=g\",\"contentUrl\":\"https:\/\/secure.gravatar.com\/avatar\/0a963c9e2a947fa675b669cea2b5d0ba6dd1cbf46b966190343b6c9973ad3337?s=96&d=mm&r=g\",\"caption\":\"Priscila Almeida\"},\"description\":\"Atua na \u00e1rea de concursos p\u00fablicos desde 2019. As editorias que mais t\u00eam familiaridade s\u00e3o: Tribunais (TJs; TRTs; TREs; TSTs; STJ, STF, STM e TSE); Defensorias; Minist\u00e9rios P\u00fablicos; Procuradorias; Educa\u00e7\u00e3o e Conselhos. Na \u00e1rea de comunica\u00e7\u00e3o, de maneira geral, a caminhada \u00e9 um pouco mais longa - desde 2007. Possui experi\u00eancia em reda\u00e7\u00f5es de r\u00e1dio, TV, Web e impresso, al\u00e9m de desenvolver trabalhos em assessorias de comunica\u00e7\u00e3o institucional, empresarial e p\u00fablicas. Entre outros trabalhos, se destacam a atua\u00e7\u00e3o nas \u00e1reas de Justi\u00e7a, Congresso, Esportes, Sa\u00fade, Agropecu\u00e1ria, Cidades e Avia\u00e7\u00e3o Civil.\",\"url\":\"https:\/\/www.estrategiaconcursos.com.br\/blog\/author\/priscila-almeidaestrategia-com\/\"}]}<\/script>\n<!-- \/ Yoast SEO Premium plugin. -->","yoast_head_json":{"title":"Concurso MP MG: veja as nomea\u00e7\u00f5es do \u00faltimo certame","description":"A lista de convocados nos \u00faltimos dois concursos foi efetivamente maior. Confira como foram as nomea\u00e7\u00f5es no concurso MP MG!","robots":{"index":"index","follow":"follow","max-snippet":"max-snippet:-1","max-image-preview":"max-image-preview:large","max-video-preview":"max-video-preview:-1"},"canonical":"https:\/\/www.estrategiaconcursos.com.br\/blog\/concurso-mp-mg-nomeacoes\/","og_locale":"pt_BR","og_type":"article","og_title":"Concurso MP MG: veja as nomea\u00e7\u00f5es do \u00faltimo certame","og_description":"A lista de convocados nos \u00faltimos dois concursos foi efetivamente maior. Confira como foram as nomea\u00e7\u00f5es no concurso MP MG!","og_url":"https:\/\/www.estrategiaconcursos.com.br\/blog\/concurso-mp-mg-nomeacoes\/","og_site_name":"Estrat\u00e9gia Concursos","article_published_time":"2022-09-23T15:30:54+00:00","article_modified_time":"2022-09-23T15:30:57+00:00","og_image":[{"width":1200,"height":628,"url":"https:\/\/dhg1h5j42swfq.cloudfront.net\/2021\/03\/22174319\/mp-mg.jpg","type":"image\/jpeg"}],"author":"Priscila Almeida","twitter_card":"summary_large_image","twitter_creator":"@EstratConcursos","twitter_site":"@EstratConcursos","twitter_misc":{"Escrito por":"Priscila Almeida","Est. tempo de leitura":"2 minutos"},"schema":{"@context":"https:\/\/schema.org","@graph":[{"@type":"NewsArticle","@id":"https:\/\/www.estrategiaconcursos.com.br\/blog\/concurso-mp-mg-nomeacoes\/#article","isPartOf":{"@id":"https:\/\/www.estrategiaconcursos.com.br\/blog\/concurso-mp-mg-nomeacoes\/"},"author":{"name":"Priscila Almeida","@id":"https:\/\/www.estrategiaconcursos.com.br\/blog\/#\/schema\/person\/a06e841e501f2e1d8c49c4e8f066bfd1"},"headline":"Concurso MP MG: veja as nomea\u00e7\u00f5es do \u00faltimo certame","datePublished":"2022-09-23T15:30:54+00:00","dateModified":"2022-09-23T15:30:57+00:00","mainEntityOfPage":{"@id":"https:\/\/www.estrategiaconcursos.com.br\/blog\/concurso-mp-mg-nomeacoes\/"},"wordCount":452,"commentCount":0,"publisher":{"@id":"https:\/\/www.estrategiaconcursos.com.br\/blog\/#organization"},"image":{"@id":"https:\/\/www.estrategiaconcursos.com.br\/blog\/concurso-mp-mg-nomeacoes\/#primaryimage"},"thumbnailUrl":"https:\/\/dhg1h5j42swfq.cloudfront.net\/2021\/03\/22174319\/mp-mg.jpg","articleSection":["Tribunais","\u00daltimas not\u00edcias"],"inLanguage":"pt-BR","potentialAction":[{"@type":"CommentAction","name":"Comment","target":["https:\/\/www.estrategiaconcursos.com.br\/blog\/concurso-mp-mg-nomeacoes\/#respond"]}],"copyrightYear":"2022","copyrightHolder":{"@id":"https:\/\/www.estrategiaconcursos.com.br\/blog\/#organization"}},{"@type":"WebPage","@id":"https:\/\/www.estrategiaconcursos.com.br\/blog\/concurso-mp-mg-nomeacoes\/","url":"https:\/\/www.estrategiaconcursos.com.br\/blog\/concurso-mp-mg-nomeacoes\/","name":"Concurso MP MG: veja as nomea\u00e7\u00f5es do \u00faltimo certame","isPartOf":{"@id":"https:\/\/www.estrategiaconcursos.com.br\/blog\/#website"},"primaryImageOfPage":{"@id":"https:\/\/www.estrategiaconcursos.com.br\/blog\/concurso-mp-mg-nomeacoes\/#primaryimage"},"image":{"@id":"https:\/\/www.estrategiaconcursos.com.br\/blog\/concurso-mp-mg-nomeacoes\/#primaryimage"},"thumbnailUrl":"https:\/\/dhg1h5j42swfq.cloudfront.net\/2021\/03\/22174319\/mp-mg.jpg","datePublished":"2022-09-23T15:30:54+00:00","dateModified":"2022-09-23T15:30:57+00:00","description":"A lista de convocados nos \u00faltimos dois concursos foi efetivamente maior. Confira como foram as nomea\u00e7\u00f5es no concurso MP MG!","breadcrumb":{"@id":"https:\/\/www.estrategiaconcursos.com.br\/blog\/concurso-mp-mg-nomeacoes\/#breadcrumb"},"inLanguage":"pt-BR","potentialAction":[{"@type":"ReadAction","target":["https:\/\/www.estrategiaconcursos.com.br\/blog\/concurso-mp-mg-nomeacoes\/"]}]},{"@type":"ImageObject","inLanguage":"pt-BR","@id":"https:\/\/www.estrategiaconcursos.com.br\/blog\/concurso-mp-mg-nomeacoes\/#primaryimage","url":"https:\/\/dhg1h5j42swfq.cloudfront.net\/2021\/03\/22174319\/mp-mg.jpg","contentUrl":"https:\/\/dhg1h5j42swfq.cloudfront.net\/2021\/03\/22174319\/mp-mg.jpg","width":1200,"height":628,"caption":"concurso mpmg"},{"@type":"BreadcrumbList","@id":"https:\/\/www.estrategiaconcursos.com.br\/blog\/concurso-mp-mg-nomeacoes\/#breadcrumb","itemListElement":[{"@type":"ListItem","position":1,"name":"In\u00edcio","item":"https:\/\/www.estrategiaconcursos.com.br\/blog\/"},{"@type":"ListItem","position":2,"name":"Concurso MP MG: veja as nomea\u00e7\u00f5es do \u00faltimo certame"}]},{"@type":"WebSite","@id":"https:\/\/www.estrategiaconcursos.com.br\/blog\/#website","url":"https:\/\/www.estrategiaconcursos.com.br\/blog\/","name":"Estrat\u00e9gia Concursos","description":"O blog da Estrat\u00e9gia Concursos traz not\u00edcias sobre concursos e artigos de professores oferecendo cursos para concursos (pdf + videaulas) no site.","publisher":{"@id":"https:\/\/www.estrategiaconcursos.com.br\/blog\/#organization"},"potentialAction":[{"@type":"SearchAction","target":{"@type":"EntryPoint","urlTemplate":"https:\/\/www.estrategiaconcursos.com.br\/blog\/?s={search_term_string}"},"query-input":{"@type":"PropertyValueSpecification","valueRequired":true,"valueName":"search_term_string"}}],"inLanguage":"pt-BR"},{"@type":"Organization","@id":"https:\/\/www.estrategiaconcursos.com.br\/blog\/#organization","name":"Estrat\u00e9gia Concursos","url":"https:\/\/www.estrategiaconcursos.com.br\/blog\/","logo":{"@type":"ImageObject","inLanguage":"pt-BR","@id":"https:\/\/www.estrategiaconcursos.com.br\/blog\/#\/schema\/logo\/image\/","url":"https:\/\/dhg1h5j42swfq.cloudfront.net\/2025\/06\/03203428\/logo_concursos-1.jpg","contentUrl":"https:\/\/dhg1h5j42swfq.cloudfront.net\/2025\/06\/03203428\/logo_concursos-1.jpg","width":230,"height":60,"caption":"Estrat\u00e9gia Concursos"},"image":{"@id":"https:\/\/www.estrategiaconcursos.com.br\/blog\/#\/schema\/logo\/image\/"},"sameAs":["https:\/\/x.com\/EstratConcursos"]},{"@type":"Person","@id":"https:\/\/www.estrategiaconcursos.com.br\/blog\/#\/schema\/person\/a06e841e501f2e1d8c49c4e8f066bfd1","name":"Priscila Almeida","image":{"@type":"ImageObject","inLanguage":"pt-BR","@id":"https:\/\/secure.gravatar.com\/avatar\/0a963c9e2a947fa675b669cea2b5d0ba6dd1cbf46b966190343b6c9973ad3337?s=96&d=mm&r=g","url":"https:\/\/secure.gravatar.com\/avatar\/0a963c9e2a947fa675b669cea2b5d0ba6dd1cbf46b966190343b6c9973ad3337?s=96&d=mm&r=g","contentUrl":"https:\/\/secure.gravatar.com\/avatar\/0a963c9e2a947fa675b669cea2b5d0ba6dd1cbf46b966190343b6c9973ad3337?s=96&d=mm&r=g","caption":"Priscila Almeida"},"description":"Atua na \u00e1rea de concursos p\u00fablicos desde 2019. As editorias que mais t\u00eam familiaridade s\u00e3o: Tribunais (TJs; TRTs; TREs; TSTs; STJ, STF, STM e TSE); Defensorias; Minist\u00e9rios P\u00fablicos; Procuradorias; Educa\u00e7\u00e3o e Conselhos. Na \u00e1rea de comunica\u00e7\u00e3o, de maneira geral, a caminhada \u00e9 um pouco mais longa - desde 2007. Possui experi\u00eancia em reda\u00e7\u00f5es de r\u00e1dio, TV, Web e impresso, al\u00e9m de desenvolver trabalhos em assessorias de comunica\u00e7\u00e3o institucional, empresarial e p\u00fablicas. Entre outros trabalhos, se destacam a atua\u00e7\u00e3o nas \u00e1reas de Justi\u00e7a, Congresso, Esportes, Sa\u00fade, Agropecu\u00e1ria, Cidades e Avia\u00e7\u00e3o Civil.","url":"https:\/\/www.estrategiaconcursos.com.br\/blog\/author\/priscila-almeidaestrategia-com\/"}]}},"_links":{"self":[{"href":"https:\/\/www.estrategiaconcursos.com.br\/blog\/wp-json\/wp\/v2\/posts\/1099558","targetHints":{"allow":["GET"]}}],"collection":[{"href":"https:\/\/www.estrategiaconcursos.com.br\/blog\/wp-json\/wp\/v2\/posts"}],"about":[{"href":"https:\/\/www.estrategiaconcursos.com.br\/blog\/wp-json\/wp\/v2\/types\/post"}],"author":[{"embeddable":true,"href":"https:\/\/www.estrategiaconcursos.com.br\/blog\/wp-json\/wp\/v2\/users\/2375"}],"replies":[{"embeddable":true,"href":"https:\/\/www.estrategiaconcursos.com.br\/blog\/wp-json\/wp\/v2\/comments?post=1099558"}],"version-history":[{"count":2,"href":"https:\/\/www.estrategiaconcursos.com.br\/blog\/wp-json\/wp\/v2\/posts\/1099558\/revisions"}],"predecessor-version":[{"id":1099563,"href":"https:\/\/www.estrategiaconcursos.com.br\/blog\/wp-json\/wp\/v2\/posts\/1099558\/revisions\/1099563"}],"wp:featuredmedia":[{"embeddable":true,"href":"https:\/\/www.estrategiaconcursos.com.br\/blog\/wp-json\/wp\/v2\/media\/698756"}],"wp:attachment":[{"href":"https:\/\/www.estrategiaconcursos.com.br\/blog\/wp-json\/wp\/v2\/media?parent=1099558"}],"wp:term":[{"taxonomy":"category","embeddable":true,"href":"https:\/\/www.estrategiaconcursos.com.br\/blog\/wp-json\/wp\/v2\/categories?post=1099558"},{"taxonomy":"post_tag","embeddable":true,"href":"https:\/\/www.estrategiaconcursos.com.br\/blog\/wp-json\/wp\/v2\/tags?post=1099558"},{"taxonomy":"tax_estado","embeddable":true,"href":"https:\/\/www.estrategiaconcursos.com.br\/blog\/wp-json\/wp\/v2\/tax_estado?post=1099558"}],"curies":[{"name":"wp","href":"https:\/\/api.w.org\/{rel}","templated":true}]}}