{"id":1098513,"date":"2022-10-05T10:43:00","date_gmt":"2022-10-05T13:43:00","guid":{"rendered":"https:\/\/www.estrategiaconcursos.com.br\/blog\/?p=1098513"},"modified":"2023-04-19T15:17:10","modified_gmt":"2023-04-19T18:17:10","slug":"principios-fundamentais-sefaz-mg","status":"publish","type":"post","link":"https:\/\/www.estrategiaconcursos.com.br\/blog\/principios-fundamentais-sefaz-mg\/","title":{"rendered":"Princ\u00edpios fundamentais para a SEFAZ MG"},"content":{"rendered":"\n<p>Saiba os principais pontos do assunto Princ\u00edpios Fundamentais para a SEFAZ-MG<\/p>\n\n\n\n<p>Fala, pessoal! Tudo certo?<\/p>\n\n\n\n<p>Neste artigo iremos abordar os principais t\u00f3picos concernentes ao tema Princ\u00edpios fundamentais, da disciplina Direito Constitucional para a <a href=\"http:\/\/www.fazenda.mg.gov.br\/\">SEFAZ MG<\/a>, de modo <strong>que voc\u00ea possa capturar os pontos mais relevantes do assunto e balizar seus estudos por aquilo que \u00e9 mais cobrado.<\/strong><\/p>\n\n\n\n<p>A aplica\u00e7\u00e3o das provas para a SEFAZ-MG acontece nos dias 08 de janeiro (Objetiva) e 19 de mar\u00e7o de 2023 (Discursiva). Sob organiza\u00e7\u00e3o da FGV, s\u00e3o ofertadas 431 vagas para o cargo de Auditor Fiscal, nas especialidades de Tecnologia da Informa\u00e7\u00e3o, Tributa\u00e7\u00e3o e Auditoria e Fiscaliza\u00e7\u00e3o.<\/p>\n\n\n\n<p>O cargo exige n\u00edvel superior em qualquer \u00e1rea de forma\u00e7\u00e3o e possui sal\u00e1rio base de R$ 5.711,35 mais gratifica\u00e7\u00e3o vari\u00e1vel de at\u00e9 R$ 19.580,00<\/p>\n\n\n\n<figure class=\"wp-block-image aligncenter size-full is-resized\"><img loading=\"lazy\" decoding=\"async\" src=\"https:\/\/dhg1h5j42swfq.cloudfront.net\/2022\/08\/23164552\/sefaz-mg-8.jpg\" alt=\"Princ\u00edpios fundamentais SEFAZ MG\" class=\"wp-image-1082762\" width=\"636\" height=\"358\" srcset=\"https:\/\/dhg1h5j42swfq.cloudfront.net\/2022\/08\/23164552\/sefaz-mg-8.jpg 768w, https:\/\/dhg1h5j42swfq.cloudfront.net\/2022\/08\/23164552\/sefaz-mg-8-300x169.jpg 300w, https:\/\/dhg1h5j42swfq.cloudfront.net\/2022\/08\/23164552\/sefaz-mg-8-610x343.jpg 610w, https:\/\/dhg1h5j42swfq.cloudfront.net\/2022\/08\/23164552\/sefaz-mg-8-150x84.jpg 150w\" sizes=\"auto, (max-width: 636px) 100vw, 636px\" \/><\/figure>\n\n\n\n<p>Lembrando que, em nossos cursos, <strong>todos esses temas s\u00e3o explicados com muito mais detalhes e em maior profundidade, al\u00e9m de serem acompanhados da resolu\u00e7\u00e3o de quest\u00f5es<\/strong>. Assim, acesse nossos cursos para o Concurso da SEFAZ MG, elaborados pelos melhores professores da \u00e1rea. <\/p>\n\n\n\n<p>Princ\u00edpios Fundamentais s\u00e3o os valores que orientaram o Poder Constituinte Origin\u00e1rio na elabora\u00e7\u00e3o da Constitui\u00e7\u00e3o, ou seja, s\u00e3o suas escolhas pol\u00edticas fundamentais. Na Constitui\u00e7\u00e3o Federal de 1988, est\u00e3o dispostos no T\u00edtulo I, composto por quatro artigos.<\/p>\n\n\n\n<h2 class=\"wp-block-heading\">Fundamentos da Rep\u00fablica Federativa do Brasil<\/h2>\n\n\n\n<p>Lembre-se, em sua prepara\u00e7\u00e3o dos princ\u00edpios fundamentais para a SEFAZ MG, de que os fundamentos da Rep\u00fablica Federativa do Brasil est\u00e3o previstos no art. 1\u00ba, da Constitui\u00e7\u00e3o Federal de 1988. Eles s\u00e3o os pilares do ordenamento jur\u00eddico brasileiro.<\/p>\n\n\n\n<p>Art. 1\u00ba A Rep\u00fablica Federativa do Brasil, formada pela uni\u00e3o indissol\u00favel dos Estados e<\/p>\n\n\n\n<p>Munic\u00edpios e do Distrito Federal, constitui-se em Estado Democr\u00e1tico de Direito e tem<\/p>\n\n\n\n<p>como fundamentos:<\/p>\n\n\n\n<p>I &#8211; a soberania;<\/p>\n\n\n\n<p>II &#8211; a cidadania;<\/p>\n\n\n\n<p>III &#8211; a dignidade da pessoa humana;<\/p>\n\n\n\n<p>IV &#8211; os valores sociais do trabalho e da livre iniciativa;<\/p>\n\n\n\n<p>V &#8211; o pluralismo pol\u00edtico.<\/p>\n\n\n\n<p>Par\u00e1grafo \u00fanico. Todo o poder emana do povo, que o exerce por meio de representantes<\/p>\n\n\n\n<p>eleitos ou diretamente, nos termos desta Constitui\u00e7\u00e3o.<\/p>\n\n\n\n<p><strong>A dignidade da pessoa humana \u00e9 outro fundamento da Rep\u00fablica Federativa do Brasil e consiste no valor-fonte do ordenamento jur\u00eddico, a base de todos os direitos fundamentais<\/strong>. Este princ\u00edpio coloca o ser humano como a preocupa\u00e7\u00e3o central para o Estado brasileiro.<\/p>\n\n\n\n<p>A soberania \u00e9 um atributo essencial ao Estado de modo a assegurar que sua vontade n\u00e3o se subordine a qualquer outro poder, seja internamente ou no plano internacional.<\/p>\n\n\n\n<p>A soberania \u00e9 considerada um poder supremo e independente.<\/p>\n\n\n\n<p><strong>Forma de Estado<\/strong><\/p>\n\n\n\n<p>Dentre as decis\u00f5es pol\u00edticas fundamentais, est\u00e3o a defini\u00e7\u00e3o da forma de Estado e a forma de governo.<\/p>\n\n\n\n<p><strong>A forma de estado corresponde \u00e0 maneira pela qual o poder est\u00e1 territorialmente repartido.<\/strong> Assim, um Estado poder\u00e1 ser unit\u00e1rio (poder territorialmente centralizado) ou federal (poder territorialmente descentralizado).<\/p>\n\n\n\n<p>O Brasil adota a federa\u00e7\u00e3o como forma de Estado. H\u00e1 diversos entes federativos quais sejam a Uni\u00e3o, Estados, Distrito Federal e Munic\u00edpios, todos eles aut\u00f4nomos, dotados de governo pr\u00f3prio e tamb\u00e9m de capacidade pol\u00edtica. S\u00e3o pessoas jur\u00eddicas de direito p\u00fablico que mant\u00eam entre si um v\u00ednculo indissol\u00favel.<\/p>\n\n\n\n<p><strong>Forma de Governo<\/strong><\/p>\n\n\n\n<p>Em seu estudo dos princ\u00edpios fundamentais para a SEFAZ MG, mantenha em mente que a forma de Governo \u00e9 o modo como se d\u00e1 a institui\u00e7\u00e3o do poder na sociedade e a rela\u00e7\u00e3o entre governantes e governados. No que tange \u00e0 forma de governo, um Estado poder\u00e1 ser uma monarquia ou uma rep\u00fablica.<\/p>\n\n\n\n<p>O car\u00e1ter eletivo, representativo e transit\u00f3rio dos detentores do poder pol\u00edtico e responsabilidade dos governantes s\u00e3o as caracter\u00edsticas da rep\u00fablica.<\/p>\n\n\n\n<p><strong>Regime Pol\u00edtico<\/strong><\/p>\n\n\n\n<p>O regime pol\u00edtico adotado pelo Brasil \u00e9 a democracia. O Estado de Direito \u00e9 aquele no qual existe uma limita\u00e7\u00e3o dos poderes estatais; ele representa uma supera\u00e7\u00e3o do antigo modelo absolutista, em que o n\u00e3o havia limites aos poderes do governante.<\/p>\n\n\n\n<p><strong>Harmonia e Independ\u00eancia entre os Poderes<\/strong><\/p>\n\n\n\n<p>A separa\u00e7\u00e3o de poderes \u00e9 um princ\u00edpio cujo objetivo \u00e9 evitar arbitrariedades e o desrespeito aos direitos fundamentais.<\/p>\n\n\n\n<p>Na vis\u00e3o moderna, a separa\u00e7\u00e3o de poderes n\u00e3o \u00e9 vista como algo r\u00edgido.<\/p>\n\n\n\n<p>O poder pol\u00edtico \u00e9 uno, indivis\u00edvel; assim, o que pode ser objeto de separa\u00e7\u00e3o s\u00e3o as fun\u00e7\u00f5es estatais (e n\u00e3o o poder pol\u00edtico). Portanto, apesar de a Constitui\u00e7\u00e3o falar em tr\u00eas Poderes, na verdade ela est\u00e1 se referindo a fun\u00e7\u00f5es distintas de um mesmo Poder: a legislativa, a executiva e a judici\u00e1ria.<\/p>\n\n\n\n<p>Logo, <strong>a Constitui\u00e7\u00e3o Federal de 1988 adotou uma separa\u00e7\u00e3o de Poderes flex\u00edvel.<\/strong> Isso significa que eles n\u00e3o exercem exclusivamente suas fun\u00e7\u00f5es t\u00edpicas, mas tamb\u00e9m outras, denominadas at\u00edpicas. Um exemplo disso \u00e9 quando o Poder Executivo exerce fun\u00e7\u00e3o legislativa ao editar medidas provis\u00f3rias ou leis delegadas.<\/p>\n\n\n\n<p>A Constitui\u00e7\u00e3o Federal de 1988, em seu art. 2\u00ba, trata da separa\u00e7\u00e3o de poderes, dispondo que \u201cs\u00e3o poderes da Uni\u00e3o, independentes e harm\u00f4nicos entre si, o Legislativo, o Executivo e o Judici\u00e1rio.\u201d<\/p>\n\n\n\n<p><strong>A independ\u00eancia entre os Poderes n\u00e3o \u00e9 absoluta. Ela \u00e9 limitada pelo sistema de freios e contrapesos. <\/strong>Esse sistema prev\u00ea a interfer\u00eancia leg\u00edtima de um Poder sobre o outro, nos limites estabelecidos constitucionalmente.<\/p>\n\n\n\n<h2 class=\"wp-block-heading\">Objetivos Fundamentais da Rep\u00fablica Federativa do Brasil<\/h2>\n\n\n\n<p>Os objetivos fundamentais s\u00e3o as finalidades que devem ser perseguidas pelo Estado brasileiro.<\/p>\n\n\n\n<p>Art. 3\u00ba Constituem objetivos fundamentais da Rep\u00fablica Federativa do Brasil:<\/p>\n\n\n\n<p>I &#8211; construir uma sociedade livre, justa e solid\u00e1ria;<\/p>\n\n\n\n<p>II &#8211; garantir o desenvolvimento nacional;<\/p>\n\n\n\n<p>III &#8211; erradicar a pobreza e a marginaliza\u00e7\u00e3o e reduzir as desigualdades sociais e regionais;<\/p>\n\n\n\n<p>IV &#8211; promover o bem de todos, sem preconceitos de origem, ra\u00e7a, sexo, cor, idade e<\/p>\n\n\n\n<p>quaisquer outras formas de discrimina\u00e7\u00e3o.<\/p>\n\n\n\n<p><strong>A promo\u00e7\u00e3o do bem de todos, sem preconceitos, al\u00e7ada pela Carta Magna \u00e0 condi\u00e7\u00e3o de objetivo fundamental da Rep\u00fablica Federativa do Brasil, consagra a igualdade material como um dos objetivos da Rep\u00fablica Federativa do Brasil.<\/strong> O Estado n\u00e3o pode se contentar com a atribui\u00e7\u00e3o de igualdade perante a lei aos indiv\u00edduos; ao inv\u00e9s disso, deve buscar reduzir as disparidades econ\u00f4micas e sociais.<\/p>\n\n\n\n<h2 class=\"wp-block-heading\"><strong>Princ\u00edpios das Rela\u00e7\u00f5es Internacionais<\/strong> &#8211; Princ\u00edpios fundamentais para a SEFAZ MG<\/h2>\n\n\n\n<p>Art. 4\u00ba A Rep\u00fablica Federativa do Brasil rege-se nas suas rela\u00e7\u00f5es internacionais pelos<\/p>\n\n\n\n<p>seguintes princ\u00edpios:<\/p>\n\n\n\n<p>I &#8211; independ\u00eancia nacional;<\/p>\n\n\n\n<p>II &#8211; preval\u00eancia dos direitos humanos;<\/p>\n\n\n\n<p>III &#8211; autodetermina\u00e7\u00e3o dos povos;<\/p>\n\n\n\n<p>IV &#8211; n\u00e3o-interven\u00e7\u00e3o;<\/p>\n\n\n\n<p>V &#8211; igualdade entre os Estados;<\/p>\n\n\n\n<p>VI &#8211; defesa da paz;<\/p>\n\n\n\n<p>VII &#8211; solu\u00e7\u00e3o pac\u00edfica dos conflitos;<\/p>\n\n\n\n<p>VIII &#8211; rep\u00fadio ao terrorismo e ao racismo;<\/p>\n\n\n\n<p>IX &#8211; coopera\u00e7\u00e3o entre os povos para o progresso da humanidade;<\/p>\n\n\n\n<p>X &#8211; concess\u00e3o de asilo pol\u00edtico.<\/p>\n\n\n\n<p>Par\u00e1grafo \u00fanico. A Rep\u00fablica Federativa do Brasil buscar\u00e1 a integra\u00e7\u00e3o econ\u00f4mica, pol\u00edtica,<\/p>\n\n\n\n<p>social e cultural dos povos da Am\u00e9rica Latina, visando \u00e0 forma\u00e7\u00e3o de uma comunidade<\/p>\n\n\n\n<p>latino-americana de na\u00e7\u00f5es.<\/p>\n\n\n\n<h2 class=\"wp-block-heading\">Finalizando &#8211; Princ\u00edpios fundamentais para a SEFAZ MG<\/h2>\n\n\n\n<p>N\u00e3o esque\u00e7am que o conte\u00fado completo, com todos os detalhes, exemplos, esquemas e exerc\u00edcios resolvidos voc\u00eas encontram em nossos cursos completos para a SEFAZ MG. Espero que voc\u00eas tenham aproveitado esses recortes de conhecimentos para manter os estudos de Direito Constitucional em dia, sempre aliando o estudo da teoria \u00e0 realiza\u00e7\u00e3o de baterias de quest\u00f5es. \u00c9 crucial ficar bem afiado nos detalhes do tema Princ\u00edpios fundamentais para n\u00e3o ser surpreendido no dia da prova.<\/p>\n\n\n\n<p>Ent\u00e3o \u00e9 isso, pessoal!<\/p>\n\n\n\n<p>Um grande abra\u00e7o e bons estudos.<\/p>\n\n\n\n<p>Professor: Diogo Matias<\/p>\n\n\n\n<p>Instagram: @oprimoconcursado<\/p>\n\n\n\n<p><\/p>\n\n\n\n<h2 class=\"wp-block-heading has-text-align-center\" id=\"cursos-e-assinaturas\">Cursos e Assinaturas<\/h2>\n\n\n\n<p>Prepare-se com o melhor material e com quem mais aprova em Concursos P\u00fablicos em todo o pa\u00eds!<\/p>\n\n\n\n<p class=\"has-text-align-center has-white-color has-vivid-purple-background-color has-text-color has-background\"><a href=\"https:\/\/www.estrategiaconcursos.com.br\/blog\/concursos-abertos\/\" target=\"_blank\" rel=\"noreferrer noopener\"><strong>Concursos abert<\/strong>os<\/a><\/p>\n\n\n\n<p class=\"has-text-align-center has-white-color has-vivid-purple-background-color has-text-color has-background\"><a href=\"https:\/\/www.estrategiaconcursos.com.br\/blog\/concursos-2023\/\" target=\"_blank\" rel=\"noreferrer noopener\">Concursos 2023<\/a><\/p>\n","protected":false},"excerpt":{"rendered":"<p>Saiba os principais pontos do assunto Princ\u00edpios Fundamentais para a SEFAZ-MG Fala, pessoal! Tudo certo? Neste artigo iremos abordar os principais t\u00f3picos concernentes ao tema Princ\u00edpios fundamentais, da disciplina Direito Constitucional para a SEFAZ MG, de modo que voc\u00ea possa capturar os pontos mais relevantes do assunto e balizar seus estudos por aquilo que \u00e9 [&hellip;]<\/p>\n","protected":false},"author":1883,"featured_media":1082762,"comment_status":"open","ping_status":"closed","sticky":false,"template":"","format":"standard","meta":{"post_tipo":"article","footnotes":""},"categories":[1,1983,220182,220183],"tags":[],"tax_estado":[219964,219965,219966,219967,219968,219969,219963,219970,219971,219972,219973,219974,219975,219976,219977,219978,219979,219980,219981,219982,219983,219984,219985,219986,219987,219988,219989,219990],"class_list":["post-1098513","post","type-post","status-publish","format-standard","has-post-thumbnail","hentry","category-cursos-e-concursos","category-fiscal-estadual","category-fiscal-federal","category-fiscal-municipal","tax_estado-ac","tax_estado-al","tax_estado-am","tax_estado-ap","tax_estado-ba","tax_estado-ce","tax_estado-concursos-federais","tax_estado-df","tax_estado-es","tax_estado-go","tax_estado-ma","tax_estado-mg","tax_estado-ms","tax_estado-mt","tax_estado-pa","tax_estado-pb","tax_estado-pe","tax_estado-pi","tax_estado-pr","tax_estado-rj","tax_estado-rn","tax_estado-ro","tax_estado-rr","tax_estado-rs","tax_estado-sc","tax_estado-se","tax_estado-sp","tax_estado-to"],"acf":[],"yoast_head":"<!-- This site is optimized with the Yoast SEO Premium plugin v27.2 (Yoast SEO v27.2) - https:\/\/yoast.com\/product\/yoast-seo-premium-wordpress\/ -->\n<title>Princ\u00edpios fundamentais para a SEFAZ MG<\/title>\n<meta name=\"description\" content=\"Descubra neste artigo os principais pontos concernentes ao assunto Princ\u00edpios Fundamentais para o concurso da SEFAZ MG.\" \/>\n<meta name=\"robots\" content=\"index, follow, max-snippet:-1, max-image-preview:large, max-video-preview:-1\" \/>\n<link rel=\"canonical\" href=\"https:\/\/www.estrategiaconcursos.com.br\/blog\/principios-fundamentais-sefaz-mg\/\" \/>\n<meta property=\"og:locale\" content=\"pt_BR\" \/>\n<meta property=\"og:type\" content=\"article\" \/>\n<meta property=\"og:title\" content=\"Princ\u00edpios fundamentais para a SEFAZ MG\" \/>\n<meta property=\"og:description\" content=\"Descubra neste artigo os principais pontos concernentes ao assunto Princ\u00edpios Fundamentais para o concurso da SEFAZ MG.\" \/>\n<meta property=\"og:url\" content=\"https:\/\/www.estrategiaconcursos.com.br\/blog\/principios-fundamentais-sefaz-mg\/\" \/>\n<meta property=\"og:site_name\" content=\"Estrat\u00e9gia Concursos\" \/>\n<meta property=\"article:published_time\" content=\"2022-10-05T13:43:00+00:00\" \/>\n<meta property=\"article:modified_time\" content=\"2023-04-19T18:17:10+00:00\" \/>\n<meta property=\"og:image\" content=\"https:\/\/dhg1h5j42swfq.cloudfront.net\/2022\/08\/23164552\/sefaz-mg-8.jpg\" \/>\n\t<meta property=\"og:image:width\" content=\"768\" \/>\n\t<meta property=\"og:image:height\" content=\"432\" \/>\n\t<meta property=\"og:image:type\" content=\"image\/jpeg\" \/>\n<meta name=\"author\" content=\"Diogo Matias das Neves\" \/>\n<meta name=\"twitter:card\" content=\"summary_large_image\" \/>\n<meta name=\"twitter:creator\" content=\"@EstratConcursos\" \/>\n<meta name=\"twitter:site\" content=\"@EstratConcursos\" \/>\n<meta name=\"twitter:label1\" content=\"Escrito por\" \/>\n\t<meta name=\"twitter:data1\" content=\"Diogo Matias das Neves\" \/>\n\t<meta name=\"twitter:label2\" content=\"Est. tempo de leitura\" \/>\n\t<meta name=\"twitter:data2\" content=\"7 minutos\" \/>\n<script type=\"application\/ld+json\" class=\"yoast-schema-graph\">{\"@context\":\"https:\/\/schema.org\",\"@graph\":[{\"@type\":\"NewsArticle\",\"@id\":\"https:\/\/www.estrategiaconcursos.com.br\/blog\/principios-fundamentais-sefaz-mg\/#article\",\"isPartOf\":{\"@id\":\"https:\/\/www.estrategiaconcursos.com.br\/blog\/principios-fundamentais-sefaz-mg\/\"},\"author\":{\"name\":\"Diogo Matias das Neves\",\"@id\":\"https:\/\/www.estrategiaconcursos.com.br\/blog\/#\/schema\/person\/a6b715b51aa89043d0971f12cb5e68ba\"},\"headline\":\"Princ\u00edpios fundamentais para a SEFAZ MG\",\"datePublished\":\"2022-10-05T13:43:00+00:00\",\"dateModified\":\"2023-04-19T18:17:10+00:00\",\"mainEntityOfPage\":{\"@id\":\"https:\/\/www.estrategiaconcursos.com.br\/blog\/principios-fundamentais-sefaz-mg\/\"},\"wordCount\":1349,\"commentCount\":0,\"publisher\":{\"@id\":\"https:\/\/www.estrategiaconcursos.com.br\/blog\/#organization\"},\"image\":{\"@id\":\"https:\/\/www.estrategiaconcursos.com.br\/blog\/principios-fundamentais-sefaz-mg\/#primaryimage\"},\"thumbnailUrl\":\"https:\/\/dhg1h5j42swfq.cloudfront.net\/2022\/08\/23164552\/sefaz-mg-8.jpg\",\"articleSection\":[\"Concursos P\u00fablicos\",\"Fiscal - Estadual (ICMS)\",\"Fiscal - Federal (RFB e AFT)\",\"Fiscal - Municipal (ISS)\"],\"inLanguage\":\"pt-BR\",\"potentialAction\":[{\"@type\":\"CommentAction\",\"name\":\"Comment\",\"target\":[\"https:\/\/www.estrategiaconcursos.com.br\/blog\/principios-fundamentais-sefaz-mg\/#respond\"]}],\"copyrightYear\":\"2022\",\"copyrightHolder\":{\"@id\":\"https:\/\/www.estrategiaconcursos.com.br\/blog\/#organization\"}},{\"@type\":\"WebPage\",\"@id\":\"https:\/\/www.estrategiaconcursos.com.br\/blog\/principios-fundamentais-sefaz-mg\/\",\"url\":\"https:\/\/www.estrategiaconcursos.com.br\/blog\/principios-fundamentais-sefaz-mg\/\",\"name\":\"Princ\u00edpios fundamentais para a SEFAZ MG\",\"isPartOf\":{\"@id\":\"https:\/\/www.estrategiaconcursos.com.br\/blog\/#website\"},\"primaryImageOfPage\":{\"@id\":\"https:\/\/www.estrategiaconcursos.com.br\/blog\/principios-fundamentais-sefaz-mg\/#primaryimage\"},\"image\":{\"@id\":\"https:\/\/www.estrategiaconcursos.com.br\/blog\/principios-fundamentais-sefaz-mg\/#primaryimage\"},\"thumbnailUrl\":\"https:\/\/dhg1h5j42swfq.cloudfront.net\/2022\/08\/23164552\/sefaz-mg-8.jpg\",\"datePublished\":\"2022-10-05T13:43:00+00:00\",\"dateModified\":\"2023-04-19T18:17:10+00:00\",\"description\":\"Descubra neste artigo os principais pontos concernentes ao assunto Princ\u00edpios Fundamentais para o concurso da SEFAZ MG.\",\"breadcrumb\":{\"@id\":\"https:\/\/www.estrategiaconcursos.com.br\/blog\/principios-fundamentais-sefaz-mg\/#breadcrumb\"},\"inLanguage\":\"pt-BR\",\"potentialAction\":[{\"@type\":\"ReadAction\",\"target\":[\"https:\/\/www.estrategiaconcursos.com.br\/blog\/principios-fundamentais-sefaz-mg\/\"]}]},{\"@type\":\"ImageObject\",\"inLanguage\":\"pt-BR\",\"@id\":\"https:\/\/www.estrategiaconcursos.com.br\/blog\/principios-fundamentais-sefaz-mg\/#primaryimage\",\"url\":\"https:\/\/dhg1h5j42swfq.cloudfront.net\/2022\/08\/23164552\/sefaz-mg-8.jpg\",\"contentUrl\":\"https:\/\/dhg1h5j42swfq.cloudfront.net\/2022\/08\/23164552\/sefaz-mg-8.jpg\",\"width\":768,\"height\":432,\"caption\":\"Inscri\u00e7\u00f5es do concurso Sefaz MG\"},{\"@type\":\"BreadcrumbList\",\"@id\":\"https:\/\/www.estrategiaconcursos.com.br\/blog\/principios-fundamentais-sefaz-mg\/#breadcrumb\",\"itemListElement\":[{\"@type\":\"ListItem\",\"position\":1,\"name\":\"In\u00edcio\",\"item\":\"https:\/\/www.estrategiaconcursos.com.br\/blog\/\"},{\"@type\":\"ListItem\",\"position\":2,\"name\":\"Princ\u00edpios fundamentais para a SEFAZ MG\"}]},{\"@type\":\"WebSite\",\"@id\":\"https:\/\/www.estrategiaconcursos.com.br\/blog\/#website\",\"url\":\"https:\/\/www.estrategiaconcursos.com.br\/blog\/\",\"name\":\"Estrat\u00e9gia Concursos\",\"description\":\"O blog da Estrat\u00e9gia Concursos traz not\u00edcias sobre concursos e artigos de professores oferecendo cursos para concursos (pdf + videaulas) no site.\",\"publisher\":{\"@id\":\"https:\/\/www.estrategiaconcursos.com.br\/blog\/#organization\"},\"potentialAction\":[{\"@type\":\"SearchAction\",\"target\":{\"@type\":\"EntryPoint\",\"urlTemplate\":\"https:\/\/www.estrategiaconcursos.com.br\/blog\/?s={search_term_string}\"},\"query-input\":{\"@type\":\"PropertyValueSpecification\",\"valueRequired\":true,\"valueName\":\"search_term_string\"}}],\"inLanguage\":\"pt-BR\"},{\"@type\":\"Organization\",\"@id\":\"https:\/\/www.estrategiaconcursos.com.br\/blog\/#organization\",\"name\":\"Estrat\u00e9gia Concursos\",\"url\":\"https:\/\/www.estrategiaconcursos.com.br\/blog\/\",\"logo\":{\"@type\":\"ImageObject\",\"inLanguage\":\"pt-BR\",\"@id\":\"https:\/\/www.estrategiaconcursos.com.br\/blog\/#\/schema\/logo\/image\/\",\"url\":\"https:\/\/dhg1h5j42swfq.cloudfront.net\/2025\/06\/03203428\/logo_concursos-1.jpg\",\"contentUrl\":\"https:\/\/dhg1h5j42swfq.cloudfront.net\/2025\/06\/03203428\/logo_concursos-1.jpg\",\"width\":230,\"height\":60,\"caption\":\"Estrat\u00e9gia Concursos\"},\"image\":{\"@id\":\"https:\/\/www.estrategiaconcursos.com.br\/blog\/#\/schema\/logo\/image\/\"},\"sameAs\":[\"https:\/\/x.com\/EstratConcursos\"]},{\"@type\":\"Person\",\"@id\":\"https:\/\/www.estrategiaconcursos.com.br\/blog\/#\/schema\/person\/a6b715b51aa89043d0971f12cb5e68ba\",\"name\":\"Diogo Matias das Neves\",\"image\":{\"@type\":\"ImageObject\",\"inLanguage\":\"pt-BR\",\"@id\":\"https:\/\/secure.gravatar.com\/avatar\/2873f549f0e5a79b8550a4ae26410232758ed10e5996ce0d191ba13dc4029866?s=96&d=mm&r=g\",\"url\":\"https:\/\/secure.gravatar.com\/avatar\/2873f549f0e5a79b8550a4ae26410232758ed10e5996ce0d191ba13dc4029866?s=96&d=mm&r=g\",\"contentUrl\":\"https:\/\/secure.gravatar.com\/avatar\/2873f549f0e5a79b8550a4ae26410232758ed10e5996ce0d191ba13dc4029866?s=96&d=mm&r=g\",\"caption\":\"Diogo Matias das Neves\"},\"url\":\"https:\/\/www.estrategiaconcursos.com.br\/blog\/author\/diogomnoutlook-com\/\"}]}<\/script>\n<!-- \/ Yoast SEO Premium plugin. -->","yoast_head_json":{"title":"Princ\u00edpios fundamentais para a SEFAZ MG","description":"Descubra neste artigo os principais pontos concernentes ao assunto Princ\u00edpios Fundamentais para o concurso da SEFAZ MG.","robots":{"index":"index","follow":"follow","max-snippet":"max-snippet:-1","max-image-preview":"max-image-preview:large","max-video-preview":"max-video-preview:-1"},"canonical":"https:\/\/www.estrategiaconcursos.com.br\/blog\/principios-fundamentais-sefaz-mg\/","og_locale":"pt_BR","og_type":"article","og_title":"Princ\u00edpios fundamentais para a SEFAZ MG","og_description":"Descubra neste artigo os principais pontos concernentes ao assunto Princ\u00edpios Fundamentais para o concurso da SEFAZ MG.","og_url":"https:\/\/www.estrategiaconcursos.com.br\/blog\/principios-fundamentais-sefaz-mg\/","og_site_name":"Estrat\u00e9gia Concursos","article_published_time":"2022-10-05T13:43:00+00:00","article_modified_time":"2023-04-19T18:17:10+00:00","og_image":[{"width":768,"height":432,"url":"https:\/\/dhg1h5j42swfq.cloudfront.net\/2022\/08\/23164552\/sefaz-mg-8.jpg","type":"image\/jpeg"}],"author":"Diogo Matias das Neves","twitter_card":"summary_large_image","twitter_creator":"@EstratConcursos","twitter_site":"@EstratConcursos","twitter_misc":{"Escrito por":"Diogo Matias das Neves","Est. tempo de leitura":"7 minutos"},"schema":{"@context":"https:\/\/schema.org","@graph":[{"@type":"NewsArticle","@id":"https:\/\/www.estrategiaconcursos.com.br\/blog\/principios-fundamentais-sefaz-mg\/#article","isPartOf":{"@id":"https:\/\/www.estrategiaconcursos.com.br\/blog\/principios-fundamentais-sefaz-mg\/"},"author":{"name":"Diogo Matias das Neves","@id":"https:\/\/www.estrategiaconcursos.com.br\/blog\/#\/schema\/person\/a6b715b51aa89043d0971f12cb5e68ba"},"headline":"Princ\u00edpios fundamentais para a SEFAZ MG","datePublished":"2022-10-05T13:43:00+00:00","dateModified":"2023-04-19T18:17:10+00:00","mainEntityOfPage":{"@id":"https:\/\/www.estrategiaconcursos.com.br\/blog\/principios-fundamentais-sefaz-mg\/"},"wordCount":1349,"commentCount":0,"publisher":{"@id":"https:\/\/www.estrategiaconcursos.com.br\/blog\/#organization"},"image":{"@id":"https:\/\/www.estrategiaconcursos.com.br\/blog\/principios-fundamentais-sefaz-mg\/#primaryimage"},"thumbnailUrl":"https:\/\/dhg1h5j42swfq.cloudfront.net\/2022\/08\/23164552\/sefaz-mg-8.jpg","articleSection":["Concursos P\u00fablicos","Fiscal - Estadual (ICMS)","Fiscal - Federal (RFB e AFT)","Fiscal - Municipal (ISS)"],"inLanguage":"pt-BR","potentialAction":[{"@type":"CommentAction","name":"Comment","target":["https:\/\/www.estrategiaconcursos.com.br\/blog\/principios-fundamentais-sefaz-mg\/#respond"]}],"copyrightYear":"2022","copyrightHolder":{"@id":"https:\/\/www.estrategiaconcursos.com.br\/blog\/#organization"}},{"@type":"WebPage","@id":"https:\/\/www.estrategiaconcursos.com.br\/blog\/principios-fundamentais-sefaz-mg\/","url":"https:\/\/www.estrategiaconcursos.com.br\/blog\/principios-fundamentais-sefaz-mg\/","name":"Princ\u00edpios fundamentais para a SEFAZ MG","isPartOf":{"@id":"https:\/\/www.estrategiaconcursos.com.br\/blog\/#website"},"primaryImageOfPage":{"@id":"https:\/\/www.estrategiaconcursos.com.br\/blog\/principios-fundamentais-sefaz-mg\/#primaryimage"},"image":{"@id":"https:\/\/www.estrategiaconcursos.com.br\/blog\/principios-fundamentais-sefaz-mg\/#primaryimage"},"thumbnailUrl":"https:\/\/dhg1h5j42swfq.cloudfront.net\/2022\/08\/23164552\/sefaz-mg-8.jpg","datePublished":"2022-10-05T13:43:00+00:00","dateModified":"2023-04-19T18:17:10+00:00","description":"Descubra neste artigo os principais pontos concernentes ao assunto Princ\u00edpios Fundamentais para o concurso da SEFAZ MG.","breadcrumb":{"@id":"https:\/\/www.estrategiaconcursos.com.br\/blog\/principios-fundamentais-sefaz-mg\/#breadcrumb"},"inLanguage":"pt-BR","potentialAction":[{"@type":"ReadAction","target":["https:\/\/www.estrategiaconcursos.com.br\/blog\/principios-fundamentais-sefaz-mg\/"]}]},{"@type":"ImageObject","inLanguage":"pt-BR","@id":"https:\/\/www.estrategiaconcursos.com.br\/blog\/principios-fundamentais-sefaz-mg\/#primaryimage","url":"https:\/\/dhg1h5j42swfq.cloudfront.net\/2022\/08\/23164552\/sefaz-mg-8.jpg","contentUrl":"https:\/\/dhg1h5j42swfq.cloudfront.net\/2022\/08\/23164552\/sefaz-mg-8.jpg","width":768,"height":432,"caption":"Inscri\u00e7\u00f5es do concurso Sefaz MG"},{"@type":"BreadcrumbList","@id":"https:\/\/www.estrategiaconcursos.com.br\/blog\/principios-fundamentais-sefaz-mg\/#breadcrumb","itemListElement":[{"@type":"ListItem","position":1,"name":"In\u00edcio","item":"https:\/\/www.estrategiaconcursos.com.br\/blog\/"},{"@type":"ListItem","position":2,"name":"Princ\u00edpios fundamentais para a SEFAZ MG"}]},{"@type":"WebSite","@id":"https:\/\/www.estrategiaconcursos.com.br\/blog\/#website","url":"https:\/\/www.estrategiaconcursos.com.br\/blog\/","name":"Estrat\u00e9gia Concursos","description":"O blog da Estrat\u00e9gia Concursos traz not\u00edcias sobre concursos e artigos de professores oferecendo cursos para concursos (pdf + videaulas) no site.","publisher":{"@id":"https:\/\/www.estrategiaconcursos.com.br\/blog\/#organization"},"potentialAction":[{"@type":"SearchAction","target":{"@type":"EntryPoint","urlTemplate":"https:\/\/www.estrategiaconcursos.com.br\/blog\/?s={search_term_string}"},"query-input":{"@type":"PropertyValueSpecification","valueRequired":true,"valueName":"search_term_string"}}],"inLanguage":"pt-BR"},{"@type":"Organization","@id":"https:\/\/www.estrategiaconcursos.com.br\/blog\/#organization","name":"Estrat\u00e9gia Concursos","url":"https:\/\/www.estrategiaconcursos.com.br\/blog\/","logo":{"@type":"ImageObject","inLanguage":"pt-BR","@id":"https:\/\/www.estrategiaconcursos.com.br\/blog\/#\/schema\/logo\/image\/","url":"https:\/\/dhg1h5j42swfq.cloudfront.net\/2025\/06\/03203428\/logo_concursos-1.jpg","contentUrl":"https:\/\/dhg1h5j42swfq.cloudfront.net\/2025\/06\/03203428\/logo_concursos-1.jpg","width":230,"height":60,"caption":"Estrat\u00e9gia Concursos"},"image":{"@id":"https:\/\/www.estrategiaconcursos.com.br\/blog\/#\/schema\/logo\/image\/"},"sameAs":["https:\/\/x.com\/EstratConcursos"]},{"@type":"Person","@id":"https:\/\/www.estrategiaconcursos.com.br\/blog\/#\/schema\/person\/a6b715b51aa89043d0971f12cb5e68ba","name":"Diogo Matias das Neves","image":{"@type":"ImageObject","inLanguage":"pt-BR","@id":"https:\/\/secure.gravatar.com\/avatar\/2873f549f0e5a79b8550a4ae26410232758ed10e5996ce0d191ba13dc4029866?s=96&d=mm&r=g","url":"https:\/\/secure.gravatar.com\/avatar\/2873f549f0e5a79b8550a4ae26410232758ed10e5996ce0d191ba13dc4029866?s=96&d=mm&r=g","contentUrl":"https:\/\/secure.gravatar.com\/avatar\/2873f549f0e5a79b8550a4ae26410232758ed10e5996ce0d191ba13dc4029866?s=96&d=mm&r=g","caption":"Diogo Matias das Neves"},"url":"https:\/\/www.estrategiaconcursos.com.br\/blog\/author\/diogomnoutlook-com\/"}]}},"_links":{"self":[{"href":"https:\/\/www.estrategiaconcursos.com.br\/blog\/wp-json\/wp\/v2\/posts\/1098513","targetHints":{"allow":["GET"]}}],"collection":[{"href":"https:\/\/www.estrategiaconcursos.com.br\/blog\/wp-json\/wp\/v2\/posts"}],"about":[{"href":"https:\/\/www.estrategiaconcursos.com.br\/blog\/wp-json\/wp\/v2\/types\/post"}],"author":[{"embeddable":true,"href":"https:\/\/www.estrategiaconcursos.com.br\/blog\/wp-json\/wp\/v2\/users\/1883"}],"replies":[{"embeddable":true,"href":"https:\/\/www.estrategiaconcursos.com.br\/blog\/wp-json\/wp\/v2\/comments?post=1098513"}],"version-history":[{"count":3,"href":"https:\/\/www.estrategiaconcursos.com.br\/blog\/wp-json\/wp\/v2\/posts\/1098513\/revisions"}],"predecessor-version":[{"id":1204269,"href":"https:\/\/www.estrategiaconcursos.com.br\/blog\/wp-json\/wp\/v2\/posts\/1098513\/revisions\/1204269"}],"wp:featuredmedia":[{"embeddable":true,"href":"https:\/\/www.estrategiaconcursos.com.br\/blog\/wp-json\/wp\/v2\/media\/1082762"}],"wp:attachment":[{"href":"https:\/\/www.estrategiaconcursos.com.br\/blog\/wp-json\/wp\/v2\/media?parent=1098513"}],"wp:term":[{"taxonomy":"category","embeddable":true,"href":"https:\/\/www.estrategiaconcursos.com.br\/blog\/wp-json\/wp\/v2\/categories?post=1098513"},{"taxonomy":"post_tag","embeddable":true,"href":"https:\/\/www.estrategiaconcursos.com.br\/blog\/wp-json\/wp\/v2\/tags?post=1098513"},{"taxonomy":"tax_estado","embeddable":true,"href":"https:\/\/www.estrategiaconcursos.com.br\/blog\/wp-json\/wp\/v2\/tax_estado?post=1098513"}],"curies":[{"name":"wp","href":"https:\/\/api.w.org\/{rel}","templated":true}]}}