{"id":10979,"date":"2013-09-30T20:46:27","date_gmt":"2013-09-30T23:46:27","guid":{"rendered":"https:\/\/www.estrategiaconcursos.com.br\/blog\/?p=10979"},"modified":"2016-06-08T11:35:23","modified_gmt":"2016-06-08T14:35:23","slug":"aft-alunos-classificados-para-2-a-fase","status":"publish","type":"post","link":"https:\/\/www.estrategiaconcursos.com.br\/blog\/aft-alunos-classificados-para-2-a-fase\/","title":{"rendered":"AFT \u2013 Alunos Classificados para 2.\u00aa Fase. =)"},"content":{"rendered":"<p>Boa noite Concurseiros! =)<\/p>\n<p>\u00c9 com muito orgulho que parabenizo os seguintes alunos classificados para a pr\u00f3xima fase, com destaque especial para o Adalto (1.\u00ba Lugar) e para o Aldair (5.\u00ba Lugar), que realizaram um trabalho excepcional!<\/p>\n<p>Aproveito para informar que as notas foram pr\u00f3ximas, ou seja, a 2.\u00aa Fase \u00e9 um novo concurso, onde at\u00e9 o \u00faltimo dos \u00faltimos pode subir para uma posi\u00e7\u00e3o dentro das 100 vagas previstas. Em suma, o jogo n\u00e3o acabou para ningu\u00e9m! =)<\/p>\n<p>Boa semana de Estudos! Boa prova no FDS! Fiquem com Deus!<\/p>\n<p>Grande Abra\u00e7o!<\/p>\n<p>Ali Mohamad Jaha<\/p>\n<p>Adalto Ara\u00fajo de Oliveira Junior (1.\u00ba Lugar)<\/p>\n<p>Adinoel Sebastiao<\/p>\n<p>Aldair Lazzarotto (5.\u00ba Lugar)<\/p>\n<p>Angie Neves Franca<\/p>\n<p>Caroline Saraiva Almeida Corassini<\/p>\n<p>Danilo Linhares Rodrigues<\/p>\n<p>Danilo Lucas de Oliveira Santos<\/p>\n<p>Dorval Albert Silva<\/p>\n<p>Fabio Garcia de Paula<\/p>\n<p>Fabio Reis Guzen<\/p>\n<p>Felipe Vitti Marcondes<\/p>\n<p>Gessival Alves do Nascimento Carvalho<\/p>\n<p>Joel Cardoso Junior<\/p>\n<p>Joel de Oliveira Melo<\/p>\n<p>Lorena da Silva<\/p>\n<p>Luciana Estevam de Almeida Maia<\/p>\n<p>Michael de Lira Mansur Coury<\/p>\n<p>Michele do Amaral Duarte<\/p>\n<p>Michelle Cristina Virginio Cavalcante<\/p>\n<p>Noemi Marie Teruya Yordi<\/p>\n<p>Renan Guimaraes Landi<\/p>\n<p>Rudinei Previatti da Silva<\/p>\n<p>Sidarta Manoel Fernandes Ferreira<\/p>\n<p>Vitor Sabbion Mielle<\/p>\n<p>Wagner Tadeu da Silveira (5.\u00ba Lugar PNE)<\/p>\n","protected":false},"excerpt":{"rendered":"<p>Boa noite Concurseiros! =) \u00c9 com muito orgulho que parabenizo os seguintes alunos classificados para a pr\u00f3xima fase, com destaque especial para o Adalto (1.\u00ba Lugar) e para o Aldair (5.\u00ba Lugar), que realizaram um trabalho excepcional! Aproveito para informar que as notas foram pr\u00f3ximas, ou seja, a 2.\u00aa Fase \u00e9 um novo concurso, onde [&hellip;]<\/p>\n","protected":false},"author":45,"featured_media":0,"comment_status":"open","ping_status":"open","sticky":false,"template":"","format":"standard","meta":{"post_tipo":"article","footnotes":""},"categories":[1],"tags":[542],"tax_estado":[],"class_list":["post-10979","post","type-post","status-publish","format-standard","hentry","category-cursos-e-concursos","tag-aft"],"acf":[],"yoast_head":"<!-- This site is optimized with the Yoast SEO Premium plugin v27.2 (Yoast SEO v27.2) - https:\/\/yoast.com\/product\/yoast-seo-premium-wordpress\/ -->\n<title>AFT \u2013 Alunos Classificados para 2.\u00aa Fase. =)<\/title>\n<meta name=\"robots\" content=\"index, follow, max-snippet:-1, max-image-preview:large, max-video-preview:-1\" \/>\n<link rel=\"canonical\" href=\"https:\/\/www.estrategiaconcursos.com.br\/blog\/aft-alunos-classificados-para-2-a-fase\/\" \/>\n<meta property=\"og:locale\" content=\"pt_BR\" \/>\n<meta property=\"og:type\" content=\"article\" \/>\n<meta property=\"og:title\" content=\"AFT \u2013 Alunos Classificados para 2.\u00aa Fase. =)\" \/>\n<meta property=\"og:description\" content=\"Boa noite Concurseiros! =) \u00c9 com muito orgulho que parabenizo os seguintes alunos classificados para a pr\u00f3xima fase, com destaque especial para o Adalto (1.\u00ba Lugar) e para o Aldair (5.\u00ba Lugar), que realizaram um trabalho excepcional! Aproveito para informar que as notas foram pr\u00f3ximas, ou seja, a 2.\u00aa Fase \u00e9 um novo concurso, onde [&hellip;]\" \/>\n<meta property=\"og:url\" content=\"https:\/\/www.estrategiaconcursos.com.br\/blog\/aft-alunos-classificados-para-2-a-fase\/\" \/>\n<meta property=\"og:site_name\" content=\"Estrat\u00e9gia Concursos\" \/>\n<meta property=\"article:author\" content=\"http:\/\/www.facebook.com\/amjaha\" \/>\n<meta property=\"article:published_time\" content=\"2013-09-30T23:46:27+00:00\" \/>\n<meta property=\"article:modified_time\" content=\"2016-06-08T14:35:23+00:00\" \/>\n<meta name=\"author\" content=\"Ali Mohamad Jaha\" \/>\n<meta name=\"twitter:card\" content=\"summary_large_image\" \/>\n<meta name=\"twitter:creator\" content=\"@EstratConcursos\" \/>\n<meta name=\"twitter:site\" content=\"@EstratConcursos\" \/>\n<meta name=\"twitter:label1\" content=\"Escrito por\" \/>\n\t<meta name=\"twitter:data1\" content=\"Ali Mohamad Jaha\" \/>\n\t<meta name=\"twitter:label2\" content=\"Est. tempo de leitura\" \/>\n\t<meta name=\"twitter:data2\" content=\"1 minuto\" \/>\n<script type=\"application\/ld+json\" class=\"yoast-schema-graph\">{\"@context\":\"https:\/\/schema.org\",\"@graph\":[{\"@type\":\"NewsArticle\",\"@id\":\"https:\/\/www.estrategiaconcursos.com.br\/blog\/aft-alunos-classificados-para-2-a-fase\/#article\",\"isPartOf\":{\"@id\":\"https:\/\/www.estrategiaconcursos.com.br\/blog\/aft-alunos-classificados-para-2-a-fase\/\"},\"author\":{\"name\":\"Ali Mohamad Jaha\",\"@id\":\"https:\/\/www.estrategiaconcursos.com.br\/blog\/#\/schema\/person\/5caef5684d9fe56108eff29afc128dca\"},\"headline\":\"AFT \u2013 Alunos Classificados para 2.\u00aa Fase. =)\",\"datePublished\":\"2013-09-30T23:46:27+00:00\",\"dateModified\":\"2016-06-08T14:35:23+00:00\",\"mainEntityOfPage\":{\"@id\":\"https:\/\/www.estrategiaconcursos.com.br\/blog\/aft-alunos-classificados-para-2-a-fase\/\"},\"wordCount\":195,\"commentCount\":0,\"publisher\":{\"@id\":\"https:\/\/www.estrategiaconcursos.com.br\/blog\/#organization\"},\"keywords\":[\"AFT\"],\"articleSection\":[\"Concursos P\u00fablicos\"],\"inLanguage\":\"pt-BR\",\"potentialAction\":[{\"@type\":\"CommentAction\",\"name\":\"Comment\",\"target\":[\"https:\/\/www.estrategiaconcursos.com.br\/blog\/aft-alunos-classificados-para-2-a-fase\/#respond\"]}],\"copyrightYear\":\"2013\",\"copyrightHolder\":{\"@id\":\"https:\/\/www.estrategiaconcursos.com.br\/blog\/#organization\"}},{\"@type\":\"WebPage\",\"@id\":\"https:\/\/www.estrategiaconcursos.com.br\/blog\/aft-alunos-classificados-para-2-a-fase\/\",\"url\":\"https:\/\/www.estrategiaconcursos.com.br\/blog\/aft-alunos-classificados-para-2-a-fase\/\",\"name\":\"AFT \u2013 Alunos Classificados para 2.\u00aa Fase. =)\",\"isPartOf\":{\"@id\":\"https:\/\/www.estrategiaconcursos.com.br\/blog\/#website\"},\"datePublished\":\"2013-09-30T23:46:27+00:00\",\"dateModified\":\"2016-06-08T14:35:23+00:00\",\"breadcrumb\":{\"@id\":\"https:\/\/www.estrategiaconcursos.com.br\/blog\/aft-alunos-classificados-para-2-a-fase\/#breadcrumb\"},\"inLanguage\":\"pt-BR\",\"potentialAction\":[{\"@type\":\"ReadAction\",\"target\":[\"https:\/\/www.estrategiaconcursos.com.br\/blog\/aft-alunos-classificados-para-2-a-fase\/\"]}]},{\"@type\":\"BreadcrumbList\",\"@id\":\"https:\/\/www.estrategiaconcursos.com.br\/blog\/aft-alunos-classificados-para-2-a-fase\/#breadcrumb\",\"itemListElement\":[{\"@type\":\"ListItem\",\"position\":1,\"name\":\"In\u00edcio\",\"item\":\"https:\/\/www.estrategiaconcursos.com.br\/blog\/\"},{\"@type\":\"ListItem\",\"position\":2,\"name\":\"AFT \u2013 Alunos Classificados para 2.\u00aa Fase. =)\"}]},{\"@type\":\"WebSite\",\"@id\":\"https:\/\/www.estrategiaconcursos.com.br\/blog\/#website\",\"url\":\"https:\/\/www.estrategiaconcursos.com.br\/blog\/\",\"name\":\"Estrat\u00e9gia Concursos\",\"description\":\"O blog da Estrat\u00e9gia Concursos traz not\u00edcias sobre concursos e artigos de professores oferecendo cursos para concursos (pdf + videaulas) no site.\",\"publisher\":{\"@id\":\"https:\/\/www.estrategiaconcursos.com.br\/blog\/#organization\"},\"potentialAction\":[{\"@type\":\"SearchAction\",\"target\":{\"@type\":\"EntryPoint\",\"urlTemplate\":\"https:\/\/www.estrategiaconcursos.com.br\/blog\/?s={search_term_string}\"},\"query-input\":{\"@type\":\"PropertyValueSpecification\",\"valueRequired\":true,\"valueName\":\"search_term_string\"}}],\"inLanguage\":\"pt-BR\"},{\"@type\":\"Organization\",\"@id\":\"https:\/\/www.estrategiaconcursos.com.br\/blog\/#organization\",\"name\":\"Estrat\u00e9gia Concursos\",\"url\":\"https:\/\/www.estrategiaconcursos.com.br\/blog\/\",\"logo\":{\"@type\":\"ImageObject\",\"inLanguage\":\"pt-BR\",\"@id\":\"https:\/\/www.estrategiaconcursos.com.br\/blog\/#\/schema\/logo\/image\/\",\"url\":\"https:\/\/dhg1h5j42swfq.cloudfront.net\/2025\/06\/03203428\/logo_concursos-1.jpg\",\"contentUrl\":\"https:\/\/dhg1h5j42swfq.cloudfront.net\/2025\/06\/03203428\/logo_concursos-1.jpg\",\"width\":230,\"height\":60,\"caption\":\"Estrat\u00e9gia Concursos\"},\"image\":{\"@id\":\"https:\/\/www.estrategiaconcursos.com.br\/blog\/#\/schema\/logo\/image\/\"},\"sameAs\":[\"https:\/\/x.com\/EstratConcursos\"]},{\"@type\":\"Person\",\"@id\":\"https:\/\/www.estrategiaconcursos.com.br\/blog\/#\/schema\/person\/5caef5684d9fe56108eff29afc128dca\",\"name\":\"Ali Mohamad Jaha\",\"image\":{\"@type\":\"ImageObject\",\"inLanguage\":\"pt-BR\",\"@id\":\"https:\/\/secure.gravatar.com\/avatar\/d2d32b2c5ba0b3d1fcbc7c351539c7f9052f5e52461adc4d346787a9c2579056?s=96&d=mm&r=g\",\"url\":\"https:\/\/secure.gravatar.com\/avatar\/d2d32b2c5ba0b3d1fcbc7c351539c7f9052f5e52461adc4d346787a9c2579056?s=96&d=mm&r=g\",\"contentUrl\":\"https:\/\/secure.gravatar.com\/avatar\/d2d32b2c5ba0b3d1fcbc7c351539c7f9052f5e52461adc4d346787a9c2579056?s=96&d=mm&r=g\",\"caption\":\"Ali Mohamad Jaha\"},\"description\":\"Professor de Direito Previdenci\u00e1rio, Legisla\u00e7\u00e3o Previdenci\u00e1ria, Legisla\u00e7\u00e3o da Sa\u00fade, Legisla\u00e7\u00e3o Espec\u00edfica e Discursivas. Auditor-Fiscal da Receita Federal do Brasil \u2013 DRF-Cascavel\/PR. Especialista em Administra\u00e7\u00e3o Tribut\u00e1ria pela Universidade Castelo Branco\/RJ. Especialista em Gest\u00e3o de Pol\u00edticas P\u00fablicas pela Universidade do Iva\u00ed\/PR. Bacharel em Engenharia Civil pela Universidade Estadual de Maring\u00e1\/PR.\",\"sameAs\":[\"http:\/\/www.facebook.com\/amjaha\"],\"url\":\"https:\/\/www.estrategiaconcursos.com.br\/blog\/author\/alijahaestrategiaconcursos-com-br\/\"}]}<\/script>\n<!-- \/ Yoast SEO Premium plugin. -->","yoast_head_json":{"title":"AFT \u2013 Alunos Classificados para 2.\u00aa Fase. =)","robots":{"index":"index","follow":"follow","max-snippet":"max-snippet:-1","max-image-preview":"max-image-preview:large","max-video-preview":"max-video-preview:-1"},"canonical":"https:\/\/www.estrategiaconcursos.com.br\/blog\/aft-alunos-classificados-para-2-a-fase\/","og_locale":"pt_BR","og_type":"article","og_title":"AFT \u2013 Alunos Classificados para 2.\u00aa Fase. =)","og_description":"Boa noite Concurseiros! =) \u00c9 com muito orgulho que parabenizo os seguintes alunos classificados para a pr\u00f3xima fase, com destaque especial para o Adalto (1.\u00ba Lugar) e para o Aldair (5.\u00ba Lugar), que realizaram um trabalho excepcional! Aproveito para informar que as notas foram pr\u00f3ximas, ou seja, a 2.\u00aa Fase \u00e9 um novo concurso, onde [&hellip;]","og_url":"https:\/\/www.estrategiaconcursos.com.br\/blog\/aft-alunos-classificados-para-2-a-fase\/","og_site_name":"Estrat\u00e9gia Concursos","article_author":"http:\/\/www.facebook.com\/amjaha","article_published_time":"2013-09-30T23:46:27+00:00","article_modified_time":"2016-06-08T14:35:23+00:00","author":"Ali Mohamad Jaha","twitter_card":"summary_large_image","twitter_creator":"@EstratConcursos","twitter_site":"@EstratConcursos","twitter_misc":{"Escrito por":"Ali Mohamad Jaha","Est. tempo de leitura":"1 minuto"},"schema":{"@context":"https:\/\/schema.org","@graph":[{"@type":"NewsArticle","@id":"https:\/\/www.estrategiaconcursos.com.br\/blog\/aft-alunos-classificados-para-2-a-fase\/#article","isPartOf":{"@id":"https:\/\/www.estrategiaconcursos.com.br\/blog\/aft-alunos-classificados-para-2-a-fase\/"},"author":{"name":"Ali Mohamad Jaha","@id":"https:\/\/www.estrategiaconcursos.com.br\/blog\/#\/schema\/person\/5caef5684d9fe56108eff29afc128dca"},"headline":"AFT \u2013 Alunos Classificados para 2.\u00aa Fase. =)","datePublished":"2013-09-30T23:46:27+00:00","dateModified":"2016-06-08T14:35:23+00:00","mainEntityOfPage":{"@id":"https:\/\/www.estrategiaconcursos.com.br\/blog\/aft-alunos-classificados-para-2-a-fase\/"},"wordCount":195,"commentCount":0,"publisher":{"@id":"https:\/\/www.estrategiaconcursos.com.br\/blog\/#organization"},"keywords":["AFT"],"articleSection":["Concursos P\u00fablicos"],"inLanguage":"pt-BR","potentialAction":[{"@type":"CommentAction","name":"Comment","target":["https:\/\/www.estrategiaconcursos.com.br\/blog\/aft-alunos-classificados-para-2-a-fase\/#respond"]}],"copyrightYear":"2013","copyrightHolder":{"@id":"https:\/\/www.estrategiaconcursos.com.br\/blog\/#organization"}},{"@type":"WebPage","@id":"https:\/\/www.estrategiaconcursos.com.br\/blog\/aft-alunos-classificados-para-2-a-fase\/","url":"https:\/\/www.estrategiaconcursos.com.br\/blog\/aft-alunos-classificados-para-2-a-fase\/","name":"AFT \u2013 Alunos Classificados para 2.\u00aa Fase. =)","isPartOf":{"@id":"https:\/\/www.estrategiaconcursos.com.br\/blog\/#website"},"datePublished":"2013-09-30T23:46:27+00:00","dateModified":"2016-06-08T14:35:23+00:00","breadcrumb":{"@id":"https:\/\/www.estrategiaconcursos.com.br\/blog\/aft-alunos-classificados-para-2-a-fase\/#breadcrumb"},"inLanguage":"pt-BR","potentialAction":[{"@type":"ReadAction","target":["https:\/\/www.estrategiaconcursos.com.br\/blog\/aft-alunos-classificados-para-2-a-fase\/"]}]},{"@type":"BreadcrumbList","@id":"https:\/\/www.estrategiaconcursos.com.br\/blog\/aft-alunos-classificados-para-2-a-fase\/#breadcrumb","itemListElement":[{"@type":"ListItem","position":1,"name":"In\u00edcio","item":"https:\/\/www.estrategiaconcursos.com.br\/blog\/"},{"@type":"ListItem","position":2,"name":"AFT \u2013 Alunos Classificados para 2.\u00aa Fase. =)"}]},{"@type":"WebSite","@id":"https:\/\/www.estrategiaconcursos.com.br\/blog\/#website","url":"https:\/\/www.estrategiaconcursos.com.br\/blog\/","name":"Estrat\u00e9gia Concursos","description":"O blog da Estrat\u00e9gia Concursos traz not\u00edcias sobre concursos e artigos de professores oferecendo cursos para concursos (pdf + videaulas) no site.","publisher":{"@id":"https:\/\/www.estrategiaconcursos.com.br\/blog\/#organization"},"potentialAction":[{"@type":"SearchAction","target":{"@type":"EntryPoint","urlTemplate":"https:\/\/www.estrategiaconcursos.com.br\/blog\/?s={search_term_string}"},"query-input":{"@type":"PropertyValueSpecification","valueRequired":true,"valueName":"search_term_string"}}],"inLanguage":"pt-BR"},{"@type":"Organization","@id":"https:\/\/www.estrategiaconcursos.com.br\/blog\/#organization","name":"Estrat\u00e9gia Concursos","url":"https:\/\/www.estrategiaconcursos.com.br\/blog\/","logo":{"@type":"ImageObject","inLanguage":"pt-BR","@id":"https:\/\/www.estrategiaconcursos.com.br\/blog\/#\/schema\/logo\/image\/","url":"https:\/\/dhg1h5j42swfq.cloudfront.net\/2025\/06\/03203428\/logo_concursos-1.jpg","contentUrl":"https:\/\/dhg1h5j42swfq.cloudfront.net\/2025\/06\/03203428\/logo_concursos-1.jpg","width":230,"height":60,"caption":"Estrat\u00e9gia Concursos"},"image":{"@id":"https:\/\/www.estrategiaconcursos.com.br\/blog\/#\/schema\/logo\/image\/"},"sameAs":["https:\/\/x.com\/EstratConcursos"]},{"@type":"Person","@id":"https:\/\/www.estrategiaconcursos.com.br\/blog\/#\/schema\/person\/5caef5684d9fe56108eff29afc128dca","name":"Ali Mohamad Jaha","image":{"@type":"ImageObject","inLanguage":"pt-BR","@id":"https:\/\/secure.gravatar.com\/avatar\/d2d32b2c5ba0b3d1fcbc7c351539c7f9052f5e52461adc4d346787a9c2579056?s=96&d=mm&r=g","url":"https:\/\/secure.gravatar.com\/avatar\/d2d32b2c5ba0b3d1fcbc7c351539c7f9052f5e52461adc4d346787a9c2579056?s=96&d=mm&r=g","contentUrl":"https:\/\/secure.gravatar.com\/avatar\/d2d32b2c5ba0b3d1fcbc7c351539c7f9052f5e52461adc4d346787a9c2579056?s=96&d=mm&r=g","caption":"Ali Mohamad Jaha"},"description":"Professor de Direito Previdenci\u00e1rio, Legisla\u00e7\u00e3o Previdenci\u00e1ria, Legisla\u00e7\u00e3o da Sa\u00fade, Legisla\u00e7\u00e3o Espec\u00edfica e Discursivas. Auditor-Fiscal da Receita Federal do Brasil \u2013 DRF-Cascavel\/PR. Especialista em Administra\u00e7\u00e3o Tribut\u00e1ria pela Universidade Castelo Branco\/RJ. Especialista em Gest\u00e3o de Pol\u00edticas P\u00fablicas pela Universidade do Iva\u00ed\/PR. Bacharel em Engenharia Civil pela Universidade Estadual de Maring\u00e1\/PR.","sameAs":["http:\/\/www.facebook.com\/amjaha"],"url":"https:\/\/www.estrategiaconcursos.com.br\/blog\/author\/alijahaestrategiaconcursos-com-br\/"}]}},"_links":{"self":[{"href":"https:\/\/www.estrategiaconcursos.com.br\/blog\/wp-json\/wp\/v2\/posts\/10979","targetHints":{"allow":["GET"]}}],"collection":[{"href":"https:\/\/www.estrategiaconcursos.com.br\/blog\/wp-json\/wp\/v2\/posts"}],"about":[{"href":"https:\/\/www.estrategiaconcursos.com.br\/blog\/wp-json\/wp\/v2\/types\/post"}],"author":[{"embeddable":true,"href":"https:\/\/www.estrategiaconcursos.com.br\/blog\/wp-json\/wp\/v2\/users\/45"}],"replies":[{"embeddable":true,"href":"https:\/\/www.estrategiaconcursos.com.br\/blog\/wp-json\/wp\/v2\/comments?post=10979"}],"version-history":[{"count":1,"href":"https:\/\/www.estrategiaconcursos.com.br\/blog\/wp-json\/wp\/v2\/posts\/10979\/revisions"}],"predecessor-version":[{"id":40969,"href":"https:\/\/www.estrategiaconcursos.com.br\/blog\/wp-json\/wp\/v2\/posts\/10979\/revisions\/40969"}],"wp:attachment":[{"href":"https:\/\/www.estrategiaconcursos.com.br\/blog\/wp-json\/wp\/v2\/media?parent=10979"}],"wp:term":[{"taxonomy":"category","embeddable":true,"href":"https:\/\/www.estrategiaconcursos.com.br\/blog\/wp-json\/wp\/v2\/categories?post=10979"},{"taxonomy":"post_tag","embeddable":true,"href":"https:\/\/www.estrategiaconcursos.com.br\/blog\/wp-json\/wp\/v2\/tags?post=10979"},{"taxonomy":"tax_estado","embeddable":true,"href":"https:\/\/www.estrategiaconcursos.com.br\/blog\/wp-json\/wp\/v2\/tax_estado?post=10979"}],"curies":[{"name":"wp","href":"https:\/\/api.w.org\/{rel}","templated":true}]}}