{"id":1097520,"date":"2022-10-23T18:25:00","date_gmt":"2022-10-23T21:25:00","guid":{"rendered":"https:\/\/www.estrategiaconcursos.com.br\/blog\/?p=1097520"},"modified":"2022-10-10T17:20:31","modified_gmt":"2022-10-10T20:20:31","slug":"essencial-de-atos-administrativos-sefaz-mg","status":"publish","type":"post","link":"https:\/\/www.estrategiaconcursos.com.br\/blog\/essencial-de-atos-administrativos-sefaz-mg\/","title":{"rendered":"<strong>Essencial de Atos Administrativos SEFAZ MG<\/strong>"},"content":{"rendered":"\n<figure class=\"wp-block-image size-large\"><img loading=\"lazy\" decoding=\"async\" width=\"1024\" height=\"683\" src=\"https:\/\/dhg1h5j42swfq.cloudfront.net\/2022\/09\/20111810\/excited-3126449_1920-1024x683.jpg\" alt=\"Essencial de Atos Administrativos SEFA MG\" class=\"wp-image-1097536\" srcset=\"https:\/\/dhg1h5j42swfq.cloudfront.net\/2022\/09\/20111810\/excited-3126449_1920-1024x683.jpg 1024w, https:\/\/dhg1h5j42swfq.cloudfront.net\/2022\/09\/20111810\/excited-3126449_1920-300x200.jpg 300w, https:\/\/dhg1h5j42swfq.cloudfront.net\/2022\/09\/20111810\/excited-3126449_1920-768x512.jpg 768w, https:\/\/dhg1h5j42swfq.cloudfront.net\/2022\/09\/20111810\/excited-3126449_1920-1536x1025.jpg 1536w, https:\/\/dhg1h5j42swfq.cloudfront.net\/2022\/09\/20111810\/excited-3126449_1920-610x407.jpg 610w, https:\/\/dhg1h5j42swfq.cloudfront.net\/2022\/09\/20111810\/excited-3126449_1920-150x100.jpg 150w, https:\/\/dhg1h5j42swfq.cloudfront.net\/2022\/09\/20111810\/excited-3126449_1920.jpg 1920w\" sizes=\"auto, (max-width: 1024px) 100vw, 1024px\" \/><figcaption>Essencial de Atos Administrativos SEFAZ MG<\/figcaption><\/figure>\n\n\n\n<p>Fala, concurseiro(a) batalhador(a)!! Neste artigo, vamos abordar o resumo do <strong>Essencial de Atos Administrativos SEFAZ MG.<\/strong><\/p>\n\n\n\n<p>Assim, destacamos os pontos mais importantes da legisla\u00e7\u00e3o e da doutrina, sem nos furtamos de acrescentar alguns esclarecimentos para proporcionar uma melhor compreens\u00e3o do tema.&nbsp;<\/p>\n\n\n\n<p>Ainda, temos outros resumos sobre v\u00e1rios pontos da mat\u00e9ria, se quiser conferir, basta acessar a nossa p\u00e1gina:<a href=\"https:\/\/www.estrategiaconcursos.com.br\/blog\/author\/robat07gmail-com\/\"> https:\/\/www.estrategiaconcursos.com.br\/blog\/author\/robat07gmail-com\/<\/a>.<\/p>\n\n\n\n<h2 class=\"wp-block-heading\"><strong>SUM\u00c1RIO<\/strong> &#8211; Essencial de Atos Administrativos SEFAZ MG<\/h2>\n\n\n\n<div class=\"wp-block-group is-layout-flow wp-block-group-is-layout-flow\">\n<p>Introdu\u00e7\u00e3o&nbsp;<\/p>\n\n\n\n<p>Conceito&nbsp;<\/p>\n\n\n\n<p>Conceitos relacionados<\/p>\n\n\n\n<p>Atributos&nbsp;<\/p>\n\n\n\n<p>Elementos de forma\u00e7\u00e3o<\/p>\n\n\n\n<p>V\u00edcios dos atos administrativos<\/p>\n\n\n\n<p>M\u00e9rito do ato administrativo<\/p>\n\n\n\n<p>Classifica\u00e7\u00e3o&nbsp;<\/p>\n\n\n\n<p>Esp\u00e9cies de atos&nbsp;<\/p>\n\n\n\n<p>Extin\u00e7\u00e3o dos atos administrativos<\/p>\n\n\n\n<p>Convalida\u00e7\u00e3o<\/p>\n<\/div>\n\n\n\n<h2 class=\"wp-block-heading\"><strong>INTRODU\u00c7\u00c3O&nbsp;<\/strong><\/h2>\n\n\n\n<ul class=\"wp-block-list\"><li><strong>ATOS ADMINISTRATIVOS <\/strong>s\u00e3o os meios utilizados pela <strong>ADMINISTRA\u00c7\u00c3O P\u00daBLICA <\/strong>para manifestar sua <strong>VONTADE<\/strong>, impor <strong>OBRIGA\u00c7\u00d5ES<\/strong>, criar <strong>DIREITOS<\/strong>, aplicar <strong>PENALIDADES <\/strong>e exercer suas fun\u00e7\u00f5es em geral.&nbsp;<\/li><li><strong>ATO ADMINISTRATIVO<\/strong> \u00e9 uma categoria espec\u00edfica de <strong>ATO JUR\u00cdDICO<\/strong>, caracterizando-se, <strong>PRINCIPALMENTE, PELA FINALIDADE P\u00daBLICA.<\/strong><\/li><li><strong>ATO JUR\u00cdDICO \u2013 <\/strong>\u00e9 uma manifesta\u00e7\u00e3o da vontade humana<strong> UNILATERAL.<\/strong><\/li><\/ul>\n\n\n\n<h2 class=\"wp-block-heading\"><strong>CONCEITO<\/strong><\/h2>\n\n\n\n<p>Segundo <strong>JOS\u00c9 DOS SANTOS CARVALHO FILHO,<\/strong> um ato administrativo pode ser explicado por 3 pontos fundamentais:<\/p>\n\n\n\n<ol class=\"wp-block-list\"><li>\u00c9 executado por um <strong>AGENTE P\u00daBLICO<\/strong>, como um <strong>servidor p\u00fablico<\/strong> ou algu\u00e9m que detenha tal prerrogativa e at\u00e9 um <strong>PARTICULAR QUE RECEBEU A DELE\u00c7A\u00c7\u00c3O<\/strong> para executar tal fun\u00e7\u00e3o.&nbsp;<\/li><li>Produz <strong>EFEITOS JUR\u00cdDICOS COM FIM P\u00daBLICO<\/strong>.<\/li><li>\u00c9 regido em sua maioria pelo <strong>DIREITO P\u00daBLICO<\/strong>, ou seja, ocorre uma rela\u00e7\u00e3o de <strong>VERTICALIDADE<\/strong> com o destinat\u00e1rio do ato.<\/li><\/ol>\n\n\n\n<p>Representam uma manifesta\u00e7\u00e3o <strong>UNILATERAL DE VONTADE<\/strong> da administra\u00e7\u00e3o, diferentemente dos <strong>CONTRATOS<\/strong> que s\u00e3o rela\u00e7\u00f5es <strong>BILATERAIS<\/strong>.<\/p>\n\n\n\n<p>Em virtude do <strong>PRINC\u00cdPIO DA INAFASTABILIDADE DA TUTELA JURISDICIONAL<\/strong>, que disp\u00f5e que a lei <strong>N\u00c3O<\/strong> poder\u00e1 afastar do <strong>PODER JUDICI\u00c1RIO<\/strong> a aprecia\u00e7\u00e3o de les\u00e3o ou de amea\u00e7a de direito (CF, art. 5\u00ba, XXXV).<\/p>\n\n\n\n<h2 class=\"wp-block-heading\"><strong>CONCEITOS RELACIONADOS<\/strong><\/h2>\n\n\n\n<p>\u00c9 interessante entender que a <strong>ADMINISTRA\u00c7\u00c3O P\u00daBLICA<\/strong> realizada diversos tipos, e, segundo <strong>MARIA DI PIETRO<\/strong>, s\u00e3o <strong>ATOS DA ADMINISTRA\u00c7\u00c3O<\/strong>:&nbsp;<\/p>\n\n\n\n<p><strong>ATOS DE DIREITO PRIVADO<\/strong> como a doa\u00e7\u00e3o, permuta, compra e venda, loca\u00e7\u00e3o;&nbsp;<\/p>\n\n\n\n<p><strong>OS ATOS MATERIAIS DA ADMINISTRA\u00c7\u00c3O<\/strong> s\u00e3o os que n\u00e3o cont\u00eam manifesta\u00e7\u00e3o de vontade, mas que envolvem apenas execu\u00e7\u00e3o, como a demoli\u00e7\u00e3o de uma casa, a apreens\u00e3o de mercadoria, a realiza\u00e7\u00e3o de um servi\u00e7o;<\/p>\n\n\n\n<p><strong>ATOS DE CONHECIMENTO<\/strong> s\u00e3o opini\u00f5es, ju\u00edzos ou valores, que tamb\u00e9m n\u00e3o expressam uma vontade e que, portanto, tamb\u00e9m n\u00e3o podem produzir efeitos jur\u00eddicos; \u00e9 o caso dos atestados, certid\u00f5es, pareceres, votos;&nbsp;<\/p>\n\n\n\n<p><strong>ATOS POL\u00cdTICOS<\/strong> s\u00e3o os que est\u00e3o sujeitos a regime jur\u00eddico-constitucional, como o veto ou san\u00e7\u00e3o de um projeto de lei;&nbsp;<\/p>\n\n\n\n<p><strong>CONTRATOS E OS CONV\u00caNIOS ADMINISTRATIVOS<\/strong> s\u00e3o rela\u00e7\u00f5es bilaterais, ou seja, s\u00e3o manifesta\u00e7\u00f5es de vontade de ambas partes;<\/p>\n\n\n\n<p><strong>ATOS NORMATIVOS DA ADMINISTRA\u00c7\u00c3O<\/strong> s\u00e3o os abrangem decretos, portarias, resolu\u00e7\u00f5es, regimentos, de efeitos gerais e abstratos; e<\/p>\n\n\n\n<p><strong>ATOS ADMINISTRATIVOS<\/strong> propriamente ditos.<\/p>\n\n\n\n<p>Outro conceito importante, \u00e9 o do <strong>FATO ADMINISTRATIVO <\/strong>que pode ser definido como<strong>:&nbsp;<\/strong><\/p>\n\n\n\n<ul class=\"wp-block-list\"><li><strong>ATIVIDADE MATERIAL <\/strong>que decorre um ato administrativo, como uma desapropria\u00e7\u00e3o de um im\u00f3vel;<\/li><li><strong>A\u00c7\u00c3O <\/strong>sem a finalidade de produzir efeitos jur\u00eddicos DIRETOS;<\/li><li><strong>EVENTOS DA NATUREZA <\/strong>que independem da vontade humana;<\/li><li><strong>N\u00c3O PODEM SER REVOGADOS OU ANULADOS.<\/strong><\/li><li><strong>N\u00c3O <\/strong>podem ser classificados em <strong>VINCULADOS OU DISCRICION\u00c1RIOS.<\/strong><\/li><li>Por fim, o <strong>SIL\u00caNCIO AMINISTRATIVO <\/strong>\u00e9 uma <strong>omiss\u00e3o<\/strong> da administra\u00e7\u00e3o que <strong>n\u00e3o \u00e9 um ato administrativo<\/strong>, <strong>pode<\/strong> produzir efeitos jur\u00eddicos de acordo com a lei.<\/li><li>Em regra, o silencio <strong>n\u00e3o<\/strong> produz efeitos jur\u00eddicos, contudo a <strong>lei<\/strong> poder\u00e1 prever um tipo de <strong>ANUENCIA T\u00c1CITA.<\/strong><\/li><\/ul>\n\n\n\n<h2 class=\"wp-block-heading\"><strong>ATRIBUTOS&nbsp;<\/strong><\/h2>\n\n\n\n<p>S\u00e3o caracter\u00edsticas que diferenciam os ATOS ADMINISTRATIVOS dos ATOS PRIVADOS e existem 4 principais atributos: <strong>PRESUN\u00c7\u00c3O DE LEGITIMIDADE E VERACIDADE, TIPICIDADE<\/strong><strong>, IMPERATIVIDADE E AUTOEXECUTORIEDADE,<\/strong> sendo os <strong>DOIS PRIMEIROS<\/strong><strong> PRESENTES EM <\/strong><strong>TODOS<\/strong><strong> OS ATOS ADMINISTRATIVOS.<\/strong><\/p>\n\n\n\n<h3 class=\"wp-block-heading\"><strong>PRESUN\u00c7\u00c3O DE LEGITIMIDADE E VERACIDADE<\/strong>:&nbsp;<\/h3>\n\n\n\n<p>\u00c9 o atributo que pressup\u00f5e que foram editados de acordo com a lei at\u00e9 que seja provado o contr\u00e1rio, ou seja, presume-se que <strong>os fatos alegados pela administra\u00e7\u00e3o sejam verdadeiros, l\u00edcitos e leg\u00edtimos.<\/strong><\/p>\n\n\n\n<p>Essa situa\u00e7\u00e3o de presun\u00e7\u00e3o decorre da necessidade de <strong>assegurar a celeridade<\/strong> no cumprimento dos atos administrativos, se n\u00e3o todos teriam que ser validados antes de produzirem efeitos.&nbsp;<\/p>\n\n\n\n<p>Enquanto n\u00e3o for invalidado, o ato continua a produzir <strong>todos<\/strong> seus efeitos.<\/p>\n\n\n\n<p>Incumbe a quem for prejudicado comprovar o dano, o que \u00e9 chamado de <strong>INVERS\u00c3O DO \u00d4NUS DE PROVA.<\/strong><\/p>\n\n\n\n<p>A nulidade pelo <strong>PODER JUDICI\u00c1RIO<\/strong> ocorrer\u00e1 sempre somente por provoca\u00e7\u00e3o do ofendido.<\/p>\n\n\n\n<h3 class=\"wp-block-heading\"><strong>IMPERATIVIDADE:&nbsp;<\/strong><\/h3>\n\n\n\n<p>\u00c9 a capacidade que os atos t\u00eam de impor obriga\u00e7\u00f5es a terceiros, <strong>INDEPENDENTEMENTE<\/strong> de sua concord\u00e2ncia.<\/p>\n\n\n\n<p>Tamb\u00e9m \u00e9 chamado de <strong>PODER EXTROVERSO<\/strong>, porque afeta a esfera jur\u00eddica de terceiros.<\/p>\n\n\n\n<p>Como tamb\u00e9m pode ser nomeado como <strong>PODER DE COER\u00c7\u00c3O<\/strong>, pois pode obrigar terceiros.<\/p>\n\n\n\n<p>Esse atributo \u00e9 fundamentado na <strong>SUPREMACIA DO INTERESSE P\u00daBLICO SOBRE O PRIVADO.<\/strong><\/p>\n\n\n\n<h3 class=\"wp-block-heading\"><strong>AUTOEXECUTORIEDADE:<\/strong><\/h3>\n\n\n\n<p>\u00c9 a possibilidade de certos atos serem <strong>EXECUTADOS DIRETO E IMEDIATAMENTE PELA ADMINISTRA\u00c7\u00c3O,<\/strong> sem necessidade de ordem judicial.<\/p>\n\n\n\n<p>Um exemplo cl\u00e1ssico da <strong>AUTOEXECUTORIEDADE<\/strong> \u00e9 quando a administra\u00e7\u00e3o por meio do <strong>PODER DE POL\u00cdCIA<\/strong> interdita um estabelecimento sem ordem judicial.<\/p>\n\n\n\n<p>Normalmente, a <strong>AUTOEXECUTORIEDADE <\/strong>decorre de <strong>PREVIS\u00c3O LEGAL <\/strong>ou <strong>MEDIDAS URGENTES.<\/strong><\/p>\n\n\n\n<p>Existem dois conceitos que devem ser diferenciados:<\/p>\n\n\n\n<ul class=\"wp-block-list\"><li><strong>EXIGIBILIDADE \u2013 <\/strong>a administra\u00e7\u00e3o exige algo por meios <strong>INDIRETOS<\/strong> e o <strong>PR\u00d3PRIO ADMINISTRADO EXECUTA A MEDIDA<\/strong>, como uma multa que cabe ao autuado quitar.<\/li><li><strong>EXECUTORIEDADE \u2013 <\/strong>a administra\u00e7\u00e3o <strong>DIRETAMENTE<\/strong>, com ou sem uso da for\u00e7a, executa a medida, como uma interdi\u00e7\u00e3o de um estabelecimento irregular.<\/li><\/ul>\n\n\n\n<h3 class=\"wp-block-heading\"><strong>TIPICIDADE:<\/strong><\/h3>\n\n\n\n<p>Atos est\u00e3o previstos em <strong>LEI<\/strong> e devem ser executados de acordo com o formato legal;&nbsp;<\/p>\n\n\n\n<p>Deriva do <strong>PRINC\u00cdPIO DA LEGALIDADE;<\/strong><\/p>\n\n\n\n<p><strong>N\u00c3O<\/strong> existe ato totalmente discricion\u00e1rio;&nbsp;<\/p>\n\n\n\n<p>Atos administrativos <strong>N\u00c3O<\/strong> podem ser \u201cinominados\u201d;<\/p>\n\n\n\n<p>&nbsp;N\u00e3o consta nos atos bilaterais (contratos): podem ser inominados.&nbsp;<\/p>\n\n\n\n<h2 class=\"wp-block-heading\"><strong>ELEMENTOS DE FORMA\u00c7\u00c3O&nbsp;<\/strong><\/h2>\n\n\n\n<figure class=\"wp-block-image size-large\"><img loading=\"lazy\" decoding=\"async\" width=\"1024\" height=\"1024\" src=\"https:\/\/dhg1h5j42swfq.cloudfront.net\/2022\/09\/20111937\/matrix-1027571_1920-1024x1024.jpg\" alt=\"Elementos de forma\u00e7\u00e3o do ato administrativo.\" class=\"wp-image-1097538\" srcset=\"https:\/\/dhg1h5j42swfq.cloudfront.net\/2022\/09\/20111937\/matrix-1027571_1920-1024x1024.jpg 1024w, https:\/\/dhg1h5j42swfq.cloudfront.net\/2022\/09\/20111937\/matrix-1027571_1920-300x300.jpg 300w, https:\/\/dhg1h5j42swfq.cloudfront.net\/2022\/09\/20111937\/matrix-1027571_1920-150x150.jpg 150w, https:\/\/dhg1h5j42swfq.cloudfront.net\/2022\/09\/20111937\/matrix-1027571_1920-768x768.jpg 768w, https:\/\/dhg1h5j42swfq.cloudfront.net\/2022\/09\/20111937\/matrix-1027571_1920-1536x1536.jpg 1536w, https:\/\/dhg1h5j42swfq.cloudfront.net\/2022\/09\/20111937\/matrix-1027571_1920-610x610.jpg 610w, https:\/\/dhg1h5j42swfq.cloudfront.net\/2022\/09\/20111937\/matrix-1027571_1920-96x96.jpg 96w, https:\/\/dhg1h5j42swfq.cloudfront.net\/2022\/09\/20111937\/matrix-1027571_1920.jpg 1920w\" sizes=\"auto, (max-width: 1024px) 100vw, 1024px\" \/><figcaption>Elementos de forma\u00e7\u00e3o do Ato administrativo<\/figcaption><\/figure>\n\n\n\n<p>Um ato administrativo \u00e9 composto por <strong>5<\/strong> <strong>ELEMENTOS:<\/strong> <strong>COMPET\u00caNCIA, FINALIDADE, FORMA, MOTIVO E OBJETO<\/strong><strong>.<\/strong><\/p>\n\n\n\n<blockquote class=\"wp-block-quote is-layout-flow wp-block-quote-is-layout-flow\"><p><strong>COMPET\u00caNCIA: <\/strong>\u00e9 o poder atribu\u00eddo ao agente para desempenhar suas fun\u00e7\u00f5es, que resultam da LEI e por ela s\u00e3o limitadas.<\/p><\/blockquote>\n\n\n\n<p>Quem recebe essa atribui\u00e7\u00e3o tamb\u00e9m \u00e9 chamado de <strong>SUJEITO COMPETENTE<\/strong> para executar a a\u00e7\u00e3o.<\/p>\n\n\n\n<p>Quem recebe essa atribui\u00e7\u00e3o tamb\u00e9m \u00e9 chamado de <strong>SUJEITO COMPETENTE <\/strong>para executar a a\u00e7\u00e3o.<\/p>\n\n\n\n<p>Essa compet\u00eancia \u00e9 <strong>IRRENUNCIAVEL<\/strong> devido a indisponibilidade do interesse p\u00fablico.<\/p>\n\n\n\n<p>Seu exerc\u00edcio \u00e9 obrigat\u00f3rio pelos agentes p\u00fablicos.<\/p>\n\n\n\n<p>N\u00e3o pode ser modificada por vontade do titular.<\/p>\n\n\n\n<p>S\u00e3o <strong>IMPRESCRIT\u00cdVEIS <\/strong>ao longo do tempo.<\/p>\n\n\n\n<p><strong>AVOCA\u00c7\u00c3O E DELEGA\u00c7\u00c3O: <\/strong>baseadas na LEI 9.784 <strong>(LEI DO PROCESSO ADMINISTRATIVO FEDERAL).<\/strong><\/p>\n\n\n\n<p><strong>DELEGA\u00c7\u00c3O \u2013 <\/strong>\u00e9 a atribui\u00e7\u00e3o de sua compet\u00eancia a um terceiro para que execute o ato.<\/p>\n\n\n\n<ul class=\"wp-block-list\"><li><strong>COM HIERARQUIA ENTRE AS PARTES = VERTICAL<\/strong><\/li><li><strong>SEM HIERARQUIA ENTRE AS PARTES = HORIZONTAL<\/strong><\/li><li><strong>REGRA = Pode ser realizada, exceto CE-NO-RA:<\/strong><\/li><\/ul>\n\n\n\n<blockquote class=\"wp-block-quote is-layout-flow wp-block-quote-is-layout-flow\"><p><strong>CE=COMPETENCIA EXCLUSIVA<\/strong><\/p><p><strong>NO= ATOS NORMATIVOS<\/strong><\/p><p><strong>RA= RECURSOS ADMINISTRATIVOS<\/strong><\/p><\/blockquote>\n\n\n\n<p><strong>AVOCA\u00c7\u00c3O \u2013 <\/strong>quando existe uma rela\u00e7\u00e3o de hierarquia, ou seja, VERTICALIDADE, e a autoridade atrai para si a compet\u00eancia do seu subordinado.<\/p>\n\n\n\n<blockquote class=\"wp-block-quote is-layout-flow wp-block-quote-is-layout-flow\"><p><strong>\u00c9 uma medida EXCEPCIONAL, deve ser JUSTIFICADA E TEMPOR\u00c1RIA e N\u00c3O PODE SER COMPETENCIA EXCLUSIVA<\/strong><\/p><\/blockquote>\n\n\n\n<blockquote class=\"wp-block-quote is-layout-flow wp-block-quote-is-layout-flow\"><p><strong>FINALIDADE: <\/strong>\u00e9 o objetivo de interesse p\u00fablico a ser atingido, dessa forma todo ato administrativo dever ter uma finalidade, por isso \u00e9 um elemento vinculado.<\/p><\/blockquote>\n\n\n\n<p>\u00c9 uma das formas de manifesta\u00e7\u00e3o do princ\u00edpio da <strong>IMPESSOALIDADE<\/strong>, pois todo ato deve atender o <strong>INTERESSE P\u00daBLICO<\/strong> e seguir a <strong>LEI<\/strong>.<\/p>\n\n\n\n<p>Quando um <strong>AGENTE P\u00daBLICO<\/strong> pratica um ato com v\u00edcio de finalidade, pode ocorrer um desvio de poder ou um desvio de finalidade e, consequentemente, o ato ser\u00e1 <strong>NULO.<\/strong><\/p>\n\n\n\n<blockquote class=\"wp-block-quote is-layout-flow wp-block-quote-is-layout-flow\"><p><strong>FORMA:&nbsp; <\/strong>\u00e9 a forma como o ato administrativo se manifesta para o mundo externo, como um <strong>DECRETO, EDITAL, LICEN\u00c7A ou OUTRO DOCUMENTO DE MANIFESTA\u00c7\u00c3O P\u00daBLICA.<\/strong><\/p><\/blockquote>\n\n\n\n<p>Essa forma determinada est\u00e1 relacionada com o princ\u00edpio do <strong>DEVIDO PROCESSO LEGAL<\/strong>, como no passo a passo licitat\u00f3rio para realizar uma compra p\u00fablica.<\/p>\n\n\n\n<p>Em regra, a <strong>FORMA<\/strong> \u00e9 um elemento <strong>VINCULADO<\/strong>, mas n\u00e3o \u00e9 admiss\u00edvel a <strong>FORMALIDADE EXCESSIVA<\/strong> que inviabilize a realiza\u00e7\u00e3o do ato.<\/p>\n\n\n\n<p>Em regra, a <strong>FORMA PADR\u00c3O \u00e9 ESCRITA<\/strong>, mas admite outras formas de manifesta\u00e7\u00e3o de acordo com a previs\u00e3o legal da quest\u00e3o.<\/p>\n\n\n\n<blockquote class=\"wp-block-quote is-layout-flow wp-block-quote-is-layout-flow\"><p><strong>MOTIVO: <\/strong>\u00e9 a <strong>CAUSA<\/strong> do ato, ou seja, \u00e9 a situa\u00e7\u00e3o de <strong>FATO<\/strong>, situa\u00e7\u00e3o do mundo real, <strong>OU DE DIREITO<\/strong>, previs\u00e3o legal, que determina a realiza\u00e7\u00e3o.<\/p><\/blockquote>\n\n\n\n<p><strong>PODER SER VINCULADO \u2013 <\/strong>quando a lei descreve de forma completa e objetiva a situa\u00e7\u00e3o geradora do <strong>ATO<\/strong>.<\/p>\n\n\n\n<p><strong>PODER SER DISCRICION\u00c1RIO \u2013 <\/strong>a <strong>LEI AUTORIZA<\/strong> a pr\u00e1tica do ato, abre uma certa margem de escolha dentro da <strong>LEGALIDADE<\/strong>.<\/p>\n\n\n\n<p><strong>MOTIVO \u00c9 DIFERENTE DE MOTIVA\u00c7\u00c3O<\/strong><strong> \u2013 MOTIVO \u00c9 O QUE LEVA A PR\u00c1TICA DO ATO E MOTIVA\u00c7\u00c3O \u00c9 A DEMONSTRA\u00c7\u00c3O DOS MOTIVOS.<\/strong><\/p>\n\n\n\n<p><strong>NEM TODO ATO EXIGE MOTIVA\u00c7\u00c3O, COMO AS EXONERA\u00c7\u00d5ES DE CARGOS EM COMISS\u00c3O.<\/strong><\/p>\n\n\n\n<p><strong>TEORIA DOS MOTIVOS DETERMINANTES \u2013 <\/strong>significa que a partir do momento que o ato \u00e9 <strong>MOTIVADO<\/strong>, sua validade \u00e9 <strong>VINCULADA<\/strong> a esse fundamento, logo o ato <strong>S\u00d3<\/strong> <strong>SER\u00c1 VALIDO SE O MOTIVO INDICADO FOR V\u00c1LIDO<\/strong>.<strong>&nbsp;<\/strong><\/p>\n\n\n\n<blockquote class=\"wp-block-quote is-layout-flow wp-block-quote-is-layout-flow\"><p><strong>OBJETO: <\/strong>\u00e9 o <strong>EFEITO<\/strong> produzido pelo <strong>ATO<\/strong>, como em uma Carteira Nacional de Habilita\u00e7\u00e3o \u00e9 a licen\u00e7a para dirigir.<\/p><\/blockquote>\n\n\n\n<ul class=\"wp-block-list\"><li><strong>PODE SER VINCULADO \u2013 QUANDO A LEI ESTABELECER.<\/strong><\/li><li><strong>PODE SER DISCRICION\u00c1RIO &#8211; QUANDO A LEI DEIXAR UMA CERTA MARGEM DE ESCOLHA.<\/strong><\/li><\/ul>\n\n\n\n<h2 class=\"wp-block-heading\"><strong>V\u00cdCIOS DOS ATOS ADMINISTRATIVOS<\/strong><\/h2>\n\n\n\n<ul class=\"wp-block-list\"><li><strong>V\u00cdCIOS DE COMPET\u00caNCIA \u2013 <\/strong>pode ocorrer por INCOMPETENCIA OU POR INCAPACIDADE.<\/li><li><strong>INCOMPETECENCIA \u2013 <\/strong>n\u00e3o possuir atribui\u00e7\u00f5es legais para executar o ato, que se manifesta de 3 formas:<\/li><\/ul>\n\n\n\n<blockquote class=\"wp-block-quote is-layout-flow wp-block-quote-is-layout-flow\"><p><strong>EXCESSO DE PODER \u2013 <\/strong>o agente excede o limite de suas atribui\u00e7\u00f5es.<\/p><p><strong>FUN\u00c7\u00c3O DE FATO \u2013 <\/strong>o agente possui rela\u00e7\u00e3o com a administra\u00e7\u00e3o, mas sua investidura n\u00e3o ocorreu de forma regular.<\/p><p><strong>USURPA\u00c7\u00c3O DE PODER \u2013 <\/strong>uma pessoa pratica um ato sem qualquer v\u00ednculo com a administra\u00e7\u00e3o.<\/p><\/blockquote>\n\n\n\n<p><strong>INCAPACIDADE \u2013 <\/strong>o agente possui atribui\u00e7\u00e3o para executar a fun\u00e7\u00e3o, mas existe um <strong>IMPEDIMENTO OU UMA SUSPEI\u00c7\u00c3O<\/strong>:<\/p>\n\n\n\n<ol class=\"wp-block-list\"><li><strong>IMPEDIMENTO \u2013 <\/strong>hip\u00f3tese objetiva de envolvimento com a mat\u00e9ria, com presun\u00e7\u00e3o absoluta de incapacidade, que gera nulidade do ato.<\/li><li><strong>SUSPEI\u00c7\u00c3O \u2013 <\/strong>hip\u00f3tese de amizade ou inimizade com os interessados, com presun\u00e7\u00e3o relativa de incapacidade, que n\u00e3o gera nulidade do ato.<\/li><\/ol>\n\n\n\n<p><strong>V\u00cdCIO DE FINALIDADE &#8211; <\/strong>\u00e9 chamado de desvio de poder ou desvio de finalidade.<\/p>\n\n\n\n<p><strong>V\u00cdCIO DE FORMA \u2013 <\/strong>quando a forma previste em lei n\u00e3o \u00e9 observada ou o procedimento n\u00e3o segue o rito legal.<\/p>\n\n\n\n<p><strong>V\u00cdCIO DE MOTIVO \u2013 <\/strong>quando os motivos que embasam o ato s\u00e3o <strong>FALSOS, INEXISTENTES OU JURIDICAMENTE INADEQUADOS.<\/strong><\/p>\n\n\n\n<p><strong>V\u00cdCIO DE OBJETO \u2013 <\/strong>quando o objeto for imposs\u00edvel, imoral, diverso da lei ou at\u00e9 mesmo proibido pela <strong>LEI.<\/strong><\/p>\n\n\n\n<h2 class=\"wp-block-heading\"><strong>M\u00c9RITO DO ATO ADMINISTRATIVO<\/strong><\/h2>\n\n\n\n<p>O m\u00e9rito do <strong>ATO<\/strong> \u00e9 de acordo com o ju\u00edzo de conveni\u00eancia e oportunidade para administra\u00e7\u00e3o, pois a <strong>LEI<\/strong> estabelece uma certe <strong>MARGEM<\/strong> de escolha, que s\u00f3 ocorre com <strong>ATOS<\/strong> <strong>DISCRICION\u00c1RIOS<\/strong>.<\/p>\n\n\n\n<p><strong>A DISCRICIONARIEDADE ADVEM DA POSSIBILIDADE DA NORMA N\u00c3O DEFINIR<\/strong> exatamente o motivo ou adotar conceitos jur\u00eddicos <strong>INDETERMINADOS.<\/strong><\/p>\n\n\n\n<p>O controle de <strong>M\u00c9RITO<\/strong> \u00e9 realizado somente pela pr\u00f3pria <strong>ADMINISTRA\u00c7\u00c3O<\/strong>, <strong>N\u00c3O<\/strong> pode ser realizado pelo <strong>PODER JUDICI\u00c1RIO<\/strong>, que s\u00f3 realiza controle de <strong>LEGALIDADE<\/strong>.<\/p>\n\n\n\n<h2 class=\"wp-block-heading\"><strong>CLASSIFICA\u00c7\u00c3O&nbsp;<\/strong>&#8211; Essencial de Atos Administrativos SEFAZ MG<\/h2>\n\n\n\n<p>Quanto \u00e0 forma\u00e7\u00e3o de vontade, o ato administrativo pode ser <strong>SIMPLES, COMPLEXO E COMPOSTO.<\/strong><\/p>\n\n\n\n<blockquote class=\"wp-block-quote is-layout-flow wp-block-quote-is-layout-flow\"><p><strong>SIMPLES \u2013 <\/strong>manifesta\u00e7\u00e3o de um \u00fanico \u00f3rg\u00e3o.<\/p><p><strong>COMPLEXO &#8211; <\/strong>dois \u00f3rg\u00e3os para configurar um \u00fanico ato.<\/p><p><strong>COMPOSTO \u2013 <\/strong>produzido por um \u00f3rg\u00e3o, mas que depende de outro para produzir efeitos.<\/p><\/blockquote>\n\n\n\n<h2 class=\"wp-block-heading\"><strong>ESP\u00c9CIES DE ATOS&nbsp;<\/strong><\/h2>\n\n\n\n<ol class=\"wp-block-list\"><li><strong>NORMATIVOS \u2013 <\/strong>visam normatizar situa\u00e7\u00f5es futuras, por meio de regulamentos, regimentos, resolu\u00e7\u00f5es e decretos.<\/li><li><strong>ORDINAT\u00d3RIOS \u2013 <\/strong>visam disciplinar condutas dos agentes e funcionamento da administra\u00e7\u00e3o, por meio de<strong> <\/strong>circulares, ordens de servi\u00e7o, portarias e avisos.<\/li><li><strong>NEGOCIAIS \u2013 <\/strong>quando a vontade da administra\u00e7\u00e3o coincide com a do administrado, ocorre por meio de<strong> <\/strong>licen\u00e7a, autoriza\u00e7\u00e3o, permiss\u00e3o e aprova\u00e7\u00e3o.<\/li><li><strong>ENUNCIATIVOS \u2013 <\/strong>emite uma a declara\u00e7\u00e3o de um fato, por meio de certid\u00f5es, atestados, pareceres e apostilas.<\/li><li><strong>PUNITIVOS \u2013 punir<\/strong> ou reprimir infra\u00e7\u00f5es, por meio de multas, interdi\u00e7\u00f5es e destrui\u00e7\u00f5es<\/li><\/ol>\n\n\n\n<h2 class=\"wp-block-heading\"><strong>EXTIN\u00c7\u00c3O DOS ATOS ADMINISTRATIVOS<\/strong><\/h2>\n\n\n\n<div class=\"wp-block-group is-layout-flow wp-block-group-is-layout-flow\">\n<p>Extin\u00e7\u00e3o <strong>NATURAL<\/strong> quando cumpre seus efeitos.<\/p>\n\n\n\n<p>Extin\u00e7\u00e3o <strong>subjetiva <\/strong>quando <strong>desaparece o benefici\u00e1rio<\/strong> do ato.<\/p>\n\n\n\n<p>Extin\u00e7\u00e3o <strong>objetiva <\/strong>quando <strong>desaparece o objeto<\/strong> do ato.<\/p>\n\n\n\n<p><strong>Ren\u00fancia <\/strong>quando o beneficiado <strong>abre m\u00e3o<\/strong> da vantagem.<\/p>\n\n\n\n<p><strong>RETIRADA:&nbsp;<\/strong><\/p>\n<\/div>\n\n\n\n<p><strong>CADUCIDADE \u2013 <\/strong>quando uma nova legisla\u00e7\u00e3o impede a perman\u00eancia do ato.<\/p>\n\n\n\n<p><strong>CONTRAPOSI\u00c7\u00c3O \u2013 <\/strong>quando um novo ato com efeitos que contrap\u00f5em ao anterior.<\/p>\n\n\n\n<p><strong>CASSA\u00c7\u00c3O \u2013 <\/strong>quando ocorre o descumprimento das condi\u00e7\u00f5es legais.<\/p>\n\n\n\n<p><strong>ANULA\u00c7\u00c3O \u2013 <\/strong>desfazimento do ato por <strong>ILEGALIDADE<\/strong>, com efeitos <strong>EX TUNC<\/strong>, ou seja, desfaz todos atos <strong>PASSADOS<\/strong>, que pode ocorrer por <strong>AUTOTUTELA OU POR MEIO DE PROVOCA\u00c7\u00c3O AO PODER JUDICI\u00c1RIO<\/strong>.&nbsp;<\/p>\n\n\n\n<p><strong>DECAD\u00caNCIA NO PRAZO DE 5 ANOS.<\/strong><\/p>\n\n\n\n<ul class=\"wp-block-list\"><li><strong>REVOGA\u00c7\u00c3O \u2013 <\/strong>\u00e9 a supress\u00e3o do ato por <strong>CRIT\u00c9RIOS DE CONVENI\u00caNCIA E OPORTUNIDADE, OU SEJA, UMA AVALIA\u00c7\u00c3O DE M\u00c9RITO DO ATO.<\/strong><\/li><\/ul>\n\n\n\n<ul class=\"wp-block-list\"><li><strong>EFEITO EX-NUNC \u2013 <\/strong>somente efeitos futuros.&nbsp;<\/li><li><strong>N\u00c3O <\/strong>podem ser revogados: <strong>INV\u00c1LIDOS, VINCULADOS, EXAURIDOS E QUE GEREM DIRIETOS ADQUIRIDOS.<\/strong><\/li><\/ul>\n\n\n\n<h2 class=\"wp-block-heading\"><strong>CONVALIDA\u00c7\u00c3O<\/strong> &#8211; Essencial de Atos Administrativos SEFAZ MG<\/h2>\n\n\n\n<ol class=\"wp-block-list\"><li>\u00c9 o saneamento de alguma irregularidade do ATO<strong>.<\/strong><\/li><li><strong>S\u00d3 V\u00cdCIOS DE FORMA E COMPET\u00caNCIA PODEM SER CONVALIDADOS.<\/strong><\/li><li><strong>EXCETO <\/strong>se forem v\u00edcios de compet\u00eancia <strong>EXCLUSIVA OU MAT\u00c9RIA ESPEC\u00cdFICA.<\/strong><\/li><\/ol>\n\n\n\n<h2 class=\"wp-block-heading\"><strong>Conclus\u00e3o- Essencial de Atos Administrativos SEFAZ MG<\/strong><\/h2>\n\n\n\n<p>Espero que voc\u00eas curtam esse artigo: <strong>Essencial de Atos Administrativos SEFAZ MG<\/strong><\/p>\n\n\n\n<p>Al\u00e9m disso, deixamos muito claro que esse resumo \u00e9 focado na legisla\u00e7\u00e3o, n\u00e3o \u00e9 um estudo completo da mat\u00e9ria. Ressaltamos ainda que nem todos os artigos e par\u00e1grafos da legisla\u00e7\u00e3o est\u00e3o aqui, trazemos apenas o que possui maior cobran\u00e7a em provas.<\/p>\n\n\n\n<p>Ademais, o aluno deve procurar as aulas em PDF, pois nelas o professor aborda a jurisprud\u00eancia e a doutrina associadas a cada um dos itens estudados. Apenas assim, o aluno consegue dominar completamente a banca escolhida.<\/p>\n\n\n\n<p>Por fim, na assinatura Platinum, \u00e9 poss\u00edvel um acompanhamento profissional para lhes indicar o caminho correto a tomar, o que estudar e como estudar: esse \u00e9 nosso servi\u00e7o de Coaching. Nos vemos l\u00e1!<\/p>\n\n\n\n<p>Um abra\u00e7o.<\/p>\n\n\n\n<p>Equipe Rodrigo Batalha<\/p>\n\n\n\n<p><a href=\"https:\/\/www.instagram.com\/coach.rodrigobatalha\/\">https:\/\/www.instagram.com\/coach.rodrigobatalha\/<\/a><\/p>\n\n\n\n<p>Prepare-se com o melhor material e com quem mais aprova em Concursos P\u00fablicos em todo o pa\u00eds!<\/p>\n\n\n\n<p><a href=\"https:\/\/www.estrategiaconcursos.com.br\/blog\/concursos-abertos\/\"><strong>Concursos abertos<\/strong><\/a><\/p>\n\n\n\n<p><a href=\"https:\/\/www.estrategiaconcursos.com.br\/blog\/concursos-2022\/\"><strong>Concursos 2022<\/strong><\/a><\/p>\n\n\n\n<h3 class=\"wp-block-heading\" id=\"h-assinatura-de-concursos\"><strong>Assinatura de Concursos<\/strong><\/h3>\n\n\n\n<p>Assinatura de 1 ano ou 2 anos<\/p>\n\n\n\n<p><a href=\"https:\/\/www.estrategiaconcursos.com.br\/assinaturas\/\">ASSINE AGORA<\/a><\/p>\n","protected":false},"excerpt":{"rendered":"<p>Fala, concurseiro(a) batalhador(a)!! Neste artigo, vamos abordar o resumo do Essencial de Atos Administrativos SEFAZ MG. Assim, destacamos os pontos mais importantes da legisla\u00e7\u00e3o e da doutrina, sem nos furtamos de acrescentar alguns esclarecimentos para proporcionar uma melhor compreens\u00e3o do tema.&nbsp; Ainda, temos outros resumos sobre v\u00e1rios pontos da mat\u00e9ria, se quiser conferir, basta acessar [&hellip;]<\/p>\n","protected":false},"author":2202,"featured_media":1097537,"comment_status":"open","ping_status":"closed","sticky":false,"template":"","format":"standard","meta":{"post_tipo":"article","footnotes":""},"categories":[1],"tags":[],"tax_estado":[219974],"class_list":["post-1097520","post","type-post","status-publish","format-standard","has-post-thumbnail","hentry","category-cursos-e-concursos","tax_estado-mg"],"acf":[],"yoast_head":"<!-- This site is optimized with the Yoast SEO Premium plugin v27.2 (Yoast SEO v27.2) - https:\/\/yoast.com\/product\/yoast-seo-premium-wordpress\/ -->\n<title>Essencial de Atos Administrativos SEFAZ MG<\/title>\n<meta name=\"description\" content=\"Saiba o essencial de Atos Administrativos para a SEFAZ MG!! Material gratuito com a qualidade do Estrat\u00e9gia Concursos!!\" \/>\n<meta name=\"robots\" content=\"index, follow, max-snippet:-1, max-image-preview:large, max-video-preview:-1\" \/>\n<link rel=\"canonical\" href=\"https:\/\/www.estrategiaconcursos.com.br\/blog\/essencial-de-atos-administrativos-sefaz-mg\/\" \/>\n<meta property=\"og:locale\" content=\"pt_BR\" \/>\n<meta property=\"og:type\" content=\"article\" \/>\n<meta property=\"og:title\" content=\"Essencial de Atos Administrativos SEFAZ MG\" \/>\n<meta property=\"og:description\" content=\"Saiba o essencial de Atos Administrativos para a SEFAZ MG!! Material gratuito com a qualidade do Estrat\u00e9gia Concursos!!\" \/>\n<meta property=\"og:url\" content=\"https:\/\/www.estrategiaconcursos.com.br\/blog\/essencial-de-atos-administrativos-sefaz-mg\/\" \/>\n<meta property=\"og:site_name\" content=\"Estrat\u00e9gia Concursos\" \/>\n<meta property=\"article:published_time\" content=\"2022-10-23T21:25:00+00:00\" \/>\n<meta property=\"og:image\" content=\"https:\/\/dhg1h5j42swfq.cloudfront.net\/2022\/09\/20111905\/excited-3126449_1920-1.jpg\" \/>\n\t<meta property=\"og:image:width\" content=\"1920\" \/>\n\t<meta property=\"og:image:height\" content=\"1281\" \/>\n\t<meta property=\"og:image:type\" content=\"image\/jpeg\" \/>\n<meta name=\"author\" content=\"Rodrigo Augusto Batalha Alves\" \/>\n<meta name=\"twitter:card\" content=\"summary_large_image\" \/>\n<meta name=\"twitter:creator\" content=\"@EstratConcursos\" \/>\n<meta name=\"twitter:site\" content=\"@EstratConcursos\" \/>\n<meta name=\"twitter:label1\" content=\"Escrito por\" \/>\n\t<meta name=\"twitter:data1\" content=\"Rodrigo Augusto Batalha Alves\" \/>\n\t<meta name=\"twitter:label2\" content=\"Est. tempo de leitura\" \/>\n\t<meta name=\"twitter:data2\" content=\"12 minutos\" \/>\n<script type=\"application\/ld+json\" class=\"yoast-schema-graph\">{\"@context\":\"https:\/\/schema.org\",\"@graph\":[{\"@type\":\"NewsArticle\",\"@id\":\"https:\/\/www.estrategiaconcursos.com.br\/blog\/essencial-de-atos-administrativos-sefaz-mg\/#article\",\"isPartOf\":{\"@id\":\"https:\/\/www.estrategiaconcursos.com.br\/blog\/essencial-de-atos-administrativos-sefaz-mg\/\"},\"author\":{\"name\":\"Rodrigo Augusto Batalha Alves\",\"@id\":\"https:\/\/www.estrategiaconcursos.com.br\/blog\/#\/schema\/person\/aa0bf103f86069bff16b1ddfb510b18f\"},\"headline\":\"Essencial de Atos Administrativos SEFAZ MG\",\"datePublished\":\"2022-10-23T21:25:00+00:00\",\"mainEntityOfPage\":{\"@id\":\"https:\/\/www.estrategiaconcursos.com.br\/blog\/essencial-de-atos-administrativos-sefaz-mg\/\"},\"wordCount\":2438,\"commentCount\":0,\"publisher\":{\"@id\":\"https:\/\/www.estrategiaconcursos.com.br\/blog\/#organization\"},\"image\":{\"@id\":\"https:\/\/www.estrategiaconcursos.com.br\/blog\/essencial-de-atos-administrativos-sefaz-mg\/#primaryimage\"},\"thumbnailUrl\":\"https:\/\/dhg1h5j42swfq.cloudfront.net\/2022\/09\/20111905\/excited-3126449_1920-1.jpg\",\"articleSection\":[\"Concursos P\u00fablicos\"],\"inLanguage\":\"pt-BR\",\"potentialAction\":[{\"@type\":\"CommentAction\",\"name\":\"Comment\",\"target\":[\"https:\/\/www.estrategiaconcursos.com.br\/blog\/essencial-de-atos-administrativos-sefaz-mg\/#respond\"]}],\"copyrightYear\":\"2022\",\"copyrightHolder\":{\"@id\":\"https:\/\/www.estrategiaconcursos.com.br\/blog\/#organization\"}},{\"@type\":\"WebPage\",\"@id\":\"https:\/\/www.estrategiaconcursos.com.br\/blog\/essencial-de-atos-administrativos-sefaz-mg\/\",\"url\":\"https:\/\/www.estrategiaconcursos.com.br\/blog\/essencial-de-atos-administrativos-sefaz-mg\/\",\"name\":\"Essencial de Atos Administrativos SEFAZ MG\",\"isPartOf\":{\"@id\":\"https:\/\/www.estrategiaconcursos.com.br\/blog\/#website\"},\"primaryImageOfPage\":{\"@id\":\"https:\/\/www.estrategiaconcursos.com.br\/blog\/essencial-de-atos-administrativos-sefaz-mg\/#primaryimage\"},\"image\":{\"@id\":\"https:\/\/www.estrategiaconcursos.com.br\/blog\/essencial-de-atos-administrativos-sefaz-mg\/#primaryimage\"},\"thumbnailUrl\":\"https:\/\/dhg1h5j42swfq.cloudfront.net\/2022\/09\/20111905\/excited-3126449_1920-1.jpg\",\"datePublished\":\"2022-10-23T21:25:00+00:00\",\"description\":\"Saiba o essencial de Atos Administrativos para a SEFAZ MG!! Material gratuito com a qualidade do Estrat\u00e9gia Concursos!!\",\"breadcrumb\":{\"@id\":\"https:\/\/www.estrategiaconcursos.com.br\/blog\/essencial-de-atos-administrativos-sefaz-mg\/#breadcrumb\"},\"inLanguage\":\"pt-BR\",\"potentialAction\":[{\"@type\":\"ReadAction\",\"target\":[\"https:\/\/www.estrategiaconcursos.com.br\/blog\/essencial-de-atos-administrativos-sefaz-mg\/\"]}]},{\"@type\":\"ImageObject\",\"inLanguage\":\"pt-BR\",\"@id\":\"https:\/\/www.estrategiaconcursos.com.br\/blog\/essencial-de-atos-administrativos-sefaz-mg\/#primaryimage\",\"url\":\"https:\/\/dhg1h5j42swfq.cloudfront.net\/2022\/09\/20111905\/excited-3126449_1920-1.jpg\",\"contentUrl\":\"https:\/\/dhg1h5j42swfq.cloudfront.net\/2022\/09\/20111905\/excited-3126449_1920-1.jpg\",\"width\":1920,\"height\":1281},{\"@type\":\"BreadcrumbList\",\"@id\":\"https:\/\/www.estrategiaconcursos.com.br\/blog\/essencial-de-atos-administrativos-sefaz-mg\/#breadcrumb\",\"itemListElement\":[{\"@type\":\"ListItem\",\"position\":1,\"name\":\"In\u00edcio\",\"item\":\"https:\/\/www.estrategiaconcursos.com.br\/blog\/\"},{\"@type\":\"ListItem\",\"position\":2,\"name\":\"Essencial de Atos Administrativos SEFAZ MG\"}]},{\"@type\":\"WebSite\",\"@id\":\"https:\/\/www.estrategiaconcursos.com.br\/blog\/#website\",\"url\":\"https:\/\/www.estrategiaconcursos.com.br\/blog\/\",\"name\":\"Estrat\u00e9gia Concursos\",\"description\":\"O blog da Estrat\u00e9gia Concursos traz not\u00edcias sobre concursos e artigos de professores oferecendo cursos para concursos (pdf + videaulas) no site.\",\"publisher\":{\"@id\":\"https:\/\/www.estrategiaconcursos.com.br\/blog\/#organization\"},\"potentialAction\":[{\"@type\":\"SearchAction\",\"target\":{\"@type\":\"EntryPoint\",\"urlTemplate\":\"https:\/\/www.estrategiaconcursos.com.br\/blog\/?s={search_term_string}\"},\"query-input\":{\"@type\":\"PropertyValueSpecification\",\"valueRequired\":true,\"valueName\":\"search_term_string\"}}],\"inLanguage\":\"pt-BR\"},{\"@type\":\"Organization\",\"@id\":\"https:\/\/www.estrategiaconcursos.com.br\/blog\/#organization\",\"name\":\"Estrat\u00e9gia Concursos\",\"url\":\"https:\/\/www.estrategiaconcursos.com.br\/blog\/\",\"logo\":{\"@type\":\"ImageObject\",\"inLanguage\":\"pt-BR\",\"@id\":\"https:\/\/www.estrategiaconcursos.com.br\/blog\/#\/schema\/logo\/image\/\",\"url\":\"https:\/\/dhg1h5j42swfq.cloudfront.net\/2025\/06\/03203428\/logo_concursos-1.jpg\",\"contentUrl\":\"https:\/\/dhg1h5j42swfq.cloudfront.net\/2025\/06\/03203428\/logo_concursos-1.jpg\",\"width\":230,\"height\":60,\"caption\":\"Estrat\u00e9gia Concursos\"},\"image\":{\"@id\":\"https:\/\/www.estrategiaconcursos.com.br\/blog\/#\/schema\/logo\/image\/\"},\"sameAs\":[\"https:\/\/x.com\/EstratConcursos\"]},{\"@type\":\"Person\",\"@id\":\"https:\/\/www.estrategiaconcursos.com.br\/blog\/#\/schema\/person\/aa0bf103f86069bff16b1ddfb510b18f\",\"name\":\"Rodrigo Augusto Batalha Alves\",\"image\":{\"@type\":\"ImageObject\",\"inLanguage\":\"pt-BR\",\"@id\":\"https:\/\/secure.gravatar.com\/avatar\/54f78a13020d62df814fe30a9ecf7fac2702db4f0b5ec9af6f0bc06ea8f1c178?s=96&d=mm&r=g\",\"url\":\"https:\/\/secure.gravatar.com\/avatar\/54f78a13020d62df814fe30a9ecf7fac2702db4f0b5ec9af6f0bc06ea8f1c178?s=96&d=mm&r=g\",\"contentUrl\":\"https:\/\/secure.gravatar.com\/avatar\/54f78a13020d62df814fe30a9ecf7fac2702db4f0b5ec9af6f0bc06ea8f1c178?s=96&d=mm&r=g\",\"caption\":\"Rodrigo Augusto Batalha Alves\"},\"description\":\"Cargo Atual: Auditor Fiscal da Receita do Distrito Federal; Aprova\u00e7\u00f5es: SEFAZ DF, Analista de Controle Externo do TCE PE, TRE RJ, TRE SP, Ag\u00eancia Nacional de Minera\u00e7\u00e3o (ANM), Col\u00e9gio Naval; Mestre em Direito pela Universidade Cat\u00f3lica de Bras\u00edlia; P\u00f3s-graduado em Direito Tribut\u00e1rio e Direito Econ\u00f4mico e Financeiro Graduado em Ci\u00eancias Atuariais.\",\"sameAs\":[\"https:\/\/www.instagram.com\/rd.batalha\/\"],\"url\":\"https:\/\/www.estrategiaconcursos.com.br\/blog\/author\/robat07gmail-com\/\"}]}<\/script>\n<!-- \/ Yoast SEO Premium plugin. -->","yoast_head_json":{"title":"Essencial de Atos Administrativos SEFAZ MG","description":"Saiba o essencial de Atos Administrativos para a SEFAZ MG!! Material gratuito com a qualidade do Estrat\u00e9gia Concursos!!","robots":{"index":"index","follow":"follow","max-snippet":"max-snippet:-1","max-image-preview":"max-image-preview:large","max-video-preview":"max-video-preview:-1"},"canonical":"https:\/\/www.estrategiaconcursos.com.br\/blog\/essencial-de-atos-administrativos-sefaz-mg\/","og_locale":"pt_BR","og_type":"article","og_title":"Essencial de Atos Administrativos SEFAZ MG","og_description":"Saiba o essencial de Atos Administrativos para a SEFAZ MG!! Material gratuito com a qualidade do Estrat\u00e9gia Concursos!!","og_url":"https:\/\/www.estrategiaconcursos.com.br\/blog\/essencial-de-atos-administrativos-sefaz-mg\/","og_site_name":"Estrat\u00e9gia Concursos","article_published_time":"2022-10-23T21:25:00+00:00","og_image":[{"width":1920,"height":1281,"url":"https:\/\/dhg1h5j42swfq.cloudfront.net\/2022\/09\/20111905\/excited-3126449_1920-1.jpg","type":"image\/jpeg"}],"author":"Rodrigo Augusto Batalha Alves","twitter_card":"summary_large_image","twitter_creator":"@EstratConcursos","twitter_site":"@EstratConcursos","twitter_misc":{"Escrito por":"Rodrigo Augusto Batalha Alves","Est. tempo de leitura":"12 minutos"},"schema":{"@context":"https:\/\/schema.org","@graph":[{"@type":"NewsArticle","@id":"https:\/\/www.estrategiaconcursos.com.br\/blog\/essencial-de-atos-administrativos-sefaz-mg\/#article","isPartOf":{"@id":"https:\/\/www.estrategiaconcursos.com.br\/blog\/essencial-de-atos-administrativos-sefaz-mg\/"},"author":{"name":"Rodrigo Augusto Batalha Alves","@id":"https:\/\/www.estrategiaconcursos.com.br\/blog\/#\/schema\/person\/aa0bf103f86069bff16b1ddfb510b18f"},"headline":"Essencial de Atos Administrativos SEFAZ MG","datePublished":"2022-10-23T21:25:00+00:00","mainEntityOfPage":{"@id":"https:\/\/www.estrategiaconcursos.com.br\/blog\/essencial-de-atos-administrativos-sefaz-mg\/"},"wordCount":2438,"commentCount":0,"publisher":{"@id":"https:\/\/www.estrategiaconcursos.com.br\/blog\/#organization"},"image":{"@id":"https:\/\/www.estrategiaconcursos.com.br\/blog\/essencial-de-atos-administrativos-sefaz-mg\/#primaryimage"},"thumbnailUrl":"https:\/\/dhg1h5j42swfq.cloudfront.net\/2022\/09\/20111905\/excited-3126449_1920-1.jpg","articleSection":["Concursos P\u00fablicos"],"inLanguage":"pt-BR","potentialAction":[{"@type":"CommentAction","name":"Comment","target":["https:\/\/www.estrategiaconcursos.com.br\/blog\/essencial-de-atos-administrativos-sefaz-mg\/#respond"]}],"copyrightYear":"2022","copyrightHolder":{"@id":"https:\/\/www.estrategiaconcursos.com.br\/blog\/#organization"}},{"@type":"WebPage","@id":"https:\/\/www.estrategiaconcursos.com.br\/blog\/essencial-de-atos-administrativos-sefaz-mg\/","url":"https:\/\/www.estrategiaconcursos.com.br\/blog\/essencial-de-atos-administrativos-sefaz-mg\/","name":"Essencial de Atos Administrativos SEFAZ MG","isPartOf":{"@id":"https:\/\/www.estrategiaconcursos.com.br\/blog\/#website"},"primaryImageOfPage":{"@id":"https:\/\/www.estrategiaconcursos.com.br\/blog\/essencial-de-atos-administrativos-sefaz-mg\/#primaryimage"},"image":{"@id":"https:\/\/www.estrategiaconcursos.com.br\/blog\/essencial-de-atos-administrativos-sefaz-mg\/#primaryimage"},"thumbnailUrl":"https:\/\/dhg1h5j42swfq.cloudfront.net\/2022\/09\/20111905\/excited-3126449_1920-1.jpg","datePublished":"2022-10-23T21:25:00+00:00","description":"Saiba o essencial de Atos Administrativos para a SEFAZ MG!! Material gratuito com a qualidade do Estrat\u00e9gia Concursos!!","breadcrumb":{"@id":"https:\/\/www.estrategiaconcursos.com.br\/blog\/essencial-de-atos-administrativos-sefaz-mg\/#breadcrumb"},"inLanguage":"pt-BR","potentialAction":[{"@type":"ReadAction","target":["https:\/\/www.estrategiaconcursos.com.br\/blog\/essencial-de-atos-administrativos-sefaz-mg\/"]}]},{"@type":"ImageObject","inLanguage":"pt-BR","@id":"https:\/\/www.estrategiaconcursos.com.br\/blog\/essencial-de-atos-administrativos-sefaz-mg\/#primaryimage","url":"https:\/\/dhg1h5j42swfq.cloudfront.net\/2022\/09\/20111905\/excited-3126449_1920-1.jpg","contentUrl":"https:\/\/dhg1h5j42swfq.cloudfront.net\/2022\/09\/20111905\/excited-3126449_1920-1.jpg","width":1920,"height":1281},{"@type":"BreadcrumbList","@id":"https:\/\/www.estrategiaconcursos.com.br\/blog\/essencial-de-atos-administrativos-sefaz-mg\/#breadcrumb","itemListElement":[{"@type":"ListItem","position":1,"name":"In\u00edcio","item":"https:\/\/www.estrategiaconcursos.com.br\/blog\/"},{"@type":"ListItem","position":2,"name":"Essencial de Atos Administrativos SEFAZ MG"}]},{"@type":"WebSite","@id":"https:\/\/www.estrategiaconcursos.com.br\/blog\/#website","url":"https:\/\/www.estrategiaconcursos.com.br\/blog\/","name":"Estrat\u00e9gia Concursos","description":"O blog da Estrat\u00e9gia Concursos traz not\u00edcias sobre concursos e artigos de professores oferecendo cursos para concursos (pdf + videaulas) no site.","publisher":{"@id":"https:\/\/www.estrategiaconcursos.com.br\/blog\/#organization"},"potentialAction":[{"@type":"SearchAction","target":{"@type":"EntryPoint","urlTemplate":"https:\/\/www.estrategiaconcursos.com.br\/blog\/?s={search_term_string}"},"query-input":{"@type":"PropertyValueSpecification","valueRequired":true,"valueName":"search_term_string"}}],"inLanguage":"pt-BR"},{"@type":"Organization","@id":"https:\/\/www.estrategiaconcursos.com.br\/blog\/#organization","name":"Estrat\u00e9gia Concursos","url":"https:\/\/www.estrategiaconcursos.com.br\/blog\/","logo":{"@type":"ImageObject","inLanguage":"pt-BR","@id":"https:\/\/www.estrategiaconcursos.com.br\/blog\/#\/schema\/logo\/image\/","url":"https:\/\/dhg1h5j42swfq.cloudfront.net\/2025\/06\/03203428\/logo_concursos-1.jpg","contentUrl":"https:\/\/dhg1h5j42swfq.cloudfront.net\/2025\/06\/03203428\/logo_concursos-1.jpg","width":230,"height":60,"caption":"Estrat\u00e9gia Concursos"},"image":{"@id":"https:\/\/www.estrategiaconcursos.com.br\/blog\/#\/schema\/logo\/image\/"},"sameAs":["https:\/\/x.com\/EstratConcursos"]},{"@type":"Person","@id":"https:\/\/www.estrategiaconcursos.com.br\/blog\/#\/schema\/person\/aa0bf103f86069bff16b1ddfb510b18f","name":"Rodrigo Augusto Batalha Alves","image":{"@type":"ImageObject","inLanguage":"pt-BR","@id":"https:\/\/secure.gravatar.com\/avatar\/54f78a13020d62df814fe30a9ecf7fac2702db4f0b5ec9af6f0bc06ea8f1c178?s=96&d=mm&r=g","url":"https:\/\/secure.gravatar.com\/avatar\/54f78a13020d62df814fe30a9ecf7fac2702db4f0b5ec9af6f0bc06ea8f1c178?s=96&d=mm&r=g","contentUrl":"https:\/\/secure.gravatar.com\/avatar\/54f78a13020d62df814fe30a9ecf7fac2702db4f0b5ec9af6f0bc06ea8f1c178?s=96&d=mm&r=g","caption":"Rodrigo Augusto Batalha Alves"},"description":"Cargo Atual: Auditor Fiscal da Receita do Distrito Federal; Aprova\u00e7\u00f5es: SEFAZ DF, Analista de Controle Externo do TCE PE, TRE RJ, TRE SP, Ag\u00eancia Nacional de Minera\u00e7\u00e3o (ANM), Col\u00e9gio Naval; Mestre em Direito pela Universidade Cat\u00f3lica de Bras\u00edlia; P\u00f3s-graduado em Direito Tribut\u00e1rio e Direito Econ\u00f4mico e Financeiro Graduado em Ci\u00eancias Atuariais.","sameAs":["https:\/\/www.instagram.com\/rd.batalha\/"],"url":"https:\/\/www.estrategiaconcursos.com.br\/blog\/author\/robat07gmail-com\/"}]}},"_links":{"self":[{"href":"https:\/\/www.estrategiaconcursos.com.br\/blog\/wp-json\/wp\/v2\/posts\/1097520","targetHints":{"allow":["GET"]}}],"collection":[{"href":"https:\/\/www.estrategiaconcursos.com.br\/blog\/wp-json\/wp\/v2\/posts"}],"about":[{"href":"https:\/\/www.estrategiaconcursos.com.br\/blog\/wp-json\/wp\/v2\/types\/post"}],"author":[{"embeddable":true,"href":"https:\/\/www.estrategiaconcursos.com.br\/blog\/wp-json\/wp\/v2\/users\/2202"}],"replies":[{"embeddable":true,"href":"https:\/\/www.estrategiaconcursos.com.br\/blog\/wp-json\/wp\/v2\/comments?post=1097520"}],"version-history":[{"count":2,"href":"https:\/\/www.estrategiaconcursos.com.br\/blog\/wp-json\/wp\/v2\/posts\/1097520\/revisions"}],"predecessor-version":[{"id":1107726,"href":"https:\/\/www.estrategiaconcursos.com.br\/blog\/wp-json\/wp\/v2\/posts\/1097520\/revisions\/1107726"}],"wp:featuredmedia":[{"embeddable":true,"href":"https:\/\/www.estrategiaconcursos.com.br\/blog\/wp-json\/wp\/v2\/media\/1097537"}],"wp:attachment":[{"href":"https:\/\/www.estrategiaconcursos.com.br\/blog\/wp-json\/wp\/v2\/media?parent=1097520"}],"wp:term":[{"taxonomy":"category","embeddable":true,"href":"https:\/\/www.estrategiaconcursos.com.br\/blog\/wp-json\/wp\/v2\/categories?post=1097520"},{"taxonomy":"post_tag","embeddable":true,"href":"https:\/\/www.estrategiaconcursos.com.br\/blog\/wp-json\/wp\/v2\/tags?post=1097520"},{"taxonomy":"tax_estado","embeddable":true,"href":"https:\/\/www.estrategiaconcursos.com.br\/blog\/wp-json\/wp\/v2\/tax_estado?post=1097520"}],"curies":[{"name":"wp","href":"https:\/\/api.w.org\/{rel}","templated":true}]}}