{"id":1096877,"date":"2022-10-21T09:46:00","date_gmt":"2022-10-21T12:46:00","guid":{"rendered":"https:\/\/www.estrategiaconcursos.com.br\/blog\/?p=1096877"},"modified":"2023-04-19T10:44:52","modified_gmt":"2023-04-19T13:44:52","slug":"direitos-sociais-sefaz-mg","status":"publish","type":"post","link":"https:\/\/www.estrategiaconcursos.com.br\/blog\/direitos-sociais-sefaz-mg\/","title":{"rendered":"Direitos Sociais para a SEFAZ-MG"},"content":{"rendered":"\n<p>Saiba os principais pontos do assunto Direitos Sociais para a SEFAZ-MG<\/p>\n\n\n\n<p>Fala, pessoal! Tudo certo?<\/p>\n\n\n\n<p>Neste artigo iremos abordar os principais t\u00f3picos concernentes ao tema Direitos Sociais, da disciplina Direito Constitucional para a <a href=\"http:\/\/www.fazenda.mg.gov.br\/\" target=\"_blank\" rel=\"noreferrer noopener\">SEFAZ-MG<\/a>, de modo <strong>que voc\u00ea possa capturar os pontos mais relevantes do assunto e balizar seus estudos por aquilo que \u00e9 mais cobrado.<\/strong><\/p>\n\n\n\n<p>A aplica\u00e7\u00e3o das provas para a SEFAZ-MG acontece nos dias 08 de janeiro (Objetiva) e 19 de mar\u00e7o de 2023 (Discursiva). Sob organiza\u00e7\u00e3o da FGV, s\u00e3o ofertadas 431 vagas para o cargo de Auditor Fiscal, nas especialidades de Tecnologia da Informa\u00e7\u00e3o, Tributa\u00e7\u00e3o e Auditoria e Fiscaliza\u00e7\u00e3o.<\/p>\n\n\n\n<p>O cargo exige n\u00edvel superior em qualquer \u00e1rea de forma\u00e7\u00e3o e possui sal\u00e1rio base de R$ 5.711,35 mais gratifica\u00e7\u00e3o vari\u00e1vel de at\u00e9 R$ 19.580,00<\/p>\n\n\n\n<figure class=\"wp-block-image aligncenter size-full is-resized\"><img loading=\"lazy\" decoding=\"async\" src=\"https:\/\/dhg1h5j42swfq.cloudfront.net\/2022\/08\/23164552\/sefaz-mg-8.jpg\" alt=\"Direitos Sociais SEFAZ MG\" class=\"wp-image-1082762\" width=\"641\" height=\"361\" srcset=\"https:\/\/dhg1h5j42swfq.cloudfront.net\/2022\/08\/23164552\/sefaz-mg-8.jpg 768w, https:\/\/dhg1h5j42swfq.cloudfront.net\/2022\/08\/23164552\/sefaz-mg-8-300x169.jpg 300w, https:\/\/dhg1h5j42swfq.cloudfront.net\/2022\/08\/23164552\/sefaz-mg-8-610x343.jpg 610w, https:\/\/dhg1h5j42swfq.cloudfront.net\/2022\/08\/23164552\/sefaz-mg-8-150x84.jpg 150w\" sizes=\"auto, (max-width: 641px) 100vw, 641px\" \/><\/figure>\n\n\n\n<p>Lembrando que, em nossos cursos para a SEFAZ MG, o tema Direitos Sociais, al\u00e9m de muitos outros,<strong> s\u00e3o explicados com muito mais detalhes e em maior profundidade, al\u00e9m de serem acompanhados da resolu\u00e7\u00e3o de quest\u00f5es<\/strong>. Assim, acesse nossos cursos para o Concurso da SEFAZ MG, elaborados pelos melhores professores da \u00e1rea.<\/p>\n\n\n\n<h2 class=\"wp-block-heading\">Direitos Sociais<\/h2>\n\n\n\n<p>Os direitos sociais consistem em direitos fundamentais de 2\u00aa gera\u00e7\u00e3o, que imp\u00f5em ao Estado uma \u201cobriga\u00e7\u00e3o de fazer\u201d, uma obriga\u00e7\u00e3o de ofertar presta\u00e7\u00f5es positivas em favor dos indiv\u00edduos, com o fim de materializar a igualdade material.<\/p>\n\n\n\n<p>Eles est\u00e3o presentes na Constitui\u00e7\u00e3o Federal nos art. 6\u00ba &#8211; art. 11, quais sejam a Educa\u00e7\u00e3o, sa\u00fade, alimenta\u00e7\u00e3o, trabalho, moradia, transporte, lazer, seguran\u00e7a, previd\u00eancia social, prote\u00e7\u00e3o \u00e0 maternidade e \u00e0 inf\u00e2ncia, assist\u00eancia aos desamparados. Mantenha em mente em sua prepara\u00e7\u00e3o para a SEFAZ MG que, segundo o STF, este \u00e9 um rol exemplificativo dos Direitos Sociais.<\/p>\n\n\n\n<p><strong>Os direitos sociais t\u00eam sua origem com a crise do Estado liberal, acarretada pelo intenso avan\u00e7o da industrializa\u00e7\u00e3o<\/strong>. Como os trabalhadores da f\u00e1brica viviam em sua maioria em condi\u00e7\u00f5es prec\u00e1rias, os movimentos reivindicat\u00f3rios passaram a exigir uma postura mais ativa do Estado, que n\u00e3o devia limitar-se a meramente n\u00e3o intervir, mas tamb\u00e9m atuar positivamente, garantindo condi\u00e7\u00f5es m\u00ednimas aos trabalhadores.<\/p>\n\n\n\n<h2 class=\"wp-block-heading\">Os direitos sociais e a \u201creserva do poss\u00edvel\u201d<\/h2>\n\n\n\n<p>A concretiza\u00e7\u00e3o dos direitos sociais depende majoritariamente de gastos estatais. Sendo assim, a teoria da reserva do poss\u00edvel prega que cabe ao Estado efetivar os direitos sociais, mas apenas \u201cna medida do financeiramente poss\u00edvel\u201d. A teoria da reserva do poss\u00edvel serve, portanto, para determinar os limites em que o Estado deixa de ser obrigado a dar efetividade aos direitos sociais.<\/p>\n\n\n\n<p><strong>Portanto, a efetiva\u00e7\u00e3o dos direitos sociais encontra dois limites: a sufici\u00eancia de recursos p\u00fablicos e a previs\u00e3o or\u00e7ament\u00e1ria da respectiva despesa.<\/strong><\/p>\n\n\n\n<p>O Estado, na sua tarefa de concretiza\u00e7\u00e3o dos direitos Sociais, deve garantir o m\u00ednimo existencial. Considera-se m\u00ednimo existencial o grupo de presta\u00e7\u00f5es essenciais que se deve fornecer ao ser humano para que ele tenha uma exist\u00eancia digna.<\/p>\n\n\n\n<p><strong>O princ\u00edpio do m\u00ednimo existencial \u00e9 compat\u00edvel e deve conviver com a cl\u00e1usula da reserva do poss\u00edvel, servindo como um limite \u00e0 sua aplica\u00e7\u00e3o.<\/strong><\/p>\n\n\n\n<h2 class=\"wp-block-heading\">A veda\u00e7\u00e3o ao retrocesso<\/h2>\n\n\n\n<p>Segundo Canotilho, baseado no princ\u00edpio do n\u00e3o retrocesso social, os direitos sociais, uma vez tendo sido previstos, passam a constituir tanto uma garantia institucional quanto um direito subjetivo. Isso limita o legislador e exige a realiza\u00e7\u00e3o de uma pol\u00edtica condizente com esses direitos.<\/p>\n\n\n\n<p><strong>Por este motivo, no dia da prova da SEFAZ MG, lembre-se que seriam consideradas inconstitucionais medidas estatais que simplesmente anulassem ou revogassem tais direitos sociais.<\/strong><\/p>\n\n\n\n<h2 class=\"wp-block-heading\">Direitos Sociais dos Trabalhadores<\/h2>\n\n\n\n<p>O art. 7\u00ba da Constitui\u00e7\u00e3o elenca os direitos sociais individuais dos trabalhadores.<\/p>\n\n\n\n<p>Art. 7\u00ba S\u00e3o direitos dos trabalhadores urbanos e rurais, al\u00e9m de outros que visem \u00e0 melhoria de sua condi\u00e7\u00e3o social:<\/p>\n\n\n\n<p>I &#8211; rela\u00e7\u00e3o de emprego protegida contra despedida arbitr\u00e1ria ou sem justa causa, nos termos de lei complementar, que prever\u00e1 indeniza\u00e7\u00e3o compensat\u00f3ria, dentre outros direitos;<\/p>\n\n\n\n<p>II &#8211; seguro-desemprego, em caso de desemprego involunt\u00e1rio;<\/p>\n\n\n\n<p>III &#8211; fundo de garantia do tempo de servi\u00e7o;<\/p>\n\n\n\n<p>IV &#8211; sal\u00e1rio m\u00ednimo, fixado em lei, nacionalmente unificado, capaz de atender a suas necessidades vitais b\u00e1sicas e \u00e0s de sua fam\u00edlia com moradia, alimenta\u00e7\u00e3o, educa\u00e7\u00e3o, sa\u00fade, lazer, vestu\u00e1rio, higiene, transporte e previd\u00eancia social, com reajustes peri\u00f3dicos que lhe preservem o poder aquisitivo, sendo vedada sua vincula\u00e7\u00e3o para qualquer fim;<\/p>\n\n\n\n<p>V &#8211; piso salarial proporcional \u00e0 extens\u00e3o e \u00e0 complexidade do trabalho;<\/p>\n\n\n\n<p>VI &#8211; irredutibilidade do sal\u00e1rio, salvo o disposto em conven\u00e7\u00e3o ou acordo coletivo;<\/p>\n\n\n\n<p>VII &#8211; garantia de sal\u00e1rio, nunca inferior ao m\u00ednimo, para os que percebem remunera\u00e7\u00e3o vari\u00e1vel;<\/p>\n\n\n\n<p>VIII &#8211; d\u00e9cimo terceiro sal\u00e1rio com base na remunera\u00e7\u00e3o integral ou no valor da aposentadoria;<\/p>\n\n\n\n<p>IX &#8211; remunera\u00e7\u00e3o do trabalho noturno superior \u00e0 do diurno;<\/p>\n\n\n\n<p>X &#8211; prote\u00e7\u00e3o do sal\u00e1rio na forma da lei, constituindo crime sua reten\u00e7\u00e3o dolosa;<\/p>\n\n\n\n<p>XI &#8211; participa\u00e7\u00e3o nos lucros, ou resultados, desvinculada da remunera\u00e7\u00e3o, e, excepcionalmente, participa\u00e7\u00e3o na gest\u00e3o da empresa, conforme definido em lei;<\/p>\n\n\n\n<p>(&#8230;)<\/p>\n\n\n\n<h2 class=\"wp-block-heading\">Finalizando &#8211; Direitos Sociais para a SEFAZ-MG<\/h2>\n\n\n\n<p>N\u00e3o esque\u00e7am que o conte\u00fado completo, com todos os detalhes, exemplos, esquemas e exerc\u00edcios resolvidos voc\u00eas encontram em nossos cursos completos para a SEFAZ MG. Espero que voc\u00eas tenham aproveitado esses recortes de conhecimentos para manter os estudos de Direito Constitucional em dia, sempre aliando o estudo da teoria \u00e0 realiza\u00e7\u00e3o de baterias de quest\u00f5es. \u00c9 crucial ficar bem afiado nos detalhes do tema Direitos Sociais para n\u00e3o ser surpreendido no dia da prova.<\/p>\n\n\n\n<p>Ent\u00e3o \u00e9 isso, pessoal!<\/p>\n\n\n\n<p>Um grande abra\u00e7o e bons estudos.<\/p>\n\n\n\n<p>Professor: Diogo Matias<\/p>\n\n\n\n<p>Instagram: @oprimoconcursado<\/p>\n\n\n\n<p><\/p>\n\n\n\n<h2 class=\"wp-block-heading has-text-align-center\" id=\"cursos-e-assinaturas\">Cursos e Assinaturas<\/h2>\n\n\n\n<p>Prepare-se com o melhor material e com quem mais aprova em Concursos P\u00fablicos em todo o pa\u00eds!<\/p>\n\n\n\n<p class=\"has-text-align-center has-white-color has-vivid-purple-background-color has-text-color has-background\"><a href=\"https:\/\/www.estrategiaconcursos.com.br\/blog\/concursos-abertos\/\" target=\"_blank\" rel=\"noreferrer noopener\"><strong>Concursos abert<\/strong>os<\/a><\/p>\n\n\n\n<p class=\"has-text-align-center has-white-color has-vivid-purple-background-color has-text-color has-background\"><a href=\"https:\/\/www.estrategiaconcursos.com.br\/blog\/concursos-2023\/\" target=\"_blank\" rel=\"noreferrer noopener\">Concursos 2023<\/a><\/p>\n","protected":false},"excerpt":{"rendered":"<p>Saiba os principais pontos do assunto Direitos Sociais para a SEFAZ-MG Fala, pessoal! Tudo certo? Neste artigo iremos abordar os principais t\u00f3picos concernentes ao tema Direitos Sociais, da disciplina Direito Constitucional para a SEFAZ-MG, de modo que voc\u00ea possa capturar os pontos mais relevantes do assunto e balizar seus estudos por aquilo que \u00e9 mais [&hellip;]<\/p>\n","protected":false},"author":1883,"featured_media":1082762,"comment_status":"open","ping_status":"closed","sticky":false,"template":"","format":"standard","meta":{"post_tipo":"article","footnotes":""},"categories":[1,1983,220182,220183],"tags":[],"tax_estado":[219964,219965,219966,219967,219968,219969,219963,219970,219971,219972,219973,219974,219975,219976,219977,219978,219979,219980,219981,219982,219983,219984,219985,219986,219987,219988,219989,219990],"class_list":["post-1096877","post","type-post","status-publish","format-standard","has-post-thumbnail","hentry","category-cursos-e-concursos","category-fiscal-estadual","category-fiscal-federal","category-fiscal-municipal","tax_estado-ac","tax_estado-al","tax_estado-am","tax_estado-ap","tax_estado-ba","tax_estado-ce","tax_estado-concursos-federais","tax_estado-df","tax_estado-es","tax_estado-go","tax_estado-ma","tax_estado-mg","tax_estado-ms","tax_estado-mt","tax_estado-pa","tax_estado-pb","tax_estado-pe","tax_estado-pi","tax_estado-pr","tax_estado-rj","tax_estado-rn","tax_estado-ro","tax_estado-rr","tax_estado-rs","tax_estado-sc","tax_estado-se","tax_estado-sp","tax_estado-to"],"acf":[],"yoast_head":"<!-- This site is optimized with the Yoast SEO Premium plugin v27.2 (Yoast SEO v27.2) - https:\/\/yoast.com\/product\/yoast-seo-premium-wordpress\/ -->\n<title>Direitos Sociais para a SEFAZ-MG<\/title>\n<meta name=\"description\" content=\"Descubra neste artigo os principais pontos concernentes ao assunto Direitos Sociais para o concurso da SEFAZ MG.\" \/>\n<meta name=\"robots\" content=\"index, follow, max-snippet:-1, max-image-preview:large, max-video-preview:-1\" \/>\n<link rel=\"canonical\" href=\"https:\/\/www.estrategiaconcursos.com.br\/blog\/direitos-sociais-sefaz-mg\/\" \/>\n<meta property=\"og:locale\" content=\"pt_BR\" \/>\n<meta property=\"og:type\" content=\"article\" \/>\n<meta property=\"og:title\" content=\"Direitos Sociais para a SEFAZ-MG\" \/>\n<meta property=\"og:description\" content=\"Descubra neste artigo os principais pontos concernentes ao assunto Direitos Sociais para o concurso da SEFAZ MG.\" \/>\n<meta property=\"og:url\" content=\"https:\/\/www.estrategiaconcursos.com.br\/blog\/direitos-sociais-sefaz-mg\/\" \/>\n<meta property=\"og:site_name\" content=\"Estrat\u00e9gia Concursos\" \/>\n<meta property=\"article:published_time\" content=\"2022-10-21T12:46:00+00:00\" \/>\n<meta property=\"article:modified_time\" content=\"2023-04-19T13:44:52+00:00\" \/>\n<meta property=\"og:image\" content=\"https:\/\/dhg1h5j42swfq.cloudfront.net\/2022\/08\/23164552\/sefaz-mg-8.jpg\" \/>\n\t<meta property=\"og:image:width\" content=\"768\" \/>\n\t<meta property=\"og:image:height\" content=\"432\" \/>\n\t<meta property=\"og:image:type\" content=\"image\/jpeg\" \/>\n<meta name=\"author\" content=\"Diogo Matias das Neves\" \/>\n<meta name=\"twitter:card\" content=\"summary_large_image\" \/>\n<meta name=\"twitter:creator\" content=\"@EstratConcursos\" \/>\n<meta name=\"twitter:site\" content=\"@EstratConcursos\" \/>\n<meta name=\"twitter:label1\" content=\"Escrito por\" \/>\n\t<meta name=\"twitter:data1\" content=\"Diogo Matias das Neves\" \/>\n\t<meta name=\"twitter:label2\" content=\"Est. tempo de leitura\" \/>\n\t<meta name=\"twitter:data2\" content=\"5 minutos\" \/>\n<script type=\"application\/ld+json\" class=\"yoast-schema-graph\">{\"@context\":\"https:\/\/schema.org\",\"@graph\":[{\"@type\":\"NewsArticle\",\"@id\":\"https:\/\/www.estrategiaconcursos.com.br\/blog\/direitos-sociais-sefaz-mg\/#article\",\"isPartOf\":{\"@id\":\"https:\/\/www.estrategiaconcursos.com.br\/blog\/direitos-sociais-sefaz-mg\/\"},\"author\":{\"name\":\"Diogo Matias das Neves\",\"@id\":\"https:\/\/www.estrategiaconcursos.com.br\/blog\/#\/schema\/person\/a6b715b51aa89043d0971f12cb5e68ba\"},\"headline\":\"Direitos Sociais para a SEFAZ-MG\",\"datePublished\":\"2022-10-21T12:46:00+00:00\",\"dateModified\":\"2023-04-19T13:44:52+00:00\",\"mainEntityOfPage\":{\"@id\":\"https:\/\/www.estrategiaconcursos.com.br\/blog\/direitos-sociais-sefaz-mg\/\"},\"wordCount\":1006,\"commentCount\":0,\"publisher\":{\"@id\":\"https:\/\/www.estrategiaconcursos.com.br\/blog\/#organization\"},\"image\":{\"@id\":\"https:\/\/www.estrategiaconcursos.com.br\/blog\/direitos-sociais-sefaz-mg\/#primaryimage\"},\"thumbnailUrl\":\"https:\/\/dhg1h5j42swfq.cloudfront.net\/2022\/08\/23164552\/sefaz-mg-8.jpg\",\"articleSection\":[\"Concursos P\u00fablicos\",\"Fiscal - Estadual (ICMS)\",\"Fiscal - Federal (RFB e AFT)\",\"Fiscal - Municipal (ISS)\"],\"inLanguage\":\"pt-BR\",\"potentialAction\":[{\"@type\":\"CommentAction\",\"name\":\"Comment\",\"target\":[\"https:\/\/www.estrategiaconcursos.com.br\/blog\/direitos-sociais-sefaz-mg\/#respond\"]}],\"copyrightYear\":\"2022\",\"copyrightHolder\":{\"@id\":\"https:\/\/www.estrategiaconcursos.com.br\/blog\/#organization\"}},{\"@type\":\"WebPage\",\"@id\":\"https:\/\/www.estrategiaconcursos.com.br\/blog\/direitos-sociais-sefaz-mg\/\",\"url\":\"https:\/\/www.estrategiaconcursos.com.br\/blog\/direitos-sociais-sefaz-mg\/\",\"name\":\"Direitos Sociais para a SEFAZ-MG\",\"isPartOf\":{\"@id\":\"https:\/\/www.estrategiaconcursos.com.br\/blog\/#website\"},\"primaryImageOfPage\":{\"@id\":\"https:\/\/www.estrategiaconcursos.com.br\/blog\/direitos-sociais-sefaz-mg\/#primaryimage\"},\"image\":{\"@id\":\"https:\/\/www.estrategiaconcursos.com.br\/blog\/direitos-sociais-sefaz-mg\/#primaryimage\"},\"thumbnailUrl\":\"https:\/\/dhg1h5j42swfq.cloudfront.net\/2022\/08\/23164552\/sefaz-mg-8.jpg\",\"datePublished\":\"2022-10-21T12:46:00+00:00\",\"dateModified\":\"2023-04-19T13:44:52+00:00\",\"description\":\"Descubra neste artigo os principais pontos concernentes ao assunto Direitos Sociais para o concurso da SEFAZ MG.\",\"breadcrumb\":{\"@id\":\"https:\/\/www.estrategiaconcursos.com.br\/blog\/direitos-sociais-sefaz-mg\/#breadcrumb\"},\"inLanguage\":\"pt-BR\",\"potentialAction\":[{\"@type\":\"ReadAction\",\"target\":[\"https:\/\/www.estrategiaconcursos.com.br\/blog\/direitos-sociais-sefaz-mg\/\"]}]},{\"@type\":\"ImageObject\",\"inLanguage\":\"pt-BR\",\"@id\":\"https:\/\/www.estrategiaconcursos.com.br\/blog\/direitos-sociais-sefaz-mg\/#primaryimage\",\"url\":\"https:\/\/dhg1h5j42swfq.cloudfront.net\/2022\/08\/23164552\/sefaz-mg-8.jpg\",\"contentUrl\":\"https:\/\/dhg1h5j42swfq.cloudfront.net\/2022\/08\/23164552\/sefaz-mg-8.jpg\",\"width\":768,\"height\":432,\"caption\":\"Inscri\u00e7\u00f5es do concurso Sefaz MG\"},{\"@type\":\"BreadcrumbList\",\"@id\":\"https:\/\/www.estrategiaconcursos.com.br\/blog\/direitos-sociais-sefaz-mg\/#breadcrumb\",\"itemListElement\":[{\"@type\":\"ListItem\",\"position\":1,\"name\":\"In\u00edcio\",\"item\":\"https:\/\/www.estrategiaconcursos.com.br\/blog\/\"},{\"@type\":\"ListItem\",\"position\":2,\"name\":\"Direitos Sociais para a SEFAZ-MG\"}]},{\"@type\":\"WebSite\",\"@id\":\"https:\/\/www.estrategiaconcursos.com.br\/blog\/#website\",\"url\":\"https:\/\/www.estrategiaconcursos.com.br\/blog\/\",\"name\":\"Estrat\u00e9gia Concursos\",\"description\":\"O blog da Estrat\u00e9gia Concursos traz not\u00edcias sobre concursos e artigos de professores oferecendo cursos para concursos (pdf + videaulas) no site.\",\"publisher\":{\"@id\":\"https:\/\/www.estrategiaconcursos.com.br\/blog\/#organization\"},\"potentialAction\":[{\"@type\":\"SearchAction\",\"target\":{\"@type\":\"EntryPoint\",\"urlTemplate\":\"https:\/\/www.estrategiaconcursos.com.br\/blog\/?s={search_term_string}\"},\"query-input\":{\"@type\":\"PropertyValueSpecification\",\"valueRequired\":true,\"valueName\":\"search_term_string\"}}],\"inLanguage\":\"pt-BR\"},{\"@type\":\"Organization\",\"@id\":\"https:\/\/www.estrategiaconcursos.com.br\/blog\/#organization\",\"name\":\"Estrat\u00e9gia Concursos\",\"url\":\"https:\/\/www.estrategiaconcursos.com.br\/blog\/\",\"logo\":{\"@type\":\"ImageObject\",\"inLanguage\":\"pt-BR\",\"@id\":\"https:\/\/www.estrategiaconcursos.com.br\/blog\/#\/schema\/logo\/image\/\",\"url\":\"https:\/\/dhg1h5j42swfq.cloudfront.net\/2025\/06\/03203428\/logo_concursos-1.jpg\",\"contentUrl\":\"https:\/\/dhg1h5j42swfq.cloudfront.net\/2025\/06\/03203428\/logo_concursos-1.jpg\",\"width\":230,\"height\":60,\"caption\":\"Estrat\u00e9gia Concursos\"},\"image\":{\"@id\":\"https:\/\/www.estrategiaconcursos.com.br\/blog\/#\/schema\/logo\/image\/\"},\"sameAs\":[\"https:\/\/x.com\/EstratConcursos\"]},{\"@type\":\"Person\",\"@id\":\"https:\/\/www.estrategiaconcursos.com.br\/blog\/#\/schema\/person\/a6b715b51aa89043d0971f12cb5e68ba\",\"name\":\"Diogo Matias das Neves\",\"image\":{\"@type\":\"ImageObject\",\"inLanguage\":\"pt-BR\",\"@id\":\"https:\/\/secure.gravatar.com\/avatar\/2873f549f0e5a79b8550a4ae26410232758ed10e5996ce0d191ba13dc4029866?s=96&d=mm&r=g\",\"url\":\"https:\/\/secure.gravatar.com\/avatar\/2873f549f0e5a79b8550a4ae26410232758ed10e5996ce0d191ba13dc4029866?s=96&d=mm&r=g\",\"contentUrl\":\"https:\/\/secure.gravatar.com\/avatar\/2873f549f0e5a79b8550a4ae26410232758ed10e5996ce0d191ba13dc4029866?s=96&d=mm&r=g\",\"caption\":\"Diogo Matias das Neves\"},\"url\":\"https:\/\/www.estrategiaconcursos.com.br\/blog\/author\/diogomnoutlook-com\/\"}]}<\/script>\n<!-- \/ Yoast SEO Premium plugin. -->","yoast_head_json":{"title":"Direitos Sociais para a SEFAZ-MG","description":"Descubra neste artigo os principais pontos concernentes ao assunto Direitos Sociais para o concurso da SEFAZ MG.","robots":{"index":"index","follow":"follow","max-snippet":"max-snippet:-1","max-image-preview":"max-image-preview:large","max-video-preview":"max-video-preview:-1"},"canonical":"https:\/\/www.estrategiaconcursos.com.br\/blog\/direitos-sociais-sefaz-mg\/","og_locale":"pt_BR","og_type":"article","og_title":"Direitos Sociais para a SEFAZ-MG","og_description":"Descubra neste artigo os principais pontos concernentes ao assunto Direitos Sociais para o concurso da SEFAZ MG.","og_url":"https:\/\/www.estrategiaconcursos.com.br\/blog\/direitos-sociais-sefaz-mg\/","og_site_name":"Estrat\u00e9gia Concursos","article_published_time":"2022-10-21T12:46:00+00:00","article_modified_time":"2023-04-19T13:44:52+00:00","og_image":[{"width":768,"height":432,"url":"https:\/\/dhg1h5j42swfq.cloudfront.net\/2022\/08\/23164552\/sefaz-mg-8.jpg","type":"image\/jpeg"}],"author":"Diogo Matias das Neves","twitter_card":"summary_large_image","twitter_creator":"@EstratConcursos","twitter_site":"@EstratConcursos","twitter_misc":{"Escrito por":"Diogo Matias das Neves","Est. tempo de leitura":"5 minutos"},"schema":{"@context":"https:\/\/schema.org","@graph":[{"@type":"NewsArticle","@id":"https:\/\/www.estrategiaconcursos.com.br\/blog\/direitos-sociais-sefaz-mg\/#article","isPartOf":{"@id":"https:\/\/www.estrategiaconcursos.com.br\/blog\/direitos-sociais-sefaz-mg\/"},"author":{"name":"Diogo Matias das Neves","@id":"https:\/\/www.estrategiaconcursos.com.br\/blog\/#\/schema\/person\/a6b715b51aa89043d0971f12cb5e68ba"},"headline":"Direitos Sociais para a SEFAZ-MG","datePublished":"2022-10-21T12:46:00+00:00","dateModified":"2023-04-19T13:44:52+00:00","mainEntityOfPage":{"@id":"https:\/\/www.estrategiaconcursos.com.br\/blog\/direitos-sociais-sefaz-mg\/"},"wordCount":1006,"commentCount":0,"publisher":{"@id":"https:\/\/www.estrategiaconcursos.com.br\/blog\/#organization"},"image":{"@id":"https:\/\/www.estrategiaconcursos.com.br\/blog\/direitos-sociais-sefaz-mg\/#primaryimage"},"thumbnailUrl":"https:\/\/dhg1h5j42swfq.cloudfront.net\/2022\/08\/23164552\/sefaz-mg-8.jpg","articleSection":["Concursos P\u00fablicos","Fiscal - Estadual (ICMS)","Fiscal - Federal (RFB e AFT)","Fiscal - Municipal (ISS)"],"inLanguage":"pt-BR","potentialAction":[{"@type":"CommentAction","name":"Comment","target":["https:\/\/www.estrategiaconcursos.com.br\/blog\/direitos-sociais-sefaz-mg\/#respond"]}],"copyrightYear":"2022","copyrightHolder":{"@id":"https:\/\/www.estrategiaconcursos.com.br\/blog\/#organization"}},{"@type":"WebPage","@id":"https:\/\/www.estrategiaconcursos.com.br\/blog\/direitos-sociais-sefaz-mg\/","url":"https:\/\/www.estrategiaconcursos.com.br\/blog\/direitos-sociais-sefaz-mg\/","name":"Direitos Sociais para a SEFAZ-MG","isPartOf":{"@id":"https:\/\/www.estrategiaconcursos.com.br\/blog\/#website"},"primaryImageOfPage":{"@id":"https:\/\/www.estrategiaconcursos.com.br\/blog\/direitos-sociais-sefaz-mg\/#primaryimage"},"image":{"@id":"https:\/\/www.estrategiaconcursos.com.br\/blog\/direitos-sociais-sefaz-mg\/#primaryimage"},"thumbnailUrl":"https:\/\/dhg1h5j42swfq.cloudfront.net\/2022\/08\/23164552\/sefaz-mg-8.jpg","datePublished":"2022-10-21T12:46:00+00:00","dateModified":"2023-04-19T13:44:52+00:00","description":"Descubra neste artigo os principais pontos concernentes ao assunto Direitos Sociais para o concurso da SEFAZ MG.","breadcrumb":{"@id":"https:\/\/www.estrategiaconcursos.com.br\/blog\/direitos-sociais-sefaz-mg\/#breadcrumb"},"inLanguage":"pt-BR","potentialAction":[{"@type":"ReadAction","target":["https:\/\/www.estrategiaconcursos.com.br\/blog\/direitos-sociais-sefaz-mg\/"]}]},{"@type":"ImageObject","inLanguage":"pt-BR","@id":"https:\/\/www.estrategiaconcursos.com.br\/blog\/direitos-sociais-sefaz-mg\/#primaryimage","url":"https:\/\/dhg1h5j42swfq.cloudfront.net\/2022\/08\/23164552\/sefaz-mg-8.jpg","contentUrl":"https:\/\/dhg1h5j42swfq.cloudfront.net\/2022\/08\/23164552\/sefaz-mg-8.jpg","width":768,"height":432,"caption":"Inscri\u00e7\u00f5es do concurso Sefaz MG"},{"@type":"BreadcrumbList","@id":"https:\/\/www.estrategiaconcursos.com.br\/blog\/direitos-sociais-sefaz-mg\/#breadcrumb","itemListElement":[{"@type":"ListItem","position":1,"name":"In\u00edcio","item":"https:\/\/www.estrategiaconcursos.com.br\/blog\/"},{"@type":"ListItem","position":2,"name":"Direitos Sociais para a SEFAZ-MG"}]},{"@type":"WebSite","@id":"https:\/\/www.estrategiaconcursos.com.br\/blog\/#website","url":"https:\/\/www.estrategiaconcursos.com.br\/blog\/","name":"Estrat\u00e9gia Concursos","description":"O blog da Estrat\u00e9gia Concursos traz not\u00edcias sobre concursos e artigos de professores oferecendo cursos para concursos (pdf + videaulas) no site.","publisher":{"@id":"https:\/\/www.estrategiaconcursos.com.br\/blog\/#organization"},"potentialAction":[{"@type":"SearchAction","target":{"@type":"EntryPoint","urlTemplate":"https:\/\/www.estrategiaconcursos.com.br\/blog\/?s={search_term_string}"},"query-input":{"@type":"PropertyValueSpecification","valueRequired":true,"valueName":"search_term_string"}}],"inLanguage":"pt-BR"},{"@type":"Organization","@id":"https:\/\/www.estrategiaconcursos.com.br\/blog\/#organization","name":"Estrat\u00e9gia Concursos","url":"https:\/\/www.estrategiaconcursos.com.br\/blog\/","logo":{"@type":"ImageObject","inLanguage":"pt-BR","@id":"https:\/\/www.estrategiaconcursos.com.br\/blog\/#\/schema\/logo\/image\/","url":"https:\/\/dhg1h5j42swfq.cloudfront.net\/2025\/06\/03203428\/logo_concursos-1.jpg","contentUrl":"https:\/\/dhg1h5j42swfq.cloudfront.net\/2025\/06\/03203428\/logo_concursos-1.jpg","width":230,"height":60,"caption":"Estrat\u00e9gia Concursos"},"image":{"@id":"https:\/\/www.estrategiaconcursos.com.br\/blog\/#\/schema\/logo\/image\/"},"sameAs":["https:\/\/x.com\/EstratConcursos"]},{"@type":"Person","@id":"https:\/\/www.estrategiaconcursos.com.br\/blog\/#\/schema\/person\/a6b715b51aa89043d0971f12cb5e68ba","name":"Diogo Matias das Neves","image":{"@type":"ImageObject","inLanguage":"pt-BR","@id":"https:\/\/secure.gravatar.com\/avatar\/2873f549f0e5a79b8550a4ae26410232758ed10e5996ce0d191ba13dc4029866?s=96&d=mm&r=g","url":"https:\/\/secure.gravatar.com\/avatar\/2873f549f0e5a79b8550a4ae26410232758ed10e5996ce0d191ba13dc4029866?s=96&d=mm&r=g","contentUrl":"https:\/\/secure.gravatar.com\/avatar\/2873f549f0e5a79b8550a4ae26410232758ed10e5996ce0d191ba13dc4029866?s=96&d=mm&r=g","caption":"Diogo Matias das Neves"},"url":"https:\/\/www.estrategiaconcursos.com.br\/blog\/author\/diogomnoutlook-com\/"}]}},"_links":{"self":[{"href":"https:\/\/www.estrategiaconcursos.com.br\/blog\/wp-json\/wp\/v2\/posts\/1096877","targetHints":{"allow":["GET"]}}],"collection":[{"href":"https:\/\/www.estrategiaconcursos.com.br\/blog\/wp-json\/wp\/v2\/posts"}],"about":[{"href":"https:\/\/www.estrategiaconcursos.com.br\/blog\/wp-json\/wp\/v2\/types\/post"}],"author":[{"embeddable":true,"href":"https:\/\/www.estrategiaconcursos.com.br\/blog\/wp-json\/wp\/v2\/users\/1883"}],"replies":[{"embeddable":true,"href":"https:\/\/www.estrategiaconcursos.com.br\/blog\/wp-json\/wp\/v2\/comments?post=1096877"}],"version-history":[{"count":3,"href":"https:\/\/www.estrategiaconcursos.com.br\/blog\/wp-json\/wp\/v2\/posts\/1096877\/revisions"}],"predecessor-version":[{"id":1204044,"href":"https:\/\/www.estrategiaconcursos.com.br\/blog\/wp-json\/wp\/v2\/posts\/1096877\/revisions\/1204044"}],"wp:featuredmedia":[{"embeddable":true,"href":"https:\/\/www.estrategiaconcursos.com.br\/blog\/wp-json\/wp\/v2\/media\/1082762"}],"wp:attachment":[{"href":"https:\/\/www.estrategiaconcursos.com.br\/blog\/wp-json\/wp\/v2\/media?parent=1096877"}],"wp:term":[{"taxonomy":"category","embeddable":true,"href":"https:\/\/www.estrategiaconcursos.com.br\/blog\/wp-json\/wp\/v2\/categories?post=1096877"},{"taxonomy":"post_tag","embeddable":true,"href":"https:\/\/www.estrategiaconcursos.com.br\/blog\/wp-json\/wp\/v2\/tags?post=1096877"},{"taxonomy":"tax_estado","embeddable":true,"href":"https:\/\/www.estrategiaconcursos.com.br\/blog\/wp-json\/wp\/v2\/tax_estado?post=1096877"}],"curies":[{"name":"wp","href":"https:\/\/api.w.org\/{rel}","templated":true}]}}