{"id":1095656,"date":"2022-09-15T17:14:00","date_gmt":"2022-09-15T20:14:00","guid":{"rendered":"https:\/\/www.estrategiaconcursos.com.br\/blog\/?p=1095656"},"modified":"2022-12-28T17:40:06","modified_gmt":"2022-12-28T20:40:06","slug":"calendario-exames-de-ordem-2023","status":"publish","type":"post","link":"https:\/\/www.estrategiaconcursos.com.br\/blog\/calendario-exames-de-ordem-2023\/","title":{"rendered":"OAB divulga calend\u00e1rio dos Exames de Ordem de 2023. Confira!"},"content":{"rendered":"\n<p>Foi divulgado nesta quinta-feira, 15 de setembro, o calend\u00e1rio com as datas dos pr\u00f3ximos Exames de Ordem para 2023. Confira <a href=\"https:\/\/www.oab.org.br\/noticia\/60226\/coordenadoria-do-exame-de-ordem-unificado-divulga-calendario-provisorio-para-2023\" target=\"_blank\" rel=\"noreferrer noopener\">AQUI<\/a> na \u00edntegra!<\/p>\n\n\n\n<p>Realizado tr\u00eas vezes ao ano, o Exame de Ordem \u00e9 requisito essencial para a solicita\u00e7\u00e3o de registro nos quadros da advocacia brasileira, como disp\u00f5e o artigo 8\u00ba, IV do Estatuto da Advocacia (Lei 8.906\/1994).<\/p>\n\n\n\n<figure class=\"wp-block-image aligncenter size-full is-resized\"><img loading=\"lazy\" decoding=\"async\" src=\"https:\/\/dhg1h5j42swfq.cloudfront.net\/2022\/09\/15180422\/image-212.png\" alt=\"calend\u00e1rio dos exames de ordem 2023\" class=\"wp-image-1095657\" width=\"486\" height=\"672\" srcset=\"https:\/\/dhg1h5j42swfq.cloudfront.net\/2022\/09\/15180422\/image-212.png 559w, https:\/\/dhg1h5j42swfq.cloudfront.net\/2022\/09\/15180422\/image-212-217x300.png 217w, https:\/\/dhg1h5j42swfq.cloudfront.net\/2022\/09\/15180422\/image-212-150x207.png 150w\" sizes=\"auto, (max-width: 486px) 100vw, 486px\" \/><figcaption>Calend\u00e1rio &#8211; Exame de Ordem 2023<\/figcaption><\/figure>\n\n\n\n<p>O Exame de ordem \u00e9 composto por duas fases, ambas&nbsp;eliminat\u00f3rias: a 1\u00aa consiste em uma prova objetiva e a 2\u00aa em uma prova pr\u00e1tico-profissional de car\u00e1ter dissertativo.<\/p>\n\n\n\n<p>As duas fases do Exame de Ordem s\u00e3o aplicadas em todo o pa\u00eds de forma simult\u00e2nea em cerca de 168 munic\u00edpios.<\/p>\n\n\n\n<p>Importante destacar que, caso o examinando n\u00e3o logre a aprova\u00e7\u00e3o na 2\u00aa Fase, \u00e9 poss\u00edvel reaproveitar o resultado da prova objetiva para a realiza\u00e7\u00e3o da prova pr\u00e1tico-profissional do Exame&nbsp;<strong>imediatamente subsequente,&nbsp;<\/strong>mediante o pagamento da taxa de inscri\u00e7\u00e3o correspondente.<\/p>\n\n\n\n<p>Os examinandos poder\u00e3o, no ato de inscri\u00e7\u00e3o,&nbsp;atualizar seus dados cadastrais. Isso inclui tanto a escolha do local de prova quanto da \u00e1rea da prova pr\u00e1tico-profissional.<\/p>\n\n\n\n<p>Conhe\u00e7a todos os detalhes da&nbsp;<a href=\"https:\/\/oab.estrategia.com\/portal\/repescagem-oab\/\" target=\"_blank\" rel=\"noreferrer noopener\">repescagem no Exame da OAB<\/a>.<\/p>\n\n\n\n<p>Para saber os detalhes dos pr\u00f3ximos Exames de Ordem 2023, basta acessar o artigo abaixo!<\/p>\n\n\n\n<p class=\"has-text-align-center has-background has-medium-font-size\" style=\"background-color:#b99ad970\"><strong><a href=\"https:\/\/oab.estrategia.com\/portal\/prova-oab\/\" target=\"_blank\" rel=\"noreferrer noopener\">Prova OAB<\/a><\/strong><\/p>\n\n\n\n<h2 class=\"has-text-align-center wp-block-heading\" id=\"h-quer-estudar-para-o-exame-de-ordem\">Quer estudar para o Exame de Ordem?<\/h2>\n\n\n\n<div class=\"container\" id=\"boxes\">\n  <div class=\"row\">\n\n    <div class=\"col-sm\">\n      <div class=\"questoes\" id=\"box-assinatura\">\n        <h3 class=\"titulo-assinatura\">Sistema de Quest\u00f5es<\/h3>\n        <p class=\"subtitulo-assinatura\">Assinatura Ilimitada*\n<\/p>\n        <div class=\"box-botao\">\n          <a class=\"btn-assinatura\" target=\"_blank\" href=\"https:\/\/www.estrategiaconcursos.com.br\/cursosPorConcurso\/sistema-de-questoes\/#\/\" role=\"button\" rel=\"noopener noreferrer\">ASSINE AGORA<\/a>\n        <\/div>\n      <\/div>\n      <p class=\"texto-auxiliar\">Estrat\u00e9gia Quest\u00f5es nasceu maior do que todos os concorrentes, com mais quest\u00f5es cadastradas e mais solu\u00e7\u00f5es por professores. Clique no link e aproveite os descontos e b\u00f4nus imperd\u00edveis!<\/p>\n    <\/div>\n  <\/div>\n<\/div>\n\n\n\n<p class=\"has-text-align-center\"><strong>Nossas redes sociais<\/strong><\/p>\n\n\n\n<p class=\"has-text-align-center has-pale-cyan-blue-background-color has-background has-small-font-size\"><a href=\"https:\/\/www.instagram.com\/estrategiaoab\/\" target=\"_blank\" rel=\"noreferrer noopener\">Instagram Estrat\u00e9gia OAB<\/a><\/p>\n\n\n\n<p class=\"has-text-align-center has-light-green-cyan-background-color has-background has-small-font-size\"><a href=\"https:\/\/www.youtube.com\/channel\/UC7rgrKTSF5aOrBGWOw60ovw\" target=\"_blank\" rel=\"noreferrer noopener\">YouTube Estrat\u00e9gia OAB<\/a><\/p>\n\n\n\n<p class=\"has-text-align-center has-very-light-gray-background-color has-background has-small-font-size\"><a href=\"http:\/\/bit.ly\/TelegramOAB\" target=\"_blank\" rel=\"noreferrer noopener\">Inscreva-se no Telegram<\/a><\/p>\n","protected":false},"excerpt":{"rendered":"<p>Foi divulgado nesta quinta-feira, 15 de setembro, o calend\u00e1rio com as datas dos pr\u00f3ximos Exames de Ordem para 2023. Confira AQUI na \u00edntegra! Realizado tr\u00eas vezes ao ano, o Exame de Ordem \u00e9 requisito essencial para a solicita\u00e7\u00e3o de registro nos quadros da advocacia brasileira, como disp\u00f5e o artigo 8\u00ba, IV do Estatuto da Advocacia [&hellip;]<\/p>\n","protected":false},"author":2134,"featured_media":1048090,"comment_status":"open","ping_status":"closed","sticky":false,"template":"","format":"standard","meta":{"post_tipo":"news","footnotes":""},"categories":[220219],"tags":[],"tax_estado":[219964,219965,219966,219967,219968,219969,219970,219971,219972,219973,219974,219975,219976,219977,219978,219979,219980,219981,219982,219983,219984,219985,219986,219987,219988,219989,219990],"class_list":["post-1095656","post","type-post","status-publish","format-standard","has-post-thumbnail","hentry","category-noticias","tax_estado-ac","tax_estado-al","tax_estado-am","tax_estado-ap","tax_estado-ba","tax_estado-ce","tax_estado-df","tax_estado-es","tax_estado-go","tax_estado-ma","tax_estado-mg","tax_estado-ms","tax_estado-mt","tax_estado-pa","tax_estado-pb","tax_estado-pe","tax_estado-pi","tax_estado-pr","tax_estado-rj","tax_estado-rn","tax_estado-ro","tax_estado-rr","tax_estado-rs","tax_estado-sc","tax_estado-se","tax_estado-sp","tax_estado-to"],"acf":[],"yoast_head":"<!-- This site is optimized with the Yoast SEO Premium plugin v27.2 (Yoast SEO v27.2) - https:\/\/yoast.com\/product\/yoast-seo-premium-wordpress\/ -->\n<title>OAB divulga calend\u00e1rio dos Exames de Ordem de 2023. Confira!<\/title>\n<meta name=\"description\" content=\"Divulgado o calend\u00e1rio dos Exames de Ordem de 2023. Confira no blog do Estrat\u00e9gia Concursos OAB os detalhes completos!\" \/>\n<meta name=\"robots\" content=\"index, follow, max-snippet:-1, max-image-preview:large, max-video-preview:-1\" \/>\n<link rel=\"canonical\" href=\"https:\/\/www.estrategiaconcursos.com.br\/blog\/calendario-exames-de-ordem-2023\/\" \/>\n<meta property=\"og:locale\" content=\"pt_BR\" \/>\n<meta property=\"og:type\" content=\"article\" \/>\n<meta property=\"og:title\" content=\"OAB divulga calend\u00e1rio dos Exames de Ordem de 2023. Confira!\" \/>\n<meta property=\"og:description\" content=\"Divulgado o calend\u00e1rio dos Exames de Ordem de 2023. Confira no blog do Estrat\u00e9gia Concursos OAB os detalhes completos!\" \/>\n<meta property=\"og:url\" content=\"https:\/\/www.estrategiaconcursos.com.br\/blog\/calendario-exames-de-ordem-2023\/\" \/>\n<meta property=\"og:site_name\" content=\"Estrat\u00e9gia Concursos\" \/>\n<meta property=\"article:published_time\" content=\"2022-09-15T20:14:00+00:00\" \/>\n<meta property=\"article:modified_time\" content=\"2022-12-28T20:40:06+00:00\" \/>\n<meta property=\"og:image\" content=\"https:\/\/dhg1h5j42swfq.cloudfront.net\/2022\/06\/21185936\/oab-1.jpeg\" \/>\n\t<meta property=\"og:image:width\" content=\"400\" \/>\n\t<meta property=\"og:image:height\" content=\"209\" \/>\n\t<meta property=\"og:image:type\" content=\"image\/jpeg\" \/>\n<meta name=\"author\" content=\"Rafaela Teixeira\" \/>\n<meta name=\"twitter:card\" content=\"summary_large_image\" \/>\n<meta name=\"twitter:creator\" content=\"@EstratConcursos\" \/>\n<meta name=\"twitter:site\" content=\"@EstratConcursos\" \/>\n<meta name=\"twitter:label1\" content=\"Escrito por\" \/>\n\t<meta name=\"twitter:data1\" content=\"Rafaela Teixeira\" \/>\n\t<meta name=\"twitter:label2\" content=\"Est. tempo de leitura\" \/>\n\t<meta name=\"twitter:data2\" content=\"1 minuto\" \/>\n<script type=\"application\/ld+json\" class=\"yoast-schema-graph\">{\"@context\":\"https:\/\/schema.org\",\"@graph\":[{\"@type\":\"NewsArticle\",\"@id\":\"https:\/\/www.estrategiaconcursos.com.br\/blog\/calendario-exames-de-ordem-2023\/#article\",\"isPartOf\":{\"@id\":\"https:\/\/www.estrategiaconcursos.com.br\/blog\/calendario-exames-de-ordem-2023\/\"},\"author\":{\"name\":\"Rafaela Teixeira\",\"@id\":\"https:\/\/www.estrategiaconcursos.com.br\/blog\/#\/schema\/person\/e75352021ea7f60781c599934f916eb1\"},\"headline\":\"OAB divulga calend\u00e1rio dos Exames de Ordem de 2023. Confira!\",\"datePublished\":\"2022-09-15T20:14:00+00:00\",\"dateModified\":\"2022-12-28T20:40:06+00:00\",\"mainEntityOfPage\":{\"@id\":\"https:\/\/www.estrategiaconcursos.com.br\/blog\/calendario-exames-de-ordem-2023\/\"},\"wordCount\":293,\"commentCount\":0,\"publisher\":{\"@id\":\"https:\/\/www.estrategiaconcursos.com.br\/blog\/#organization\"},\"image\":{\"@id\":\"https:\/\/www.estrategiaconcursos.com.br\/blog\/calendario-exames-de-ordem-2023\/#primaryimage\"},\"thumbnailUrl\":\"https:\/\/dhg1h5j42swfq.cloudfront.net\/2022\/06\/21185936\/oab-1.jpeg\",\"articleSection\":[\"\u00daltimas not\u00edcias\"],\"inLanguage\":\"pt-BR\",\"potentialAction\":[{\"@type\":\"CommentAction\",\"name\":\"Comment\",\"target\":[\"https:\/\/www.estrategiaconcursos.com.br\/blog\/calendario-exames-de-ordem-2023\/#respond\"]}],\"copyrightYear\":\"2022\",\"copyrightHolder\":{\"@id\":\"https:\/\/www.estrategiaconcursos.com.br\/blog\/#organization\"}},{\"@type\":\"WebPage\",\"@id\":\"https:\/\/www.estrategiaconcursos.com.br\/blog\/calendario-exames-de-ordem-2023\/\",\"url\":\"https:\/\/www.estrategiaconcursos.com.br\/blog\/calendario-exames-de-ordem-2023\/\",\"name\":\"OAB divulga calend\u00e1rio dos Exames de Ordem de 2023. Confira!\",\"isPartOf\":{\"@id\":\"https:\/\/www.estrategiaconcursos.com.br\/blog\/#website\"},\"primaryImageOfPage\":{\"@id\":\"https:\/\/www.estrategiaconcursos.com.br\/blog\/calendario-exames-de-ordem-2023\/#primaryimage\"},\"image\":{\"@id\":\"https:\/\/www.estrategiaconcursos.com.br\/blog\/calendario-exames-de-ordem-2023\/#primaryimage\"},\"thumbnailUrl\":\"https:\/\/dhg1h5j42swfq.cloudfront.net\/2022\/06\/21185936\/oab-1.jpeg\",\"datePublished\":\"2022-09-15T20:14:00+00:00\",\"dateModified\":\"2022-12-28T20:40:06+00:00\",\"description\":\"Divulgado o calend\u00e1rio dos Exames de Ordem de 2023. Confira no blog do Estrat\u00e9gia Concursos OAB os detalhes completos!\",\"breadcrumb\":{\"@id\":\"https:\/\/www.estrategiaconcursos.com.br\/blog\/calendario-exames-de-ordem-2023\/#breadcrumb\"},\"inLanguage\":\"pt-BR\",\"potentialAction\":[{\"@type\":\"ReadAction\",\"target\":[\"https:\/\/www.estrategiaconcursos.com.br\/blog\/calendario-exames-de-ordem-2023\/\"]}]},{\"@type\":\"ImageObject\",\"inLanguage\":\"pt-BR\",\"@id\":\"https:\/\/www.estrategiaconcursos.com.br\/blog\/calendario-exames-de-ordem-2023\/#primaryimage\",\"url\":\"https:\/\/dhg1h5j42swfq.cloudfront.net\/2022\/06\/21185936\/oab-1.jpeg\",\"contentUrl\":\"https:\/\/dhg1h5j42swfq.cloudfront.net\/2022\/06\/21185936\/oab-1.jpeg\",\"width\":400,\"height\":209,\"caption\":\"XXXV Exame de Ordem\"},{\"@type\":\"BreadcrumbList\",\"@id\":\"https:\/\/www.estrategiaconcursos.com.br\/blog\/calendario-exames-de-ordem-2023\/#breadcrumb\",\"itemListElement\":[{\"@type\":\"ListItem\",\"position\":1,\"name\":\"In\u00edcio\",\"item\":\"https:\/\/www.estrategiaconcursos.com.br\/blog\/\"},{\"@type\":\"ListItem\",\"position\":2,\"name\":\"OAB divulga calend\u00e1rio dos Exames de Ordem de 2023. Confira!\"}]},{\"@type\":\"WebSite\",\"@id\":\"https:\/\/www.estrategiaconcursos.com.br\/blog\/#website\",\"url\":\"https:\/\/www.estrategiaconcursos.com.br\/blog\/\",\"name\":\"Estrat\u00e9gia Concursos\",\"description\":\"O blog da Estrat\u00e9gia Concursos traz not\u00edcias sobre concursos e artigos de professores oferecendo cursos para concursos (pdf + videaulas) no site.\",\"publisher\":{\"@id\":\"https:\/\/www.estrategiaconcursos.com.br\/blog\/#organization\"},\"potentialAction\":[{\"@type\":\"SearchAction\",\"target\":{\"@type\":\"EntryPoint\",\"urlTemplate\":\"https:\/\/www.estrategiaconcursos.com.br\/blog\/?s={search_term_string}\"},\"query-input\":{\"@type\":\"PropertyValueSpecification\",\"valueRequired\":true,\"valueName\":\"search_term_string\"}}],\"inLanguage\":\"pt-BR\"},{\"@type\":\"Organization\",\"@id\":\"https:\/\/www.estrategiaconcursos.com.br\/blog\/#organization\",\"name\":\"Estrat\u00e9gia Concursos\",\"url\":\"https:\/\/www.estrategiaconcursos.com.br\/blog\/\",\"logo\":{\"@type\":\"ImageObject\",\"inLanguage\":\"pt-BR\",\"@id\":\"https:\/\/www.estrategiaconcursos.com.br\/blog\/#\/schema\/logo\/image\/\",\"url\":\"https:\/\/dhg1h5j42swfq.cloudfront.net\/2025\/06\/03203428\/logo_concursos-1.jpg\",\"contentUrl\":\"https:\/\/dhg1h5j42swfq.cloudfront.net\/2025\/06\/03203428\/logo_concursos-1.jpg\",\"width\":230,\"height\":60,\"caption\":\"Estrat\u00e9gia Concursos\"},\"image\":{\"@id\":\"https:\/\/www.estrategiaconcursos.com.br\/blog\/#\/schema\/logo\/image\/\"},\"sameAs\":[\"https:\/\/x.com\/EstratConcursos\"]},{\"@type\":\"Person\",\"@id\":\"https:\/\/www.estrategiaconcursos.com.br\/blog\/#\/schema\/person\/e75352021ea7f60781c599934f916eb1\",\"name\":\"Rafaela Teixeira\",\"image\":{\"@type\":\"ImageObject\",\"inLanguage\":\"pt-BR\",\"@id\":\"https:\/\/secure.gravatar.com\/avatar\/8a349a2b22039b1ee88fc06461487c950fd6aa411ea8af8633314b43334ae793?s=96&d=mm&r=g\",\"url\":\"https:\/\/secure.gravatar.com\/avatar\/8a349a2b22039b1ee88fc06461487c950fd6aa411ea8af8633314b43334ae793?s=96&d=mm&r=g\",\"contentUrl\":\"https:\/\/secure.gravatar.com\/avatar\/8a349a2b22039b1ee88fc06461487c950fd6aa411ea8af8633314b43334ae793?s=96&d=mm&r=g\",\"caption\":\"Rafaela Teixeira\"},\"description\":\"Rafaela Teixeira \u00e9 advogada conveniada \u00e0 Defensoria P\u00fablica de S\u00e3o Paulo pela OAB, com experi\u00eancia em reda\u00e7\u00e3o jur\u00eddica e atua\u00e7\u00e3o em institui\u00e7\u00f5es p\u00fablicas, incluindo est\u00e1gio no TRE-SP. Possui mais de 7 anos de experi\u00eancia na produ\u00e7\u00e3o de conte\u00fados voltados ao nicho de concursos p\u00fablicos, com foco em apura\u00e7\u00e3o jornal\u00edstica cont\u00ednua, an\u00e1lise de editais e obten\u00e7\u00e3o de informa\u00e7\u00f5es diretamente junto a \u00f3rg\u00e3os e fontes oficiais. No Blog do Estrat\u00e9gia Concursos, atua como Analista de Conte\u00fado S\u00eanior, respons\u00e1vel pelo jornalismo do per\u00edodo noturno e da madrugada, com atua\u00e7\u00e3o transversal na cobertura de concursos p\u00fablicos, garantindo a continuidade, fluidez e confiabilidade das publica\u00e7\u00f5es e dos bastidores dos certames.\",\"url\":\"https:\/\/www.estrategiaconcursos.com.br\/blog\/author\/rafaela-teixeira\/\"}]}<\/script>\n<!-- \/ Yoast SEO Premium plugin. -->","yoast_head_json":{"title":"OAB divulga calend\u00e1rio dos Exames de Ordem de 2023. Confira!","description":"Divulgado o calend\u00e1rio dos Exames de Ordem de 2023. Confira no blog do Estrat\u00e9gia Concursos OAB os detalhes completos!","robots":{"index":"index","follow":"follow","max-snippet":"max-snippet:-1","max-image-preview":"max-image-preview:large","max-video-preview":"max-video-preview:-1"},"canonical":"https:\/\/www.estrategiaconcursos.com.br\/blog\/calendario-exames-de-ordem-2023\/","og_locale":"pt_BR","og_type":"article","og_title":"OAB divulga calend\u00e1rio dos Exames de Ordem de 2023. Confira!","og_description":"Divulgado o calend\u00e1rio dos Exames de Ordem de 2023. Confira no blog do Estrat\u00e9gia Concursos OAB os detalhes completos!","og_url":"https:\/\/www.estrategiaconcursos.com.br\/blog\/calendario-exames-de-ordem-2023\/","og_site_name":"Estrat\u00e9gia Concursos","article_published_time":"2022-09-15T20:14:00+00:00","article_modified_time":"2022-12-28T20:40:06+00:00","og_image":[{"width":400,"height":209,"url":"https:\/\/dhg1h5j42swfq.cloudfront.net\/2022\/06\/21185936\/oab-1.jpeg","type":"image\/jpeg"}],"author":"Rafaela Teixeira","twitter_card":"summary_large_image","twitter_creator":"@EstratConcursos","twitter_site":"@EstratConcursos","twitter_misc":{"Escrito por":"Rafaela Teixeira","Est. tempo de leitura":"1 minuto"},"schema":{"@context":"https:\/\/schema.org","@graph":[{"@type":"NewsArticle","@id":"https:\/\/www.estrategiaconcursos.com.br\/blog\/calendario-exames-de-ordem-2023\/#article","isPartOf":{"@id":"https:\/\/www.estrategiaconcursos.com.br\/blog\/calendario-exames-de-ordem-2023\/"},"author":{"name":"Rafaela Teixeira","@id":"https:\/\/www.estrategiaconcursos.com.br\/blog\/#\/schema\/person\/e75352021ea7f60781c599934f916eb1"},"headline":"OAB divulga calend\u00e1rio dos Exames de Ordem de 2023. Confira!","datePublished":"2022-09-15T20:14:00+00:00","dateModified":"2022-12-28T20:40:06+00:00","mainEntityOfPage":{"@id":"https:\/\/www.estrategiaconcursos.com.br\/blog\/calendario-exames-de-ordem-2023\/"},"wordCount":293,"commentCount":0,"publisher":{"@id":"https:\/\/www.estrategiaconcursos.com.br\/blog\/#organization"},"image":{"@id":"https:\/\/www.estrategiaconcursos.com.br\/blog\/calendario-exames-de-ordem-2023\/#primaryimage"},"thumbnailUrl":"https:\/\/dhg1h5j42swfq.cloudfront.net\/2022\/06\/21185936\/oab-1.jpeg","articleSection":["\u00daltimas not\u00edcias"],"inLanguage":"pt-BR","potentialAction":[{"@type":"CommentAction","name":"Comment","target":["https:\/\/www.estrategiaconcursos.com.br\/blog\/calendario-exames-de-ordem-2023\/#respond"]}],"copyrightYear":"2022","copyrightHolder":{"@id":"https:\/\/www.estrategiaconcursos.com.br\/blog\/#organization"}},{"@type":"WebPage","@id":"https:\/\/www.estrategiaconcursos.com.br\/blog\/calendario-exames-de-ordem-2023\/","url":"https:\/\/www.estrategiaconcursos.com.br\/blog\/calendario-exames-de-ordem-2023\/","name":"OAB divulga calend\u00e1rio dos Exames de Ordem de 2023. Confira!","isPartOf":{"@id":"https:\/\/www.estrategiaconcursos.com.br\/blog\/#website"},"primaryImageOfPage":{"@id":"https:\/\/www.estrategiaconcursos.com.br\/blog\/calendario-exames-de-ordem-2023\/#primaryimage"},"image":{"@id":"https:\/\/www.estrategiaconcursos.com.br\/blog\/calendario-exames-de-ordem-2023\/#primaryimage"},"thumbnailUrl":"https:\/\/dhg1h5j42swfq.cloudfront.net\/2022\/06\/21185936\/oab-1.jpeg","datePublished":"2022-09-15T20:14:00+00:00","dateModified":"2022-12-28T20:40:06+00:00","description":"Divulgado o calend\u00e1rio dos Exames de Ordem de 2023. Confira no blog do Estrat\u00e9gia Concursos OAB os detalhes completos!","breadcrumb":{"@id":"https:\/\/www.estrategiaconcursos.com.br\/blog\/calendario-exames-de-ordem-2023\/#breadcrumb"},"inLanguage":"pt-BR","potentialAction":[{"@type":"ReadAction","target":["https:\/\/www.estrategiaconcursos.com.br\/blog\/calendario-exames-de-ordem-2023\/"]}]},{"@type":"ImageObject","inLanguage":"pt-BR","@id":"https:\/\/www.estrategiaconcursos.com.br\/blog\/calendario-exames-de-ordem-2023\/#primaryimage","url":"https:\/\/dhg1h5j42swfq.cloudfront.net\/2022\/06\/21185936\/oab-1.jpeg","contentUrl":"https:\/\/dhg1h5j42swfq.cloudfront.net\/2022\/06\/21185936\/oab-1.jpeg","width":400,"height":209,"caption":"XXXV Exame de Ordem"},{"@type":"BreadcrumbList","@id":"https:\/\/www.estrategiaconcursos.com.br\/blog\/calendario-exames-de-ordem-2023\/#breadcrumb","itemListElement":[{"@type":"ListItem","position":1,"name":"In\u00edcio","item":"https:\/\/www.estrategiaconcursos.com.br\/blog\/"},{"@type":"ListItem","position":2,"name":"OAB divulga calend\u00e1rio dos Exames de Ordem de 2023. Confira!"}]},{"@type":"WebSite","@id":"https:\/\/www.estrategiaconcursos.com.br\/blog\/#website","url":"https:\/\/www.estrategiaconcursos.com.br\/blog\/","name":"Estrat\u00e9gia Concursos","description":"O blog da Estrat\u00e9gia Concursos traz not\u00edcias sobre concursos e artigos de professores oferecendo cursos para concursos (pdf + videaulas) no site.","publisher":{"@id":"https:\/\/www.estrategiaconcursos.com.br\/blog\/#organization"},"potentialAction":[{"@type":"SearchAction","target":{"@type":"EntryPoint","urlTemplate":"https:\/\/www.estrategiaconcursos.com.br\/blog\/?s={search_term_string}"},"query-input":{"@type":"PropertyValueSpecification","valueRequired":true,"valueName":"search_term_string"}}],"inLanguage":"pt-BR"},{"@type":"Organization","@id":"https:\/\/www.estrategiaconcursos.com.br\/blog\/#organization","name":"Estrat\u00e9gia Concursos","url":"https:\/\/www.estrategiaconcursos.com.br\/blog\/","logo":{"@type":"ImageObject","inLanguage":"pt-BR","@id":"https:\/\/www.estrategiaconcursos.com.br\/blog\/#\/schema\/logo\/image\/","url":"https:\/\/dhg1h5j42swfq.cloudfront.net\/2025\/06\/03203428\/logo_concursos-1.jpg","contentUrl":"https:\/\/dhg1h5j42swfq.cloudfront.net\/2025\/06\/03203428\/logo_concursos-1.jpg","width":230,"height":60,"caption":"Estrat\u00e9gia Concursos"},"image":{"@id":"https:\/\/www.estrategiaconcursos.com.br\/blog\/#\/schema\/logo\/image\/"},"sameAs":["https:\/\/x.com\/EstratConcursos"]},{"@type":"Person","@id":"https:\/\/www.estrategiaconcursos.com.br\/blog\/#\/schema\/person\/e75352021ea7f60781c599934f916eb1","name":"Rafaela Teixeira","image":{"@type":"ImageObject","inLanguage":"pt-BR","@id":"https:\/\/secure.gravatar.com\/avatar\/8a349a2b22039b1ee88fc06461487c950fd6aa411ea8af8633314b43334ae793?s=96&d=mm&r=g","url":"https:\/\/secure.gravatar.com\/avatar\/8a349a2b22039b1ee88fc06461487c950fd6aa411ea8af8633314b43334ae793?s=96&d=mm&r=g","contentUrl":"https:\/\/secure.gravatar.com\/avatar\/8a349a2b22039b1ee88fc06461487c950fd6aa411ea8af8633314b43334ae793?s=96&d=mm&r=g","caption":"Rafaela Teixeira"},"description":"Rafaela Teixeira \u00e9 advogada conveniada \u00e0 Defensoria P\u00fablica de S\u00e3o Paulo pela OAB, com experi\u00eancia em reda\u00e7\u00e3o jur\u00eddica e atua\u00e7\u00e3o em institui\u00e7\u00f5es p\u00fablicas, incluindo est\u00e1gio no TRE-SP. Possui mais de 7 anos de experi\u00eancia na produ\u00e7\u00e3o de conte\u00fados voltados ao nicho de concursos p\u00fablicos, com foco em apura\u00e7\u00e3o jornal\u00edstica cont\u00ednua, an\u00e1lise de editais e obten\u00e7\u00e3o de informa\u00e7\u00f5es diretamente junto a \u00f3rg\u00e3os e fontes oficiais. No Blog do Estrat\u00e9gia Concursos, atua como Analista de Conte\u00fado S\u00eanior, respons\u00e1vel pelo jornalismo do per\u00edodo noturno e da madrugada, com atua\u00e7\u00e3o transversal na cobertura de concursos p\u00fablicos, garantindo a continuidade, fluidez e confiabilidade das publica\u00e7\u00f5es e dos bastidores dos certames.","url":"https:\/\/www.estrategiaconcursos.com.br\/blog\/author\/rafaela-teixeira\/"}]}},"_links":{"self":[{"href":"https:\/\/www.estrategiaconcursos.com.br\/blog\/wp-json\/wp\/v2\/posts\/1095656","targetHints":{"allow":["GET"]}}],"collection":[{"href":"https:\/\/www.estrategiaconcursos.com.br\/blog\/wp-json\/wp\/v2\/posts"}],"about":[{"href":"https:\/\/www.estrategiaconcursos.com.br\/blog\/wp-json\/wp\/v2\/types\/post"}],"author":[{"embeddable":true,"href":"https:\/\/www.estrategiaconcursos.com.br\/blog\/wp-json\/wp\/v2\/users\/2134"}],"replies":[{"embeddable":true,"href":"https:\/\/www.estrategiaconcursos.com.br\/blog\/wp-json\/wp\/v2\/comments?post=1095656"}],"version-history":[{"count":7,"href":"https:\/\/www.estrategiaconcursos.com.br\/blog\/wp-json\/wp\/v2\/posts\/1095656\/revisions"}],"predecessor-version":[{"id":1144449,"href":"https:\/\/www.estrategiaconcursos.com.br\/blog\/wp-json\/wp\/v2\/posts\/1095656\/revisions\/1144449"}],"wp:featuredmedia":[{"embeddable":true,"href":"https:\/\/www.estrategiaconcursos.com.br\/blog\/wp-json\/wp\/v2\/media\/1048090"}],"wp:attachment":[{"href":"https:\/\/www.estrategiaconcursos.com.br\/blog\/wp-json\/wp\/v2\/media?parent=1095656"}],"wp:term":[{"taxonomy":"category","embeddable":true,"href":"https:\/\/www.estrategiaconcursos.com.br\/blog\/wp-json\/wp\/v2\/categories?post=1095656"},{"taxonomy":"post_tag","embeddable":true,"href":"https:\/\/www.estrategiaconcursos.com.br\/blog\/wp-json\/wp\/v2\/tags?post=1095656"},{"taxonomy":"tax_estado","embeddable":true,"href":"https:\/\/www.estrategiaconcursos.com.br\/blog\/wp-json\/wp\/v2\/tax_estado?post=1095656"}],"curies":[{"name":"wp","href":"https:\/\/api.w.org\/{rel}","templated":true}]}}