{"id":1095426,"date":"2022-09-15T15:46:16","date_gmt":"2022-09-15T18:46:16","guid":{"rendered":"https:\/\/www.estrategiaconcursos.com.br\/blog\/?p=1095426"},"modified":"2022-09-16T15:48:14","modified_gmt":"2022-09-16T18:48:14","slug":"concurso-sefaz-rr-edital-ainda-hoje","status":"publish","type":"post","link":"https:\/\/www.estrategiaconcursos.com.br\/blog\/concurso-sefaz-rr-edital-ainda-hoje\/","title":{"rendered":"Concurso Sefaz RR: edital HOJE; inscri\u00e7\u00f5es se iniciam amanh\u00e3!"},"content":{"rendered":"\n<p><strong>O edital do concurso Sefaz RR <\/strong>(Secretaria de Fazenda de Roraima) ser\u00e1 publicado<strong> ainda hoje, 15 de setembro<\/strong>, com inscri\u00e7\u00f5es previstas para iniciarem amanh\u00e3. As informa\u00e7\u00f5es foram confirmadas pela organizadora do certame, o <strong>IDECAN<\/strong>. <\/p>\n\n\n\n<p>Os interessados em participar da sele\u00e7\u00e3o ter\u00e3o que se inscrever at\u00e9 o dia <strong>17 de outubro, atrav\u00e9s do site da <a href=\"http:\/\/www.idecan.org.br\/\" target=\"_blank\" rel=\"noreferrer noopener\">banca<\/a>. <\/strong>Al\u00e9m disso, tamb\u00e9m ser\u00e1 necess\u00e1rio pagar uma taxa nos valores de R$ 64 ou R$ 102, dependendo do cargo. <\/p>\n\n\n\n<p>J\u00e1 a <strong>realiza\u00e7\u00e3o das provas est\u00e1 prevista para ocorrer no dia 11 de dezembro<\/strong>, domingo, na cidade de Boas Vista. Ademais, os candidatos ter\u00e3o que enfrentar tr\u00eas etapas durante o decorrer do concurso, sendo elas:<\/p>\n\n\n\n<ul class=\"wp-block-list\"><li><strong>Provas Objetivas<\/strong>, de car\u00e1ter eliminat\u00f3rio e classificat\u00f3rio,&nbsp;para todos os cargos;<\/li><li><strong>Curso de Treinamento<\/strong>, de car\u00e1ter eliminat\u00f3rio e classificat\u00f3rio,&nbsp;para T\u00e9cnico de Tributos;<\/li><li><strong>Avalia\u00e7\u00e3o de T\u00edtulos<\/strong>, de car\u00e1ter Classificat\u00f3rio,&nbsp;para os cargos da Cefit.<\/li><\/ul>\n\n\n\n<figure class=\"wp-block-image aligncenter size-full is-resized\"><img loading=\"lazy\" decoding=\"async\" src=\"https:\/\/dhg1h5j42swfq.cloudfront.net\/2022\/09\/15155054\/sefaz-rr-1.jpg\" alt=\"Concurso Sefaz RR ter\u00e1 edital publicado ainda hoje (15\/09)\" class=\"wp-image-1095456\" width=\"811\" height=\"471\" srcset=\"https:\/\/dhg1h5j42swfq.cloudfront.net\/2022\/09\/15155054\/sefaz-rr-1.jpg 1024w, https:\/\/dhg1h5j42swfq.cloudfront.net\/2022\/09\/15155054\/sefaz-rr-1-300x174.jpg 300w, https:\/\/dhg1h5j42swfq.cloudfront.net\/2022\/09\/15155054\/sefaz-rr-1-768x446.jpg 768w, https:\/\/dhg1h5j42swfq.cloudfront.net\/2022\/09\/15155054\/sefaz-rr-1-610x354.jpg 610w, https:\/\/dhg1h5j42swfq.cloudfront.net\/2022\/09\/15155054\/sefaz-rr-1-150x87.jpg 150w\" sizes=\"auto, (max-width: 811px) 100vw, 811px\" \/><figcaption>Concurso Sefaz RR ter\u00e1 edital publicado ainda hoje (15\/09)<\/figcaption><\/figure>\n\n\n\n<p>Ser\u00e3o ofertadas <strong>54 vagas imediatas e 228 de cadastro reserva. S\u00e3o seis cargos que exigem forma\u00e7\u00f5es acad\u00eamicas de n\u00edveis m\u00e9dio e superior<\/strong>: <em>t\u00e9cnico de tributos estaduais; desenvolvedor de software; implementador de software; administrador de bancos de dados; administrador de redes de dados e<br \/>t\u00e9cnico em infraestrutura de tecnologia da informa\u00e7\u00e3o. <\/em><\/p>\n\n\n\n<p>Enquanto os sal\u00e1rios iniciais podem chegar a R$ 5.037 \u2013 sem contar com o adicional de insalubridade para o trabalho em zonas de fronteira. As jornadas de trabalho ser\u00e3o de at\u00e9 40 horas semanais. <\/p>\n\n\n\n<p class=\"has-text-align-center\"><em>Ficou interessado nessas e outras informa\u00e7\u00f5es acerca do edital do concurso Sefaz RR que ser\u00e1 publicado ainda hoje? Ent\u00e3o acesse agora mesmo o artigo exclusivo e muito mais completo que preparamos especialmente para voc\u00ea:<\/em><\/p>\n\n\n\n<p class=\"has-text-align-center has-background\" style=\"background-color:#ccecff;font-size:clamp(14.642px, 0.915rem + ((1vw - 3.2px) * 0.721), 22px);\"><strong>Saiba mais: <a href=\"https:\/\/www.estrategiaconcursos.com.br\/blog\/concurso-sefaz-rr\/\" target=\"_blank\" rel=\"noreferrer noopener\">Concurso Sefaz RR<\/a><\/strong><\/p>\n\n\n\n<h2 class=\"has-text-align-center wp-block-heading\" id=\"quer\">Quer estudar para o concurso Sefaz RR?<\/h2>\n\n\n\n<div class=\"container\" id=\"boxes\">\n  <div class=\"row\">\n\n    <div class=\"col-sm\">\n      <div class=\"banner-estrategia\" id=\"box-assinatura\">\n        <h3 class=\"titulo-assinatura\">Concurso Sefaz RR<\/h3>\n        <p class=\"subtitulo-assinatura\">Conhe\u00e7a os cursos<\/p>\n        <div class=\"box-botao\">\n          <a class=\"btn-assinatura\" target=\"_blank\" href=\"https:\/\/www.estrategiaconcursos.com.br\/cursosPorConcurso\/secretaria-da-fazenda-do-estado-de-roraima-sefaz-rr\/\" role=\"button\" rel=\"noopener noreferrer\">Conhe\u00e7a mais<\/a>\n        <\/div>\n      <\/div><\/div><\/div><\/div>\n\n\n\n<div class=\"container\" id=\"boxes\">\n  <div class=\"row\">\n\n    <div class=\"col-sm\">\n      <div class=\"estrategia\" id=\"box-assinatura\">\n        <h3 class=\"titulo-assinatura\">Assinatura Concursos<\/h3>\n        <p class=\"subtitulo-assinatura\">Assinatura de 1 ano ou 2 anos<\/p>\n        <div class=\"box-botao\">\n          <a class=\"btn-assinatura\" target=\"_blank\" href=\"https:\/\/www.estrategiaconcursos.com.br\/assinaturas\/\" role=\"button\" rel=\"noopener noreferrer\">ASSINE AGORA<\/a>\n        <\/div>\n      <\/div><\/div><\/div><\/div>\n\n\n\n<h2 class=\"has-text-align-center wp-block-heading\" id=\"quer-saber-tudo-sobre-concursos-previstos-confira-nossos-artigos\">Quer saber tudo sobre concursos previstos?<br \/>Confira nossos artigos!<\/h2>\n\n\n\n<ul class=\"wp-block-list\"><li><a href=\"https:\/\/www.estrategiaconcursos.com.br\/blog\/concursos-abertos\/\" target=\"_blank\" rel=\"noreferrer noopener\">Concursos Abertos<\/a><\/li><li><a href=\"https:\/\/www.estrategiaconcursos.com.br\/blog\/concursos-2022\/\" target=\"_blank\" rel=\"noreferrer noopener\">Concursos 2022<\/a><\/li><li><a href=\"https:\/\/www.estrategiaconcursos.com.br\/blog\/concursos-2023\/\" target=\"_blank\" rel=\"noreferrer noopener\">Concursos 2023<\/a><\/li><\/ul>\n","protected":false},"excerpt":{"rendered":"<p>O edital do concurso Sefaz RR (Secretaria de Fazenda de Roraima) ser\u00e1 publicado ainda hoje, 15 de setembro, com inscri\u00e7\u00f5es previstas para iniciarem amanh\u00e3. As informa\u00e7\u00f5es foram confirmadas pela organizadora do certame, o IDECAN. Os interessados em participar da sele\u00e7\u00e3o ter\u00e3o que se inscrever at\u00e9 o dia 17 de outubro, atrav\u00e9s do site da banca. [&hellip;]<\/p>\n","protected":false},"author":656,"featured_media":849443,"comment_status":"open","ping_status":"closed","sticky":false,"template":"","format":"standard","meta":{"post_tipo":"news","footnotes":""},"categories":[1983,220219],"tags":[],"tax_estado":[219985],"class_list":["post-1095426","post","type-post","status-publish","format-standard","has-post-thumbnail","hentry","category-fiscal-estadual","category-noticias","tax_estado-rr"],"acf":[],"yoast_head":"<!-- This site is optimized with the Yoast SEO Premium plugin v27.2 (Yoast SEO v27.2) - https:\/\/yoast.com\/product\/yoast-seo-premium-wordpress\/ -->\n<title>Concurso Sefaz RR: edital HOJE; inscri\u00e7\u00f5es se iniciam amanh\u00e3!<\/title>\n<meta name=\"description\" content=\"Concurso Sefaz RR ter\u00e1 edital e inscri\u00e7\u00f5es ainda hoje, 15 de setembro. J\u00e1 as provas est\u00e3o previstas para dezembro. Saiba mais!\" \/>\n<meta name=\"robots\" content=\"index, follow, max-snippet:-1, max-image-preview:large, max-video-preview:-1\" \/>\n<link rel=\"canonical\" href=\"https:\/\/www.estrategiaconcursos.com.br\/blog\/concurso-sefaz-rr-edital-ainda-hoje\/\" \/>\n<meta property=\"og:locale\" content=\"pt_BR\" \/>\n<meta property=\"og:type\" content=\"article\" \/>\n<meta property=\"og:title\" content=\"Concurso Sefaz RR: edital HOJE; inscri\u00e7\u00f5es se iniciam amanh\u00e3!\" \/>\n<meta property=\"og:description\" content=\"Concurso Sefaz RR ter\u00e1 edital e inscri\u00e7\u00f5es ainda hoje, 15 de setembro. J\u00e1 as provas est\u00e3o previstas para dezembro. Saiba mais!\" \/>\n<meta property=\"og:url\" content=\"https:\/\/www.estrategiaconcursos.com.br\/blog\/concurso-sefaz-rr-edital-ainda-hoje\/\" \/>\n<meta property=\"og:site_name\" content=\"Estrat\u00e9gia Concursos\" \/>\n<meta property=\"article:published_time\" content=\"2022-09-15T18:46:16+00:00\" \/>\n<meta property=\"article:modified_time\" content=\"2022-09-16T18:48:14+00:00\" \/>\n<meta property=\"og:image\" content=\"https:\/\/dhg1h5j42swfq.cloudfront.net\/2021\/09\/30180911\/sefaz-rr-1.png\" \/>\n\t<meta property=\"og:image:width\" content=\"1200\" \/>\n\t<meta property=\"og:image:height\" content=\"628\" \/>\n\t<meta property=\"og:image:type\" content=\"image\/png\" \/>\n<meta name=\"author\" content=\"F\u00e1bio Scaldelai\" \/>\n<meta name=\"twitter:card\" content=\"summary_large_image\" \/>\n<meta name=\"twitter:creator\" content=\"@EstratConcursos\" \/>\n<meta name=\"twitter:site\" content=\"@EstratConcursos\" \/>\n<meta name=\"twitter:label1\" content=\"Escrito por\" \/>\n\t<meta name=\"twitter:data1\" content=\"F\u00e1bio Scaldelai\" \/>\n\t<meta name=\"twitter:label2\" content=\"Est. tempo de leitura\" \/>\n\t<meta name=\"twitter:data2\" content=\"2 minutos\" \/>\n<script type=\"application\/ld+json\" class=\"yoast-schema-graph\">{\"@context\":\"https:\/\/schema.org\",\"@graph\":[{\"@type\":\"NewsArticle\",\"@id\":\"https:\/\/www.estrategiaconcursos.com.br\/blog\/concurso-sefaz-rr-edital-ainda-hoje\/#article\",\"isPartOf\":{\"@id\":\"https:\/\/www.estrategiaconcursos.com.br\/blog\/concurso-sefaz-rr-edital-ainda-hoje\/\"},\"author\":{\"name\":\"F\u00e1bio Scaldelai\",\"@id\":\"https:\/\/www.estrategiaconcursos.com.br\/blog\/#\/schema\/person\/e3b6b7ce0192dd4ad270655969d61750\"},\"headline\":\"Concurso Sefaz RR: edital HOJE; inscri\u00e7\u00f5es se iniciam amanh\u00e3!\",\"datePublished\":\"2022-09-15T18:46:16+00:00\",\"dateModified\":\"2022-09-16T18:48:14+00:00\",\"mainEntityOfPage\":{\"@id\":\"https:\/\/www.estrategiaconcursos.com.br\/blog\/concurso-sefaz-rr-edital-ainda-hoje\/\"},\"wordCount\":350,\"commentCount\":0,\"publisher\":{\"@id\":\"https:\/\/www.estrategiaconcursos.com.br\/blog\/#organization\"},\"image\":{\"@id\":\"https:\/\/www.estrategiaconcursos.com.br\/blog\/concurso-sefaz-rr-edital-ainda-hoje\/#primaryimage\"},\"thumbnailUrl\":\"https:\/\/dhg1h5j42swfq.cloudfront.net\/2021\/09\/30180911\/sefaz-rr-1.png\",\"articleSection\":[\"Fiscal - Estadual (ICMS)\",\"\u00daltimas not\u00edcias\"],\"inLanguage\":\"pt-BR\",\"potentialAction\":[{\"@type\":\"CommentAction\",\"name\":\"Comment\",\"target\":[\"https:\/\/www.estrategiaconcursos.com.br\/blog\/concurso-sefaz-rr-edital-ainda-hoje\/#respond\"]}],\"copyrightYear\":\"2022\",\"copyrightHolder\":{\"@id\":\"https:\/\/www.estrategiaconcursos.com.br\/blog\/#organization\"}},{\"@type\":\"WebPage\",\"@id\":\"https:\/\/www.estrategiaconcursos.com.br\/blog\/concurso-sefaz-rr-edital-ainda-hoje\/\",\"url\":\"https:\/\/www.estrategiaconcursos.com.br\/blog\/concurso-sefaz-rr-edital-ainda-hoje\/\",\"name\":\"Concurso Sefaz RR: edital HOJE; inscri\u00e7\u00f5es se iniciam amanh\u00e3!\",\"isPartOf\":{\"@id\":\"https:\/\/www.estrategiaconcursos.com.br\/blog\/#website\"},\"primaryImageOfPage\":{\"@id\":\"https:\/\/www.estrategiaconcursos.com.br\/blog\/concurso-sefaz-rr-edital-ainda-hoje\/#primaryimage\"},\"image\":{\"@id\":\"https:\/\/www.estrategiaconcursos.com.br\/blog\/concurso-sefaz-rr-edital-ainda-hoje\/#primaryimage\"},\"thumbnailUrl\":\"https:\/\/dhg1h5j42swfq.cloudfront.net\/2021\/09\/30180911\/sefaz-rr-1.png\",\"datePublished\":\"2022-09-15T18:46:16+00:00\",\"dateModified\":\"2022-09-16T18:48:14+00:00\",\"description\":\"Concurso Sefaz RR ter\u00e1 edital e inscri\u00e7\u00f5es ainda hoje, 15 de setembro. J\u00e1 as provas est\u00e3o previstas para dezembro. Saiba mais!\",\"breadcrumb\":{\"@id\":\"https:\/\/www.estrategiaconcursos.com.br\/blog\/concurso-sefaz-rr-edital-ainda-hoje\/#breadcrumb\"},\"inLanguage\":\"pt-BR\",\"potentialAction\":[{\"@type\":\"ReadAction\",\"target\":[\"https:\/\/www.estrategiaconcursos.com.br\/blog\/concurso-sefaz-rr-edital-ainda-hoje\/\"]}]},{\"@type\":\"ImageObject\",\"inLanguage\":\"pt-BR\",\"@id\":\"https:\/\/www.estrategiaconcursos.com.br\/blog\/concurso-sefaz-rr-edital-ainda-hoje\/#primaryimage\",\"url\":\"https:\/\/dhg1h5j42swfq.cloudfront.net\/2021\/09\/30180911\/sefaz-rr-1.png\",\"contentUrl\":\"https:\/\/dhg1h5j42swfq.cloudfront.net\/2021\/09\/30180911\/sefaz-rr-1.png\",\"width\":1200,\"height\":628,\"caption\":\"Novo concurso Sefaz RR \u00e9 anunciado pelo Governador!\"},{\"@type\":\"BreadcrumbList\",\"@id\":\"https:\/\/www.estrategiaconcursos.com.br\/blog\/concurso-sefaz-rr-edital-ainda-hoje\/#breadcrumb\",\"itemListElement\":[{\"@type\":\"ListItem\",\"position\":1,\"name\":\"In\u00edcio\",\"item\":\"https:\/\/www.estrategiaconcursos.com.br\/blog\/\"},{\"@type\":\"ListItem\",\"position\":2,\"name\":\"Concurso Sefaz RR: edital HOJE; inscri\u00e7\u00f5es se iniciam amanh\u00e3!\"}]},{\"@type\":\"WebSite\",\"@id\":\"https:\/\/www.estrategiaconcursos.com.br\/blog\/#website\",\"url\":\"https:\/\/www.estrategiaconcursos.com.br\/blog\/\",\"name\":\"Estrat\u00e9gia Concursos\",\"description\":\"O blog da Estrat\u00e9gia Concursos traz not\u00edcias sobre concursos e artigos de professores oferecendo cursos para concursos (pdf + videaulas) no site.\",\"publisher\":{\"@id\":\"https:\/\/www.estrategiaconcursos.com.br\/blog\/#organization\"},\"potentialAction\":[{\"@type\":\"SearchAction\",\"target\":{\"@type\":\"EntryPoint\",\"urlTemplate\":\"https:\/\/www.estrategiaconcursos.com.br\/blog\/?s={search_term_string}\"},\"query-input\":{\"@type\":\"PropertyValueSpecification\",\"valueRequired\":true,\"valueName\":\"search_term_string\"}}],\"inLanguage\":\"pt-BR\"},{\"@type\":\"Organization\",\"@id\":\"https:\/\/www.estrategiaconcursos.com.br\/blog\/#organization\",\"name\":\"Estrat\u00e9gia Concursos\",\"url\":\"https:\/\/www.estrategiaconcursos.com.br\/blog\/\",\"logo\":{\"@type\":\"ImageObject\",\"inLanguage\":\"pt-BR\",\"@id\":\"https:\/\/www.estrategiaconcursos.com.br\/blog\/#\/schema\/logo\/image\/\",\"url\":\"https:\/\/dhg1h5j42swfq.cloudfront.net\/2025\/06\/03203428\/logo_concursos-1.jpg\",\"contentUrl\":\"https:\/\/dhg1h5j42swfq.cloudfront.net\/2025\/06\/03203428\/logo_concursos-1.jpg\",\"width\":230,\"height\":60,\"caption\":\"Estrat\u00e9gia Concursos\"},\"image\":{\"@id\":\"https:\/\/www.estrategiaconcursos.com.br\/blog\/#\/schema\/logo\/image\/\"},\"sameAs\":[\"https:\/\/x.com\/EstratConcursos\"]},{\"@type\":\"Person\",\"@id\":\"https:\/\/www.estrategiaconcursos.com.br\/blog\/#\/schema\/person\/e3b6b7ce0192dd4ad270655969d61750\",\"name\":\"F\u00e1bio Scaldelai\",\"image\":{\"@type\":\"ImageObject\",\"inLanguage\":\"pt-BR\",\"@id\":\"https:\/\/secure.gravatar.com\/avatar\/8ed7492c4d88d8495bc0cb24cda6847b8ae23eec459a919e08e77d0ca0fd79ec?s=96&d=mm&r=g\",\"url\":\"https:\/\/secure.gravatar.com\/avatar\/8ed7492c4d88d8495bc0cb24cda6847b8ae23eec459a919e08e77d0ca0fd79ec?s=96&d=mm&r=g\",\"contentUrl\":\"https:\/\/secure.gravatar.com\/avatar\/8ed7492c4d88d8495bc0cb24cda6847b8ae23eec459a919e08e77d0ca0fd79ec?s=96&d=mm&r=g\",\"caption\":\"F\u00e1bio Scaldelai\"},\"description\":\"Jornalista no Estrat\u00e9gia Concursos e Produtor de Televis\u00e3o, formado em Jornalismo, R\u00e1dio e TV pela Faculdade Integrada Rio Branco, com especializa\u00e7\u00f5es em Gest\u00e3o Empresarial e Marketing pelo M\u00f3dulo. Atuou como produtor no SBT, TV Bandeirantes e R\u00e1dio Band FM, al\u00e9m de acumular tr\u00eas anos de experi\u00eancia no setor de concursos p\u00fablicos pela LFG (Luiz Fl\u00e1vio Gomes). No Estrat\u00e9gia Concursos, atua na apura\u00e7\u00e3o de not\u00edcias da \u00e1rea fiscal, al\u00e9m de coberturas sobre concursos das \u00e1reas de controle (TCU, TCE, etc), concurso AFT, \u00e1rea de gest\u00e3o e administrativa, bem como dos \u00f3rg\u00e3os participantes do CNU. Tamb\u00e9m possui experi\u00eancia em link building e an\u00e1lise de m\u00eddia, adquirida durante sua atua\u00e7\u00e3o na ag\u00eancia SEO Marketing.\",\"url\":\"https:\/\/www.estrategiaconcursos.com.br\/blog\/author\/fabio-scaldelaiestrategiaconcursos-com-br\/\"}]}<\/script>\n<!-- \/ Yoast SEO Premium plugin. -->","yoast_head_json":{"title":"Concurso Sefaz RR: edital HOJE; inscri\u00e7\u00f5es se iniciam amanh\u00e3!","description":"Concurso Sefaz RR ter\u00e1 edital e inscri\u00e7\u00f5es ainda hoje, 15 de setembro. J\u00e1 as provas est\u00e3o previstas para dezembro. Saiba mais!","robots":{"index":"index","follow":"follow","max-snippet":"max-snippet:-1","max-image-preview":"max-image-preview:large","max-video-preview":"max-video-preview:-1"},"canonical":"https:\/\/www.estrategiaconcursos.com.br\/blog\/concurso-sefaz-rr-edital-ainda-hoje\/","og_locale":"pt_BR","og_type":"article","og_title":"Concurso Sefaz RR: edital HOJE; inscri\u00e7\u00f5es se iniciam amanh\u00e3!","og_description":"Concurso Sefaz RR ter\u00e1 edital e inscri\u00e7\u00f5es ainda hoje, 15 de setembro. J\u00e1 as provas est\u00e3o previstas para dezembro. Saiba mais!","og_url":"https:\/\/www.estrategiaconcursos.com.br\/blog\/concurso-sefaz-rr-edital-ainda-hoje\/","og_site_name":"Estrat\u00e9gia Concursos","article_published_time":"2022-09-15T18:46:16+00:00","article_modified_time":"2022-09-16T18:48:14+00:00","og_image":[{"width":1200,"height":628,"url":"https:\/\/dhg1h5j42swfq.cloudfront.net\/2021\/09\/30180911\/sefaz-rr-1.png","type":"image\/png"}],"author":"F\u00e1bio Scaldelai","twitter_card":"summary_large_image","twitter_creator":"@EstratConcursos","twitter_site":"@EstratConcursos","twitter_misc":{"Escrito por":"F\u00e1bio Scaldelai","Est. tempo de leitura":"2 minutos"},"schema":{"@context":"https:\/\/schema.org","@graph":[{"@type":"NewsArticle","@id":"https:\/\/www.estrategiaconcursos.com.br\/blog\/concurso-sefaz-rr-edital-ainda-hoje\/#article","isPartOf":{"@id":"https:\/\/www.estrategiaconcursos.com.br\/blog\/concurso-sefaz-rr-edital-ainda-hoje\/"},"author":{"name":"F\u00e1bio Scaldelai","@id":"https:\/\/www.estrategiaconcursos.com.br\/blog\/#\/schema\/person\/e3b6b7ce0192dd4ad270655969d61750"},"headline":"Concurso Sefaz RR: edital HOJE; inscri\u00e7\u00f5es se iniciam amanh\u00e3!","datePublished":"2022-09-15T18:46:16+00:00","dateModified":"2022-09-16T18:48:14+00:00","mainEntityOfPage":{"@id":"https:\/\/www.estrategiaconcursos.com.br\/blog\/concurso-sefaz-rr-edital-ainda-hoje\/"},"wordCount":350,"commentCount":0,"publisher":{"@id":"https:\/\/www.estrategiaconcursos.com.br\/blog\/#organization"},"image":{"@id":"https:\/\/www.estrategiaconcursos.com.br\/blog\/concurso-sefaz-rr-edital-ainda-hoje\/#primaryimage"},"thumbnailUrl":"https:\/\/dhg1h5j42swfq.cloudfront.net\/2021\/09\/30180911\/sefaz-rr-1.png","articleSection":["Fiscal - Estadual (ICMS)","\u00daltimas not\u00edcias"],"inLanguage":"pt-BR","potentialAction":[{"@type":"CommentAction","name":"Comment","target":["https:\/\/www.estrategiaconcursos.com.br\/blog\/concurso-sefaz-rr-edital-ainda-hoje\/#respond"]}],"copyrightYear":"2022","copyrightHolder":{"@id":"https:\/\/www.estrategiaconcursos.com.br\/blog\/#organization"}},{"@type":"WebPage","@id":"https:\/\/www.estrategiaconcursos.com.br\/blog\/concurso-sefaz-rr-edital-ainda-hoje\/","url":"https:\/\/www.estrategiaconcursos.com.br\/blog\/concurso-sefaz-rr-edital-ainda-hoje\/","name":"Concurso Sefaz RR: edital HOJE; inscri\u00e7\u00f5es se iniciam amanh\u00e3!","isPartOf":{"@id":"https:\/\/www.estrategiaconcursos.com.br\/blog\/#website"},"primaryImageOfPage":{"@id":"https:\/\/www.estrategiaconcursos.com.br\/blog\/concurso-sefaz-rr-edital-ainda-hoje\/#primaryimage"},"image":{"@id":"https:\/\/www.estrategiaconcursos.com.br\/blog\/concurso-sefaz-rr-edital-ainda-hoje\/#primaryimage"},"thumbnailUrl":"https:\/\/dhg1h5j42swfq.cloudfront.net\/2021\/09\/30180911\/sefaz-rr-1.png","datePublished":"2022-09-15T18:46:16+00:00","dateModified":"2022-09-16T18:48:14+00:00","description":"Concurso Sefaz RR ter\u00e1 edital e inscri\u00e7\u00f5es ainda hoje, 15 de setembro. J\u00e1 as provas est\u00e3o previstas para dezembro. Saiba mais!","breadcrumb":{"@id":"https:\/\/www.estrategiaconcursos.com.br\/blog\/concurso-sefaz-rr-edital-ainda-hoje\/#breadcrumb"},"inLanguage":"pt-BR","potentialAction":[{"@type":"ReadAction","target":["https:\/\/www.estrategiaconcursos.com.br\/blog\/concurso-sefaz-rr-edital-ainda-hoje\/"]}]},{"@type":"ImageObject","inLanguage":"pt-BR","@id":"https:\/\/www.estrategiaconcursos.com.br\/blog\/concurso-sefaz-rr-edital-ainda-hoje\/#primaryimage","url":"https:\/\/dhg1h5j42swfq.cloudfront.net\/2021\/09\/30180911\/sefaz-rr-1.png","contentUrl":"https:\/\/dhg1h5j42swfq.cloudfront.net\/2021\/09\/30180911\/sefaz-rr-1.png","width":1200,"height":628,"caption":"Novo concurso Sefaz RR \u00e9 anunciado pelo Governador!"},{"@type":"BreadcrumbList","@id":"https:\/\/www.estrategiaconcursos.com.br\/blog\/concurso-sefaz-rr-edital-ainda-hoje\/#breadcrumb","itemListElement":[{"@type":"ListItem","position":1,"name":"In\u00edcio","item":"https:\/\/www.estrategiaconcursos.com.br\/blog\/"},{"@type":"ListItem","position":2,"name":"Concurso Sefaz RR: edital HOJE; inscri\u00e7\u00f5es se iniciam amanh\u00e3!"}]},{"@type":"WebSite","@id":"https:\/\/www.estrategiaconcursos.com.br\/blog\/#website","url":"https:\/\/www.estrategiaconcursos.com.br\/blog\/","name":"Estrat\u00e9gia Concursos","description":"O blog da Estrat\u00e9gia Concursos traz not\u00edcias sobre concursos e artigos de professores oferecendo cursos para concursos (pdf + videaulas) no site.","publisher":{"@id":"https:\/\/www.estrategiaconcursos.com.br\/blog\/#organization"},"potentialAction":[{"@type":"SearchAction","target":{"@type":"EntryPoint","urlTemplate":"https:\/\/www.estrategiaconcursos.com.br\/blog\/?s={search_term_string}"},"query-input":{"@type":"PropertyValueSpecification","valueRequired":true,"valueName":"search_term_string"}}],"inLanguage":"pt-BR"},{"@type":"Organization","@id":"https:\/\/www.estrategiaconcursos.com.br\/blog\/#organization","name":"Estrat\u00e9gia Concursos","url":"https:\/\/www.estrategiaconcursos.com.br\/blog\/","logo":{"@type":"ImageObject","inLanguage":"pt-BR","@id":"https:\/\/www.estrategiaconcursos.com.br\/blog\/#\/schema\/logo\/image\/","url":"https:\/\/dhg1h5j42swfq.cloudfront.net\/2025\/06\/03203428\/logo_concursos-1.jpg","contentUrl":"https:\/\/dhg1h5j42swfq.cloudfront.net\/2025\/06\/03203428\/logo_concursos-1.jpg","width":230,"height":60,"caption":"Estrat\u00e9gia Concursos"},"image":{"@id":"https:\/\/www.estrategiaconcursos.com.br\/blog\/#\/schema\/logo\/image\/"},"sameAs":["https:\/\/x.com\/EstratConcursos"]},{"@type":"Person","@id":"https:\/\/www.estrategiaconcursos.com.br\/blog\/#\/schema\/person\/e3b6b7ce0192dd4ad270655969d61750","name":"F\u00e1bio Scaldelai","image":{"@type":"ImageObject","inLanguage":"pt-BR","@id":"https:\/\/secure.gravatar.com\/avatar\/8ed7492c4d88d8495bc0cb24cda6847b8ae23eec459a919e08e77d0ca0fd79ec?s=96&d=mm&r=g","url":"https:\/\/secure.gravatar.com\/avatar\/8ed7492c4d88d8495bc0cb24cda6847b8ae23eec459a919e08e77d0ca0fd79ec?s=96&d=mm&r=g","contentUrl":"https:\/\/secure.gravatar.com\/avatar\/8ed7492c4d88d8495bc0cb24cda6847b8ae23eec459a919e08e77d0ca0fd79ec?s=96&d=mm&r=g","caption":"F\u00e1bio Scaldelai"},"description":"Jornalista no Estrat\u00e9gia Concursos e Produtor de Televis\u00e3o, formado em Jornalismo, R\u00e1dio e TV pela Faculdade Integrada Rio Branco, com especializa\u00e7\u00f5es em Gest\u00e3o Empresarial e Marketing pelo M\u00f3dulo. Atuou como produtor no SBT, TV Bandeirantes e R\u00e1dio Band FM, al\u00e9m de acumular tr\u00eas anos de experi\u00eancia no setor de concursos p\u00fablicos pela LFG (Luiz Fl\u00e1vio Gomes). No Estrat\u00e9gia Concursos, atua na apura\u00e7\u00e3o de not\u00edcias da \u00e1rea fiscal, al\u00e9m de coberturas sobre concursos das \u00e1reas de controle (TCU, TCE, etc), concurso AFT, \u00e1rea de gest\u00e3o e administrativa, bem como dos \u00f3rg\u00e3os participantes do CNU. Tamb\u00e9m possui experi\u00eancia em link building e an\u00e1lise de m\u00eddia, adquirida durante sua atua\u00e7\u00e3o na ag\u00eancia SEO Marketing.","url":"https:\/\/www.estrategiaconcursos.com.br\/blog\/author\/fabio-scaldelaiestrategiaconcursos-com-br\/"}]}},"_links":{"self":[{"href":"https:\/\/www.estrategiaconcursos.com.br\/blog\/wp-json\/wp\/v2\/posts\/1095426","targetHints":{"allow":["GET"]}}],"collection":[{"href":"https:\/\/www.estrategiaconcursos.com.br\/blog\/wp-json\/wp\/v2\/posts"}],"about":[{"href":"https:\/\/www.estrategiaconcursos.com.br\/blog\/wp-json\/wp\/v2\/types\/post"}],"author":[{"embeddable":true,"href":"https:\/\/www.estrategiaconcursos.com.br\/blog\/wp-json\/wp\/v2\/users\/656"}],"replies":[{"embeddable":true,"href":"https:\/\/www.estrategiaconcursos.com.br\/blog\/wp-json\/wp\/v2\/comments?post=1095426"}],"version-history":[{"count":23,"href":"https:\/\/www.estrategiaconcursos.com.br\/blog\/wp-json\/wp\/v2\/posts\/1095426\/revisions"}],"predecessor-version":[{"id":1096277,"href":"https:\/\/www.estrategiaconcursos.com.br\/blog\/wp-json\/wp\/v2\/posts\/1095426\/revisions\/1096277"}],"wp:featuredmedia":[{"embeddable":true,"href":"https:\/\/www.estrategiaconcursos.com.br\/blog\/wp-json\/wp\/v2\/media\/849443"}],"wp:attachment":[{"href":"https:\/\/www.estrategiaconcursos.com.br\/blog\/wp-json\/wp\/v2\/media?parent=1095426"}],"wp:term":[{"taxonomy":"category","embeddable":true,"href":"https:\/\/www.estrategiaconcursos.com.br\/blog\/wp-json\/wp\/v2\/categories?post=1095426"},{"taxonomy":"post_tag","embeddable":true,"href":"https:\/\/www.estrategiaconcursos.com.br\/blog\/wp-json\/wp\/v2\/tags?post=1095426"},{"taxonomy":"tax_estado","embeddable":true,"href":"https:\/\/www.estrategiaconcursos.com.br\/blog\/wp-json\/wp\/v2\/tax_estado?post=1095426"}],"curies":[{"name":"wp","href":"https:\/\/api.w.org\/{rel}","templated":true}]}}