{"id":1095349,"date":"2022-09-15T15:18:43","date_gmt":"2022-09-15T18:18:43","guid":{"rendered":"https:\/\/www.estrategiaconcursos.com.br\/blog\/?p=1095349"},"modified":"2022-09-15T16:36:09","modified_gmt":"2022-09-15T19:36:09","slug":"concurso-pcdf-administrativo-especialidades","status":"publish","type":"post","link":"https:\/\/www.estrategiaconcursos.com.br\/blog\/concurso-pcdf-administrativo-especialidades\/","title":{"rendered":"Concurso PCDF Administrativo divulga especialidades da carreira"},"content":{"rendered":"\n<p>Nesta quinta-feira (15), foi publicada a Portaria Conjunta SEAP\/PCDF n\u00ba 48 que <strong>estabelece as especialidades dos cargos do concurso PCDF Administrativo<\/strong>. Confira a portaria na \u00edntegra:<\/p>\n\n\n\n<ul class=\"has-very-light-gray-to-cyan-bluish-gray-gradient-background has-background wp-block-list\"><li><a href=\"https:\/\/dhg1h5j42swfq.cloudfront.net\/2022\/09\/15151339\/diariodia-1.pdf\" target=\"_blank\" rel=\"noreferrer noopener nofollow\"><strong>Especialidades carreira de apoio &#8211; concurso PCDF Administrativo<\/strong><\/a><\/li><\/ul>\n\n\n\n<p>De acordo com a Portaria, para ingressar no concurso PCDF Administrativo, \u00e9 necess\u00e1rio obedecer alguns requisitos, tais como:<\/p>\n\n\n\n<p><a href=\"https:\/\/www.estrategiaconcursos.com.br\/curso\/pc-df-analista-de-apoio-agente-administrativo-pacote-passo-estrategico-2022-pre-edital\/\" target=\"_blank\" rel=\"noreferrer noopener\"><strong>Analista de Apoio<\/strong>:<\/a> <\/p>\n\n\n\n<ul class=\"wp-block-list\"><li>curso de ensino m\u00e9dio, expedido por institui\u00e7\u00e3o educacional reconhecida pelo \u00f3rg\u00e3o pr\u00f3prio do sistema de ensino.<\/li><\/ul>\n\n\n\n<p><strong>Gestor de Apoio<\/strong>:<\/p>\n\n\n\n<ol class=\"wp-block-list\"><li><strong><a href=\"https:\/\/www.estrategiaconcursos.com.br\/curso\/pc-df-gestor-de-apoio-analista-de-informatica-banco-de-dados-pacote-2022-pre-edital\/\" target=\"_blank\" rel=\"noreferrer noopener\">Analista de Inform\u00e1tica \u2013 Banco de Dados<\/a><\/strong>: Diploma, devidamente registrado, de conclus\u00e3o de curso de gradua\u00e7\u00e3o em n\u00edvel superior em qualquer \u00e1rea de inform\u00e1tica, fornecido por institui\u00e7\u00e3o de ensino superior credenciada pelo Minist\u00e9rio da Educa\u00e7\u00e3o ou conforme previs\u00e3o da Lei de Diretrizes e Bases da Educa\u00e7\u00e3o (Lei n\u00ba 9.394\/1996). <\/li><li><strong><a href=\"https:\/\/www.estrategiaconcursos.com.br\/curso\/pc-df-gestor-analista-de-informatica-desenvolvimento-de-sistemas-pacote-2022-pre-edital\/\" target=\"_blank\" rel=\"noreferrer noopener\">Analista de Inform\u00e1tica \u2013 Desenvolvimento de Sistemas<\/a><\/strong>: Diploma, devidamente registrado, de conclus\u00e3o de curso de gradua\u00e7\u00e3o em n\u00edvel superior em qualquer \u00e1rea de inform\u00e1tica, fornecido por institui\u00e7\u00e3o de ensino superior credenciada pelo Minist\u00e9rio da Educa\u00e7\u00e3o ou conforme previs\u00e3o da Lei de Diretrizes e Bases da Educa\u00e7\u00e3o (Lei n\u00ba 9.394\/1996). <\/li><li><a href=\"https:\/\/www.estrategiaconcursos.com.br\/curso\/pc-df-gestor-de-apoio-analista-de-informatica-rede-de-computadores-pacote-2022-pre-edital\/\" target=\"_blank\" rel=\"noreferrer noopener\"><strong>Analista de Inform\u00e1tica \u2013 Rede de Computadores<\/strong><\/a>: Diploma, devidamente registrado, de conclus\u00e3o de curso de gradua\u00e7\u00e3o em n\u00edvel superior em qualquer \u00e1rea de inform\u00e1tica, fornecido por institui\u00e7\u00e3o de ensino superior credenciada pelo Minist\u00e9rio da Educa\u00e7\u00e3o ou conforme previs\u00e3o da Lei de Diretrizes e Bases da Educa\u00e7\u00e3o (Lei n\u00ba 9.394\/1996). <\/li><li><strong>Arquivista:<\/strong> diploma, devidamente registrado, de conclus\u00e3o de curso de gradua\u00e7\u00e3o de n\u00edvel superior em Arquivologia, fornecido por institui\u00e7\u00e3o de ensino superior credenciada pelo Minist\u00e9rio da Educa\u00e7\u00e3o ou conforme previs\u00e3o da Lei de Diretrizes e Bases da Educa\u00e7\u00e3o (Lei n\u00ba 9.394\/1996).  <\/li><li><strong><a href=\"https:\/\/www.estrategiaconcursos.com.br\/curso\/pc-df-gestor-de-apoio-assistente-social-pacote-2022-pre-edital\/\" target=\"_blank\" rel=\"noreferrer noopener\">Assistente Social<\/a><\/strong>: Diploma, devidamente registrado de conclus\u00e3o de curso de gradua\u00e7\u00e3o em Servi\u00e7o Social, fornecido por institui\u00e7\u00e3o de ensino superior credenciada pelo Minist\u00e9rio da Educa\u00e7\u00e3o ou conforme previs\u00e3o da Lei de Diretrizes e Bases da Educa\u00e7\u00e3o (Lei n\u00ba 9.394\/1996), bem como a regular inscri\u00e7\u00e3o no Conselho de Classe<\/li><li><strong>Bibliotec\u00e1rio:<\/strong> Diploma, devidamente registrado de conclus\u00e3o de curso de gradua\u00e7\u00e3o em Biblioteconomia, fornecido por institui\u00e7\u00e3o de ensino superior credenciada pelo Minist\u00e9rio da Educa\u00e7\u00e3o ou conforme previs\u00e3o da Lei de Diretrizes e Bases da Educa\u00e7\u00e3o (Lei n\u00ba 9.394\/1996), bem como a regular inscri\u00e7\u00e3o no Conselho de Classe<\/li><li><strong>Contador:<\/strong> Diploma, devidamente registrado de conclus\u00e3o de curso de gradua\u00e7\u00e3o em Ci\u00eancias Cont\u00e1beis, fornecido por institui\u00e7\u00e3o de ensino superior credenciada pelo Minist\u00e9rio da Educa\u00e7\u00e3o ou conforme previs\u00e3o da Lei de Diretrizes e Bases da Educa\u00e7\u00e3o (Lei n\u00ba 9.394\/1996), bem como a regular inscri\u00e7\u00e3o no Conselho de Classe <\/li><li><strong>Enfermeiro:<\/strong> Diploma, devidamente registrado de conclus\u00e3o de curso de gradua\u00e7\u00e3o em Enfermagem, fornecido por institui\u00e7\u00e3o de ensino superior credenciada pelo Minist\u00e9rio da Educa\u00e7\u00e3o ou conforme previs\u00e3o da Lei de Diretrizes e Bases da Educa\u00e7\u00e3o (Lei n\u00ba 9.394\/1996), bem como a regular inscri\u00e7\u00e3o no Conselho de Classe<\/li><li><strong>Farmac\u00eautico:<\/strong> Diploma, devidamente registrado de conclus\u00e3o de curso de gradua\u00e7\u00e3o em Farm\u00e1cia, fornecido por institui\u00e7\u00e3o de ensino superior credenciada pelo Minist\u00e9rio da Educa\u00e7\u00e3o ou conforme previs\u00e3o da Lei de Diretrizes e Bases da Educa\u00e7\u00e3o (Lei n\u00ba 9.394\/1996), bem como a regular inscri\u00e7\u00e3o no Conselho de Classe<\/li><li><strong>Fisioterapeuta:<\/strong> Diploma, devidamente registrado de conclus\u00e3o de curso de gradua\u00e7\u00e3o em Fisioterapia, fornecido por institui\u00e7\u00e3o de ensino superior credenciada pelo Minist\u00e9rio da Educa\u00e7\u00e3o ou conforme previs\u00e3o da Lei de Diretrizes e Bases da Educa\u00e7\u00e3o (Lei n\u00ba 9.394\/1996), bem como a regular inscri\u00e7\u00e3o no Conselho de Classe<\/li><li><strong>Fonoaudi\u00f3logo:<\/strong> Diploma, devidamente registrado de conclus\u00e3o de curso de gradua\u00e7\u00e3o em Fonoaudiologia, fornecido por institui\u00e7\u00e3o de ensino superior credenciada pelo Minist\u00e9rio da Educa\u00e7\u00e3o ou conforme previs\u00e3o da Lei de Diretrizes e Bases da Educa\u00e7\u00e3o (Lei n\u00ba 9.394\/1996), bem como a regular inscri\u00e7\u00e3o no Conselho de Classe<\/li><li><a href=\"https:\/\/www.estrategiaconcursos.com.br\/curso\/pc-df-gestor-de-apoio-nutricao-pacote-completo-2022-pre-edital\/\" target=\"_blank\" rel=\"noreferrer noopener\"><strong>Nutricionista<\/strong><\/a>: Diploma, devidamente registrado de conclus\u00e3o de curso de gradua\u00e7\u00e3o em Nutri\u00e7\u00e3o, fornecido por institui\u00e7\u00e3o de ensino superior credenciada pelo Minist\u00e9rio da Educa\u00e7\u00e3o ou conforme previs\u00e3o da Lei de Diretrizes e Bases da Educa\u00e7\u00e3o (Lei n\u00ba 9.394\/1996), bem como a regular inscri\u00e7\u00e3o no Conselho de Classe<\/li><li><strong>Odont\u00f3logo<\/strong>: Diploma, devidamente registrado de conclus\u00e3o de curso de gradua\u00e7\u00e3o em Odontologia, fornecido por institui\u00e7\u00e3o de ensino superior credenciada pelo Minist\u00e9rio da Educa\u00e7\u00e3o ou conforme previs\u00e3o da Lei de Diretrizes e Bases da Educa\u00e7\u00e3o (Lei n\u00ba 9.394\/1996), bem como a regular inscri\u00e7\u00e3o no Conselho de Classe <\/li><li><a href=\"https:\/\/www.estrategiaconcursos.com.br\/curso\/pc-df-gestor-de-apoio-pedagogia-pacote-completo-2022-pre-edital\/\" target=\"_blank\" rel=\"noreferrer noopener\"><strong>Pedagogo<\/strong><\/a>: Diploma, devidamente registrado de conclus\u00e3o de curso de gradua\u00e7\u00e3o em Pedagogia, fornecido por institui\u00e7\u00e3o de ensino superior credenciada pelo Minist\u00e9rio da Educa\u00e7\u00e3o ou conforme previs\u00e3o da Lei de Diretrizes e Bases da Educa\u00e7\u00e3o (Lei n\u00ba 9.394\/1996), bem como a regular inscri\u00e7\u00e3o no Conselho de Classe<\/li><li><strong>Psic\u00f3logo:<\/strong> Diploma, devidamente registrado de conclus\u00e3o de curso de gradua\u00e7\u00e3o em Psicologia, fornecido por institui\u00e7\u00e3o de ensino superior credenciada pelo Minist\u00e9rio da Educa\u00e7\u00e3o ou conforme previs\u00e3o da Lei de Diretrizes e Bases da Educa\u00e7\u00e3o (Lei n\u00ba 9.394\/1996), bem como a regular inscri\u00e7\u00e3o no Conselho de Classe <\/li><li><strong>Profissional de Educa\u00e7\u00e3o F\u00edsica:<\/strong> Diploma, devidamente registrado de conclus\u00e3o de curso de gradua\u00e7\u00e3o em Educa\u00e7\u00e3o F\u00edsica, fornecido por institui\u00e7\u00e3o de ensino superior credenciada pelo Minist\u00e9rio da Educa\u00e7\u00e3o ou conforme previs\u00e3o da Lei de Diretrizes e Bases da Educa\u00e7\u00e3o (Lei n\u00ba 9.394\/1996), bem como a regular inscri\u00e7\u00e3o no Conselho de Classe<\/li><\/ol>\n\n\n\n<p>Al\u00e9m disso, vale lembrar que a <a href=\"https:\/\/www.estrategiaconcursos.com.br\/cursosPorConcurso\/policia-civil-do-distrito-federal-pc-df\/\" target=\"_blank\" rel=\"noreferrer noopener\">Pol\u00edcia Civil do Distrito Federal<\/a> est\u00e1 elaborando o Projeto B\u00e1sico para realiza\u00e7\u00e3o do certame com 740 vagas.<\/p>\n\n\n\n<p>As oportunidades ser\u00e3o distribu\u00eddas entre n\u00edveis m\u00e9dio e superior, sendo 60 vagas para Gestor de Apoio e 200 para Analista de Apoio \u00e0s Atividades Policiais. J\u00e1 as demais 480 vagas ser\u00e3o em cadastro de reserva.<\/p>\n\n\n\n<p>Para saber mais informa\u00e7\u00f5es sobre o concurso PCDF Administrativo, acesse o artigo completo e exclusivo no blog do Estrat\u00e9gia Concursos!<\/p>\n\n\n\n<h3 class=\"has-text-align-center has-cyan-bluish-gray-background-color has-background wp-block-heading\" id=\"concurso-pcdf-administrativo\">Saiba mais: <a href=\"https:\/\/www.estrategiaconcursos.com.br\/blog\/concurso-pcdf-administrativo\/\" target=\"_blank\" rel=\"noreferrer noopener\">Concurso PCDF Administrativo<\/a><\/h3>\n\n\n\n<h2 class=\"has-text-align-center wp-block-heading\" id=\"h-quer-saber-tudo-sobre-concursos-previstos-confira-nossos-artigos\">Quer saber tudo sobre concursos previstos?<br \/>Confira nossos artigos!<\/h2>\n\n\n\n<ul class=\"wp-block-list\"><li><a href=\"https:\/\/www.estrategiaconcursos.com.br\/blog\/concursos-abertos\/\" target=\"_blank\" rel=\"noreferrer noopener\">Concursos abertos<\/a><\/li><li><a href=\"https:\/\/www.estrategiaconcursos.com.br\/blog\/concursos-2022\/\" target=\"_blank\" rel=\"noreferrer noopener\">Concursos 2022<\/a><\/li><li><a href=\"https:\/\/www.estrategiaconcursos.com.br\/blog\/concursos-2023\/\" target=\"_blank\" rel=\"noreferrer noopener\">Concursos 2023<\/a><\/li><\/ul>\n\n\n\n<h3 class=\"has-text-align-center wp-block-heading\" id=\"h-quer-estudar-para-o-concurso-pcdf-administrativo-acesse-nossos-cursos-abaixo\">Quer estudar para o concurso PCDF Administrativo? <br \/>Acesse nossos cursos abaixo!<\/h3>\n\n\n\n<div class=\"container\" id=\"boxes\">\n  <div class=\"row\">\n\n    <div class=\"col-sm\">\n      <div class=\"banner-estrategia\" id=\"box-assinatura\">\n        <h3 class=\"titulo-assinatura\">Concurso PCDF<\/h3>\n        <p class=\"subtitulo-assinatura\">Estude conosco<\/p>\n        <div class=\"box-botao\">\n          <a class=\"btn-assinatura\" target=\"_blank\" href=\"https:\/\/www.estrategiaconcursos.com.br\/cursosPorConcurso\/policia-civil-do-distrito-federal-pc-df\/\" role=\"button\" rel=\"noopener noreferrer\">Conhe\u00e7a os cursos<\/a>\n        <\/div>\n      <\/div>\n     \n    <\/div>\n\n  <\/div>\n<\/div>\n\n\n\n<div class=\"container\" id=\"boxes\">\n  <div class=\"row\">\n\n    <div class=\"col-sm\">\n      <div class=\"estrategia\" id=\"box-assinatura\">\n        <h3 class=\"titulo-assinatura\">Assinatura de Concursos<\/h3>\n        <p class=\"subtitulo-assinatura\">Assinatura de 1 ano ou 2 anos<\/p>\n        <div class=\"box-botao\">\n          <a class=\"btn-assinatura\" target=\"_blank\" href=\"https:\/\/www.estrategiaconcursos.com.br\/assinaturas\/\" role=\"button\" rel=\"noopener noreferrer\">ASSINE AGORA<\/a>\n        <\/div>\n      <\/div>\n     \n    <\/div><\/div><\/div>\n","protected":false},"excerpt":{"rendered":"<p>Nesta quinta-feira (15), foi publicada a Portaria Conjunta SEAP\/PCDF n\u00ba 48 que estabelece as especialidades dos cargos do concurso PCDF Administrativo. Confira a portaria na \u00edntegra: Especialidades carreira de apoio &#8211; concurso PCDF Administrativo De acordo com a Portaria, para ingressar no concurso PCDF Administrativo, \u00e9 necess\u00e1rio obedecer alguns requisitos, tais como: Analista de Apoio: [&hellip;]<\/p>\n","protected":false},"author":2041,"featured_media":1021487,"comment_status":"open","ping_status":"closed","sticky":false,"template":"","format":"standard","meta":{"post_tipo":"news","footnotes":""},"categories":[214992,220219],"tags":[],"tax_estado":[219970],"class_list":["post-1095349","post","type-post","status-publish","format-standard","has-post-thumbnail","hentry","category-concursos-administrativos","category-noticias","tax_estado-df"],"acf":[],"yoast_head":"<!-- This site is optimized with the Yoast SEO Premium plugin v27.2 (Yoast SEO v27.2) - https:\/\/yoast.com\/product\/yoast-seo-premium-wordpress\/ -->\n<title>Concurso PCDF Administrativo divulga especialidades da carreira<\/title>\n<meta name=\"description\" content=\"Foi publicada a Portaria Conjunta SEAP\/PCDF n\u00ba 48 que estabelece as especialidades dos cargos do concurso PCDF Administrativo. Saiba mais!\" \/>\n<meta name=\"robots\" content=\"index, follow, max-snippet:-1, max-image-preview:large, max-video-preview:-1\" \/>\n<link rel=\"canonical\" href=\"https:\/\/www.estrategiaconcursos.com.br\/blog\/concurso-pcdf-administrativo-especialidades\/\" \/>\n<meta property=\"og:locale\" content=\"pt_BR\" \/>\n<meta property=\"og:type\" content=\"article\" \/>\n<meta property=\"og:title\" content=\"Concurso PCDF Administrativo divulga especialidades da carreira\" \/>\n<meta property=\"og:description\" content=\"Foi publicada a Portaria Conjunta SEAP\/PCDF n\u00ba 48 que estabelece as especialidades dos cargos do concurso PCDF Administrativo. Saiba mais!\" \/>\n<meta property=\"og:url\" content=\"https:\/\/www.estrategiaconcursos.com.br\/blog\/concurso-pcdf-administrativo-especialidades\/\" \/>\n<meta property=\"og:site_name\" content=\"Estrat\u00e9gia Concursos\" \/>\n<meta property=\"article:published_time\" content=\"2022-09-15T18:18:43+00:00\" \/>\n<meta property=\"article:modified_time\" content=\"2022-09-15T19:36:09+00:00\" \/>\n<meta property=\"og:image\" content=\"https:\/\/dhg1h5j42swfq.cloudfront.net\/2022\/05\/04164220\/pcdf-administrativo.jpg\" \/>\n\t<meta property=\"og:image:width\" content=\"768\" \/>\n\t<meta property=\"og:image:height\" content=\"432\" \/>\n\t<meta property=\"og:image:type\" content=\"image\/jpeg\" \/>\n<meta name=\"author\" content=\"Thiago Cavalcante Gomes\" \/>\n<meta name=\"twitter:card\" content=\"summary_large_image\" \/>\n<meta name=\"twitter:creator\" content=\"@EstratConcursos\" \/>\n<meta name=\"twitter:site\" content=\"@EstratConcursos\" \/>\n<meta name=\"twitter:label1\" content=\"Escrito por\" \/>\n\t<meta name=\"twitter:data1\" content=\"Thiago Cavalcante Gomes\" \/>\n\t<meta name=\"twitter:label2\" content=\"Est. tempo de leitura\" \/>\n\t<meta name=\"twitter:data2\" content=\"5 minutos\" \/>\n<script type=\"application\/ld+json\" class=\"yoast-schema-graph\">{\"@context\":\"https:\/\/schema.org\",\"@graph\":[{\"@type\":\"NewsArticle\",\"@id\":\"https:\/\/www.estrategiaconcursos.com.br\/blog\/concurso-pcdf-administrativo-especialidades\/#article\",\"isPartOf\":{\"@id\":\"https:\/\/www.estrategiaconcursos.com.br\/blog\/concurso-pcdf-administrativo-especialidades\/\"},\"author\":{\"name\":\"Thiago Cavalcante Gomes\",\"@id\":\"https:\/\/www.estrategiaconcursos.com.br\/blog\/#\/schema\/person\/4970184533d0a3ffa5b0299ae0a2b21f\"},\"headline\":\"Concurso PCDF Administrativo divulga especialidades da carreira\",\"datePublished\":\"2022-09-15T18:18:43+00:00\",\"dateModified\":\"2022-09-15T19:36:09+00:00\",\"mainEntityOfPage\":{\"@id\":\"https:\/\/www.estrategiaconcursos.com.br\/blog\/concurso-pcdf-administrativo-especialidades\/\"},\"wordCount\":1091,\"commentCount\":0,\"publisher\":{\"@id\":\"https:\/\/www.estrategiaconcursos.com.br\/blog\/#organization\"},\"image\":{\"@id\":\"https:\/\/www.estrategiaconcursos.com.br\/blog\/concurso-pcdf-administrativo-especialidades\/#primaryimage\"},\"thumbnailUrl\":\"https:\/\/dhg1h5j42swfq.cloudfront.net\/2022\/05\/04164220\/pcdf-administrativo.jpg\",\"articleSection\":[\"Executivo (Administrativa)\",\"\u00daltimas not\u00edcias\"],\"inLanguage\":\"pt-BR\",\"potentialAction\":[{\"@type\":\"CommentAction\",\"name\":\"Comment\",\"target\":[\"https:\/\/www.estrategiaconcursos.com.br\/blog\/concurso-pcdf-administrativo-especialidades\/#respond\"]}],\"copyrightYear\":\"2022\",\"copyrightHolder\":{\"@id\":\"https:\/\/www.estrategiaconcursos.com.br\/blog\/#organization\"}},{\"@type\":\"WebPage\",\"@id\":\"https:\/\/www.estrategiaconcursos.com.br\/blog\/concurso-pcdf-administrativo-especialidades\/\",\"url\":\"https:\/\/www.estrategiaconcursos.com.br\/blog\/concurso-pcdf-administrativo-especialidades\/\",\"name\":\"Concurso PCDF Administrativo divulga especialidades da carreira\",\"isPartOf\":{\"@id\":\"https:\/\/www.estrategiaconcursos.com.br\/blog\/#website\"},\"primaryImageOfPage\":{\"@id\":\"https:\/\/www.estrategiaconcursos.com.br\/blog\/concurso-pcdf-administrativo-especialidades\/#primaryimage\"},\"image\":{\"@id\":\"https:\/\/www.estrategiaconcursos.com.br\/blog\/concurso-pcdf-administrativo-especialidades\/#primaryimage\"},\"thumbnailUrl\":\"https:\/\/dhg1h5j42swfq.cloudfront.net\/2022\/05\/04164220\/pcdf-administrativo.jpg\",\"datePublished\":\"2022-09-15T18:18:43+00:00\",\"dateModified\":\"2022-09-15T19:36:09+00:00\",\"description\":\"Foi publicada a Portaria Conjunta SEAP\/PCDF n\u00ba 48 que estabelece as especialidades dos cargos do concurso PCDF Administrativo. Saiba mais!\",\"breadcrumb\":{\"@id\":\"https:\/\/www.estrategiaconcursos.com.br\/blog\/concurso-pcdf-administrativo-especialidades\/#breadcrumb\"},\"inLanguage\":\"pt-BR\",\"potentialAction\":[{\"@type\":\"ReadAction\",\"target\":[\"https:\/\/www.estrategiaconcursos.com.br\/blog\/concurso-pcdf-administrativo-especialidades\/\"]}]},{\"@type\":\"ImageObject\",\"inLanguage\":\"pt-BR\",\"@id\":\"https:\/\/www.estrategiaconcursos.com.br\/blog\/concurso-pcdf-administrativo-especialidades\/#primaryimage\",\"url\":\"https:\/\/dhg1h5j42swfq.cloudfront.net\/2022\/05\/04164220\/pcdf-administrativo.jpg\",\"contentUrl\":\"https:\/\/dhg1h5j42swfq.cloudfront.net\/2022\/05\/04164220\/pcdf-administrativo.jpg\",\"width\":768,\"height\":432,\"caption\":\"concurso pcdf administrativo\"},{\"@type\":\"BreadcrumbList\",\"@id\":\"https:\/\/www.estrategiaconcursos.com.br\/blog\/concurso-pcdf-administrativo-especialidades\/#breadcrumb\",\"itemListElement\":[{\"@type\":\"ListItem\",\"position\":1,\"name\":\"In\u00edcio\",\"item\":\"https:\/\/www.estrategiaconcursos.com.br\/blog\/\"},{\"@type\":\"ListItem\",\"position\":2,\"name\":\"Concurso PCDF Administrativo divulga especialidades da carreira\"}]},{\"@type\":\"WebSite\",\"@id\":\"https:\/\/www.estrategiaconcursos.com.br\/blog\/#website\",\"url\":\"https:\/\/www.estrategiaconcursos.com.br\/blog\/\",\"name\":\"Estrat\u00e9gia Concursos\",\"description\":\"O blog da Estrat\u00e9gia Concursos traz not\u00edcias sobre concursos e artigos de professores oferecendo cursos para concursos (pdf + videaulas) no site.\",\"publisher\":{\"@id\":\"https:\/\/www.estrategiaconcursos.com.br\/blog\/#organization\"},\"potentialAction\":[{\"@type\":\"SearchAction\",\"target\":{\"@type\":\"EntryPoint\",\"urlTemplate\":\"https:\/\/www.estrategiaconcursos.com.br\/blog\/?s={search_term_string}\"},\"query-input\":{\"@type\":\"PropertyValueSpecification\",\"valueRequired\":true,\"valueName\":\"search_term_string\"}}],\"inLanguage\":\"pt-BR\"},{\"@type\":\"Organization\",\"@id\":\"https:\/\/www.estrategiaconcursos.com.br\/blog\/#organization\",\"name\":\"Estrat\u00e9gia Concursos\",\"url\":\"https:\/\/www.estrategiaconcursos.com.br\/blog\/\",\"logo\":{\"@type\":\"ImageObject\",\"inLanguage\":\"pt-BR\",\"@id\":\"https:\/\/www.estrategiaconcursos.com.br\/blog\/#\/schema\/logo\/image\/\",\"url\":\"https:\/\/dhg1h5j42swfq.cloudfront.net\/2025\/06\/03203428\/logo_concursos-1.jpg\",\"contentUrl\":\"https:\/\/dhg1h5j42swfq.cloudfront.net\/2025\/06\/03203428\/logo_concursos-1.jpg\",\"width\":230,\"height\":60,\"caption\":\"Estrat\u00e9gia Concursos\"},\"image\":{\"@id\":\"https:\/\/www.estrategiaconcursos.com.br\/blog\/#\/schema\/logo\/image\/\"},\"sameAs\":[\"https:\/\/x.com\/EstratConcursos\"]},{\"@type\":\"Person\",\"@id\":\"https:\/\/www.estrategiaconcursos.com.br\/blog\/#\/schema\/person\/4970184533d0a3ffa5b0299ae0a2b21f\",\"name\":\"Thiago Cavalcante Gomes\",\"image\":{\"@type\":\"ImageObject\",\"inLanguage\":\"pt-BR\",\"@id\":\"https:\/\/secure.gravatar.com\/avatar\/?s=96&d=mm&r=g\",\"url\":\"https:\/\/secure.gravatar.com\/avatar\/?s=96&d=mm&r=g\",\"contentUrl\":\"https:\/\/secure.gravatar.com\/avatar\/?s=96&d=mm&r=g\",\"caption\":\"Thiago Cavalcante Gomes\"},\"url\":\"https:\/\/www.estrategiaconcursos.com.br\/blog\/author\/thiago-gomes\/\"}]}<\/script>\n<!-- \/ Yoast SEO Premium plugin. -->","yoast_head_json":{"title":"Concurso PCDF Administrativo divulga especialidades da carreira","description":"Foi publicada a Portaria Conjunta SEAP\/PCDF n\u00ba 48 que estabelece as especialidades dos cargos do concurso PCDF Administrativo. Saiba mais!","robots":{"index":"index","follow":"follow","max-snippet":"max-snippet:-1","max-image-preview":"max-image-preview:large","max-video-preview":"max-video-preview:-1"},"canonical":"https:\/\/www.estrategiaconcursos.com.br\/blog\/concurso-pcdf-administrativo-especialidades\/","og_locale":"pt_BR","og_type":"article","og_title":"Concurso PCDF Administrativo divulga especialidades da carreira","og_description":"Foi publicada a Portaria Conjunta SEAP\/PCDF n\u00ba 48 que estabelece as especialidades dos cargos do concurso PCDF Administrativo. Saiba mais!","og_url":"https:\/\/www.estrategiaconcursos.com.br\/blog\/concurso-pcdf-administrativo-especialidades\/","og_site_name":"Estrat\u00e9gia Concursos","article_published_time":"2022-09-15T18:18:43+00:00","article_modified_time":"2022-09-15T19:36:09+00:00","og_image":[{"width":768,"height":432,"url":"https:\/\/dhg1h5j42swfq.cloudfront.net\/2022\/05\/04164220\/pcdf-administrativo.jpg","type":"image\/jpeg"}],"author":"Thiago Cavalcante Gomes","twitter_card":"summary_large_image","twitter_creator":"@EstratConcursos","twitter_site":"@EstratConcursos","twitter_misc":{"Escrito por":"Thiago Cavalcante Gomes","Est. tempo de leitura":"5 minutos"},"schema":{"@context":"https:\/\/schema.org","@graph":[{"@type":"NewsArticle","@id":"https:\/\/www.estrategiaconcursos.com.br\/blog\/concurso-pcdf-administrativo-especialidades\/#article","isPartOf":{"@id":"https:\/\/www.estrategiaconcursos.com.br\/blog\/concurso-pcdf-administrativo-especialidades\/"},"author":{"name":"Thiago Cavalcante Gomes","@id":"https:\/\/www.estrategiaconcursos.com.br\/blog\/#\/schema\/person\/4970184533d0a3ffa5b0299ae0a2b21f"},"headline":"Concurso PCDF Administrativo divulga especialidades da carreira","datePublished":"2022-09-15T18:18:43+00:00","dateModified":"2022-09-15T19:36:09+00:00","mainEntityOfPage":{"@id":"https:\/\/www.estrategiaconcursos.com.br\/blog\/concurso-pcdf-administrativo-especialidades\/"},"wordCount":1091,"commentCount":0,"publisher":{"@id":"https:\/\/www.estrategiaconcursos.com.br\/blog\/#organization"},"image":{"@id":"https:\/\/www.estrategiaconcursos.com.br\/blog\/concurso-pcdf-administrativo-especialidades\/#primaryimage"},"thumbnailUrl":"https:\/\/dhg1h5j42swfq.cloudfront.net\/2022\/05\/04164220\/pcdf-administrativo.jpg","articleSection":["Executivo (Administrativa)","\u00daltimas not\u00edcias"],"inLanguage":"pt-BR","potentialAction":[{"@type":"CommentAction","name":"Comment","target":["https:\/\/www.estrategiaconcursos.com.br\/blog\/concurso-pcdf-administrativo-especialidades\/#respond"]}],"copyrightYear":"2022","copyrightHolder":{"@id":"https:\/\/www.estrategiaconcursos.com.br\/blog\/#organization"}},{"@type":"WebPage","@id":"https:\/\/www.estrategiaconcursos.com.br\/blog\/concurso-pcdf-administrativo-especialidades\/","url":"https:\/\/www.estrategiaconcursos.com.br\/blog\/concurso-pcdf-administrativo-especialidades\/","name":"Concurso PCDF Administrativo divulga especialidades da carreira","isPartOf":{"@id":"https:\/\/www.estrategiaconcursos.com.br\/blog\/#website"},"primaryImageOfPage":{"@id":"https:\/\/www.estrategiaconcursos.com.br\/blog\/concurso-pcdf-administrativo-especialidades\/#primaryimage"},"image":{"@id":"https:\/\/www.estrategiaconcursos.com.br\/blog\/concurso-pcdf-administrativo-especialidades\/#primaryimage"},"thumbnailUrl":"https:\/\/dhg1h5j42swfq.cloudfront.net\/2022\/05\/04164220\/pcdf-administrativo.jpg","datePublished":"2022-09-15T18:18:43+00:00","dateModified":"2022-09-15T19:36:09+00:00","description":"Foi publicada a Portaria Conjunta SEAP\/PCDF n\u00ba 48 que estabelece as especialidades dos cargos do concurso PCDF Administrativo. Saiba mais!","breadcrumb":{"@id":"https:\/\/www.estrategiaconcursos.com.br\/blog\/concurso-pcdf-administrativo-especialidades\/#breadcrumb"},"inLanguage":"pt-BR","potentialAction":[{"@type":"ReadAction","target":["https:\/\/www.estrategiaconcursos.com.br\/blog\/concurso-pcdf-administrativo-especialidades\/"]}]},{"@type":"ImageObject","inLanguage":"pt-BR","@id":"https:\/\/www.estrategiaconcursos.com.br\/blog\/concurso-pcdf-administrativo-especialidades\/#primaryimage","url":"https:\/\/dhg1h5j42swfq.cloudfront.net\/2022\/05\/04164220\/pcdf-administrativo.jpg","contentUrl":"https:\/\/dhg1h5j42swfq.cloudfront.net\/2022\/05\/04164220\/pcdf-administrativo.jpg","width":768,"height":432,"caption":"concurso pcdf administrativo"},{"@type":"BreadcrumbList","@id":"https:\/\/www.estrategiaconcursos.com.br\/blog\/concurso-pcdf-administrativo-especialidades\/#breadcrumb","itemListElement":[{"@type":"ListItem","position":1,"name":"In\u00edcio","item":"https:\/\/www.estrategiaconcursos.com.br\/blog\/"},{"@type":"ListItem","position":2,"name":"Concurso PCDF Administrativo divulga especialidades da carreira"}]},{"@type":"WebSite","@id":"https:\/\/www.estrategiaconcursos.com.br\/blog\/#website","url":"https:\/\/www.estrategiaconcursos.com.br\/blog\/","name":"Estrat\u00e9gia Concursos","description":"O blog da Estrat\u00e9gia Concursos traz not\u00edcias sobre concursos e artigos de professores oferecendo cursos para concursos (pdf + videaulas) no site.","publisher":{"@id":"https:\/\/www.estrategiaconcursos.com.br\/blog\/#organization"},"potentialAction":[{"@type":"SearchAction","target":{"@type":"EntryPoint","urlTemplate":"https:\/\/www.estrategiaconcursos.com.br\/blog\/?s={search_term_string}"},"query-input":{"@type":"PropertyValueSpecification","valueRequired":true,"valueName":"search_term_string"}}],"inLanguage":"pt-BR"},{"@type":"Organization","@id":"https:\/\/www.estrategiaconcursos.com.br\/blog\/#organization","name":"Estrat\u00e9gia Concursos","url":"https:\/\/www.estrategiaconcursos.com.br\/blog\/","logo":{"@type":"ImageObject","inLanguage":"pt-BR","@id":"https:\/\/www.estrategiaconcursos.com.br\/blog\/#\/schema\/logo\/image\/","url":"https:\/\/dhg1h5j42swfq.cloudfront.net\/2025\/06\/03203428\/logo_concursos-1.jpg","contentUrl":"https:\/\/dhg1h5j42swfq.cloudfront.net\/2025\/06\/03203428\/logo_concursos-1.jpg","width":230,"height":60,"caption":"Estrat\u00e9gia Concursos"},"image":{"@id":"https:\/\/www.estrategiaconcursos.com.br\/blog\/#\/schema\/logo\/image\/"},"sameAs":["https:\/\/x.com\/EstratConcursos"]},{"@type":"Person","@id":"https:\/\/www.estrategiaconcursos.com.br\/blog\/#\/schema\/person\/4970184533d0a3ffa5b0299ae0a2b21f","name":"Thiago Cavalcante Gomes","image":{"@type":"ImageObject","inLanguage":"pt-BR","@id":"https:\/\/secure.gravatar.com\/avatar\/?s=96&d=mm&r=g","url":"https:\/\/secure.gravatar.com\/avatar\/?s=96&d=mm&r=g","contentUrl":"https:\/\/secure.gravatar.com\/avatar\/?s=96&d=mm&r=g","caption":"Thiago Cavalcante Gomes"},"url":"https:\/\/www.estrategiaconcursos.com.br\/blog\/author\/thiago-gomes\/"}]}},"_links":{"self":[{"href":"https:\/\/www.estrategiaconcursos.com.br\/blog\/wp-json\/wp\/v2\/posts\/1095349","targetHints":{"allow":["GET"]}}],"collection":[{"href":"https:\/\/www.estrategiaconcursos.com.br\/blog\/wp-json\/wp\/v2\/posts"}],"about":[{"href":"https:\/\/www.estrategiaconcursos.com.br\/blog\/wp-json\/wp\/v2\/types\/post"}],"author":[{"embeddable":true,"href":"https:\/\/www.estrategiaconcursos.com.br\/blog\/wp-json\/wp\/v2\/users\/2041"}],"replies":[{"embeddable":true,"href":"https:\/\/www.estrategiaconcursos.com.br\/blog\/wp-json\/wp\/v2\/comments?post=1095349"}],"version-history":[{"count":3,"href":"https:\/\/www.estrategiaconcursos.com.br\/blog\/wp-json\/wp\/v2\/posts\/1095349\/revisions"}],"predecessor-version":[{"id":1095556,"href":"https:\/\/www.estrategiaconcursos.com.br\/blog\/wp-json\/wp\/v2\/posts\/1095349\/revisions\/1095556"}],"wp:featuredmedia":[{"embeddable":true,"href":"https:\/\/www.estrategiaconcursos.com.br\/blog\/wp-json\/wp\/v2\/media\/1021487"}],"wp:attachment":[{"href":"https:\/\/www.estrategiaconcursos.com.br\/blog\/wp-json\/wp\/v2\/media?parent=1095349"}],"wp:term":[{"taxonomy":"category","embeddable":true,"href":"https:\/\/www.estrategiaconcursos.com.br\/blog\/wp-json\/wp\/v2\/categories?post=1095349"},{"taxonomy":"post_tag","embeddable":true,"href":"https:\/\/www.estrategiaconcursos.com.br\/blog\/wp-json\/wp\/v2\/tags?post=1095349"},{"taxonomy":"tax_estado","embeddable":true,"href":"https:\/\/www.estrategiaconcursos.com.br\/blog\/wp-json\/wp\/v2\/tax_estado?post=1095349"}],"curies":[{"name":"wp","href":"https:\/\/api.w.org\/{rel}","templated":true}]}}